{"id":170362,"date":"2026-09-03T14:27:11","date_gmt":"2026-09-03T17:27:11","guid":{"rendered":"https:\/\/ubirataonline.com.br\/onu-alerta-para-el-nino-supersized-que-pode-durar-ate-pelo-menos-fevereiro-de-2027\/"},"modified":"2026-09-03T14:27:11","modified_gmt":"2026-09-03T17:27:11","slug":"onu-alerta-para-el-nino-supersized-que-pode-durar-ate-pelo-menos-fevereiro-de-2027","status":"publish","type":"post","link":"https:\/\/ubirataonline.com.br\/en\/onu-alerta-para-el-nino-supersized-que-pode-durar-ate-pelo-menos-fevereiro-de-2027\/","title":{"rendered":"ONU alerta para El Ni\u00f1o &#8216;supersized&#8217; que pode durar at\u00e9 pelo menos fevereiro de 2027"},"content":{"rendered":"<h2>WMO diz que evento pode ser o mais forte em mais de 70 anos; Temperatures do Pacific est\u00e3o muito acima da m\u00e9dia e pa\u00edses intensificam preparativos<\/h2>\n<p>A comunidade internacional foi alertada para um El Ni\u00f1o excepcionalmente forte, que pode perdurar at\u00e9 pelo menos fevereiro de 2027, segundo dados divulgados pela Organiza\u00e7\u00e3o Meteorological Mundial (WMO) e cobertos pela BBC. O secret\u00e1rio-geral das Na\u00e7\u00f5es Unidas, Ant\u00f3nio Guterres, afirmou que o fen\u00f4meno est\u00e1 a tornar-se &quot;supersized&quot; e que o planeta navega em &quot;\u00e1guas desconhecidas&quot; aquecidas.<\/p>\n<h3>Dados oce\u00e2nicos e intensidade prevista<\/h3>\n<p>Segundo a cobertura da BBC baseada nos dados da WMO, as Temperatures da superf\u00edcie do mar na regi\u00e3o central e oriental do Pacific tropical t\u00eam ficado bem mais de 2\u00b0C acima da m\u00e9dia nas \u00faltimas semanas \u2014 n\u00edvel que j\u00e1 coloca o evento na categoria de &quot;muito forte&quot;. Previs\u00f5es citadas pela reportagem indicam que as anomalias mensais da superf\u00edcie podem chegar perto de 4\u00b0C acima da m\u00e9dia em pontos, o que tornaria este El Ni\u00f1o possivelmente o mais intenso desde pelo menos 1950.<\/p>\n<p>As anomalias de temperatura abaixo da superf\u00edcie no Pacific tamb\u00e9m s\u00e3o excepcionais, em alguns locais mais de 8\u00b0C acima do normal, conforme os mesmos dados citados pela BBC.<\/p>\n<h3>Riscos regionais e exemplos citados<\/h3>\n<p>O fen\u00f4meno altera padr\u00f5es de chuva globalmente: a reportagem menciona previs\u00e3o de secas em grande parte do Sudeste Asi\u00e1tico, Am\u00e9rica Central e partes do Norte da Am\u00e9rica do Sul, e condi\u00e7\u00f5es mais \u00famidas em por\u00e7\u00f5es da \u00c1frica Oriental, do sul do Brasil e do sul dos Estados Unidos.<\/p>\n<p>Exemplos levantados pela BBC incluem:<\/p>\n<ul>\n<li>Indon\u00e9sia: mais de 107.000 hectares queimados nesta esta\u00e7\u00e3o seca; autoridades t\u00eam usado aeronaves para semear nuvens na tentativa de provocar chuva.<\/li>\n<li>China: o pa\u00eds enfrentou v\u00e1rios tuf\u00f5es \u2014 em julho, Bavi, Noul e Maysak \u2014 e evacuou mais de um milh\u00e3o de pessoas em agosto por causa do tuf\u00e3o Dolphin; especialistas chineses associam aumento de tuf\u00f5es \u00e0 influ\u00eancia de um El Ni\u00f1o forte.<\/li>\n<li>Peru e Equador: trechos da costa do Pacific, historicamente vulner\u00e1veis ao El Ni\u00f1o, podem sofrer inunda\u00e7\u00f5es e deslizamentos em \u00e1reas urbanas com drenagem limitada.<\/li>\n<li>Canal do Panam\u00e1: a reportagem informou que o tr\u00e1fego pelo canal deve ser reduzido em mais de 10% em antecipa\u00e7\u00e3o \u00e0 menor chuva, medida que afeta com\u00e9rcio e receita do pa\u00eds.<\/li>\n<\/ul>\n<h3>Prepara\u00e7\u00e3o, mobiliza\u00e7\u00e3o e incertezas<\/h3>\n<p>Governos e organiza\u00e7\u00f5es reportaram fortalecimento de sistemas de alerta precoce e mobiliza\u00e7\u00e3o de assist\u00eancia m\u00e9dica pr\u00e9via a eventos extremos. A BBC citou tamb\u00e9m iniciativas australianas de alerta para crises marinhas e medidas de monitoramento aumentadas para recifes e pesca.<\/p>\n<p>O pesquisador Alistair Hobday, citado pela reportagem como chefe de pesquisa de uma ag\u00eancia cient\u00edfica Australian, alertou para consequ\u00eancias em ecossistemas marinhos e para impactos regionais j\u00e1 observados em eventos anteriores. Miguel Ar\u00e9stegui, l\u00edder de resili\u00eancia clim\u00e1tica na organiza\u00e7\u00e3o Practical Action, ressaltou que a preocupa\u00e7\u00e3o precisa se traduzir em prepara\u00e7\u00e3o pr\u00e1tica, lembrando que fatores estruturais \u2014 como habita\u00e7\u00e3o em \u00e1reas expostas e sistemas de saneamento fr\u00e1geis \u2014 agravam os efeitos quando o El Ni\u00f1o chega.<\/p>\n<p>A reportagem tamb\u00e9m registrou que, no fim do m\u00eas anterior, os Estados Unidos anunciaram o envio do navio-hospital USNS Comfort \u00e0 costa do Peru para oferecer assist\u00eancia m\u00e9dica e equipamento t\u00e9cnico quando o El Ni\u00f1o atingir seu pico.<\/p>\n<h3>O que permanece incerto<\/h3>\n<p>Em suas declara\u00e7\u00f5es citadas pela BBC, Celeste Saulo, secret\u00e1ria-geral da WMO, afirmou que o El Ni\u00f1o &quot;tem o potencial de provocar um golpe massivo a comunidades e economias&quot;.<\/p>","protected":false},"excerpt":{"rendered":"<p>WMO diz que evento pode ser o mais forte em mais de 70 anos; Temperatures do Pacific est\u00e3o muito acima da m\u00e9dia e pa\u00edses intensificam preparativos A comunidade internacional foi alertada para um El Ni\u00f1o excepcionalmente forte, que pode perdurar at\u00e9 pelo menos fevereiro de 2027, segundo dados divulgados pela Organiza\u00e7\u00e3o Meteorological Mundial (WMO) e [&hellip;]<\/p>\n","protected":false},"author":1,"featured_media":0,"comment_status":"","ping_status":"","sticky":false,"template":"","format":"standard","meta":{"googlesitekit_rrm_CAow2JLhCw:productID":"","_gspb_post_css":"","maa_idioma":"","maa_pais":"","footnotes":""},"categories":[40158],"tags":[],"class_list":["post-170362","post","type-post","status-publish","format-standard","hentry","category-world"],"blocksy_meta":[],"yoast_head":"<!-- This site is optimized with the Yoast SEO Premium plugin v27.6 (Yoast SEO v27.6) - https:\/\/yoast.com\/product\/yoast-seo-premium-wordpress\/ -->\n<title>ONU alerta para El Ni\u00f1o &#039;supersized&#039; que pode durar at\u00e9 pelo menos fevereiro de 2027 - Ubirat\u00e3 Online Not\u00edcias - A realidade ao seu alcance!<\/title>\n<meta name=\"description\" content=\"WMO diz que evento pode ser o mais forte em mais de 70 anos; Temperatures do Pacific est\u00e3o muito acima da m\u00e9dia e pa\u00edses intensificam preparativos A\" \/>\n<meta name=\"robots\" content=\"index, follow, max-snippet:-1, max-image-preview:large, max-video-preview:-1\" \/>\n<link rel=\"canonical\" href=\"https:\/\/ubirataonline.com.br\/en\/onu-alerta-para-el-nino-supersized-que-pode-durar-ate-pelo-menos-fevereiro-de-2027\/\" \/>\n<meta property=\"og:locale\" content=\"en_US\" \/>\n<meta property=\"og:type\" content=\"article\" \/>\n<meta property=\"og:title\" content=\"ONU alerta para El Ni\u00f1o &#039;supersized&#039; que pode durar at\u00e9 pelo menos fevereiro de 2027\" \/>\n<meta property=\"og:description\" content=\"WMO diz que evento pode ser o mais forte em mais de 70 anos; Temperatures do Pacific est\u00e3o muito acima da m\u00e9dia e pa\u00edses intensificam preparativos A\" \/>\n<meta property=\"og:url\" content=\"https:\/\/ubirataonline.com.br\/en\/onu-alerta-para-el-nino-supersized-que-pode-durar-ate-pelo-menos-fevereiro-de-2027\/\" \/>\n<meta property=\"og:site_name\" content=\"Ubirat\u00e3 Online Not\u00edcias - A realidade ao seu alcance!\" \/>\n<meta property=\"article:publisher\" content=\"https:\/\/www.facebook.com\/portalubirataonline\" \/>\n<meta property=\"article:author\" content=\"https:\/\/www.facebook.com\/portalubirataonline\" \/>\n<meta property=\"article:published_time\" content=\"2026-09-03T17:27:11+00:00\" \/>\n<meta property=\"og:image\" content=\"https:\/\/ubirataonline.com.br\/wp-content\/uploads\/2026\/05\/logo2026.webp\" \/>\n\t<meta property=\"og:image:width\" content=\"1531\" \/>\n\t<meta property=\"og:image:height\" content=\"418\" \/>\n\t<meta property=\"og:image:type\" content=\"image\/webp\" \/>\n<meta name=\"author\" content=\"REDA\u00c7\u00c3O: UBIRAT\u00c3 ONLINE - F\u00c1BIO AUGUSTO CELESTINO\" \/>\n<meta name=\"twitter:card\" content=\"summary_large_image\" \/>\n<meta name=\"twitter:creator\" content=\"@x.com\/ubirataonline\" \/>\n<meta name=\"twitter:site\" content=\"@ubirataonline\" \/>\n<meta name=\"twitter:label1\" content=\"Written by\" \/>\n\t<meta name=\"twitter:data1\" content=\"REDA\u00c7\u00c3O: UBIRAT\u00c3 ONLINE - F\u00c1BIO AUGUSTO CELESTINO\" \/>\n\t<meta name=\"twitter:label2\" content=\"Est. reading time\" \/>\n\t<meta name=\"twitter:data2\" content=\"3 minutes\" \/>\n<script type=\"application\/ld+json\" class=\"yoast-schema-graph\">{\"@context\":\"https:\\\/\\\/schema.org\",\"@graph\":[{\"@type\":\"NewsArticle\",\"@id\":\"https:\\\/\\\/ubirataonline.com.br\\\/onu-alerta-para-el-nino-supersized-que-pode-durar-ate-pelo-menos-fevereiro-de-2027\\\/#article\",\"isPartOf\":{\"@id\":\"https:\\\/\\\/ubirataonline.com.br\\\/onu-alerta-para-el-nino-supersized-que-pode-durar-ate-pelo-menos-fevereiro-de-2027\\\/\"},\"author\":{\"name\":\"REDA\u00c7\u00c3O: UBIRAT\u00c3 ONLINE - F\u00c1BIO AUGUSTO CELESTINO\",\"@id\":\"https:\\\/\\\/ubirataonline.com.br\\\/#\\\/schema\\\/person\\\/372f87bbd3fdd79b8556b84c98d0bc1c\"},\"headline\":\"ONU alerta para El Ni\u00f1o &#8216;supersized&#8217; que pode durar at\u00e9 pelo menos fevereiro de 2027\",\"datePublished\":\"2026-09-03T17:27:11+00:00\",\"mainEntityOfPage\":{\"@id\":\"https:\\\/\\\/ubirataonline.com.br\\\/onu-alerta-para-el-nino-supersized-que-pode-durar-ate-pelo-menos-fevereiro-de-2027\\\/\"},\"wordCount\":651,\"publisher\":{\"@id\":\"https:\\\/\\\/ubirataonline.com.br\\\/#organization\"},\"articleSection\":[\"World\"],\"inLanguage\":\"en-US\",\"copyrightYear\":\"2026\",\"copyrightHolder\":{\"@id\":\"https:\\\/\\\/ubirataonline.com.br\\\/en\\\/#organization\"}},{\"@type\":\"WebPage\",\"@id\":\"https:\\\/\\\/ubirataonline.com.br\\\/onu-alerta-para-el-nino-supersized-que-pode-durar-ate-pelo-menos-fevereiro-de-2027\\\/\",\"url\":\"https:\\\/\\\/ubirataonline.com.br\\\/onu-alerta-para-el-nino-supersized-que-pode-durar-ate-pelo-menos-fevereiro-de-2027\\\/\",\"name\":\"ONU alerta para El Ni\u00f1o 'supersized' que pode durar at\u00e9 pelo menos fevereiro de 2027 - Ubirat\u00e3 Online Not\u00edcias - A realidade ao seu alcance!\",\"isPartOf\":{\"@id\":\"https:\\\/\\\/ubirataonline.com.br\\\/#website\"},\"datePublished\":\"2026-09-03T17:27:11+00:00\",\"description\":\"WMO diz que evento pode ser o mais forte em mais de 70 anos; Temperatures do Pacific est\u00e3o muito acima da m\u00e9dia e pa\u00edses intensificam preparativos A\",\"breadcrumb\":{\"@id\":\"https:\\\/\\\/ubirataonline.com.br\\\/onu-alerta-para-el-nino-supersized-que-pode-durar-ate-pelo-menos-fevereiro-de-2027\\\/#breadcrumb\"},\"inLanguage\":\"en-US\",\"potentialAction\":[{\"@type\":\"ReadAction\",\"target\":[\"https:\\\/\\\/ubirataonline.com.br\\\/onu-alerta-para-el-nino-supersized-que-pode-durar-ate-pelo-menos-fevereiro-de-2027\\\/\"]}]},{\"@type\":\"BreadcrumbList\",\"@id\":\"https:\\\/\\\/ubirataonline.com.br\\\/onu-alerta-para-el-nino-supersized-que-pode-durar-ate-pelo-menos-fevereiro-de-2027\\\/#breadcrumb\",\"itemListElement\":[{\"@type\":\"ListItem\",\"position\":1,\"name\":\"In\u00edcio\",\"item\":\"https:\\\/\\\/ubirataonline.com.br\\\/\"},{\"@type\":\"ListItem\",\"position\":2,\"name\":\"ONU alerta para El Ni\u00f1o &#8216;supersized&#8217; que pode durar at\u00e9 pelo menos fevereiro de 2027\"}]},{\"@type\":\"WebSite\",\"@id\":\"https:\\\/\\\/ubirataonline.com.br\\\/#website\",\"url\":\"https:\\\/\\\/ubirataonline.com.br\\\/\",\"name\":\"Ubirat\u00e3 Online Not\u00edcias\",\"description\":\"Not\u00edcias de Ubirat\u00e3, regi\u00e3o, Brasil e mundo, com informa\u00e7\u00e3o atualizada e compromisso com o leitor.\",\"publisher\":{\"@id\":\"https:\\\/\\\/ubirataonline.com.br\\\/#organization\"},\"alternateName\":\"Ubirat\u00e3 Online\",\"potentialAction\":[{\"@type\":\"SearchAction\",\"target\":{\"@type\":\"EntryPoint\",\"urlTemplate\":\"https:\\\/\\\/ubirataonline.com.br\\\/?s={search_term_string}\"},\"query-input\":{\"@type\":\"PropertyValueSpecification\",\"valueRequired\":true,\"valueName\":\"search_term_string\"}}],\"inLanguage\":\"en-US\"},{\"@type\":[\"Organization\",\"Place\"],\"@id\":\"https:\\\/\\\/ubirataonline.com.br\\\/#organization\",\"name\":\"Ubirat\u00e3 Online Not\u00edcias\",\"alternateName\":\"Ubirat\u00e3 Online\",\"url\":\"https:\\\/\\\/ubirataonline.com.br\\\/\",\"logo\":{\"@id\":\"https:\\\/\\\/ubirataonline.com.br\\\/onu-alerta-para-el-nino-supersized-que-pode-durar-ate-pelo-menos-fevereiro-de-2027\\\/#local-main-organization-logo\"},\"image\":{\"@id\":\"https:\\\/\\\/ubirataonline.com.br\\\/onu-alerta-para-el-nino-supersized-que-pode-durar-ate-pelo-menos-fevereiro-de-2027\\\/#local-main-organization-logo\"},\"sameAs\":[\"https:\\\/\\\/www.facebook.com\\\/portalubirataonline\",\"https:\\\/\\\/x.com\\\/ubirataonline\",\"https:\\\/\\\/mastodon.social\\\/@ubirataonline\",\"https:\\\/\\\/www.facebook.com\\\/groups\\\/311144672285604\",\"https:\\\/\\\/www.facebook.com\\\/UBTAOnline\",\"https:\\\/\\\/www.instagram.com\\\/portalubirataonline\\\/\",\"https:\\\/\\\/twitter.com\\\/ubirataonline\"],\"description\":\"Somos um portal de not\u00edcias independente, criado em 5 de janeiro de 2009, com o objetivo de informar, conectar e valorizar a nossa comunidade de Ubirat\u00e3 e toda aregi\u00e3o. Com conte\u00fado atualizado, confi\u00e1vel e relevante, o Ubirat\u00e3 Online \u00e9 o seu espa\u00e7o para ficar por dentro dos principais acontecimentos locais, regionais, Brasil, Mundo e de interesse geral. Nosso compromisso \u00e9 com a verdade, a transpar\u00eancia e o respeito ao leitor.\",\"legalName\":\"UBIRATA ONLINE NOT\u00cdCIAS\",\"foundingDate\":\"2009-01-05\",\"numberOfEmployees\":{\"@type\":\"QuantitativeValue\",\"minValue\":\"1\",\"maxValue\":\"10\"},\"publishingPrinciples\":\"https:\\\/\\\/ubirataonline.com.br\\\/faq\\\/\",\"address\":{\"@id\":\"https:\\\/\\\/ubirataonline.com.br\\\/onu-alerta-para-el-nino-supersized-que-pode-durar-ate-pelo-menos-fevereiro-de-2027\\\/#local-main-place-address\"},\"geo\":{\"@type\":\"GeoCoordinates\",\"latitude\":\"-24.5361401\",\"longitude\":\"-52.9921776\"},\"telephone\":[\"+5544998308235\"],\"contactPoint\":{\"@type\":\"ContactPoint\",\"email\":\"contato@ubirataonline.com.br\"},\"openingHoursSpecification\":{\"@type\":\"OpeningHoursSpecification\",\"dayOfWeek\":[\"Monday\",\"Tuesday\",\"Wednesday\",\"Thursday\",\"Friday\",\"Saturday\",\"Sunday\"],\"opens\":\"00:00\",\"closes\":\"23:59\"},\"email\":\"contato@ubirataonline.com.br\",\"vatID\":\"47.621.418\\\/0001-80\"},{\"@type\":\"Person\",\"@id\":\"https:\\\/\\\/ubirataonline.com.br\\\/#\\\/schema\\\/person\\\/372f87bbd3fdd79b8556b84c98d0bc1c\",\"name\":\"REDA\u00c7\u00c3O: UBIRAT\u00c3 ONLINE - F\u00c1BIO AUGUSTO CELESTINO\",\"pronouns\":\"Ele\",\"description\":\"Desde 2003 trabalhando com not\u00edcias.\",\"sameAs\":[\"http:\\\/\\\/ubirataoline.com.br\",\"https:\\\/\\\/www.facebook.com\\\/portalubirataonline\",\"https:\\\/\\\/www.instagram.com\\\/ubirataonline_oficial\",\"https:\\\/\\\/x.com\\\/x.com\\\/ubirataonline\"],\"honorificPrefix\":\"Mr.\",\"honorificSuffix\":\"MD\",\"birthDate\":\"1980-06-16\",\"gender\":\"masculino\",\"award\":[\"V\u00e1rios pr\u00eamios de melhor portal da cidade\"],\"jobTitle\":\"Diretor\",\"url\":\"https:\\\/\\\/ubirataonline.com.br\\\/en\\\/author\\\/ubirataonline\\\/\"},{\"@type\":\"PostalAddress\",\"@id\":\"https:\\\/\\\/ubirataonline.com.br\\\/onu-alerta-para-el-nino-supersized-que-pode-durar-ate-pelo-menos-fevereiro-de-2027\\\/#local-main-place-address\",\"streetAddress\":\"Rua dos Coqueiros, 104 - Bairro Boa Vista, Rua dos Coqueiros, 104 Bairro Boa Vista\",\"addressLocality\":\"UBIRATA\",\"postalCode\":\"85440-000\",\"addressRegion\":\"PR\",\"addressCountry\":\"BR\"},{\"@type\":\"ImageObject\",\"inLanguage\":\"en-US\",\"@id\":\"https:\\\/\\\/ubirataonline.com.br\\\/onu-alerta-para-el-nino-supersized-que-pode-durar-ate-pelo-menos-fevereiro-de-2027\\\/#local-main-organization-logo\",\"url\":\"https:\\\/\\\/ubirataonline.com.br\\\/wp-content\\\/uploads\\\/2026\\\/06\\\/logoubirataonline-1.webp\",\"contentUrl\":\"https:\\\/\\\/ubirataonline.com.br\\\/wp-content\\\/uploads\\\/2026\\\/06\\\/logoubirataonline-1.webp\",\"width\":500,\"height\":500,\"caption\":\"Ubirat\u00e3 Online Not\u00edcias\"}]}<\/script>\n<meta name=\"geo.placename\" content=\"UBIRATA\" \/>\n<meta name=\"geo.position\" content=\"-24.5361401;-52.9921776\" \/>\n<meta name=\"geo.region\" content=\"Brazil\" \/>\n<!-- \/ Yoast SEO Premium plugin. -->","yoast_head_json":{"title":"ONU alerta para El Ni\u00f1o 'supersized' que pode durar at\u00e9 pelo menos fevereiro de 2027 - Ubirat\u00e3 Online Not\u00edcias - A realidade ao seu alcance!","description":"WMO diz que evento pode ser o mais forte em mais de 70 anos; Temperatures do Pacific est\u00e3o muito acima da m\u00e9dia e pa\u00edses intensificam preparativos A","robots":{"index":"index","follow":"follow","max-snippet":"max-snippet:-1","max-image-preview":"max-image-preview:large","max-video-preview":"max-video-preview:-1"},"canonical":"https:\/\/ubirataonline.com.br\/en\/onu-alerta-para-el-nino-supersized-que-pode-durar-ate-pelo-menos-fevereiro-de-2027\/","og_locale":"en_US","og_type":"article","og_title":"ONU alerta para El Ni\u00f1o 'supersized' que pode durar at\u00e9 pelo menos fevereiro de 2027","og_description":"WMO diz que evento pode ser o mais forte em mais de 70 anos; Temperatures do Pacific est\u00e3o muito acima da m\u00e9dia e pa\u00edses intensificam preparativos A","og_url":"https:\/\/ubirataonline.com.br\/en\/onu-alerta-para-el-nino-supersized-que-pode-durar-ate-pelo-menos-fevereiro-de-2027\/","og_site_name":"Ubirat\u00e3 Online Not\u00edcias - A realidade ao seu alcance!","article_publisher":"https:\/\/www.facebook.com\/portalubirataonline","article_author":"https:\/\/www.facebook.com\/portalubirataonline","article_published_time":"2026-09-03T17:27:11+00:00","og_image":[{"width":1531,"height":418,"url":"https:\/\/ubirataonline.com.br\/wp-content\/uploads\/2026\/05\/logo2026.webp","type":"image\/webp"}],"author":"REDA\u00c7\u00c3O: UBIRAT\u00c3 ONLINE - F\u00c1BIO AUGUSTO CELESTINO","twitter_card":"summary_large_image","twitter_creator":"@x.com\/ubirataonline","twitter_site":"@ubirataonline","twitter_misc":{"Written by":"REDA\u00c7\u00c3O: UBIRAT\u00c3 ONLINE - F\u00c1BIO AUGUSTO CELESTINO","Est. reading time":"3 minutes"},"schema":{"@context":"https:\/\/schema.org","@graph":[{"@type":"NewsArticle","@id":"https:\/\/ubirataonline.com.br\/onu-alerta-para-el-nino-supersized-que-pode-durar-ate-pelo-menos-fevereiro-de-2027\/#article","isPartOf":{"@id":"https:\/\/ubirataonline.com.br\/onu-alerta-para-el-nino-supersized-que-pode-durar-ate-pelo-menos-fevereiro-de-2027\/"},"author":{"name":"REDA\u00c7\u00c3O: UBIRAT\u00c3 ONLINE - F\u00c1BIO AUGUSTO CELESTINO","@id":"https:\/\/ubirataonline.com.br\/#\/schema\/person\/372f87bbd3fdd79b8556b84c98d0bc1c"},"headline":"ONU alerta para El Ni\u00f1o &#8216;supersized&#8217; que pode durar at\u00e9 pelo menos fevereiro de 2027","datePublished":"2026-09-03T17:27:11+00:00","mainEntityOfPage":{"@id":"https:\/\/ubirataonline.com.br\/onu-alerta-para-el-nino-supersized-que-pode-durar-ate-pelo-menos-fevereiro-de-2027\/"},"wordCount":651,"publisher":{"@id":"https:\/\/ubirataonline.com.br\/#organization"},"articleSection":["World"],"inLanguage":"en-US","copyrightYear":"2026","copyrightHolder":{"@id":"https:\/\/ubirataonline.com.br\/en\/#organization"}},{"@type":"WebPage","@id":"https:\/\/ubirataonline.com.br\/onu-alerta-para-el-nino-supersized-que-pode-durar-ate-pelo-menos-fevereiro-de-2027\/","url":"https:\/\/ubirataonline.com.br\/onu-alerta-para-el-nino-supersized-que-pode-durar-ate-pelo-menos-fevereiro-de-2027\/","name":"ONU alerta para El Ni\u00f1o 'supersized' que pode durar at\u00e9 pelo menos fevereiro de 2027 - Ubirat\u00e3 Online Not\u00edcias - A realidade ao seu alcance!","isPartOf":{"@id":"https:\/\/ubirataonline.com.br\/#website"},"datePublished":"2026-09-03T17:27:11+00:00","description":"WMO diz que evento pode ser o mais forte em mais de 70 anos; Temperatures do Pacific est\u00e3o muito acima da m\u00e9dia e pa\u00edses intensificam preparativos A","breadcrumb":{"@id":"https:\/\/ubirataonline.com.br\/onu-alerta-para-el-nino-supersized-que-pode-durar-ate-pelo-menos-fevereiro-de-2027\/#breadcrumb"},"inLanguage":"en-US","potentialAction":[{"@type":"ReadAction","target":["https:\/\/ubirataonline.com.br\/onu-alerta-para-el-nino-supersized-que-pode-durar-ate-pelo-menos-fevereiro-de-2027\/"]}]},{"@type":"BreadcrumbList","@id":"https:\/\/ubirataonline.com.br\/onu-alerta-para-el-nino-supersized-que-pode-durar-ate-pelo-menos-fevereiro-de-2027\/#breadcrumb","itemListElement":[{"@type":"ListItem","position":1,"name":"In\u00edcio","item":"https:\/\/ubirataonline.com.br\/"},{"@type":"ListItem","position":2,"name":"ONU alerta para El Ni\u00f1o &#8216;supersized&#8217; que pode durar at\u00e9 pelo menos fevereiro de 2027"}]},{"@type":"WebSite","@id":"https:\/\/ubirataonline.com.br\/#website","url":"https:\/\/ubirataonline.com.br\/","name":"Ubirat\u00e3 Online Not\u00edcias","description":"Not\u00edcias de Ubirat\u00e3, regi\u00e3o, Brasil e mundo, com informa\u00e7\u00e3o atualizada e compromisso com o leitor.","publisher":{"@id":"https:\/\/ubirataonline.com.br\/#organization"},"alternateName":"Ubirat\u00e3 Online","potentialAction":[{"@type":"SearchAction","target":{"@type":"EntryPoint","urlTemplate":"https:\/\/ubirataonline.com.br\/?s={search_term_string}"},"query-input":{"@type":"PropertyValueSpecification","valueRequired":true,"valueName":"search_term_string"}}],"inLanguage":"en-US"},{"@type":["Organization","Place"],"@id":"https:\/\/ubirataonline.com.br\/#organization","name":"Ubirat\u00e3 Online Not\u00edcias","alternateName":"Ubirat\u00e3 Online","url":"https:\/\/ubirataonline.com.br\/","logo":{"@id":"https:\/\/ubirataonline.com.br\/onu-alerta-para-el-nino-supersized-que-pode-durar-ate-pelo-menos-fevereiro-de-2027\/#local-main-organization-logo"},"image":{"@id":"https:\/\/ubirataonline.com.br\/onu-alerta-para-el-nino-supersized-que-pode-durar-ate-pelo-menos-fevereiro-de-2027\/#local-main-organization-logo"},"sameAs":["https:\/\/www.facebook.com\/portalubirataonline","https:\/\/x.com\/ubirataonline","https:\/\/mastodon.social\/@ubirataonline","https:\/\/www.facebook.com\/groups\/311144672285604","https:\/\/www.facebook.com\/UBTAOnline","https:\/\/www.instagram.com\/portalubirataonline\/","https:\/\/twitter.com\/ubirataonline"],"description":"Somos um portal de not\u00edcias independente, criado em 5 de janeiro de 2009, com o objetivo de informar, conectar e valorizar a nossa comunidade de Ubirat\u00e3 e toda aregi\u00e3o. Com conte\u00fado atualizado, confi\u00e1vel e relevante, o Ubirat\u00e3 Online \u00e9 o seu espa\u00e7o para ficar por dentro dos principais acontecimentos locais, regionais, Brasil, Mundo e de interesse geral. Nosso compromisso \u00e9 com a verdade, a transpar\u00eancia e o respeito ao leitor.","legalName":"UBIRATA ONLINE NOT\u00cdCIAS","foundingDate":"2009-01-05","numberOfEmployees":{"@type":"QuantitativeValue","minValue":"1","maxValue":"10"},"publishingPrinciples":"https:\/\/ubirataonline.com.br\/faq\/","address":{"@id":"https:\/\/ubirataonline.com.br\/onu-alerta-para-el-nino-supersized-que-pode-durar-ate-pelo-menos-fevereiro-de-2027\/#local-main-place-address"},"geo":{"@type":"GeoCoordinates","latitude":"-24.5361401","longitude":"-52.9921776"},"telephone":["+5544998308235"],"contactPoint":{"@type":"ContactPoint","email":"contato@ubirataonline.com.br"},"openingHoursSpecification":{"@type":"OpeningHoursSpecification","dayOfWeek":["Monday","Tuesday","Wednesday","Thursday","Friday","Saturday","Sunday"],"opens":"00:00","closes":"23:59"},"email":"contato@ubirataonline.com.br","vatID":"47.621.418\/0001-80"},{"@type":"Person","@id":"https:\/\/ubirataonline.com.br\/#\/schema\/person\/372f87bbd3fdd79b8556b84c98d0bc1c","name":"REDA\u00c7\u00c3O: UBIRAT\u00c3 ONLINE - F\u00c1BIO AUGUSTO CELESTINO","pronouns":"Ele","description":"Desde 2003 trabalhando com not\u00edcias.","sameAs":["http:\/\/ubirataoline.com.br","https:\/\/www.facebook.com\/portalubirataonline","https:\/\/www.instagram.com\/ubirataonline_oficial","https:\/\/x.com\/x.com\/ubirataonline"],"honorificPrefix":"Mr.","honorificSuffix":"MD","birthDate":"1980-06-16","gender":"masculino","award":["V\u00e1rios pr\u00eamios de melhor portal da cidade"],"jobTitle":"Diretor","url":"https:\/\/ubirataonline.com.br\/en\/author\/ubirataonline\/"},{"@type":"PostalAddress","@id":"https:\/\/ubirataonline.com.br\/onu-alerta-para-el-nino-supersized-que-pode-durar-ate-pelo-menos-fevereiro-de-2027\/#local-main-place-address","streetAddress":"Rua dos Coqueiros, 104 - Bairro Boa Vista, Rua dos Coqueiros, 104 Bairro Boa Vista","addressLocality":"UBIRATA","postalCode":"85440-000","addressRegion":"PR","addressCountry":"BR"},{"@type":"ImageObject","inLanguage":"en-US","@id":"https:\/\/ubirataonline.com.br\/onu-alerta-para-el-nino-supersized-que-pode-durar-ate-pelo-menos-fevereiro-de-2027\/#local-main-organization-logo","url":"https:\/\/ubirataonline.com.br\/wp-content\/uploads\/2026\/06\/logoubirataonline-1.webp","contentUrl":"https:\/\/ubirataonline.com.br\/wp-content\/uploads\/2026\/06\/logoubirataonline-1.webp","width":500,"height":500,"caption":"Ubirat\u00e3 Online Not\u00edcias"}]},"geo.placename":"UBIRATA","geo.position":{"lat":"-24.5361401","long":"-52.9921776"},"geo.region":"Brazil"},"_links":{"self":[{"href":"https:\/\/ubirataonline.com.br\/en\/wp-json\/wp\/v2\/posts\/170362","targetHints":{"allow":["GET"]}}],"collection":[{"href":"https:\/\/ubirataonline.com.br\/en\/wp-json\/wp\/v2\/posts"}],"about":[{"href":"https:\/\/ubirataonline.com.br\/en\/wp-json\/wp\/v2\/types\/post"}],"author":[{"embeddable":true,"href":"https:\/\/ubirataonline.com.br\/en\/wp-json\/wp\/v2\/users\/1"}],"replies":[{"embeddable":true,"href":"https:\/\/ubirataonline.com.br\/en\/wp-json\/wp\/v2\/comments?post=170362"}],"version-history":[{"count":0,"href":"https:\/\/ubirataonline.com.br\/en\/wp-json\/wp\/v2\/posts\/170362\/revisions"}],"wp:attachment":[{"href":"https:\/\/ubirataonline.com.br\/en\/wp-json\/wp\/v2\/media?parent=170362"}],"wp:term":[{"taxonomy":"category","embeddable":true,"href":"https:\/\/ubirataonline.com.br\/en\/wp-json\/wp\/v2\/categories?post=170362"},{"taxonomy":"post_tag","embeddable":true,"href":"https:\/\/ubirataonline.com.br\/en\/wp-json\/wp\/v2\/tags?post=170362"}],"curies":[{"name":"wp","href":"https:\/\/api.w.org\/{rel}","templated":true}]}}