{"id":170363,"date":"2026-09-03T14:33:30","date_gmt":"2026-09-03T17:33:30","guid":{"rendered":"https:\/\/ubirataonline.com.br\/mppr-participa-de-reuniao-sobre-gestao-de-residuos-solidos\/"},"modified":"2026-09-03T14:33:33","modified_gmt":"2026-09-03T17:33:33","slug":"mppr-participa-de-reuniao-sobre-gestao-de-residuos-solidos","status":"publish","type":"post","link":"https:\/\/ubirataonline.com.br\/en\/mppr-participa-de-reuniao-sobre-gestao-de-residuos-solidos\/","title":{"rendered":"MPPR participa de reuni\u00e3o sobre gest\u00e3o de res\u00edduos s\u00f3lidos"},"content":{"rendered":"<p><\/p>\n<div>\n<p>O Grupo de Atua\u00e7\u00e3o Especializada em Meio Ambiente, Habita\u00e7\u00e3o e Urbanismo (Gaema) de Pato Branco participou de reuni\u00e3o com gestores municipais e vereadores da regi\u00e3o para discutir a\u00e7\u00f5es voltadas \u00e0 adequada gest\u00e3o dos res\u00edduos s\u00f3lidos nos munic\u00edpios integrantes do Cons\u00f3rcio de Sa\u00fade do Sudoeste.<\/p>\n<p>Realizado em 26 de agosto, na sede da Associa\u00e7\u00e3o dos Munic\u00edpios do Sudoeste do Paran\u00e1 (AMSOP), em Francisco Beltr\u00e3o, o encontro teve como objetivo a apresenta\u00e7\u00e3o e discuss\u00e3o do Projeto de Gest\u00e3o de Res\u00edduos S\u00f3lidos consorciado, incluindo fundamentos, objetivos e medidas necess\u00e1rias para o aprimoramento das pol\u00edticas p\u00fablicas relacionadas ao tema, em especial a sustentabilidade econ\u00f4mico-financeira.\u00a0<\/p>\n<p>Durante a reuni\u00e3o, foi ressaltada a import\u00e2ncia da atua\u00e7\u00e3o articulada entre o Poder Executivo, o Poder Legislativo, o Minist\u00e9rio P\u00fablico e a sociedade para o desenvolvimento de solu\u00e7\u00f5es voltadas \u00e0 coleta, ao manejo e \u00e0 destina\u00e7\u00e3o ambientalmente adequada dos res\u00edduos s\u00f3lidos.<\/p>\n<p>Na ocasi\u00e3o, a Promotora de Justi\u00e7a Ivana Ostapiv Rigailo destacou a import\u00e2ncia do envolvimento dos munic\u00edpios na implementa\u00e7\u00e3o das medidas previstas no projeto e da conscientiza\u00e7\u00e3o da popula\u00e7\u00e3o sobre a responsabilidade compartilhada pela gest\u00e3o dos res\u00edduos. Enfatizou ainda a necessidade do pagamento da taxa destinada \u00e0 coleta e ao manejo dos res\u00edduos s\u00f3lidos, instrumento necess\u00e1rio para garantir a sustentabilidade dos servi\u00e7os p\u00fablicos relacionados \u00e0 \u00e1rea.\u00a0<\/p>\n<p>O evento tamb\u00e9m contou com a participa\u00e7\u00e3o da equipe t\u00e9cnica do Centro de Apoio Operacional das Promotorias de Prote\u00e7\u00e3o ao Meio Ambiente e de Habita\u00e7\u00e3o e Urbanismo do MPPR.<\/p>\n<\/div>\n<p><a href=\"https:\/\/ubirataonline.com.br\/en\/noticias\/\" target=\"_blank\" rel=\"noopener noreferrer\">Mais Not\u00edcias<\/a><\/p>\n<p><a href=\"https:\/\/ubirataonline.com.br\/en\/\" target=\"_blank\" rel=\"noopener noreferrer\">Home Page &#8211; In\u00edcio<\/a><\/p>\n<p><a href=\"https:\/\/mppr.mp.br\/Noticia\/MPPR-participa-de-reuniao-sobre-gestao-de-residuos-solidos\">Source link <\/a><br \/>\nSee more: <a href=\"https:\/\/theglobaltrack.com\/\" target=\"_blank\" rel=\"noopener noreferrer\">The Global Track<\/a><\/p>\n<p><a href=\"https:\/\/corinthiames.com.br\/\" target=\"_blank\" rel=\"noopener noreferrer\">Corinthia Mes<\/a><\/p>","protected":false},"excerpt":{"rendered":"<p>O Grupo de Atua\u00e7\u00e3o Especializada em Meio Ambiente, Habita\u00e7\u00e3o e Urbanismo (Gaema) de Pato Branco participou de reuni\u00e3o com gestores municipais e vereadores da regi\u00e3o para discutir a\u00e7\u00f5es voltadas \u00e0 adequada gest\u00e3o dos res\u00edduos s\u00f3lidos nos munic\u00edpios integrantes do Cons\u00f3rcio de Sa\u00fade do Sudoeste. Realizado em 26 de agosto, na sede da Associa\u00e7\u00e3o dos Munic\u00edpios [&hellip;]<\/p>\n","protected":false},"author":1,"featured_media":170364,"comment_status":"closed","ping_status":"","sticky":false,"template":"","format":"standard","meta":{"googlesitekit_rrm_CAow2JLhCw:productID":"","_gspb_post_css":"","maa_idioma":"","maa_pais":"","footnotes":""},"categories":[4],"tags":[3999,1632,5199,3442,4213,3203,3443],"class_list":["post-170363","post","type-post","status-publish","format-standard","has-post-thumbnail","hentry","category-brasil","tag-gestao","tag-mppr","tag-participa","tag-residuos","tag-reuniao","tag-sobre","tag-solidos"],"blocksy_meta":[],"yoast_head":"<!-- This site is optimized with the Yoast SEO Premium plugin v27.6 (Yoast SEO v27.6) - https:\/\/yoast.com\/product\/yoast-seo-premium-wordpress\/ -->\n<title>MPPR participa de reuni\u00e3o sobre gest\u00e3o de res\u00edduos s\u00f3lidos - Ubirat\u00e3 Online Not\u00edcias - A realidade ao seu alcance!<\/title>\n<meta name=\"description\" content=\"O Grupo de Atua\u00e7\u00e3o Especializada em Meio Ambiente, Habita\u00e7\u00e3o e Urbanismo (Gaema) de Pato Branco participou de reuni\u00e3o com gestores municipais e vereadores da regi\u00e3o para discutir a\u00e7\u00f5es voltadas \u00e0 adequada gest\u00e3o dos res\u00edduos s\u00f3lidos nos munic\ufffd\" \/>\n<meta name=\"robots\" content=\"index, follow, max-snippet:-1, max-image-preview:large, max-video-preview:-1\" \/>\n<link rel=\"canonical\" href=\"https:\/\/ubirataonline.com.br\/en\/mppr-participa-de-reuniao-sobre-gestao-de-residuos-solidos\/\" \/>\n<meta property=\"og:locale\" content=\"en_US\" \/>\n<meta property=\"og:type\" content=\"article\" \/>\n<meta property=\"og:title\" content=\"MPPR participa de reuni\u00e3o sobre gest\u00e3o de res\u00edduos s\u00f3lidos\" \/>\n<meta property=\"og:description\" content=\"O Grupo de Atua\u00e7\u00e3o Especializada em Meio Ambiente, Habita\u00e7\u00e3o e Urbanismo (Gaema) de Pato Branco participou de reuni\u00e3o com gestores municipais e vereadores da regi\u00e3o para discutir a\u00e7\u00f5es voltadas \u00e0 adequada gest\u00e3o dos res\u00edduos s\u00f3lidos nos munic\ufffd\" \/>\n<meta property=\"og:url\" content=\"https:\/\/ubirataonline.com.br\/en\/mppr-participa-de-reuniao-sobre-gestao-de-residuos-solidos\/\" \/>\n<meta property=\"og:site_name\" content=\"Ubirat\u00e3 Online Not\u00edcias - A realidade ao seu alcance!\" \/>\n<meta property=\"article:publisher\" content=\"https:\/\/www.facebook.com\/portalubirataonline\" \/>\n<meta property=\"article:author\" content=\"https:\/\/www.facebook.com\/portalubirataonline\" \/>\n<meta property=\"article:published_time\" content=\"2026-09-03T17:33:30+00:00\" \/>\n<meta property=\"article:modified_time\" content=\"2026-09-03T17:33:33+00:00\" \/>\n<meta property=\"og:image\" content=\"https:\/\/ubirataonline.com.br\/wp-content\/uploads\/2026\/09\/MPPR-participa-de-reuniao-sobre-gestao-de-residuos-solidos.png\" \/>\n\t<meta property=\"og:image:width\" content=\"667\" \/>\n\t<meta property=\"og:image:height\" content=\"450\" \/>\n\t<meta property=\"og:image:type\" content=\"image\/png\" \/>\n<meta name=\"author\" content=\"REDA\u00c7\u00c3O: UBIRAT\u00c3 ONLINE - F\u00c1BIO AUGUSTO CELESTINO\" \/>\n<meta name=\"twitter:card\" content=\"summary_large_image\" \/>\n<meta name=\"twitter:creator\" content=\"@x.com\/ubirataonline\" \/>\n<meta name=\"twitter:site\" content=\"@ubirataonline\" \/>\n<meta name=\"twitter:label1\" content=\"Written by\" \/>\n\t<meta name=\"twitter:data1\" content=\"REDA\u00c7\u00c3O: UBIRAT\u00c3 ONLINE - F\u00c1BIO AUGUSTO CELESTINO\" \/>\n\t<meta name=\"twitter:label2\" content=\"Est. reading time\" \/>\n\t<meta name=\"twitter:data2\" content=\"1 minute\" \/>\n<script type=\"application\/ld+json\" class=\"yoast-schema-graph\">{\"@context\":\"https:\\\/\\\/schema.org\",\"@graph\":[{\"@type\":\"NewsArticle\",\"@id\":\"https:\\\/\\\/ubirataonline.com.br\\\/mppr-participa-de-reuniao-sobre-gestao-de-residuos-solidos\\\/#article\",\"isPartOf\":{\"@id\":\"https:\\\/\\\/ubirataonline.com.br\\\/mppr-participa-de-reuniao-sobre-gestao-de-residuos-solidos\\\/\"},\"author\":{\"name\":\"REDA\u00c7\u00c3O: UBIRAT\u00c3 ONLINE - F\u00c1BIO AUGUSTO CELESTINO\",\"@id\":\"https:\\\/\\\/ubirataonline.com.br\\\/#\\\/schema\\\/person\\\/372f87bbd3fdd79b8556b84c98d0bc1c\"},\"headline\":\"MPPR participa de reuni\u00e3o sobre gest\u00e3o de res\u00edduos s\u00f3lidos\",\"datePublished\":\"2026-09-03T17:33:30+00:00\",\"dateModified\":\"2026-09-03T17:33:33+00:00\",\"mainEntityOfPage\":{\"@id\":\"https:\\\/\\\/ubirataonline.com.br\\\/mppr-participa-de-reuniao-sobre-gestao-de-residuos-solidos\\\/\"},\"wordCount\":310,\"publisher\":{\"@id\":\"https:\\\/\\\/ubirataonline.com.br\\\/#organization\"},\"image\":{\"@id\":\"https:\\\/\\\/ubirataonline.com.br\\\/mppr-participa-de-reuniao-sobre-gestao-de-residuos-solidos\\\/#primaryimage\"},\"thumbnailUrl\":\"https:\\\/\\\/ubirataonline.com.br\\\/wp-content\\\/uploads\\\/2026\\\/09\\\/MPPR-participa-de-reuniao-sobre-gestao-de-residuos-solidos.png\",\"keywords\":[\"gest\u00e3o\",\"MPPR\",\"participa\",\"res\u00edduos\",\"Reuni\u00e3o\",\"sobre\",\"s\u00f3lidos\"],\"articleSection\":[\"Brasil\"],\"inLanguage\":\"en-US\",\"copyrightYear\":\"2026\",\"copyrightHolder\":{\"@id\":\"https:\\\/\\\/ubirataonline.com.br\\\/en\\\/#organization\"}},{\"@type\":\"WebPage\",\"@id\":\"https:\\\/\\\/ubirataonline.com.br\\\/mppr-participa-de-reuniao-sobre-gestao-de-residuos-solidos\\\/\",\"url\":\"https:\\\/\\\/ubirataonline.com.br\\\/mppr-participa-de-reuniao-sobre-gestao-de-residuos-solidos\\\/\",\"name\":\"MPPR participa de reuni\u00e3o sobre gest\u00e3o de res\u00edduos s\u00f3lidos - Ubirat\u00e3 Online Not\u00edcias - A realidade ao seu alcance!\",\"isPartOf\":{\"@id\":\"https:\\\/\\\/ubirataonline.com.br\\\/#website\"},\"primaryImageOfPage\":{\"@id\":\"https:\\\/\\\/ubirataonline.com.br\\\/mppr-participa-de-reuniao-sobre-gestao-de-residuos-solidos\\\/#primaryimage\"},\"image\":{\"@id\":\"https:\\\/\\\/ubirataonline.com.br\\\/mppr-participa-de-reuniao-sobre-gestao-de-residuos-solidos\\\/#primaryimage\"},\"thumbnailUrl\":\"https:\\\/\\\/ubirataonline.com.br\\\/wp-content\\\/uploads\\\/2026\\\/09\\\/MPPR-participa-de-reuniao-sobre-gestao-de-residuos-solidos.png\",\"datePublished\":\"2026-09-03T17:33:30+00:00\",\"dateModified\":\"2026-09-03T17:33:33+00:00\",\"description\":\"O Grupo de Atua\u00e7\u00e3o Especializada em Meio Ambiente, Habita\u00e7\u00e3o e Urbanismo (Gaema) de Pato Branco participou de reuni\u00e3o com gestores municipais e vereadores da regi\u00e3o para discutir a\u00e7\u00f5es voltadas \u00e0 adequada gest\u00e3o dos res\u00edduos s\u00f3lidos nos munic\ufffd\",\"breadcrumb\":{\"@id\":\"https:\\\/\\\/ubirataonline.com.br\\\/mppr-participa-de-reuniao-sobre-gestao-de-residuos-solidos\\\/#breadcrumb\"},\"inLanguage\":\"en-US\",\"potentialAction\":[{\"@type\":\"ReadAction\",\"target\":[\"https:\\\/\\\/ubirataonline.com.br\\\/mppr-participa-de-reuniao-sobre-gestao-de-residuos-solidos\\\/\"]}]},{\"@type\":\"ImageObject\",\"inLanguage\":\"en-US\",\"@id\":\"https:\\\/\\\/ubirataonline.com.br\\\/mppr-participa-de-reuniao-sobre-gestao-de-residuos-solidos\\\/#primaryimage\",\"url\":\"https:\\\/\\\/ubirataonline.com.br\\\/wp-content\\\/uploads\\\/2026\\\/09\\\/MPPR-participa-de-reuniao-sobre-gestao-de-residuos-solidos.png\",\"contentUrl\":\"https:\\\/\\\/ubirataonline.com.br\\\/wp-content\\\/uploads\\\/2026\\\/09\\\/MPPR-participa-de-reuniao-sobre-gestao-de-residuos-solidos.png\",\"width\":667,\"height\":450,\"caption\":\"MPPR participa de reuni\u00e3o sobre gest\u00e3o de res\u00edduos s\u00f3lidos\"},{\"@type\":\"BreadcrumbList\",\"@id\":\"https:\\\/\\\/ubirataonline.com.br\\\/mppr-participa-de-reuniao-sobre-gestao-de-residuos-solidos\\\/#breadcrumb\",\"itemListElement\":[{\"@type\":\"ListItem\",\"position\":1,\"name\":\"In\u00edcio\",\"item\":\"https:\\\/\\\/ubirataonline.com.br\\\/\"},{\"@type\":\"ListItem\",\"position\":2,\"name\":\"MPPR participa de reuni\u00e3o sobre gest\u00e3o de res\u00edduos s\u00f3lidos\"}]},{\"@type\":\"WebSite\",\"@id\":\"https:\\\/\\\/ubirataonline.com.br\\\/#website\",\"url\":\"https:\\\/\\\/ubirataonline.com.br\\\/\",\"name\":\"Ubirat\u00e3 Online Not\u00edcias\",\"description\":\"Not\u00edcias de Ubirat\u00e3, regi\u00e3o, Brasil e mundo, com informa\u00e7\u00e3o atualizada e compromisso com o leitor.\",\"publisher\":{\"@id\":\"https:\\\/\\\/ubirataonline.com.br\\\/#organization\"},\"alternateName\":\"Ubirat\u00e3 Online\",\"potentialAction\":[{\"@type\":\"SearchAction\",\"target\":{\"@type\":\"EntryPoint\",\"urlTemplate\":\"https:\\\/\\\/ubirataonline.com.br\\\/?s={search_term_string}\"},\"query-input\":{\"@type\":\"PropertyValueSpecification\",\"valueRequired\":true,\"valueName\":\"search_term_string\"}}],\"inLanguage\":\"en-US\"},{\"@type\":[\"Organization\",\"Place\"],\"@id\":\"https:\\\/\\\/ubirataonline.com.br\\\/#organization\",\"name\":\"Ubirat\u00e3 Online Not\u00edcias\",\"alternateName\":\"Ubirat\u00e3 Online\",\"url\":\"https:\\\/\\\/ubirataonline.com.br\\\/\",\"logo\":{\"@id\":\"https:\\\/\\\/ubirataonline.com.br\\\/mppr-participa-de-reuniao-sobre-gestao-de-residuos-solidos\\\/#local-main-organization-logo\"},\"image\":{\"@id\":\"https:\\\/\\\/ubirataonline.com.br\\\/mppr-participa-de-reuniao-sobre-gestao-de-residuos-solidos\\\/#local-main-organization-logo\"},\"sameAs\":[\"https:\\\/\\\/www.facebook.com\\\/portalubirataonline\",\"https:\\\/\\\/x.com\\\/ubirataonline\",\"https:\\\/\\\/mastodon.social\\\/@ubirataonline\",\"https:\\\/\\\/www.facebook.com\\\/groups\\\/311144672285604\",\"https:\\\/\\\/www.facebook.com\\\/UBTAOnline\",\"https:\\\/\\\/www.instagram.com\\\/portalubirataonline\\\/\",\"https:\\\/\\\/twitter.com\\\/ubirataonline\"],\"description\":\"Somos um portal de not\u00edcias independente, criado em 5 de janeiro de 2009, com o objetivo de informar, conectar e valorizar a nossa comunidade de Ubirat\u00e3 e toda aregi\u00e3o. Com conte\u00fado atualizado, confi\u00e1vel e relevante, o Ubirat\u00e3 Online \u00e9 o seu espa\u00e7o para ficar por dentro dos principais acontecimentos locais, regionais, Brasil, Mundo e de interesse geral. Nosso compromisso \u00e9 com a verdade, a transpar\u00eancia e o respeito ao leitor.\",\"legalName\":\"UBIRATA ONLINE NOT\u00cdCIAS\",\"foundingDate\":\"2009-01-05\",\"numberOfEmployees\":{\"@type\":\"QuantitativeValue\",\"minValue\":\"1\",\"maxValue\":\"10\"},\"publishingPrinciples\":\"https:\\\/\\\/ubirataonline.com.br\\\/faq\\\/\",\"address\":{\"@id\":\"https:\\\/\\\/ubirataonline.com.br\\\/mppr-participa-de-reuniao-sobre-gestao-de-residuos-solidos\\\/#local-main-place-address\"},\"geo\":{\"@type\":\"GeoCoordinates\",\"latitude\":\"-24.5361401\",\"longitude\":\"-52.9921776\"},\"telephone\":[\"+5544998308235\"],\"contactPoint\":{\"@type\":\"ContactPoint\",\"email\":\"contato@ubirataonline.com.br\"},\"openingHoursSpecification\":{\"@type\":\"OpeningHoursSpecification\",\"dayOfWeek\":[\"Monday\",\"Tuesday\",\"Wednesday\",\"Thursday\",\"Friday\",\"Saturday\",\"Sunday\"],\"opens\":\"00:00\",\"closes\":\"23:59\"},\"email\":\"contato@ubirataonline.com.br\",\"vatID\":\"47.621.418\\\/0001-80\"},{\"@type\":\"Person\",\"@id\":\"https:\\\/\\\/ubirataonline.com.br\\\/#\\\/schema\\\/person\\\/372f87bbd3fdd79b8556b84c98d0bc1c\",\"name\":\"REDA\u00c7\u00c3O: UBIRAT\u00c3 ONLINE - F\u00c1BIO AUGUSTO CELESTINO\",\"pronouns\":\"Ele\",\"description\":\"Desde 2003 trabalhando com not\u00edcias.\",\"sameAs\":[\"http:\\\/\\\/ubirataoline.com.br\",\"https:\\\/\\\/www.facebook.com\\\/portalubirataonline\",\"https:\\\/\\\/www.instagram.com\\\/ubirataonline_oficial\",\"https:\\\/\\\/x.com\\\/x.com\\\/ubirataonline\"],\"honorificPrefix\":\"Mr.\",\"honorificSuffix\":\"MD\",\"birthDate\":\"1980-06-16\",\"gender\":\"masculino\",\"award\":[\"V\u00e1rios pr\u00eamios de melhor portal da cidade\"],\"jobTitle\":\"Diretor\",\"url\":\"https:\\\/\\\/ubirataonline.com.br\\\/en\\\/author\\\/ubirataonline\\\/\"},{\"@type\":\"PostalAddress\",\"@id\":\"https:\\\/\\\/ubirataonline.com.br\\\/mppr-participa-de-reuniao-sobre-gestao-de-residuos-solidos\\\/#local-main-place-address\",\"streetAddress\":\"Rua dos Coqueiros, 104 - Bairro Boa Vista, Rua dos Coqueiros, 104 Bairro Boa Vista\",\"addressLocality\":\"UBIRATA\",\"postalCode\":\"85440-000\",\"addressRegion\":\"PR\",\"addressCountry\":\"BR\"},{\"@type\":\"ImageObject\",\"inLanguage\":\"en-US\",\"@id\":\"https:\\\/\\\/ubirataonline.com.br\\\/mppr-participa-de-reuniao-sobre-gestao-de-residuos-solidos\\\/#local-main-organization-logo\",\"url\":\"https:\\\/\\\/ubirataonline.com.br\\\/wp-content\\\/uploads\\\/2026\\\/06\\\/logoubirataonline-1.webp\",\"contentUrl\":\"https:\\\/\\\/ubirataonline.com.br\\\/wp-content\\\/uploads\\\/2026\\\/06\\\/logoubirataonline-1.webp\",\"width\":500,\"height\":500,\"caption\":\"Ubirat\u00e3 Online Not\u00edcias\"}]}<\/script>\n<meta name=\"geo.placename\" content=\"UBIRATA\" \/>\n<meta name=\"geo.position\" content=\"-24.5361401;-52.9921776\" \/>\n<meta name=\"geo.region\" content=\"Brazil\" \/>\n<!-- \/ Yoast SEO Premium plugin. -->","yoast_head_json":{"title":"MPPR participa de reuni\u00e3o sobre gest\u00e3o de res\u00edduos s\u00f3lidos - Ubirat\u00e3 Online Not\u00edcias - A realidade ao seu alcance!","description":"O Grupo de Atua\u00e7\u00e3o Especializada em Meio Ambiente, Habita\u00e7\u00e3o e Urbanismo (Gaema) de Pato Branco participou de reuni\u00e3o com gestores municipais e vereadores da regi\u00e3o para discutir a\u00e7\u00f5es voltadas \u00e0 adequada gest\u00e3o dos res\u00edduos s\u00f3lidos nos munic\ufffd","robots":{"index":"index","follow":"follow","max-snippet":"max-snippet:-1","max-image-preview":"max-image-preview:large","max-video-preview":"max-video-preview:-1"},"canonical":"https:\/\/ubirataonline.com.br\/en\/mppr-participa-de-reuniao-sobre-gestao-de-residuos-solidos\/","og_locale":"en_US","og_type":"article","og_title":"MPPR participa de reuni\u00e3o sobre gest\u00e3o de res\u00edduos s\u00f3lidos","og_description":"O Grupo de Atua\u00e7\u00e3o Especializada em Meio Ambiente, Habita\u00e7\u00e3o e Urbanismo (Gaema) de Pato Branco participou de reuni\u00e3o com gestores municipais e vereadores da regi\u00e3o para discutir a\u00e7\u00f5es voltadas \u00e0 adequada gest\u00e3o dos res\u00edduos s\u00f3lidos nos munic\ufffd","og_url":"https:\/\/ubirataonline.com.br\/en\/mppr-participa-de-reuniao-sobre-gestao-de-residuos-solidos\/","og_site_name":"Ubirat\u00e3 Online Not\u00edcias - A realidade ao seu alcance!","article_publisher":"https:\/\/www.facebook.com\/portalubirataonline","article_author":"https:\/\/www.facebook.com\/portalubirataonline","article_published_time":"2026-09-03T17:33:30+00:00","article_modified_time":"2026-09-03T17:33:33+00:00","og_image":[{"width":667,"height":450,"url":"https:\/\/ubirataonline.com.br\/wp-content\/uploads\/2026\/09\/MPPR-participa-de-reuniao-sobre-gestao-de-residuos-solidos.png","type":"image\/png"}],"author":"REDA\u00c7\u00c3O: UBIRAT\u00c3 ONLINE - F\u00c1BIO AUGUSTO CELESTINO","twitter_card":"summary_large_image","twitter_creator":"@x.com\/ubirataonline","twitter_site":"@ubirataonline","twitter_misc":{"Written by":"REDA\u00c7\u00c3O: UBIRAT\u00c3 ONLINE - F\u00c1BIO AUGUSTO CELESTINO","Est. reading time":"1 minute"},"schema":{"@context":"https:\/\/schema.org","@graph":[{"@type":"NewsArticle","@id":"https:\/\/ubirataonline.com.br\/mppr-participa-de-reuniao-sobre-gestao-de-residuos-solidos\/#article","isPartOf":{"@id":"https:\/\/ubirataonline.com.br\/mppr-participa-de-reuniao-sobre-gestao-de-residuos-solidos\/"},"author":{"name":"REDA\u00c7\u00c3O: UBIRAT\u00c3 ONLINE - F\u00c1BIO AUGUSTO CELESTINO","@id":"https:\/\/ubirataonline.com.br\/#\/schema\/person\/372f87bbd3fdd79b8556b84c98d0bc1c"},"headline":"MPPR participa de reuni\u00e3o sobre gest\u00e3o de res\u00edduos s\u00f3lidos","datePublished":"2026-09-03T17:33:30+00:00","dateModified":"2026-09-03T17:33:33+00:00","mainEntityOfPage":{"@id":"https:\/\/ubirataonline.com.br\/mppr-participa-de-reuniao-sobre-gestao-de-residuos-solidos\/"},"wordCount":310,"publisher":{"@id":"https:\/\/ubirataonline.com.br\/#organization"},"image":{"@id":"https:\/\/ubirataonline.com.br\/mppr-participa-de-reuniao-sobre-gestao-de-residuos-solidos\/#primaryimage"},"thumbnailUrl":"https:\/\/ubirataonline.com.br\/wp-content\/uploads\/2026\/09\/MPPR-participa-de-reuniao-sobre-gestao-de-residuos-solidos.png","keywords":["gest\u00e3o","MPPR","participa","res\u00edduos","Reuni\u00e3o","sobre","s\u00f3lidos"],"articleSection":["Brasil"],"inLanguage":"en-US","copyrightYear":"2026","copyrightHolder":{"@id":"https:\/\/ubirataonline.com.br\/en\/#organization"}},{"@type":"WebPage","@id":"https:\/\/ubirataonline.com.br\/mppr-participa-de-reuniao-sobre-gestao-de-residuos-solidos\/","url":"https:\/\/ubirataonline.com.br\/mppr-participa-de-reuniao-sobre-gestao-de-residuos-solidos\/","name":"MPPR participa de reuni\u00e3o sobre gest\u00e3o de res\u00edduos s\u00f3lidos - Ubirat\u00e3 Online Not\u00edcias - A realidade ao seu alcance!","isPartOf":{"@id":"https:\/\/ubirataonline.com.br\/#website"},"primaryImageOfPage":{"@id":"https:\/\/ubirataonline.com.br\/mppr-participa-de-reuniao-sobre-gestao-de-residuos-solidos\/#primaryimage"},"image":{"@id":"https:\/\/ubirataonline.com.br\/mppr-participa-de-reuniao-sobre-gestao-de-residuos-solidos\/#primaryimage"},"thumbnailUrl":"https:\/\/ubirataonline.com.br\/wp-content\/uploads\/2026\/09\/MPPR-participa-de-reuniao-sobre-gestao-de-residuos-solidos.png","datePublished":"2026-09-03T17:33:30+00:00","dateModified":"2026-09-03T17:33:33+00:00","description":"O Grupo de Atua\u00e7\u00e3o Especializada em Meio Ambiente, Habita\u00e7\u00e3o e Urbanismo (Gaema) de Pato Branco participou de reuni\u00e3o com gestores municipais e vereadores da regi\u00e3o para discutir a\u00e7\u00f5es voltadas \u00e0 adequada gest\u00e3o dos res\u00edduos s\u00f3lidos nos munic\ufffd","breadcrumb":{"@id":"https:\/\/ubirataonline.com.br\/mppr-participa-de-reuniao-sobre-gestao-de-residuos-solidos\/#breadcrumb"},"inLanguage":"en-US","potentialAction":[{"@type":"ReadAction","target":["https:\/\/ubirataonline.com.br\/mppr-participa-de-reuniao-sobre-gestao-de-residuos-solidos\/"]}]},{"@type":"ImageObject","inLanguage":"en-US","@id":"https:\/\/ubirataonline.com.br\/mppr-participa-de-reuniao-sobre-gestao-de-residuos-solidos\/#primaryimage","url":"https:\/\/ubirataonline.com.br\/wp-content\/uploads\/2026\/09\/MPPR-participa-de-reuniao-sobre-gestao-de-residuos-solidos.png","contentUrl":"https:\/\/ubirataonline.com.br\/wp-content\/uploads\/2026\/09\/MPPR-participa-de-reuniao-sobre-gestao-de-residuos-solidos.png","width":667,"height":450,"caption":"MPPR participa de reuni\u00e3o sobre gest\u00e3o de res\u00edduos s\u00f3lidos"},{"@type":"BreadcrumbList","@id":"https:\/\/ubirataonline.com.br\/mppr-participa-de-reuniao-sobre-gestao-de-residuos-solidos\/#breadcrumb","itemListElement":[{"@type":"ListItem","position":1,"name":"In\u00edcio","item":"https:\/\/ubirataonline.com.br\/"},{"@type":"ListItem","position":2,"name":"MPPR participa de reuni\u00e3o sobre gest\u00e3o de res\u00edduos s\u00f3lidos"}]},{"@type":"WebSite","@id":"https:\/\/ubirataonline.com.br\/#website","url":"https:\/\/ubirataonline.com.br\/","name":"Ubirat\u00e3 Online Not\u00edcias","description":"Not\u00edcias de Ubirat\u00e3, regi\u00e3o, Brasil e mundo, com informa\u00e7\u00e3o atualizada e compromisso com o leitor.","publisher":{"@id":"https:\/\/ubirataonline.com.br\/#organization"},"alternateName":"Ubirat\u00e3 Online","potentialAction":[{"@type":"SearchAction","target":{"@type":"EntryPoint","urlTemplate":"https:\/\/ubirataonline.com.br\/?s={search_term_string}"},"query-input":{"@type":"PropertyValueSpecification","valueRequired":true,"valueName":"search_term_string"}}],"inLanguage":"en-US"},{"@type":["Organization","Place"],"@id":"https:\/\/ubirataonline.com.br\/#organization","name":"Ubirat\u00e3 Online Not\u00edcias","alternateName":"Ubirat\u00e3 Online","url":"https:\/\/ubirataonline.com.br\/","logo":{"@id":"https:\/\/ubirataonline.com.br\/mppr-participa-de-reuniao-sobre-gestao-de-residuos-solidos\/#local-main-organization-logo"},"image":{"@id":"https:\/\/ubirataonline.com.br\/mppr-participa-de-reuniao-sobre-gestao-de-residuos-solidos\/#local-main-organization-logo"},"sameAs":["https:\/\/www.facebook.com\/portalubirataonline","https:\/\/x.com\/ubirataonline","https:\/\/mastodon.social\/@ubirataonline","https:\/\/www.facebook.com\/groups\/311144672285604","https:\/\/www.facebook.com\/UBTAOnline","https:\/\/www.instagram.com\/portalubirataonline\/","https:\/\/twitter.com\/ubirataonline"],"description":"Somos um portal de not\u00edcias independente, criado em 5 de janeiro de 2009, com o objetivo de informar, conectar e valorizar a nossa comunidade de Ubirat\u00e3 e toda aregi\u00e3o. Com conte\u00fado atualizado, confi\u00e1vel e relevante, o Ubirat\u00e3 Online \u00e9 o seu espa\u00e7o para ficar por dentro dos principais acontecimentos locais, regionais, Brasil, Mundo e de interesse geral. Nosso compromisso \u00e9 com a verdade, a transpar\u00eancia e o respeito ao leitor.","legalName":"UBIRATA ONLINE NOT\u00cdCIAS","foundingDate":"2009-01-05","numberOfEmployees":{"@type":"QuantitativeValue","minValue":"1","maxValue":"10"},"publishingPrinciples":"https:\/\/ubirataonline.com.br\/faq\/","address":{"@id":"https:\/\/ubirataonline.com.br\/mppr-participa-de-reuniao-sobre-gestao-de-residuos-solidos\/#local-main-place-address"},"geo":{"@type":"GeoCoordinates","latitude":"-24.5361401","longitude":"-52.9921776"},"telephone":["+5544998308235"],"contactPoint":{"@type":"ContactPoint","email":"contato@ubirataonline.com.br"},"openingHoursSpecification":{"@type":"OpeningHoursSpecification","dayOfWeek":["Monday","Tuesday","Wednesday","Thursday","Friday","Saturday","Sunday"],"opens":"00:00","closes":"23:59"},"email":"contato@ubirataonline.com.br","vatID":"47.621.418\/0001-80"},{"@type":"Person","@id":"https:\/\/ubirataonline.com.br\/#\/schema\/person\/372f87bbd3fdd79b8556b84c98d0bc1c","name":"REDA\u00c7\u00c3O: UBIRAT\u00c3 ONLINE - F\u00c1BIO AUGUSTO CELESTINO","pronouns":"Ele","description":"Desde 2003 trabalhando com not\u00edcias.","sameAs":["http:\/\/ubirataoline.com.br","https:\/\/www.facebook.com\/portalubirataonline","https:\/\/www.instagram.com\/ubirataonline_oficial","https:\/\/x.com\/x.com\/ubirataonline"],"honorificPrefix":"Mr.","honorificSuffix":"MD","birthDate":"1980-06-16","gender":"masculino","award":["V\u00e1rios pr\u00eamios de melhor portal da cidade"],"jobTitle":"Diretor","url":"https:\/\/ubirataonline.com.br\/en\/author\/ubirataonline\/"},{"@type":"PostalAddress","@id":"https:\/\/ubirataonline.com.br\/mppr-participa-de-reuniao-sobre-gestao-de-residuos-solidos\/#local-main-place-address","streetAddress":"Rua dos Coqueiros, 104 - Bairro Boa Vista, Rua dos Coqueiros, 104 Bairro Boa Vista","addressLocality":"UBIRATA","postalCode":"85440-000","addressRegion":"PR","addressCountry":"BR"},{"@type":"ImageObject","inLanguage":"en-US","@id":"https:\/\/ubirataonline.com.br\/mppr-participa-de-reuniao-sobre-gestao-de-residuos-solidos\/#local-main-organization-logo","url":"https:\/\/ubirataonline.com.br\/wp-content\/uploads\/2026\/06\/logoubirataonline-1.webp","contentUrl":"https:\/\/ubirataonline.com.br\/wp-content\/uploads\/2026\/06\/logoubirataonline-1.webp","width":500,"height":500,"caption":"Ubirat\u00e3 Online Not\u00edcias"}]},"geo.placename":"UBIRATA","geo.position":{"lat":"-24.5361401","long":"-52.9921776"},"geo.region":"Brazil"},"_links":{"self":[{"href":"https:\/\/ubirataonline.com.br\/en\/wp-json\/wp\/v2\/posts\/170363","targetHints":{"allow":["GET"]}}],"collection":[{"href":"https:\/\/ubirataonline.com.br\/en\/wp-json\/wp\/v2\/posts"}],"about":[{"href":"https:\/\/ubirataonline.com.br\/en\/wp-json\/wp\/v2\/types\/post"}],"author":[{"embeddable":true,"href":"https:\/\/ubirataonline.com.br\/en\/wp-json\/wp\/v2\/users\/1"}],"replies":[{"embeddable":true,"href":"https:\/\/ubirataonline.com.br\/en\/wp-json\/wp\/v2\/comments?post=170363"}],"version-history":[{"count":1,"href":"https:\/\/ubirataonline.com.br\/en\/wp-json\/wp\/v2\/posts\/170363\/revisions"}],"predecessor-version":[{"id":170365,"href":"https:\/\/ubirataonline.com.br\/en\/wp-json\/wp\/v2\/posts\/170363\/revisions\/170365"}],"wp:featuredmedia":[{"embeddable":true,"href":"https:\/\/ubirataonline.com.br\/en\/wp-json\/wp\/v2\/media\/170364"}],"wp:attachment":[{"href":"https:\/\/ubirataonline.com.br\/en\/wp-json\/wp\/v2\/media?parent=170363"}],"wp:term":[{"taxonomy":"category","embeddable":true,"href":"https:\/\/ubirataonline.com.br\/en\/wp-json\/wp\/v2\/categories?post=170363"},{"taxonomy":"post_tag","embeddable":true,"href":"https:\/\/ubirataonline.com.br\/en\/wp-json\/wp\/v2\/tags?post=170363"}],"curies":[{"name":"wp","href":"https:\/\/api.w.org\/{rel}","templated":true}]}}