{"id":170370,"date":"2026-09-03T15:15:15","date_gmt":"2026-09-03T18:15:15","guid":{"rendered":"https:\/\/ubirataonline.com.br\/filipe-barros-propoe-aumento-de-pena-e-prisao-em-presidios-de-seguranca-maxima-para-casos-de-feminicidio\/"},"modified":"2026-09-03T15:15:15","modified_gmt":"2026-09-03T18:15:15","slug":"filipe-barros-propoe-aumento-de-pena-e-prisao-em-presidios-de-seguranca-maxima-para-casos-de-feminicidio","status":"publish","type":"post","link":"https:\/\/ubirataonline.com.br\/en\/filipe-barros-propoe-aumento-de-pena-e-prisao-em-presidios-de-seguranca-maxima-para-casos-de-feminicidio\/","title":{"rendered":"Filipe Barros prop\u00f5e aumento de pena e pris\u00e3o em pres\u00eddios de seguran\u00e7a m\u00e1xima para casos de feminic\u00eddio"},"content":{"rendered":"<h2>Em entrevista \u00e0 RPC, o candidato ao Senado pelo Paran\u00e1 Filipe Barros (PL) disse que Defendo aumento de pena e pris\u00e3o em pres\u00eddios de seguran\u00e7a m\u00e1xima.<\/h2>\n<p>Em entrevista na quinta-feira (3) ao telejornal Meio-Dia Paran\u00e1, da RPC, Filipe Barros, candidato ao Senado pelo Paran\u00e1 pelo PL, afirmou que Defendo o aumento das penas para quem comete feminic\u00eddio e o cumprimento das senten\u00e7as em pres\u00eddios de seguran\u00e7a m\u00e1xima, segundo G1.<\/p>\n<h3>Declara\u00e7\u00f5es sobre feminic\u00eddio<\/h3>\n<p>Barros afirmou: &#8220;Defendo dois pontos. Primeiro, a preven\u00e7\u00e3o e fortalecimento da fam\u00edlia, a conscientiza\u00e7\u00e3o por meio da educa\u00e7\u00e3o e das escolas. Segundo ponto \u00e9 de aumentar a pena para quem comete feminic\u00eddio. \u00c9 \u00e9 inadmiss\u00edvel um homem praticar um crime contra uma mulher e, aqui no Paran\u00e1, quem cometer vai para pres\u00eddio de seguran\u00e7a m\u00e1xima&#8221;.<\/p>\n<h3>Contexto da entrevista<\/h3>\n<p>A fala foi dada durante a s\u00e9rie de entrevistas do telejornal com os candidatos mais bem posicionados na \u00faltima pesquisa Quaest. A ordem das entrevistas foi definida por sorteio e cada candidato teve 30 minutos. A rodada inclui, segundo o G1, nomes como Alexandre Curi (Republicanos), Gleisi Hoffmann (PT) e Deltan Dallagnol (Novo); Cristina Graeml (PSD) foi anunciada como a \u00faltima entrevistada da s\u00e9rie, marcada para sexta-feira (4).<\/p>\n<h3>Outros temas abordados<\/h3>\n<ul>\n<li>Diverg\u00eancias com Sergio Moro: Barros disse que deixou no passado declara\u00e7\u00f5es feitas em 2022 contra Moro e que a alian\u00e7a atual busca concentrar esfor\u00e7os no projeto para o Paran\u00e1.<\/li>\n<li>Posicionamentos pol\u00edticos: afirmou que foi transparente sobre suas pautas e que n\u00e3o abriu m\u00e3o de princ\u00edpios e valores.<\/li>\n<li>Rela\u00e7\u00e3o com a dire\u00e7\u00e3o do PL: questionado sobre Valdemar Costa Neto, que foi condenado no passado por corrup\u00e7\u00e3o, Barros afirmou que o dirigente reconheceu os erros e cumpriu a pena, e declarou gratid\u00e3o por ele ter aberto espa\u00e7o para Jair Bolsonaro no partido.<\/li>\n<li>Recursos de campanha: questionado sobre o recebimento de R$ 3,8 milh\u00f5es do Fundo Especial de Financiamento de Campanha, disse continuar contra o modelo atual e defendeu o retorno das doa\u00e7\u00f5es privadas de pessoas f\u00edsicas com mecanismos de transpar\u00eancia e fiscaliza\u00e7\u00e3o.<\/li>\n<li>Escala 6&#215;1: disse ser favor\u00e1vel ao fim da escala por entender que permite maior conviv\u00eancia familiar, mas condicionou o apoio a mudan\u00e7as paralelas como redu\u00e7\u00e3o da carga tribut\u00e1ria, diminui\u00e7\u00e3o do tamanho da m\u00e1quina p\u00fablica, desburocratiza\u00e7\u00e3o e est\u00edmulos \u00e0 gera\u00e7\u00e3o de empregos e renda.<\/li>\n<li>Impeachment de ministros do STF e reforma do Judici\u00e1rio: afirmou ser favor\u00e1vel a impeachment em casos de abuso de poder e defendeu reforma incluindo crit\u00e9rios como idade m\u00ednima e experi\u00eancia pr\u00e9via na magistratura.<\/li>\n<li>Tarifas dos EUA: afirmou que o governo federal falhou na interlocu\u00e7\u00e3o com autoridades americanas e relatou ter mantido di\u00e1logo com parlamentares dos EUA em viagens a Washington.<\/li>\n<li>Seguran\u00e7a e rodovias: defendeu aumento das penas para crimes de tr\u00e2nsito, fiscaliza\u00e7\u00e3o mais rigorosa das concession\u00e1rias, investimentos em ferrovias e uso de tecnologias de monitoramento.<\/li>\n<li>Maioridade penal: declarou ser favor\u00e1vel \u00e0 redu\u00e7\u00e3o para 16 anos e afirmou que votar\u00e1 favoravelmente caso a proposta seja analisada pelo Senado e ele seja eleito.<\/li>\n<\/ul>\n<p>As informa\u00e7\u00f5es desta mat\u00e9ria s\u00e3o baseadas em reportagem publicada pelo G1 sobre a entrevista concedida por Filipe Barros ao telejornal Meio-Dia Paran\u00e1.<\/p>","protected":false},"excerpt":{"rendered":"<p>Em entrevista \u00e0 RPC, o candidato ao Senado pelo Paran\u00e1 Filipe Barros (PL) disse que Defendo aumento de pena e pris\u00e3o em pres\u00eddios de seguran\u00e7a m\u00e1xima. Em entrevista na quinta-feira (3) ao telejornal Meio-Dia Paran\u00e1, da RPC, Filipe Barros, candidato ao Senado pelo Paran\u00e1 pelo PL, afirmou que Defendo o aumento das penas para quem [&hellip;]<\/p>\n","protected":false},"author":1,"featured_media":170371,"comment_status":"","ping_status":"","sticky":false,"template":"","format":"standard","meta":{"googlesitekit_rrm_CAow2JLhCw:productID":"","_gspb_post_css":"","maa_idioma":"","maa_pais":"","footnotes":""},"categories":[4],"tags":[],"class_list":["post-170370","post","type-post","status-publish","format-standard","has-post-thumbnail","hentry","category-brasil"],"blocksy_meta":[],"yoast_head":"<!-- This site is optimized with the Yoast SEO Premium plugin v27.6 (Yoast SEO v27.6) - https:\/\/yoast.com\/product\/yoast-seo-premium-wordpress\/ -->\n<title>Filipe Barros prop\u00f5e aumento de pena e pris\u00e3o em pres\u00eddios de seguran\u00e7a m\u00e1xima para casos de feminic\u00eddio - Ubirat\u00e3 Online Not\u00edcias - A realidade ao seu alcance!<\/title>\n<meta name=\"description\" content=\"Em entrevista \u00e0 RPC, o candidato ao Senado pelo Paran\u00e1 Filipe Barros (PL) disse que Defendo aumento de pena e pris\u00e3o em pres\u00eddios de seguran\u00e7a m\u00e1xima. Em\" \/>\n<meta name=\"robots\" content=\"index, follow, max-snippet:-1, max-image-preview:large, max-video-preview:-1\" \/>\n<link rel=\"canonical\" href=\"https:\/\/ubirataonline.com.br\/en\/filipe-barros-propoe-aumento-de-pena-e-prisao-em-presidios-de-seguranca-maxima-para-casos-de-feminicidio\/\" \/>\n<meta property=\"og:locale\" content=\"en_US\" \/>\n<meta property=\"og:type\" content=\"article\" \/>\n<meta property=\"og:title\" content=\"Filipe Barros prop\u00f5e aumento de pena e pris\u00e3o em pres\u00eddios de seguran\u00e7a m\u00e1xima para casos de feminic\u00eddio\" \/>\n<meta property=\"og:description\" content=\"Em entrevista \u00e0 RPC, o candidato ao Senado pelo Paran\u00e1 Filipe Barros (PL) disse que Defendo aumento de pena e pris\u00e3o em pres\u00eddios de seguran\u00e7a m\u00e1xima. Em\" \/>\n<meta property=\"og:url\" content=\"https:\/\/ubirataonline.com.br\/en\/filipe-barros-propoe-aumento-de-pena-e-prisao-em-presidios-de-seguranca-maxima-para-casos-de-feminicidio\/\" \/>\n<meta property=\"og:site_name\" content=\"Ubirat\u00e3 Online Not\u00edcias - A realidade ao seu alcance!\" \/>\n<meta property=\"article:publisher\" content=\"https:\/\/www.facebook.com\/portalubirataonline\" \/>\n<meta property=\"article:author\" content=\"https:\/\/www.facebook.com\/portalubirataonline\" \/>\n<meta property=\"article:published_time\" content=\"2026-09-03T18:15:15+00:00\" \/>\n<meta property=\"og:image\" content=\"https:\/\/ubirataonline.com.br\/wp-content\/uploads\/2026\/05\/logo2026.webp\" \/>\n\t<meta property=\"og:image:width\" content=\"1531\" \/>\n\t<meta property=\"og:image:height\" content=\"418\" \/>\n\t<meta property=\"og:image:type\" content=\"image\/webp\" \/>\n<meta name=\"author\" content=\"REDA\u00c7\u00c3O: UBIRAT\u00c3 ONLINE - F\u00c1BIO AUGUSTO CELESTINO\" \/>\n<meta name=\"twitter:card\" content=\"summary_large_image\" \/>\n<meta name=\"twitter:creator\" content=\"@x.com\/ubirataonline\" \/>\n<meta name=\"twitter:site\" content=\"@ubirataonline\" \/>\n<meta name=\"twitter:label1\" content=\"Written by\" \/>\n\t<meta name=\"twitter:data1\" content=\"REDA\u00c7\u00c3O: UBIRAT\u00c3 ONLINE - F\u00c1BIO AUGUSTO CELESTINO\" \/>\n\t<meta name=\"twitter:label2\" content=\"Est. reading time\" \/>\n\t<meta name=\"twitter:data2\" content=\"3 minutes\" \/>\n<script type=\"application\/ld+json\" class=\"yoast-schema-graph\">{\"@context\":\"https:\\\/\\\/schema.org\",\"@graph\":[{\"@type\":\"NewsArticle\",\"@id\":\"https:\\\/\\\/ubirataonline.com.br\\\/filipe-barros-propoe-aumento-de-pena-e-prisao-em-presidios-de-seguranca-maxima-para-casos-de-feminicidio\\\/#article\",\"isPartOf\":{\"@id\":\"https:\\\/\\\/ubirataonline.com.br\\\/filipe-barros-propoe-aumento-de-pena-e-prisao-em-presidios-de-seguranca-maxima-para-casos-de-feminicidio\\\/\"},\"author\":{\"name\":\"REDA\u00c7\u00c3O: UBIRAT\u00c3 ONLINE - F\u00c1BIO AUGUSTO CELESTINO\",\"@id\":\"https:\\\/\\\/ubirataonline.com.br\\\/#\\\/schema\\\/person\\\/372f87bbd3fdd79b8556b84c98d0bc1c\"},\"headline\":\"Filipe Barros prop\u00f5e aumento de pena e pris\u00e3o em pres\u00eddios de seguran\u00e7a m\u00e1xima para casos de feminic\u00eddio\",\"datePublished\":\"2026-09-03T18:15:15+00:00\",\"mainEntityOfPage\":{\"@id\":\"https:\\\/\\\/ubirataonline.com.br\\\/filipe-barros-propoe-aumento-de-pena-e-prisao-em-presidios-de-seguranca-maxima-para-casos-de-feminicidio\\\/\"},\"wordCount\":586,\"publisher\":{\"@id\":\"https:\\\/\\\/ubirataonline.com.br\\\/#organization\"},\"image\":{\"@id\":\"https:\\\/\\\/ubirataonline.com.br\\\/filipe-barros-propoe-aumento-de-pena-e-prisao-em-presidios-de-seguranca-maxima-para-casos-de-feminicidio\\\/#primaryimage\"},\"thumbnailUrl\":\"https:\\\/\\\/ubirataonline.com.br\\\/wp-content\\\/uploads\\\/2026\\\/09\\\/maaimg-post-170370-20260903-181536.webp\",\"articleSection\":[\"Brasil\"],\"inLanguage\":\"en-US\",\"copyrightYear\":\"2026\",\"copyrightHolder\":{\"@id\":\"https:\\\/\\\/ubirataonline.com.br\\\/en\\\/#organization\"}},{\"@type\":\"WebPage\",\"@id\":\"https:\\\/\\\/ubirataonline.com.br\\\/filipe-barros-propoe-aumento-de-pena-e-prisao-em-presidios-de-seguranca-maxima-para-casos-de-feminicidio\\\/\",\"url\":\"https:\\\/\\\/ubirataonline.com.br\\\/filipe-barros-propoe-aumento-de-pena-e-prisao-em-presidios-de-seguranca-maxima-para-casos-de-feminicidio\\\/\",\"name\":\"Filipe Barros prop\u00f5e aumento de pena e pris\u00e3o em pres\u00eddios de seguran\u00e7a m\u00e1xima para casos de feminic\u00eddio - Ubirat\u00e3 Online Not\u00edcias - A realidade ao seu alcance!\",\"isPartOf\":{\"@id\":\"https:\\\/\\\/ubirataonline.com.br\\\/#website\"},\"primaryImageOfPage\":{\"@id\":\"https:\\\/\\\/ubirataonline.com.br\\\/filipe-barros-propoe-aumento-de-pena-e-prisao-em-presidios-de-seguranca-maxima-para-casos-de-feminicidio\\\/#primaryimage\"},\"image\":{\"@id\":\"https:\\\/\\\/ubirataonline.com.br\\\/filipe-barros-propoe-aumento-de-pena-e-prisao-em-presidios-de-seguranca-maxima-para-casos-de-feminicidio\\\/#primaryimage\"},\"thumbnailUrl\":\"https:\\\/\\\/ubirataonline.com.br\\\/wp-content\\\/uploads\\\/2026\\\/09\\\/maaimg-post-170370-20260903-181536.webp\",\"datePublished\":\"2026-09-03T18:15:15+00:00\",\"description\":\"Em entrevista \u00e0 RPC, o candidato ao Senado pelo Paran\u00e1 Filipe Barros (PL) disse que Defendo aumento de pena e pris\u00e3o em pres\u00eddios de seguran\u00e7a m\u00e1xima. Em\",\"breadcrumb\":{\"@id\":\"https:\\\/\\\/ubirataonline.com.br\\\/filipe-barros-propoe-aumento-de-pena-e-prisao-em-presidios-de-seguranca-maxima-para-casos-de-feminicidio\\\/#breadcrumb\"},\"inLanguage\":\"en-US\",\"potentialAction\":[{\"@type\":\"ReadAction\",\"target\":[\"https:\\\/\\\/ubirataonline.com.br\\\/filipe-barros-propoe-aumento-de-pena-e-prisao-em-presidios-de-seguranca-maxima-para-casos-de-feminicidio\\\/\"]}]},{\"@type\":\"ImageObject\",\"inLanguage\":\"en-US\",\"@id\":\"https:\\\/\\\/ubirataonline.com.br\\\/filipe-barros-propoe-aumento-de-pena-e-prisao-em-presidios-de-seguranca-maxima-para-casos-de-feminicidio\\\/#primaryimage\",\"url\":\"https:\\\/\\\/ubirataonline.com.br\\\/wp-content\\\/uploads\\\/2026\\\/09\\\/maaimg-post-170370-20260903-181536.webp\",\"contentUrl\":\"https:\\\/\\\/ubirataonline.com.br\\\/wp-content\\\/uploads\\\/2026\\\/09\\\/maaimg-post-170370-20260903-181536.webp\",\"width\":1536,\"height\":1024,\"caption\":\"Imagem ilustrativa Gerada por IA\"},{\"@type\":\"BreadcrumbList\",\"@id\":\"https:\\\/\\\/ubirataonline.com.br\\\/filipe-barros-propoe-aumento-de-pena-e-prisao-em-presidios-de-seguranca-maxima-para-casos-de-feminicidio\\\/#breadcrumb\",\"itemListElement\":[{\"@type\":\"ListItem\",\"position\":1,\"name\":\"In\u00edcio\",\"item\":\"https:\\\/\\\/ubirataonline.com.br\\\/\"},{\"@type\":\"ListItem\",\"position\":2,\"name\":\"Filipe Barros prop\u00f5e aumento de pena e pris\u00e3o em pres\u00eddios de seguran\u00e7a m\u00e1xima para casos de feminic\u00eddio\"}]},{\"@type\":\"WebSite\",\"@id\":\"https:\\\/\\\/ubirataonline.com.br\\\/#website\",\"url\":\"https:\\\/\\\/ubirataonline.com.br\\\/\",\"name\":\"Ubirat\u00e3 Online Not\u00edcias\",\"description\":\"Not\u00edcias de Ubirat\u00e3, regi\u00e3o, Brasil e mundo, com informa\u00e7\u00e3o atualizada e compromisso com o leitor.\",\"publisher\":{\"@id\":\"https:\\\/\\\/ubirataonline.com.br\\\/#organization\"},\"alternateName\":\"Ubirat\u00e3 Online\",\"potentialAction\":[{\"@type\":\"SearchAction\",\"target\":{\"@type\":\"EntryPoint\",\"urlTemplate\":\"https:\\\/\\\/ubirataonline.com.br\\\/?s={search_term_string}\"},\"query-input\":{\"@type\":\"PropertyValueSpecification\",\"valueRequired\":true,\"valueName\":\"search_term_string\"}}],\"inLanguage\":\"en-US\"},{\"@type\":[\"Organization\",\"Place\"],\"@id\":\"https:\\\/\\\/ubirataonline.com.br\\\/#organization\",\"name\":\"Ubirat\u00e3 Online Not\u00edcias\",\"alternateName\":\"Ubirat\u00e3 Online\",\"url\":\"https:\\\/\\\/ubirataonline.com.br\\\/\",\"logo\":{\"@id\":\"https:\\\/\\\/ubirataonline.com.br\\\/filipe-barros-propoe-aumento-de-pena-e-prisao-em-presidios-de-seguranca-maxima-para-casos-de-feminicidio\\\/#local-main-organization-logo\"},\"image\":{\"@id\":\"https:\\\/\\\/ubirataonline.com.br\\\/filipe-barros-propoe-aumento-de-pena-e-prisao-em-presidios-de-seguranca-maxima-para-casos-de-feminicidio\\\/#local-main-organization-logo\"},\"sameAs\":[\"https:\\\/\\\/www.facebook.com\\\/portalubirataonline\",\"https:\\\/\\\/x.com\\\/ubirataonline\",\"https:\\\/\\\/mastodon.social\\\/@ubirataonline\",\"https:\\\/\\\/www.facebook.com\\\/groups\\\/311144672285604\",\"https:\\\/\\\/www.facebook.com\\\/UBTAOnline\",\"https:\\\/\\\/www.instagram.com\\\/portalubirataonline\\\/\",\"https:\\\/\\\/twitter.com\\\/ubirataonline\"],\"description\":\"Somos um portal de not\u00edcias independente, criado em 5 de janeiro de 2009, com o objetivo de informar, conectar e valorizar a nossa comunidade de Ubirat\u00e3 e toda aregi\u00e3o. Com conte\u00fado atualizado, confi\u00e1vel e relevante, o Ubirat\u00e3 Online \u00e9 o seu espa\u00e7o para ficar por dentro dos principais acontecimentos locais, regionais, Brasil, Mundo e de interesse geral. Nosso compromisso \u00e9 com a verdade, a transpar\u00eancia e o respeito ao leitor.\",\"legalName\":\"UBIRATA ONLINE NOT\u00cdCIAS\",\"foundingDate\":\"2009-01-05\",\"numberOfEmployees\":{\"@type\":\"QuantitativeValue\",\"minValue\":\"1\",\"maxValue\":\"10\"},\"publishingPrinciples\":\"https:\\\/\\\/ubirataonline.com.br\\\/faq\\\/\",\"address\":{\"@id\":\"https:\\\/\\\/ubirataonline.com.br\\\/filipe-barros-propoe-aumento-de-pena-e-prisao-em-presidios-de-seguranca-maxima-para-casos-de-feminicidio\\\/#local-main-place-address\"},\"geo\":{\"@type\":\"GeoCoordinates\",\"latitude\":\"-24.5361401\",\"longitude\":\"-52.9921776\"},\"telephone\":[\"+5544998308235\"],\"contactPoint\":{\"@type\":\"ContactPoint\",\"email\":\"contato@ubirataonline.com.br\"},\"openingHoursSpecification\":{\"@type\":\"OpeningHoursSpecification\",\"dayOfWeek\":[\"Monday\",\"Tuesday\",\"Wednesday\",\"Thursday\",\"Friday\",\"Saturday\",\"Sunday\"],\"opens\":\"00:00\",\"closes\":\"23:59\"},\"email\":\"contato@ubirataonline.com.br\",\"vatID\":\"47.621.418\\\/0001-80\"},{\"@type\":\"Person\",\"@id\":\"https:\\\/\\\/ubirataonline.com.br\\\/#\\\/schema\\\/person\\\/372f87bbd3fdd79b8556b84c98d0bc1c\",\"name\":\"REDA\u00c7\u00c3O: UBIRAT\u00c3 ONLINE - F\u00c1BIO AUGUSTO CELESTINO\",\"pronouns\":\"Ele\",\"description\":\"Desde 2003 trabalhando com not\u00edcias.\",\"sameAs\":[\"http:\\\/\\\/ubirataoline.com.br\",\"https:\\\/\\\/www.facebook.com\\\/portalubirataonline\",\"https:\\\/\\\/www.instagram.com\\\/ubirataonline_oficial\",\"https:\\\/\\\/x.com\\\/x.com\\\/ubirataonline\"],\"honorificPrefix\":\"Mr.\",\"honorificSuffix\":\"MD\",\"birthDate\":\"1980-06-16\",\"gender\":\"masculino\",\"award\":[\"V\u00e1rios pr\u00eamios de melhor portal da cidade\"],\"jobTitle\":\"Diretor\",\"url\":\"https:\\\/\\\/ubirataonline.com.br\\\/en\\\/author\\\/ubirataonline\\\/\"},{\"@type\":\"PostalAddress\",\"@id\":\"https:\\\/\\\/ubirataonline.com.br\\\/filipe-barros-propoe-aumento-de-pena-e-prisao-em-presidios-de-seguranca-maxima-para-casos-de-feminicidio\\\/#local-main-place-address\",\"streetAddress\":\"Rua dos Coqueiros, 104 - Bairro Boa Vista, Rua dos Coqueiros, 104 Bairro Boa Vista\",\"addressLocality\":\"UBIRATA\",\"postalCode\":\"85440-000\",\"addressRegion\":\"PR\",\"addressCountry\":\"BR\"},{\"@type\":\"ImageObject\",\"inLanguage\":\"en-US\",\"@id\":\"https:\\\/\\\/ubirataonline.com.br\\\/filipe-barros-propoe-aumento-de-pena-e-prisao-em-presidios-de-seguranca-maxima-para-casos-de-feminicidio\\\/#local-main-organization-logo\",\"url\":\"https:\\\/\\\/ubirataonline.com.br\\\/wp-content\\\/uploads\\\/2026\\\/06\\\/logoubirataonline-1.webp\",\"contentUrl\":\"https:\\\/\\\/ubirataonline.com.br\\\/wp-content\\\/uploads\\\/2026\\\/06\\\/logoubirataonline-1.webp\",\"width\":500,\"height\":500,\"caption\":\"Ubirat\u00e3 Online Not\u00edcias\"}]}<\/script>\n<meta name=\"geo.placename\" content=\"UBIRATA\" \/>\n<meta name=\"geo.position\" content=\"-24.5361401;-52.9921776\" \/>\n<meta name=\"geo.region\" content=\"Brazil\" \/>\n<!-- \/ Yoast SEO Premium plugin. -->","yoast_head_json":{"title":"Filipe Barros prop\u00f5e aumento de pena e pris\u00e3o em pres\u00eddios de seguran\u00e7a m\u00e1xima para casos de feminic\u00eddio - Ubirat\u00e3 Online Not\u00edcias - A realidade ao seu alcance!","description":"Em entrevista \u00e0 RPC, o candidato ao Senado pelo Paran\u00e1 Filipe Barros (PL) disse que Defendo aumento de pena e pris\u00e3o em pres\u00eddios de seguran\u00e7a m\u00e1xima. Em","robots":{"index":"index","follow":"follow","max-snippet":"max-snippet:-1","max-image-preview":"max-image-preview:large","max-video-preview":"max-video-preview:-1"},"canonical":"https:\/\/ubirataonline.com.br\/en\/filipe-barros-propoe-aumento-de-pena-e-prisao-em-presidios-de-seguranca-maxima-para-casos-de-feminicidio\/","og_locale":"en_US","og_type":"article","og_title":"Filipe Barros prop\u00f5e aumento de pena e pris\u00e3o em pres\u00eddios de seguran\u00e7a m\u00e1xima para casos de feminic\u00eddio","og_description":"Em entrevista \u00e0 RPC, o candidato ao Senado pelo Paran\u00e1 Filipe Barros (PL) disse que Defendo aumento de pena e pris\u00e3o em pres\u00eddios de seguran\u00e7a m\u00e1xima. Em","og_url":"https:\/\/ubirataonline.com.br\/en\/filipe-barros-propoe-aumento-de-pena-e-prisao-em-presidios-de-seguranca-maxima-para-casos-de-feminicidio\/","og_site_name":"Ubirat\u00e3 Online Not\u00edcias - A realidade ao seu alcance!","article_publisher":"https:\/\/www.facebook.com\/portalubirataonline","article_author":"https:\/\/www.facebook.com\/portalubirataonline","article_published_time":"2026-09-03T18:15:15+00:00","og_image":[{"width":1531,"height":418,"url":"https:\/\/ubirataonline.com.br\/wp-content\/uploads\/2026\/05\/logo2026.webp","type":"image\/webp"}],"author":"REDA\u00c7\u00c3O: UBIRAT\u00c3 ONLINE - F\u00c1BIO AUGUSTO CELESTINO","twitter_card":"summary_large_image","twitter_creator":"@x.com\/ubirataonline","twitter_site":"@ubirataonline","twitter_misc":{"Written by":"REDA\u00c7\u00c3O: UBIRAT\u00c3 ONLINE - F\u00c1BIO AUGUSTO CELESTINO","Est. reading time":"3 minutes"},"schema":{"@context":"https:\/\/schema.org","@graph":[{"@type":"NewsArticle","@id":"https:\/\/ubirataonline.com.br\/filipe-barros-propoe-aumento-de-pena-e-prisao-em-presidios-de-seguranca-maxima-para-casos-de-feminicidio\/#article","isPartOf":{"@id":"https:\/\/ubirataonline.com.br\/filipe-barros-propoe-aumento-de-pena-e-prisao-em-presidios-de-seguranca-maxima-para-casos-de-feminicidio\/"},"author":{"name":"REDA\u00c7\u00c3O: UBIRAT\u00c3 ONLINE - F\u00c1BIO AUGUSTO CELESTINO","@id":"https:\/\/ubirataonline.com.br\/#\/schema\/person\/372f87bbd3fdd79b8556b84c98d0bc1c"},"headline":"Filipe Barros prop\u00f5e aumento de pena e pris\u00e3o em pres\u00eddios de seguran\u00e7a m\u00e1xima para casos de feminic\u00eddio","datePublished":"2026-09-03T18:15:15+00:00","mainEntityOfPage":{"@id":"https:\/\/ubirataonline.com.br\/filipe-barros-propoe-aumento-de-pena-e-prisao-em-presidios-de-seguranca-maxima-para-casos-de-feminicidio\/"},"wordCount":586,"publisher":{"@id":"https:\/\/ubirataonline.com.br\/#organization"},"image":{"@id":"https:\/\/ubirataonline.com.br\/filipe-barros-propoe-aumento-de-pena-e-prisao-em-presidios-de-seguranca-maxima-para-casos-de-feminicidio\/#primaryimage"},"thumbnailUrl":"https:\/\/ubirataonline.com.br\/wp-content\/uploads\/2026\/09\/maaimg-post-170370-20260903-181536.webp","articleSection":["Brasil"],"inLanguage":"en-US","copyrightYear":"2026","copyrightHolder":{"@id":"https:\/\/ubirataonline.com.br\/en\/#organization"}},{"@type":"WebPage","@id":"https:\/\/ubirataonline.com.br\/filipe-barros-propoe-aumento-de-pena-e-prisao-em-presidios-de-seguranca-maxima-para-casos-de-feminicidio\/","url":"https:\/\/ubirataonline.com.br\/filipe-barros-propoe-aumento-de-pena-e-prisao-em-presidios-de-seguranca-maxima-para-casos-de-feminicidio\/","name":"Filipe Barros prop\u00f5e aumento de pena e pris\u00e3o em pres\u00eddios de seguran\u00e7a m\u00e1xima para casos de feminic\u00eddio - Ubirat\u00e3 Online Not\u00edcias - A realidade ao seu alcance!","isPartOf":{"@id":"https:\/\/ubirataonline.com.br\/#website"},"primaryImageOfPage":{"@id":"https:\/\/ubirataonline.com.br\/filipe-barros-propoe-aumento-de-pena-e-prisao-em-presidios-de-seguranca-maxima-para-casos-de-feminicidio\/#primaryimage"},"image":{"@id":"https:\/\/ubirataonline.com.br\/filipe-barros-propoe-aumento-de-pena-e-prisao-em-presidios-de-seguranca-maxima-para-casos-de-feminicidio\/#primaryimage"},"thumbnailUrl":"https:\/\/ubirataonline.com.br\/wp-content\/uploads\/2026\/09\/maaimg-post-170370-20260903-181536.webp","datePublished":"2026-09-03T18:15:15+00:00","description":"Em entrevista \u00e0 RPC, o candidato ao Senado pelo Paran\u00e1 Filipe Barros (PL) disse que Defendo aumento de pena e pris\u00e3o em pres\u00eddios de seguran\u00e7a m\u00e1xima. Em","breadcrumb":{"@id":"https:\/\/ubirataonline.com.br\/filipe-barros-propoe-aumento-de-pena-e-prisao-em-presidios-de-seguranca-maxima-para-casos-de-feminicidio\/#breadcrumb"},"inLanguage":"en-US","potentialAction":[{"@type":"ReadAction","target":["https:\/\/ubirataonline.com.br\/filipe-barros-propoe-aumento-de-pena-e-prisao-em-presidios-de-seguranca-maxima-para-casos-de-feminicidio\/"]}]},{"@type":"ImageObject","inLanguage":"en-US","@id":"https:\/\/ubirataonline.com.br\/filipe-barros-propoe-aumento-de-pena-e-prisao-em-presidios-de-seguranca-maxima-para-casos-de-feminicidio\/#primaryimage","url":"https:\/\/ubirataonline.com.br\/wp-content\/uploads\/2026\/09\/maaimg-post-170370-20260903-181536.webp","contentUrl":"https:\/\/ubirataonline.com.br\/wp-content\/uploads\/2026\/09\/maaimg-post-170370-20260903-181536.webp","width":1536,"height":1024,"caption":"Imagem ilustrativa Gerada por IA"},{"@type":"BreadcrumbList","@id":"https:\/\/ubirataonline.com.br\/filipe-barros-propoe-aumento-de-pena-e-prisao-em-presidios-de-seguranca-maxima-para-casos-de-feminicidio\/#breadcrumb","itemListElement":[{"@type":"ListItem","position":1,"name":"In\u00edcio","item":"https:\/\/ubirataonline.com.br\/"},{"@type":"ListItem","position":2,"name":"Filipe Barros prop\u00f5e aumento de pena e pris\u00e3o em pres\u00eddios de seguran\u00e7a m\u00e1xima para casos de feminic\u00eddio"}]},{"@type":"WebSite","@id":"https:\/\/ubirataonline.com.br\/#website","url":"https:\/\/ubirataonline.com.br\/","name":"Ubirat\u00e3 Online Not\u00edcias","description":"Not\u00edcias de Ubirat\u00e3, regi\u00e3o, Brasil e mundo, com informa\u00e7\u00e3o atualizada e compromisso com o leitor.","publisher":{"@id":"https:\/\/ubirataonline.com.br\/#organization"},"alternateName":"Ubirat\u00e3 Online","potentialAction":[{"@type":"SearchAction","target":{"@type":"EntryPoint","urlTemplate":"https:\/\/ubirataonline.com.br\/?s={search_term_string}"},"query-input":{"@type":"PropertyValueSpecification","valueRequired":true,"valueName":"search_term_string"}}],"inLanguage":"en-US"},{"@type":["Organization","Place"],"@id":"https:\/\/ubirataonline.com.br\/#organization","name":"Ubirat\u00e3 Online Not\u00edcias","alternateName":"Ubirat\u00e3 Online","url":"https:\/\/ubirataonline.com.br\/","logo":{"@id":"https:\/\/ubirataonline.com.br\/filipe-barros-propoe-aumento-de-pena-e-prisao-em-presidios-de-seguranca-maxima-para-casos-de-feminicidio\/#local-main-organization-logo"},"image":{"@id":"https:\/\/ubirataonline.com.br\/filipe-barros-propoe-aumento-de-pena-e-prisao-em-presidios-de-seguranca-maxima-para-casos-de-feminicidio\/#local-main-organization-logo"},"sameAs":["https:\/\/www.facebook.com\/portalubirataonline","https:\/\/x.com\/ubirataonline","https:\/\/mastodon.social\/@ubirataonline","https:\/\/www.facebook.com\/groups\/311144672285604","https:\/\/www.facebook.com\/UBTAOnline","https:\/\/www.instagram.com\/portalubirataonline\/","https:\/\/twitter.com\/ubirataonline"],"description":"Somos um portal de not\u00edcias independente, criado em 5 de janeiro de 2009, com o objetivo de informar, conectar e valorizar a nossa comunidade de Ubirat\u00e3 e toda aregi\u00e3o. Com conte\u00fado atualizado, confi\u00e1vel e relevante, o Ubirat\u00e3 Online \u00e9 o seu espa\u00e7o para ficar por dentro dos principais acontecimentos locais, regionais, Brasil, Mundo e de interesse geral. Nosso compromisso \u00e9 com a verdade, a transpar\u00eancia e o respeito ao leitor.","legalName":"UBIRATA ONLINE NOT\u00cdCIAS","foundingDate":"2009-01-05","numberOfEmployees":{"@type":"QuantitativeValue","minValue":"1","maxValue":"10"},"publishingPrinciples":"https:\/\/ubirataonline.com.br\/faq\/","address":{"@id":"https:\/\/ubirataonline.com.br\/filipe-barros-propoe-aumento-de-pena-e-prisao-em-presidios-de-seguranca-maxima-para-casos-de-feminicidio\/#local-main-place-address"},"geo":{"@type":"GeoCoordinates","latitude":"-24.5361401","longitude":"-52.9921776"},"telephone":["+5544998308235"],"contactPoint":{"@type":"ContactPoint","email":"contato@ubirataonline.com.br"},"openingHoursSpecification":{"@type":"OpeningHoursSpecification","dayOfWeek":["Monday","Tuesday","Wednesday","Thursday","Friday","Saturday","Sunday"],"opens":"00:00","closes":"23:59"},"email":"contato@ubirataonline.com.br","vatID":"47.621.418\/0001-80"},{"@type":"Person","@id":"https:\/\/ubirataonline.com.br\/#\/schema\/person\/372f87bbd3fdd79b8556b84c98d0bc1c","name":"REDA\u00c7\u00c3O: UBIRAT\u00c3 ONLINE - F\u00c1BIO AUGUSTO CELESTINO","pronouns":"Ele","description":"Desde 2003 trabalhando com not\u00edcias.","sameAs":["http:\/\/ubirataoline.com.br","https:\/\/www.facebook.com\/portalubirataonline","https:\/\/www.instagram.com\/ubirataonline_oficial","https:\/\/x.com\/x.com\/ubirataonline"],"honorificPrefix":"Mr.","honorificSuffix":"MD","birthDate":"1980-06-16","gender":"masculino","award":["V\u00e1rios pr\u00eamios de melhor portal da cidade"],"jobTitle":"Diretor","url":"https:\/\/ubirataonline.com.br\/en\/author\/ubirataonline\/"},{"@type":"PostalAddress","@id":"https:\/\/ubirataonline.com.br\/filipe-barros-propoe-aumento-de-pena-e-prisao-em-presidios-de-seguranca-maxima-para-casos-de-feminicidio\/#local-main-place-address","streetAddress":"Rua dos Coqueiros, 104 - Bairro Boa Vista, Rua dos Coqueiros, 104 Bairro Boa Vista","addressLocality":"UBIRATA","postalCode":"85440-000","addressRegion":"PR","addressCountry":"BR"},{"@type":"ImageObject","inLanguage":"en-US","@id":"https:\/\/ubirataonline.com.br\/filipe-barros-propoe-aumento-de-pena-e-prisao-em-presidios-de-seguranca-maxima-para-casos-de-feminicidio\/#local-main-organization-logo","url":"https:\/\/ubirataonline.com.br\/wp-content\/uploads\/2026\/06\/logoubirataonline-1.webp","contentUrl":"https:\/\/ubirataonline.com.br\/wp-content\/uploads\/2026\/06\/logoubirataonline-1.webp","width":500,"height":500,"caption":"Ubirat\u00e3 Online Not\u00edcias"}]},"geo.placename":"UBIRATA","geo.position":{"lat":"-24.5361401","long":"-52.9921776"},"geo.region":"Brazil"},"_links":{"self":[{"href":"https:\/\/ubirataonline.com.br\/en\/wp-json\/wp\/v2\/posts\/170370","targetHints":{"allow":["GET"]}}],"collection":[{"href":"https:\/\/ubirataonline.com.br\/en\/wp-json\/wp\/v2\/posts"}],"about":[{"href":"https:\/\/ubirataonline.com.br\/en\/wp-json\/wp\/v2\/types\/post"}],"author":[{"embeddable":true,"href":"https:\/\/ubirataonline.com.br\/en\/wp-json\/wp\/v2\/users\/1"}],"replies":[{"embeddable":true,"href":"https:\/\/ubirataonline.com.br\/en\/wp-json\/wp\/v2\/comments?post=170370"}],"version-history":[{"count":0,"href":"https:\/\/ubirataonline.com.br\/en\/wp-json\/wp\/v2\/posts\/170370\/revisions"}],"wp:featuredmedia":[{"embeddable":true,"href":"https:\/\/ubirataonline.com.br\/en\/wp-json\/wp\/v2\/media\/170371"}],"wp:attachment":[{"href":"https:\/\/ubirataonline.com.br\/en\/wp-json\/wp\/v2\/media?parent=170370"}],"wp:term":[{"taxonomy":"category","embeddable":true,"href":"https:\/\/ubirataonline.com.br\/en\/wp-json\/wp\/v2\/categories?post=170370"},{"taxonomy":"post_tag","embeddable":true,"href":"https:\/\/ubirataonline.com.br\/en\/wp-json\/wp\/v2\/tags?post=170370"}],"curies":[{"name":"wp","href":"https:\/\/api.w.org\/{rel}","templated":true}]}}