{"id":170413,"date":"2026-09-03T18:16:08","date_gmt":"2026-09-03T21:16:08","guid":{"rendered":"https:\/\/ubirataonline.com.br\/agente-do-ice-e-acusado-de-mentir-sobre-disparo-que-feriu-migrante-venezuelan-em-minnesota\/"},"modified":"2026-09-03T18:16:08","modified_gmt":"2026-09-03T21:16:08","slug":"agente-do-ice-e-acusado-de-mentir-sobre-disparo-que-feriu-migrante-venezuelan-em-minnesota","status":"publish","type":"post","link":"https:\/\/ubirataonline.com.br\/en\/agente-do-ice-e-acusado-de-mentir-sobre-disparo-que-feriu-migrante-venezuelan-em-minnesota\/","title":{"rendered":"Agente do ICE \u00e9 acusado de mentir sobre disparo que feriu migrante Venezuelan em Minnesota"},"content":{"rendered":"<h2>Christian Castro enfrenta indiciamento federal de seis acusa\u00e7\u00f5es por disparo em 14 de janeiro, segundo a CBS; autoridades de Minnesota dizem que ele atirou atrav\u00e9s de porta<\/h2>\n<p>Um agente do Immigration and Customs Enforcement (ICE) foi indiciado por supostamente mentir sobre um disparo n\u00e3o fatal contra um migrante Venezuelan em Minnesota, informou a BBC citando a parceira nos EUA, a CBS.<\/p>\n<p>Christian Castro enfrenta um indiciamento federal de seis acusa\u00e7\u00f5es relacionado ao disparo ocorrido em 14 de janeiro, segundo a CBS. Autoridades de Minnesota dizem que o agente disparou atrav\u00e9s de uma porta fechada e acertou o homem na perna.<\/p>\n<h3>O indiciamento e as alega\u00e7\u00f5es<\/h3>\n<p>Autoridades de Minnesota tamb\u00e9m disseram que o agente teria disparado pela porta da frente sabendo que havia pessoas que haviam acabado de entrar na casa; o proj\u00e9til atravessou a porta, atingiu a perna de uma v\u00edtima e acabou na parede do quarto de uma crian\u00e7a, segundo a BBC.<\/p>\n<h3>Contexto da opera\u00e7\u00e3o e apura\u00e7\u00f5es anteriores<\/h3>\n<p>Alfredo Alejandro Aljorna e Julio Cesar Sosa-Celis \u2014 este \u00faltimo ferido na perna e sobreviveu \u2014 chegaram a ser inicialmente acusados de agredir, resistir ou impedir agentes federais. Ap\u00f3s Images de vigil\u00e2ncia levantarem d\u00favidas sobre a vers\u00e3o inicial dos fatos, promotores federais investigaram a atua\u00e7\u00e3o dos oficiais.<\/p>\n<p>Em fevereiro, o ICE afirmou que dois agentes migrat\u00f3rios poderiam ter feito &#8220;declara\u00e7\u00f5es n\u00e3o ver\u00eddicas&#8221; sobre o incidente e os colocou em licen\u00e7a administrativa, informou a BBC. As acusa\u00e7\u00f5es contra os migrantes foram posteriormente arquivadas, citando &#8220;evid\u00eancia rec\u00e9m-descoberta&#8221;, segundo a CBS.<\/p>\n<h3>Situa\u00e7\u00e3o processual e tentativas de extradi\u00e7\u00e3o<\/h3>\n<p>A reportagem informa que Castro foi preso no Texas em maio e permaneceu detido por tr\u00eas meses. O procurador-geral de Minnesota solicitou a extradi\u00e7\u00e3o para julgamento, mas o governador do Texas, Greg Abbott, afirmou que n\u00e3o aprovou o pedido por ter &#8220;s\u00e9rias d\u00favidas&#8221; de que Castro se qualificasse como fugitivo, conforme a BBC relatou.<\/p>\n<p><strong>Fontes:<\/strong> BBC, com informa\u00e7\u00f5es da parceira nos EUA CBS.<\/p>","protected":false},"excerpt":{"rendered":"<p>Christian Castro enfrenta indiciamento federal de seis acusa\u00e7\u00f5es por disparo em 14 de janeiro, segundo a CBS; autoridades de Minnesota dizem que ele atirou atrav\u00e9s de porta Um agente do Immigration and Customs Enforcement (ICE) foi indiciado por supostamente mentir sobre um disparo n\u00e3o fatal contra um migrante Venezuelan em Minnesota, informou a BBC citando [&hellip;]<\/p>\n","protected":false},"author":1,"featured_media":170414,"comment_status":"","ping_status":"","sticky":false,"template":"","format":"standard","meta":{"googlesitekit_rrm_CAow2JLhCw:productID":"","_gspb_post_css":"","maa_idioma":"","maa_pais":"","footnotes":""},"categories":[40158],"tags":[],"class_list":["post-170413","post","type-post","status-publish","format-standard","has-post-thumbnail","hentry","category-world"],"blocksy_meta":[],"yoast_head":"<!-- This site is optimized with the Yoast SEO Premium plugin v27.6 (Yoast SEO v27.6) - https:\/\/yoast.com\/product\/yoast-seo-premium-wordpress\/ -->\n<title>Agente do ICE \u00e9 acusado de mentir sobre disparo que feriu migrante Venezuelan em Minnesota - Ubirat\u00e3 Online Not\u00edcias - A realidade ao seu alcance!<\/title>\n<meta name=\"description\" content=\"Christian Castro enfrenta indiciamento federal de seis acusa\u00e7\u00f5es por disparo em 14 de janeiro, segundo a CBS; autoridades de Minnesota dizem que ele\" \/>\n<meta name=\"robots\" content=\"index, follow, max-snippet:-1, max-image-preview:large, max-video-preview:-1\" \/>\n<link rel=\"canonical\" href=\"https:\/\/ubirataonline.com.br\/en\/agente-do-ice-e-acusado-de-mentir-sobre-disparo-que-feriu-migrante-venezuelan-em-minnesota\/\" \/>\n<meta property=\"og:locale\" content=\"en_US\" \/>\n<meta property=\"og:type\" content=\"article\" \/>\n<meta property=\"og:title\" content=\"Agente do ICE \u00e9 acusado de mentir sobre disparo que feriu migrante Venezuelan em Minnesota\" \/>\n<meta property=\"og:description\" content=\"Christian Castro enfrenta indiciamento federal de seis acusa\u00e7\u00f5es por disparo em 14 de janeiro, segundo a CBS; autoridades de Minnesota dizem que ele\" \/>\n<meta property=\"og:url\" content=\"https:\/\/ubirataonline.com.br\/en\/agente-do-ice-e-acusado-de-mentir-sobre-disparo-que-feriu-migrante-venezuelan-em-minnesota\/\" \/>\n<meta property=\"og:site_name\" content=\"Ubirat\u00e3 Online Not\u00edcias - A realidade ao seu alcance!\" \/>\n<meta property=\"article:publisher\" content=\"https:\/\/www.facebook.com\/portalubirataonline\" \/>\n<meta property=\"article:author\" content=\"https:\/\/www.facebook.com\/portalubirataonline\" \/>\n<meta property=\"article:published_time\" content=\"2026-09-03T21:16:08+00:00\" \/>\n<meta property=\"og:image\" content=\"https:\/\/ubirataonline.com.br\/wp-content\/uploads\/2026\/05\/logo2026.webp\" \/>\n\t<meta property=\"og:image:width\" content=\"1531\" \/>\n\t<meta property=\"og:image:height\" content=\"418\" \/>\n\t<meta property=\"og:image:type\" content=\"image\/webp\" \/>\n<meta name=\"author\" content=\"REDA\u00c7\u00c3O: UBIRAT\u00c3 ONLINE - F\u00c1BIO AUGUSTO CELESTINO\" \/>\n<meta name=\"twitter:card\" content=\"summary_large_image\" \/>\n<meta name=\"twitter:creator\" content=\"@x.com\/ubirataonline\" \/>\n<meta name=\"twitter:site\" content=\"@ubirataonline\" \/>\n<meta name=\"twitter:label1\" content=\"Written by\" \/>\n\t<meta name=\"twitter:data1\" content=\"REDA\u00c7\u00c3O: UBIRAT\u00c3 ONLINE - F\u00c1BIO AUGUSTO CELESTINO\" \/>\n\t<meta name=\"twitter:label2\" content=\"Est. reading time\" \/>\n\t<meta name=\"twitter:data2\" content=\"2 minutes\" \/>\n<script type=\"application\/ld+json\" class=\"yoast-schema-graph\">{\"@context\":\"https:\\\/\\\/schema.org\",\"@graph\":[{\"@type\":\"NewsArticle\",\"@id\":\"https:\\\/\\\/ubirataonline.com.br\\\/agente-do-ice-e-acusado-de-mentir-sobre-disparo-que-feriu-migrante-venezuelan-em-minnesota\\\/#article\",\"isPartOf\":{\"@id\":\"https:\\\/\\\/ubirataonline.com.br\\\/agente-do-ice-e-acusado-de-mentir-sobre-disparo-que-feriu-migrante-venezuelan-em-minnesota\\\/\"},\"author\":{\"name\":\"REDA\u00c7\u00c3O: UBIRAT\u00c3 ONLINE - F\u00c1BIO AUGUSTO CELESTINO\",\"@id\":\"https:\\\/\\\/ubirataonline.com.br\\\/#\\\/schema\\\/person\\\/372f87bbd3fdd79b8556b84c98d0bc1c\"},\"headline\":\"Agente do ICE \u00e9 acusado de mentir sobre disparo que feriu migrante Venezuelan em Minnesota\",\"datePublished\":\"2026-09-03T21:16:08+00:00\",\"mainEntityOfPage\":{\"@id\":\"https:\\\/\\\/ubirataonline.com.br\\\/agente-do-ice-e-acusado-de-mentir-sobre-disparo-que-feriu-migrante-venezuelan-em-minnesota\\\/\"},\"wordCount\":359,\"publisher\":{\"@id\":\"https:\\\/\\\/ubirataonline.com.br\\\/#organization\"},\"image\":{\"@id\":\"https:\\\/\\\/ubirataonline.com.br\\\/agente-do-ice-e-acusado-de-mentir-sobre-disparo-que-feriu-migrante-venezuelan-em-minnesota\\\/#primaryimage\"},\"thumbnailUrl\":\"https:\\\/\\\/ubirataonline.com.br\\\/wp-content\\\/uploads\\\/2026\\\/09\\\/maaimg-post-170413-20260903-211625.webp\",\"articleSection\":[\"World\"],\"inLanguage\":\"en-US\",\"copyrightYear\":\"2026\",\"copyrightHolder\":{\"@id\":\"https:\\\/\\\/ubirataonline.com.br\\\/en\\\/#organization\"}},{\"@type\":\"WebPage\",\"@id\":\"https:\\\/\\\/ubirataonline.com.br\\\/agente-do-ice-e-acusado-de-mentir-sobre-disparo-que-feriu-migrante-venezuelan-em-minnesota\\\/\",\"url\":\"https:\\\/\\\/ubirataonline.com.br\\\/agente-do-ice-e-acusado-de-mentir-sobre-disparo-que-feriu-migrante-venezuelan-em-minnesota\\\/\",\"name\":\"Agente do ICE \u00e9 acusado de mentir sobre disparo que feriu migrante Venezuelan em Minnesota - Ubirat\u00e3 Online Not\u00edcias - A realidade ao seu alcance!\",\"isPartOf\":{\"@id\":\"https:\\\/\\\/ubirataonline.com.br\\\/#website\"},\"primaryImageOfPage\":{\"@id\":\"https:\\\/\\\/ubirataonline.com.br\\\/agente-do-ice-e-acusado-de-mentir-sobre-disparo-que-feriu-migrante-venezuelan-em-minnesota\\\/#primaryimage\"},\"image\":{\"@id\":\"https:\\\/\\\/ubirataonline.com.br\\\/agente-do-ice-e-acusado-de-mentir-sobre-disparo-que-feriu-migrante-venezuelan-em-minnesota\\\/#primaryimage\"},\"thumbnailUrl\":\"https:\\\/\\\/ubirataonline.com.br\\\/wp-content\\\/uploads\\\/2026\\\/09\\\/maaimg-post-170413-20260903-211625.webp\",\"datePublished\":\"2026-09-03T21:16:08+00:00\",\"description\":\"Christian Castro enfrenta indiciamento federal de seis acusa\u00e7\u00f5es por disparo em 14 de janeiro, segundo a CBS; autoridades de Minnesota dizem que ele\",\"breadcrumb\":{\"@id\":\"https:\\\/\\\/ubirataonline.com.br\\\/agente-do-ice-e-acusado-de-mentir-sobre-disparo-que-feriu-migrante-venezuelan-em-minnesota\\\/#breadcrumb\"},\"inLanguage\":\"en-US\",\"potentialAction\":[{\"@type\":\"ReadAction\",\"target\":[\"https:\\\/\\\/ubirataonline.com.br\\\/agente-do-ice-e-acusado-de-mentir-sobre-disparo-que-feriu-migrante-venezuelan-em-minnesota\\\/\"]}]},{\"@type\":\"ImageObject\",\"inLanguage\":\"en-US\",\"@id\":\"https:\\\/\\\/ubirataonline.com.br\\\/agente-do-ice-e-acusado-de-mentir-sobre-disparo-que-feriu-migrante-venezuelan-em-minnesota\\\/#primaryimage\",\"url\":\"https:\\\/\\\/ubirataonline.com.br\\\/wp-content\\\/uploads\\\/2026\\\/09\\\/maaimg-post-170413-20260903-211625.webp\",\"contentUrl\":\"https:\\\/\\\/ubirataonline.com.br\\\/wp-content\\\/uploads\\\/2026\\\/09\\\/maaimg-post-170413-20260903-211625.webp\",\"width\":1536,\"height\":1024,\"caption\":\"Imagem ilustrativa Gerada por IA\"},{\"@type\":\"BreadcrumbList\",\"@id\":\"https:\\\/\\\/ubirataonline.com.br\\\/agente-do-ice-e-acusado-de-mentir-sobre-disparo-que-feriu-migrante-venezuelan-em-minnesota\\\/#breadcrumb\",\"itemListElement\":[{\"@type\":\"ListItem\",\"position\":1,\"name\":\"In\u00edcio\",\"item\":\"https:\\\/\\\/ubirataonline.com.br\\\/\"},{\"@type\":\"ListItem\",\"position\":2,\"name\":\"Agente do ICE \u00e9 acusado de mentir sobre disparo que feriu migrante Venezuelan em Minnesota\"}]},{\"@type\":\"WebSite\",\"@id\":\"https:\\\/\\\/ubirataonline.com.br\\\/#website\",\"url\":\"https:\\\/\\\/ubirataonline.com.br\\\/\",\"name\":\"Ubirat\u00e3 Online Not\u00edcias\",\"description\":\"Not\u00edcias de Ubirat\u00e3, regi\u00e3o, Brasil e mundo, com informa\u00e7\u00e3o atualizada e compromisso com o leitor.\",\"publisher\":{\"@id\":\"https:\\\/\\\/ubirataonline.com.br\\\/#organization\"},\"alternateName\":\"Ubirat\u00e3 Online\",\"potentialAction\":[{\"@type\":\"SearchAction\",\"target\":{\"@type\":\"EntryPoint\",\"urlTemplate\":\"https:\\\/\\\/ubirataonline.com.br\\\/?s={search_term_string}\"},\"query-input\":{\"@type\":\"PropertyValueSpecification\",\"valueRequired\":true,\"valueName\":\"search_term_string\"}}],\"inLanguage\":\"en-US\"},{\"@type\":[\"Organization\",\"Place\"],\"@id\":\"https:\\\/\\\/ubirataonline.com.br\\\/#organization\",\"name\":\"Ubirat\u00e3 Online Not\u00edcias\",\"alternateName\":\"Ubirat\u00e3 Online\",\"url\":\"https:\\\/\\\/ubirataonline.com.br\\\/\",\"logo\":{\"@id\":\"https:\\\/\\\/ubirataonline.com.br\\\/agente-do-ice-e-acusado-de-mentir-sobre-disparo-que-feriu-migrante-venezuelan-em-minnesota\\\/#local-main-organization-logo\"},\"image\":{\"@id\":\"https:\\\/\\\/ubirataonline.com.br\\\/agente-do-ice-e-acusado-de-mentir-sobre-disparo-que-feriu-migrante-venezuelan-em-minnesota\\\/#local-main-organization-logo\"},\"sameAs\":[\"https:\\\/\\\/www.facebook.com\\\/portalubirataonline\",\"https:\\\/\\\/x.com\\\/ubirataonline\",\"https:\\\/\\\/mastodon.social\\\/@ubirataonline\",\"https:\\\/\\\/www.facebook.com\\\/groups\\\/311144672285604\",\"https:\\\/\\\/www.facebook.com\\\/UBTAOnline\",\"https:\\\/\\\/www.instagram.com\\\/portalubirataonline\\\/\",\"https:\\\/\\\/twitter.com\\\/ubirataonline\"],\"description\":\"Somos um portal de not\u00edcias independente, criado em 5 de janeiro de 2009, com o objetivo de informar, conectar e valorizar a nossa comunidade de Ubirat\u00e3 e toda aregi\u00e3o. Com conte\u00fado atualizado, confi\u00e1vel e relevante, o Ubirat\u00e3 Online \u00e9 o seu espa\u00e7o para ficar por dentro dos principais acontecimentos locais, regionais, Brasil, Mundo e de interesse geral. Nosso compromisso \u00e9 com a verdade, a transpar\u00eancia e o respeito ao leitor.\",\"legalName\":\"UBIRATA ONLINE NOT\u00cdCIAS\",\"foundingDate\":\"2009-01-05\",\"numberOfEmployees\":{\"@type\":\"QuantitativeValue\",\"minValue\":\"1\",\"maxValue\":\"10\"},\"publishingPrinciples\":\"https:\\\/\\\/ubirataonline.com.br\\\/faq\\\/\",\"address\":{\"@id\":\"https:\\\/\\\/ubirataonline.com.br\\\/agente-do-ice-e-acusado-de-mentir-sobre-disparo-que-feriu-migrante-venezuelan-em-minnesota\\\/#local-main-place-address\"},\"geo\":{\"@type\":\"GeoCoordinates\",\"latitude\":\"-24.5361401\",\"longitude\":\"-52.9921776\"},\"telephone\":[\"+5544998308235\"],\"contactPoint\":{\"@type\":\"ContactPoint\",\"email\":\"contato@ubirataonline.com.br\"},\"openingHoursSpecification\":{\"@type\":\"OpeningHoursSpecification\",\"dayOfWeek\":[\"Monday\",\"Tuesday\",\"Wednesday\",\"Thursday\",\"Friday\",\"Saturday\",\"Sunday\"],\"opens\":\"00:00\",\"closes\":\"23:59\"},\"email\":\"contato@ubirataonline.com.br\",\"vatID\":\"47.621.418\\\/0001-80\"},{\"@type\":\"Person\",\"@id\":\"https:\\\/\\\/ubirataonline.com.br\\\/#\\\/schema\\\/person\\\/372f87bbd3fdd79b8556b84c98d0bc1c\",\"name\":\"REDA\u00c7\u00c3O: UBIRAT\u00c3 ONLINE - F\u00c1BIO AUGUSTO CELESTINO\",\"pronouns\":\"Ele\",\"description\":\"Desde 2003 trabalhando com not\u00edcias.\",\"sameAs\":[\"http:\\\/\\\/ubirataoline.com.br\",\"https:\\\/\\\/www.facebook.com\\\/portalubirataonline\",\"https:\\\/\\\/www.instagram.com\\\/ubirataonline_oficial\",\"https:\\\/\\\/x.com\\\/x.com\\\/ubirataonline\"],\"honorificPrefix\":\"Mr.\",\"honorificSuffix\":\"MD\",\"birthDate\":\"1980-06-16\",\"gender\":\"masculino\",\"award\":[\"V\u00e1rios pr\u00eamios de melhor portal da cidade\"],\"jobTitle\":\"Diretor\",\"url\":\"https:\\\/\\\/ubirataonline.com.br\\\/en\\\/author\\\/ubirataonline\\\/\"},{\"@type\":\"PostalAddress\",\"@id\":\"https:\\\/\\\/ubirataonline.com.br\\\/agente-do-ice-e-acusado-de-mentir-sobre-disparo-que-feriu-migrante-venezuelan-em-minnesota\\\/#local-main-place-address\",\"streetAddress\":\"Rua dos Coqueiros, 104 - Bairro Boa Vista, Rua dos Coqueiros, 104 Bairro Boa Vista\",\"addressLocality\":\"UBIRATA\",\"postalCode\":\"85440-000\",\"addressRegion\":\"PR\",\"addressCountry\":\"BR\"},{\"@type\":\"ImageObject\",\"inLanguage\":\"en-US\",\"@id\":\"https:\\\/\\\/ubirataonline.com.br\\\/agente-do-ice-e-acusado-de-mentir-sobre-disparo-que-feriu-migrante-venezuelan-em-minnesota\\\/#local-main-organization-logo\",\"url\":\"https:\\\/\\\/ubirataonline.com.br\\\/wp-content\\\/uploads\\\/2026\\\/06\\\/logoubirataonline-1.webp\",\"contentUrl\":\"https:\\\/\\\/ubirataonline.com.br\\\/wp-content\\\/uploads\\\/2026\\\/06\\\/logoubirataonline-1.webp\",\"width\":500,\"height\":500,\"caption\":\"Ubirat\u00e3 Online Not\u00edcias\"}]}<\/script>\n<meta name=\"geo.placename\" content=\"UBIRATA\" \/>\n<meta name=\"geo.position\" content=\"-24.5361401;-52.9921776\" \/>\n<meta name=\"geo.region\" content=\"Brazil\" \/>\n<!-- \/ Yoast SEO Premium plugin. -->","yoast_head_json":{"title":"Agente do ICE \u00e9 acusado de mentir sobre disparo que feriu migrante Venezuelan em Minnesota - Ubirat\u00e3 Online Not\u00edcias - A realidade ao seu alcance!","description":"Christian Castro enfrenta indiciamento federal de seis acusa\u00e7\u00f5es por disparo em 14 de janeiro, segundo a CBS; autoridades de Minnesota dizem que ele","robots":{"index":"index","follow":"follow","max-snippet":"max-snippet:-1","max-image-preview":"max-image-preview:large","max-video-preview":"max-video-preview:-1"},"canonical":"https:\/\/ubirataonline.com.br\/en\/agente-do-ice-e-acusado-de-mentir-sobre-disparo-que-feriu-migrante-venezuelan-em-minnesota\/","og_locale":"en_US","og_type":"article","og_title":"Agente do ICE \u00e9 acusado de mentir sobre disparo que feriu migrante Venezuelan em Minnesota","og_description":"Christian Castro enfrenta indiciamento federal de seis acusa\u00e7\u00f5es por disparo em 14 de janeiro, segundo a CBS; autoridades de Minnesota dizem que ele","og_url":"https:\/\/ubirataonline.com.br\/en\/agente-do-ice-e-acusado-de-mentir-sobre-disparo-que-feriu-migrante-venezuelan-em-minnesota\/","og_site_name":"Ubirat\u00e3 Online Not\u00edcias - A realidade ao seu alcance!","article_publisher":"https:\/\/www.facebook.com\/portalubirataonline","article_author":"https:\/\/www.facebook.com\/portalubirataonline","article_published_time":"2026-09-03T21:16:08+00:00","og_image":[{"width":1531,"height":418,"url":"https:\/\/ubirataonline.com.br\/wp-content\/uploads\/2026\/05\/logo2026.webp","type":"image\/webp"}],"author":"REDA\u00c7\u00c3O: UBIRAT\u00c3 ONLINE - F\u00c1BIO AUGUSTO CELESTINO","twitter_card":"summary_large_image","twitter_creator":"@x.com\/ubirataonline","twitter_site":"@ubirataonline","twitter_misc":{"Written by":"REDA\u00c7\u00c3O: UBIRAT\u00c3 ONLINE - F\u00c1BIO AUGUSTO CELESTINO","Est. reading time":"2 minutes"},"schema":{"@context":"https:\/\/schema.org","@graph":[{"@type":"NewsArticle","@id":"https:\/\/ubirataonline.com.br\/agente-do-ice-e-acusado-de-mentir-sobre-disparo-que-feriu-migrante-venezuelan-em-minnesota\/#article","isPartOf":{"@id":"https:\/\/ubirataonline.com.br\/agente-do-ice-e-acusado-de-mentir-sobre-disparo-que-feriu-migrante-venezuelan-em-minnesota\/"},"author":{"name":"REDA\u00c7\u00c3O: UBIRAT\u00c3 ONLINE - F\u00c1BIO AUGUSTO CELESTINO","@id":"https:\/\/ubirataonline.com.br\/#\/schema\/person\/372f87bbd3fdd79b8556b84c98d0bc1c"},"headline":"Agente do ICE \u00e9 acusado de mentir sobre disparo que feriu migrante Venezuelan em Minnesota","datePublished":"2026-09-03T21:16:08+00:00","mainEntityOfPage":{"@id":"https:\/\/ubirataonline.com.br\/agente-do-ice-e-acusado-de-mentir-sobre-disparo-que-feriu-migrante-venezuelan-em-minnesota\/"},"wordCount":359,"publisher":{"@id":"https:\/\/ubirataonline.com.br\/#organization"},"image":{"@id":"https:\/\/ubirataonline.com.br\/agente-do-ice-e-acusado-de-mentir-sobre-disparo-que-feriu-migrante-venezuelan-em-minnesota\/#primaryimage"},"thumbnailUrl":"https:\/\/ubirataonline.com.br\/wp-content\/uploads\/2026\/09\/maaimg-post-170413-20260903-211625.webp","articleSection":["World"],"inLanguage":"en-US","copyrightYear":"2026","copyrightHolder":{"@id":"https:\/\/ubirataonline.com.br\/en\/#organization"}},{"@type":"WebPage","@id":"https:\/\/ubirataonline.com.br\/agente-do-ice-e-acusado-de-mentir-sobre-disparo-que-feriu-migrante-venezuelan-em-minnesota\/","url":"https:\/\/ubirataonline.com.br\/agente-do-ice-e-acusado-de-mentir-sobre-disparo-que-feriu-migrante-venezuelan-em-minnesota\/","name":"Agente do ICE \u00e9 acusado de mentir sobre disparo que feriu migrante Venezuelan em Minnesota - Ubirat\u00e3 Online Not\u00edcias - A realidade ao seu alcance!","isPartOf":{"@id":"https:\/\/ubirataonline.com.br\/#website"},"primaryImageOfPage":{"@id":"https:\/\/ubirataonline.com.br\/agente-do-ice-e-acusado-de-mentir-sobre-disparo-que-feriu-migrante-venezuelan-em-minnesota\/#primaryimage"},"image":{"@id":"https:\/\/ubirataonline.com.br\/agente-do-ice-e-acusado-de-mentir-sobre-disparo-que-feriu-migrante-venezuelan-em-minnesota\/#primaryimage"},"thumbnailUrl":"https:\/\/ubirataonline.com.br\/wp-content\/uploads\/2026\/09\/maaimg-post-170413-20260903-211625.webp","datePublished":"2026-09-03T21:16:08+00:00","description":"Christian Castro enfrenta indiciamento federal de seis acusa\u00e7\u00f5es por disparo em 14 de janeiro, segundo a CBS; autoridades de Minnesota dizem que ele","breadcrumb":{"@id":"https:\/\/ubirataonline.com.br\/agente-do-ice-e-acusado-de-mentir-sobre-disparo-que-feriu-migrante-venezuelan-em-minnesota\/#breadcrumb"},"inLanguage":"en-US","potentialAction":[{"@type":"ReadAction","target":["https:\/\/ubirataonline.com.br\/agente-do-ice-e-acusado-de-mentir-sobre-disparo-que-feriu-migrante-venezuelan-em-minnesota\/"]}]},{"@type":"ImageObject","inLanguage":"en-US","@id":"https:\/\/ubirataonline.com.br\/agente-do-ice-e-acusado-de-mentir-sobre-disparo-que-feriu-migrante-venezuelan-em-minnesota\/#primaryimage","url":"https:\/\/ubirataonline.com.br\/wp-content\/uploads\/2026\/09\/maaimg-post-170413-20260903-211625.webp","contentUrl":"https:\/\/ubirataonline.com.br\/wp-content\/uploads\/2026\/09\/maaimg-post-170413-20260903-211625.webp","width":1536,"height":1024,"caption":"Imagem ilustrativa Gerada por IA"},{"@type":"BreadcrumbList","@id":"https:\/\/ubirataonline.com.br\/agente-do-ice-e-acusado-de-mentir-sobre-disparo-que-feriu-migrante-venezuelan-em-minnesota\/#breadcrumb","itemListElement":[{"@type":"ListItem","position":1,"name":"In\u00edcio","item":"https:\/\/ubirataonline.com.br\/"},{"@type":"ListItem","position":2,"name":"Agente do ICE \u00e9 acusado de mentir sobre disparo que feriu migrante Venezuelan em Minnesota"}]},{"@type":"WebSite","@id":"https:\/\/ubirataonline.com.br\/#website","url":"https:\/\/ubirataonline.com.br\/","name":"Ubirat\u00e3 Online Not\u00edcias","description":"Not\u00edcias de Ubirat\u00e3, regi\u00e3o, Brasil e mundo, com informa\u00e7\u00e3o atualizada e compromisso com o leitor.","publisher":{"@id":"https:\/\/ubirataonline.com.br\/#organization"},"alternateName":"Ubirat\u00e3 Online","potentialAction":[{"@type":"SearchAction","target":{"@type":"EntryPoint","urlTemplate":"https:\/\/ubirataonline.com.br\/?s={search_term_string}"},"query-input":{"@type":"PropertyValueSpecification","valueRequired":true,"valueName":"search_term_string"}}],"inLanguage":"en-US"},{"@type":["Organization","Place"],"@id":"https:\/\/ubirataonline.com.br\/#organization","name":"Ubirat\u00e3 Online Not\u00edcias","alternateName":"Ubirat\u00e3 Online","url":"https:\/\/ubirataonline.com.br\/","logo":{"@id":"https:\/\/ubirataonline.com.br\/agente-do-ice-e-acusado-de-mentir-sobre-disparo-que-feriu-migrante-venezuelan-em-minnesota\/#local-main-organization-logo"},"image":{"@id":"https:\/\/ubirataonline.com.br\/agente-do-ice-e-acusado-de-mentir-sobre-disparo-que-feriu-migrante-venezuelan-em-minnesota\/#local-main-organization-logo"},"sameAs":["https:\/\/www.facebook.com\/portalubirataonline","https:\/\/x.com\/ubirataonline","https:\/\/mastodon.social\/@ubirataonline","https:\/\/www.facebook.com\/groups\/311144672285604","https:\/\/www.facebook.com\/UBTAOnline","https:\/\/www.instagram.com\/portalubirataonline\/","https:\/\/twitter.com\/ubirataonline"],"description":"Somos um portal de not\u00edcias independente, criado em 5 de janeiro de 2009, com o objetivo de informar, conectar e valorizar a nossa comunidade de Ubirat\u00e3 e toda aregi\u00e3o. Com conte\u00fado atualizado, confi\u00e1vel e relevante, o Ubirat\u00e3 Online \u00e9 o seu espa\u00e7o para ficar por dentro dos principais acontecimentos locais, regionais, Brasil, Mundo e de interesse geral. Nosso compromisso \u00e9 com a verdade, a transpar\u00eancia e o respeito ao leitor.","legalName":"UBIRATA ONLINE NOT\u00cdCIAS","foundingDate":"2009-01-05","numberOfEmployees":{"@type":"QuantitativeValue","minValue":"1","maxValue":"10"},"publishingPrinciples":"https:\/\/ubirataonline.com.br\/faq\/","address":{"@id":"https:\/\/ubirataonline.com.br\/agente-do-ice-e-acusado-de-mentir-sobre-disparo-que-feriu-migrante-venezuelan-em-minnesota\/#local-main-place-address"},"geo":{"@type":"GeoCoordinates","latitude":"-24.5361401","longitude":"-52.9921776"},"telephone":["+5544998308235"],"contactPoint":{"@type":"ContactPoint","email":"contato@ubirataonline.com.br"},"openingHoursSpecification":{"@type":"OpeningHoursSpecification","dayOfWeek":["Monday","Tuesday","Wednesday","Thursday","Friday","Saturday","Sunday"],"opens":"00:00","closes":"23:59"},"email":"contato@ubirataonline.com.br","vatID":"47.621.418\/0001-80"},{"@type":"Person","@id":"https:\/\/ubirataonline.com.br\/#\/schema\/person\/372f87bbd3fdd79b8556b84c98d0bc1c","name":"REDA\u00c7\u00c3O: UBIRAT\u00c3 ONLINE - F\u00c1BIO AUGUSTO CELESTINO","pronouns":"Ele","description":"Desde 2003 trabalhando com not\u00edcias.","sameAs":["http:\/\/ubirataoline.com.br","https:\/\/www.facebook.com\/portalubirataonline","https:\/\/www.instagram.com\/ubirataonline_oficial","https:\/\/x.com\/x.com\/ubirataonline"],"honorificPrefix":"Mr.","honorificSuffix":"MD","birthDate":"1980-06-16","gender":"masculino","award":["V\u00e1rios pr\u00eamios de melhor portal da cidade"],"jobTitle":"Diretor","url":"https:\/\/ubirataonline.com.br\/en\/author\/ubirataonline\/"},{"@type":"PostalAddress","@id":"https:\/\/ubirataonline.com.br\/agente-do-ice-e-acusado-de-mentir-sobre-disparo-que-feriu-migrante-venezuelan-em-minnesota\/#local-main-place-address","streetAddress":"Rua dos Coqueiros, 104 - Bairro Boa Vista, Rua dos Coqueiros, 104 Bairro Boa Vista","addressLocality":"UBIRATA","postalCode":"85440-000","addressRegion":"PR","addressCountry":"BR"},{"@type":"ImageObject","inLanguage":"en-US","@id":"https:\/\/ubirataonline.com.br\/agente-do-ice-e-acusado-de-mentir-sobre-disparo-que-feriu-migrante-venezuelan-em-minnesota\/#local-main-organization-logo","url":"https:\/\/ubirataonline.com.br\/wp-content\/uploads\/2026\/06\/logoubirataonline-1.webp","contentUrl":"https:\/\/ubirataonline.com.br\/wp-content\/uploads\/2026\/06\/logoubirataonline-1.webp","width":500,"height":500,"caption":"Ubirat\u00e3 Online Not\u00edcias"}]},"geo.placename":"UBIRATA","geo.position":{"lat":"-24.5361401","long":"-52.9921776"},"geo.region":"Brazil"},"_links":{"self":[{"href":"https:\/\/ubirataonline.com.br\/en\/wp-json\/wp\/v2\/posts\/170413","targetHints":{"allow":["GET"]}}],"collection":[{"href":"https:\/\/ubirataonline.com.br\/en\/wp-json\/wp\/v2\/posts"}],"about":[{"href":"https:\/\/ubirataonline.com.br\/en\/wp-json\/wp\/v2\/types\/post"}],"author":[{"embeddable":true,"href":"https:\/\/ubirataonline.com.br\/en\/wp-json\/wp\/v2\/users\/1"}],"replies":[{"embeddable":true,"href":"https:\/\/ubirataonline.com.br\/en\/wp-json\/wp\/v2\/comments?post=170413"}],"version-history":[{"count":0,"href":"https:\/\/ubirataonline.com.br\/en\/wp-json\/wp\/v2\/posts\/170413\/revisions"}],"wp:featuredmedia":[{"embeddable":true,"href":"https:\/\/ubirataonline.com.br\/en\/wp-json\/wp\/v2\/media\/170414"}],"wp:attachment":[{"href":"https:\/\/ubirataonline.com.br\/en\/wp-json\/wp\/v2\/media?parent=170413"}],"wp:term":[{"taxonomy":"category","embeddable":true,"href":"https:\/\/ubirataonline.com.br\/en\/wp-json\/wp\/v2\/categories?post=170413"},{"taxonomy":"post_tag","embeddable":true,"href":"https:\/\/ubirataonline.com.br\/en\/wp-json\/wp\/v2\/tags?post=170413"}],"curies":[{"name":"wp","href":"https:\/\/api.w.org\/{rel}","templated":true}]}}