{"id":170415,"date":"2026-09-03T18:17:03","date_gmt":"2026-09-03T21:17:03","guid":{"rendered":"https:\/\/ubirataonline.com.br\/ministro-diz-que-fila-acima-de-mais-de-45-dias-tem-cerca-de-224-mil-pedidos\/"},"modified":"2026-09-03T18:17:03","modified_gmt":"2026-09-03T21:17:03","slug":"ministro-diz-que-fila-acima-de-mais-de-45-dias-tem-cerca-de-224-mil-pedidos","status":"publish","type":"post","link":"https:\/\/ubirataonline.com.br\/en\/ministro-diz-que-fila-acima-de-mais-de-45-dias-tem-cerca-de-224-mil-pedidos\/","title":{"rendered":"Ministro diz que fila acima de mais de 45 dias tem cerca de 224 mil pedidos"},"content":{"rendered":"<h2>Wolney Queiroz afirmou que a maior parte \u00e9 BPC e que o total mensal chegou a 1,295 milh\u00e3o em agosto, segundo a Ag\u00eancia Estado<\/h2>\n<p>O ministro da Previd\u00eancia, Wolney Queiroz, afirmou nesta quinta-feira que h\u00e1 cerca de 224 mil pedidos de benef\u00edcios com mais de 45 dias na fila. A declara\u00e7\u00e3o foi feita em evento no Pal\u00e1cio do Planalto, na presen\u00e7a do presidente Luiz In\u00e1cio Lula da Silva, segundo CGN da Ag\u00eancia Estado Publicado na CGN.<\/p>\n<p>Segundo o ministro, esse n\u00famero representa &#8220;um res\u00edduo dentro de um conjunto gigantesco&#8221;: em fevereiro a fila acima de 45 dias era de 1,8 milh\u00e3o e foi reduzida para &#8220;um res\u00edduo de pouco mais de 200 mil&#8221;, composto por casos mais complexos.<\/p>\n<h3>Quantos pedidos chegam ao m\u00eas<\/h3>\n<p>O Minist\u00e9rio da Previd\u00eancia registrou, segundo Queiroz, uma m\u00e9dia de <strong>1,295 milh\u00e3o<\/strong> de pedidos por m\u00eas em agosto. Para compara\u00e7\u00e3o, a m\u00e9dia em 2023 era de 897 mil pedidos e, em 2025, chegou a 1,1 milh\u00e3o, conforme os n\u00fameros citados pelo ministro na mesma fala.<\/p>\n<h3>Tipos de benef\u00edcios na fila<\/h3>\n<p>De acordo com Queiroz, a maior parte dos pedidos com mais de 45 dias refere-se ao Benef\u00edcio de Presta\u00e7\u00e3o Continuada (BPC). O ministro disse que h\u00e1 tamb\u00e9m &#8220;um pequeno contingente de aposentadorias&#8221; entre os casos mais complexos.<\/p>\n<h3>Contexto e defini\u00e7\u00e3o do &#8220;res\u00edduo&#8221;<\/h3>\n<p>Ao descrever o volume atual como um &#8220;res\u00edduo&#8221;, o ministro destacou que se trata de uma parcela reduzida ap\u00f3s a tramita\u00e7\u00e3o de grande n\u00famero de pedidos. Ele atribuiu o remanescente a processos mais complexos, sem detalhar crit\u00e9rios t\u00e9cnicos ou prazos adicionais para resolu\u00e7\u00e3o desses casos.<\/p>","protected":false},"excerpt":{"rendered":"<p>Wolney Queiroz afirmou que a maior parte \u00e9 BPC e que o total mensal chegou a 1,295 milh\u00e3o em agosto, segundo a Ag\u00eancia Estado O ministro da Previd\u00eancia, Wolney Queiroz, afirmou nesta quinta-feira que h\u00e1 cerca de 224 mil pedidos de benef\u00edcios com mais de 45 dias na fila. A declara\u00e7\u00e3o foi feita em evento [&hellip;]<\/p>\n","protected":false},"author":1,"featured_media":0,"comment_status":"","ping_status":"","sticky":false,"template":"","format":"standard","meta":{"googlesitekit_rrm_CAow2JLhCw:productID":"","_gspb_post_css":"","maa_idioma":"","maa_pais":"","footnotes":""},"categories":[4],"tags":[],"class_list":["post-170415","post","type-post","status-publish","format-standard","hentry","category-brasil"],"blocksy_meta":[],"yoast_head":"<!-- This site is optimized with the Yoast SEO Premium plugin v27.6 (Yoast SEO v27.6) - https:\/\/yoast.com\/product\/yoast-seo-premium-wordpress\/ -->\n<title>Ministro diz que fila acima de mais de 45 dias tem cerca de 224 mil pedidos - Ubirat\u00e3 Online Not\u00edcias - A realidade ao seu alcance!<\/title>\n<meta name=\"description\" content=\"Wolney Queiroz afirmou que a maior parte \u00e9 BPC e que o total mensal chegou a 1,295 milh\u00e3o em agosto, segundo a Ag\u00eancia Estado O ministro da Previd\u00eancia,\" \/>\n<meta name=\"robots\" content=\"index, follow, max-snippet:-1, max-image-preview:large, max-video-preview:-1\" \/>\n<link rel=\"canonical\" href=\"https:\/\/ubirataonline.com.br\/en\/ministro-diz-que-fila-acima-de-mais-de-45-dias-tem-cerca-de-224-mil-pedidos\/\" \/>\n<meta property=\"og:locale\" content=\"en_US\" \/>\n<meta property=\"og:type\" content=\"article\" \/>\n<meta property=\"og:title\" content=\"Ministro diz que fila acima de mais de 45 dias tem cerca de 224 mil pedidos\" \/>\n<meta property=\"og:description\" content=\"Wolney Queiroz afirmou que a maior parte \u00e9 BPC e que o total mensal chegou a 1,295 milh\u00e3o em agosto, segundo a Ag\u00eancia Estado O ministro da Previd\u00eancia,\" \/>\n<meta property=\"og:url\" content=\"https:\/\/ubirataonline.com.br\/en\/ministro-diz-que-fila-acima-de-mais-de-45-dias-tem-cerca-de-224-mil-pedidos\/\" \/>\n<meta property=\"og:site_name\" content=\"Ubirat\u00e3 Online Not\u00edcias - A realidade ao seu alcance!\" \/>\n<meta property=\"article:publisher\" content=\"https:\/\/www.facebook.com\/portalubirataonline\" \/>\n<meta property=\"article:author\" content=\"https:\/\/www.facebook.com\/portalubirataonline\" \/>\n<meta property=\"article:published_time\" content=\"2026-09-03T21:17:03+00:00\" \/>\n<meta property=\"og:image\" content=\"https:\/\/ubirataonline.com.br\/wp-content\/uploads\/2026\/05\/logo2026.webp\" \/>\n\t<meta property=\"og:image:width\" content=\"1531\" \/>\n\t<meta property=\"og:image:height\" content=\"418\" \/>\n\t<meta property=\"og:image:type\" content=\"image\/webp\" \/>\n<meta name=\"author\" content=\"REDA\u00c7\u00c3O: UBIRAT\u00c3 ONLINE - F\u00c1BIO AUGUSTO CELESTINO\" \/>\n<meta name=\"twitter:card\" content=\"summary_large_image\" \/>\n<meta name=\"twitter:creator\" content=\"@x.com\/ubirataonline\" \/>\n<meta name=\"twitter:site\" content=\"@ubirataonline\" \/>\n<meta name=\"twitter:label1\" content=\"Written by\" \/>\n\t<meta name=\"twitter:data1\" content=\"REDA\u00c7\u00c3O: UBIRAT\u00c3 ONLINE - F\u00c1BIO AUGUSTO CELESTINO\" \/>\n\t<meta name=\"twitter:label2\" content=\"Est. reading time\" \/>\n\t<meta name=\"twitter:data2\" content=\"1 minute\" \/>\n<script type=\"application\/ld+json\" class=\"yoast-schema-graph\">{\"@context\":\"https:\\\/\\\/schema.org\",\"@graph\":[{\"@type\":\"NewsArticle\",\"@id\":\"https:\\\/\\\/ubirataonline.com.br\\\/ministro-diz-que-fila-acima-de-mais-de-45-dias-tem-cerca-de-224-mil-pedidos\\\/#article\",\"isPartOf\":{\"@id\":\"https:\\\/\\\/ubirataonline.com.br\\\/ministro-diz-que-fila-acima-de-mais-de-45-dias-tem-cerca-de-224-mil-pedidos\\\/\"},\"author\":{\"name\":\"REDA\u00c7\u00c3O: UBIRAT\u00c3 ONLINE - F\u00c1BIO AUGUSTO CELESTINO\",\"@id\":\"https:\\\/\\\/ubirataonline.com.br\\\/#\\\/schema\\\/person\\\/372f87bbd3fdd79b8556b84c98d0bc1c\"},\"headline\":\"Ministro diz que fila acima de mais de 45 dias tem cerca de 224 mil pedidos\",\"datePublished\":\"2026-09-03T21:17:03+00:00\",\"mainEntityOfPage\":{\"@id\":\"https:\\\/\\\/ubirataonline.com.br\\\/ministro-diz-que-fila-acima-de-mais-de-45-dias-tem-cerca-de-224-mil-pedidos\\\/\"},\"wordCount\":297,\"publisher\":{\"@id\":\"https:\\\/\\\/ubirataonline.com.br\\\/#organization\"},\"articleSection\":[\"Brasil\"],\"inLanguage\":\"en-US\",\"copyrightYear\":\"2026\",\"copyrightHolder\":{\"@id\":\"https:\\\/\\\/ubirataonline.com.br\\\/en\\\/#organization\"}},{\"@type\":\"WebPage\",\"@id\":\"https:\\\/\\\/ubirataonline.com.br\\\/ministro-diz-que-fila-acima-de-mais-de-45-dias-tem-cerca-de-224-mil-pedidos\\\/\",\"url\":\"https:\\\/\\\/ubirataonline.com.br\\\/ministro-diz-que-fila-acima-de-mais-de-45-dias-tem-cerca-de-224-mil-pedidos\\\/\",\"name\":\"Ministro diz que fila acima de mais de 45 dias tem cerca de 224 mil pedidos - Ubirat\u00e3 Online Not\u00edcias - A realidade ao seu alcance!\",\"isPartOf\":{\"@id\":\"https:\\\/\\\/ubirataonline.com.br\\\/#website\"},\"datePublished\":\"2026-09-03T21:17:03+00:00\",\"description\":\"Wolney Queiroz afirmou que a maior parte \u00e9 BPC e que o total mensal chegou a 1,295 milh\u00e3o em agosto, segundo a Ag\u00eancia Estado O ministro da Previd\u00eancia,\",\"breadcrumb\":{\"@id\":\"https:\\\/\\\/ubirataonline.com.br\\\/ministro-diz-que-fila-acima-de-mais-de-45-dias-tem-cerca-de-224-mil-pedidos\\\/#breadcrumb\"},\"inLanguage\":\"en-US\",\"potentialAction\":[{\"@type\":\"ReadAction\",\"target\":[\"https:\\\/\\\/ubirataonline.com.br\\\/ministro-diz-que-fila-acima-de-mais-de-45-dias-tem-cerca-de-224-mil-pedidos\\\/\"]}]},{\"@type\":\"BreadcrumbList\",\"@id\":\"https:\\\/\\\/ubirataonline.com.br\\\/ministro-diz-que-fila-acima-de-mais-de-45-dias-tem-cerca-de-224-mil-pedidos\\\/#breadcrumb\",\"itemListElement\":[{\"@type\":\"ListItem\",\"position\":1,\"name\":\"In\u00edcio\",\"item\":\"https:\\\/\\\/ubirataonline.com.br\\\/\"},{\"@type\":\"ListItem\",\"position\":2,\"name\":\"Ministro diz que fila acima de mais de 45 dias tem cerca de 224 mil pedidos\"}]},{\"@type\":\"WebSite\",\"@id\":\"https:\\\/\\\/ubirataonline.com.br\\\/#website\",\"url\":\"https:\\\/\\\/ubirataonline.com.br\\\/\",\"name\":\"Ubirat\u00e3 Online Not\u00edcias\",\"description\":\"Not\u00edcias de Ubirat\u00e3, regi\u00e3o, Brasil e mundo, com informa\u00e7\u00e3o atualizada e compromisso com o leitor.\",\"publisher\":{\"@id\":\"https:\\\/\\\/ubirataonline.com.br\\\/#organization\"},\"alternateName\":\"Ubirat\u00e3 Online\",\"potentialAction\":[{\"@type\":\"SearchAction\",\"target\":{\"@type\":\"EntryPoint\",\"urlTemplate\":\"https:\\\/\\\/ubirataonline.com.br\\\/?s={search_term_string}\"},\"query-input\":{\"@type\":\"PropertyValueSpecification\",\"valueRequired\":true,\"valueName\":\"search_term_string\"}}],\"inLanguage\":\"en-US\"},{\"@type\":[\"Organization\",\"Place\"],\"@id\":\"https:\\\/\\\/ubirataonline.com.br\\\/#organization\",\"name\":\"Ubirat\u00e3 Online Not\u00edcias\",\"alternateName\":\"Ubirat\u00e3 Online\",\"url\":\"https:\\\/\\\/ubirataonline.com.br\\\/\",\"logo\":{\"@id\":\"https:\\\/\\\/ubirataonline.com.br\\\/ministro-diz-que-fila-acima-de-mais-de-45-dias-tem-cerca-de-224-mil-pedidos\\\/#local-main-organization-logo\"},\"image\":{\"@id\":\"https:\\\/\\\/ubirataonline.com.br\\\/ministro-diz-que-fila-acima-de-mais-de-45-dias-tem-cerca-de-224-mil-pedidos\\\/#local-main-organization-logo\"},\"sameAs\":[\"https:\\\/\\\/www.facebook.com\\\/portalubirataonline\",\"https:\\\/\\\/x.com\\\/ubirataonline\",\"https:\\\/\\\/mastodon.social\\\/@ubirataonline\",\"https:\\\/\\\/www.facebook.com\\\/groups\\\/311144672285604\",\"https:\\\/\\\/www.facebook.com\\\/UBTAOnline\",\"https:\\\/\\\/www.instagram.com\\\/portalubirataonline\\\/\",\"https:\\\/\\\/twitter.com\\\/ubirataonline\"],\"description\":\"Somos um portal de not\u00edcias independente, criado em 5 de janeiro de 2009, com o objetivo de informar, conectar e valorizar a nossa comunidade de Ubirat\u00e3 e toda aregi\u00e3o. Com conte\u00fado atualizado, confi\u00e1vel e relevante, o Ubirat\u00e3 Online \u00e9 o seu espa\u00e7o para ficar por dentro dos principais acontecimentos locais, regionais, Brasil, Mundo e de interesse geral. Nosso compromisso \u00e9 com a verdade, a transpar\u00eancia e o respeito ao leitor.\",\"legalName\":\"UBIRATA ONLINE NOT\u00cdCIAS\",\"foundingDate\":\"2009-01-05\",\"numberOfEmployees\":{\"@type\":\"QuantitativeValue\",\"minValue\":\"1\",\"maxValue\":\"10\"},\"publishingPrinciples\":\"https:\\\/\\\/ubirataonline.com.br\\\/faq\\\/\",\"address\":{\"@id\":\"https:\\\/\\\/ubirataonline.com.br\\\/ministro-diz-que-fila-acima-de-mais-de-45-dias-tem-cerca-de-224-mil-pedidos\\\/#local-main-place-address\"},\"geo\":{\"@type\":\"GeoCoordinates\",\"latitude\":\"-24.5361401\",\"longitude\":\"-52.9921776\"},\"telephone\":[\"+5544998308235\"],\"contactPoint\":{\"@type\":\"ContactPoint\",\"email\":\"contato@ubirataonline.com.br\"},\"openingHoursSpecification\":{\"@type\":\"OpeningHoursSpecification\",\"dayOfWeek\":[\"Monday\",\"Tuesday\",\"Wednesday\",\"Thursday\",\"Friday\",\"Saturday\",\"Sunday\"],\"opens\":\"00:00\",\"closes\":\"23:59\"},\"email\":\"contato@ubirataonline.com.br\",\"vatID\":\"47.621.418\\\/0001-80\"},{\"@type\":\"Person\",\"@id\":\"https:\\\/\\\/ubirataonline.com.br\\\/#\\\/schema\\\/person\\\/372f87bbd3fdd79b8556b84c98d0bc1c\",\"name\":\"REDA\u00c7\u00c3O: UBIRAT\u00c3 ONLINE - F\u00c1BIO AUGUSTO CELESTINO\",\"pronouns\":\"Ele\",\"description\":\"Desde 2003 trabalhando com not\u00edcias.\",\"sameAs\":[\"http:\\\/\\\/ubirataoline.com.br\",\"https:\\\/\\\/www.facebook.com\\\/portalubirataonline\",\"https:\\\/\\\/www.instagram.com\\\/ubirataonline_oficial\",\"https:\\\/\\\/x.com\\\/x.com\\\/ubirataonline\"],\"honorificPrefix\":\"Mr.\",\"honorificSuffix\":\"MD\",\"birthDate\":\"1980-06-16\",\"gender\":\"masculino\",\"award\":[\"V\u00e1rios pr\u00eamios de melhor portal da cidade\"],\"jobTitle\":\"Diretor\",\"url\":\"https:\\\/\\\/ubirataonline.com.br\\\/en\\\/author\\\/ubirataonline\\\/\"},{\"@type\":\"PostalAddress\",\"@id\":\"https:\\\/\\\/ubirataonline.com.br\\\/ministro-diz-que-fila-acima-de-mais-de-45-dias-tem-cerca-de-224-mil-pedidos\\\/#local-main-place-address\",\"streetAddress\":\"Rua dos Coqueiros, 104 - Bairro Boa Vista, Rua dos Coqueiros, 104 Bairro Boa Vista\",\"addressLocality\":\"UBIRATA\",\"postalCode\":\"85440-000\",\"addressRegion\":\"PR\",\"addressCountry\":\"BR\"},{\"@type\":\"ImageObject\",\"inLanguage\":\"en-US\",\"@id\":\"https:\\\/\\\/ubirataonline.com.br\\\/ministro-diz-que-fila-acima-de-mais-de-45-dias-tem-cerca-de-224-mil-pedidos\\\/#local-main-organization-logo\",\"url\":\"https:\\\/\\\/ubirataonline.com.br\\\/wp-content\\\/uploads\\\/2026\\\/06\\\/logoubirataonline-1.webp\",\"contentUrl\":\"https:\\\/\\\/ubirataonline.com.br\\\/wp-content\\\/uploads\\\/2026\\\/06\\\/logoubirataonline-1.webp\",\"width\":500,\"height\":500,\"caption\":\"Ubirat\u00e3 Online Not\u00edcias\"}]}<\/script>\n<meta name=\"geo.placename\" content=\"UBIRATA\" \/>\n<meta name=\"geo.position\" content=\"-24.5361401;-52.9921776\" \/>\n<meta name=\"geo.region\" content=\"Brazil\" \/>\n<!-- \/ Yoast SEO Premium plugin. -->","yoast_head_json":{"title":"Ministro diz que fila acima de mais de 45 dias tem cerca de 224 mil pedidos - Ubirat\u00e3 Online Not\u00edcias - A realidade ao seu alcance!","description":"Wolney Queiroz afirmou que a maior parte \u00e9 BPC e que o total mensal chegou a 1,295 milh\u00e3o em agosto, segundo a Ag\u00eancia Estado O ministro da Previd\u00eancia,","robots":{"index":"index","follow":"follow","max-snippet":"max-snippet:-1","max-image-preview":"max-image-preview:large","max-video-preview":"max-video-preview:-1"},"canonical":"https:\/\/ubirataonline.com.br\/en\/ministro-diz-que-fila-acima-de-mais-de-45-dias-tem-cerca-de-224-mil-pedidos\/","og_locale":"en_US","og_type":"article","og_title":"Ministro diz que fila acima de mais de 45 dias tem cerca de 224 mil pedidos","og_description":"Wolney Queiroz afirmou que a maior parte \u00e9 BPC e que o total mensal chegou a 1,295 milh\u00e3o em agosto, segundo a Ag\u00eancia Estado O ministro da Previd\u00eancia,","og_url":"https:\/\/ubirataonline.com.br\/en\/ministro-diz-que-fila-acima-de-mais-de-45-dias-tem-cerca-de-224-mil-pedidos\/","og_site_name":"Ubirat\u00e3 Online Not\u00edcias - A realidade ao seu alcance!","article_publisher":"https:\/\/www.facebook.com\/portalubirataonline","article_author":"https:\/\/www.facebook.com\/portalubirataonline","article_published_time":"2026-09-03T21:17:03+00:00","og_image":[{"width":1531,"height":418,"url":"https:\/\/ubirataonline.com.br\/wp-content\/uploads\/2026\/05\/logo2026.webp","type":"image\/webp"}],"author":"REDA\u00c7\u00c3O: UBIRAT\u00c3 ONLINE - F\u00c1BIO AUGUSTO CELESTINO","twitter_card":"summary_large_image","twitter_creator":"@x.com\/ubirataonline","twitter_site":"@ubirataonline","twitter_misc":{"Written by":"REDA\u00c7\u00c3O: UBIRAT\u00c3 ONLINE - F\u00c1BIO AUGUSTO CELESTINO","Est. reading time":"1 minute"},"schema":{"@context":"https:\/\/schema.org","@graph":[{"@type":"NewsArticle","@id":"https:\/\/ubirataonline.com.br\/ministro-diz-que-fila-acima-de-mais-de-45-dias-tem-cerca-de-224-mil-pedidos\/#article","isPartOf":{"@id":"https:\/\/ubirataonline.com.br\/ministro-diz-que-fila-acima-de-mais-de-45-dias-tem-cerca-de-224-mil-pedidos\/"},"author":{"name":"REDA\u00c7\u00c3O: UBIRAT\u00c3 ONLINE - F\u00c1BIO AUGUSTO CELESTINO","@id":"https:\/\/ubirataonline.com.br\/#\/schema\/person\/372f87bbd3fdd79b8556b84c98d0bc1c"},"headline":"Ministro diz que fila acima de mais de 45 dias tem cerca de 224 mil pedidos","datePublished":"2026-09-03T21:17:03+00:00","mainEntityOfPage":{"@id":"https:\/\/ubirataonline.com.br\/ministro-diz-que-fila-acima-de-mais-de-45-dias-tem-cerca-de-224-mil-pedidos\/"},"wordCount":297,"publisher":{"@id":"https:\/\/ubirataonline.com.br\/#organization"},"articleSection":["Brasil"],"inLanguage":"en-US","copyrightYear":"2026","copyrightHolder":{"@id":"https:\/\/ubirataonline.com.br\/en\/#organization"}},{"@type":"WebPage","@id":"https:\/\/ubirataonline.com.br\/ministro-diz-que-fila-acima-de-mais-de-45-dias-tem-cerca-de-224-mil-pedidos\/","url":"https:\/\/ubirataonline.com.br\/ministro-diz-que-fila-acima-de-mais-de-45-dias-tem-cerca-de-224-mil-pedidos\/","name":"Ministro diz que fila acima de mais de 45 dias tem cerca de 224 mil pedidos - Ubirat\u00e3 Online Not\u00edcias - A realidade ao seu alcance!","isPartOf":{"@id":"https:\/\/ubirataonline.com.br\/#website"},"datePublished":"2026-09-03T21:17:03+00:00","description":"Wolney Queiroz afirmou que a maior parte \u00e9 BPC e que o total mensal chegou a 1,295 milh\u00e3o em agosto, segundo a Ag\u00eancia Estado O ministro da Previd\u00eancia,","breadcrumb":{"@id":"https:\/\/ubirataonline.com.br\/ministro-diz-que-fila-acima-de-mais-de-45-dias-tem-cerca-de-224-mil-pedidos\/#breadcrumb"},"inLanguage":"en-US","potentialAction":[{"@type":"ReadAction","target":["https:\/\/ubirataonline.com.br\/ministro-diz-que-fila-acima-de-mais-de-45-dias-tem-cerca-de-224-mil-pedidos\/"]}]},{"@type":"BreadcrumbList","@id":"https:\/\/ubirataonline.com.br\/ministro-diz-que-fila-acima-de-mais-de-45-dias-tem-cerca-de-224-mil-pedidos\/#breadcrumb","itemListElement":[{"@type":"ListItem","position":1,"name":"In\u00edcio","item":"https:\/\/ubirataonline.com.br\/"},{"@type":"ListItem","position":2,"name":"Ministro diz que fila acima de mais de 45 dias tem cerca de 224 mil pedidos"}]},{"@type":"WebSite","@id":"https:\/\/ubirataonline.com.br\/#website","url":"https:\/\/ubirataonline.com.br\/","name":"Ubirat\u00e3 Online Not\u00edcias","description":"Not\u00edcias de Ubirat\u00e3, regi\u00e3o, Brasil e mundo, com informa\u00e7\u00e3o atualizada e compromisso com o leitor.","publisher":{"@id":"https:\/\/ubirataonline.com.br\/#organization"},"alternateName":"Ubirat\u00e3 Online","potentialAction":[{"@type":"SearchAction","target":{"@type":"EntryPoint","urlTemplate":"https:\/\/ubirataonline.com.br\/?s={search_term_string}"},"query-input":{"@type":"PropertyValueSpecification","valueRequired":true,"valueName":"search_term_string"}}],"inLanguage":"en-US"},{"@type":["Organization","Place"],"@id":"https:\/\/ubirataonline.com.br\/#organization","name":"Ubirat\u00e3 Online Not\u00edcias","alternateName":"Ubirat\u00e3 Online","url":"https:\/\/ubirataonline.com.br\/","logo":{"@id":"https:\/\/ubirataonline.com.br\/ministro-diz-que-fila-acima-de-mais-de-45-dias-tem-cerca-de-224-mil-pedidos\/#local-main-organization-logo"},"image":{"@id":"https:\/\/ubirataonline.com.br\/ministro-diz-que-fila-acima-de-mais-de-45-dias-tem-cerca-de-224-mil-pedidos\/#local-main-organization-logo"},"sameAs":["https:\/\/www.facebook.com\/portalubirataonline","https:\/\/x.com\/ubirataonline","https:\/\/mastodon.social\/@ubirataonline","https:\/\/www.facebook.com\/groups\/311144672285604","https:\/\/www.facebook.com\/UBTAOnline","https:\/\/www.instagram.com\/portalubirataonline\/","https:\/\/twitter.com\/ubirataonline"],"description":"Somos um portal de not\u00edcias independente, criado em 5 de janeiro de 2009, com o objetivo de informar, conectar e valorizar a nossa comunidade de Ubirat\u00e3 e toda aregi\u00e3o. Com conte\u00fado atualizado, confi\u00e1vel e relevante, o Ubirat\u00e3 Online \u00e9 o seu espa\u00e7o para ficar por dentro dos principais acontecimentos locais, regionais, Brasil, Mundo e de interesse geral. Nosso compromisso \u00e9 com a verdade, a transpar\u00eancia e o respeito ao leitor.","legalName":"UBIRATA ONLINE NOT\u00cdCIAS","foundingDate":"2009-01-05","numberOfEmployees":{"@type":"QuantitativeValue","minValue":"1","maxValue":"10"},"publishingPrinciples":"https:\/\/ubirataonline.com.br\/faq\/","address":{"@id":"https:\/\/ubirataonline.com.br\/ministro-diz-que-fila-acima-de-mais-de-45-dias-tem-cerca-de-224-mil-pedidos\/#local-main-place-address"},"geo":{"@type":"GeoCoordinates","latitude":"-24.5361401","longitude":"-52.9921776"},"telephone":["+5544998308235"],"contactPoint":{"@type":"ContactPoint","email":"contato@ubirataonline.com.br"},"openingHoursSpecification":{"@type":"OpeningHoursSpecification","dayOfWeek":["Monday","Tuesday","Wednesday","Thursday","Friday","Saturday","Sunday"],"opens":"00:00","closes":"23:59"},"email":"contato@ubirataonline.com.br","vatID":"47.621.418\/0001-80"},{"@type":"Person","@id":"https:\/\/ubirataonline.com.br\/#\/schema\/person\/372f87bbd3fdd79b8556b84c98d0bc1c","name":"REDA\u00c7\u00c3O: UBIRAT\u00c3 ONLINE - F\u00c1BIO AUGUSTO CELESTINO","pronouns":"Ele","description":"Desde 2003 trabalhando com not\u00edcias.","sameAs":["http:\/\/ubirataoline.com.br","https:\/\/www.facebook.com\/portalubirataonline","https:\/\/www.instagram.com\/ubirataonline_oficial","https:\/\/x.com\/x.com\/ubirataonline"],"honorificPrefix":"Mr.","honorificSuffix":"MD","birthDate":"1980-06-16","gender":"masculino","award":["V\u00e1rios pr\u00eamios de melhor portal da cidade"],"jobTitle":"Diretor","url":"https:\/\/ubirataonline.com.br\/en\/author\/ubirataonline\/"},{"@type":"PostalAddress","@id":"https:\/\/ubirataonline.com.br\/ministro-diz-que-fila-acima-de-mais-de-45-dias-tem-cerca-de-224-mil-pedidos\/#local-main-place-address","streetAddress":"Rua dos Coqueiros, 104 - Bairro Boa Vista, Rua dos Coqueiros, 104 Bairro Boa Vista","addressLocality":"UBIRATA","postalCode":"85440-000","addressRegion":"PR","addressCountry":"BR"},{"@type":"ImageObject","inLanguage":"en-US","@id":"https:\/\/ubirataonline.com.br\/ministro-diz-que-fila-acima-de-mais-de-45-dias-tem-cerca-de-224-mil-pedidos\/#local-main-organization-logo","url":"https:\/\/ubirataonline.com.br\/wp-content\/uploads\/2026\/06\/logoubirataonline-1.webp","contentUrl":"https:\/\/ubirataonline.com.br\/wp-content\/uploads\/2026\/06\/logoubirataonline-1.webp","width":500,"height":500,"caption":"Ubirat\u00e3 Online Not\u00edcias"}]},"geo.placename":"UBIRATA","geo.position":{"lat":"-24.5361401","long":"-52.9921776"},"geo.region":"Brazil"},"_links":{"self":[{"href":"https:\/\/ubirataonline.com.br\/en\/wp-json\/wp\/v2\/posts\/170415","targetHints":{"allow":["GET"]}}],"collection":[{"href":"https:\/\/ubirataonline.com.br\/en\/wp-json\/wp\/v2\/posts"}],"about":[{"href":"https:\/\/ubirataonline.com.br\/en\/wp-json\/wp\/v2\/types\/post"}],"author":[{"embeddable":true,"href":"https:\/\/ubirataonline.com.br\/en\/wp-json\/wp\/v2\/users\/1"}],"replies":[{"embeddable":true,"href":"https:\/\/ubirataonline.com.br\/en\/wp-json\/wp\/v2\/comments?post=170415"}],"version-history":[{"count":0,"href":"https:\/\/ubirataonline.com.br\/en\/wp-json\/wp\/v2\/posts\/170415\/revisions"}],"wp:attachment":[{"href":"https:\/\/ubirataonline.com.br\/en\/wp-json\/wp\/v2\/media?parent=170415"}],"wp:term":[{"taxonomy":"category","embeddable":true,"href":"https:\/\/ubirataonline.com.br\/en\/wp-json\/wp\/v2\/categories?post=170415"},{"taxonomy":"post_tag","embeddable":true,"href":"https:\/\/ubirataonline.com.br\/en\/wp-json\/wp\/v2\/tags?post=170415"}],"curies":[{"name":"wp","href":"https:\/\/api.w.org\/{rel}","templated":true}]}}