{"id":170442,"date":"2026-09-03T20:00:47","date_gmt":"2026-09-03T23:00:47","guid":{"rendered":"https:\/\/ubirataonline.com.br\/governo-quer-telessaude-em-100-das-unidades-do-sus-em-quatro-anos-afirma-padilha\/"},"modified":"2026-09-03T20:00:47","modified_gmt":"2026-09-03T23:00:47","slug":"governo-quer-telessaude-em-100-das-unidades-do-sus-em-quatro-anos-afirma-padilha","status":"publish","type":"post","link":"https:\/\/ubirataonline.com.br\/en\/governo-quer-telessaude-em-100-das-unidades-do-sus-em-quatro-anos-afirma-padilha\/","title":{"rendered":"Governo quer telessa\u00fade em 100% das unidades do SUS em quatro anos, afirma Padilha"},"content":{"rendered":"<h2>Minist\u00e9rio da Sa\u00fade contabiliza mais de 12 milh\u00f5es de teleatendimentos e diz que 84% das equipes de sa\u00fade da fam\u00edlia usam prontu\u00e1rio eletr\u00f4nico<\/h2>\n<p>O ministro da Sa\u00fade, Alexandre Padilha, afirmou que o governo pretende alcan\u00e7ar cobertura de telessa\u00fade em 100% das unidades do Sistema \u00danico de Sa\u00fade (SUS) nos pr\u00f3ximos quatro anos. A declara\u00e7\u00e3o foi registrada pela Ag\u00eancia Estado e divulgada pela CGN.<\/p>\n<p>Segundo Padilha, atualmente mais de 80% da rede do SUS j\u00e1 disp\u00f5e da tecnologia de teleatendimento e o Minist\u00e9rio contabiliza mais de 12 milh\u00f5es de teleatendimentos direcionados pela Pasta, em parceria com Universidade \u2014 sem considerar os servi\u00e7os oferecidos por munic\u00edpios.<\/p>\n<h3>Cobertura atual e meta anunciada<\/h3>\n<p>Padilha afirmou que, at\u00e9 o momento, mais de 80% da rede do SUS tem tecnologia de teleatendimento. O objetivo anunciado pelo ministro \u00e9 estender esse tipo de servi\u00e7o a todas as unidades do SUS ao longo dos pr\u00f3ximos quatro anos, segundo a Ag\u00eancia Estado.<\/p>\n<h3>Prontu\u00e1rio eletr\u00f4nico e servi\u00e7os integrados<\/h3>\n<p>De acordo com o ministro, 84% das equipes de sa\u00fade da fam\u00edlia usam o prontu\u00e1rio eletr\u00f4nico do Minist\u00e9rio da Sa\u00fade. Parte dessas equipes j\u00e1 acessa recursos de teleconsulta e teleatendimento, enquanto outras utilizam Sistema locais que tamb\u00e9m oferecem servi\u00e7os de telessa\u00fade.<\/p>\n<p>Padilha disse ainda que o governo discute com associa\u00e7\u00f5es de Farm\u00e1cia e de diagn\u00f3stico a possibilidade de ampliar servi\u00e7os do Farm\u00e1cia Popular, incluindo exames diagn\u00f3sticos e teleatendimento com nutricionistas, enfermeiros e, eventualmente, m\u00e9dicos para pacientes com doen\u00e7as cr\u00f4nicas como hipertens\u00e3o, diabetes e asma.<\/p>\n<h3>UTIs inteligentes e uso de intelig\u00eancia artificial<\/h3>\n<p>Na tarde de 3 de setembro de 2026, Padilha participou de um evento no Hospital das Cl\u00ednicas da Faculdade de Medicina da Universidade de S\u00e3o Paulo (HC-FMUSP), onde apresentou a Central de Comando das UTIs Inteligentes do SUS. A central monitora em tempo real sinais vitais de pacientes internados em seis hospitais que j\u00e1 t\u00eam a tecnologia implementada e contar\u00e1 com monitoramento 24 horas.<\/p>\n<p>O ministro afirmou que a intelig\u00eancia artificial ser\u00e1 usada para apoiar o monitoramento em UTIs, identificando sinais de alerta e ajudando na cria\u00e7\u00e3o de protocolos; segundo ele, a tomada de decis\u00e3o continuar\u00e1 sendo responsabilidade dos profissionais de sa\u00fade. Padilha tamb\u00e9m declarou: &quot;Estamos construindo, camada por camada, uma rede nacional de sa\u00fade digital cujo valor real \u00e9 a gera\u00e7\u00e3o de uma base de dados Cl\u00ednicas brasileira in\u00e9dita&quot;.<\/p>","protected":false},"excerpt":{"rendered":"<p>Minist\u00e9rio da Sa\u00fade contabiliza mais de 12 milh\u00f5es de teleatendimentos e diz que 84% das equipes de sa\u00fade da fam\u00edlia usam prontu\u00e1rio eletr\u00f4nico O ministro da Sa\u00fade, Alexandre Padilha, afirmou que o governo pretende alcan\u00e7ar cobertura de telessa\u00fade em 100% das unidades do Sistema \u00danico de Sa\u00fade (SUS) nos pr\u00f3ximos quatro anos. A declara\u00e7\u00e3o foi [&hellip;]<\/p>\n","protected":false},"author":1,"featured_media":0,"comment_status":"","ping_status":"","sticky":false,"template":"","format":"standard","meta":{"googlesitekit_rrm_CAow2JLhCw:productID":"","_gspb_post_css":"","maa_idioma":"","maa_pais":"","footnotes":""},"categories":[4],"tags":[],"class_list":["post-170442","post","type-post","status-publish","format-standard","hentry","category-brasil"],"blocksy_meta":[],"yoast_head":"<!-- This site is optimized with the Yoast SEO Premium plugin v27.6 (Yoast SEO v27.6) - https:\/\/yoast.com\/product\/yoast-seo-premium-wordpress\/ -->\n<title>Governo quer telessa\u00fade em 100% das unidades do SUS em quatro anos, afirma Padilha - Ubirat\u00e3 Online Not\u00edcias - A realidade ao seu alcance!<\/title>\n<meta name=\"description\" content=\"Minist\u00e9rio da Sa\u00fade contabiliza mais de 12 milh\u00f5es de teleatendimentos e diz que 84% das equipes de sa\u00fade da fam\u00edlia usam prontu\u00e1rio eletr\u00f4nicoO ministro\" \/>\n<meta name=\"robots\" content=\"index, follow, max-snippet:-1, max-image-preview:large, max-video-preview:-1\" \/>\n<link rel=\"canonical\" href=\"https:\/\/ubirataonline.com.br\/en\/governo-quer-telessaude-em-100-das-unidades-do-sus-em-quatro-anos-afirma-padilha\/\" \/>\n<meta property=\"og:locale\" content=\"en_US\" \/>\n<meta property=\"og:type\" content=\"article\" \/>\n<meta property=\"og:title\" content=\"Governo quer telessa\u00fade em 100% das unidades do SUS em quatro anos, afirma Padilha\" \/>\n<meta property=\"og:description\" content=\"Minist\u00e9rio da Sa\u00fade contabiliza mais de 12 milh\u00f5es de teleatendimentos e diz que 84% das equipes de sa\u00fade da fam\u00edlia usam prontu\u00e1rio eletr\u00f4nicoO ministro\" \/>\n<meta property=\"og:url\" content=\"https:\/\/ubirataonline.com.br\/en\/governo-quer-telessaude-em-100-das-unidades-do-sus-em-quatro-anos-afirma-padilha\/\" \/>\n<meta property=\"og:site_name\" content=\"Ubirat\u00e3 Online Not\u00edcias - A realidade ao seu alcance!\" \/>\n<meta property=\"article:publisher\" content=\"https:\/\/www.facebook.com\/portalubirataonline\" \/>\n<meta property=\"article:author\" content=\"https:\/\/www.facebook.com\/portalubirataonline\" \/>\n<meta property=\"article:published_time\" content=\"2026-09-03T23:00:47+00:00\" \/>\n<meta property=\"og:image\" content=\"https:\/\/ubirataonline.com.br\/wp-content\/uploads\/2026\/05\/logo2026.webp\" \/>\n\t<meta property=\"og:image:width\" content=\"1531\" \/>\n\t<meta property=\"og:image:height\" content=\"418\" \/>\n\t<meta property=\"og:image:type\" content=\"image\/webp\" \/>\n<meta name=\"author\" content=\"REDA\u00c7\u00c3O: UBIRAT\u00c3 ONLINE - F\u00c1BIO AUGUSTO CELESTINO\" \/>\n<meta name=\"twitter:card\" content=\"summary_large_image\" \/>\n<meta name=\"twitter:creator\" content=\"@x.com\/ubirataonline\" \/>\n<meta name=\"twitter:site\" content=\"@ubirataonline\" \/>\n<meta name=\"twitter:label1\" content=\"Written by\" \/>\n\t<meta name=\"twitter:data1\" content=\"REDA\u00c7\u00c3O: UBIRAT\u00c3 ONLINE - F\u00c1BIO AUGUSTO CELESTINO\" \/>\n\t<meta name=\"twitter:label2\" content=\"Est. reading time\" \/>\n\t<meta name=\"twitter:data2\" content=\"2 minutes\" \/>\n<script type=\"application\/ld+json\" class=\"yoast-schema-graph\">{\"@context\":\"https:\\\/\\\/schema.org\",\"@graph\":[{\"@type\":\"NewsArticle\",\"@id\":\"https:\\\/\\\/ubirataonline.com.br\\\/governo-quer-telessaude-em-100-das-unidades-do-sus-em-quatro-anos-afirma-padilha\\\/#article\",\"isPartOf\":{\"@id\":\"https:\\\/\\\/ubirataonline.com.br\\\/governo-quer-telessaude-em-100-das-unidades-do-sus-em-quatro-anos-afirma-padilha\\\/\"},\"author\":{\"name\":\"REDA\u00c7\u00c3O: UBIRAT\u00c3 ONLINE - F\u00c1BIO AUGUSTO CELESTINO\",\"@id\":\"https:\\\/\\\/ubirataonline.com.br\\\/#\\\/schema\\\/person\\\/372f87bbd3fdd79b8556b84c98d0bc1c\"},\"headline\":\"Governo quer telessa\u00fade em 100% das unidades do SUS em quatro anos, afirma Padilha\",\"datePublished\":\"2026-09-03T23:00:47+00:00\",\"mainEntityOfPage\":{\"@id\":\"https:\\\/\\\/ubirataonline.com.br\\\/governo-quer-telessaude-em-100-das-unidades-do-sus-em-quatro-anos-afirma-padilha\\\/\"},\"wordCount\":439,\"publisher\":{\"@id\":\"https:\\\/\\\/ubirataonline.com.br\\\/#organization\"},\"articleSection\":[\"Brasil\"],\"inLanguage\":\"en-US\",\"copyrightYear\":\"2026\",\"copyrightHolder\":{\"@id\":\"https:\\\/\\\/ubirataonline.com.br\\\/en\\\/#organization\"}},{\"@type\":\"WebPage\",\"@id\":\"https:\\\/\\\/ubirataonline.com.br\\\/governo-quer-telessaude-em-100-das-unidades-do-sus-em-quatro-anos-afirma-padilha\\\/\",\"url\":\"https:\\\/\\\/ubirataonline.com.br\\\/governo-quer-telessaude-em-100-das-unidades-do-sus-em-quatro-anos-afirma-padilha\\\/\",\"name\":\"Governo quer telessa\u00fade em 100% das unidades do SUS em quatro anos, afirma Padilha - Ubirat\u00e3 Online Not\u00edcias - A realidade ao seu alcance!\",\"isPartOf\":{\"@id\":\"https:\\\/\\\/ubirataonline.com.br\\\/#website\"},\"datePublished\":\"2026-09-03T23:00:47+00:00\",\"description\":\"Minist\u00e9rio da Sa\u00fade contabiliza mais de 12 milh\u00f5es de teleatendimentos e diz que 84% das equipes de sa\u00fade da fam\u00edlia usam prontu\u00e1rio eletr\u00f4nicoO ministro\",\"breadcrumb\":{\"@id\":\"https:\\\/\\\/ubirataonline.com.br\\\/governo-quer-telessaude-em-100-das-unidades-do-sus-em-quatro-anos-afirma-padilha\\\/#breadcrumb\"},\"inLanguage\":\"en-US\",\"potentialAction\":[{\"@type\":\"ReadAction\",\"target\":[\"https:\\\/\\\/ubirataonline.com.br\\\/governo-quer-telessaude-em-100-das-unidades-do-sus-em-quatro-anos-afirma-padilha\\\/\"]}]},{\"@type\":\"BreadcrumbList\",\"@id\":\"https:\\\/\\\/ubirataonline.com.br\\\/governo-quer-telessaude-em-100-das-unidades-do-sus-em-quatro-anos-afirma-padilha\\\/#breadcrumb\",\"itemListElement\":[{\"@type\":\"ListItem\",\"position\":1,\"name\":\"In\u00edcio\",\"item\":\"https:\\\/\\\/ubirataonline.com.br\\\/\"},{\"@type\":\"ListItem\",\"position\":2,\"name\":\"Governo quer telessa\u00fade em 100% das unidades do SUS em quatro anos, afirma Padilha\"}]},{\"@type\":\"WebSite\",\"@id\":\"https:\\\/\\\/ubirataonline.com.br\\\/#website\",\"url\":\"https:\\\/\\\/ubirataonline.com.br\\\/\",\"name\":\"Ubirat\u00e3 Online Not\u00edcias\",\"description\":\"Not\u00edcias de Ubirat\u00e3, regi\u00e3o, Brasil e mundo, com informa\u00e7\u00e3o atualizada e compromisso com o leitor.\",\"publisher\":{\"@id\":\"https:\\\/\\\/ubirataonline.com.br\\\/#organization\"},\"alternateName\":\"Ubirat\u00e3 Online\",\"potentialAction\":[{\"@type\":\"SearchAction\",\"target\":{\"@type\":\"EntryPoint\",\"urlTemplate\":\"https:\\\/\\\/ubirataonline.com.br\\\/?s={search_term_string}\"},\"query-input\":{\"@type\":\"PropertyValueSpecification\",\"valueRequired\":true,\"valueName\":\"search_term_string\"}}],\"inLanguage\":\"en-US\"},{\"@type\":[\"Organization\",\"Place\"],\"@id\":\"https:\\\/\\\/ubirataonline.com.br\\\/#organization\",\"name\":\"Ubirat\u00e3 Online Not\u00edcias\",\"alternateName\":\"Ubirat\u00e3 Online\",\"url\":\"https:\\\/\\\/ubirataonline.com.br\\\/\",\"logo\":{\"@id\":\"https:\\\/\\\/ubirataonline.com.br\\\/governo-quer-telessaude-em-100-das-unidades-do-sus-em-quatro-anos-afirma-padilha\\\/#local-main-organization-logo\"},\"image\":{\"@id\":\"https:\\\/\\\/ubirataonline.com.br\\\/governo-quer-telessaude-em-100-das-unidades-do-sus-em-quatro-anos-afirma-padilha\\\/#local-main-organization-logo\"},\"sameAs\":[\"https:\\\/\\\/www.facebook.com\\\/portalubirataonline\",\"https:\\\/\\\/x.com\\\/ubirataonline\",\"https:\\\/\\\/mastodon.social\\\/@ubirataonline\",\"https:\\\/\\\/www.facebook.com\\\/groups\\\/311144672285604\",\"https:\\\/\\\/www.facebook.com\\\/UBTAOnline\",\"https:\\\/\\\/www.instagram.com\\\/portalubirataonline\\\/\",\"https:\\\/\\\/twitter.com\\\/ubirataonline\"],\"description\":\"Somos um portal de not\u00edcias independente, criado em 5 de janeiro de 2009, com o objetivo de informar, conectar e valorizar a nossa comunidade de Ubirat\u00e3 e toda aregi\u00e3o. Com conte\u00fado atualizado, confi\u00e1vel e relevante, o Ubirat\u00e3 Online \u00e9 o seu espa\u00e7o para ficar por dentro dos principais acontecimentos locais, regionais, Brasil, Mundo e de interesse geral. Nosso compromisso \u00e9 com a verdade, a transpar\u00eancia e o respeito ao leitor.\",\"legalName\":\"UBIRATA ONLINE NOT\u00cdCIAS\",\"foundingDate\":\"2009-01-05\",\"numberOfEmployees\":{\"@type\":\"QuantitativeValue\",\"minValue\":\"1\",\"maxValue\":\"10\"},\"publishingPrinciples\":\"https:\\\/\\\/ubirataonline.com.br\\\/faq\\\/\",\"address\":{\"@id\":\"https:\\\/\\\/ubirataonline.com.br\\\/governo-quer-telessaude-em-100-das-unidades-do-sus-em-quatro-anos-afirma-padilha\\\/#local-main-place-address\"},\"geo\":{\"@type\":\"GeoCoordinates\",\"latitude\":\"-24.5361401\",\"longitude\":\"-52.9921776\"},\"telephone\":[\"+5544998308235\"],\"contactPoint\":{\"@type\":\"ContactPoint\",\"email\":\"contato@ubirataonline.com.br\"},\"openingHoursSpecification\":{\"@type\":\"OpeningHoursSpecification\",\"dayOfWeek\":[\"Monday\",\"Tuesday\",\"Wednesday\",\"Thursday\",\"Friday\",\"Saturday\",\"Sunday\"],\"opens\":\"00:00\",\"closes\":\"23:59\"},\"email\":\"contato@ubirataonline.com.br\",\"vatID\":\"47.621.418\\\/0001-80\"},{\"@type\":\"Person\",\"@id\":\"https:\\\/\\\/ubirataonline.com.br\\\/#\\\/schema\\\/person\\\/372f87bbd3fdd79b8556b84c98d0bc1c\",\"name\":\"REDA\u00c7\u00c3O: UBIRAT\u00c3 ONLINE - F\u00c1BIO AUGUSTO CELESTINO\",\"pronouns\":\"Ele\",\"description\":\"Desde 2003 trabalhando com not\u00edcias.\",\"sameAs\":[\"http:\\\/\\\/ubirataoline.com.br\",\"https:\\\/\\\/www.facebook.com\\\/portalubirataonline\",\"https:\\\/\\\/www.instagram.com\\\/ubirataonline_oficial\",\"https:\\\/\\\/x.com\\\/x.com\\\/ubirataonline\"],\"honorificPrefix\":\"Mr.\",\"honorificSuffix\":\"MD\",\"birthDate\":\"1980-06-16\",\"gender\":\"masculino\",\"award\":[\"V\u00e1rios pr\u00eamios de melhor portal da cidade\"],\"jobTitle\":\"Diretor\",\"url\":\"https:\\\/\\\/ubirataonline.com.br\\\/en\\\/author\\\/ubirataonline\\\/\"},{\"@type\":\"PostalAddress\",\"@id\":\"https:\\\/\\\/ubirataonline.com.br\\\/governo-quer-telessaude-em-100-das-unidades-do-sus-em-quatro-anos-afirma-padilha\\\/#local-main-place-address\",\"streetAddress\":\"Rua dos Coqueiros, 104 - Bairro Boa Vista, Rua dos Coqueiros, 104 Bairro Boa Vista\",\"addressLocality\":\"UBIRATA\",\"postalCode\":\"85440-000\",\"addressRegion\":\"PR\",\"addressCountry\":\"BR\"},{\"@type\":\"ImageObject\",\"inLanguage\":\"en-US\",\"@id\":\"https:\\\/\\\/ubirataonline.com.br\\\/governo-quer-telessaude-em-100-das-unidades-do-sus-em-quatro-anos-afirma-padilha\\\/#local-main-organization-logo\",\"url\":\"https:\\\/\\\/ubirataonline.com.br\\\/wp-content\\\/uploads\\\/2026\\\/06\\\/logoubirataonline-1.webp\",\"contentUrl\":\"https:\\\/\\\/ubirataonline.com.br\\\/wp-content\\\/uploads\\\/2026\\\/06\\\/logoubirataonline-1.webp\",\"width\":500,\"height\":500,\"caption\":\"Ubirat\u00e3 Online Not\u00edcias\"}]}<\/script>\n<meta name=\"geo.placename\" content=\"UBIRATA\" \/>\n<meta name=\"geo.position\" content=\"-24.5361401;-52.9921776\" \/>\n<meta name=\"geo.region\" content=\"Brazil\" \/>\n<!-- \/ Yoast SEO Premium plugin. -->","yoast_head_json":{"title":"Governo quer telessa\u00fade em 100% das unidades do SUS em quatro anos, afirma Padilha - Ubirat\u00e3 Online Not\u00edcias - A realidade ao seu alcance!","description":"Minist\u00e9rio da Sa\u00fade contabiliza mais de 12 milh\u00f5es de teleatendimentos e diz que 84% das equipes de sa\u00fade da fam\u00edlia usam prontu\u00e1rio eletr\u00f4nicoO ministro","robots":{"index":"index","follow":"follow","max-snippet":"max-snippet:-1","max-image-preview":"max-image-preview:large","max-video-preview":"max-video-preview:-1"},"canonical":"https:\/\/ubirataonline.com.br\/en\/governo-quer-telessaude-em-100-das-unidades-do-sus-em-quatro-anos-afirma-padilha\/","og_locale":"en_US","og_type":"article","og_title":"Governo quer telessa\u00fade em 100% das unidades do SUS em quatro anos, afirma Padilha","og_description":"Minist\u00e9rio da Sa\u00fade contabiliza mais de 12 milh\u00f5es de teleatendimentos e diz que 84% das equipes de sa\u00fade da fam\u00edlia usam prontu\u00e1rio eletr\u00f4nicoO ministro","og_url":"https:\/\/ubirataonline.com.br\/en\/governo-quer-telessaude-em-100-das-unidades-do-sus-em-quatro-anos-afirma-padilha\/","og_site_name":"Ubirat\u00e3 Online Not\u00edcias - A realidade ao seu alcance!","article_publisher":"https:\/\/www.facebook.com\/portalubirataonline","article_author":"https:\/\/www.facebook.com\/portalubirataonline","article_published_time":"2026-09-03T23:00:47+00:00","og_image":[{"width":1531,"height":418,"url":"https:\/\/ubirataonline.com.br\/wp-content\/uploads\/2026\/05\/logo2026.webp","type":"image\/webp"}],"author":"REDA\u00c7\u00c3O: UBIRAT\u00c3 ONLINE - F\u00c1BIO AUGUSTO CELESTINO","twitter_card":"summary_large_image","twitter_creator":"@x.com\/ubirataonline","twitter_site":"@ubirataonline","twitter_misc":{"Written by":"REDA\u00c7\u00c3O: UBIRAT\u00c3 ONLINE - F\u00c1BIO AUGUSTO CELESTINO","Est. reading time":"2 minutes"},"schema":{"@context":"https:\/\/schema.org","@graph":[{"@type":"NewsArticle","@id":"https:\/\/ubirataonline.com.br\/governo-quer-telessaude-em-100-das-unidades-do-sus-em-quatro-anos-afirma-padilha\/#article","isPartOf":{"@id":"https:\/\/ubirataonline.com.br\/governo-quer-telessaude-em-100-das-unidades-do-sus-em-quatro-anos-afirma-padilha\/"},"author":{"name":"REDA\u00c7\u00c3O: UBIRAT\u00c3 ONLINE - F\u00c1BIO AUGUSTO CELESTINO","@id":"https:\/\/ubirataonline.com.br\/#\/schema\/person\/372f87bbd3fdd79b8556b84c98d0bc1c"},"headline":"Governo quer telessa\u00fade em 100% das unidades do SUS em quatro anos, afirma Padilha","datePublished":"2026-09-03T23:00:47+00:00","mainEntityOfPage":{"@id":"https:\/\/ubirataonline.com.br\/governo-quer-telessaude-em-100-das-unidades-do-sus-em-quatro-anos-afirma-padilha\/"},"wordCount":439,"publisher":{"@id":"https:\/\/ubirataonline.com.br\/#organization"},"articleSection":["Brasil"],"inLanguage":"en-US","copyrightYear":"2026","copyrightHolder":{"@id":"https:\/\/ubirataonline.com.br\/en\/#organization"}},{"@type":"WebPage","@id":"https:\/\/ubirataonline.com.br\/governo-quer-telessaude-em-100-das-unidades-do-sus-em-quatro-anos-afirma-padilha\/","url":"https:\/\/ubirataonline.com.br\/governo-quer-telessaude-em-100-das-unidades-do-sus-em-quatro-anos-afirma-padilha\/","name":"Governo quer telessa\u00fade em 100% das unidades do SUS em quatro anos, afirma Padilha - Ubirat\u00e3 Online Not\u00edcias - A realidade ao seu alcance!","isPartOf":{"@id":"https:\/\/ubirataonline.com.br\/#website"},"datePublished":"2026-09-03T23:00:47+00:00","description":"Minist\u00e9rio da Sa\u00fade contabiliza mais de 12 milh\u00f5es de teleatendimentos e diz que 84% das equipes de sa\u00fade da fam\u00edlia usam prontu\u00e1rio eletr\u00f4nicoO ministro","breadcrumb":{"@id":"https:\/\/ubirataonline.com.br\/governo-quer-telessaude-em-100-das-unidades-do-sus-em-quatro-anos-afirma-padilha\/#breadcrumb"},"inLanguage":"en-US","potentialAction":[{"@type":"ReadAction","target":["https:\/\/ubirataonline.com.br\/governo-quer-telessaude-em-100-das-unidades-do-sus-em-quatro-anos-afirma-padilha\/"]}]},{"@type":"BreadcrumbList","@id":"https:\/\/ubirataonline.com.br\/governo-quer-telessaude-em-100-das-unidades-do-sus-em-quatro-anos-afirma-padilha\/#breadcrumb","itemListElement":[{"@type":"ListItem","position":1,"name":"In\u00edcio","item":"https:\/\/ubirataonline.com.br\/"},{"@type":"ListItem","position":2,"name":"Governo quer telessa\u00fade em 100% das unidades do SUS em quatro anos, afirma Padilha"}]},{"@type":"WebSite","@id":"https:\/\/ubirataonline.com.br\/#website","url":"https:\/\/ubirataonline.com.br\/","name":"Ubirat\u00e3 Online Not\u00edcias","description":"Not\u00edcias de Ubirat\u00e3, regi\u00e3o, Brasil e mundo, com informa\u00e7\u00e3o atualizada e compromisso com o leitor.","publisher":{"@id":"https:\/\/ubirataonline.com.br\/#organization"},"alternateName":"Ubirat\u00e3 Online","potentialAction":[{"@type":"SearchAction","target":{"@type":"EntryPoint","urlTemplate":"https:\/\/ubirataonline.com.br\/?s={search_term_string}"},"query-input":{"@type":"PropertyValueSpecification","valueRequired":true,"valueName":"search_term_string"}}],"inLanguage":"en-US"},{"@type":["Organization","Place"],"@id":"https:\/\/ubirataonline.com.br\/#organization","name":"Ubirat\u00e3 Online Not\u00edcias","alternateName":"Ubirat\u00e3 Online","url":"https:\/\/ubirataonline.com.br\/","logo":{"@id":"https:\/\/ubirataonline.com.br\/governo-quer-telessaude-em-100-das-unidades-do-sus-em-quatro-anos-afirma-padilha\/#local-main-organization-logo"},"image":{"@id":"https:\/\/ubirataonline.com.br\/governo-quer-telessaude-em-100-das-unidades-do-sus-em-quatro-anos-afirma-padilha\/#local-main-organization-logo"},"sameAs":["https:\/\/www.facebook.com\/portalubirataonline","https:\/\/x.com\/ubirataonline","https:\/\/mastodon.social\/@ubirataonline","https:\/\/www.facebook.com\/groups\/311144672285604","https:\/\/www.facebook.com\/UBTAOnline","https:\/\/www.instagram.com\/portalubirataonline\/","https:\/\/twitter.com\/ubirataonline"],"description":"Somos um portal de not\u00edcias independente, criado em 5 de janeiro de 2009, com o objetivo de informar, conectar e valorizar a nossa comunidade de Ubirat\u00e3 e toda aregi\u00e3o. Com conte\u00fado atualizado, confi\u00e1vel e relevante, o Ubirat\u00e3 Online \u00e9 o seu espa\u00e7o para ficar por dentro dos principais acontecimentos locais, regionais, Brasil, Mundo e de interesse geral. Nosso compromisso \u00e9 com a verdade, a transpar\u00eancia e o respeito ao leitor.","legalName":"UBIRATA ONLINE NOT\u00cdCIAS","foundingDate":"2009-01-05","numberOfEmployees":{"@type":"QuantitativeValue","minValue":"1","maxValue":"10"},"publishingPrinciples":"https:\/\/ubirataonline.com.br\/faq\/","address":{"@id":"https:\/\/ubirataonline.com.br\/governo-quer-telessaude-em-100-das-unidades-do-sus-em-quatro-anos-afirma-padilha\/#local-main-place-address"},"geo":{"@type":"GeoCoordinates","latitude":"-24.5361401","longitude":"-52.9921776"},"telephone":["+5544998308235"],"contactPoint":{"@type":"ContactPoint","email":"contato@ubirataonline.com.br"},"openingHoursSpecification":{"@type":"OpeningHoursSpecification","dayOfWeek":["Monday","Tuesday","Wednesday","Thursday","Friday","Saturday","Sunday"],"opens":"00:00","closes":"23:59"},"email":"contato@ubirataonline.com.br","vatID":"47.621.418\/0001-80"},{"@type":"Person","@id":"https:\/\/ubirataonline.com.br\/#\/schema\/person\/372f87bbd3fdd79b8556b84c98d0bc1c","name":"REDA\u00c7\u00c3O: UBIRAT\u00c3 ONLINE - F\u00c1BIO AUGUSTO CELESTINO","pronouns":"Ele","description":"Desde 2003 trabalhando com not\u00edcias.","sameAs":["http:\/\/ubirataoline.com.br","https:\/\/www.facebook.com\/portalubirataonline","https:\/\/www.instagram.com\/ubirataonline_oficial","https:\/\/x.com\/x.com\/ubirataonline"],"honorificPrefix":"Mr.","honorificSuffix":"MD","birthDate":"1980-06-16","gender":"masculino","award":["V\u00e1rios pr\u00eamios de melhor portal da cidade"],"jobTitle":"Diretor","url":"https:\/\/ubirataonline.com.br\/en\/author\/ubirataonline\/"},{"@type":"PostalAddress","@id":"https:\/\/ubirataonline.com.br\/governo-quer-telessaude-em-100-das-unidades-do-sus-em-quatro-anos-afirma-padilha\/#local-main-place-address","streetAddress":"Rua dos Coqueiros, 104 - Bairro Boa Vista, Rua dos Coqueiros, 104 Bairro Boa Vista","addressLocality":"UBIRATA","postalCode":"85440-000","addressRegion":"PR","addressCountry":"BR"},{"@type":"ImageObject","inLanguage":"en-US","@id":"https:\/\/ubirataonline.com.br\/governo-quer-telessaude-em-100-das-unidades-do-sus-em-quatro-anos-afirma-padilha\/#local-main-organization-logo","url":"https:\/\/ubirataonline.com.br\/wp-content\/uploads\/2026\/06\/logoubirataonline-1.webp","contentUrl":"https:\/\/ubirataonline.com.br\/wp-content\/uploads\/2026\/06\/logoubirataonline-1.webp","width":500,"height":500,"caption":"Ubirat\u00e3 Online Not\u00edcias"}]},"geo.placename":"UBIRATA","geo.position":{"lat":"-24.5361401","long":"-52.9921776"},"geo.region":"Brazil"},"_links":{"self":[{"href":"https:\/\/ubirataonline.com.br\/en\/wp-json\/wp\/v2\/posts\/170442","targetHints":{"allow":["GET"]}}],"collection":[{"href":"https:\/\/ubirataonline.com.br\/en\/wp-json\/wp\/v2\/posts"}],"about":[{"href":"https:\/\/ubirataonline.com.br\/en\/wp-json\/wp\/v2\/types\/post"}],"author":[{"embeddable":true,"href":"https:\/\/ubirataonline.com.br\/en\/wp-json\/wp\/v2\/users\/1"}],"replies":[{"embeddable":true,"href":"https:\/\/ubirataonline.com.br\/en\/wp-json\/wp\/v2\/comments?post=170442"}],"version-history":[{"count":0,"href":"https:\/\/ubirataonline.com.br\/en\/wp-json\/wp\/v2\/posts\/170442\/revisions"}],"wp:attachment":[{"href":"https:\/\/ubirataonline.com.br\/en\/wp-json\/wp\/v2\/media?parent=170442"}],"wp:term":[{"taxonomy":"category","embeddable":true,"href":"https:\/\/ubirataonline.com.br\/en\/wp-json\/wp\/v2\/categories?post=170442"},{"taxonomy":"post_tag","embeddable":true,"href":"https:\/\/ubirataonline.com.br\/en\/wp-json\/wp\/v2\/tags?post=170442"}],"curies":[{"name":"wp","href":"https:\/\/api.w.org\/{rel}","templated":true}]}}