{"id":170514,"date":"2026-09-03T23:58:50","date_gmt":"2026-09-04T02:58:50","guid":{"rendered":"https:\/\/ubirataonline.com.br\/rede-de-jardinagem-centenaria-earl-may-anuncia-fechamento-de-25-de-suas-lojas-apos-pressao-de-gigantes-do-setor\/"},"modified":"2026-09-03T23:58:50","modified_gmt":"2026-09-04T02:58:50","slug":"rede-de-jardinagem-centenaria-earl-may-anuncia-fechamento-de-25-de-suas-lojas-apos-pressao-de-gigantes-do-setor","status":"publish","type":"post","link":"https:\/\/ubirataonline.com.br\/en\/rede-de-jardinagem-centenaria-earl-may-anuncia-fechamento-de-25-de-suas-lojas-apos-pressao-de-gigantes-do-setor\/","title":{"rendered":"Rede de jardinagem centen\u00e1ria Earl May anuncia fechamento de 25% de suas lojas ap\u00f3s press\u00e3o de gigantes do setor"},"content":{"rendered":"<h2>A tradicional rede de jardinagem Earl May Garden Centers confirmou que encerrar\u00e1 as atividades de 25% de suas lojas f\u00edsicas em meio a um mercado competitivo.<\/h2>\n<p>A <b>Earl May Garden Centers<\/b>, uma marca com 107 anos de hist\u00f3ria no setor de jardinagem, comunicou que fechar\u00e1 sete de suas 28 lojas. A medida marca um momento de retra\u00e7\u00e3o para a rede, que deixar\u00e1 de operar em diversas cidades onde mantinha presen\u00e7a consolidada h\u00e1 d\u00e9cadas, conforme informa\u00e7\u00e3o divulgada pelo ve\u00edculo <b>Banda B<\/b>.<\/p>\n<p>O fechamento atinge unidades emblem\u00e1ticas, como a loja localizada em St. Joseph, no Missouri, que encerrar\u00e1 suas portas definitivamente em 21 de setembro. Essa unidade representava o fim da opera\u00e7\u00e3o da rede no Estados, encerrando um ciclo de quase um s\u00e9culo de atendimento ao p\u00fablico local.<\/p>\n<p>A decis\u00e3o reflete a dificuldade de pequenos e m\u00e9dios centros de jardinagem em manter a opera\u00e7\u00e3o diante da expans\u00e3o agressiva de grandes redes varejistas. A mudan\u00e7a estrat\u00e9gica busca ajustar a empresa \u00e0 nova realidade do mercado americano, onde a escala de neg\u00f3cios se tornou um fator decisivo para a sobreviv\u00eancia das marcas.<\/p>\n<h3>Hist\u00f3rico e evolu\u00e7\u00e3o da Earl May<\/h3>\n<p>Fundada em 1919, a <b>Earl May<\/b> construiu sua reputa\u00e7\u00e3o atrav\u00e9s de um modelo de neg\u00f3cio que come\u00e7ou com a venda de sementes e produtos para viveiros via cat\u00e1logo. No auge, a empresa chegou a distribuir mais de 2 milh\u00f5es de cat\u00e1logos por todo o territ\u00f3rio dos Estados Unidos.<\/p>\n<p>Ao longo de mais de um s\u00e9culo, a rede diversificou drasticamente seu portf\u00f3lio. Al\u00e9m de itens de jardinagem, a empresa j\u00e1 comercializou produtos variados como pintinhos, pneus, baterias, r\u00e1dios, tintas, sapatos e roupas, tornando-se uma refer\u00eancia de consumo para fam\u00edlias americanas.<\/p>\n<h3>O dom\u00ednio das grandes redes no mercado<\/h3>\n<p>O cen\u00e1rio atual \u00e9 dominado por gigantes como <b>Home Depot<\/b>, <b>Lowe\u2019s<\/b> e <b>Walmart<\/b>. De acordo com o <i>Axiom Gardening Outlook Study 2025<\/i>, a Home Depot foi o destino preferido para 32% dos compradores de suprimentos de jardinagem em 2024, seguida pela Lowe\u2019s com 19% e o Walmart com 17%.<\/p>\n<p>Os centros de jardinagem independentes, como a Earl May, ficaram com 12% da prefer\u00eancia. O estudo destaca que a conveni\u00eancia e o poder de compra das grandes redes tornam o ambiente extremamente desafiador para estabelecimentos regionais que possuem menor escala operacional.<\/p>\n<h3>Desafios e diferenciais competitivos<\/h3>\n<p>Apesar da desvantagem no pre\u00e7o, lojas independentes ainda mant\u00eam pontos fortes, como a qualidade das plantas e a especializa\u00e7\u00e3o da equipe. Cerca de 30% dos consumidores entrevistados pelo estudo apontaram que estabelecimentos independentes oferecem plantas superiores, superando os 25% da Home Depot.<\/p>\n<p>Mike Reiber, CEO da Axiom Marketing, sugere que a sa\u00edda para o setor \u00e9 a diferencia\u00e7\u00e3o. Ele recomenda que as lojas foquem em explicar a origem das plantas e oferecer variedades regionais. A aposta no atendimento especializado continua sendo o principal pilar para fidelizar clientes que valorizam a experi\u00eancia de compra.<\/p>\n<h3>Perguntas Frequentes (FAQ)<\/h3>\n<p><b>Quantas lojas a Earl May vai fechar?<\/b><br \/>A rede vai fechar sete de suas 28 lojas, o que representa 25% do total de unidades da empresa.<\/p>\n<p><b>Qual o motivo do fechamento?<\/b><br \/>A empresa enfrenta uma forte concorr\u00eancia de grandes varejistas como Home Depot, Lowe\u2019s e Walmart, que dominam o mercado por meio de maior escala e conveni\u00eancia.<\/p>\n<p><b>Quando a unidade de St. Joseph encerra as atividades?<\/b><br \/>A unidade de St. Joseph, no Missouri, encerrar\u00e1 suas atividades definitivamente no dia 21 de setembro.<\/p>\n<p><b>Quais s\u00e3o os diferenciais das lojas independentes?<\/b><br \/>Segundo o estudo da Axiom, as lojas independentes se destacam pela maior qualidade das plantas e por oferecerem funcion\u00e1rios mais experientes para orientar os clientes.<\/p>\n<p><b>A Earl May vende apenas itens de jardinagem?<\/b><br \/>Historicamente, a empresa j\u00e1 vendeu diversos produtos, incluindo roupas, sapatos e equipamentos eletr\u00f4nicos, mas atualmente o foco principal \u00e9 a jardinagem e paisagismo.<\/p>","protected":false},"excerpt":{"rendered":"<p>A tradicional rede de jardinagem Earl May Garden Centers confirmou que encerrar\u00e1 as atividades de 25% de suas lojas f\u00edsicas em meio a um mercado competitivo. A Earl May Garden Centers, uma marca com 107 anos de hist\u00f3ria no setor de jardinagem, comunicou que fechar\u00e1 sete de suas 28 lojas. A medida marca um momento [&hellip;]<\/p>\n","protected":false},"author":1,"featured_media":0,"comment_status":"","ping_status":"","sticky":false,"template":"","format":"standard","meta":{"googlesitekit_rrm_CAow2JLhCw:productID":"","_gspb_post_css":"","maa_idioma":"","maa_pais":"","footnotes":""},"categories":[10],"tags":[],"class_list":["post-170514","post","type-post","status-publish","format-standard","hentry","category-geral"],"blocksy_meta":[],"yoast_head":"<!-- This site is optimized with the Yoast SEO Premium plugin v27.6 (Yoast SEO v27.6) - https:\/\/yoast.com\/product\/yoast-seo-premium-wordpress\/ -->\n<title>Rede de jardinagem centen\u00e1ria Earl May anuncia fechamento de 25% de suas lojas ap\u00f3s press\u00e3o de gigantes do setor - Ubirat\u00e3 Online Not\u00edcias - A realidade ao seu alcance!<\/title>\n<meta name=\"description\" content=\"A tradicional rede de jardinagem Earl May Garden Centers confirmou que encerrar\u00e1 as atividades de 25% de suas lojas f\u00edsicas em meio a um mercado\" \/>\n<meta name=\"robots\" content=\"index, follow, max-snippet:-1, max-image-preview:large, max-video-preview:-1\" \/>\n<link rel=\"canonical\" href=\"https:\/\/ubirataonline.com.br\/en\/rede-de-jardinagem-centenaria-earl-may-anuncia-fechamento-de-25-de-suas-lojas-apos-pressao-de-gigantes-do-setor\/\" \/>\n<meta property=\"og:locale\" content=\"en_US\" \/>\n<meta property=\"og:type\" content=\"article\" \/>\n<meta property=\"og:title\" content=\"Rede de jardinagem centen\u00e1ria Earl May anuncia fechamento de 25% de suas lojas ap\u00f3s press\u00e3o de gigantes do setor\" \/>\n<meta property=\"og:description\" content=\"A tradicional rede de jardinagem Earl May Garden Centers confirmou que encerrar\u00e1 as atividades de 25% de suas lojas f\u00edsicas em meio a um mercado\" \/>\n<meta property=\"og:url\" content=\"https:\/\/ubirataonline.com.br\/en\/rede-de-jardinagem-centenaria-earl-may-anuncia-fechamento-de-25-de-suas-lojas-apos-pressao-de-gigantes-do-setor\/\" \/>\n<meta property=\"og:site_name\" content=\"Ubirat\u00e3 Online Not\u00edcias - A realidade ao seu alcance!\" \/>\n<meta property=\"article:publisher\" content=\"https:\/\/www.facebook.com\/portalubirataonline\" \/>\n<meta property=\"article:author\" content=\"https:\/\/www.facebook.com\/portalubirataonline\" \/>\n<meta property=\"article:published_time\" content=\"2026-09-04T02:58:50+00:00\" \/>\n<meta property=\"og:image\" content=\"https:\/\/ubirataonline.com.br\/wp-content\/uploads\/2026\/05\/logo2026.webp\" \/>\n\t<meta property=\"og:image:width\" content=\"1531\" \/>\n\t<meta property=\"og:image:height\" content=\"418\" \/>\n\t<meta property=\"og:image:type\" content=\"image\/webp\" \/>\n<meta name=\"author\" content=\"REDA\u00c7\u00c3O: UBIRAT\u00c3 ONLINE - F\u00c1BIO AUGUSTO CELESTINO\" \/>\n<meta name=\"twitter:card\" content=\"summary_large_image\" \/>\n<meta name=\"twitter:creator\" content=\"@x.com\/ubirataonline\" \/>\n<meta name=\"twitter:site\" content=\"@ubirataonline\" \/>\n<meta name=\"twitter:label1\" content=\"Written by\" \/>\n\t<meta name=\"twitter:data1\" content=\"REDA\u00c7\u00c3O: UBIRAT\u00c3 ONLINE - F\u00c1BIO AUGUSTO CELESTINO\" \/>\n\t<meta name=\"twitter:label2\" content=\"Est. reading time\" \/>\n\t<meta name=\"twitter:data2\" content=\"3 minutes\" \/>\n<script type=\"application\/ld+json\" class=\"yoast-schema-graph\">{\"@context\":\"https:\\\/\\\/schema.org\",\"@graph\":[{\"@type\":\"NewsArticle\",\"@id\":\"https:\\\/\\\/ubirataonline.com.br\\\/rede-de-jardinagem-centenaria-earl-may-anuncia-fechamento-de-25-de-suas-lojas-apos-pressao-de-gigantes-do-setor\\\/#article\",\"isPartOf\":{\"@id\":\"https:\\\/\\\/ubirataonline.com.br\\\/rede-de-jardinagem-centenaria-earl-may-anuncia-fechamento-de-25-de-suas-lojas-apos-pressao-de-gigantes-do-setor\\\/\"},\"author\":{\"name\":\"REDA\u00c7\u00c3O: UBIRAT\u00c3 ONLINE - F\u00c1BIO AUGUSTO CELESTINO\",\"@id\":\"https:\\\/\\\/ubirataonline.com.br\\\/#\\\/schema\\\/person\\\/372f87bbd3fdd79b8556b84c98d0bc1c\"},\"headline\":\"Rede de jardinagem centen\u00e1ria Earl May anuncia fechamento de 25% de suas lojas ap\u00f3s press\u00e3o de gigantes do setor\",\"datePublished\":\"2026-09-04T02:58:50+00:00\",\"mainEntityOfPage\":{\"@id\":\"https:\\\/\\\/ubirataonline.com.br\\\/rede-de-jardinagem-centenaria-earl-may-anuncia-fechamento-de-25-de-suas-lojas-apos-pressao-de-gigantes-do-setor\\\/\"},\"wordCount\":668,\"publisher\":{\"@id\":\"https:\\\/\\\/ubirataonline.com.br\\\/#organization\"},\"articleSection\":[\"Geral\"],\"inLanguage\":\"en-US\",\"copyrightYear\":\"2026\",\"copyrightHolder\":{\"@id\":\"https:\\\/\\\/ubirataonline.com.br\\\/en\\\/#organization\"}},{\"@type\":\"WebPage\",\"@id\":\"https:\\\/\\\/ubirataonline.com.br\\\/rede-de-jardinagem-centenaria-earl-may-anuncia-fechamento-de-25-de-suas-lojas-apos-pressao-de-gigantes-do-setor\\\/\",\"url\":\"https:\\\/\\\/ubirataonline.com.br\\\/rede-de-jardinagem-centenaria-earl-may-anuncia-fechamento-de-25-de-suas-lojas-apos-pressao-de-gigantes-do-setor\\\/\",\"name\":\"Rede de jardinagem centen\u00e1ria Earl May anuncia fechamento de 25% de suas lojas ap\u00f3s press\u00e3o de gigantes do setor - Ubirat\u00e3 Online Not\u00edcias - A realidade ao seu alcance!\",\"isPartOf\":{\"@id\":\"https:\\\/\\\/ubirataonline.com.br\\\/#website\"},\"datePublished\":\"2026-09-04T02:58:50+00:00\",\"description\":\"A tradicional rede de jardinagem Earl May Garden Centers confirmou que encerrar\u00e1 as atividades de 25% de suas lojas f\u00edsicas em meio a um mercado\",\"breadcrumb\":{\"@id\":\"https:\\\/\\\/ubirataonline.com.br\\\/rede-de-jardinagem-centenaria-earl-may-anuncia-fechamento-de-25-de-suas-lojas-apos-pressao-de-gigantes-do-setor\\\/#breadcrumb\"},\"inLanguage\":\"en-US\",\"potentialAction\":[{\"@type\":\"ReadAction\",\"target\":[\"https:\\\/\\\/ubirataonline.com.br\\\/rede-de-jardinagem-centenaria-earl-may-anuncia-fechamento-de-25-de-suas-lojas-apos-pressao-de-gigantes-do-setor\\\/\"]}]},{\"@type\":\"BreadcrumbList\",\"@id\":\"https:\\\/\\\/ubirataonline.com.br\\\/rede-de-jardinagem-centenaria-earl-may-anuncia-fechamento-de-25-de-suas-lojas-apos-pressao-de-gigantes-do-setor\\\/#breadcrumb\",\"itemListElement\":[{\"@type\":\"ListItem\",\"position\":1,\"name\":\"In\u00edcio\",\"item\":\"https:\\\/\\\/ubirataonline.com.br\\\/\"},{\"@type\":\"ListItem\",\"position\":2,\"name\":\"Rede de jardinagem centen\u00e1ria Earl May anuncia fechamento de 25% de suas lojas ap\u00f3s press\u00e3o de gigantes do setor\"}]},{\"@type\":\"WebSite\",\"@id\":\"https:\\\/\\\/ubirataonline.com.br\\\/#website\",\"url\":\"https:\\\/\\\/ubirataonline.com.br\\\/\",\"name\":\"Ubirat\u00e3 Online Not\u00edcias\",\"description\":\"Not\u00edcias de Ubirat\u00e3, regi\u00e3o, Brasil e mundo, com informa\u00e7\u00e3o atualizada e compromisso com o leitor.\",\"publisher\":{\"@id\":\"https:\\\/\\\/ubirataonline.com.br\\\/#organization\"},\"alternateName\":\"Ubirat\u00e3 Online\",\"potentialAction\":[{\"@type\":\"SearchAction\",\"target\":{\"@type\":\"EntryPoint\",\"urlTemplate\":\"https:\\\/\\\/ubirataonline.com.br\\\/?s={search_term_string}\"},\"query-input\":{\"@type\":\"PropertyValueSpecification\",\"valueRequired\":true,\"valueName\":\"search_term_string\"}}],\"inLanguage\":\"en-US\"},{\"@type\":[\"Organization\",\"Place\"],\"@id\":\"https:\\\/\\\/ubirataonline.com.br\\\/#organization\",\"name\":\"Ubirat\u00e3 Online Not\u00edcias\",\"alternateName\":\"Ubirat\u00e3 Online\",\"url\":\"https:\\\/\\\/ubirataonline.com.br\\\/\",\"logo\":{\"@id\":\"https:\\\/\\\/ubirataonline.com.br\\\/rede-de-jardinagem-centenaria-earl-may-anuncia-fechamento-de-25-de-suas-lojas-apos-pressao-de-gigantes-do-setor\\\/#local-main-organization-logo\"},\"image\":{\"@id\":\"https:\\\/\\\/ubirataonline.com.br\\\/rede-de-jardinagem-centenaria-earl-may-anuncia-fechamento-de-25-de-suas-lojas-apos-pressao-de-gigantes-do-setor\\\/#local-main-organization-logo\"},\"sameAs\":[\"https:\\\/\\\/www.facebook.com\\\/portalubirataonline\",\"https:\\\/\\\/x.com\\\/ubirataonline\",\"https:\\\/\\\/mastodon.social\\\/@ubirataonline\",\"https:\\\/\\\/www.facebook.com\\\/groups\\\/311144672285604\",\"https:\\\/\\\/www.facebook.com\\\/UBTAOnline\",\"https:\\\/\\\/www.instagram.com\\\/portalubirataonline\\\/\",\"https:\\\/\\\/twitter.com\\\/ubirataonline\"],\"description\":\"Somos um portal de not\u00edcias independente, criado em 5 de janeiro de 2009, com o objetivo de informar, conectar e valorizar a nossa comunidade de Ubirat\u00e3 e toda aregi\u00e3o. Com conte\u00fado atualizado, confi\u00e1vel e relevante, o Ubirat\u00e3 Online \u00e9 o seu espa\u00e7o para ficar por dentro dos principais acontecimentos locais, regionais, Brasil, Mundo e de interesse geral. Nosso compromisso \u00e9 com a verdade, a transpar\u00eancia e o respeito ao leitor.\",\"legalName\":\"UBIRATA ONLINE NOT\u00cdCIAS\",\"foundingDate\":\"2009-01-05\",\"numberOfEmployees\":{\"@type\":\"QuantitativeValue\",\"minValue\":\"1\",\"maxValue\":\"10\"},\"publishingPrinciples\":\"https:\\\/\\\/ubirataonline.com.br\\\/faq\\\/\",\"address\":{\"@id\":\"https:\\\/\\\/ubirataonline.com.br\\\/rede-de-jardinagem-centenaria-earl-may-anuncia-fechamento-de-25-de-suas-lojas-apos-pressao-de-gigantes-do-setor\\\/#local-main-place-address\"},\"geo\":{\"@type\":\"GeoCoordinates\",\"latitude\":\"-24.5361401\",\"longitude\":\"-52.9921776\"},\"telephone\":[\"+5544998308235\"],\"contactPoint\":{\"@type\":\"ContactPoint\",\"email\":\"contato@ubirataonline.com.br\"},\"openingHoursSpecification\":{\"@type\":\"OpeningHoursSpecification\",\"dayOfWeek\":[\"Monday\",\"Tuesday\",\"Wednesday\",\"Thursday\",\"Friday\",\"Saturday\",\"Sunday\"],\"opens\":\"00:00\",\"closes\":\"23:59\"},\"email\":\"contato@ubirataonline.com.br\",\"vatID\":\"47.621.418\\\/0001-80\"},{\"@type\":\"Person\",\"@id\":\"https:\\\/\\\/ubirataonline.com.br\\\/#\\\/schema\\\/person\\\/372f87bbd3fdd79b8556b84c98d0bc1c\",\"name\":\"REDA\u00c7\u00c3O: UBIRAT\u00c3 ONLINE - F\u00c1BIO AUGUSTO CELESTINO\",\"pronouns\":\"Ele\",\"description\":\"Desde 2003 trabalhando com not\u00edcias.\",\"sameAs\":[\"http:\\\/\\\/ubirataoline.com.br\",\"https:\\\/\\\/www.facebook.com\\\/portalubirataonline\",\"https:\\\/\\\/www.instagram.com\\\/ubirataonline_oficial\",\"https:\\\/\\\/x.com\\\/x.com\\\/ubirataonline\"],\"honorificPrefix\":\"Mr.\",\"honorificSuffix\":\"MD\",\"birthDate\":\"1980-06-16\",\"gender\":\"masculino\",\"award\":[\"V\u00e1rios pr\u00eamios de melhor portal da cidade\"],\"jobTitle\":\"Diretor\",\"url\":\"https:\\\/\\\/ubirataonline.com.br\\\/en\\\/author\\\/ubirataonline\\\/\"},{\"@type\":\"PostalAddress\",\"@id\":\"https:\\\/\\\/ubirataonline.com.br\\\/rede-de-jardinagem-centenaria-earl-may-anuncia-fechamento-de-25-de-suas-lojas-apos-pressao-de-gigantes-do-setor\\\/#local-main-place-address\",\"streetAddress\":\"Rua dos Coqueiros, 104 - Bairro Boa Vista, Rua dos Coqueiros, 104 Bairro Boa Vista\",\"addressLocality\":\"UBIRATA\",\"postalCode\":\"85440-000\",\"addressRegion\":\"PR\",\"addressCountry\":\"BR\"},{\"@type\":\"ImageObject\",\"inLanguage\":\"en-US\",\"@id\":\"https:\\\/\\\/ubirataonline.com.br\\\/rede-de-jardinagem-centenaria-earl-may-anuncia-fechamento-de-25-de-suas-lojas-apos-pressao-de-gigantes-do-setor\\\/#local-main-organization-logo\",\"url\":\"https:\\\/\\\/ubirataonline.com.br\\\/wp-content\\\/uploads\\\/2026\\\/06\\\/logoubirataonline-1.webp\",\"contentUrl\":\"https:\\\/\\\/ubirataonline.com.br\\\/wp-content\\\/uploads\\\/2026\\\/06\\\/logoubirataonline-1.webp\",\"width\":500,\"height\":500,\"caption\":\"Ubirat\u00e3 Online Not\u00edcias\"}]}<\/script>\n<meta name=\"geo.placename\" content=\"UBIRATA\" \/>\n<meta name=\"geo.position\" content=\"-24.5361401;-52.9921776\" \/>\n<meta name=\"geo.region\" content=\"Brazil\" \/>\n<!-- \/ Yoast SEO Premium plugin. -->","yoast_head_json":{"title":"Rede de jardinagem centen\u00e1ria Earl May anuncia fechamento de 25% de suas lojas ap\u00f3s press\u00e3o de gigantes do setor - Ubirat\u00e3 Online Not\u00edcias - A realidade ao seu alcance!","description":"A tradicional rede de jardinagem Earl May Garden Centers confirmou que encerrar\u00e1 as atividades de 25% de suas lojas f\u00edsicas em meio a um mercado","robots":{"index":"index","follow":"follow","max-snippet":"max-snippet:-1","max-image-preview":"max-image-preview:large","max-video-preview":"max-video-preview:-1"},"canonical":"https:\/\/ubirataonline.com.br\/en\/rede-de-jardinagem-centenaria-earl-may-anuncia-fechamento-de-25-de-suas-lojas-apos-pressao-de-gigantes-do-setor\/","og_locale":"en_US","og_type":"article","og_title":"Rede de jardinagem centen\u00e1ria Earl May anuncia fechamento de 25% de suas lojas ap\u00f3s press\u00e3o de gigantes do setor","og_description":"A tradicional rede de jardinagem Earl May Garden Centers confirmou que encerrar\u00e1 as atividades de 25% de suas lojas f\u00edsicas em meio a um mercado","og_url":"https:\/\/ubirataonline.com.br\/en\/rede-de-jardinagem-centenaria-earl-may-anuncia-fechamento-de-25-de-suas-lojas-apos-pressao-de-gigantes-do-setor\/","og_site_name":"Ubirat\u00e3 Online Not\u00edcias - A realidade ao seu alcance!","article_publisher":"https:\/\/www.facebook.com\/portalubirataonline","article_author":"https:\/\/www.facebook.com\/portalubirataonline","article_published_time":"2026-09-04T02:58:50+00:00","og_image":[{"width":1531,"height":418,"url":"https:\/\/ubirataonline.com.br\/wp-content\/uploads\/2026\/05\/logo2026.webp","type":"image\/webp"}],"author":"REDA\u00c7\u00c3O: UBIRAT\u00c3 ONLINE - F\u00c1BIO AUGUSTO CELESTINO","twitter_card":"summary_large_image","twitter_creator":"@x.com\/ubirataonline","twitter_site":"@ubirataonline","twitter_misc":{"Written by":"REDA\u00c7\u00c3O: UBIRAT\u00c3 ONLINE - F\u00c1BIO AUGUSTO CELESTINO","Est. reading time":"3 minutes"},"schema":{"@context":"https:\/\/schema.org","@graph":[{"@type":"NewsArticle","@id":"https:\/\/ubirataonline.com.br\/rede-de-jardinagem-centenaria-earl-may-anuncia-fechamento-de-25-de-suas-lojas-apos-pressao-de-gigantes-do-setor\/#article","isPartOf":{"@id":"https:\/\/ubirataonline.com.br\/rede-de-jardinagem-centenaria-earl-may-anuncia-fechamento-de-25-de-suas-lojas-apos-pressao-de-gigantes-do-setor\/"},"author":{"name":"REDA\u00c7\u00c3O: UBIRAT\u00c3 ONLINE - F\u00c1BIO AUGUSTO CELESTINO","@id":"https:\/\/ubirataonline.com.br\/#\/schema\/person\/372f87bbd3fdd79b8556b84c98d0bc1c"},"headline":"Rede de jardinagem centen\u00e1ria Earl May anuncia fechamento de 25% de suas lojas ap\u00f3s press\u00e3o de gigantes do setor","datePublished":"2026-09-04T02:58:50+00:00","mainEntityOfPage":{"@id":"https:\/\/ubirataonline.com.br\/rede-de-jardinagem-centenaria-earl-may-anuncia-fechamento-de-25-de-suas-lojas-apos-pressao-de-gigantes-do-setor\/"},"wordCount":668,"publisher":{"@id":"https:\/\/ubirataonline.com.br\/#organization"},"articleSection":["Geral"],"inLanguage":"en-US","copyrightYear":"2026","copyrightHolder":{"@id":"https:\/\/ubirataonline.com.br\/en\/#organization"}},{"@type":"WebPage","@id":"https:\/\/ubirataonline.com.br\/rede-de-jardinagem-centenaria-earl-may-anuncia-fechamento-de-25-de-suas-lojas-apos-pressao-de-gigantes-do-setor\/","url":"https:\/\/ubirataonline.com.br\/rede-de-jardinagem-centenaria-earl-may-anuncia-fechamento-de-25-de-suas-lojas-apos-pressao-de-gigantes-do-setor\/","name":"Rede de jardinagem centen\u00e1ria Earl May anuncia fechamento de 25% de suas lojas ap\u00f3s press\u00e3o de gigantes do setor - Ubirat\u00e3 Online Not\u00edcias - A realidade ao seu alcance!","isPartOf":{"@id":"https:\/\/ubirataonline.com.br\/#website"},"datePublished":"2026-09-04T02:58:50+00:00","description":"A tradicional rede de jardinagem Earl May Garden Centers confirmou que encerrar\u00e1 as atividades de 25% de suas lojas f\u00edsicas em meio a um mercado","breadcrumb":{"@id":"https:\/\/ubirataonline.com.br\/rede-de-jardinagem-centenaria-earl-may-anuncia-fechamento-de-25-de-suas-lojas-apos-pressao-de-gigantes-do-setor\/#breadcrumb"},"inLanguage":"en-US","potentialAction":[{"@type":"ReadAction","target":["https:\/\/ubirataonline.com.br\/rede-de-jardinagem-centenaria-earl-may-anuncia-fechamento-de-25-de-suas-lojas-apos-pressao-de-gigantes-do-setor\/"]}]},{"@type":"BreadcrumbList","@id":"https:\/\/ubirataonline.com.br\/rede-de-jardinagem-centenaria-earl-may-anuncia-fechamento-de-25-de-suas-lojas-apos-pressao-de-gigantes-do-setor\/#breadcrumb","itemListElement":[{"@type":"ListItem","position":1,"name":"In\u00edcio","item":"https:\/\/ubirataonline.com.br\/"},{"@type":"ListItem","position":2,"name":"Rede de jardinagem centen\u00e1ria Earl May anuncia fechamento de 25% de suas lojas ap\u00f3s press\u00e3o de gigantes do setor"}]},{"@type":"WebSite","@id":"https:\/\/ubirataonline.com.br\/#website","url":"https:\/\/ubirataonline.com.br\/","name":"Ubirat\u00e3 Online Not\u00edcias","description":"Not\u00edcias de Ubirat\u00e3, regi\u00e3o, Brasil e mundo, com informa\u00e7\u00e3o atualizada e compromisso com o leitor.","publisher":{"@id":"https:\/\/ubirataonline.com.br\/#organization"},"alternateName":"Ubirat\u00e3 Online","potentialAction":[{"@type":"SearchAction","target":{"@type":"EntryPoint","urlTemplate":"https:\/\/ubirataonline.com.br\/?s={search_term_string}"},"query-input":{"@type":"PropertyValueSpecification","valueRequired":true,"valueName":"search_term_string"}}],"inLanguage":"en-US"},{"@type":["Organization","Place"],"@id":"https:\/\/ubirataonline.com.br\/#organization","name":"Ubirat\u00e3 Online Not\u00edcias","alternateName":"Ubirat\u00e3 Online","url":"https:\/\/ubirataonline.com.br\/","logo":{"@id":"https:\/\/ubirataonline.com.br\/rede-de-jardinagem-centenaria-earl-may-anuncia-fechamento-de-25-de-suas-lojas-apos-pressao-de-gigantes-do-setor\/#local-main-organization-logo"},"image":{"@id":"https:\/\/ubirataonline.com.br\/rede-de-jardinagem-centenaria-earl-may-anuncia-fechamento-de-25-de-suas-lojas-apos-pressao-de-gigantes-do-setor\/#local-main-organization-logo"},"sameAs":["https:\/\/www.facebook.com\/portalubirataonline","https:\/\/x.com\/ubirataonline","https:\/\/mastodon.social\/@ubirataonline","https:\/\/www.facebook.com\/groups\/311144672285604","https:\/\/www.facebook.com\/UBTAOnline","https:\/\/www.instagram.com\/portalubirataonline\/","https:\/\/twitter.com\/ubirataonline"],"description":"Somos um portal de not\u00edcias independente, criado em 5 de janeiro de 2009, com o objetivo de informar, conectar e valorizar a nossa comunidade de Ubirat\u00e3 e toda aregi\u00e3o. Com conte\u00fado atualizado, confi\u00e1vel e relevante, o Ubirat\u00e3 Online \u00e9 o seu espa\u00e7o para ficar por dentro dos principais acontecimentos locais, regionais, Brasil, Mundo e de interesse geral. Nosso compromisso \u00e9 com a verdade, a transpar\u00eancia e o respeito ao leitor.","legalName":"UBIRATA ONLINE NOT\u00cdCIAS","foundingDate":"2009-01-05","numberOfEmployees":{"@type":"QuantitativeValue","minValue":"1","maxValue":"10"},"publishingPrinciples":"https:\/\/ubirataonline.com.br\/faq\/","address":{"@id":"https:\/\/ubirataonline.com.br\/rede-de-jardinagem-centenaria-earl-may-anuncia-fechamento-de-25-de-suas-lojas-apos-pressao-de-gigantes-do-setor\/#local-main-place-address"},"geo":{"@type":"GeoCoordinates","latitude":"-24.5361401","longitude":"-52.9921776"},"telephone":["+5544998308235"],"contactPoint":{"@type":"ContactPoint","email":"contato@ubirataonline.com.br"},"openingHoursSpecification":{"@type":"OpeningHoursSpecification","dayOfWeek":["Monday","Tuesday","Wednesday","Thursday","Friday","Saturday","Sunday"],"opens":"00:00","closes":"23:59"},"email":"contato@ubirataonline.com.br","vatID":"47.621.418\/0001-80"},{"@type":"Person","@id":"https:\/\/ubirataonline.com.br\/#\/schema\/person\/372f87bbd3fdd79b8556b84c98d0bc1c","name":"REDA\u00c7\u00c3O: UBIRAT\u00c3 ONLINE - F\u00c1BIO AUGUSTO CELESTINO","pronouns":"Ele","description":"Desde 2003 trabalhando com not\u00edcias.","sameAs":["http:\/\/ubirataoline.com.br","https:\/\/www.facebook.com\/portalubirataonline","https:\/\/www.instagram.com\/ubirataonline_oficial","https:\/\/x.com\/x.com\/ubirataonline"],"honorificPrefix":"Mr.","honorificSuffix":"MD","birthDate":"1980-06-16","gender":"masculino","award":["V\u00e1rios pr\u00eamios de melhor portal da cidade"],"jobTitle":"Diretor","url":"https:\/\/ubirataonline.com.br\/en\/author\/ubirataonline\/"},{"@type":"PostalAddress","@id":"https:\/\/ubirataonline.com.br\/rede-de-jardinagem-centenaria-earl-may-anuncia-fechamento-de-25-de-suas-lojas-apos-pressao-de-gigantes-do-setor\/#local-main-place-address","streetAddress":"Rua dos Coqueiros, 104 - Bairro Boa Vista, Rua dos Coqueiros, 104 Bairro Boa Vista","addressLocality":"UBIRATA","postalCode":"85440-000","addressRegion":"PR","addressCountry":"BR"},{"@type":"ImageObject","inLanguage":"en-US","@id":"https:\/\/ubirataonline.com.br\/rede-de-jardinagem-centenaria-earl-may-anuncia-fechamento-de-25-de-suas-lojas-apos-pressao-de-gigantes-do-setor\/#local-main-organization-logo","url":"https:\/\/ubirataonline.com.br\/wp-content\/uploads\/2026\/06\/logoubirataonline-1.webp","contentUrl":"https:\/\/ubirataonline.com.br\/wp-content\/uploads\/2026\/06\/logoubirataonline-1.webp","width":500,"height":500,"caption":"Ubirat\u00e3 Online Not\u00edcias"}]},"geo.placename":"UBIRATA","geo.position":{"lat":"-24.5361401","long":"-52.9921776"},"geo.region":"Brazil"},"_links":{"self":[{"href":"https:\/\/ubirataonline.com.br\/en\/wp-json\/wp\/v2\/posts\/170514","targetHints":{"allow":["GET"]}}],"collection":[{"href":"https:\/\/ubirataonline.com.br\/en\/wp-json\/wp\/v2\/posts"}],"about":[{"href":"https:\/\/ubirataonline.com.br\/en\/wp-json\/wp\/v2\/types\/post"}],"author":[{"embeddable":true,"href":"https:\/\/ubirataonline.com.br\/en\/wp-json\/wp\/v2\/users\/1"}],"replies":[{"embeddable":true,"href":"https:\/\/ubirataonline.com.br\/en\/wp-json\/wp\/v2\/comments?post=170514"}],"version-history":[{"count":0,"href":"https:\/\/ubirataonline.com.br\/en\/wp-json\/wp\/v2\/posts\/170514\/revisions"}],"wp:attachment":[{"href":"https:\/\/ubirataonline.com.br\/en\/wp-json\/wp\/v2\/media?parent=170514"}],"wp:term":[{"taxonomy":"category","embeddable":true,"href":"https:\/\/ubirataonline.com.br\/en\/wp-json\/wp\/v2\/categories?post=170514"},{"taxonomy":"post_tag","embeddable":true,"href":"https:\/\/ubirataonline.com.br\/en\/wp-json\/wp\/v2\/tags?post=170514"}],"curies":[{"name":"wp","href":"https:\/\/api.w.org\/{rel}","templated":true}]}}