{"id":170565,"date":"2026-09-04T06:12:36","date_gmt":"2026-09-04T09:12:36","guid":{"rendered":"https:\/\/ubirataonline.com.br\/conselho-da-volkswagen-aprova-novo-corte-de-50-mil-empregos\/"},"modified":"2026-09-04T06:12:36","modified_gmt":"2026-09-04T09:12:36","slug":"conselho-da-volkswagen-aprova-novo-corte-de-50-mil-empregos","status":"publish","type":"post","link":"https:\/\/ubirataonline.com.br\/en\/conselho-da-volkswagen-aprova-novo-corte-de-50-mil-empregos\/","title":{"rendered":"Conselho da Volkswagen aprova novo corte de 50 mil empregos"},"content":{"rendered":"<h2>Medida eleva para 100 mil o total de postos a serem extintos at\u00e9 2030; empresa avalia futuro de quatro f\u00e1bricas na Alemanha<\/h2>\n<p>O conselho da Volkswagen aprovou um plano para cortar mais 50.000 empregos, informou a empresa. Com a decis\u00e3o, o total de vagas que o grupo pretende eliminar at\u00e9 2030 sobe para 100.000, ap\u00f3s um an\u00fancio anterior em mar\u00e7o sobre a primeira parcela de cortes.<\/p>\n<p>O grupo automotivo inclui marcas como Audi, Porsche, Skoda e a pr\u00f3pria Volkswagen; suas marcas tamb\u00e9m abrangem Seat, Bentley e Lamborghini, conforme divulgado.<\/p>\n<h3>Detalhes do plano<\/h3>\n<p>A companhia informou que, at\u00e9 2035, reduzir\u00e1 o n\u00famero de modelos produzidos em 50% e a complexidade da sua oferta em 75%. A Volkswagen afirmou que vai priorizar os &#8220;ve\u00edculos mais atraentes&#8221; e aumentar a produ\u00e7\u00e3o de cada modelo para reduzir custos.<\/p>\n<p>O comunicado descreve como &#8220;necess\u00e1ria&#8221; uma adapta\u00e7\u00e3o fundamental da capacidade global da for\u00e7a de trabalho e cita que uma &#8220;ajustamento de pessoal em todo o grupo de aproximadamente 50.000 posi\u00e7\u00f5es \u2014 incluindo cargos de gest\u00e3o \u2014 ser\u00e1 necess\u00e1rio&#8221;.<\/p>\n<h3>F\u00e1bricas sob avalia\u00e7\u00e3o<\/h3>\n<p>A empresa disse que est\u00e1 considerando o futuro de quatro f\u00e1bricas na Alemanha \u2014 Emden, Zwickau, Hanover e Neckarsulm \u2014 onde a capacidade de produ\u00e7\u00e3o excede a demanda. A Volkswagen afirmou que &#8220;est\u00e3o sendo avaliadas alternativas de uso para essas f\u00e1bricas&#8221;.<\/p>\n<h3>Rea\u00e7\u00f5es e contexto<\/h3>\n<p>Oliver Blume, chefe-executivo da Volkswagen, afirmou que a medida \u00e9 um &#8220;sinal forte&#8221; para o futuro da empresa e que a companhia est\u00e1 &#8220;assumindo responsabilidade por toda a nossa for\u00e7a de trabalho&#8221;.<\/p>\n<p>Christianne Benner, President do sindicato IG Metall e vice-presidente do Conselho Supervis\u00f3rio da Volkswagen, declarou que o sindicato &quot;lutou arduamente por boas solu\u00e7\u00f5es&quot; para enfrentar a &quot;situa\u00e7\u00e3o de crise&quot;.<\/p>\n<p>O texto menciona que montadoras chinesas como a BYD expandiram vendas em mercados como Reino Unido, Uni\u00e3o Europeia e Sudeste Asi\u00e1tico.<\/p>\n<h3>Situa\u00e7\u00e3o do emprego e pr\u00f3ximos passos<\/h3>\n<p>Em 2025, a Volkswagen empregava mais de 660.000 pessoas no mundo, segundo BBC. A companhia j\u00e1 anunciou que avaliar\u00e1 alternativas para as f\u00e1bricas citadas e continuar\u00e1 a anunciar medidas relacionadas \u00e0 reestrutura\u00e7\u00e3o conforme o processo avance.<\/p>","protected":false},"excerpt":{"rendered":"<p>Medida eleva para 100 mil o total de postos a serem extintos at\u00e9 2030; empresa avalia futuro de quatro f\u00e1bricas na Alemanha O conselho da Volkswagen aprovou um plano para cortar mais 50.000 empregos, informou a empresa. Com a decis\u00e3o, o total de vagas que o grupo pretende eliminar at\u00e9 2030 sobe para 100.000, ap\u00f3s [&hellip;]<\/p>\n","protected":false},"author":1,"featured_media":0,"comment_status":"","ping_status":"","sticky":false,"template":"","format":"standard","meta":{"googlesitekit_rrm_CAow2JLhCw:productID":"","_gspb_post_css":"","maa_idioma":"","maa_pais":"","footnotes":""},"categories":[40158],"tags":[],"class_list":["post-170565","post","type-post","status-publish","format-standard","hentry","category-world"],"blocksy_meta":[],"yoast_head":"<!-- This site is optimized with the Yoast SEO Premium plugin v27.6 (Yoast SEO v27.6) - https:\/\/yoast.com\/product\/yoast-seo-premium-wordpress\/ -->\n<title>Conselho da Volkswagen aprova novo corte de 50 mil empregos - Ubirat\u00e3 Online Not\u00edcias - A realidade ao seu alcance!<\/title>\n<meta name=\"description\" content=\"Medida eleva para 100 mil o total de postos a serem extintos at\u00e9 2030; empresa avalia futuro de quatro f\u00e1bricas na AlemanhaO conselho da Volkswagen\" \/>\n<meta name=\"robots\" content=\"index, follow, max-snippet:-1, max-image-preview:large, max-video-preview:-1\" \/>\n<link rel=\"canonical\" href=\"https:\/\/ubirataonline.com.br\/en\/conselho-da-volkswagen-aprova-novo-corte-de-50-mil-empregos\/\" \/>\n<meta property=\"og:locale\" content=\"en_US\" \/>\n<meta property=\"og:type\" content=\"article\" \/>\n<meta property=\"og:title\" content=\"Conselho da Volkswagen aprova novo corte de 50 mil empregos\" \/>\n<meta property=\"og:description\" content=\"Medida eleva para 100 mil o total de postos a serem extintos at\u00e9 2030; empresa avalia futuro de quatro f\u00e1bricas na AlemanhaO conselho da Volkswagen\" \/>\n<meta property=\"og:url\" content=\"https:\/\/ubirataonline.com.br\/en\/conselho-da-volkswagen-aprova-novo-corte-de-50-mil-empregos\/\" \/>\n<meta property=\"og:site_name\" content=\"Ubirat\u00e3 Online Not\u00edcias - A realidade ao seu alcance!\" \/>\n<meta property=\"article:publisher\" content=\"https:\/\/www.facebook.com\/portalubirataonline\" \/>\n<meta property=\"article:author\" content=\"https:\/\/www.facebook.com\/portalubirataonline\" \/>\n<meta property=\"article:published_time\" content=\"2026-09-04T09:12:36+00:00\" \/>\n<meta property=\"og:image\" content=\"https:\/\/ubirataonline.com.br\/wp-content\/uploads\/2026\/05\/logo2026.webp\" \/>\n\t<meta property=\"og:image:width\" content=\"1531\" \/>\n\t<meta property=\"og:image:height\" content=\"418\" \/>\n\t<meta property=\"og:image:type\" content=\"image\/webp\" \/>\n<meta name=\"author\" content=\"REDA\u00c7\u00c3O: UBIRAT\u00c3 ONLINE - F\u00c1BIO AUGUSTO CELESTINO\" \/>\n<meta name=\"twitter:card\" content=\"summary_large_image\" \/>\n<meta name=\"twitter:creator\" content=\"@x.com\/ubirataonline\" \/>\n<meta name=\"twitter:site\" content=\"@ubirataonline\" \/>\n<meta name=\"twitter:label1\" content=\"Written by\" \/>\n\t<meta name=\"twitter:data1\" content=\"REDA\u00c7\u00c3O: UBIRAT\u00c3 ONLINE - F\u00c1BIO AUGUSTO CELESTINO\" \/>\n\t<meta name=\"twitter:label2\" content=\"Est. reading time\" \/>\n\t<meta name=\"twitter:data2\" content=\"2 minutes\" \/>\n<script type=\"application\/ld+json\" class=\"yoast-schema-graph\">{\"@context\":\"https:\\\/\\\/schema.org\",\"@graph\":[{\"@type\":\"NewsArticle\",\"@id\":\"https:\\\/\\\/ubirataonline.com.br\\\/conselho-da-volkswagen-aprova-novo-corte-de-50-mil-empregos\\\/#article\",\"isPartOf\":{\"@id\":\"https:\\\/\\\/ubirataonline.com.br\\\/conselho-da-volkswagen-aprova-novo-corte-de-50-mil-empregos\\\/\"},\"author\":{\"name\":\"REDA\u00c7\u00c3O: UBIRAT\u00c3 ONLINE - F\u00c1BIO AUGUSTO CELESTINO\",\"@id\":\"https:\\\/\\\/ubirataonline.com.br\\\/#\\\/schema\\\/person\\\/372f87bbd3fdd79b8556b84c98d0bc1c\"},\"headline\":\"Conselho da Volkswagen aprova novo corte de 50 mil empregos\",\"datePublished\":\"2026-09-04T09:12:36+00:00\",\"mainEntityOfPage\":{\"@id\":\"https:\\\/\\\/ubirataonline.com.br\\\/conselho-da-volkswagen-aprova-novo-corte-de-50-mil-empregos\\\/\"},\"wordCount\":372,\"publisher\":{\"@id\":\"https:\\\/\\\/ubirataonline.com.br\\\/#organization\"},\"articleSection\":[\"World\"],\"inLanguage\":\"en-US\",\"copyrightYear\":\"2026\",\"copyrightHolder\":{\"@id\":\"https:\\\/\\\/ubirataonline.com.br\\\/en\\\/#organization\"}},{\"@type\":\"WebPage\",\"@id\":\"https:\\\/\\\/ubirataonline.com.br\\\/conselho-da-volkswagen-aprova-novo-corte-de-50-mil-empregos\\\/\",\"url\":\"https:\\\/\\\/ubirataonline.com.br\\\/conselho-da-volkswagen-aprova-novo-corte-de-50-mil-empregos\\\/\",\"name\":\"Conselho da Volkswagen aprova novo corte de 50 mil empregos - Ubirat\u00e3 Online Not\u00edcias - A realidade ao seu alcance!\",\"isPartOf\":{\"@id\":\"https:\\\/\\\/ubirataonline.com.br\\\/#website\"},\"datePublished\":\"2026-09-04T09:12:36+00:00\",\"description\":\"Medida eleva para 100 mil o total de postos a serem extintos at\u00e9 2030; empresa avalia futuro de quatro f\u00e1bricas na AlemanhaO conselho da Volkswagen\",\"breadcrumb\":{\"@id\":\"https:\\\/\\\/ubirataonline.com.br\\\/conselho-da-volkswagen-aprova-novo-corte-de-50-mil-empregos\\\/#breadcrumb\"},\"inLanguage\":\"en-US\",\"potentialAction\":[{\"@type\":\"ReadAction\",\"target\":[\"https:\\\/\\\/ubirataonline.com.br\\\/conselho-da-volkswagen-aprova-novo-corte-de-50-mil-empregos\\\/\"]}]},{\"@type\":\"BreadcrumbList\",\"@id\":\"https:\\\/\\\/ubirataonline.com.br\\\/conselho-da-volkswagen-aprova-novo-corte-de-50-mil-empregos\\\/#breadcrumb\",\"itemListElement\":[{\"@type\":\"ListItem\",\"position\":1,\"name\":\"In\u00edcio\",\"item\":\"https:\\\/\\\/ubirataonline.com.br\\\/\"},{\"@type\":\"ListItem\",\"position\":2,\"name\":\"Conselho da Volkswagen aprova novo corte de 50 mil empregos\"}]},{\"@type\":\"WebSite\",\"@id\":\"https:\\\/\\\/ubirataonline.com.br\\\/#website\",\"url\":\"https:\\\/\\\/ubirataonline.com.br\\\/\",\"name\":\"Ubirat\u00e3 Online Not\u00edcias\",\"description\":\"Not\u00edcias de Ubirat\u00e3, regi\u00e3o, Brasil e mundo, com informa\u00e7\u00e3o atualizada e compromisso com o leitor.\",\"publisher\":{\"@id\":\"https:\\\/\\\/ubirataonline.com.br\\\/#organization\"},\"alternateName\":\"Ubirat\u00e3 Online\",\"potentialAction\":[{\"@type\":\"SearchAction\",\"target\":{\"@type\":\"EntryPoint\",\"urlTemplate\":\"https:\\\/\\\/ubirataonline.com.br\\\/?s={search_term_string}\"},\"query-input\":{\"@type\":\"PropertyValueSpecification\",\"valueRequired\":true,\"valueName\":\"search_term_string\"}}],\"inLanguage\":\"en-US\"},{\"@type\":[\"Organization\",\"Place\"],\"@id\":\"https:\\\/\\\/ubirataonline.com.br\\\/#organization\",\"name\":\"Ubirat\u00e3 Online Not\u00edcias\",\"alternateName\":\"Ubirat\u00e3 Online\",\"url\":\"https:\\\/\\\/ubirataonline.com.br\\\/\",\"logo\":{\"@id\":\"https:\\\/\\\/ubirataonline.com.br\\\/conselho-da-volkswagen-aprova-novo-corte-de-50-mil-empregos\\\/#local-main-organization-logo\"},\"image\":{\"@id\":\"https:\\\/\\\/ubirataonline.com.br\\\/conselho-da-volkswagen-aprova-novo-corte-de-50-mil-empregos\\\/#local-main-organization-logo\"},\"sameAs\":[\"https:\\\/\\\/www.facebook.com\\\/portalubirataonline\",\"https:\\\/\\\/x.com\\\/ubirataonline\",\"https:\\\/\\\/mastodon.social\\\/@ubirataonline\",\"https:\\\/\\\/www.facebook.com\\\/groups\\\/311144672285604\",\"https:\\\/\\\/www.facebook.com\\\/UBTAOnline\",\"https:\\\/\\\/www.instagram.com\\\/portalubirataonline\\\/\",\"https:\\\/\\\/twitter.com\\\/ubirataonline\"],\"description\":\"Somos um portal de not\u00edcias independente, criado em 5 de janeiro de 2009, com o objetivo de informar, conectar e valorizar a nossa comunidade de Ubirat\u00e3 e toda aregi\u00e3o. Com conte\u00fado atualizado, confi\u00e1vel e relevante, o Ubirat\u00e3 Online \u00e9 o seu espa\u00e7o para ficar por dentro dos principais acontecimentos locais, regionais, Brasil, Mundo e de interesse geral. Nosso compromisso \u00e9 com a verdade, a transpar\u00eancia e o respeito ao leitor.\",\"legalName\":\"UBIRATA ONLINE NOT\u00cdCIAS\",\"foundingDate\":\"2009-01-05\",\"numberOfEmployees\":{\"@type\":\"QuantitativeValue\",\"minValue\":\"1\",\"maxValue\":\"10\"},\"publishingPrinciples\":\"https:\\\/\\\/ubirataonline.com.br\\\/faq\\\/\",\"address\":{\"@id\":\"https:\\\/\\\/ubirataonline.com.br\\\/conselho-da-volkswagen-aprova-novo-corte-de-50-mil-empregos\\\/#local-main-place-address\"},\"geo\":{\"@type\":\"GeoCoordinates\",\"latitude\":\"-24.5361401\",\"longitude\":\"-52.9921776\"},\"telephone\":[\"+5544998308235\"],\"contactPoint\":{\"@type\":\"ContactPoint\",\"email\":\"contato@ubirataonline.com.br\"},\"openingHoursSpecification\":{\"@type\":\"OpeningHoursSpecification\",\"dayOfWeek\":[\"Monday\",\"Tuesday\",\"Wednesday\",\"Thursday\",\"Friday\",\"Saturday\",\"Sunday\"],\"opens\":\"00:00\",\"closes\":\"23:59\"},\"email\":\"contato@ubirataonline.com.br\",\"vatID\":\"47.621.418\\\/0001-80\"},{\"@type\":\"Person\",\"@id\":\"https:\\\/\\\/ubirataonline.com.br\\\/#\\\/schema\\\/person\\\/372f87bbd3fdd79b8556b84c98d0bc1c\",\"name\":\"REDA\u00c7\u00c3O: UBIRAT\u00c3 ONLINE - F\u00c1BIO AUGUSTO CELESTINO\",\"pronouns\":\"Ele\",\"description\":\"Desde 2003 trabalhando com not\u00edcias.\",\"sameAs\":[\"http:\\\/\\\/ubirataoline.com.br\",\"https:\\\/\\\/www.facebook.com\\\/portalubirataonline\",\"https:\\\/\\\/www.instagram.com\\\/ubirataonline_oficial\",\"https:\\\/\\\/x.com\\\/x.com\\\/ubirataonline\"],\"honorificPrefix\":\"Mr.\",\"honorificSuffix\":\"MD\",\"birthDate\":\"1980-06-16\",\"gender\":\"masculino\",\"award\":[\"V\u00e1rios pr\u00eamios de melhor portal da cidade\"],\"jobTitle\":\"Diretor\",\"url\":\"https:\\\/\\\/ubirataonline.com.br\\\/en\\\/author\\\/ubirataonline\\\/\"},{\"@type\":\"PostalAddress\",\"@id\":\"https:\\\/\\\/ubirataonline.com.br\\\/conselho-da-volkswagen-aprova-novo-corte-de-50-mil-empregos\\\/#local-main-place-address\",\"streetAddress\":\"Rua dos Coqueiros, 104 - Bairro Boa Vista, Rua dos Coqueiros, 104 Bairro Boa Vista\",\"addressLocality\":\"UBIRATA\",\"postalCode\":\"85440-000\",\"addressRegion\":\"PR\",\"addressCountry\":\"BR\"},{\"@type\":\"ImageObject\",\"inLanguage\":\"en-US\",\"@id\":\"https:\\\/\\\/ubirataonline.com.br\\\/conselho-da-volkswagen-aprova-novo-corte-de-50-mil-empregos\\\/#local-main-organization-logo\",\"url\":\"https:\\\/\\\/ubirataonline.com.br\\\/wp-content\\\/uploads\\\/2026\\\/06\\\/logoubirataonline-1.webp\",\"contentUrl\":\"https:\\\/\\\/ubirataonline.com.br\\\/wp-content\\\/uploads\\\/2026\\\/06\\\/logoubirataonline-1.webp\",\"width\":500,\"height\":500,\"caption\":\"Ubirat\u00e3 Online Not\u00edcias\"}]}<\/script>\n<meta name=\"geo.placename\" content=\"UBIRATA\" \/>\n<meta name=\"geo.position\" content=\"-24.5361401;-52.9921776\" \/>\n<meta name=\"geo.region\" content=\"Brazil\" \/>\n<!-- \/ Yoast SEO Premium plugin. -->","yoast_head_json":{"title":"Conselho da Volkswagen aprova novo corte de 50 mil empregos - Ubirat\u00e3 Online Not\u00edcias - A realidade ao seu alcance!","description":"Medida eleva para 100 mil o total de postos a serem extintos at\u00e9 2030; empresa avalia futuro de quatro f\u00e1bricas na AlemanhaO conselho da Volkswagen","robots":{"index":"index","follow":"follow","max-snippet":"max-snippet:-1","max-image-preview":"max-image-preview:large","max-video-preview":"max-video-preview:-1"},"canonical":"https:\/\/ubirataonline.com.br\/en\/conselho-da-volkswagen-aprova-novo-corte-de-50-mil-empregos\/","og_locale":"en_US","og_type":"article","og_title":"Conselho da Volkswagen aprova novo corte de 50 mil empregos","og_description":"Medida eleva para 100 mil o total de postos a serem extintos at\u00e9 2030; empresa avalia futuro de quatro f\u00e1bricas na AlemanhaO conselho da Volkswagen","og_url":"https:\/\/ubirataonline.com.br\/en\/conselho-da-volkswagen-aprova-novo-corte-de-50-mil-empregos\/","og_site_name":"Ubirat\u00e3 Online Not\u00edcias - A realidade ao seu alcance!","article_publisher":"https:\/\/www.facebook.com\/portalubirataonline","article_author":"https:\/\/www.facebook.com\/portalubirataonline","article_published_time":"2026-09-04T09:12:36+00:00","og_image":[{"width":1531,"height":418,"url":"https:\/\/ubirataonline.com.br\/wp-content\/uploads\/2026\/05\/logo2026.webp","type":"image\/webp"}],"author":"REDA\u00c7\u00c3O: UBIRAT\u00c3 ONLINE - F\u00c1BIO AUGUSTO CELESTINO","twitter_card":"summary_large_image","twitter_creator":"@x.com\/ubirataonline","twitter_site":"@ubirataonline","twitter_misc":{"Written by":"REDA\u00c7\u00c3O: UBIRAT\u00c3 ONLINE - F\u00c1BIO AUGUSTO CELESTINO","Est. reading time":"2 minutes"},"schema":{"@context":"https:\/\/schema.org","@graph":[{"@type":"NewsArticle","@id":"https:\/\/ubirataonline.com.br\/conselho-da-volkswagen-aprova-novo-corte-de-50-mil-empregos\/#article","isPartOf":{"@id":"https:\/\/ubirataonline.com.br\/conselho-da-volkswagen-aprova-novo-corte-de-50-mil-empregos\/"},"author":{"name":"REDA\u00c7\u00c3O: UBIRAT\u00c3 ONLINE - F\u00c1BIO AUGUSTO CELESTINO","@id":"https:\/\/ubirataonline.com.br\/#\/schema\/person\/372f87bbd3fdd79b8556b84c98d0bc1c"},"headline":"Conselho da Volkswagen aprova novo corte de 50 mil empregos","datePublished":"2026-09-04T09:12:36+00:00","mainEntityOfPage":{"@id":"https:\/\/ubirataonline.com.br\/conselho-da-volkswagen-aprova-novo-corte-de-50-mil-empregos\/"},"wordCount":372,"publisher":{"@id":"https:\/\/ubirataonline.com.br\/#organization"},"articleSection":["World"],"inLanguage":"en-US","copyrightYear":"2026","copyrightHolder":{"@id":"https:\/\/ubirataonline.com.br\/en\/#organization"}},{"@type":"WebPage","@id":"https:\/\/ubirataonline.com.br\/conselho-da-volkswagen-aprova-novo-corte-de-50-mil-empregos\/","url":"https:\/\/ubirataonline.com.br\/conselho-da-volkswagen-aprova-novo-corte-de-50-mil-empregos\/","name":"Conselho da Volkswagen aprova novo corte de 50 mil empregos - Ubirat\u00e3 Online Not\u00edcias - A realidade ao seu alcance!","isPartOf":{"@id":"https:\/\/ubirataonline.com.br\/#website"},"datePublished":"2026-09-04T09:12:36+00:00","description":"Medida eleva para 100 mil o total de postos a serem extintos at\u00e9 2030; empresa avalia futuro de quatro f\u00e1bricas na AlemanhaO conselho da Volkswagen","breadcrumb":{"@id":"https:\/\/ubirataonline.com.br\/conselho-da-volkswagen-aprova-novo-corte-de-50-mil-empregos\/#breadcrumb"},"inLanguage":"en-US","potentialAction":[{"@type":"ReadAction","target":["https:\/\/ubirataonline.com.br\/conselho-da-volkswagen-aprova-novo-corte-de-50-mil-empregos\/"]}]},{"@type":"BreadcrumbList","@id":"https:\/\/ubirataonline.com.br\/conselho-da-volkswagen-aprova-novo-corte-de-50-mil-empregos\/#breadcrumb","itemListElement":[{"@type":"ListItem","position":1,"name":"In\u00edcio","item":"https:\/\/ubirataonline.com.br\/"},{"@type":"ListItem","position":2,"name":"Conselho da Volkswagen aprova novo corte de 50 mil empregos"}]},{"@type":"WebSite","@id":"https:\/\/ubirataonline.com.br\/#website","url":"https:\/\/ubirataonline.com.br\/","name":"Ubirat\u00e3 Online Not\u00edcias","description":"Not\u00edcias de Ubirat\u00e3, regi\u00e3o, Brasil e mundo, com informa\u00e7\u00e3o atualizada e compromisso com o leitor.","publisher":{"@id":"https:\/\/ubirataonline.com.br\/#organization"},"alternateName":"Ubirat\u00e3 Online","potentialAction":[{"@type":"SearchAction","target":{"@type":"EntryPoint","urlTemplate":"https:\/\/ubirataonline.com.br\/?s={search_term_string}"},"query-input":{"@type":"PropertyValueSpecification","valueRequired":true,"valueName":"search_term_string"}}],"inLanguage":"en-US"},{"@type":["Organization","Place"],"@id":"https:\/\/ubirataonline.com.br\/#organization","name":"Ubirat\u00e3 Online Not\u00edcias","alternateName":"Ubirat\u00e3 Online","url":"https:\/\/ubirataonline.com.br\/","logo":{"@id":"https:\/\/ubirataonline.com.br\/conselho-da-volkswagen-aprova-novo-corte-de-50-mil-empregos\/#local-main-organization-logo"},"image":{"@id":"https:\/\/ubirataonline.com.br\/conselho-da-volkswagen-aprova-novo-corte-de-50-mil-empregos\/#local-main-organization-logo"},"sameAs":["https:\/\/www.facebook.com\/portalubirataonline","https:\/\/x.com\/ubirataonline","https:\/\/mastodon.social\/@ubirataonline","https:\/\/www.facebook.com\/groups\/311144672285604","https:\/\/www.facebook.com\/UBTAOnline","https:\/\/www.instagram.com\/portalubirataonline\/","https:\/\/twitter.com\/ubirataonline"],"description":"Somos um portal de not\u00edcias independente, criado em 5 de janeiro de 2009, com o objetivo de informar, conectar e valorizar a nossa comunidade de Ubirat\u00e3 e toda aregi\u00e3o. Com conte\u00fado atualizado, confi\u00e1vel e relevante, o Ubirat\u00e3 Online \u00e9 o seu espa\u00e7o para ficar por dentro dos principais acontecimentos locais, regionais, Brasil, Mundo e de interesse geral. Nosso compromisso \u00e9 com a verdade, a transpar\u00eancia e o respeito ao leitor.","legalName":"UBIRATA ONLINE NOT\u00cdCIAS","foundingDate":"2009-01-05","numberOfEmployees":{"@type":"QuantitativeValue","minValue":"1","maxValue":"10"},"publishingPrinciples":"https:\/\/ubirataonline.com.br\/faq\/","address":{"@id":"https:\/\/ubirataonline.com.br\/conselho-da-volkswagen-aprova-novo-corte-de-50-mil-empregos\/#local-main-place-address"},"geo":{"@type":"GeoCoordinates","latitude":"-24.5361401","longitude":"-52.9921776"},"telephone":["+5544998308235"],"contactPoint":{"@type":"ContactPoint","email":"contato@ubirataonline.com.br"},"openingHoursSpecification":{"@type":"OpeningHoursSpecification","dayOfWeek":["Monday","Tuesday","Wednesday","Thursday","Friday","Saturday","Sunday"],"opens":"00:00","closes":"23:59"},"email":"contato@ubirataonline.com.br","vatID":"47.621.418\/0001-80"},{"@type":"Person","@id":"https:\/\/ubirataonline.com.br\/#\/schema\/person\/372f87bbd3fdd79b8556b84c98d0bc1c","name":"REDA\u00c7\u00c3O: UBIRAT\u00c3 ONLINE - F\u00c1BIO AUGUSTO CELESTINO","pronouns":"Ele","description":"Desde 2003 trabalhando com not\u00edcias.","sameAs":["http:\/\/ubirataoline.com.br","https:\/\/www.facebook.com\/portalubirataonline","https:\/\/www.instagram.com\/ubirataonline_oficial","https:\/\/x.com\/x.com\/ubirataonline"],"honorificPrefix":"Mr.","honorificSuffix":"MD","birthDate":"1980-06-16","gender":"masculino","award":["V\u00e1rios pr\u00eamios de melhor portal da cidade"],"jobTitle":"Diretor","url":"https:\/\/ubirataonline.com.br\/en\/author\/ubirataonline\/"},{"@type":"PostalAddress","@id":"https:\/\/ubirataonline.com.br\/conselho-da-volkswagen-aprova-novo-corte-de-50-mil-empregos\/#local-main-place-address","streetAddress":"Rua dos Coqueiros, 104 - Bairro Boa Vista, Rua dos Coqueiros, 104 Bairro Boa Vista","addressLocality":"UBIRATA","postalCode":"85440-000","addressRegion":"PR","addressCountry":"BR"},{"@type":"ImageObject","inLanguage":"en-US","@id":"https:\/\/ubirataonline.com.br\/conselho-da-volkswagen-aprova-novo-corte-de-50-mil-empregos\/#local-main-organization-logo","url":"https:\/\/ubirataonline.com.br\/wp-content\/uploads\/2026\/06\/logoubirataonline-1.webp","contentUrl":"https:\/\/ubirataonline.com.br\/wp-content\/uploads\/2026\/06\/logoubirataonline-1.webp","width":500,"height":500,"caption":"Ubirat\u00e3 Online Not\u00edcias"}]},"geo.placename":"UBIRATA","geo.position":{"lat":"-24.5361401","long":"-52.9921776"},"geo.region":"Brazil"},"_links":{"self":[{"href":"https:\/\/ubirataonline.com.br\/en\/wp-json\/wp\/v2\/posts\/170565","targetHints":{"allow":["GET"]}}],"collection":[{"href":"https:\/\/ubirataonline.com.br\/en\/wp-json\/wp\/v2\/posts"}],"about":[{"href":"https:\/\/ubirataonline.com.br\/en\/wp-json\/wp\/v2\/types\/post"}],"author":[{"embeddable":true,"href":"https:\/\/ubirataonline.com.br\/en\/wp-json\/wp\/v2\/users\/1"}],"replies":[{"embeddable":true,"href":"https:\/\/ubirataonline.com.br\/en\/wp-json\/wp\/v2\/comments?post=170565"}],"version-history":[{"count":0,"href":"https:\/\/ubirataonline.com.br\/en\/wp-json\/wp\/v2\/posts\/170565\/revisions"}],"wp:attachment":[{"href":"https:\/\/ubirataonline.com.br\/en\/wp-json\/wp\/v2\/media?parent=170565"}],"wp:term":[{"taxonomy":"category","embeddable":true,"href":"https:\/\/ubirataonline.com.br\/en\/wp-json\/wp\/v2\/categories?post=170565"},{"taxonomy":"post_tag","embeddable":true,"href":"https:\/\/ubirataonline.com.br\/en\/wp-json\/wp\/v2\/tags?post=170565"}],"curies":[{"name":"wp","href":"https:\/\/api.w.org\/{rel}","templated":true}]}}