{"id":170590,"date":"2026-09-04T07:25:28","date_gmt":"2026-09-04T10:25:28","guid":{"rendered":"https:\/\/ubirataonline.com.br\/moraes-pede-apuracao-de-andre-mendonca-no-inquerito-das-fake-news\/"},"modified":"2026-09-04T07:25:28","modified_gmt":"2026-09-04T10:25:28","slug":"moraes-pede-apuracao-de-andre-mendonca-no-inquerito-das-fake-news","status":"publish","type":"post","link":"https:\/\/ubirataonline.com.br\/en\/moraes-pede-apuracao-de-andre-mendonca-no-inquerito-das-fake-news\/","title":{"rendered":"Moraes pede apura\u00e7\u00e3o de Andr\u00e9 Mendon\u00e7a no inqu\u00e9rito das fake news"},"content":{"rendered":"<h2>Em peti\u00e7\u00e3o, Moraes cita relat\u00f3rio da Pol\u00edcia Federal e acusa Mendon\u00e7a de improbidade, abuso de autoridade e direcionamento de investiga\u00e7\u00f5es<\/h2>\n<p>O ministro Alexandre de Moraes, do Supremo Tribunal Federal (STF), apresentou uma peti\u00e7\u00e3o em que usa autos do inqu\u00e9rito das fake news para apontar supostas condutas irregulares do ministro Andr\u00e9 Mendon\u00e7a, segundo CGN da Ag\u00eancia Estad\u00e3o Publicado pela CGN.<\/p>\n<p>Na peti\u00e7\u00e3o de 20 p\u00e1ginas endere\u00e7ada ao presidente do STF, Edson Fachin, Moraes atribui a Mendon\u00e7a pr\u00e1ticas como improbidade administrativa, abuso de autoridade e crime de responsabilidade com base em trechos de um relat\u00f3rio de intelig\u00eancia da Pol\u00edcia Federal (PF).<\/p>\n<h3>A peti\u00e7\u00e3o e as acusa\u00e7\u00f5es<\/h3>\n<p>segundo CGN, Moraes afirma que Mendon\u00e7a quebrou a imparcialidade judicial e favoreceu grupos pol\u00edticos ao Relator opera\u00e7\u00f5es como Sem Desconto e Compliance Zero. Na pe\u00e7a, o ministro sustenta que a conduta de Mendon\u00e7a consistiu em:<\/p>\n<ul>\n<li>usurpa\u00e7\u00e3o da dire\u00e7\u00e3o das investiga\u00e7\u00f5es das autoridades policiais, com determina\u00e7\u00f5es que teriam afastado a observ\u00e2ncia da cadeia de cust\u00f3dia;<\/li>\n<li>condu\u00e7\u00e3o irregular de tratativas sobre eventual colabora\u00e7\u00e3o premiada;<\/li>\n<li>direcionamento de alvos de investiga\u00e7\u00e3o por motivos pessoais e pol\u00edticos, inclusive com indica\u00e7\u00e3o pr\u00e9via de medidas cautelares.<\/li>\n<\/ul>\n<p>Moraes invoca o artigo 102 da Constitui\u00e7\u00e3o Federal, o artigo 33 da Lei Org\u00e2nica da Magistratura Nacional (LOMAN) e o art. 5 do Regimento Interno do STF para pedir provid\u00eancias a Fachin.<\/p>\n<h3>Ado\u00e7\u00e3o processual por Fachin<\/h3>\n<p>Na noite de 3 de setembro, o presidente da Corte determinou que Moraes, Mendon\u00e7a, o diretor-geral da Pol\u00edcia Federal, Andrei Rodrigues, e o procurador-geral da Rep\u00fablica, Paulo Gonet, se manifestem em cinco dias.<\/p>\n<p>Mendon\u00e7a, relator do caso Banco Master e respons\u00e1vel por ter levantado o sigilo do relat\u00f3rio da PF, solicitou a Fachin que inclu\u00edsse os ind\u00edcios sobre Moraes na pauta de julgamentos para que os Ministro votem a eventual abertura de inqu\u00e9rito.<\/p>\n<h3>Trechos do relat\u00f3rio da Pol\u00edcia Federal<\/h3>\n<p>Moraes transcreve na peti\u00e7\u00e3o trechos de um relat\u00f3rio de intelig\u00eancia da PF que diz que Mendon\u00e7a expressamente &#8220;denota interesse no in\u00edcio de investiga\u00e7\u00e3o formal&#8221; e que ele &#8220;solicitou mais de uma vez que a equipe de investiga\u00e7\u00e3o encaminhasse alguma provoca\u00e7\u00e3o a ele nesse sentido&#8221;, segundo CGN.<\/p>\n<p>No documento anexado por Moraes, h\u00e1 ainda a observa\u00e7\u00e3o: &#8220;N\u00e3o se descarta que informa\u00e7\u00e3o sobre o conte\u00fado tenha sido transmitida ao gabinete de Mendon\u00e7a por integrante da pr\u00f3pria equipe de investiga\u00e7\u00e3o, fora dos autos e sem conhecimento dos demais&#8221;.<\/p>\n<p>A reportagem registra tamb\u00e9m que, segundo Moraes, nem a PF nem a Procuradoria-Geral da Rep\u00fablica teriam identificado ato penal de sua parte.<\/p>","protected":false},"excerpt":{"rendered":"<p>Em peti\u00e7\u00e3o, Moraes cita relat\u00f3rio da Pol\u00edcia Federal e acusa Mendon\u00e7a de improbidade, abuso de autoridade e direcionamento de investiga\u00e7\u00f5es O ministro Alexandre de Moraes, do Supremo Tribunal Federal (STF), apresentou uma peti\u00e7\u00e3o em que usa autos do inqu\u00e9rito das fake news para apontar supostas condutas irregulares do ministro Andr\u00e9 Mendon\u00e7a, segundo CGN da Ag\u00eancia [&hellip;]<\/p>\n","protected":false},"author":1,"featured_media":0,"comment_status":"","ping_status":"","sticky":false,"template":"","format":"standard","meta":{"googlesitekit_rrm_CAow2JLhCw:productID":"","_gspb_post_css":"","maa_idioma":"","maa_pais":"","footnotes":""},"categories":[4],"tags":[],"class_list":["post-170590","post","type-post","status-publish","format-standard","hentry","category-brasil"],"blocksy_meta":[],"yoast_head":"<!-- This site is optimized with the Yoast SEO Premium plugin v27.6 (Yoast SEO v27.6) - https:\/\/yoast.com\/product\/yoast-seo-premium-wordpress\/ -->\n<title>Moraes pede apura\u00e7\u00e3o de Andr\u00e9 Mendon\u00e7a no inqu\u00e9rito das fake news - Ubirat\u00e3 Online Not\u00edcias - A realidade ao seu alcance!<\/title>\n<meta name=\"description\" content=\"Em peti\u00e7\u00e3o, Moraes cita relat\u00f3rio da Pol\u00edcia Federal e acusa Mendon\u00e7a de improbidade, abuso de autoridade e direcionamento de investiga\u00e7\u00f5esO ministro\" \/>\n<meta name=\"robots\" content=\"index, follow, max-snippet:-1, max-image-preview:large, max-video-preview:-1\" \/>\n<link rel=\"canonical\" href=\"https:\/\/ubirataonline.com.br\/en\/moraes-pede-apuracao-de-andre-mendonca-no-inquerito-das-fake-news\/\" \/>\n<meta property=\"og:locale\" content=\"en_US\" \/>\n<meta property=\"og:type\" content=\"article\" \/>\n<meta property=\"og:title\" content=\"Moraes pede apura\u00e7\u00e3o de Andr\u00e9 Mendon\u00e7a no inqu\u00e9rito das fake news\" \/>\n<meta property=\"og:description\" content=\"Em peti\u00e7\u00e3o, Moraes cita relat\u00f3rio da Pol\u00edcia Federal e acusa Mendon\u00e7a de improbidade, abuso de autoridade e direcionamento de investiga\u00e7\u00f5esO ministro\" \/>\n<meta property=\"og:url\" content=\"https:\/\/ubirataonline.com.br\/en\/moraes-pede-apuracao-de-andre-mendonca-no-inquerito-das-fake-news\/\" \/>\n<meta property=\"og:site_name\" content=\"Ubirat\u00e3 Online Not\u00edcias - A realidade ao seu alcance!\" \/>\n<meta property=\"article:publisher\" content=\"https:\/\/www.facebook.com\/portalubirataonline\" \/>\n<meta property=\"article:author\" content=\"https:\/\/www.facebook.com\/portalubirataonline\" \/>\n<meta property=\"article:published_time\" content=\"2026-09-04T10:25:28+00:00\" \/>\n<meta property=\"og:image\" content=\"https:\/\/ubirataonline.com.br\/wp-content\/uploads\/2026\/05\/logo2026.webp\" \/>\n\t<meta property=\"og:image:width\" content=\"1531\" \/>\n\t<meta property=\"og:image:height\" content=\"418\" \/>\n\t<meta property=\"og:image:type\" content=\"image\/webp\" \/>\n<meta name=\"author\" content=\"REDA\u00c7\u00c3O: UBIRAT\u00c3 ONLINE - F\u00c1BIO AUGUSTO CELESTINO\" \/>\n<meta name=\"twitter:card\" content=\"summary_large_image\" \/>\n<meta name=\"twitter:creator\" content=\"@x.com\/ubirataonline\" \/>\n<meta name=\"twitter:site\" content=\"@ubirataonline\" \/>\n<meta name=\"twitter:label1\" content=\"Written by\" \/>\n\t<meta name=\"twitter:data1\" content=\"REDA\u00c7\u00c3O: UBIRAT\u00c3 ONLINE - F\u00c1BIO AUGUSTO CELESTINO\" \/>\n\t<meta name=\"twitter:label2\" content=\"Est. reading time\" \/>\n\t<meta name=\"twitter:data2\" content=\"2 minutes\" \/>\n<script type=\"application\/ld+json\" class=\"yoast-schema-graph\">{\"@context\":\"https:\\\/\\\/schema.org\",\"@graph\":[{\"@type\":\"NewsArticle\",\"@id\":\"https:\\\/\\\/ubirataonline.com.br\\\/moraes-pede-apuracao-de-andre-mendonca-no-inquerito-das-fake-news\\\/#article\",\"isPartOf\":{\"@id\":\"https:\\\/\\\/ubirataonline.com.br\\\/moraes-pede-apuracao-de-andre-mendonca-no-inquerito-das-fake-news\\\/\"},\"author\":{\"name\":\"REDA\u00c7\u00c3O: UBIRAT\u00c3 ONLINE - F\u00c1BIO AUGUSTO CELESTINO\",\"@id\":\"https:\\\/\\\/ubirataonline.com.br\\\/#\\\/schema\\\/person\\\/372f87bbd3fdd79b8556b84c98d0bc1c\"},\"headline\":\"Moraes pede apura\u00e7\u00e3o de Andr\u00e9 Mendon\u00e7a no inqu\u00e9rito das fake news\",\"datePublished\":\"2026-09-04T10:25:28+00:00\",\"mainEntityOfPage\":{\"@id\":\"https:\\\/\\\/ubirataonline.com.br\\\/moraes-pede-apuracao-de-andre-mendonca-no-inquerito-das-fake-news\\\/\"},\"wordCount\":483,\"publisher\":{\"@id\":\"https:\\\/\\\/ubirataonline.com.br\\\/#organization\"},\"articleSection\":[\"Brasil\"],\"inLanguage\":\"en-US\",\"copyrightYear\":\"2026\",\"copyrightHolder\":{\"@id\":\"https:\\\/\\\/ubirataonline.com.br\\\/en\\\/#organization\"}},{\"@type\":\"WebPage\",\"@id\":\"https:\\\/\\\/ubirataonline.com.br\\\/moraes-pede-apuracao-de-andre-mendonca-no-inquerito-das-fake-news\\\/\",\"url\":\"https:\\\/\\\/ubirataonline.com.br\\\/moraes-pede-apuracao-de-andre-mendonca-no-inquerito-das-fake-news\\\/\",\"name\":\"Moraes pede apura\u00e7\u00e3o de Andr\u00e9 Mendon\u00e7a no inqu\u00e9rito das fake news - Ubirat\u00e3 Online Not\u00edcias - A realidade ao seu alcance!\",\"isPartOf\":{\"@id\":\"https:\\\/\\\/ubirataonline.com.br\\\/#website\"},\"datePublished\":\"2026-09-04T10:25:28+00:00\",\"description\":\"Em peti\u00e7\u00e3o, Moraes cita relat\u00f3rio da Pol\u00edcia Federal e acusa Mendon\u00e7a de improbidade, abuso de autoridade e direcionamento de investiga\u00e7\u00f5esO ministro\",\"breadcrumb\":{\"@id\":\"https:\\\/\\\/ubirataonline.com.br\\\/moraes-pede-apuracao-de-andre-mendonca-no-inquerito-das-fake-news\\\/#breadcrumb\"},\"inLanguage\":\"en-US\",\"potentialAction\":[{\"@type\":\"ReadAction\",\"target\":[\"https:\\\/\\\/ubirataonline.com.br\\\/moraes-pede-apuracao-de-andre-mendonca-no-inquerito-das-fake-news\\\/\"]}]},{\"@type\":\"BreadcrumbList\",\"@id\":\"https:\\\/\\\/ubirataonline.com.br\\\/moraes-pede-apuracao-de-andre-mendonca-no-inquerito-das-fake-news\\\/#breadcrumb\",\"itemListElement\":[{\"@type\":\"ListItem\",\"position\":1,\"name\":\"In\u00edcio\",\"item\":\"https:\\\/\\\/ubirataonline.com.br\\\/\"},{\"@type\":\"ListItem\",\"position\":2,\"name\":\"Moraes pede apura\u00e7\u00e3o de Andr\u00e9 Mendon\u00e7a no inqu\u00e9rito das fake news\"}]},{\"@type\":\"WebSite\",\"@id\":\"https:\\\/\\\/ubirataonline.com.br\\\/#website\",\"url\":\"https:\\\/\\\/ubirataonline.com.br\\\/\",\"name\":\"Ubirat\u00e3 Online Not\u00edcias\",\"description\":\"Not\u00edcias de Ubirat\u00e3, regi\u00e3o, Brasil e mundo, com informa\u00e7\u00e3o atualizada e compromisso com o leitor.\",\"publisher\":{\"@id\":\"https:\\\/\\\/ubirataonline.com.br\\\/#organization\"},\"alternateName\":\"Ubirat\u00e3 Online\",\"potentialAction\":[{\"@type\":\"SearchAction\",\"target\":{\"@type\":\"EntryPoint\",\"urlTemplate\":\"https:\\\/\\\/ubirataonline.com.br\\\/?s={search_term_string}\"},\"query-input\":{\"@type\":\"PropertyValueSpecification\",\"valueRequired\":true,\"valueName\":\"search_term_string\"}}],\"inLanguage\":\"en-US\"},{\"@type\":[\"Organization\",\"Place\"],\"@id\":\"https:\\\/\\\/ubirataonline.com.br\\\/#organization\",\"name\":\"Ubirat\u00e3 Online Not\u00edcias\",\"alternateName\":\"Ubirat\u00e3 Online\",\"url\":\"https:\\\/\\\/ubirataonline.com.br\\\/\",\"logo\":{\"@id\":\"https:\\\/\\\/ubirataonline.com.br\\\/moraes-pede-apuracao-de-andre-mendonca-no-inquerito-das-fake-news\\\/#local-main-organization-logo\"},\"image\":{\"@id\":\"https:\\\/\\\/ubirataonline.com.br\\\/moraes-pede-apuracao-de-andre-mendonca-no-inquerito-das-fake-news\\\/#local-main-organization-logo\"},\"sameAs\":[\"https:\\\/\\\/www.facebook.com\\\/portalubirataonline\",\"https:\\\/\\\/x.com\\\/ubirataonline\",\"https:\\\/\\\/mastodon.social\\\/@ubirataonline\",\"https:\\\/\\\/www.facebook.com\\\/groups\\\/311144672285604\",\"https:\\\/\\\/www.facebook.com\\\/UBTAOnline\",\"https:\\\/\\\/www.instagram.com\\\/portalubirataonline\\\/\",\"https:\\\/\\\/twitter.com\\\/ubirataonline\"],\"description\":\"Somos um portal de not\u00edcias independente, criado em 5 de janeiro de 2009, com o objetivo de informar, conectar e valorizar a nossa comunidade de Ubirat\u00e3 e toda aregi\u00e3o. Com conte\u00fado atualizado, confi\u00e1vel e relevante, o Ubirat\u00e3 Online \u00e9 o seu espa\u00e7o para ficar por dentro dos principais acontecimentos locais, regionais, Brasil, Mundo e de interesse geral. Nosso compromisso \u00e9 com a verdade, a transpar\u00eancia e o respeito ao leitor.\",\"legalName\":\"UBIRATA ONLINE NOT\u00cdCIAS\",\"foundingDate\":\"2009-01-05\",\"numberOfEmployees\":{\"@type\":\"QuantitativeValue\",\"minValue\":\"1\",\"maxValue\":\"10\"},\"publishingPrinciples\":\"https:\\\/\\\/ubirataonline.com.br\\\/faq\\\/\",\"address\":{\"@id\":\"https:\\\/\\\/ubirataonline.com.br\\\/moraes-pede-apuracao-de-andre-mendonca-no-inquerito-das-fake-news\\\/#local-main-place-address\"},\"geo\":{\"@type\":\"GeoCoordinates\",\"latitude\":\"-24.5361401\",\"longitude\":\"-52.9921776\"},\"telephone\":[\"+5544998308235\"],\"contactPoint\":{\"@type\":\"ContactPoint\",\"email\":\"contato@ubirataonline.com.br\"},\"openingHoursSpecification\":{\"@type\":\"OpeningHoursSpecification\",\"dayOfWeek\":[\"Monday\",\"Tuesday\",\"Wednesday\",\"Thursday\",\"Friday\",\"Saturday\",\"Sunday\"],\"opens\":\"00:00\",\"closes\":\"23:59\"},\"email\":\"contato@ubirataonline.com.br\",\"vatID\":\"47.621.418\\\/0001-80\"},{\"@type\":\"Person\",\"@id\":\"https:\\\/\\\/ubirataonline.com.br\\\/#\\\/schema\\\/person\\\/372f87bbd3fdd79b8556b84c98d0bc1c\",\"name\":\"REDA\u00c7\u00c3O: UBIRAT\u00c3 ONLINE - F\u00c1BIO AUGUSTO CELESTINO\",\"pronouns\":\"Ele\",\"description\":\"Desde 2003 trabalhando com not\u00edcias.\",\"sameAs\":[\"http:\\\/\\\/ubirataoline.com.br\",\"https:\\\/\\\/www.facebook.com\\\/portalubirataonline\",\"https:\\\/\\\/www.instagram.com\\\/ubirataonline_oficial\",\"https:\\\/\\\/x.com\\\/x.com\\\/ubirataonline\"],\"honorificPrefix\":\"Mr.\",\"honorificSuffix\":\"MD\",\"birthDate\":\"1980-06-16\",\"gender\":\"masculino\",\"award\":[\"V\u00e1rios pr\u00eamios de melhor portal da cidade\"],\"jobTitle\":\"Diretor\",\"url\":\"https:\\\/\\\/ubirataonline.com.br\\\/en\\\/author\\\/ubirataonline\\\/\"},{\"@type\":\"PostalAddress\",\"@id\":\"https:\\\/\\\/ubirataonline.com.br\\\/moraes-pede-apuracao-de-andre-mendonca-no-inquerito-das-fake-news\\\/#local-main-place-address\",\"streetAddress\":\"Rua dos Coqueiros, 104 - Bairro Boa Vista, Rua dos Coqueiros, 104 Bairro Boa Vista\",\"addressLocality\":\"UBIRATA\",\"postalCode\":\"85440-000\",\"addressRegion\":\"PR\",\"addressCountry\":\"BR\"},{\"@type\":\"ImageObject\",\"inLanguage\":\"en-US\",\"@id\":\"https:\\\/\\\/ubirataonline.com.br\\\/moraes-pede-apuracao-de-andre-mendonca-no-inquerito-das-fake-news\\\/#local-main-organization-logo\",\"url\":\"https:\\\/\\\/ubirataonline.com.br\\\/wp-content\\\/uploads\\\/2026\\\/06\\\/logoubirataonline-1.webp\",\"contentUrl\":\"https:\\\/\\\/ubirataonline.com.br\\\/wp-content\\\/uploads\\\/2026\\\/06\\\/logoubirataonline-1.webp\",\"width\":500,\"height\":500,\"caption\":\"Ubirat\u00e3 Online Not\u00edcias\"}]}<\/script>\n<meta name=\"geo.placename\" content=\"UBIRATA\" \/>\n<meta name=\"geo.position\" content=\"-24.5361401;-52.9921776\" \/>\n<meta name=\"geo.region\" content=\"Brazil\" \/>\n<!-- \/ Yoast SEO Premium plugin. -->","yoast_head_json":{"title":"Moraes pede apura\u00e7\u00e3o de Andr\u00e9 Mendon\u00e7a no inqu\u00e9rito das fake news - Ubirat\u00e3 Online Not\u00edcias - A realidade ao seu alcance!","description":"Em peti\u00e7\u00e3o, Moraes cita relat\u00f3rio da Pol\u00edcia Federal e acusa Mendon\u00e7a de improbidade, abuso de autoridade e direcionamento de investiga\u00e7\u00f5esO ministro","robots":{"index":"index","follow":"follow","max-snippet":"max-snippet:-1","max-image-preview":"max-image-preview:large","max-video-preview":"max-video-preview:-1"},"canonical":"https:\/\/ubirataonline.com.br\/en\/moraes-pede-apuracao-de-andre-mendonca-no-inquerito-das-fake-news\/","og_locale":"en_US","og_type":"article","og_title":"Moraes pede apura\u00e7\u00e3o de Andr\u00e9 Mendon\u00e7a no inqu\u00e9rito das fake news","og_description":"Em peti\u00e7\u00e3o, Moraes cita relat\u00f3rio da Pol\u00edcia Federal e acusa Mendon\u00e7a de improbidade, abuso de autoridade e direcionamento de investiga\u00e7\u00f5esO ministro","og_url":"https:\/\/ubirataonline.com.br\/en\/moraes-pede-apuracao-de-andre-mendonca-no-inquerito-das-fake-news\/","og_site_name":"Ubirat\u00e3 Online Not\u00edcias - A realidade ao seu alcance!","article_publisher":"https:\/\/www.facebook.com\/portalubirataonline","article_author":"https:\/\/www.facebook.com\/portalubirataonline","article_published_time":"2026-09-04T10:25:28+00:00","og_image":[{"width":1531,"height":418,"url":"https:\/\/ubirataonline.com.br\/wp-content\/uploads\/2026\/05\/logo2026.webp","type":"image\/webp"}],"author":"REDA\u00c7\u00c3O: UBIRAT\u00c3 ONLINE - F\u00c1BIO AUGUSTO CELESTINO","twitter_card":"summary_large_image","twitter_creator":"@x.com\/ubirataonline","twitter_site":"@ubirataonline","twitter_misc":{"Written by":"REDA\u00c7\u00c3O: UBIRAT\u00c3 ONLINE - F\u00c1BIO AUGUSTO CELESTINO","Est. reading time":"2 minutes"},"schema":{"@context":"https:\/\/schema.org","@graph":[{"@type":"NewsArticle","@id":"https:\/\/ubirataonline.com.br\/moraes-pede-apuracao-de-andre-mendonca-no-inquerito-das-fake-news\/#article","isPartOf":{"@id":"https:\/\/ubirataonline.com.br\/moraes-pede-apuracao-de-andre-mendonca-no-inquerito-das-fake-news\/"},"author":{"name":"REDA\u00c7\u00c3O: UBIRAT\u00c3 ONLINE - F\u00c1BIO AUGUSTO CELESTINO","@id":"https:\/\/ubirataonline.com.br\/#\/schema\/person\/372f87bbd3fdd79b8556b84c98d0bc1c"},"headline":"Moraes pede apura\u00e7\u00e3o de Andr\u00e9 Mendon\u00e7a no inqu\u00e9rito das fake news","datePublished":"2026-09-04T10:25:28+00:00","mainEntityOfPage":{"@id":"https:\/\/ubirataonline.com.br\/moraes-pede-apuracao-de-andre-mendonca-no-inquerito-das-fake-news\/"},"wordCount":483,"publisher":{"@id":"https:\/\/ubirataonline.com.br\/#organization"},"articleSection":["Brasil"],"inLanguage":"en-US","copyrightYear":"2026","copyrightHolder":{"@id":"https:\/\/ubirataonline.com.br\/en\/#organization"}},{"@type":"WebPage","@id":"https:\/\/ubirataonline.com.br\/moraes-pede-apuracao-de-andre-mendonca-no-inquerito-das-fake-news\/","url":"https:\/\/ubirataonline.com.br\/moraes-pede-apuracao-de-andre-mendonca-no-inquerito-das-fake-news\/","name":"Moraes pede apura\u00e7\u00e3o de Andr\u00e9 Mendon\u00e7a no inqu\u00e9rito das fake news - Ubirat\u00e3 Online Not\u00edcias - A realidade ao seu alcance!","isPartOf":{"@id":"https:\/\/ubirataonline.com.br\/#website"},"datePublished":"2026-09-04T10:25:28+00:00","description":"Em peti\u00e7\u00e3o, Moraes cita relat\u00f3rio da Pol\u00edcia Federal e acusa Mendon\u00e7a de improbidade, abuso de autoridade e direcionamento de investiga\u00e7\u00f5esO ministro","breadcrumb":{"@id":"https:\/\/ubirataonline.com.br\/moraes-pede-apuracao-de-andre-mendonca-no-inquerito-das-fake-news\/#breadcrumb"},"inLanguage":"en-US","potentialAction":[{"@type":"ReadAction","target":["https:\/\/ubirataonline.com.br\/moraes-pede-apuracao-de-andre-mendonca-no-inquerito-das-fake-news\/"]}]},{"@type":"BreadcrumbList","@id":"https:\/\/ubirataonline.com.br\/moraes-pede-apuracao-de-andre-mendonca-no-inquerito-das-fake-news\/#breadcrumb","itemListElement":[{"@type":"ListItem","position":1,"name":"In\u00edcio","item":"https:\/\/ubirataonline.com.br\/"},{"@type":"ListItem","position":2,"name":"Moraes pede apura\u00e7\u00e3o de Andr\u00e9 Mendon\u00e7a no inqu\u00e9rito das fake news"}]},{"@type":"WebSite","@id":"https:\/\/ubirataonline.com.br\/#website","url":"https:\/\/ubirataonline.com.br\/","name":"Ubirat\u00e3 Online Not\u00edcias","description":"Not\u00edcias de Ubirat\u00e3, regi\u00e3o, Brasil e mundo, com informa\u00e7\u00e3o atualizada e compromisso com o leitor.","publisher":{"@id":"https:\/\/ubirataonline.com.br\/#organization"},"alternateName":"Ubirat\u00e3 Online","potentialAction":[{"@type":"SearchAction","target":{"@type":"EntryPoint","urlTemplate":"https:\/\/ubirataonline.com.br\/?s={search_term_string}"},"query-input":{"@type":"PropertyValueSpecification","valueRequired":true,"valueName":"search_term_string"}}],"inLanguage":"en-US"},{"@type":["Organization","Place"],"@id":"https:\/\/ubirataonline.com.br\/#organization","name":"Ubirat\u00e3 Online Not\u00edcias","alternateName":"Ubirat\u00e3 Online","url":"https:\/\/ubirataonline.com.br\/","logo":{"@id":"https:\/\/ubirataonline.com.br\/moraes-pede-apuracao-de-andre-mendonca-no-inquerito-das-fake-news\/#local-main-organization-logo"},"image":{"@id":"https:\/\/ubirataonline.com.br\/moraes-pede-apuracao-de-andre-mendonca-no-inquerito-das-fake-news\/#local-main-organization-logo"},"sameAs":["https:\/\/www.facebook.com\/portalubirataonline","https:\/\/x.com\/ubirataonline","https:\/\/mastodon.social\/@ubirataonline","https:\/\/www.facebook.com\/groups\/311144672285604","https:\/\/www.facebook.com\/UBTAOnline","https:\/\/www.instagram.com\/portalubirataonline\/","https:\/\/twitter.com\/ubirataonline"],"description":"Somos um portal de not\u00edcias independente, criado em 5 de janeiro de 2009, com o objetivo de informar, conectar e valorizar a nossa comunidade de Ubirat\u00e3 e toda aregi\u00e3o. Com conte\u00fado atualizado, confi\u00e1vel e relevante, o Ubirat\u00e3 Online \u00e9 o seu espa\u00e7o para ficar por dentro dos principais acontecimentos locais, regionais, Brasil, Mundo e de interesse geral. Nosso compromisso \u00e9 com a verdade, a transpar\u00eancia e o respeito ao leitor.","legalName":"UBIRATA ONLINE NOT\u00cdCIAS","foundingDate":"2009-01-05","numberOfEmployees":{"@type":"QuantitativeValue","minValue":"1","maxValue":"10"},"publishingPrinciples":"https:\/\/ubirataonline.com.br\/faq\/","address":{"@id":"https:\/\/ubirataonline.com.br\/moraes-pede-apuracao-de-andre-mendonca-no-inquerito-das-fake-news\/#local-main-place-address"},"geo":{"@type":"GeoCoordinates","latitude":"-24.5361401","longitude":"-52.9921776"},"telephone":["+5544998308235"],"contactPoint":{"@type":"ContactPoint","email":"contato@ubirataonline.com.br"},"openingHoursSpecification":{"@type":"OpeningHoursSpecification","dayOfWeek":["Monday","Tuesday","Wednesday","Thursday","Friday","Saturday","Sunday"],"opens":"00:00","closes":"23:59"},"email":"contato@ubirataonline.com.br","vatID":"47.621.418\/0001-80"},{"@type":"Person","@id":"https:\/\/ubirataonline.com.br\/#\/schema\/person\/372f87bbd3fdd79b8556b84c98d0bc1c","name":"REDA\u00c7\u00c3O: UBIRAT\u00c3 ONLINE - F\u00c1BIO AUGUSTO CELESTINO","pronouns":"Ele","description":"Desde 2003 trabalhando com not\u00edcias.","sameAs":["http:\/\/ubirataoline.com.br","https:\/\/www.facebook.com\/portalubirataonline","https:\/\/www.instagram.com\/ubirataonline_oficial","https:\/\/x.com\/x.com\/ubirataonline"],"honorificPrefix":"Mr.","honorificSuffix":"MD","birthDate":"1980-06-16","gender":"masculino","award":["V\u00e1rios pr\u00eamios de melhor portal da cidade"],"jobTitle":"Diretor","url":"https:\/\/ubirataonline.com.br\/en\/author\/ubirataonline\/"},{"@type":"PostalAddress","@id":"https:\/\/ubirataonline.com.br\/moraes-pede-apuracao-de-andre-mendonca-no-inquerito-das-fake-news\/#local-main-place-address","streetAddress":"Rua dos Coqueiros, 104 - Bairro Boa Vista, Rua dos Coqueiros, 104 Bairro Boa Vista","addressLocality":"UBIRATA","postalCode":"85440-000","addressRegion":"PR","addressCountry":"BR"},{"@type":"ImageObject","inLanguage":"en-US","@id":"https:\/\/ubirataonline.com.br\/moraes-pede-apuracao-de-andre-mendonca-no-inquerito-das-fake-news\/#local-main-organization-logo","url":"https:\/\/ubirataonline.com.br\/wp-content\/uploads\/2026\/06\/logoubirataonline-1.webp","contentUrl":"https:\/\/ubirataonline.com.br\/wp-content\/uploads\/2026\/06\/logoubirataonline-1.webp","width":500,"height":500,"caption":"Ubirat\u00e3 Online Not\u00edcias"}]},"geo.placename":"UBIRATA","geo.position":{"lat":"-24.5361401","long":"-52.9921776"},"geo.region":"Brazil"},"_links":{"self":[{"href":"https:\/\/ubirataonline.com.br\/en\/wp-json\/wp\/v2\/posts\/170590","targetHints":{"allow":["GET"]}}],"collection":[{"href":"https:\/\/ubirataonline.com.br\/en\/wp-json\/wp\/v2\/posts"}],"about":[{"href":"https:\/\/ubirataonline.com.br\/en\/wp-json\/wp\/v2\/types\/post"}],"author":[{"embeddable":true,"href":"https:\/\/ubirataonline.com.br\/en\/wp-json\/wp\/v2\/users\/1"}],"replies":[{"embeddable":true,"href":"https:\/\/ubirataonline.com.br\/en\/wp-json\/wp\/v2\/comments?post=170590"}],"version-history":[{"count":0,"href":"https:\/\/ubirataonline.com.br\/en\/wp-json\/wp\/v2\/posts\/170590\/revisions"}],"wp:attachment":[{"href":"https:\/\/ubirataonline.com.br\/en\/wp-json\/wp\/v2\/media?parent=170590"}],"wp:term":[{"taxonomy":"category","embeddable":true,"href":"https:\/\/ubirataonline.com.br\/en\/wp-json\/wp\/v2\/categories?post=170590"},{"taxonomy":"post_tag","embeddable":true,"href":"https:\/\/ubirataonline.com.br\/en\/wp-json\/wp\/v2\/tags?post=170590"}],"curies":[{"name":"wp","href":"https:\/\/api.w.org\/{rel}","templated":true}]}}