{"id":170620,"date":"2026-09-04T09:58:10","date_gmt":"2026-09-04T12:58:10","guid":{"rendered":"https:\/\/ubirataonline.com.br\/rock-in-rio-tera-operacao-24-horas-no-transporte-publico\/"},"modified":"2026-09-04T09:58:10","modified_gmt":"2026-09-04T12:58:10","slug":"rock-in-rio-tera-operacao-24-horas-no-transporte-publico","status":"publish","type":"post","link":"https:\/\/ubirataonline.com.br\/en\/rock-in-rio-tera-operacao-24-horas-no-transporte-publico\/","title":{"rendered":"Rock in Rio ter\u00e1 opera\u00e7\u00e3o 24 horas no transporte p\u00fablico"},"content":{"rendered":"<h2>O transporte p\u00fablico do Rio de Janeiro prepara uma opera\u00e7\u00e3o especial de 24 horas para atender o Grandes fluxo de pessoas que participar\u00e3o da edi\u00e7\u00e3o do Rock in Rio, entre os dias 4 e 7 de setembro, com uma segunda fase programada para o per\u00edodo de 11 a 13 de setembro.<\/h2>\n<p>A Secretaria de Transporte e Mobilidade Urbana (Setram) recomenda que todos os passageiros realizem o planejamento antecipado de seus deslocamentos, garantindo assim uma ida e volta mais tranquila para a Cidade do Rock. Conforme informa\u00e7\u00e3o divulgada pela <b>Ag\u00eancia Brasil<\/b>, a medida visa facilitar o retorno dos f\u00e3s ap\u00f3s os shows.<\/p>\n<p>O esquema montado para o Eventos \u00e9 in\u00e9dito e busca otimizar a integra\u00e7\u00e3o entre os diversos modais de transporte da cidade. A expectativa das autoridades \u00e9 de que cerca de 100 mil pessoas circulem diariamente pelo Eventos, tornando essencial a organiza\u00e7\u00e3o log\u00edstica para evitar aglomera\u00e7\u00f5es e longas esperas nas esta\u00e7\u00f5es.<\/p>\n<p>A seguir, entenda os detalhes de como o sistema ferrovi\u00e1rio e o metr\u00f4 atuar\u00e3o para suportar a demanda do p\u00fablico durante todos os dias de festival na capital carioca.<\/p>\n<h3>Funcionamento estendido dos trens urbanos<\/h3>\n<p>Pela primeira vez na hist\u00f3ria do festival, as esta\u00e7\u00f5es <b>Central do Brasil, Madureira e Deodoro<\/b> permanecer\u00e3o abertas durante toda a madrugada. Essa iniciativa tem como objetivo principal viabilizar a conex\u00e3o dos passageiros com o sistema de metr\u00f4 e BRT, que s\u00e3o fundamentais para o deslocamento dos moradores e visitantes.<\/p>\n<p>Haver\u00e1 um refor\u00e7o com viagens extras realizadas de hora em hora. Para o retorno, os trens partir\u00e3o de <b>Deodoro com destino \u00e0 Central<\/b>, e da <b>Central do Brasil com destino a Santa Cruz, Japeri, Saracuruna e Belford Roxo<\/b>, assegurando que o p\u00fablico tenha op\u00e7\u00f5es de transporte ap\u00f3s o encerramento das apresenta\u00e7\u00f5es.<\/p>\n<h3>Atendimento jur\u00eddico especializado no Eventos<\/h3>\n<p>Al\u00e9m da mobilidade, o acesso \u00e0 Justi\u00e7a estar\u00e1 garantido dentro da Cidade do Rock. O <b>Tribunal de Justi\u00e7a do Rio<\/b> manter\u00e1 o Juizado Especial do Torcedor e dos Grandes Eventos em funcionamento durante todos os dias do festival, oferecendo suporte para quest\u00f5es de consumo, ingressos e at\u00e9 casos de viol\u00eancia.<\/p>\n<p>O posto de atendimento estar\u00e1 localizado na <b>Arena Carioca 1<\/b>, operando das 14h at\u00e9 o final das atividades di\u00e1rias. O espa\u00e7o contar\u00e1 com uma \u00e1rea de acolhimento para v\u00edtimas de viol\u00eancia de g\u00eanero e ter\u00e1 magistrados de plant\u00e3o para realizar audi\u00eancias de cust\u00f3dia em casos de pris\u00f5es em flagrante.<\/p>\n<h3>FAQ: Perguntas e respostas sobre o transporte no Rock in Rio<\/h3>\n<p><b>1. Qual o hor\u00e1rio de funcionamento dos trens e metr\u00f4?<\/b> O sistema funcionar\u00e1 24 horas durante todos os dias de festival, de 4 a 7 e de 11 a 13 de setembro.<\/p>\n<p><b>2. Quais esta\u00e7\u00f5es de trem ficar\u00e3o abertas na madrugada?<\/b> As esta\u00e7\u00f5es Central do Brasil, Madureira e Deodoro estar\u00e3o abertas para embarque e integra\u00e7\u00e3o.<\/p>\n<p><b>3. Onde buscar ajuda jur\u00eddica no festival?<\/b> O Juizado Especial do Torcedor funcionar\u00e1 na Arena Carioca 1, das 14h at\u00e9 o encerramento dos shows.<\/p>\n<p><b>4. Haver\u00e1 audi\u00eancias de cust\u00f3dia no local?<\/b> Sim, o posto do juizado contar\u00e1 com magistrados para realizar audi\u00eancias de cust\u00f3dia em casos de pris\u00e3o em flagrante.<\/p>\n<p>5. Qual a recomenda\u00e7\u00e3o para quem vai ao Eventos? A Setram orienta que todos os passageiros planejem seus deslocamentos com anteced\u00eancia para evitar transtornos.<\/p>","protected":false},"excerpt":{"rendered":"<p>O transporte p\u00fablico do Rio de Janeiro prepara uma opera\u00e7\u00e3o especial de 24 horas para atender o Grandes fluxo de pessoas que participar\u00e3o da edi\u00e7\u00e3o do Rock in Rio, entre os dias 4 e 7 de setembro, com uma segunda fase programada para o per\u00edodo de 11 a 13 de setembro. A Secretaria de Transporte [&hellip;]<\/p>\n","protected":false},"author":1,"featured_media":0,"comment_status":"","ping_status":"","sticky":false,"template":"","format":"standard","meta":{"googlesitekit_rrm_CAow2JLhCw:productID":"","_gspb_post_css":"","maa_idioma":"","maa_pais":"","footnotes":""},"categories":[4],"tags":[],"class_list":["post-170620","post","type-post","status-publish","format-standard","hentry","category-brasil"],"blocksy_meta":[],"yoast_head":"<!-- This site is optimized with the Yoast SEO Premium plugin v27.6 (Yoast SEO v27.6) - https:\/\/yoast.com\/product\/yoast-seo-premium-wordpress\/ -->\n<title>Rock in Rio ter\u00e1 opera\u00e7\u00e3o 24 horas no transporte p\u00fablico - Ubirat\u00e3 Online Not\u00edcias - A realidade ao seu alcance!<\/title>\n<meta name=\"description\" content=\"O transporte p\u00fablico do Rio de Janeiro prepara uma opera\u00e7\u00e3o especial de 24 horas para atender o Grandes fluxo de pessoas que participar\u00e3o da edi\u00e7\u00e3o do\" \/>\n<meta name=\"robots\" content=\"index, follow, max-snippet:-1, max-image-preview:large, max-video-preview:-1\" \/>\n<link rel=\"canonical\" href=\"https:\/\/ubirataonline.com.br\/en\/rock-in-rio-tera-operacao-24-horas-no-transporte-publico\/\" \/>\n<meta property=\"og:locale\" content=\"en_US\" \/>\n<meta property=\"og:type\" content=\"article\" \/>\n<meta property=\"og:title\" content=\"Rock in Rio ter\u00e1 opera\u00e7\u00e3o 24 horas no transporte p\u00fablico\" \/>\n<meta property=\"og:description\" content=\"O transporte p\u00fablico do Rio de Janeiro prepara uma opera\u00e7\u00e3o especial de 24 horas para atender o Grandes fluxo de pessoas que participar\u00e3o da edi\u00e7\u00e3o do\" \/>\n<meta property=\"og:url\" content=\"https:\/\/ubirataonline.com.br\/en\/rock-in-rio-tera-operacao-24-horas-no-transporte-publico\/\" \/>\n<meta property=\"og:site_name\" content=\"Ubirat\u00e3 Online Not\u00edcias - A realidade ao seu alcance!\" \/>\n<meta property=\"article:publisher\" content=\"https:\/\/www.facebook.com\/portalubirataonline\" \/>\n<meta property=\"article:author\" content=\"https:\/\/www.facebook.com\/portalubirataonline\" \/>\n<meta property=\"article:published_time\" content=\"2026-09-04T12:58:10+00:00\" \/>\n<meta property=\"og:image\" content=\"https:\/\/ubirataonline.com.br\/wp-content\/uploads\/2026\/05\/logo2026.webp\" \/>\n\t<meta property=\"og:image:width\" content=\"1531\" \/>\n\t<meta property=\"og:image:height\" content=\"418\" \/>\n\t<meta property=\"og:image:type\" content=\"image\/webp\" \/>\n<meta name=\"author\" content=\"REDA\u00c7\u00c3O: UBIRAT\u00c3 ONLINE - F\u00c1BIO AUGUSTO CELESTINO\" \/>\n<meta name=\"twitter:card\" content=\"summary_large_image\" \/>\n<meta name=\"twitter:creator\" content=\"@x.com\/ubirataonline\" \/>\n<meta name=\"twitter:site\" content=\"@ubirataonline\" \/>\n<meta name=\"twitter:label1\" content=\"Written by\" \/>\n\t<meta name=\"twitter:data1\" content=\"REDA\u00c7\u00c3O: UBIRAT\u00c3 ONLINE - F\u00c1BIO AUGUSTO CELESTINO\" \/>\n\t<meta name=\"twitter:label2\" content=\"Est. reading time\" \/>\n\t<meta name=\"twitter:data2\" content=\"3 minutes\" \/>\n<script type=\"application\/ld+json\" class=\"yoast-schema-graph\">{\"@context\":\"https:\\\/\\\/schema.org\",\"@graph\":[{\"@type\":\"NewsArticle\",\"@id\":\"https:\\\/\\\/ubirataonline.com.br\\\/rock-in-rio-tera-operacao-24-horas-no-transporte-publico\\\/#article\",\"isPartOf\":{\"@id\":\"https:\\\/\\\/ubirataonline.com.br\\\/rock-in-rio-tera-operacao-24-horas-no-transporte-publico\\\/\"},\"author\":{\"name\":\"REDA\u00c7\u00c3O: UBIRAT\u00c3 ONLINE - F\u00c1BIO AUGUSTO CELESTINO\",\"@id\":\"https:\\\/\\\/ubirataonline.com.br\\\/#\\\/schema\\\/person\\\/372f87bbd3fdd79b8556b84c98d0bc1c\"},\"headline\":\"Rock in Rio ter\u00e1 opera\u00e7\u00e3o 24 horas no transporte p\u00fablico\",\"datePublished\":\"2026-09-04T12:58:10+00:00\",\"mainEntityOfPage\":{\"@id\":\"https:\\\/\\\/ubirataonline.com.br\\\/rock-in-rio-tera-operacao-24-horas-no-transporte-publico\\\/\"},\"wordCount\":576,\"publisher\":{\"@id\":\"https:\\\/\\\/ubirataonline.com.br\\\/#organization\"},\"articleSection\":[\"Brasil\"],\"inLanguage\":\"en-US\",\"copyrightYear\":\"2026\",\"copyrightHolder\":{\"@id\":\"https:\\\/\\\/ubirataonline.com.br\\\/en\\\/#organization\"}},{\"@type\":\"WebPage\",\"@id\":\"https:\\\/\\\/ubirataonline.com.br\\\/rock-in-rio-tera-operacao-24-horas-no-transporte-publico\\\/\",\"url\":\"https:\\\/\\\/ubirataonline.com.br\\\/rock-in-rio-tera-operacao-24-horas-no-transporte-publico\\\/\",\"name\":\"Rock in Rio ter\u00e1 opera\u00e7\u00e3o 24 horas no transporte p\u00fablico - Ubirat\u00e3 Online Not\u00edcias - A realidade ao seu alcance!\",\"isPartOf\":{\"@id\":\"https:\\\/\\\/ubirataonline.com.br\\\/#website\"},\"datePublished\":\"2026-09-04T12:58:10+00:00\",\"description\":\"O transporte p\u00fablico do Rio de Janeiro prepara uma opera\u00e7\u00e3o especial de 24 horas para atender o Grandes fluxo de pessoas que participar\u00e3o da edi\u00e7\u00e3o do\",\"breadcrumb\":{\"@id\":\"https:\\\/\\\/ubirataonline.com.br\\\/rock-in-rio-tera-operacao-24-horas-no-transporte-publico\\\/#breadcrumb\"},\"inLanguage\":\"en-US\",\"potentialAction\":[{\"@type\":\"ReadAction\",\"target\":[\"https:\\\/\\\/ubirataonline.com.br\\\/rock-in-rio-tera-operacao-24-horas-no-transporte-publico\\\/\"]}]},{\"@type\":\"BreadcrumbList\",\"@id\":\"https:\\\/\\\/ubirataonline.com.br\\\/rock-in-rio-tera-operacao-24-horas-no-transporte-publico\\\/#breadcrumb\",\"itemListElement\":[{\"@type\":\"ListItem\",\"position\":1,\"name\":\"In\u00edcio\",\"item\":\"https:\\\/\\\/ubirataonline.com.br\\\/\"},{\"@type\":\"ListItem\",\"position\":2,\"name\":\"Rock in Rio ter\u00e1 opera\u00e7\u00e3o 24 horas no transporte p\u00fablico\"}]},{\"@type\":\"WebSite\",\"@id\":\"https:\\\/\\\/ubirataonline.com.br\\\/#website\",\"url\":\"https:\\\/\\\/ubirataonline.com.br\\\/\",\"name\":\"Ubirat\u00e3 Online Not\u00edcias\",\"description\":\"Not\u00edcias de Ubirat\u00e3, regi\u00e3o, Brasil e mundo, com informa\u00e7\u00e3o atualizada e compromisso com o leitor.\",\"publisher\":{\"@id\":\"https:\\\/\\\/ubirataonline.com.br\\\/#organization\"},\"alternateName\":\"Ubirat\u00e3 Online\",\"potentialAction\":[{\"@type\":\"SearchAction\",\"target\":{\"@type\":\"EntryPoint\",\"urlTemplate\":\"https:\\\/\\\/ubirataonline.com.br\\\/?s={search_term_string}\"},\"query-input\":{\"@type\":\"PropertyValueSpecification\",\"valueRequired\":true,\"valueName\":\"search_term_string\"}}],\"inLanguage\":\"en-US\"},{\"@type\":[\"Organization\",\"Place\"],\"@id\":\"https:\\\/\\\/ubirataonline.com.br\\\/#organization\",\"name\":\"Ubirat\u00e3 Online Not\u00edcias\",\"alternateName\":\"Ubirat\u00e3 Online\",\"url\":\"https:\\\/\\\/ubirataonline.com.br\\\/\",\"logo\":{\"@id\":\"https:\\\/\\\/ubirataonline.com.br\\\/rock-in-rio-tera-operacao-24-horas-no-transporte-publico\\\/#local-main-organization-logo\"},\"image\":{\"@id\":\"https:\\\/\\\/ubirataonline.com.br\\\/rock-in-rio-tera-operacao-24-horas-no-transporte-publico\\\/#local-main-organization-logo\"},\"sameAs\":[\"https:\\\/\\\/www.facebook.com\\\/portalubirataonline\",\"https:\\\/\\\/x.com\\\/ubirataonline\",\"https:\\\/\\\/mastodon.social\\\/@ubirataonline\",\"https:\\\/\\\/www.facebook.com\\\/groups\\\/311144672285604\",\"https:\\\/\\\/www.facebook.com\\\/UBTAOnline\",\"https:\\\/\\\/www.instagram.com\\\/portalubirataonline\\\/\",\"https:\\\/\\\/twitter.com\\\/ubirataonline\"],\"description\":\"Somos um portal de not\u00edcias independente, criado em 5 de janeiro de 2009, com o objetivo de informar, conectar e valorizar a nossa comunidade de Ubirat\u00e3 e toda aregi\u00e3o. Com conte\u00fado atualizado, confi\u00e1vel e relevante, o Ubirat\u00e3 Online \u00e9 o seu espa\u00e7o para ficar por dentro dos principais acontecimentos locais, regionais, Brasil, Mundo e de interesse geral. Nosso compromisso \u00e9 com a verdade, a transpar\u00eancia e o respeito ao leitor.\",\"legalName\":\"UBIRATA ONLINE NOT\u00cdCIAS\",\"foundingDate\":\"2009-01-05\",\"numberOfEmployees\":{\"@type\":\"QuantitativeValue\",\"minValue\":\"1\",\"maxValue\":\"10\"},\"publishingPrinciples\":\"https:\\\/\\\/ubirataonline.com.br\\\/faq\\\/\",\"address\":{\"@id\":\"https:\\\/\\\/ubirataonline.com.br\\\/rock-in-rio-tera-operacao-24-horas-no-transporte-publico\\\/#local-main-place-address\"},\"geo\":{\"@type\":\"GeoCoordinates\",\"latitude\":\"-24.5361401\",\"longitude\":\"-52.9921776\"},\"telephone\":[\"+5544998308235\"],\"contactPoint\":{\"@type\":\"ContactPoint\",\"email\":\"contato@ubirataonline.com.br\"},\"openingHoursSpecification\":{\"@type\":\"OpeningHoursSpecification\",\"dayOfWeek\":[\"Monday\",\"Tuesday\",\"Wednesday\",\"Thursday\",\"Friday\",\"Saturday\",\"Sunday\"],\"opens\":\"00:00\",\"closes\":\"23:59\"},\"email\":\"contato@ubirataonline.com.br\",\"vatID\":\"47.621.418\\\/0001-80\"},{\"@type\":\"Person\",\"@id\":\"https:\\\/\\\/ubirataonline.com.br\\\/#\\\/schema\\\/person\\\/372f87bbd3fdd79b8556b84c98d0bc1c\",\"name\":\"REDA\u00c7\u00c3O: UBIRAT\u00c3 ONLINE - F\u00c1BIO AUGUSTO CELESTINO\",\"pronouns\":\"Ele\",\"description\":\"Desde 2003 trabalhando com not\u00edcias.\",\"sameAs\":[\"http:\\\/\\\/ubirataoline.com.br\",\"https:\\\/\\\/www.facebook.com\\\/portalubirataonline\",\"https:\\\/\\\/www.instagram.com\\\/ubirataonline_oficial\",\"https:\\\/\\\/x.com\\\/x.com\\\/ubirataonline\"],\"honorificPrefix\":\"Mr.\",\"honorificSuffix\":\"MD\",\"birthDate\":\"1980-06-16\",\"gender\":\"masculino\",\"award\":[\"V\u00e1rios pr\u00eamios de melhor portal da cidade\"],\"jobTitle\":\"Diretor\",\"url\":\"https:\\\/\\\/ubirataonline.com.br\\\/en\\\/author\\\/ubirataonline\\\/\"},{\"@type\":\"PostalAddress\",\"@id\":\"https:\\\/\\\/ubirataonline.com.br\\\/rock-in-rio-tera-operacao-24-horas-no-transporte-publico\\\/#local-main-place-address\",\"streetAddress\":\"Rua dos Coqueiros, 104 - Bairro Boa Vista, Rua dos Coqueiros, 104 Bairro Boa Vista\",\"addressLocality\":\"UBIRATA\",\"postalCode\":\"85440-000\",\"addressRegion\":\"PR\",\"addressCountry\":\"BR\"},{\"@type\":\"ImageObject\",\"inLanguage\":\"en-US\",\"@id\":\"https:\\\/\\\/ubirataonline.com.br\\\/rock-in-rio-tera-operacao-24-horas-no-transporte-publico\\\/#local-main-organization-logo\",\"url\":\"https:\\\/\\\/ubirataonline.com.br\\\/wp-content\\\/uploads\\\/2026\\\/06\\\/logoubirataonline-1.webp\",\"contentUrl\":\"https:\\\/\\\/ubirataonline.com.br\\\/wp-content\\\/uploads\\\/2026\\\/06\\\/logoubirataonline-1.webp\",\"width\":500,\"height\":500,\"caption\":\"Ubirat\u00e3 Online Not\u00edcias\"}]}<\/script>\n<meta name=\"geo.placename\" content=\"UBIRATA\" \/>\n<meta name=\"geo.position\" content=\"-24.5361401;-52.9921776\" \/>\n<meta name=\"geo.region\" content=\"Brazil\" \/>\n<!-- \/ Yoast SEO Premium plugin. -->","yoast_head_json":{"title":"Rock in Rio ter\u00e1 opera\u00e7\u00e3o 24 horas no transporte p\u00fablico - Ubirat\u00e3 Online Not\u00edcias - A realidade ao seu alcance!","description":"O transporte p\u00fablico do Rio de Janeiro prepara uma opera\u00e7\u00e3o especial de 24 horas para atender o Grandes fluxo de pessoas que participar\u00e3o da edi\u00e7\u00e3o do","robots":{"index":"index","follow":"follow","max-snippet":"max-snippet:-1","max-image-preview":"max-image-preview:large","max-video-preview":"max-video-preview:-1"},"canonical":"https:\/\/ubirataonline.com.br\/en\/rock-in-rio-tera-operacao-24-horas-no-transporte-publico\/","og_locale":"en_US","og_type":"article","og_title":"Rock in Rio ter\u00e1 opera\u00e7\u00e3o 24 horas no transporte p\u00fablico","og_description":"O transporte p\u00fablico do Rio de Janeiro prepara uma opera\u00e7\u00e3o especial de 24 horas para atender o Grandes fluxo de pessoas que participar\u00e3o da edi\u00e7\u00e3o do","og_url":"https:\/\/ubirataonline.com.br\/en\/rock-in-rio-tera-operacao-24-horas-no-transporte-publico\/","og_site_name":"Ubirat\u00e3 Online Not\u00edcias - A realidade ao seu alcance!","article_publisher":"https:\/\/www.facebook.com\/portalubirataonline","article_author":"https:\/\/www.facebook.com\/portalubirataonline","article_published_time":"2026-09-04T12:58:10+00:00","og_image":[{"width":1531,"height":418,"url":"https:\/\/ubirataonline.com.br\/wp-content\/uploads\/2026\/05\/logo2026.webp","type":"image\/webp"}],"author":"REDA\u00c7\u00c3O: UBIRAT\u00c3 ONLINE - F\u00c1BIO AUGUSTO CELESTINO","twitter_card":"summary_large_image","twitter_creator":"@x.com\/ubirataonline","twitter_site":"@ubirataonline","twitter_misc":{"Written by":"REDA\u00c7\u00c3O: UBIRAT\u00c3 ONLINE - F\u00c1BIO AUGUSTO CELESTINO","Est. reading time":"3 minutes"},"schema":{"@context":"https:\/\/schema.org","@graph":[{"@type":"NewsArticle","@id":"https:\/\/ubirataonline.com.br\/rock-in-rio-tera-operacao-24-horas-no-transporte-publico\/#article","isPartOf":{"@id":"https:\/\/ubirataonline.com.br\/rock-in-rio-tera-operacao-24-horas-no-transporte-publico\/"},"author":{"name":"REDA\u00c7\u00c3O: UBIRAT\u00c3 ONLINE - F\u00c1BIO AUGUSTO CELESTINO","@id":"https:\/\/ubirataonline.com.br\/#\/schema\/person\/372f87bbd3fdd79b8556b84c98d0bc1c"},"headline":"Rock in Rio ter\u00e1 opera\u00e7\u00e3o 24 horas no transporte p\u00fablico","datePublished":"2026-09-04T12:58:10+00:00","mainEntityOfPage":{"@id":"https:\/\/ubirataonline.com.br\/rock-in-rio-tera-operacao-24-horas-no-transporte-publico\/"},"wordCount":576,"publisher":{"@id":"https:\/\/ubirataonline.com.br\/#organization"},"articleSection":["Brasil"],"inLanguage":"en-US","copyrightYear":"2026","copyrightHolder":{"@id":"https:\/\/ubirataonline.com.br\/en\/#organization"}},{"@type":"WebPage","@id":"https:\/\/ubirataonline.com.br\/rock-in-rio-tera-operacao-24-horas-no-transporte-publico\/","url":"https:\/\/ubirataonline.com.br\/rock-in-rio-tera-operacao-24-horas-no-transporte-publico\/","name":"Rock in Rio ter\u00e1 opera\u00e7\u00e3o 24 horas no transporte p\u00fablico - Ubirat\u00e3 Online Not\u00edcias - A realidade ao seu alcance!","isPartOf":{"@id":"https:\/\/ubirataonline.com.br\/#website"},"datePublished":"2026-09-04T12:58:10+00:00","description":"O transporte p\u00fablico do Rio de Janeiro prepara uma opera\u00e7\u00e3o especial de 24 horas para atender o Grandes fluxo de pessoas que participar\u00e3o da edi\u00e7\u00e3o do","breadcrumb":{"@id":"https:\/\/ubirataonline.com.br\/rock-in-rio-tera-operacao-24-horas-no-transporte-publico\/#breadcrumb"},"inLanguage":"en-US","potentialAction":[{"@type":"ReadAction","target":["https:\/\/ubirataonline.com.br\/rock-in-rio-tera-operacao-24-horas-no-transporte-publico\/"]}]},{"@type":"BreadcrumbList","@id":"https:\/\/ubirataonline.com.br\/rock-in-rio-tera-operacao-24-horas-no-transporte-publico\/#breadcrumb","itemListElement":[{"@type":"ListItem","position":1,"name":"In\u00edcio","item":"https:\/\/ubirataonline.com.br\/"},{"@type":"ListItem","position":2,"name":"Rock in Rio ter\u00e1 opera\u00e7\u00e3o 24 horas no transporte p\u00fablico"}]},{"@type":"WebSite","@id":"https:\/\/ubirataonline.com.br\/#website","url":"https:\/\/ubirataonline.com.br\/","name":"Ubirat\u00e3 Online Not\u00edcias","description":"Not\u00edcias de Ubirat\u00e3, regi\u00e3o, Brasil e mundo, com informa\u00e7\u00e3o atualizada e compromisso com o leitor.","publisher":{"@id":"https:\/\/ubirataonline.com.br\/#organization"},"alternateName":"Ubirat\u00e3 Online","potentialAction":[{"@type":"SearchAction","target":{"@type":"EntryPoint","urlTemplate":"https:\/\/ubirataonline.com.br\/?s={search_term_string}"},"query-input":{"@type":"PropertyValueSpecification","valueRequired":true,"valueName":"search_term_string"}}],"inLanguage":"en-US"},{"@type":["Organization","Place"],"@id":"https:\/\/ubirataonline.com.br\/#organization","name":"Ubirat\u00e3 Online Not\u00edcias","alternateName":"Ubirat\u00e3 Online","url":"https:\/\/ubirataonline.com.br\/","logo":{"@id":"https:\/\/ubirataonline.com.br\/rock-in-rio-tera-operacao-24-horas-no-transporte-publico\/#local-main-organization-logo"},"image":{"@id":"https:\/\/ubirataonline.com.br\/rock-in-rio-tera-operacao-24-horas-no-transporte-publico\/#local-main-organization-logo"},"sameAs":["https:\/\/www.facebook.com\/portalubirataonline","https:\/\/x.com\/ubirataonline","https:\/\/mastodon.social\/@ubirataonline","https:\/\/www.facebook.com\/groups\/311144672285604","https:\/\/www.facebook.com\/UBTAOnline","https:\/\/www.instagram.com\/portalubirataonline\/","https:\/\/twitter.com\/ubirataonline"],"description":"Somos um portal de not\u00edcias independente, criado em 5 de janeiro de 2009, com o objetivo de informar, conectar e valorizar a nossa comunidade de Ubirat\u00e3 e toda aregi\u00e3o. Com conte\u00fado atualizado, confi\u00e1vel e relevante, o Ubirat\u00e3 Online \u00e9 o seu espa\u00e7o para ficar por dentro dos principais acontecimentos locais, regionais, Brasil, Mundo e de interesse geral. Nosso compromisso \u00e9 com a verdade, a transpar\u00eancia e o respeito ao leitor.","legalName":"UBIRATA ONLINE NOT\u00cdCIAS","foundingDate":"2009-01-05","numberOfEmployees":{"@type":"QuantitativeValue","minValue":"1","maxValue":"10"},"publishingPrinciples":"https:\/\/ubirataonline.com.br\/faq\/","address":{"@id":"https:\/\/ubirataonline.com.br\/rock-in-rio-tera-operacao-24-horas-no-transporte-publico\/#local-main-place-address"},"geo":{"@type":"GeoCoordinates","latitude":"-24.5361401","longitude":"-52.9921776"},"telephone":["+5544998308235"],"contactPoint":{"@type":"ContactPoint","email":"contato@ubirataonline.com.br"},"openingHoursSpecification":{"@type":"OpeningHoursSpecification","dayOfWeek":["Monday","Tuesday","Wednesday","Thursday","Friday","Saturday","Sunday"],"opens":"00:00","closes":"23:59"},"email":"contato@ubirataonline.com.br","vatID":"47.621.418\/0001-80"},{"@type":"Person","@id":"https:\/\/ubirataonline.com.br\/#\/schema\/person\/372f87bbd3fdd79b8556b84c98d0bc1c","name":"REDA\u00c7\u00c3O: UBIRAT\u00c3 ONLINE - F\u00c1BIO AUGUSTO CELESTINO","pronouns":"Ele","description":"Desde 2003 trabalhando com not\u00edcias.","sameAs":["http:\/\/ubirataoline.com.br","https:\/\/www.facebook.com\/portalubirataonline","https:\/\/www.instagram.com\/ubirataonline_oficial","https:\/\/x.com\/x.com\/ubirataonline"],"honorificPrefix":"Mr.","honorificSuffix":"MD","birthDate":"1980-06-16","gender":"masculino","award":["V\u00e1rios pr\u00eamios de melhor portal da cidade"],"jobTitle":"Diretor","url":"https:\/\/ubirataonline.com.br\/en\/author\/ubirataonline\/"},{"@type":"PostalAddress","@id":"https:\/\/ubirataonline.com.br\/rock-in-rio-tera-operacao-24-horas-no-transporte-publico\/#local-main-place-address","streetAddress":"Rua dos Coqueiros, 104 - Bairro Boa Vista, Rua dos Coqueiros, 104 Bairro Boa Vista","addressLocality":"UBIRATA","postalCode":"85440-000","addressRegion":"PR","addressCountry":"BR"},{"@type":"ImageObject","inLanguage":"en-US","@id":"https:\/\/ubirataonline.com.br\/rock-in-rio-tera-operacao-24-horas-no-transporte-publico\/#local-main-organization-logo","url":"https:\/\/ubirataonline.com.br\/wp-content\/uploads\/2026\/06\/logoubirataonline-1.webp","contentUrl":"https:\/\/ubirataonline.com.br\/wp-content\/uploads\/2026\/06\/logoubirataonline-1.webp","width":500,"height":500,"caption":"Ubirat\u00e3 Online Not\u00edcias"}]},"geo.placename":"UBIRATA","geo.position":{"lat":"-24.5361401","long":"-52.9921776"},"geo.region":"Brazil"},"_links":{"self":[{"href":"https:\/\/ubirataonline.com.br\/en\/wp-json\/wp\/v2\/posts\/170620","targetHints":{"allow":["GET"]}}],"collection":[{"href":"https:\/\/ubirataonline.com.br\/en\/wp-json\/wp\/v2\/posts"}],"about":[{"href":"https:\/\/ubirataonline.com.br\/en\/wp-json\/wp\/v2\/types\/post"}],"author":[{"embeddable":true,"href":"https:\/\/ubirataonline.com.br\/en\/wp-json\/wp\/v2\/users\/1"}],"replies":[{"embeddable":true,"href":"https:\/\/ubirataonline.com.br\/en\/wp-json\/wp\/v2\/comments?post=170620"}],"version-history":[{"count":0,"href":"https:\/\/ubirataonline.com.br\/en\/wp-json\/wp\/v2\/posts\/170620\/revisions"}],"wp:attachment":[{"href":"https:\/\/ubirataonline.com.br\/en\/wp-json\/wp\/v2\/media?parent=170620"}],"wp:term":[{"taxonomy":"category","embeddable":true,"href":"https:\/\/ubirataonline.com.br\/en\/wp-json\/wp\/v2\/categories?post=170620"},{"taxonomy":"post_tag","embeddable":true,"href":"https:\/\/ubirataonline.com.br\/en\/wp-json\/wp\/v2\/tags?post=170620"}],"curies":[{"name":"wp","href":"https:\/\/api.w.org\/{rel}","templated":true}]}}