{"id":170622,"date":"2026-09-04T10:22:21","date_gmt":"2026-09-04T13:22:21","guid":{"rendered":"https:\/\/ubirataonline.com.br\/seca-na-amazonia-impactou-38-das-areas-habitadas-durante-o-el-nino-de-2024-aponta-estudo\/"},"modified":"2026-09-04T13:31:24","modified_gmt":"2026-09-04T16:31:24","slug":"seca-na-amazonia-impactou-38-das-areas-habitadas-durante-o-el-nino-de-2024-aponta-estudo","status":"publish","type":"post","link":"https:\/\/ubirataonline.com.br\/en\/seca-na-amazonia-impactou-38-das-areas-habitadas-durante-o-el-nino-de-2024-aponta-estudo\/","title":{"rendered":"Seca na Amaz\u00f4nia impactou 38% das \u00e1reas habitadas durante o El Ni\u00f1o de 2024, aponta estudo"},"content":{"rendered":"<h2>Estudo detalha como o fen\u00f4meno clim\u00e1tico El Ni\u00f1o afetou drasticamente a disponibilidade de \u00e1gua e a rotina de milhares de popula\u00e7\u00f5es na Amaz\u00f4nia Brasileiro em 2024<\/h2>\n<p>Mais de um ter\u00e7o das ocupa\u00e7\u00f5es humanas espalhadas pela Amaz\u00f4nia sentiram de forma intensa os efeitos do El Ni\u00f1o de 2024. O levantamento, realizado pelo MapBiomas, aponta que 38% das \u00e1reas habitadas da regi\u00e3o foram diretamente impactadas pelo fen\u00f4meno meteorol\u00f3gico.<\/p>\n<p>O estudo analisou um total de at\u00e9 5.673 localidades, identificando que 2.172 delas sofreram com as consequ\u00eancias severas da seca e do aumento das temperaturas. Conforme informa\u00e7\u00e3o divulgada pela <b>Ag\u00eancia Brasil<\/b>, os dados cruzam registros clim\u00e1ticos e de ocupa\u00e7\u00e3o do solo.<\/p>\n<h3>Entenda o impacto do El Ni\u00f1o na regi\u00e3o<\/h3>\n<p>O El Ni\u00f1o ocorre devido ao aquecimento das \u00e1guas superficiais no Oceano Pac\u00edfico Tropical, o que altera a circula\u00e7\u00e3o atmosf\u00e9rica e desregula o regime de chuvas. Na Amaz\u00f4nia, o efeito principal \u00e9 a escassez de precipita\u00e7\u00e3o combinada com ondas de calor.<\/p>\n<p>Entre setembro e novembro de 2024, a superf\u00edcie de \u00e1gua na Amaz\u00f4nia ficou 1,9 milh\u00e3o de hectares abaixo da m\u00e9dia hist\u00f3rica registrada desde 1985. Al\u00e9m disso, o volume de chuvas ficou 27% menor do que o esperado para o per\u00edodo.<\/p>\n<h3>Aumento das temperaturas e estresse h\u00eddrico<\/h3>\n<p>A temperatura m\u00e1xima m\u00e9dia subiu 2,6\u00baC acima da marca hist\u00f3rica. Segundo o pesquisador do Imazon e integrante da equipe do MapBiomas, Bruno Ferreira, a combina\u00e7\u00e3o de menos chuva e calor elevado acelera a perda de \u00e1gua no solo.<\/p>\n<p>Esse cen\u00e1rio intensifica o estresse h\u00eddrico da vegeta\u00e7\u00e3o. O especialista destaca que a seca tamb\u00e9m se manifesta na redu\u00e7\u00e3o dr\u00e1stica dos n\u00edveis dos rios, o que prejudica diretamente o transporte, a pesca e o acesso \u00e0 \u00e1gua pelas comunidades locais.<\/p>\n<h3>Popula\u00e7\u00f5es vulner\u00e1veis em \u00e1reas cr\u00edticas<\/h3>\n<p>O impacto atinge diversos perfis de ocupa\u00e7\u00e3o, incluindo n\u00facleos urbanos, rurais, territ\u00f3rios ind\u00edgenas e quilombolas. O estudo revelou que 93% das localidades analisadas est\u00e3o a menos de 5 quil\u00f4metros de \u00e1reas que perderam superf\u00edcie de \u00e1gua.<\/p>\n<p>Ao longo dos \u00faltimos 41 anos, a regi\u00e3o tamb\u00e9m sofreu com a perda de 3,9 milh\u00f5es de hectares de vegeta\u00e7\u00e3o nativa. Esse desmatamento representa uma redu\u00e7\u00e3o de 14% da cobertura verde que existia anteriormente no bioma amaz\u00f4nico.<\/p>\n<h3>FAQ: Perguntas e Respostas<\/h3>\n<p><b>1. Qual foi o percentual de \u00e1reas habitadas afetadas pela seca na Amaz\u00f4nia?<\/b><br \/>O estudo do MapBiomas indica que 38% das \u00e1reas habitadas, ou 2.172 localidades, foram intensamente impactadas pelo El Ni\u00f1o de 2024.<\/p>\n<p><b>2. Por que o El Ni\u00f1o causa seca na Amaz\u00f4nia?<\/b><br \/>O fen\u00f4meno altera a circula\u00e7\u00e3o atmosf\u00e9rica ao aquecer as \u00e1guas do Oceano Pac\u00edfico, tornando as chuvas irregulares e provocando aumento nas temperaturas e redu\u00e7\u00e3o dos n\u00edveis dos rios.<\/p>\n<p><b>3. Qual foi a redu\u00e7\u00e3o da superf\u00edcie de \u00e1gua na regi\u00e3o durante o per\u00edodo analisado?<\/b><br \/>Entre setembro e novembro de 2024, a superf\u00edcie de \u00e1gua ficou 1,9 milh\u00e3o de hectares abaixo da m\u00e9dia hist\u00f3rica calculada entre 1985 e 2025.<\/p>\n<p><b>4. Como a seca afeta o dia a dia das popula\u00e7\u00f5es locais?<\/b><br \/>A redu\u00e7\u00e3o do n\u00edvel dos rios compromete o transporte fluvial, a atividade pesqueira e o acesso essencial \u00e0 \u00e1gua para consumo e atividades produtivas das comunidades.<\/p>\n<p><b>at\u00e9 5. O desmatamento influencia os dados de seca?<\/b><br \/>Sim, o estudo aponta a perda de 3,9 milh\u00f5es de hectares de vegeta\u00e7\u00e3o nativa ao longo de 41 anos, o que equivale a uma queda de 14% da cobertura verde original do bioma.<\/p>","protected":false},"excerpt":{"rendered":"<p>Estudo detalha como o fen\u00f4meno clim\u00e1tico El Ni\u00f1o afetou drasticamente a disponibilidade de \u00e1gua e a rotina de milhares de popula\u00e7\u00f5es na Amaz\u00f4nia Brasileiro em 2024 Mais de um ter\u00e7o das ocupa\u00e7\u00f5es humanas espalhadas pela Amaz\u00f4nia sentiram de forma intensa os efeitos do El Ni\u00f1o de 2024. O levantamento, realizado pelo MapBiomas, aponta que 38% [&hellip;]<\/p>\n","protected":false},"author":1,"featured_media":170670,"comment_status":"closed","ping_status":"closed","sticky":false,"template":"","format":"standard","meta":{"googlesitekit_rrm_CAow2JLhCw:productID":"","_gspb_post_css":"","maa_idioma":"","maa_pais":"","footnotes":""},"categories":[4],"tags":[],"class_list":["post-170622","post","type-post","status-publish","format-standard","has-post-thumbnail","hentry","category-brasil"],"blocksy_meta":[],"yoast_head":"<!-- This site is optimized with the Yoast SEO Premium plugin v27.6 (Yoast SEO v27.6) - https:\/\/yoast.com\/product\/yoast-seo-premium-wordpress\/ -->\n<title>Seca na Amaz\u00f4nia impactou 38% das \u00e1reas habitadas durante o El Ni\u00f1o de 2024, aponta estudo - Ubirat\u00e3 Online Not\u00edcias - A realidade ao seu alcance!<\/title>\n<meta name=\"description\" content=\"Estudo detalha como o fen\u00f4meno clim\u00e1tico El Ni\u00f1o afetou drasticamente a disponibilidade de \u00e1gua e a rotina de milhares de popula\u00e7\u00f5es na Amaz\u00f4nia\" \/>\n<meta name=\"robots\" content=\"index, follow, max-snippet:-1, max-image-preview:large, max-video-preview:-1\" \/>\n<link rel=\"canonical\" href=\"https:\/\/ubirataonline.com.br\/en\/seca-na-amazonia-impactou-38-das-areas-habitadas-durante-o-el-nino-de-2024-aponta-estudo\/\" \/>\n<meta property=\"og:locale\" content=\"en_US\" \/>\n<meta property=\"og:type\" content=\"article\" \/>\n<meta property=\"og:title\" content=\"Seca na Amaz\u00f4nia impactou 38% das \u00e1reas habitadas durante o El Ni\u00f1o de 2024, aponta estudo\" \/>\n<meta property=\"og:description\" content=\"Estudo detalha como o fen\u00f4meno clim\u00e1tico El Ni\u00f1o afetou drasticamente a disponibilidade de \u00e1gua e a rotina de milhares de popula\u00e7\u00f5es na Amaz\u00f4nia\" \/>\n<meta property=\"og:url\" content=\"https:\/\/ubirataonline.com.br\/en\/seca-na-amazonia-impactou-38-das-areas-habitadas-durante-o-el-nino-de-2024-aponta-estudo\/\" \/>\n<meta property=\"og:site_name\" content=\"Ubirat\u00e3 Online Not\u00edcias - A realidade ao seu alcance!\" \/>\n<meta property=\"article:publisher\" content=\"https:\/\/www.facebook.com\/portalubirataonline\" \/>\n<meta property=\"article:author\" content=\"https:\/\/www.facebook.com\/portalubirataonline\" \/>\n<meta property=\"article:published_time\" content=\"2026-09-04T13:22:21+00:00\" \/>\n<meta property=\"article:modified_time\" content=\"2026-09-04T16:31:24+00:00\" \/>\n<meta property=\"og:image\" content=\"https:\/\/ubirataonline.com.br\/wp-content\/uploads\/2026\/09\/maaimg-post-170622-20260904-163120.webp\" \/>\n\t<meta property=\"og:image:width\" content=\"1376\" \/>\n\t<meta property=\"og:image:height\" content=\"768\" \/>\n\t<meta property=\"og:image:type\" content=\"image\/webp\" \/>\n<meta name=\"author\" content=\"REDA\u00c7\u00c3O: UBIRAT\u00c3 ONLINE - F\u00c1BIO AUGUSTO CELESTINO\" \/>\n<meta name=\"twitter:card\" content=\"summary_large_image\" \/>\n<meta name=\"twitter:creator\" content=\"@x.com\/ubirataonline\" \/>\n<meta name=\"twitter:site\" content=\"@ubirataonline\" \/>\n<meta name=\"twitter:label1\" content=\"Written by\" \/>\n\t<meta name=\"twitter:data1\" content=\"REDA\u00c7\u00c3O: UBIRAT\u00c3 ONLINE - F\u00c1BIO AUGUSTO CELESTINO\" \/>\n\t<meta name=\"twitter:label2\" content=\"Est. reading time\" \/>\n\t<meta name=\"twitter:data2\" content=\"4 minutes\" \/>\n<script type=\"application\/ld+json\" class=\"yoast-schema-graph\">{\"@context\":\"https:\\\/\\\/schema.org\",\"@graph\":[{\"@type\":\"NewsArticle\",\"@id\":\"https:\\\/\\\/ubirataonline.com.br\\\/seca-na-amazonia-impactou-38-das-areas-habitadas-durante-o-el-nino-de-2024-aponta-estudo\\\/#article\",\"isPartOf\":{\"@id\":\"https:\\\/\\\/ubirataonline.com.br\\\/seca-na-amazonia-impactou-38-das-areas-habitadas-durante-o-el-nino-de-2024-aponta-estudo\\\/\"},\"author\":{\"name\":\"REDA\u00c7\u00c3O: UBIRAT\u00c3 ONLINE - F\u00c1BIO AUGUSTO CELESTINO\",\"@id\":\"https:\\\/\\\/ubirataonline.com.br\\\/#\\\/schema\\\/person\\\/372f87bbd3fdd79b8556b84c98d0bc1c\"},\"headline\":\"Seca na Amaz\u00f4nia impactou 38% das \u00e1reas habitadas durante o El Ni\u00f1o de 2024, aponta estudo\",\"datePublished\":\"2026-09-04T13:22:21+00:00\",\"dateModified\":\"2026-09-04T16:31:24+00:00\",\"mainEntityOfPage\":{\"@id\":\"https:\\\/\\\/ubirataonline.com.br\\\/seca-na-amazonia-impactou-38-das-areas-habitadas-durante-o-el-nino-de-2024-aponta-estudo\\\/\"},\"wordCount\":620,\"publisher\":{\"@id\":\"https:\\\/\\\/ubirataonline.com.br\\\/#organization\"},\"image\":{\"@id\":\"https:\\\/\\\/ubirataonline.com.br\\\/seca-na-amazonia-impactou-38-das-areas-habitadas-durante-o-el-nino-de-2024-aponta-estudo\\\/#primaryimage\"},\"thumbnailUrl\":\"https:\\\/\\\/ubirataonline.com.br\\\/wp-content\\\/uploads\\\/2026\\\/09\\\/maaimg-post-170622-20260904-163120.webp\",\"articleSection\":[\"Brasil\"],\"inLanguage\":\"en-US\",\"copyrightYear\":\"2026\",\"copyrightHolder\":{\"@id\":\"https:\\\/\\\/ubirataonline.com.br\\\/en\\\/#organization\"}},{\"@type\":\"WebPage\",\"@id\":\"https:\\\/\\\/ubirataonline.com.br\\\/seca-na-amazonia-impactou-38-das-areas-habitadas-durante-o-el-nino-de-2024-aponta-estudo\\\/\",\"url\":\"https:\\\/\\\/ubirataonline.com.br\\\/seca-na-amazonia-impactou-38-das-areas-habitadas-durante-o-el-nino-de-2024-aponta-estudo\\\/\",\"name\":\"Seca na Amaz\u00f4nia impactou 38% das \u00e1reas habitadas durante o El Ni\u00f1o de 2024, aponta estudo - Ubirat\u00e3 Online Not\u00edcias - A realidade ao seu alcance!\",\"isPartOf\":{\"@id\":\"https:\\\/\\\/ubirataonline.com.br\\\/#website\"},\"primaryImageOfPage\":{\"@id\":\"https:\\\/\\\/ubirataonline.com.br\\\/seca-na-amazonia-impactou-38-das-areas-habitadas-durante-o-el-nino-de-2024-aponta-estudo\\\/#primaryimage\"},\"image\":{\"@id\":\"https:\\\/\\\/ubirataonline.com.br\\\/seca-na-amazonia-impactou-38-das-areas-habitadas-durante-o-el-nino-de-2024-aponta-estudo\\\/#primaryimage\"},\"thumbnailUrl\":\"https:\\\/\\\/ubirataonline.com.br\\\/wp-content\\\/uploads\\\/2026\\\/09\\\/maaimg-post-170622-20260904-163120.webp\",\"datePublished\":\"2026-09-04T13:22:21+00:00\",\"dateModified\":\"2026-09-04T16:31:24+00:00\",\"description\":\"Estudo detalha como o fen\u00f4meno clim\u00e1tico El Ni\u00f1o afetou drasticamente a disponibilidade de \u00e1gua e a rotina de milhares de popula\u00e7\u00f5es na Amaz\u00f4nia\",\"breadcrumb\":{\"@id\":\"https:\\\/\\\/ubirataonline.com.br\\\/seca-na-amazonia-impactou-38-das-areas-habitadas-durante-o-el-nino-de-2024-aponta-estudo\\\/#breadcrumb\"},\"inLanguage\":\"en-US\",\"potentialAction\":[{\"@type\":\"ReadAction\",\"target\":[\"https:\\\/\\\/ubirataonline.com.br\\\/seca-na-amazonia-impactou-38-das-areas-habitadas-durante-o-el-nino-de-2024-aponta-estudo\\\/\"]}]},{\"@type\":\"ImageObject\",\"inLanguage\":\"en-US\",\"@id\":\"https:\\\/\\\/ubirataonline.com.br\\\/seca-na-amazonia-impactou-38-das-areas-habitadas-durante-o-el-nino-de-2024-aponta-estudo\\\/#primaryimage\",\"url\":\"https:\\\/\\\/ubirataonline.com.br\\\/wp-content\\\/uploads\\\/2026\\\/09\\\/maaimg-post-170622-20260904-163120.webp\",\"contentUrl\":\"https:\\\/\\\/ubirataonline.com.br\\\/wp-content\\\/uploads\\\/2026\\\/09\\\/maaimg-post-170622-20260904-163120.webp\",\"width\":1376,\"height\":768,\"caption\":\"Imagem ilustrativa Gerada por IA\"},{\"@type\":\"BreadcrumbList\",\"@id\":\"https:\\\/\\\/ubirataonline.com.br\\\/seca-na-amazonia-impactou-38-das-areas-habitadas-durante-o-el-nino-de-2024-aponta-estudo\\\/#breadcrumb\",\"itemListElement\":[{\"@type\":\"ListItem\",\"position\":1,\"name\":\"In\u00edcio\",\"item\":\"https:\\\/\\\/ubirataonline.com.br\\\/\"},{\"@type\":\"ListItem\",\"position\":2,\"name\":\"Seca na Amaz\u00f4nia impactou 38% das \u00e1reas habitadas durante o El Ni\u00f1o de 2024, aponta estudo\"}]},{\"@type\":\"WebSite\",\"@id\":\"https:\\\/\\\/ubirataonline.com.br\\\/#website\",\"url\":\"https:\\\/\\\/ubirataonline.com.br\\\/\",\"name\":\"Ubirat\u00e3 Online Not\u00edcias\",\"description\":\"Not\u00edcias de Ubirat\u00e3, regi\u00e3o, Brasil e mundo, com informa\u00e7\u00e3o atualizada e compromisso com o leitor.\",\"publisher\":{\"@id\":\"https:\\\/\\\/ubirataonline.com.br\\\/#organization\"},\"alternateName\":\"Ubirat\u00e3 Online\",\"potentialAction\":[{\"@type\":\"SearchAction\",\"target\":{\"@type\":\"EntryPoint\",\"urlTemplate\":\"https:\\\/\\\/ubirataonline.com.br\\\/?s={search_term_string}\"},\"query-input\":{\"@type\":\"PropertyValueSpecification\",\"valueRequired\":true,\"valueName\":\"search_term_string\"}}],\"inLanguage\":\"en-US\"},{\"@type\":[\"Organization\",\"Place\"],\"@id\":\"https:\\\/\\\/ubirataonline.com.br\\\/#organization\",\"name\":\"Ubirat\u00e3 Online Not\u00edcias\",\"alternateName\":\"Ubirat\u00e3 Online\",\"url\":\"https:\\\/\\\/ubirataonline.com.br\\\/\",\"logo\":{\"@id\":\"https:\\\/\\\/ubirataonline.com.br\\\/seca-na-amazonia-impactou-38-das-areas-habitadas-durante-o-el-nino-de-2024-aponta-estudo\\\/#local-main-organization-logo\"},\"image\":{\"@id\":\"https:\\\/\\\/ubirataonline.com.br\\\/seca-na-amazonia-impactou-38-das-areas-habitadas-durante-o-el-nino-de-2024-aponta-estudo\\\/#local-main-organization-logo\"},\"sameAs\":[\"https:\\\/\\\/www.facebook.com\\\/portalubirataonline\",\"https:\\\/\\\/x.com\\\/ubirataonline\",\"https:\\\/\\\/mastodon.social\\\/@ubirataonline\",\"https:\\\/\\\/www.facebook.com\\\/groups\\\/311144672285604\",\"https:\\\/\\\/www.facebook.com\\\/UBTAOnline\",\"https:\\\/\\\/www.instagram.com\\\/portalubirataonline\\\/\",\"https:\\\/\\\/twitter.com\\\/ubirataonline\"],\"description\":\"Somos um portal de not\u00edcias independente, criado em 5 de janeiro de 2009, com o objetivo de informar, conectar e valorizar a nossa comunidade de Ubirat\u00e3 e toda aregi\u00e3o. Com conte\u00fado atualizado, confi\u00e1vel e relevante, o Ubirat\u00e3 Online \u00e9 o seu espa\u00e7o para ficar por dentro dos principais acontecimentos locais, regionais, Brasil, Mundo e de interesse geral. Nosso compromisso \u00e9 com a verdade, a transpar\u00eancia e o respeito ao leitor.\",\"legalName\":\"UBIRATA ONLINE NOT\u00cdCIAS\",\"foundingDate\":\"2009-01-05\",\"numberOfEmployees\":{\"@type\":\"QuantitativeValue\",\"minValue\":\"1\",\"maxValue\":\"10\"},\"publishingPrinciples\":\"https:\\\/\\\/ubirataonline.com.br\\\/faq\\\/\",\"address\":{\"@id\":\"https:\\\/\\\/ubirataonline.com.br\\\/seca-na-amazonia-impactou-38-das-areas-habitadas-durante-o-el-nino-de-2024-aponta-estudo\\\/#local-main-place-address\"},\"geo\":{\"@type\":\"GeoCoordinates\",\"latitude\":\"-24.5361401\",\"longitude\":\"-52.9921776\"},\"telephone\":[\"+5544998308235\"],\"contactPoint\":{\"@type\":\"ContactPoint\",\"email\":\"contato@ubirataonline.com.br\"},\"openingHoursSpecification\":{\"@type\":\"OpeningHoursSpecification\",\"dayOfWeek\":[\"Monday\",\"Tuesday\",\"Wednesday\",\"Thursday\",\"Friday\",\"Saturday\",\"Sunday\"],\"opens\":\"00:00\",\"closes\":\"23:59\"},\"email\":\"contato@ubirataonline.com.br\",\"vatID\":\"47.621.418\\\/0001-80\"},{\"@type\":\"Person\",\"@id\":\"https:\\\/\\\/ubirataonline.com.br\\\/#\\\/schema\\\/person\\\/372f87bbd3fdd79b8556b84c98d0bc1c\",\"name\":\"REDA\u00c7\u00c3O: UBIRAT\u00c3 ONLINE - F\u00c1BIO AUGUSTO CELESTINO\",\"pronouns\":\"Ele\",\"description\":\"Desde 2003 trabalhando com not\u00edcias.\",\"sameAs\":[\"http:\\\/\\\/ubirataoline.com.br\",\"https:\\\/\\\/www.facebook.com\\\/portalubirataonline\",\"https:\\\/\\\/www.instagram.com\\\/ubirataonline_oficial\",\"https:\\\/\\\/x.com\\\/x.com\\\/ubirataonline\"],\"honorificPrefix\":\"Mr.\",\"honorificSuffix\":\"MD\",\"birthDate\":\"1980-06-16\",\"gender\":\"masculino\",\"award\":[\"V\u00e1rios pr\u00eamios de melhor portal da cidade\"],\"jobTitle\":\"Diretor\",\"url\":\"https:\\\/\\\/ubirataonline.com.br\\\/en\\\/author\\\/ubirataonline\\\/\"},{\"@type\":\"PostalAddress\",\"@id\":\"https:\\\/\\\/ubirataonline.com.br\\\/seca-na-amazonia-impactou-38-das-areas-habitadas-durante-o-el-nino-de-2024-aponta-estudo\\\/#local-main-place-address\",\"streetAddress\":\"Rua dos Coqueiros, 104 - Bairro Boa Vista, Rua dos Coqueiros, 104 Bairro Boa Vista\",\"addressLocality\":\"UBIRATA\",\"postalCode\":\"85440-000\",\"addressRegion\":\"PR\",\"addressCountry\":\"BR\"},{\"@type\":\"ImageObject\",\"inLanguage\":\"en-US\",\"@id\":\"https:\\\/\\\/ubirataonline.com.br\\\/seca-na-amazonia-impactou-38-das-areas-habitadas-durante-o-el-nino-de-2024-aponta-estudo\\\/#local-main-organization-logo\",\"url\":\"https:\\\/\\\/ubirataonline.com.br\\\/wp-content\\\/uploads\\\/2026\\\/06\\\/logoubirataonline-1.webp\",\"contentUrl\":\"https:\\\/\\\/ubirataonline.com.br\\\/wp-content\\\/uploads\\\/2026\\\/06\\\/logoubirataonline-1.webp\",\"width\":500,\"height\":500,\"caption\":\"Ubirat\u00e3 Online Not\u00edcias\"}]}<\/script>\n<meta name=\"geo.placename\" content=\"UBIRATA\" \/>\n<meta name=\"geo.position\" content=\"-24.5361401;-52.9921776\" \/>\n<meta name=\"geo.region\" content=\"Brazil\" \/>\n<!-- \/ Yoast SEO Premium plugin. -->","yoast_head_json":{"title":"Seca na Amaz\u00f4nia impactou 38% das \u00e1reas habitadas durante o El Ni\u00f1o de 2024, aponta estudo - Ubirat\u00e3 Online Not\u00edcias - A realidade ao seu alcance!","description":"Estudo detalha como o fen\u00f4meno clim\u00e1tico El Ni\u00f1o afetou drasticamente a disponibilidade de \u00e1gua e a rotina de milhares de popula\u00e7\u00f5es na Amaz\u00f4nia","robots":{"index":"index","follow":"follow","max-snippet":"max-snippet:-1","max-image-preview":"max-image-preview:large","max-video-preview":"max-video-preview:-1"},"canonical":"https:\/\/ubirataonline.com.br\/en\/seca-na-amazonia-impactou-38-das-areas-habitadas-durante-o-el-nino-de-2024-aponta-estudo\/","og_locale":"en_US","og_type":"article","og_title":"Seca na Amaz\u00f4nia impactou 38% das \u00e1reas habitadas durante o El Ni\u00f1o de 2024, aponta estudo","og_description":"Estudo detalha como o fen\u00f4meno clim\u00e1tico El Ni\u00f1o afetou drasticamente a disponibilidade de \u00e1gua e a rotina de milhares de popula\u00e7\u00f5es na Amaz\u00f4nia","og_url":"https:\/\/ubirataonline.com.br\/en\/seca-na-amazonia-impactou-38-das-areas-habitadas-durante-o-el-nino-de-2024-aponta-estudo\/","og_site_name":"Ubirat\u00e3 Online Not\u00edcias - A realidade ao seu alcance!","article_publisher":"https:\/\/www.facebook.com\/portalubirataonline","article_author":"https:\/\/www.facebook.com\/portalubirataonline","article_published_time":"2026-09-04T13:22:21+00:00","article_modified_time":"2026-09-04T16:31:24+00:00","og_image":[{"width":1376,"height":768,"url":"https:\/\/ubirataonline.com.br\/wp-content\/uploads\/2026\/09\/maaimg-post-170622-20260904-163120.webp","type":"image\/webp"}],"author":"REDA\u00c7\u00c3O: UBIRAT\u00c3 ONLINE - F\u00c1BIO AUGUSTO CELESTINO","twitter_card":"summary_large_image","twitter_creator":"@x.com\/ubirataonline","twitter_site":"@ubirataonline","twitter_misc":{"Written by":"REDA\u00c7\u00c3O: UBIRAT\u00c3 ONLINE - F\u00c1BIO AUGUSTO CELESTINO","Est. reading time":"4 minutes"},"schema":{"@context":"https:\/\/schema.org","@graph":[{"@type":"NewsArticle","@id":"https:\/\/ubirataonline.com.br\/seca-na-amazonia-impactou-38-das-areas-habitadas-durante-o-el-nino-de-2024-aponta-estudo\/#article","isPartOf":{"@id":"https:\/\/ubirataonline.com.br\/seca-na-amazonia-impactou-38-das-areas-habitadas-durante-o-el-nino-de-2024-aponta-estudo\/"},"author":{"name":"REDA\u00c7\u00c3O: UBIRAT\u00c3 ONLINE - F\u00c1BIO AUGUSTO CELESTINO","@id":"https:\/\/ubirataonline.com.br\/#\/schema\/person\/372f87bbd3fdd79b8556b84c98d0bc1c"},"headline":"Seca na Amaz\u00f4nia impactou 38% das \u00e1reas habitadas durante o El Ni\u00f1o de 2024, aponta estudo","datePublished":"2026-09-04T13:22:21+00:00","dateModified":"2026-09-04T16:31:24+00:00","mainEntityOfPage":{"@id":"https:\/\/ubirataonline.com.br\/seca-na-amazonia-impactou-38-das-areas-habitadas-durante-o-el-nino-de-2024-aponta-estudo\/"},"wordCount":620,"publisher":{"@id":"https:\/\/ubirataonline.com.br\/#organization"},"image":{"@id":"https:\/\/ubirataonline.com.br\/seca-na-amazonia-impactou-38-das-areas-habitadas-durante-o-el-nino-de-2024-aponta-estudo\/#primaryimage"},"thumbnailUrl":"https:\/\/ubirataonline.com.br\/wp-content\/uploads\/2026\/09\/maaimg-post-170622-20260904-163120.webp","articleSection":["Brasil"],"inLanguage":"en-US","copyrightYear":"2026","copyrightHolder":{"@id":"https:\/\/ubirataonline.com.br\/en\/#organization"}},{"@type":"WebPage","@id":"https:\/\/ubirataonline.com.br\/seca-na-amazonia-impactou-38-das-areas-habitadas-durante-o-el-nino-de-2024-aponta-estudo\/","url":"https:\/\/ubirataonline.com.br\/seca-na-amazonia-impactou-38-das-areas-habitadas-durante-o-el-nino-de-2024-aponta-estudo\/","name":"Seca na Amaz\u00f4nia impactou 38% das \u00e1reas habitadas durante o El Ni\u00f1o de 2024, aponta estudo - Ubirat\u00e3 Online Not\u00edcias - A realidade ao seu alcance!","isPartOf":{"@id":"https:\/\/ubirataonline.com.br\/#website"},"primaryImageOfPage":{"@id":"https:\/\/ubirataonline.com.br\/seca-na-amazonia-impactou-38-das-areas-habitadas-durante-o-el-nino-de-2024-aponta-estudo\/#primaryimage"},"image":{"@id":"https:\/\/ubirataonline.com.br\/seca-na-amazonia-impactou-38-das-areas-habitadas-durante-o-el-nino-de-2024-aponta-estudo\/#primaryimage"},"thumbnailUrl":"https:\/\/ubirataonline.com.br\/wp-content\/uploads\/2026\/09\/maaimg-post-170622-20260904-163120.webp","datePublished":"2026-09-04T13:22:21+00:00","dateModified":"2026-09-04T16:31:24+00:00","description":"Estudo detalha como o fen\u00f4meno clim\u00e1tico El Ni\u00f1o afetou drasticamente a disponibilidade de \u00e1gua e a rotina de milhares de popula\u00e7\u00f5es na Amaz\u00f4nia","breadcrumb":{"@id":"https:\/\/ubirataonline.com.br\/seca-na-amazonia-impactou-38-das-areas-habitadas-durante-o-el-nino-de-2024-aponta-estudo\/#breadcrumb"},"inLanguage":"en-US","potentialAction":[{"@type":"ReadAction","target":["https:\/\/ubirataonline.com.br\/seca-na-amazonia-impactou-38-das-areas-habitadas-durante-o-el-nino-de-2024-aponta-estudo\/"]}]},{"@type":"ImageObject","inLanguage":"en-US","@id":"https:\/\/ubirataonline.com.br\/seca-na-amazonia-impactou-38-das-areas-habitadas-durante-o-el-nino-de-2024-aponta-estudo\/#primaryimage","url":"https:\/\/ubirataonline.com.br\/wp-content\/uploads\/2026\/09\/maaimg-post-170622-20260904-163120.webp","contentUrl":"https:\/\/ubirataonline.com.br\/wp-content\/uploads\/2026\/09\/maaimg-post-170622-20260904-163120.webp","width":1376,"height":768,"caption":"Imagem ilustrativa Gerada por IA"},{"@type":"BreadcrumbList","@id":"https:\/\/ubirataonline.com.br\/seca-na-amazonia-impactou-38-das-areas-habitadas-durante-o-el-nino-de-2024-aponta-estudo\/#breadcrumb","itemListElement":[{"@type":"ListItem","position":1,"name":"In\u00edcio","item":"https:\/\/ubirataonline.com.br\/"},{"@type":"ListItem","position":2,"name":"Seca na Amaz\u00f4nia impactou 38% das \u00e1reas habitadas durante o El Ni\u00f1o de 2024, aponta estudo"}]},{"@type":"WebSite","@id":"https:\/\/ubirataonline.com.br\/#website","url":"https:\/\/ubirataonline.com.br\/","name":"Ubirat\u00e3 Online Not\u00edcias","description":"Not\u00edcias de Ubirat\u00e3, regi\u00e3o, Brasil e mundo, com informa\u00e7\u00e3o atualizada e compromisso com o leitor.","publisher":{"@id":"https:\/\/ubirataonline.com.br\/#organization"},"alternateName":"Ubirat\u00e3 Online","potentialAction":[{"@type":"SearchAction","target":{"@type":"EntryPoint","urlTemplate":"https:\/\/ubirataonline.com.br\/?s={search_term_string}"},"query-input":{"@type":"PropertyValueSpecification","valueRequired":true,"valueName":"search_term_string"}}],"inLanguage":"en-US"},{"@type":["Organization","Place"],"@id":"https:\/\/ubirataonline.com.br\/#organization","name":"Ubirat\u00e3 Online Not\u00edcias","alternateName":"Ubirat\u00e3 Online","url":"https:\/\/ubirataonline.com.br\/","logo":{"@id":"https:\/\/ubirataonline.com.br\/seca-na-amazonia-impactou-38-das-areas-habitadas-durante-o-el-nino-de-2024-aponta-estudo\/#local-main-organization-logo"},"image":{"@id":"https:\/\/ubirataonline.com.br\/seca-na-amazonia-impactou-38-das-areas-habitadas-durante-o-el-nino-de-2024-aponta-estudo\/#local-main-organization-logo"},"sameAs":["https:\/\/www.facebook.com\/portalubirataonline","https:\/\/x.com\/ubirataonline","https:\/\/mastodon.social\/@ubirataonline","https:\/\/www.facebook.com\/groups\/311144672285604","https:\/\/www.facebook.com\/UBTAOnline","https:\/\/www.instagram.com\/portalubirataonline\/","https:\/\/twitter.com\/ubirataonline"],"description":"Somos um portal de not\u00edcias independente, criado em 5 de janeiro de 2009, com o objetivo de informar, conectar e valorizar a nossa comunidade de Ubirat\u00e3 e toda aregi\u00e3o. Com conte\u00fado atualizado, confi\u00e1vel e relevante, o Ubirat\u00e3 Online \u00e9 o seu espa\u00e7o para ficar por dentro dos principais acontecimentos locais, regionais, Brasil, Mundo e de interesse geral. Nosso compromisso \u00e9 com a verdade, a transpar\u00eancia e o respeito ao leitor.","legalName":"UBIRATA ONLINE NOT\u00cdCIAS","foundingDate":"2009-01-05","numberOfEmployees":{"@type":"QuantitativeValue","minValue":"1","maxValue":"10"},"publishingPrinciples":"https:\/\/ubirataonline.com.br\/faq\/","address":{"@id":"https:\/\/ubirataonline.com.br\/seca-na-amazonia-impactou-38-das-areas-habitadas-durante-o-el-nino-de-2024-aponta-estudo\/#local-main-place-address"},"geo":{"@type":"GeoCoordinates","latitude":"-24.5361401","longitude":"-52.9921776"},"telephone":["+5544998308235"],"contactPoint":{"@type":"ContactPoint","email":"contato@ubirataonline.com.br"},"openingHoursSpecification":{"@type":"OpeningHoursSpecification","dayOfWeek":["Monday","Tuesday","Wednesday","Thursday","Friday","Saturday","Sunday"],"opens":"00:00","closes":"23:59"},"email":"contato@ubirataonline.com.br","vatID":"47.621.418\/0001-80"},{"@type":"Person","@id":"https:\/\/ubirataonline.com.br\/#\/schema\/person\/372f87bbd3fdd79b8556b84c98d0bc1c","name":"REDA\u00c7\u00c3O: UBIRAT\u00c3 ONLINE - F\u00c1BIO AUGUSTO CELESTINO","pronouns":"Ele","description":"Desde 2003 trabalhando com not\u00edcias.","sameAs":["http:\/\/ubirataoline.com.br","https:\/\/www.facebook.com\/portalubirataonline","https:\/\/www.instagram.com\/ubirataonline_oficial","https:\/\/x.com\/x.com\/ubirataonline"],"honorificPrefix":"Mr.","honorificSuffix":"MD","birthDate":"1980-06-16","gender":"masculino","award":["V\u00e1rios pr\u00eamios de melhor portal da cidade"],"jobTitle":"Diretor","url":"https:\/\/ubirataonline.com.br\/en\/author\/ubirataonline\/"},{"@type":"PostalAddress","@id":"https:\/\/ubirataonline.com.br\/seca-na-amazonia-impactou-38-das-areas-habitadas-durante-o-el-nino-de-2024-aponta-estudo\/#local-main-place-address","streetAddress":"Rua dos Coqueiros, 104 - Bairro Boa Vista, Rua dos Coqueiros, 104 Bairro Boa Vista","addressLocality":"UBIRATA","postalCode":"85440-000","addressRegion":"PR","addressCountry":"BR"},{"@type":"ImageObject","inLanguage":"en-US","@id":"https:\/\/ubirataonline.com.br\/seca-na-amazonia-impactou-38-das-areas-habitadas-durante-o-el-nino-de-2024-aponta-estudo\/#local-main-organization-logo","url":"https:\/\/ubirataonline.com.br\/wp-content\/uploads\/2026\/06\/logoubirataonline-1.webp","contentUrl":"https:\/\/ubirataonline.com.br\/wp-content\/uploads\/2026\/06\/logoubirataonline-1.webp","width":500,"height":500,"caption":"Ubirat\u00e3 Online Not\u00edcias"}]},"geo.placename":"UBIRATA","geo.position":{"lat":"-24.5361401","long":"-52.9921776"},"geo.region":"Brazil"},"_links":{"self":[{"href":"https:\/\/ubirataonline.com.br\/en\/wp-json\/wp\/v2\/posts\/170622","targetHints":{"allow":["GET"]}}],"collection":[{"href":"https:\/\/ubirataonline.com.br\/en\/wp-json\/wp\/v2\/posts"}],"about":[{"href":"https:\/\/ubirataonline.com.br\/en\/wp-json\/wp\/v2\/types\/post"}],"author":[{"embeddable":true,"href":"https:\/\/ubirataonline.com.br\/en\/wp-json\/wp\/v2\/users\/1"}],"replies":[{"embeddable":true,"href":"https:\/\/ubirataonline.com.br\/en\/wp-json\/wp\/v2\/comments?post=170622"}],"version-history":[{"count":1,"href":"https:\/\/ubirataonline.com.br\/en\/wp-json\/wp\/v2\/posts\/170622\/revisions"}],"predecessor-version":[{"id":170671,"href":"https:\/\/ubirataonline.com.br\/en\/wp-json\/wp\/v2\/posts\/170622\/revisions\/170671"}],"wp:featuredmedia":[{"embeddable":true,"href":"https:\/\/ubirataonline.com.br\/en\/wp-json\/wp\/v2\/media\/170670"}],"wp:attachment":[{"href":"https:\/\/ubirataonline.com.br\/en\/wp-json\/wp\/v2\/media?parent=170622"}],"wp:term":[{"taxonomy":"category","embeddable":true,"href":"https:\/\/ubirataonline.com.br\/en\/wp-json\/wp\/v2\/categories?post=170622"},{"taxonomy":"post_tag","embeddable":true,"href":"https:\/\/ubirataonline.com.br\/en\/wp-json\/wp\/v2\/tags?post=170622"}],"curies":[{"name":"wp","href":"https:\/\/api.w.org\/{rel}","templated":true}]}}