{"id":170626,"date":"2026-09-04T11:10:09","date_gmt":"2026-09-04T14:10:09","guid":{"rendered":"https:\/\/ubirataonline.com.br\/jovem-sobe-morro-de-mais-de-700-metros-para-fazer-live-perde-a-consciencia-e-mobiliza-operacao-de-resgate-em-pernambuco\/"},"modified":"2026-09-04T13:15:45","modified_gmt":"2026-09-04T16:15:45","slug":"jovem-sobe-morro-de-mais-de-700-metros-para-fazer-live-perde-a-consciencia-e-mobiliza-operacao-de-resgate-em-pernambuco","status":"publish","type":"post","link":"https:\/\/ubirataonline.com.br\/en\/jovem-sobe-morro-de-mais-de-700-metros-para-fazer-live-perde-a-consciencia-e-mobiliza-operacao-de-resgate-em-pernambuco\/","title":{"rendered":"Jovem sobe morro de mais de 700 metros para fazer live, perde a consci\u00eancia e mobiliza opera\u00e7\u00e3o de resgate em Pernambuco"},"content":{"rendered":"<h2>Uma trilha realizada com o objetivo de produzir conte\u00fado para redes sociais terminou em uma opera\u00e7\u00e3o de salvamento complexa no agreste pernambucano, deixando a comunidade local em alerta.<\/h2>\n<p>Uma jovem de 27 anos subiu a Pedra Furada, localizada em Venturosa, com a inten\u00e7\u00e3o de realizar uma transmiss\u00e3o ao vivo em suas redes sociais. O local, conhecido por ser um ponto tur\u00edstico da regi\u00e3o, possui uma altitude superior a mais de 700 metros.<\/p>\n<p>Conforme informa\u00e7\u00e3o divulgada pelo portal Banda B, a situa\u00e7\u00e3o tomou um rumo inesperado quando a visitante perdeu a consci\u00eancia no topo da forma\u00e7\u00e3o rochosa.<\/p>\n<h3>Desafios enfrentados no topo da montanha<\/h3>\n<p>A exposi\u00e7\u00e3o a elementos naturais no topo da Pedra Furada apresentou riscos significativos para a jovem, que realizava a trilha sozinha. Entre os fatores de risco registrados no momento do incidente, destacam-se a altitude elevada, ventos fortes e uma temperatura de 16\u00b0C.<\/p>\n<p>A v\u00edtima foi localizada em um ponto de acesso restrito da forma\u00e7\u00e3o rochosa. Embora estivesse inconsciente no momento em que foi encontrada, ela n\u00e3o apresentava ferimentos aparentes pelo corpo, segundo os relatos das equipes de socorro.<\/p>\n<h3>Opera\u00e7\u00e3o de resgate com rapel<\/h3>\n<p>Para realizar o resgate, a Guarda Municipal enviou dois agentes com treinamento especializado em salvamento em altura. Devido \u00e0 inclina\u00e7\u00e3o do terreno e \u00e0 localiza\u00e7\u00e3o da v\u00edtima, a equipe precisou utilizar equipamentos t\u00e9cnicos de rapel e sistemas de cordas.<\/p>\n<p>A descida foi realizada de forma controlada at\u00e9 a base da montanha. Ao atingirem a estrada de terra, um dos Guarda municipais carregou a jovem nas costas at\u00e9 a viatura de apoio para viabilizar o transporte imediato ao centro de sa\u00fade local.<\/p>\n<h3>Estado de sa\u00fade e recomenda\u00e7\u00f5es<\/h3>\n<p>Ap\u00f3s ser encaminhada para avalia\u00e7\u00e3o m\u00e9dica, a jovem passou por exames cl\u00ednicos e permaneceu sob observa\u00e7\u00e3o. A paciente apresentou estabilidade e recebeu alta hospitalar logo ap\u00f3s a conclus\u00e3o dos procedimentos m\u00e9dicos necess\u00e1rios.<\/p>\n<p>As autoridades locais refor\u00e7aram o alerta para os riscos de realizar trilhas em \u00e1reas de dif\u00edcil acesso sem o devido acompanhamento de guias ou o uso de equipamentos de seguran\u00e7a adequados para atividades de montanhismo.<\/p>\n<h3>Perguntas Frequentes<\/h3>\n<p><b>Qual foi a causa do desmaio da jovem?<\/b> A fonte n\u00e3o detalhou a causa espec\u00edfica do desmaio, informando apenas que a v\u00edtima passou por exames cl\u00ednicos e recebeu alta ap\u00f3s apresentar estabilidade.<\/p>\n<p><b>Como a jovem foi retirada do local?<\/b> Agentes da Guarda Municipal utilizaram t\u00e9cnicas de rapel e sistemas de cordas para acessar a \u00e1rea \u00edngreme e efetuar a descida controlada da v\u00edtima.<\/p>\n<p><b>A v\u00edtima sofreu ferimentos graves?<\/b> N\u00e3o, a jovem foi encontrada inconsciente, mas sem apresentar ferimentos aparentes pelo corpo durante o resgate.<\/p>\n<p><b>O que as autoridades recomendam ap\u00f3s o ocorrido?<\/b> O \u00f3rg\u00e3o recomenda que trilhas em \u00e1reas de risco sejam evitadas sem o acompanhamento de guias profissionais ou o uso de equipamentos de seguran\u00e7a.<\/p>\n<p><b>Qual a altura do morro onde o incidente ocorreu?<\/b> A Pedra Furada, ponto tur\u00edstico em Venturosa, possui uma altitude de mais de 700 metros acima do n\u00edvel do mar.<\/p>","protected":false},"excerpt":{"rendered":"<p>Uma trilha realizada com o objetivo de produzir conte\u00fado para redes sociais terminou em uma opera\u00e7\u00e3o de salvamento complexa no agreste pernambucano, deixando a comunidade local em alerta. Uma jovem de 27 anos subiu a Pedra Furada, localizada em Venturosa, com a inten\u00e7\u00e3o de realizar uma transmiss\u00e3o ao vivo em suas redes sociais. O local, [&hellip;]<\/p>\n","protected":false},"author":1,"featured_media":170663,"comment_status":"closed","ping_status":"closed","sticky":false,"template":"","format":"standard","meta":{"googlesitekit_rrm_CAow2JLhCw:productID":"","_gspb_post_css":"","maa_idioma":"","maa_pais":"","footnotes":""},"categories":[40744],"tags":[],"class_list":["post-170626","post","type-post","status-publish","format-standard","has-post-thumbnail","hentry","category-esportes"],"blocksy_meta":[],"yoast_head":"<!-- This site is optimized with the Yoast SEO Premium plugin v27.6 (Yoast SEO v27.6) - https:\/\/yoast.com\/product\/yoast-seo-premium-wordpress\/ -->\n<title>Jovem sobe morro de mais de 700 metros para fazer live, perde a consci\u00eancia e mobiliza opera\u00e7\u00e3o de resgate em Pernambuco - Ubirat\u00e3 Online Not\u00edcias - A realidade ao seu alcance!<\/title>\n<meta name=\"description\" content=\"Uma trilha realizada com o objetivo de produzir conte\u00fado para redes sociais terminou em uma opera\u00e7\u00e3o de salvamento complexa no agreste pernambucano,\" \/>\n<meta name=\"robots\" content=\"index, follow, max-snippet:-1, max-image-preview:large, max-video-preview:-1\" \/>\n<link rel=\"canonical\" href=\"https:\/\/ubirataonline.com.br\/en\/jovem-sobe-morro-de-mais-de-700-metros-para-fazer-live-perde-a-consciencia-e-mobiliza-operacao-de-resgate-em-pernambuco\/\" \/>\n<meta property=\"og:locale\" content=\"en_US\" \/>\n<meta property=\"og:type\" content=\"article\" \/>\n<meta property=\"og:title\" content=\"Jovem sobe morro de mais de 700 metros para fazer live, perde a consci\u00eancia e mobiliza opera\u00e7\u00e3o de resgate em Pernambuco\" \/>\n<meta property=\"og:description\" content=\"Uma trilha realizada com o objetivo de produzir conte\u00fado para redes sociais terminou em uma opera\u00e7\u00e3o de salvamento complexa no agreste pernambucano,\" \/>\n<meta property=\"og:url\" content=\"https:\/\/ubirataonline.com.br\/en\/jovem-sobe-morro-de-mais-de-700-metros-para-fazer-live-perde-a-consciencia-e-mobiliza-operacao-de-resgate-em-pernambuco\/\" \/>\n<meta property=\"og:site_name\" content=\"Ubirat\u00e3 Online Not\u00edcias - A realidade ao seu alcance!\" \/>\n<meta property=\"article:publisher\" content=\"https:\/\/www.facebook.com\/portalubirataonline\" \/>\n<meta property=\"article:author\" content=\"https:\/\/www.facebook.com\/portalubirataonline\" \/>\n<meta property=\"article:published_time\" content=\"2026-09-04T14:10:09+00:00\" \/>\n<meta property=\"article:modified_time\" content=\"2026-09-04T16:15:45+00:00\" \/>\n<meta property=\"og:image\" content=\"https:\/\/ubirataonline.com.br\/wp-content\/uploads\/2026\/09\/maaimg-post-170626-20260904-161531.webp\" \/>\n\t<meta property=\"og:image:width\" content=\"1376\" \/>\n\t<meta property=\"og:image:height\" content=\"768\" \/>\n\t<meta property=\"og:image:type\" content=\"image\/webp\" \/>\n<meta name=\"author\" content=\"REDA\u00c7\u00c3O: UBIRAT\u00c3 ONLINE - F\u00c1BIO AUGUSTO CELESTINO\" \/>\n<meta name=\"twitter:card\" content=\"summary_large_image\" \/>\n<meta name=\"twitter:creator\" content=\"@x.com\/ubirataonline\" \/>\n<meta name=\"twitter:site\" content=\"@ubirataonline\" \/>\n<meta name=\"twitter:label1\" content=\"Written by\" \/>\n\t<meta name=\"twitter:data1\" content=\"REDA\u00c7\u00c3O: UBIRAT\u00c3 ONLINE - F\u00c1BIO AUGUSTO CELESTINO\" \/>\n\t<meta name=\"twitter:label2\" content=\"Est. reading time\" \/>\n\t<meta name=\"twitter:data2\" content=\"3 minutes\" \/>\n<script type=\"application\/ld+json\" class=\"yoast-schema-graph\">{\"@context\":\"https:\\\/\\\/schema.org\",\"@graph\":[{\"@type\":\"NewsArticle\",\"@id\":\"https:\\\/\\\/ubirataonline.com.br\\\/jovem-sobe-morro-de-mais-de-700-metros-para-fazer-live-perde-a-consciencia-e-mobiliza-operacao-de-resgate-em-pernambuco\\\/#article\",\"isPartOf\":{\"@id\":\"https:\\\/\\\/ubirataonline.com.br\\\/jovem-sobe-morro-de-mais-de-700-metros-para-fazer-live-perde-a-consciencia-e-mobiliza-operacao-de-resgate-em-pernambuco\\\/\"},\"author\":{\"name\":\"REDA\u00c7\u00c3O: UBIRAT\u00c3 ONLINE - F\u00c1BIO AUGUSTO CELESTINO\",\"@id\":\"https:\\\/\\\/ubirataonline.com.br\\\/#\\\/schema\\\/person\\\/372f87bbd3fdd79b8556b84c98d0bc1c\"},\"headline\":\"Jovem sobe morro de mais de 700 metros para fazer live, perde a consci\u00eancia e mobiliza opera\u00e7\u00e3o de resgate em Pernambuco\",\"datePublished\":\"2026-09-04T14:10:09+00:00\",\"dateModified\":\"2026-09-04T16:15:45+00:00\",\"mainEntityOfPage\":{\"@id\":\"https:\\\/\\\/ubirataonline.com.br\\\/jovem-sobe-morro-de-mais-de-700-metros-para-fazer-live-perde-a-consciencia-e-mobiliza-operacao-de-resgate-em-pernambuco\\\/\"},\"wordCount\":550,\"publisher\":{\"@id\":\"https:\\\/\\\/ubirataonline.com.br\\\/#organization\"},\"image\":{\"@id\":\"https:\\\/\\\/ubirataonline.com.br\\\/jovem-sobe-morro-de-mais-de-700-metros-para-fazer-live-perde-a-consciencia-e-mobiliza-operacao-de-resgate-em-pernambuco\\\/#primaryimage\"},\"thumbnailUrl\":\"https:\\\/\\\/ubirataonline.com.br\\\/wp-content\\\/uploads\\\/2026\\\/09\\\/maaimg-post-170626-20260904-161531.webp\",\"articleSection\":[\"Esportes\"],\"inLanguage\":\"en-US\",\"copyrightYear\":\"2026\",\"copyrightHolder\":{\"@id\":\"https:\\\/\\\/ubirataonline.com.br\\\/en\\\/#organization\"}},{\"@type\":\"WebPage\",\"@id\":\"https:\\\/\\\/ubirataonline.com.br\\\/jovem-sobe-morro-de-mais-de-700-metros-para-fazer-live-perde-a-consciencia-e-mobiliza-operacao-de-resgate-em-pernambuco\\\/\",\"url\":\"https:\\\/\\\/ubirataonline.com.br\\\/jovem-sobe-morro-de-mais-de-700-metros-para-fazer-live-perde-a-consciencia-e-mobiliza-operacao-de-resgate-em-pernambuco\\\/\",\"name\":\"Jovem sobe morro de mais de 700 metros para fazer live, perde a consci\u00eancia e mobiliza opera\u00e7\u00e3o de resgate em Pernambuco - Ubirat\u00e3 Online Not\u00edcias - A realidade ao seu alcance!\",\"isPartOf\":{\"@id\":\"https:\\\/\\\/ubirataonline.com.br\\\/#website\"},\"primaryImageOfPage\":{\"@id\":\"https:\\\/\\\/ubirataonline.com.br\\\/jovem-sobe-morro-de-mais-de-700-metros-para-fazer-live-perde-a-consciencia-e-mobiliza-operacao-de-resgate-em-pernambuco\\\/#primaryimage\"},\"image\":{\"@id\":\"https:\\\/\\\/ubirataonline.com.br\\\/jovem-sobe-morro-de-mais-de-700-metros-para-fazer-live-perde-a-consciencia-e-mobiliza-operacao-de-resgate-em-pernambuco\\\/#primaryimage\"},\"thumbnailUrl\":\"https:\\\/\\\/ubirataonline.com.br\\\/wp-content\\\/uploads\\\/2026\\\/09\\\/maaimg-post-170626-20260904-161531.webp\",\"datePublished\":\"2026-09-04T14:10:09+00:00\",\"dateModified\":\"2026-09-04T16:15:45+00:00\",\"description\":\"Uma trilha realizada com o objetivo de produzir conte\u00fado para redes sociais terminou em uma opera\u00e7\u00e3o de salvamento complexa no agreste pernambucano,\",\"breadcrumb\":{\"@id\":\"https:\\\/\\\/ubirataonline.com.br\\\/jovem-sobe-morro-de-mais-de-700-metros-para-fazer-live-perde-a-consciencia-e-mobiliza-operacao-de-resgate-em-pernambuco\\\/#breadcrumb\"},\"inLanguage\":\"en-US\",\"potentialAction\":[{\"@type\":\"ReadAction\",\"target\":[\"https:\\\/\\\/ubirataonline.com.br\\\/jovem-sobe-morro-de-mais-de-700-metros-para-fazer-live-perde-a-consciencia-e-mobiliza-operacao-de-resgate-em-pernambuco\\\/\"]}]},{\"@type\":\"ImageObject\",\"inLanguage\":\"en-US\",\"@id\":\"https:\\\/\\\/ubirataonline.com.br\\\/jovem-sobe-morro-de-mais-de-700-metros-para-fazer-live-perde-a-consciencia-e-mobiliza-operacao-de-resgate-em-pernambuco\\\/#primaryimage\",\"url\":\"https:\\\/\\\/ubirataonline.com.br\\\/wp-content\\\/uploads\\\/2026\\\/09\\\/maaimg-post-170626-20260904-161531.webp\",\"contentUrl\":\"https:\\\/\\\/ubirataonline.com.br\\\/wp-content\\\/uploads\\\/2026\\\/09\\\/maaimg-post-170626-20260904-161531.webp\",\"width\":1376,\"height\":768,\"caption\":\"Imagem ilustrativa Gerada por IA\"},{\"@type\":\"BreadcrumbList\",\"@id\":\"https:\\\/\\\/ubirataonline.com.br\\\/jovem-sobe-morro-de-mais-de-700-metros-para-fazer-live-perde-a-consciencia-e-mobiliza-operacao-de-resgate-em-pernambuco\\\/#breadcrumb\",\"itemListElement\":[{\"@type\":\"ListItem\",\"position\":1,\"name\":\"In\u00edcio\",\"item\":\"https:\\\/\\\/ubirataonline.com.br\\\/\"},{\"@type\":\"ListItem\",\"position\":2,\"name\":\"Jovem sobe morro de mais de 700 metros para fazer live, perde a consci\u00eancia e mobiliza opera\u00e7\u00e3o de resgate em Pernambuco\"}]},{\"@type\":\"WebSite\",\"@id\":\"https:\\\/\\\/ubirataonline.com.br\\\/#website\",\"url\":\"https:\\\/\\\/ubirataonline.com.br\\\/\",\"name\":\"Ubirat\u00e3 Online Not\u00edcias\",\"description\":\"Not\u00edcias de Ubirat\u00e3, regi\u00e3o, Brasil e mundo, com informa\u00e7\u00e3o atualizada e compromisso com o leitor.\",\"publisher\":{\"@id\":\"https:\\\/\\\/ubirataonline.com.br\\\/#organization\"},\"alternateName\":\"Ubirat\u00e3 Online\",\"potentialAction\":[{\"@type\":\"SearchAction\",\"target\":{\"@type\":\"EntryPoint\",\"urlTemplate\":\"https:\\\/\\\/ubirataonline.com.br\\\/?s={search_term_string}\"},\"query-input\":{\"@type\":\"PropertyValueSpecification\",\"valueRequired\":true,\"valueName\":\"search_term_string\"}}],\"inLanguage\":\"en-US\"},{\"@type\":[\"Organization\",\"Place\"],\"@id\":\"https:\\\/\\\/ubirataonline.com.br\\\/#organization\",\"name\":\"Ubirat\u00e3 Online Not\u00edcias\",\"alternateName\":\"Ubirat\u00e3 Online\",\"url\":\"https:\\\/\\\/ubirataonline.com.br\\\/\",\"logo\":{\"@id\":\"https:\\\/\\\/ubirataonline.com.br\\\/jovem-sobe-morro-de-mais-de-700-metros-para-fazer-live-perde-a-consciencia-e-mobiliza-operacao-de-resgate-em-pernambuco\\\/#local-main-organization-logo\"},\"image\":{\"@id\":\"https:\\\/\\\/ubirataonline.com.br\\\/jovem-sobe-morro-de-mais-de-700-metros-para-fazer-live-perde-a-consciencia-e-mobiliza-operacao-de-resgate-em-pernambuco\\\/#local-main-organization-logo\"},\"sameAs\":[\"https:\\\/\\\/www.facebook.com\\\/portalubirataonline\",\"https:\\\/\\\/x.com\\\/ubirataonline\",\"https:\\\/\\\/mastodon.social\\\/@ubirataonline\",\"https:\\\/\\\/www.facebook.com\\\/groups\\\/311144672285604\",\"https:\\\/\\\/www.facebook.com\\\/UBTAOnline\",\"https:\\\/\\\/www.instagram.com\\\/portalubirataonline\\\/\",\"https:\\\/\\\/twitter.com\\\/ubirataonline\"],\"description\":\"Somos um portal de not\u00edcias independente, criado em 5 de janeiro de 2009, com o objetivo de informar, conectar e valorizar a nossa comunidade de Ubirat\u00e3 e toda aregi\u00e3o. Com conte\u00fado atualizado, confi\u00e1vel e relevante, o Ubirat\u00e3 Online \u00e9 o seu espa\u00e7o para ficar por dentro dos principais acontecimentos locais, regionais, Brasil, Mundo e de interesse geral. Nosso compromisso \u00e9 com a verdade, a transpar\u00eancia e o respeito ao leitor.\",\"legalName\":\"UBIRATA ONLINE NOT\u00cdCIAS\",\"foundingDate\":\"2009-01-05\",\"numberOfEmployees\":{\"@type\":\"QuantitativeValue\",\"minValue\":\"1\",\"maxValue\":\"10\"},\"publishingPrinciples\":\"https:\\\/\\\/ubirataonline.com.br\\\/faq\\\/\",\"address\":{\"@id\":\"https:\\\/\\\/ubirataonline.com.br\\\/jovem-sobe-morro-de-mais-de-700-metros-para-fazer-live-perde-a-consciencia-e-mobiliza-operacao-de-resgate-em-pernambuco\\\/#local-main-place-address\"},\"geo\":{\"@type\":\"GeoCoordinates\",\"latitude\":\"-24.5361401\",\"longitude\":\"-52.9921776\"},\"telephone\":[\"+5544998308235\"],\"contactPoint\":{\"@type\":\"ContactPoint\",\"email\":\"contato@ubirataonline.com.br\"},\"openingHoursSpecification\":{\"@type\":\"OpeningHoursSpecification\",\"dayOfWeek\":[\"Monday\",\"Tuesday\",\"Wednesday\",\"Thursday\",\"Friday\",\"Saturday\",\"Sunday\"],\"opens\":\"00:00\",\"closes\":\"23:59\"},\"email\":\"contato@ubirataonline.com.br\",\"vatID\":\"47.621.418\\\/0001-80\"},{\"@type\":\"Person\",\"@id\":\"https:\\\/\\\/ubirataonline.com.br\\\/#\\\/schema\\\/person\\\/372f87bbd3fdd79b8556b84c98d0bc1c\",\"name\":\"REDA\u00c7\u00c3O: UBIRAT\u00c3 ONLINE - F\u00c1BIO AUGUSTO CELESTINO\",\"pronouns\":\"Ele\",\"description\":\"Desde 2003 trabalhando com not\u00edcias.\",\"sameAs\":[\"http:\\\/\\\/ubirataoline.com.br\",\"https:\\\/\\\/www.facebook.com\\\/portalubirataonline\",\"https:\\\/\\\/www.instagram.com\\\/ubirataonline_oficial\",\"https:\\\/\\\/x.com\\\/x.com\\\/ubirataonline\"],\"honorificPrefix\":\"Mr.\",\"honorificSuffix\":\"MD\",\"birthDate\":\"1980-06-16\",\"gender\":\"masculino\",\"award\":[\"V\u00e1rios pr\u00eamios de melhor portal da cidade\"],\"jobTitle\":\"Diretor\",\"url\":\"https:\\\/\\\/ubirataonline.com.br\\\/en\\\/author\\\/ubirataonline\\\/\"},{\"@type\":\"PostalAddress\",\"@id\":\"https:\\\/\\\/ubirataonline.com.br\\\/jovem-sobe-morro-de-mais-de-700-metros-para-fazer-live-perde-a-consciencia-e-mobiliza-operacao-de-resgate-em-pernambuco\\\/#local-main-place-address\",\"streetAddress\":\"Rua dos Coqueiros, 104 - Bairro Boa Vista, Rua dos Coqueiros, 104 Bairro Boa Vista\",\"addressLocality\":\"UBIRATA\",\"postalCode\":\"85440-000\",\"addressRegion\":\"PR\",\"addressCountry\":\"BR\"},{\"@type\":\"ImageObject\",\"inLanguage\":\"en-US\",\"@id\":\"https:\\\/\\\/ubirataonline.com.br\\\/jovem-sobe-morro-de-mais-de-700-metros-para-fazer-live-perde-a-consciencia-e-mobiliza-operacao-de-resgate-em-pernambuco\\\/#local-main-organization-logo\",\"url\":\"https:\\\/\\\/ubirataonline.com.br\\\/wp-content\\\/uploads\\\/2026\\\/06\\\/logoubirataonline-1.webp\",\"contentUrl\":\"https:\\\/\\\/ubirataonline.com.br\\\/wp-content\\\/uploads\\\/2026\\\/06\\\/logoubirataonline-1.webp\",\"width\":500,\"height\":500,\"caption\":\"Ubirat\u00e3 Online Not\u00edcias\"}]}<\/script>\n<meta name=\"geo.placename\" content=\"UBIRATA\" \/>\n<meta name=\"geo.position\" content=\"-24.5361401;-52.9921776\" \/>\n<meta name=\"geo.region\" content=\"Brazil\" \/>\n<!-- \/ Yoast SEO Premium plugin. -->","yoast_head_json":{"title":"Jovem sobe morro de mais de 700 metros para fazer live, perde a consci\u00eancia e mobiliza opera\u00e7\u00e3o de resgate em Pernambuco - Ubirat\u00e3 Online Not\u00edcias - A realidade ao seu alcance!","description":"Uma trilha realizada com o objetivo de produzir conte\u00fado para redes sociais terminou em uma opera\u00e7\u00e3o de salvamento complexa no agreste pernambucano,","robots":{"index":"index","follow":"follow","max-snippet":"max-snippet:-1","max-image-preview":"max-image-preview:large","max-video-preview":"max-video-preview:-1"},"canonical":"https:\/\/ubirataonline.com.br\/en\/jovem-sobe-morro-de-mais-de-700-metros-para-fazer-live-perde-a-consciencia-e-mobiliza-operacao-de-resgate-em-pernambuco\/","og_locale":"en_US","og_type":"article","og_title":"Jovem sobe morro de mais de 700 metros para fazer live, perde a consci\u00eancia e mobiliza opera\u00e7\u00e3o de resgate em Pernambuco","og_description":"Uma trilha realizada com o objetivo de produzir conte\u00fado para redes sociais terminou em uma opera\u00e7\u00e3o de salvamento complexa no agreste pernambucano,","og_url":"https:\/\/ubirataonline.com.br\/en\/jovem-sobe-morro-de-mais-de-700-metros-para-fazer-live-perde-a-consciencia-e-mobiliza-operacao-de-resgate-em-pernambuco\/","og_site_name":"Ubirat\u00e3 Online Not\u00edcias - A realidade ao seu alcance!","article_publisher":"https:\/\/www.facebook.com\/portalubirataonline","article_author":"https:\/\/www.facebook.com\/portalubirataonline","article_published_time":"2026-09-04T14:10:09+00:00","article_modified_time":"2026-09-04T16:15:45+00:00","og_image":[{"width":1376,"height":768,"url":"https:\/\/ubirataonline.com.br\/wp-content\/uploads\/2026\/09\/maaimg-post-170626-20260904-161531.webp","type":"image\/webp"}],"author":"REDA\u00c7\u00c3O: UBIRAT\u00c3 ONLINE - F\u00c1BIO AUGUSTO CELESTINO","twitter_card":"summary_large_image","twitter_creator":"@x.com\/ubirataonline","twitter_site":"@ubirataonline","twitter_misc":{"Written by":"REDA\u00c7\u00c3O: UBIRAT\u00c3 ONLINE - F\u00c1BIO AUGUSTO CELESTINO","Est. reading time":"3 minutes"},"schema":{"@context":"https:\/\/schema.org","@graph":[{"@type":"NewsArticle","@id":"https:\/\/ubirataonline.com.br\/jovem-sobe-morro-de-mais-de-700-metros-para-fazer-live-perde-a-consciencia-e-mobiliza-operacao-de-resgate-em-pernambuco\/#article","isPartOf":{"@id":"https:\/\/ubirataonline.com.br\/jovem-sobe-morro-de-mais-de-700-metros-para-fazer-live-perde-a-consciencia-e-mobiliza-operacao-de-resgate-em-pernambuco\/"},"author":{"name":"REDA\u00c7\u00c3O: UBIRAT\u00c3 ONLINE - F\u00c1BIO AUGUSTO CELESTINO","@id":"https:\/\/ubirataonline.com.br\/#\/schema\/person\/372f87bbd3fdd79b8556b84c98d0bc1c"},"headline":"Jovem sobe morro de mais de 700 metros para fazer live, perde a consci\u00eancia e mobiliza opera\u00e7\u00e3o de resgate em Pernambuco","datePublished":"2026-09-04T14:10:09+00:00","dateModified":"2026-09-04T16:15:45+00:00","mainEntityOfPage":{"@id":"https:\/\/ubirataonline.com.br\/jovem-sobe-morro-de-mais-de-700-metros-para-fazer-live-perde-a-consciencia-e-mobiliza-operacao-de-resgate-em-pernambuco\/"},"wordCount":550,"publisher":{"@id":"https:\/\/ubirataonline.com.br\/#organization"},"image":{"@id":"https:\/\/ubirataonline.com.br\/jovem-sobe-morro-de-mais-de-700-metros-para-fazer-live-perde-a-consciencia-e-mobiliza-operacao-de-resgate-em-pernambuco\/#primaryimage"},"thumbnailUrl":"https:\/\/ubirataonline.com.br\/wp-content\/uploads\/2026\/09\/maaimg-post-170626-20260904-161531.webp","articleSection":["Esportes"],"inLanguage":"en-US","copyrightYear":"2026","copyrightHolder":{"@id":"https:\/\/ubirataonline.com.br\/en\/#organization"}},{"@type":"WebPage","@id":"https:\/\/ubirataonline.com.br\/jovem-sobe-morro-de-mais-de-700-metros-para-fazer-live-perde-a-consciencia-e-mobiliza-operacao-de-resgate-em-pernambuco\/","url":"https:\/\/ubirataonline.com.br\/jovem-sobe-morro-de-mais-de-700-metros-para-fazer-live-perde-a-consciencia-e-mobiliza-operacao-de-resgate-em-pernambuco\/","name":"Jovem sobe morro de mais de 700 metros para fazer live, perde a consci\u00eancia e mobiliza opera\u00e7\u00e3o de resgate em Pernambuco - Ubirat\u00e3 Online Not\u00edcias - A realidade ao seu alcance!","isPartOf":{"@id":"https:\/\/ubirataonline.com.br\/#website"},"primaryImageOfPage":{"@id":"https:\/\/ubirataonline.com.br\/jovem-sobe-morro-de-mais-de-700-metros-para-fazer-live-perde-a-consciencia-e-mobiliza-operacao-de-resgate-em-pernambuco\/#primaryimage"},"image":{"@id":"https:\/\/ubirataonline.com.br\/jovem-sobe-morro-de-mais-de-700-metros-para-fazer-live-perde-a-consciencia-e-mobiliza-operacao-de-resgate-em-pernambuco\/#primaryimage"},"thumbnailUrl":"https:\/\/ubirataonline.com.br\/wp-content\/uploads\/2026\/09\/maaimg-post-170626-20260904-161531.webp","datePublished":"2026-09-04T14:10:09+00:00","dateModified":"2026-09-04T16:15:45+00:00","description":"Uma trilha realizada com o objetivo de produzir conte\u00fado para redes sociais terminou em uma opera\u00e7\u00e3o de salvamento complexa no agreste pernambucano,","breadcrumb":{"@id":"https:\/\/ubirataonline.com.br\/jovem-sobe-morro-de-mais-de-700-metros-para-fazer-live-perde-a-consciencia-e-mobiliza-operacao-de-resgate-em-pernambuco\/#breadcrumb"},"inLanguage":"en-US","potentialAction":[{"@type":"ReadAction","target":["https:\/\/ubirataonline.com.br\/jovem-sobe-morro-de-mais-de-700-metros-para-fazer-live-perde-a-consciencia-e-mobiliza-operacao-de-resgate-em-pernambuco\/"]}]},{"@type":"ImageObject","inLanguage":"en-US","@id":"https:\/\/ubirataonline.com.br\/jovem-sobe-morro-de-mais-de-700-metros-para-fazer-live-perde-a-consciencia-e-mobiliza-operacao-de-resgate-em-pernambuco\/#primaryimage","url":"https:\/\/ubirataonline.com.br\/wp-content\/uploads\/2026\/09\/maaimg-post-170626-20260904-161531.webp","contentUrl":"https:\/\/ubirataonline.com.br\/wp-content\/uploads\/2026\/09\/maaimg-post-170626-20260904-161531.webp","width":1376,"height":768,"caption":"Imagem ilustrativa Gerada por IA"},{"@type":"BreadcrumbList","@id":"https:\/\/ubirataonline.com.br\/jovem-sobe-morro-de-mais-de-700-metros-para-fazer-live-perde-a-consciencia-e-mobiliza-operacao-de-resgate-em-pernambuco\/#breadcrumb","itemListElement":[{"@type":"ListItem","position":1,"name":"In\u00edcio","item":"https:\/\/ubirataonline.com.br\/"},{"@type":"ListItem","position":2,"name":"Jovem sobe morro de mais de 700 metros para fazer live, perde a consci\u00eancia e mobiliza opera\u00e7\u00e3o de resgate em Pernambuco"}]},{"@type":"WebSite","@id":"https:\/\/ubirataonline.com.br\/#website","url":"https:\/\/ubirataonline.com.br\/","name":"Ubirat\u00e3 Online Not\u00edcias","description":"Not\u00edcias de Ubirat\u00e3, regi\u00e3o, Brasil e mundo, com informa\u00e7\u00e3o atualizada e compromisso com o leitor.","publisher":{"@id":"https:\/\/ubirataonline.com.br\/#organization"},"alternateName":"Ubirat\u00e3 Online","potentialAction":[{"@type":"SearchAction","target":{"@type":"EntryPoint","urlTemplate":"https:\/\/ubirataonline.com.br\/?s={search_term_string}"},"query-input":{"@type":"PropertyValueSpecification","valueRequired":true,"valueName":"search_term_string"}}],"inLanguage":"en-US"},{"@type":["Organization","Place"],"@id":"https:\/\/ubirataonline.com.br\/#organization","name":"Ubirat\u00e3 Online Not\u00edcias","alternateName":"Ubirat\u00e3 Online","url":"https:\/\/ubirataonline.com.br\/","logo":{"@id":"https:\/\/ubirataonline.com.br\/jovem-sobe-morro-de-mais-de-700-metros-para-fazer-live-perde-a-consciencia-e-mobiliza-operacao-de-resgate-em-pernambuco\/#local-main-organization-logo"},"image":{"@id":"https:\/\/ubirataonline.com.br\/jovem-sobe-morro-de-mais-de-700-metros-para-fazer-live-perde-a-consciencia-e-mobiliza-operacao-de-resgate-em-pernambuco\/#local-main-organization-logo"},"sameAs":["https:\/\/www.facebook.com\/portalubirataonline","https:\/\/x.com\/ubirataonline","https:\/\/mastodon.social\/@ubirataonline","https:\/\/www.facebook.com\/groups\/311144672285604","https:\/\/www.facebook.com\/UBTAOnline","https:\/\/www.instagram.com\/portalubirataonline\/","https:\/\/twitter.com\/ubirataonline"],"description":"Somos um portal de not\u00edcias independente, criado em 5 de janeiro de 2009, com o objetivo de informar, conectar e valorizar a nossa comunidade de Ubirat\u00e3 e toda aregi\u00e3o. Com conte\u00fado atualizado, confi\u00e1vel e relevante, o Ubirat\u00e3 Online \u00e9 o seu espa\u00e7o para ficar por dentro dos principais acontecimentos locais, regionais, Brasil, Mundo e de interesse geral. Nosso compromisso \u00e9 com a verdade, a transpar\u00eancia e o respeito ao leitor.","legalName":"UBIRATA ONLINE NOT\u00cdCIAS","foundingDate":"2009-01-05","numberOfEmployees":{"@type":"QuantitativeValue","minValue":"1","maxValue":"10"},"publishingPrinciples":"https:\/\/ubirataonline.com.br\/faq\/","address":{"@id":"https:\/\/ubirataonline.com.br\/jovem-sobe-morro-de-mais-de-700-metros-para-fazer-live-perde-a-consciencia-e-mobiliza-operacao-de-resgate-em-pernambuco\/#local-main-place-address"},"geo":{"@type":"GeoCoordinates","latitude":"-24.5361401","longitude":"-52.9921776"},"telephone":["+5544998308235"],"contactPoint":{"@type":"ContactPoint","email":"contato@ubirataonline.com.br"},"openingHoursSpecification":{"@type":"OpeningHoursSpecification","dayOfWeek":["Monday","Tuesday","Wednesday","Thursday","Friday","Saturday","Sunday"],"opens":"00:00","closes":"23:59"},"email":"contato@ubirataonline.com.br","vatID":"47.621.418\/0001-80"},{"@type":"Person","@id":"https:\/\/ubirataonline.com.br\/#\/schema\/person\/372f87bbd3fdd79b8556b84c98d0bc1c","name":"REDA\u00c7\u00c3O: UBIRAT\u00c3 ONLINE - F\u00c1BIO AUGUSTO CELESTINO","pronouns":"Ele","description":"Desde 2003 trabalhando com not\u00edcias.","sameAs":["http:\/\/ubirataoline.com.br","https:\/\/www.facebook.com\/portalubirataonline","https:\/\/www.instagram.com\/ubirataonline_oficial","https:\/\/x.com\/x.com\/ubirataonline"],"honorificPrefix":"Mr.","honorificSuffix":"MD","birthDate":"1980-06-16","gender":"masculino","award":["V\u00e1rios pr\u00eamios de melhor portal da cidade"],"jobTitle":"Diretor","url":"https:\/\/ubirataonline.com.br\/en\/author\/ubirataonline\/"},{"@type":"PostalAddress","@id":"https:\/\/ubirataonline.com.br\/jovem-sobe-morro-de-mais-de-700-metros-para-fazer-live-perde-a-consciencia-e-mobiliza-operacao-de-resgate-em-pernambuco\/#local-main-place-address","streetAddress":"Rua dos Coqueiros, 104 - Bairro Boa Vista, Rua dos Coqueiros, 104 Bairro Boa Vista","addressLocality":"UBIRATA","postalCode":"85440-000","addressRegion":"PR","addressCountry":"BR"},{"@type":"ImageObject","inLanguage":"en-US","@id":"https:\/\/ubirataonline.com.br\/jovem-sobe-morro-de-mais-de-700-metros-para-fazer-live-perde-a-consciencia-e-mobiliza-operacao-de-resgate-em-pernambuco\/#local-main-organization-logo","url":"https:\/\/ubirataonline.com.br\/wp-content\/uploads\/2026\/06\/logoubirataonline-1.webp","contentUrl":"https:\/\/ubirataonline.com.br\/wp-content\/uploads\/2026\/06\/logoubirataonline-1.webp","width":500,"height":500,"caption":"Ubirat\u00e3 Online Not\u00edcias"}]},"geo.placename":"UBIRATA","geo.position":{"lat":"-24.5361401","long":"-52.9921776"},"geo.region":"Brazil"},"_links":{"self":[{"href":"https:\/\/ubirataonline.com.br\/en\/wp-json\/wp\/v2\/posts\/170626","targetHints":{"allow":["GET"]}}],"collection":[{"href":"https:\/\/ubirataonline.com.br\/en\/wp-json\/wp\/v2\/posts"}],"about":[{"href":"https:\/\/ubirataonline.com.br\/en\/wp-json\/wp\/v2\/types\/post"}],"author":[{"embeddable":true,"href":"https:\/\/ubirataonline.com.br\/en\/wp-json\/wp\/v2\/users\/1"}],"replies":[{"embeddable":true,"href":"https:\/\/ubirataonline.com.br\/en\/wp-json\/wp\/v2\/comments?post=170626"}],"version-history":[{"count":1,"href":"https:\/\/ubirataonline.com.br\/en\/wp-json\/wp\/v2\/posts\/170626\/revisions"}],"predecessor-version":[{"id":170664,"href":"https:\/\/ubirataonline.com.br\/en\/wp-json\/wp\/v2\/posts\/170626\/revisions\/170664"}],"wp:featuredmedia":[{"embeddable":true,"href":"https:\/\/ubirataonline.com.br\/en\/wp-json\/wp\/v2\/media\/170663"}],"wp:attachment":[{"href":"https:\/\/ubirataonline.com.br\/en\/wp-json\/wp\/v2\/media?parent=170626"}],"wp:term":[{"taxonomy":"category","embeddable":true,"href":"https:\/\/ubirataonline.com.br\/en\/wp-json\/wp\/v2\/categories?post=170626"},{"taxonomy":"post_tag","embeddable":true,"href":"https:\/\/ubirataonline.com.br\/en\/wp-json\/wp\/v2\/tags?post=170626"}],"curies":[{"name":"wp","href":"https:\/\/api.w.org\/{rel}","templated":true}]}}