{"id":170627,"date":"2026-09-04T11:35:30","date_gmt":"2026-09-04T14:35:30","guid":{"rendered":"https:\/\/ubirataonline.com.br\/brasil-registra-cerca-de-2-milhoes-de-trabalhadores-por-aplicativos-em-2025\/"},"modified":"2026-09-04T13:09:32","modified_gmt":"2026-09-04T16:09:32","slug":"brasil-registra-cerca-de-2-milhoes-de-trabalhadores-por-aplicativos-em-2025","status":"publish","type":"post","link":"https:\/\/ubirataonline.com.br\/en\/brasil-registra-cerca-de-2-milhoes-de-trabalhadores-por-aplicativos-em-2025\/","title":{"rendered":"Brasil registra cerca de 2 milh\u00f5es de trabalhadores por aplicativos em 2025"},"content":{"rendered":"<h2>O Brasil alcan\u00e7ou a marca de cerca de 2 milh\u00f5es de pessoas que exercem atividades laborais por meio de plataformas digitais, conforme revelado pela Pnad Cont\u00ednua do IBGE.<\/h2>\n<p>O levantamento do <b>Instituto Brasileiro de Geografia e Estat\u00edstica (IBGE)<\/b>, divulgado nesta sexta-feira (4), aponta que esse contingente representava 1,9% do total de ocupados no pa\u00eds em 2025. O estudo foca em trabalhadores com 14 anos ou mais que utilizam aplicativos para servi\u00e7os de transporte e entregas.<\/p>\n<p>A pesquisa classifica esses profissionais como <b>plataformizados<\/b>, destacando que a maioria atua por conta pr\u00f3pria, mas enfrenta jornadas semanais mais intensas e remunera\u00e7\u00e3o hor\u00e1ria inferior \u00e0 dos trabalhadores do setor privado que n\u00e3o utilizam essas ferramentas.<\/p>\n<p>Conforme informa\u00e7\u00e3o divulgada pela Empresa Brasil de Comunica\u00e7\u00e3o (EBC), a an\u00e1lise detalha como esse modelo de trabalho se distribui entre diferentes setores da economia Brasileiro.<\/p>\n<h3>Distribui\u00e7\u00e3o e crescimento do trabalho por aplicativos<\/h3>\n<p>O setor de transporte de passageiros \u00e9 o que concentra o maior n\u00famero de trabalhadores, somando cerca de 1,2 milh\u00e3o de pessoas, o que equivale a 58,9% do total de plataformizados. Deste grupo, 1,1 milh\u00e3o utilizam plataformas como <b>Uber e 99<\/b>, enquanto 232 mil atuam exclusivamente com aplicativos de t\u00e1xi.<\/p>\n<p>Os entregadores de comida e produtos representam 19,2% da categoria, totalizando 376 mil pessoas. Al\u00e9m disso, h\u00e1 313 mil profissionais em \u00e1reas de servi\u00e7os gerais, como designers e profissionais de sa\u00fade. O IBGE observou que, ao considerar apenas quem tem o app como ocupa\u00e7\u00e3o principal, houve um crescimento de 36,8% em tr\u00eas anos.<\/p>\n<h3>Desafios na Jornadas e rendimentos<\/h3>\n<p>Um dos pontos centrais da pesquisa \u00e9 a diferen\u00e7a na carga hor\u00e1ria. Enquanto o trabalhador n\u00e3o Plataformizados cumpre, em m\u00e9dia, 39,3 horas semanais, o trabalhador de aplicativo registra uma Jornadas de 44,7 horas. Essa disparidade reflete diretamente no ganho por hora, que \u00e9 de R$ 16,20 para quem usa apps, contra R$ 18,40 dos demais.<\/p>\n<p>O rendimento m\u00e9dio mensal de R$ 3.147 para os plataformizados considera o valor l\u00edquido, j\u00e1 descontados custos operacionais como combust\u00edvel. A pesquisa aponta que, para muitos, a entrada nos aplicativos foi motivada pela dificuldade de encontrar outra oportunidade de trabalho no mercado convencional.<\/p>\n<h3>Depend\u00eancia e informalidade<\/h3>\n<p>Apesar de 86,8% dos trabalhadores se declararem por conta pr\u00f3pria, o IBGE identifica um alto grau de depend\u00eancia em rela\u00e7\u00e3o \u00e0s plataformas. Cerca de 80,2% dos motoristas de transporte de passageiros afirmam que o valor recebido por tarefa depende totalmente das empresas, e 71,3% admitem que a forma de pagamento \u00e9 decidida pelos apps.<\/p>\n<p>A informalidade tamb\u00e9m \u00e9 marcante: 72,1% dos plataformizados est\u00e3o na informalidade, e apenas 34% possuem cobertura previdenci\u00e1ria. Esse cen\u00e1rio coloca em debate a chamada <b>uberiza\u00e7\u00e3o<\/b>, tema que atualmente \u00e9 objeto de an\u00e1lise pelo <b>Supremo Tribunal Federal (STF)<\/b> para definir a natureza do v\u00ednculo entre os trabalhadores e as plataformas.<\/p>\n<h3>Perguntas Frequentes (FAQ)<\/h3>\n<p><b>1. Quantas pessoas trabalhavam por aplicativos no Brasil em 2025?<\/b><br \/>O IBGE identificou cerca de 2 milh\u00f5es de pessoas utilizando plataformas digitais para trabalho no pa\u00eds.<\/p>\n<p><b>2. Quais s\u00e3o as principais categorias de trabalhadores por aplicativos?<\/b><br \/>A maioria atua no transporte de passageiros (58,9%), seguida por entregadores (19,2%) e prestadores de servi\u00e7os gerais (16%).<\/p>\n<p>3. Qual a diferen\u00e7a de Jornadas entre plataformizados e outros trabalhadores?Trabalhadores de aplicativos cumprem, em m\u00e9dia, 44,7 horas semanais, enquanto os demais trabalhadores ocupam-se por 39,3 horas.<\/p>\n<p><b>4. Como \u00e9 a situa\u00e7\u00e3o previdenci\u00e1ria desses profissionais?<\/b><br \/>Apenas 34% dos plataformizados possuem cobertura previdenci\u00e1ria, \u00edndice significativamente menor do que os 63% registrados entre os n\u00e3o plataformizados.<\/p>\n<p><b>5. O que o IBGE aponta sobre a depend\u00eancia das plataformas?<\/b><br \/>O instituto destaca que, embora sejam aut\u00f4nomos, a maioria dos trabalhadores depende totalmente das plataformas para definir valores, prazos e formas de pagamento, configurando uma rela\u00e7\u00e3o de depend\u00eancia distinta da conta pr\u00f3pria tradicional.<\/p>","protected":false},"excerpt":{"rendered":"<p>O Brasil alcan\u00e7ou a marca de cerca de 2 milh\u00f5es de pessoas que exercem atividades laborais por meio de plataformas digitais, conforme revelado pela Pnad Cont\u00ednua do IBGE. O levantamento do Instituto Brasileiro de Geografia e Estat\u00edstica (IBGE), divulgado nesta sexta-feira (4), aponta que esse contingente representava 1,9% do total de ocupados no pa\u00eds em [&hellip;]<\/p>\n","protected":false},"author":1,"featured_media":170661,"comment_status":"closed","ping_status":"closed","sticky":false,"template":"","format":"standard","meta":{"googlesitekit_rrm_CAow2JLhCw:productID":"","_gspb_post_css":"","maa_idioma":"","maa_pais":"","footnotes":""},"categories":[4],"tags":[],"class_list":["post-170627","post","type-post","status-publish","format-standard","has-post-thumbnail","hentry","category-brasil"],"blocksy_meta":[],"yoast_head":"<!-- This site is optimized with the Yoast SEO Premium plugin v27.6 (Yoast SEO v27.6) - https:\/\/yoast.com\/product\/yoast-seo-premium-wordpress\/ -->\n<title>Brasil registra cerca de 2 milh\u00f5es de trabalhadores por aplicativos em 2025 - Ubirat\u00e3 Online Not\u00edcias - A realidade ao seu alcance!<\/title>\n<meta name=\"description\" content=\"O Brasil alcan\u00e7ou a marca de cerca de 2 milh\u00f5es de pessoas que exercem atividades laborais por meio de plataformas digitais, conforme revelado pela Pnad\" \/>\n<meta name=\"robots\" content=\"index, follow, max-snippet:-1, max-image-preview:large, max-video-preview:-1\" \/>\n<link rel=\"canonical\" href=\"https:\/\/ubirataonline.com.br\/en\/brasil-registra-cerca-de-2-milhoes-de-trabalhadores-por-aplicativos-em-2025\/\" \/>\n<meta property=\"og:locale\" content=\"en_US\" \/>\n<meta property=\"og:type\" content=\"article\" \/>\n<meta property=\"og:title\" content=\"Brasil registra cerca de 2 milh\u00f5es de trabalhadores por aplicativos em 2025\" \/>\n<meta property=\"og:description\" content=\"O Brasil alcan\u00e7ou a marca de cerca de 2 milh\u00f5es de pessoas que exercem atividades laborais por meio de plataformas digitais, conforme revelado pela Pnad\" \/>\n<meta property=\"og:url\" content=\"https:\/\/ubirataonline.com.br\/en\/brasil-registra-cerca-de-2-milhoes-de-trabalhadores-por-aplicativos-em-2025\/\" \/>\n<meta property=\"og:site_name\" content=\"Ubirat\u00e3 Online Not\u00edcias - A realidade ao seu alcance!\" \/>\n<meta property=\"article:publisher\" content=\"https:\/\/www.facebook.com\/portalubirataonline\" \/>\n<meta property=\"article:author\" content=\"https:\/\/www.facebook.com\/portalubirataonline\" \/>\n<meta property=\"article:published_time\" content=\"2026-09-04T14:35:30+00:00\" \/>\n<meta property=\"article:modified_time\" content=\"2026-09-04T16:09:32+00:00\" \/>\n<meta property=\"og:image\" content=\"https:\/\/ubirataonline.com.br\/wp-content\/uploads\/2026\/09\/maaimg-post-170627-20260904-160928.webp\" \/>\n\t<meta property=\"og:image:width\" content=\"1376\" \/>\n\t<meta property=\"og:image:height\" content=\"768\" \/>\n\t<meta property=\"og:image:type\" content=\"image\/webp\" \/>\n<meta name=\"author\" content=\"REDA\u00c7\u00c3O: UBIRAT\u00c3 ONLINE - F\u00c1BIO AUGUSTO CELESTINO\" \/>\n<meta name=\"twitter:card\" content=\"summary_large_image\" \/>\n<meta name=\"twitter:creator\" content=\"@x.com\/ubirataonline\" \/>\n<meta name=\"twitter:site\" content=\"@ubirataonline\" \/>\n<meta name=\"twitter:label1\" content=\"Written by\" \/>\n\t<meta name=\"twitter:data1\" content=\"REDA\u00c7\u00c3O: UBIRAT\u00c3 ONLINE - F\u00c1BIO AUGUSTO CELESTINO\" \/>\n\t<meta name=\"twitter:label2\" content=\"Est. reading time\" \/>\n\t<meta name=\"twitter:data2\" content=\"4 minutes\" \/>\n<script type=\"application\/ld+json\" class=\"yoast-schema-graph\">{\"@context\":\"https:\\\/\\\/schema.org\",\"@graph\":[{\"@type\":\"NewsArticle\",\"@id\":\"https:\\\/\\\/ubirataonline.com.br\\\/brasil-registra-cerca-de-2-milhoes-de-trabalhadores-por-aplicativos-em-2025\\\/#article\",\"isPartOf\":{\"@id\":\"https:\\\/\\\/ubirataonline.com.br\\\/brasil-registra-cerca-de-2-milhoes-de-trabalhadores-por-aplicativos-em-2025\\\/\"},\"author\":{\"name\":\"REDA\u00c7\u00c3O: UBIRAT\u00c3 ONLINE - F\u00c1BIO AUGUSTO CELESTINO\",\"@id\":\"https:\\\/\\\/ubirataonline.com.br\\\/#\\\/schema\\\/person\\\/372f87bbd3fdd79b8556b84c98d0bc1c\"},\"headline\":\"Brasil registra cerca de 2 milh\u00f5es de trabalhadores por aplicativos em 2025\",\"datePublished\":\"2026-09-04T14:35:30+00:00\",\"dateModified\":\"2026-09-04T16:09:32+00:00\",\"mainEntityOfPage\":{\"@id\":\"https:\\\/\\\/ubirataonline.com.br\\\/brasil-registra-cerca-de-2-milhoes-de-trabalhadores-por-aplicativos-em-2025\\\/\"},\"wordCount\":632,\"publisher\":{\"@id\":\"https:\\\/\\\/ubirataonline.com.br\\\/#organization\"},\"image\":{\"@id\":\"https:\\\/\\\/ubirataonline.com.br\\\/brasil-registra-cerca-de-2-milhoes-de-trabalhadores-por-aplicativos-em-2025\\\/#primaryimage\"},\"thumbnailUrl\":\"https:\\\/\\\/ubirataonline.com.br\\\/wp-content\\\/uploads\\\/2026\\\/09\\\/maaimg-post-170627-20260904-160928.webp\",\"articleSection\":[\"Brasil\"],\"inLanguage\":\"en-US\",\"copyrightYear\":\"2026\",\"copyrightHolder\":{\"@id\":\"https:\\\/\\\/ubirataonline.com.br\\\/en\\\/#organization\"}},{\"@type\":\"WebPage\",\"@id\":\"https:\\\/\\\/ubirataonline.com.br\\\/brasil-registra-cerca-de-2-milhoes-de-trabalhadores-por-aplicativos-em-2025\\\/\",\"url\":\"https:\\\/\\\/ubirataonline.com.br\\\/brasil-registra-cerca-de-2-milhoes-de-trabalhadores-por-aplicativos-em-2025\\\/\",\"name\":\"Brasil registra cerca de 2 milh\u00f5es de trabalhadores por aplicativos em 2025 - Ubirat\u00e3 Online Not\u00edcias - A realidade ao seu alcance!\",\"isPartOf\":{\"@id\":\"https:\\\/\\\/ubirataonline.com.br\\\/#website\"},\"primaryImageOfPage\":{\"@id\":\"https:\\\/\\\/ubirataonline.com.br\\\/brasil-registra-cerca-de-2-milhoes-de-trabalhadores-por-aplicativos-em-2025\\\/#primaryimage\"},\"image\":{\"@id\":\"https:\\\/\\\/ubirataonline.com.br\\\/brasil-registra-cerca-de-2-milhoes-de-trabalhadores-por-aplicativos-em-2025\\\/#primaryimage\"},\"thumbnailUrl\":\"https:\\\/\\\/ubirataonline.com.br\\\/wp-content\\\/uploads\\\/2026\\\/09\\\/maaimg-post-170627-20260904-160928.webp\",\"datePublished\":\"2026-09-04T14:35:30+00:00\",\"dateModified\":\"2026-09-04T16:09:32+00:00\",\"description\":\"O Brasil alcan\u00e7ou a marca de cerca de 2 milh\u00f5es de pessoas que exercem atividades laborais por meio de plataformas digitais, conforme revelado pela Pnad\",\"breadcrumb\":{\"@id\":\"https:\\\/\\\/ubirataonline.com.br\\\/brasil-registra-cerca-de-2-milhoes-de-trabalhadores-por-aplicativos-em-2025\\\/#breadcrumb\"},\"inLanguage\":\"en-US\",\"potentialAction\":[{\"@type\":\"ReadAction\",\"target\":[\"https:\\\/\\\/ubirataonline.com.br\\\/brasil-registra-cerca-de-2-milhoes-de-trabalhadores-por-aplicativos-em-2025\\\/\"]}]},{\"@type\":\"ImageObject\",\"inLanguage\":\"en-US\",\"@id\":\"https:\\\/\\\/ubirataonline.com.br\\\/brasil-registra-cerca-de-2-milhoes-de-trabalhadores-por-aplicativos-em-2025\\\/#primaryimage\",\"url\":\"https:\\\/\\\/ubirataonline.com.br\\\/wp-content\\\/uploads\\\/2026\\\/09\\\/maaimg-post-170627-20260904-160928.webp\",\"contentUrl\":\"https:\\\/\\\/ubirataonline.com.br\\\/wp-content\\\/uploads\\\/2026\\\/09\\\/maaimg-post-170627-20260904-160928.webp\",\"width\":1376,\"height\":768,\"caption\":\"Imagem ilustrativa Gerada por IA\"},{\"@type\":\"BreadcrumbList\",\"@id\":\"https:\\\/\\\/ubirataonline.com.br\\\/brasil-registra-cerca-de-2-milhoes-de-trabalhadores-por-aplicativos-em-2025\\\/#breadcrumb\",\"itemListElement\":[{\"@type\":\"ListItem\",\"position\":1,\"name\":\"In\u00edcio\",\"item\":\"https:\\\/\\\/ubirataonline.com.br\\\/\"},{\"@type\":\"ListItem\",\"position\":2,\"name\":\"Brasil registra cerca de 2 milh\u00f5es de trabalhadores por aplicativos em 2025\"}]},{\"@type\":\"WebSite\",\"@id\":\"https:\\\/\\\/ubirataonline.com.br\\\/#website\",\"url\":\"https:\\\/\\\/ubirataonline.com.br\\\/\",\"name\":\"Ubirat\u00e3 Online Not\u00edcias\",\"description\":\"Not\u00edcias de Ubirat\u00e3, regi\u00e3o, Brasil e mundo, com informa\u00e7\u00e3o atualizada e compromisso com o leitor.\",\"publisher\":{\"@id\":\"https:\\\/\\\/ubirataonline.com.br\\\/#organization\"},\"alternateName\":\"Ubirat\u00e3 Online\",\"potentialAction\":[{\"@type\":\"SearchAction\",\"target\":{\"@type\":\"EntryPoint\",\"urlTemplate\":\"https:\\\/\\\/ubirataonline.com.br\\\/?s={search_term_string}\"},\"query-input\":{\"@type\":\"PropertyValueSpecification\",\"valueRequired\":true,\"valueName\":\"search_term_string\"}}],\"inLanguage\":\"en-US\"},{\"@type\":[\"Organization\",\"Place\"],\"@id\":\"https:\\\/\\\/ubirataonline.com.br\\\/#organization\",\"name\":\"Ubirat\u00e3 Online Not\u00edcias\",\"alternateName\":\"Ubirat\u00e3 Online\",\"url\":\"https:\\\/\\\/ubirataonline.com.br\\\/\",\"logo\":{\"@id\":\"https:\\\/\\\/ubirataonline.com.br\\\/brasil-registra-cerca-de-2-milhoes-de-trabalhadores-por-aplicativos-em-2025\\\/#local-main-organization-logo\"},\"image\":{\"@id\":\"https:\\\/\\\/ubirataonline.com.br\\\/brasil-registra-cerca-de-2-milhoes-de-trabalhadores-por-aplicativos-em-2025\\\/#local-main-organization-logo\"},\"sameAs\":[\"https:\\\/\\\/www.facebook.com\\\/portalubirataonline\",\"https:\\\/\\\/x.com\\\/ubirataonline\",\"https:\\\/\\\/mastodon.social\\\/@ubirataonline\",\"https:\\\/\\\/www.facebook.com\\\/groups\\\/311144672285604\",\"https:\\\/\\\/www.facebook.com\\\/UBTAOnline\",\"https:\\\/\\\/www.instagram.com\\\/portalubirataonline\\\/\",\"https:\\\/\\\/twitter.com\\\/ubirataonline\"],\"description\":\"Somos um portal de not\u00edcias independente, criado em 5 de janeiro de 2009, com o objetivo de informar, conectar e valorizar a nossa comunidade de Ubirat\u00e3 e toda aregi\u00e3o. Com conte\u00fado atualizado, confi\u00e1vel e relevante, o Ubirat\u00e3 Online \u00e9 o seu espa\u00e7o para ficar por dentro dos principais acontecimentos locais, regionais, Brasil, Mundo e de interesse geral. Nosso compromisso \u00e9 com a verdade, a transpar\u00eancia e o respeito ao leitor.\",\"legalName\":\"UBIRATA ONLINE NOT\u00cdCIAS\",\"foundingDate\":\"2009-01-05\",\"numberOfEmployees\":{\"@type\":\"QuantitativeValue\",\"minValue\":\"1\",\"maxValue\":\"10\"},\"publishingPrinciples\":\"https:\\\/\\\/ubirataonline.com.br\\\/faq\\\/\",\"address\":{\"@id\":\"https:\\\/\\\/ubirataonline.com.br\\\/brasil-registra-cerca-de-2-milhoes-de-trabalhadores-por-aplicativos-em-2025\\\/#local-main-place-address\"},\"geo\":{\"@type\":\"GeoCoordinates\",\"latitude\":\"-24.5361401\",\"longitude\":\"-52.9921776\"},\"telephone\":[\"+5544998308235\"],\"contactPoint\":{\"@type\":\"ContactPoint\",\"email\":\"contato@ubirataonline.com.br\"},\"openingHoursSpecification\":{\"@type\":\"OpeningHoursSpecification\",\"dayOfWeek\":[\"Monday\",\"Tuesday\",\"Wednesday\",\"Thursday\",\"Friday\",\"Saturday\",\"Sunday\"],\"opens\":\"00:00\",\"closes\":\"23:59\"},\"email\":\"contato@ubirataonline.com.br\",\"vatID\":\"47.621.418\\\/0001-80\"},{\"@type\":\"Person\",\"@id\":\"https:\\\/\\\/ubirataonline.com.br\\\/#\\\/schema\\\/person\\\/372f87bbd3fdd79b8556b84c98d0bc1c\",\"name\":\"REDA\u00c7\u00c3O: UBIRAT\u00c3 ONLINE - F\u00c1BIO AUGUSTO CELESTINO\",\"pronouns\":\"Ele\",\"description\":\"Desde 2003 trabalhando com not\u00edcias.\",\"sameAs\":[\"http:\\\/\\\/ubirataoline.com.br\",\"https:\\\/\\\/www.facebook.com\\\/portalubirataonline\",\"https:\\\/\\\/www.instagram.com\\\/ubirataonline_oficial\",\"https:\\\/\\\/x.com\\\/x.com\\\/ubirataonline\"],\"honorificPrefix\":\"Mr.\",\"honorificSuffix\":\"MD\",\"birthDate\":\"1980-06-16\",\"gender\":\"masculino\",\"award\":[\"V\u00e1rios pr\u00eamios de melhor portal da cidade\"],\"jobTitle\":\"Diretor\",\"url\":\"https:\\\/\\\/ubirataonline.com.br\\\/en\\\/author\\\/ubirataonline\\\/\"},{\"@type\":\"PostalAddress\",\"@id\":\"https:\\\/\\\/ubirataonline.com.br\\\/brasil-registra-cerca-de-2-milhoes-de-trabalhadores-por-aplicativos-em-2025\\\/#local-main-place-address\",\"streetAddress\":\"Rua dos Coqueiros, 104 - Bairro Boa Vista, Rua dos Coqueiros, 104 Bairro Boa Vista\",\"addressLocality\":\"UBIRATA\",\"postalCode\":\"85440-000\",\"addressRegion\":\"PR\",\"addressCountry\":\"BR\"},{\"@type\":\"ImageObject\",\"inLanguage\":\"en-US\",\"@id\":\"https:\\\/\\\/ubirataonline.com.br\\\/brasil-registra-cerca-de-2-milhoes-de-trabalhadores-por-aplicativos-em-2025\\\/#local-main-organization-logo\",\"url\":\"https:\\\/\\\/ubirataonline.com.br\\\/wp-content\\\/uploads\\\/2026\\\/06\\\/logoubirataonline-1.webp\",\"contentUrl\":\"https:\\\/\\\/ubirataonline.com.br\\\/wp-content\\\/uploads\\\/2026\\\/06\\\/logoubirataonline-1.webp\",\"width\":500,\"height\":500,\"caption\":\"Ubirat\u00e3 Online Not\u00edcias\"}]}<\/script>\n<meta name=\"geo.placename\" content=\"UBIRATA\" \/>\n<meta name=\"geo.position\" content=\"-24.5361401;-52.9921776\" \/>\n<meta name=\"geo.region\" content=\"Brazil\" \/>\n<!-- \/ Yoast SEO Premium plugin. -->","yoast_head_json":{"title":"Brasil registra cerca de 2 milh\u00f5es de trabalhadores por aplicativos em 2025 - Ubirat\u00e3 Online Not\u00edcias - A realidade ao seu alcance!","description":"O Brasil alcan\u00e7ou a marca de cerca de 2 milh\u00f5es de pessoas que exercem atividades laborais por meio de plataformas digitais, conforme revelado pela Pnad","robots":{"index":"index","follow":"follow","max-snippet":"max-snippet:-1","max-image-preview":"max-image-preview:large","max-video-preview":"max-video-preview:-1"},"canonical":"https:\/\/ubirataonline.com.br\/en\/brasil-registra-cerca-de-2-milhoes-de-trabalhadores-por-aplicativos-em-2025\/","og_locale":"en_US","og_type":"article","og_title":"Brasil registra cerca de 2 milh\u00f5es de trabalhadores por aplicativos em 2025","og_description":"O Brasil alcan\u00e7ou a marca de cerca de 2 milh\u00f5es de pessoas que exercem atividades laborais por meio de plataformas digitais, conforme revelado pela Pnad","og_url":"https:\/\/ubirataonline.com.br\/en\/brasil-registra-cerca-de-2-milhoes-de-trabalhadores-por-aplicativos-em-2025\/","og_site_name":"Ubirat\u00e3 Online Not\u00edcias - A realidade ao seu alcance!","article_publisher":"https:\/\/www.facebook.com\/portalubirataonline","article_author":"https:\/\/www.facebook.com\/portalubirataonline","article_published_time":"2026-09-04T14:35:30+00:00","article_modified_time":"2026-09-04T16:09:32+00:00","og_image":[{"width":1376,"height":768,"url":"https:\/\/ubirataonline.com.br\/wp-content\/uploads\/2026\/09\/maaimg-post-170627-20260904-160928.webp","type":"image\/webp"}],"author":"REDA\u00c7\u00c3O: UBIRAT\u00c3 ONLINE - F\u00c1BIO AUGUSTO CELESTINO","twitter_card":"summary_large_image","twitter_creator":"@x.com\/ubirataonline","twitter_site":"@ubirataonline","twitter_misc":{"Written by":"REDA\u00c7\u00c3O: UBIRAT\u00c3 ONLINE - F\u00c1BIO AUGUSTO CELESTINO","Est. reading time":"4 minutes"},"schema":{"@context":"https:\/\/schema.org","@graph":[{"@type":"NewsArticle","@id":"https:\/\/ubirataonline.com.br\/brasil-registra-cerca-de-2-milhoes-de-trabalhadores-por-aplicativos-em-2025\/#article","isPartOf":{"@id":"https:\/\/ubirataonline.com.br\/brasil-registra-cerca-de-2-milhoes-de-trabalhadores-por-aplicativos-em-2025\/"},"author":{"name":"REDA\u00c7\u00c3O: UBIRAT\u00c3 ONLINE - F\u00c1BIO AUGUSTO CELESTINO","@id":"https:\/\/ubirataonline.com.br\/#\/schema\/person\/372f87bbd3fdd79b8556b84c98d0bc1c"},"headline":"Brasil registra cerca de 2 milh\u00f5es de trabalhadores por aplicativos em 2025","datePublished":"2026-09-04T14:35:30+00:00","dateModified":"2026-09-04T16:09:32+00:00","mainEntityOfPage":{"@id":"https:\/\/ubirataonline.com.br\/brasil-registra-cerca-de-2-milhoes-de-trabalhadores-por-aplicativos-em-2025\/"},"wordCount":632,"publisher":{"@id":"https:\/\/ubirataonline.com.br\/#organization"},"image":{"@id":"https:\/\/ubirataonline.com.br\/brasil-registra-cerca-de-2-milhoes-de-trabalhadores-por-aplicativos-em-2025\/#primaryimage"},"thumbnailUrl":"https:\/\/ubirataonline.com.br\/wp-content\/uploads\/2026\/09\/maaimg-post-170627-20260904-160928.webp","articleSection":["Brasil"],"inLanguage":"en-US","copyrightYear":"2026","copyrightHolder":{"@id":"https:\/\/ubirataonline.com.br\/en\/#organization"}},{"@type":"WebPage","@id":"https:\/\/ubirataonline.com.br\/brasil-registra-cerca-de-2-milhoes-de-trabalhadores-por-aplicativos-em-2025\/","url":"https:\/\/ubirataonline.com.br\/brasil-registra-cerca-de-2-milhoes-de-trabalhadores-por-aplicativos-em-2025\/","name":"Brasil registra cerca de 2 milh\u00f5es de trabalhadores por aplicativos em 2025 - Ubirat\u00e3 Online Not\u00edcias - A realidade ao seu alcance!","isPartOf":{"@id":"https:\/\/ubirataonline.com.br\/#website"},"primaryImageOfPage":{"@id":"https:\/\/ubirataonline.com.br\/brasil-registra-cerca-de-2-milhoes-de-trabalhadores-por-aplicativos-em-2025\/#primaryimage"},"image":{"@id":"https:\/\/ubirataonline.com.br\/brasil-registra-cerca-de-2-milhoes-de-trabalhadores-por-aplicativos-em-2025\/#primaryimage"},"thumbnailUrl":"https:\/\/ubirataonline.com.br\/wp-content\/uploads\/2026\/09\/maaimg-post-170627-20260904-160928.webp","datePublished":"2026-09-04T14:35:30+00:00","dateModified":"2026-09-04T16:09:32+00:00","description":"O Brasil alcan\u00e7ou a marca de cerca de 2 milh\u00f5es de pessoas que exercem atividades laborais por meio de plataformas digitais, conforme revelado pela Pnad","breadcrumb":{"@id":"https:\/\/ubirataonline.com.br\/brasil-registra-cerca-de-2-milhoes-de-trabalhadores-por-aplicativos-em-2025\/#breadcrumb"},"inLanguage":"en-US","potentialAction":[{"@type":"ReadAction","target":["https:\/\/ubirataonline.com.br\/brasil-registra-cerca-de-2-milhoes-de-trabalhadores-por-aplicativos-em-2025\/"]}]},{"@type":"ImageObject","inLanguage":"en-US","@id":"https:\/\/ubirataonline.com.br\/brasil-registra-cerca-de-2-milhoes-de-trabalhadores-por-aplicativos-em-2025\/#primaryimage","url":"https:\/\/ubirataonline.com.br\/wp-content\/uploads\/2026\/09\/maaimg-post-170627-20260904-160928.webp","contentUrl":"https:\/\/ubirataonline.com.br\/wp-content\/uploads\/2026\/09\/maaimg-post-170627-20260904-160928.webp","width":1376,"height":768,"caption":"Imagem ilustrativa Gerada por IA"},{"@type":"BreadcrumbList","@id":"https:\/\/ubirataonline.com.br\/brasil-registra-cerca-de-2-milhoes-de-trabalhadores-por-aplicativos-em-2025\/#breadcrumb","itemListElement":[{"@type":"ListItem","position":1,"name":"In\u00edcio","item":"https:\/\/ubirataonline.com.br\/"},{"@type":"ListItem","position":2,"name":"Brasil registra cerca de 2 milh\u00f5es de trabalhadores por aplicativos em 2025"}]},{"@type":"WebSite","@id":"https:\/\/ubirataonline.com.br\/#website","url":"https:\/\/ubirataonline.com.br\/","name":"Ubirat\u00e3 Online Not\u00edcias","description":"Not\u00edcias de Ubirat\u00e3, regi\u00e3o, Brasil e mundo, com informa\u00e7\u00e3o atualizada e compromisso com o leitor.","publisher":{"@id":"https:\/\/ubirataonline.com.br\/#organization"},"alternateName":"Ubirat\u00e3 Online","potentialAction":[{"@type":"SearchAction","target":{"@type":"EntryPoint","urlTemplate":"https:\/\/ubirataonline.com.br\/?s={search_term_string}"},"query-input":{"@type":"PropertyValueSpecification","valueRequired":true,"valueName":"search_term_string"}}],"inLanguage":"en-US"},{"@type":["Organization","Place"],"@id":"https:\/\/ubirataonline.com.br\/#organization","name":"Ubirat\u00e3 Online Not\u00edcias","alternateName":"Ubirat\u00e3 Online","url":"https:\/\/ubirataonline.com.br\/","logo":{"@id":"https:\/\/ubirataonline.com.br\/brasil-registra-cerca-de-2-milhoes-de-trabalhadores-por-aplicativos-em-2025\/#local-main-organization-logo"},"image":{"@id":"https:\/\/ubirataonline.com.br\/brasil-registra-cerca-de-2-milhoes-de-trabalhadores-por-aplicativos-em-2025\/#local-main-organization-logo"},"sameAs":["https:\/\/www.facebook.com\/portalubirataonline","https:\/\/x.com\/ubirataonline","https:\/\/mastodon.social\/@ubirataonline","https:\/\/www.facebook.com\/groups\/311144672285604","https:\/\/www.facebook.com\/UBTAOnline","https:\/\/www.instagram.com\/portalubirataonline\/","https:\/\/twitter.com\/ubirataonline"],"description":"Somos um portal de not\u00edcias independente, criado em 5 de janeiro de 2009, com o objetivo de informar, conectar e valorizar a nossa comunidade de Ubirat\u00e3 e toda aregi\u00e3o. Com conte\u00fado atualizado, confi\u00e1vel e relevante, o Ubirat\u00e3 Online \u00e9 o seu espa\u00e7o para ficar por dentro dos principais acontecimentos locais, regionais, Brasil, Mundo e de interesse geral. Nosso compromisso \u00e9 com a verdade, a transpar\u00eancia e o respeito ao leitor.","legalName":"UBIRATA ONLINE NOT\u00cdCIAS","foundingDate":"2009-01-05","numberOfEmployees":{"@type":"QuantitativeValue","minValue":"1","maxValue":"10"},"publishingPrinciples":"https:\/\/ubirataonline.com.br\/faq\/","address":{"@id":"https:\/\/ubirataonline.com.br\/brasil-registra-cerca-de-2-milhoes-de-trabalhadores-por-aplicativos-em-2025\/#local-main-place-address"},"geo":{"@type":"GeoCoordinates","latitude":"-24.5361401","longitude":"-52.9921776"},"telephone":["+5544998308235"],"contactPoint":{"@type":"ContactPoint","email":"contato@ubirataonline.com.br"},"openingHoursSpecification":{"@type":"OpeningHoursSpecification","dayOfWeek":["Monday","Tuesday","Wednesday","Thursday","Friday","Saturday","Sunday"],"opens":"00:00","closes":"23:59"},"email":"contato@ubirataonline.com.br","vatID":"47.621.418\/0001-80"},{"@type":"Person","@id":"https:\/\/ubirataonline.com.br\/#\/schema\/person\/372f87bbd3fdd79b8556b84c98d0bc1c","name":"REDA\u00c7\u00c3O: UBIRAT\u00c3 ONLINE - F\u00c1BIO AUGUSTO CELESTINO","pronouns":"Ele","description":"Desde 2003 trabalhando com not\u00edcias.","sameAs":["http:\/\/ubirataoline.com.br","https:\/\/www.facebook.com\/portalubirataonline","https:\/\/www.instagram.com\/ubirataonline_oficial","https:\/\/x.com\/x.com\/ubirataonline"],"honorificPrefix":"Mr.","honorificSuffix":"MD","birthDate":"1980-06-16","gender":"masculino","award":["V\u00e1rios pr\u00eamios de melhor portal da cidade"],"jobTitle":"Diretor","url":"https:\/\/ubirataonline.com.br\/en\/author\/ubirataonline\/"},{"@type":"PostalAddress","@id":"https:\/\/ubirataonline.com.br\/brasil-registra-cerca-de-2-milhoes-de-trabalhadores-por-aplicativos-em-2025\/#local-main-place-address","streetAddress":"Rua dos Coqueiros, 104 - Bairro Boa Vista, Rua dos Coqueiros, 104 Bairro Boa Vista","addressLocality":"UBIRATA","postalCode":"85440-000","addressRegion":"PR","addressCountry":"BR"},{"@type":"ImageObject","inLanguage":"en-US","@id":"https:\/\/ubirataonline.com.br\/brasil-registra-cerca-de-2-milhoes-de-trabalhadores-por-aplicativos-em-2025\/#local-main-organization-logo","url":"https:\/\/ubirataonline.com.br\/wp-content\/uploads\/2026\/06\/logoubirataonline-1.webp","contentUrl":"https:\/\/ubirataonline.com.br\/wp-content\/uploads\/2026\/06\/logoubirataonline-1.webp","width":500,"height":500,"caption":"Ubirat\u00e3 Online Not\u00edcias"}]},"geo.placename":"UBIRATA","geo.position":{"lat":"-24.5361401","long":"-52.9921776"},"geo.region":"Brazil"},"_links":{"self":[{"href":"https:\/\/ubirataonline.com.br\/en\/wp-json\/wp\/v2\/posts\/170627","targetHints":{"allow":["GET"]}}],"collection":[{"href":"https:\/\/ubirataonline.com.br\/en\/wp-json\/wp\/v2\/posts"}],"about":[{"href":"https:\/\/ubirataonline.com.br\/en\/wp-json\/wp\/v2\/types\/post"}],"author":[{"embeddable":true,"href":"https:\/\/ubirataonline.com.br\/en\/wp-json\/wp\/v2\/users\/1"}],"replies":[{"embeddable":true,"href":"https:\/\/ubirataonline.com.br\/en\/wp-json\/wp\/v2\/comments?post=170627"}],"version-history":[{"count":1,"href":"https:\/\/ubirataonline.com.br\/en\/wp-json\/wp\/v2\/posts\/170627\/revisions"}],"predecessor-version":[{"id":170662,"href":"https:\/\/ubirataonline.com.br\/en\/wp-json\/wp\/v2\/posts\/170627\/revisions\/170662"}],"wp:featuredmedia":[{"embeddable":true,"href":"https:\/\/ubirataonline.com.br\/en\/wp-json\/wp\/v2\/media\/170661"}],"wp:attachment":[{"href":"https:\/\/ubirataonline.com.br\/en\/wp-json\/wp\/v2\/media?parent=170627"}],"wp:term":[{"taxonomy":"category","embeddable":true,"href":"https:\/\/ubirataonline.com.br\/en\/wp-json\/wp\/v2\/categories?post=170627"},{"taxonomy":"post_tag","embeddable":true,"href":"https:\/\/ubirataonline.com.br\/en\/wp-json\/wp\/v2\/tags?post=170627"}],"curies":[{"name":"wp","href":"https:\/\/api.w.org\/{rel}","templated":true}]}}