{"id":170651,"date":"2026-09-04T12:57:30","date_gmt":"2026-09-04T15:57:30","guid":{"rendered":"https:\/\/ubirataonline.com.br\/projeto-de-lei-propoe-auxilio-alimentacao-para-idosos-em-vulnerabilidade-social-no-brasil\/"},"modified":"2026-09-04T13:04:47","modified_gmt":"2026-09-04T16:04:47","slug":"projeto-de-lei-propoe-auxilio-alimentacao-para-idosos-em-vulnerabilidade-social-no-brasil","status":"publish","type":"post","link":"https:\/\/ubirataonline.com.br\/en\/projeto-de-lei-propoe-auxilio-alimentacao-para-idosos-em-vulnerabilidade-social-no-brasil\/","title":{"rendered":"Projeto de lei prop\u00f5e aux\u00edlio-alimenta\u00e7\u00e3o para idosos em vulnerabilidade social no Brasil"},"content":{"rendered":"<h2>Projeto de lei prop\u00f5e a cria\u00e7\u00e3o de um aux\u00edlio-alimenta\u00e7\u00e3o voltado especificamente para idosos em situa\u00e7\u00e3o de vulnerabilidade social em todo o territ\u00f3rio nacional.<\/h2>\n<p>O <b>Projeto de Lei 3310\/26<\/b>, que atualmente tramita na C\u00e2mara dos Deputados, busca instituir o chamado <b>Programa Alimenta\u00e7\u00e3o Digna da Pessoa Idosa<\/b>. A iniciativa pretende oferecer um suporte financeiro mensal para garantir que cidad\u00e3os com 60 anos ou mais tenham acesso a itens b\u00e1sicos de consumo.<\/p>\n<p>A medida \u00e9 direcionada exclusivamente para o p\u00fablico idoso que j\u00e1 se encontra em situa\u00e7\u00e3o de vulnerabilidade social e possui registro ativo no <b>Cadastro \u00danico para Programas Sociais do Governo Federal (Cad\u00danico)<\/b>. O objetivo central \u00e9 fornecer um mecanismo eficiente para o combate \u00e0 fome nessa faixa et\u00e1ria.<\/p>\n<p>Conforme informa\u00e7\u00e3o divulgada pela <b>Ag\u00eancia C\u00e2mara<\/b>, o benef\u00edcio ser\u00e1 operacionalizado, preferencialmente, por meio de um cart\u00e3o eletr\u00f4nico de uso exclusivo, destinado apenas \u00e0 compra de alimentos em estabelecimentos comerciais.<\/p>\n<h3>Como funcionar\u00e1 o benef\u00edcio alimentar<\/h3>\n<p>Segundo o autor da proposta, o Deputados Duda Ramos (Pode-RR), a inten\u00e7\u00e3o \u00e9 implementar um sistema moderno e adapt\u00e1vel. O parlamentar destaca que o formato busca atender \u00e0s diferentes realidades regionais do Brasil, garantindo que o aux\u00edlio seja eficaz na pr\u00e1tica di\u00e1ria dos benefici\u00e1rios.<\/p>\n<p>O valor exato do aux\u00edlio ainda n\u00e3o foi definido, pois ser\u00e1 estabelecido posteriormente atrav\u00e9s de um regulamento espec\u00edfico. Para determinar o montante, o governo dever\u00e1 levar em conta fatores como o custo dos alimentos em cada regi\u00e3o, os par\u00e2metros nutricionais m\u00ednimos e a renda real dos idosos.<\/p>\n<h3>Log\u00edstica e descentraliza\u00e7\u00e3o do programa<\/h3>\n<p>A execu\u00e7\u00e3o do programa ser\u00e1 feita de forma descentralizada, contando com o apoio fundamental dos estados, do Distrito Federal e dos munic\u00edpios brasileiros. Essa estrutura visa facilitar a distribui\u00e7\u00e3o e o acompanhamento Pr\u00f3ximos de quem mais precisa do suporte.<\/p>\n<p>Em situa\u00e7\u00f5es excepcionais, como em \u00e1reas geogr\u00e1ficas com restri\u00e7\u00f5es log\u00edsticas graves ou locais de dif\u00edcil acesso, o projeto prev\u00ea alternativas. Nesses casos, o aux\u00edlio poder\u00e1 ser convertido na entrega direta de cestas b\u00e1sicas ou kits alimentares, garantindo que o alimento chegue ao destino.<\/p>\n<h3>Tramita\u00e7\u00e3o e pr\u00f3ximos passos legislativos<\/h3>\n<p>Para que o aux\u00edlio-alimenta\u00e7\u00e3o se torne uma realidade, o projeto de lei ainda precisa percorrer um longo caminho dentro do Congresso Nacional. O texto ser\u00e1 analisado, em car\u00e1ter conclusivo, por diversas comiss\u00f5es tem\u00e1ticas da C\u00e2mara dos Deputados.<\/p>\n<p>Entre as comiss\u00f5es que avaliar\u00e3o a proposta est\u00e3o as de Previd\u00eancia, Assist\u00eancia Social, Inf\u00e2ncia, Adolesc\u00eancia e Fam\u00edlia, al\u00e9m da Defesa dos Direitos da Pessoa Idosa, Finan\u00e7as e Tributa\u00e7\u00e3o, e Constitui\u00e7\u00e3o e Justi\u00e7a. Ap\u00f3s a aprova\u00e7\u00e3o na C\u00e2mara, a mat\u00e9ria ainda precisar\u00e1 ser validada pelo Senado Federal.<\/p>\n<h3>FAQ<\/h3>\n<p>Quem ter\u00e1 Direitos ao aux\u00edlio-alimenta\u00e7\u00e3o?O benef\u00edcio ser\u00e1 voltado para Pessoa com 60 anos ou mais que estejam em situa\u00e7\u00e3o de vulnerabilidade social e devidamente inscritas no Cad\u00danico.<\/p>\n<p><b>Como o benef\u00edcio ser\u00e1 pago?<\/b><br \/>A proposta prev\u00ea, preferencialmente, o uso de um cart\u00e3o eletr\u00f4nico exclusivo para a compra de alimentos em estabelecimentos comerciais.<\/p>\n<p><b>O valor do aux\u00edlio ser\u00e1 fixo para todo o pa\u00eds?<\/b><br \/>N\u00e3o. O valor ser\u00e1 definido em regulamento posterior, considerando varia\u00e7\u00f5es regionais no custo dos alimentos e a realidade socioecon\u00f4mica dos benefici\u00e1rios.<\/p>\n<p><b>E se o idoso morar em uma regi\u00e3o de dif\u00edcil acesso?<\/b><br \/>O projeto permite que, em casos excepcionais, o benef\u00edcio seja entregue na forma de cestas b\u00e1sicas ou kits de alimentos para superar restri\u00e7\u00f5es log\u00edsticas.<\/p>\n<p><b>O projeto j\u00e1 pode ser utilizado pelos idosos?<\/b><br \/>Ainda n\u00e3o. O texto est\u00e1 em an\u00e1lise na C\u00e2mara dos Deputados e precisa ser aprovado pelas comiss\u00f5es e pelos plen\u00e1rios da C\u00e2mara e do Senado antes de virar lei.<\/p>","protected":false},"excerpt":{"rendered":"<p>Projeto de lei prop\u00f5e a cria\u00e7\u00e3o de um aux\u00edlio-alimenta\u00e7\u00e3o voltado especificamente para idosos em situa\u00e7\u00e3o de vulnerabilidade social em todo o territ\u00f3rio nacional. O Projeto de Lei 3310\/26, que atualmente tramita na C\u00e2mara dos Deputados, busca instituir o chamado Programa Alimenta\u00e7\u00e3o Digna da Pessoa Idosa. A iniciativa pretende oferecer um suporte financeiro mensal para garantir [&hellip;]<\/p>\n","protected":false},"author":1,"featured_media":170653,"comment_status":"closed","ping_status":"closed","sticky":false,"template":"","format":"standard","meta":{"googlesitekit_rrm_CAow2JLhCw:productID":"","_gspb_post_css":"","maa_idioma":"","maa_pais":"","footnotes":""},"categories":[4],"tags":[],"class_list":["post-170651","post","type-post","status-publish","format-standard","has-post-thumbnail","hentry","category-brasil"],"blocksy_meta":[],"yoast_head":"<!-- This site is optimized with the Yoast SEO Premium plugin v27.6 (Yoast SEO v27.6) - https:\/\/yoast.com\/product\/yoast-seo-premium-wordpress\/ -->\n<title>Projeto de lei prop\u00f5e aux\u00edlio-alimenta\u00e7\u00e3o para idosos em vulnerabilidade social no Brasil - Ubirat\u00e3 Online Not\u00edcias - A realidade ao seu alcance!<\/title>\n<meta name=\"description\" content=\"Projeto de lei prop\u00f5e a cria\u00e7\u00e3o de um aux\u00edlio-alimenta\u00e7\u00e3o voltado especificamente para idosos em situa\u00e7\u00e3o de vulnerabilidade social em todo o territ\u00f3rio\" \/>\n<meta name=\"robots\" content=\"index, follow, max-snippet:-1, max-image-preview:large, max-video-preview:-1\" \/>\n<link rel=\"canonical\" href=\"https:\/\/ubirataonline.com.br\/en\/projeto-de-lei-propoe-auxilio-alimentacao-para-idosos-em-vulnerabilidade-social-no-brasil\/\" \/>\n<meta property=\"og:locale\" content=\"en_US\" \/>\n<meta property=\"og:type\" content=\"article\" \/>\n<meta property=\"og:title\" content=\"Projeto de lei prop\u00f5e aux\u00edlio-alimenta\u00e7\u00e3o para idosos em vulnerabilidade social no Brasil\" \/>\n<meta property=\"og:description\" content=\"Projeto de lei prop\u00f5e a cria\u00e7\u00e3o de um aux\u00edlio-alimenta\u00e7\u00e3o voltado especificamente para idosos em situa\u00e7\u00e3o de vulnerabilidade social em todo o territ\u00f3rio\" \/>\n<meta property=\"og:url\" content=\"https:\/\/ubirataonline.com.br\/en\/projeto-de-lei-propoe-auxilio-alimentacao-para-idosos-em-vulnerabilidade-social-no-brasil\/\" \/>\n<meta property=\"og:site_name\" content=\"Ubirat\u00e3 Online Not\u00edcias - A realidade ao seu alcance!\" \/>\n<meta property=\"article:publisher\" content=\"https:\/\/www.facebook.com\/portalubirataonline\" \/>\n<meta property=\"article:author\" content=\"https:\/\/www.facebook.com\/portalubirataonline\" \/>\n<meta property=\"article:published_time\" content=\"2026-09-04T15:57:30+00:00\" \/>\n<meta property=\"article:modified_time\" content=\"2026-09-04T16:04:47+00:00\" \/>\n<meta property=\"og:image\" content=\"https:\/\/ubirataonline.com.br\/wp-content\/uploads\/2026\/09\/maaimg-post-170651-20260904-160444.webp\" \/>\n\t<meta property=\"og:image:width\" content=\"1376\" \/>\n\t<meta property=\"og:image:height\" content=\"768\" \/>\n\t<meta property=\"og:image:type\" content=\"image\/webp\" \/>\n<meta name=\"author\" content=\"REDA\u00c7\u00c3O: UBIRAT\u00c3 ONLINE - F\u00c1BIO AUGUSTO CELESTINO\" \/>\n<meta name=\"twitter:card\" content=\"summary_large_image\" \/>\n<meta name=\"twitter:creator\" content=\"@x.com\/ubirataonline\" \/>\n<meta name=\"twitter:site\" content=\"@ubirataonline\" \/>\n<meta name=\"twitter:label1\" content=\"Written by\" \/>\n\t<meta name=\"twitter:data1\" content=\"REDA\u00c7\u00c3O: UBIRAT\u00c3 ONLINE - F\u00c1BIO AUGUSTO CELESTINO\" \/>\n\t<meta name=\"twitter:label2\" content=\"Est. reading time\" \/>\n\t<meta name=\"twitter:data2\" content=\"4 minutes\" \/>\n<script type=\"application\/ld+json\" class=\"yoast-schema-graph\">{\"@context\":\"https:\\\/\\\/schema.org\",\"@graph\":[{\"@type\":\"NewsArticle\",\"@id\":\"https:\\\/\\\/ubirataonline.com.br\\\/projeto-de-lei-propoe-auxilio-alimentacao-para-idosos-em-vulnerabilidade-social-no-brasil\\\/#article\",\"isPartOf\":{\"@id\":\"https:\\\/\\\/ubirataonline.com.br\\\/projeto-de-lei-propoe-auxilio-alimentacao-para-idosos-em-vulnerabilidade-social-no-brasil\\\/\"},\"author\":{\"name\":\"REDA\u00c7\u00c3O: UBIRAT\u00c3 ONLINE - F\u00c1BIO AUGUSTO CELESTINO\",\"@id\":\"https:\\\/\\\/ubirataonline.com.br\\\/#\\\/schema\\\/person\\\/372f87bbd3fdd79b8556b84c98d0bc1c\"},\"headline\":\"Projeto de lei prop\u00f5e aux\u00edlio-alimenta\u00e7\u00e3o para idosos em vulnerabilidade social no Brasil\",\"datePublished\":\"2026-09-04T15:57:30+00:00\",\"dateModified\":\"2026-09-04T16:04:47+00:00\",\"mainEntityOfPage\":{\"@id\":\"https:\\\/\\\/ubirataonline.com.br\\\/projeto-de-lei-propoe-auxilio-alimentacao-para-idosos-em-vulnerabilidade-social-no-brasil\\\/\"},\"wordCount\":678,\"publisher\":{\"@id\":\"https:\\\/\\\/ubirataonline.com.br\\\/#organization\"},\"image\":{\"@id\":\"https:\\\/\\\/ubirataonline.com.br\\\/projeto-de-lei-propoe-auxilio-alimentacao-para-idosos-em-vulnerabilidade-social-no-brasil\\\/#primaryimage\"},\"thumbnailUrl\":\"https:\\\/\\\/ubirataonline.com.br\\\/wp-content\\\/uploads\\\/2026\\\/09\\\/maaimg-post-170651-20260904-160444.webp\",\"articleSection\":[\"Brasil\"],\"inLanguage\":\"en-US\",\"copyrightYear\":\"2026\",\"copyrightHolder\":{\"@id\":\"https:\\\/\\\/ubirataonline.com.br\\\/en\\\/#organization\"}},{\"@type\":\"WebPage\",\"@id\":\"https:\\\/\\\/ubirataonline.com.br\\\/projeto-de-lei-propoe-auxilio-alimentacao-para-idosos-em-vulnerabilidade-social-no-brasil\\\/\",\"url\":\"https:\\\/\\\/ubirataonline.com.br\\\/projeto-de-lei-propoe-auxilio-alimentacao-para-idosos-em-vulnerabilidade-social-no-brasil\\\/\",\"name\":\"Projeto de lei prop\u00f5e aux\u00edlio-alimenta\u00e7\u00e3o para idosos em vulnerabilidade social no Brasil - Ubirat\u00e3 Online Not\u00edcias - A realidade ao seu alcance!\",\"isPartOf\":{\"@id\":\"https:\\\/\\\/ubirataonline.com.br\\\/#website\"},\"primaryImageOfPage\":{\"@id\":\"https:\\\/\\\/ubirataonline.com.br\\\/projeto-de-lei-propoe-auxilio-alimentacao-para-idosos-em-vulnerabilidade-social-no-brasil\\\/#primaryimage\"},\"image\":{\"@id\":\"https:\\\/\\\/ubirataonline.com.br\\\/projeto-de-lei-propoe-auxilio-alimentacao-para-idosos-em-vulnerabilidade-social-no-brasil\\\/#primaryimage\"},\"thumbnailUrl\":\"https:\\\/\\\/ubirataonline.com.br\\\/wp-content\\\/uploads\\\/2026\\\/09\\\/maaimg-post-170651-20260904-160444.webp\",\"datePublished\":\"2026-09-04T15:57:30+00:00\",\"dateModified\":\"2026-09-04T16:04:47+00:00\",\"description\":\"Projeto de lei prop\u00f5e a cria\u00e7\u00e3o de um aux\u00edlio-alimenta\u00e7\u00e3o voltado especificamente para idosos em situa\u00e7\u00e3o de vulnerabilidade social em todo o territ\u00f3rio\",\"breadcrumb\":{\"@id\":\"https:\\\/\\\/ubirataonline.com.br\\\/projeto-de-lei-propoe-auxilio-alimentacao-para-idosos-em-vulnerabilidade-social-no-brasil\\\/#breadcrumb\"},\"inLanguage\":\"en-US\",\"potentialAction\":[{\"@type\":\"ReadAction\",\"target\":[\"https:\\\/\\\/ubirataonline.com.br\\\/projeto-de-lei-propoe-auxilio-alimentacao-para-idosos-em-vulnerabilidade-social-no-brasil\\\/\"]}]},{\"@type\":\"ImageObject\",\"inLanguage\":\"en-US\",\"@id\":\"https:\\\/\\\/ubirataonline.com.br\\\/projeto-de-lei-propoe-auxilio-alimentacao-para-idosos-em-vulnerabilidade-social-no-brasil\\\/#primaryimage\",\"url\":\"https:\\\/\\\/ubirataonline.com.br\\\/wp-content\\\/uploads\\\/2026\\\/09\\\/maaimg-post-170651-20260904-160444.webp\",\"contentUrl\":\"https:\\\/\\\/ubirataonline.com.br\\\/wp-content\\\/uploads\\\/2026\\\/09\\\/maaimg-post-170651-20260904-160444.webp\",\"width\":1376,\"height\":768,\"caption\":\"Imagem ilustrativa Gerada por IA\"},{\"@type\":\"BreadcrumbList\",\"@id\":\"https:\\\/\\\/ubirataonline.com.br\\\/projeto-de-lei-propoe-auxilio-alimentacao-para-idosos-em-vulnerabilidade-social-no-brasil\\\/#breadcrumb\",\"itemListElement\":[{\"@type\":\"ListItem\",\"position\":1,\"name\":\"In\u00edcio\",\"item\":\"https:\\\/\\\/ubirataonline.com.br\\\/\"},{\"@type\":\"ListItem\",\"position\":2,\"name\":\"Projeto de lei prop\u00f5e aux\u00edlio-alimenta\u00e7\u00e3o para idosos em vulnerabilidade social no Brasil\"}]},{\"@type\":\"WebSite\",\"@id\":\"https:\\\/\\\/ubirataonline.com.br\\\/#website\",\"url\":\"https:\\\/\\\/ubirataonline.com.br\\\/\",\"name\":\"Ubirat\u00e3 Online Not\u00edcias\",\"description\":\"Not\u00edcias de Ubirat\u00e3, regi\u00e3o, Brasil e mundo, com informa\u00e7\u00e3o atualizada e compromisso com o leitor.\",\"publisher\":{\"@id\":\"https:\\\/\\\/ubirataonline.com.br\\\/#organization\"},\"alternateName\":\"Ubirat\u00e3 Online\",\"potentialAction\":[{\"@type\":\"SearchAction\",\"target\":{\"@type\":\"EntryPoint\",\"urlTemplate\":\"https:\\\/\\\/ubirataonline.com.br\\\/?s={search_term_string}\"},\"query-input\":{\"@type\":\"PropertyValueSpecification\",\"valueRequired\":true,\"valueName\":\"search_term_string\"}}],\"inLanguage\":\"en-US\"},{\"@type\":[\"Organization\",\"Place\"],\"@id\":\"https:\\\/\\\/ubirataonline.com.br\\\/#organization\",\"name\":\"Ubirat\u00e3 Online Not\u00edcias\",\"alternateName\":\"Ubirat\u00e3 Online\",\"url\":\"https:\\\/\\\/ubirataonline.com.br\\\/\",\"logo\":{\"@id\":\"https:\\\/\\\/ubirataonline.com.br\\\/projeto-de-lei-propoe-auxilio-alimentacao-para-idosos-em-vulnerabilidade-social-no-brasil\\\/#local-main-organization-logo\"},\"image\":{\"@id\":\"https:\\\/\\\/ubirataonline.com.br\\\/projeto-de-lei-propoe-auxilio-alimentacao-para-idosos-em-vulnerabilidade-social-no-brasil\\\/#local-main-organization-logo\"},\"sameAs\":[\"https:\\\/\\\/www.facebook.com\\\/portalubirataonline\",\"https:\\\/\\\/x.com\\\/ubirataonline\",\"https:\\\/\\\/mastodon.social\\\/@ubirataonline\",\"https:\\\/\\\/www.facebook.com\\\/groups\\\/311144672285604\",\"https:\\\/\\\/www.facebook.com\\\/UBTAOnline\",\"https:\\\/\\\/www.instagram.com\\\/portalubirataonline\\\/\",\"https:\\\/\\\/twitter.com\\\/ubirataonline\"],\"description\":\"Somos um portal de not\u00edcias independente, criado em 5 de janeiro de 2009, com o objetivo de informar, conectar e valorizar a nossa comunidade de Ubirat\u00e3 e toda aregi\u00e3o. Com conte\u00fado atualizado, confi\u00e1vel e relevante, o Ubirat\u00e3 Online \u00e9 o seu espa\u00e7o para ficar por dentro dos principais acontecimentos locais, regionais, Brasil, Mundo e de interesse geral. Nosso compromisso \u00e9 com a verdade, a transpar\u00eancia e o respeito ao leitor.\",\"legalName\":\"UBIRATA ONLINE NOT\u00cdCIAS\",\"foundingDate\":\"2009-01-05\",\"numberOfEmployees\":{\"@type\":\"QuantitativeValue\",\"minValue\":\"1\",\"maxValue\":\"10\"},\"publishingPrinciples\":\"https:\\\/\\\/ubirataonline.com.br\\\/faq\\\/\",\"address\":{\"@id\":\"https:\\\/\\\/ubirataonline.com.br\\\/projeto-de-lei-propoe-auxilio-alimentacao-para-idosos-em-vulnerabilidade-social-no-brasil\\\/#local-main-place-address\"},\"geo\":{\"@type\":\"GeoCoordinates\",\"latitude\":\"-24.5361401\",\"longitude\":\"-52.9921776\"},\"telephone\":[\"+5544998308235\"],\"contactPoint\":{\"@type\":\"ContactPoint\",\"email\":\"contato@ubirataonline.com.br\"},\"openingHoursSpecification\":{\"@type\":\"OpeningHoursSpecification\",\"dayOfWeek\":[\"Monday\",\"Tuesday\",\"Wednesday\",\"Thursday\",\"Friday\",\"Saturday\",\"Sunday\"],\"opens\":\"00:00\",\"closes\":\"23:59\"},\"email\":\"contato@ubirataonline.com.br\",\"vatID\":\"47.621.418\\\/0001-80\"},{\"@type\":\"Person\",\"@id\":\"https:\\\/\\\/ubirataonline.com.br\\\/#\\\/schema\\\/person\\\/372f87bbd3fdd79b8556b84c98d0bc1c\",\"name\":\"REDA\u00c7\u00c3O: UBIRAT\u00c3 ONLINE - F\u00c1BIO AUGUSTO CELESTINO\",\"pronouns\":\"Ele\",\"description\":\"Desde 2003 trabalhando com not\u00edcias.\",\"sameAs\":[\"http:\\\/\\\/ubirataoline.com.br\",\"https:\\\/\\\/www.facebook.com\\\/portalubirataonline\",\"https:\\\/\\\/www.instagram.com\\\/ubirataonline_oficial\",\"https:\\\/\\\/x.com\\\/x.com\\\/ubirataonline\"],\"honorificPrefix\":\"Mr.\",\"honorificSuffix\":\"MD\",\"birthDate\":\"1980-06-16\",\"gender\":\"masculino\",\"award\":[\"V\u00e1rios pr\u00eamios de melhor portal da cidade\"],\"jobTitle\":\"Diretor\",\"url\":\"https:\\\/\\\/ubirataonline.com.br\\\/en\\\/author\\\/ubirataonline\\\/\"},{\"@type\":\"PostalAddress\",\"@id\":\"https:\\\/\\\/ubirataonline.com.br\\\/projeto-de-lei-propoe-auxilio-alimentacao-para-idosos-em-vulnerabilidade-social-no-brasil\\\/#local-main-place-address\",\"streetAddress\":\"Rua dos Coqueiros, 104 - Bairro Boa Vista, Rua dos Coqueiros, 104 Bairro Boa Vista\",\"addressLocality\":\"UBIRATA\",\"postalCode\":\"85440-000\",\"addressRegion\":\"PR\",\"addressCountry\":\"BR\"},{\"@type\":\"ImageObject\",\"inLanguage\":\"en-US\",\"@id\":\"https:\\\/\\\/ubirataonline.com.br\\\/projeto-de-lei-propoe-auxilio-alimentacao-para-idosos-em-vulnerabilidade-social-no-brasil\\\/#local-main-organization-logo\",\"url\":\"https:\\\/\\\/ubirataonline.com.br\\\/wp-content\\\/uploads\\\/2026\\\/06\\\/logoubirataonline-1.webp\",\"contentUrl\":\"https:\\\/\\\/ubirataonline.com.br\\\/wp-content\\\/uploads\\\/2026\\\/06\\\/logoubirataonline-1.webp\",\"width\":500,\"height\":500,\"caption\":\"Ubirat\u00e3 Online Not\u00edcias\"}]}<\/script>\n<meta name=\"geo.placename\" content=\"UBIRATA\" \/>\n<meta name=\"geo.position\" content=\"-24.5361401;-52.9921776\" \/>\n<meta name=\"geo.region\" content=\"Brazil\" \/>\n<!-- \/ Yoast SEO Premium plugin. -->","yoast_head_json":{"title":"Projeto de lei prop\u00f5e aux\u00edlio-alimenta\u00e7\u00e3o para idosos em vulnerabilidade social no Brasil - Ubirat\u00e3 Online Not\u00edcias - A realidade ao seu alcance!","description":"Projeto de lei prop\u00f5e a cria\u00e7\u00e3o de um aux\u00edlio-alimenta\u00e7\u00e3o voltado especificamente para idosos em situa\u00e7\u00e3o de vulnerabilidade social em todo o territ\u00f3rio","robots":{"index":"index","follow":"follow","max-snippet":"max-snippet:-1","max-image-preview":"max-image-preview:large","max-video-preview":"max-video-preview:-1"},"canonical":"https:\/\/ubirataonline.com.br\/en\/projeto-de-lei-propoe-auxilio-alimentacao-para-idosos-em-vulnerabilidade-social-no-brasil\/","og_locale":"en_US","og_type":"article","og_title":"Projeto de lei prop\u00f5e aux\u00edlio-alimenta\u00e7\u00e3o para idosos em vulnerabilidade social no Brasil","og_description":"Projeto de lei prop\u00f5e a cria\u00e7\u00e3o de um aux\u00edlio-alimenta\u00e7\u00e3o voltado especificamente para idosos em situa\u00e7\u00e3o de vulnerabilidade social em todo o territ\u00f3rio","og_url":"https:\/\/ubirataonline.com.br\/en\/projeto-de-lei-propoe-auxilio-alimentacao-para-idosos-em-vulnerabilidade-social-no-brasil\/","og_site_name":"Ubirat\u00e3 Online Not\u00edcias - A realidade ao seu alcance!","article_publisher":"https:\/\/www.facebook.com\/portalubirataonline","article_author":"https:\/\/www.facebook.com\/portalubirataonline","article_published_time":"2026-09-04T15:57:30+00:00","article_modified_time":"2026-09-04T16:04:47+00:00","og_image":[{"width":1376,"height":768,"url":"https:\/\/ubirataonline.com.br\/wp-content\/uploads\/2026\/09\/maaimg-post-170651-20260904-160444.webp","type":"image\/webp"}],"author":"REDA\u00c7\u00c3O: UBIRAT\u00c3 ONLINE - F\u00c1BIO AUGUSTO CELESTINO","twitter_card":"summary_large_image","twitter_creator":"@x.com\/ubirataonline","twitter_site":"@ubirataonline","twitter_misc":{"Written by":"REDA\u00c7\u00c3O: UBIRAT\u00c3 ONLINE - F\u00c1BIO AUGUSTO CELESTINO","Est. reading time":"4 minutes"},"schema":{"@context":"https:\/\/schema.org","@graph":[{"@type":"NewsArticle","@id":"https:\/\/ubirataonline.com.br\/projeto-de-lei-propoe-auxilio-alimentacao-para-idosos-em-vulnerabilidade-social-no-brasil\/#article","isPartOf":{"@id":"https:\/\/ubirataonline.com.br\/projeto-de-lei-propoe-auxilio-alimentacao-para-idosos-em-vulnerabilidade-social-no-brasil\/"},"author":{"name":"REDA\u00c7\u00c3O: UBIRAT\u00c3 ONLINE - F\u00c1BIO AUGUSTO CELESTINO","@id":"https:\/\/ubirataonline.com.br\/#\/schema\/person\/372f87bbd3fdd79b8556b84c98d0bc1c"},"headline":"Projeto de lei prop\u00f5e aux\u00edlio-alimenta\u00e7\u00e3o para idosos em vulnerabilidade social no Brasil","datePublished":"2026-09-04T15:57:30+00:00","dateModified":"2026-09-04T16:04:47+00:00","mainEntityOfPage":{"@id":"https:\/\/ubirataonline.com.br\/projeto-de-lei-propoe-auxilio-alimentacao-para-idosos-em-vulnerabilidade-social-no-brasil\/"},"wordCount":678,"publisher":{"@id":"https:\/\/ubirataonline.com.br\/#organization"},"image":{"@id":"https:\/\/ubirataonline.com.br\/projeto-de-lei-propoe-auxilio-alimentacao-para-idosos-em-vulnerabilidade-social-no-brasil\/#primaryimage"},"thumbnailUrl":"https:\/\/ubirataonline.com.br\/wp-content\/uploads\/2026\/09\/maaimg-post-170651-20260904-160444.webp","articleSection":["Brasil"],"inLanguage":"en-US","copyrightYear":"2026","copyrightHolder":{"@id":"https:\/\/ubirataonline.com.br\/en\/#organization"}},{"@type":"WebPage","@id":"https:\/\/ubirataonline.com.br\/projeto-de-lei-propoe-auxilio-alimentacao-para-idosos-em-vulnerabilidade-social-no-brasil\/","url":"https:\/\/ubirataonline.com.br\/projeto-de-lei-propoe-auxilio-alimentacao-para-idosos-em-vulnerabilidade-social-no-brasil\/","name":"Projeto de lei prop\u00f5e aux\u00edlio-alimenta\u00e7\u00e3o para idosos em vulnerabilidade social no Brasil - Ubirat\u00e3 Online Not\u00edcias - A realidade ao seu alcance!","isPartOf":{"@id":"https:\/\/ubirataonline.com.br\/#website"},"primaryImageOfPage":{"@id":"https:\/\/ubirataonline.com.br\/projeto-de-lei-propoe-auxilio-alimentacao-para-idosos-em-vulnerabilidade-social-no-brasil\/#primaryimage"},"image":{"@id":"https:\/\/ubirataonline.com.br\/projeto-de-lei-propoe-auxilio-alimentacao-para-idosos-em-vulnerabilidade-social-no-brasil\/#primaryimage"},"thumbnailUrl":"https:\/\/ubirataonline.com.br\/wp-content\/uploads\/2026\/09\/maaimg-post-170651-20260904-160444.webp","datePublished":"2026-09-04T15:57:30+00:00","dateModified":"2026-09-04T16:04:47+00:00","description":"Projeto de lei prop\u00f5e a cria\u00e7\u00e3o de um aux\u00edlio-alimenta\u00e7\u00e3o voltado especificamente para idosos em situa\u00e7\u00e3o de vulnerabilidade social em todo o territ\u00f3rio","breadcrumb":{"@id":"https:\/\/ubirataonline.com.br\/projeto-de-lei-propoe-auxilio-alimentacao-para-idosos-em-vulnerabilidade-social-no-brasil\/#breadcrumb"},"inLanguage":"en-US","potentialAction":[{"@type":"ReadAction","target":["https:\/\/ubirataonline.com.br\/projeto-de-lei-propoe-auxilio-alimentacao-para-idosos-em-vulnerabilidade-social-no-brasil\/"]}]},{"@type":"ImageObject","inLanguage":"en-US","@id":"https:\/\/ubirataonline.com.br\/projeto-de-lei-propoe-auxilio-alimentacao-para-idosos-em-vulnerabilidade-social-no-brasil\/#primaryimage","url":"https:\/\/ubirataonline.com.br\/wp-content\/uploads\/2026\/09\/maaimg-post-170651-20260904-160444.webp","contentUrl":"https:\/\/ubirataonline.com.br\/wp-content\/uploads\/2026\/09\/maaimg-post-170651-20260904-160444.webp","width":1376,"height":768,"caption":"Imagem ilustrativa Gerada por IA"},{"@type":"BreadcrumbList","@id":"https:\/\/ubirataonline.com.br\/projeto-de-lei-propoe-auxilio-alimentacao-para-idosos-em-vulnerabilidade-social-no-brasil\/#breadcrumb","itemListElement":[{"@type":"ListItem","position":1,"name":"In\u00edcio","item":"https:\/\/ubirataonline.com.br\/"},{"@type":"ListItem","position":2,"name":"Projeto de lei prop\u00f5e aux\u00edlio-alimenta\u00e7\u00e3o para idosos em vulnerabilidade social no Brasil"}]},{"@type":"WebSite","@id":"https:\/\/ubirataonline.com.br\/#website","url":"https:\/\/ubirataonline.com.br\/","name":"Ubirat\u00e3 Online Not\u00edcias","description":"Not\u00edcias de Ubirat\u00e3, regi\u00e3o, Brasil e mundo, com informa\u00e7\u00e3o atualizada e compromisso com o leitor.","publisher":{"@id":"https:\/\/ubirataonline.com.br\/#organization"},"alternateName":"Ubirat\u00e3 Online","potentialAction":[{"@type":"SearchAction","target":{"@type":"EntryPoint","urlTemplate":"https:\/\/ubirataonline.com.br\/?s={search_term_string}"},"query-input":{"@type":"PropertyValueSpecification","valueRequired":true,"valueName":"search_term_string"}}],"inLanguage":"en-US"},{"@type":["Organization","Place"],"@id":"https:\/\/ubirataonline.com.br\/#organization","name":"Ubirat\u00e3 Online Not\u00edcias","alternateName":"Ubirat\u00e3 Online","url":"https:\/\/ubirataonline.com.br\/","logo":{"@id":"https:\/\/ubirataonline.com.br\/projeto-de-lei-propoe-auxilio-alimentacao-para-idosos-em-vulnerabilidade-social-no-brasil\/#local-main-organization-logo"},"image":{"@id":"https:\/\/ubirataonline.com.br\/projeto-de-lei-propoe-auxilio-alimentacao-para-idosos-em-vulnerabilidade-social-no-brasil\/#local-main-organization-logo"},"sameAs":["https:\/\/www.facebook.com\/portalubirataonline","https:\/\/x.com\/ubirataonline","https:\/\/mastodon.social\/@ubirataonline","https:\/\/www.facebook.com\/groups\/311144672285604","https:\/\/www.facebook.com\/UBTAOnline","https:\/\/www.instagram.com\/portalubirataonline\/","https:\/\/twitter.com\/ubirataonline"],"description":"Somos um portal de not\u00edcias independente, criado em 5 de janeiro de 2009, com o objetivo de informar, conectar e valorizar a nossa comunidade de Ubirat\u00e3 e toda aregi\u00e3o. Com conte\u00fado atualizado, confi\u00e1vel e relevante, o Ubirat\u00e3 Online \u00e9 o seu espa\u00e7o para ficar por dentro dos principais acontecimentos locais, regionais, Brasil, Mundo e de interesse geral. Nosso compromisso \u00e9 com a verdade, a transpar\u00eancia e o respeito ao leitor.","legalName":"UBIRATA ONLINE NOT\u00cdCIAS","foundingDate":"2009-01-05","numberOfEmployees":{"@type":"QuantitativeValue","minValue":"1","maxValue":"10"},"publishingPrinciples":"https:\/\/ubirataonline.com.br\/faq\/","address":{"@id":"https:\/\/ubirataonline.com.br\/projeto-de-lei-propoe-auxilio-alimentacao-para-idosos-em-vulnerabilidade-social-no-brasil\/#local-main-place-address"},"geo":{"@type":"GeoCoordinates","latitude":"-24.5361401","longitude":"-52.9921776"},"telephone":["+5544998308235"],"contactPoint":{"@type":"ContactPoint","email":"contato@ubirataonline.com.br"},"openingHoursSpecification":{"@type":"OpeningHoursSpecification","dayOfWeek":["Monday","Tuesday","Wednesday","Thursday","Friday","Saturday","Sunday"],"opens":"00:00","closes":"23:59"},"email":"contato@ubirataonline.com.br","vatID":"47.621.418\/0001-80"},{"@type":"Person","@id":"https:\/\/ubirataonline.com.br\/#\/schema\/person\/372f87bbd3fdd79b8556b84c98d0bc1c","name":"REDA\u00c7\u00c3O: UBIRAT\u00c3 ONLINE - F\u00c1BIO AUGUSTO CELESTINO","pronouns":"Ele","description":"Desde 2003 trabalhando com not\u00edcias.","sameAs":["http:\/\/ubirataoline.com.br","https:\/\/www.facebook.com\/portalubirataonline","https:\/\/www.instagram.com\/ubirataonline_oficial","https:\/\/x.com\/x.com\/ubirataonline"],"honorificPrefix":"Mr.","honorificSuffix":"MD","birthDate":"1980-06-16","gender":"masculino","award":["V\u00e1rios pr\u00eamios de melhor portal da cidade"],"jobTitle":"Diretor","url":"https:\/\/ubirataonline.com.br\/en\/author\/ubirataonline\/"},{"@type":"PostalAddress","@id":"https:\/\/ubirataonline.com.br\/projeto-de-lei-propoe-auxilio-alimentacao-para-idosos-em-vulnerabilidade-social-no-brasil\/#local-main-place-address","streetAddress":"Rua dos Coqueiros, 104 - Bairro Boa Vista, Rua dos Coqueiros, 104 Bairro Boa Vista","addressLocality":"UBIRATA","postalCode":"85440-000","addressRegion":"PR","addressCountry":"BR"},{"@type":"ImageObject","inLanguage":"en-US","@id":"https:\/\/ubirataonline.com.br\/projeto-de-lei-propoe-auxilio-alimentacao-para-idosos-em-vulnerabilidade-social-no-brasil\/#local-main-organization-logo","url":"https:\/\/ubirataonline.com.br\/wp-content\/uploads\/2026\/06\/logoubirataonline-1.webp","contentUrl":"https:\/\/ubirataonline.com.br\/wp-content\/uploads\/2026\/06\/logoubirataonline-1.webp","width":500,"height":500,"caption":"Ubirat\u00e3 Online Not\u00edcias"}]},"geo.placename":"UBIRATA","geo.position":{"lat":"-24.5361401","long":"-52.9921776"},"geo.region":"Brazil"},"_links":{"self":[{"href":"https:\/\/ubirataonline.com.br\/en\/wp-json\/wp\/v2\/posts\/170651","targetHints":{"allow":["GET"]}}],"collection":[{"href":"https:\/\/ubirataonline.com.br\/en\/wp-json\/wp\/v2\/posts"}],"about":[{"href":"https:\/\/ubirataonline.com.br\/en\/wp-json\/wp\/v2\/types\/post"}],"author":[{"embeddable":true,"href":"https:\/\/ubirataonline.com.br\/en\/wp-json\/wp\/v2\/users\/1"}],"replies":[{"embeddable":true,"href":"https:\/\/ubirataonline.com.br\/en\/wp-json\/wp\/v2\/comments?post=170651"}],"version-history":[{"count":1,"href":"https:\/\/ubirataonline.com.br\/en\/wp-json\/wp\/v2\/posts\/170651\/revisions"}],"predecessor-version":[{"id":170654,"href":"https:\/\/ubirataonline.com.br\/en\/wp-json\/wp\/v2\/posts\/170651\/revisions\/170654"}],"wp:featuredmedia":[{"embeddable":true,"href":"https:\/\/ubirataonline.com.br\/en\/wp-json\/wp\/v2\/media\/170653"}],"wp:attachment":[{"href":"https:\/\/ubirataonline.com.br\/en\/wp-json\/wp\/v2\/media?parent=170651"}],"wp:term":[{"taxonomy":"category","embeddable":true,"href":"https:\/\/ubirataonline.com.br\/en\/wp-json\/wp\/v2\/categories?post=170651"},{"taxonomy":"post_tag","embeddable":true,"href":"https:\/\/ubirataonline.com.br\/en\/wp-json\/wp\/v2\/tags?post=170651"}],"curies":[{"name":"wp","href":"https:\/\/api.w.org\/{rel}","templated":true}]}}