{"id":170711,"date":"2026-09-04T14:45:57","date_gmt":"2026-09-04T17:45:57","guid":{"rendered":"https:\/\/ubirataonline.com.br\/?p=170711"},"modified":"2026-09-04T14:45:58","modified_gmt":"2026-09-04T17:45:58","slug":"quando-investigar-alergias-alimentares-em-criancas","status":"publish","type":"post","link":"https:\/\/ubirataonline.com.br\/en\/quando-investigar-alergias-alimentares-em-criancas\/","title":{"rendered":"Quando investigar alergias alimentares em crian\u00e7as?"},"content":{"rendered":"<p class=\"wp-block-paragraph\">A alimenta\u00e7\u00e3o infantil costuma ser cercada de expectativas positivas, mas tamb\u00e9m exige aten\u00e7\u00e3o a rea\u00e7\u00f5es que podem surgir ap\u00f3s o contato com determinados alimentos. Em alguns casos, sinais inicialmente interpretados como desconfortos comuns da inf\u00e2ncia podem indicar uma alergia alimentar em investiga\u00e7\u00e3o.<\/p>\n\n\n\n<p class=\"wp-block-paragraph\">Observar sintomas com cuidado n\u00e3o significa viver em estado de alerta permanente. Significa reconhecer padr\u00f5es e buscar avalia\u00e7\u00e3o adequada quando manifesta\u00e7\u00f5es passam a se repetir. Esse olhar atento \u00e9 especialmente importante em quadros como a alergia \u00e0 prote\u00edna do leite de vaca (APLV), frequente na primeira inf\u00e2ncia e de apresenta\u00e7\u00e3o cl\u00ednica vari\u00e1vel.<\/p>\n\n\n\n<h2 id=\"h-o-que-sao-alergias-alimentares-na-infancia\" class=\"wp-block-heading\">O que s\u00e3o alergias alimentares na inf\u00e2ncia?<\/h2>\n\n\n\n<p class=\"wp-block-paragraph\">A alergia alimentar \u00e9 uma resposta inadequada do sistema imunol\u00f3gico a prote\u00ednas presentes em determinados alimentos. Na inf\u00e2ncia, esse processo&nbsp;<strong>pode ocorrer logo nos primeiros contatos alimentares<\/strong>&nbsp;ou ap\u00f3s exposi\u00e7\u00f5es repetidas, dependendo do mecanismo imunol\u00f3gico envolvido. Leite de vaca, ovo, trigo, soja, amendoim e peixe est\u00e3o entre os alimentos mais associados a essas rea\u00e7\u00f5es.<\/p>\n\n\n\n<p class=\"wp-block-paragraph\">Nem toda rea\u00e7\u00e3o ap\u00f3s a alimenta\u00e7\u00e3o, por\u00e9m, \u00e9 alergia. Intoler\u00e2ncias, infec\u00e7\u00f5es gastrointestinais, refluxo, dermatites e outras condi\u00e7\u00f5es pedi\u00e1tricas podem produzir sintomas semelhantes. Por isso, a observa\u00e7\u00e3o cl\u00ednica tem valor justamente por ajudar a identificar o contexto, a frequ\u00eancia, a intensidade e a rela\u00e7\u00e3o temporal entre o alimento ingerido e o aparecimento dos sinais.<\/p>\n\n\n\n<h2 id=\"h-a-variedade-dos-sintomas-e-o-desafio-do-reconhecimento\" class=\"wp-block-heading\">A variedade dos sintomas e o desafio do reconhecimento<\/h2>\n\n\n\n<p class=\"wp-block-paragraph\">Um dos principais motivos para acompanhar sintomas com aten\u00e7\u00e3o \u00e9 a diversidade de manifesta\u00e7\u00f5es poss\u00edveis. Nas alergias mediadas por IgE, manifesta\u00e7\u00f5es como urtic\u00e1ria, incha\u00e7o, v\u00f4mitos, tosse e chiado costumam surgir em minutos ou poucas horas ap\u00f3s a ingest\u00e3o. J\u00e1 nas formas n\u00e3o mediadas por IgE, os sintomas podem ser mais tardios e menos espec\u00edficos.<\/p>\n\n\n\n<p class=\"wp-block-paragraph\">Diarreia, constipa\u00e7\u00e3o, sangue nas fezes, refluxo persistente e dificuldade de ganho de peso s\u00e3o alguns exemplos. Como esses sinais tamb\u00e9m aparecem em condi\u00e7\u00f5es comuns da inf\u00e2ncia, a combina\u00e7\u00e3o entre padr\u00e3o cl\u00ednico e avalia\u00e7\u00e3o profissional \u00e9 o que faz diferen\u00e7a.<\/p>\n\n\n\n<h2 id=\"h-a-observacao-estruturada-no-dia-a-dia\" class=\"wp-block-heading\">A observa\u00e7\u00e3o estruturada no dia a dia<\/h2>\n\n\n\n<p class=\"wp-block-paragraph\">Na pr\u00e1tica, a observa\u00e7\u00e3o dos sintomas precisa ser organizada para ser \u00fatil. Registrar quando os sinais aparecem, quanto tempo duram, quais alimentos foram ingeridos e se h\u00e1 recorr\u00eancia ap\u00f3s novas exposi\u00e7\u00f5es ajuda a qualificar a conversa com o pediatra ou alergista. Esse cuidado reduz interpreta\u00e7\u00f5es vagas e<strong>&nbsp;evita que a investiga\u00e7\u00e3o fique baseada apenas na mem\u00f3ria<\/strong>&nbsp;de epis\u00f3dios dispersos.<\/p>\n\n\n\n<p class=\"wp-block-paragraph\">Quando h\u00e1 suspeita de APLV, esse acompanhamento se torna ainda mais relevante, porque os sintomas podem envolver mais de um sistema ao mesmo tempo. Em situa\u00e7\u00f5es de d\u00favida, materiais de apoio, como o&nbsp;<a target=\"_blank\" href=\"https:\/\/www.alergiaaoleitedevaca.com.br\/questionario-sintomas\" rel=\"noopener\">question\u00e1rio de identifica\u00e7\u00e3o dos sintomas da APLV<\/a>, podem ajudar fam\u00edlias e cuidadores a organizar a percep\u00e7\u00e3o dos sinais antes da consulta, sem substituir a avalia\u00e7\u00e3o cl\u00ednica.<\/p>\n\n\n\n<h2 id=\"h-por-que-identificar-cedo-faz-diferenca\" class=\"wp-block-heading\">Por que identificar cedo faz diferen\u00e7a?<\/h2>\n\n\n\n<p class=\"wp-block-paragraph\">A identifica\u00e7\u00e3o precoce de uma poss\u00edvel alergia alimentar contribui para reduzir sofrimento, evitar exposi\u00e7\u00e3o continuada ao alimento desencadeante e prevenir impactos nutricionais. Em lactentes e crian\u00e7as pequenas, sintomas persistentes podem comprometer o apetite, o sono, o conforto gastrointestinal e, em alguns casos, o crescimento e o desenvolvimento.<\/p>\n\n\n\n<p class=\"wp-block-paragraph\">Tamb\u00e9m h\u00e1 um efeito importante sobre a qualidade de vida da fam\u00edlia. Quando o quadro demora a ser reconhecido, \u00e9 comum surgirem m\u00faltiplas tentativas informais de manejo, exclus\u00f5es alimentares sem orienta\u00e7\u00e3o e aumento da ansiedade dom\u00e9stica.<\/p>\n\n\n\n<p class=\"wp-block-paragraph\">Um processo diagn\u00f3stico mais organizado permite condutas mais seguras, com&nbsp;<strong>melhor defini\u00e7\u00e3o sobre necessidade de testes<\/strong>, dieta de exclus\u00e3o e eventual reintrodu\u00e7\u00e3o supervisionada.<\/p>\n\n\n\n<h2 id=\"h-o-risco-de-confundir-sintomas-e-excluir-alimentos-sem-criterio\" class=\"wp-block-heading\">O risco de confundir sintomas e excluir alimentos sem crit\u00e9rio<\/h2>\n\n\n\n<p class=\"wp-block-paragraph\">Apesar da import\u00e2ncia da observa\u00e7\u00e3o, interpretar qualquer desconforto como alergia pode levar a outro problema: restri\u00e7\u00f5es alimentares desnecess\u00e1rias. Diretrizes internacionais e protocolos cl\u00ednicos destacam que a APLV e outras alergias alimentares devem ser investigadas com crit\u00e9rio, porque o excesso de diagn\u00f3stico presumido tamb\u00e9m traz preju\u00edzos.<\/p>\n\n\n\n<p class=\"wp-block-paragraph\">Excluir leite e derivados, por exemplo, sem acompanhamento profissional pode afetar a ingest\u00e3o de nutrientes relevantes e dificultar a manuten\u00e7\u00e3o de uma alimenta\u00e7\u00e3o equilibrada, especialmente na inf\u00e2ncia.<\/p>\n\n\n\n<p class=\"wp-block-paragraph\">Al\u00e9m disso, h\u00e1 fam\u00edlias que passam a restringir v\u00e1rios grupos alimentares simultaneamente por receio, o que torna a rotina mais complexa sem benef\u00edcio comprovado. A observa\u00e7\u00e3o correta, nesse contexto, serve tanto para levantar suspeitas quanto para evitar conclus\u00f5es precipitadas.<\/p>\n\n\n\n<h2 id=\"h-o-papel-da-avaliacao-profissional-no-diagnostico\" class=\"wp-block-heading\">O papel da avalia\u00e7\u00e3o profissional no diagn\u00f3stico<\/h2>\n\n\n\n<p class=\"wp-block-paragraph\">O diagn\u00f3stico de alergia alimentar&nbsp;<strong>n\u00e3o depende apenas de um teste isolado<\/strong>. Ele envolve hist\u00f3ria cl\u00ednica detalhada, exame f\u00edsico, an\u00e1lise do padr\u00e3o dos sintomas e, quando indicado, testes complementares. Em algumas formas de alergia, exames laboratoriais ou testes cut\u00e2neos podem auxiliar.<\/p>\n\n\n\n<p class=\"wp-block-paragraph\">Em outras, especialmente nas apresenta\u00e7\u00f5es n\u00e3o mediadas por IgE, a resposta \u00e0 exclus\u00e3o e \u00e0 reintrodu\u00e7\u00e3o orientada do alimento tem papel central.<\/p>\n\n\n\n<p class=\"wp-block-paragraph\">Isso explica por que o acompanhamento com pediatra, alergista e, em muitos casos, nutricionista \u00e9 t\u00e3o importante. A equipe avalia se h\u00e1 ind\u00edcios consistentes de alergia, quais diagn\u00f3sticos diferenciais devem ser considerados e como conduzir a alimenta\u00e7\u00e3o de forma segura. Em quadros com sinais respirat\u00f3rios importantes, edema, dificuldade para respirar ou suspeita de anafilaxia, a busca por atendimento imediato \u00e9 indispens\u00e1vel.<\/p>\n\n\n\n<h2 id=\"h-o-que-merece-atencao-especial-por-parte-da-familia\" class=\"wp-block-heading\">O que merece aten\u00e7\u00e3o especial por parte da fam\u00edlia<\/h2>\n\n\n\n<p class=\"wp-block-paragraph\">Alguns elementos do cotidiano ajudam a perceber quando um quadro merece investiga\u00e7\u00e3o mais cuidadosa. Entre eles est\u00e3o a repeti\u00e7\u00e3o dos sintomas ap\u00f3s consumo do mesmo alimento, a presen\u00e7a de manifesta\u00e7\u00f5es em mais de um sistema do corpo, a persist\u00eancia de dermatite associada a queixas gastrointestinais e a dificuldade de ganho ponderal.<\/p>\n\n\n\n<p class=\"wp-block-paragraph\">Tamb\u00e9m merecem aten\u00e7\u00e3o epis\u00f3dios de sangue nas fezes, v\u00f4mitos recorrentes, chiado associado \u00e0 alimenta\u00e7\u00e3o e piora cl\u00ednica ap\u00f3s introdu\u00e7\u00e3o de f\u00f3rmulas ou derivados do leite. Esses<strong>&nbsp;sinais n\u00e3o confirmam sozinhos uma alergia alimentar<\/strong>, mas indicam a necessidade de avalia\u00e7\u00e3o t\u00e9cnica. A observa\u00e7\u00e3o respons\u00e1vel, nesse ponto, funciona como ponte entre a suspeita inicial e uma conduta baseada em evid\u00eancias.<\/p>\n\n\n\n<h2 id=\"h-observacao-nao-substitui-diagnostico-mas-melhora-o-cuidado\" class=\"wp-block-heading\">Observa\u00e7\u00e3o n\u00e3o substitui diagn\u00f3stico, mas melhora o cuidado<\/h2>\n\n\n\n<p class=\"wp-block-paragraph\">Em alergias alimentares na inf\u00e2ncia, observar sintomas \u00e9 importante porque permite reconhecer padr\u00f5es que, de outro modo, poderiam passar despercebidos ou ser banalizados. Esse cuidado fortalece o diagn\u00f3stico precoce, reduz erros de interpreta\u00e7\u00e3o e favorece decis\u00f5es mais seguras sobre alimenta\u00e7\u00e3o e tratamento.<\/p>\n\n\n\n<p class=\"wp-block-paragraph\">Quando a fam\u00edlia observa com m\u00e9todo e busca orienta\u00e7\u00e3o adequada, o cuidado deixa de ser reativo e passa a ser mais claro, acolhedor e eficaz.<\/p>\n\n\n\n<h3 id=\"h-referencias\" class=\"wp-block-heading\">Refer\u00eancias<\/h3>\n\n\n\n<p class=\"wp-block-paragraph\">BRASIL. Minist\u00e9rio da Sa\u00fade. Comiss\u00e3o Nacional de Incorpora\u00e7\u00e3o de Tecnologias no Sistema \u00danico de Sa\u00fade. Protocolo cl\u00ednico e diretrizes terap\u00eauticas da alergia \u00e0 prote\u00edna do leite de vaca. 2022. Dispon\u00edvel em: https:\/\/www.gov.br\/conitec\/pt-br\/midias\/consultas\/relatorios\/2022\/20220427<em>pcdt<\/em>aplv<em>cp<\/em>24.pdf.<\/p>\n\n\n\n<p class=\"wp-block-paragraph\">SOCIEDADE BRASILEIRA DE PEDIATRIA. Alergia alimentar n\u00e3o-IgE mediada: formas leves e moderadas. 2022. Dispon\u00edvel em: https:\/\/www.sbp.com.br\/fileadmin\/user<em>upload\/23562e-GPA<\/em>Diretriz<em>&#8211;<\/em>AlergiaAlim<em>nao-IgE<\/em>mediada-_LevesModeradas.pdf.<\/p>\n\n\n\n<p class=\"wp-block-paragraph\">MEYER, Rosan; VENTER, Carina; BOGNANNI, Anna et al. World Allergy Organization diagnosis and rationale for action against cow\u2019s milk allergy guideline update VII: milk elimination and reintroduction in the diagnostic process of cow\u2019s milk allergy. 2023. Dispon\u00edvel em: https:\/\/www.sciencedirect.com\/science\/article\/pii\/S1939455123000455.<\/p>\n\n\n\n<p class=\"wp-block-paragraph\">AMERICAN ACADEMY OF PEDIATRICS. Food allergies and intolerances in newborns and infants. 2026. Dispon\u00edvel em: https:\/\/www.aap.org\/en\/patient-care\/newborn-infant-and-early-childhood-nutrition\/food-allergies-and-intolerances-in-newborns-and-infants\/.<\/p>\n\n\n\n<p class=\"wp-block-paragraph\">NATIONAL HEALTH SERVICE. Food allergies in babies and young children. 2026. Dispon\u00edvel em: https:\/\/www.nhs.uk\/baby\/weaning-and-feeding\/food-allergies-in-babies-and-young-children\/.<\/p>","protected":false},"excerpt":{"rendered":"<p>A alimenta\u00e7\u00e3o infantil costuma ser cercada de expectativas positivas, mas tamb\u00e9m exige aten\u00e7\u00e3o a rea\u00e7\u00f5es que podem surgir ap\u00f3s o contato com determinados alimentos. Em alguns casos, sinais inicialmente interpretados como desconfortos comuns da inf\u00e2ncia podem indicar uma alergia alimentar em investiga\u00e7\u00e3o. Observar sintomas com cuidado n\u00e3o significa viver em estado de alerta permanente. Significa [&hellip;]<\/p>\n","protected":false},"author":1,"featured_media":170712,"comment_status":"closed","ping_status":"closed","sticky":false,"template":"","format":"standard","meta":{"googlesitekit_rrm_CAow2JLhCw:productID":"","_gspb_post_css":"","maa_idioma":"","maa_pais":"","footnotes":""},"categories":[1],"tags":[],"class_list":["post-170711","post","type-post","status-publish","format-standard","has-post-thumbnail","hentry","category-ubirata"],"blocksy_meta":[],"yoast_head":"<!-- This site is optimized with the Yoast SEO Premium plugin v27.6 (Yoast SEO v27.6) - https:\/\/yoast.com\/product\/yoast-seo-premium-wordpress\/ -->\n<title>Quando investigar alergias alimentares em crian\u00e7as? - Ubirat\u00e3 Online Not\u00edcias - A realidade ao seu alcance!<\/title>\n<meta name=\"description\" content=\"A alimenta\u00e7\u00e3o infantil costuma ser cercada de expectativas positivas, mas tamb\u00e9m exige aten\u00e7\u00e3o a rea\u00e7\u00f5es que podem surgir ap\u00f3s o contato com determinados\" \/>\n<meta name=\"robots\" content=\"index, follow, max-snippet:-1, max-image-preview:large, max-video-preview:-1\" \/>\n<link rel=\"canonical\" href=\"https:\/\/ubirataonline.com.br\/en\/quando-investigar-alergias-alimentares-em-criancas\/\" \/>\n<meta property=\"og:locale\" content=\"en_US\" \/>\n<meta property=\"og:type\" content=\"article\" \/>\n<meta property=\"og:title\" content=\"Quando investigar alergias alimentares em crian\u00e7as?\" \/>\n<meta property=\"og:description\" content=\"A alimenta\u00e7\u00e3o infantil costuma ser cercada de expectativas positivas, mas tamb\u00e9m exige aten\u00e7\u00e3o a rea\u00e7\u00f5es que podem surgir ap\u00f3s o contato com determinados\" \/>\n<meta property=\"og:url\" content=\"https:\/\/ubirataonline.com.br\/en\/quando-investigar-alergias-alimentares-em-criancas\/\" \/>\n<meta property=\"og:site_name\" content=\"Ubirat\u00e3 Online Not\u00edcias - A realidade ao seu alcance!\" \/>\n<meta property=\"article:publisher\" content=\"https:\/\/www.facebook.com\/portalubirataonline\" \/>\n<meta property=\"article:author\" content=\"https:\/\/www.facebook.com\/portalubirataonline\" \/>\n<meta property=\"article:published_time\" content=\"2026-09-04T17:45:57+00:00\" \/>\n<meta property=\"article:modified_time\" content=\"2026-09-04T17:45:58+00:00\" \/>\n<meta property=\"og:image\" content=\"https:\/\/ubirataonline.com.br\/wp-content\/uploads\/2026\/09\/ana-tablas-oB0xbLwcaMw-unsplash.jpg\" \/>\n\t<meta property=\"og:image:width\" content=\"1920\" \/>\n\t<meta property=\"og:image:height\" content=\"1434\" \/>\n\t<meta property=\"og:image:type\" content=\"image\/jpeg\" \/>\n<meta name=\"author\" content=\"REDA\u00c7\u00c3O: UBIRAT\u00c3 ONLINE - F\u00c1BIO AUGUSTO CELESTINO\" \/>\n<meta name=\"twitter:card\" content=\"summary_large_image\" \/>\n<meta name=\"twitter:creator\" content=\"@x.com\/ubirataonline\" \/>\n<meta name=\"twitter:site\" content=\"@ubirataonline\" \/>\n<meta name=\"twitter:label1\" content=\"Written by\" \/>\n\t<meta name=\"twitter:data1\" content=\"REDA\u00c7\u00c3O: UBIRAT\u00c3 ONLINE - F\u00c1BIO AUGUSTO CELESTINO\" \/>\n\t<meta name=\"twitter:label2\" content=\"Est. reading time\" \/>\n\t<meta name=\"twitter:data2\" content=\"7 minutes\" \/>\n<script type=\"application\/ld+json\" class=\"yoast-schema-graph\">{\"@context\":\"https:\\\/\\\/schema.org\",\"@graph\":[{\"@type\":\"NewsArticle\",\"@id\":\"https:\\\/\\\/ubirataonline.com.br\\\/quando-investigar-alergias-alimentares-em-criancas\\\/#article\",\"isPartOf\":{\"@id\":\"https:\\\/\\\/ubirataonline.com.br\\\/quando-investigar-alergias-alimentares-em-criancas\\\/\"},\"author\":{\"name\":\"REDA\u00c7\u00c3O: UBIRAT\u00c3 ONLINE - F\u00c1BIO AUGUSTO CELESTINO\",\"@id\":\"https:\\\/\\\/ubirataonline.com.br\\\/#\\\/schema\\\/person\\\/372f87bbd3fdd79b8556b84c98d0bc1c\"},\"headline\":\"Quando investigar alergias alimentares em crian\u00e7as?\",\"datePublished\":\"2026-09-04T17:45:57+00:00\",\"dateModified\":\"2026-09-04T17:45:58+00:00\",\"mainEntityOfPage\":{\"@id\":\"https:\\\/\\\/ubirataonline.com.br\\\/quando-investigar-alergias-alimentares-em-criancas\\\/\"},\"wordCount\":1330,\"publisher\":{\"@id\":\"https:\\\/\\\/ubirataonline.com.br\\\/#organization\"},\"image\":{\"@id\":\"https:\\\/\\\/ubirataonline.com.br\\\/quando-investigar-alergias-alimentares-em-criancas\\\/#primaryimage\"},\"thumbnailUrl\":\"https:\\\/\\\/ubirataonline.com.br\\\/wp-content\\\/uploads\\\/2026\\\/09\\\/ana-tablas-oB0xbLwcaMw-unsplash.jpg\",\"articleSection\":[\"Ubirat\u00e3\"],\"inLanguage\":\"en-US\",\"copyrightYear\":\"2026\",\"copyrightHolder\":{\"@id\":\"https:\\\/\\\/ubirataonline.com.br\\\/en\\\/#organization\"}},{\"@type\":\"WebPage\",\"@id\":\"https:\\\/\\\/ubirataonline.com.br\\\/quando-investigar-alergias-alimentares-em-criancas\\\/\",\"url\":\"https:\\\/\\\/ubirataonline.com.br\\\/quando-investigar-alergias-alimentares-em-criancas\\\/\",\"name\":\"Quando investigar alergias alimentares em crian\u00e7as? - Ubirat\u00e3 Online Not\u00edcias - A realidade ao seu alcance!\",\"isPartOf\":{\"@id\":\"https:\\\/\\\/ubirataonline.com.br\\\/#website\"},\"primaryImageOfPage\":{\"@id\":\"https:\\\/\\\/ubirataonline.com.br\\\/quando-investigar-alergias-alimentares-em-criancas\\\/#primaryimage\"},\"image\":{\"@id\":\"https:\\\/\\\/ubirataonline.com.br\\\/quando-investigar-alergias-alimentares-em-criancas\\\/#primaryimage\"},\"thumbnailUrl\":\"https:\\\/\\\/ubirataonline.com.br\\\/wp-content\\\/uploads\\\/2026\\\/09\\\/ana-tablas-oB0xbLwcaMw-unsplash.jpg\",\"datePublished\":\"2026-09-04T17:45:57+00:00\",\"dateModified\":\"2026-09-04T17:45:58+00:00\",\"description\":\"A alimenta\u00e7\u00e3o infantil costuma ser cercada de expectativas positivas, mas tamb\u00e9m exige aten\u00e7\u00e3o a rea\u00e7\u00f5es que podem surgir ap\u00f3s o contato com determinados\",\"breadcrumb\":{\"@id\":\"https:\\\/\\\/ubirataonline.com.br\\\/quando-investigar-alergias-alimentares-em-criancas\\\/#breadcrumb\"},\"inLanguage\":\"en-US\",\"potentialAction\":[{\"@type\":\"ReadAction\",\"target\":[\"https:\\\/\\\/ubirataonline.com.br\\\/quando-investigar-alergias-alimentares-em-criancas\\\/\"]}]},{\"@type\":\"ImageObject\",\"inLanguage\":\"en-US\",\"@id\":\"https:\\\/\\\/ubirataonline.com.br\\\/quando-investigar-alergias-alimentares-em-criancas\\\/#primaryimage\",\"url\":\"https:\\\/\\\/ubirataonline.com.br\\\/wp-content\\\/uploads\\\/2026\\\/09\\\/ana-tablas-oB0xbLwcaMw-unsplash.jpg\",\"contentUrl\":\"https:\\\/\\\/ubirataonline.com.br\\\/wp-content\\\/uploads\\\/2026\\\/09\\\/ana-tablas-oB0xbLwcaMw-unsplash.jpg\",\"width\":1920,\"height\":1434,\"caption\":\"https:\\\/\\\/unsplash.com\\\/\"},{\"@type\":\"BreadcrumbList\",\"@id\":\"https:\\\/\\\/ubirataonline.com.br\\\/quando-investigar-alergias-alimentares-em-criancas\\\/#breadcrumb\",\"itemListElement\":[{\"@type\":\"ListItem\",\"position\":1,\"name\":\"In\u00edcio\",\"item\":\"https:\\\/\\\/ubirataonline.com.br\\\/\"},{\"@type\":\"ListItem\",\"position\":2,\"name\":\"Quando investigar alergias alimentares em crian\u00e7as?\"}]},{\"@type\":\"WebSite\",\"@id\":\"https:\\\/\\\/ubirataonline.com.br\\\/#website\",\"url\":\"https:\\\/\\\/ubirataonline.com.br\\\/\",\"name\":\"Ubirat\u00e3 Online Not\u00edcias\",\"description\":\"Not\u00edcias de Ubirat\u00e3, regi\u00e3o, Brasil e mundo, com informa\u00e7\u00e3o atualizada e compromisso com o leitor.\",\"publisher\":{\"@id\":\"https:\\\/\\\/ubirataonline.com.br\\\/#organization\"},\"alternateName\":\"Ubirat\u00e3 Online\",\"potentialAction\":[{\"@type\":\"SearchAction\",\"target\":{\"@type\":\"EntryPoint\",\"urlTemplate\":\"https:\\\/\\\/ubirataonline.com.br\\\/?s={search_term_string}\"},\"query-input\":{\"@type\":\"PropertyValueSpecification\",\"valueRequired\":true,\"valueName\":\"search_term_string\"}}],\"inLanguage\":\"en-US\"},{\"@type\":[\"Organization\",\"Place\"],\"@id\":\"https:\\\/\\\/ubirataonline.com.br\\\/#organization\",\"name\":\"Ubirat\u00e3 Online Not\u00edcias\",\"alternateName\":\"Ubirat\u00e3 Online\",\"url\":\"https:\\\/\\\/ubirataonline.com.br\\\/\",\"logo\":{\"@id\":\"https:\\\/\\\/ubirataonline.com.br\\\/quando-investigar-alergias-alimentares-em-criancas\\\/#local-main-organization-logo\"},\"image\":{\"@id\":\"https:\\\/\\\/ubirataonline.com.br\\\/quando-investigar-alergias-alimentares-em-criancas\\\/#local-main-organization-logo\"},\"sameAs\":[\"https:\\\/\\\/www.facebook.com\\\/portalubirataonline\",\"https:\\\/\\\/x.com\\\/ubirataonline\",\"https:\\\/\\\/mastodon.social\\\/@ubirataonline\",\"https:\\\/\\\/www.facebook.com\\\/groups\\\/311144672285604\",\"https:\\\/\\\/www.facebook.com\\\/UBTAOnline\",\"https:\\\/\\\/www.instagram.com\\\/portalubirataonline\\\/\",\"https:\\\/\\\/twitter.com\\\/ubirataonline\"],\"description\":\"Somos um portal de not\u00edcias independente, criado em 5 de janeiro de 2009, com o objetivo de informar, conectar e valorizar a nossa comunidade de Ubirat\u00e3 e toda aregi\u00e3o. Com conte\u00fado atualizado, confi\u00e1vel e relevante, o Ubirat\u00e3 Online \u00e9 o seu espa\u00e7o para ficar por dentro dos principais acontecimentos locais, regionais, Brasil, Mundo e de interesse geral. Nosso compromisso \u00e9 com a verdade, a transpar\u00eancia e o respeito ao leitor.\",\"legalName\":\"UBIRATA ONLINE NOT\u00cdCIAS\",\"foundingDate\":\"2009-01-05\",\"numberOfEmployees\":{\"@type\":\"QuantitativeValue\",\"minValue\":\"1\",\"maxValue\":\"10\"},\"publishingPrinciples\":\"https:\\\/\\\/ubirataonline.com.br\\\/faq\\\/\",\"address\":{\"@id\":\"https:\\\/\\\/ubirataonline.com.br\\\/quando-investigar-alergias-alimentares-em-criancas\\\/#local-main-place-address\"},\"geo\":{\"@type\":\"GeoCoordinates\",\"latitude\":\"-24.5361401\",\"longitude\":\"-52.9921776\"},\"telephone\":[\"+5544998308235\"],\"contactPoint\":{\"@type\":\"ContactPoint\",\"email\":\"contato@ubirataonline.com.br\"},\"openingHoursSpecification\":{\"@type\":\"OpeningHoursSpecification\",\"dayOfWeek\":[\"Monday\",\"Tuesday\",\"Wednesday\",\"Thursday\",\"Friday\",\"Saturday\",\"Sunday\"],\"opens\":\"00:00\",\"closes\":\"23:59\"},\"email\":\"contato@ubirataonline.com.br\",\"vatID\":\"47.621.418\\\/0001-80\"},{\"@type\":\"Person\",\"@id\":\"https:\\\/\\\/ubirataonline.com.br\\\/#\\\/schema\\\/person\\\/372f87bbd3fdd79b8556b84c98d0bc1c\",\"name\":\"REDA\u00c7\u00c3O: UBIRAT\u00c3 ONLINE - F\u00c1BIO AUGUSTO CELESTINO\",\"pronouns\":\"Ele\",\"description\":\"Desde 2003 trabalhando com not\u00edcias.\",\"sameAs\":[\"http:\\\/\\\/ubirataoline.com.br\",\"https:\\\/\\\/www.facebook.com\\\/portalubirataonline\",\"https:\\\/\\\/www.instagram.com\\\/ubirataonline_oficial\",\"https:\\\/\\\/x.com\\\/x.com\\\/ubirataonline\"],\"honorificPrefix\":\"Mr.\",\"honorificSuffix\":\"MD\",\"birthDate\":\"1980-06-16\",\"gender\":\"masculino\",\"award\":[\"V\u00e1rios pr\u00eamios de melhor portal da cidade\"],\"jobTitle\":\"Diretor\",\"url\":\"https:\\\/\\\/ubirataonline.com.br\\\/en\\\/author\\\/ubirataonline\\\/\"},{\"@type\":\"PostalAddress\",\"@id\":\"https:\\\/\\\/ubirataonline.com.br\\\/quando-investigar-alergias-alimentares-em-criancas\\\/#local-main-place-address\",\"streetAddress\":\"Rua dos Coqueiros, 104 - Bairro Boa Vista, Rua dos Coqueiros, 104 Bairro Boa Vista\",\"addressLocality\":\"UBIRATA\",\"postalCode\":\"85440-000\",\"addressRegion\":\"PR\",\"addressCountry\":\"BR\"},{\"@type\":\"ImageObject\",\"inLanguage\":\"en-US\",\"@id\":\"https:\\\/\\\/ubirataonline.com.br\\\/quando-investigar-alergias-alimentares-em-criancas\\\/#local-main-organization-logo\",\"url\":\"https:\\\/\\\/ubirataonline.com.br\\\/wp-content\\\/uploads\\\/2026\\\/06\\\/logoubirataonline-1.webp\",\"contentUrl\":\"https:\\\/\\\/ubirataonline.com.br\\\/wp-content\\\/uploads\\\/2026\\\/06\\\/logoubirataonline-1.webp\",\"width\":500,\"height\":500,\"caption\":\"Ubirat\u00e3 Online Not\u00edcias\"}]}<\/script>\n<meta name=\"geo.placename\" content=\"UBIRATA\" \/>\n<meta name=\"geo.position\" content=\"-24.5361401;-52.9921776\" \/>\n<meta name=\"geo.region\" content=\"Brazil\" \/>\n<!-- \/ Yoast SEO Premium plugin. -->","yoast_head_json":{"title":"Quando investigar alergias alimentares em crian\u00e7as? - Ubirat\u00e3 Online Not\u00edcias - A realidade ao seu alcance!","description":"A alimenta\u00e7\u00e3o infantil costuma ser cercada de expectativas positivas, mas tamb\u00e9m exige aten\u00e7\u00e3o a rea\u00e7\u00f5es que podem surgir ap\u00f3s o contato com determinados","robots":{"index":"index","follow":"follow","max-snippet":"max-snippet:-1","max-image-preview":"max-image-preview:large","max-video-preview":"max-video-preview:-1"},"canonical":"https:\/\/ubirataonline.com.br\/en\/quando-investigar-alergias-alimentares-em-criancas\/","og_locale":"en_US","og_type":"article","og_title":"Quando investigar alergias alimentares em crian\u00e7as?","og_description":"A alimenta\u00e7\u00e3o infantil costuma ser cercada de expectativas positivas, mas tamb\u00e9m exige aten\u00e7\u00e3o a rea\u00e7\u00f5es que podem surgir ap\u00f3s o contato com determinados","og_url":"https:\/\/ubirataonline.com.br\/en\/quando-investigar-alergias-alimentares-em-criancas\/","og_site_name":"Ubirat\u00e3 Online Not\u00edcias - A realidade ao seu alcance!","article_publisher":"https:\/\/www.facebook.com\/portalubirataonline","article_author":"https:\/\/www.facebook.com\/portalubirataonline","article_published_time":"2026-09-04T17:45:57+00:00","article_modified_time":"2026-09-04T17:45:58+00:00","og_image":[{"width":1920,"height":1434,"url":"https:\/\/ubirataonline.com.br\/wp-content\/uploads\/2026\/09\/ana-tablas-oB0xbLwcaMw-unsplash.jpg","type":"image\/jpeg"}],"author":"REDA\u00c7\u00c3O: UBIRAT\u00c3 ONLINE - F\u00c1BIO AUGUSTO CELESTINO","twitter_card":"summary_large_image","twitter_creator":"@x.com\/ubirataonline","twitter_site":"@ubirataonline","twitter_misc":{"Written by":"REDA\u00c7\u00c3O: UBIRAT\u00c3 ONLINE - F\u00c1BIO AUGUSTO CELESTINO","Est. reading time":"7 minutes"},"schema":{"@context":"https:\/\/schema.org","@graph":[{"@type":"NewsArticle","@id":"https:\/\/ubirataonline.com.br\/quando-investigar-alergias-alimentares-em-criancas\/#article","isPartOf":{"@id":"https:\/\/ubirataonline.com.br\/quando-investigar-alergias-alimentares-em-criancas\/"},"author":{"name":"REDA\u00c7\u00c3O: UBIRAT\u00c3 ONLINE - F\u00c1BIO AUGUSTO CELESTINO","@id":"https:\/\/ubirataonline.com.br\/#\/schema\/person\/372f87bbd3fdd79b8556b84c98d0bc1c"},"headline":"Quando investigar alergias alimentares em crian\u00e7as?","datePublished":"2026-09-04T17:45:57+00:00","dateModified":"2026-09-04T17:45:58+00:00","mainEntityOfPage":{"@id":"https:\/\/ubirataonline.com.br\/quando-investigar-alergias-alimentares-em-criancas\/"},"wordCount":1330,"publisher":{"@id":"https:\/\/ubirataonline.com.br\/#organization"},"image":{"@id":"https:\/\/ubirataonline.com.br\/quando-investigar-alergias-alimentares-em-criancas\/#primaryimage"},"thumbnailUrl":"https:\/\/ubirataonline.com.br\/wp-content\/uploads\/2026\/09\/ana-tablas-oB0xbLwcaMw-unsplash.jpg","articleSection":["Ubirat\u00e3"],"inLanguage":"en-US","copyrightYear":"2026","copyrightHolder":{"@id":"https:\/\/ubirataonline.com.br\/en\/#organization"}},{"@type":"WebPage","@id":"https:\/\/ubirataonline.com.br\/quando-investigar-alergias-alimentares-em-criancas\/","url":"https:\/\/ubirataonline.com.br\/quando-investigar-alergias-alimentares-em-criancas\/","name":"Quando investigar alergias alimentares em crian\u00e7as? - Ubirat\u00e3 Online Not\u00edcias - A realidade ao seu alcance!","isPartOf":{"@id":"https:\/\/ubirataonline.com.br\/#website"},"primaryImageOfPage":{"@id":"https:\/\/ubirataonline.com.br\/quando-investigar-alergias-alimentares-em-criancas\/#primaryimage"},"image":{"@id":"https:\/\/ubirataonline.com.br\/quando-investigar-alergias-alimentares-em-criancas\/#primaryimage"},"thumbnailUrl":"https:\/\/ubirataonline.com.br\/wp-content\/uploads\/2026\/09\/ana-tablas-oB0xbLwcaMw-unsplash.jpg","datePublished":"2026-09-04T17:45:57+00:00","dateModified":"2026-09-04T17:45:58+00:00","description":"A alimenta\u00e7\u00e3o infantil costuma ser cercada de expectativas positivas, mas tamb\u00e9m exige aten\u00e7\u00e3o a rea\u00e7\u00f5es que podem surgir ap\u00f3s o contato com determinados","breadcrumb":{"@id":"https:\/\/ubirataonline.com.br\/quando-investigar-alergias-alimentares-em-criancas\/#breadcrumb"},"inLanguage":"en-US","potentialAction":[{"@type":"ReadAction","target":["https:\/\/ubirataonline.com.br\/quando-investigar-alergias-alimentares-em-criancas\/"]}]},{"@type":"ImageObject","inLanguage":"en-US","@id":"https:\/\/ubirataonline.com.br\/quando-investigar-alergias-alimentares-em-criancas\/#primaryimage","url":"https:\/\/ubirataonline.com.br\/wp-content\/uploads\/2026\/09\/ana-tablas-oB0xbLwcaMw-unsplash.jpg","contentUrl":"https:\/\/ubirataonline.com.br\/wp-content\/uploads\/2026\/09\/ana-tablas-oB0xbLwcaMw-unsplash.jpg","width":1920,"height":1434,"caption":"https:\/\/unsplash.com\/"},{"@type":"BreadcrumbList","@id":"https:\/\/ubirataonline.com.br\/quando-investigar-alergias-alimentares-em-criancas\/#breadcrumb","itemListElement":[{"@type":"ListItem","position":1,"name":"In\u00edcio","item":"https:\/\/ubirataonline.com.br\/"},{"@type":"ListItem","position":2,"name":"Quando investigar alergias alimentares em crian\u00e7as?"}]},{"@type":"WebSite","@id":"https:\/\/ubirataonline.com.br\/#website","url":"https:\/\/ubirataonline.com.br\/","name":"Ubirat\u00e3 Online Not\u00edcias","description":"Not\u00edcias de Ubirat\u00e3, regi\u00e3o, Brasil e mundo, com informa\u00e7\u00e3o atualizada e compromisso com o leitor.","publisher":{"@id":"https:\/\/ubirataonline.com.br\/#organization"},"alternateName":"Ubirat\u00e3 Online","potentialAction":[{"@type":"SearchAction","target":{"@type":"EntryPoint","urlTemplate":"https:\/\/ubirataonline.com.br\/?s={search_term_string}"},"query-input":{"@type":"PropertyValueSpecification","valueRequired":true,"valueName":"search_term_string"}}],"inLanguage":"en-US"},{"@type":["Organization","Place"],"@id":"https:\/\/ubirataonline.com.br\/#organization","name":"Ubirat\u00e3 Online Not\u00edcias","alternateName":"Ubirat\u00e3 Online","url":"https:\/\/ubirataonline.com.br\/","logo":{"@id":"https:\/\/ubirataonline.com.br\/quando-investigar-alergias-alimentares-em-criancas\/#local-main-organization-logo"},"image":{"@id":"https:\/\/ubirataonline.com.br\/quando-investigar-alergias-alimentares-em-criancas\/#local-main-organization-logo"},"sameAs":["https:\/\/www.facebook.com\/portalubirataonline","https:\/\/x.com\/ubirataonline","https:\/\/mastodon.social\/@ubirataonline","https:\/\/www.facebook.com\/groups\/311144672285604","https:\/\/www.facebook.com\/UBTAOnline","https:\/\/www.instagram.com\/portalubirataonline\/","https:\/\/twitter.com\/ubirataonline"],"description":"Somos um portal de not\u00edcias independente, criado em 5 de janeiro de 2009, com o objetivo de informar, conectar e valorizar a nossa comunidade de Ubirat\u00e3 e toda aregi\u00e3o. Com conte\u00fado atualizado, confi\u00e1vel e relevante, o Ubirat\u00e3 Online \u00e9 o seu espa\u00e7o para ficar por dentro dos principais acontecimentos locais, regionais, Brasil, Mundo e de interesse geral. Nosso compromisso \u00e9 com a verdade, a transpar\u00eancia e o respeito ao leitor.","legalName":"UBIRATA ONLINE NOT\u00cdCIAS","foundingDate":"2009-01-05","numberOfEmployees":{"@type":"QuantitativeValue","minValue":"1","maxValue":"10"},"publishingPrinciples":"https:\/\/ubirataonline.com.br\/faq\/","address":{"@id":"https:\/\/ubirataonline.com.br\/quando-investigar-alergias-alimentares-em-criancas\/#local-main-place-address"},"geo":{"@type":"GeoCoordinates","latitude":"-24.5361401","longitude":"-52.9921776"},"telephone":["+5544998308235"],"contactPoint":{"@type":"ContactPoint","email":"contato@ubirataonline.com.br"},"openingHoursSpecification":{"@type":"OpeningHoursSpecification","dayOfWeek":["Monday","Tuesday","Wednesday","Thursday","Friday","Saturday","Sunday"],"opens":"00:00","closes":"23:59"},"email":"contato@ubirataonline.com.br","vatID":"47.621.418\/0001-80"},{"@type":"Person","@id":"https:\/\/ubirataonline.com.br\/#\/schema\/person\/372f87bbd3fdd79b8556b84c98d0bc1c","name":"REDA\u00c7\u00c3O: UBIRAT\u00c3 ONLINE - F\u00c1BIO AUGUSTO CELESTINO","pronouns":"Ele","description":"Desde 2003 trabalhando com not\u00edcias.","sameAs":["http:\/\/ubirataoline.com.br","https:\/\/www.facebook.com\/portalubirataonline","https:\/\/www.instagram.com\/ubirataonline_oficial","https:\/\/x.com\/x.com\/ubirataonline"],"honorificPrefix":"Mr.","honorificSuffix":"MD","birthDate":"1980-06-16","gender":"masculino","award":["V\u00e1rios pr\u00eamios de melhor portal da cidade"],"jobTitle":"Diretor","url":"https:\/\/ubirataonline.com.br\/en\/author\/ubirataonline\/"},{"@type":"PostalAddress","@id":"https:\/\/ubirataonline.com.br\/quando-investigar-alergias-alimentares-em-criancas\/#local-main-place-address","streetAddress":"Rua dos Coqueiros, 104 - Bairro Boa Vista, Rua dos Coqueiros, 104 Bairro Boa Vista","addressLocality":"UBIRATA","postalCode":"85440-000","addressRegion":"PR","addressCountry":"BR"},{"@type":"ImageObject","inLanguage":"en-US","@id":"https:\/\/ubirataonline.com.br\/quando-investigar-alergias-alimentares-em-criancas\/#local-main-organization-logo","url":"https:\/\/ubirataonline.com.br\/wp-content\/uploads\/2026\/06\/logoubirataonline-1.webp","contentUrl":"https:\/\/ubirataonline.com.br\/wp-content\/uploads\/2026\/06\/logoubirataonline-1.webp","width":500,"height":500,"caption":"Ubirat\u00e3 Online Not\u00edcias"}]},"geo.placename":"UBIRATA","geo.position":{"lat":"-24.5361401","long":"-52.9921776"},"geo.region":"Brazil"},"_links":{"self":[{"href":"https:\/\/ubirataonline.com.br\/en\/wp-json\/wp\/v2\/posts\/170711","targetHints":{"allow":["GET"]}}],"collection":[{"href":"https:\/\/ubirataonline.com.br\/en\/wp-json\/wp\/v2\/posts"}],"about":[{"href":"https:\/\/ubirataonline.com.br\/en\/wp-json\/wp\/v2\/types\/post"}],"author":[{"embeddable":true,"href":"https:\/\/ubirataonline.com.br\/en\/wp-json\/wp\/v2\/users\/1"}],"replies":[{"embeddable":true,"href":"https:\/\/ubirataonline.com.br\/en\/wp-json\/wp\/v2\/comments?post=170711"}],"version-history":[{"count":1,"href":"https:\/\/ubirataonline.com.br\/en\/wp-json\/wp\/v2\/posts\/170711\/revisions"}],"predecessor-version":[{"id":170713,"href":"https:\/\/ubirataonline.com.br\/en\/wp-json\/wp\/v2\/posts\/170711\/revisions\/170713"}],"wp:featuredmedia":[{"embeddable":true,"href":"https:\/\/ubirataonline.com.br\/en\/wp-json\/wp\/v2\/media\/170712"}],"wp:attachment":[{"href":"https:\/\/ubirataonline.com.br\/en\/wp-json\/wp\/v2\/media?parent=170711"}],"wp:term":[{"taxonomy":"category","embeddable":true,"href":"https:\/\/ubirataonline.com.br\/en\/wp-json\/wp\/v2\/categories?post=170711"},{"taxonomy":"post_tag","embeddable":true,"href":"https:\/\/ubirataonline.com.br\/en\/wp-json\/wp\/v2\/tags?post=170711"}],"curies":[{"name":"wp","href":"https:\/\/api.w.org\/{rel}","templated":true}]}}