{"id":170729,"date":"2026-09-04T15:21:34","date_gmt":"2026-09-04T18:21:34","guid":{"rendered":"https:\/\/ubirataonline.com.br\/flavio-bolsonaro-afirma-que-sem-duvidas-apoiaria-tarcisio-para-o-planalto-em-2030\/"},"modified":"2026-09-04T15:21:34","modified_gmt":"2026-09-04T18:21:34","slug":"flavio-bolsonaro-afirma-que-sem-duvidas-apoiaria-tarcisio-para-o-planalto-em-2030","status":"publish","type":"post","link":"https:\/\/ubirataonline.com.br\/en\/flavio-bolsonaro-afirma-que-sem-duvidas-apoiaria-tarcisio-para-o-planalto-em-2030\/","title":{"rendered":"Fl\u00e1vio Bolsonaro afirma que &#8216;sem d\u00favidas&#8217; apoiaria Tarc\u00edsio para o Planalto em 2030"},"content":{"rendered":"<h2>Em coletiva em S\u00e3o Carlos, o candidato do PL disse \u00e0 Ag\u00eancia Estado que Tarc\u00edsio \u00e9 &#8216;um dos grandes quadros&#8217; da centro-direita e que o apoiaria em 2030.<\/h2>\n<p>O candidato do PL \u00e0 Presid\u00eancia da Rep\u00fablica, Fl\u00e1vio Bolsonaro, afirmou em 4 de setembro de 2026 que &quot;sem d\u00favida alguma&quot; apoiaria o governador de S\u00e3o Paulo e candidato \u00e0 reelei\u00e7\u00e3o, Tarc\u00edsio de Freitas (Republicanos), numa eventual candidatura ao Pal\u00e1cio do Planalto em 2030, segundo CGN da Ag\u00eancia Estado Publicado pelo CGN.<\/p>\n<p>O coment\u00e1rio foi feito em coletiva de imprensa ap\u00f3s uma agenda conjunta em S\u00e3o Carlos (SP). Aliados interpretaram a defesa do fim da reelei\u00e7\u00e3o por Fl\u00e1vio como um aceno a Tarc\u00edsio e a outros nomes \u00e0 direita para 2030, segundo CGN.<\/p>\n<h3>Declara\u00e7\u00e3o e elogios<\/h3>\n<p>Na coletiva, Fl\u00e1vio disse que &#8220;Sem d\u00favida alguma, o Tarc\u00edsio \u00e9 um dos grandes quadros que n\u00f3s temos na centro-direita&#8221; e afirmou que ele &#8220;fez hist\u00f3ria como ministro da infraestrutura do presidente Jair Bolsonaro&#8221;, conforme registrado pela Ag\u00eancia Estado.<\/p>\n<p>O candidato do PL tamb\u00e9m declarou que Tarc\u00edsio dever\u00e1 ser reeleito no primeiro turno e elogiou sua atua\u00e7\u00e3o tanto no governo estadual quanto no per\u00edodo em que foi ministro, segundo a mesma apura\u00e7\u00e3o.<\/p>\n<h3>Rela\u00e7\u00f5es dentro da base<\/h3>\n<p>A reportagem informa que, embora setores do mercado financeiro e do Centr\u00e3o tivessem apontado Tarc\u00edsio como potencial candidato Presid\u00eancia em 2026, o ex\u2011presidente Jair Bolsonaro optou por apoiar a candidatura do filho, Fl\u00e1vio Bolsonaro. Ainda segundo CGN, Tarc\u00edsio e o prefeito de S\u00e3o Paulo, Ricardo Nunes (MDB), s\u00e3o considerados os principais cabos eleitorais de Fl\u00e1vio no Estado.<\/p>\n<h3>Agendas conjuntas em S\u00e3o Paulo<\/h3>\n<p>A visita a S\u00e3o Carlos foi a terceira agenda cumprida em conjunto pelos dois desde o in\u00edcio da campanha, conforme a Ag\u00eancia Estado Publicado pelo CGN. Na cidade, eles visitaram o Onovolab, Centr\u00e3o de inova\u00e7\u00e3o e empreendedorismo, e o Mercado Municipal.<\/p>\n<p>A mat\u00e9ria tamb\u00e9m registra que os dois participaram juntos do Festival do Pe\u00e3o de Barretos em 22 de agosto e de um almo\u00e7o com aliados e jornalistas na zona leste da capital em 20 de agosto.<\/p>","protected":false},"excerpt":{"rendered":"<p>Em coletiva em S\u00e3o Carlos, o candidato do PL disse \u00e0 Ag\u00eancia Estado que Tarc\u00edsio \u00e9 &#8216;um dos grandes quadros&#8217; da centro-direita e que o apoiaria em 2030. O candidato do PL \u00e0 Presid\u00eancia da Rep\u00fablica, Fl\u00e1vio Bolsonaro, afirmou em 4 de setembro de 2026 que &quot;sem d\u00favida alguma&quot; apoiaria o governador de S\u00e3o Paulo [&hellip;]<\/p>\n","protected":false},"author":1,"featured_media":170730,"comment_status":"","ping_status":"","sticky":false,"template":"","format":"standard","meta":{"googlesitekit_rrm_CAow2JLhCw:productID":"","_gspb_post_css":"","maa_idioma":"","maa_pais":"","footnotes":""},"categories":[10],"tags":[],"class_list":["post-170729","post","type-post","status-publish","format-standard","has-post-thumbnail","hentry","category-geral"],"blocksy_meta":[],"yoast_head":"<!-- This site is optimized with the Yoast SEO Premium plugin v27.6 (Yoast SEO v27.6) - https:\/\/yoast.com\/product\/yoast-seo-premium-wordpress\/ -->\n<title>Fl\u00e1vio Bolsonaro afirma que &#039;sem d\u00favidas&#039; apoiaria Tarc\u00edsio para o Planalto em 2030 - Ubirat\u00e3 Online Not\u00edcias - A realidade ao seu alcance!<\/title>\n<meta name=\"description\" content=\"Em coletiva em S\u00e3o Carlos, o candidato do PL disse \u00e0 Ag\u00eancia Estado que Tarc\u00edsio \u00e9 &#039;um dos grandes quadros&#039; da centro-direita e que o apoiaria em 2030. O\" \/>\n<meta name=\"robots\" content=\"index, follow, max-snippet:-1, max-image-preview:large, max-video-preview:-1\" \/>\n<link rel=\"canonical\" href=\"https:\/\/ubirataonline.com.br\/en\/flavio-bolsonaro-afirma-que-sem-duvidas-apoiaria-tarcisio-para-o-planalto-em-2030\/\" \/>\n<meta property=\"og:locale\" content=\"en_US\" \/>\n<meta property=\"og:type\" content=\"article\" \/>\n<meta property=\"og:title\" content=\"Fl\u00e1vio Bolsonaro afirma que &#039;sem d\u00favidas&#039; apoiaria Tarc\u00edsio para o Planalto em 2030\" \/>\n<meta property=\"og:description\" content=\"Em coletiva em S\u00e3o Carlos, o candidato do PL disse \u00e0 Ag\u00eancia Estado que Tarc\u00edsio \u00e9 &#039;um dos grandes quadros&#039; da centro-direita e que o apoiaria em 2030. O\" \/>\n<meta property=\"og:url\" content=\"https:\/\/ubirataonline.com.br\/en\/flavio-bolsonaro-afirma-que-sem-duvidas-apoiaria-tarcisio-para-o-planalto-em-2030\/\" \/>\n<meta property=\"og:site_name\" content=\"Ubirat\u00e3 Online Not\u00edcias - A realidade ao seu alcance!\" \/>\n<meta property=\"article:publisher\" content=\"https:\/\/www.facebook.com\/portalubirataonline\" \/>\n<meta property=\"article:author\" content=\"https:\/\/www.facebook.com\/portalubirataonline\" \/>\n<meta property=\"article:published_time\" content=\"2026-09-04T18:21:34+00:00\" \/>\n<meta property=\"og:image\" content=\"https:\/\/ubirataonline.com.br\/wp-content\/uploads\/2026\/05\/logo2026.webp\" \/>\n\t<meta property=\"og:image:width\" content=\"1531\" \/>\n\t<meta property=\"og:image:height\" content=\"418\" \/>\n\t<meta property=\"og:image:type\" content=\"image\/webp\" \/>\n<meta name=\"author\" content=\"REDA\u00c7\u00c3O: UBIRAT\u00c3 ONLINE - F\u00c1BIO AUGUSTO CELESTINO\" \/>\n<meta name=\"twitter:card\" content=\"summary_large_image\" \/>\n<meta name=\"twitter:creator\" content=\"@x.com\/ubirataonline\" \/>\n<meta name=\"twitter:site\" content=\"@ubirataonline\" \/>\n<meta name=\"twitter:label1\" content=\"Written by\" \/>\n\t<meta name=\"twitter:data1\" content=\"REDA\u00c7\u00c3O: UBIRAT\u00c3 ONLINE - F\u00c1BIO AUGUSTO CELESTINO\" \/>\n\t<meta name=\"twitter:label2\" content=\"Est. reading time\" \/>\n\t<meta name=\"twitter:data2\" content=\"2 minutes\" \/>\n<script type=\"application\/ld+json\" class=\"yoast-schema-graph\">{\"@context\":\"https:\\\/\\\/schema.org\",\"@graph\":[{\"@type\":\"NewsArticle\",\"@id\":\"https:\\\/\\\/ubirataonline.com.br\\\/flavio-bolsonaro-afirma-que-sem-duvidas-apoiaria-tarcisio-para-o-planalto-em-2030\\\/#article\",\"isPartOf\":{\"@id\":\"https:\\\/\\\/ubirataonline.com.br\\\/flavio-bolsonaro-afirma-que-sem-duvidas-apoiaria-tarcisio-para-o-planalto-em-2030\\\/\"},\"author\":{\"name\":\"REDA\u00c7\u00c3O: UBIRAT\u00c3 ONLINE - F\u00c1BIO AUGUSTO CELESTINO\",\"@id\":\"https:\\\/\\\/ubirataonline.com.br\\\/#\\\/schema\\\/person\\\/372f87bbd3fdd79b8556b84c98d0bc1c\"},\"headline\":\"Fl\u00e1vio Bolsonaro afirma que &#8216;sem d\u00favidas&#8217; apoiaria Tarc\u00edsio para o Planalto em 2030\",\"datePublished\":\"2026-09-04T18:21:34+00:00\",\"mainEntityOfPage\":{\"@id\":\"https:\\\/\\\/ubirataonline.com.br\\\/flavio-bolsonaro-afirma-que-sem-duvidas-apoiaria-tarcisio-para-o-planalto-em-2030\\\/\"},\"wordCount\":392,\"publisher\":{\"@id\":\"https:\\\/\\\/ubirataonline.com.br\\\/#organization\"},\"image\":{\"@id\":\"https:\\\/\\\/ubirataonline.com.br\\\/flavio-bolsonaro-afirma-que-sem-duvidas-apoiaria-tarcisio-para-o-planalto-em-2030\\\/#primaryimage\"},\"thumbnailUrl\":\"https:\\\/\\\/ubirataonline.com.br\\\/wp-content\\\/uploads\\\/2026\\\/09\\\/maaimg-post-170729-20260904-182158.webp\",\"articleSection\":[\"Geral\"],\"inLanguage\":\"en-US\",\"copyrightYear\":\"2026\",\"copyrightHolder\":{\"@id\":\"https:\\\/\\\/ubirataonline.com.br\\\/en\\\/#organization\"}},{\"@type\":\"WebPage\",\"@id\":\"https:\\\/\\\/ubirataonline.com.br\\\/flavio-bolsonaro-afirma-que-sem-duvidas-apoiaria-tarcisio-para-o-planalto-em-2030\\\/\",\"url\":\"https:\\\/\\\/ubirataonline.com.br\\\/flavio-bolsonaro-afirma-que-sem-duvidas-apoiaria-tarcisio-para-o-planalto-em-2030\\\/\",\"name\":\"Fl\u00e1vio Bolsonaro afirma que 'sem d\u00favidas' apoiaria Tarc\u00edsio para o Planalto em 2030 - Ubirat\u00e3 Online Not\u00edcias - A realidade ao seu alcance!\",\"isPartOf\":{\"@id\":\"https:\\\/\\\/ubirataonline.com.br\\\/#website\"},\"primaryImageOfPage\":{\"@id\":\"https:\\\/\\\/ubirataonline.com.br\\\/flavio-bolsonaro-afirma-que-sem-duvidas-apoiaria-tarcisio-para-o-planalto-em-2030\\\/#primaryimage\"},\"image\":{\"@id\":\"https:\\\/\\\/ubirataonline.com.br\\\/flavio-bolsonaro-afirma-que-sem-duvidas-apoiaria-tarcisio-para-o-planalto-em-2030\\\/#primaryimage\"},\"thumbnailUrl\":\"https:\\\/\\\/ubirataonline.com.br\\\/wp-content\\\/uploads\\\/2026\\\/09\\\/maaimg-post-170729-20260904-182158.webp\",\"datePublished\":\"2026-09-04T18:21:34+00:00\",\"description\":\"Em coletiva em S\u00e3o Carlos, o candidato do PL disse \u00e0 Ag\u00eancia Estado que Tarc\u00edsio \u00e9 'um dos grandes quadros' da centro-direita e que o apoiaria em 2030. O\",\"breadcrumb\":{\"@id\":\"https:\\\/\\\/ubirataonline.com.br\\\/flavio-bolsonaro-afirma-que-sem-duvidas-apoiaria-tarcisio-para-o-planalto-em-2030\\\/#breadcrumb\"},\"inLanguage\":\"en-US\",\"potentialAction\":[{\"@type\":\"ReadAction\",\"target\":[\"https:\\\/\\\/ubirataonline.com.br\\\/flavio-bolsonaro-afirma-que-sem-duvidas-apoiaria-tarcisio-para-o-planalto-em-2030\\\/\"]}]},{\"@type\":\"ImageObject\",\"inLanguage\":\"en-US\",\"@id\":\"https:\\\/\\\/ubirataonline.com.br\\\/flavio-bolsonaro-afirma-que-sem-duvidas-apoiaria-tarcisio-para-o-planalto-em-2030\\\/#primaryimage\",\"url\":\"https:\\\/\\\/ubirataonline.com.br\\\/wp-content\\\/uploads\\\/2026\\\/09\\\/maaimg-post-170729-20260904-182158.webp\",\"contentUrl\":\"https:\\\/\\\/ubirataonline.com.br\\\/wp-content\\\/uploads\\\/2026\\\/09\\\/maaimg-post-170729-20260904-182158.webp\",\"width\":1536,\"height\":1024,\"caption\":\"Imagem ilustrativa Gerada por IA\"},{\"@type\":\"BreadcrumbList\",\"@id\":\"https:\\\/\\\/ubirataonline.com.br\\\/flavio-bolsonaro-afirma-que-sem-duvidas-apoiaria-tarcisio-para-o-planalto-em-2030\\\/#breadcrumb\",\"itemListElement\":[{\"@type\":\"ListItem\",\"position\":1,\"name\":\"In\u00edcio\",\"item\":\"https:\\\/\\\/ubirataonline.com.br\\\/\"},{\"@type\":\"ListItem\",\"position\":2,\"name\":\"Fl\u00e1vio Bolsonaro afirma que &#8216;sem d\u00favidas&#8217; apoiaria Tarc\u00edsio para o Planalto em 2030\"}]},{\"@type\":\"WebSite\",\"@id\":\"https:\\\/\\\/ubirataonline.com.br\\\/#website\",\"url\":\"https:\\\/\\\/ubirataonline.com.br\\\/\",\"name\":\"Ubirat\u00e3 Online Not\u00edcias\",\"description\":\"Not\u00edcias de Ubirat\u00e3, regi\u00e3o, Brasil e mundo, com informa\u00e7\u00e3o atualizada e compromisso com o leitor.\",\"publisher\":{\"@id\":\"https:\\\/\\\/ubirataonline.com.br\\\/#organization\"},\"alternateName\":\"Ubirat\u00e3 Online\",\"potentialAction\":[{\"@type\":\"SearchAction\",\"target\":{\"@type\":\"EntryPoint\",\"urlTemplate\":\"https:\\\/\\\/ubirataonline.com.br\\\/?s={search_term_string}\"},\"query-input\":{\"@type\":\"PropertyValueSpecification\",\"valueRequired\":true,\"valueName\":\"search_term_string\"}}],\"inLanguage\":\"en-US\"},{\"@type\":[\"Organization\",\"Place\"],\"@id\":\"https:\\\/\\\/ubirataonline.com.br\\\/#organization\",\"name\":\"Ubirat\u00e3 Online Not\u00edcias\",\"alternateName\":\"Ubirat\u00e3 Online\",\"url\":\"https:\\\/\\\/ubirataonline.com.br\\\/\",\"logo\":{\"@id\":\"https:\\\/\\\/ubirataonline.com.br\\\/flavio-bolsonaro-afirma-que-sem-duvidas-apoiaria-tarcisio-para-o-planalto-em-2030\\\/#local-main-organization-logo\"},\"image\":{\"@id\":\"https:\\\/\\\/ubirataonline.com.br\\\/flavio-bolsonaro-afirma-que-sem-duvidas-apoiaria-tarcisio-para-o-planalto-em-2030\\\/#local-main-organization-logo\"},\"sameAs\":[\"https:\\\/\\\/www.facebook.com\\\/portalubirataonline\",\"https:\\\/\\\/x.com\\\/ubirataonline\",\"https:\\\/\\\/mastodon.social\\\/@ubirataonline\",\"https:\\\/\\\/www.facebook.com\\\/groups\\\/311144672285604\",\"https:\\\/\\\/www.facebook.com\\\/UBTAOnline\",\"https:\\\/\\\/www.instagram.com\\\/portalubirataonline\\\/\",\"https:\\\/\\\/twitter.com\\\/ubirataonline\"],\"description\":\"Somos um portal de not\u00edcias independente, criado em 5 de janeiro de 2009, com o objetivo de informar, conectar e valorizar a nossa comunidade de Ubirat\u00e3 e toda aregi\u00e3o. Com conte\u00fado atualizado, confi\u00e1vel e relevante, o Ubirat\u00e3 Online \u00e9 o seu espa\u00e7o para ficar por dentro dos principais acontecimentos locais, regionais, Brasil, Mundo e de interesse geral. Nosso compromisso \u00e9 com a verdade, a transpar\u00eancia e o respeito ao leitor.\",\"legalName\":\"UBIRATA ONLINE NOT\u00cdCIAS\",\"foundingDate\":\"2009-01-05\",\"numberOfEmployees\":{\"@type\":\"QuantitativeValue\",\"minValue\":\"1\",\"maxValue\":\"10\"},\"publishingPrinciples\":\"https:\\\/\\\/ubirataonline.com.br\\\/faq\\\/\",\"address\":{\"@id\":\"https:\\\/\\\/ubirataonline.com.br\\\/flavio-bolsonaro-afirma-que-sem-duvidas-apoiaria-tarcisio-para-o-planalto-em-2030\\\/#local-main-place-address\"},\"geo\":{\"@type\":\"GeoCoordinates\",\"latitude\":\"-24.5361401\",\"longitude\":\"-52.9921776\"},\"telephone\":[\"+5544998308235\"],\"contactPoint\":{\"@type\":\"ContactPoint\",\"email\":\"contato@ubirataonline.com.br\"},\"openingHoursSpecification\":{\"@type\":\"OpeningHoursSpecification\",\"dayOfWeek\":[\"Monday\",\"Tuesday\",\"Wednesday\",\"Thursday\",\"Friday\",\"Saturday\",\"Sunday\"],\"opens\":\"00:00\",\"closes\":\"23:59\"},\"email\":\"contato@ubirataonline.com.br\",\"vatID\":\"47.621.418\\\/0001-80\"},{\"@type\":\"Person\",\"@id\":\"https:\\\/\\\/ubirataonline.com.br\\\/#\\\/schema\\\/person\\\/372f87bbd3fdd79b8556b84c98d0bc1c\",\"name\":\"REDA\u00c7\u00c3O: UBIRAT\u00c3 ONLINE - F\u00c1BIO AUGUSTO CELESTINO\",\"pronouns\":\"Ele\",\"description\":\"Desde 2003 trabalhando com not\u00edcias.\",\"sameAs\":[\"http:\\\/\\\/ubirataoline.com.br\",\"https:\\\/\\\/www.facebook.com\\\/portalubirataonline\",\"https:\\\/\\\/www.instagram.com\\\/ubirataonline_oficial\",\"https:\\\/\\\/x.com\\\/x.com\\\/ubirataonline\"],\"honorificPrefix\":\"Mr.\",\"honorificSuffix\":\"MD\",\"birthDate\":\"1980-06-16\",\"gender\":\"masculino\",\"award\":[\"V\u00e1rios pr\u00eamios de melhor portal da cidade\"],\"jobTitle\":\"Diretor\",\"url\":\"https:\\\/\\\/ubirataonline.com.br\\\/en\\\/author\\\/ubirataonline\\\/\"},{\"@type\":\"PostalAddress\",\"@id\":\"https:\\\/\\\/ubirataonline.com.br\\\/flavio-bolsonaro-afirma-que-sem-duvidas-apoiaria-tarcisio-para-o-planalto-em-2030\\\/#local-main-place-address\",\"streetAddress\":\"Rua dos Coqueiros, 104 - Bairro Boa Vista, Rua dos Coqueiros, 104 Bairro Boa Vista\",\"addressLocality\":\"UBIRATA\",\"postalCode\":\"85440-000\",\"addressRegion\":\"PR\",\"addressCountry\":\"BR\"},{\"@type\":\"ImageObject\",\"inLanguage\":\"en-US\",\"@id\":\"https:\\\/\\\/ubirataonline.com.br\\\/flavio-bolsonaro-afirma-que-sem-duvidas-apoiaria-tarcisio-para-o-planalto-em-2030\\\/#local-main-organization-logo\",\"url\":\"https:\\\/\\\/ubirataonline.com.br\\\/wp-content\\\/uploads\\\/2026\\\/06\\\/logoubirataonline-1.webp\",\"contentUrl\":\"https:\\\/\\\/ubirataonline.com.br\\\/wp-content\\\/uploads\\\/2026\\\/06\\\/logoubirataonline-1.webp\",\"width\":500,\"height\":500,\"caption\":\"Ubirat\u00e3 Online Not\u00edcias\"}]}<\/script>\n<meta name=\"geo.placename\" content=\"UBIRATA\" \/>\n<meta name=\"geo.position\" content=\"-24.5361401;-52.9921776\" \/>\n<meta name=\"geo.region\" content=\"Brazil\" \/>\n<!-- \/ Yoast SEO Premium plugin. -->","yoast_head_json":{"title":"Fl\u00e1vio Bolsonaro afirma que 'sem d\u00favidas' apoiaria Tarc\u00edsio para o Planalto em 2030 - Ubirat\u00e3 Online Not\u00edcias - A realidade ao seu alcance!","description":"Em coletiva em S\u00e3o Carlos, o candidato do PL disse \u00e0 Ag\u00eancia Estado que Tarc\u00edsio \u00e9 'um dos grandes quadros' da centro-direita e que o apoiaria em 2030. O","robots":{"index":"index","follow":"follow","max-snippet":"max-snippet:-1","max-image-preview":"max-image-preview:large","max-video-preview":"max-video-preview:-1"},"canonical":"https:\/\/ubirataonline.com.br\/en\/flavio-bolsonaro-afirma-que-sem-duvidas-apoiaria-tarcisio-para-o-planalto-em-2030\/","og_locale":"en_US","og_type":"article","og_title":"Fl\u00e1vio Bolsonaro afirma que 'sem d\u00favidas' apoiaria Tarc\u00edsio para o Planalto em 2030","og_description":"Em coletiva em S\u00e3o Carlos, o candidato do PL disse \u00e0 Ag\u00eancia Estado que Tarc\u00edsio \u00e9 'um dos grandes quadros' da centro-direita e que o apoiaria em 2030. O","og_url":"https:\/\/ubirataonline.com.br\/en\/flavio-bolsonaro-afirma-que-sem-duvidas-apoiaria-tarcisio-para-o-planalto-em-2030\/","og_site_name":"Ubirat\u00e3 Online Not\u00edcias - A realidade ao seu alcance!","article_publisher":"https:\/\/www.facebook.com\/portalubirataonline","article_author":"https:\/\/www.facebook.com\/portalubirataonline","article_published_time":"2026-09-04T18:21:34+00:00","og_image":[{"width":1531,"height":418,"url":"https:\/\/ubirataonline.com.br\/wp-content\/uploads\/2026\/05\/logo2026.webp","type":"image\/webp"}],"author":"REDA\u00c7\u00c3O: UBIRAT\u00c3 ONLINE - F\u00c1BIO AUGUSTO CELESTINO","twitter_card":"summary_large_image","twitter_creator":"@x.com\/ubirataonline","twitter_site":"@ubirataonline","twitter_misc":{"Written by":"REDA\u00c7\u00c3O: UBIRAT\u00c3 ONLINE - F\u00c1BIO AUGUSTO CELESTINO","Est. reading time":"2 minutes"},"schema":{"@context":"https:\/\/schema.org","@graph":[{"@type":"NewsArticle","@id":"https:\/\/ubirataonline.com.br\/flavio-bolsonaro-afirma-que-sem-duvidas-apoiaria-tarcisio-para-o-planalto-em-2030\/#article","isPartOf":{"@id":"https:\/\/ubirataonline.com.br\/flavio-bolsonaro-afirma-que-sem-duvidas-apoiaria-tarcisio-para-o-planalto-em-2030\/"},"author":{"name":"REDA\u00c7\u00c3O: UBIRAT\u00c3 ONLINE - F\u00c1BIO AUGUSTO CELESTINO","@id":"https:\/\/ubirataonline.com.br\/#\/schema\/person\/372f87bbd3fdd79b8556b84c98d0bc1c"},"headline":"Fl\u00e1vio Bolsonaro afirma que &#8216;sem d\u00favidas&#8217; apoiaria Tarc\u00edsio para o Planalto em 2030","datePublished":"2026-09-04T18:21:34+00:00","mainEntityOfPage":{"@id":"https:\/\/ubirataonline.com.br\/flavio-bolsonaro-afirma-que-sem-duvidas-apoiaria-tarcisio-para-o-planalto-em-2030\/"},"wordCount":392,"publisher":{"@id":"https:\/\/ubirataonline.com.br\/#organization"},"image":{"@id":"https:\/\/ubirataonline.com.br\/flavio-bolsonaro-afirma-que-sem-duvidas-apoiaria-tarcisio-para-o-planalto-em-2030\/#primaryimage"},"thumbnailUrl":"https:\/\/ubirataonline.com.br\/wp-content\/uploads\/2026\/09\/maaimg-post-170729-20260904-182158.webp","articleSection":["Geral"],"inLanguage":"en-US","copyrightYear":"2026","copyrightHolder":{"@id":"https:\/\/ubirataonline.com.br\/en\/#organization"}},{"@type":"WebPage","@id":"https:\/\/ubirataonline.com.br\/flavio-bolsonaro-afirma-que-sem-duvidas-apoiaria-tarcisio-para-o-planalto-em-2030\/","url":"https:\/\/ubirataonline.com.br\/flavio-bolsonaro-afirma-que-sem-duvidas-apoiaria-tarcisio-para-o-planalto-em-2030\/","name":"Fl\u00e1vio Bolsonaro afirma que 'sem d\u00favidas' apoiaria Tarc\u00edsio para o Planalto em 2030 - Ubirat\u00e3 Online Not\u00edcias - A realidade ao seu alcance!","isPartOf":{"@id":"https:\/\/ubirataonline.com.br\/#website"},"primaryImageOfPage":{"@id":"https:\/\/ubirataonline.com.br\/flavio-bolsonaro-afirma-que-sem-duvidas-apoiaria-tarcisio-para-o-planalto-em-2030\/#primaryimage"},"image":{"@id":"https:\/\/ubirataonline.com.br\/flavio-bolsonaro-afirma-que-sem-duvidas-apoiaria-tarcisio-para-o-planalto-em-2030\/#primaryimage"},"thumbnailUrl":"https:\/\/ubirataonline.com.br\/wp-content\/uploads\/2026\/09\/maaimg-post-170729-20260904-182158.webp","datePublished":"2026-09-04T18:21:34+00:00","description":"Em coletiva em S\u00e3o Carlos, o candidato do PL disse \u00e0 Ag\u00eancia Estado que Tarc\u00edsio \u00e9 'um dos grandes quadros' da centro-direita e que o apoiaria em 2030. O","breadcrumb":{"@id":"https:\/\/ubirataonline.com.br\/flavio-bolsonaro-afirma-que-sem-duvidas-apoiaria-tarcisio-para-o-planalto-em-2030\/#breadcrumb"},"inLanguage":"en-US","potentialAction":[{"@type":"ReadAction","target":["https:\/\/ubirataonline.com.br\/flavio-bolsonaro-afirma-que-sem-duvidas-apoiaria-tarcisio-para-o-planalto-em-2030\/"]}]},{"@type":"ImageObject","inLanguage":"en-US","@id":"https:\/\/ubirataonline.com.br\/flavio-bolsonaro-afirma-que-sem-duvidas-apoiaria-tarcisio-para-o-planalto-em-2030\/#primaryimage","url":"https:\/\/ubirataonline.com.br\/wp-content\/uploads\/2026\/09\/maaimg-post-170729-20260904-182158.webp","contentUrl":"https:\/\/ubirataonline.com.br\/wp-content\/uploads\/2026\/09\/maaimg-post-170729-20260904-182158.webp","width":1536,"height":1024,"caption":"Imagem ilustrativa Gerada por IA"},{"@type":"BreadcrumbList","@id":"https:\/\/ubirataonline.com.br\/flavio-bolsonaro-afirma-que-sem-duvidas-apoiaria-tarcisio-para-o-planalto-em-2030\/#breadcrumb","itemListElement":[{"@type":"ListItem","position":1,"name":"In\u00edcio","item":"https:\/\/ubirataonline.com.br\/"},{"@type":"ListItem","position":2,"name":"Fl\u00e1vio Bolsonaro afirma que &#8216;sem d\u00favidas&#8217; apoiaria Tarc\u00edsio para o Planalto em 2030"}]},{"@type":"WebSite","@id":"https:\/\/ubirataonline.com.br\/#website","url":"https:\/\/ubirataonline.com.br\/","name":"Ubirat\u00e3 Online Not\u00edcias","description":"Not\u00edcias de Ubirat\u00e3, regi\u00e3o, Brasil e mundo, com informa\u00e7\u00e3o atualizada e compromisso com o leitor.","publisher":{"@id":"https:\/\/ubirataonline.com.br\/#organization"},"alternateName":"Ubirat\u00e3 Online","potentialAction":[{"@type":"SearchAction","target":{"@type":"EntryPoint","urlTemplate":"https:\/\/ubirataonline.com.br\/?s={search_term_string}"},"query-input":{"@type":"PropertyValueSpecification","valueRequired":true,"valueName":"search_term_string"}}],"inLanguage":"en-US"},{"@type":["Organization","Place"],"@id":"https:\/\/ubirataonline.com.br\/#organization","name":"Ubirat\u00e3 Online Not\u00edcias","alternateName":"Ubirat\u00e3 Online","url":"https:\/\/ubirataonline.com.br\/","logo":{"@id":"https:\/\/ubirataonline.com.br\/flavio-bolsonaro-afirma-que-sem-duvidas-apoiaria-tarcisio-para-o-planalto-em-2030\/#local-main-organization-logo"},"image":{"@id":"https:\/\/ubirataonline.com.br\/flavio-bolsonaro-afirma-que-sem-duvidas-apoiaria-tarcisio-para-o-planalto-em-2030\/#local-main-organization-logo"},"sameAs":["https:\/\/www.facebook.com\/portalubirataonline","https:\/\/x.com\/ubirataonline","https:\/\/mastodon.social\/@ubirataonline","https:\/\/www.facebook.com\/groups\/311144672285604","https:\/\/www.facebook.com\/UBTAOnline","https:\/\/www.instagram.com\/portalubirataonline\/","https:\/\/twitter.com\/ubirataonline"],"description":"Somos um portal de not\u00edcias independente, criado em 5 de janeiro de 2009, com o objetivo de informar, conectar e valorizar a nossa comunidade de Ubirat\u00e3 e toda aregi\u00e3o. Com conte\u00fado atualizado, confi\u00e1vel e relevante, o Ubirat\u00e3 Online \u00e9 o seu espa\u00e7o para ficar por dentro dos principais acontecimentos locais, regionais, Brasil, Mundo e de interesse geral. Nosso compromisso \u00e9 com a verdade, a transpar\u00eancia e o respeito ao leitor.","legalName":"UBIRATA ONLINE NOT\u00cdCIAS","foundingDate":"2009-01-05","numberOfEmployees":{"@type":"QuantitativeValue","minValue":"1","maxValue":"10"},"publishingPrinciples":"https:\/\/ubirataonline.com.br\/faq\/","address":{"@id":"https:\/\/ubirataonline.com.br\/flavio-bolsonaro-afirma-que-sem-duvidas-apoiaria-tarcisio-para-o-planalto-em-2030\/#local-main-place-address"},"geo":{"@type":"GeoCoordinates","latitude":"-24.5361401","longitude":"-52.9921776"},"telephone":["+5544998308235"],"contactPoint":{"@type":"ContactPoint","email":"contato@ubirataonline.com.br"},"openingHoursSpecification":{"@type":"OpeningHoursSpecification","dayOfWeek":["Monday","Tuesday","Wednesday","Thursday","Friday","Saturday","Sunday"],"opens":"00:00","closes":"23:59"},"email":"contato@ubirataonline.com.br","vatID":"47.621.418\/0001-80"},{"@type":"Person","@id":"https:\/\/ubirataonline.com.br\/#\/schema\/person\/372f87bbd3fdd79b8556b84c98d0bc1c","name":"REDA\u00c7\u00c3O: UBIRAT\u00c3 ONLINE - F\u00c1BIO AUGUSTO CELESTINO","pronouns":"Ele","description":"Desde 2003 trabalhando com not\u00edcias.","sameAs":["http:\/\/ubirataoline.com.br","https:\/\/www.facebook.com\/portalubirataonline","https:\/\/www.instagram.com\/ubirataonline_oficial","https:\/\/x.com\/x.com\/ubirataonline"],"honorificPrefix":"Mr.","honorificSuffix":"MD","birthDate":"1980-06-16","gender":"masculino","award":["V\u00e1rios pr\u00eamios de melhor portal da cidade"],"jobTitle":"Diretor","url":"https:\/\/ubirataonline.com.br\/en\/author\/ubirataonline\/"},{"@type":"PostalAddress","@id":"https:\/\/ubirataonline.com.br\/flavio-bolsonaro-afirma-que-sem-duvidas-apoiaria-tarcisio-para-o-planalto-em-2030\/#local-main-place-address","streetAddress":"Rua dos Coqueiros, 104 - Bairro Boa Vista, Rua dos Coqueiros, 104 Bairro Boa Vista","addressLocality":"UBIRATA","postalCode":"85440-000","addressRegion":"PR","addressCountry":"BR"},{"@type":"ImageObject","inLanguage":"en-US","@id":"https:\/\/ubirataonline.com.br\/flavio-bolsonaro-afirma-que-sem-duvidas-apoiaria-tarcisio-para-o-planalto-em-2030\/#local-main-organization-logo","url":"https:\/\/ubirataonline.com.br\/wp-content\/uploads\/2026\/06\/logoubirataonline-1.webp","contentUrl":"https:\/\/ubirataonline.com.br\/wp-content\/uploads\/2026\/06\/logoubirataonline-1.webp","width":500,"height":500,"caption":"Ubirat\u00e3 Online Not\u00edcias"}]},"geo.placename":"UBIRATA","geo.position":{"lat":"-24.5361401","long":"-52.9921776"},"geo.region":"Brazil"},"_links":{"self":[{"href":"https:\/\/ubirataonline.com.br\/en\/wp-json\/wp\/v2\/posts\/170729","targetHints":{"allow":["GET"]}}],"collection":[{"href":"https:\/\/ubirataonline.com.br\/en\/wp-json\/wp\/v2\/posts"}],"about":[{"href":"https:\/\/ubirataonline.com.br\/en\/wp-json\/wp\/v2\/types\/post"}],"author":[{"embeddable":true,"href":"https:\/\/ubirataonline.com.br\/en\/wp-json\/wp\/v2\/users\/1"}],"replies":[{"embeddable":true,"href":"https:\/\/ubirataonline.com.br\/en\/wp-json\/wp\/v2\/comments?post=170729"}],"version-history":[{"count":0,"href":"https:\/\/ubirataonline.com.br\/en\/wp-json\/wp\/v2\/posts\/170729\/revisions"}],"wp:featuredmedia":[{"embeddable":true,"href":"https:\/\/ubirataonline.com.br\/en\/wp-json\/wp\/v2\/media\/170730"}],"wp:attachment":[{"href":"https:\/\/ubirataonline.com.br\/en\/wp-json\/wp\/v2\/media?parent=170729"}],"wp:term":[{"taxonomy":"category","embeddable":true,"href":"https:\/\/ubirataonline.com.br\/en\/wp-json\/wp\/v2\/categories?post=170729"},{"taxonomy":"post_tag","embeddable":true,"href":"https:\/\/ubirataonline.com.br\/en\/wp-json\/wp\/v2\/tags?post=170729"}],"curies":[{"name":"wp","href":"https:\/\/api.w.org\/{rel}","templated":true}]}}