{"id":170731,"date":"2026-09-04T15:22:12","date_gmt":"2026-09-04T18:22:12","guid":{"rendered":"https:\/\/ubirataonline.com.br\/inscricoes-para-o-conselho-de-politica-cultural\/"},"modified":"2026-09-04T15:22:12","modified_gmt":"2026-09-04T18:22:12","slug":"inscricoes-para-o-conselho-de-politica-cultural","status":"publish","type":"post","link":"https:\/\/ubirataonline.com.br\/en\/inscricoes-para-o-conselho-de-politica-cultural\/","title":{"rendered":"Inscri\u00e7\u00f5es para o Conselho de Pol\u00edtica Cultural"},"content":{"rendered":"<h2>O prazo para interessados em compor o Conselho Nacional de Pol\u00edtica Cultural segue aberto, permitindo que a sociedade civil ajude a definir o futuro das artes e da cultura nacional at\u00e9 2029.<\/h2>\n<p>O prazo para realizar as inscri\u00e7\u00f5es no processo eleitoral do Conselho Nacional de Pol\u00edtica Cultural (CNPC) se encerra no dia 22 de setembro. O Colegiados desempenha um papel fundamental na formula\u00e7\u00e3o, no acompanhamento e na avalia\u00e7\u00e3o de Pol\u00edtica p\u00fablicas voltadas ao setor cultural em todo o territ\u00f3rio brasileiro.<\/p>\n<p>A oportunidade \u00e9 voltada para artistas, produtores culturais e pesquisadores que desejam atuar diretamente nas decis\u00f5es do \u00f3rg\u00e3o. Os membros eleitos ser\u00e3o respons\u00e1veis por conduzir os trabalhos durante o mandato que compreende o per\u00edodo de 2026 a 2029, conforme informa\u00e7\u00e3o divulgada pela <b>Empresa Brasil de Comunica\u00e7\u00e3o<\/b>.<\/p>\n<p>Para participar, os interessados devem utilizar a plataforma Vota Cultura, sendo necess\u00e1ria a autentica\u00e7\u00e3o por meio da conta Gov.br.<\/p>\n<h3>Como realizar a inscri\u00e7\u00e3o e quais os requisitos<\/h3>\n<p>Para aqueles que desejam se candidatar a uma vaga, \u00e9 obrigat\u00f3rio ter 18 anos completos e residir no Brasil. Al\u00e9m disso, o edital exige a comprova\u00e7\u00e3o de, no m\u00ednimo, tr\u00eas anos de atua\u00e7\u00e3o comprovada na \u00e1rea cultural correspondente ao Colegiados escolhido pelo candidato.<\/p>\n<p>J\u00e1 para quem pretende exercer o direito ao voto, o requisito m\u00ednimo \u00e9 ter 16 anos de idade. Tamb\u00e9m \u00e9 necess\u00e1rio comprovar, pelo menos, um ano de atua\u00e7\u00e3o, v\u00ednculo ou pesquisa na \u00e1rea espec\u00edfica do Colegiados em que deseja votar. A vota\u00e7\u00e3o ocorrer\u00e1 de forma virtual, entre os dias 11 e 15 de novembro.<\/p>\n<h3>Estrutura e diversidade no conselho<\/h3>\n<p>O <b>Conselho Nacional de Pol\u00edtica Cultural<\/b> \u00e9 composto por 21 Colegiados Nacionais de Participa\u00e7\u00e3o Social. Cada um desses grupos tem a capacidade de eleger at\u00e9 14 representantes titulares, al\u00e9m de 14 suplentes, garantindo que diferentes \u00e1reas da cultura tenham voz ativa nas decis\u00f5es nacionais.<\/p>\n<p>O processo eleitoral traz mecanismos espec\u00edficos para assegurar a diversidade. As regras garantem a representa\u00e7\u00e3o das cinco macrorregi\u00f5es brasileiras e estabelecem a obrigatoriedade de, pelo menos, 50% de participa\u00e7\u00e3o feminina. Tamb\u00e9m existem a\u00e7\u00f5es afirmativas voltadas para pessoas negras, ind\u00edgenas e pessoas com defici\u00eancia.<\/p>\n<h3>Import\u00e2ncia da participa\u00e7\u00e3o social<\/h3>\n<p>A elei\u00e7\u00e3o \u00e9 o canal que permite que diferentes demandas e prioridades territoriais cheguem ao debate nacional. O objetivo \u00e9 integrar experi\u00eancias locais ao planejamento das Pol\u00edtica p\u00fablicas, tornando o setor cultural mais democr\u00e1tico e representativo para todos os brasileiros.<\/p>\n<p>Para d\u00favidas ou mais detalhes sobre o processo de candidatura, os interessados podem enviar mensagens para o e-mail oficial vota.cnpc@cultura.gov.br. O edital completo, com todas as regras e orienta\u00e7\u00f5es, est\u00e1 dispon\u00edvel para consulta p\u00fablica na plataforma oficial do governo.<\/p>\n<p><b>FAQ<\/b><\/p>\n<p><b>1. At\u00e9 quando posso me inscrever para o conselho?<\/b><br \/>As inscri\u00e7\u00f5es para concorrer ou votar no Conselho Nacional de Pol\u00edtica Cultural v\u00e3o at\u00e9 o dia 22 de setembro.<\/p>\n<p><b>2. Onde devo fazer a inscri\u00e7\u00e3o?<\/b><br \/>O processo de inscri\u00e7\u00e3o deve ser realizado exclusivamente pela plataforma Vota Cultura, utilizando a conta Gov.br para autentica\u00e7\u00e3o.<\/p>\n<p><b>3. Qual a idade m\u00ednima para votar?<\/b><br \/>Podem participar da vota\u00e7\u00e3o cidad\u00e3os que tenham pelo menos 16 anos de idade e comprovem atua\u00e7\u00e3o na \u00e1rea cultural.<\/p>\n<p>4. \u00c9 preciso ter experi\u00eancia para ser candidato?Sim, o candidato precisa ter 18 anos completos e comprovar, no m\u00ednimo, tr\u00eas anos de atua\u00e7\u00e3o na \u00e1rea cultural correspondente ao Colegiados escolhido.<\/p>\n<p><b>5. Quando ser\u00e1 a vota\u00e7\u00e3o?<\/b><br \/>A vota\u00e7\u00e3o ser\u00e1 realizada pela internet, ocorrendo no per\u00edodo entre os dias 11 e 15 de novembro.<\/p>","protected":false},"excerpt":{"rendered":"<p>O prazo para interessados em compor o Conselho Nacional de Pol\u00edtica Cultural segue aberto, permitindo que a sociedade civil ajude a definir o futuro das artes e da cultura nacional at\u00e9 2029. O prazo para realizar as inscri\u00e7\u00f5es no processo eleitoral do Conselho Nacional de Pol\u00edtica Cultural (CNPC) se encerra no dia 22 de setembro. [&hellip;]<\/p>\n","protected":false},"author":1,"featured_media":0,"comment_status":"","ping_status":"","sticky":false,"template":"","format":"standard","meta":{"googlesitekit_rrm_CAow2JLhCw:productID":"","_gspb_post_css":"","maa_idioma":"","maa_pais":"","footnotes":""},"categories":[4],"tags":[],"class_list":["post-170731","post","type-post","status-publish","format-standard","hentry","category-brasil"],"blocksy_meta":[],"yoast_head":"<!-- This site is optimized with the Yoast SEO Premium plugin v27.6 (Yoast SEO v27.6) - https:\/\/yoast.com\/product\/yoast-seo-premium-wordpress\/ -->\n<title>Inscri\u00e7\u00f5es para o Conselho de Pol\u00edtica Cultural - Ubirat\u00e3 Online Not\u00edcias - A realidade ao seu alcance!<\/title>\n<meta name=\"description\" content=\"O prazo para interessados em compor o Conselho Nacional de Pol\u00edtica Cultural segue aberto, permitindo que a sociedade civil ajude a definir o futuro das\" \/>\n<meta name=\"robots\" content=\"index, follow, max-snippet:-1, max-image-preview:large, max-video-preview:-1\" \/>\n<link rel=\"canonical\" href=\"https:\/\/ubirataonline.com.br\/en\/inscricoes-para-o-conselho-de-politica-cultural\/\" \/>\n<meta property=\"og:locale\" content=\"en_US\" \/>\n<meta property=\"og:type\" content=\"article\" \/>\n<meta property=\"og:title\" content=\"Inscri\u00e7\u00f5es para o Conselho de Pol\u00edtica Cultural\" \/>\n<meta property=\"og:description\" content=\"O prazo para interessados em compor o Conselho Nacional de Pol\u00edtica Cultural segue aberto, permitindo que a sociedade civil ajude a definir o futuro das\" \/>\n<meta property=\"og:url\" content=\"https:\/\/ubirataonline.com.br\/en\/inscricoes-para-o-conselho-de-politica-cultural\/\" \/>\n<meta property=\"og:site_name\" content=\"Ubirat\u00e3 Online Not\u00edcias - A realidade ao seu alcance!\" \/>\n<meta property=\"article:publisher\" content=\"https:\/\/www.facebook.com\/portalubirataonline\" \/>\n<meta property=\"article:author\" content=\"https:\/\/www.facebook.com\/portalubirataonline\" \/>\n<meta property=\"article:published_time\" content=\"2026-09-04T18:22:12+00:00\" \/>\n<meta property=\"og:image\" content=\"https:\/\/ubirataonline.com.br\/wp-content\/uploads\/2026\/05\/logo2026.webp\" \/>\n\t<meta property=\"og:image:width\" content=\"1531\" \/>\n\t<meta property=\"og:image:height\" content=\"418\" \/>\n\t<meta property=\"og:image:type\" content=\"image\/webp\" \/>\n<meta name=\"author\" content=\"REDA\u00c7\u00c3O: UBIRAT\u00c3 ONLINE - F\u00c1BIO AUGUSTO CELESTINO\" \/>\n<meta name=\"twitter:card\" content=\"summary_large_image\" \/>\n<meta name=\"twitter:creator\" content=\"@x.com\/ubirataonline\" \/>\n<meta name=\"twitter:site\" content=\"@ubirataonline\" \/>\n<meta name=\"twitter:label1\" content=\"Written by\" \/>\n\t<meta name=\"twitter:data1\" content=\"REDA\u00c7\u00c3O: UBIRAT\u00c3 ONLINE - F\u00c1BIO AUGUSTO CELESTINO\" \/>\n\t<meta name=\"twitter:label2\" content=\"Est. reading time\" \/>\n\t<meta name=\"twitter:data2\" content=\"3 minutes\" \/>\n<script type=\"application\/ld+json\" class=\"yoast-schema-graph\">{\"@context\":\"https:\\\/\\\/schema.org\",\"@graph\":[{\"@type\":\"NewsArticle\",\"@id\":\"https:\\\/\\\/ubirataonline.com.br\\\/inscricoes-para-o-conselho-de-politica-cultural\\\/#article\",\"isPartOf\":{\"@id\":\"https:\\\/\\\/ubirataonline.com.br\\\/inscricoes-para-o-conselho-de-politica-cultural\\\/\"},\"author\":{\"name\":\"REDA\u00c7\u00c3O: UBIRAT\u00c3 ONLINE - F\u00c1BIO AUGUSTO CELESTINO\",\"@id\":\"https:\\\/\\\/ubirataonline.com.br\\\/#\\\/schema\\\/person\\\/372f87bbd3fdd79b8556b84c98d0bc1c\"},\"headline\":\"Inscri\u00e7\u00f5es para o Conselho de Pol\u00edtica Cultural\",\"datePublished\":\"2026-09-04T18:22:12+00:00\",\"mainEntityOfPage\":{\"@id\":\"https:\\\/\\\/ubirataonline.com.br\\\/inscricoes-para-o-conselho-de-politica-cultural\\\/\"},\"wordCount\":613,\"publisher\":{\"@id\":\"https:\\\/\\\/ubirataonline.com.br\\\/#organization\"},\"articleSection\":[\"Brasil\"],\"inLanguage\":\"en-US\",\"copyrightYear\":\"2026\",\"copyrightHolder\":{\"@id\":\"https:\\\/\\\/ubirataonline.com.br\\\/en\\\/#organization\"}},{\"@type\":\"WebPage\",\"@id\":\"https:\\\/\\\/ubirataonline.com.br\\\/inscricoes-para-o-conselho-de-politica-cultural\\\/\",\"url\":\"https:\\\/\\\/ubirataonline.com.br\\\/inscricoes-para-o-conselho-de-politica-cultural\\\/\",\"name\":\"Inscri\u00e7\u00f5es para o Conselho de Pol\u00edtica Cultural - Ubirat\u00e3 Online Not\u00edcias - A realidade ao seu alcance!\",\"isPartOf\":{\"@id\":\"https:\\\/\\\/ubirataonline.com.br\\\/#website\"},\"datePublished\":\"2026-09-04T18:22:12+00:00\",\"description\":\"O prazo para interessados em compor o Conselho Nacional de Pol\u00edtica Cultural segue aberto, permitindo que a sociedade civil ajude a definir o futuro das\",\"breadcrumb\":{\"@id\":\"https:\\\/\\\/ubirataonline.com.br\\\/inscricoes-para-o-conselho-de-politica-cultural\\\/#breadcrumb\"},\"inLanguage\":\"en-US\",\"potentialAction\":[{\"@type\":\"ReadAction\",\"target\":[\"https:\\\/\\\/ubirataonline.com.br\\\/inscricoes-para-o-conselho-de-politica-cultural\\\/\"]}]},{\"@type\":\"BreadcrumbList\",\"@id\":\"https:\\\/\\\/ubirataonline.com.br\\\/inscricoes-para-o-conselho-de-politica-cultural\\\/#breadcrumb\",\"itemListElement\":[{\"@type\":\"ListItem\",\"position\":1,\"name\":\"In\u00edcio\",\"item\":\"https:\\\/\\\/ubirataonline.com.br\\\/\"},{\"@type\":\"ListItem\",\"position\":2,\"name\":\"Inscri\u00e7\u00f5es para o Conselho de Pol\u00edtica Cultural\"}]},{\"@type\":\"WebSite\",\"@id\":\"https:\\\/\\\/ubirataonline.com.br\\\/#website\",\"url\":\"https:\\\/\\\/ubirataonline.com.br\\\/\",\"name\":\"Ubirat\u00e3 Online Not\u00edcias\",\"description\":\"Not\u00edcias de Ubirat\u00e3, regi\u00e3o, Brasil e mundo, com informa\u00e7\u00e3o atualizada e compromisso com o leitor.\",\"publisher\":{\"@id\":\"https:\\\/\\\/ubirataonline.com.br\\\/#organization\"},\"alternateName\":\"Ubirat\u00e3 Online\",\"potentialAction\":[{\"@type\":\"SearchAction\",\"target\":{\"@type\":\"EntryPoint\",\"urlTemplate\":\"https:\\\/\\\/ubirataonline.com.br\\\/?s={search_term_string}\"},\"query-input\":{\"@type\":\"PropertyValueSpecification\",\"valueRequired\":true,\"valueName\":\"search_term_string\"}}],\"inLanguage\":\"en-US\"},{\"@type\":[\"Organization\",\"Place\"],\"@id\":\"https:\\\/\\\/ubirataonline.com.br\\\/#organization\",\"name\":\"Ubirat\u00e3 Online Not\u00edcias\",\"alternateName\":\"Ubirat\u00e3 Online\",\"url\":\"https:\\\/\\\/ubirataonline.com.br\\\/\",\"logo\":{\"@id\":\"https:\\\/\\\/ubirataonline.com.br\\\/inscricoes-para-o-conselho-de-politica-cultural\\\/#local-main-organization-logo\"},\"image\":{\"@id\":\"https:\\\/\\\/ubirataonline.com.br\\\/inscricoes-para-o-conselho-de-politica-cultural\\\/#local-main-organization-logo\"},\"sameAs\":[\"https:\\\/\\\/www.facebook.com\\\/portalubirataonline\",\"https:\\\/\\\/x.com\\\/ubirataonline\",\"https:\\\/\\\/mastodon.social\\\/@ubirataonline\",\"https:\\\/\\\/www.facebook.com\\\/groups\\\/311144672285604\",\"https:\\\/\\\/www.facebook.com\\\/UBTAOnline\",\"https:\\\/\\\/www.instagram.com\\\/portalubirataonline\\\/\",\"https:\\\/\\\/twitter.com\\\/ubirataonline\"],\"description\":\"Somos um portal de not\u00edcias independente, criado em 5 de janeiro de 2009, com o objetivo de informar, conectar e valorizar a nossa comunidade de Ubirat\u00e3 e toda aregi\u00e3o. Com conte\u00fado atualizado, confi\u00e1vel e relevante, o Ubirat\u00e3 Online \u00e9 o seu espa\u00e7o para ficar por dentro dos principais acontecimentos locais, regionais, Brasil, Mundo e de interesse geral. Nosso compromisso \u00e9 com a verdade, a transpar\u00eancia e o respeito ao leitor.\",\"legalName\":\"UBIRATA ONLINE NOT\u00cdCIAS\",\"foundingDate\":\"2009-01-05\",\"numberOfEmployees\":{\"@type\":\"QuantitativeValue\",\"minValue\":\"1\",\"maxValue\":\"10\"},\"publishingPrinciples\":\"https:\\\/\\\/ubirataonline.com.br\\\/faq\\\/\",\"address\":{\"@id\":\"https:\\\/\\\/ubirataonline.com.br\\\/inscricoes-para-o-conselho-de-politica-cultural\\\/#local-main-place-address\"},\"geo\":{\"@type\":\"GeoCoordinates\",\"latitude\":\"-24.5361401\",\"longitude\":\"-52.9921776\"},\"telephone\":[\"+5544998308235\"],\"contactPoint\":{\"@type\":\"ContactPoint\",\"email\":\"contato@ubirataonline.com.br\"},\"openingHoursSpecification\":{\"@type\":\"OpeningHoursSpecification\",\"dayOfWeek\":[\"Monday\",\"Tuesday\",\"Wednesday\",\"Thursday\",\"Friday\",\"Saturday\",\"Sunday\"],\"opens\":\"00:00\",\"closes\":\"23:59\"},\"email\":\"contato@ubirataonline.com.br\",\"vatID\":\"47.621.418\\\/0001-80\"},{\"@type\":\"Person\",\"@id\":\"https:\\\/\\\/ubirataonline.com.br\\\/#\\\/schema\\\/person\\\/372f87bbd3fdd79b8556b84c98d0bc1c\",\"name\":\"REDA\u00c7\u00c3O: UBIRAT\u00c3 ONLINE - F\u00c1BIO AUGUSTO CELESTINO\",\"pronouns\":\"Ele\",\"description\":\"Desde 2003 trabalhando com not\u00edcias.\",\"sameAs\":[\"http:\\\/\\\/ubirataoline.com.br\",\"https:\\\/\\\/www.facebook.com\\\/portalubirataonline\",\"https:\\\/\\\/www.instagram.com\\\/ubirataonline_oficial\",\"https:\\\/\\\/x.com\\\/x.com\\\/ubirataonline\"],\"honorificPrefix\":\"Mr.\",\"honorificSuffix\":\"MD\",\"birthDate\":\"1980-06-16\",\"gender\":\"masculino\",\"award\":[\"V\u00e1rios pr\u00eamios de melhor portal da cidade\"],\"jobTitle\":\"Diretor\",\"url\":\"https:\\\/\\\/ubirataonline.com.br\\\/en\\\/author\\\/ubirataonline\\\/\"},{\"@type\":\"PostalAddress\",\"@id\":\"https:\\\/\\\/ubirataonline.com.br\\\/inscricoes-para-o-conselho-de-politica-cultural\\\/#local-main-place-address\",\"streetAddress\":\"Rua dos Coqueiros, 104 - Bairro Boa Vista, Rua dos Coqueiros, 104 Bairro Boa Vista\",\"addressLocality\":\"UBIRATA\",\"postalCode\":\"85440-000\",\"addressRegion\":\"PR\",\"addressCountry\":\"BR\"},{\"@type\":\"ImageObject\",\"inLanguage\":\"en-US\",\"@id\":\"https:\\\/\\\/ubirataonline.com.br\\\/inscricoes-para-o-conselho-de-politica-cultural\\\/#local-main-organization-logo\",\"url\":\"https:\\\/\\\/ubirataonline.com.br\\\/wp-content\\\/uploads\\\/2026\\\/06\\\/logoubirataonline-1.webp\",\"contentUrl\":\"https:\\\/\\\/ubirataonline.com.br\\\/wp-content\\\/uploads\\\/2026\\\/06\\\/logoubirataonline-1.webp\",\"width\":500,\"height\":500,\"caption\":\"Ubirat\u00e3 Online Not\u00edcias\"}]}<\/script>\n<meta name=\"geo.placename\" content=\"UBIRATA\" \/>\n<meta name=\"geo.position\" content=\"-24.5361401;-52.9921776\" \/>\n<meta name=\"geo.region\" content=\"Brazil\" \/>\n<!-- \/ Yoast SEO Premium plugin. -->","yoast_head_json":{"title":"Inscri\u00e7\u00f5es para o Conselho de Pol\u00edtica Cultural - Ubirat\u00e3 Online Not\u00edcias - A realidade ao seu alcance!","description":"O prazo para interessados em compor o Conselho Nacional de Pol\u00edtica Cultural segue aberto, permitindo que a sociedade civil ajude a definir o futuro das","robots":{"index":"index","follow":"follow","max-snippet":"max-snippet:-1","max-image-preview":"max-image-preview:large","max-video-preview":"max-video-preview:-1"},"canonical":"https:\/\/ubirataonline.com.br\/en\/inscricoes-para-o-conselho-de-politica-cultural\/","og_locale":"en_US","og_type":"article","og_title":"Inscri\u00e7\u00f5es para o Conselho de Pol\u00edtica Cultural","og_description":"O prazo para interessados em compor o Conselho Nacional de Pol\u00edtica Cultural segue aberto, permitindo que a sociedade civil ajude a definir o futuro das","og_url":"https:\/\/ubirataonline.com.br\/en\/inscricoes-para-o-conselho-de-politica-cultural\/","og_site_name":"Ubirat\u00e3 Online Not\u00edcias - A realidade ao seu alcance!","article_publisher":"https:\/\/www.facebook.com\/portalubirataonline","article_author":"https:\/\/www.facebook.com\/portalubirataonline","article_published_time":"2026-09-04T18:22:12+00:00","og_image":[{"width":1531,"height":418,"url":"https:\/\/ubirataonline.com.br\/wp-content\/uploads\/2026\/05\/logo2026.webp","type":"image\/webp"}],"author":"REDA\u00c7\u00c3O: UBIRAT\u00c3 ONLINE - F\u00c1BIO AUGUSTO CELESTINO","twitter_card":"summary_large_image","twitter_creator":"@x.com\/ubirataonline","twitter_site":"@ubirataonline","twitter_misc":{"Written by":"REDA\u00c7\u00c3O: UBIRAT\u00c3 ONLINE - F\u00c1BIO AUGUSTO CELESTINO","Est. reading time":"3 minutes"},"schema":{"@context":"https:\/\/schema.org","@graph":[{"@type":"NewsArticle","@id":"https:\/\/ubirataonline.com.br\/inscricoes-para-o-conselho-de-politica-cultural\/#article","isPartOf":{"@id":"https:\/\/ubirataonline.com.br\/inscricoes-para-o-conselho-de-politica-cultural\/"},"author":{"name":"REDA\u00c7\u00c3O: UBIRAT\u00c3 ONLINE - F\u00c1BIO AUGUSTO CELESTINO","@id":"https:\/\/ubirataonline.com.br\/#\/schema\/person\/372f87bbd3fdd79b8556b84c98d0bc1c"},"headline":"Inscri\u00e7\u00f5es para o Conselho de Pol\u00edtica Cultural","datePublished":"2026-09-04T18:22:12+00:00","mainEntityOfPage":{"@id":"https:\/\/ubirataonline.com.br\/inscricoes-para-o-conselho-de-politica-cultural\/"},"wordCount":613,"publisher":{"@id":"https:\/\/ubirataonline.com.br\/#organization"},"articleSection":["Brasil"],"inLanguage":"en-US","copyrightYear":"2026","copyrightHolder":{"@id":"https:\/\/ubirataonline.com.br\/en\/#organization"}},{"@type":"WebPage","@id":"https:\/\/ubirataonline.com.br\/inscricoes-para-o-conselho-de-politica-cultural\/","url":"https:\/\/ubirataonline.com.br\/inscricoes-para-o-conselho-de-politica-cultural\/","name":"Inscri\u00e7\u00f5es para o Conselho de Pol\u00edtica Cultural - Ubirat\u00e3 Online Not\u00edcias - A realidade ao seu alcance!","isPartOf":{"@id":"https:\/\/ubirataonline.com.br\/#website"},"datePublished":"2026-09-04T18:22:12+00:00","description":"O prazo para interessados em compor o Conselho Nacional de Pol\u00edtica Cultural segue aberto, permitindo que a sociedade civil ajude a definir o futuro das","breadcrumb":{"@id":"https:\/\/ubirataonline.com.br\/inscricoes-para-o-conselho-de-politica-cultural\/#breadcrumb"},"inLanguage":"en-US","potentialAction":[{"@type":"ReadAction","target":["https:\/\/ubirataonline.com.br\/inscricoes-para-o-conselho-de-politica-cultural\/"]}]},{"@type":"BreadcrumbList","@id":"https:\/\/ubirataonline.com.br\/inscricoes-para-o-conselho-de-politica-cultural\/#breadcrumb","itemListElement":[{"@type":"ListItem","position":1,"name":"In\u00edcio","item":"https:\/\/ubirataonline.com.br\/"},{"@type":"ListItem","position":2,"name":"Inscri\u00e7\u00f5es para o Conselho de Pol\u00edtica Cultural"}]},{"@type":"WebSite","@id":"https:\/\/ubirataonline.com.br\/#website","url":"https:\/\/ubirataonline.com.br\/","name":"Ubirat\u00e3 Online Not\u00edcias","description":"Not\u00edcias de Ubirat\u00e3, regi\u00e3o, Brasil e mundo, com informa\u00e7\u00e3o atualizada e compromisso com o leitor.","publisher":{"@id":"https:\/\/ubirataonline.com.br\/#organization"},"alternateName":"Ubirat\u00e3 Online","potentialAction":[{"@type":"SearchAction","target":{"@type":"EntryPoint","urlTemplate":"https:\/\/ubirataonline.com.br\/?s={search_term_string}"},"query-input":{"@type":"PropertyValueSpecification","valueRequired":true,"valueName":"search_term_string"}}],"inLanguage":"en-US"},{"@type":["Organization","Place"],"@id":"https:\/\/ubirataonline.com.br\/#organization","name":"Ubirat\u00e3 Online Not\u00edcias","alternateName":"Ubirat\u00e3 Online","url":"https:\/\/ubirataonline.com.br\/","logo":{"@id":"https:\/\/ubirataonline.com.br\/inscricoes-para-o-conselho-de-politica-cultural\/#local-main-organization-logo"},"image":{"@id":"https:\/\/ubirataonline.com.br\/inscricoes-para-o-conselho-de-politica-cultural\/#local-main-organization-logo"},"sameAs":["https:\/\/www.facebook.com\/portalubirataonline","https:\/\/x.com\/ubirataonline","https:\/\/mastodon.social\/@ubirataonline","https:\/\/www.facebook.com\/groups\/311144672285604","https:\/\/www.facebook.com\/UBTAOnline","https:\/\/www.instagram.com\/portalubirataonline\/","https:\/\/twitter.com\/ubirataonline"],"description":"Somos um portal de not\u00edcias independente, criado em 5 de janeiro de 2009, com o objetivo de informar, conectar e valorizar a nossa comunidade de Ubirat\u00e3 e toda aregi\u00e3o. Com conte\u00fado atualizado, confi\u00e1vel e relevante, o Ubirat\u00e3 Online \u00e9 o seu espa\u00e7o para ficar por dentro dos principais acontecimentos locais, regionais, Brasil, Mundo e de interesse geral. Nosso compromisso \u00e9 com a verdade, a transpar\u00eancia e o respeito ao leitor.","legalName":"UBIRATA ONLINE NOT\u00cdCIAS","foundingDate":"2009-01-05","numberOfEmployees":{"@type":"QuantitativeValue","minValue":"1","maxValue":"10"},"publishingPrinciples":"https:\/\/ubirataonline.com.br\/faq\/","address":{"@id":"https:\/\/ubirataonline.com.br\/inscricoes-para-o-conselho-de-politica-cultural\/#local-main-place-address"},"geo":{"@type":"GeoCoordinates","latitude":"-24.5361401","longitude":"-52.9921776"},"telephone":["+5544998308235"],"contactPoint":{"@type":"ContactPoint","email":"contato@ubirataonline.com.br"},"openingHoursSpecification":{"@type":"OpeningHoursSpecification","dayOfWeek":["Monday","Tuesday","Wednesday","Thursday","Friday","Saturday","Sunday"],"opens":"00:00","closes":"23:59"},"email":"contato@ubirataonline.com.br","vatID":"47.621.418\/0001-80"},{"@type":"Person","@id":"https:\/\/ubirataonline.com.br\/#\/schema\/person\/372f87bbd3fdd79b8556b84c98d0bc1c","name":"REDA\u00c7\u00c3O: UBIRAT\u00c3 ONLINE - F\u00c1BIO AUGUSTO CELESTINO","pronouns":"Ele","description":"Desde 2003 trabalhando com not\u00edcias.","sameAs":["http:\/\/ubirataoline.com.br","https:\/\/www.facebook.com\/portalubirataonline","https:\/\/www.instagram.com\/ubirataonline_oficial","https:\/\/x.com\/x.com\/ubirataonline"],"honorificPrefix":"Mr.","honorificSuffix":"MD","birthDate":"1980-06-16","gender":"masculino","award":["V\u00e1rios pr\u00eamios de melhor portal da cidade"],"jobTitle":"Diretor","url":"https:\/\/ubirataonline.com.br\/en\/author\/ubirataonline\/"},{"@type":"PostalAddress","@id":"https:\/\/ubirataonline.com.br\/inscricoes-para-o-conselho-de-politica-cultural\/#local-main-place-address","streetAddress":"Rua dos Coqueiros, 104 - Bairro Boa Vista, Rua dos Coqueiros, 104 Bairro Boa Vista","addressLocality":"UBIRATA","postalCode":"85440-000","addressRegion":"PR","addressCountry":"BR"},{"@type":"ImageObject","inLanguage":"en-US","@id":"https:\/\/ubirataonline.com.br\/inscricoes-para-o-conselho-de-politica-cultural\/#local-main-organization-logo","url":"https:\/\/ubirataonline.com.br\/wp-content\/uploads\/2026\/06\/logoubirataonline-1.webp","contentUrl":"https:\/\/ubirataonline.com.br\/wp-content\/uploads\/2026\/06\/logoubirataonline-1.webp","width":500,"height":500,"caption":"Ubirat\u00e3 Online Not\u00edcias"}]},"geo.placename":"UBIRATA","geo.position":{"lat":"-24.5361401","long":"-52.9921776"},"geo.region":"Brazil"},"_links":{"self":[{"href":"https:\/\/ubirataonline.com.br\/en\/wp-json\/wp\/v2\/posts\/170731","targetHints":{"allow":["GET"]}}],"collection":[{"href":"https:\/\/ubirataonline.com.br\/en\/wp-json\/wp\/v2\/posts"}],"about":[{"href":"https:\/\/ubirataonline.com.br\/en\/wp-json\/wp\/v2\/types\/post"}],"author":[{"embeddable":true,"href":"https:\/\/ubirataonline.com.br\/en\/wp-json\/wp\/v2\/users\/1"}],"replies":[{"embeddable":true,"href":"https:\/\/ubirataonline.com.br\/en\/wp-json\/wp\/v2\/comments?post=170731"}],"version-history":[{"count":0,"href":"https:\/\/ubirataonline.com.br\/en\/wp-json\/wp\/v2\/posts\/170731\/revisions"}],"wp:attachment":[{"href":"https:\/\/ubirataonline.com.br\/en\/wp-json\/wp\/v2\/media?parent=170731"}],"wp:term":[{"taxonomy":"category","embeddable":true,"href":"https:\/\/ubirataonline.com.br\/en\/wp-json\/wp\/v2\/categories?post=170731"},{"taxonomy":"post_tag","embeddable":true,"href":"https:\/\/ubirataonline.com.br\/en\/wp-json\/wp\/v2\/tags?post=170731"}],"curies":[{"name":"wp","href":"https:\/\/api.w.org\/{rel}","templated":true}]}}