{"id":170738,"date":"2026-09-04T16:07:07","date_gmt":"2026-09-04T19:07:07","guid":{"rendered":"https:\/\/ubirataonline.com.br\/cristina-graeml-diz-que-vai-lutar-pelo-fim-do-fundo-eleitoral-se-for-eleita-senadora\/"},"modified":"2026-09-04T16:07:07","modified_gmt":"2026-09-04T19:07:07","slug":"cristina-graeml-diz-que-vai-lutar-pelo-fim-do-fundo-eleitoral-se-for-eleita-senadora","status":"publish","type":"post","link":"https:\/\/ubirataonline.com.br\/en\/cristina-graeml-diz-que-vai-lutar-pelo-fim-do-fundo-eleitoral-se-for-eleita-senadora\/","title":{"rendered":"Cristina Graeml diz que vai lutar pelo fim do Fundo Eleitoral se for eleita senadora"},"content":{"rendered":"<h2>Em entrevista \u00e0 RPC, a candidata do PSD afirmou que recebeu R$ 3,5 milh\u00f5es do fundo na campanha e defendeu doa\u00e7\u00f5es de eleitores e empres\u00e1rios<\/h2>\n<p>A candidata ao Senado pelo Paran\u00e1 Cristina Graeml (PSD) afirmou, em entrevista em 4 de setembro de 2026 ao telejornal Meio-Dia Paran\u00e1, da RPC, que pretende lutar pelo fim do Fundo Eleitoral caso seja eleita. Ela tamb\u00e9m comentou o uso de recursos p\u00fablicos na campanha e defendeu a possibilidade de receber doa\u00e7\u00f5es de eleitores e empres\u00e1rios.<\/p>\n<p>Graeml disse que recebeu R$ 3,5 milh\u00f5es do Fundo Eleitoral para a campanha deste ano e justificou a ades\u00e3o \u00e0s regras atuais para viabilizar deslocamentos ao interior do estado. &#8220;A gente precisa seguir a regra atual, participar do jogo, se eleger, ir l\u00e1 e propor a mudan\u00e7a. Contem comigo para acabar com o fundo eleitoral&#8221;, afirmou.<\/p>\n<h3>Recebimento do fundo e justificativa<\/h3>\n<p>Questionada sobre ter recebido R$ 3,5 milh\u00f5es, Cristina Graeml afirmou que a campanha ao Senado exige presen\u00e7a no interior do Paran\u00e1 e custos que, segundo ela, n\u00e3o teria como bancar fora das regras vigentes. Em 2024, quando disputou a Prefeitura de Curitiba, ela havia se posicionado contra o uso de recursos p\u00fablicos em campanhas, posi\u00e7\u00e3o que voltou a comentar durante a sabatina.<\/p>\n<h3>Mudan\u00e7as de partido e alinhamentos<\/h3>\n<p>Na entrevista, Graeml comentou as quatro trocas partid\u00e1rias em pouco mais de um ano \u2014 passando por PMB, Podemos, Uni\u00e3o Brasil e PSD \u2014 e afirmou manter os mesmos princ\u00edpios, atribuindo as mudan\u00e7as \u00e0s circunst\u00e2ncias pol\u00edticas de cada legenda e \u00e0 necessidade de filia\u00e7\u00e3o para disputar elei\u00e7\u00f5es. Ela tamb\u00e9m afirmou que &#8220;os contextos j\u00e1 mudaram&#8221; e que sua alian\u00e7a atual \u00e9 com o grupo do governador Ratinho Junior.<\/p>\n<h3>Outras posi\u00e7\u00f5es levantadas na sabatina<\/h3>\n<p>Ao responder sobre propostas e temas nacionais, a candidata manifestou apoio ao impeachment de ministros do Supremo Tribunal Federal (STF) e disse ser favor\u00e1vel \u00e0 preserva\u00e7\u00e3o da Constitui\u00e7\u00e3o, classificando o cen\u00e1rio brasileiro como um &#8220;estado de exce\u00e7\u00e3o&#8221; e citando casos de censura a jornalistas e usu\u00e1rios de redes sociais. Ela afirmou ainda que, em sua vis\u00e3o, &#8220;os abusos do STF acontecem porque o Senado n\u00e3o fiscaliza&#8221;.<\/p>\n<p>Sobre mudan\u00e7as na jornada de trabalho \u2014 incluindo a proposta conhecida como escala 6&#215;1 \u2014 Graeml disse ser necess\u00e1rio garantir empregos antes de ampliar dias de descanso e afirmou que micro e pequenos empres\u00e1rios podem n\u00e3o conseguir arcar com novas contrata\u00e7\u00f5es. Defendeu que o Senado discuta primeiro a redu\u00e7\u00e3o da carga tribut\u00e1ria sobre o trabalho e &#8220;quem vai pagar a conta da mudan\u00e7a&#8221;.<\/p>\n<p>Em rela\u00e7\u00e3o a eventos clim\u00e1ticos extremos que t\u00eam afetado o Paran\u00e1, a candidata defendeu o fortalecimento de \u00f3rg\u00e3os p\u00fablicos, sistemas de alerta, tecnologia e moradias mais resistentes, e afirmou que uma nova lei ambiental &#8220;n\u00e3o resolveria o problema neste momento&#8221;.<\/p>\n<h3>Cr\u00edticas ao atual Senado<\/h3>\n<p>Ao reafirmar cr\u00edticas ao que chamou de omiss\u00e3o dos atuais senadores do Paran\u00e1, Graeml citou o voto favor\u00e1vel \u00e0 indica\u00e7\u00e3o de Fl\u00e1vio Dino para o STF como exemplo e declarou acreditar que a maioria dos paranaenses n\u00e3o concordaria com a escolha.<\/p>\n<p>A entrevista de Cristina Graeml encerrou uma s\u00e9rie realizada pelo telejornal com candidatos ao Senado mais bem posicionados na pesquisa estimulada da Quaest, segundo a RPC.<\/p>","protected":false},"excerpt":{"rendered":"<p>Em entrevista \u00e0 RPC, a candidata do PSD afirmou que recebeu R$ 3,5 milh\u00f5es do fundo na campanha e defendeu doa\u00e7\u00f5es de eleitores e empres\u00e1rios A candidata ao Senado pelo Paran\u00e1 Cristina Graeml (PSD) afirmou, em entrevista em 4 de setembro de 2026 ao telejornal Meio-Dia Paran\u00e1, da RPC, que pretende lutar pelo fim do [&hellip;]<\/p>\n","protected":false},"author":1,"featured_media":170739,"comment_status":"","ping_status":"","sticky":false,"template":"","format":"standard","meta":{"googlesitekit_rrm_CAow2JLhCw:productID":"","_gspb_post_css":"","maa_idioma":"","maa_pais":"","footnotes":""},"categories":[4],"tags":[],"class_list":["post-170738","post","type-post","status-publish","format-standard","has-post-thumbnail","hentry","category-brasil"],"blocksy_meta":[],"yoast_head":"<!-- This site is optimized with the Yoast SEO Premium plugin v27.6 (Yoast SEO v27.6) - https:\/\/yoast.com\/product\/yoast-seo-premium-wordpress\/ -->\n<title>Cristina Graeml diz que vai lutar pelo fim do Fundo Eleitoral se for eleita senadora - Ubirat\u00e3 Online Not\u00edcias - A realidade ao seu alcance!<\/title>\n<meta name=\"description\" content=\"Em entrevista \u00e0 RPC, a candidata do PSD afirmou que recebeu R$ 3,5 milh\u00f5es do fundo na campanha e defendeu doa\u00e7\u00f5es de eleitores e empres\u00e1riosA candidata\" \/>\n<meta name=\"robots\" content=\"index, follow, max-snippet:-1, max-image-preview:large, max-video-preview:-1\" \/>\n<link rel=\"canonical\" href=\"https:\/\/ubirataonline.com.br\/en\/cristina-graeml-diz-que-vai-lutar-pelo-fim-do-fundo-eleitoral-se-for-eleita-senadora\/\" \/>\n<meta property=\"og:locale\" content=\"en_US\" \/>\n<meta property=\"og:type\" content=\"article\" \/>\n<meta property=\"og:title\" content=\"Cristina Graeml diz que vai lutar pelo fim do Fundo Eleitoral se for eleita senadora\" \/>\n<meta property=\"og:description\" content=\"Em entrevista \u00e0 RPC, a candidata do PSD afirmou que recebeu R$ 3,5 milh\u00f5es do fundo na campanha e defendeu doa\u00e7\u00f5es de eleitores e empres\u00e1riosA candidata\" \/>\n<meta property=\"og:url\" content=\"https:\/\/ubirataonline.com.br\/en\/cristina-graeml-diz-que-vai-lutar-pelo-fim-do-fundo-eleitoral-se-for-eleita-senadora\/\" \/>\n<meta property=\"og:site_name\" content=\"Ubirat\u00e3 Online Not\u00edcias - A realidade ao seu alcance!\" \/>\n<meta property=\"article:publisher\" content=\"https:\/\/www.facebook.com\/portalubirataonline\" \/>\n<meta property=\"article:author\" content=\"https:\/\/www.facebook.com\/portalubirataonline\" \/>\n<meta property=\"article:published_time\" content=\"2026-09-04T19:07:07+00:00\" \/>\n<meta property=\"og:image\" content=\"https:\/\/ubirataonline.com.br\/wp-content\/uploads\/2026\/05\/logo2026.webp\" \/>\n\t<meta property=\"og:image:width\" content=\"1531\" \/>\n\t<meta property=\"og:image:height\" content=\"418\" \/>\n\t<meta property=\"og:image:type\" content=\"image\/webp\" \/>\n<meta name=\"author\" content=\"REDA\u00c7\u00c3O: UBIRAT\u00c3 ONLINE - F\u00c1BIO AUGUSTO CELESTINO\" \/>\n<meta name=\"twitter:card\" content=\"summary_large_image\" \/>\n<meta name=\"twitter:creator\" content=\"@x.com\/ubirataonline\" \/>\n<meta name=\"twitter:site\" content=\"@ubirataonline\" \/>\n<meta name=\"twitter:label1\" content=\"Written by\" \/>\n\t<meta name=\"twitter:data1\" content=\"REDA\u00c7\u00c3O: UBIRAT\u00c3 ONLINE - F\u00c1BIO AUGUSTO CELESTINO\" \/>\n\t<meta name=\"twitter:label2\" content=\"Est. reading time\" \/>\n\t<meta name=\"twitter:data2\" content=\"3 minutes\" \/>\n<script type=\"application\/ld+json\" class=\"yoast-schema-graph\">{\"@context\":\"https:\\\/\\\/schema.org\",\"@graph\":[{\"@type\":\"NewsArticle\",\"@id\":\"https:\\\/\\\/ubirataonline.com.br\\\/cristina-graeml-diz-que-vai-lutar-pelo-fim-do-fundo-eleitoral-se-for-eleita-senadora\\\/#article\",\"isPartOf\":{\"@id\":\"https:\\\/\\\/ubirataonline.com.br\\\/cristina-graeml-diz-que-vai-lutar-pelo-fim-do-fundo-eleitoral-se-for-eleita-senadora\\\/\"},\"author\":{\"name\":\"REDA\u00c7\u00c3O: UBIRAT\u00c3 ONLINE - F\u00c1BIO AUGUSTO CELESTINO\",\"@id\":\"https:\\\/\\\/ubirataonline.com.br\\\/#\\\/schema\\\/person\\\/372f87bbd3fdd79b8556b84c98d0bc1c\"},\"headline\":\"Cristina Graeml diz que vai lutar pelo fim do Fundo Eleitoral se for eleita senadora\",\"datePublished\":\"2026-09-04T19:07:07+00:00\",\"mainEntityOfPage\":{\"@id\":\"https:\\\/\\\/ubirataonline.com.br\\\/cristina-graeml-diz-que-vai-lutar-pelo-fim-do-fundo-eleitoral-se-for-eleita-senadora\\\/\"},\"wordCount\":579,\"publisher\":{\"@id\":\"https:\\\/\\\/ubirataonline.com.br\\\/#organization\"},\"image\":{\"@id\":\"https:\\\/\\\/ubirataonline.com.br\\\/cristina-graeml-diz-que-vai-lutar-pelo-fim-do-fundo-eleitoral-se-for-eleita-senadora\\\/#primaryimage\"},\"thumbnailUrl\":\"https:\\\/\\\/ubirataonline.com.br\\\/wp-content\\\/uploads\\\/2026\\\/09\\\/maaimg-post-170738-20260904-190722.webp\",\"articleSection\":[\"Brasil\"],\"inLanguage\":\"en-US\",\"copyrightYear\":\"2026\",\"copyrightHolder\":{\"@id\":\"https:\\\/\\\/ubirataonline.com.br\\\/en\\\/#organization\"}},{\"@type\":\"WebPage\",\"@id\":\"https:\\\/\\\/ubirataonline.com.br\\\/cristina-graeml-diz-que-vai-lutar-pelo-fim-do-fundo-eleitoral-se-for-eleita-senadora\\\/\",\"url\":\"https:\\\/\\\/ubirataonline.com.br\\\/cristina-graeml-diz-que-vai-lutar-pelo-fim-do-fundo-eleitoral-se-for-eleita-senadora\\\/\",\"name\":\"Cristina Graeml diz que vai lutar pelo fim do Fundo Eleitoral se for eleita senadora - Ubirat\u00e3 Online Not\u00edcias - A realidade ao seu alcance!\",\"isPartOf\":{\"@id\":\"https:\\\/\\\/ubirataonline.com.br\\\/#website\"},\"primaryImageOfPage\":{\"@id\":\"https:\\\/\\\/ubirataonline.com.br\\\/cristina-graeml-diz-que-vai-lutar-pelo-fim-do-fundo-eleitoral-se-for-eleita-senadora\\\/#primaryimage\"},\"image\":{\"@id\":\"https:\\\/\\\/ubirataonline.com.br\\\/cristina-graeml-diz-que-vai-lutar-pelo-fim-do-fundo-eleitoral-se-for-eleita-senadora\\\/#primaryimage\"},\"thumbnailUrl\":\"https:\\\/\\\/ubirataonline.com.br\\\/wp-content\\\/uploads\\\/2026\\\/09\\\/maaimg-post-170738-20260904-190722.webp\",\"datePublished\":\"2026-09-04T19:07:07+00:00\",\"description\":\"Em entrevista \u00e0 RPC, a candidata do PSD afirmou que recebeu R$ 3,5 milh\u00f5es do fundo na campanha e defendeu doa\u00e7\u00f5es de eleitores e empres\u00e1riosA candidata\",\"breadcrumb\":{\"@id\":\"https:\\\/\\\/ubirataonline.com.br\\\/cristina-graeml-diz-que-vai-lutar-pelo-fim-do-fundo-eleitoral-se-for-eleita-senadora\\\/#breadcrumb\"},\"inLanguage\":\"en-US\",\"potentialAction\":[{\"@type\":\"ReadAction\",\"target\":[\"https:\\\/\\\/ubirataonline.com.br\\\/cristina-graeml-diz-que-vai-lutar-pelo-fim-do-fundo-eleitoral-se-for-eleita-senadora\\\/\"]}]},{\"@type\":\"ImageObject\",\"inLanguage\":\"en-US\",\"@id\":\"https:\\\/\\\/ubirataonline.com.br\\\/cristina-graeml-diz-que-vai-lutar-pelo-fim-do-fundo-eleitoral-se-for-eleita-senadora\\\/#primaryimage\",\"url\":\"https:\\\/\\\/ubirataonline.com.br\\\/wp-content\\\/uploads\\\/2026\\\/09\\\/maaimg-post-170738-20260904-190722.webp\",\"contentUrl\":\"https:\\\/\\\/ubirataonline.com.br\\\/wp-content\\\/uploads\\\/2026\\\/09\\\/maaimg-post-170738-20260904-190722.webp\",\"width\":1536,\"height\":1024,\"caption\":\"Imagem ilustrativa Gerada por IA\"},{\"@type\":\"BreadcrumbList\",\"@id\":\"https:\\\/\\\/ubirataonline.com.br\\\/cristina-graeml-diz-que-vai-lutar-pelo-fim-do-fundo-eleitoral-se-for-eleita-senadora\\\/#breadcrumb\",\"itemListElement\":[{\"@type\":\"ListItem\",\"position\":1,\"name\":\"In\u00edcio\",\"item\":\"https:\\\/\\\/ubirataonline.com.br\\\/\"},{\"@type\":\"ListItem\",\"position\":2,\"name\":\"Cristina Graeml diz que vai lutar pelo fim do Fundo Eleitoral se for eleita senadora\"}]},{\"@type\":\"WebSite\",\"@id\":\"https:\\\/\\\/ubirataonline.com.br\\\/#website\",\"url\":\"https:\\\/\\\/ubirataonline.com.br\\\/\",\"name\":\"Ubirat\u00e3 Online Not\u00edcias\",\"description\":\"Not\u00edcias de Ubirat\u00e3, regi\u00e3o, Brasil e mundo, com informa\u00e7\u00e3o atualizada e compromisso com o leitor.\",\"publisher\":{\"@id\":\"https:\\\/\\\/ubirataonline.com.br\\\/#organization\"},\"alternateName\":\"Ubirat\u00e3 Online\",\"potentialAction\":[{\"@type\":\"SearchAction\",\"target\":{\"@type\":\"EntryPoint\",\"urlTemplate\":\"https:\\\/\\\/ubirataonline.com.br\\\/?s={search_term_string}\"},\"query-input\":{\"@type\":\"PropertyValueSpecification\",\"valueRequired\":true,\"valueName\":\"search_term_string\"}}],\"inLanguage\":\"en-US\"},{\"@type\":[\"Organization\",\"Place\"],\"@id\":\"https:\\\/\\\/ubirataonline.com.br\\\/#organization\",\"name\":\"Ubirat\u00e3 Online Not\u00edcias\",\"alternateName\":\"Ubirat\u00e3 Online\",\"url\":\"https:\\\/\\\/ubirataonline.com.br\\\/\",\"logo\":{\"@id\":\"https:\\\/\\\/ubirataonline.com.br\\\/cristina-graeml-diz-que-vai-lutar-pelo-fim-do-fundo-eleitoral-se-for-eleita-senadora\\\/#local-main-organization-logo\"},\"image\":{\"@id\":\"https:\\\/\\\/ubirataonline.com.br\\\/cristina-graeml-diz-que-vai-lutar-pelo-fim-do-fundo-eleitoral-se-for-eleita-senadora\\\/#local-main-organization-logo\"},\"sameAs\":[\"https:\\\/\\\/www.facebook.com\\\/portalubirataonline\",\"https:\\\/\\\/x.com\\\/ubirataonline\",\"https:\\\/\\\/mastodon.social\\\/@ubirataonline\",\"https:\\\/\\\/www.facebook.com\\\/groups\\\/311144672285604\",\"https:\\\/\\\/www.facebook.com\\\/UBTAOnline\",\"https:\\\/\\\/www.instagram.com\\\/portalubirataonline\\\/\",\"https:\\\/\\\/twitter.com\\\/ubirataonline\"],\"description\":\"Somos um portal de not\u00edcias independente, criado em 5 de janeiro de 2009, com o objetivo de informar, conectar e valorizar a nossa comunidade de Ubirat\u00e3 e toda aregi\u00e3o. Com conte\u00fado atualizado, confi\u00e1vel e relevante, o Ubirat\u00e3 Online \u00e9 o seu espa\u00e7o para ficar por dentro dos principais acontecimentos locais, regionais, Brasil, Mundo e de interesse geral. Nosso compromisso \u00e9 com a verdade, a transpar\u00eancia e o respeito ao leitor.\",\"legalName\":\"UBIRATA ONLINE NOT\u00cdCIAS\",\"foundingDate\":\"2009-01-05\",\"numberOfEmployees\":{\"@type\":\"QuantitativeValue\",\"minValue\":\"1\",\"maxValue\":\"10\"},\"publishingPrinciples\":\"https:\\\/\\\/ubirataonline.com.br\\\/faq\\\/\",\"address\":{\"@id\":\"https:\\\/\\\/ubirataonline.com.br\\\/cristina-graeml-diz-que-vai-lutar-pelo-fim-do-fundo-eleitoral-se-for-eleita-senadora\\\/#local-main-place-address\"},\"geo\":{\"@type\":\"GeoCoordinates\",\"latitude\":\"-24.5361401\",\"longitude\":\"-52.9921776\"},\"telephone\":[\"+5544998308235\"],\"contactPoint\":{\"@type\":\"ContactPoint\",\"email\":\"contato@ubirataonline.com.br\"},\"openingHoursSpecification\":{\"@type\":\"OpeningHoursSpecification\",\"dayOfWeek\":[\"Monday\",\"Tuesday\",\"Wednesday\",\"Thursday\",\"Friday\",\"Saturday\",\"Sunday\"],\"opens\":\"00:00\",\"closes\":\"23:59\"},\"email\":\"contato@ubirataonline.com.br\",\"vatID\":\"47.621.418\\\/0001-80\"},{\"@type\":\"Person\",\"@id\":\"https:\\\/\\\/ubirataonline.com.br\\\/#\\\/schema\\\/person\\\/372f87bbd3fdd79b8556b84c98d0bc1c\",\"name\":\"REDA\u00c7\u00c3O: UBIRAT\u00c3 ONLINE - F\u00c1BIO AUGUSTO CELESTINO\",\"pronouns\":\"Ele\",\"description\":\"Desde 2003 trabalhando com not\u00edcias.\",\"sameAs\":[\"http:\\\/\\\/ubirataoline.com.br\",\"https:\\\/\\\/www.facebook.com\\\/portalubirataonline\",\"https:\\\/\\\/www.instagram.com\\\/ubirataonline_oficial\",\"https:\\\/\\\/x.com\\\/x.com\\\/ubirataonline\"],\"honorificPrefix\":\"Mr.\",\"honorificSuffix\":\"MD\",\"birthDate\":\"1980-06-16\",\"gender\":\"masculino\",\"award\":[\"V\u00e1rios pr\u00eamios de melhor portal da cidade\"],\"jobTitle\":\"Diretor\",\"url\":\"https:\\\/\\\/ubirataonline.com.br\\\/en\\\/author\\\/ubirataonline\\\/\"},{\"@type\":\"PostalAddress\",\"@id\":\"https:\\\/\\\/ubirataonline.com.br\\\/cristina-graeml-diz-que-vai-lutar-pelo-fim-do-fundo-eleitoral-se-for-eleita-senadora\\\/#local-main-place-address\",\"streetAddress\":\"Rua dos Coqueiros, 104 - Bairro Boa Vista, Rua dos Coqueiros, 104 Bairro Boa Vista\",\"addressLocality\":\"UBIRATA\",\"postalCode\":\"85440-000\",\"addressRegion\":\"PR\",\"addressCountry\":\"BR\"},{\"@type\":\"ImageObject\",\"inLanguage\":\"en-US\",\"@id\":\"https:\\\/\\\/ubirataonline.com.br\\\/cristina-graeml-diz-que-vai-lutar-pelo-fim-do-fundo-eleitoral-se-for-eleita-senadora\\\/#local-main-organization-logo\",\"url\":\"https:\\\/\\\/ubirataonline.com.br\\\/wp-content\\\/uploads\\\/2026\\\/06\\\/logoubirataonline-1.webp\",\"contentUrl\":\"https:\\\/\\\/ubirataonline.com.br\\\/wp-content\\\/uploads\\\/2026\\\/06\\\/logoubirataonline-1.webp\",\"width\":500,\"height\":500,\"caption\":\"Ubirat\u00e3 Online Not\u00edcias\"}]}<\/script>\n<meta name=\"geo.placename\" content=\"UBIRATA\" \/>\n<meta name=\"geo.position\" content=\"-24.5361401;-52.9921776\" \/>\n<meta name=\"geo.region\" content=\"Brazil\" \/>\n<!-- \/ Yoast SEO Premium plugin. -->","yoast_head_json":{"title":"Cristina Graeml diz que vai lutar pelo fim do Fundo Eleitoral se for eleita senadora - Ubirat\u00e3 Online Not\u00edcias - A realidade ao seu alcance!","description":"Em entrevista \u00e0 RPC, a candidata do PSD afirmou que recebeu R$ 3,5 milh\u00f5es do fundo na campanha e defendeu doa\u00e7\u00f5es de eleitores e empres\u00e1riosA candidata","robots":{"index":"index","follow":"follow","max-snippet":"max-snippet:-1","max-image-preview":"max-image-preview:large","max-video-preview":"max-video-preview:-1"},"canonical":"https:\/\/ubirataonline.com.br\/en\/cristina-graeml-diz-que-vai-lutar-pelo-fim-do-fundo-eleitoral-se-for-eleita-senadora\/","og_locale":"en_US","og_type":"article","og_title":"Cristina Graeml diz que vai lutar pelo fim do Fundo Eleitoral se for eleita senadora","og_description":"Em entrevista \u00e0 RPC, a candidata do PSD afirmou que recebeu R$ 3,5 milh\u00f5es do fundo na campanha e defendeu doa\u00e7\u00f5es de eleitores e empres\u00e1riosA candidata","og_url":"https:\/\/ubirataonline.com.br\/en\/cristina-graeml-diz-que-vai-lutar-pelo-fim-do-fundo-eleitoral-se-for-eleita-senadora\/","og_site_name":"Ubirat\u00e3 Online Not\u00edcias - A realidade ao seu alcance!","article_publisher":"https:\/\/www.facebook.com\/portalubirataonline","article_author":"https:\/\/www.facebook.com\/portalubirataonline","article_published_time":"2026-09-04T19:07:07+00:00","og_image":[{"width":1531,"height":418,"url":"https:\/\/ubirataonline.com.br\/wp-content\/uploads\/2026\/05\/logo2026.webp","type":"image\/webp"}],"author":"REDA\u00c7\u00c3O: UBIRAT\u00c3 ONLINE - F\u00c1BIO AUGUSTO CELESTINO","twitter_card":"summary_large_image","twitter_creator":"@x.com\/ubirataonline","twitter_site":"@ubirataonline","twitter_misc":{"Written by":"REDA\u00c7\u00c3O: UBIRAT\u00c3 ONLINE - F\u00c1BIO AUGUSTO CELESTINO","Est. reading time":"3 minutes"},"schema":{"@context":"https:\/\/schema.org","@graph":[{"@type":"NewsArticle","@id":"https:\/\/ubirataonline.com.br\/cristina-graeml-diz-que-vai-lutar-pelo-fim-do-fundo-eleitoral-se-for-eleita-senadora\/#article","isPartOf":{"@id":"https:\/\/ubirataonline.com.br\/cristina-graeml-diz-que-vai-lutar-pelo-fim-do-fundo-eleitoral-se-for-eleita-senadora\/"},"author":{"name":"REDA\u00c7\u00c3O: UBIRAT\u00c3 ONLINE - F\u00c1BIO AUGUSTO CELESTINO","@id":"https:\/\/ubirataonline.com.br\/#\/schema\/person\/372f87bbd3fdd79b8556b84c98d0bc1c"},"headline":"Cristina Graeml diz que vai lutar pelo fim do Fundo Eleitoral se for eleita senadora","datePublished":"2026-09-04T19:07:07+00:00","mainEntityOfPage":{"@id":"https:\/\/ubirataonline.com.br\/cristina-graeml-diz-que-vai-lutar-pelo-fim-do-fundo-eleitoral-se-for-eleita-senadora\/"},"wordCount":579,"publisher":{"@id":"https:\/\/ubirataonline.com.br\/#organization"},"image":{"@id":"https:\/\/ubirataonline.com.br\/cristina-graeml-diz-que-vai-lutar-pelo-fim-do-fundo-eleitoral-se-for-eleita-senadora\/#primaryimage"},"thumbnailUrl":"https:\/\/ubirataonline.com.br\/wp-content\/uploads\/2026\/09\/maaimg-post-170738-20260904-190722.webp","articleSection":["Brasil"],"inLanguage":"en-US","copyrightYear":"2026","copyrightHolder":{"@id":"https:\/\/ubirataonline.com.br\/en\/#organization"}},{"@type":"WebPage","@id":"https:\/\/ubirataonline.com.br\/cristina-graeml-diz-que-vai-lutar-pelo-fim-do-fundo-eleitoral-se-for-eleita-senadora\/","url":"https:\/\/ubirataonline.com.br\/cristina-graeml-diz-que-vai-lutar-pelo-fim-do-fundo-eleitoral-se-for-eleita-senadora\/","name":"Cristina Graeml diz que vai lutar pelo fim do Fundo Eleitoral se for eleita senadora - Ubirat\u00e3 Online Not\u00edcias - A realidade ao seu alcance!","isPartOf":{"@id":"https:\/\/ubirataonline.com.br\/#website"},"primaryImageOfPage":{"@id":"https:\/\/ubirataonline.com.br\/cristina-graeml-diz-que-vai-lutar-pelo-fim-do-fundo-eleitoral-se-for-eleita-senadora\/#primaryimage"},"image":{"@id":"https:\/\/ubirataonline.com.br\/cristina-graeml-diz-que-vai-lutar-pelo-fim-do-fundo-eleitoral-se-for-eleita-senadora\/#primaryimage"},"thumbnailUrl":"https:\/\/ubirataonline.com.br\/wp-content\/uploads\/2026\/09\/maaimg-post-170738-20260904-190722.webp","datePublished":"2026-09-04T19:07:07+00:00","description":"Em entrevista \u00e0 RPC, a candidata do PSD afirmou que recebeu R$ 3,5 milh\u00f5es do fundo na campanha e defendeu doa\u00e7\u00f5es de eleitores e empres\u00e1riosA candidata","breadcrumb":{"@id":"https:\/\/ubirataonline.com.br\/cristina-graeml-diz-que-vai-lutar-pelo-fim-do-fundo-eleitoral-se-for-eleita-senadora\/#breadcrumb"},"inLanguage":"en-US","potentialAction":[{"@type":"ReadAction","target":["https:\/\/ubirataonline.com.br\/cristina-graeml-diz-que-vai-lutar-pelo-fim-do-fundo-eleitoral-se-for-eleita-senadora\/"]}]},{"@type":"ImageObject","inLanguage":"en-US","@id":"https:\/\/ubirataonline.com.br\/cristina-graeml-diz-que-vai-lutar-pelo-fim-do-fundo-eleitoral-se-for-eleita-senadora\/#primaryimage","url":"https:\/\/ubirataonline.com.br\/wp-content\/uploads\/2026\/09\/maaimg-post-170738-20260904-190722.webp","contentUrl":"https:\/\/ubirataonline.com.br\/wp-content\/uploads\/2026\/09\/maaimg-post-170738-20260904-190722.webp","width":1536,"height":1024,"caption":"Imagem ilustrativa Gerada por IA"},{"@type":"BreadcrumbList","@id":"https:\/\/ubirataonline.com.br\/cristina-graeml-diz-que-vai-lutar-pelo-fim-do-fundo-eleitoral-se-for-eleita-senadora\/#breadcrumb","itemListElement":[{"@type":"ListItem","position":1,"name":"In\u00edcio","item":"https:\/\/ubirataonline.com.br\/"},{"@type":"ListItem","position":2,"name":"Cristina Graeml diz que vai lutar pelo fim do Fundo Eleitoral se for eleita senadora"}]},{"@type":"WebSite","@id":"https:\/\/ubirataonline.com.br\/#website","url":"https:\/\/ubirataonline.com.br\/","name":"Ubirat\u00e3 Online Not\u00edcias","description":"Not\u00edcias de Ubirat\u00e3, regi\u00e3o, Brasil e mundo, com informa\u00e7\u00e3o atualizada e compromisso com o leitor.","publisher":{"@id":"https:\/\/ubirataonline.com.br\/#organization"},"alternateName":"Ubirat\u00e3 Online","potentialAction":[{"@type":"SearchAction","target":{"@type":"EntryPoint","urlTemplate":"https:\/\/ubirataonline.com.br\/?s={search_term_string}"},"query-input":{"@type":"PropertyValueSpecification","valueRequired":true,"valueName":"search_term_string"}}],"inLanguage":"en-US"},{"@type":["Organization","Place"],"@id":"https:\/\/ubirataonline.com.br\/#organization","name":"Ubirat\u00e3 Online Not\u00edcias","alternateName":"Ubirat\u00e3 Online","url":"https:\/\/ubirataonline.com.br\/","logo":{"@id":"https:\/\/ubirataonline.com.br\/cristina-graeml-diz-que-vai-lutar-pelo-fim-do-fundo-eleitoral-se-for-eleita-senadora\/#local-main-organization-logo"},"image":{"@id":"https:\/\/ubirataonline.com.br\/cristina-graeml-diz-que-vai-lutar-pelo-fim-do-fundo-eleitoral-se-for-eleita-senadora\/#local-main-organization-logo"},"sameAs":["https:\/\/www.facebook.com\/portalubirataonline","https:\/\/x.com\/ubirataonline","https:\/\/mastodon.social\/@ubirataonline","https:\/\/www.facebook.com\/groups\/311144672285604","https:\/\/www.facebook.com\/UBTAOnline","https:\/\/www.instagram.com\/portalubirataonline\/","https:\/\/twitter.com\/ubirataonline"],"description":"Somos um portal de not\u00edcias independente, criado em 5 de janeiro de 2009, com o objetivo de informar, conectar e valorizar a nossa comunidade de Ubirat\u00e3 e toda aregi\u00e3o. Com conte\u00fado atualizado, confi\u00e1vel e relevante, o Ubirat\u00e3 Online \u00e9 o seu espa\u00e7o para ficar por dentro dos principais acontecimentos locais, regionais, Brasil, Mundo e de interesse geral. Nosso compromisso \u00e9 com a verdade, a transpar\u00eancia e o respeito ao leitor.","legalName":"UBIRATA ONLINE NOT\u00cdCIAS","foundingDate":"2009-01-05","numberOfEmployees":{"@type":"QuantitativeValue","minValue":"1","maxValue":"10"},"publishingPrinciples":"https:\/\/ubirataonline.com.br\/faq\/","address":{"@id":"https:\/\/ubirataonline.com.br\/cristina-graeml-diz-que-vai-lutar-pelo-fim-do-fundo-eleitoral-se-for-eleita-senadora\/#local-main-place-address"},"geo":{"@type":"GeoCoordinates","latitude":"-24.5361401","longitude":"-52.9921776"},"telephone":["+5544998308235"],"contactPoint":{"@type":"ContactPoint","email":"contato@ubirataonline.com.br"},"openingHoursSpecification":{"@type":"OpeningHoursSpecification","dayOfWeek":["Monday","Tuesday","Wednesday","Thursday","Friday","Saturday","Sunday"],"opens":"00:00","closes":"23:59"},"email":"contato@ubirataonline.com.br","vatID":"47.621.418\/0001-80"},{"@type":"Person","@id":"https:\/\/ubirataonline.com.br\/#\/schema\/person\/372f87bbd3fdd79b8556b84c98d0bc1c","name":"REDA\u00c7\u00c3O: UBIRAT\u00c3 ONLINE - F\u00c1BIO AUGUSTO CELESTINO","pronouns":"Ele","description":"Desde 2003 trabalhando com not\u00edcias.","sameAs":["http:\/\/ubirataoline.com.br","https:\/\/www.facebook.com\/portalubirataonline","https:\/\/www.instagram.com\/ubirataonline_oficial","https:\/\/x.com\/x.com\/ubirataonline"],"honorificPrefix":"Mr.","honorificSuffix":"MD","birthDate":"1980-06-16","gender":"masculino","award":["V\u00e1rios pr\u00eamios de melhor portal da cidade"],"jobTitle":"Diretor","url":"https:\/\/ubirataonline.com.br\/en\/author\/ubirataonline\/"},{"@type":"PostalAddress","@id":"https:\/\/ubirataonline.com.br\/cristina-graeml-diz-que-vai-lutar-pelo-fim-do-fundo-eleitoral-se-for-eleita-senadora\/#local-main-place-address","streetAddress":"Rua dos Coqueiros, 104 - Bairro Boa Vista, Rua dos Coqueiros, 104 Bairro Boa Vista","addressLocality":"UBIRATA","postalCode":"85440-000","addressRegion":"PR","addressCountry":"BR"},{"@type":"ImageObject","inLanguage":"en-US","@id":"https:\/\/ubirataonline.com.br\/cristina-graeml-diz-que-vai-lutar-pelo-fim-do-fundo-eleitoral-se-for-eleita-senadora\/#local-main-organization-logo","url":"https:\/\/ubirataonline.com.br\/wp-content\/uploads\/2026\/06\/logoubirataonline-1.webp","contentUrl":"https:\/\/ubirataonline.com.br\/wp-content\/uploads\/2026\/06\/logoubirataonline-1.webp","width":500,"height":500,"caption":"Ubirat\u00e3 Online Not\u00edcias"}]},"geo.placename":"UBIRATA","geo.position":{"lat":"-24.5361401","long":"-52.9921776"},"geo.region":"Brazil"},"_links":{"self":[{"href":"https:\/\/ubirataonline.com.br\/en\/wp-json\/wp\/v2\/posts\/170738","targetHints":{"allow":["GET"]}}],"collection":[{"href":"https:\/\/ubirataonline.com.br\/en\/wp-json\/wp\/v2\/posts"}],"about":[{"href":"https:\/\/ubirataonline.com.br\/en\/wp-json\/wp\/v2\/types\/post"}],"author":[{"embeddable":true,"href":"https:\/\/ubirataonline.com.br\/en\/wp-json\/wp\/v2\/users\/1"}],"replies":[{"embeddable":true,"href":"https:\/\/ubirataonline.com.br\/en\/wp-json\/wp\/v2\/comments?post=170738"}],"version-history":[{"count":0,"href":"https:\/\/ubirataonline.com.br\/en\/wp-json\/wp\/v2\/posts\/170738\/revisions"}],"wp:featuredmedia":[{"embeddable":true,"href":"https:\/\/ubirataonline.com.br\/en\/wp-json\/wp\/v2\/media\/170739"}],"wp:attachment":[{"href":"https:\/\/ubirataonline.com.br\/en\/wp-json\/wp\/v2\/media?parent=170738"}],"wp:term":[{"taxonomy":"category","embeddable":true,"href":"https:\/\/ubirataonline.com.br\/en\/wp-json\/wp\/v2\/categories?post=170738"},{"taxonomy":"post_tag","embeddable":true,"href":"https:\/\/ubirataonline.com.br\/en\/wp-json\/wp\/v2\/tags?post=170738"}],"curies":[{"name":"wp","href":"https:\/\/api.w.org\/{rel}","templated":true}]}}