{"id":170740,"date":"2026-09-04T16:07:42","date_gmt":"2026-09-04T19:07:42","guid":{"rendered":"https:\/\/ubirataonline.com.br\/edson-fachin-reafirma-compromisso-com-a-legalidade-no-stf-apos-crise-envolvendo-alexandre-de-moraes-e-vazamentos-seletivos\/"},"modified":"2026-09-04T16:07:42","modified_gmt":"2026-09-04T19:07:42","slug":"edson-fachin-reafirma-compromisso-com-a-legalidade-no-stf-apos-crise-envolvendo-alexandre-de-moraes-e-vazamentos-seletivos","status":"publish","type":"post","link":"https:\/\/ubirataonline.com.br\/en\/edson-fachin-reafirma-compromisso-com-a-legalidade-no-stf-apos-crise-envolvendo-alexandre-de-moraes-e-vazamentos-seletivos\/","title":{"rendered":"Edson Fachin reafirma compromisso com a legalidade no STF ap\u00f3s crise envolvendo Alexandre de Moraes e vazamentos seletivos"},"content":{"rendered":"<h2>O presidente do Supremo Tribunal Federal, Edson Fachin, declarou que o Poder Judici\u00e1rio manter\u00e1 o rigor constitucional diante das recentes tens\u00f5es internas.<\/h2>\n<p>O ministro Edson Fachin, presidente do Supremo Tribunal Federal (STF), garantiu nesta sexta-feira (4), em Bras\u00edlia, que a resposta da Corte aos recentes fatos envolvendo supostas irregularidades no caso do Banco Master e vazamentos de mensagens ser\u00e1 conduzida estritamente dentro da legalidade.<\/p>\n<p>A declara\u00e7\u00e3o ocorre em um momento de crise no Poder Judici\u00e1rio, ap\u00f3s pedidos de investiga\u00e7\u00e3o cruzados entre os ministros Alexandre de Moraes e Andr\u00e9 Mendon\u00e7a. Conforme informa\u00e7\u00e3o divulgada pela <b>Ag\u00eancia Brasil<\/b>, o presidente da Corte enfatizou a necessidade de preservar as institui\u00e7\u00f5es.<\/p>\n<p>Fachin afirmou que a gravidade da situa\u00e7\u00e3o n\u00e3o justifica a ado\u00e7\u00e3o de atalhos. Segundo ele, quanto maior o desafio, maior deve ser o compromisso com o devido processo legal e as garantias previstas na Constitui\u00e7\u00e3o Federal.<\/p>\n<h3>O posicionamento sobre a legalidade e as institui\u00e7\u00f5es<\/h3>\n<p>Durante evento no Pal\u00e1cio do Planalto, o ministro ressaltou que nenhum Poder da Rep\u00fablica ou autoridade est\u00e1 acima da Constitui\u00e7\u00e3o. Ele pontuou que interesses circunstanciais n\u00e3o podem se sobrepor \u00e0 integridade do <b>Estado Democr\u00e1tico de Direito<\/b>.<\/p>\n<p>O presidente do STF assegurou que a Corte far\u00e1 o que \u00e9 correto, seguindo o tempo e a forma exigidos pelo ordenamento jur\u00eddico brasileiro. O foco, segundo o magistrado, \u00e9 a preserva\u00e7\u00e3o da estabilidade institucional em momentos de maior tens\u00e3o pol\u00edtica e social.<\/p>\n<h3>Fala do presidente Lula sobre igualdade e transpar\u00eancia<\/h3>\n<p>O presidente Luiz In\u00e1cio Lula da Silva, que tamb\u00e9m participou do evento, defendeu que a aplica\u00e7\u00e3o da lei deve ser igual para todos os cidad\u00e3os. Lula afirmou que ningu\u00e9m, independentemente do cargo ocupado, pode utilizar sua posi\u00e7\u00e3o em benef\u00edcio pessoal.<\/p>\n<p>O presidente da Rep\u00fablica criticou a chamada <b>ind\u00fastria dos vazamentos seletivos<\/b> e o uso de denuncismo, classificando tais pr\u00e1ticas como perigosas para a democracia. Ele cobrou transpar\u00eancia para evitar que o Poder Judici\u00e1rio perca a credibilidade perante a opini\u00e3o p\u00fablica.<\/p>\n<h3>Entenda os desdobramentos da crise no STF<\/h3>\n<p>A crise se intensificou ap\u00f3s o ministro Andr\u00e9 Mendon\u00e7a pedir a abertura de inqu\u00e9rito contra Alexandre de Moraes, baseando-se em um relat\u00f3rio da Pol\u00edcia Federal que aponta ind\u00edcios de rela\u00e7\u00e3o entre Moraes e Daniel Vorcaro, ex-banqueiro preso por supostas fraudes no Banco Master.<\/p>\n<p>Em resposta, Moraes encaminhou um pedido de investiga\u00e7\u00e3o contra Mendon\u00e7a. Paralelamente, o procurador-geral da Rep\u00fablica, Paulo Gonet, solicitou a anula\u00e7\u00e3o da investiga\u00e7\u00e3o sobre as conversas. O presidente do STF estabeleceu um prazo de cinco dias para manifesta\u00e7\u00f5es das partes envolvidas.<\/p>\n<h3>Perguntas Frequentes (FAQ)<\/h3>\n<p><b>O que disse o presidente do STF sobre a crise atual?<\/b><br \/>Edson Fachin afirmou que a gravidade dos fatos n\u00e3o autoriza atalhos e que a resposta do Judici\u00e1rio seguir\u00e1 rigorosamente o devido processo legal e a Constitui\u00e7\u00e3o.<\/p>\n<p><b>Por que o presidente Lula se manifestou sobre o Judici\u00e1rio?<\/b><br \/>Lula cobrou transpar\u00eancia e criticou vazamentos seletivos, alertando que tais pr\u00e1ticas e o denuncismo colocam em risco a democracia brasileira.<\/p>\n<p><b>Quem s\u00e3o os ministros envolvidos nos pedidos de investiga\u00e7\u00e3o?<\/b><br \/>O ministro Andr\u00e9 Mendon\u00e7a pediu investiga\u00e7\u00e3o contra Alexandre de Moraes, que, por sua vez, solicitou apura\u00e7\u00e3o sobre a atua\u00e7\u00e3o de Mendon\u00e7a em processos espec\u00edficos.<\/p>\n<p><b>Qual foi a posi\u00e7\u00e3o da Procuradoria-Geral da Rep\u00fablica?<\/b><br \/>O procurador-geral Paulo Gonet pediu a anula\u00e7\u00e3o da investiga\u00e7\u00e3o que analisa as supostas conversas entre o ministro Alexandre de Moraes e o ex-banqueiro Daniel Vorcaro.<\/p>\n<p><b>Qual o pr\u00f3ximo passo definido pelo STF?<\/b><br \/>O ministro Edson Fachin estabeleceu o prazo de cinco dias para que o ministro Andr\u00e9 Mendon\u00e7a e o procurador-geral Paulo Gonet se manifestem formalmente sobre o caso.<\/p>","protected":false},"excerpt":{"rendered":"<p>O presidente do Supremo Tribunal Federal, Edson Fachin, declarou que o Poder Judici\u00e1rio manter\u00e1 o rigor constitucional diante das recentes tens\u00f5es internas. O ministro Edson Fachin, presidente do Supremo Tribunal Federal (STF), garantiu nesta sexta-feira (4), em Bras\u00edlia, que a resposta da Corte aos recentes fatos envolvendo supostas irregularidades no caso do Banco Master e [&hellip;]<\/p>\n","protected":false},"author":1,"featured_media":170741,"comment_status":"","ping_status":"","sticky":false,"template":"","format":"standard","meta":{"googlesitekit_rrm_CAow2JLhCw:productID":"","_gspb_post_css":"","maa_idioma":"","maa_pais":"","footnotes":""},"categories":[4],"tags":[],"class_list":["post-170740","post","type-post","status-publish","format-standard","has-post-thumbnail","hentry","category-brasil"],"blocksy_meta":[],"yoast_head":"<!-- This site is optimized with the Yoast SEO Premium plugin v27.6 (Yoast SEO v27.6) - https:\/\/yoast.com\/product\/yoast-seo-premium-wordpress\/ -->\n<title>Edson Fachin reafirma compromisso com a legalidade no STF ap\u00f3s crise envolvendo Alexandre de Moraes e vazamentos seletivos - Ubirat\u00e3 Online Not\u00edcias - A realidade ao seu alcance!<\/title>\n<meta name=\"description\" content=\"O presidente do Supremo Tribunal Federal, Edson Fachin, declarou que o Poder Judici\u00e1rio manter\u00e1 o rigor constitucional diante das recentes tens\u00f5es\" \/>\n<meta name=\"robots\" content=\"index, follow, max-snippet:-1, max-image-preview:large, max-video-preview:-1\" \/>\n<link rel=\"canonical\" href=\"https:\/\/ubirataonline.com.br\/en\/edson-fachin-reafirma-compromisso-com-a-legalidade-no-stf-apos-crise-envolvendo-alexandre-de-moraes-e-vazamentos-seletivos\/\" \/>\n<meta property=\"og:locale\" content=\"en_US\" \/>\n<meta property=\"og:type\" content=\"article\" \/>\n<meta property=\"og:title\" content=\"Edson Fachin reafirma compromisso com a legalidade no STF ap\u00f3s crise envolvendo Alexandre de Moraes e vazamentos seletivos\" \/>\n<meta property=\"og:description\" content=\"O presidente do Supremo Tribunal Federal, Edson Fachin, declarou que o Poder Judici\u00e1rio manter\u00e1 o rigor constitucional diante das recentes tens\u00f5es\" \/>\n<meta property=\"og:url\" content=\"https:\/\/ubirataonline.com.br\/en\/edson-fachin-reafirma-compromisso-com-a-legalidade-no-stf-apos-crise-envolvendo-alexandre-de-moraes-e-vazamentos-seletivos\/\" \/>\n<meta property=\"og:site_name\" content=\"Ubirat\u00e3 Online Not\u00edcias - A realidade ao seu alcance!\" \/>\n<meta property=\"article:publisher\" content=\"https:\/\/www.facebook.com\/portalubirataonline\" \/>\n<meta property=\"article:author\" content=\"https:\/\/www.facebook.com\/portalubirataonline\" \/>\n<meta property=\"article:published_time\" content=\"2026-09-04T19:07:42+00:00\" \/>\n<meta property=\"og:image\" content=\"https:\/\/ubirataonline.com.br\/wp-content\/uploads\/2026\/05\/logo2026.webp\" \/>\n\t<meta property=\"og:image:width\" content=\"1531\" \/>\n\t<meta property=\"og:image:height\" content=\"418\" \/>\n\t<meta property=\"og:image:type\" content=\"image\/webp\" \/>\n<meta name=\"author\" content=\"REDA\u00c7\u00c3O: UBIRAT\u00c3 ONLINE - F\u00c1BIO AUGUSTO CELESTINO\" \/>\n<meta name=\"twitter:card\" content=\"summary_large_image\" \/>\n<meta name=\"twitter:creator\" content=\"@x.com\/ubirataonline\" \/>\n<meta name=\"twitter:site\" content=\"@ubirataonline\" \/>\n<meta name=\"twitter:label1\" content=\"Written by\" \/>\n\t<meta name=\"twitter:data1\" content=\"REDA\u00c7\u00c3O: UBIRAT\u00c3 ONLINE - F\u00c1BIO AUGUSTO CELESTINO\" \/>\n\t<meta name=\"twitter:label2\" content=\"Est. reading time\" \/>\n\t<meta name=\"twitter:data2\" content=\"3 minutes\" \/>\n<script type=\"application\/ld+json\" class=\"yoast-schema-graph\">{\"@context\":\"https:\\\/\\\/schema.org\",\"@graph\":[{\"@type\":\"NewsArticle\",\"@id\":\"https:\\\/\\\/ubirataonline.com.br\\\/edson-fachin-reafirma-compromisso-com-a-legalidade-no-stf-apos-crise-envolvendo-alexandre-de-moraes-e-vazamentos-seletivos\\\/#article\",\"isPartOf\":{\"@id\":\"https:\\\/\\\/ubirataonline.com.br\\\/edson-fachin-reafirma-compromisso-com-a-legalidade-no-stf-apos-crise-envolvendo-alexandre-de-moraes-e-vazamentos-seletivos\\\/\"},\"author\":{\"name\":\"REDA\u00c7\u00c3O: UBIRAT\u00c3 ONLINE - F\u00c1BIO AUGUSTO CELESTINO\",\"@id\":\"https:\\\/\\\/ubirataonline.com.br\\\/#\\\/schema\\\/person\\\/372f87bbd3fdd79b8556b84c98d0bc1c\"},\"headline\":\"Edson Fachin reafirma compromisso com a legalidade no STF ap\u00f3s crise envolvendo Alexandre de Moraes e vazamentos seletivos\",\"datePublished\":\"2026-09-04T19:07:42+00:00\",\"mainEntityOfPage\":{\"@id\":\"https:\\\/\\\/ubirataonline.com.br\\\/edson-fachin-reafirma-compromisso-com-a-legalidade-no-stf-apos-crise-envolvendo-alexandre-de-moraes-e-vazamentos-seletivos\\\/\"},\"wordCount\":665,\"publisher\":{\"@id\":\"https:\\\/\\\/ubirataonline.com.br\\\/#organization\"},\"image\":{\"@id\":\"https:\\\/\\\/ubirataonline.com.br\\\/edson-fachin-reafirma-compromisso-com-a-legalidade-no-stf-apos-crise-envolvendo-alexandre-de-moraes-e-vazamentos-seletivos\\\/#primaryimage\"},\"thumbnailUrl\":\"https:\\\/\\\/ubirataonline.com.br\\\/wp-content\\\/uploads\\\/2026\\\/09\\\/maaimg-post-170740-20260904-190756.webp\",\"articleSection\":[\"Brasil\"],\"inLanguage\":\"en-US\",\"copyrightYear\":\"2026\",\"copyrightHolder\":{\"@id\":\"https:\\\/\\\/ubirataonline.com.br\\\/en\\\/#organization\"}},{\"@type\":\"WebPage\",\"@id\":\"https:\\\/\\\/ubirataonline.com.br\\\/edson-fachin-reafirma-compromisso-com-a-legalidade-no-stf-apos-crise-envolvendo-alexandre-de-moraes-e-vazamentos-seletivos\\\/\",\"url\":\"https:\\\/\\\/ubirataonline.com.br\\\/edson-fachin-reafirma-compromisso-com-a-legalidade-no-stf-apos-crise-envolvendo-alexandre-de-moraes-e-vazamentos-seletivos\\\/\",\"name\":\"Edson Fachin reafirma compromisso com a legalidade no STF ap\u00f3s crise envolvendo Alexandre de Moraes e vazamentos seletivos - Ubirat\u00e3 Online Not\u00edcias - A realidade ao seu alcance!\",\"isPartOf\":{\"@id\":\"https:\\\/\\\/ubirataonline.com.br\\\/#website\"},\"primaryImageOfPage\":{\"@id\":\"https:\\\/\\\/ubirataonline.com.br\\\/edson-fachin-reafirma-compromisso-com-a-legalidade-no-stf-apos-crise-envolvendo-alexandre-de-moraes-e-vazamentos-seletivos\\\/#primaryimage\"},\"image\":{\"@id\":\"https:\\\/\\\/ubirataonline.com.br\\\/edson-fachin-reafirma-compromisso-com-a-legalidade-no-stf-apos-crise-envolvendo-alexandre-de-moraes-e-vazamentos-seletivos\\\/#primaryimage\"},\"thumbnailUrl\":\"https:\\\/\\\/ubirataonline.com.br\\\/wp-content\\\/uploads\\\/2026\\\/09\\\/maaimg-post-170740-20260904-190756.webp\",\"datePublished\":\"2026-09-04T19:07:42+00:00\",\"description\":\"O presidente do Supremo Tribunal Federal, Edson Fachin, declarou que o Poder Judici\u00e1rio manter\u00e1 o rigor constitucional diante das recentes tens\u00f5es\",\"breadcrumb\":{\"@id\":\"https:\\\/\\\/ubirataonline.com.br\\\/edson-fachin-reafirma-compromisso-com-a-legalidade-no-stf-apos-crise-envolvendo-alexandre-de-moraes-e-vazamentos-seletivos\\\/#breadcrumb\"},\"inLanguage\":\"en-US\",\"potentialAction\":[{\"@type\":\"ReadAction\",\"target\":[\"https:\\\/\\\/ubirataonline.com.br\\\/edson-fachin-reafirma-compromisso-com-a-legalidade-no-stf-apos-crise-envolvendo-alexandre-de-moraes-e-vazamentos-seletivos\\\/\"]}]},{\"@type\":\"ImageObject\",\"inLanguage\":\"en-US\",\"@id\":\"https:\\\/\\\/ubirataonline.com.br\\\/edson-fachin-reafirma-compromisso-com-a-legalidade-no-stf-apos-crise-envolvendo-alexandre-de-moraes-e-vazamentos-seletivos\\\/#primaryimage\",\"url\":\"https:\\\/\\\/ubirataonline.com.br\\\/wp-content\\\/uploads\\\/2026\\\/09\\\/maaimg-post-170740-20260904-190756.webp\",\"contentUrl\":\"https:\\\/\\\/ubirataonline.com.br\\\/wp-content\\\/uploads\\\/2026\\\/09\\\/maaimg-post-170740-20260904-190756.webp\",\"width\":1536,\"height\":1024,\"caption\":\"Imagem ilustrativa Gerada por IA\"},{\"@type\":\"BreadcrumbList\",\"@id\":\"https:\\\/\\\/ubirataonline.com.br\\\/edson-fachin-reafirma-compromisso-com-a-legalidade-no-stf-apos-crise-envolvendo-alexandre-de-moraes-e-vazamentos-seletivos\\\/#breadcrumb\",\"itemListElement\":[{\"@type\":\"ListItem\",\"position\":1,\"name\":\"In\u00edcio\",\"item\":\"https:\\\/\\\/ubirataonline.com.br\\\/\"},{\"@type\":\"ListItem\",\"position\":2,\"name\":\"Edson Fachin reafirma compromisso com a legalidade no STF ap\u00f3s crise envolvendo Alexandre de Moraes e vazamentos seletivos\"}]},{\"@type\":\"WebSite\",\"@id\":\"https:\\\/\\\/ubirataonline.com.br\\\/#website\",\"url\":\"https:\\\/\\\/ubirataonline.com.br\\\/\",\"name\":\"Ubirat\u00e3 Online Not\u00edcias\",\"description\":\"Not\u00edcias de Ubirat\u00e3, regi\u00e3o, Brasil e mundo, com informa\u00e7\u00e3o atualizada e compromisso com o leitor.\",\"publisher\":{\"@id\":\"https:\\\/\\\/ubirataonline.com.br\\\/#organization\"},\"alternateName\":\"Ubirat\u00e3 Online\",\"potentialAction\":[{\"@type\":\"SearchAction\",\"target\":{\"@type\":\"EntryPoint\",\"urlTemplate\":\"https:\\\/\\\/ubirataonline.com.br\\\/?s={search_term_string}\"},\"query-input\":{\"@type\":\"PropertyValueSpecification\",\"valueRequired\":true,\"valueName\":\"search_term_string\"}}],\"inLanguage\":\"en-US\"},{\"@type\":[\"Organization\",\"Place\"],\"@id\":\"https:\\\/\\\/ubirataonline.com.br\\\/#organization\",\"name\":\"Ubirat\u00e3 Online Not\u00edcias\",\"alternateName\":\"Ubirat\u00e3 Online\",\"url\":\"https:\\\/\\\/ubirataonline.com.br\\\/\",\"logo\":{\"@id\":\"https:\\\/\\\/ubirataonline.com.br\\\/edson-fachin-reafirma-compromisso-com-a-legalidade-no-stf-apos-crise-envolvendo-alexandre-de-moraes-e-vazamentos-seletivos\\\/#local-main-organization-logo\"},\"image\":{\"@id\":\"https:\\\/\\\/ubirataonline.com.br\\\/edson-fachin-reafirma-compromisso-com-a-legalidade-no-stf-apos-crise-envolvendo-alexandre-de-moraes-e-vazamentos-seletivos\\\/#local-main-organization-logo\"},\"sameAs\":[\"https:\\\/\\\/www.facebook.com\\\/portalubirataonline\",\"https:\\\/\\\/x.com\\\/ubirataonline\",\"https:\\\/\\\/mastodon.social\\\/@ubirataonline\",\"https:\\\/\\\/www.facebook.com\\\/groups\\\/311144672285604\",\"https:\\\/\\\/www.facebook.com\\\/UBTAOnline\",\"https:\\\/\\\/www.instagram.com\\\/portalubirataonline\\\/\",\"https:\\\/\\\/twitter.com\\\/ubirataonline\"],\"description\":\"Somos um portal de not\u00edcias independente, criado em 5 de janeiro de 2009, com o objetivo de informar, conectar e valorizar a nossa comunidade de Ubirat\u00e3 e toda aregi\u00e3o. Com conte\u00fado atualizado, confi\u00e1vel e relevante, o Ubirat\u00e3 Online \u00e9 o seu espa\u00e7o para ficar por dentro dos principais acontecimentos locais, regionais, Brasil, Mundo e de interesse geral. Nosso compromisso \u00e9 com a verdade, a transpar\u00eancia e o respeito ao leitor.\",\"legalName\":\"UBIRATA ONLINE NOT\u00cdCIAS\",\"foundingDate\":\"2009-01-05\",\"numberOfEmployees\":{\"@type\":\"QuantitativeValue\",\"minValue\":\"1\",\"maxValue\":\"10\"},\"publishingPrinciples\":\"https:\\\/\\\/ubirataonline.com.br\\\/faq\\\/\",\"address\":{\"@id\":\"https:\\\/\\\/ubirataonline.com.br\\\/edson-fachin-reafirma-compromisso-com-a-legalidade-no-stf-apos-crise-envolvendo-alexandre-de-moraes-e-vazamentos-seletivos\\\/#local-main-place-address\"},\"geo\":{\"@type\":\"GeoCoordinates\",\"latitude\":\"-24.5361401\",\"longitude\":\"-52.9921776\"},\"telephone\":[\"+5544998308235\"],\"contactPoint\":{\"@type\":\"ContactPoint\",\"email\":\"contato@ubirataonline.com.br\"},\"openingHoursSpecification\":{\"@type\":\"OpeningHoursSpecification\",\"dayOfWeek\":[\"Monday\",\"Tuesday\",\"Wednesday\",\"Thursday\",\"Friday\",\"Saturday\",\"Sunday\"],\"opens\":\"00:00\",\"closes\":\"23:59\"},\"email\":\"contato@ubirataonline.com.br\",\"vatID\":\"47.621.418\\\/0001-80\"},{\"@type\":\"Person\",\"@id\":\"https:\\\/\\\/ubirataonline.com.br\\\/#\\\/schema\\\/person\\\/372f87bbd3fdd79b8556b84c98d0bc1c\",\"name\":\"REDA\u00c7\u00c3O: UBIRAT\u00c3 ONLINE - F\u00c1BIO AUGUSTO CELESTINO\",\"pronouns\":\"Ele\",\"description\":\"Desde 2003 trabalhando com not\u00edcias.\",\"sameAs\":[\"http:\\\/\\\/ubirataoline.com.br\",\"https:\\\/\\\/www.facebook.com\\\/portalubirataonline\",\"https:\\\/\\\/www.instagram.com\\\/ubirataonline_oficial\",\"https:\\\/\\\/x.com\\\/x.com\\\/ubirataonline\"],\"honorificPrefix\":\"Mr.\",\"honorificSuffix\":\"MD\",\"birthDate\":\"1980-06-16\",\"gender\":\"masculino\",\"award\":[\"V\u00e1rios pr\u00eamios de melhor portal da cidade\"],\"jobTitle\":\"Diretor\",\"url\":\"https:\\\/\\\/ubirataonline.com.br\\\/en\\\/author\\\/ubirataonline\\\/\"},{\"@type\":\"PostalAddress\",\"@id\":\"https:\\\/\\\/ubirataonline.com.br\\\/edson-fachin-reafirma-compromisso-com-a-legalidade-no-stf-apos-crise-envolvendo-alexandre-de-moraes-e-vazamentos-seletivos\\\/#local-main-place-address\",\"streetAddress\":\"Rua dos Coqueiros, 104 - Bairro Boa Vista, Rua dos Coqueiros, 104 Bairro Boa Vista\",\"addressLocality\":\"UBIRATA\",\"postalCode\":\"85440-000\",\"addressRegion\":\"PR\",\"addressCountry\":\"BR\"},{\"@type\":\"ImageObject\",\"inLanguage\":\"en-US\",\"@id\":\"https:\\\/\\\/ubirataonline.com.br\\\/edson-fachin-reafirma-compromisso-com-a-legalidade-no-stf-apos-crise-envolvendo-alexandre-de-moraes-e-vazamentos-seletivos\\\/#local-main-organization-logo\",\"url\":\"https:\\\/\\\/ubirataonline.com.br\\\/wp-content\\\/uploads\\\/2026\\\/06\\\/logoubirataonline-1.webp\",\"contentUrl\":\"https:\\\/\\\/ubirataonline.com.br\\\/wp-content\\\/uploads\\\/2026\\\/06\\\/logoubirataonline-1.webp\",\"width\":500,\"height\":500,\"caption\":\"Ubirat\u00e3 Online Not\u00edcias\"}]}<\/script>\n<meta name=\"geo.placename\" content=\"UBIRATA\" \/>\n<meta name=\"geo.position\" content=\"-24.5361401;-52.9921776\" \/>\n<meta name=\"geo.region\" content=\"Brazil\" \/>\n<!-- \/ Yoast SEO Premium plugin. -->","yoast_head_json":{"title":"Edson Fachin reafirma compromisso com a legalidade no STF ap\u00f3s crise envolvendo Alexandre de Moraes e vazamentos seletivos - Ubirat\u00e3 Online Not\u00edcias - A realidade ao seu alcance!","description":"O presidente do Supremo Tribunal Federal, Edson Fachin, declarou que o Poder Judici\u00e1rio manter\u00e1 o rigor constitucional diante das recentes tens\u00f5es","robots":{"index":"index","follow":"follow","max-snippet":"max-snippet:-1","max-image-preview":"max-image-preview:large","max-video-preview":"max-video-preview:-1"},"canonical":"https:\/\/ubirataonline.com.br\/en\/edson-fachin-reafirma-compromisso-com-a-legalidade-no-stf-apos-crise-envolvendo-alexandre-de-moraes-e-vazamentos-seletivos\/","og_locale":"en_US","og_type":"article","og_title":"Edson Fachin reafirma compromisso com a legalidade no STF ap\u00f3s crise envolvendo Alexandre de Moraes e vazamentos seletivos","og_description":"O presidente do Supremo Tribunal Federal, Edson Fachin, declarou que o Poder Judici\u00e1rio manter\u00e1 o rigor constitucional diante das recentes tens\u00f5es","og_url":"https:\/\/ubirataonline.com.br\/en\/edson-fachin-reafirma-compromisso-com-a-legalidade-no-stf-apos-crise-envolvendo-alexandre-de-moraes-e-vazamentos-seletivos\/","og_site_name":"Ubirat\u00e3 Online Not\u00edcias - A realidade ao seu alcance!","article_publisher":"https:\/\/www.facebook.com\/portalubirataonline","article_author":"https:\/\/www.facebook.com\/portalubirataonline","article_published_time":"2026-09-04T19:07:42+00:00","og_image":[{"width":1531,"height":418,"url":"https:\/\/ubirataonline.com.br\/wp-content\/uploads\/2026\/05\/logo2026.webp","type":"image\/webp"}],"author":"REDA\u00c7\u00c3O: UBIRAT\u00c3 ONLINE - F\u00c1BIO AUGUSTO CELESTINO","twitter_card":"summary_large_image","twitter_creator":"@x.com\/ubirataonline","twitter_site":"@ubirataonline","twitter_misc":{"Written by":"REDA\u00c7\u00c3O: UBIRAT\u00c3 ONLINE - F\u00c1BIO AUGUSTO CELESTINO","Est. reading time":"3 minutes"},"schema":{"@context":"https:\/\/schema.org","@graph":[{"@type":"NewsArticle","@id":"https:\/\/ubirataonline.com.br\/edson-fachin-reafirma-compromisso-com-a-legalidade-no-stf-apos-crise-envolvendo-alexandre-de-moraes-e-vazamentos-seletivos\/#article","isPartOf":{"@id":"https:\/\/ubirataonline.com.br\/edson-fachin-reafirma-compromisso-com-a-legalidade-no-stf-apos-crise-envolvendo-alexandre-de-moraes-e-vazamentos-seletivos\/"},"author":{"name":"REDA\u00c7\u00c3O: UBIRAT\u00c3 ONLINE - F\u00c1BIO AUGUSTO CELESTINO","@id":"https:\/\/ubirataonline.com.br\/#\/schema\/person\/372f87bbd3fdd79b8556b84c98d0bc1c"},"headline":"Edson Fachin reafirma compromisso com a legalidade no STF ap\u00f3s crise envolvendo Alexandre de Moraes e vazamentos seletivos","datePublished":"2026-09-04T19:07:42+00:00","mainEntityOfPage":{"@id":"https:\/\/ubirataonline.com.br\/edson-fachin-reafirma-compromisso-com-a-legalidade-no-stf-apos-crise-envolvendo-alexandre-de-moraes-e-vazamentos-seletivos\/"},"wordCount":665,"publisher":{"@id":"https:\/\/ubirataonline.com.br\/#organization"},"image":{"@id":"https:\/\/ubirataonline.com.br\/edson-fachin-reafirma-compromisso-com-a-legalidade-no-stf-apos-crise-envolvendo-alexandre-de-moraes-e-vazamentos-seletivos\/#primaryimage"},"thumbnailUrl":"https:\/\/ubirataonline.com.br\/wp-content\/uploads\/2026\/09\/maaimg-post-170740-20260904-190756.webp","articleSection":["Brasil"],"inLanguage":"en-US","copyrightYear":"2026","copyrightHolder":{"@id":"https:\/\/ubirataonline.com.br\/en\/#organization"}},{"@type":"WebPage","@id":"https:\/\/ubirataonline.com.br\/edson-fachin-reafirma-compromisso-com-a-legalidade-no-stf-apos-crise-envolvendo-alexandre-de-moraes-e-vazamentos-seletivos\/","url":"https:\/\/ubirataonline.com.br\/edson-fachin-reafirma-compromisso-com-a-legalidade-no-stf-apos-crise-envolvendo-alexandre-de-moraes-e-vazamentos-seletivos\/","name":"Edson Fachin reafirma compromisso com a legalidade no STF ap\u00f3s crise envolvendo Alexandre de Moraes e vazamentos seletivos - Ubirat\u00e3 Online Not\u00edcias - A realidade ao seu alcance!","isPartOf":{"@id":"https:\/\/ubirataonline.com.br\/#website"},"primaryImageOfPage":{"@id":"https:\/\/ubirataonline.com.br\/edson-fachin-reafirma-compromisso-com-a-legalidade-no-stf-apos-crise-envolvendo-alexandre-de-moraes-e-vazamentos-seletivos\/#primaryimage"},"image":{"@id":"https:\/\/ubirataonline.com.br\/edson-fachin-reafirma-compromisso-com-a-legalidade-no-stf-apos-crise-envolvendo-alexandre-de-moraes-e-vazamentos-seletivos\/#primaryimage"},"thumbnailUrl":"https:\/\/ubirataonline.com.br\/wp-content\/uploads\/2026\/09\/maaimg-post-170740-20260904-190756.webp","datePublished":"2026-09-04T19:07:42+00:00","description":"O presidente do Supremo Tribunal Federal, Edson Fachin, declarou que o Poder Judici\u00e1rio manter\u00e1 o rigor constitucional diante das recentes tens\u00f5es","breadcrumb":{"@id":"https:\/\/ubirataonline.com.br\/edson-fachin-reafirma-compromisso-com-a-legalidade-no-stf-apos-crise-envolvendo-alexandre-de-moraes-e-vazamentos-seletivos\/#breadcrumb"},"inLanguage":"en-US","potentialAction":[{"@type":"ReadAction","target":["https:\/\/ubirataonline.com.br\/edson-fachin-reafirma-compromisso-com-a-legalidade-no-stf-apos-crise-envolvendo-alexandre-de-moraes-e-vazamentos-seletivos\/"]}]},{"@type":"ImageObject","inLanguage":"en-US","@id":"https:\/\/ubirataonline.com.br\/edson-fachin-reafirma-compromisso-com-a-legalidade-no-stf-apos-crise-envolvendo-alexandre-de-moraes-e-vazamentos-seletivos\/#primaryimage","url":"https:\/\/ubirataonline.com.br\/wp-content\/uploads\/2026\/09\/maaimg-post-170740-20260904-190756.webp","contentUrl":"https:\/\/ubirataonline.com.br\/wp-content\/uploads\/2026\/09\/maaimg-post-170740-20260904-190756.webp","width":1536,"height":1024,"caption":"Imagem ilustrativa Gerada por IA"},{"@type":"BreadcrumbList","@id":"https:\/\/ubirataonline.com.br\/edson-fachin-reafirma-compromisso-com-a-legalidade-no-stf-apos-crise-envolvendo-alexandre-de-moraes-e-vazamentos-seletivos\/#breadcrumb","itemListElement":[{"@type":"ListItem","position":1,"name":"In\u00edcio","item":"https:\/\/ubirataonline.com.br\/"},{"@type":"ListItem","position":2,"name":"Edson Fachin reafirma compromisso com a legalidade no STF ap\u00f3s crise envolvendo Alexandre de Moraes e vazamentos seletivos"}]},{"@type":"WebSite","@id":"https:\/\/ubirataonline.com.br\/#website","url":"https:\/\/ubirataonline.com.br\/","name":"Ubirat\u00e3 Online Not\u00edcias","description":"Not\u00edcias de Ubirat\u00e3, regi\u00e3o, Brasil e mundo, com informa\u00e7\u00e3o atualizada e compromisso com o leitor.","publisher":{"@id":"https:\/\/ubirataonline.com.br\/#organization"},"alternateName":"Ubirat\u00e3 Online","potentialAction":[{"@type":"SearchAction","target":{"@type":"EntryPoint","urlTemplate":"https:\/\/ubirataonline.com.br\/?s={search_term_string}"},"query-input":{"@type":"PropertyValueSpecification","valueRequired":true,"valueName":"search_term_string"}}],"inLanguage":"en-US"},{"@type":["Organization","Place"],"@id":"https:\/\/ubirataonline.com.br\/#organization","name":"Ubirat\u00e3 Online Not\u00edcias","alternateName":"Ubirat\u00e3 Online","url":"https:\/\/ubirataonline.com.br\/","logo":{"@id":"https:\/\/ubirataonline.com.br\/edson-fachin-reafirma-compromisso-com-a-legalidade-no-stf-apos-crise-envolvendo-alexandre-de-moraes-e-vazamentos-seletivos\/#local-main-organization-logo"},"image":{"@id":"https:\/\/ubirataonline.com.br\/edson-fachin-reafirma-compromisso-com-a-legalidade-no-stf-apos-crise-envolvendo-alexandre-de-moraes-e-vazamentos-seletivos\/#local-main-organization-logo"},"sameAs":["https:\/\/www.facebook.com\/portalubirataonline","https:\/\/x.com\/ubirataonline","https:\/\/mastodon.social\/@ubirataonline","https:\/\/www.facebook.com\/groups\/311144672285604","https:\/\/www.facebook.com\/UBTAOnline","https:\/\/www.instagram.com\/portalubirataonline\/","https:\/\/twitter.com\/ubirataonline"],"description":"Somos um portal de not\u00edcias independente, criado em 5 de janeiro de 2009, com o objetivo de informar, conectar e valorizar a nossa comunidade de Ubirat\u00e3 e toda aregi\u00e3o. Com conte\u00fado atualizado, confi\u00e1vel e relevante, o Ubirat\u00e3 Online \u00e9 o seu espa\u00e7o para ficar por dentro dos principais acontecimentos locais, regionais, Brasil, Mundo e de interesse geral. Nosso compromisso \u00e9 com a verdade, a transpar\u00eancia e o respeito ao leitor.","legalName":"UBIRATA ONLINE NOT\u00cdCIAS","foundingDate":"2009-01-05","numberOfEmployees":{"@type":"QuantitativeValue","minValue":"1","maxValue":"10"},"publishingPrinciples":"https:\/\/ubirataonline.com.br\/faq\/","address":{"@id":"https:\/\/ubirataonline.com.br\/edson-fachin-reafirma-compromisso-com-a-legalidade-no-stf-apos-crise-envolvendo-alexandre-de-moraes-e-vazamentos-seletivos\/#local-main-place-address"},"geo":{"@type":"GeoCoordinates","latitude":"-24.5361401","longitude":"-52.9921776"},"telephone":["+5544998308235"],"contactPoint":{"@type":"ContactPoint","email":"contato@ubirataonline.com.br"},"openingHoursSpecification":{"@type":"OpeningHoursSpecification","dayOfWeek":["Monday","Tuesday","Wednesday","Thursday","Friday","Saturday","Sunday"],"opens":"00:00","closes":"23:59"},"email":"contato@ubirataonline.com.br","vatID":"47.621.418\/0001-80"},{"@type":"Person","@id":"https:\/\/ubirataonline.com.br\/#\/schema\/person\/372f87bbd3fdd79b8556b84c98d0bc1c","name":"REDA\u00c7\u00c3O: UBIRAT\u00c3 ONLINE - F\u00c1BIO AUGUSTO CELESTINO","pronouns":"Ele","description":"Desde 2003 trabalhando com not\u00edcias.","sameAs":["http:\/\/ubirataoline.com.br","https:\/\/www.facebook.com\/portalubirataonline","https:\/\/www.instagram.com\/ubirataonline_oficial","https:\/\/x.com\/x.com\/ubirataonline"],"honorificPrefix":"Mr.","honorificSuffix":"MD","birthDate":"1980-06-16","gender":"masculino","award":["V\u00e1rios pr\u00eamios de melhor portal da cidade"],"jobTitle":"Diretor","url":"https:\/\/ubirataonline.com.br\/en\/author\/ubirataonline\/"},{"@type":"PostalAddress","@id":"https:\/\/ubirataonline.com.br\/edson-fachin-reafirma-compromisso-com-a-legalidade-no-stf-apos-crise-envolvendo-alexandre-de-moraes-e-vazamentos-seletivos\/#local-main-place-address","streetAddress":"Rua dos Coqueiros, 104 - Bairro Boa Vista, Rua dos Coqueiros, 104 Bairro Boa Vista","addressLocality":"UBIRATA","postalCode":"85440-000","addressRegion":"PR","addressCountry":"BR"},{"@type":"ImageObject","inLanguage":"en-US","@id":"https:\/\/ubirataonline.com.br\/edson-fachin-reafirma-compromisso-com-a-legalidade-no-stf-apos-crise-envolvendo-alexandre-de-moraes-e-vazamentos-seletivos\/#local-main-organization-logo","url":"https:\/\/ubirataonline.com.br\/wp-content\/uploads\/2026\/06\/logoubirataonline-1.webp","contentUrl":"https:\/\/ubirataonline.com.br\/wp-content\/uploads\/2026\/06\/logoubirataonline-1.webp","width":500,"height":500,"caption":"Ubirat\u00e3 Online Not\u00edcias"}]},"geo.placename":"UBIRATA","geo.position":{"lat":"-24.5361401","long":"-52.9921776"},"geo.region":"Brazil"},"_links":{"self":[{"href":"https:\/\/ubirataonline.com.br\/en\/wp-json\/wp\/v2\/posts\/170740","targetHints":{"allow":["GET"]}}],"collection":[{"href":"https:\/\/ubirataonline.com.br\/en\/wp-json\/wp\/v2\/posts"}],"about":[{"href":"https:\/\/ubirataonline.com.br\/en\/wp-json\/wp\/v2\/types\/post"}],"author":[{"embeddable":true,"href":"https:\/\/ubirataonline.com.br\/en\/wp-json\/wp\/v2\/users\/1"}],"replies":[{"embeddable":true,"href":"https:\/\/ubirataonline.com.br\/en\/wp-json\/wp\/v2\/comments?post=170740"}],"version-history":[{"count":0,"href":"https:\/\/ubirataonline.com.br\/en\/wp-json\/wp\/v2\/posts\/170740\/revisions"}],"wp:featuredmedia":[{"embeddable":true,"href":"https:\/\/ubirataonline.com.br\/en\/wp-json\/wp\/v2\/media\/170741"}],"wp:attachment":[{"href":"https:\/\/ubirataonline.com.br\/en\/wp-json\/wp\/v2\/media?parent=170740"}],"wp:term":[{"taxonomy":"category","embeddable":true,"href":"https:\/\/ubirataonline.com.br\/en\/wp-json\/wp\/v2\/categories?post=170740"},{"taxonomy":"post_tag","embeddable":true,"href":"https:\/\/ubirataonline.com.br\/en\/wp-json\/wp\/v2\/tags?post=170740"}],"curies":[{"name":"wp","href":"https:\/\/api.w.org\/{rel}","templated":true}]}}