{"id":170742,"date":"2026-09-04T16:38:21","date_gmt":"2026-09-04T19:38:21","guid":{"rendered":"https:\/\/ubirataonline.com.br\/ruas-de-curitiba-tem-bloqueios-durante-feriado-prolongado-veja-trechos-e-horarios\/"},"modified":"2026-09-04T16:38:21","modified_gmt":"2026-09-04T19:38:21","slug":"ruas-de-curitiba-tem-bloqueios-durante-feriado-prolongado-veja-trechos-e-horarios","status":"publish","type":"post","link":"https:\/\/ubirataonline.com.br\/en\/ruas-de-curitiba-tem-bloqueios-durante-feriado-prolongado-veja-trechos-e-horarios\/","title":{"rendered":"Ruas de Curitiba t\u00eam bloqueios durante feriado prolongado; veja trechos e hor\u00e1rios"},"content":{"rendered":"<h2>Setran informa bloqueios em diferentes bairros entre sexta e ter\u00e7a por desfile c\u00edvico, Corrida e prociss\u00e3o; confira ruas e hor\u00e1rios.<\/h2>\n<p>Diversos eventos previstos para ocorrer entre domingo (6) e ter\u00e7a-feira (8) deixam v\u00e1rias ruas temporariamente bloqueadas em Curitiba. Em alguns casos, os bloqueios j\u00e1 come\u00e7am nesta sexta-feira (4).<\/p>\n<p>A Superintend\u00eancia de Tr\u00e2nsito (Setran) recomenda que os motoristas evitem as regi\u00f5es dos eventos durante os per\u00edodos de realiza\u00e7\u00e3o das atividades e utilizem caminhos alternativos. Se for necess\u00e1rio passar pelo local, a orienta\u00e7\u00e3o \u00e9 respeitar a sinaliza\u00e7\u00e3o e as instru\u00e7\u00f5es dos agentes de tr\u00e2nsito e monitores.<\/p>\n<h3>Desfile C\u00edvico de 7 de Setembro<\/h3>\n<p>Na segunda-feira (7) ocorre o Desfile C\u00edvico na Avenida C\u00e2ndido de Abreu. Conforme a Prefeitura de Curitiba, a montagem da estrutura come\u00e7a nesta sexta-feira (4), por isso a marginal da Avenida C\u00e2ndido de Abreu, pista lenta entre as ruas Aristides Teixeira e Senador Xavier da Silva, ter\u00e1 bloqueio parcial.<\/p>\n<p>O trecho ficar\u00e1 bloqueado at\u00e9 o final da tarde de segunda-feira (7), quando est\u00e1 previsto que as estruturas sejam desmontadas. No dia do desfile, toda a Avenida C\u00e2ndido de Abreu estar\u00e1 bloqueada das 3h \u00e0s 14h. A Rua Bar\u00e3o do Serro Azul (continua\u00e7\u00e3o da C\u00e2ndido de Abreu) ficar\u00e1 interditada desde a In\u00e1cio Lustosa at\u00e9 a Carlos Cavalcanti. O desfile ter\u00e1 in\u00edcio \u00e0s 9h.<\/p>\n<p>Para garantir a seguran\u00e7a do p\u00fablico \u2014 estimado em aproximadamente 30 mil pessoas \u2014 agentes de tr\u00e2nsito, guardas municipais, policiais militares e soldados do Ex\u00e9rcito v\u00e3o organizar o fluxo vi\u00e1rio.<\/p>\n<p><strong>Pontos de bloqueio por conta do Desfile C\u00edvico de 7 de Setembro:<\/strong><\/p>\n<ul>\n<li>Rua Amintas de Barros x Rua Mariano Torres, na pista da esquerda<\/li>\n<li>Rua Conselheiro Ara\u00fajo x Rua Luiz Le\u00e3o<\/li>\n<li>Rua Presidente Farias x Rua Carlos Cavalcanti<\/li>\n<li>Rua Bar\u00e3o do Cerro Azul x Rua Carlos Cavalcanti<\/li>\n<li>Rua Carlos Cavalcanti x Rua Mateus Leme<\/li>\n<li>Rua Carlos Cavalcanti x Rua Duque de Caxias<\/li>\n<li>Rua Trajano Reis x Rua Paula Gomes<\/li>\n<li>Rua Trajano Reis x Rua In\u00e1cio Lustosa<\/li>\n<li>Rua Trajano Reis x Rua Bar\u00e3o de Antonina<\/li>\n<li>Rua Mateus Leme x Rua Aristides Teixeira<\/li>\n<li>Rua Mateus Leme x Rua Lysimaco Ferreira da Costa<\/li>\n<li>Rua Mateus Leme x Rua Professor Benedito Nicolau dos Santos<\/li>\n<li>Rua Mateus Leme x Rua Deputado M\u00e1rio de Barros<\/li>\n<li>Rua Mateus Leme x Rua Jos\u00e9 Sab\u00f3ia Cortes<\/li>\n<li>Rua Euclides Bandeira x Rua Jos\u00e9 Sab\u00f3ia Cortes<\/li>\n<li>Rua Mateus Leme x Rua Albano Reis<\/li>\n<li>Rua Brasilino Moura x Rua Francisco Scremin<\/li>\n<li>Rua Eur\u00edpedes Garcez do Nascimento x Rua Benjamin Zilli<\/li>\n<li>Rua Benjamin Zilli x Rua Alberto Foloni<\/li>\n<li>Rua Guaratuba x Rua S\u00e3o Sebasti\u00e3o<\/li>\n<li>Rua Guaratuba x Rua Francisco de Paula Guimar\u00e3es<\/li>\n<li>Rua Guaratuba x Rua Ricardo Lemos<\/li>\n<li>Rua Manoel Eufr\u00e1sio x Rua S\u00e3o Pio X<\/li>\n<li>Rua S\u00e3o Pio X x Rua Mois\u00e9s Marcondes<\/li>\n<li>Rua Rocha Pombo x Rua Marechal Mallet<\/li>\n<li>Rua Alberto Foloni x Rua Deputado M\u00e1rio de Barros<\/li>\n<li>Rua Alberto Foloni x rua Augusto Severo<\/li>\n<li>Rua Euz\u00e9bio da Mota x Rua Mau\u00e1<\/li>\n<li>Rua Mau\u00e1 x Rua Campos Sales<\/li>\n<li>Rua Augusto Severo x Avenida Jo\u00e3o Gualberto<\/li>\n<li>Rua Mau\u00e1 x Avenida Jo\u00e3o Gualberto<\/li>\n<li>Rua Ivo Le\u00e3o x Avenida Jo\u00e3o Gualberto<\/li>\n<li>Rua Carlos Eduardo Le\u00e3o x Rua General Carneiro<\/li>\n<li>Rua Agostinho Le\u00e3o J\u00fanior x Rua Padre Ant\u00f4nio<\/li>\n<\/ul>\n<h3>Transporte coletivo<\/h3>\n<p>O evento tamb\u00e9m impacta o transporte coletivo. Nesta sexta-feira (04), a partir das 14h, a Esta\u00e7\u00e3o Tubo Comendador Fontana (sentido Pinheirinho, CIC e Boqueir\u00e3o) ser\u00e1 desativada at\u00e9 ter\u00e7a-feira (7).<\/p>\n<p>Ser\u00e3o afetadas as linhas:<\/p>\n<ul>\n<li>505 \u2013 Boqueir\u00e3o \/ Centro C\u00edvico<\/li>\n<li>700 &#8211; Pinheirinho \/ Cabral<\/li>\n<li>607 \u2013 Colombo \/ CIC<\/li>\n<li>210 \u2013 CIC \/ Cabral<\/li>\n<\/ul>\n<p>Todas elas far\u00e3o parada para embarque, desembarque e integra\u00e7\u00f5es na Esta\u00e7\u00e3o Tubo Prefeitura.<\/p>\n<h3>Outros eventos com bloqueios<\/h3>\n<p>6\u00aa Corrida do 13\u00ba BPM &quot;Her\u00f3is da R\u00e1dio Patrulha&quot; \u2014 Na manh\u00e3 de domingo (6), com largada prevista para as 7h na sede do 13\u00ba Batalh\u00e3o, na Rua Sebasti\u00e3o Malucelli, no Novo Mundo. Cerca de mil pessoas s\u00e3o esperadas. Monitores de tr\u00e2nsito Esta\u00e7\u00e3o no local.<\/p>\n<p>Percurso de 5 km (itiner\u00e1rio informado):<\/p>\n<ul>\n<li>Rua Sebasti\u00e3o Malucelli<\/li>\n<li>Rua Gerda Thereza Metzentin<\/li>\n<li>Rua Frei Gaspar da Madre de Deus<\/li>\n<li>Rua Itacolomi<\/li>\n<li>Rua Doutor Jo\u00e3o Tobias Pinto Rebelo<\/li>\n<li>Rua Isaac Guelmann<\/li>\n<li>Rua Ant\u00f4nio Gasparin<\/li>\n<li>Rua Pedro Gusso<\/li>\n<li>Rua Sebasti\u00e3o Malucelli<\/li>\n<li>Rua Op\u00edlio de Mello Pinheiro<\/li>\n<li>Rua Paulina Ader<\/li>\n<li>Rua Visconde do Serro Frio<\/li>\n<li>Rua Sebasti\u00e3o Malucelli<\/li>\n<\/ul>\n<p>Percurso de 13 km (itiner\u00e1rio informado):<\/p>\n<ul>\n<li>Rua Sebasti\u00e3o Malucelli<\/li>\n<li>Rua Gerda Thereza Metzentin<\/li>\n<li>Rua Frei Gaspar da Madre de Deus<\/li>\n<li>Rua Itacolomi<\/li>\n<li>Rua Isaac Guelmann<\/li>\n<li>Rua Ant\u00f4nio Gasparin<\/li>\n<li>Rua Marechal Ot\u00e1vio Saldanha Mazza<\/li>\n<li>Rua Jo\u00e3o Rodrigues Pinheiro<\/li>\n<li>Avenida das Ind\u00fastrias<\/li>\n<li>Rua Jo\u00e3o Bettega<\/li>\n<li>Rua Felinto Bento Vianna<\/li>\n<li>Rua Itacolomi<\/li>\n<li>Rua Frei Gaspar da Madre de Deus<\/li>\n<li>Rua Gerda Thereza Metzentin<\/li>\n<li>Rua Sebasti\u00e3o Malucelli<\/li>\n<\/ul>\n<p><strong>3\u00aa Alcance Run<\/strong> \u2014 Na manh\u00e3 de ter\u00e7a, com largada prevista para as 6h30 na Comunidade Alcance Curitiba, no Novo Mundo. Dois mil participantes s\u00e3o esperados. O percurso de 5 km passar\u00e1 por:<\/p>\n<ul>\n<li>Travessa Augusto Marach<\/li>\n<li>Rua Eduardo Negrello<\/li>\n<li>Rua Izidoro Siedeliski<\/li>\n<li>Rua Clara Polsin<\/li>\n<li>Rua Professor Ant\u00f4nio Martins Franco<\/li>\n<li>Rua Maestro Francisco Antonello<\/li>\n<li>Avenida Bras\u00edlia<\/li>\n<li>Travessa Augusto Marach<\/li>\n<\/ul>\n<p><strong>Prociss\u00e3o em honra a Nossa Senhora da Luz dos Pinhais<\/strong> \u2014 Na tarde de ter\u00e7a-feira, com sa\u00edda pela porta central da Catedral, na Pra\u00e7a Tiradentes, \u00e0s 16h. Cerca de 1.500 pessoas devem participar. O trajeto segue pela Rua Bar\u00e3o do Serro Azul em dire\u00e7\u00e3o ao Centro C\u00edvico, com parada no Obelisco dedicado \u00e0 padroeira para coroa\u00e7\u00e3o; segue pela Rua Bar\u00e3o do Serro Azul at\u00e9 a Rua Prefeito Jo\u00e3o Moreira Garcez, at\u00e9 a Pra\u00e7a Generoso Marques e retorna \u00e0 Pra\u00e7a Tiradentes, onde a celebra\u00e7\u00e3o ser\u00e1 encerrada dentro da igreja. Todo o percurso ter\u00e1 o apoio de agentes de tr\u00e2nsito.<\/p>\n<h3>Orienta\u00e7\u00f5es<\/h3>\n<p>A Setran recomenda evitar as \u00e1reas dos eventos enquanto durar cada atividade e, quando necess\u00e1rio transitar pelo local, obedecer \u00e0 sinaliza\u00e7\u00e3o e \u00e0s instru\u00e7\u00f5es dos agentes e monitores.<\/p>","protected":false},"excerpt":{"rendered":"<p>Setran informa bloqueios em diferentes bairros entre sexta e ter\u00e7a por desfile c\u00edvico, Corrida e prociss\u00e3o; confira ruas e hor\u00e1rios. Diversos eventos previstos para ocorrer entre domingo (6) e ter\u00e7a-feira (8) deixam v\u00e1rias ruas temporariamente bloqueadas em Curitiba. Em alguns casos, os bloqueios j\u00e1 come\u00e7am nesta sexta-feira (4). A Superintend\u00eancia de Tr\u00e2nsito (Setran) recomenda que [&hellip;]<\/p>\n","protected":false},"author":1,"featured_media":0,"comment_status":"","ping_status":"","sticky":false,"template":"","format":"standard","meta":{"googlesitekit_rrm_CAow2JLhCw:productID":"","_gspb_post_css":"","maa_idioma":"","maa_pais":"","footnotes":""},"categories":[43088],"tags":[],"class_list":["post-170742","post","type-post","status-publish","format-standard","hentry","category-parana"],"blocksy_meta":[],"yoast_head":"<!-- This site is optimized with the Yoast SEO Premium plugin v27.6 (Yoast SEO v27.6) - https:\/\/yoast.com\/product\/yoast-seo-premium-wordpress\/ -->\n<title>Ruas de Curitiba t\u00eam bloqueios durante feriado prolongado; veja trechos e hor\u00e1rios - Ubirat\u00e3 Online Not\u00edcias - A realidade ao seu alcance!<\/title>\n<meta name=\"description\" content=\"Setran informa bloqueios em diferentes bairros entre sexta e ter\u00e7a por desfile c\u00edvico, Corrida e prociss\u00e3o; confira ruas e hor\u00e1rios.Diversos eventos\" \/>\n<meta name=\"robots\" content=\"index, follow, max-snippet:-1, max-image-preview:large, max-video-preview:-1\" \/>\n<link rel=\"canonical\" href=\"https:\/\/ubirataonline.com.br\/en\/ruas-de-curitiba-tem-bloqueios-durante-feriado-prolongado-veja-trechos-e-horarios\/\" \/>\n<meta property=\"og:locale\" content=\"en_US\" \/>\n<meta property=\"og:type\" content=\"article\" \/>\n<meta property=\"og:title\" content=\"Ruas de Curitiba t\u00eam bloqueios durante feriado prolongado; veja trechos e hor\u00e1rios\" \/>\n<meta property=\"og:description\" content=\"Setran informa bloqueios em diferentes bairros entre sexta e ter\u00e7a por desfile c\u00edvico, Corrida e prociss\u00e3o; confira ruas e hor\u00e1rios.Diversos eventos\" \/>\n<meta property=\"og:url\" content=\"https:\/\/ubirataonline.com.br\/en\/ruas-de-curitiba-tem-bloqueios-durante-feriado-prolongado-veja-trechos-e-horarios\/\" \/>\n<meta property=\"og:site_name\" content=\"Ubirat\u00e3 Online Not\u00edcias - A realidade ao seu alcance!\" \/>\n<meta property=\"article:publisher\" content=\"https:\/\/www.facebook.com\/portalubirataonline\" \/>\n<meta property=\"article:author\" content=\"https:\/\/www.facebook.com\/portalubirataonline\" \/>\n<meta property=\"article:published_time\" content=\"2026-09-04T19:38:21+00:00\" \/>\n<meta property=\"og:image\" content=\"https:\/\/ubirataonline.com.br\/wp-content\/uploads\/2026\/05\/logo2026.webp\" \/>\n\t<meta property=\"og:image:width\" content=\"1531\" \/>\n\t<meta property=\"og:image:height\" content=\"418\" \/>\n\t<meta property=\"og:image:type\" content=\"image\/webp\" \/>\n<meta name=\"author\" content=\"REDA\u00c7\u00c3O: UBIRAT\u00c3 ONLINE - F\u00c1BIO AUGUSTO CELESTINO\" \/>\n<meta name=\"twitter:card\" content=\"summary_large_image\" \/>\n<meta name=\"twitter:creator\" content=\"@x.com\/ubirataonline\" \/>\n<meta name=\"twitter:site\" content=\"@ubirataonline\" \/>\n<meta name=\"twitter:label1\" content=\"Written by\" \/>\n\t<meta name=\"twitter:data1\" content=\"REDA\u00c7\u00c3O: UBIRAT\u00c3 ONLINE - F\u00c1BIO AUGUSTO CELESTINO\" \/>\n\t<meta name=\"twitter:label2\" content=\"Est. reading time\" \/>\n\t<meta name=\"twitter:data2\" content=\"5 minutes\" \/>\n<script type=\"application\/ld+json\" class=\"yoast-schema-graph\">{\"@context\":\"https:\\\/\\\/schema.org\",\"@graph\":[{\"@type\":\"NewsArticle\",\"@id\":\"https:\\\/\\\/ubirataonline.com.br\\\/ruas-de-curitiba-tem-bloqueios-durante-feriado-prolongado-veja-trechos-e-horarios\\\/#article\",\"isPartOf\":{\"@id\":\"https:\\\/\\\/ubirataonline.com.br\\\/ruas-de-curitiba-tem-bloqueios-durante-feriado-prolongado-veja-trechos-e-horarios\\\/\"},\"author\":{\"name\":\"REDA\u00c7\u00c3O: UBIRAT\u00c3 ONLINE - F\u00c1BIO AUGUSTO CELESTINO\",\"@id\":\"https:\\\/\\\/ubirataonline.com.br\\\/#\\\/schema\\\/person\\\/372f87bbd3fdd79b8556b84c98d0bc1c\"},\"headline\":\"Ruas de Curitiba t\u00eam bloqueios durante feriado prolongado; veja trechos e hor\u00e1rios\",\"datePublished\":\"2026-09-04T19:38:21+00:00\",\"mainEntityOfPage\":{\"@id\":\"https:\\\/\\\/ubirataonline.com.br\\\/ruas-de-curitiba-tem-bloqueios-durante-feriado-prolongado-veja-trechos-e-horarios\\\/\"},\"wordCount\":1029,\"publisher\":{\"@id\":\"https:\\\/\\\/ubirataonline.com.br\\\/#organization\"},\"articleSection\":[\"Paran\u00e1\"],\"inLanguage\":\"en-US\",\"copyrightYear\":\"2026\",\"copyrightHolder\":{\"@id\":\"https:\\\/\\\/ubirataonline.com.br\\\/en\\\/#organization\"}},{\"@type\":\"WebPage\",\"@id\":\"https:\\\/\\\/ubirataonline.com.br\\\/ruas-de-curitiba-tem-bloqueios-durante-feriado-prolongado-veja-trechos-e-horarios\\\/\",\"url\":\"https:\\\/\\\/ubirataonline.com.br\\\/ruas-de-curitiba-tem-bloqueios-durante-feriado-prolongado-veja-trechos-e-horarios\\\/\",\"name\":\"Ruas de Curitiba t\u00eam bloqueios durante feriado prolongado; veja trechos e hor\u00e1rios - Ubirat\u00e3 Online Not\u00edcias - A realidade ao seu alcance!\",\"isPartOf\":{\"@id\":\"https:\\\/\\\/ubirataonline.com.br\\\/#website\"},\"datePublished\":\"2026-09-04T19:38:21+00:00\",\"description\":\"Setran informa bloqueios em diferentes bairros entre sexta e ter\u00e7a por desfile c\u00edvico, Corrida e prociss\u00e3o; confira ruas e hor\u00e1rios.Diversos eventos\",\"breadcrumb\":{\"@id\":\"https:\\\/\\\/ubirataonline.com.br\\\/ruas-de-curitiba-tem-bloqueios-durante-feriado-prolongado-veja-trechos-e-horarios\\\/#breadcrumb\"},\"inLanguage\":\"en-US\",\"potentialAction\":[{\"@type\":\"ReadAction\",\"target\":[\"https:\\\/\\\/ubirataonline.com.br\\\/ruas-de-curitiba-tem-bloqueios-durante-feriado-prolongado-veja-trechos-e-horarios\\\/\"]}]},{\"@type\":\"BreadcrumbList\",\"@id\":\"https:\\\/\\\/ubirataonline.com.br\\\/ruas-de-curitiba-tem-bloqueios-durante-feriado-prolongado-veja-trechos-e-horarios\\\/#breadcrumb\",\"itemListElement\":[{\"@type\":\"ListItem\",\"position\":1,\"name\":\"In\u00edcio\",\"item\":\"https:\\\/\\\/ubirataonline.com.br\\\/\"},{\"@type\":\"ListItem\",\"position\":2,\"name\":\"Ruas de Curitiba t\u00eam bloqueios durante feriado prolongado; veja trechos e hor\u00e1rios\"}]},{\"@type\":\"WebSite\",\"@id\":\"https:\\\/\\\/ubirataonline.com.br\\\/#website\",\"url\":\"https:\\\/\\\/ubirataonline.com.br\\\/\",\"name\":\"Ubirat\u00e3 Online Not\u00edcias\",\"description\":\"Not\u00edcias de Ubirat\u00e3, regi\u00e3o, Brasil e mundo, com informa\u00e7\u00e3o atualizada e compromisso com o leitor.\",\"publisher\":{\"@id\":\"https:\\\/\\\/ubirataonline.com.br\\\/#organization\"},\"alternateName\":\"Ubirat\u00e3 Online\",\"potentialAction\":[{\"@type\":\"SearchAction\",\"target\":{\"@type\":\"EntryPoint\",\"urlTemplate\":\"https:\\\/\\\/ubirataonline.com.br\\\/?s={search_term_string}\"},\"query-input\":{\"@type\":\"PropertyValueSpecification\",\"valueRequired\":true,\"valueName\":\"search_term_string\"}}],\"inLanguage\":\"en-US\"},{\"@type\":[\"Organization\",\"Place\"],\"@id\":\"https:\\\/\\\/ubirataonline.com.br\\\/#organization\",\"name\":\"Ubirat\u00e3 Online Not\u00edcias\",\"alternateName\":\"Ubirat\u00e3 Online\",\"url\":\"https:\\\/\\\/ubirataonline.com.br\\\/\",\"logo\":{\"@id\":\"https:\\\/\\\/ubirataonline.com.br\\\/ruas-de-curitiba-tem-bloqueios-durante-feriado-prolongado-veja-trechos-e-horarios\\\/#local-main-organization-logo\"},\"image\":{\"@id\":\"https:\\\/\\\/ubirataonline.com.br\\\/ruas-de-curitiba-tem-bloqueios-durante-feriado-prolongado-veja-trechos-e-horarios\\\/#local-main-organization-logo\"},\"sameAs\":[\"https:\\\/\\\/www.facebook.com\\\/portalubirataonline\",\"https:\\\/\\\/x.com\\\/ubirataonline\",\"https:\\\/\\\/mastodon.social\\\/@ubirataonline\",\"https:\\\/\\\/www.facebook.com\\\/groups\\\/311144672285604\",\"https:\\\/\\\/www.facebook.com\\\/UBTAOnline\",\"https:\\\/\\\/www.instagram.com\\\/portalubirataonline\\\/\",\"https:\\\/\\\/twitter.com\\\/ubirataonline\"],\"description\":\"Somos um portal de not\u00edcias independente, criado em 5 de janeiro de 2009, com o objetivo de informar, conectar e valorizar a nossa comunidade de Ubirat\u00e3 e toda aregi\u00e3o. Com conte\u00fado atualizado, confi\u00e1vel e relevante, o Ubirat\u00e3 Online \u00e9 o seu espa\u00e7o para ficar por dentro dos principais acontecimentos locais, regionais, Brasil, Mundo e de interesse geral. Nosso compromisso \u00e9 com a verdade, a transpar\u00eancia e o respeito ao leitor.\",\"legalName\":\"UBIRATA ONLINE NOT\u00cdCIAS\",\"foundingDate\":\"2009-01-05\",\"numberOfEmployees\":{\"@type\":\"QuantitativeValue\",\"minValue\":\"1\",\"maxValue\":\"10\"},\"publishingPrinciples\":\"https:\\\/\\\/ubirataonline.com.br\\\/faq\\\/\",\"address\":{\"@id\":\"https:\\\/\\\/ubirataonline.com.br\\\/ruas-de-curitiba-tem-bloqueios-durante-feriado-prolongado-veja-trechos-e-horarios\\\/#local-main-place-address\"},\"geo\":{\"@type\":\"GeoCoordinates\",\"latitude\":\"-24.5361401\",\"longitude\":\"-52.9921776\"},\"telephone\":[\"+5544998308235\"],\"contactPoint\":{\"@type\":\"ContactPoint\",\"email\":\"contato@ubirataonline.com.br\"},\"openingHoursSpecification\":{\"@type\":\"OpeningHoursSpecification\",\"dayOfWeek\":[\"Monday\",\"Tuesday\",\"Wednesday\",\"Thursday\",\"Friday\",\"Saturday\",\"Sunday\"],\"opens\":\"00:00\",\"closes\":\"23:59\"},\"email\":\"contato@ubirataonline.com.br\",\"vatID\":\"47.621.418\\\/0001-80\"},{\"@type\":\"Person\",\"@id\":\"https:\\\/\\\/ubirataonline.com.br\\\/#\\\/schema\\\/person\\\/372f87bbd3fdd79b8556b84c98d0bc1c\",\"name\":\"REDA\u00c7\u00c3O: UBIRAT\u00c3 ONLINE - F\u00c1BIO AUGUSTO CELESTINO\",\"pronouns\":\"Ele\",\"description\":\"Desde 2003 trabalhando com not\u00edcias.\",\"sameAs\":[\"http:\\\/\\\/ubirataoline.com.br\",\"https:\\\/\\\/www.facebook.com\\\/portalubirataonline\",\"https:\\\/\\\/www.instagram.com\\\/ubirataonline_oficial\",\"https:\\\/\\\/x.com\\\/x.com\\\/ubirataonline\"],\"honorificPrefix\":\"Mr.\",\"honorificSuffix\":\"MD\",\"birthDate\":\"1980-06-16\",\"gender\":\"masculino\",\"award\":[\"V\u00e1rios pr\u00eamios de melhor portal da cidade\"],\"jobTitle\":\"Diretor\",\"url\":\"https:\\\/\\\/ubirataonline.com.br\\\/en\\\/author\\\/ubirataonline\\\/\"},{\"@type\":\"PostalAddress\",\"@id\":\"https:\\\/\\\/ubirataonline.com.br\\\/ruas-de-curitiba-tem-bloqueios-durante-feriado-prolongado-veja-trechos-e-horarios\\\/#local-main-place-address\",\"streetAddress\":\"Rua dos Coqueiros, 104 - Bairro Boa Vista, Rua dos Coqueiros, 104 Bairro Boa Vista\",\"addressLocality\":\"UBIRATA\",\"postalCode\":\"85440-000\",\"addressRegion\":\"PR\",\"addressCountry\":\"BR\"},{\"@type\":\"ImageObject\",\"inLanguage\":\"en-US\",\"@id\":\"https:\\\/\\\/ubirataonline.com.br\\\/ruas-de-curitiba-tem-bloqueios-durante-feriado-prolongado-veja-trechos-e-horarios\\\/#local-main-organization-logo\",\"url\":\"https:\\\/\\\/ubirataonline.com.br\\\/wp-content\\\/uploads\\\/2026\\\/06\\\/logoubirataonline-1.webp\",\"contentUrl\":\"https:\\\/\\\/ubirataonline.com.br\\\/wp-content\\\/uploads\\\/2026\\\/06\\\/logoubirataonline-1.webp\",\"width\":500,\"height\":500,\"caption\":\"Ubirat\u00e3 Online Not\u00edcias\"}]}<\/script>\n<meta name=\"geo.placename\" content=\"UBIRATA\" \/>\n<meta name=\"geo.position\" content=\"-24.5361401;-52.9921776\" \/>\n<meta name=\"geo.region\" content=\"Brazil\" \/>\n<!-- \/ Yoast SEO Premium plugin. -->","yoast_head_json":{"title":"Ruas de Curitiba t\u00eam bloqueios durante feriado prolongado; veja trechos e hor\u00e1rios - Ubirat\u00e3 Online Not\u00edcias - A realidade ao seu alcance!","description":"Setran informa bloqueios em diferentes bairros entre sexta e ter\u00e7a por desfile c\u00edvico, Corrida e prociss\u00e3o; confira ruas e hor\u00e1rios.Diversos eventos","robots":{"index":"index","follow":"follow","max-snippet":"max-snippet:-1","max-image-preview":"max-image-preview:large","max-video-preview":"max-video-preview:-1"},"canonical":"https:\/\/ubirataonline.com.br\/en\/ruas-de-curitiba-tem-bloqueios-durante-feriado-prolongado-veja-trechos-e-horarios\/","og_locale":"en_US","og_type":"article","og_title":"Ruas de Curitiba t\u00eam bloqueios durante feriado prolongado; veja trechos e hor\u00e1rios","og_description":"Setran informa bloqueios em diferentes bairros entre sexta e ter\u00e7a por desfile c\u00edvico, Corrida e prociss\u00e3o; confira ruas e hor\u00e1rios.Diversos eventos","og_url":"https:\/\/ubirataonline.com.br\/en\/ruas-de-curitiba-tem-bloqueios-durante-feriado-prolongado-veja-trechos-e-horarios\/","og_site_name":"Ubirat\u00e3 Online Not\u00edcias - A realidade ao seu alcance!","article_publisher":"https:\/\/www.facebook.com\/portalubirataonline","article_author":"https:\/\/www.facebook.com\/portalubirataonline","article_published_time":"2026-09-04T19:38:21+00:00","og_image":[{"width":1531,"height":418,"url":"https:\/\/ubirataonline.com.br\/wp-content\/uploads\/2026\/05\/logo2026.webp","type":"image\/webp"}],"author":"REDA\u00c7\u00c3O: UBIRAT\u00c3 ONLINE - F\u00c1BIO AUGUSTO CELESTINO","twitter_card":"summary_large_image","twitter_creator":"@x.com\/ubirataonline","twitter_site":"@ubirataonline","twitter_misc":{"Written by":"REDA\u00c7\u00c3O: UBIRAT\u00c3 ONLINE - F\u00c1BIO AUGUSTO CELESTINO","Est. reading time":"5 minutes"},"schema":{"@context":"https:\/\/schema.org","@graph":[{"@type":"NewsArticle","@id":"https:\/\/ubirataonline.com.br\/ruas-de-curitiba-tem-bloqueios-durante-feriado-prolongado-veja-trechos-e-horarios\/#article","isPartOf":{"@id":"https:\/\/ubirataonline.com.br\/ruas-de-curitiba-tem-bloqueios-durante-feriado-prolongado-veja-trechos-e-horarios\/"},"author":{"name":"REDA\u00c7\u00c3O: UBIRAT\u00c3 ONLINE - F\u00c1BIO AUGUSTO CELESTINO","@id":"https:\/\/ubirataonline.com.br\/#\/schema\/person\/372f87bbd3fdd79b8556b84c98d0bc1c"},"headline":"Ruas de Curitiba t\u00eam bloqueios durante feriado prolongado; veja trechos e hor\u00e1rios","datePublished":"2026-09-04T19:38:21+00:00","mainEntityOfPage":{"@id":"https:\/\/ubirataonline.com.br\/ruas-de-curitiba-tem-bloqueios-durante-feriado-prolongado-veja-trechos-e-horarios\/"},"wordCount":1029,"publisher":{"@id":"https:\/\/ubirataonline.com.br\/#organization"},"articleSection":["Paran\u00e1"],"inLanguage":"en-US","copyrightYear":"2026","copyrightHolder":{"@id":"https:\/\/ubirataonline.com.br\/en\/#organization"}},{"@type":"WebPage","@id":"https:\/\/ubirataonline.com.br\/ruas-de-curitiba-tem-bloqueios-durante-feriado-prolongado-veja-trechos-e-horarios\/","url":"https:\/\/ubirataonline.com.br\/ruas-de-curitiba-tem-bloqueios-durante-feriado-prolongado-veja-trechos-e-horarios\/","name":"Ruas de Curitiba t\u00eam bloqueios durante feriado prolongado; veja trechos e hor\u00e1rios - Ubirat\u00e3 Online Not\u00edcias - A realidade ao seu alcance!","isPartOf":{"@id":"https:\/\/ubirataonline.com.br\/#website"},"datePublished":"2026-09-04T19:38:21+00:00","description":"Setran informa bloqueios em diferentes bairros entre sexta e ter\u00e7a por desfile c\u00edvico, Corrida e prociss\u00e3o; confira ruas e hor\u00e1rios.Diversos eventos","breadcrumb":{"@id":"https:\/\/ubirataonline.com.br\/ruas-de-curitiba-tem-bloqueios-durante-feriado-prolongado-veja-trechos-e-horarios\/#breadcrumb"},"inLanguage":"en-US","potentialAction":[{"@type":"ReadAction","target":["https:\/\/ubirataonline.com.br\/ruas-de-curitiba-tem-bloqueios-durante-feriado-prolongado-veja-trechos-e-horarios\/"]}]},{"@type":"BreadcrumbList","@id":"https:\/\/ubirataonline.com.br\/ruas-de-curitiba-tem-bloqueios-durante-feriado-prolongado-veja-trechos-e-horarios\/#breadcrumb","itemListElement":[{"@type":"ListItem","position":1,"name":"In\u00edcio","item":"https:\/\/ubirataonline.com.br\/"},{"@type":"ListItem","position":2,"name":"Ruas de Curitiba t\u00eam bloqueios durante feriado prolongado; veja trechos e hor\u00e1rios"}]},{"@type":"WebSite","@id":"https:\/\/ubirataonline.com.br\/#website","url":"https:\/\/ubirataonline.com.br\/","name":"Ubirat\u00e3 Online Not\u00edcias","description":"Not\u00edcias de Ubirat\u00e3, regi\u00e3o, Brasil e mundo, com informa\u00e7\u00e3o atualizada e compromisso com o leitor.","publisher":{"@id":"https:\/\/ubirataonline.com.br\/#organization"},"alternateName":"Ubirat\u00e3 Online","potentialAction":[{"@type":"SearchAction","target":{"@type":"EntryPoint","urlTemplate":"https:\/\/ubirataonline.com.br\/?s={search_term_string}"},"query-input":{"@type":"PropertyValueSpecification","valueRequired":true,"valueName":"search_term_string"}}],"inLanguage":"en-US"},{"@type":["Organization","Place"],"@id":"https:\/\/ubirataonline.com.br\/#organization","name":"Ubirat\u00e3 Online Not\u00edcias","alternateName":"Ubirat\u00e3 Online","url":"https:\/\/ubirataonline.com.br\/","logo":{"@id":"https:\/\/ubirataonline.com.br\/ruas-de-curitiba-tem-bloqueios-durante-feriado-prolongado-veja-trechos-e-horarios\/#local-main-organization-logo"},"image":{"@id":"https:\/\/ubirataonline.com.br\/ruas-de-curitiba-tem-bloqueios-durante-feriado-prolongado-veja-trechos-e-horarios\/#local-main-organization-logo"},"sameAs":["https:\/\/www.facebook.com\/portalubirataonline","https:\/\/x.com\/ubirataonline","https:\/\/mastodon.social\/@ubirataonline","https:\/\/www.facebook.com\/groups\/311144672285604","https:\/\/www.facebook.com\/UBTAOnline","https:\/\/www.instagram.com\/portalubirataonline\/","https:\/\/twitter.com\/ubirataonline"],"description":"Somos um portal de not\u00edcias independente, criado em 5 de janeiro de 2009, com o objetivo de informar, conectar e valorizar a nossa comunidade de Ubirat\u00e3 e toda aregi\u00e3o. Com conte\u00fado atualizado, confi\u00e1vel e relevante, o Ubirat\u00e3 Online \u00e9 o seu espa\u00e7o para ficar por dentro dos principais acontecimentos locais, regionais, Brasil, Mundo e de interesse geral. Nosso compromisso \u00e9 com a verdade, a transpar\u00eancia e o respeito ao leitor.","legalName":"UBIRATA ONLINE NOT\u00cdCIAS","foundingDate":"2009-01-05","numberOfEmployees":{"@type":"QuantitativeValue","minValue":"1","maxValue":"10"},"publishingPrinciples":"https:\/\/ubirataonline.com.br\/faq\/","address":{"@id":"https:\/\/ubirataonline.com.br\/ruas-de-curitiba-tem-bloqueios-durante-feriado-prolongado-veja-trechos-e-horarios\/#local-main-place-address"},"geo":{"@type":"GeoCoordinates","latitude":"-24.5361401","longitude":"-52.9921776"},"telephone":["+5544998308235"],"contactPoint":{"@type":"ContactPoint","email":"contato@ubirataonline.com.br"},"openingHoursSpecification":{"@type":"OpeningHoursSpecification","dayOfWeek":["Monday","Tuesday","Wednesday","Thursday","Friday","Saturday","Sunday"],"opens":"00:00","closes":"23:59"},"email":"contato@ubirataonline.com.br","vatID":"47.621.418\/0001-80"},{"@type":"Person","@id":"https:\/\/ubirataonline.com.br\/#\/schema\/person\/372f87bbd3fdd79b8556b84c98d0bc1c","name":"REDA\u00c7\u00c3O: UBIRAT\u00c3 ONLINE - F\u00c1BIO AUGUSTO CELESTINO","pronouns":"Ele","description":"Desde 2003 trabalhando com not\u00edcias.","sameAs":["http:\/\/ubirataoline.com.br","https:\/\/www.facebook.com\/portalubirataonline","https:\/\/www.instagram.com\/ubirataonline_oficial","https:\/\/x.com\/x.com\/ubirataonline"],"honorificPrefix":"Mr.","honorificSuffix":"MD","birthDate":"1980-06-16","gender":"masculino","award":["V\u00e1rios pr\u00eamios de melhor portal da cidade"],"jobTitle":"Diretor","url":"https:\/\/ubirataonline.com.br\/en\/author\/ubirataonline\/"},{"@type":"PostalAddress","@id":"https:\/\/ubirataonline.com.br\/ruas-de-curitiba-tem-bloqueios-durante-feriado-prolongado-veja-trechos-e-horarios\/#local-main-place-address","streetAddress":"Rua dos Coqueiros, 104 - Bairro Boa Vista, Rua dos Coqueiros, 104 Bairro Boa Vista","addressLocality":"UBIRATA","postalCode":"85440-000","addressRegion":"PR","addressCountry":"BR"},{"@type":"ImageObject","inLanguage":"en-US","@id":"https:\/\/ubirataonline.com.br\/ruas-de-curitiba-tem-bloqueios-durante-feriado-prolongado-veja-trechos-e-horarios\/#local-main-organization-logo","url":"https:\/\/ubirataonline.com.br\/wp-content\/uploads\/2026\/06\/logoubirataonline-1.webp","contentUrl":"https:\/\/ubirataonline.com.br\/wp-content\/uploads\/2026\/06\/logoubirataonline-1.webp","width":500,"height":500,"caption":"Ubirat\u00e3 Online Not\u00edcias"}]},"geo.placename":"UBIRATA","geo.position":{"lat":"-24.5361401","long":"-52.9921776"},"geo.region":"Brazil"},"_links":{"self":[{"href":"https:\/\/ubirataonline.com.br\/en\/wp-json\/wp\/v2\/posts\/170742","targetHints":{"allow":["GET"]}}],"collection":[{"href":"https:\/\/ubirataonline.com.br\/en\/wp-json\/wp\/v2\/posts"}],"about":[{"href":"https:\/\/ubirataonline.com.br\/en\/wp-json\/wp\/v2\/types\/post"}],"author":[{"embeddable":true,"href":"https:\/\/ubirataonline.com.br\/en\/wp-json\/wp\/v2\/users\/1"}],"replies":[{"embeddable":true,"href":"https:\/\/ubirataonline.com.br\/en\/wp-json\/wp\/v2\/comments?post=170742"}],"version-history":[{"count":0,"href":"https:\/\/ubirataonline.com.br\/en\/wp-json\/wp\/v2\/posts\/170742\/revisions"}],"wp:attachment":[{"href":"https:\/\/ubirataonline.com.br\/en\/wp-json\/wp\/v2\/media?parent=170742"}],"wp:term":[{"taxonomy":"category","embeddable":true,"href":"https:\/\/ubirataonline.com.br\/en\/wp-json\/wp\/v2\/categories?post=170742"},{"taxonomy":"post_tag","embeddable":true,"href":"https:\/\/ubirataonline.com.br\/en\/wp-json\/wp\/v2\/tags?post=170742"}],"curies":[{"name":"wp","href":"https:\/\/api.w.org\/{rel}","templated":true}]}}