{"id":170764,"date":"2026-09-04T17:03:42","date_gmt":"2026-09-04T20:03:42","guid":{"rendered":"https:\/\/ubirataonline.com.br\/candidatos-ao-governo-do-parana-cumprem-agendas-com-caminhadas-gravacoes-e-reunioes\/"},"modified":"2026-09-04T17:03:42","modified_gmt":"2026-09-04T20:03:42","slug":"candidatos-ao-governo-do-parana-cumprem-agendas-com-caminhadas-gravacoes-e-reunioes","status":"publish","type":"post","link":"https:\/\/ubirataonline.com.br\/en\/candidatos-ao-governo-do-parana-cumprem-agendas-com-caminhadas-gravacoes-e-reunioes\/","title":{"rendered":"Candidatos ao governo do Paran\u00e1 cumprem agendas com caminhadas, grava\u00e7\u00f5es e reuni\u00f5es"},"content":{"rendered":"<h2>No dia 4 de setembro de 2026, candidatos cumpriram agendas com caminhadas, grava\u00e7\u00f5es e encontros em v\u00e1rias regi\u00f5es do estado, segundo o G1<\/h2>\n<p>Os candidatos ao governo do Paran\u00e1 realizaram, nesta sexta-feira (4), atividades de campanha espalhadas pelo estado, incluindo entrevistas, grava\u00e7\u00f5es, reuni\u00f5es com representantes de setores, caminhadas e participa\u00e7\u00e3o em eventos, segundo o G1.<\/p>\n<p>As agendas combinaram compromissos no interior e na capital, com iniciativas distintas por Candidatos ao longo do dia e eventos previstos tamb\u00e9m \u00e0 noite.<\/p>\n<h3>Principais agendas dos candidatos<\/h3>\n<ul>\n<li><strong>Requi\u00e3o Filho (PDT):<\/strong> cumpriu agenda no Sudoeste do Paran\u00e1 com entrevistas, reuni\u00e3o na Cooperativa Unicafes, grava\u00e7\u00f5es de campanha e encontros regionais; \u00e0 noite participa do lan\u00e7amento de candidatura.<\/li>\n<li><strong>Sandro Alex (PSD):<\/strong> gravou material do programa eleitoral em Ponta Grossa, teve encontro reservado com pastores em Curitiba e, \u00e0 noite, participa do lan\u00e7amento da candidatura em Maring\u00e1 e da abertura da ExpoAstorga.<\/li>\n<li><strong>S\u00e9rgio Moro (PL):<\/strong> come\u00e7ou o dia em Maring\u00e1 com entrevista \u00e0 Jovem Pan e encontro na Associa\u00e7\u00e3o dos Munic\u00edpios do Setentri\u00e3o Paranaense (Amusep), onde recebeu uma carta de reivindica\u00e7\u00f5es dos prefeitos; depois fez caminhadas em Pai\u00e7andu, Sarandi, Marialva e Mandaguari; \u00e0 noite participa de encontro com engenheiros agr\u00f4nomos em Maring\u00e1.<\/li>\n<li><strong>Adriano Funileiro (PCO):<\/strong> visitou alunos do Instituto Federal do Paran\u00e1 (IFPR) e da Universidade Estadual do Paran\u00e1 (Unespar), ambas em Paranava\u00ed.<\/li>\n<li><strong>Alexandre Salom\u00e3o (Mobiliza):<\/strong> fez campanha em Curitiba, participou de reuni\u00f5es com apoiadores, produziu e gravou v\u00eddeos; \u00e0 noite participa de uma live com candidatos.<\/li>\n<li><strong>Luiz Fran\u00e7a (Miss\u00e3o):<\/strong> esteve em Francisco Beltr\u00e3o, no Sudoeste, para participar da entrega da Carta do Sudoeste pela Associa\u00e7\u00e3o dos Munic\u00edpios do Sudoeste do Paran\u00e1 (AMSOP).<\/li>\n<li><strong>Samuel Mattos (PSTU):<\/strong> n\u00e3o teve compromisso p\u00fablico de campanha informado.<\/li>\n<li><strong>Thayn\u00e1 Miessa (UP):<\/strong> fez campanha na Rua XV de Novembro.<\/li>\n<\/ul>\n<h3>Contexto eleitoral<\/h3>\n<p>Segundo o G1, a campanha eleitoral de 2026 iniciou no domingo (16) em todo o pa\u00eds, data a partir da qual os candidatos est\u00e3o autorizados a pedir votos, realizar com\u00edcios, caminhadas, debates e divulgar propostas em r\u00e1dio, TV e internet, conforme as regras da Justi\u00e7a Eleitoral.<\/p>\n<p>O primeiro turno das elei\u00e7\u00f5es de 2026 est\u00e1 marcado para 4 de outubro; o segundo turno, se necess\u00e1rio, est\u00e1 marcado para 25 de outubro.<\/p>","protected":false},"excerpt":{"rendered":"<p>No dia 4 de setembro de 2026, candidatos cumpriram agendas com caminhadas, grava\u00e7\u00f5es e encontros em v\u00e1rias regi\u00f5es do estado, segundo o G1 Os candidatos ao governo do Paran\u00e1 realizaram, nesta sexta-feira (4), atividades de campanha espalhadas pelo estado, incluindo entrevistas, grava\u00e7\u00f5es, reuni\u00f5es com representantes de setores, caminhadas e participa\u00e7\u00e3o em eventos, segundo o G1. [&hellip;]<\/p>\n","protected":false},"author":1,"featured_media":170765,"comment_status":"","ping_status":"","sticky":false,"template":"","format":"standard","meta":{"googlesitekit_rrm_CAow2JLhCw:productID":"","_gspb_post_css":"","maa_idioma":"","maa_pais":"","footnotes":""},"categories":[43088],"tags":[],"class_list":["post-170764","post","type-post","status-publish","format-standard","has-post-thumbnail","hentry","category-parana"],"blocksy_meta":[],"yoast_head":"<!-- This site is optimized with the Yoast SEO Premium plugin v27.6 (Yoast SEO v27.6) - https:\/\/yoast.com\/product\/yoast-seo-premium-wordpress\/ -->\n<title>Candidatos ao governo do Paran\u00e1 cumprem agendas com caminhadas, grava\u00e7\u00f5es e reuni\u00f5es - Ubirat\u00e3 Online Not\u00edcias - A realidade ao seu alcance!<\/title>\n<meta name=\"description\" content=\"No dia 4 de setembro de 2026, candidatos cumpriram agendas com caminhadas, grava\u00e7\u00f5es e encontros em v\u00e1rias regi\u00f5es do estado, segundo o G1Os candidatos ao\" \/>\n<meta name=\"robots\" content=\"index, follow, max-snippet:-1, max-image-preview:large, max-video-preview:-1\" \/>\n<link rel=\"canonical\" href=\"https:\/\/ubirataonline.com.br\/en\/candidatos-ao-governo-do-parana-cumprem-agendas-com-caminhadas-gravacoes-e-reunioes\/\" \/>\n<meta property=\"og:locale\" content=\"en_US\" \/>\n<meta property=\"og:type\" content=\"article\" \/>\n<meta property=\"og:title\" content=\"Candidatos ao governo do Paran\u00e1 cumprem agendas com caminhadas, grava\u00e7\u00f5es e reuni\u00f5es\" \/>\n<meta property=\"og:description\" content=\"No dia 4 de setembro de 2026, candidatos cumpriram agendas com caminhadas, grava\u00e7\u00f5es e encontros em v\u00e1rias regi\u00f5es do estado, segundo o G1Os candidatos ao\" \/>\n<meta property=\"og:url\" content=\"https:\/\/ubirataonline.com.br\/en\/candidatos-ao-governo-do-parana-cumprem-agendas-com-caminhadas-gravacoes-e-reunioes\/\" \/>\n<meta property=\"og:site_name\" content=\"Ubirat\u00e3 Online Not\u00edcias - A realidade ao seu alcance!\" \/>\n<meta property=\"article:publisher\" content=\"https:\/\/www.facebook.com\/portalubirataonline\" \/>\n<meta property=\"article:author\" content=\"https:\/\/www.facebook.com\/portalubirataonline\" \/>\n<meta property=\"article:published_time\" content=\"2026-09-04T20:03:42+00:00\" \/>\n<meta property=\"og:image\" content=\"https:\/\/ubirataonline.com.br\/wp-content\/uploads\/2026\/05\/logo2026.webp\" \/>\n\t<meta property=\"og:image:width\" content=\"1531\" \/>\n\t<meta property=\"og:image:height\" content=\"418\" \/>\n\t<meta property=\"og:image:type\" content=\"image\/webp\" \/>\n<meta name=\"author\" content=\"REDA\u00c7\u00c3O: UBIRAT\u00c3 ONLINE - F\u00c1BIO AUGUSTO CELESTINO\" \/>\n<meta name=\"twitter:card\" content=\"summary_large_image\" \/>\n<meta name=\"twitter:creator\" content=\"@x.com\/ubirataonline\" \/>\n<meta name=\"twitter:site\" content=\"@ubirataonline\" \/>\n<meta name=\"twitter:label1\" content=\"Written by\" \/>\n\t<meta name=\"twitter:data1\" content=\"REDA\u00c7\u00c3O: UBIRAT\u00c3 ONLINE - F\u00c1BIO AUGUSTO CELESTINO\" \/>\n\t<meta name=\"twitter:label2\" content=\"Est. reading time\" \/>\n\t<meta name=\"twitter:data2\" content=\"2 minutes\" \/>\n<script type=\"application\/ld+json\" class=\"yoast-schema-graph\">{\"@context\":\"https:\\\/\\\/schema.org\",\"@graph\":[{\"@type\":\"NewsArticle\",\"@id\":\"https:\\\/\\\/ubirataonline.com.br\\\/candidatos-ao-governo-do-parana-cumprem-agendas-com-caminhadas-gravacoes-e-reunioes\\\/#article\",\"isPartOf\":{\"@id\":\"https:\\\/\\\/ubirataonline.com.br\\\/candidatos-ao-governo-do-parana-cumprem-agendas-com-caminhadas-gravacoes-e-reunioes\\\/\"},\"author\":{\"name\":\"REDA\u00c7\u00c3O: UBIRAT\u00c3 ONLINE - F\u00c1BIO AUGUSTO CELESTINO\",\"@id\":\"https:\\\/\\\/ubirataonline.com.br\\\/#\\\/schema\\\/person\\\/372f87bbd3fdd79b8556b84c98d0bc1c\"},\"headline\":\"Candidatos ao governo do Paran\u00e1 cumprem agendas com caminhadas, grava\u00e7\u00f5es e reuni\u00f5es\",\"datePublished\":\"2026-09-04T20:03:42+00:00\",\"mainEntityOfPage\":{\"@id\":\"https:\\\/\\\/ubirataonline.com.br\\\/candidatos-ao-governo-do-parana-cumprem-agendas-com-caminhadas-gravacoes-e-reunioes\\\/\"},\"wordCount\":394,\"publisher\":{\"@id\":\"https:\\\/\\\/ubirataonline.com.br\\\/#organization\"},\"image\":{\"@id\":\"https:\\\/\\\/ubirataonline.com.br\\\/candidatos-ao-governo-do-parana-cumprem-agendas-com-caminhadas-gravacoes-e-reunioes\\\/#primaryimage\"},\"thumbnailUrl\":\"https:\\\/\\\/ubirataonline.com.br\\\/wp-content\\\/uploads\\\/2026\\\/09\\\/maaimg-post-170764-20260904-200358.webp\",\"articleSection\":[\"Paran\u00e1\"],\"inLanguage\":\"en-US\",\"copyrightYear\":\"2026\",\"copyrightHolder\":{\"@id\":\"https:\\\/\\\/ubirataonline.com.br\\\/en\\\/#organization\"}},{\"@type\":\"WebPage\",\"@id\":\"https:\\\/\\\/ubirataonline.com.br\\\/candidatos-ao-governo-do-parana-cumprem-agendas-com-caminhadas-gravacoes-e-reunioes\\\/\",\"url\":\"https:\\\/\\\/ubirataonline.com.br\\\/candidatos-ao-governo-do-parana-cumprem-agendas-com-caminhadas-gravacoes-e-reunioes\\\/\",\"name\":\"Candidatos ao governo do Paran\u00e1 cumprem agendas com caminhadas, grava\u00e7\u00f5es e reuni\u00f5es - Ubirat\u00e3 Online Not\u00edcias - A realidade ao seu alcance!\",\"isPartOf\":{\"@id\":\"https:\\\/\\\/ubirataonline.com.br\\\/#website\"},\"primaryImageOfPage\":{\"@id\":\"https:\\\/\\\/ubirataonline.com.br\\\/candidatos-ao-governo-do-parana-cumprem-agendas-com-caminhadas-gravacoes-e-reunioes\\\/#primaryimage\"},\"image\":{\"@id\":\"https:\\\/\\\/ubirataonline.com.br\\\/candidatos-ao-governo-do-parana-cumprem-agendas-com-caminhadas-gravacoes-e-reunioes\\\/#primaryimage\"},\"thumbnailUrl\":\"https:\\\/\\\/ubirataonline.com.br\\\/wp-content\\\/uploads\\\/2026\\\/09\\\/maaimg-post-170764-20260904-200358.webp\",\"datePublished\":\"2026-09-04T20:03:42+00:00\",\"description\":\"No dia 4 de setembro de 2026, candidatos cumpriram agendas com caminhadas, grava\u00e7\u00f5es e encontros em v\u00e1rias regi\u00f5es do estado, segundo o G1Os candidatos ao\",\"breadcrumb\":{\"@id\":\"https:\\\/\\\/ubirataonline.com.br\\\/candidatos-ao-governo-do-parana-cumprem-agendas-com-caminhadas-gravacoes-e-reunioes\\\/#breadcrumb\"},\"inLanguage\":\"en-US\",\"potentialAction\":[{\"@type\":\"ReadAction\",\"target\":[\"https:\\\/\\\/ubirataonline.com.br\\\/candidatos-ao-governo-do-parana-cumprem-agendas-com-caminhadas-gravacoes-e-reunioes\\\/\"]}]},{\"@type\":\"ImageObject\",\"inLanguage\":\"en-US\",\"@id\":\"https:\\\/\\\/ubirataonline.com.br\\\/candidatos-ao-governo-do-parana-cumprem-agendas-com-caminhadas-gravacoes-e-reunioes\\\/#primaryimage\",\"url\":\"https:\\\/\\\/ubirataonline.com.br\\\/wp-content\\\/uploads\\\/2026\\\/09\\\/maaimg-post-170764-20260904-200358.webp\",\"contentUrl\":\"https:\\\/\\\/ubirataonline.com.br\\\/wp-content\\\/uploads\\\/2026\\\/09\\\/maaimg-post-170764-20260904-200358.webp\",\"width\":1536,\"height\":1024,\"caption\":\"Imagem ilustrativa Gerada por IA\"},{\"@type\":\"BreadcrumbList\",\"@id\":\"https:\\\/\\\/ubirataonline.com.br\\\/candidatos-ao-governo-do-parana-cumprem-agendas-com-caminhadas-gravacoes-e-reunioes\\\/#breadcrumb\",\"itemListElement\":[{\"@type\":\"ListItem\",\"position\":1,\"name\":\"In\u00edcio\",\"item\":\"https:\\\/\\\/ubirataonline.com.br\\\/\"},{\"@type\":\"ListItem\",\"position\":2,\"name\":\"Candidatos ao governo do Paran\u00e1 cumprem agendas com caminhadas, grava\u00e7\u00f5es e reuni\u00f5es\"}]},{\"@type\":\"WebSite\",\"@id\":\"https:\\\/\\\/ubirataonline.com.br\\\/#website\",\"url\":\"https:\\\/\\\/ubirataonline.com.br\\\/\",\"name\":\"Ubirat\u00e3 Online Not\u00edcias\",\"description\":\"Not\u00edcias de Ubirat\u00e3, regi\u00e3o, Brasil e mundo, com informa\u00e7\u00e3o atualizada e compromisso com o leitor.\",\"publisher\":{\"@id\":\"https:\\\/\\\/ubirataonline.com.br\\\/#organization\"},\"alternateName\":\"Ubirat\u00e3 Online\",\"potentialAction\":[{\"@type\":\"SearchAction\",\"target\":{\"@type\":\"EntryPoint\",\"urlTemplate\":\"https:\\\/\\\/ubirataonline.com.br\\\/?s={search_term_string}\"},\"query-input\":{\"@type\":\"PropertyValueSpecification\",\"valueRequired\":true,\"valueName\":\"search_term_string\"}}],\"inLanguage\":\"en-US\"},{\"@type\":[\"Organization\",\"Place\"],\"@id\":\"https:\\\/\\\/ubirataonline.com.br\\\/#organization\",\"name\":\"Ubirat\u00e3 Online Not\u00edcias\",\"alternateName\":\"Ubirat\u00e3 Online\",\"url\":\"https:\\\/\\\/ubirataonline.com.br\\\/\",\"logo\":{\"@id\":\"https:\\\/\\\/ubirataonline.com.br\\\/candidatos-ao-governo-do-parana-cumprem-agendas-com-caminhadas-gravacoes-e-reunioes\\\/#local-main-organization-logo\"},\"image\":{\"@id\":\"https:\\\/\\\/ubirataonline.com.br\\\/candidatos-ao-governo-do-parana-cumprem-agendas-com-caminhadas-gravacoes-e-reunioes\\\/#local-main-organization-logo\"},\"sameAs\":[\"https:\\\/\\\/www.facebook.com\\\/portalubirataonline\",\"https:\\\/\\\/x.com\\\/ubirataonline\",\"https:\\\/\\\/mastodon.social\\\/@ubirataonline\",\"https:\\\/\\\/www.facebook.com\\\/groups\\\/311144672285604\",\"https:\\\/\\\/www.facebook.com\\\/UBTAOnline\",\"https:\\\/\\\/www.instagram.com\\\/portalubirataonline\\\/\",\"https:\\\/\\\/twitter.com\\\/ubirataonline\"],\"description\":\"Somos um portal de not\u00edcias independente, criado em 5 de janeiro de 2009, com o objetivo de informar, conectar e valorizar a nossa comunidade de Ubirat\u00e3 e toda aregi\u00e3o. Com conte\u00fado atualizado, confi\u00e1vel e relevante, o Ubirat\u00e3 Online \u00e9 o seu espa\u00e7o para ficar por dentro dos principais acontecimentos locais, regionais, Brasil, Mundo e de interesse geral. Nosso compromisso \u00e9 com a verdade, a transpar\u00eancia e o respeito ao leitor.\",\"legalName\":\"UBIRATA ONLINE NOT\u00cdCIAS\",\"foundingDate\":\"2009-01-05\",\"numberOfEmployees\":{\"@type\":\"QuantitativeValue\",\"minValue\":\"1\",\"maxValue\":\"10\"},\"publishingPrinciples\":\"https:\\\/\\\/ubirataonline.com.br\\\/faq\\\/\",\"address\":{\"@id\":\"https:\\\/\\\/ubirataonline.com.br\\\/candidatos-ao-governo-do-parana-cumprem-agendas-com-caminhadas-gravacoes-e-reunioes\\\/#local-main-place-address\"},\"geo\":{\"@type\":\"GeoCoordinates\",\"latitude\":\"-24.5361401\",\"longitude\":\"-52.9921776\"},\"telephone\":[\"+5544998308235\"],\"contactPoint\":{\"@type\":\"ContactPoint\",\"email\":\"contato@ubirataonline.com.br\"},\"openingHoursSpecification\":{\"@type\":\"OpeningHoursSpecification\",\"dayOfWeek\":[\"Monday\",\"Tuesday\",\"Wednesday\",\"Thursday\",\"Friday\",\"Saturday\",\"Sunday\"],\"opens\":\"00:00\",\"closes\":\"23:59\"},\"email\":\"contato@ubirataonline.com.br\",\"vatID\":\"47.621.418\\\/0001-80\"},{\"@type\":\"Person\",\"@id\":\"https:\\\/\\\/ubirataonline.com.br\\\/#\\\/schema\\\/person\\\/372f87bbd3fdd79b8556b84c98d0bc1c\",\"name\":\"REDA\u00c7\u00c3O: UBIRAT\u00c3 ONLINE - F\u00c1BIO AUGUSTO CELESTINO\",\"pronouns\":\"Ele\",\"description\":\"Desde 2003 trabalhando com not\u00edcias.\",\"sameAs\":[\"http:\\\/\\\/ubirataoline.com.br\",\"https:\\\/\\\/www.facebook.com\\\/portalubirataonline\",\"https:\\\/\\\/www.instagram.com\\\/ubirataonline_oficial\",\"https:\\\/\\\/x.com\\\/x.com\\\/ubirataonline\"],\"honorificPrefix\":\"Mr.\",\"honorificSuffix\":\"MD\",\"birthDate\":\"1980-06-16\",\"gender\":\"masculino\",\"award\":[\"V\u00e1rios pr\u00eamios de melhor portal da cidade\"],\"jobTitle\":\"Diretor\",\"url\":\"https:\\\/\\\/ubirataonline.com.br\\\/en\\\/author\\\/ubirataonline\\\/\"},{\"@type\":\"PostalAddress\",\"@id\":\"https:\\\/\\\/ubirataonline.com.br\\\/candidatos-ao-governo-do-parana-cumprem-agendas-com-caminhadas-gravacoes-e-reunioes\\\/#local-main-place-address\",\"streetAddress\":\"Rua dos Coqueiros, 104 - Bairro Boa Vista, Rua dos Coqueiros, 104 Bairro Boa Vista\",\"addressLocality\":\"UBIRATA\",\"postalCode\":\"85440-000\",\"addressRegion\":\"PR\",\"addressCountry\":\"BR\"},{\"@type\":\"ImageObject\",\"inLanguage\":\"en-US\",\"@id\":\"https:\\\/\\\/ubirataonline.com.br\\\/candidatos-ao-governo-do-parana-cumprem-agendas-com-caminhadas-gravacoes-e-reunioes\\\/#local-main-organization-logo\",\"url\":\"https:\\\/\\\/ubirataonline.com.br\\\/wp-content\\\/uploads\\\/2026\\\/06\\\/logoubirataonline-1.webp\",\"contentUrl\":\"https:\\\/\\\/ubirataonline.com.br\\\/wp-content\\\/uploads\\\/2026\\\/06\\\/logoubirataonline-1.webp\",\"width\":500,\"height\":500,\"caption\":\"Ubirat\u00e3 Online Not\u00edcias\"}]}<\/script>\n<meta name=\"geo.placename\" content=\"UBIRATA\" \/>\n<meta name=\"geo.position\" content=\"-24.5361401;-52.9921776\" \/>\n<meta name=\"geo.region\" content=\"Brazil\" \/>\n<!-- \/ Yoast SEO Premium plugin. -->","yoast_head_json":{"title":"Candidatos ao governo do Paran\u00e1 cumprem agendas com caminhadas, grava\u00e7\u00f5es e reuni\u00f5es - Ubirat\u00e3 Online Not\u00edcias - A realidade ao seu alcance!","description":"No dia 4 de setembro de 2026, candidatos cumpriram agendas com caminhadas, grava\u00e7\u00f5es e encontros em v\u00e1rias regi\u00f5es do estado, segundo o G1Os candidatos ao","robots":{"index":"index","follow":"follow","max-snippet":"max-snippet:-1","max-image-preview":"max-image-preview:large","max-video-preview":"max-video-preview:-1"},"canonical":"https:\/\/ubirataonline.com.br\/en\/candidatos-ao-governo-do-parana-cumprem-agendas-com-caminhadas-gravacoes-e-reunioes\/","og_locale":"en_US","og_type":"article","og_title":"Candidatos ao governo do Paran\u00e1 cumprem agendas com caminhadas, grava\u00e7\u00f5es e reuni\u00f5es","og_description":"No dia 4 de setembro de 2026, candidatos cumpriram agendas com caminhadas, grava\u00e7\u00f5es e encontros em v\u00e1rias regi\u00f5es do estado, segundo o G1Os candidatos ao","og_url":"https:\/\/ubirataonline.com.br\/en\/candidatos-ao-governo-do-parana-cumprem-agendas-com-caminhadas-gravacoes-e-reunioes\/","og_site_name":"Ubirat\u00e3 Online Not\u00edcias - A realidade ao seu alcance!","article_publisher":"https:\/\/www.facebook.com\/portalubirataonline","article_author":"https:\/\/www.facebook.com\/portalubirataonline","article_published_time":"2026-09-04T20:03:42+00:00","og_image":[{"width":1531,"height":418,"url":"https:\/\/ubirataonline.com.br\/wp-content\/uploads\/2026\/05\/logo2026.webp","type":"image\/webp"}],"author":"REDA\u00c7\u00c3O: UBIRAT\u00c3 ONLINE - F\u00c1BIO AUGUSTO CELESTINO","twitter_card":"summary_large_image","twitter_creator":"@x.com\/ubirataonline","twitter_site":"@ubirataonline","twitter_misc":{"Written by":"REDA\u00c7\u00c3O: UBIRAT\u00c3 ONLINE - F\u00c1BIO AUGUSTO CELESTINO","Est. reading time":"2 minutes"},"schema":{"@context":"https:\/\/schema.org","@graph":[{"@type":"NewsArticle","@id":"https:\/\/ubirataonline.com.br\/candidatos-ao-governo-do-parana-cumprem-agendas-com-caminhadas-gravacoes-e-reunioes\/#article","isPartOf":{"@id":"https:\/\/ubirataonline.com.br\/candidatos-ao-governo-do-parana-cumprem-agendas-com-caminhadas-gravacoes-e-reunioes\/"},"author":{"name":"REDA\u00c7\u00c3O: UBIRAT\u00c3 ONLINE - F\u00c1BIO AUGUSTO CELESTINO","@id":"https:\/\/ubirataonline.com.br\/#\/schema\/person\/372f87bbd3fdd79b8556b84c98d0bc1c"},"headline":"Candidatos ao governo do Paran\u00e1 cumprem agendas com caminhadas, grava\u00e7\u00f5es e reuni\u00f5es","datePublished":"2026-09-04T20:03:42+00:00","mainEntityOfPage":{"@id":"https:\/\/ubirataonline.com.br\/candidatos-ao-governo-do-parana-cumprem-agendas-com-caminhadas-gravacoes-e-reunioes\/"},"wordCount":394,"publisher":{"@id":"https:\/\/ubirataonline.com.br\/#organization"},"image":{"@id":"https:\/\/ubirataonline.com.br\/candidatos-ao-governo-do-parana-cumprem-agendas-com-caminhadas-gravacoes-e-reunioes\/#primaryimage"},"thumbnailUrl":"https:\/\/ubirataonline.com.br\/wp-content\/uploads\/2026\/09\/maaimg-post-170764-20260904-200358.webp","articleSection":["Paran\u00e1"],"inLanguage":"en-US","copyrightYear":"2026","copyrightHolder":{"@id":"https:\/\/ubirataonline.com.br\/en\/#organization"}},{"@type":"WebPage","@id":"https:\/\/ubirataonline.com.br\/candidatos-ao-governo-do-parana-cumprem-agendas-com-caminhadas-gravacoes-e-reunioes\/","url":"https:\/\/ubirataonline.com.br\/candidatos-ao-governo-do-parana-cumprem-agendas-com-caminhadas-gravacoes-e-reunioes\/","name":"Candidatos ao governo do Paran\u00e1 cumprem agendas com caminhadas, grava\u00e7\u00f5es e reuni\u00f5es - Ubirat\u00e3 Online Not\u00edcias - A realidade ao seu alcance!","isPartOf":{"@id":"https:\/\/ubirataonline.com.br\/#website"},"primaryImageOfPage":{"@id":"https:\/\/ubirataonline.com.br\/candidatos-ao-governo-do-parana-cumprem-agendas-com-caminhadas-gravacoes-e-reunioes\/#primaryimage"},"image":{"@id":"https:\/\/ubirataonline.com.br\/candidatos-ao-governo-do-parana-cumprem-agendas-com-caminhadas-gravacoes-e-reunioes\/#primaryimage"},"thumbnailUrl":"https:\/\/ubirataonline.com.br\/wp-content\/uploads\/2026\/09\/maaimg-post-170764-20260904-200358.webp","datePublished":"2026-09-04T20:03:42+00:00","description":"No dia 4 de setembro de 2026, candidatos cumpriram agendas com caminhadas, grava\u00e7\u00f5es e encontros em v\u00e1rias regi\u00f5es do estado, segundo o G1Os candidatos ao","breadcrumb":{"@id":"https:\/\/ubirataonline.com.br\/candidatos-ao-governo-do-parana-cumprem-agendas-com-caminhadas-gravacoes-e-reunioes\/#breadcrumb"},"inLanguage":"en-US","potentialAction":[{"@type":"ReadAction","target":["https:\/\/ubirataonline.com.br\/candidatos-ao-governo-do-parana-cumprem-agendas-com-caminhadas-gravacoes-e-reunioes\/"]}]},{"@type":"ImageObject","inLanguage":"en-US","@id":"https:\/\/ubirataonline.com.br\/candidatos-ao-governo-do-parana-cumprem-agendas-com-caminhadas-gravacoes-e-reunioes\/#primaryimage","url":"https:\/\/ubirataonline.com.br\/wp-content\/uploads\/2026\/09\/maaimg-post-170764-20260904-200358.webp","contentUrl":"https:\/\/ubirataonline.com.br\/wp-content\/uploads\/2026\/09\/maaimg-post-170764-20260904-200358.webp","width":1536,"height":1024,"caption":"Imagem ilustrativa Gerada por IA"},{"@type":"BreadcrumbList","@id":"https:\/\/ubirataonline.com.br\/candidatos-ao-governo-do-parana-cumprem-agendas-com-caminhadas-gravacoes-e-reunioes\/#breadcrumb","itemListElement":[{"@type":"ListItem","position":1,"name":"In\u00edcio","item":"https:\/\/ubirataonline.com.br\/"},{"@type":"ListItem","position":2,"name":"Candidatos ao governo do Paran\u00e1 cumprem agendas com caminhadas, grava\u00e7\u00f5es e reuni\u00f5es"}]},{"@type":"WebSite","@id":"https:\/\/ubirataonline.com.br\/#website","url":"https:\/\/ubirataonline.com.br\/","name":"Ubirat\u00e3 Online Not\u00edcias","description":"Not\u00edcias de Ubirat\u00e3, regi\u00e3o, Brasil e mundo, com informa\u00e7\u00e3o atualizada e compromisso com o leitor.","publisher":{"@id":"https:\/\/ubirataonline.com.br\/#organization"},"alternateName":"Ubirat\u00e3 Online","potentialAction":[{"@type":"SearchAction","target":{"@type":"EntryPoint","urlTemplate":"https:\/\/ubirataonline.com.br\/?s={search_term_string}"},"query-input":{"@type":"PropertyValueSpecification","valueRequired":true,"valueName":"search_term_string"}}],"inLanguage":"en-US"},{"@type":["Organization","Place"],"@id":"https:\/\/ubirataonline.com.br\/#organization","name":"Ubirat\u00e3 Online Not\u00edcias","alternateName":"Ubirat\u00e3 Online","url":"https:\/\/ubirataonline.com.br\/","logo":{"@id":"https:\/\/ubirataonline.com.br\/candidatos-ao-governo-do-parana-cumprem-agendas-com-caminhadas-gravacoes-e-reunioes\/#local-main-organization-logo"},"image":{"@id":"https:\/\/ubirataonline.com.br\/candidatos-ao-governo-do-parana-cumprem-agendas-com-caminhadas-gravacoes-e-reunioes\/#local-main-organization-logo"},"sameAs":["https:\/\/www.facebook.com\/portalubirataonline","https:\/\/x.com\/ubirataonline","https:\/\/mastodon.social\/@ubirataonline","https:\/\/www.facebook.com\/groups\/311144672285604","https:\/\/www.facebook.com\/UBTAOnline","https:\/\/www.instagram.com\/portalubirataonline\/","https:\/\/twitter.com\/ubirataonline"],"description":"Somos um portal de not\u00edcias independente, criado em 5 de janeiro de 2009, com o objetivo de informar, conectar e valorizar a nossa comunidade de Ubirat\u00e3 e toda aregi\u00e3o. Com conte\u00fado atualizado, confi\u00e1vel e relevante, o Ubirat\u00e3 Online \u00e9 o seu espa\u00e7o para ficar por dentro dos principais acontecimentos locais, regionais, Brasil, Mundo e de interesse geral. Nosso compromisso \u00e9 com a verdade, a transpar\u00eancia e o respeito ao leitor.","legalName":"UBIRATA ONLINE NOT\u00cdCIAS","foundingDate":"2009-01-05","numberOfEmployees":{"@type":"QuantitativeValue","minValue":"1","maxValue":"10"},"publishingPrinciples":"https:\/\/ubirataonline.com.br\/faq\/","address":{"@id":"https:\/\/ubirataonline.com.br\/candidatos-ao-governo-do-parana-cumprem-agendas-com-caminhadas-gravacoes-e-reunioes\/#local-main-place-address"},"geo":{"@type":"GeoCoordinates","latitude":"-24.5361401","longitude":"-52.9921776"},"telephone":["+5544998308235"],"contactPoint":{"@type":"ContactPoint","email":"contato@ubirataonline.com.br"},"openingHoursSpecification":{"@type":"OpeningHoursSpecification","dayOfWeek":["Monday","Tuesday","Wednesday","Thursday","Friday","Saturday","Sunday"],"opens":"00:00","closes":"23:59"},"email":"contato@ubirataonline.com.br","vatID":"47.621.418\/0001-80"},{"@type":"Person","@id":"https:\/\/ubirataonline.com.br\/#\/schema\/person\/372f87bbd3fdd79b8556b84c98d0bc1c","name":"REDA\u00c7\u00c3O: UBIRAT\u00c3 ONLINE - F\u00c1BIO AUGUSTO CELESTINO","pronouns":"Ele","description":"Desde 2003 trabalhando com not\u00edcias.","sameAs":["http:\/\/ubirataoline.com.br","https:\/\/www.facebook.com\/portalubirataonline","https:\/\/www.instagram.com\/ubirataonline_oficial","https:\/\/x.com\/x.com\/ubirataonline"],"honorificPrefix":"Mr.","honorificSuffix":"MD","birthDate":"1980-06-16","gender":"masculino","award":["V\u00e1rios pr\u00eamios de melhor portal da cidade"],"jobTitle":"Diretor","url":"https:\/\/ubirataonline.com.br\/en\/author\/ubirataonline\/"},{"@type":"PostalAddress","@id":"https:\/\/ubirataonline.com.br\/candidatos-ao-governo-do-parana-cumprem-agendas-com-caminhadas-gravacoes-e-reunioes\/#local-main-place-address","streetAddress":"Rua dos Coqueiros, 104 - Bairro Boa Vista, Rua dos Coqueiros, 104 Bairro Boa Vista","addressLocality":"UBIRATA","postalCode":"85440-000","addressRegion":"PR","addressCountry":"BR"},{"@type":"ImageObject","inLanguage":"en-US","@id":"https:\/\/ubirataonline.com.br\/candidatos-ao-governo-do-parana-cumprem-agendas-com-caminhadas-gravacoes-e-reunioes\/#local-main-organization-logo","url":"https:\/\/ubirataonline.com.br\/wp-content\/uploads\/2026\/06\/logoubirataonline-1.webp","contentUrl":"https:\/\/ubirataonline.com.br\/wp-content\/uploads\/2026\/06\/logoubirataonline-1.webp","width":500,"height":500,"caption":"Ubirat\u00e3 Online Not\u00edcias"}]},"geo.placename":"UBIRATA","geo.position":{"lat":"-24.5361401","long":"-52.9921776"},"geo.region":"Brazil"},"_links":{"self":[{"href":"https:\/\/ubirataonline.com.br\/en\/wp-json\/wp\/v2\/posts\/170764","targetHints":{"allow":["GET"]}}],"collection":[{"href":"https:\/\/ubirataonline.com.br\/en\/wp-json\/wp\/v2\/posts"}],"about":[{"href":"https:\/\/ubirataonline.com.br\/en\/wp-json\/wp\/v2\/types\/post"}],"author":[{"embeddable":true,"href":"https:\/\/ubirataonline.com.br\/en\/wp-json\/wp\/v2\/users\/1"}],"replies":[{"embeddable":true,"href":"https:\/\/ubirataonline.com.br\/en\/wp-json\/wp\/v2\/comments?post=170764"}],"version-history":[{"count":0,"href":"https:\/\/ubirataonline.com.br\/en\/wp-json\/wp\/v2\/posts\/170764\/revisions"}],"wp:featuredmedia":[{"embeddable":true,"href":"https:\/\/ubirataonline.com.br\/en\/wp-json\/wp\/v2\/media\/170765"}],"wp:attachment":[{"href":"https:\/\/ubirataonline.com.br\/en\/wp-json\/wp\/v2\/media?parent=170764"}],"wp:term":[{"taxonomy":"category","embeddable":true,"href":"https:\/\/ubirataonline.com.br\/en\/wp-json\/wp\/v2\/categories?post=170764"},{"taxonomy":"post_tag","embeddable":true,"href":"https:\/\/ubirataonline.com.br\/en\/wp-json\/wp\/v2\/tags?post=170764"}],"curies":[{"name":"wp","href":"https:\/\/api.w.org\/{rel}","templated":true}]}}