{"id":170819,"date":"2026-09-04T20:30:49","date_gmt":"2026-09-04T23:30:49","guid":{"rendered":"https:\/\/ubirataonline.com.br\/caminhao-nao-consegue-frear-em-congestionamento-na-pr-151-e-provoca-morte-em-castro-pr\/"},"modified":"2026-09-04T20:30:49","modified_gmt":"2026-09-04T23:30:49","slug":"caminhao-nao-consegue-frear-em-congestionamento-na-pr-151-e-provoca-morte-em-castro-pr","status":"publish","type":"post","link":"https:\/\/ubirataonline.com.br\/en\/caminhao-nao-consegue-frear-em-congestionamento-na-pr-151-e-provoca-morte-em-castro-pr\/","title":{"rendered":"Caminh\u00e3o n\u00e3o consegue frear em congestionamento na PR-151 e provoca morte em Castro (PR)"},"content":{"rendered":"<h2>Acidente com dois caminh\u00f5es, dois carros e uma picape no km 308 deixou um morto, v\u00edtima era passageiro de carro da Secretaria de Sa\u00fade de Pira\u00ed do Sul, diz PRE<\/h2>\n<p>Um caminh\u00e3o que n\u00e3o conseguiu frear em um congestionamento provocado por obras bateu em outros ve\u00edculos na tarde de quinta-feira (3) na PR-151, em Castro (Campos Gerais do Paran\u00e1), e causou a morte de uma pessoa e deixou quatro feridos, informou a Pol\u00edcia Rodovi\u00e1ria Estadual (PRE).<\/p>\n<p>O acidente ocorreu por volta das 14h20 no km 308 e envolveu dois caminh\u00f5es, dois carros e uma picape. Um dos carros, pertencente \u00e0 Secretaria Municipal de Sa\u00fade de Pira\u00ed do Sul, foi prensado entre os ve\u00edculos de carga.<\/p>\n<h3>V\u00edtimas<\/h3>\n<p>Segundo a PRE, a v\u00edtima fatal foi identificada como Adir Teixeira da Silva J\u00fanior, 66 anos, banc\u00e1rio em Curitiba, que estava como passageiro no carro da Secretaria de Sa\u00fade de Pira\u00ed do Sul.<\/p>\n<ul>\n<li>O motorista desse carro, 63 anos, teve ferimentos moderados.<\/li>\n<li>Uma passageira de 65 anos no mesmo ve\u00edculo sofreu ferimentos graves.<\/li>\n<li>No outro carro, a motorista de 31 anos teve ferimentos leves.<\/li>\n<li>Um caminhoneiro de 30 anos teve ferimentos leves.<\/li>\n<li>O motorista da picape, 51 anos, e o outro caminhoneiro, 32 anos, sa\u00edram ilesos.<\/li>\n<\/ul>\n<p>Os nomes dos demais envolvidos n\u00e3o foram divulgados, conforme a PRE.<\/p>\n<h3>Investiga\u00e7\u00f5es e posicionamentos<\/h3>\n<p>A PRE informou que as causas do acidente ser\u00e3o investigadas. A prefeitura de Pira\u00ed do Sul divulgou nota lamentando o ocorrido e afirmou que as circunst\u00e2ncias est\u00e3o sendo apuradas pelos \u00f3rg\u00e3os competentes, manifestando solidariedade aos familiares da v\u00edtima.<\/p>\n<p>A concession\u00e1ria EPR Litoral Pioneiro, respons\u00e1vel pelo trecho, disse em nota que a interven\u00e7\u00e3o no pavimento no km 310 estava devidamente sinalizada &#8220;conforme as normas de seguran\u00e7a vi\u00e1ria&#8221; e que realiza campanhas de orienta\u00e7\u00e3o aos usu\u00e1rios. A empresa informou ainda que o n\u00famero de emerg\u00eancia 0800 277 0153 atende 24 horas e tamb\u00e9m por WhatsApp.<\/p>","protected":false},"excerpt":{"rendered":"<p>Acidente com dois caminh\u00f5es, dois carros e uma picape no km 308 deixou um morto, v\u00edtima era passageiro de carro da Secretaria de Sa\u00fade de Pira\u00ed do Sul, diz PRE Um caminh\u00e3o que n\u00e3o conseguiu frear em um congestionamento provocado por obras bateu em outros ve\u00edculos na tarde de quinta-feira (3) na PR-151, em Castro [&hellip;]<\/p>\n","protected":false},"author":1,"featured_media":170820,"comment_status":"","ping_status":"","sticky":false,"template":"","format":"standard","meta":{"googlesitekit_rrm_CAow2JLhCw:productID":"","_gspb_post_css":"","maa_idioma":"","maa_pais":"","footnotes":""},"categories":[43088],"tags":[],"class_list":["post-170819","post","type-post","status-publish","format-standard","has-post-thumbnail","hentry","category-parana"],"blocksy_meta":[],"yoast_head":"<!-- This site is optimized with the Yoast SEO Premium plugin v27.6 (Yoast SEO v27.6) - https:\/\/yoast.com\/product\/yoast-seo-premium-wordpress\/ -->\n<title>Caminh\u00e3o n\u00e3o consegue frear em congestionamento na PR-151 e provoca morte em Castro (PR) - Ubirat\u00e3 Online Not\u00edcias - A realidade ao seu alcance!<\/title>\n<meta name=\"description\" content=\"Acidente com dois caminh\u00f5es, dois carros e uma picape no km 308 deixou um morto, v\u00edtima era passageiro de carro da Secretaria de Sa\u00fade de Pira\u00ed do Sul,\" \/>\n<meta name=\"robots\" content=\"index, follow, max-snippet:-1, max-image-preview:large, max-video-preview:-1\" \/>\n<link rel=\"canonical\" href=\"https:\/\/ubirataonline.com.br\/en\/caminhao-nao-consegue-frear-em-congestionamento-na-pr-151-e-provoca-morte-em-castro-pr\/\" \/>\n<meta property=\"og:locale\" content=\"en_US\" \/>\n<meta property=\"og:type\" content=\"article\" \/>\n<meta property=\"og:title\" content=\"Caminh\u00e3o n\u00e3o consegue frear em congestionamento na PR-151 e provoca morte em Castro (PR)\" \/>\n<meta property=\"og:description\" content=\"Acidente com dois caminh\u00f5es, dois carros e uma picape no km 308 deixou um morto, v\u00edtima era passageiro de carro da Secretaria de Sa\u00fade de Pira\u00ed do Sul,\" \/>\n<meta property=\"og:url\" content=\"https:\/\/ubirataonline.com.br\/en\/caminhao-nao-consegue-frear-em-congestionamento-na-pr-151-e-provoca-morte-em-castro-pr\/\" \/>\n<meta property=\"og:site_name\" content=\"Ubirat\u00e3 Online Not\u00edcias - A realidade ao seu alcance!\" \/>\n<meta property=\"article:publisher\" content=\"https:\/\/www.facebook.com\/portalubirataonline\" \/>\n<meta property=\"article:author\" content=\"https:\/\/www.facebook.com\/portalubirataonline\" \/>\n<meta property=\"article:published_time\" content=\"2026-09-04T23:30:49+00:00\" \/>\n<meta property=\"og:image\" content=\"https:\/\/ubirataonline.com.br\/wp-content\/uploads\/2026\/05\/logo2026.webp\" \/>\n\t<meta property=\"og:image:width\" content=\"1531\" \/>\n\t<meta property=\"og:image:height\" content=\"418\" \/>\n\t<meta property=\"og:image:type\" content=\"image\/webp\" \/>\n<meta name=\"author\" content=\"REDA\u00c7\u00c3O: UBIRAT\u00c3 ONLINE - F\u00c1BIO AUGUSTO CELESTINO\" \/>\n<meta name=\"twitter:card\" content=\"summary_large_image\" \/>\n<meta name=\"twitter:creator\" content=\"@x.com\/ubirataonline\" \/>\n<meta name=\"twitter:site\" content=\"@ubirataonline\" \/>\n<meta name=\"twitter:label1\" content=\"Written by\" \/>\n\t<meta name=\"twitter:data1\" content=\"REDA\u00c7\u00c3O: UBIRAT\u00c3 ONLINE - F\u00c1BIO AUGUSTO CELESTINO\" \/>\n\t<meta name=\"twitter:label2\" content=\"Est. reading time\" \/>\n\t<meta name=\"twitter:data2\" content=\"2 minutes\" \/>\n<script type=\"application\/ld+json\" class=\"yoast-schema-graph\">{\"@context\":\"https:\\\/\\\/schema.org\",\"@graph\":[{\"@type\":\"NewsArticle\",\"@id\":\"https:\\\/\\\/ubirataonline.com.br\\\/caminhao-nao-consegue-frear-em-congestionamento-na-pr-151-e-provoca-morte-em-castro-pr\\\/#article\",\"isPartOf\":{\"@id\":\"https:\\\/\\\/ubirataonline.com.br\\\/caminhao-nao-consegue-frear-em-congestionamento-na-pr-151-e-provoca-morte-em-castro-pr\\\/\"},\"author\":{\"name\":\"REDA\u00c7\u00c3O: UBIRAT\u00c3 ONLINE - F\u00c1BIO AUGUSTO CELESTINO\",\"@id\":\"https:\\\/\\\/ubirataonline.com.br\\\/#\\\/schema\\\/person\\\/372f87bbd3fdd79b8556b84c98d0bc1c\"},\"headline\":\"Caminh\u00e3o n\u00e3o consegue frear em congestionamento na PR-151 e provoca morte em Castro (PR)\",\"datePublished\":\"2026-09-04T23:30:49+00:00\",\"mainEntityOfPage\":{\"@id\":\"https:\\\/\\\/ubirataonline.com.br\\\/caminhao-nao-consegue-frear-em-congestionamento-na-pr-151-e-provoca-morte-em-castro-pr\\\/\"},\"wordCount\":344,\"publisher\":{\"@id\":\"https:\\\/\\\/ubirataonline.com.br\\\/#organization\"},\"image\":{\"@id\":\"https:\\\/\\\/ubirataonline.com.br\\\/caminhao-nao-consegue-frear-em-congestionamento-na-pr-151-e-provoca-morte-em-castro-pr\\\/#primaryimage\"},\"thumbnailUrl\":\"https:\\\/\\\/ubirataonline.com.br\\\/wp-content\\\/uploads\\\/2026\\\/09\\\/maaimg-post-170819-20260904-233108.webp\",\"articleSection\":[\"Paran\u00e1\"],\"inLanguage\":\"en-US\",\"copyrightYear\":\"2026\",\"copyrightHolder\":{\"@id\":\"https:\\\/\\\/ubirataonline.com.br\\\/en\\\/#organization\"}},{\"@type\":\"WebPage\",\"@id\":\"https:\\\/\\\/ubirataonline.com.br\\\/caminhao-nao-consegue-frear-em-congestionamento-na-pr-151-e-provoca-morte-em-castro-pr\\\/\",\"url\":\"https:\\\/\\\/ubirataonline.com.br\\\/caminhao-nao-consegue-frear-em-congestionamento-na-pr-151-e-provoca-morte-em-castro-pr\\\/\",\"name\":\"Caminh\u00e3o n\u00e3o consegue frear em congestionamento na PR-151 e provoca morte em Castro (PR) - Ubirat\u00e3 Online Not\u00edcias - A realidade ao seu alcance!\",\"isPartOf\":{\"@id\":\"https:\\\/\\\/ubirataonline.com.br\\\/#website\"},\"primaryImageOfPage\":{\"@id\":\"https:\\\/\\\/ubirataonline.com.br\\\/caminhao-nao-consegue-frear-em-congestionamento-na-pr-151-e-provoca-morte-em-castro-pr\\\/#primaryimage\"},\"image\":{\"@id\":\"https:\\\/\\\/ubirataonline.com.br\\\/caminhao-nao-consegue-frear-em-congestionamento-na-pr-151-e-provoca-morte-em-castro-pr\\\/#primaryimage\"},\"thumbnailUrl\":\"https:\\\/\\\/ubirataonline.com.br\\\/wp-content\\\/uploads\\\/2026\\\/09\\\/maaimg-post-170819-20260904-233108.webp\",\"datePublished\":\"2026-09-04T23:30:49+00:00\",\"description\":\"Acidente com dois caminh\u00f5es, dois carros e uma picape no km 308 deixou um morto, v\u00edtima era passageiro de carro da Secretaria de Sa\u00fade de Pira\u00ed do Sul,\",\"breadcrumb\":{\"@id\":\"https:\\\/\\\/ubirataonline.com.br\\\/caminhao-nao-consegue-frear-em-congestionamento-na-pr-151-e-provoca-morte-em-castro-pr\\\/#breadcrumb\"},\"inLanguage\":\"en-US\",\"potentialAction\":[{\"@type\":\"ReadAction\",\"target\":[\"https:\\\/\\\/ubirataonline.com.br\\\/caminhao-nao-consegue-frear-em-congestionamento-na-pr-151-e-provoca-morte-em-castro-pr\\\/\"]}]},{\"@type\":\"ImageObject\",\"inLanguage\":\"en-US\",\"@id\":\"https:\\\/\\\/ubirataonline.com.br\\\/caminhao-nao-consegue-frear-em-congestionamento-na-pr-151-e-provoca-morte-em-castro-pr\\\/#primaryimage\",\"url\":\"https:\\\/\\\/ubirataonline.com.br\\\/wp-content\\\/uploads\\\/2026\\\/09\\\/maaimg-post-170819-20260904-233108.webp\",\"contentUrl\":\"https:\\\/\\\/ubirataonline.com.br\\\/wp-content\\\/uploads\\\/2026\\\/09\\\/maaimg-post-170819-20260904-233108.webp\",\"width\":1536,\"height\":1024,\"caption\":\"Imagem ilustrativa Gerada por IA\"},{\"@type\":\"BreadcrumbList\",\"@id\":\"https:\\\/\\\/ubirataonline.com.br\\\/caminhao-nao-consegue-frear-em-congestionamento-na-pr-151-e-provoca-morte-em-castro-pr\\\/#breadcrumb\",\"itemListElement\":[{\"@type\":\"ListItem\",\"position\":1,\"name\":\"In\u00edcio\",\"item\":\"https:\\\/\\\/ubirataonline.com.br\\\/\"},{\"@type\":\"ListItem\",\"position\":2,\"name\":\"Caminh\u00e3o n\u00e3o consegue frear em congestionamento na PR-151 e provoca morte em Castro (PR)\"}]},{\"@type\":\"WebSite\",\"@id\":\"https:\\\/\\\/ubirataonline.com.br\\\/#website\",\"url\":\"https:\\\/\\\/ubirataonline.com.br\\\/\",\"name\":\"Ubirat\u00e3 Online Not\u00edcias\",\"description\":\"Not\u00edcias de Ubirat\u00e3, regi\u00e3o, Brasil e mundo, com informa\u00e7\u00e3o atualizada e compromisso com o leitor.\",\"publisher\":{\"@id\":\"https:\\\/\\\/ubirataonline.com.br\\\/#organization\"},\"alternateName\":\"Ubirat\u00e3 Online\",\"potentialAction\":[{\"@type\":\"SearchAction\",\"target\":{\"@type\":\"EntryPoint\",\"urlTemplate\":\"https:\\\/\\\/ubirataonline.com.br\\\/?s={search_term_string}\"},\"query-input\":{\"@type\":\"PropertyValueSpecification\",\"valueRequired\":true,\"valueName\":\"search_term_string\"}}],\"inLanguage\":\"en-US\"},{\"@type\":[\"Organization\",\"Place\"],\"@id\":\"https:\\\/\\\/ubirataonline.com.br\\\/#organization\",\"name\":\"Ubirat\u00e3 Online Not\u00edcias\",\"alternateName\":\"Ubirat\u00e3 Online\",\"url\":\"https:\\\/\\\/ubirataonline.com.br\\\/\",\"logo\":{\"@id\":\"https:\\\/\\\/ubirataonline.com.br\\\/caminhao-nao-consegue-frear-em-congestionamento-na-pr-151-e-provoca-morte-em-castro-pr\\\/#local-main-organization-logo\"},\"image\":{\"@id\":\"https:\\\/\\\/ubirataonline.com.br\\\/caminhao-nao-consegue-frear-em-congestionamento-na-pr-151-e-provoca-morte-em-castro-pr\\\/#local-main-organization-logo\"},\"sameAs\":[\"https:\\\/\\\/www.facebook.com\\\/portalubirataonline\",\"https:\\\/\\\/x.com\\\/ubirataonline\",\"https:\\\/\\\/mastodon.social\\\/@ubirataonline\",\"https:\\\/\\\/www.facebook.com\\\/groups\\\/311144672285604\",\"https:\\\/\\\/www.facebook.com\\\/UBTAOnline\",\"https:\\\/\\\/www.instagram.com\\\/portalubirataonline\\\/\",\"https:\\\/\\\/twitter.com\\\/ubirataonline\"],\"description\":\"Somos um portal de not\u00edcias independente, criado em 5 de janeiro de 2009, com o objetivo de informar, conectar e valorizar a nossa comunidade de Ubirat\u00e3 e toda aregi\u00e3o. Com conte\u00fado atualizado, confi\u00e1vel e relevante, o Ubirat\u00e3 Online \u00e9 o seu espa\u00e7o para ficar por dentro dos principais acontecimentos locais, regionais, Brasil, Mundo e de interesse geral. Nosso compromisso \u00e9 com a verdade, a transpar\u00eancia e o respeito ao leitor.\",\"legalName\":\"UBIRATA ONLINE NOT\u00cdCIAS\",\"foundingDate\":\"2009-01-05\",\"numberOfEmployees\":{\"@type\":\"QuantitativeValue\",\"minValue\":\"1\",\"maxValue\":\"10\"},\"publishingPrinciples\":\"https:\\\/\\\/ubirataonline.com.br\\\/faq\\\/\",\"address\":{\"@id\":\"https:\\\/\\\/ubirataonline.com.br\\\/caminhao-nao-consegue-frear-em-congestionamento-na-pr-151-e-provoca-morte-em-castro-pr\\\/#local-main-place-address\"},\"geo\":{\"@type\":\"GeoCoordinates\",\"latitude\":\"-24.5361401\",\"longitude\":\"-52.9921776\"},\"telephone\":[\"+5544998308235\"],\"contactPoint\":{\"@type\":\"ContactPoint\",\"email\":\"contato@ubirataonline.com.br\"},\"openingHoursSpecification\":{\"@type\":\"OpeningHoursSpecification\",\"dayOfWeek\":[\"Monday\",\"Tuesday\",\"Wednesday\",\"Thursday\",\"Friday\",\"Saturday\",\"Sunday\"],\"opens\":\"00:00\",\"closes\":\"23:59\"},\"email\":\"contato@ubirataonline.com.br\",\"vatID\":\"47.621.418\\\/0001-80\"},{\"@type\":\"Person\",\"@id\":\"https:\\\/\\\/ubirataonline.com.br\\\/#\\\/schema\\\/person\\\/372f87bbd3fdd79b8556b84c98d0bc1c\",\"name\":\"REDA\u00c7\u00c3O: UBIRAT\u00c3 ONLINE - F\u00c1BIO AUGUSTO CELESTINO\",\"pronouns\":\"Ele\",\"description\":\"Desde 2003 trabalhando com not\u00edcias.\",\"sameAs\":[\"http:\\\/\\\/ubirataoline.com.br\",\"https:\\\/\\\/www.facebook.com\\\/portalubirataonline\",\"https:\\\/\\\/www.instagram.com\\\/ubirataonline_oficial\",\"https:\\\/\\\/x.com\\\/x.com\\\/ubirataonline\"],\"honorificPrefix\":\"Mr.\",\"honorificSuffix\":\"MD\",\"birthDate\":\"1980-06-16\",\"gender\":\"masculino\",\"award\":[\"V\u00e1rios pr\u00eamios de melhor portal da cidade\"],\"jobTitle\":\"Diretor\",\"url\":\"https:\\\/\\\/ubirataonline.com.br\\\/en\\\/author\\\/ubirataonline\\\/\"},{\"@type\":\"PostalAddress\",\"@id\":\"https:\\\/\\\/ubirataonline.com.br\\\/caminhao-nao-consegue-frear-em-congestionamento-na-pr-151-e-provoca-morte-em-castro-pr\\\/#local-main-place-address\",\"streetAddress\":\"Rua dos Coqueiros, 104 - Bairro Boa Vista, Rua dos Coqueiros, 104 Bairro Boa Vista\",\"addressLocality\":\"UBIRATA\",\"postalCode\":\"85440-000\",\"addressRegion\":\"PR\",\"addressCountry\":\"BR\"},{\"@type\":\"ImageObject\",\"inLanguage\":\"en-US\",\"@id\":\"https:\\\/\\\/ubirataonline.com.br\\\/caminhao-nao-consegue-frear-em-congestionamento-na-pr-151-e-provoca-morte-em-castro-pr\\\/#local-main-organization-logo\",\"url\":\"https:\\\/\\\/ubirataonline.com.br\\\/wp-content\\\/uploads\\\/2026\\\/06\\\/logoubirataonline-1.webp\",\"contentUrl\":\"https:\\\/\\\/ubirataonline.com.br\\\/wp-content\\\/uploads\\\/2026\\\/06\\\/logoubirataonline-1.webp\",\"width\":500,\"height\":500,\"caption\":\"Ubirat\u00e3 Online Not\u00edcias\"}]}<\/script>\n<meta name=\"geo.placename\" content=\"UBIRATA\" \/>\n<meta name=\"geo.position\" content=\"-24.5361401;-52.9921776\" \/>\n<meta name=\"geo.region\" content=\"Brazil\" \/>\n<!-- \/ Yoast SEO Premium plugin. -->","yoast_head_json":{"title":"Caminh\u00e3o n\u00e3o consegue frear em congestionamento na PR-151 e provoca morte em Castro (PR) - Ubirat\u00e3 Online Not\u00edcias - A realidade ao seu alcance!","description":"Acidente com dois caminh\u00f5es, dois carros e uma picape no km 308 deixou um morto, v\u00edtima era passageiro de carro da Secretaria de Sa\u00fade de Pira\u00ed do Sul,","robots":{"index":"index","follow":"follow","max-snippet":"max-snippet:-1","max-image-preview":"max-image-preview:large","max-video-preview":"max-video-preview:-1"},"canonical":"https:\/\/ubirataonline.com.br\/en\/caminhao-nao-consegue-frear-em-congestionamento-na-pr-151-e-provoca-morte-em-castro-pr\/","og_locale":"en_US","og_type":"article","og_title":"Caminh\u00e3o n\u00e3o consegue frear em congestionamento na PR-151 e provoca morte em Castro (PR)","og_description":"Acidente com dois caminh\u00f5es, dois carros e uma picape no km 308 deixou um morto, v\u00edtima era passageiro de carro da Secretaria de Sa\u00fade de Pira\u00ed do Sul,","og_url":"https:\/\/ubirataonline.com.br\/en\/caminhao-nao-consegue-frear-em-congestionamento-na-pr-151-e-provoca-morte-em-castro-pr\/","og_site_name":"Ubirat\u00e3 Online Not\u00edcias - A realidade ao seu alcance!","article_publisher":"https:\/\/www.facebook.com\/portalubirataonline","article_author":"https:\/\/www.facebook.com\/portalubirataonline","article_published_time":"2026-09-04T23:30:49+00:00","og_image":[{"width":1531,"height":418,"url":"https:\/\/ubirataonline.com.br\/wp-content\/uploads\/2026\/05\/logo2026.webp","type":"image\/webp"}],"author":"REDA\u00c7\u00c3O: UBIRAT\u00c3 ONLINE - F\u00c1BIO AUGUSTO CELESTINO","twitter_card":"summary_large_image","twitter_creator":"@x.com\/ubirataonline","twitter_site":"@ubirataonline","twitter_misc":{"Written by":"REDA\u00c7\u00c3O: UBIRAT\u00c3 ONLINE - F\u00c1BIO AUGUSTO CELESTINO","Est. reading time":"2 minutes"},"schema":{"@context":"https:\/\/schema.org","@graph":[{"@type":"NewsArticle","@id":"https:\/\/ubirataonline.com.br\/caminhao-nao-consegue-frear-em-congestionamento-na-pr-151-e-provoca-morte-em-castro-pr\/#article","isPartOf":{"@id":"https:\/\/ubirataonline.com.br\/caminhao-nao-consegue-frear-em-congestionamento-na-pr-151-e-provoca-morte-em-castro-pr\/"},"author":{"name":"REDA\u00c7\u00c3O: UBIRAT\u00c3 ONLINE - F\u00c1BIO AUGUSTO CELESTINO","@id":"https:\/\/ubirataonline.com.br\/#\/schema\/person\/372f87bbd3fdd79b8556b84c98d0bc1c"},"headline":"Caminh\u00e3o n\u00e3o consegue frear em congestionamento na PR-151 e provoca morte em Castro (PR)","datePublished":"2026-09-04T23:30:49+00:00","mainEntityOfPage":{"@id":"https:\/\/ubirataonline.com.br\/caminhao-nao-consegue-frear-em-congestionamento-na-pr-151-e-provoca-morte-em-castro-pr\/"},"wordCount":344,"publisher":{"@id":"https:\/\/ubirataonline.com.br\/#organization"},"image":{"@id":"https:\/\/ubirataonline.com.br\/caminhao-nao-consegue-frear-em-congestionamento-na-pr-151-e-provoca-morte-em-castro-pr\/#primaryimage"},"thumbnailUrl":"https:\/\/ubirataonline.com.br\/wp-content\/uploads\/2026\/09\/maaimg-post-170819-20260904-233108.webp","articleSection":["Paran\u00e1"],"inLanguage":"en-US","copyrightYear":"2026","copyrightHolder":{"@id":"https:\/\/ubirataonline.com.br\/en\/#organization"}},{"@type":"WebPage","@id":"https:\/\/ubirataonline.com.br\/caminhao-nao-consegue-frear-em-congestionamento-na-pr-151-e-provoca-morte-em-castro-pr\/","url":"https:\/\/ubirataonline.com.br\/caminhao-nao-consegue-frear-em-congestionamento-na-pr-151-e-provoca-morte-em-castro-pr\/","name":"Caminh\u00e3o n\u00e3o consegue frear em congestionamento na PR-151 e provoca morte em Castro (PR) - Ubirat\u00e3 Online Not\u00edcias - A realidade ao seu alcance!","isPartOf":{"@id":"https:\/\/ubirataonline.com.br\/#website"},"primaryImageOfPage":{"@id":"https:\/\/ubirataonline.com.br\/caminhao-nao-consegue-frear-em-congestionamento-na-pr-151-e-provoca-morte-em-castro-pr\/#primaryimage"},"image":{"@id":"https:\/\/ubirataonline.com.br\/caminhao-nao-consegue-frear-em-congestionamento-na-pr-151-e-provoca-morte-em-castro-pr\/#primaryimage"},"thumbnailUrl":"https:\/\/ubirataonline.com.br\/wp-content\/uploads\/2026\/09\/maaimg-post-170819-20260904-233108.webp","datePublished":"2026-09-04T23:30:49+00:00","description":"Acidente com dois caminh\u00f5es, dois carros e uma picape no km 308 deixou um morto, v\u00edtima era passageiro de carro da Secretaria de Sa\u00fade de Pira\u00ed do Sul,","breadcrumb":{"@id":"https:\/\/ubirataonline.com.br\/caminhao-nao-consegue-frear-em-congestionamento-na-pr-151-e-provoca-morte-em-castro-pr\/#breadcrumb"},"inLanguage":"en-US","potentialAction":[{"@type":"ReadAction","target":["https:\/\/ubirataonline.com.br\/caminhao-nao-consegue-frear-em-congestionamento-na-pr-151-e-provoca-morte-em-castro-pr\/"]}]},{"@type":"ImageObject","inLanguage":"en-US","@id":"https:\/\/ubirataonline.com.br\/caminhao-nao-consegue-frear-em-congestionamento-na-pr-151-e-provoca-morte-em-castro-pr\/#primaryimage","url":"https:\/\/ubirataonline.com.br\/wp-content\/uploads\/2026\/09\/maaimg-post-170819-20260904-233108.webp","contentUrl":"https:\/\/ubirataonline.com.br\/wp-content\/uploads\/2026\/09\/maaimg-post-170819-20260904-233108.webp","width":1536,"height":1024,"caption":"Imagem ilustrativa Gerada por IA"},{"@type":"BreadcrumbList","@id":"https:\/\/ubirataonline.com.br\/caminhao-nao-consegue-frear-em-congestionamento-na-pr-151-e-provoca-morte-em-castro-pr\/#breadcrumb","itemListElement":[{"@type":"ListItem","position":1,"name":"In\u00edcio","item":"https:\/\/ubirataonline.com.br\/"},{"@type":"ListItem","position":2,"name":"Caminh\u00e3o n\u00e3o consegue frear em congestionamento na PR-151 e provoca morte em Castro (PR)"}]},{"@type":"WebSite","@id":"https:\/\/ubirataonline.com.br\/#website","url":"https:\/\/ubirataonline.com.br\/","name":"Ubirat\u00e3 Online Not\u00edcias","description":"Not\u00edcias de Ubirat\u00e3, regi\u00e3o, Brasil e mundo, com informa\u00e7\u00e3o atualizada e compromisso com o leitor.","publisher":{"@id":"https:\/\/ubirataonline.com.br\/#organization"},"alternateName":"Ubirat\u00e3 Online","potentialAction":[{"@type":"SearchAction","target":{"@type":"EntryPoint","urlTemplate":"https:\/\/ubirataonline.com.br\/?s={search_term_string}"},"query-input":{"@type":"PropertyValueSpecification","valueRequired":true,"valueName":"search_term_string"}}],"inLanguage":"en-US"},{"@type":["Organization","Place"],"@id":"https:\/\/ubirataonline.com.br\/#organization","name":"Ubirat\u00e3 Online Not\u00edcias","alternateName":"Ubirat\u00e3 Online","url":"https:\/\/ubirataonline.com.br\/","logo":{"@id":"https:\/\/ubirataonline.com.br\/caminhao-nao-consegue-frear-em-congestionamento-na-pr-151-e-provoca-morte-em-castro-pr\/#local-main-organization-logo"},"image":{"@id":"https:\/\/ubirataonline.com.br\/caminhao-nao-consegue-frear-em-congestionamento-na-pr-151-e-provoca-morte-em-castro-pr\/#local-main-organization-logo"},"sameAs":["https:\/\/www.facebook.com\/portalubirataonline","https:\/\/x.com\/ubirataonline","https:\/\/mastodon.social\/@ubirataonline","https:\/\/www.facebook.com\/groups\/311144672285604","https:\/\/www.facebook.com\/UBTAOnline","https:\/\/www.instagram.com\/portalubirataonline\/","https:\/\/twitter.com\/ubirataonline"],"description":"Somos um portal de not\u00edcias independente, criado em 5 de janeiro de 2009, com o objetivo de informar, conectar e valorizar a nossa comunidade de Ubirat\u00e3 e toda aregi\u00e3o. Com conte\u00fado atualizado, confi\u00e1vel e relevante, o Ubirat\u00e3 Online \u00e9 o seu espa\u00e7o para ficar por dentro dos principais acontecimentos locais, regionais, Brasil, Mundo e de interesse geral. Nosso compromisso \u00e9 com a verdade, a transpar\u00eancia e o respeito ao leitor.","legalName":"UBIRATA ONLINE NOT\u00cdCIAS","foundingDate":"2009-01-05","numberOfEmployees":{"@type":"QuantitativeValue","minValue":"1","maxValue":"10"},"publishingPrinciples":"https:\/\/ubirataonline.com.br\/faq\/","address":{"@id":"https:\/\/ubirataonline.com.br\/caminhao-nao-consegue-frear-em-congestionamento-na-pr-151-e-provoca-morte-em-castro-pr\/#local-main-place-address"},"geo":{"@type":"GeoCoordinates","latitude":"-24.5361401","longitude":"-52.9921776"},"telephone":["+5544998308235"],"contactPoint":{"@type":"ContactPoint","email":"contato@ubirataonline.com.br"},"openingHoursSpecification":{"@type":"OpeningHoursSpecification","dayOfWeek":["Monday","Tuesday","Wednesday","Thursday","Friday","Saturday","Sunday"],"opens":"00:00","closes":"23:59"},"email":"contato@ubirataonline.com.br","vatID":"47.621.418\/0001-80"},{"@type":"Person","@id":"https:\/\/ubirataonline.com.br\/#\/schema\/person\/372f87bbd3fdd79b8556b84c98d0bc1c","name":"REDA\u00c7\u00c3O: UBIRAT\u00c3 ONLINE - F\u00c1BIO AUGUSTO CELESTINO","pronouns":"Ele","description":"Desde 2003 trabalhando com not\u00edcias.","sameAs":["http:\/\/ubirataoline.com.br","https:\/\/www.facebook.com\/portalubirataonline","https:\/\/www.instagram.com\/ubirataonline_oficial","https:\/\/x.com\/x.com\/ubirataonline"],"honorificPrefix":"Mr.","honorificSuffix":"MD","birthDate":"1980-06-16","gender":"masculino","award":["V\u00e1rios pr\u00eamios de melhor portal da cidade"],"jobTitle":"Diretor","url":"https:\/\/ubirataonline.com.br\/en\/author\/ubirataonline\/"},{"@type":"PostalAddress","@id":"https:\/\/ubirataonline.com.br\/caminhao-nao-consegue-frear-em-congestionamento-na-pr-151-e-provoca-morte-em-castro-pr\/#local-main-place-address","streetAddress":"Rua dos Coqueiros, 104 - Bairro Boa Vista, Rua dos Coqueiros, 104 Bairro Boa Vista","addressLocality":"UBIRATA","postalCode":"85440-000","addressRegion":"PR","addressCountry":"BR"},{"@type":"ImageObject","inLanguage":"en-US","@id":"https:\/\/ubirataonline.com.br\/caminhao-nao-consegue-frear-em-congestionamento-na-pr-151-e-provoca-morte-em-castro-pr\/#local-main-organization-logo","url":"https:\/\/ubirataonline.com.br\/wp-content\/uploads\/2026\/06\/logoubirataonline-1.webp","contentUrl":"https:\/\/ubirataonline.com.br\/wp-content\/uploads\/2026\/06\/logoubirataonline-1.webp","width":500,"height":500,"caption":"Ubirat\u00e3 Online Not\u00edcias"}]},"geo.placename":"UBIRATA","geo.position":{"lat":"-24.5361401","long":"-52.9921776"},"geo.region":"Brazil"},"_links":{"self":[{"href":"https:\/\/ubirataonline.com.br\/en\/wp-json\/wp\/v2\/posts\/170819","targetHints":{"allow":["GET"]}}],"collection":[{"href":"https:\/\/ubirataonline.com.br\/en\/wp-json\/wp\/v2\/posts"}],"about":[{"href":"https:\/\/ubirataonline.com.br\/en\/wp-json\/wp\/v2\/types\/post"}],"author":[{"embeddable":true,"href":"https:\/\/ubirataonline.com.br\/en\/wp-json\/wp\/v2\/users\/1"}],"replies":[{"embeddable":true,"href":"https:\/\/ubirataonline.com.br\/en\/wp-json\/wp\/v2\/comments?post=170819"}],"version-history":[{"count":0,"href":"https:\/\/ubirataonline.com.br\/en\/wp-json\/wp\/v2\/posts\/170819\/revisions"}],"wp:featuredmedia":[{"embeddable":true,"href":"https:\/\/ubirataonline.com.br\/en\/wp-json\/wp\/v2\/media\/170820"}],"wp:attachment":[{"href":"https:\/\/ubirataonline.com.br\/en\/wp-json\/wp\/v2\/media?parent=170819"}],"wp:term":[{"taxonomy":"category","embeddable":true,"href":"https:\/\/ubirataonline.com.br\/en\/wp-json\/wp\/v2\/categories?post=170819"},{"taxonomy":"post_tag","embeddable":true,"href":"https:\/\/ubirataonline.com.br\/en\/wp-json\/wp\/v2\/tags?post=170819"}],"curies":[{"name":"wp","href":"https:\/\/api.w.org\/{rel}","templated":true}]}}