{"id":170821,"date":"2026-09-04T20:31:27","date_gmt":"2026-09-04T23:31:27","guid":{"rendered":"https:\/\/ubirataonline.com.br\/congresso-nacional-suspende-visitacao-publica-neste-fim-de-semana-e-feriado-de-7-de-setembro\/"},"modified":"2026-09-04T20:31:27","modified_gmt":"2026-09-04T23:31:27","slug":"congresso-nacional-suspende-visitacao-publica-neste-fim-de-semana-e-feriado-de-7-de-setembro","status":"publish","type":"post","link":"https:\/\/ubirataonline.com.br\/en\/congresso-nacional-suspende-visitacao-publica-neste-fim-de-semana-e-feriado-de-7-de-setembro\/","title":{"rendered":"Congresso Nacional suspende visita\u00e7\u00e3o p\u00fablica neste fim de semana e feriado de 7 de setembro"},"content":{"rendered":"<h2>O Pal\u00e1cio do Congresso Nacional, em Bras\u00edlia, estar\u00e1 temporariamente fechado para o p\u00fablico durante o feriado prolongado de 7 de setembro.<\/h2>\n<p>Quem planejava conhecer as depend\u00eancias do Legislativo brasileiro precisar\u00e1 ajustar o roteiro tur\u00edstico nos pr\u00f3ximos dias. A medida de interrup\u00e7\u00e3o do fluxo de visitantes atinge o per\u00edodo deste s\u00e1bado at\u00e9 a segunda-feira, abrangendo os dias 5, 6 e 7 de setembro.<\/p>\n<p>A decis\u00e3o, que visa garantir a seguran\u00e7a das instala\u00e7\u00f5es, foi confirmada pela <b>Ag\u00eancia Senado<\/b>. Por conta disso, o tradicional programa de visita\u00e7\u00e3o institucional ficar\u00e1 suspenso durante todo o feriado prolongado na capital federal.<\/p>\n<p>Conforme informa\u00e7\u00e3o divulgada pela <b>Ag\u00eancia Senado<\/b>, a interrup\u00e7\u00e3o \u00e9 uma medida preventiva necess\u00e1ria para assegurar a integridade do espa\u00e7o durante o per\u00edodo festivo.<\/p>\n<h3>Cronograma de retomada das visitas<\/h3>\n<p>Para aqueles que desejam organizar a Visitas aos sal\u00f5es e plen\u00e1rios, \u00e9 importante ficar atento ao calend\u00e1rio de retorno. O cronograma estabelecido pelas equipes de rela\u00e7\u00f5es p\u00fablicas da C\u00e2mara dos Deputados e do Senado Federal prev\u00ea uma reabertura dividida em etapas.<\/p>\n<p>As visitas que j\u00e1 estavam agendadas previamente atrav\u00e9s da p\u00e1gina oficial do programa ser\u00e3o retomadas a partir da pr\u00f3xima quinta-feira, dia 10 de setembro. J\u00e1 para os visitantes que n\u00e3o possuem agendamento, o acesso ser\u00e1 liberado apenas na sexta-feira, dia 11.<\/p>\n<h3>Como funciona a visita\u00e7\u00e3o institucional<\/h3>\n<p>O roteiro de visita\u00e7\u00e3o ao <b>Congresso Nacional<\/b> \u00e9 uma atividade consolidada que dura aproximadamente 50 minutos. Durante o percurso, os participantes t\u00eam a oportunidade de percorrer os principais sal\u00f5es do Pal\u00e1cio, al\u00e9m de conhecer de perto os Plen\u00e1rios da <b>C\u00e2mara dos Deputados<\/b> e do <b>Senado Federal<\/b>.<\/p>\n<p>Os grupos de visitantes s\u00e3o conduzidos por monitores especializados que explicam a hist\u00f3ria e o funcionamento da casa. As sa\u00eddas ocorrem a cada meia hora, entre as 9h e as 17h, com o ponto de encontro e in\u00edcio do trajeto localizado no Sal\u00e3o Negro, acessado pela rampa principal do edif\u00edcio.<\/p>\n<h3>Regras gerais para o p\u00fablico<\/h3>\n<p>O programa de visita\u00e7\u00e3o, organizado de forma conjunta pelas duas casas legislativas, mant\u00e9m um fluxo constante em dias \u00fateis, finais de semana e feriados. Vale ressaltar que, em dias normais, as visitas n\u00e3o ocorrem \u00e0s ter\u00e7as e quartas-feiras.<\/p>\n<p>Para garantir uma experi\u00eancia tranquila, recomenda-se que os interessados sempre verifiquem a disponibilidade na p\u00e1gina oficial antes de se deslocarem at\u00e9 o local. A organiza\u00e7\u00e3o refor\u00e7a que o acesso segue normas de seguran\u00e7a e orienta\u00e7\u00f5es dos monitores respons\u00e1veis pelos grupos.<\/p>\n<h3>Perguntas frequentes (FAQ)<\/h3>\n<p><b>Por que o Congresso estar\u00e1 fechado?<\/b> A visita\u00e7\u00e3o foi suspensa por motivos de seguran\u00e7a, conforme informado pela Ag\u00eancia Senado.<\/p>\n<p><b>Quais dias a visita\u00e7\u00e3o estar\u00e1 suspensa?<\/b> O fechamento ocorre de s\u00e1bado (5) at\u00e9 segunda-feira (7), feriado da Independ\u00eancia.<\/p>\n<p><b>Quando as visitas agendadas retornam?<\/b> As visitas com agendamento pr\u00e9vio ser\u00e3o retomadas na quinta-feira, 10 de setembro.<\/p>\n<p><b>Quando as visitas sem marca\u00e7\u00e3o retornam?<\/b> As visitas sem agendamento estar\u00e3o dispon\u00edveis novamente a partir de sexta-feira, 11 de setembro.<\/p>\n<p><b>Qual a dura\u00e7\u00e3o do passeio no Congresso?<\/b> O roteiro completo tem dura\u00e7\u00e3o aproximada de 50 minutos, guiado por monitores especializados.<\/p>","protected":false},"excerpt":{"rendered":"<p>O Pal\u00e1cio do Congresso Nacional, em Bras\u00edlia, estar\u00e1 temporariamente fechado para o p\u00fablico durante o feriado prolongado de 7 de setembro. Quem planejava conhecer as depend\u00eancias do Legislativo brasileiro precisar\u00e1 ajustar o roteiro tur\u00edstico nos pr\u00f3ximos dias. A medida de interrup\u00e7\u00e3o do fluxo de visitantes atinge o per\u00edodo deste s\u00e1bado at\u00e9 a segunda-feira, abrangendo os [&hellip;]<\/p>\n","protected":false},"author":1,"featured_media":170822,"comment_status":"","ping_status":"","sticky":false,"template":"","format":"standard","meta":{"googlesitekit_rrm_CAow2JLhCw:productID":"","_gspb_post_css":"","maa_idioma":"","maa_pais":"","footnotes":""},"categories":[4],"tags":[],"class_list":["post-170821","post","type-post","status-publish","format-standard","has-post-thumbnail","hentry","category-brasil"],"blocksy_meta":[],"yoast_head":"<!-- This site is optimized with the Yoast SEO Premium plugin v27.6 (Yoast SEO v27.6) - https:\/\/yoast.com\/product\/yoast-seo-premium-wordpress\/ -->\n<title>Congresso Nacional suspende visita\u00e7\u00e3o p\u00fablica neste fim de semana e feriado de 7 de setembro - Ubirat\u00e3 Online Not\u00edcias - A realidade ao seu alcance!<\/title>\n<meta name=\"description\" content=\"O Pal\u00e1cio do Congresso Nacional, em Bras\u00edlia, estar\u00e1 temporariamente fechado para o p\u00fablico durante o feriado prolongado de 7 de setembro. Quem planejava\" \/>\n<meta name=\"robots\" content=\"index, follow, max-snippet:-1, max-image-preview:large, max-video-preview:-1\" \/>\n<link rel=\"canonical\" href=\"https:\/\/ubirataonline.com.br\/en\/congresso-nacional-suspende-visitacao-publica-neste-fim-de-semana-e-feriado-de-7-de-setembro\/\" \/>\n<meta property=\"og:locale\" content=\"en_US\" \/>\n<meta property=\"og:type\" content=\"article\" \/>\n<meta property=\"og:title\" content=\"Congresso Nacional suspende visita\u00e7\u00e3o p\u00fablica neste fim de semana e feriado de 7 de setembro\" \/>\n<meta property=\"og:description\" content=\"O Pal\u00e1cio do Congresso Nacional, em Bras\u00edlia, estar\u00e1 temporariamente fechado para o p\u00fablico durante o feriado prolongado de 7 de setembro. Quem planejava\" \/>\n<meta property=\"og:url\" content=\"https:\/\/ubirataonline.com.br\/en\/congresso-nacional-suspende-visitacao-publica-neste-fim-de-semana-e-feriado-de-7-de-setembro\/\" \/>\n<meta property=\"og:site_name\" content=\"Ubirat\u00e3 Online Not\u00edcias - A realidade ao seu alcance!\" \/>\n<meta property=\"article:publisher\" content=\"https:\/\/www.facebook.com\/portalubirataonline\" \/>\n<meta property=\"article:author\" content=\"https:\/\/www.facebook.com\/portalubirataonline\" \/>\n<meta property=\"article:published_time\" content=\"2026-09-04T23:31:27+00:00\" \/>\n<meta property=\"og:image\" content=\"https:\/\/ubirataonline.com.br\/wp-content\/uploads\/2026\/05\/logo2026.webp\" \/>\n\t<meta property=\"og:image:width\" content=\"1531\" \/>\n\t<meta property=\"og:image:height\" content=\"418\" \/>\n\t<meta property=\"og:image:type\" content=\"image\/webp\" \/>\n<meta name=\"author\" content=\"REDA\u00c7\u00c3O: UBIRAT\u00c3 ONLINE - F\u00c1BIO AUGUSTO CELESTINO\" \/>\n<meta name=\"twitter:card\" content=\"summary_large_image\" \/>\n<meta name=\"twitter:creator\" content=\"@x.com\/ubirataonline\" \/>\n<meta name=\"twitter:site\" content=\"@ubirataonline\" \/>\n<meta name=\"twitter:label1\" content=\"Written by\" \/>\n\t<meta name=\"twitter:data1\" content=\"REDA\u00c7\u00c3O: UBIRAT\u00c3 ONLINE - F\u00c1BIO AUGUSTO CELESTINO\" \/>\n\t<meta name=\"twitter:label2\" content=\"Est. reading time\" \/>\n\t<meta name=\"twitter:data2\" content=\"3 minutes\" \/>\n<script type=\"application\/ld+json\" class=\"yoast-schema-graph\">{\"@context\":\"https:\\\/\\\/schema.org\",\"@graph\":[{\"@type\":\"NewsArticle\",\"@id\":\"https:\\\/\\\/ubirataonline.com.br\\\/congresso-nacional-suspende-visitacao-publica-neste-fim-de-semana-e-feriado-de-7-de-setembro\\\/#article\",\"isPartOf\":{\"@id\":\"https:\\\/\\\/ubirataonline.com.br\\\/congresso-nacional-suspende-visitacao-publica-neste-fim-de-semana-e-feriado-de-7-de-setembro\\\/\"},\"author\":{\"name\":\"REDA\u00c7\u00c3O: UBIRAT\u00c3 ONLINE - F\u00c1BIO AUGUSTO CELESTINO\",\"@id\":\"https:\\\/\\\/ubirataonline.com.br\\\/#\\\/schema\\\/person\\\/372f87bbd3fdd79b8556b84c98d0bc1c\"},\"headline\":\"Congresso Nacional suspende visita\u00e7\u00e3o p\u00fablica neste fim de semana e feriado de 7 de setembro\",\"datePublished\":\"2026-09-04T23:31:27+00:00\",\"mainEntityOfPage\":{\"@id\":\"https:\\\/\\\/ubirataonline.com.br\\\/congresso-nacional-suspende-visitacao-publica-neste-fim-de-semana-e-feriado-de-7-de-setembro\\\/\"},\"wordCount\":557,\"publisher\":{\"@id\":\"https:\\\/\\\/ubirataonline.com.br\\\/#organization\"},\"image\":{\"@id\":\"https:\\\/\\\/ubirataonline.com.br\\\/congresso-nacional-suspende-visitacao-publica-neste-fim-de-semana-e-feriado-de-7-de-setembro\\\/#primaryimage\"},\"thumbnailUrl\":\"https:\\\/\\\/ubirataonline.com.br\\\/wp-content\\\/uploads\\\/2026\\\/09\\\/maaimg-post-170821-20260904-233143.webp\",\"articleSection\":[\"Brasil\"],\"inLanguage\":\"en-US\",\"copyrightYear\":\"2026\",\"copyrightHolder\":{\"@id\":\"https:\\\/\\\/ubirataonline.com.br\\\/en\\\/#organization\"}},{\"@type\":\"WebPage\",\"@id\":\"https:\\\/\\\/ubirataonline.com.br\\\/congresso-nacional-suspende-visitacao-publica-neste-fim-de-semana-e-feriado-de-7-de-setembro\\\/\",\"url\":\"https:\\\/\\\/ubirataonline.com.br\\\/congresso-nacional-suspende-visitacao-publica-neste-fim-de-semana-e-feriado-de-7-de-setembro\\\/\",\"name\":\"Congresso Nacional suspende visita\u00e7\u00e3o p\u00fablica neste fim de semana e feriado de 7 de setembro - Ubirat\u00e3 Online Not\u00edcias - A realidade ao seu alcance!\",\"isPartOf\":{\"@id\":\"https:\\\/\\\/ubirataonline.com.br\\\/#website\"},\"primaryImageOfPage\":{\"@id\":\"https:\\\/\\\/ubirataonline.com.br\\\/congresso-nacional-suspende-visitacao-publica-neste-fim-de-semana-e-feriado-de-7-de-setembro\\\/#primaryimage\"},\"image\":{\"@id\":\"https:\\\/\\\/ubirataonline.com.br\\\/congresso-nacional-suspende-visitacao-publica-neste-fim-de-semana-e-feriado-de-7-de-setembro\\\/#primaryimage\"},\"thumbnailUrl\":\"https:\\\/\\\/ubirataonline.com.br\\\/wp-content\\\/uploads\\\/2026\\\/09\\\/maaimg-post-170821-20260904-233143.webp\",\"datePublished\":\"2026-09-04T23:31:27+00:00\",\"description\":\"O Pal\u00e1cio do Congresso Nacional, em Bras\u00edlia, estar\u00e1 temporariamente fechado para o p\u00fablico durante o feriado prolongado de 7 de setembro. Quem planejava\",\"breadcrumb\":{\"@id\":\"https:\\\/\\\/ubirataonline.com.br\\\/congresso-nacional-suspende-visitacao-publica-neste-fim-de-semana-e-feriado-de-7-de-setembro\\\/#breadcrumb\"},\"inLanguage\":\"en-US\",\"potentialAction\":[{\"@type\":\"ReadAction\",\"target\":[\"https:\\\/\\\/ubirataonline.com.br\\\/congresso-nacional-suspende-visitacao-publica-neste-fim-de-semana-e-feriado-de-7-de-setembro\\\/\"]}]},{\"@type\":\"ImageObject\",\"inLanguage\":\"en-US\",\"@id\":\"https:\\\/\\\/ubirataonline.com.br\\\/congresso-nacional-suspende-visitacao-publica-neste-fim-de-semana-e-feriado-de-7-de-setembro\\\/#primaryimage\",\"url\":\"https:\\\/\\\/ubirataonline.com.br\\\/wp-content\\\/uploads\\\/2026\\\/09\\\/maaimg-post-170821-20260904-233143.webp\",\"contentUrl\":\"https:\\\/\\\/ubirataonline.com.br\\\/wp-content\\\/uploads\\\/2026\\\/09\\\/maaimg-post-170821-20260904-233143.webp\",\"width\":1536,\"height\":1024,\"caption\":\"Imagem ilustrativa Gerada por IA\"},{\"@type\":\"BreadcrumbList\",\"@id\":\"https:\\\/\\\/ubirataonline.com.br\\\/congresso-nacional-suspende-visitacao-publica-neste-fim-de-semana-e-feriado-de-7-de-setembro\\\/#breadcrumb\",\"itemListElement\":[{\"@type\":\"ListItem\",\"position\":1,\"name\":\"In\u00edcio\",\"item\":\"https:\\\/\\\/ubirataonline.com.br\\\/\"},{\"@type\":\"ListItem\",\"position\":2,\"name\":\"Congresso Nacional suspende visita\u00e7\u00e3o p\u00fablica neste fim de semana e feriado de 7 de setembro\"}]},{\"@type\":\"WebSite\",\"@id\":\"https:\\\/\\\/ubirataonline.com.br\\\/#website\",\"url\":\"https:\\\/\\\/ubirataonline.com.br\\\/\",\"name\":\"Ubirat\u00e3 Online Not\u00edcias\",\"description\":\"Not\u00edcias de Ubirat\u00e3, regi\u00e3o, Brasil e mundo, com informa\u00e7\u00e3o atualizada e compromisso com o leitor.\",\"publisher\":{\"@id\":\"https:\\\/\\\/ubirataonline.com.br\\\/#organization\"},\"alternateName\":\"Ubirat\u00e3 Online\",\"potentialAction\":[{\"@type\":\"SearchAction\",\"target\":{\"@type\":\"EntryPoint\",\"urlTemplate\":\"https:\\\/\\\/ubirataonline.com.br\\\/?s={search_term_string}\"},\"query-input\":{\"@type\":\"PropertyValueSpecification\",\"valueRequired\":true,\"valueName\":\"search_term_string\"}}],\"inLanguage\":\"en-US\"},{\"@type\":[\"Organization\",\"Place\"],\"@id\":\"https:\\\/\\\/ubirataonline.com.br\\\/#organization\",\"name\":\"Ubirat\u00e3 Online Not\u00edcias\",\"alternateName\":\"Ubirat\u00e3 Online\",\"url\":\"https:\\\/\\\/ubirataonline.com.br\\\/\",\"logo\":{\"@id\":\"https:\\\/\\\/ubirataonline.com.br\\\/congresso-nacional-suspende-visitacao-publica-neste-fim-de-semana-e-feriado-de-7-de-setembro\\\/#local-main-organization-logo\"},\"image\":{\"@id\":\"https:\\\/\\\/ubirataonline.com.br\\\/congresso-nacional-suspende-visitacao-publica-neste-fim-de-semana-e-feriado-de-7-de-setembro\\\/#local-main-organization-logo\"},\"sameAs\":[\"https:\\\/\\\/www.facebook.com\\\/portalubirataonline\",\"https:\\\/\\\/x.com\\\/ubirataonline\",\"https:\\\/\\\/mastodon.social\\\/@ubirataonline\",\"https:\\\/\\\/www.facebook.com\\\/groups\\\/311144672285604\",\"https:\\\/\\\/www.facebook.com\\\/UBTAOnline\",\"https:\\\/\\\/www.instagram.com\\\/portalubirataonline\\\/\",\"https:\\\/\\\/twitter.com\\\/ubirataonline\"],\"description\":\"Somos um portal de not\u00edcias independente, criado em 5 de janeiro de 2009, com o objetivo de informar, conectar e valorizar a nossa comunidade de Ubirat\u00e3 e toda aregi\u00e3o. Com conte\u00fado atualizado, confi\u00e1vel e relevante, o Ubirat\u00e3 Online \u00e9 o seu espa\u00e7o para ficar por dentro dos principais acontecimentos locais, regionais, Brasil, Mundo e de interesse geral. Nosso compromisso \u00e9 com a verdade, a transpar\u00eancia e o respeito ao leitor.\",\"legalName\":\"UBIRATA ONLINE NOT\u00cdCIAS\",\"foundingDate\":\"2009-01-05\",\"numberOfEmployees\":{\"@type\":\"QuantitativeValue\",\"minValue\":\"1\",\"maxValue\":\"10\"},\"publishingPrinciples\":\"https:\\\/\\\/ubirataonline.com.br\\\/faq\\\/\",\"address\":{\"@id\":\"https:\\\/\\\/ubirataonline.com.br\\\/congresso-nacional-suspende-visitacao-publica-neste-fim-de-semana-e-feriado-de-7-de-setembro\\\/#local-main-place-address\"},\"geo\":{\"@type\":\"GeoCoordinates\",\"latitude\":\"-24.5361401\",\"longitude\":\"-52.9921776\"},\"telephone\":[\"+5544998308235\"],\"contactPoint\":{\"@type\":\"ContactPoint\",\"email\":\"contato@ubirataonline.com.br\"},\"openingHoursSpecification\":{\"@type\":\"OpeningHoursSpecification\",\"dayOfWeek\":[\"Monday\",\"Tuesday\",\"Wednesday\",\"Thursday\",\"Friday\",\"Saturday\",\"Sunday\"],\"opens\":\"00:00\",\"closes\":\"23:59\"},\"email\":\"contato@ubirataonline.com.br\",\"vatID\":\"47.621.418\\\/0001-80\"},{\"@type\":\"Person\",\"@id\":\"https:\\\/\\\/ubirataonline.com.br\\\/#\\\/schema\\\/person\\\/372f87bbd3fdd79b8556b84c98d0bc1c\",\"name\":\"REDA\u00c7\u00c3O: UBIRAT\u00c3 ONLINE - F\u00c1BIO AUGUSTO CELESTINO\",\"pronouns\":\"Ele\",\"description\":\"Desde 2003 trabalhando com not\u00edcias.\",\"sameAs\":[\"http:\\\/\\\/ubirataoline.com.br\",\"https:\\\/\\\/www.facebook.com\\\/portalubirataonline\",\"https:\\\/\\\/www.instagram.com\\\/ubirataonline_oficial\",\"https:\\\/\\\/x.com\\\/x.com\\\/ubirataonline\"],\"honorificPrefix\":\"Mr.\",\"honorificSuffix\":\"MD\",\"birthDate\":\"1980-06-16\",\"gender\":\"masculino\",\"award\":[\"V\u00e1rios pr\u00eamios de melhor portal da cidade\"],\"jobTitle\":\"Diretor\",\"url\":\"https:\\\/\\\/ubirataonline.com.br\\\/en\\\/author\\\/ubirataonline\\\/\"},{\"@type\":\"PostalAddress\",\"@id\":\"https:\\\/\\\/ubirataonline.com.br\\\/congresso-nacional-suspende-visitacao-publica-neste-fim-de-semana-e-feriado-de-7-de-setembro\\\/#local-main-place-address\",\"streetAddress\":\"Rua dos Coqueiros, 104 - Bairro Boa Vista, Rua dos Coqueiros, 104 Bairro Boa Vista\",\"addressLocality\":\"UBIRATA\",\"postalCode\":\"85440-000\",\"addressRegion\":\"PR\",\"addressCountry\":\"BR\"},{\"@type\":\"ImageObject\",\"inLanguage\":\"en-US\",\"@id\":\"https:\\\/\\\/ubirataonline.com.br\\\/congresso-nacional-suspende-visitacao-publica-neste-fim-de-semana-e-feriado-de-7-de-setembro\\\/#local-main-organization-logo\",\"url\":\"https:\\\/\\\/ubirataonline.com.br\\\/wp-content\\\/uploads\\\/2026\\\/06\\\/logoubirataonline-1.webp\",\"contentUrl\":\"https:\\\/\\\/ubirataonline.com.br\\\/wp-content\\\/uploads\\\/2026\\\/06\\\/logoubirataonline-1.webp\",\"width\":500,\"height\":500,\"caption\":\"Ubirat\u00e3 Online Not\u00edcias\"}]}<\/script>\n<meta name=\"geo.placename\" content=\"UBIRATA\" \/>\n<meta name=\"geo.position\" content=\"-24.5361401;-52.9921776\" \/>\n<meta name=\"geo.region\" content=\"Brazil\" \/>\n<!-- \/ Yoast SEO Premium plugin. -->","yoast_head_json":{"title":"Congresso Nacional suspende visita\u00e7\u00e3o p\u00fablica neste fim de semana e feriado de 7 de setembro - Ubirat\u00e3 Online Not\u00edcias - A realidade ao seu alcance!","description":"O Pal\u00e1cio do Congresso Nacional, em Bras\u00edlia, estar\u00e1 temporariamente fechado para o p\u00fablico durante o feriado prolongado de 7 de setembro. Quem planejava","robots":{"index":"index","follow":"follow","max-snippet":"max-snippet:-1","max-image-preview":"max-image-preview:large","max-video-preview":"max-video-preview:-1"},"canonical":"https:\/\/ubirataonline.com.br\/en\/congresso-nacional-suspende-visitacao-publica-neste-fim-de-semana-e-feriado-de-7-de-setembro\/","og_locale":"en_US","og_type":"article","og_title":"Congresso Nacional suspende visita\u00e7\u00e3o p\u00fablica neste fim de semana e feriado de 7 de setembro","og_description":"O Pal\u00e1cio do Congresso Nacional, em Bras\u00edlia, estar\u00e1 temporariamente fechado para o p\u00fablico durante o feriado prolongado de 7 de setembro. Quem planejava","og_url":"https:\/\/ubirataonline.com.br\/en\/congresso-nacional-suspende-visitacao-publica-neste-fim-de-semana-e-feriado-de-7-de-setembro\/","og_site_name":"Ubirat\u00e3 Online Not\u00edcias - A realidade ao seu alcance!","article_publisher":"https:\/\/www.facebook.com\/portalubirataonline","article_author":"https:\/\/www.facebook.com\/portalubirataonline","article_published_time":"2026-09-04T23:31:27+00:00","og_image":[{"width":1531,"height":418,"url":"https:\/\/ubirataonline.com.br\/wp-content\/uploads\/2026\/05\/logo2026.webp","type":"image\/webp"}],"author":"REDA\u00c7\u00c3O: UBIRAT\u00c3 ONLINE - F\u00c1BIO AUGUSTO CELESTINO","twitter_card":"summary_large_image","twitter_creator":"@x.com\/ubirataonline","twitter_site":"@ubirataonline","twitter_misc":{"Written by":"REDA\u00c7\u00c3O: UBIRAT\u00c3 ONLINE - F\u00c1BIO AUGUSTO CELESTINO","Est. reading time":"3 minutes"},"schema":{"@context":"https:\/\/schema.org","@graph":[{"@type":"NewsArticle","@id":"https:\/\/ubirataonline.com.br\/congresso-nacional-suspende-visitacao-publica-neste-fim-de-semana-e-feriado-de-7-de-setembro\/#article","isPartOf":{"@id":"https:\/\/ubirataonline.com.br\/congresso-nacional-suspende-visitacao-publica-neste-fim-de-semana-e-feriado-de-7-de-setembro\/"},"author":{"name":"REDA\u00c7\u00c3O: UBIRAT\u00c3 ONLINE - F\u00c1BIO AUGUSTO CELESTINO","@id":"https:\/\/ubirataonline.com.br\/#\/schema\/person\/372f87bbd3fdd79b8556b84c98d0bc1c"},"headline":"Congresso Nacional suspende visita\u00e7\u00e3o p\u00fablica neste fim de semana e feriado de 7 de setembro","datePublished":"2026-09-04T23:31:27+00:00","mainEntityOfPage":{"@id":"https:\/\/ubirataonline.com.br\/congresso-nacional-suspende-visitacao-publica-neste-fim-de-semana-e-feriado-de-7-de-setembro\/"},"wordCount":557,"publisher":{"@id":"https:\/\/ubirataonline.com.br\/#organization"},"image":{"@id":"https:\/\/ubirataonline.com.br\/congresso-nacional-suspende-visitacao-publica-neste-fim-de-semana-e-feriado-de-7-de-setembro\/#primaryimage"},"thumbnailUrl":"https:\/\/ubirataonline.com.br\/wp-content\/uploads\/2026\/09\/maaimg-post-170821-20260904-233143.webp","articleSection":["Brasil"],"inLanguage":"en-US","copyrightYear":"2026","copyrightHolder":{"@id":"https:\/\/ubirataonline.com.br\/en\/#organization"}},{"@type":"WebPage","@id":"https:\/\/ubirataonline.com.br\/congresso-nacional-suspende-visitacao-publica-neste-fim-de-semana-e-feriado-de-7-de-setembro\/","url":"https:\/\/ubirataonline.com.br\/congresso-nacional-suspende-visitacao-publica-neste-fim-de-semana-e-feriado-de-7-de-setembro\/","name":"Congresso Nacional suspende visita\u00e7\u00e3o p\u00fablica neste fim de semana e feriado de 7 de setembro - Ubirat\u00e3 Online Not\u00edcias - A realidade ao seu alcance!","isPartOf":{"@id":"https:\/\/ubirataonline.com.br\/#website"},"primaryImageOfPage":{"@id":"https:\/\/ubirataonline.com.br\/congresso-nacional-suspende-visitacao-publica-neste-fim-de-semana-e-feriado-de-7-de-setembro\/#primaryimage"},"image":{"@id":"https:\/\/ubirataonline.com.br\/congresso-nacional-suspende-visitacao-publica-neste-fim-de-semana-e-feriado-de-7-de-setembro\/#primaryimage"},"thumbnailUrl":"https:\/\/ubirataonline.com.br\/wp-content\/uploads\/2026\/09\/maaimg-post-170821-20260904-233143.webp","datePublished":"2026-09-04T23:31:27+00:00","description":"O Pal\u00e1cio do Congresso Nacional, em Bras\u00edlia, estar\u00e1 temporariamente fechado para o p\u00fablico durante o feriado prolongado de 7 de setembro. Quem planejava","breadcrumb":{"@id":"https:\/\/ubirataonline.com.br\/congresso-nacional-suspende-visitacao-publica-neste-fim-de-semana-e-feriado-de-7-de-setembro\/#breadcrumb"},"inLanguage":"en-US","potentialAction":[{"@type":"ReadAction","target":["https:\/\/ubirataonline.com.br\/congresso-nacional-suspende-visitacao-publica-neste-fim-de-semana-e-feriado-de-7-de-setembro\/"]}]},{"@type":"ImageObject","inLanguage":"en-US","@id":"https:\/\/ubirataonline.com.br\/congresso-nacional-suspende-visitacao-publica-neste-fim-de-semana-e-feriado-de-7-de-setembro\/#primaryimage","url":"https:\/\/ubirataonline.com.br\/wp-content\/uploads\/2026\/09\/maaimg-post-170821-20260904-233143.webp","contentUrl":"https:\/\/ubirataonline.com.br\/wp-content\/uploads\/2026\/09\/maaimg-post-170821-20260904-233143.webp","width":1536,"height":1024,"caption":"Imagem ilustrativa Gerada por IA"},{"@type":"BreadcrumbList","@id":"https:\/\/ubirataonline.com.br\/congresso-nacional-suspende-visitacao-publica-neste-fim-de-semana-e-feriado-de-7-de-setembro\/#breadcrumb","itemListElement":[{"@type":"ListItem","position":1,"name":"In\u00edcio","item":"https:\/\/ubirataonline.com.br\/"},{"@type":"ListItem","position":2,"name":"Congresso Nacional suspende visita\u00e7\u00e3o p\u00fablica neste fim de semana e feriado de 7 de setembro"}]},{"@type":"WebSite","@id":"https:\/\/ubirataonline.com.br\/#website","url":"https:\/\/ubirataonline.com.br\/","name":"Ubirat\u00e3 Online Not\u00edcias","description":"Not\u00edcias de Ubirat\u00e3, regi\u00e3o, Brasil e mundo, com informa\u00e7\u00e3o atualizada e compromisso com o leitor.","publisher":{"@id":"https:\/\/ubirataonline.com.br\/#organization"},"alternateName":"Ubirat\u00e3 Online","potentialAction":[{"@type":"SearchAction","target":{"@type":"EntryPoint","urlTemplate":"https:\/\/ubirataonline.com.br\/?s={search_term_string}"},"query-input":{"@type":"PropertyValueSpecification","valueRequired":true,"valueName":"search_term_string"}}],"inLanguage":"en-US"},{"@type":["Organization","Place"],"@id":"https:\/\/ubirataonline.com.br\/#organization","name":"Ubirat\u00e3 Online Not\u00edcias","alternateName":"Ubirat\u00e3 Online","url":"https:\/\/ubirataonline.com.br\/","logo":{"@id":"https:\/\/ubirataonline.com.br\/congresso-nacional-suspende-visitacao-publica-neste-fim-de-semana-e-feriado-de-7-de-setembro\/#local-main-organization-logo"},"image":{"@id":"https:\/\/ubirataonline.com.br\/congresso-nacional-suspende-visitacao-publica-neste-fim-de-semana-e-feriado-de-7-de-setembro\/#local-main-organization-logo"},"sameAs":["https:\/\/www.facebook.com\/portalubirataonline","https:\/\/x.com\/ubirataonline","https:\/\/mastodon.social\/@ubirataonline","https:\/\/www.facebook.com\/groups\/311144672285604","https:\/\/www.facebook.com\/UBTAOnline","https:\/\/www.instagram.com\/portalubirataonline\/","https:\/\/twitter.com\/ubirataonline"],"description":"Somos um portal de not\u00edcias independente, criado em 5 de janeiro de 2009, com o objetivo de informar, conectar e valorizar a nossa comunidade de Ubirat\u00e3 e toda aregi\u00e3o. Com conte\u00fado atualizado, confi\u00e1vel e relevante, o Ubirat\u00e3 Online \u00e9 o seu espa\u00e7o para ficar por dentro dos principais acontecimentos locais, regionais, Brasil, Mundo e de interesse geral. Nosso compromisso \u00e9 com a verdade, a transpar\u00eancia e o respeito ao leitor.","legalName":"UBIRATA ONLINE NOT\u00cdCIAS","foundingDate":"2009-01-05","numberOfEmployees":{"@type":"QuantitativeValue","minValue":"1","maxValue":"10"},"publishingPrinciples":"https:\/\/ubirataonline.com.br\/faq\/","address":{"@id":"https:\/\/ubirataonline.com.br\/congresso-nacional-suspende-visitacao-publica-neste-fim-de-semana-e-feriado-de-7-de-setembro\/#local-main-place-address"},"geo":{"@type":"GeoCoordinates","latitude":"-24.5361401","longitude":"-52.9921776"},"telephone":["+5544998308235"],"contactPoint":{"@type":"ContactPoint","email":"contato@ubirataonline.com.br"},"openingHoursSpecification":{"@type":"OpeningHoursSpecification","dayOfWeek":["Monday","Tuesday","Wednesday","Thursday","Friday","Saturday","Sunday"],"opens":"00:00","closes":"23:59"},"email":"contato@ubirataonline.com.br","vatID":"47.621.418\/0001-80"},{"@type":"Person","@id":"https:\/\/ubirataonline.com.br\/#\/schema\/person\/372f87bbd3fdd79b8556b84c98d0bc1c","name":"REDA\u00c7\u00c3O: UBIRAT\u00c3 ONLINE - F\u00c1BIO AUGUSTO CELESTINO","pronouns":"Ele","description":"Desde 2003 trabalhando com not\u00edcias.","sameAs":["http:\/\/ubirataoline.com.br","https:\/\/www.facebook.com\/portalubirataonline","https:\/\/www.instagram.com\/ubirataonline_oficial","https:\/\/x.com\/x.com\/ubirataonline"],"honorificPrefix":"Mr.","honorificSuffix":"MD","birthDate":"1980-06-16","gender":"masculino","award":["V\u00e1rios pr\u00eamios de melhor portal da cidade"],"jobTitle":"Diretor","url":"https:\/\/ubirataonline.com.br\/en\/author\/ubirataonline\/"},{"@type":"PostalAddress","@id":"https:\/\/ubirataonline.com.br\/congresso-nacional-suspende-visitacao-publica-neste-fim-de-semana-e-feriado-de-7-de-setembro\/#local-main-place-address","streetAddress":"Rua dos Coqueiros, 104 - Bairro Boa Vista, Rua dos Coqueiros, 104 Bairro Boa Vista","addressLocality":"UBIRATA","postalCode":"85440-000","addressRegion":"PR","addressCountry":"BR"},{"@type":"ImageObject","inLanguage":"en-US","@id":"https:\/\/ubirataonline.com.br\/congresso-nacional-suspende-visitacao-publica-neste-fim-de-semana-e-feriado-de-7-de-setembro\/#local-main-organization-logo","url":"https:\/\/ubirataonline.com.br\/wp-content\/uploads\/2026\/06\/logoubirataonline-1.webp","contentUrl":"https:\/\/ubirataonline.com.br\/wp-content\/uploads\/2026\/06\/logoubirataonline-1.webp","width":500,"height":500,"caption":"Ubirat\u00e3 Online Not\u00edcias"}]},"geo.placename":"UBIRATA","geo.position":{"lat":"-24.5361401","long":"-52.9921776"},"geo.region":"Brazil"},"_links":{"self":[{"href":"https:\/\/ubirataonline.com.br\/en\/wp-json\/wp\/v2\/posts\/170821","targetHints":{"allow":["GET"]}}],"collection":[{"href":"https:\/\/ubirataonline.com.br\/en\/wp-json\/wp\/v2\/posts"}],"about":[{"href":"https:\/\/ubirataonline.com.br\/en\/wp-json\/wp\/v2\/types\/post"}],"author":[{"embeddable":true,"href":"https:\/\/ubirataonline.com.br\/en\/wp-json\/wp\/v2\/users\/1"}],"replies":[{"embeddable":true,"href":"https:\/\/ubirataonline.com.br\/en\/wp-json\/wp\/v2\/comments?post=170821"}],"version-history":[{"count":0,"href":"https:\/\/ubirataonline.com.br\/en\/wp-json\/wp\/v2\/posts\/170821\/revisions"}],"wp:featuredmedia":[{"embeddable":true,"href":"https:\/\/ubirataonline.com.br\/en\/wp-json\/wp\/v2\/media\/170822"}],"wp:attachment":[{"href":"https:\/\/ubirataonline.com.br\/en\/wp-json\/wp\/v2\/media?parent=170821"}],"wp:term":[{"taxonomy":"category","embeddable":true,"href":"https:\/\/ubirataonline.com.br\/en\/wp-json\/wp\/v2\/categories?post=170821"},{"taxonomy":"post_tag","embeddable":true,"href":"https:\/\/ubirataonline.com.br\/en\/wp-json\/wp\/v2\/tags?post=170821"}],"curies":[{"name":"wp","href":"https:\/\/api.w.org\/{rel}","templated":true}]}}