{"id":170856,"date":"2026-09-04T22:08:57","date_gmt":"2026-09-05T01:08:57","guid":{"rendered":"https:\/\/ubirataonline.com.br\/onu-aprova-resolucao-para-adotar-mapa-que-corrige-tamanhos-e-destaca-dimensao-da-africa\/"},"modified":"2026-09-04T22:08:57","modified_gmt":"2026-09-05T01:08:57","slug":"onu-aprova-resolucao-para-adotar-mapa-que-corrige-tamanhos-e-destaca-dimensao-da-africa","status":"publish","type":"post","link":"https:\/\/ubirataonline.com.br\/en\/onu-aprova-resolucao-para-adotar-mapa-que-corrige-tamanhos-e-destaca-dimensao-da-africa\/","title":{"rendered":"ONU aprova resolu\u00e7\u00e3o para adotar mapa que corrige tamanhos e destaca dimens\u00e3o da \u00c1frica"},"content":{"rendered":"<h2>Resolu\u00e7\u00e3o &#8216;Correct the Map&#8217;, patrocinada por Togo e apoiada pela UA, recebeu 164 votos a favor; EUA foi o \u00fanico contra e h\u00e1 seis absten\u00e7\u00f5es.<\/h2>\n<p>A Assembleia Geral da ONU votou a resolu\u00e7\u00e3o conhecida como &#8220;Correct the Map&#8221; para substituir o mapa mundial tradicional por uma proje\u00e7\u00e3o que representa com mais precis\u00e3o o tamanho da \u00c1frica, segundo a BBC. A proposta foi aprovada com 164 votos a favor, uma absten\u00e7\u00e3o de seis pa\u00edses e os Estados Unidos como \u00fanico voto contra.<\/p>\n<h3>O que motivou a mudan\u00e7a<\/h3>\n<p>Critics apontam que a proje\u00e7\u00e3o de Mercator, usada amplamente desde o s\u00e9culo XVI, distorce as \u00e1reas ao representar pa\u00edses pr\u00f3ximos ao equador como menores e os pr\u00f3ximos aos polos como maiores. A BBC lembra que a proje\u00e7\u00e3o de Mercator, criada em 1569 por Gerardus Mercator, mostra a \u00c1frica com tamanho semelhante ao da Groenl\u00e2ndia, apesar de o continente ser cerca de 14 vezes maior.<\/p>\n<p>Um grupo de cart\u00f3grafos criou em 2018 a proje\u00e7\u00e3o denominada Equal Earth, que preserva propor\u00e7\u00f5es de \u00e1rea. Em fevereiro, os 54 Estados\u2011membros da Uni\u00e3o African a adotaram, segundo a BBC.<\/p>\n<h3>Rea\u00e7\u00f5es e argumentos<\/h3>\n<p>O texto da BBC registra diferentes posicionamentos. O ministro das Rela\u00e7\u00f5es Exteriores de Togo, Robert Dussey, disse \u00e0 ag\u00eancia Reuters: &#8220;Um mundo justo come\u00e7a com um mapa justo&#8221;; em um briefing na ONU, ele afirmou tamb\u00e9m que &#8220;um mapa nunca \u00e9 neutro&#8221; e que ele molda percep\u00e7\u00f5es sobre povos e continentes.<\/p>\n<p>O ministro das Rela\u00e7\u00f5es Exteriores da France, Jean\u2011No\u00ebl Barrot, informou que o seu minist\u00e9rio deixar\u00e1 de usar o mapa de Mercator e declarou: &quot;Mudar o mapa obviamente n\u00e3o muda o mundo. Mas corrigir uma representa\u00e7\u00e3o que o distorce j\u00e1 \u00e9 um ato de verdade.&quot;<\/p>\n<p>Por outro lado, Yaryna Ferencevych, representante dos EUA na ONU, criticou a resolu\u00e7\u00e3o, dizendo que ela ridiculariza o trabalho da Assembleia Geral ao debater projetos cartogr\u00e1ficos do s\u00e9culo XVI em vez de quest\u00f5es de paz e prosperidade.<\/p>\n<h3>Campanha e contexto<\/h3>\n<p>O movimento online #CorrectTheMap tem divulgado compara\u00e7\u00f5es para evidenciar a subrepresenta\u00e7\u00e3o da \u00c1frica em proje\u00e7\u00f5es tradicionais: o grupo afirmou que \u00e9 poss\u00edvel encaixar Estados Unidos, China, \u00cdndia, Jap\u00e3o, M\u00e9xico e grande parte da Europe dentro da \u00c1frica e ainda sobrar terra.<\/p>\n<p>O ge\u00f3grafo queniano Kioko Muendo comentou que mapas influenciam percep\u00e7\u00f5es pol\u00edticas e econ\u00f4micas sobre regi\u00f5es.<\/p>\n<h3>Notas adicionais<\/h3>\n<p>A BBC tamb\u00e9m registrou que, em 31 de julho, os Estados Unidos admitiram um &#8220;erro infeliz&#8221; ap\u00f3s rotular incorretamente pa\u00edses em um mapa da \u00c1frica. Em mar\u00e7o, a publica\u00e7\u00e3o informou que os EUA haviam criticado outra decis\u00e3o da ONU, que descreveu o com\u00e9rcio transatl\u00e2ntico de escravos como &#8220;o crime mais grave contra a humanidade&#8221;.<\/p>","protected":false},"excerpt":{"rendered":"<p>Resolu\u00e7\u00e3o &#8216;Correct the Map&#8217;, patrocinada por Togo e apoiada pela UA, recebeu 164 votos a favor; EUA foi o \u00fanico contra e h\u00e1 seis absten\u00e7\u00f5es. A Assembleia Geral da ONU votou a resolu\u00e7\u00e3o conhecida como &#8220;Correct the Map&#8221; para substituir o mapa mundial tradicional por uma proje\u00e7\u00e3o que representa com mais precis\u00e3o o tamanho da [&hellip;]<\/p>\n","protected":false},"author":1,"featured_media":170857,"comment_status":"","ping_status":"","sticky":false,"template":"","format":"standard","meta":{"googlesitekit_rrm_CAow2JLhCw:productID":"","_gspb_post_css":"","maa_idioma":"","maa_pais":"","footnotes":""},"categories":[40158],"tags":[],"class_list":["post-170856","post","type-post","status-publish","format-standard","has-post-thumbnail","hentry","category-world"],"blocksy_meta":[],"yoast_head":"<!-- This site is optimized with the Yoast SEO Premium plugin v27.6 (Yoast SEO v27.6) - https:\/\/yoast.com\/product\/yoast-seo-premium-wordpress\/ -->\n<title>ONU aprova resolu\u00e7\u00e3o para adotar mapa que corrige tamanhos e destaca dimens\u00e3o da \u00c1frica - Ubirat\u00e3 Online Not\u00edcias - A realidade ao seu alcance!<\/title>\n<meta name=\"description\" content=\"Resolu\u00e7\u00e3o &#039;Correct the Map&#039;, patrocinada por Togo e apoiada pela UA, recebeu 164 votos a favor; EUA foi o \u00fanico contra e h\u00e1 seis absten\u00e7\u00f5es. A Assembleia\" \/>\n<meta name=\"robots\" content=\"index, follow, max-snippet:-1, max-image-preview:large, max-video-preview:-1\" \/>\n<link rel=\"canonical\" href=\"https:\/\/ubirataonline.com.br\/en\/onu-aprova-resolucao-para-adotar-mapa-que-corrige-tamanhos-e-destaca-dimensao-da-africa\/\" \/>\n<meta property=\"og:locale\" content=\"en_US\" \/>\n<meta property=\"og:type\" content=\"article\" \/>\n<meta property=\"og:title\" content=\"ONU aprova resolu\u00e7\u00e3o para adotar mapa que corrige tamanhos e destaca dimens\u00e3o da \u00c1frica\" \/>\n<meta property=\"og:description\" content=\"Resolu\u00e7\u00e3o &#039;Correct the Map&#039;, patrocinada por Togo e apoiada pela UA, recebeu 164 votos a favor; EUA foi o \u00fanico contra e h\u00e1 seis absten\u00e7\u00f5es. A Assembleia\" \/>\n<meta property=\"og:url\" content=\"https:\/\/ubirataonline.com.br\/en\/onu-aprova-resolucao-para-adotar-mapa-que-corrige-tamanhos-e-destaca-dimensao-da-africa\/\" \/>\n<meta property=\"og:site_name\" content=\"Ubirat\u00e3 Online Not\u00edcias - A realidade ao seu alcance!\" \/>\n<meta property=\"article:publisher\" content=\"https:\/\/www.facebook.com\/portalubirataonline\" \/>\n<meta property=\"article:author\" content=\"https:\/\/www.facebook.com\/portalubirataonline\" \/>\n<meta property=\"article:published_time\" content=\"2026-09-05T01:08:57+00:00\" \/>\n<meta property=\"og:image\" content=\"https:\/\/ubirataonline.com.br\/wp-content\/uploads\/2026\/05\/logo2026.webp\" \/>\n\t<meta property=\"og:image:width\" content=\"1531\" \/>\n\t<meta property=\"og:image:height\" content=\"418\" \/>\n\t<meta property=\"og:image:type\" content=\"image\/webp\" \/>\n<meta name=\"author\" content=\"REDA\u00c7\u00c3O: UBIRAT\u00c3 ONLINE - F\u00c1BIO AUGUSTO CELESTINO\" \/>\n<meta name=\"twitter:card\" content=\"summary_large_image\" \/>\n<meta name=\"twitter:creator\" content=\"@x.com\/ubirataonline\" \/>\n<meta name=\"twitter:site\" content=\"@ubirataonline\" \/>\n<meta name=\"twitter:label1\" content=\"Written by\" \/>\n\t<meta name=\"twitter:data1\" content=\"REDA\u00c7\u00c3O: UBIRAT\u00c3 ONLINE - F\u00c1BIO AUGUSTO CELESTINO\" \/>\n\t<meta name=\"twitter:label2\" content=\"Est. reading time\" \/>\n\t<meta name=\"twitter:data2\" content=\"2 minutes\" \/>\n<script type=\"application\/ld+json\" class=\"yoast-schema-graph\">{\"@context\":\"https:\\\/\\\/schema.org\",\"@graph\":[{\"@type\":\"NewsArticle\",\"@id\":\"https:\\\/\\\/ubirataonline.com.br\\\/onu-aprova-resolucao-para-adotar-mapa-que-corrige-tamanhos-e-destaca-dimensao-da-africa\\\/#article\",\"isPartOf\":{\"@id\":\"https:\\\/\\\/ubirataonline.com.br\\\/onu-aprova-resolucao-para-adotar-mapa-que-corrige-tamanhos-e-destaca-dimensao-da-africa\\\/\"},\"author\":{\"name\":\"REDA\u00c7\u00c3O: UBIRAT\u00c3 ONLINE - F\u00c1BIO AUGUSTO CELESTINO\",\"@id\":\"https:\\\/\\\/ubirataonline.com.br\\\/#\\\/schema\\\/person\\\/372f87bbd3fdd79b8556b84c98d0bc1c\"},\"headline\":\"ONU aprova resolu\u00e7\u00e3o para adotar mapa que corrige tamanhos e destaca dimens\u00e3o da \u00c1frica\",\"datePublished\":\"2026-09-05T01:08:57+00:00\",\"mainEntityOfPage\":{\"@id\":\"https:\\\/\\\/ubirataonline.com.br\\\/onu-aprova-resolucao-para-adotar-mapa-que-corrige-tamanhos-e-destaca-dimensao-da-africa\\\/\"},\"wordCount\":492,\"publisher\":{\"@id\":\"https:\\\/\\\/ubirataonline.com.br\\\/#organization\"},\"image\":{\"@id\":\"https:\\\/\\\/ubirataonline.com.br\\\/onu-aprova-resolucao-para-adotar-mapa-que-corrige-tamanhos-e-destaca-dimensao-da-africa\\\/#primaryimage\"},\"thumbnailUrl\":\"https:\\\/\\\/ubirataonline.com.br\\\/wp-content\\\/uploads\\\/2026\\\/09\\\/maaimg-post-170856-20260905-010914.webp\",\"articleSection\":[\"World\"],\"inLanguage\":\"en-US\",\"copyrightYear\":\"2026\",\"copyrightHolder\":{\"@id\":\"https:\\\/\\\/ubirataonline.com.br\\\/en\\\/#organization\"}},{\"@type\":\"WebPage\",\"@id\":\"https:\\\/\\\/ubirataonline.com.br\\\/onu-aprova-resolucao-para-adotar-mapa-que-corrige-tamanhos-e-destaca-dimensao-da-africa\\\/\",\"url\":\"https:\\\/\\\/ubirataonline.com.br\\\/onu-aprova-resolucao-para-adotar-mapa-que-corrige-tamanhos-e-destaca-dimensao-da-africa\\\/\",\"name\":\"ONU aprova resolu\u00e7\u00e3o para adotar mapa que corrige tamanhos e destaca dimens\u00e3o da \u00c1frica - Ubirat\u00e3 Online Not\u00edcias - A realidade ao seu alcance!\",\"isPartOf\":{\"@id\":\"https:\\\/\\\/ubirataonline.com.br\\\/#website\"},\"primaryImageOfPage\":{\"@id\":\"https:\\\/\\\/ubirataonline.com.br\\\/onu-aprova-resolucao-para-adotar-mapa-que-corrige-tamanhos-e-destaca-dimensao-da-africa\\\/#primaryimage\"},\"image\":{\"@id\":\"https:\\\/\\\/ubirataonline.com.br\\\/onu-aprova-resolucao-para-adotar-mapa-que-corrige-tamanhos-e-destaca-dimensao-da-africa\\\/#primaryimage\"},\"thumbnailUrl\":\"https:\\\/\\\/ubirataonline.com.br\\\/wp-content\\\/uploads\\\/2026\\\/09\\\/maaimg-post-170856-20260905-010914.webp\",\"datePublished\":\"2026-09-05T01:08:57+00:00\",\"description\":\"Resolu\u00e7\u00e3o 'Correct the Map', patrocinada por Togo e apoiada pela UA, recebeu 164 votos a favor; EUA foi o \u00fanico contra e h\u00e1 seis absten\u00e7\u00f5es. A Assembleia\",\"breadcrumb\":{\"@id\":\"https:\\\/\\\/ubirataonline.com.br\\\/onu-aprova-resolucao-para-adotar-mapa-que-corrige-tamanhos-e-destaca-dimensao-da-africa\\\/#breadcrumb\"},\"inLanguage\":\"en-US\",\"potentialAction\":[{\"@type\":\"ReadAction\",\"target\":[\"https:\\\/\\\/ubirataonline.com.br\\\/onu-aprova-resolucao-para-adotar-mapa-que-corrige-tamanhos-e-destaca-dimensao-da-africa\\\/\"]}]},{\"@type\":\"ImageObject\",\"inLanguage\":\"en-US\",\"@id\":\"https:\\\/\\\/ubirataonline.com.br\\\/onu-aprova-resolucao-para-adotar-mapa-que-corrige-tamanhos-e-destaca-dimensao-da-africa\\\/#primaryimage\",\"url\":\"https:\\\/\\\/ubirataonline.com.br\\\/wp-content\\\/uploads\\\/2026\\\/09\\\/maaimg-post-170856-20260905-010914.webp\",\"contentUrl\":\"https:\\\/\\\/ubirataonline.com.br\\\/wp-content\\\/uploads\\\/2026\\\/09\\\/maaimg-post-170856-20260905-010914.webp\",\"width\":1536,\"height\":1024,\"caption\":\"Imagem ilustrativa Gerada por IA\"},{\"@type\":\"BreadcrumbList\",\"@id\":\"https:\\\/\\\/ubirataonline.com.br\\\/onu-aprova-resolucao-para-adotar-mapa-que-corrige-tamanhos-e-destaca-dimensao-da-africa\\\/#breadcrumb\",\"itemListElement\":[{\"@type\":\"ListItem\",\"position\":1,\"name\":\"In\u00edcio\",\"item\":\"https:\\\/\\\/ubirataonline.com.br\\\/\"},{\"@type\":\"ListItem\",\"position\":2,\"name\":\"ONU aprova resolu\u00e7\u00e3o para adotar mapa que corrige tamanhos e destaca dimens\u00e3o da \u00c1frica\"}]},{\"@type\":\"WebSite\",\"@id\":\"https:\\\/\\\/ubirataonline.com.br\\\/#website\",\"url\":\"https:\\\/\\\/ubirataonline.com.br\\\/\",\"name\":\"Ubirat\u00e3 Online Not\u00edcias\",\"description\":\"Not\u00edcias de Ubirat\u00e3, regi\u00e3o, Brasil e mundo, com informa\u00e7\u00e3o atualizada e compromisso com o leitor.\",\"publisher\":{\"@id\":\"https:\\\/\\\/ubirataonline.com.br\\\/#organization\"},\"alternateName\":\"Ubirat\u00e3 Online\",\"potentialAction\":[{\"@type\":\"SearchAction\",\"target\":{\"@type\":\"EntryPoint\",\"urlTemplate\":\"https:\\\/\\\/ubirataonline.com.br\\\/?s={search_term_string}\"},\"query-input\":{\"@type\":\"PropertyValueSpecification\",\"valueRequired\":true,\"valueName\":\"search_term_string\"}}],\"inLanguage\":\"en-US\"},{\"@type\":[\"Organization\",\"Place\"],\"@id\":\"https:\\\/\\\/ubirataonline.com.br\\\/#organization\",\"name\":\"Ubirat\u00e3 Online Not\u00edcias\",\"alternateName\":\"Ubirat\u00e3 Online\",\"url\":\"https:\\\/\\\/ubirataonline.com.br\\\/\",\"logo\":{\"@id\":\"https:\\\/\\\/ubirataonline.com.br\\\/onu-aprova-resolucao-para-adotar-mapa-que-corrige-tamanhos-e-destaca-dimensao-da-africa\\\/#local-main-organization-logo\"},\"image\":{\"@id\":\"https:\\\/\\\/ubirataonline.com.br\\\/onu-aprova-resolucao-para-adotar-mapa-que-corrige-tamanhos-e-destaca-dimensao-da-africa\\\/#local-main-organization-logo\"},\"sameAs\":[\"https:\\\/\\\/www.facebook.com\\\/portalubirataonline\",\"https:\\\/\\\/x.com\\\/ubirataonline\",\"https:\\\/\\\/mastodon.social\\\/@ubirataonline\",\"https:\\\/\\\/www.facebook.com\\\/groups\\\/311144672285604\",\"https:\\\/\\\/www.facebook.com\\\/UBTAOnline\",\"https:\\\/\\\/www.instagram.com\\\/portalubirataonline\\\/\",\"https:\\\/\\\/twitter.com\\\/ubirataonline\"],\"description\":\"Somos um portal de not\u00edcias independente, criado em 5 de janeiro de 2009, com o objetivo de informar, conectar e valorizar a nossa comunidade de Ubirat\u00e3 e toda aregi\u00e3o. Com conte\u00fado atualizado, confi\u00e1vel e relevante, o Ubirat\u00e3 Online \u00e9 o seu espa\u00e7o para ficar por dentro dos principais acontecimentos locais, regionais, Brasil, Mundo e de interesse geral. Nosso compromisso \u00e9 com a verdade, a transpar\u00eancia e o respeito ao leitor.\",\"legalName\":\"UBIRATA ONLINE NOT\u00cdCIAS\",\"foundingDate\":\"2009-01-05\",\"numberOfEmployees\":{\"@type\":\"QuantitativeValue\",\"minValue\":\"1\",\"maxValue\":\"10\"},\"publishingPrinciples\":\"https:\\\/\\\/ubirataonline.com.br\\\/faq\\\/\",\"address\":{\"@id\":\"https:\\\/\\\/ubirataonline.com.br\\\/onu-aprova-resolucao-para-adotar-mapa-que-corrige-tamanhos-e-destaca-dimensao-da-africa\\\/#local-main-place-address\"},\"geo\":{\"@type\":\"GeoCoordinates\",\"latitude\":\"-24.5361401\",\"longitude\":\"-52.9921776\"},\"telephone\":[\"+5544998308235\"],\"contactPoint\":{\"@type\":\"ContactPoint\",\"email\":\"contato@ubirataonline.com.br\"},\"openingHoursSpecification\":{\"@type\":\"OpeningHoursSpecification\",\"dayOfWeek\":[\"Monday\",\"Tuesday\",\"Wednesday\",\"Thursday\",\"Friday\",\"Saturday\",\"Sunday\"],\"opens\":\"00:00\",\"closes\":\"23:59\"},\"email\":\"contato@ubirataonline.com.br\",\"vatID\":\"47.621.418\\\/0001-80\"},{\"@type\":\"Person\",\"@id\":\"https:\\\/\\\/ubirataonline.com.br\\\/#\\\/schema\\\/person\\\/372f87bbd3fdd79b8556b84c98d0bc1c\",\"name\":\"REDA\u00c7\u00c3O: UBIRAT\u00c3 ONLINE - F\u00c1BIO AUGUSTO CELESTINO\",\"pronouns\":\"Ele\",\"description\":\"Desde 2003 trabalhando com not\u00edcias.\",\"sameAs\":[\"http:\\\/\\\/ubirataoline.com.br\",\"https:\\\/\\\/www.facebook.com\\\/portalubirataonline\",\"https:\\\/\\\/www.instagram.com\\\/ubirataonline_oficial\",\"https:\\\/\\\/x.com\\\/x.com\\\/ubirataonline\"],\"honorificPrefix\":\"Mr.\",\"honorificSuffix\":\"MD\",\"birthDate\":\"1980-06-16\",\"gender\":\"masculino\",\"award\":[\"V\u00e1rios pr\u00eamios de melhor portal da cidade\"],\"jobTitle\":\"Diretor\",\"url\":\"https:\\\/\\\/ubirataonline.com.br\\\/en\\\/author\\\/ubirataonline\\\/\"},{\"@type\":\"PostalAddress\",\"@id\":\"https:\\\/\\\/ubirataonline.com.br\\\/onu-aprova-resolucao-para-adotar-mapa-que-corrige-tamanhos-e-destaca-dimensao-da-africa\\\/#local-main-place-address\",\"streetAddress\":\"Rua dos Coqueiros, 104 - Bairro Boa Vista, Rua dos Coqueiros, 104 Bairro Boa Vista\",\"addressLocality\":\"UBIRATA\",\"postalCode\":\"85440-000\",\"addressRegion\":\"PR\",\"addressCountry\":\"BR\"},{\"@type\":\"ImageObject\",\"inLanguage\":\"en-US\",\"@id\":\"https:\\\/\\\/ubirataonline.com.br\\\/onu-aprova-resolucao-para-adotar-mapa-que-corrige-tamanhos-e-destaca-dimensao-da-africa\\\/#local-main-organization-logo\",\"url\":\"https:\\\/\\\/ubirataonline.com.br\\\/wp-content\\\/uploads\\\/2026\\\/06\\\/logoubirataonline-1.webp\",\"contentUrl\":\"https:\\\/\\\/ubirataonline.com.br\\\/wp-content\\\/uploads\\\/2026\\\/06\\\/logoubirataonline-1.webp\",\"width\":500,\"height\":500,\"caption\":\"Ubirat\u00e3 Online Not\u00edcias\"}]}<\/script>\n<meta name=\"geo.placename\" content=\"UBIRATA\" \/>\n<meta name=\"geo.position\" content=\"-24.5361401;-52.9921776\" \/>\n<meta name=\"geo.region\" content=\"Brazil\" \/>\n<!-- \/ Yoast SEO Premium plugin. -->","yoast_head_json":{"title":"ONU aprova resolu\u00e7\u00e3o para adotar mapa que corrige tamanhos e destaca dimens\u00e3o da \u00c1frica - Ubirat\u00e3 Online Not\u00edcias - A realidade ao seu alcance!","description":"Resolu\u00e7\u00e3o 'Correct the Map', patrocinada por Togo e apoiada pela UA, recebeu 164 votos a favor; EUA foi o \u00fanico contra e h\u00e1 seis absten\u00e7\u00f5es. A Assembleia","robots":{"index":"index","follow":"follow","max-snippet":"max-snippet:-1","max-image-preview":"max-image-preview:large","max-video-preview":"max-video-preview:-1"},"canonical":"https:\/\/ubirataonline.com.br\/en\/onu-aprova-resolucao-para-adotar-mapa-que-corrige-tamanhos-e-destaca-dimensao-da-africa\/","og_locale":"en_US","og_type":"article","og_title":"ONU aprova resolu\u00e7\u00e3o para adotar mapa que corrige tamanhos e destaca dimens\u00e3o da \u00c1frica","og_description":"Resolu\u00e7\u00e3o 'Correct the Map', patrocinada por Togo e apoiada pela UA, recebeu 164 votos a favor; EUA foi o \u00fanico contra e h\u00e1 seis absten\u00e7\u00f5es. A Assembleia","og_url":"https:\/\/ubirataonline.com.br\/en\/onu-aprova-resolucao-para-adotar-mapa-que-corrige-tamanhos-e-destaca-dimensao-da-africa\/","og_site_name":"Ubirat\u00e3 Online Not\u00edcias - A realidade ao seu alcance!","article_publisher":"https:\/\/www.facebook.com\/portalubirataonline","article_author":"https:\/\/www.facebook.com\/portalubirataonline","article_published_time":"2026-09-05T01:08:57+00:00","og_image":[{"width":1531,"height":418,"url":"https:\/\/ubirataonline.com.br\/wp-content\/uploads\/2026\/05\/logo2026.webp","type":"image\/webp"}],"author":"REDA\u00c7\u00c3O: UBIRAT\u00c3 ONLINE - F\u00c1BIO AUGUSTO CELESTINO","twitter_card":"summary_large_image","twitter_creator":"@x.com\/ubirataonline","twitter_site":"@ubirataonline","twitter_misc":{"Written by":"REDA\u00c7\u00c3O: UBIRAT\u00c3 ONLINE - F\u00c1BIO AUGUSTO CELESTINO","Est. reading time":"2 minutes"},"schema":{"@context":"https:\/\/schema.org","@graph":[{"@type":"NewsArticle","@id":"https:\/\/ubirataonline.com.br\/onu-aprova-resolucao-para-adotar-mapa-que-corrige-tamanhos-e-destaca-dimensao-da-africa\/#article","isPartOf":{"@id":"https:\/\/ubirataonline.com.br\/onu-aprova-resolucao-para-adotar-mapa-que-corrige-tamanhos-e-destaca-dimensao-da-africa\/"},"author":{"name":"REDA\u00c7\u00c3O: UBIRAT\u00c3 ONLINE - F\u00c1BIO AUGUSTO CELESTINO","@id":"https:\/\/ubirataonline.com.br\/#\/schema\/person\/372f87bbd3fdd79b8556b84c98d0bc1c"},"headline":"ONU aprova resolu\u00e7\u00e3o para adotar mapa que corrige tamanhos e destaca dimens\u00e3o da \u00c1frica","datePublished":"2026-09-05T01:08:57+00:00","mainEntityOfPage":{"@id":"https:\/\/ubirataonline.com.br\/onu-aprova-resolucao-para-adotar-mapa-que-corrige-tamanhos-e-destaca-dimensao-da-africa\/"},"wordCount":492,"publisher":{"@id":"https:\/\/ubirataonline.com.br\/#organization"},"image":{"@id":"https:\/\/ubirataonline.com.br\/onu-aprova-resolucao-para-adotar-mapa-que-corrige-tamanhos-e-destaca-dimensao-da-africa\/#primaryimage"},"thumbnailUrl":"https:\/\/ubirataonline.com.br\/wp-content\/uploads\/2026\/09\/maaimg-post-170856-20260905-010914.webp","articleSection":["World"],"inLanguage":"en-US","copyrightYear":"2026","copyrightHolder":{"@id":"https:\/\/ubirataonline.com.br\/en\/#organization"}},{"@type":"WebPage","@id":"https:\/\/ubirataonline.com.br\/onu-aprova-resolucao-para-adotar-mapa-que-corrige-tamanhos-e-destaca-dimensao-da-africa\/","url":"https:\/\/ubirataonline.com.br\/onu-aprova-resolucao-para-adotar-mapa-que-corrige-tamanhos-e-destaca-dimensao-da-africa\/","name":"ONU aprova resolu\u00e7\u00e3o para adotar mapa que corrige tamanhos e destaca dimens\u00e3o da \u00c1frica - Ubirat\u00e3 Online Not\u00edcias - A realidade ao seu alcance!","isPartOf":{"@id":"https:\/\/ubirataonline.com.br\/#website"},"primaryImageOfPage":{"@id":"https:\/\/ubirataonline.com.br\/onu-aprova-resolucao-para-adotar-mapa-que-corrige-tamanhos-e-destaca-dimensao-da-africa\/#primaryimage"},"image":{"@id":"https:\/\/ubirataonline.com.br\/onu-aprova-resolucao-para-adotar-mapa-que-corrige-tamanhos-e-destaca-dimensao-da-africa\/#primaryimage"},"thumbnailUrl":"https:\/\/ubirataonline.com.br\/wp-content\/uploads\/2026\/09\/maaimg-post-170856-20260905-010914.webp","datePublished":"2026-09-05T01:08:57+00:00","description":"Resolu\u00e7\u00e3o 'Correct the Map', patrocinada por Togo e apoiada pela UA, recebeu 164 votos a favor; EUA foi o \u00fanico contra e h\u00e1 seis absten\u00e7\u00f5es. A Assembleia","breadcrumb":{"@id":"https:\/\/ubirataonline.com.br\/onu-aprova-resolucao-para-adotar-mapa-que-corrige-tamanhos-e-destaca-dimensao-da-africa\/#breadcrumb"},"inLanguage":"en-US","potentialAction":[{"@type":"ReadAction","target":["https:\/\/ubirataonline.com.br\/onu-aprova-resolucao-para-adotar-mapa-que-corrige-tamanhos-e-destaca-dimensao-da-africa\/"]}]},{"@type":"ImageObject","inLanguage":"en-US","@id":"https:\/\/ubirataonline.com.br\/onu-aprova-resolucao-para-adotar-mapa-que-corrige-tamanhos-e-destaca-dimensao-da-africa\/#primaryimage","url":"https:\/\/ubirataonline.com.br\/wp-content\/uploads\/2026\/09\/maaimg-post-170856-20260905-010914.webp","contentUrl":"https:\/\/ubirataonline.com.br\/wp-content\/uploads\/2026\/09\/maaimg-post-170856-20260905-010914.webp","width":1536,"height":1024,"caption":"Imagem ilustrativa Gerada por IA"},{"@type":"BreadcrumbList","@id":"https:\/\/ubirataonline.com.br\/onu-aprova-resolucao-para-adotar-mapa-que-corrige-tamanhos-e-destaca-dimensao-da-africa\/#breadcrumb","itemListElement":[{"@type":"ListItem","position":1,"name":"In\u00edcio","item":"https:\/\/ubirataonline.com.br\/"},{"@type":"ListItem","position":2,"name":"ONU aprova resolu\u00e7\u00e3o para adotar mapa que corrige tamanhos e destaca dimens\u00e3o da \u00c1frica"}]},{"@type":"WebSite","@id":"https:\/\/ubirataonline.com.br\/#website","url":"https:\/\/ubirataonline.com.br\/","name":"Ubirat\u00e3 Online Not\u00edcias","description":"Not\u00edcias de Ubirat\u00e3, regi\u00e3o, Brasil e mundo, com informa\u00e7\u00e3o atualizada e compromisso com o leitor.","publisher":{"@id":"https:\/\/ubirataonline.com.br\/#organization"},"alternateName":"Ubirat\u00e3 Online","potentialAction":[{"@type":"SearchAction","target":{"@type":"EntryPoint","urlTemplate":"https:\/\/ubirataonline.com.br\/?s={search_term_string}"},"query-input":{"@type":"PropertyValueSpecification","valueRequired":true,"valueName":"search_term_string"}}],"inLanguage":"en-US"},{"@type":["Organization","Place"],"@id":"https:\/\/ubirataonline.com.br\/#organization","name":"Ubirat\u00e3 Online Not\u00edcias","alternateName":"Ubirat\u00e3 Online","url":"https:\/\/ubirataonline.com.br\/","logo":{"@id":"https:\/\/ubirataonline.com.br\/onu-aprova-resolucao-para-adotar-mapa-que-corrige-tamanhos-e-destaca-dimensao-da-africa\/#local-main-organization-logo"},"image":{"@id":"https:\/\/ubirataonline.com.br\/onu-aprova-resolucao-para-adotar-mapa-que-corrige-tamanhos-e-destaca-dimensao-da-africa\/#local-main-organization-logo"},"sameAs":["https:\/\/www.facebook.com\/portalubirataonline","https:\/\/x.com\/ubirataonline","https:\/\/mastodon.social\/@ubirataonline","https:\/\/www.facebook.com\/groups\/311144672285604","https:\/\/www.facebook.com\/UBTAOnline","https:\/\/www.instagram.com\/portalubirataonline\/","https:\/\/twitter.com\/ubirataonline"],"description":"Somos um portal de not\u00edcias independente, criado em 5 de janeiro de 2009, com o objetivo de informar, conectar e valorizar a nossa comunidade de Ubirat\u00e3 e toda aregi\u00e3o. Com conte\u00fado atualizado, confi\u00e1vel e relevante, o Ubirat\u00e3 Online \u00e9 o seu espa\u00e7o para ficar por dentro dos principais acontecimentos locais, regionais, Brasil, Mundo e de interesse geral. Nosso compromisso \u00e9 com a verdade, a transpar\u00eancia e o respeito ao leitor.","legalName":"UBIRATA ONLINE NOT\u00cdCIAS","foundingDate":"2009-01-05","numberOfEmployees":{"@type":"QuantitativeValue","minValue":"1","maxValue":"10"},"publishingPrinciples":"https:\/\/ubirataonline.com.br\/faq\/","address":{"@id":"https:\/\/ubirataonline.com.br\/onu-aprova-resolucao-para-adotar-mapa-que-corrige-tamanhos-e-destaca-dimensao-da-africa\/#local-main-place-address"},"geo":{"@type":"GeoCoordinates","latitude":"-24.5361401","longitude":"-52.9921776"},"telephone":["+5544998308235"],"contactPoint":{"@type":"ContactPoint","email":"contato@ubirataonline.com.br"},"openingHoursSpecification":{"@type":"OpeningHoursSpecification","dayOfWeek":["Monday","Tuesday","Wednesday","Thursday","Friday","Saturday","Sunday"],"opens":"00:00","closes":"23:59"},"email":"contato@ubirataonline.com.br","vatID":"47.621.418\/0001-80"},{"@type":"Person","@id":"https:\/\/ubirataonline.com.br\/#\/schema\/person\/372f87bbd3fdd79b8556b84c98d0bc1c","name":"REDA\u00c7\u00c3O: UBIRAT\u00c3 ONLINE - F\u00c1BIO AUGUSTO CELESTINO","pronouns":"Ele","description":"Desde 2003 trabalhando com not\u00edcias.","sameAs":["http:\/\/ubirataoline.com.br","https:\/\/www.facebook.com\/portalubirataonline","https:\/\/www.instagram.com\/ubirataonline_oficial","https:\/\/x.com\/x.com\/ubirataonline"],"honorificPrefix":"Mr.","honorificSuffix":"MD","birthDate":"1980-06-16","gender":"masculino","award":["V\u00e1rios pr\u00eamios de melhor portal da cidade"],"jobTitle":"Diretor","url":"https:\/\/ubirataonline.com.br\/en\/author\/ubirataonline\/"},{"@type":"PostalAddress","@id":"https:\/\/ubirataonline.com.br\/onu-aprova-resolucao-para-adotar-mapa-que-corrige-tamanhos-e-destaca-dimensao-da-africa\/#local-main-place-address","streetAddress":"Rua dos Coqueiros, 104 - Bairro Boa Vista, Rua dos Coqueiros, 104 Bairro Boa Vista","addressLocality":"UBIRATA","postalCode":"85440-000","addressRegion":"PR","addressCountry":"BR"},{"@type":"ImageObject","inLanguage":"en-US","@id":"https:\/\/ubirataonline.com.br\/onu-aprova-resolucao-para-adotar-mapa-que-corrige-tamanhos-e-destaca-dimensao-da-africa\/#local-main-organization-logo","url":"https:\/\/ubirataonline.com.br\/wp-content\/uploads\/2026\/06\/logoubirataonline-1.webp","contentUrl":"https:\/\/ubirataonline.com.br\/wp-content\/uploads\/2026\/06\/logoubirataonline-1.webp","width":500,"height":500,"caption":"Ubirat\u00e3 Online Not\u00edcias"}]},"geo.placename":"UBIRATA","geo.position":{"lat":"-24.5361401","long":"-52.9921776"},"geo.region":"Brazil"},"_links":{"self":[{"href":"https:\/\/ubirataonline.com.br\/en\/wp-json\/wp\/v2\/posts\/170856","targetHints":{"allow":["GET"]}}],"collection":[{"href":"https:\/\/ubirataonline.com.br\/en\/wp-json\/wp\/v2\/posts"}],"about":[{"href":"https:\/\/ubirataonline.com.br\/en\/wp-json\/wp\/v2\/types\/post"}],"author":[{"embeddable":true,"href":"https:\/\/ubirataonline.com.br\/en\/wp-json\/wp\/v2\/users\/1"}],"replies":[{"embeddable":true,"href":"https:\/\/ubirataonline.com.br\/en\/wp-json\/wp\/v2\/comments?post=170856"}],"version-history":[{"count":0,"href":"https:\/\/ubirataonline.com.br\/en\/wp-json\/wp\/v2\/posts\/170856\/revisions"}],"wp:featuredmedia":[{"embeddable":true,"href":"https:\/\/ubirataonline.com.br\/en\/wp-json\/wp\/v2\/media\/170857"}],"wp:attachment":[{"href":"https:\/\/ubirataonline.com.br\/en\/wp-json\/wp\/v2\/media?parent=170856"}],"wp:term":[{"taxonomy":"category","embeddable":true,"href":"https:\/\/ubirataonline.com.br\/en\/wp-json\/wp\/v2\/categories?post=170856"},{"taxonomy":"post_tag","embeddable":true,"href":"https:\/\/ubirataonline.com.br\/en\/wp-json\/wp\/v2\/tags?post=170856"}],"curies":[{"name":"wp","href":"https:\/\/api.w.org\/{rel}","templated":true}]}}