{"id":170858,"date":"2026-09-04T22:23:12","date_gmt":"2026-09-05T01:23:12","guid":{"rendered":"https:\/\/ubirataonline.com.br\/coordenador-da-campanha-de-flavio-rogerio-marinho-se-reuniu-com-gilmar-mendes-em-brasilia\/"},"modified":"2026-09-04T22:23:12","modified_gmt":"2026-09-05T01:23:12","slug":"coordenador-da-campanha-de-flavio-rogerio-marinho-se-reuniu-com-gilmar-mendes-em-brasilia","status":"publish","type":"post","link":"https:\/\/ubirataonline.com.br\/en\/coordenador-da-campanha-de-flavio-rogerio-marinho-se-reuniu-com-gilmar-mendes-em-brasilia\/","title":{"rendered":"Coordenador da campanha de Fl\u00e1vio, Rog\u00e9rio Marinho, se reuniu com Gilmar Mendes em Bras\u00edlia"},"content":{"rendered":"<h2>Encontro no gabinete do ministro ocorreu na quarta-feira, 2, em meio \u00e0 crise no STF por mensagens entre Alexandre de Moraes e o banqueiro Daniel Vorcaro, segundo a Ag\u00eancia Estad\u00e3o.<\/h2>\n<p>O senador Rog\u00e9rio Marinho (PL-RN), coordenador da campanha de Fl\u00e1vio Bolsonaro \u00e0 Presid\u00eancia, se reuniu com o ministro do Supremo Tribunal Federal Gilmar Mendes na quarta-feira, 2, no gabinete do magistrado em Bras\u00edlia, informou a Ag\u00eancia Estad\u00e3o e reproduzido pelo CGN.<\/p>\n<p>O encontro ocorreu enquanto a Corte enfrentava uma crise provocada pela divulga\u00e7\u00e3o de mensagens trocadas entre o ministro Alexandre de Moraes e o banqueiro Daniel Vorcaro; a reuni\u00e3o foi descrita pela reportagem como uma sinaliza\u00e7\u00e3o de boa vontade em rela\u00e7\u00e3o \u00e0 institui\u00e7\u00e3o.<\/p>\n<h3>Detalhes do encontro<\/h3>\n<p>segundo CGN da Ag\u00eancia Estad\u00e3o, o encontro foi realizado no gabinete de Gilmar Mendes. Em nota, Rog\u00e9rio Marinho afirmou: &quot;Temos convic\u00e7\u00e3o de que venceremos as elei\u00e7\u00f5es e acreditamos que o pr\u00f3ximo governo dever\u00e1 preservar o di\u00e1logo institucional, o respeito entre os Poderes e a normalidade democr\u00e1tica&quot;.<\/p>\n<h3>Contexto da crise no STF<\/h3>\n<p>A crise teve forte repercuss\u00e3o ap\u00f3s o relator do caso Banco Master, o ministro Andr\u00e9 Mendon\u00e7a, retirar o sigilo de um relat\u00f3rio da Pol\u00edcia Federal que compilou 51 mensagens entre Alexandre de Moraes e Daniel Vorcaro, segundo a Ag\u00eancia Estad\u00e3o. Reportagens citadas pela mat\u00e9ria indicaram que Vorcaro pedia orienta\u00e7\u00f5es a Moraes, inclusive sobre deixar o Pa\u00eds \u00e0s v\u00e9speras da determina\u00e7\u00e3o de sua pris\u00e3o.<\/p>\n<h3>Repercuss\u00e3o Pol\u00edtico e mobiliza\u00e7\u00e3o da campanha<\/h3>\n<p>A reportagem registra que a campanha de Fl\u00e1vio Bolsonaro e aliados v\u00eam explorando o esc\u00e2ndalo para convocar apoiadores ao com\u00edcio marcado para o Dia da Independ\u00eancia, na Avenida Paulista. Em sua transmiss\u00e3o semanal, Fl\u00e1vio convocou simpatizantes para o ato e a mat\u00e9ria cita um levantamento do Monitor do Debate Pol\u00edtico que estimou cerca de 9 mil pessoas no com\u00edcio de 16 de agosto, em Copacabana.<\/p>","protected":false},"excerpt":{"rendered":"<p>Encontro no gabinete do ministro ocorreu na quarta-feira, 2, em meio \u00e0 crise no STF por mensagens entre Alexandre de Moraes e o banqueiro Daniel Vorcaro, segundo a Ag\u00eancia Estad\u00e3o. O senador Rog\u00e9rio Marinho (PL-RN), coordenador da campanha de Fl\u00e1vio Bolsonaro \u00e0 Presid\u00eancia, se reuniu com o ministro do Supremo Tribunal Federal Gilmar Mendes na [&hellip;]<\/p>\n","protected":false},"author":1,"featured_media":170859,"comment_status":"","ping_status":"","sticky":false,"template":"","format":"standard","meta":{"googlesitekit_rrm_CAow2JLhCw:productID":"","_gspb_post_css":"","maa_idioma":"","maa_pais":"","footnotes":""},"categories":[4],"tags":[],"class_list":["post-170858","post","type-post","status-publish","format-standard","has-post-thumbnail","hentry","category-brasil"],"blocksy_meta":[],"yoast_head":"<!-- This site is optimized with the Yoast SEO Premium plugin v27.6 (Yoast SEO v27.6) - https:\/\/yoast.com\/product\/yoast-seo-premium-wordpress\/ -->\n<title>Coordenador da campanha de Fl\u00e1vio, Rog\u00e9rio Marinho, se reuniu com Gilmar Mendes em Bras\u00edlia - Ubirat\u00e3 Online Not\u00edcias - A realidade ao seu alcance!<\/title>\n<meta name=\"description\" content=\"Encontro no gabinete do ministro ocorreu na quarta-feira, 2, em meio \u00e0 crise no STF por mensagens entre Alexandre de Moraes e o banqueiro Daniel Vorcaro,\" \/>\n<meta name=\"robots\" content=\"index, follow, max-snippet:-1, max-image-preview:large, max-video-preview:-1\" \/>\n<link rel=\"canonical\" href=\"https:\/\/ubirataonline.com.br\/en\/coordenador-da-campanha-de-flavio-rogerio-marinho-se-reuniu-com-gilmar-mendes-em-brasilia\/\" \/>\n<meta property=\"og:locale\" content=\"en_US\" \/>\n<meta property=\"og:type\" content=\"article\" \/>\n<meta property=\"og:title\" content=\"Coordenador da campanha de Fl\u00e1vio, Rog\u00e9rio Marinho, se reuniu com Gilmar Mendes em Bras\u00edlia\" \/>\n<meta property=\"og:description\" content=\"Encontro no gabinete do ministro ocorreu na quarta-feira, 2, em meio \u00e0 crise no STF por mensagens entre Alexandre de Moraes e o banqueiro Daniel Vorcaro,\" \/>\n<meta property=\"og:url\" content=\"https:\/\/ubirataonline.com.br\/en\/coordenador-da-campanha-de-flavio-rogerio-marinho-se-reuniu-com-gilmar-mendes-em-brasilia\/\" \/>\n<meta property=\"og:site_name\" content=\"Ubirat\u00e3 Online Not\u00edcias - A realidade ao seu alcance!\" \/>\n<meta property=\"article:publisher\" content=\"https:\/\/www.facebook.com\/portalubirataonline\" \/>\n<meta property=\"article:author\" content=\"https:\/\/www.facebook.com\/portalubirataonline\" \/>\n<meta property=\"article:published_time\" content=\"2026-09-05T01:23:12+00:00\" \/>\n<meta property=\"og:image\" content=\"https:\/\/ubirataonline.com.br\/wp-content\/uploads\/2026\/05\/logo2026.webp\" \/>\n\t<meta property=\"og:image:width\" content=\"1531\" \/>\n\t<meta property=\"og:image:height\" content=\"418\" \/>\n\t<meta property=\"og:image:type\" content=\"image\/webp\" \/>\n<meta name=\"author\" content=\"REDA\u00c7\u00c3O: UBIRAT\u00c3 ONLINE - F\u00c1BIO AUGUSTO CELESTINO\" \/>\n<meta name=\"twitter:card\" content=\"summary_large_image\" \/>\n<meta name=\"twitter:creator\" content=\"@x.com\/ubirataonline\" \/>\n<meta name=\"twitter:site\" content=\"@ubirataonline\" \/>\n<meta name=\"twitter:label1\" content=\"Written by\" \/>\n\t<meta name=\"twitter:data1\" content=\"REDA\u00c7\u00c3O: UBIRAT\u00c3 ONLINE - F\u00c1BIO AUGUSTO CELESTINO\" \/>\n\t<meta name=\"twitter:label2\" content=\"Est. reading time\" \/>\n\t<meta name=\"twitter:data2\" content=\"2 minutes\" \/>\n<script type=\"application\/ld+json\" class=\"yoast-schema-graph\">{\"@context\":\"https:\\\/\\\/schema.org\",\"@graph\":[{\"@type\":\"NewsArticle\",\"@id\":\"https:\\\/\\\/ubirataonline.com.br\\\/coordenador-da-campanha-de-flavio-rogerio-marinho-se-reuniu-com-gilmar-mendes-em-brasilia\\\/#article\",\"isPartOf\":{\"@id\":\"https:\\\/\\\/ubirataonline.com.br\\\/coordenador-da-campanha-de-flavio-rogerio-marinho-se-reuniu-com-gilmar-mendes-em-brasilia\\\/\"},\"author\":{\"name\":\"REDA\u00c7\u00c3O: UBIRAT\u00c3 ONLINE - F\u00c1BIO AUGUSTO CELESTINO\",\"@id\":\"https:\\\/\\\/ubirataonline.com.br\\\/#\\\/schema\\\/person\\\/372f87bbd3fdd79b8556b84c98d0bc1c\"},\"headline\":\"Coordenador da campanha de Fl\u00e1vio, Rog\u00e9rio Marinho, se reuniu com Gilmar Mendes em Bras\u00edlia\",\"datePublished\":\"2026-09-05T01:23:12+00:00\",\"mainEntityOfPage\":{\"@id\":\"https:\\\/\\\/ubirataonline.com.br\\\/coordenador-da-campanha-de-flavio-rogerio-marinho-se-reuniu-com-gilmar-mendes-em-brasilia\\\/\"},\"wordCount\":359,\"publisher\":{\"@id\":\"https:\\\/\\\/ubirataonline.com.br\\\/#organization\"},\"image\":{\"@id\":\"https:\\\/\\\/ubirataonline.com.br\\\/coordenador-da-campanha-de-flavio-rogerio-marinho-se-reuniu-com-gilmar-mendes-em-brasilia\\\/#primaryimage\"},\"thumbnailUrl\":\"https:\\\/\\\/ubirataonline.com.br\\\/wp-content\\\/uploads\\\/2026\\\/09\\\/maaimg-post-170858-20260905-012335.webp\",\"articleSection\":[\"Brasil\"],\"inLanguage\":\"en-US\",\"copyrightYear\":\"2026\",\"copyrightHolder\":{\"@id\":\"https:\\\/\\\/ubirataonline.com.br\\\/en\\\/#organization\"}},{\"@type\":\"WebPage\",\"@id\":\"https:\\\/\\\/ubirataonline.com.br\\\/coordenador-da-campanha-de-flavio-rogerio-marinho-se-reuniu-com-gilmar-mendes-em-brasilia\\\/\",\"url\":\"https:\\\/\\\/ubirataonline.com.br\\\/coordenador-da-campanha-de-flavio-rogerio-marinho-se-reuniu-com-gilmar-mendes-em-brasilia\\\/\",\"name\":\"Coordenador da campanha de Fl\u00e1vio, Rog\u00e9rio Marinho, se reuniu com Gilmar Mendes em Bras\u00edlia - Ubirat\u00e3 Online Not\u00edcias - A realidade ao seu alcance!\",\"isPartOf\":{\"@id\":\"https:\\\/\\\/ubirataonline.com.br\\\/#website\"},\"primaryImageOfPage\":{\"@id\":\"https:\\\/\\\/ubirataonline.com.br\\\/coordenador-da-campanha-de-flavio-rogerio-marinho-se-reuniu-com-gilmar-mendes-em-brasilia\\\/#primaryimage\"},\"image\":{\"@id\":\"https:\\\/\\\/ubirataonline.com.br\\\/coordenador-da-campanha-de-flavio-rogerio-marinho-se-reuniu-com-gilmar-mendes-em-brasilia\\\/#primaryimage\"},\"thumbnailUrl\":\"https:\\\/\\\/ubirataonline.com.br\\\/wp-content\\\/uploads\\\/2026\\\/09\\\/maaimg-post-170858-20260905-012335.webp\",\"datePublished\":\"2026-09-05T01:23:12+00:00\",\"description\":\"Encontro no gabinete do ministro ocorreu na quarta-feira, 2, em meio \u00e0 crise no STF por mensagens entre Alexandre de Moraes e o banqueiro Daniel Vorcaro,\",\"breadcrumb\":{\"@id\":\"https:\\\/\\\/ubirataonline.com.br\\\/coordenador-da-campanha-de-flavio-rogerio-marinho-se-reuniu-com-gilmar-mendes-em-brasilia\\\/#breadcrumb\"},\"inLanguage\":\"en-US\",\"potentialAction\":[{\"@type\":\"ReadAction\",\"target\":[\"https:\\\/\\\/ubirataonline.com.br\\\/coordenador-da-campanha-de-flavio-rogerio-marinho-se-reuniu-com-gilmar-mendes-em-brasilia\\\/\"]}]},{\"@type\":\"ImageObject\",\"inLanguage\":\"en-US\",\"@id\":\"https:\\\/\\\/ubirataonline.com.br\\\/coordenador-da-campanha-de-flavio-rogerio-marinho-se-reuniu-com-gilmar-mendes-em-brasilia\\\/#primaryimage\",\"url\":\"https:\\\/\\\/ubirataonline.com.br\\\/wp-content\\\/uploads\\\/2026\\\/09\\\/maaimg-post-170858-20260905-012335.webp\",\"contentUrl\":\"https:\\\/\\\/ubirataonline.com.br\\\/wp-content\\\/uploads\\\/2026\\\/09\\\/maaimg-post-170858-20260905-012335.webp\",\"width\":1536,\"height\":1024,\"caption\":\"Imagem ilustrativa Gerada por IA\"},{\"@type\":\"BreadcrumbList\",\"@id\":\"https:\\\/\\\/ubirataonline.com.br\\\/coordenador-da-campanha-de-flavio-rogerio-marinho-se-reuniu-com-gilmar-mendes-em-brasilia\\\/#breadcrumb\",\"itemListElement\":[{\"@type\":\"ListItem\",\"position\":1,\"name\":\"In\u00edcio\",\"item\":\"https:\\\/\\\/ubirataonline.com.br\\\/\"},{\"@type\":\"ListItem\",\"position\":2,\"name\":\"Coordenador da campanha de Fl\u00e1vio, Rog\u00e9rio Marinho, se reuniu com Gilmar Mendes em Bras\u00edlia\"}]},{\"@type\":\"WebSite\",\"@id\":\"https:\\\/\\\/ubirataonline.com.br\\\/#website\",\"url\":\"https:\\\/\\\/ubirataonline.com.br\\\/\",\"name\":\"Ubirat\u00e3 Online Not\u00edcias\",\"description\":\"Not\u00edcias de Ubirat\u00e3, regi\u00e3o, Brasil e mundo, com informa\u00e7\u00e3o atualizada e compromisso com o leitor.\",\"publisher\":{\"@id\":\"https:\\\/\\\/ubirataonline.com.br\\\/#organization\"},\"alternateName\":\"Ubirat\u00e3 Online\",\"potentialAction\":[{\"@type\":\"SearchAction\",\"target\":{\"@type\":\"EntryPoint\",\"urlTemplate\":\"https:\\\/\\\/ubirataonline.com.br\\\/?s={search_term_string}\"},\"query-input\":{\"@type\":\"PropertyValueSpecification\",\"valueRequired\":true,\"valueName\":\"search_term_string\"}}],\"inLanguage\":\"en-US\"},{\"@type\":[\"Organization\",\"Place\"],\"@id\":\"https:\\\/\\\/ubirataonline.com.br\\\/#organization\",\"name\":\"Ubirat\u00e3 Online Not\u00edcias\",\"alternateName\":\"Ubirat\u00e3 Online\",\"url\":\"https:\\\/\\\/ubirataonline.com.br\\\/\",\"logo\":{\"@id\":\"https:\\\/\\\/ubirataonline.com.br\\\/coordenador-da-campanha-de-flavio-rogerio-marinho-se-reuniu-com-gilmar-mendes-em-brasilia\\\/#local-main-organization-logo\"},\"image\":{\"@id\":\"https:\\\/\\\/ubirataonline.com.br\\\/coordenador-da-campanha-de-flavio-rogerio-marinho-se-reuniu-com-gilmar-mendes-em-brasilia\\\/#local-main-organization-logo\"},\"sameAs\":[\"https:\\\/\\\/www.facebook.com\\\/portalubirataonline\",\"https:\\\/\\\/x.com\\\/ubirataonline\",\"https:\\\/\\\/mastodon.social\\\/@ubirataonline\",\"https:\\\/\\\/www.facebook.com\\\/groups\\\/311144672285604\",\"https:\\\/\\\/www.facebook.com\\\/UBTAOnline\",\"https:\\\/\\\/www.instagram.com\\\/portalubirataonline\\\/\",\"https:\\\/\\\/twitter.com\\\/ubirataonline\"],\"description\":\"Somos um portal de not\u00edcias independente, criado em 5 de janeiro de 2009, com o objetivo de informar, conectar e valorizar a nossa comunidade de Ubirat\u00e3 e toda aregi\u00e3o. Com conte\u00fado atualizado, confi\u00e1vel e relevante, o Ubirat\u00e3 Online \u00e9 o seu espa\u00e7o para ficar por dentro dos principais acontecimentos locais, regionais, Brasil, Mundo e de interesse geral. Nosso compromisso \u00e9 com a verdade, a transpar\u00eancia e o respeito ao leitor.\",\"legalName\":\"UBIRATA ONLINE NOT\u00cdCIAS\",\"foundingDate\":\"2009-01-05\",\"numberOfEmployees\":{\"@type\":\"QuantitativeValue\",\"minValue\":\"1\",\"maxValue\":\"10\"},\"publishingPrinciples\":\"https:\\\/\\\/ubirataonline.com.br\\\/faq\\\/\",\"address\":{\"@id\":\"https:\\\/\\\/ubirataonline.com.br\\\/coordenador-da-campanha-de-flavio-rogerio-marinho-se-reuniu-com-gilmar-mendes-em-brasilia\\\/#local-main-place-address\"},\"geo\":{\"@type\":\"GeoCoordinates\",\"latitude\":\"-24.5361401\",\"longitude\":\"-52.9921776\"},\"telephone\":[\"+5544998308235\"],\"contactPoint\":{\"@type\":\"ContactPoint\",\"email\":\"contato@ubirataonline.com.br\"},\"openingHoursSpecification\":{\"@type\":\"OpeningHoursSpecification\",\"dayOfWeek\":[\"Monday\",\"Tuesday\",\"Wednesday\",\"Thursday\",\"Friday\",\"Saturday\",\"Sunday\"],\"opens\":\"00:00\",\"closes\":\"23:59\"},\"email\":\"contato@ubirataonline.com.br\",\"vatID\":\"47.621.418\\\/0001-80\"},{\"@type\":\"Person\",\"@id\":\"https:\\\/\\\/ubirataonline.com.br\\\/#\\\/schema\\\/person\\\/372f87bbd3fdd79b8556b84c98d0bc1c\",\"name\":\"REDA\u00c7\u00c3O: UBIRAT\u00c3 ONLINE - F\u00c1BIO AUGUSTO CELESTINO\",\"pronouns\":\"Ele\",\"description\":\"Desde 2003 trabalhando com not\u00edcias.\",\"sameAs\":[\"http:\\\/\\\/ubirataoline.com.br\",\"https:\\\/\\\/www.facebook.com\\\/portalubirataonline\",\"https:\\\/\\\/www.instagram.com\\\/ubirataonline_oficial\",\"https:\\\/\\\/x.com\\\/x.com\\\/ubirataonline\"],\"honorificPrefix\":\"Mr.\",\"honorificSuffix\":\"MD\",\"birthDate\":\"1980-06-16\",\"gender\":\"masculino\",\"award\":[\"V\u00e1rios pr\u00eamios de melhor portal da cidade\"],\"jobTitle\":\"Diretor\",\"url\":\"https:\\\/\\\/ubirataonline.com.br\\\/en\\\/author\\\/ubirataonline\\\/\"},{\"@type\":\"PostalAddress\",\"@id\":\"https:\\\/\\\/ubirataonline.com.br\\\/coordenador-da-campanha-de-flavio-rogerio-marinho-se-reuniu-com-gilmar-mendes-em-brasilia\\\/#local-main-place-address\",\"streetAddress\":\"Rua dos Coqueiros, 104 - Bairro Boa Vista, Rua dos Coqueiros, 104 Bairro Boa Vista\",\"addressLocality\":\"UBIRATA\",\"postalCode\":\"85440-000\",\"addressRegion\":\"PR\",\"addressCountry\":\"BR\"},{\"@type\":\"ImageObject\",\"inLanguage\":\"en-US\",\"@id\":\"https:\\\/\\\/ubirataonline.com.br\\\/coordenador-da-campanha-de-flavio-rogerio-marinho-se-reuniu-com-gilmar-mendes-em-brasilia\\\/#local-main-organization-logo\",\"url\":\"https:\\\/\\\/ubirataonline.com.br\\\/wp-content\\\/uploads\\\/2026\\\/06\\\/logoubirataonline-1.webp\",\"contentUrl\":\"https:\\\/\\\/ubirataonline.com.br\\\/wp-content\\\/uploads\\\/2026\\\/06\\\/logoubirataonline-1.webp\",\"width\":500,\"height\":500,\"caption\":\"Ubirat\u00e3 Online Not\u00edcias\"}]}<\/script>\n<meta name=\"geo.placename\" content=\"UBIRATA\" \/>\n<meta name=\"geo.position\" content=\"-24.5361401;-52.9921776\" \/>\n<meta name=\"geo.region\" content=\"Brazil\" \/>\n<!-- \/ Yoast SEO Premium plugin. -->","yoast_head_json":{"title":"Coordenador da campanha de Fl\u00e1vio, Rog\u00e9rio Marinho, se reuniu com Gilmar Mendes em Bras\u00edlia - Ubirat\u00e3 Online Not\u00edcias - A realidade ao seu alcance!","description":"Encontro no gabinete do ministro ocorreu na quarta-feira, 2, em meio \u00e0 crise no STF por mensagens entre Alexandre de Moraes e o banqueiro Daniel Vorcaro,","robots":{"index":"index","follow":"follow","max-snippet":"max-snippet:-1","max-image-preview":"max-image-preview:large","max-video-preview":"max-video-preview:-1"},"canonical":"https:\/\/ubirataonline.com.br\/en\/coordenador-da-campanha-de-flavio-rogerio-marinho-se-reuniu-com-gilmar-mendes-em-brasilia\/","og_locale":"en_US","og_type":"article","og_title":"Coordenador da campanha de Fl\u00e1vio, Rog\u00e9rio Marinho, se reuniu com Gilmar Mendes em Bras\u00edlia","og_description":"Encontro no gabinete do ministro ocorreu na quarta-feira, 2, em meio \u00e0 crise no STF por mensagens entre Alexandre de Moraes e o banqueiro Daniel Vorcaro,","og_url":"https:\/\/ubirataonline.com.br\/en\/coordenador-da-campanha-de-flavio-rogerio-marinho-se-reuniu-com-gilmar-mendes-em-brasilia\/","og_site_name":"Ubirat\u00e3 Online Not\u00edcias - A realidade ao seu alcance!","article_publisher":"https:\/\/www.facebook.com\/portalubirataonline","article_author":"https:\/\/www.facebook.com\/portalubirataonline","article_published_time":"2026-09-05T01:23:12+00:00","og_image":[{"width":1531,"height":418,"url":"https:\/\/ubirataonline.com.br\/wp-content\/uploads\/2026\/05\/logo2026.webp","type":"image\/webp"}],"author":"REDA\u00c7\u00c3O: UBIRAT\u00c3 ONLINE - F\u00c1BIO AUGUSTO CELESTINO","twitter_card":"summary_large_image","twitter_creator":"@x.com\/ubirataonline","twitter_site":"@ubirataonline","twitter_misc":{"Written by":"REDA\u00c7\u00c3O: UBIRAT\u00c3 ONLINE - F\u00c1BIO AUGUSTO CELESTINO","Est. reading time":"2 minutes"},"schema":{"@context":"https:\/\/schema.org","@graph":[{"@type":"NewsArticle","@id":"https:\/\/ubirataonline.com.br\/coordenador-da-campanha-de-flavio-rogerio-marinho-se-reuniu-com-gilmar-mendes-em-brasilia\/#article","isPartOf":{"@id":"https:\/\/ubirataonline.com.br\/coordenador-da-campanha-de-flavio-rogerio-marinho-se-reuniu-com-gilmar-mendes-em-brasilia\/"},"author":{"name":"REDA\u00c7\u00c3O: UBIRAT\u00c3 ONLINE - F\u00c1BIO AUGUSTO CELESTINO","@id":"https:\/\/ubirataonline.com.br\/#\/schema\/person\/372f87bbd3fdd79b8556b84c98d0bc1c"},"headline":"Coordenador da campanha de Fl\u00e1vio, Rog\u00e9rio Marinho, se reuniu com Gilmar Mendes em Bras\u00edlia","datePublished":"2026-09-05T01:23:12+00:00","mainEntityOfPage":{"@id":"https:\/\/ubirataonline.com.br\/coordenador-da-campanha-de-flavio-rogerio-marinho-se-reuniu-com-gilmar-mendes-em-brasilia\/"},"wordCount":359,"publisher":{"@id":"https:\/\/ubirataonline.com.br\/#organization"},"image":{"@id":"https:\/\/ubirataonline.com.br\/coordenador-da-campanha-de-flavio-rogerio-marinho-se-reuniu-com-gilmar-mendes-em-brasilia\/#primaryimage"},"thumbnailUrl":"https:\/\/ubirataonline.com.br\/wp-content\/uploads\/2026\/09\/maaimg-post-170858-20260905-012335.webp","articleSection":["Brasil"],"inLanguage":"en-US","copyrightYear":"2026","copyrightHolder":{"@id":"https:\/\/ubirataonline.com.br\/en\/#organization"}},{"@type":"WebPage","@id":"https:\/\/ubirataonline.com.br\/coordenador-da-campanha-de-flavio-rogerio-marinho-se-reuniu-com-gilmar-mendes-em-brasilia\/","url":"https:\/\/ubirataonline.com.br\/coordenador-da-campanha-de-flavio-rogerio-marinho-se-reuniu-com-gilmar-mendes-em-brasilia\/","name":"Coordenador da campanha de Fl\u00e1vio, Rog\u00e9rio Marinho, se reuniu com Gilmar Mendes em Bras\u00edlia - Ubirat\u00e3 Online Not\u00edcias - A realidade ao seu alcance!","isPartOf":{"@id":"https:\/\/ubirataonline.com.br\/#website"},"primaryImageOfPage":{"@id":"https:\/\/ubirataonline.com.br\/coordenador-da-campanha-de-flavio-rogerio-marinho-se-reuniu-com-gilmar-mendes-em-brasilia\/#primaryimage"},"image":{"@id":"https:\/\/ubirataonline.com.br\/coordenador-da-campanha-de-flavio-rogerio-marinho-se-reuniu-com-gilmar-mendes-em-brasilia\/#primaryimage"},"thumbnailUrl":"https:\/\/ubirataonline.com.br\/wp-content\/uploads\/2026\/09\/maaimg-post-170858-20260905-012335.webp","datePublished":"2026-09-05T01:23:12+00:00","description":"Encontro no gabinete do ministro ocorreu na quarta-feira, 2, em meio \u00e0 crise no STF por mensagens entre Alexandre de Moraes e o banqueiro Daniel Vorcaro,","breadcrumb":{"@id":"https:\/\/ubirataonline.com.br\/coordenador-da-campanha-de-flavio-rogerio-marinho-se-reuniu-com-gilmar-mendes-em-brasilia\/#breadcrumb"},"inLanguage":"en-US","potentialAction":[{"@type":"ReadAction","target":["https:\/\/ubirataonline.com.br\/coordenador-da-campanha-de-flavio-rogerio-marinho-se-reuniu-com-gilmar-mendes-em-brasilia\/"]}]},{"@type":"ImageObject","inLanguage":"en-US","@id":"https:\/\/ubirataonline.com.br\/coordenador-da-campanha-de-flavio-rogerio-marinho-se-reuniu-com-gilmar-mendes-em-brasilia\/#primaryimage","url":"https:\/\/ubirataonline.com.br\/wp-content\/uploads\/2026\/09\/maaimg-post-170858-20260905-012335.webp","contentUrl":"https:\/\/ubirataonline.com.br\/wp-content\/uploads\/2026\/09\/maaimg-post-170858-20260905-012335.webp","width":1536,"height":1024,"caption":"Imagem ilustrativa Gerada por IA"},{"@type":"BreadcrumbList","@id":"https:\/\/ubirataonline.com.br\/coordenador-da-campanha-de-flavio-rogerio-marinho-se-reuniu-com-gilmar-mendes-em-brasilia\/#breadcrumb","itemListElement":[{"@type":"ListItem","position":1,"name":"In\u00edcio","item":"https:\/\/ubirataonline.com.br\/"},{"@type":"ListItem","position":2,"name":"Coordenador da campanha de Fl\u00e1vio, Rog\u00e9rio Marinho, se reuniu com Gilmar Mendes em Bras\u00edlia"}]},{"@type":"WebSite","@id":"https:\/\/ubirataonline.com.br\/#website","url":"https:\/\/ubirataonline.com.br\/","name":"Ubirat\u00e3 Online Not\u00edcias","description":"Not\u00edcias de Ubirat\u00e3, regi\u00e3o, Brasil e mundo, com informa\u00e7\u00e3o atualizada e compromisso com o leitor.","publisher":{"@id":"https:\/\/ubirataonline.com.br\/#organization"},"alternateName":"Ubirat\u00e3 Online","potentialAction":[{"@type":"SearchAction","target":{"@type":"EntryPoint","urlTemplate":"https:\/\/ubirataonline.com.br\/?s={search_term_string}"},"query-input":{"@type":"PropertyValueSpecification","valueRequired":true,"valueName":"search_term_string"}}],"inLanguage":"en-US"},{"@type":["Organization","Place"],"@id":"https:\/\/ubirataonline.com.br\/#organization","name":"Ubirat\u00e3 Online Not\u00edcias","alternateName":"Ubirat\u00e3 Online","url":"https:\/\/ubirataonline.com.br\/","logo":{"@id":"https:\/\/ubirataonline.com.br\/coordenador-da-campanha-de-flavio-rogerio-marinho-se-reuniu-com-gilmar-mendes-em-brasilia\/#local-main-organization-logo"},"image":{"@id":"https:\/\/ubirataonline.com.br\/coordenador-da-campanha-de-flavio-rogerio-marinho-se-reuniu-com-gilmar-mendes-em-brasilia\/#local-main-organization-logo"},"sameAs":["https:\/\/www.facebook.com\/portalubirataonline","https:\/\/x.com\/ubirataonline","https:\/\/mastodon.social\/@ubirataonline","https:\/\/www.facebook.com\/groups\/311144672285604","https:\/\/www.facebook.com\/UBTAOnline","https:\/\/www.instagram.com\/portalubirataonline\/","https:\/\/twitter.com\/ubirataonline"],"description":"Somos um portal de not\u00edcias independente, criado em 5 de janeiro de 2009, com o objetivo de informar, conectar e valorizar a nossa comunidade de Ubirat\u00e3 e toda aregi\u00e3o. Com conte\u00fado atualizado, confi\u00e1vel e relevante, o Ubirat\u00e3 Online \u00e9 o seu espa\u00e7o para ficar por dentro dos principais acontecimentos locais, regionais, Brasil, Mundo e de interesse geral. Nosso compromisso \u00e9 com a verdade, a transpar\u00eancia e o respeito ao leitor.","legalName":"UBIRATA ONLINE NOT\u00cdCIAS","foundingDate":"2009-01-05","numberOfEmployees":{"@type":"QuantitativeValue","minValue":"1","maxValue":"10"},"publishingPrinciples":"https:\/\/ubirataonline.com.br\/faq\/","address":{"@id":"https:\/\/ubirataonline.com.br\/coordenador-da-campanha-de-flavio-rogerio-marinho-se-reuniu-com-gilmar-mendes-em-brasilia\/#local-main-place-address"},"geo":{"@type":"GeoCoordinates","latitude":"-24.5361401","longitude":"-52.9921776"},"telephone":["+5544998308235"],"contactPoint":{"@type":"ContactPoint","email":"contato@ubirataonline.com.br"},"openingHoursSpecification":{"@type":"OpeningHoursSpecification","dayOfWeek":["Monday","Tuesday","Wednesday","Thursday","Friday","Saturday","Sunday"],"opens":"00:00","closes":"23:59"},"email":"contato@ubirataonline.com.br","vatID":"47.621.418\/0001-80"},{"@type":"Person","@id":"https:\/\/ubirataonline.com.br\/#\/schema\/person\/372f87bbd3fdd79b8556b84c98d0bc1c","name":"REDA\u00c7\u00c3O: UBIRAT\u00c3 ONLINE - F\u00c1BIO AUGUSTO CELESTINO","pronouns":"Ele","description":"Desde 2003 trabalhando com not\u00edcias.","sameAs":["http:\/\/ubirataoline.com.br","https:\/\/www.facebook.com\/portalubirataonline","https:\/\/www.instagram.com\/ubirataonline_oficial","https:\/\/x.com\/x.com\/ubirataonline"],"honorificPrefix":"Mr.","honorificSuffix":"MD","birthDate":"1980-06-16","gender":"masculino","award":["V\u00e1rios pr\u00eamios de melhor portal da cidade"],"jobTitle":"Diretor","url":"https:\/\/ubirataonline.com.br\/en\/author\/ubirataonline\/"},{"@type":"PostalAddress","@id":"https:\/\/ubirataonline.com.br\/coordenador-da-campanha-de-flavio-rogerio-marinho-se-reuniu-com-gilmar-mendes-em-brasilia\/#local-main-place-address","streetAddress":"Rua dos Coqueiros, 104 - Bairro Boa Vista, Rua dos Coqueiros, 104 Bairro Boa Vista","addressLocality":"UBIRATA","postalCode":"85440-000","addressRegion":"PR","addressCountry":"BR"},{"@type":"ImageObject","inLanguage":"en-US","@id":"https:\/\/ubirataonline.com.br\/coordenador-da-campanha-de-flavio-rogerio-marinho-se-reuniu-com-gilmar-mendes-em-brasilia\/#local-main-organization-logo","url":"https:\/\/ubirataonline.com.br\/wp-content\/uploads\/2026\/06\/logoubirataonline-1.webp","contentUrl":"https:\/\/ubirataonline.com.br\/wp-content\/uploads\/2026\/06\/logoubirataonline-1.webp","width":500,"height":500,"caption":"Ubirat\u00e3 Online Not\u00edcias"}]},"geo.placename":"UBIRATA","geo.position":{"lat":"-24.5361401","long":"-52.9921776"},"geo.region":"Brazil"},"_links":{"self":[{"href":"https:\/\/ubirataonline.com.br\/en\/wp-json\/wp\/v2\/posts\/170858","targetHints":{"allow":["GET"]}}],"collection":[{"href":"https:\/\/ubirataonline.com.br\/en\/wp-json\/wp\/v2\/posts"}],"about":[{"href":"https:\/\/ubirataonline.com.br\/en\/wp-json\/wp\/v2\/types\/post"}],"author":[{"embeddable":true,"href":"https:\/\/ubirataonline.com.br\/en\/wp-json\/wp\/v2\/users\/1"}],"replies":[{"embeddable":true,"href":"https:\/\/ubirataonline.com.br\/en\/wp-json\/wp\/v2\/comments?post=170858"}],"version-history":[{"count":0,"href":"https:\/\/ubirataonline.com.br\/en\/wp-json\/wp\/v2\/posts\/170858\/revisions"}],"wp:featuredmedia":[{"embeddable":true,"href":"https:\/\/ubirataonline.com.br\/en\/wp-json\/wp\/v2\/media\/170859"}],"wp:attachment":[{"href":"https:\/\/ubirataonline.com.br\/en\/wp-json\/wp\/v2\/media?parent=170858"}],"wp:term":[{"taxonomy":"category","embeddable":true,"href":"https:\/\/ubirataonline.com.br\/en\/wp-json\/wp\/v2\/categories?post=170858"},{"taxonomy":"post_tag","embeddable":true,"href":"https:\/\/ubirataonline.com.br\/en\/wp-json\/wp\/v2\/tags?post=170858"}],"curies":[{"name":"wp","href":"https:\/\/api.w.org\/{rel}","templated":true}]}}