{"id":170860,"date":"2026-09-04T22:23:55","date_gmt":"2026-09-05T01:23:55","guid":{"rendered":"https:\/\/ubirataonline.com.br\/andrey-brilha-vasco-conquista-brasileiro-sub-20-e-atacante-projeta-chance-no-time-profissional\/"},"modified":"2026-09-04T23:22:07","modified_gmt":"2026-09-05T02:22:07","slug":"andrey-brilha-vasco-conquista-brasileiro-sub-20-e-atacante-projeta-chance-no-time-profissional","status":"publish","type":"post","link":"https:\/\/ubirataonline.com.br\/en\/andrey-brilha-vasco-conquista-brasileiro-sub-20-e-atacante-projeta-chance-no-time-profissional\/","title":{"rendered":"Plata no Flamengo: atacante posa em Dubai ap\u00f3s reviravolta na negocia\u00e7\u00e3o com D\u00ednamo Moscou"},"content":{"rendered":"<h2>Ap\u00f3s o cancelamento da transfer\u00eancia para o D\u00ednamo Moscou, o atacante Plata volta ao Flamengo e se prepara para retomar suas atividades no clube carioca.<\/h2>\n<p>O atacante Plata, jogador do Flamengo, apareceu pela Primeiro vez nas redes sociais ap\u00f3s a frustrada negocia\u00e7\u00e3o com o D\u00ednamo Moscou. O atleta, que teve sua venda anulada na \u00faltima ter\u00e7a-feira, compartilhou uma foto em Dubai, nos Emirados \u00c1rabes, conforme informa\u00e7\u00e3o divulgada pelo ge.<\/p>\n<p>Na publica\u00e7\u00e3o feita no Instagram nesta sexta-feira, o jogador utilizou um trecho da m\u00fasica <b>Vive La Vida<\/b>, do cantor colombiano Zaider. A letra escolhida pelo atleta diz: <b>querem apagar minha energia, mas eu sigo na minha<\/b>, refletindo o momento de incerteza ap\u00f3s a reviravolta envolvendo seu futuro profissional.<\/p>\n<p>Conforme os dados fornecidos pelo <b>ge<\/b>, o neg\u00f3cio, que girava em torno de <b>10 milh\u00f5es de euros<\/b>, cerca de <b>60 milh\u00f5es de reais<\/b>, foi interrompido pelos russos sob a alega\u00e7\u00e3o de reprova\u00e7\u00e3o em exames m\u00e9dicos. O clube carioca, por sua vez, contesta a vers\u00e3o e mant\u00e9m a confian\u00e7a no hist\u00f3rico recente de atua\u00e7\u00e3o do atleta.<\/p>\n<h3>Entenda o impasse sobre a condi\u00e7\u00e3o f\u00edsica<\/h3>\n<p>O D\u00ednamo Moscou apontou uma <b>tendinite no joelho direito<\/b> como motivo para o cancelamento, mesmo problema que afastou Plata de partidas contra S\u00e3o Paulo e Internacional em julho. O Flamengo, no entanto, refor\u00e7a que o jogador estava em plena atividade e n\u00e3o apresenta les\u00f5es graves que impe\u00e7am sua performance.<\/p>\n<p>A diretoria rubro-negra avalia se tomar\u00e1 medidas contra o clube russo.<\/p>\n<h3>Retorno aos treinos e pr\u00f3ximos compromissos<\/h3>\n<p>Apesar da expectativa de que o jogador chegasse ao Rio de Janeiro nesta sexta-feira, houve uma mudan\u00e7a de planos e o retorno de <b>Plata<\/b> acontecer\u00e1 apenas no <b>domingo<\/b>. Com isso, o atacante est\u00e1 confirmado como desfalque para a partida contra o Remo, pelo <b>Campeonato Brasileiro<\/b>.<\/p>\n<p>O atleta agora passa a ser d\u00favida para o duelo decisivo contra o Independiente del Valle, na pr\u00f3xima quinta-feira, pela <b>Copa Libertadores<\/b>. O Flamengo j\u00e1 confirmou a reintegra\u00e7\u00e3o do jogador ao elenco, descartando, neste momento, a busca por uma nova transfer\u00eancia nesta janela.<\/p>\n<h3>O clima nos bastidores do clube<\/h3>\n<p>A situa\u00e7\u00e3o tamb\u00e9m foi marcada por um mal-estar interno. Um dia antes do cancelamento da venda, o presidente do Flamengo, <b>Bap<\/b>, comentou em reuni\u00e3o com conselheiros sobre a sa\u00edda do jogador, mencionando excessos na vida noturna carioca. O vazamento da fala gerou um desconforto para o retorno do equatoriano.<\/p>\n<p>Apesar do incidente, o t\u00e9cnico e a equipe de futebol tratam a perman\u00eancia como uma solu\u00e7\u00e3o positiva para o restante da temporada. O clube foca agora em recuperar a confian\u00e7a do atacante e mant\u00ea-lo dispon\u00edvel para as competi\u00e7\u00f5es nacionais e internacionais que o time enfrenta.<\/p>\n<h3>Perguntas Frequentes<\/h3>\n<p><b>Por que o D\u00ednamo Moscou cancelou a contrata\u00e7\u00e3o de Plata?<\/b><br \/>O clube russo alegou que o jogador n\u00e3o foi aprovado nos exames m\u00e9dicos devido a uma tendinite no joelho direito, vers\u00e3o contestada pelo Flamengo.<\/p>\n<p><b>Qual o valor da negocia\u00e7\u00e3o que foi anulada?<\/b><br \/>A transa\u00e7\u00e3o seria de aproximadamente 10 milh\u00f5es de euros, o que equivale a cerca de 60 milh\u00f5es de reais \u00e0 vista.<\/p>\n<p><b>Plata joga a pr\u00f3xima partida pelo Flamengo?<\/b><br \/>N\u00e3o. Como o atleta s\u00f3 retorna ao Rio no domingo, ele est\u00e1 fora do jogo contra o Remo pelo Campeonato Brasileiro.<\/p>\n<p><b>O que o jogador postou nas redes sociais?<\/b><br \/>Plata postou uma foto em Dubai com um trecho da m\u00fasica Vive La Vida, de Zaider, com a mensagem: querem apagar minha energia, mas eu sigo na minha.<\/p>\n<p><b>O Flamengo vai buscar um novo clube para o atacante?<\/b><br \/>\u00c9 considerado improv\u00e1vel, pois as principais janelas de transfer\u00eancia na Europa j\u00e1 se fecharam, e o clube planeja reintegrar o atleta ao elenco.<\/p>","protected":false},"excerpt":{"rendered":"<p>Ap\u00f3s o cancelamento da transfer\u00eancia para o D\u00ednamo Moscou, o atacante Plata volta ao Flamengo e se prepara para retomar suas atividades no clube carioca. O atacante Plata, jogador do Flamengo, apareceu pela Primeiro vez nas redes sociais ap\u00f3s a frustrada negocia\u00e7\u00e3o com o D\u00ednamo Moscou. O atleta, que teve sua venda anulada na \u00faltima [&hellip;]<\/p>\n","protected":false},"author":1,"featured_media":170861,"comment_status":"closed","ping_status":"","sticky":false,"template":"","format":"standard","meta":{"googlesitekit_rrm_CAow2JLhCw:productID":"","_gspb_post_css":"","maa_idioma":"","maa_pais":"","footnotes":""},"categories":[40744],"tags":[],"class_list":["post-170860","post","type-post","status-publish","format-standard","has-post-thumbnail","hentry","category-esportes"],"blocksy_meta":[],"yoast_head":"<!-- This site is optimized with the Yoast SEO Premium plugin v27.6 (Yoast SEO v27.6) - https:\/\/yoast.com\/product\/yoast-seo-premium-wordpress\/ -->\n<title>Plata no Flamengo: atacante posa em Dubai ap\u00f3s reviravolta na negocia\u00e7\u00e3o com D\u00ednamo Moscou - Ubirat\u00e3 Online Not\u00edcias - A realidade ao seu alcance!<\/title>\n<meta name=\"description\" content=\"Ap\u00f3s o cancelamento da transfer\u00eancia para o D\u00ednamo Moscou, o atacante Plata volta ao Flamengo e se prepara para retomar suas atividades no clube carioca.O\" \/>\n<meta name=\"robots\" content=\"index, follow, max-snippet:-1, max-image-preview:large, max-video-preview:-1\" \/>\n<link rel=\"canonical\" href=\"https:\/\/ubirataonline.com.br\/en\/andrey-brilha-vasco-conquista-brasileiro-sub-20-e-atacante-projeta-chance-no-time-profissional\/\" \/>\n<meta property=\"og:locale\" content=\"en_US\" \/>\n<meta property=\"og:type\" content=\"article\" \/>\n<meta property=\"og:title\" content=\"Plata no Flamengo: atacante posa em Dubai ap\u00f3s reviravolta na negocia\u00e7\u00e3o com D\u00ednamo Moscou\" \/>\n<meta property=\"og:description\" content=\"Ap\u00f3s o cancelamento da transfer\u00eancia para o D\u00ednamo Moscou, o atacante Plata volta ao Flamengo e se prepara para retomar suas atividades no clube carioca.O\" \/>\n<meta property=\"og:url\" content=\"https:\/\/ubirataonline.com.br\/en\/andrey-brilha-vasco-conquista-brasileiro-sub-20-e-atacante-projeta-chance-no-time-profissional\/\" \/>\n<meta property=\"og:site_name\" content=\"Ubirat\u00e3 Online Not\u00edcias - A realidade ao seu alcance!\" \/>\n<meta property=\"article:publisher\" content=\"https:\/\/www.facebook.com\/portalubirataonline\" \/>\n<meta property=\"article:author\" content=\"https:\/\/www.facebook.com\/portalubirataonline\" \/>\n<meta property=\"article:published_time\" content=\"2026-09-05T01:23:55+00:00\" \/>\n<meta property=\"article:modified_time\" content=\"2026-09-05T02:22:07+00:00\" \/>\n<meta property=\"og:image\" content=\"https:\/\/ubirataonline.com.br\/wp-content\/uploads\/2026\/09\/maaimg-post-170860-20260905-012410.webp\" \/>\n\t<meta property=\"og:image:width\" content=\"1536\" \/>\n\t<meta property=\"og:image:height\" content=\"1024\" \/>\n\t<meta property=\"og:image:type\" content=\"image\/webp\" \/>\n<meta name=\"author\" content=\"REDA\u00c7\u00c3O: UBIRAT\u00c3 ONLINE - F\u00c1BIO AUGUSTO CELESTINO\" \/>\n<meta name=\"twitter:card\" content=\"summary_large_image\" \/>\n<meta name=\"twitter:creator\" content=\"@x.com\/ubirataonline\" \/>\n<meta name=\"twitter:site\" content=\"@ubirataonline\" \/>\n<meta name=\"twitter:label1\" content=\"Written by\" \/>\n\t<meta name=\"twitter:data1\" content=\"REDA\u00c7\u00c3O: UBIRAT\u00c3 ONLINE - F\u00c1BIO AUGUSTO CELESTINO\" \/>\n\t<meta name=\"twitter:label2\" content=\"Est. reading time\" \/>\n\t<meta name=\"twitter:data2\" content=\"3 minutes\" \/>\n<script type=\"application\/ld+json\" class=\"yoast-schema-graph\">{\"@context\":\"https:\\\/\\\/schema.org\",\"@graph\":[{\"@type\":\"NewsArticle\",\"@id\":\"https:\\\/\\\/ubirataonline.com.br\\\/andrey-brilha-vasco-conquista-brasileiro-sub-20-e-atacante-projeta-chance-no-time-profissional\\\/#article\",\"isPartOf\":{\"@id\":\"https:\\\/\\\/ubirataonline.com.br\\\/andrey-brilha-vasco-conquista-brasileiro-sub-20-e-atacante-projeta-chance-no-time-profissional\\\/\"},\"author\":{\"name\":\"REDA\u00c7\u00c3O: UBIRAT\u00c3 ONLINE - F\u00c1BIO AUGUSTO CELESTINO\",\"@id\":\"https:\\\/\\\/ubirataonline.com.br\\\/#\\\/schema\\\/person\\\/372f87bbd3fdd79b8556b84c98d0bc1c\"},\"headline\":\"Plata no Flamengo: atacante posa em Dubai ap\u00f3s reviravolta na negocia\u00e7\u00e3o com D\u00ednamo Moscou\",\"datePublished\":\"2026-09-05T01:23:55+00:00\",\"dateModified\":\"2026-09-05T02:22:07+00:00\",\"mainEntityOfPage\":{\"@id\":\"https:\\\/\\\/ubirataonline.com.br\\\/andrey-brilha-vasco-conquista-brasileiro-sub-20-e-atacante-projeta-chance-no-time-profissional\\\/\"},\"wordCount\":667,\"publisher\":{\"@id\":\"https:\\\/\\\/ubirataonline.com.br\\\/#organization\"},\"image\":{\"@id\":\"https:\\\/\\\/ubirataonline.com.br\\\/andrey-brilha-vasco-conquista-brasileiro-sub-20-e-atacante-projeta-chance-no-time-profissional\\\/#primaryimage\"},\"thumbnailUrl\":\"https:\\\/\\\/ubirataonline.com.br\\\/wp-content\\\/uploads\\\/2026\\\/09\\\/maaimg-post-170860-20260905-012410.webp\",\"articleSection\":[\"Esportes\"],\"inLanguage\":\"en-US\",\"copyrightYear\":\"2026\",\"copyrightHolder\":{\"@id\":\"https:\\\/\\\/ubirataonline.com.br\\\/en\\\/#organization\"}},{\"@type\":\"WebPage\",\"@id\":\"https:\\\/\\\/ubirataonline.com.br\\\/andrey-brilha-vasco-conquista-brasileiro-sub-20-e-atacante-projeta-chance-no-time-profissional\\\/\",\"url\":\"https:\\\/\\\/ubirataonline.com.br\\\/andrey-brilha-vasco-conquista-brasileiro-sub-20-e-atacante-projeta-chance-no-time-profissional\\\/\",\"name\":\"Plata no Flamengo: atacante posa em Dubai ap\u00f3s reviravolta na negocia\u00e7\u00e3o com D\u00ednamo Moscou - Ubirat\u00e3 Online Not\u00edcias - A realidade ao seu alcance!\",\"isPartOf\":{\"@id\":\"https:\\\/\\\/ubirataonline.com.br\\\/#website\"},\"primaryImageOfPage\":{\"@id\":\"https:\\\/\\\/ubirataonline.com.br\\\/andrey-brilha-vasco-conquista-brasileiro-sub-20-e-atacante-projeta-chance-no-time-profissional\\\/#primaryimage\"},\"image\":{\"@id\":\"https:\\\/\\\/ubirataonline.com.br\\\/andrey-brilha-vasco-conquista-brasileiro-sub-20-e-atacante-projeta-chance-no-time-profissional\\\/#primaryimage\"},\"thumbnailUrl\":\"https:\\\/\\\/ubirataonline.com.br\\\/wp-content\\\/uploads\\\/2026\\\/09\\\/maaimg-post-170860-20260905-012410.webp\",\"datePublished\":\"2026-09-05T01:23:55+00:00\",\"dateModified\":\"2026-09-05T02:22:07+00:00\",\"description\":\"Ap\u00f3s o cancelamento da transfer\u00eancia para o D\u00ednamo Moscou, o atacante Plata volta ao Flamengo e se prepara para retomar suas atividades no clube carioca.O\",\"breadcrumb\":{\"@id\":\"https:\\\/\\\/ubirataonline.com.br\\\/andrey-brilha-vasco-conquista-brasileiro-sub-20-e-atacante-projeta-chance-no-time-profissional\\\/#breadcrumb\"},\"inLanguage\":\"en-US\",\"potentialAction\":[{\"@type\":\"ReadAction\",\"target\":[\"https:\\\/\\\/ubirataonline.com.br\\\/andrey-brilha-vasco-conquista-brasileiro-sub-20-e-atacante-projeta-chance-no-time-profissional\\\/\"]}]},{\"@type\":\"ImageObject\",\"inLanguage\":\"en-US\",\"@id\":\"https:\\\/\\\/ubirataonline.com.br\\\/andrey-brilha-vasco-conquista-brasileiro-sub-20-e-atacante-projeta-chance-no-time-profissional\\\/#primaryimage\",\"url\":\"https:\\\/\\\/ubirataonline.com.br\\\/wp-content\\\/uploads\\\/2026\\\/09\\\/maaimg-post-170860-20260905-012410.webp\",\"contentUrl\":\"https:\\\/\\\/ubirataonline.com.br\\\/wp-content\\\/uploads\\\/2026\\\/09\\\/maaimg-post-170860-20260905-012410.webp\",\"width\":1536,\"height\":1024,\"caption\":\"Imagem ilustrativa Gerada por IA\"},{\"@type\":\"BreadcrumbList\",\"@id\":\"https:\\\/\\\/ubirataonline.com.br\\\/andrey-brilha-vasco-conquista-brasileiro-sub-20-e-atacante-projeta-chance-no-time-profissional\\\/#breadcrumb\",\"itemListElement\":[{\"@type\":\"ListItem\",\"position\":1,\"name\":\"In\u00edcio\",\"item\":\"https:\\\/\\\/ubirataonline.com.br\\\/\"},{\"@type\":\"ListItem\",\"position\":2,\"name\":\"Plata no Flamengo: atacante posa em Dubai ap\u00f3s reviravolta na negocia\u00e7\u00e3o com D\u00ednamo Moscou\"}]},{\"@type\":\"WebSite\",\"@id\":\"https:\\\/\\\/ubirataonline.com.br\\\/#website\",\"url\":\"https:\\\/\\\/ubirataonline.com.br\\\/\",\"name\":\"Ubirat\u00e3 Online Not\u00edcias\",\"description\":\"Not\u00edcias de Ubirat\u00e3, regi\u00e3o, Brasil e mundo, com informa\u00e7\u00e3o atualizada e compromisso com o leitor.\",\"publisher\":{\"@id\":\"https:\\\/\\\/ubirataonline.com.br\\\/#organization\"},\"alternateName\":\"Ubirat\u00e3 Online\",\"potentialAction\":[{\"@type\":\"SearchAction\",\"target\":{\"@type\":\"EntryPoint\",\"urlTemplate\":\"https:\\\/\\\/ubirataonline.com.br\\\/?s={search_term_string}\"},\"query-input\":{\"@type\":\"PropertyValueSpecification\",\"valueRequired\":true,\"valueName\":\"search_term_string\"}}],\"inLanguage\":\"en-US\"},{\"@type\":[\"Organization\",\"Place\"],\"@id\":\"https:\\\/\\\/ubirataonline.com.br\\\/#organization\",\"name\":\"Ubirat\u00e3 Online Not\u00edcias\",\"alternateName\":\"Ubirat\u00e3 Online\",\"url\":\"https:\\\/\\\/ubirataonline.com.br\\\/\",\"logo\":{\"@id\":\"https:\\\/\\\/ubirataonline.com.br\\\/andrey-brilha-vasco-conquista-brasileiro-sub-20-e-atacante-projeta-chance-no-time-profissional\\\/#local-main-organization-logo\"},\"image\":{\"@id\":\"https:\\\/\\\/ubirataonline.com.br\\\/andrey-brilha-vasco-conquista-brasileiro-sub-20-e-atacante-projeta-chance-no-time-profissional\\\/#local-main-organization-logo\"},\"sameAs\":[\"https:\\\/\\\/www.facebook.com\\\/portalubirataonline\",\"https:\\\/\\\/x.com\\\/ubirataonline\",\"https:\\\/\\\/mastodon.social\\\/@ubirataonline\",\"https:\\\/\\\/www.facebook.com\\\/groups\\\/311144672285604\",\"https:\\\/\\\/www.facebook.com\\\/UBTAOnline\",\"https:\\\/\\\/www.instagram.com\\\/portalubirataonline\\\/\",\"https:\\\/\\\/twitter.com\\\/ubirataonline\"],\"description\":\"Somos um portal de not\u00edcias independente, criado em 5 de janeiro de 2009, com o objetivo de informar, conectar e valorizar a nossa comunidade de Ubirat\u00e3 e toda aregi\u00e3o. Com conte\u00fado atualizado, confi\u00e1vel e relevante, o Ubirat\u00e3 Online \u00e9 o seu espa\u00e7o para ficar por dentro dos principais acontecimentos locais, regionais, Brasil, Mundo e de interesse geral. Nosso compromisso \u00e9 com a verdade, a transpar\u00eancia e o respeito ao leitor.\",\"legalName\":\"UBIRATA ONLINE NOT\u00cdCIAS\",\"foundingDate\":\"2009-01-05\",\"numberOfEmployees\":{\"@type\":\"QuantitativeValue\",\"minValue\":\"1\",\"maxValue\":\"10\"},\"publishingPrinciples\":\"https:\\\/\\\/ubirataonline.com.br\\\/faq\\\/\",\"address\":{\"@id\":\"https:\\\/\\\/ubirataonline.com.br\\\/andrey-brilha-vasco-conquista-brasileiro-sub-20-e-atacante-projeta-chance-no-time-profissional\\\/#local-main-place-address\"},\"geo\":{\"@type\":\"GeoCoordinates\",\"latitude\":\"-24.5361401\",\"longitude\":\"-52.9921776\"},\"telephone\":[\"+5544998308235\"],\"contactPoint\":{\"@type\":\"ContactPoint\",\"email\":\"contato@ubirataonline.com.br\"},\"openingHoursSpecification\":{\"@type\":\"OpeningHoursSpecification\",\"dayOfWeek\":[\"Monday\",\"Tuesday\",\"Wednesday\",\"Thursday\",\"Friday\",\"Saturday\",\"Sunday\"],\"opens\":\"00:00\",\"closes\":\"23:59\"},\"email\":\"contato@ubirataonline.com.br\",\"vatID\":\"47.621.418\\\/0001-80\"},{\"@type\":\"Person\",\"@id\":\"https:\\\/\\\/ubirataonline.com.br\\\/#\\\/schema\\\/person\\\/372f87bbd3fdd79b8556b84c98d0bc1c\",\"name\":\"REDA\u00c7\u00c3O: UBIRAT\u00c3 ONLINE - F\u00c1BIO AUGUSTO CELESTINO\",\"pronouns\":\"Ele\",\"description\":\"Desde 2003 trabalhando com not\u00edcias.\",\"sameAs\":[\"http:\\\/\\\/ubirataoline.com.br\",\"https:\\\/\\\/www.facebook.com\\\/portalubirataonline\",\"https:\\\/\\\/www.instagram.com\\\/ubirataonline_oficial\",\"https:\\\/\\\/x.com\\\/x.com\\\/ubirataonline\"],\"honorificPrefix\":\"Mr.\",\"honorificSuffix\":\"MD\",\"birthDate\":\"1980-06-16\",\"gender\":\"masculino\",\"award\":[\"V\u00e1rios pr\u00eamios de melhor portal da cidade\"],\"jobTitle\":\"Diretor\",\"url\":\"https:\\\/\\\/ubirataonline.com.br\\\/en\\\/author\\\/ubirataonline\\\/\"},{\"@type\":\"PostalAddress\",\"@id\":\"https:\\\/\\\/ubirataonline.com.br\\\/andrey-brilha-vasco-conquista-brasileiro-sub-20-e-atacante-projeta-chance-no-time-profissional\\\/#local-main-place-address\",\"streetAddress\":\"Rua dos Coqueiros, 104 - Bairro Boa Vista, Rua dos Coqueiros, 104 Bairro Boa Vista\",\"addressLocality\":\"UBIRATA\",\"postalCode\":\"85440-000\",\"addressRegion\":\"PR\",\"addressCountry\":\"BR\"},{\"@type\":\"ImageObject\",\"inLanguage\":\"en-US\",\"@id\":\"https:\\\/\\\/ubirataonline.com.br\\\/andrey-brilha-vasco-conquista-brasileiro-sub-20-e-atacante-projeta-chance-no-time-profissional\\\/#local-main-organization-logo\",\"url\":\"https:\\\/\\\/ubirataonline.com.br\\\/wp-content\\\/uploads\\\/2026\\\/06\\\/logoubirataonline-1.webp\",\"contentUrl\":\"https:\\\/\\\/ubirataonline.com.br\\\/wp-content\\\/uploads\\\/2026\\\/06\\\/logoubirataonline-1.webp\",\"width\":500,\"height\":500,\"caption\":\"Ubirat\u00e3 Online Not\u00edcias\"}]}<\/script>\n<meta name=\"geo.placename\" content=\"UBIRATA\" \/>\n<meta name=\"geo.position\" content=\"-24.5361401;-52.9921776\" \/>\n<meta name=\"geo.region\" content=\"Brazil\" \/>\n<!-- \/ Yoast SEO Premium plugin. -->","yoast_head_json":{"title":"Plata no Flamengo: atacante posa em Dubai ap\u00f3s reviravolta na negocia\u00e7\u00e3o com D\u00ednamo Moscou - Ubirat\u00e3 Online Not\u00edcias - A realidade ao seu alcance!","description":"Ap\u00f3s o cancelamento da transfer\u00eancia para o D\u00ednamo Moscou, o atacante Plata volta ao Flamengo e se prepara para retomar suas atividades no clube carioca.O","robots":{"index":"index","follow":"follow","max-snippet":"max-snippet:-1","max-image-preview":"max-image-preview:large","max-video-preview":"max-video-preview:-1"},"canonical":"https:\/\/ubirataonline.com.br\/en\/andrey-brilha-vasco-conquista-brasileiro-sub-20-e-atacante-projeta-chance-no-time-profissional\/","og_locale":"en_US","og_type":"article","og_title":"Plata no Flamengo: atacante posa em Dubai ap\u00f3s reviravolta na negocia\u00e7\u00e3o com D\u00ednamo Moscou","og_description":"Ap\u00f3s o cancelamento da transfer\u00eancia para o D\u00ednamo Moscou, o atacante Plata volta ao Flamengo e se prepara para retomar suas atividades no clube carioca.O","og_url":"https:\/\/ubirataonline.com.br\/en\/andrey-brilha-vasco-conquista-brasileiro-sub-20-e-atacante-projeta-chance-no-time-profissional\/","og_site_name":"Ubirat\u00e3 Online Not\u00edcias - A realidade ao seu alcance!","article_publisher":"https:\/\/www.facebook.com\/portalubirataonline","article_author":"https:\/\/www.facebook.com\/portalubirataonline","article_published_time":"2026-09-05T01:23:55+00:00","article_modified_time":"2026-09-05T02:22:07+00:00","og_image":[{"width":1536,"height":1024,"url":"https:\/\/ubirataonline.com.br\/wp-content\/uploads\/2026\/09\/maaimg-post-170860-20260905-012410.webp","type":"image\/webp"}],"author":"REDA\u00c7\u00c3O: UBIRAT\u00c3 ONLINE - F\u00c1BIO AUGUSTO CELESTINO","twitter_card":"summary_large_image","twitter_creator":"@x.com\/ubirataonline","twitter_site":"@ubirataonline","twitter_misc":{"Written by":"REDA\u00c7\u00c3O: UBIRAT\u00c3 ONLINE - F\u00c1BIO AUGUSTO CELESTINO","Est. reading time":"3 minutes"},"schema":{"@context":"https:\/\/schema.org","@graph":[{"@type":"NewsArticle","@id":"https:\/\/ubirataonline.com.br\/andrey-brilha-vasco-conquista-brasileiro-sub-20-e-atacante-projeta-chance-no-time-profissional\/#article","isPartOf":{"@id":"https:\/\/ubirataonline.com.br\/andrey-brilha-vasco-conquista-brasileiro-sub-20-e-atacante-projeta-chance-no-time-profissional\/"},"author":{"name":"REDA\u00c7\u00c3O: UBIRAT\u00c3 ONLINE - F\u00c1BIO AUGUSTO CELESTINO","@id":"https:\/\/ubirataonline.com.br\/#\/schema\/person\/372f87bbd3fdd79b8556b84c98d0bc1c"},"headline":"Plata no Flamengo: atacante posa em Dubai ap\u00f3s reviravolta na negocia\u00e7\u00e3o com D\u00ednamo Moscou","datePublished":"2026-09-05T01:23:55+00:00","dateModified":"2026-09-05T02:22:07+00:00","mainEntityOfPage":{"@id":"https:\/\/ubirataonline.com.br\/andrey-brilha-vasco-conquista-brasileiro-sub-20-e-atacante-projeta-chance-no-time-profissional\/"},"wordCount":667,"publisher":{"@id":"https:\/\/ubirataonline.com.br\/#organization"},"image":{"@id":"https:\/\/ubirataonline.com.br\/andrey-brilha-vasco-conquista-brasileiro-sub-20-e-atacante-projeta-chance-no-time-profissional\/#primaryimage"},"thumbnailUrl":"https:\/\/ubirataonline.com.br\/wp-content\/uploads\/2026\/09\/maaimg-post-170860-20260905-012410.webp","articleSection":["Esportes"],"inLanguage":"en-US","copyrightYear":"2026","copyrightHolder":{"@id":"https:\/\/ubirataonline.com.br\/en\/#organization"}},{"@type":"WebPage","@id":"https:\/\/ubirataonline.com.br\/andrey-brilha-vasco-conquista-brasileiro-sub-20-e-atacante-projeta-chance-no-time-profissional\/","url":"https:\/\/ubirataonline.com.br\/andrey-brilha-vasco-conquista-brasileiro-sub-20-e-atacante-projeta-chance-no-time-profissional\/","name":"Plata no Flamengo: atacante posa em Dubai ap\u00f3s reviravolta na negocia\u00e7\u00e3o com D\u00ednamo Moscou - Ubirat\u00e3 Online Not\u00edcias - A realidade ao seu alcance!","isPartOf":{"@id":"https:\/\/ubirataonline.com.br\/#website"},"primaryImageOfPage":{"@id":"https:\/\/ubirataonline.com.br\/andrey-brilha-vasco-conquista-brasileiro-sub-20-e-atacante-projeta-chance-no-time-profissional\/#primaryimage"},"image":{"@id":"https:\/\/ubirataonline.com.br\/andrey-brilha-vasco-conquista-brasileiro-sub-20-e-atacante-projeta-chance-no-time-profissional\/#primaryimage"},"thumbnailUrl":"https:\/\/ubirataonline.com.br\/wp-content\/uploads\/2026\/09\/maaimg-post-170860-20260905-012410.webp","datePublished":"2026-09-05T01:23:55+00:00","dateModified":"2026-09-05T02:22:07+00:00","description":"Ap\u00f3s o cancelamento da transfer\u00eancia para o D\u00ednamo Moscou, o atacante Plata volta ao Flamengo e se prepara para retomar suas atividades no clube carioca.O","breadcrumb":{"@id":"https:\/\/ubirataonline.com.br\/andrey-brilha-vasco-conquista-brasileiro-sub-20-e-atacante-projeta-chance-no-time-profissional\/#breadcrumb"},"inLanguage":"en-US","potentialAction":[{"@type":"ReadAction","target":["https:\/\/ubirataonline.com.br\/andrey-brilha-vasco-conquista-brasileiro-sub-20-e-atacante-projeta-chance-no-time-profissional\/"]}]},{"@type":"ImageObject","inLanguage":"en-US","@id":"https:\/\/ubirataonline.com.br\/andrey-brilha-vasco-conquista-brasileiro-sub-20-e-atacante-projeta-chance-no-time-profissional\/#primaryimage","url":"https:\/\/ubirataonline.com.br\/wp-content\/uploads\/2026\/09\/maaimg-post-170860-20260905-012410.webp","contentUrl":"https:\/\/ubirataonline.com.br\/wp-content\/uploads\/2026\/09\/maaimg-post-170860-20260905-012410.webp","width":1536,"height":1024,"caption":"Imagem ilustrativa Gerada por IA"},{"@type":"BreadcrumbList","@id":"https:\/\/ubirataonline.com.br\/andrey-brilha-vasco-conquista-brasileiro-sub-20-e-atacante-projeta-chance-no-time-profissional\/#breadcrumb","itemListElement":[{"@type":"ListItem","position":1,"name":"In\u00edcio","item":"https:\/\/ubirataonline.com.br\/"},{"@type":"ListItem","position":2,"name":"Plata no Flamengo: atacante posa em Dubai ap\u00f3s reviravolta na negocia\u00e7\u00e3o com D\u00ednamo Moscou"}]},{"@type":"WebSite","@id":"https:\/\/ubirataonline.com.br\/#website","url":"https:\/\/ubirataonline.com.br\/","name":"Ubirat\u00e3 Online Not\u00edcias","description":"Not\u00edcias de Ubirat\u00e3, regi\u00e3o, Brasil e mundo, com informa\u00e7\u00e3o atualizada e compromisso com o leitor.","publisher":{"@id":"https:\/\/ubirataonline.com.br\/#organization"},"alternateName":"Ubirat\u00e3 Online","potentialAction":[{"@type":"SearchAction","target":{"@type":"EntryPoint","urlTemplate":"https:\/\/ubirataonline.com.br\/?s={search_term_string}"},"query-input":{"@type":"PropertyValueSpecification","valueRequired":true,"valueName":"search_term_string"}}],"inLanguage":"en-US"},{"@type":["Organization","Place"],"@id":"https:\/\/ubirataonline.com.br\/#organization","name":"Ubirat\u00e3 Online Not\u00edcias","alternateName":"Ubirat\u00e3 Online","url":"https:\/\/ubirataonline.com.br\/","logo":{"@id":"https:\/\/ubirataonline.com.br\/andrey-brilha-vasco-conquista-brasileiro-sub-20-e-atacante-projeta-chance-no-time-profissional\/#local-main-organization-logo"},"image":{"@id":"https:\/\/ubirataonline.com.br\/andrey-brilha-vasco-conquista-brasileiro-sub-20-e-atacante-projeta-chance-no-time-profissional\/#local-main-organization-logo"},"sameAs":["https:\/\/www.facebook.com\/portalubirataonline","https:\/\/x.com\/ubirataonline","https:\/\/mastodon.social\/@ubirataonline","https:\/\/www.facebook.com\/groups\/311144672285604","https:\/\/www.facebook.com\/UBTAOnline","https:\/\/www.instagram.com\/portalubirataonline\/","https:\/\/twitter.com\/ubirataonline"],"description":"Somos um portal de not\u00edcias independente, criado em 5 de janeiro de 2009, com o objetivo de informar, conectar e valorizar a nossa comunidade de Ubirat\u00e3 e toda aregi\u00e3o. Com conte\u00fado atualizado, confi\u00e1vel e relevante, o Ubirat\u00e3 Online \u00e9 o seu espa\u00e7o para ficar por dentro dos principais acontecimentos locais, regionais, Brasil, Mundo e de interesse geral. Nosso compromisso \u00e9 com a verdade, a transpar\u00eancia e o respeito ao leitor.","legalName":"UBIRATA ONLINE NOT\u00cdCIAS","foundingDate":"2009-01-05","numberOfEmployees":{"@type":"QuantitativeValue","minValue":"1","maxValue":"10"},"publishingPrinciples":"https:\/\/ubirataonline.com.br\/faq\/","address":{"@id":"https:\/\/ubirataonline.com.br\/andrey-brilha-vasco-conquista-brasileiro-sub-20-e-atacante-projeta-chance-no-time-profissional\/#local-main-place-address"},"geo":{"@type":"GeoCoordinates","latitude":"-24.5361401","longitude":"-52.9921776"},"telephone":["+5544998308235"],"contactPoint":{"@type":"ContactPoint","email":"contato@ubirataonline.com.br"},"openingHoursSpecification":{"@type":"OpeningHoursSpecification","dayOfWeek":["Monday","Tuesday","Wednesday","Thursday","Friday","Saturday","Sunday"],"opens":"00:00","closes":"23:59"},"email":"contato@ubirataonline.com.br","vatID":"47.621.418\/0001-80"},{"@type":"Person","@id":"https:\/\/ubirataonline.com.br\/#\/schema\/person\/372f87bbd3fdd79b8556b84c98d0bc1c","name":"REDA\u00c7\u00c3O: UBIRAT\u00c3 ONLINE - F\u00c1BIO AUGUSTO CELESTINO","pronouns":"Ele","description":"Desde 2003 trabalhando com not\u00edcias.","sameAs":["http:\/\/ubirataoline.com.br","https:\/\/www.facebook.com\/portalubirataonline","https:\/\/www.instagram.com\/ubirataonline_oficial","https:\/\/x.com\/x.com\/ubirataonline"],"honorificPrefix":"Mr.","honorificSuffix":"MD","birthDate":"1980-06-16","gender":"masculino","award":["V\u00e1rios pr\u00eamios de melhor portal da cidade"],"jobTitle":"Diretor","url":"https:\/\/ubirataonline.com.br\/en\/author\/ubirataonline\/"},{"@type":"PostalAddress","@id":"https:\/\/ubirataonline.com.br\/andrey-brilha-vasco-conquista-brasileiro-sub-20-e-atacante-projeta-chance-no-time-profissional\/#local-main-place-address","streetAddress":"Rua dos Coqueiros, 104 - Bairro Boa Vista, Rua dos Coqueiros, 104 Bairro Boa Vista","addressLocality":"UBIRATA","postalCode":"85440-000","addressRegion":"PR","addressCountry":"BR"},{"@type":"ImageObject","inLanguage":"en-US","@id":"https:\/\/ubirataonline.com.br\/andrey-brilha-vasco-conquista-brasileiro-sub-20-e-atacante-projeta-chance-no-time-profissional\/#local-main-organization-logo","url":"https:\/\/ubirataonline.com.br\/wp-content\/uploads\/2026\/06\/logoubirataonline-1.webp","contentUrl":"https:\/\/ubirataonline.com.br\/wp-content\/uploads\/2026\/06\/logoubirataonline-1.webp","width":500,"height":500,"caption":"Ubirat\u00e3 Online Not\u00edcias"}]},"geo.placename":"UBIRATA","geo.position":{"lat":"-24.5361401","long":"-52.9921776"},"geo.region":"Brazil"},"_links":{"self":[{"href":"https:\/\/ubirataonline.com.br\/en\/wp-json\/wp\/v2\/posts\/170860","targetHints":{"allow":["GET"]}}],"collection":[{"href":"https:\/\/ubirataonline.com.br\/en\/wp-json\/wp\/v2\/posts"}],"about":[{"href":"https:\/\/ubirataonline.com.br\/en\/wp-json\/wp\/v2\/types\/post"}],"author":[{"embeddable":true,"href":"https:\/\/ubirataonline.com.br\/en\/wp-json\/wp\/v2\/users\/1"}],"replies":[{"embeddable":true,"href":"https:\/\/ubirataonline.com.br\/en\/wp-json\/wp\/v2\/comments?post=170860"}],"version-history":[{"count":1,"href":"https:\/\/ubirataonline.com.br\/en\/wp-json\/wp\/v2\/posts\/170860\/revisions"}],"predecessor-version":[{"id":170870,"href":"https:\/\/ubirataonline.com.br\/en\/wp-json\/wp\/v2\/posts\/170860\/revisions\/170870"}],"wp:featuredmedia":[{"embeddable":true,"href":"https:\/\/ubirataonline.com.br\/en\/wp-json\/wp\/v2\/media\/170861"}],"wp:attachment":[{"href":"https:\/\/ubirataonline.com.br\/en\/wp-json\/wp\/v2\/media?parent=170860"}],"wp:term":[{"taxonomy":"category","embeddable":true,"href":"https:\/\/ubirataonline.com.br\/en\/wp-json\/wp\/v2\/categories?post=170860"},{"taxonomy":"post_tag","embeddable":true,"href":"https:\/\/ubirataonline.com.br\/en\/wp-json\/wp\/v2\/tags?post=170860"}],"curies":[{"name":"wp","href":"https:\/\/api.w.org\/{rel}","templated":true}]}}