{"id":170864,"date":"2026-09-04T22:42:36","date_gmt":"2026-09-05T01:42:36","guid":{"rendered":"https:\/\/ubirataonline.com.br\/comissao-da-camara-aprova-ampliacao-do-porte-de-arma-para-servidores-publicos-veja-quem-sera-beneficiado\/"},"modified":"2026-09-04T22:42:36","modified_gmt":"2026-09-05T01:42:36","slug":"comissao-da-camara-aprova-ampliacao-do-porte-de-arma-para-servidores-publicos-veja-quem-sera-beneficiado","status":"publish","type":"post","link":"https:\/\/ubirataonline.com.br\/en\/comissao-da-camara-aprova-ampliacao-do-porte-de-arma-para-servidores-publicos-veja-quem-sera-beneficiado\/","title":{"rendered":"Comiss\u00e3o da C\u00e2mara aprova amplia\u00e7\u00e3o do porte de arma para servidores p\u00fablicos: veja quem ser\u00e1 beneficiado"},"content":{"rendered":"<h2>A Comiss\u00e3o de Seguran\u00e7a P\u00fablica da C\u00e2mara dos Deputados avan\u00e7ou com a proposta que amplia o porte de arma para servidores, estabelecendo novas regras de controle e responsabilidade institucional<\/h2>\n<p>A Comiss\u00e3o de Seguran\u00e7a P\u00fablica da C\u00e2mara dos Deputados aprovou, recentemente, um projeto de lei que altera o Estatuto do Desarmamento, a Lei 10.826\/03. A medida visa ampliar as categorias de servidores p\u00fablicos autorizadas a portar <b>arma de fogo<\/b>, al\u00e9m de definir crit\u00e9rios espec\u00edficos para o porte de arma particular.<\/p>\n<p>O projeto estabelece que a autoriza\u00e7\u00e3o para o uso de armamento pelas novas categorias contempladas ser\u00e1 restrita ao hor\u00e1rio de servi\u00e7o. Conforme informa\u00e7\u00e3o divulgada pelo <b>Portal da C\u00e2mara dos Deputados<\/b>, o armamento deve ser de propriedade, responsabilidade e guarda das respectivas institui\u00e7\u00f5es, garantindo um controle mais rigoroso sobre o equipamento.<\/p>\n<p>Abaixo, entenda os detalhes desta mudan\u00e7a e quais profissionais est\u00e3o inclu\u00eddos nas novas diretrizes para o porte de arma.<\/p>\n<h3>Crit\u00e9rios para categorias espec\u00edficas e o uso em servi\u00e7o<\/h3>\n<p>Para que o <b>porte de arma<\/b> seja concedido, o texto aprovado imp\u00f5e condi\u00e7\u00f5es baseadas nas atividades exercidas. Agentes de tr\u00e2nsito, por exemplo, precisam atuar diretamente na fiscaliza\u00e7\u00e3o ou patrulhamento vi\u00e1rio nas pistas. J\u00e1 os agentes socioeducativos devem estar envolvidos no atendimento, cust\u00f3dia ou escolta de menores que cometeram atos infracionais com viol\u00eancia ou grave amea\u00e7a.<\/p>\n<p>No caso dos oficiais de Justi\u00e7a, o benef\u00edcio fica restrito \u00e0queles que atuam em processos penais relacionados a crimes praticados com viol\u00eancia ou grave amea\u00e7a. O relator da proposta, Deputados Capit\u00e3o Alden (PL-BA), destacou que a inclus\u00e3o dos grupos n\u00e3o foi feita de forma indiscriminada, mas baseada em balizas e condicionantes para assegurar que o porte permane\u00e7a sob responsabilidade estatal.<\/p>\n<h3>Regras de controle e obriga\u00e7\u00f5es das institui\u00e7\u00f5es<\/h3>\n<p>As institui\u00e7\u00f5es que possuem servidores autorizados ao porte de arma dever\u00e3o manter listas atualizadas no Sistema Nacional de Armas (Sinarm) de forma semestral. Al\u00e9m disso, existe a obrigatoriedade de comunicar \u00e0 Pol\u00edcia Federal, em at\u00e9 24 horas, qualquer ocorr\u00eancia de perda, furto, roubo ou extravio de armas, muni\u00e7\u00f5es ou acess\u00f3rios.<\/p>\n<p>O texto tamb\u00e9m prev\u00ea que a autoriza\u00e7\u00e3o possa ser mantida ap\u00f3s a aposentadoria ou inatividade, desde que o servidor passe por avalia\u00e7\u00f5es psicol\u00f3gicas peri\u00f3dicas. A medida contempla diversas carreiras, incluindo policiais, bombeiros, integrantes das For\u00e7as Armadas e profissionais de auditoria fiscal.<\/p>\n<h3>Tramita\u00e7\u00e3o e pr\u00f3ximos passos do projeto<\/h3>\n<p>O projeto aprovado \u00e9 um substitutivo ao PL 302\/26, de autoria do Deputados Gilvan da Federal (PL-ES). Para o relator, a medida reduz a discricionariedade na an\u00e1lise dos pedidos de porte particular.<\/p>\n<p>Agora, a proposta segue para an\u00e1lise da Comiss\u00e3o de Constitui\u00e7\u00e3o e Justi\u00e7a e de Cidadania, visto que tramita em car\u00e1ter conclusivo. Para que a mat\u00e9ria passe a valer como lei, ainda precisar\u00e1 passar pelo crivo da C\u00e2mara dos Deputados e do Senado Federal.<\/p>\n<h3>Perguntas Frequentes<\/h3>\n<p><b>Quais servidores ganham direito ao porte de arma com o projeto?<\/b><br \/>O texto inclui categorias como agentes de tr\u00e2nsito, agentes socioeducativos e oficiais de Justi\u00e7a, al\u00e9m de manter o direito para policiais, militares, bombeiros e auditores fiscais, sob crit\u00e9rios espec\u00edficos.<\/p>\n<p><b>Como fica a situa\u00e7\u00e3o dos guardas municipais?<\/b><br \/>A proposta aprovada n\u00e3o altera as regras atuais para os guardas municipais, retirando o trecho que previa o porte de arma com validade nacional e fora de servi\u00e7o.<\/p>\n<p><b>O que acontece em casos de perda ou roubo da arma?<\/b><br \/>As institui\u00e7\u00f5es s\u00e3o obrigadas a comunicar \u00e0 Pol\u00edcia Federal qualquer perda, furto, roubo ou extravio de armas, muni\u00e7\u00f5es ou acess\u00f3rios em um prazo m\u00e1ximo de at\u00e9 24 horas.<\/p>","protected":false},"excerpt":{"rendered":"<p>A Comiss\u00e3o de Seguran\u00e7a P\u00fablica da C\u00e2mara dos Deputados avan\u00e7ou com a proposta que amplia o porte de arma para servidores, estabelecendo novas regras de controle e responsabilidade institucional A Comiss\u00e3o de Seguran\u00e7a P\u00fablica da C\u00e2mara dos Deputados aprovou, recentemente, um projeto de lei que altera o Estatuto do Desarmamento, a Lei 10.826\/03. A medida [&hellip;]<\/p>\n","protected":false},"author":1,"featured_media":170865,"comment_status":"","ping_status":"","sticky":false,"template":"","format":"standard","meta":{"googlesitekit_rrm_CAow2JLhCw:productID":"","_gspb_post_css":"","maa_idioma":"","maa_pais":"","footnotes":""},"categories":[4],"tags":[],"class_list":["post-170864","post","type-post","status-publish","format-standard","has-post-thumbnail","hentry","category-brasil"],"blocksy_meta":[],"yoast_head":"<!-- This site is optimized with the Yoast SEO Premium plugin v27.6 (Yoast SEO v27.6) - https:\/\/yoast.com\/product\/yoast-seo-premium-wordpress\/ -->\n<title>Comiss\u00e3o da C\u00e2mara aprova amplia\u00e7\u00e3o do porte de arma para servidores p\u00fablicos: veja quem ser\u00e1 beneficiado - Ubirat\u00e3 Online Not\u00edcias - A realidade ao seu alcance!<\/title>\n<meta name=\"description\" content=\"A Comiss\u00e3o de Seguran\u00e7a P\u00fablica da C\u00e2mara dos Deputados avan\u00e7ou com a proposta que amplia o porte de arma para servidores, estabelecendo novas regras de\" \/>\n<meta name=\"robots\" content=\"index, follow, max-snippet:-1, max-image-preview:large, max-video-preview:-1\" \/>\n<link rel=\"canonical\" href=\"https:\/\/ubirataonline.com.br\/en\/comissao-da-camara-aprova-ampliacao-do-porte-de-arma-para-servidores-publicos-veja-quem-sera-beneficiado\/\" \/>\n<meta property=\"og:locale\" content=\"en_US\" \/>\n<meta property=\"og:type\" content=\"article\" \/>\n<meta property=\"og:title\" content=\"Comiss\u00e3o da C\u00e2mara aprova amplia\u00e7\u00e3o do porte de arma para servidores p\u00fablicos: veja quem ser\u00e1 beneficiado\" \/>\n<meta property=\"og:description\" content=\"A Comiss\u00e3o de Seguran\u00e7a P\u00fablica da C\u00e2mara dos Deputados avan\u00e7ou com a proposta que amplia o porte de arma para servidores, estabelecendo novas regras de\" \/>\n<meta property=\"og:url\" content=\"https:\/\/ubirataonline.com.br\/en\/comissao-da-camara-aprova-ampliacao-do-porte-de-arma-para-servidores-publicos-veja-quem-sera-beneficiado\/\" \/>\n<meta property=\"og:site_name\" content=\"Ubirat\u00e3 Online Not\u00edcias - A realidade ao seu alcance!\" \/>\n<meta property=\"article:publisher\" content=\"https:\/\/www.facebook.com\/portalubirataonline\" \/>\n<meta property=\"article:author\" content=\"https:\/\/www.facebook.com\/portalubirataonline\" \/>\n<meta property=\"article:published_time\" content=\"2026-09-05T01:42:36+00:00\" \/>\n<meta property=\"og:image\" content=\"https:\/\/ubirataonline.com.br\/wp-content\/uploads\/2026\/05\/logo2026.webp\" \/>\n\t<meta property=\"og:image:width\" content=\"1531\" \/>\n\t<meta property=\"og:image:height\" content=\"418\" \/>\n\t<meta property=\"og:image:type\" content=\"image\/webp\" \/>\n<meta name=\"author\" content=\"REDA\u00c7\u00c3O: UBIRAT\u00c3 ONLINE - F\u00c1BIO AUGUSTO CELESTINO\" \/>\n<meta name=\"twitter:card\" content=\"summary_large_image\" \/>\n<meta name=\"twitter:creator\" content=\"@x.com\/ubirataonline\" \/>\n<meta name=\"twitter:site\" content=\"@ubirataonline\" \/>\n<meta name=\"twitter:label1\" content=\"Written by\" \/>\n\t<meta name=\"twitter:data1\" content=\"REDA\u00c7\u00c3O: UBIRAT\u00c3 ONLINE - F\u00c1BIO AUGUSTO CELESTINO\" \/>\n\t<meta name=\"twitter:label2\" content=\"Est. reading time\" \/>\n\t<meta name=\"twitter:data2\" content=\"3 minutes\" \/>\n<script type=\"application\/ld+json\" class=\"yoast-schema-graph\">{\"@context\":\"https:\\\/\\\/schema.org\",\"@graph\":[{\"@type\":\"NewsArticle\",\"@id\":\"https:\\\/\\\/ubirataonline.com.br\\\/comissao-da-camara-aprova-ampliacao-do-porte-de-arma-para-servidores-publicos-veja-quem-sera-beneficiado\\\/#article\",\"isPartOf\":{\"@id\":\"https:\\\/\\\/ubirataonline.com.br\\\/comissao-da-camara-aprova-ampliacao-do-porte-de-arma-para-servidores-publicos-veja-quem-sera-beneficiado\\\/\"},\"author\":{\"name\":\"REDA\u00c7\u00c3O: UBIRAT\u00c3 ONLINE - F\u00c1BIO AUGUSTO CELESTINO\",\"@id\":\"https:\\\/\\\/ubirataonline.com.br\\\/#\\\/schema\\\/person\\\/372f87bbd3fdd79b8556b84c98d0bc1c\"},\"headline\":\"Comiss\u00e3o da C\u00e2mara aprova amplia\u00e7\u00e3o do porte de arma para servidores p\u00fablicos: veja quem ser\u00e1 beneficiado\",\"datePublished\":\"2026-09-05T01:42:36+00:00\",\"mainEntityOfPage\":{\"@id\":\"https:\\\/\\\/ubirataonline.com.br\\\/comissao-da-camara-aprova-ampliacao-do-porte-de-arma-para-servidores-publicos-veja-quem-sera-beneficiado\\\/\"},\"wordCount\":661,\"publisher\":{\"@id\":\"https:\\\/\\\/ubirataonline.com.br\\\/#organization\"},\"image\":{\"@id\":\"https:\\\/\\\/ubirataonline.com.br\\\/comissao-da-camara-aprova-ampliacao-do-porte-de-arma-para-servidores-publicos-veja-quem-sera-beneficiado\\\/#primaryimage\"},\"thumbnailUrl\":\"https:\\\/\\\/ubirataonline.com.br\\\/wp-content\\\/uploads\\\/2026\\\/09\\\/maaimg-post-170864-20260905-014253.webp\",\"articleSection\":[\"Brasil\"],\"inLanguage\":\"en-US\",\"copyrightYear\":\"2026\",\"copyrightHolder\":{\"@id\":\"https:\\\/\\\/ubirataonline.com.br\\\/en\\\/#organization\"}},{\"@type\":\"WebPage\",\"@id\":\"https:\\\/\\\/ubirataonline.com.br\\\/comissao-da-camara-aprova-ampliacao-do-porte-de-arma-para-servidores-publicos-veja-quem-sera-beneficiado\\\/\",\"url\":\"https:\\\/\\\/ubirataonline.com.br\\\/comissao-da-camara-aprova-ampliacao-do-porte-de-arma-para-servidores-publicos-veja-quem-sera-beneficiado\\\/\",\"name\":\"Comiss\u00e3o da C\u00e2mara aprova amplia\u00e7\u00e3o do porte de arma para servidores p\u00fablicos: veja quem ser\u00e1 beneficiado - Ubirat\u00e3 Online Not\u00edcias - A realidade ao seu alcance!\",\"isPartOf\":{\"@id\":\"https:\\\/\\\/ubirataonline.com.br\\\/#website\"},\"primaryImageOfPage\":{\"@id\":\"https:\\\/\\\/ubirataonline.com.br\\\/comissao-da-camara-aprova-ampliacao-do-porte-de-arma-para-servidores-publicos-veja-quem-sera-beneficiado\\\/#primaryimage\"},\"image\":{\"@id\":\"https:\\\/\\\/ubirataonline.com.br\\\/comissao-da-camara-aprova-ampliacao-do-porte-de-arma-para-servidores-publicos-veja-quem-sera-beneficiado\\\/#primaryimage\"},\"thumbnailUrl\":\"https:\\\/\\\/ubirataonline.com.br\\\/wp-content\\\/uploads\\\/2026\\\/09\\\/maaimg-post-170864-20260905-014253.webp\",\"datePublished\":\"2026-09-05T01:42:36+00:00\",\"description\":\"A Comiss\u00e3o de Seguran\u00e7a P\u00fablica da C\u00e2mara dos Deputados avan\u00e7ou com a proposta que amplia o porte de arma para servidores, estabelecendo novas regras de\",\"breadcrumb\":{\"@id\":\"https:\\\/\\\/ubirataonline.com.br\\\/comissao-da-camara-aprova-ampliacao-do-porte-de-arma-para-servidores-publicos-veja-quem-sera-beneficiado\\\/#breadcrumb\"},\"inLanguage\":\"en-US\",\"potentialAction\":[{\"@type\":\"ReadAction\",\"target\":[\"https:\\\/\\\/ubirataonline.com.br\\\/comissao-da-camara-aprova-ampliacao-do-porte-de-arma-para-servidores-publicos-veja-quem-sera-beneficiado\\\/\"]}]},{\"@type\":\"ImageObject\",\"inLanguage\":\"en-US\",\"@id\":\"https:\\\/\\\/ubirataonline.com.br\\\/comissao-da-camara-aprova-ampliacao-do-porte-de-arma-para-servidores-publicos-veja-quem-sera-beneficiado\\\/#primaryimage\",\"url\":\"https:\\\/\\\/ubirataonline.com.br\\\/wp-content\\\/uploads\\\/2026\\\/09\\\/maaimg-post-170864-20260905-014253.webp\",\"contentUrl\":\"https:\\\/\\\/ubirataonline.com.br\\\/wp-content\\\/uploads\\\/2026\\\/09\\\/maaimg-post-170864-20260905-014253.webp\",\"width\":1536,\"height\":1024,\"caption\":\"Imagem ilustrativa Gerada por IA\"},{\"@type\":\"BreadcrumbList\",\"@id\":\"https:\\\/\\\/ubirataonline.com.br\\\/comissao-da-camara-aprova-ampliacao-do-porte-de-arma-para-servidores-publicos-veja-quem-sera-beneficiado\\\/#breadcrumb\",\"itemListElement\":[{\"@type\":\"ListItem\",\"position\":1,\"name\":\"In\u00edcio\",\"item\":\"https:\\\/\\\/ubirataonline.com.br\\\/\"},{\"@type\":\"ListItem\",\"position\":2,\"name\":\"Comiss\u00e3o da C\u00e2mara aprova amplia\u00e7\u00e3o do porte de arma para servidores p\u00fablicos: veja quem ser\u00e1 beneficiado\"}]},{\"@type\":\"WebSite\",\"@id\":\"https:\\\/\\\/ubirataonline.com.br\\\/#website\",\"url\":\"https:\\\/\\\/ubirataonline.com.br\\\/\",\"name\":\"Ubirat\u00e3 Online Not\u00edcias\",\"description\":\"Not\u00edcias de Ubirat\u00e3, regi\u00e3o, Brasil e mundo, com informa\u00e7\u00e3o atualizada e compromisso com o leitor.\",\"publisher\":{\"@id\":\"https:\\\/\\\/ubirataonline.com.br\\\/#organization\"},\"alternateName\":\"Ubirat\u00e3 Online\",\"potentialAction\":[{\"@type\":\"SearchAction\",\"target\":{\"@type\":\"EntryPoint\",\"urlTemplate\":\"https:\\\/\\\/ubirataonline.com.br\\\/?s={search_term_string}\"},\"query-input\":{\"@type\":\"PropertyValueSpecification\",\"valueRequired\":true,\"valueName\":\"search_term_string\"}}],\"inLanguage\":\"en-US\"},{\"@type\":[\"Organization\",\"Place\"],\"@id\":\"https:\\\/\\\/ubirataonline.com.br\\\/#organization\",\"name\":\"Ubirat\u00e3 Online Not\u00edcias\",\"alternateName\":\"Ubirat\u00e3 Online\",\"url\":\"https:\\\/\\\/ubirataonline.com.br\\\/\",\"logo\":{\"@id\":\"https:\\\/\\\/ubirataonline.com.br\\\/comissao-da-camara-aprova-ampliacao-do-porte-de-arma-para-servidores-publicos-veja-quem-sera-beneficiado\\\/#local-main-organization-logo\"},\"image\":{\"@id\":\"https:\\\/\\\/ubirataonline.com.br\\\/comissao-da-camara-aprova-ampliacao-do-porte-de-arma-para-servidores-publicos-veja-quem-sera-beneficiado\\\/#local-main-organization-logo\"},\"sameAs\":[\"https:\\\/\\\/www.facebook.com\\\/portalubirataonline\",\"https:\\\/\\\/x.com\\\/ubirataonline\",\"https:\\\/\\\/mastodon.social\\\/@ubirataonline\",\"https:\\\/\\\/www.facebook.com\\\/groups\\\/311144672285604\",\"https:\\\/\\\/www.facebook.com\\\/UBTAOnline\",\"https:\\\/\\\/www.instagram.com\\\/portalubirataonline\\\/\",\"https:\\\/\\\/twitter.com\\\/ubirataonline\"],\"description\":\"Somos um portal de not\u00edcias independente, criado em 5 de janeiro de 2009, com o objetivo de informar, conectar e valorizar a nossa comunidade de Ubirat\u00e3 e toda aregi\u00e3o. Com conte\u00fado atualizado, confi\u00e1vel e relevante, o Ubirat\u00e3 Online \u00e9 o seu espa\u00e7o para ficar por dentro dos principais acontecimentos locais, regionais, Brasil, Mundo e de interesse geral. Nosso compromisso \u00e9 com a verdade, a transpar\u00eancia e o respeito ao leitor.\",\"legalName\":\"UBIRATA ONLINE NOT\u00cdCIAS\",\"foundingDate\":\"2009-01-05\",\"numberOfEmployees\":{\"@type\":\"QuantitativeValue\",\"minValue\":\"1\",\"maxValue\":\"10\"},\"publishingPrinciples\":\"https:\\\/\\\/ubirataonline.com.br\\\/faq\\\/\",\"address\":{\"@id\":\"https:\\\/\\\/ubirataonline.com.br\\\/comissao-da-camara-aprova-ampliacao-do-porte-de-arma-para-servidores-publicos-veja-quem-sera-beneficiado\\\/#local-main-place-address\"},\"geo\":{\"@type\":\"GeoCoordinates\",\"latitude\":\"-24.5361401\",\"longitude\":\"-52.9921776\"},\"telephone\":[\"+5544998308235\"],\"contactPoint\":{\"@type\":\"ContactPoint\",\"email\":\"contato@ubirataonline.com.br\"},\"openingHoursSpecification\":{\"@type\":\"OpeningHoursSpecification\",\"dayOfWeek\":[\"Monday\",\"Tuesday\",\"Wednesday\",\"Thursday\",\"Friday\",\"Saturday\",\"Sunday\"],\"opens\":\"00:00\",\"closes\":\"23:59\"},\"email\":\"contato@ubirataonline.com.br\",\"vatID\":\"47.621.418\\\/0001-80\"},{\"@type\":\"Person\",\"@id\":\"https:\\\/\\\/ubirataonline.com.br\\\/#\\\/schema\\\/person\\\/372f87bbd3fdd79b8556b84c98d0bc1c\",\"name\":\"REDA\u00c7\u00c3O: UBIRAT\u00c3 ONLINE - F\u00c1BIO AUGUSTO CELESTINO\",\"pronouns\":\"Ele\",\"description\":\"Desde 2003 trabalhando com not\u00edcias.\",\"sameAs\":[\"http:\\\/\\\/ubirataoline.com.br\",\"https:\\\/\\\/www.facebook.com\\\/portalubirataonline\",\"https:\\\/\\\/www.instagram.com\\\/ubirataonline_oficial\",\"https:\\\/\\\/x.com\\\/x.com\\\/ubirataonline\"],\"honorificPrefix\":\"Mr.\",\"honorificSuffix\":\"MD\",\"birthDate\":\"1980-06-16\",\"gender\":\"masculino\",\"award\":[\"V\u00e1rios pr\u00eamios de melhor portal da cidade\"],\"jobTitle\":\"Diretor\",\"url\":\"https:\\\/\\\/ubirataonline.com.br\\\/en\\\/author\\\/ubirataonline\\\/\"},{\"@type\":\"PostalAddress\",\"@id\":\"https:\\\/\\\/ubirataonline.com.br\\\/comissao-da-camara-aprova-ampliacao-do-porte-de-arma-para-servidores-publicos-veja-quem-sera-beneficiado\\\/#local-main-place-address\",\"streetAddress\":\"Rua dos Coqueiros, 104 - Bairro Boa Vista, Rua dos Coqueiros, 104 Bairro Boa Vista\",\"addressLocality\":\"UBIRATA\",\"postalCode\":\"85440-000\",\"addressRegion\":\"PR\",\"addressCountry\":\"BR\"},{\"@type\":\"ImageObject\",\"inLanguage\":\"en-US\",\"@id\":\"https:\\\/\\\/ubirataonline.com.br\\\/comissao-da-camara-aprova-ampliacao-do-porte-de-arma-para-servidores-publicos-veja-quem-sera-beneficiado\\\/#local-main-organization-logo\",\"url\":\"https:\\\/\\\/ubirataonline.com.br\\\/wp-content\\\/uploads\\\/2026\\\/06\\\/logoubirataonline-1.webp\",\"contentUrl\":\"https:\\\/\\\/ubirataonline.com.br\\\/wp-content\\\/uploads\\\/2026\\\/06\\\/logoubirataonline-1.webp\",\"width\":500,\"height\":500,\"caption\":\"Ubirat\u00e3 Online Not\u00edcias\"}]}<\/script>\n<meta name=\"geo.placename\" content=\"UBIRATA\" \/>\n<meta name=\"geo.position\" content=\"-24.5361401;-52.9921776\" \/>\n<meta name=\"geo.region\" content=\"Brazil\" \/>\n<!-- \/ Yoast SEO Premium plugin. -->","yoast_head_json":{"title":"Comiss\u00e3o da C\u00e2mara aprova amplia\u00e7\u00e3o do porte de arma para servidores p\u00fablicos: veja quem ser\u00e1 beneficiado - Ubirat\u00e3 Online Not\u00edcias - A realidade ao seu alcance!","description":"A Comiss\u00e3o de Seguran\u00e7a P\u00fablica da C\u00e2mara dos Deputados avan\u00e7ou com a proposta que amplia o porte de arma para servidores, estabelecendo novas regras de","robots":{"index":"index","follow":"follow","max-snippet":"max-snippet:-1","max-image-preview":"max-image-preview:large","max-video-preview":"max-video-preview:-1"},"canonical":"https:\/\/ubirataonline.com.br\/en\/comissao-da-camara-aprova-ampliacao-do-porte-de-arma-para-servidores-publicos-veja-quem-sera-beneficiado\/","og_locale":"en_US","og_type":"article","og_title":"Comiss\u00e3o da C\u00e2mara aprova amplia\u00e7\u00e3o do porte de arma para servidores p\u00fablicos: veja quem ser\u00e1 beneficiado","og_description":"A Comiss\u00e3o de Seguran\u00e7a P\u00fablica da C\u00e2mara dos Deputados avan\u00e7ou com a proposta que amplia o porte de arma para servidores, estabelecendo novas regras de","og_url":"https:\/\/ubirataonline.com.br\/en\/comissao-da-camara-aprova-ampliacao-do-porte-de-arma-para-servidores-publicos-veja-quem-sera-beneficiado\/","og_site_name":"Ubirat\u00e3 Online Not\u00edcias - A realidade ao seu alcance!","article_publisher":"https:\/\/www.facebook.com\/portalubirataonline","article_author":"https:\/\/www.facebook.com\/portalubirataonline","article_published_time":"2026-09-05T01:42:36+00:00","og_image":[{"width":1531,"height":418,"url":"https:\/\/ubirataonline.com.br\/wp-content\/uploads\/2026\/05\/logo2026.webp","type":"image\/webp"}],"author":"REDA\u00c7\u00c3O: UBIRAT\u00c3 ONLINE - F\u00c1BIO AUGUSTO CELESTINO","twitter_card":"summary_large_image","twitter_creator":"@x.com\/ubirataonline","twitter_site":"@ubirataonline","twitter_misc":{"Written by":"REDA\u00c7\u00c3O: UBIRAT\u00c3 ONLINE - F\u00c1BIO AUGUSTO CELESTINO","Est. reading time":"3 minutes"},"schema":{"@context":"https:\/\/schema.org","@graph":[{"@type":"NewsArticle","@id":"https:\/\/ubirataonline.com.br\/comissao-da-camara-aprova-ampliacao-do-porte-de-arma-para-servidores-publicos-veja-quem-sera-beneficiado\/#article","isPartOf":{"@id":"https:\/\/ubirataonline.com.br\/comissao-da-camara-aprova-ampliacao-do-porte-de-arma-para-servidores-publicos-veja-quem-sera-beneficiado\/"},"author":{"name":"REDA\u00c7\u00c3O: UBIRAT\u00c3 ONLINE - F\u00c1BIO AUGUSTO CELESTINO","@id":"https:\/\/ubirataonline.com.br\/#\/schema\/person\/372f87bbd3fdd79b8556b84c98d0bc1c"},"headline":"Comiss\u00e3o da C\u00e2mara aprova amplia\u00e7\u00e3o do porte de arma para servidores p\u00fablicos: veja quem ser\u00e1 beneficiado","datePublished":"2026-09-05T01:42:36+00:00","mainEntityOfPage":{"@id":"https:\/\/ubirataonline.com.br\/comissao-da-camara-aprova-ampliacao-do-porte-de-arma-para-servidores-publicos-veja-quem-sera-beneficiado\/"},"wordCount":661,"publisher":{"@id":"https:\/\/ubirataonline.com.br\/#organization"},"image":{"@id":"https:\/\/ubirataonline.com.br\/comissao-da-camara-aprova-ampliacao-do-porte-de-arma-para-servidores-publicos-veja-quem-sera-beneficiado\/#primaryimage"},"thumbnailUrl":"https:\/\/ubirataonline.com.br\/wp-content\/uploads\/2026\/09\/maaimg-post-170864-20260905-014253.webp","articleSection":["Brasil"],"inLanguage":"en-US","copyrightYear":"2026","copyrightHolder":{"@id":"https:\/\/ubirataonline.com.br\/en\/#organization"}},{"@type":"WebPage","@id":"https:\/\/ubirataonline.com.br\/comissao-da-camara-aprova-ampliacao-do-porte-de-arma-para-servidores-publicos-veja-quem-sera-beneficiado\/","url":"https:\/\/ubirataonline.com.br\/comissao-da-camara-aprova-ampliacao-do-porte-de-arma-para-servidores-publicos-veja-quem-sera-beneficiado\/","name":"Comiss\u00e3o da C\u00e2mara aprova amplia\u00e7\u00e3o do porte de arma para servidores p\u00fablicos: veja quem ser\u00e1 beneficiado - Ubirat\u00e3 Online Not\u00edcias - A realidade ao seu alcance!","isPartOf":{"@id":"https:\/\/ubirataonline.com.br\/#website"},"primaryImageOfPage":{"@id":"https:\/\/ubirataonline.com.br\/comissao-da-camara-aprova-ampliacao-do-porte-de-arma-para-servidores-publicos-veja-quem-sera-beneficiado\/#primaryimage"},"image":{"@id":"https:\/\/ubirataonline.com.br\/comissao-da-camara-aprova-ampliacao-do-porte-de-arma-para-servidores-publicos-veja-quem-sera-beneficiado\/#primaryimage"},"thumbnailUrl":"https:\/\/ubirataonline.com.br\/wp-content\/uploads\/2026\/09\/maaimg-post-170864-20260905-014253.webp","datePublished":"2026-09-05T01:42:36+00:00","description":"A Comiss\u00e3o de Seguran\u00e7a P\u00fablica da C\u00e2mara dos Deputados avan\u00e7ou com a proposta que amplia o porte de arma para servidores, estabelecendo novas regras de","breadcrumb":{"@id":"https:\/\/ubirataonline.com.br\/comissao-da-camara-aprova-ampliacao-do-porte-de-arma-para-servidores-publicos-veja-quem-sera-beneficiado\/#breadcrumb"},"inLanguage":"en-US","potentialAction":[{"@type":"ReadAction","target":["https:\/\/ubirataonline.com.br\/comissao-da-camara-aprova-ampliacao-do-porte-de-arma-para-servidores-publicos-veja-quem-sera-beneficiado\/"]}]},{"@type":"ImageObject","inLanguage":"en-US","@id":"https:\/\/ubirataonline.com.br\/comissao-da-camara-aprova-ampliacao-do-porte-de-arma-para-servidores-publicos-veja-quem-sera-beneficiado\/#primaryimage","url":"https:\/\/ubirataonline.com.br\/wp-content\/uploads\/2026\/09\/maaimg-post-170864-20260905-014253.webp","contentUrl":"https:\/\/ubirataonline.com.br\/wp-content\/uploads\/2026\/09\/maaimg-post-170864-20260905-014253.webp","width":1536,"height":1024,"caption":"Imagem ilustrativa Gerada por IA"},{"@type":"BreadcrumbList","@id":"https:\/\/ubirataonline.com.br\/comissao-da-camara-aprova-ampliacao-do-porte-de-arma-para-servidores-publicos-veja-quem-sera-beneficiado\/#breadcrumb","itemListElement":[{"@type":"ListItem","position":1,"name":"In\u00edcio","item":"https:\/\/ubirataonline.com.br\/"},{"@type":"ListItem","position":2,"name":"Comiss\u00e3o da C\u00e2mara aprova amplia\u00e7\u00e3o do porte de arma para servidores p\u00fablicos: veja quem ser\u00e1 beneficiado"}]},{"@type":"WebSite","@id":"https:\/\/ubirataonline.com.br\/#website","url":"https:\/\/ubirataonline.com.br\/","name":"Ubirat\u00e3 Online Not\u00edcias","description":"Not\u00edcias de Ubirat\u00e3, regi\u00e3o, Brasil e mundo, com informa\u00e7\u00e3o atualizada e compromisso com o leitor.","publisher":{"@id":"https:\/\/ubirataonline.com.br\/#organization"},"alternateName":"Ubirat\u00e3 Online","potentialAction":[{"@type":"SearchAction","target":{"@type":"EntryPoint","urlTemplate":"https:\/\/ubirataonline.com.br\/?s={search_term_string}"},"query-input":{"@type":"PropertyValueSpecification","valueRequired":true,"valueName":"search_term_string"}}],"inLanguage":"en-US"},{"@type":["Organization","Place"],"@id":"https:\/\/ubirataonline.com.br\/#organization","name":"Ubirat\u00e3 Online Not\u00edcias","alternateName":"Ubirat\u00e3 Online","url":"https:\/\/ubirataonline.com.br\/","logo":{"@id":"https:\/\/ubirataonline.com.br\/comissao-da-camara-aprova-ampliacao-do-porte-de-arma-para-servidores-publicos-veja-quem-sera-beneficiado\/#local-main-organization-logo"},"image":{"@id":"https:\/\/ubirataonline.com.br\/comissao-da-camara-aprova-ampliacao-do-porte-de-arma-para-servidores-publicos-veja-quem-sera-beneficiado\/#local-main-organization-logo"},"sameAs":["https:\/\/www.facebook.com\/portalubirataonline","https:\/\/x.com\/ubirataonline","https:\/\/mastodon.social\/@ubirataonline","https:\/\/www.facebook.com\/groups\/311144672285604","https:\/\/www.facebook.com\/UBTAOnline","https:\/\/www.instagram.com\/portalubirataonline\/","https:\/\/twitter.com\/ubirataonline"],"description":"Somos um portal de not\u00edcias independente, criado em 5 de janeiro de 2009, com o objetivo de informar, conectar e valorizar a nossa comunidade de Ubirat\u00e3 e toda aregi\u00e3o. Com conte\u00fado atualizado, confi\u00e1vel e relevante, o Ubirat\u00e3 Online \u00e9 o seu espa\u00e7o para ficar por dentro dos principais acontecimentos locais, regionais, Brasil, Mundo e de interesse geral. Nosso compromisso \u00e9 com a verdade, a transpar\u00eancia e o respeito ao leitor.","legalName":"UBIRATA ONLINE NOT\u00cdCIAS","foundingDate":"2009-01-05","numberOfEmployees":{"@type":"QuantitativeValue","minValue":"1","maxValue":"10"},"publishingPrinciples":"https:\/\/ubirataonline.com.br\/faq\/","address":{"@id":"https:\/\/ubirataonline.com.br\/comissao-da-camara-aprova-ampliacao-do-porte-de-arma-para-servidores-publicos-veja-quem-sera-beneficiado\/#local-main-place-address"},"geo":{"@type":"GeoCoordinates","latitude":"-24.5361401","longitude":"-52.9921776"},"telephone":["+5544998308235"],"contactPoint":{"@type":"ContactPoint","email":"contato@ubirataonline.com.br"},"openingHoursSpecification":{"@type":"OpeningHoursSpecification","dayOfWeek":["Monday","Tuesday","Wednesday","Thursday","Friday","Saturday","Sunday"],"opens":"00:00","closes":"23:59"},"email":"contato@ubirataonline.com.br","vatID":"47.621.418\/0001-80"},{"@type":"Person","@id":"https:\/\/ubirataonline.com.br\/#\/schema\/person\/372f87bbd3fdd79b8556b84c98d0bc1c","name":"REDA\u00c7\u00c3O: UBIRAT\u00c3 ONLINE - F\u00c1BIO AUGUSTO CELESTINO","pronouns":"Ele","description":"Desde 2003 trabalhando com not\u00edcias.","sameAs":["http:\/\/ubirataoline.com.br","https:\/\/www.facebook.com\/portalubirataonline","https:\/\/www.instagram.com\/ubirataonline_oficial","https:\/\/x.com\/x.com\/ubirataonline"],"honorificPrefix":"Mr.","honorificSuffix":"MD","birthDate":"1980-06-16","gender":"masculino","award":["V\u00e1rios pr\u00eamios de melhor portal da cidade"],"jobTitle":"Diretor","url":"https:\/\/ubirataonline.com.br\/en\/author\/ubirataonline\/"},{"@type":"PostalAddress","@id":"https:\/\/ubirataonline.com.br\/comissao-da-camara-aprova-ampliacao-do-porte-de-arma-para-servidores-publicos-veja-quem-sera-beneficiado\/#local-main-place-address","streetAddress":"Rua dos Coqueiros, 104 - Bairro Boa Vista, Rua dos Coqueiros, 104 Bairro Boa Vista","addressLocality":"UBIRATA","postalCode":"85440-000","addressRegion":"PR","addressCountry":"BR"},{"@type":"ImageObject","inLanguage":"en-US","@id":"https:\/\/ubirataonline.com.br\/comissao-da-camara-aprova-ampliacao-do-porte-de-arma-para-servidores-publicos-veja-quem-sera-beneficiado\/#local-main-organization-logo","url":"https:\/\/ubirataonline.com.br\/wp-content\/uploads\/2026\/06\/logoubirataonline-1.webp","contentUrl":"https:\/\/ubirataonline.com.br\/wp-content\/uploads\/2026\/06\/logoubirataonline-1.webp","width":500,"height":500,"caption":"Ubirat\u00e3 Online Not\u00edcias"}]},"geo.placename":"UBIRATA","geo.position":{"lat":"-24.5361401","long":"-52.9921776"},"geo.region":"Brazil"},"_links":{"self":[{"href":"https:\/\/ubirataonline.com.br\/en\/wp-json\/wp\/v2\/posts\/170864","targetHints":{"allow":["GET"]}}],"collection":[{"href":"https:\/\/ubirataonline.com.br\/en\/wp-json\/wp\/v2\/posts"}],"about":[{"href":"https:\/\/ubirataonline.com.br\/en\/wp-json\/wp\/v2\/types\/post"}],"author":[{"embeddable":true,"href":"https:\/\/ubirataonline.com.br\/en\/wp-json\/wp\/v2\/users\/1"}],"replies":[{"embeddable":true,"href":"https:\/\/ubirataonline.com.br\/en\/wp-json\/wp\/v2\/comments?post=170864"}],"version-history":[{"count":0,"href":"https:\/\/ubirataonline.com.br\/en\/wp-json\/wp\/v2\/posts\/170864\/revisions"}],"wp:featuredmedia":[{"embeddable":true,"href":"https:\/\/ubirataonline.com.br\/en\/wp-json\/wp\/v2\/media\/170865"}],"wp:attachment":[{"href":"https:\/\/ubirataonline.com.br\/en\/wp-json\/wp\/v2\/media?parent=170864"}],"wp:term":[{"taxonomy":"category","embeddable":true,"href":"https:\/\/ubirataonline.com.br\/en\/wp-json\/wp\/v2\/categories?post=170864"},{"taxonomy":"post_tag","embeddable":true,"href":"https:\/\/ubirataonline.com.br\/en\/wp-json\/wp\/v2\/tags?post=170864"}],"curies":[{"name":"wp","href":"https:\/\/api.w.org\/{rel}","templated":true}]}}