{"id":170944,"date":"2026-09-05T07:17:18","date_gmt":"2026-09-05T10:17:18","guid":{"rendered":"https:\/\/ubirataonline.com.br\/rock-in-rio-e-a-geracao-z-como-fas-de-k-pop-estao-remodelando-os-festivais\/"},"modified":"2026-09-05T07:17:18","modified_gmt":"2026-09-05T10:17:18","slug":"rock-in-rio-e-a-geracao-z-como-fas-de-k-pop-estao-remodelando-os-festivais","status":"publish","type":"post","link":"https:\/\/ubirataonline.com.br\/en\/rock-in-rio-e-a-geracao-z-como-fas-de-k-pop-estao-remodelando-os-festivais\/","title":{"rendered":"Rock in Rio e a Gera\u00e7\u00e3o Z: como f\u00e3s de K-pop est\u00e3o remodelando os festivais"},"content":{"rendered":"<h2>F\u00e3s jovens dispostos a pagar mais por shows, caso de seguidores do Stray Kids, impulsionam gastos, influenciam Line-up e desafiam curadoria dos grandes eventos<\/h2>\n<p>Megumi Midorikawa, de 24 anos, comprou ingresso para o Rock in Rio motivada pela presen\u00e7a do grupo de k-pop Stray Kids \u2014 a estreia do g\u00eanero no festival \u2014 e documentou a compra em v\u00eddeo que teve mais de 100 mil visualiza\u00e7\u00f5es no TikTok. A reportagem usada nesta mat\u00e9ria \u00e9 da Ag\u00eancia Estad\u00e3o, Publicado no CGN.<\/p>\n<p>O caso ilustra uma mudan\u00e7a de comportamento atribu\u00edda \u00e0 Gera\u00e7\u00e3o Z: disposi\u00e7\u00e3o a arcar com custos maiores para assistir a eventos ao vivo e forte mobiliza\u00e7\u00e3o de fandoms, fator que produtores e curadores v\u00eam levando em conta na montagem de Line-up.<\/p>\n<h3>F\u00e3s, gastos e o papel do &#8220;FOMO&#8221;<\/h3>\n<p>segundo CGN da Ag\u00eancia Estad\u00e3o, a conex\u00e3o afetiva entre f\u00e3s e artistas explica parte da disposi\u00e7\u00e3o a gastar. A diretora do Mapa dos Festivais, Juli Baldi, afirma que a Gera\u00e7\u00e3o Z &quot;enxerga os shows e festivais como um investimento em lazer, como uma forma de pertencer a um grupo, socializar com amigos e novas pessoas, e viver num espa\u00e7o livre para se expressar.&quot;<\/p>\n<p>Dados citados pela publica\u00e7\u00e3o mostram que, nos Estados Unidos, a Luminate registrou gasto m\u00e9dio mensal com shows e festivais de US$ 101 para a Gera\u00e7\u00e3o Z no primeiro trimestre de 2026, contra US$ 94 dos Millennials \u2014 valores que a reportagem converte para cerca de R$ 518 e cerca de R$ 482, respectivamente, &#8220;na cota\u00e7\u00e3o atual&#8221;.<\/p>\n<h3>Compara\u00e7\u00e3o do gasto no Brasil e exemplos pr\u00e1ticos<\/h3>\n<p>No Brasil, a tend\u00eancia apontada pela Luminate ainda n\u00e3o se replicou integralmente: estudo da plataforma Mapa dos Festivais, em parceria com a Walk The Talk (levantamento feito em 2024 e divulgado em 2025), mostrou que a faixa dos 25 aos 34 anos gasta mais nos festivais (R$ 433,69) do que a Gera\u00e7\u00e3o Z (R$ 388,22).<\/p>\n<p>A mat\u00e9ria exemplifica os efeitos pr\u00e1ticos do aumento de demanda: Meg relatou aumento abrupto nos custos de viagem e hospedagem \u2014 passagem de R$ 300 para R$ 900 e Airbnb de R$ 200 para R$ 1.000 \u2014 o que a fez optar por viajar em caravana para acompanhar o show.<\/p>\n<h3>Impacto nos Line-up e no mercado musical<\/h3>\n<p>Produtora Fabiana Lian interpretou a presen\u00e7a do Stray Kids no Rock in Rio como um sinal de que o festival &#8220;est\u00e1 olhando para essa gera\u00e7\u00e3o&#8221;. Ainda assim, especialistas ouvidos pela reportagem ponderam que viralidade em plataformas como TikTok n\u00e3o substituir\u00e1 totalmente a curadoria humana.<\/p>\n<p>O cantor e produtor Chinaina afirmou que, embora os algoritmos causem furor inicial, &quot;pessoas que gostam de m\u00fasica e est\u00e3o mais antenadas sempre v\u00e3o preferir festivais e playlists que tenham curadoria humana&quot;. Juli Baldi e Fabiana Lian tamb\u00e9m ressaltaram a import\u00e2ncia de investimentos em festivais menores para revelar novos nomes e manter diversidade nos Line-up.<\/p>\n<h3>Pre\u00e7os hist\u00f3ricos e a eleva\u00e7\u00e3o do ingresso<\/h3>\n<p>A reportagem ressalta ainda uma trajet\u00f3ria de aumento de pre\u00e7os: segundo c\u00e1lculo do Acervo Estad\u00e3o citado pela mat\u00e9ria, o ingresso do Rock in Rio de 1985, para o show do Queen, equivaleria hoje a R$ 174 segundo o m\u00e9todo do Acervo, enquanto a entrada para apresenta\u00e7\u00f5es atuais como a de Elton John chega a R$ 870 na compara\u00e7\u00e3o feita pelo Estad\u00e3o. A retomada de pre\u00e7os ap\u00f3s 2011 tamb\u00e9m foi mencionada, quando o valor m\u00e9dio citado para participar do festival naquele ano ficou em R$ 316,67.<\/p>","protected":false},"excerpt":{"rendered":"<p>F\u00e3s jovens dispostos a pagar mais por shows, caso de seguidores do Stray Kids, impulsionam gastos, influenciam Line-up e desafiam curadoria dos grandes eventos Megumi Midorikawa, de 24 anos, comprou ingresso para o Rock in Rio motivada pela presen\u00e7a do grupo de k-pop Stray Kids \u2014 a estreia do g\u00eanero no festival \u2014 e documentou [&hellip;]<\/p>\n","protected":false},"author":1,"featured_media":170945,"comment_status":"","ping_status":"","sticky":false,"template":"","format":"standard","meta":{"googlesitekit_rrm_CAow2JLhCw:productID":"","_gspb_post_css":"","maa_idioma":"","maa_pais":"","footnotes":""},"categories":[43088],"tags":[],"class_list":["post-170944","post","type-post","status-publish","format-standard","has-post-thumbnail","hentry","category-parana"],"blocksy_meta":[],"yoast_head":"<!-- This site is optimized with the Yoast SEO Premium plugin v27.6 (Yoast SEO v27.6) - https:\/\/yoast.com\/product\/yoast-seo-premium-wordpress\/ -->\n<title>Rock in Rio e a Gera\u00e7\u00e3o Z: como f\u00e3s de K-pop est\u00e3o remodelando os festivais - Ubirat\u00e3 Online Not\u00edcias - A realidade ao seu alcance!<\/title>\n<meta name=\"description\" content=\"F\u00e3s jovens dispostos a pagar mais por shows, caso de seguidores do Stray Kids, impulsionam gastos, influenciam Line-up e desafiam curadoria dos grandes\" \/>\n<meta name=\"robots\" content=\"index, follow, max-snippet:-1, max-image-preview:large, max-video-preview:-1\" \/>\n<link rel=\"canonical\" href=\"https:\/\/ubirataonline.com.br\/en\/rock-in-rio-e-a-geracao-z-como-fas-de-k-pop-estao-remodelando-os-festivais\/\" \/>\n<meta property=\"og:locale\" content=\"en_US\" \/>\n<meta property=\"og:type\" content=\"article\" \/>\n<meta property=\"og:title\" content=\"Rock in Rio e a Gera\u00e7\u00e3o Z: como f\u00e3s de K-pop est\u00e3o remodelando os festivais\" \/>\n<meta property=\"og:description\" content=\"F\u00e3s jovens dispostos a pagar mais por shows, caso de seguidores do Stray Kids, impulsionam gastos, influenciam Line-up e desafiam curadoria dos grandes\" \/>\n<meta property=\"og:url\" content=\"https:\/\/ubirataonline.com.br\/en\/rock-in-rio-e-a-geracao-z-como-fas-de-k-pop-estao-remodelando-os-festivais\/\" \/>\n<meta property=\"og:site_name\" content=\"Ubirat\u00e3 Online Not\u00edcias - A realidade ao seu alcance!\" \/>\n<meta property=\"article:publisher\" content=\"https:\/\/www.facebook.com\/portalubirataonline\" \/>\n<meta property=\"article:author\" content=\"https:\/\/www.facebook.com\/portalubirataonline\" \/>\n<meta property=\"article:published_time\" content=\"2026-09-05T10:17:18+00:00\" \/>\n<meta property=\"og:image\" content=\"https:\/\/ubirataonline.com.br\/wp-content\/uploads\/2026\/05\/logo2026.webp\" \/>\n\t<meta property=\"og:image:width\" content=\"1531\" \/>\n\t<meta property=\"og:image:height\" content=\"418\" \/>\n\t<meta property=\"og:image:type\" content=\"image\/webp\" \/>\n<meta name=\"author\" content=\"REDA\u00c7\u00c3O: UBIRAT\u00c3 ONLINE - F\u00c1BIO AUGUSTO CELESTINO\" \/>\n<meta name=\"twitter:card\" content=\"summary_large_image\" \/>\n<meta name=\"twitter:creator\" content=\"@x.com\/ubirataonline\" \/>\n<meta name=\"twitter:site\" content=\"@ubirataonline\" \/>\n<meta name=\"twitter:label1\" content=\"Written by\" \/>\n\t<meta name=\"twitter:data1\" content=\"REDA\u00c7\u00c3O: UBIRAT\u00c3 ONLINE - F\u00c1BIO AUGUSTO CELESTINO\" \/>\n\t<meta name=\"twitter:label2\" content=\"Est. reading time\" \/>\n\t<meta name=\"twitter:data2\" content=\"3 minutes\" \/>\n<script type=\"application\/ld+json\" class=\"yoast-schema-graph\">{\"@context\":\"https:\\\/\\\/schema.org\",\"@graph\":[{\"@type\":\"NewsArticle\",\"@id\":\"https:\\\/\\\/ubirataonline.com.br\\\/rock-in-rio-e-a-geracao-z-como-fas-de-k-pop-estao-remodelando-os-festivais\\\/#article\",\"isPartOf\":{\"@id\":\"https:\\\/\\\/ubirataonline.com.br\\\/rock-in-rio-e-a-geracao-z-como-fas-de-k-pop-estao-remodelando-os-festivais\\\/\"},\"author\":{\"name\":\"REDA\u00c7\u00c3O: UBIRAT\u00c3 ONLINE - F\u00c1BIO AUGUSTO CELESTINO\",\"@id\":\"https:\\\/\\\/ubirataonline.com.br\\\/#\\\/schema\\\/person\\\/372f87bbd3fdd79b8556b84c98d0bc1c\"},\"headline\":\"Rock in Rio e a Gera\u00e7\u00e3o Z: como f\u00e3s de K-pop est\u00e3o remodelando os festivais\",\"datePublished\":\"2026-09-05T10:17:18+00:00\",\"mainEntityOfPage\":{\"@id\":\"https:\\\/\\\/ubirataonline.com.br\\\/rock-in-rio-e-a-geracao-z-como-fas-de-k-pop-estao-remodelando-os-festivais\\\/\"},\"wordCount\":608,\"publisher\":{\"@id\":\"https:\\\/\\\/ubirataonline.com.br\\\/#organization\"},\"image\":{\"@id\":\"https:\\\/\\\/ubirataonline.com.br\\\/rock-in-rio-e-a-geracao-z-como-fas-de-k-pop-estao-remodelando-os-festivais\\\/#primaryimage\"},\"thumbnailUrl\":\"https:\\\/\\\/ubirataonline.com.br\\\/wp-content\\\/uploads\\\/2026\\\/09\\\/maaimg-post-170944-20260905-101749.webp\",\"articleSection\":[\"Paran\u00e1\"],\"inLanguage\":\"en-US\",\"copyrightYear\":\"2026\",\"copyrightHolder\":{\"@id\":\"https:\\\/\\\/ubirataonline.com.br\\\/en\\\/#organization\"}},{\"@type\":\"WebPage\",\"@id\":\"https:\\\/\\\/ubirataonline.com.br\\\/rock-in-rio-e-a-geracao-z-como-fas-de-k-pop-estao-remodelando-os-festivais\\\/\",\"url\":\"https:\\\/\\\/ubirataonline.com.br\\\/rock-in-rio-e-a-geracao-z-como-fas-de-k-pop-estao-remodelando-os-festivais\\\/\",\"name\":\"Rock in Rio e a Gera\u00e7\u00e3o Z: como f\u00e3s de K-pop est\u00e3o remodelando os festivais - Ubirat\u00e3 Online Not\u00edcias - A realidade ao seu alcance!\",\"isPartOf\":{\"@id\":\"https:\\\/\\\/ubirataonline.com.br\\\/#website\"},\"primaryImageOfPage\":{\"@id\":\"https:\\\/\\\/ubirataonline.com.br\\\/rock-in-rio-e-a-geracao-z-como-fas-de-k-pop-estao-remodelando-os-festivais\\\/#primaryimage\"},\"image\":{\"@id\":\"https:\\\/\\\/ubirataonline.com.br\\\/rock-in-rio-e-a-geracao-z-como-fas-de-k-pop-estao-remodelando-os-festivais\\\/#primaryimage\"},\"thumbnailUrl\":\"https:\\\/\\\/ubirataonline.com.br\\\/wp-content\\\/uploads\\\/2026\\\/09\\\/maaimg-post-170944-20260905-101749.webp\",\"datePublished\":\"2026-09-05T10:17:18+00:00\",\"description\":\"F\u00e3s jovens dispostos a pagar mais por shows, caso de seguidores do Stray Kids, impulsionam gastos, influenciam Line-up e desafiam curadoria dos grandes\",\"breadcrumb\":{\"@id\":\"https:\\\/\\\/ubirataonline.com.br\\\/rock-in-rio-e-a-geracao-z-como-fas-de-k-pop-estao-remodelando-os-festivais\\\/#breadcrumb\"},\"inLanguage\":\"en-US\",\"potentialAction\":[{\"@type\":\"ReadAction\",\"target\":[\"https:\\\/\\\/ubirataonline.com.br\\\/rock-in-rio-e-a-geracao-z-como-fas-de-k-pop-estao-remodelando-os-festivais\\\/\"]}]},{\"@type\":\"ImageObject\",\"inLanguage\":\"en-US\",\"@id\":\"https:\\\/\\\/ubirataonline.com.br\\\/rock-in-rio-e-a-geracao-z-como-fas-de-k-pop-estao-remodelando-os-festivais\\\/#primaryimage\",\"url\":\"https:\\\/\\\/ubirataonline.com.br\\\/wp-content\\\/uploads\\\/2026\\\/09\\\/maaimg-post-170944-20260905-101749.webp\",\"contentUrl\":\"https:\\\/\\\/ubirataonline.com.br\\\/wp-content\\\/uploads\\\/2026\\\/09\\\/maaimg-post-170944-20260905-101749.webp\",\"width\":1536,\"height\":1024,\"caption\":\"Imagem ilustrativa Gerada por IA\"},{\"@type\":\"BreadcrumbList\",\"@id\":\"https:\\\/\\\/ubirataonline.com.br\\\/rock-in-rio-e-a-geracao-z-como-fas-de-k-pop-estao-remodelando-os-festivais\\\/#breadcrumb\",\"itemListElement\":[{\"@type\":\"ListItem\",\"position\":1,\"name\":\"In\u00edcio\",\"item\":\"https:\\\/\\\/ubirataonline.com.br\\\/\"},{\"@type\":\"ListItem\",\"position\":2,\"name\":\"Rock in Rio e a Gera\u00e7\u00e3o Z: como f\u00e3s de K-pop est\u00e3o remodelando os festivais\"}]},{\"@type\":\"WebSite\",\"@id\":\"https:\\\/\\\/ubirataonline.com.br\\\/#website\",\"url\":\"https:\\\/\\\/ubirataonline.com.br\\\/\",\"name\":\"Ubirat\u00e3 Online Not\u00edcias\",\"description\":\"Not\u00edcias de Ubirat\u00e3, regi\u00e3o, Brasil e mundo, com informa\u00e7\u00e3o atualizada e compromisso com o leitor.\",\"publisher\":{\"@id\":\"https:\\\/\\\/ubirataonline.com.br\\\/#organization\"},\"alternateName\":\"Ubirat\u00e3 Online\",\"potentialAction\":[{\"@type\":\"SearchAction\",\"target\":{\"@type\":\"EntryPoint\",\"urlTemplate\":\"https:\\\/\\\/ubirataonline.com.br\\\/?s={search_term_string}\"},\"query-input\":{\"@type\":\"PropertyValueSpecification\",\"valueRequired\":true,\"valueName\":\"search_term_string\"}}],\"inLanguage\":\"en-US\"},{\"@type\":[\"Organization\",\"Place\"],\"@id\":\"https:\\\/\\\/ubirataonline.com.br\\\/#organization\",\"name\":\"Ubirat\u00e3 Online Not\u00edcias\",\"alternateName\":\"Ubirat\u00e3 Online\",\"url\":\"https:\\\/\\\/ubirataonline.com.br\\\/\",\"logo\":{\"@id\":\"https:\\\/\\\/ubirataonline.com.br\\\/rock-in-rio-e-a-geracao-z-como-fas-de-k-pop-estao-remodelando-os-festivais\\\/#local-main-organization-logo\"},\"image\":{\"@id\":\"https:\\\/\\\/ubirataonline.com.br\\\/rock-in-rio-e-a-geracao-z-como-fas-de-k-pop-estao-remodelando-os-festivais\\\/#local-main-organization-logo\"},\"sameAs\":[\"https:\\\/\\\/www.facebook.com\\\/portalubirataonline\",\"https:\\\/\\\/x.com\\\/ubirataonline\",\"https:\\\/\\\/mastodon.social\\\/@ubirataonline\",\"https:\\\/\\\/www.facebook.com\\\/groups\\\/311144672285604\",\"https:\\\/\\\/www.facebook.com\\\/UBTAOnline\",\"https:\\\/\\\/www.instagram.com\\\/portalubirataonline\\\/\",\"https:\\\/\\\/twitter.com\\\/ubirataonline\"],\"description\":\"Somos um portal de not\u00edcias independente, criado em 5 de janeiro de 2009, com o objetivo de informar, conectar e valorizar a nossa comunidade de Ubirat\u00e3 e toda aregi\u00e3o. Com conte\u00fado atualizado, confi\u00e1vel e relevante, o Ubirat\u00e3 Online \u00e9 o seu espa\u00e7o para ficar por dentro dos principais acontecimentos locais, regionais, Brasil, Mundo e de interesse geral. Nosso compromisso \u00e9 com a verdade, a transpar\u00eancia e o respeito ao leitor.\",\"legalName\":\"UBIRATA ONLINE NOT\u00cdCIAS\",\"foundingDate\":\"2009-01-05\",\"numberOfEmployees\":{\"@type\":\"QuantitativeValue\",\"minValue\":\"1\",\"maxValue\":\"10\"},\"publishingPrinciples\":\"https:\\\/\\\/ubirataonline.com.br\\\/faq\\\/\",\"address\":{\"@id\":\"https:\\\/\\\/ubirataonline.com.br\\\/rock-in-rio-e-a-geracao-z-como-fas-de-k-pop-estao-remodelando-os-festivais\\\/#local-main-place-address\"},\"geo\":{\"@type\":\"GeoCoordinates\",\"latitude\":\"-24.5361401\",\"longitude\":\"-52.9921776\"},\"telephone\":[\"+5544998308235\"],\"contactPoint\":{\"@type\":\"ContactPoint\",\"email\":\"contato@ubirataonline.com.br\"},\"openingHoursSpecification\":{\"@type\":\"OpeningHoursSpecification\",\"dayOfWeek\":[\"Monday\",\"Tuesday\",\"Wednesday\",\"Thursday\",\"Friday\",\"Saturday\",\"Sunday\"],\"opens\":\"00:00\",\"closes\":\"23:59\"},\"email\":\"contato@ubirataonline.com.br\",\"vatID\":\"47.621.418\\\/0001-80\"},{\"@type\":\"Person\",\"@id\":\"https:\\\/\\\/ubirataonline.com.br\\\/#\\\/schema\\\/person\\\/372f87bbd3fdd79b8556b84c98d0bc1c\",\"name\":\"REDA\u00c7\u00c3O: UBIRAT\u00c3 ONLINE - F\u00c1BIO AUGUSTO CELESTINO\",\"pronouns\":\"Ele\",\"description\":\"Desde 2003 trabalhando com not\u00edcias.\",\"sameAs\":[\"http:\\\/\\\/ubirataoline.com.br\",\"https:\\\/\\\/www.facebook.com\\\/portalubirataonline\",\"https:\\\/\\\/www.instagram.com\\\/ubirataonline_oficial\",\"https:\\\/\\\/x.com\\\/x.com\\\/ubirataonline\"],\"honorificPrefix\":\"Mr.\",\"honorificSuffix\":\"MD\",\"birthDate\":\"1980-06-16\",\"gender\":\"masculino\",\"award\":[\"V\u00e1rios pr\u00eamios de melhor portal da cidade\"],\"jobTitle\":\"Diretor\",\"url\":\"https:\\\/\\\/ubirataonline.com.br\\\/en\\\/author\\\/ubirataonline\\\/\"},{\"@type\":\"PostalAddress\",\"@id\":\"https:\\\/\\\/ubirataonline.com.br\\\/rock-in-rio-e-a-geracao-z-como-fas-de-k-pop-estao-remodelando-os-festivais\\\/#local-main-place-address\",\"streetAddress\":\"Rua dos Coqueiros, 104 - Bairro Boa Vista, Rua dos Coqueiros, 104 Bairro Boa Vista\",\"addressLocality\":\"UBIRATA\",\"postalCode\":\"85440-000\",\"addressRegion\":\"PR\",\"addressCountry\":\"BR\"},{\"@type\":\"ImageObject\",\"inLanguage\":\"en-US\",\"@id\":\"https:\\\/\\\/ubirataonline.com.br\\\/rock-in-rio-e-a-geracao-z-como-fas-de-k-pop-estao-remodelando-os-festivais\\\/#local-main-organization-logo\",\"url\":\"https:\\\/\\\/ubirataonline.com.br\\\/wp-content\\\/uploads\\\/2026\\\/06\\\/logoubirataonline-1.webp\",\"contentUrl\":\"https:\\\/\\\/ubirataonline.com.br\\\/wp-content\\\/uploads\\\/2026\\\/06\\\/logoubirataonline-1.webp\",\"width\":500,\"height\":500,\"caption\":\"Ubirat\u00e3 Online Not\u00edcias\"}]}<\/script>\n<meta name=\"geo.placename\" content=\"UBIRATA\" \/>\n<meta name=\"geo.position\" content=\"-24.5361401;-52.9921776\" \/>\n<meta name=\"geo.region\" content=\"Brazil\" \/>\n<!-- \/ Yoast SEO Premium plugin. -->","yoast_head_json":{"title":"Rock in Rio e a Gera\u00e7\u00e3o Z: como f\u00e3s de K-pop est\u00e3o remodelando os festivais - Ubirat\u00e3 Online Not\u00edcias - A realidade ao seu alcance!","description":"F\u00e3s jovens dispostos a pagar mais por shows, caso de seguidores do Stray Kids, impulsionam gastos, influenciam Line-up e desafiam curadoria dos grandes","robots":{"index":"index","follow":"follow","max-snippet":"max-snippet:-1","max-image-preview":"max-image-preview:large","max-video-preview":"max-video-preview:-1"},"canonical":"https:\/\/ubirataonline.com.br\/en\/rock-in-rio-e-a-geracao-z-como-fas-de-k-pop-estao-remodelando-os-festivais\/","og_locale":"en_US","og_type":"article","og_title":"Rock in Rio e a Gera\u00e7\u00e3o Z: como f\u00e3s de K-pop est\u00e3o remodelando os festivais","og_description":"F\u00e3s jovens dispostos a pagar mais por shows, caso de seguidores do Stray Kids, impulsionam gastos, influenciam Line-up e desafiam curadoria dos grandes","og_url":"https:\/\/ubirataonline.com.br\/en\/rock-in-rio-e-a-geracao-z-como-fas-de-k-pop-estao-remodelando-os-festivais\/","og_site_name":"Ubirat\u00e3 Online Not\u00edcias - A realidade ao seu alcance!","article_publisher":"https:\/\/www.facebook.com\/portalubirataonline","article_author":"https:\/\/www.facebook.com\/portalubirataonline","article_published_time":"2026-09-05T10:17:18+00:00","og_image":[{"width":1531,"height":418,"url":"https:\/\/ubirataonline.com.br\/wp-content\/uploads\/2026\/05\/logo2026.webp","type":"image\/webp"}],"author":"REDA\u00c7\u00c3O: UBIRAT\u00c3 ONLINE - F\u00c1BIO AUGUSTO CELESTINO","twitter_card":"summary_large_image","twitter_creator":"@x.com\/ubirataonline","twitter_site":"@ubirataonline","twitter_misc":{"Written by":"REDA\u00c7\u00c3O: UBIRAT\u00c3 ONLINE - F\u00c1BIO AUGUSTO CELESTINO","Est. reading time":"3 minutes"},"schema":{"@context":"https:\/\/schema.org","@graph":[{"@type":"NewsArticle","@id":"https:\/\/ubirataonline.com.br\/rock-in-rio-e-a-geracao-z-como-fas-de-k-pop-estao-remodelando-os-festivais\/#article","isPartOf":{"@id":"https:\/\/ubirataonline.com.br\/rock-in-rio-e-a-geracao-z-como-fas-de-k-pop-estao-remodelando-os-festivais\/"},"author":{"name":"REDA\u00c7\u00c3O: UBIRAT\u00c3 ONLINE - F\u00c1BIO AUGUSTO CELESTINO","@id":"https:\/\/ubirataonline.com.br\/#\/schema\/person\/372f87bbd3fdd79b8556b84c98d0bc1c"},"headline":"Rock in Rio e a Gera\u00e7\u00e3o Z: como f\u00e3s de K-pop est\u00e3o remodelando os festivais","datePublished":"2026-09-05T10:17:18+00:00","mainEntityOfPage":{"@id":"https:\/\/ubirataonline.com.br\/rock-in-rio-e-a-geracao-z-como-fas-de-k-pop-estao-remodelando-os-festivais\/"},"wordCount":608,"publisher":{"@id":"https:\/\/ubirataonline.com.br\/#organization"},"image":{"@id":"https:\/\/ubirataonline.com.br\/rock-in-rio-e-a-geracao-z-como-fas-de-k-pop-estao-remodelando-os-festivais\/#primaryimage"},"thumbnailUrl":"https:\/\/ubirataonline.com.br\/wp-content\/uploads\/2026\/09\/maaimg-post-170944-20260905-101749.webp","articleSection":["Paran\u00e1"],"inLanguage":"en-US","copyrightYear":"2026","copyrightHolder":{"@id":"https:\/\/ubirataonline.com.br\/en\/#organization"}},{"@type":"WebPage","@id":"https:\/\/ubirataonline.com.br\/rock-in-rio-e-a-geracao-z-como-fas-de-k-pop-estao-remodelando-os-festivais\/","url":"https:\/\/ubirataonline.com.br\/rock-in-rio-e-a-geracao-z-como-fas-de-k-pop-estao-remodelando-os-festivais\/","name":"Rock in Rio e a Gera\u00e7\u00e3o Z: como f\u00e3s de K-pop est\u00e3o remodelando os festivais - Ubirat\u00e3 Online Not\u00edcias - A realidade ao seu alcance!","isPartOf":{"@id":"https:\/\/ubirataonline.com.br\/#website"},"primaryImageOfPage":{"@id":"https:\/\/ubirataonline.com.br\/rock-in-rio-e-a-geracao-z-como-fas-de-k-pop-estao-remodelando-os-festivais\/#primaryimage"},"image":{"@id":"https:\/\/ubirataonline.com.br\/rock-in-rio-e-a-geracao-z-como-fas-de-k-pop-estao-remodelando-os-festivais\/#primaryimage"},"thumbnailUrl":"https:\/\/ubirataonline.com.br\/wp-content\/uploads\/2026\/09\/maaimg-post-170944-20260905-101749.webp","datePublished":"2026-09-05T10:17:18+00:00","description":"F\u00e3s jovens dispostos a pagar mais por shows, caso de seguidores do Stray Kids, impulsionam gastos, influenciam Line-up e desafiam curadoria dos grandes","breadcrumb":{"@id":"https:\/\/ubirataonline.com.br\/rock-in-rio-e-a-geracao-z-como-fas-de-k-pop-estao-remodelando-os-festivais\/#breadcrumb"},"inLanguage":"en-US","potentialAction":[{"@type":"ReadAction","target":["https:\/\/ubirataonline.com.br\/rock-in-rio-e-a-geracao-z-como-fas-de-k-pop-estao-remodelando-os-festivais\/"]}]},{"@type":"ImageObject","inLanguage":"en-US","@id":"https:\/\/ubirataonline.com.br\/rock-in-rio-e-a-geracao-z-como-fas-de-k-pop-estao-remodelando-os-festivais\/#primaryimage","url":"https:\/\/ubirataonline.com.br\/wp-content\/uploads\/2026\/09\/maaimg-post-170944-20260905-101749.webp","contentUrl":"https:\/\/ubirataonline.com.br\/wp-content\/uploads\/2026\/09\/maaimg-post-170944-20260905-101749.webp","width":1536,"height":1024,"caption":"Imagem ilustrativa Gerada por IA"},{"@type":"BreadcrumbList","@id":"https:\/\/ubirataonline.com.br\/rock-in-rio-e-a-geracao-z-como-fas-de-k-pop-estao-remodelando-os-festivais\/#breadcrumb","itemListElement":[{"@type":"ListItem","position":1,"name":"In\u00edcio","item":"https:\/\/ubirataonline.com.br\/"},{"@type":"ListItem","position":2,"name":"Rock in Rio e a Gera\u00e7\u00e3o Z: como f\u00e3s de K-pop est\u00e3o remodelando os festivais"}]},{"@type":"WebSite","@id":"https:\/\/ubirataonline.com.br\/#website","url":"https:\/\/ubirataonline.com.br\/","name":"Ubirat\u00e3 Online Not\u00edcias","description":"Not\u00edcias de Ubirat\u00e3, regi\u00e3o, Brasil e mundo, com informa\u00e7\u00e3o atualizada e compromisso com o leitor.","publisher":{"@id":"https:\/\/ubirataonline.com.br\/#organization"},"alternateName":"Ubirat\u00e3 Online","potentialAction":[{"@type":"SearchAction","target":{"@type":"EntryPoint","urlTemplate":"https:\/\/ubirataonline.com.br\/?s={search_term_string}"},"query-input":{"@type":"PropertyValueSpecification","valueRequired":true,"valueName":"search_term_string"}}],"inLanguage":"en-US"},{"@type":["Organization","Place"],"@id":"https:\/\/ubirataonline.com.br\/#organization","name":"Ubirat\u00e3 Online Not\u00edcias","alternateName":"Ubirat\u00e3 Online","url":"https:\/\/ubirataonline.com.br\/","logo":{"@id":"https:\/\/ubirataonline.com.br\/rock-in-rio-e-a-geracao-z-como-fas-de-k-pop-estao-remodelando-os-festivais\/#local-main-organization-logo"},"image":{"@id":"https:\/\/ubirataonline.com.br\/rock-in-rio-e-a-geracao-z-como-fas-de-k-pop-estao-remodelando-os-festivais\/#local-main-organization-logo"},"sameAs":["https:\/\/www.facebook.com\/portalubirataonline","https:\/\/x.com\/ubirataonline","https:\/\/mastodon.social\/@ubirataonline","https:\/\/www.facebook.com\/groups\/311144672285604","https:\/\/www.facebook.com\/UBTAOnline","https:\/\/www.instagram.com\/portalubirataonline\/","https:\/\/twitter.com\/ubirataonline"],"description":"Somos um portal de not\u00edcias independente, criado em 5 de janeiro de 2009, com o objetivo de informar, conectar e valorizar a nossa comunidade de Ubirat\u00e3 e toda aregi\u00e3o. Com conte\u00fado atualizado, confi\u00e1vel e relevante, o Ubirat\u00e3 Online \u00e9 o seu espa\u00e7o para ficar por dentro dos principais acontecimentos locais, regionais, Brasil, Mundo e de interesse geral. Nosso compromisso \u00e9 com a verdade, a transpar\u00eancia e o respeito ao leitor.","legalName":"UBIRATA ONLINE NOT\u00cdCIAS","foundingDate":"2009-01-05","numberOfEmployees":{"@type":"QuantitativeValue","minValue":"1","maxValue":"10"},"publishingPrinciples":"https:\/\/ubirataonline.com.br\/faq\/","address":{"@id":"https:\/\/ubirataonline.com.br\/rock-in-rio-e-a-geracao-z-como-fas-de-k-pop-estao-remodelando-os-festivais\/#local-main-place-address"},"geo":{"@type":"GeoCoordinates","latitude":"-24.5361401","longitude":"-52.9921776"},"telephone":["+5544998308235"],"contactPoint":{"@type":"ContactPoint","email":"contato@ubirataonline.com.br"},"openingHoursSpecification":{"@type":"OpeningHoursSpecification","dayOfWeek":["Monday","Tuesday","Wednesday","Thursday","Friday","Saturday","Sunday"],"opens":"00:00","closes":"23:59"},"email":"contato@ubirataonline.com.br","vatID":"47.621.418\/0001-80"},{"@type":"Person","@id":"https:\/\/ubirataonline.com.br\/#\/schema\/person\/372f87bbd3fdd79b8556b84c98d0bc1c","name":"REDA\u00c7\u00c3O: UBIRAT\u00c3 ONLINE - F\u00c1BIO AUGUSTO CELESTINO","pronouns":"Ele","description":"Desde 2003 trabalhando com not\u00edcias.","sameAs":["http:\/\/ubirataoline.com.br","https:\/\/www.facebook.com\/portalubirataonline","https:\/\/www.instagram.com\/ubirataonline_oficial","https:\/\/x.com\/x.com\/ubirataonline"],"honorificPrefix":"Mr.","honorificSuffix":"MD","birthDate":"1980-06-16","gender":"masculino","award":["V\u00e1rios pr\u00eamios de melhor portal da cidade"],"jobTitle":"Diretor","url":"https:\/\/ubirataonline.com.br\/en\/author\/ubirataonline\/"},{"@type":"PostalAddress","@id":"https:\/\/ubirataonline.com.br\/rock-in-rio-e-a-geracao-z-como-fas-de-k-pop-estao-remodelando-os-festivais\/#local-main-place-address","streetAddress":"Rua dos Coqueiros, 104 - Bairro Boa Vista, Rua dos Coqueiros, 104 Bairro Boa Vista","addressLocality":"UBIRATA","postalCode":"85440-000","addressRegion":"PR","addressCountry":"BR"},{"@type":"ImageObject","inLanguage":"en-US","@id":"https:\/\/ubirataonline.com.br\/rock-in-rio-e-a-geracao-z-como-fas-de-k-pop-estao-remodelando-os-festivais\/#local-main-organization-logo","url":"https:\/\/ubirataonline.com.br\/wp-content\/uploads\/2026\/06\/logoubirataonline-1.webp","contentUrl":"https:\/\/ubirataonline.com.br\/wp-content\/uploads\/2026\/06\/logoubirataonline-1.webp","width":500,"height":500,"caption":"Ubirat\u00e3 Online Not\u00edcias"}]},"geo.placename":"UBIRATA","geo.position":{"lat":"-24.5361401","long":"-52.9921776"},"geo.region":"Brazil"},"_links":{"self":[{"href":"https:\/\/ubirataonline.com.br\/en\/wp-json\/wp\/v2\/posts\/170944","targetHints":{"allow":["GET"]}}],"collection":[{"href":"https:\/\/ubirataonline.com.br\/en\/wp-json\/wp\/v2\/posts"}],"about":[{"href":"https:\/\/ubirataonline.com.br\/en\/wp-json\/wp\/v2\/types\/post"}],"author":[{"embeddable":true,"href":"https:\/\/ubirataonline.com.br\/en\/wp-json\/wp\/v2\/users\/1"}],"replies":[{"embeddable":true,"href":"https:\/\/ubirataonline.com.br\/en\/wp-json\/wp\/v2\/comments?post=170944"}],"version-history":[{"count":0,"href":"https:\/\/ubirataonline.com.br\/en\/wp-json\/wp\/v2\/posts\/170944\/revisions"}],"wp:featuredmedia":[{"embeddable":true,"href":"https:\/\/ubirataonline.com.br\/en\/wp-json\/wp\/v2\/media\/170945"}],"wp:attachment":[{"href":"https:\/\/ubirataonline.com.br\/en\/wp-json\/wp\/v2\/media?parent=170944"}],"wp:term":[{"taxonomy":"category","embeddable":true,"href":"https:\/\/ubirataonline.com.br\/en\/wp-json\/wp\/v2\/categories?post=170944"},{"taxonomy":"post_tag","embeddable":true,"href":"https:\/\/ubirataonline.com.br\/en\/wp-json\/wp\/v2\/tags?post=170944"}],"curies":[{"name":"wp","href":"https:\/\/api.w.org\/{rel}","templated":true}]}}