{"id":17097,"date":"2019-01-08T07:19:20","date_gmt":"2019-01-08T10:19:20","guid":{"rendered":"https:\/\/ubirataonline.com.br\/?p=17097"},"modified":"2019-01-08T07:28:20","modified_gmt":"2019-01-08T10:28:20","slug":"inscricoes-para-o-concurso-da-prefeitura-de-ubirata-terminam-na-quinta-feira","status":"publish","type":"post","link":"https:\/\/ubirataonline.com.br\/en\/inscricoes-para-o-concurso-da-prefeitura-de-ubirata-terminam-na-quinta-feira\/","title":{"rendered":"Inscri\u00e7\u00f5es para o concurso da Prefeitura de Ubirat\u00e3 terminam na quinta-feira"},"content":{"rendered":"<p class=\"wp-block-paragraph\"><\/p>\n\n\n\n<p class=\"wp-block-paragraph\">Termina nesta quinta-feira (10) \u00e0s 23h59 o prazo de\ninscri\u00e7\u00e3o para o Concurso P\u00fablico da Prefeitura de Ubirat\u00e3. O valor das inscri\u00e7\u00f5es varia de R$ 40,00 a R$\n100,00 dependendo do cargo pretendido. As provas ser\u00e3o realizadas na data\nprov\u00e1vel de 27 de janeiro, em hor\u00e1rio e local a ser informado, por meio de\nedital disponibilizado no endere\u00e7o eletr\u00f4nico www.fundacaofafipa.org.br e no\nCART\u00c3O DE CONVOCA\u00c7\u00c3O DO CANDIDATO.<\/p>\n\n\n\n<p class=\"wp-block-paragraph\">No Concurso P\u00fablico,\nser\u00e3o disponibilizadas 104 vagas, distribu\u00eddas em 18 cargos que exigem\nescolaridade de Ensino Fundamental, como: Auxiliar de servi\u00e7os diversos\n(masculino), Borracheiro, Carpinteiro, Eletricista de autos, Encanador,\nFunileiro, Gari, Guardi\u00e3o de Bens P\u00fablicos, Jardineiro, Lubrificador de\nVe\u00edculos e M\u00e1quinas, Mec\u00e2nico de M\u00e1quinas Pesadas, Mec\u00e2nico de Ve\u00edculos Leves,\nMec\u00e2nico de Ve\u00edculos Pesados, Merendeira, Operador de M\u00e1quinas, Pedreiro,\nServente de Limpeza, Servente de Pedreiro.<\/p>\n\n\n\n<p class=\"wp-block-paragraph\">J\u00e1 para os candidatos\ncom n\u00edvel de escolaridade de Ensino M\u00e9dio ser\u00e3o disponibilizadas 23 vagas\ndistribu\u00eddas em 11 cargos diferentes, sendo Agente Comunit\u00e1rio de Sa\u00fade, Agente\nde Combate a Endemias, Assistente de Administra\u00e7\u00e3o, Auxiliar administrativo,\nAuxiliar de Biblioteca, Auxiliar de Secretaria, Cuidador Social, Fiscal de\nServi\u00e7os P\u00fablicos, Fiscal do Meio Ambiente, Instrutor de M\u00fasica, Mestre de\nObras. Ser\u00e3o ofertadas tamb\u00e9m 2 vagas para N\u00edvel T\u00e9cnico (T\u00e9cnico Agr\u00edcola,\nT\u00e9cnico de Meio Ambiente, T\u00e9cnico em Sa\u00fade Bucal, T\u00e9cnico em Seguran\u00e7a do Trabalho)\ntotalizando no geral 25 vagas para n\u00edvel m\u00e9dio.<\/p>\n\n\n\n<p class=\"wp-block-paragraph\">Para N\u00edvel Superior os cargos s\u00e3o de Assistente Social, Bibliotec\u00e1rio, Bioqu\u00edmico, Cirurgi\u00e3o Dentista \u2013 Pr\u00f3tese Dent\u00e1ria, Cirurgi\u00e3o Dentista, Cirurgi\u00e3o Dentista Bucomaxilofacial, Cirurgi\u00e3o Dentista Endodontista, Cirurgi\u00e3o Dentista, Pacientes com Necessidades Especiais, Cirurgi\u00e3o Dentista Periodontista, Enfermeiro Engenheiro Agr\u00f4nomo, Farmac\u00eautico, Fisioterapeuta, Fonoaudi\u00f3logo, M\u00e9dico Cl\u00ednico Geral, Nutricionista, Professor, Professor de Educa\u00e7\u00e3o F\u00edsica, Professor de Ingl\u00eas, Professor de M\u00fasica, Psic\u00f3logo, Terapeuta Ocupacional, totalizando 90 vagas.<\/p>\n\n\n\n<p class=\"wp-block-paragraph\">Somando as vagas para\nos n\u00edveis fundamental, m\u00e9dio e superior ser\u00e3o disponibilizadas 219 vagas nesse\nconcurso para Ampla Concorr\u00eancia, Afrodescendentes e Pessoa com Defici\u00eancia.\nHaver\u00e1 tamb\u00e9m Cadastro de Reserva que \u00e9 o conjunto de candidatos aprovados que\ntenham obtido classifica\u00e7\u00e3o al\u00e9m do n\u00famero de vagas oferecido por cargo. Os\ncandidatos que comp\u00f5em o cadastro de reserva somente ser\u00e3o nomeados se, durante\no per\u00edodo de validade do concurso, ocorrer o surgimento de novas vagas.<\/p>\n\n\n\n<p class=\"wp-block-paragraph\">Os sal\u00e1rios variam de acordo com o cargo pretendido e com o n\u00edvel de escolaridade. O vencimento inicial m\u00ednimo \u00e9 de R$ 981,21 e o m\u00e1ximo de R$ 15.347,92. <\/p>\n\n\n\n<p class=\"wp-block-paragraph\">O secretario da\nAdministra\u00e7\u00e3o Neri Wanderlind esclarece que todos os interessados em participar\ndo concurso devem ler atentamente o edital que contam todas as informa\u00e7\u00f5es\nnecess\u00e1rias. \u201cO edital e todos anexos com conte\u00fados program\u00e1ticos e requisitos\ne atribui\u00e7\u00f5es dos cargos est\u00e3o dispon\u00edveis no site da Prefeitura Municipal de\nUbirat\u00e3 (www.ubirata.pr.gov.br), link CONCURSOS ou o site <a href=\"http:\/\/www.fundacaofafipa.org.br\">www.fundacaofafipa.org.br<\/a>\u201d, comentou Neri.<\/p>","protected":false},"excerpt":{"rendered":"<p>Termina nesta quinta-feira (10) \u00e0s 23h59 o prazo de inscri\u00e7\u00e3o para o Concurso P\u00fablico da Prefeitura de Ubirat\u00e3. O valor das inscri\u00e7\u00f5es varia de R$ 40,00 a R$ 100,00 dependendo do cargo pretendido. As provas ser\u00e3o realizadas na data prov\u00e1vel de 27 de janeiro, em hor\u00e1rio e local a ser informado, por meio de edital [&hellip;]<\/p>\n","protected":false},"author":1,"featured_media":0,"comment_status":"closed","ping_status":"closed","sticky":false,"template":"","format":"standard","meta":{"googlesitekit_rrm_CAow2JLhCw:productID":"","_gspb_post_css":"","maa_idioma":"","maa_pais":"","footnotes":""},"categories":[10],"tags":[],"class_list":["post-17097","post","type-post","status-publish","format-standard","hentry","category-geral"],"blocksy_meta":[],"yoast_head":"<!-- This site is optimized with the Yoast SEO Premium plugin v27.6 (Yoast SEO v27.6) - https:\/\/yoast.com\/product\/yoast-seo-premium-wordpress\/ -->\n<title>Inscri\u00e7\u00f5es para o concurso da Prefeitura de Ubirat\u00e3 terminam na quinta-feira - Ubirat\u00e3 Online Not\u00edcias - A realidade ao seu alcance!<\/title>\n<meta name=\"description\" content=\"Termina nesta quinta-feira (10) \u00e0s 23h59 o prazo de inscri\u00e7\u00e3o para o Concurso P\u00fablico da Prefeitura de Ubirat\u00e3. O valor das inscri\u00e7\u00f5es varia de R$ 40,00 a\" \/>\n<meta name=\"robots\" content=\"index, follow, max-snippet:-1, max-image-preview:large, max-video-preview:-1\" \/>\n<link rel=\"canonical\" href=\"https:\/\/ubirataonline.com.br\/en\/inscricoes-para-o-concurso-da-prefeitura-de-ubirata-terminam-na-quinta-feira\/\" \/>\n<meta property=\"og:locale\" content=\"en_US\" \/>\n<meta property=\"og:type\" content=\"article\" \/>\n<meta property=\"og:title\" content=\"Inscri\u00e7\u00f5es para o concurso da Prefeitura de Ubirat\u00e3 terminam na quinta-feira\" \/>\n<meta property=\"og:description\" content=\"Termina nesta quinta-feira (10) \u00e0s 23h59 o prazo de inscri\u00e7\u00e3o para o Concurso P\u00fablico da Prefeitura de Ubirat\u00e3. O valor das inscri\u00e7\u00f5es varia de R$ 40,00 a\" \/>\n<meta property=\"og:url\" content=\"https:\/\/ubirataonline.com.br\/en\/inscricoes-para-o-concurso-da-prefeitura-de-ubirata-terminam-na-quinta-feira\/\" \/>\n<meta property=\"og:site_name\" content=\"Ubirat\u00e3 Online Not\u00edcias - A realidade ao seu alcance!\" \/>\n<meta property=\"article:publisher\" content=\"https:\/\/www.facebook.com\/portalubirataonline\" \/>\n<meta property=\"article:author\" content=\"https:\/\/www.facebook.com\/portalubirataonline\" \/>\n<meta property=\"article:published_time\" content=\"2019-01-08T10:19:20+00:00\" \/>\n<meta property=\"article:modified_time\" content=\"2019-01-08T10:28:20+00:00\" \/>\n<meta property=\"og:image\" content=\"https:\/\/ubirataonline.com.br\/wp-content\/uploads\/2026\/05\/logo2026.webp\" \/>\n\t<meta property=\"og:image:width\" content=\"1531\" \/>\n\t<meta property=\"og:image:height\" content=\"418\" \/>\n\t<meta property=\"og:image:type\" content=\"image\/webp\" \/>\n<meta name=\"author\" content=\"REDA\u00c7\u00c3O: UBIRAT\u00c3 ONLINE - F\u00c1BIO AUGUSTO CELESTINO\" \/>\n<meta name=\"twitter:card\" content=\"summary_large_image\" \/>\n<meta name=\"twitter:creator\" content=\"@x.com\/ubirataonline\" \/>\n<meta name=\"twitter:site\" content=\"@ubirataonline\" \/>\n<meta name=\"twitter:label1\" content=\"Written by\" \/>\n\t<meta name=\"twitter:data1\" content=\"REDA\u00c7\u00c3O: UBIRAT\u00c3 ONLINE - F\u00c1BIO AUGUSTO CELESTINO\" \/>\n\t<meta name=\"twitter:label2\" content=\"Est. reading time\" \/>\n\t<meta name=\"twitter:data2\" content=\"3 minutes\" \/>\n<script type=\"application\/ld+json\" class=\"yoast-schema-graph\">{\"@context\":\"https:\\\/\\\/schema.org\",\"@graph\":[{\"@type\":\"NewsArticle\",\"@id\":\"https:\\\/\\\/ubirataonline.com.br\\\/inscricoes-para-o-concurso-da-prefeitura-de-ubirata-terminam-na-quinta-feira\\\/#article\",\"isPartOf\":{\"@id\":\"https:\\\/\\\/ubirataonline.com.br\\\/inscricoes-para-o-concurso-da-prefeitura-de-ubirata-terminam-na-quinta-feira\\\/\"},\"author\":{\"name\":\"REDA\u00c7\u00c3O: UBIRAT\u00c3 ONLINE - F\u00c1BIO AUGUSTO CELESTINO\",\"@id\":\"https:\\\/\\\/ubirataonline.com.br\\\/#\\\/schema\\\/person\\\/372f87bbd3fdd79b8556b84c98d0bc1c\"},\"headline\":\"Inscri\u00e7\u00f5es para o concurso da Prefeitura de Ubirat\u00e3 terminam na quinta-feira\",\"datePublished\":\"2019-01-08T10:19:20+00:00\",\"dateModified\":\"2019-01-08T10:28:20+00:00\",\"mainEntityOfPage\":{\"@id\":\"https:\\\/\\\/ubirataonline.com.br\\\/inscricoes-para-o-concurso-da-prefeitura-de-ubirata-terminam-na-quinta-feira\\\/\"},\"wordCount\":538,\"publisher\":{\"@id\":\"https:\\\/\\\/ubirataonline.com.br\\\/#organization\"},\"articleSection\":[\"Geral\"],\"inLanguage\":\"en-US\",\"copyrightYear\":\"2019\",\"copyrightHolder\":{\"@id\":\"https:\\\/\\\/ubirataonline.com.br\\\/en\\\/#organization\"}},{\"@type\":\"WebPage\",\"@id\":\"https:\\\/\\\/ubirataonline.com.br\\\/inscricoes-para-o-concurso-da-prefeitura-de-ubirata-terminam-na-quinta-feira\\\/\",\"url\":\"https:\\\/\\\/ubirataonline.com.br\\\/inscricoes-para-o-concurso-da-prefeitura-de-ubirata-terminam-na-quinta-feira\\\/\",\"name\":\"Inscri\u00e7\u00f5es para o concurso da Prefeitura de Ubirat\u00e3 terminam na quinta-feira - Ubirat\u00e3 Online Not\u00edcias - A realidade ao seu alcance!\",\"isPartOf\":{\"@id\":\"https:\\\/\\\/ubirataonline.com.br\\\/#website\"},\"datePublished\":\"2019-01-08T10:19:20+00:00\",\"dateModified\":\"2019-01-08T10:28:20+00:00\",\"description\":\"Termina nesta quinta-feira (10) \u00e0s 23h59 o prazo de inscri\u00e7\u00e3o para o Concurso P\u00fablico da Prefeitura de Ubirat\u00e3. O valor das inscri\u00e7\u00f5es varia de R$ 40,00 a\",\"breadcrumb\":{\"@id\":\"https:\\\/\\\/ubirataonline.com.br\\\/inscricoes-para-o-concurso-da-prefeitura-de-ubirata-terminam-na-quinta-feira\\\/#breadcrumb\"},\"inLanguage\":\"en-US\",\"potentialAction\":[{\"@type\":\"ReadAction\",\"target\":[\"https:\\\/\\\/ubirataonline.com.br\\\/inscricoes-para-o-concurso-da-prefeitura-de-ubirata-terminam-na-quinta-feira\\\/\"]}]},{\"@type\":\"BreadcrumbList\",\"@id\":\"https:\\\/\\\/ubirataonline.com.br\\\/inscricoes-para-o-concurso-da-prefeitura-de-ubirata-terminam-na-quinta-feira\\\/#breadcrumb\",\"itemListElement\":[{\"@type\":\"ListItem\",\"position\":1,\"name\":\"In\u00edcio\",\"item\":\"https:\\\/\\\/ubirataonline.com.br\\\/\"},{\"@type\":\"ListItem\",\"position\":2,\"name\":\"Inscri\u00e7\u00f5es para o concurso da Prefeitura de Ubirat\u00e3 terminam na quinta-feira\"}]},{\"@type\":\"WebSite\",\"@id\":\"https:\\\/\\\/ubirataonline.com.br\\\/#website\",\"url\":\"https:\\\/\\\/ubirataonline.com.br\\\/\",\"name\":\"Ubirat\u00e3 Online Not\u00edcias\",\"description\":\"Not\u00edcias de Ubirat\u00e3, regi\u00e3o, Brasil e mundo, com informa\u00e7\u00e3o atualizada e compromisso com o leitor.\",\"publisher\":{\"@id\":\"https:\\\/\\\/ubirataonline.com.br\\\/#organization\"},\"alternateName\":\"Ubirat\u00e3 Online\",\"potentialAction\":[{\"@type\":\"SearchAction\",\"target\":{\"@type\":\"EntryPoint\",\"urlTemplate\":\"https:\\\/\\\/ubirataonline.com.br\\\/?s={search_term_string}\"},\"query-input\":{\"@type\":\"PropertyValueSpecification\",\"valueRequired\":true,\"valueName\":\"search_term_string\"}}],\"inLanguage\":\"en-US\"},{\"@type\":[\"Organization\",\"Place\"],\"@id\":\"https:\\\/\\\/ubirataonline.com.br\\\/#organization\",\"name\":\"Ubirat\u00e3 Online Not\u00edcias\",\"alternateName\":\"Ubirat\u00e3 Online\",\"url\":\"https:\\\/\\\/ubirataonline.com.br\\\/\",\"logo\":{\"@id\":\"https:\\\/\\\/ubirataonline.com.br\\\/inscricoes-para-o-concurso-da-prefeitura-de-ubirata-terminam-na-quinta-feira\\\/#local-main-organization-logo\"},\"image\":{\"@id\":\"https:\\\/\\\/ubirataonline.com.br\\\/inscricoes-para-o-concurso-da-prefeitura-de-ubirata-terminam-na-quinta-feira\\\/#local-main-organization-logo\"},\"sameAs\":[\"https:\\\/\\\/www.facebook.com\\\/portalubirataonline\",\"https:\\\/\\\/x.com\\\/ubirataonline\",\"https:\\\/\\\/mastodon.social\\\/@ubirataonline\",\"https:\\\/\\\/www.facebook.com\\\/groups\\\/311144672285604\",\"https:\\\/\\\/www.facebook.com\\\/UBTAOnline\",\"https:\\\/\\\/www.instagram.com\\\/portalubirataonline\\\/\",\"https:\\\/\\\/twitter.com\\\/ubirataonline\"],\"description\":\"Somos um portal de not\u00edcias independente, criado em 5 de janeiro de 2009, com o objetivo de informar, conectar e valorizar a nossa comunidade de Ubirat\u00e3 e toda aregi\u00e3o. Com conte\u00fado atualizado, confi\u00e1vel e relevante, o Ubirat\u00e3 Online \u00e9 o seu espa\u00e7o para ficar por dentro dos principais acontecimentos locais, regionais, Brasil, Mundo e de interesse geral. Nosso compromisso \u00e9 com a verdade, a transpar\u00eancia e o respeito ao leitor.\",\"legalName\":\"UBIRATA ONLINE NOT\u00cdCIAS\",\"foundingDate\":\"2009-01-05\",\"numberOfEmployees\":{\"@type\":\"QuantitativeValue\",\"minValue\":\"1\",\"maxValue\":\"10\"},\"publishingPrinciples\":\"https:\\\/\\\/ubirataonline.com.br\\\/faq\\\/\",\"address\":{\"@id\":\"https:\\\/\\\/ubirataonline.com.br\\\/inscricoes-para-o-concurso-da-prefeitura-de-ubirata-terminam-na-quinta-feira\\\/#local-main-place-address\"},\"geo\":{\"@type\":\"GeoCoordinates\",\"latitude\":\"-24.5361401\",\"longitude\":\"-52.9921776\"},\"telephone\":[\"+5544998308235\"],\"contactPoint\":{\"@type\":\"ContactPoint\",\"email\":\"contato@ubirataonline.com.br\"},\"openingHoursSpecification\":{\"@type\":\"OpeningHoursSpecification\",\"dayOfWeek\":[\"Monday\",\"Tuesday\",\"Wednesday\",\"Thursday\",\"Friday\",\"Saturday\",\"Sunday\"],\"opens\":\"00:00\",\"closes\":\"23:59\"},\"email\":\"contato@ubirataonline.com.br\",\"vatID\":\"47.621.418\\\/0001-80\"},{\"@type\":\"Person\",\"@id\":\"https:\\\/\\\/ubirataonline.com.br\\\/#\\\/schema\\\/person\\\/372f87bbd3fdd79b8556b84c98d0bc1c\",\"name\":\"REDA\u00c7\u00c3O: UBIRAT\u00c3 ONLINE - F\u00c1BIO AUGUSTO CELESTINO\",\"pronouns\":\"Ele\",\"description\":\"Desde 2003 trabalhando com not\u00edcias.\",\"sameAs\":[\"http:\\\/\\\/ubirataoline.com.br\",\"https:\\\/\\\/www.facebook.com\\\/portalubirataonline\",\"https:\\\/\\\/www.instagram.com\\\/ubirataonline_oficial\",\"https:\\\/\\\/x.com\\\/x.com\\\/ubirataonline\"],\"honorificPrefix\":\"Mr.\",\"honorificSuffix\":\"MD\",\"birthDate\":\"1980-06-16\",\"gender\":\"masculino\",\"award\":[\"V\u00e1rios pr\u00eamios de melhor portal da cidade\"],\"jobTitle\":\"Diretor\",\"url\":\"https:\\\/\\\/ubirataonline.com.br\\\/en\\\/author\\\/ubirataonline\\\/\"},{\"@type\":\"PostalAddress\",\"@id\":\"https:\\\/\\\/ubirataonline.com.br\\\/inscricoes-para-o-concurso-da-prefeitura-de-ubirata-terminam-na-quinta-feira\\\/#local-main-place-address\",\"streetAddress\":\"Rua dos Coqueiros, 104 - Bairro Boa Vista, Rua dos Coqueiros, 104 Bairro Boa Vista\",\"addressLocality\":\"UBIRATA\",\"postalCode\":\"85440-000\",\"addressRegion\":\"PR\",\"addressCountry\":\"BR\"},{\"@type\":\"ImageObject\",\"inLanguage\":\"en-US\",\"@id\":\"https:\\\/\\\/ubirataonline.com.br\\\/inscricoes-para-o-concurso-da-prefeitura-de-ubirata-terminam-na-quinta-feira\\\/#local-main-organization-logo\",\"url\":\"https:\\\/\\\/ubirataonline.com.br\\\/wp-content\\\/uploads\\\/2026\\\/06\\\/logoubirataonline-1.webp\",\"contentUrl\":\"https:\\\/\\\/ubirataonline.com.br\\\/wp-content\\\/uploads\\\/2026\\\/06\\\/logoubirataonline-1.webp\",\"width\":500,\"height\":500,\"caption\":\"Ubirat\u00e3 Online Not\u00edcias\"}]}<\/script>\n<meta name=\"geo.placename\" content=\"UBIRATA\" \/>\n<meta name=\"geo.position\" content=\"-24.5361401;-52.9921776\" \/>\n<meta name=\"geo.region\" content=\"Brazil\" \/>\n<!-- \/ Yoast SEO Premium plugin. -->","yoast_head_json":{"title":"Inscri\u00e7\u00f5es para o concurso da Prefeitura de Ubirat\u00e3 terminam na quinta-feira - Ubirat\u00e3 Online Not\u00edcias - A realidade ao seu alcance!","description":"Termina nesta quinta-feira (10) \u00e0s 23h59 o prazo de inscri\u00e7\u00e3o para o Concurso P\u00fablico da Prefeitura de Ubirat\u00e3. O valor das inscri\u00e7\u00f5es varia de R$ 40,00 a","robots":{"index":"index","follow":"follow","max-snippet":"max-snippet:-1","max-image-preview":"max-image-preview:large","max-video-preview":"max-video-preview:-1"},"canonical":"https:\/\/ubirataonline.com.br\/en\/inscricoes-para-o-concurso-da-prefeitura-de-ubirata-terminam-na-quinta-feira\/","og_locale":"en_US","og_type":"article","og_title":"Inscri\u00e7\u00f5es para o concurso da Prefeitura de Ubirat\u00e3 terminam na quinta-feira","og_description":"Termina nesta quinta-feira (10) \u00e0s 23h59 o prazo de inscri\u00e7\u00e3o para o Concurso P\u00fablico da Prefeitura de Ubirat\u00e3. O valor das inscri\u00e7\u00f5es varia de R$ 40,00 a","og_url":"https:\/\/ubirataonline.com.br\/en\/inscricoes-para-o-concurso-da-prefeitura-de-ubirata-terminam-na-quinta-feira\/","og_site_name":"Ubirat\u00e3 Online Not\u00edcias - A realidade ao seu alcance!","article_publisher":"https:\/\/www.facebook.com\/portalubirataonline","article_author":"https:\/\/www.facebook.com\/portalubirataonline","article_published_time":"2019-01-08T10:19:20+00:00","article_modified_time":"2019-01-08T10:28:20+00:00","og_image":[{"width":1531,"height":418,"url":"https:\/\/ubirataonline.com.br\/wp-content\/uploads\/2026\/05\/logo2026.webp","type":"image\/webp"}],"author":"REDA\u00c7\u00c3O: UBIRAT\u00c3 ONLINE - F\u00c1BIO AUGUSTO CELESTINO","twitter_card":"summary_large_image","twitter_creator":"@x.com\/ubirataonline","twitter_site":"@ubirataonline","twitter_misc":{"Written by":"REDA\u00c7\u00c3O: UBIRAT\u00c3 ONLINE - F\u00c1BIO AUGUSTO CELESTINO","Est. reading time":"3 minutes"},"schema":{"@context":"https:\/\/schema.org","@graph":[{"@type":"NewsArticle","@id":"https:\/\/ubirataonline.com.br\/inscricoes-para-o-concurso-da-prefeitura-de-ubirata-terminam-na-quinta-feira\/#article","isPartOf":{"@id":"https:\/\/ubirataonline.com.br\/inscricoes-para-o-concurso-da-prefeitura-de-ubirata-terminam-na-quinta-feira\/"},"author":{"name":"REDA\u00c7\u00c3O: UBIRAT\u00c3 ONLINE - F\u00c1BIO AUGUSTO CELESTINO","@id":"https:\/\/ubirataonline.com.br\/#\/schema\/person\/372f87bbd3fdd79b8556b84c98d0bc1c"},"headline":"Inscri\u00e7\u00f5es para o concurso da Prefeitura de Ubirat\u00e3 terminam na quinta-feira","datePublished":"2019-01-08T10:19:20+00:00","dateModified":"2019-01-08T10:28:20+00:00","mainEntityOfPage":{"@id":"https:\/\/ubirataonline.com.br\/inscricoes-para-o-concurso-da-prefeitura-de-ubirata-terminam-na-quinta-feira\/"},"wordCount":538,"publisher":{"@id":"https:\/\/ubirataonline.com.br\/#organization"},"articleSection":["Geral"],"inLanguage":"en-US","copyrightYear":"2019","copyrightHolder":{"@id":"https:\/\/ubirataonline.com.br\/en\/#organization"}},{"@type":"WebPage","@id":"https:\/\/ubirataonline.com.br\/inscricoes-para-o-concurso-da-prefeitura-de-ubirata-terminam-na-quinta-feira\/","url":"https:\/\/ubirataonline.com.br\/inscricoes-para-o-concurso-da-prefeitura-de-ubirata-terminam-na-quinta-feira\/","name":"Inscri\u00e7\u00f5es para o concurso da Prefeitura de Ubirat\u00e3 terminam na quinta-feira - Ubirat\u00e3 Online Not\u00edcias - A realidade ao seu alcance!","isPartOf":{"@id":"https:\/\/ubirataonline.com.br\/#website"},"datePublished":"2019-01-08T10:19:20+00:00","dateModified":"2019-01-08T10:28:20+00:00","description":"Termina nesta quinta-feira (10) \u00e0s 23h59 o prazo de inscri\u00e7\u00e3o para o Concurso P\u00fablico da Prefeitura de Ubirat\u00e3. O valor das inscri\u00e7\u00f5es varia de R$ 40,00 a","breadcrumb":{"@id":"https:\/\/ubirataonline.com.br\/inscricoes-para-o-concurso-da-prefeitura-de-ubirata-terminam-na-quinta-feira\/#breadcrumb"},"inLanguage":"en-US","potentialAction":[{"@type":"ReadAction","target":["https:\/\/ubirataonline.com.br\/inscricoes-para-o-concurso-da-prefeitura-de-ubirata-terminam-na-quinta-feira\/"]}]},{"@type":"BreadcrumbList","@id":"https:\/\/ubirataonline.com.br\/inscricoes-para-o-concurso-da-prefeitura-de-ubirata-terminam-na-quinta-feira\/#breadcrumb","itemListElement":[{"@type":"ListItem","position":1,"name":"In\u00edcio","item":"https:\/\/ubirataonline.com.br\/"},{"@type":"ListItem","position":2,"name":"Inscri\u00e7\u00f5es para o concurso da Prefeitura de Ubirat\u00e3 terminam na quinta-feira"}]},{"@type":"WebSite","@id":"https:\/\/ubirataonline.com.br\/#website","url":"https:\/\/ubirataonline.com.br\/","name":"Ubirat\u00e3 Online Not\u00edcias","description":"Not\u00edcias de Ubirat\u00e3, regi\u00e3o, Brasil e mundo, com informa\u00e7\u00e3o atualizada e compromisso com o leitor.","publisher":{"@id":"https:\/\/ubirataonline.com.br\/#organization"},"alternateName":"Ubirat\u00e3 Online","potentialAction":[{"@type":"SearchAction","target":{"@type":"EntryPoint","urlTemplate":"https:\/\/ubirataonline.com.br\/?s={search_term_string}"},"query-input":{"@type":"PropertyValueSpecification","valueRequired":true,"valueName":"search_term_string"}}],"inLanguage":"en-US"},{"@type":["Organization","Place"],"@id":"https:\/\/ubirataonline.com.br\/#organization","name":"Ubirat\u00e3 Online Not\u00edcias","alternateName":"Ubirat\u00e3 Online","url":"https:\/\/ubirataonline.com.br\/","logo":{"@id":"https:\/\/ubirataonline.com.br\/inscricoes-para-o-concurso-da-prefeitura-de-ubirata-terminam-na-quinta-feira\/#local-main-organization-logo"},"image":{"@id":"https:\/\/ubirataonline.com.br\/inscricoes-para-o-concurso-da-prefeitura-de-ubirata-terminam-na-quinta-feira\/#local-main-organization-logo"},"sameAs":["https:\/\/www.facebook.com\/portalubirataonline","https:\/\/x.com\/ubirataonline","https:\/\/mastodon.social\/@ubirataonline","https:\/\/www.facebook.com\/groups\/311144672285604","https:\/\/www.facebook.com\/UBTAOnline","https:\/\/www.instagram.com\/portalubirataonline\/","https:\/\/twitter.com\/ubirataonline"],"description":"Somos um portal de not\u00edcias independente, criado em 5 de janeiro de 2009, com o objetivo de informar, conectar e valorizar a nossa comunidade de Ubirat\u00e3 e toda aregi\u00e3o. Com conte\u00fado atualizado, confi\u00e1vel e relevante, o Ubirat\u00e3 Online \u00e9 o seu espa\u00e7o para ficar por dentro dos principais acontecimentos locais, regionais, Brasil, Mundo e de interesse geral. Nosso compromisso \u00e9 com a verdade, a transpar\u00eancia e o respeito ao leitor.","legalName":"UBIRATA ONLINE NOT\u00cdCIAS","foundingDate":"2009-01-05","numberOfEmployees":{"@type":"QuantitativeValue","minValue":"1","maxValue":"10"},"publishingPrinciples":"https:\/\/ubirataonline.com.br\/faq\/","address":{"@id":"https:\/\/ubirataonline.com.br\/inscricoes-para-o-concurso-da-prefeitura-de-ubirata-terminam-na-quinta-feira\/#local-main-place-address"},"geo":{"@type":"GeoCoordinates","latitude":"-24.5361401","longitude":"-52.9921776"},"telephone":["+5544998308235"],"contactPoint":{"@type":"ContactPoint","email":"contato@ubirataonline.com.br"},"openingHoursSpecification":{"@type":"OpeningHoursSpecification","dayOfWeek":["Monday","Tuesday","Wednesday","Thursday","Friday","Saturday","Sunday"],"opens":"00:00","closes":"23:59"},"email":"contato@ubirataonline.com.br","vatID":"47.621.418\/0001-80"},{"@type":"Person","@id":"https:\/\/ubirataonline.com.br\/#\/schema\/person\/372f87bbd3fdd79b8556b84c98d0bc1c","name":"REDA\u00c7\u00c3O: UBIRAT\u00c3 ONLINE - F\u00c1BIO AUGUSTO CELESTINO","pronouns":"Ele","description":"Desde 2003 trabalhando com not\u00edcias.","sameAs":["http:\/\/ubirataoline.com.br","https:\/\/www.facebook.com\/portalubirataonline","https:\/\/www.instagram.com\/ubirataonline_oficial","https:\/\/x.com\/x.com\/ubirataonline"],"honorificPrefix":"Mr.","honorificSuffix":"MD","birthDate":"1980-06-16","gender":"masculino","award":["V\u00e1rios pr\u00eamios de melhor portal da cidade"],"jobTitle":"Diretor","url":"https:\/\/ubirataonline.com.br\/en\/author\/ubirataonline\/"},{"@type":"PostalAddress","@id":"https:\/\/ubirataonline.com.br\/inscricoes-para-o-concurso-da-prefeitura-de-ubirata-terminam-na-quinta-feira\/#local-main-place-address","streetAddress":"Rua dos Coqueiros, 104 - Bairro Boa Vista, Rua dos Coqueiros, 104 Bairro Boa Vista","addressLocality":"UBIRATA","postalCode":"85440-000","addressRegion":"PR","addressCountry":"BR"},{"@type":"ImageObject","inLanguage":"en-US","@id":"https:\/\/ubirataonline.com.br\/inscricoes-para-o-concurso-da-prefeitura-de-ubirata-terminam-na-quinta-feira\/#local-main-organization-logo","url":"https:\/\/ubirataonline.com.br\/wp-content\/uploads\/2026\/06\/logoubirataonline-1.webp","contentUrl":"https:\/\/ubirataonline.com.br\/wp-content\/uploads\/2026\/06\/logoubirataonline-1.webp","width":500,"height":500,"caption":"Ubirat\u00e3 Online Not\u00edcias"}]},"geo.placename":"UBIRATA","geo.position":{"lat":"-24.5361401","long":"-52.9921776"},"geo.region":"Brazil"},"_links":{"self":[{"href":"https:\/\/ubirataonline.com.br\/en\/wp-json\/wp\/v2\/posts\/17097","targetHints":{"allow":["GET"]}}],"collection":[{"href":"https:\/\/ubirataonline.com.br\/en\/wp-json\/wp\/v2\/posts"}],"about":[{"href":"https:\/\/ubirataonline.com.br\/en\/wp-json\/wp\/v2\/types\/post"}],"author":[{"embeddable":true,"href":"https:\/\/ubirataonline.com.br\/en\/wp-json\/wp\/v2\/users\/1"}],"replies":[{"embeddable":true,"href":"https:\/\/ubirataonline.com.br\/en\/wp-json\/wp\/v2\/comments?post=17097"}],"version-history":[{"count":0,"href":"https:\/\/ubirataonline.com.br\/en\/wp-json\/wp\/v2\/posts\/17097\/revisions"}],"wp:attachment":[{"href":"https:\/\/ubirataonline.com.br\/en\/wp-json\/wp\/v2\/media?parent=17097"}],"wp:term":[{"taxonomy":"category","embeddable":true,"href":"https:\/\/ubirataonline.com.br\/en\/wp-json\/wp\/v2\/categories?post=17097"},{"taxonomy":"post_tag","embeddable":true,"href":"https:\/\/ubirataonline.com.br\/en\/wp-json\/wp\/v2\/tags?post=17097"}],"curies":[{"name":"wp","href":"https:\/\/api.w.org\/{rel}","templated":true}]}}