{"id":171004,"date":"2026-09-05T10:38:26","date_gmt":"2026-09-05T13:38:26","guid":{"rendered":"https:\/\/ubirataonline.com.br\/eleicoes-2026-candidaturas-de-pessoas-autista-crescem-mais-de-cinco-vezes-em-todo-o-brasil\/"},"modified":"2026-09-05T10:38:26","modified_gmt":"2026-09-05T13:38:26","slug":"eleicoes-2026-candidaturas-de-pessoas-autista-crescem-mais-de-cinco-vezes-em-todo-o-brasil","status":"publish","type":"post","link":"https:\/\/ubirataonline.com.br\/en\/eleicoes-2026-candidaturas-de-pessoas-autista-crescem-mais-de-cinco-vezes-em-todo-o-brasil\/","title":{"rendered":"Elei\u00e7\u00f5es 2026: candidaturas de pessoas Autista crescem mais de cinco vezes em todo o Brasil"},"content":{"rendered":"<h2>O cen\u00e1rio pol\u00edtico brasileiro registra um aumento expressivo no n\u00famero de pessoas com autismo que buscam ocupar cargos eletivos nas elei\u00e7\u00f5es deste ano<\/h2>\n<p>As candidaturas de pessoas Autista cresceram de forma significativa no pleito de 2026. Segundo informa\u00e7\u00f5es divulgadas pela Ag\u00eancia Brasil, com base em dados do Tribunal Superior Eleitoral (TSE), o n\u00famero de registros saltou de 13, nas elei\u00e7\u00f5es gerais de 2022, para 70 pedidos neste ano.<\/p>\n<p>Esse movimento ocorre em um cen\u00e1rio de queda nas candidaturas gerais, que passaram de 29.262 para 20.829 no mesmo per\u00edodo. A distribui\u00e7\u00e3o dos postulantes inclui 39 candidatos a deputado estadual, 22 a deputado federal, cinco \u00e0 C\u00e2mara Legislativa do Distrito Federal, tr\u00eas a vice-governador e um primeiro suplente.<\/p>\n<p>A visibilidade do Transtorno do Espectro Autista (TEA) no debate p\u00fablico tem impulsionado esse engajamento. Simone Alli Chair, presidenta da Associa\u00e7\u00e3o Vozes At\u00edpicas (AVA), aponta que o aumento reflete uma maior consci\u00eancia social e a melhora nos Diagn\u00f3stico, que antes eram subnotificados.<\/p>\n<h3>Segmenta\u00e7\u00e3o e estrat\u00e9gia nas elei\u00e7\u00f5es proporcionais<\/h3>\n<p>Para o cientista pol\u00edtico Jo\u00e3o Francisco Meira, o crescimento das candidaturas voltadas \u00e0 <b>neurodiversidade<\/b> responde a uma l\u00f3gica de segmenta\u00e7\u00e3o. Em um sistema de disputa proporcional, candidatos buscam se diferenciar atrav\u00e9s de pautas espec\u00edficas para atrair nichos eleitorais.<\/p>\n<p>Meira destaca que temas que antes n\u00e3o ocupavam o Centros do debate, como os direitos das pessoas com Defici\u00eancias, ganham espa\u00e7o conforme a sociedade evolui. Essa estrat\u00e9gia permite que o postulante ao cargo conquiste eleitores que se identificam com a causa da inclus\u00e3o.<\/p>\n<h3>O desafio da qualidade nas propostas pol\u00edticas<\/h3>\n<p>Apesar do aumento no n\u00famero de nomes, especialistas alertam para a necessidade de compromisso real. Simone Alli Chair critica a postura de pol\u00edticos que priorizam a quantidade em vez da qualidade t\u00e9cnica, Muitos vezes tratando o segmento apenas como uma forma de arregimentar votos.<\/p>\n<p>A ativista enfatiza que o eleitor precisa analisar o hist\u00f3rico dos candidatos. Promessas de amplia\u00e7\u00e3o de atendimentos, como em CAPS, perdem valor se n\u00e3o considerarem a necessidade de profissionais capacitados e a continuidade do tratamento especializado para cada caso.<\/p>\n<h3>Crescimento da representatividade nas urnas<\/h3>\n<p>O eleitorado brasileiro tamb\u00e9m mostra mudan\u00e7as, com cerca de 1,97 milh\u00e3o de pessoas com Defici\u00eancias aptas a votar em 2026, um crescimento de 42% em rela\u00e7\u00e3o a 2022.<\/p>\n<p>O debate sobre o TEA envolve diferentes n\u00edveis de suporte. O Manual Diagn\u00f3stico e Estat\u00edstico de Transtornos Mentais (DSM-5) aponta que, com o apoio adequado, pessoas Autista possuem condi\u00e7\u00f5es plenas de exercer atividades profissionais e pol\u00edticas, contribuindo para uma sociedade mais diversa.<\/p>\n<h3>Perguntas Frequentes (FAQ)<\/h3>\n<p>Qual foi o crescimento exato das candidaturas de Autista?O n\u00famero de candidaturas cresceu mais de cinco vezes, saindo de 13 registros em 2022 para 70 em 2026, conforme dados do TSE.<\/p>\n<p><b>Quais cargos est\u00e3o sendo disputados por esses candidatos?<\/b><br \/>H\u00e1 candidatos concorrendo a deputado estadual, deputado federal, C\u00e2mara Legislativa do DF, vice-governador e supl\u00eancia.<\/p>\n<p>O que explica esse aumento segundo especialistas?Especialistas apontam a maior visibilidade social da neurodiversidade, a melhoria nos Diagn\u00f3stico e uma estrat\u00e9gia de segmenta\u00e7\u00e3o pol\u00edtica para atrair nichos espec\u00edficos de eleitores.<\/p>\n<p><b>Qual o alerta feito pela Associa\u00e7\u00e3o Vozes At\u00edpicas?<\/b><br \/>A associa\u00e7\u00e3o alerta para a superficialidade de algumas propostas e ressalta que o interesse pol\u00edtico deve vir acompanhado de compromisso com a qualidade do atendimento e das pol\u00edticas p\u00fablicas.<\/p>\n<p>Quantos eleitores com Defici\u00eancias votar\u00e3o em 2026?Cerca de 1,97 milh\u00e3o de eleitores declararam ter algum tipo de Defici\u00eancias, representando um aumento de 42% em compara\u00e7\u00e3o ao pleito de 2022.<\/p>","protected":false},"excerpt":{"rendered":"<p>O cen\u00e1rio pol\u00edtico brasileiro registra um aumento expressivo no n\u00famero de pessoas com autismo que buscam ocupar cargos eletivos nas elei\u00e7\u00f5es deste ano As candidaturas de pessoas Autista cresceram de forma significativa no pleito de 2026. Segundo informa\u00e7\u00f5es divulgadas pela Ag\u00eancia Brasil, com base em dados do Tribunal Superior Eleitoral (TSE), o n\u00famero de registros [&hellip;]<\/p>\n","protected":false},"author":1,"featured_media":171005,"comment_status":"","ping_status":"","sticky":false,"template":"","format":"standard","meta":{"googlesitekit_rrm_CAow2JLhCw:productID":"","_gspb_post_css":"","maa_idioma":"","maa_pais":"","footnotes":""},"categories":[4],"tags":[],"class_list":["post-171004","post","type-post","status-publish","format-standard","has-post-thumbnail","hentry","category-brasil"],"blocksy_meta":[],"yoast_head":"<!-- This site is optimized with the Yoast SEO Premium plugin v27.6 (Yoast SEO v27.6) - https:\/\/yoast.com\/product\/yoast-seo-premium-wordpress\/ -->\n<title>Elei\u00e7\u00f5es 2026: candidaturas de pessoas Autista crescem mais de cinco vezes em todo o Brasil - Ubirat\u00e3 Online Not\u00edcias - A realidade ao seu alcance!<\/title>\n<meta name=\"description\" content=\"O cen\u00e1rio pol\u00edtico brasileiro registra um aumento expressivo no n\u00famero de pessoas com autismo que buscam ocupar cargos eletivos nas elei\u00e7\u00f5es deste ano As\" \/>\n<meta name=\"robots\" content=\"index, follow, max-snippet:-1, max-image-preview:large, max-video-preview:-1\" \/>\n<link rel=\"canonical\" href=\"https:\/\/ubirataonline.com.br\/en\/eleicoes-2026-candidaturas-de-pessoas-autista-crescem-mais-de-cinco-vezes-em-todo-o-brasil\/\" \/>\n<meta property=\"og:locale\" content=\"en_US\" \/>\n<meta property=\"og:type\" content=\"article\" \/>\n<meta property=\"og:title\" content=\"Elei\u00e7\u00f5es 2026: candidaturas de pessoas Autista crescem mais de cinco vezes em todo o Brasil\" \/>\n<meta property=\"og:description\" content=\"O cen\u00e1rio pol\u00edtico brasileiro registra um aumento expressivo no n\u00famero de pessoas com autismo que buscam ocupar cargos eletivos nas elei\u00e7\u00f5es deste ano As\" \/>\n<meta property=\"og:url\" content=\"https:\/\/ubirataonline.com.br\/en\/eleicoes-2026-candidaturas-de-pessoas-autista-crescem-mais-de-cinco-vezes-em-todo-o-brasil\/\" \/>\n<meta property=\"og:site_name\" content=\"Ubirat\u00e3 Online Not\u00edcias - A realidade ao seu alcance!\" \/>\n<meta property=\"article:publisher\" content=\"https:\/\/www.facebook.com\/portalubirataonline\" \/>\n<meta property=\"article:author\" content=\"https:\/\/www.facebook.com\/portalubirataonline\" \/>\n<meta property=\"article:published_time\" content=\"2026-09-05T13:38:26+00:00\" \/>\n<meta property=\"og:image\" content=\"https:\/\/ubirataonline.com.br\/wp-content\/uploads\/2026\/05\/logo2026.webp\" \/>\n\t<meta property=\"og:image:width\" content=\"1531\" \/>\n\t<meta property=\"og:image:height\" content=\"418\" \/>\n\t<meta property=\"og:image:type\" content=\"image\/webp\" \/>\n<meta name=\"author\" content=\"REDA\u00c7\u00c3O: UBIRAT\u00c3 ONLINE - F\u00c1BIO AUGUSTO CELESTINO\" \/>\n<meta name=\"twitter:card\" content=\"summary_large_image\" \/>\n<meta name=\"twitter:creator\" content=\"@x.com\/ubirataonline\" \/>\n<meta name=\"twitter:site\" content=\"@ubirataonline\" \/>\n<meta name=\"twitter:label1\" content=\"Written by\" \/>\n\t<meta name=\"twitter:data1\" content=\"REDA\u00c7\u00c3O: UBIRAT\u00c3 ONLINE - F\u00c1BIO AUGUSTO CELESTINO\" \/>\n\t<meta name=\"twitter:label2\" content=\"Est. reading time\" \/>\n\t<meta name=\"twitter:data2\" content=\"3 minutes\" \/>\n<script type=\"application\/ld+json\" class=\"yoast-schema-graph\">{\"@context\":\"https:\\\/\\\/schema.org\",\"@graph\":[{\"@type\":\"NewsArticle\",\"@id\":\"https:\\\/\\\/ubirataonline.com.br\\\/eleicoes-2026-candidaturas-de-pessoas-autista-crescem-mais-de-cinco-vezes-em-todo-o-brasil\\\/#article\",\"isPartOf\":{\"@id\":\"https:\\\/\\\/ubirataonline.com.br\\\/eleicoes-2026-candidaturas-de-pessoas-autista-crescem-mais-de-cinco-vezes-em-todo-o-brasil\\\/\"},\"author\":{\"name\":\"REDA\u00c7\u00c3O: UBIRAT\u00c3 ONLINE - F\u00c1BIO AUGUSTO CELESTINO\",\"@id\":\"https:\\\/\\\/ubirataonline.com.br\\\/#\\\/schema\\\/person\\\/372f87bbd3fdd79b8556b84c98d0bc1c\"},\"headline\":\"Elei\u00e7\u00f5es 2026: candidaturas de pessoas Autista crescem mais de cinco vezes em todo o Brasil\",\"datePublished\":\"2026-09-05T13:38:26+00:00\",\"mainEntityOfPage\":{\"@id\":\"https:\\\/\\\/ubirataonline.com.br\\\/eleicoes-2026-candidaturas-de-pessoas-autista-crescem-mais-de-cinco-vezes-em-todo-o-brasil\\\/\"},\"wordCount\":628,\"publisher\":{\"@id\":\"https:\\\/\\\/ubirataonline.com.br\\\/#organization\"},\"image\":{\"@id\":\"https:\\\/\\\/ubirataonline.com.br\\\/eleicoes-2026-candidaturas-de-pessoas-autista-crescem-mais-de-cinco-vezes-em-todo-o-brasil\\\/#primaryimage\"},\"thumbnailUrl\":\"https:\\\/\\\/ubirataonline.com.br\\\/wp-content\\\/uploads\\\/2026\\\/09\\\/maaimg-post-171004-20260905-133846.webp\",\"articleSection\":[\"Brasil\"],\"inLanguage\":\"en-US\",\"copyrightYear\":\"2026\",\"copyrightHolder\":{\"@id\":\"https:\\\/\\\/ubirataonline.com.br\\\/en\\\/#organization\"}},{\"@type\":\"WebPage\",\"@id\":\"https:\\\/\\\/ubirataonline.com.br\\\/eleicoes-2026-candidaturas-de-pessoas-autista-crescem-mais-de-cinco-vezes-em-todo-o-brasil\\\/\",\"url\":\"https:\\\/\\\/ubirataonline.com.br\\\/eleicoes-2026-candidaturas-de-pessoas-autista-crescem-mais-de-cinco-vezes-em-todo-o-brasil\\\/\",\"name\":\"Elei\u00e7\u00f5es 2026: candidaturas de pessoas Autista crescem mais de cinco vezes em todo o Brasil - Ubirat\u00e3 Online Not\u00edcias - A realidade ao seu alcance!\",\"isPartOf\":{\"@id\":\"https:\\\/\\\/ubirataonline.com.br\\\/#website\"},\"primaryImageOfPage\":{\"@id\":\"https:\\\/\\\/ubirataonline.com.br\\\/eleicoes-2026-candidaturas-de-pessoas-autista-crescem-mais-de-cinco-vezes-em-todo-o-brasil\\\/#primaryimage\"},\"image\":{\"@id\":\"https:\\\/\\\/ubirataonline.com.br\\\/eleicoes-2026-candidaturas-de-pessoas-autista-crescem-mais-de-cinco-vezes-em-todo-o-brasil\\\/#primaryimage\"},\"thumbnailUrl\":\"https:\\\/\\\/ubirataonline.com.br\\\/wp-content\\\/uploads\\\/2026\\\/09\\\/maaimg-post-171004-20260905-133846.webp\",\"datePublished\":\"2026-09-05T13:38:26+00:00\",\"description\":\"O cen\u00e1rio pol\u00edtico brasileiro registra um aumento expressivo no n\u00famero de pessoas com autismo que buscam ocupar cargos eletivos nas elei\u00e7\u00f5es deste ano As\",\"breadcrumb\":{\"@id\":\"https:\\\/\\\/ubirataonline.com.br\\\/eleicoes-2026-candidaturas-de-pessoas-autista-crescem-mais-de-cinco-vezes-em-todo-o-brasil\\\/#breadcrumb\"},\"inLanguage\":\"en-US\",\"potentialAction\":[{\"@type\":\"ReadAction\",\"target\":[\"https:\\\/\\\/ubirataonline.com.br\\\/eleicoes-2026-candidaturas-de-pessoas-autista-crescem-mais-de-cinco-vezes-em-todo-o-brasil\\\/\"]}]},{\"@type\":\"ImageObject\",\"inLanguage\":\"en-US\",\"@id\":\"https:\\\/\\\/ubirataonline.com.br\\\/eleicoes-2026-candidaturas-de-pessoas-autista-crescem-mais-de-cinco-vezes-em-todo-o-brasil\\\/#primaryimage\",\"url\":\"https:\\\/\\\/ubirataonline.com.br\\\/wp-content\\\/uploads\\\/2026\\\/09\\\/maaimg-post-171004-20260905-133846.webp\",\"contentUrl\":\"https:\\\/\\\/ubirataonline.com.br\\\/wp-content\\\/uploads\\\/2026\\\/09\\\/maaimg-post-171004-20260905-133846.webp\",\"width\":1536,\"height\":1024,\"caption\":\"Imagem ilustrativa Gerada por IA\"},{\"@type\":\"BreadcrumbList\",\"@id\":\"https:\\\/\\\/ubirataonline.com.br\\\/eleicoes-2026-candidaturas-de-pessoas-autista-crescem-mais-de-cinco-vezes-em-todo-o-brasil\\\/#breadcrumb\",\"itemListElement\":[{\"@type\":\"ListItem\",\"position\":1,\"name\":\"In\u00edcio\",\"item\":\"https:\\\/\\\/ubirataonline.com.br\\\/\"},{\"@type\":\"ListItem\",\"position\":2,\"name\":\"Elei\u00e7\u00f5es 2026: candidaturas de pessoas Autista crescem mais de cinco vezes em todo o Brasil\"}]},{\"@type\":\"WebSite\",\"@id\":\"https:\\\/\\\/ubirataonline.com.br\\\/#website\",\"url\":\"https:\\\/\\\/ubirataonline.com.br\\\/\",\"name\":\"Ubirat\u00e3 Online Not\u00edcias\",\"description\":\"Not\u00edcias de Ubirat\u00e3, regi\u00e3o, Brasil e mundo, com informa\u00e7\u00e3o atualizada e compromisso com o leitor.\",\"publisher\":{\"@id\":\"https:\\\/\\\/ubirataonline.com.br\\\/#organization\"},\"alternateName\":\"Ubirat\u00e3 Online\",\"potentialAction\":[{\"@type\":\"SearchAction\",\"target\":{\"@type\":\"EntryPoint\",\"urlTemplate\":\"https:\\\/\\\/ubirataonline.com.br\\\/?s={search_term_string}\"},\"query-input\":{\"@type\":\"PropertyValueSpecification\",\"valueRequired\":true,\"valueName\":\"search_term_string\"}}],\"inLanguage\":\"en-US\"},{\"@type\":[\"Organization\",\"Place\"],\"@id\":\"https:\\\/\\\/ubirataonline.com.br\\\/#organization\",\"name\":\"Ubirat\u00e3 Online Not\u00edcias\",\"alternateName\":\"Ubirat\u00e3 Online\",\"url\":\"https:\\\/\\\/ubirataonline.com.br\\\/\",\"logo\":{\"@id\":\"https:\\\/\\\/ubirataonline.com.br\\\/eleicoes-2026-candidaturas-de-pessoas-autista-crescem-mais-de-cinco-vezes-em-todo-o-brasil\\\/#local-main-organization-logo\"},\"image\":{\"@id\":\"https:\\\/\\\/ubirataonline.com.br\\\/eleicoes-2026-candidaturas-de-pessoas-autista-crescem-mais-de-cinco-vezes-em-todo-o-brasil\\\/#local-main-organization-logo\"},\"sameAs\":[\"https:\\\/\\\/www.facebook.com\\\/portalubirataonline\",\"https:\\\/\\\/x.com\\\/ubirataonline\",\"https:\\\/\\\/mastodon.social\\\/@ubirataonline\",\"https:\\\/\\\/www.facebook.com\\\/groups\\\/311144672285604\",\"https:\\\/\\\/www.facebook.com\\\/UBTAOnline\",\"https:\\\/\\\/www.instagram.com\\\/portalubirataonline\\\/\",\"https:\\\/\\\/twitter.com\\\/ubirataonline\"],\"description\":\"Somos um portal de not\u00edcias independente, criado em 5 de janeiro de 2009, com o objetivo de informar, conectar e valorizar a nossa comunidade de Ubirat\u00e3 e toda aregi\u00e3o. Com conte\u00fado atualizado, confi\u00e1vel e relevante, o Ubirat\u00e3 Online \u00e9 o seu espa\u00e7o para ficar por dentro dos principais acontecimentos locais, regionais, Brasil, Mundo e de interesse geral. Nosso compromisso \u00e9 com a verdade, a transpar\u00eancia e o respeito ao leitor.\",\"legalName\":\"UBIRATA ONLINE NOT\u00cdCIAS\",\"foundingDate\":\"2009-01-05\",\"numberOfEmployees\":{\"@type\":\"QuantitativeValue\",\"minValue\":\"1\",\"maxValue\":\"10\"},\"publishingPrinciples\":\"https:\\\/\\\/ubirataonline.com.br\\\/faq\\\/\",\"address\":{\"@id\":\"https:\\\/\\\/ubirataonline.com.br\\\/eleicoes-2026-candidaturas-de-pessoas-autista-crescem-mais-de-cinco-vezes-em-todo-o-brasil\\\/#local-main-place-address\"},\"geo\":{\"@type\":\"GeoCoordinates\",\"latitude\":\"-24.5361401\",\"longitude\":\"-52.9921776\"},\"telephone\":[\"+5544998308235\"],\"contactPoint\":{\"@type\":\"ContactPoint\",\"email\":\"contato@ubirataonline.com.br\"},\"openingHoursSpecification\":{\"@type\":\"OpeningHoursSpecification\",\"dayOfWeek\":[\"Monday\",\"Tuesday\",\"Wednesday\",\"Thursday\",\"Friday\",\"Saturday\",\"Sunday\"],\"opens\":\"00:00\",\"closes\":\"23:59\"},\"email\":\"contato@ubirataonline.com.br\",\"vatID\":\"47.621.418\\\/0001-80\"},{\"@type\":\"Person\",\"@id\":\"https:\\\/\\\/ubirataonline.com.br\\\/#\\\/schema\\\/person\\\/372f87bbd3fdd79b8556b84c98d0bc1c\",\"name\":\"REDA\u00c7\u00c3O: UBIRAT\u00c3 ONLINE - F\u00c1BIO AUGUSTO CELESTINO\",\"pronouns\":\"Ele\",\"description\":\"Desde 2003 trabalhando com not\u00edcias.\",\"sameAs\":[\"http:\\\/\\\/ubirataoline.com.br\",\"https:\\\/\\\/www.facebook.com\\\/portalubirataonline\",\"https:\\\/\\\/www.instagram.com\\\/ubirataonline_oficial\",\"https:\\\/\\\/x.com\\\/x.com\\\/ubirataonline\"],\"honorificPrefix\":\"Mr.\",\"honorificSuffix\":\"MD\",\"birthDate\":\"1980-06-16\",\"gender\":\"masculino\",\"award\":[\"V\u00e1rios pr\u00eamios de melhor portal da cidade\"],\"jobTitle\":\"Diretor\",\"url\":\"https:\\\/\\\/ubirataonline.com.br\\\/en\\\/author\\\/ubirataonline\\\/\"},{\"@type\":\"PostalAddress\",\"@id\":\"https:\\\/\\\/ubirataonline.com.br\\\/eleicoes-2026-candidaturas-de-pessoas-autista-crescem-mais-de-cinco-vezes-em-todo-o-brasil\\\/#local-main-place-address\",\"streetAddress\":\"Rua dos Coqueiros, 104 - Bairro Boa Vista, Rua dos Coqueiros, 104 Bairro Boa Vista\",\"addressLocality\":\"UBIRATA\",\"postalCode\":\"85440-000\",\"addressRegion\":\"PR\",\"addressCountry\":\"BR\"},{\"@type\":\"ImageObject\",\"inLanguage\":\"en-US\",\"@id\":\"https:\\\/\\\/ubirataonline.com.br\\\/eleicoes-2026-candidaturas-de-pessoas-autista-crescem-mais-de-cinco-vezes-em-todo-o-brasil\\\/#local-main-organization-logo\",\"url\":\"https:\\\/\\\/ubirataonline.com.br\\\/wp-content\\\/uploads\\\/2026\\\/06\\\/logoubirataonline-1.webp\",\"contentUrl\":\"https:\\\/\\\/ubirataonline.com.br\\\/wp-content\\\/uploads\\\/2026\\\/06\\\/logoubirataonline-1.webp\",\"width\":500,\"height\":500,\"caption\":\"Ubirat\u00e3 Online Not\u00edcias\"}]}<\/script>\n<meta name=\"geo.placename\" content=\"UBIRATA\" \/>\n<meta name=\"geo.position\" content=\"-24.5361401;-52.9921776\" \/>\n<meta name=\"geo.region\" content=\"Brazil\" \/>\n<!-- \/ Yoast SEO Premium plugin. -->","yoast_head_json":{"title":"Elei\u00e7\u00f5es 2026: candidaturas de pessoas Autista crescem mais de cinco vezes em todo o Brasil - Ubirat\u00e3 Online Not\u00edcias - A realidade ao seu alcance!","description":"O cen\u00e1rio pol\u00edtico brasileiro registra um aumento expressivo no n\u00famero de pessoas com autismo que buscam ocupar cargos eletivos nas elei\u00e7\u00f5es deste ano As","robots":{"index":"index","follow":"follow","max-snippet":"max-snippet:-1","max-image-preview":"max-image-preview:large","max-video-preview":"max-video-preview:-1"},"canonical":"https:\/\/ubirataonline.com.br\/en\/eleicoes-2026-candidaturas-de-pessoas-autista-crescem-mais-de-cinco-vezes-em-todo-o-brasil\/","og_locale":"en_US","og_type":"article","og_title":"Elei\u00e7\u00f5es 2026: candidaturas de pessoas Autista crescem mais de cinco vezes em todo o Brasil","og_description":"O cen\u00e1rio pol\u00edtico brasileiro registra um aumento expressivo no n\u00famero de pessoas com autismo que buscam ocupar cargos eletivos nas elei\u00e7\u00f5es deste ano As","og_url":"https:\/\/ubirataonline.com.br\/en\/eleicoes-2026-candidaturas-de-pessoas-autista-crescem-mais-de-cinco-vezes-em-todo-o-brasil\/","og_site_name":"Ubirat\u00e3 Online Not\u00edcias - A realidade ao seu alcance!","article_publisher":"https:\/\/www.facebook.com\/portalubirataonline","article_author":"https:\/\/www.facebook.com\/portalubirataonline","article_published_time":"2026-09-05T13:38:26+00:00","og_image":[{"width":1531,"height":418,"url":"https:\/\/ubirataonline.com.br\/wp-content\/uploads\/2026\/05\/logo2026.webp","type":"image\/webp"}],"author":"REDA\u00c7\u00c3O: UBIRAT\u00c3 ONLINE - F\u00c1BIO AUGUSTO CELESTINO","twitter_card":"summary_large_image","twitter_creator":"@x.com\/ubirataonline","twitter_site":"@ubirataonline","twitter_misc":{"Written by":"REDA\u00c7\u00c3O: UBIRAT\u00c3 ONLINE - F\u00c1BIO AUGUSTO CELESTINO","Est. reading time":"3 minutes"},"schema":{"@context":"https:\/\/schema.org","@graph":[{"@type":"NewsArticle","@id":"https:\/\/ubirataonline.com.br\/eleicoes-2026-candidaturas-de-pessoas-autista-crescem-mais-de-cinco-vezes-em-todo-o-brasil\/#article","isPartOf":{"@id":"https:\/\/ubirataonline.com.br\/eleicoes-2026-candidaturas-de-pessoas-autista-crescem-mais-de-cinco-vezes-em-todo-o-brasil\/"},"author":{"name":"REDA\u00c7\u00c3O: UBIRAT\u00c3 ONLINE - F\u00c1BIO AUGUSTO CELESTINO","@id":"https:\/\/ubirataonline.com.br\/#\/schema\/person\/372f87bbd3fdd79b8556b84c98d0bc1c"},"headline":"Elei\u00e7\u00f5es 2026: candidaturas de pessoas Autista crescem mais de cinco vezes em todo o Brasil","datePublished":"2026-09-05T13:38:26+00:00","mainEntityOfPage":{"@id":"https:\/\/ubirataonline.com.br\/eleicoes-2026-candidaturas-de-pessoas-autista-crescem-mais-de-cinco-vezes-em-todo-o-brasil\/"},"wordCount":628,"publisher":{"@id":"https:\/\/ubirataonline.com.br\/#organization"},"image":{"@id":"https:\/\/ubirataonline.com.br\/eleicoes-2026-candidaturas-de-pessoas-autista-crescem-mais-de-cinco-vezes-em-todo-o-brasil\/#primaryimage"},"thumbnailUrl":"https:\/\/ubirataonline.com.br\/wp-content\/uploads\/2026\/09\/maaimg-post-171004-20260905-133846.webp","articleSection":["Brasil"],"inLanguage":"en-US","copyrightYear":"2026","copyrightHolder":{"@id":"https:\/\/ubirataonline.com.br\/en\/#organization"}},{"@type":"WebPage","@id":"https:\/\/ubirataonline.com.br\/eleicoes-2026-candidaturas-de-pessoas-autista-crescem-mais-de-cinco-vezes-em-todo-o-brasil\/","url":"https:\/\/ubirataonline.com.br\/eleicoes-2026-candidaturas-de-pessoas-autista-crescem-mais-de-cinco-vezes-em-todo-o-brasil\/","name":"Elei\u00e7\u00f5es 2026: candidaturas de pessoas Autista crescem mais de cinco vezes em todo o Brasil - Ubirat\u00e3 Online Not\u00edcias - A realidade ao seu alcance!","isPartOf":{"@id":"https:\/\/ubirataonline.com.br\/#website"},"primaryImageOfPage":{"@id":"https:\/\/ubirataonline.com.br\/eleicoes-2026-candidaturas-de-pessoas-autista-crescem-mais-de-cinco-vezes-em-todo-o-brasil\/#primaryimage"},"image":{"@id":"https:\/\/ubirataonline.com.br\/eleicoes-2026-candidaturas-de-pessoas-autista-crescem-mais-de-cinco-vezes-em-todo-o-brasil\/#primaryimage"},"thumbnailUrl":"https:\/\/ubirataonline.com.br\/wp-content\/uploads\/2026\/09\/maaimg-post-171004-20260905-133846.webp","datePublished":"2026-09-05T13:38:26+00:00","description":"O cen\u00e1rio pol\u00edtico brasileiro registra um aumento expressivo no n\u00famero de pessoas com autismo que buscam ocupar cargos eletivos nas elei\u00e7\u00f5es deste ano As","breadcrumb":{"@id":"https:\/\/ubirataonline.com.br\/eleicoes-2026-candidaturas-de-pessoas-autista-crescem-mais-de-cinco-vezes-em-todo-o-brasil\/#breadcrumb"},"inLanguage":"en-US","potentialAction":[{"@type":"ReadAction","target":["https:\/\/ubirataonline.com.br\/eleicoes-2026-candidaturas-de-pessoas-autista-crescem-mais-de-cinco-vezes-em-todo-o-brasil\/"]}]},{"@type":"ImageObject","inLanguage":"en-US","@id":"https:\/\/ubirataonline.com.br\/eleicoes-2026-candidaturas-de-pessoas-autista-crescem-mais-de-cinco-vezes-em-todo-o-brasil\/#primaryimage","url":"https:\/\/ubirataonline.com.br\/wp-content\/uploads\/2026\/09\/maaimg-post-171004-20260905-133846.webp","contentUrl":"https:\/\/ubirataonline.com.br\/wp-content\/uploads\/2026\/09\/maaimg-post-171004-20260905-133846.webp","width":1536,"height":1024,"caption":"Imagem ilustrativa Gerada por IA"},{"@type":"BreadcrumbList","@id":"https:\/\/ubirataonline.com.br\/eleicoes-2026-candidaturas-de-pessoas-autista-crescem-mais-de-cinco-vezes-em-todo-o-brasil\/#breadcrumb","itemListElement":[{"@type":"ListItem","position":1,"name":"In\u00edcio","item":"https:\/\/ubirataonline.com.br\/"},{"@type":"ListItem","position":2,"name":"Elei\u00e7\u00f5es 2026: candidaturas de pessoas Autista crescem mais de cinco vezes em todo o Brasil"}]},{"@type":"WebSite","@id":"https:\/\/ubirataonline.com.br\/#website","url":"https:\/\/ubirataonline.com.br\/","name":"Ubirat\u00e3 Online Not\u00edcias","description":"Not\u00edcias de Ubirat\u00e3, regi\u00e3o, Brasil e mundo, com informa\u00e7\u00e3o atualizada e compromisso com o leitor.","publisher":{"@id":"https:\/\/ubirataonline.com.br\/#organization"},"alternateName":"Ubirat\u00e3 Online","potentialAction":[{"@type":"SearchAction","target":{"@type":"EntryPoint","urlTemplate":"https:\/\/ubirataonline.com.br\/?s={search_term_string}"},"query-input":{"@type":"PropertyValueSpecification","valueRequired":true,"valueName":"search_term_string"}}],"inLanguage":"en-US"},{"@type":["Organization","Place"],"@id":"https:\/\/ubirataonline.com.br\/#organization","name":"Ubirat\u00e3 Online Not\u00edcias","alternateName":"Ubirat\u00e3 Online","url":"https:\/\/ubirataonline.com.br\/","logo":{"@id":"https:\/\/ubirataonline.com.br\/eleicoes-2026-candidaturas-de-pessoas-autista-crescem-mais-de-cinco-vezes-em-todo-o-brasil\/#local-main-organization-logo"},"image":{"@id":"https:\/\/ubirataonline.com.br\/eleicoes-2026-candidaturas-de-pessoas-autista-crescem-mais-de-cinco-vezes-em-todo-o-brasil\/#local-main-organization-logo"},"sameAs":["https:\/\/www.facebook.com\/portalubirataonline","https:\/\/x.com\/ubirataonline","https:\/\/mastodon.social\/@ubirataonline","https:\/\/www.facebook.com\/groups\/311144672285604","https:\/\/www.facebook.com\/UBTAOnline","https:\/\/www.instagram.com\/portalubirataonline\/","https:\/\/twitter.com\/ubirataonline"],"description":"Somos um portal de not\u00edcias independente, criado em 5 de janeiro de 2009, com o objetivo de informar, conectar e valorizar a nossa comunidade de Ubirat\u00e3 e toda aregi\u00e3o. Com conte\u00fado atualizado, confi\u00e1vel e relevante, o Ubirat\u00e3 Online \u00e9 o seu espa\u00e7o para ficar por dentro dos principais acontecimentos locais, regionais, Brasil, Mundo e de interesse geral. Nosso compromisso \u00e9 com a verdade, a transpar\u00eancia e o respeito ao leitor.","legalName":"UBIRATA ONLINE NOT\u00cdCIAS","foundingDate":"2009-01-05","numberOfEmployees":{"@type":"QuantitativeValue","minValue":"1","maxValue":"10"},"publishingPrinciples":"https:\/\/ubirataonline.com.br\/faq\/","address":{"@id":"https:\/\/ubirataonline.com.br\/eleicoes-2026-candidaturas-de-pessoas-autista-crescem-mais-de-cinco-vezes-em-todo-o-brasil\/#local-main-place-address"},"geo":{"@type":"GeoCoordinates","latitude":"-24.5361401","longitude":"-52.9921776"},"telephone":["+5544998308235"],"contactPoint":{"@type":"ContactPoint","email":"contato@ubirataonline.com.br"},"openingHoursSpecification":{"@type":"OpeningHoursSpecification","dayOfWeek":["Monday","Tuesday","Wednesday","Thursday","Friday","Saturday","Sunday"],"opens":"00:00","closes":"23:59"},"email":"contato@ubirataonline.com.br","vatID":"47.621.418\/0001-80"},{"@type":"Person","@id":"https:\/\/ubirataonline.com.br\/#\/schema\/person\/372f87bbd3fdd79b8556b84c98d0bc1c","name":"REDA\u00c7\u00c3O: UBIRAT\u00c3 ONLINE - F\u00c1BIO AUGUSTO CELESTINO","pronouns":"Ele","description":"Desde 2003 trabalhando com not\u00edcias.","sameAs":["http:\/\/ubirataoline.com.br","https:\/\/www.facebook.com\/portalubirataonline","https:\/\/www.instagram.com\/ubirataonline_oficial","https:\/\/x.com\/x.com\/ubirataonline"],"honorificPrefix":"Mr.","honorificSuffix":"MD","birthDate":"1980-06-16","gender":"masculino","award":["V\u00e1rios pr\u00eamios de melhor portal da cidade"],"jobTitle":"Diretor","url":"https:\/\/ubirataonline.com.br\/en\/author\/ubirataonline\/"},{"@type":"PostalAddress","@id":"https:\/\/ubirataonline.com.br\/eleicoes-2026-candidaturas-de-pessoas-autista-crescem-mais-de-cinco-vezes-em-todo-o-brasil\/#local-main-place-address","streetAddress":"Rua dos Coqueiros, 104 - Bairro Boa Vista, Rua dos Coqueiros, 104 Bairro Boa Vista","addressLocality":"UBIRATA","postalCode":"85440-000","addressRegion":"PR","addressCountry":"BR"},{"@type":"ImageObject","inLanguage":"en-US","@id":"https:\/\/ubirataonline.com.br\/eleicoes-2026-candidaturas-de-pessoas-autista-crescem-mais-de-cinco-vezes-em-todo-o-brasil\/#local-main-organization-logo","url":"https:\/\/ubirataonline.com.br\/wp-content\/uploads\/2026\/06\/logoubirataonline-1.webp","contentUrl":"https:\/\/ubirataonline.com.br\/wp-content\/uploads\/2026\/06\/logoubirataonline-1.webp","width":500,"height":500,"caption":"Ubirat\u00e3 Online Not\u00edcias"}]},"geo.placename":"UBIRATA","geo.position":{"lat":"-24.5361401","long":"-52.9921776"},"geo.region":"Brazil"},"_links":{"self":[{"href":"https:\/\/ubirataonline.com.br\/en\/wp-json\/wp\/v2\/posts\/171004","targetHints":{"allow":["GET"]}}],"collection":[{"href":"https:\/\/ubirataonline.com.br\/en\/wp-json\/wp\/v2\/posts"}],"about":[{"href":"https:\/\/ubirataonline.com.br\/en\/wp-json\/wp\/v2\/types\/post"}],"author":[{"embeddable":true,"href":"https:\/\/ubirataonline.com.br\/en\/wp-json\/wp\/v2\/users\/1"}],"replies":[{"embeddable":true,"href":"https:\/\/ubirataonline.com.br\/en\/wp-json\/wp\/v2\/comments?post=171004"}],"version-history":[{"count":0,"href":"https:\/\/ubirataonline.com.br\/en\/wp-json\/wp\/v2\/posts\/171004\/revisions"}],"wp:featuredmedia":[{"embeddable":true,"href":"https:\/\/ubirataonline.com.br\/en\/wp-json\/wp\/v2\/media\/171005"}],"wp:attachment":[{"href":"https:\/\/ubirataonline.com.br\/en\/wp-json\/wp\/v2\/media?parent=171004"}],"wp:term":[{"taxonomy":"category","embeddable":true,"href":"https:\/\/ubirataonline.com.br\/en\/wp-json\/wp\/v2\/categories?post=171004"},{"taxonomy":"post_tag","embeddable":true,"href":"https:\/\/ubirataonline.com.br\/en\/wp-json\/wp\/v2\/tags?post=171004"}],"curies":[{"name":"wp","href":"https:\/\/api.w.org\/{rel}","templated":true}]}}