{"id":171012,"date":"2026-09-05T11:30:13","date_gmt":"2026-09-05T14:30:13","guid":{"rendered":"https:\/\/ubirataonline.com.br\/rock-in-rio-mantem-compromisso-com-projetos-socioambientais-e-investe-r-118-milhoes-em-causas-sociais\/"},"modified":"2026-09-05T11:30:13","modified_gmt":"2026-09-05T14:30:13","slug":"rock-in-rio-mantem-compromisso-com-projetos-socioambientais-e-investe-r-118-milhoes-em-causas-sociais","status":"publish","type":"post","link":"https:\/\/ubirataonline.com.br\/en\/rock-in-rio-mantem-compromisso-com-projetos-socioambientais-e-investe-r-118-milhoes-em-causas-sociais\/","title":{"rendered":"Rock in Rio mant\u00e9m compromisso com projetos socioambientais e investe R$ 118 milh\u00f5es em causas sociais"},"content":{"rendered":"<h2>Com 41 anos de trajet\u00f3ria, o Rock in Rio amplia seu papel para al\u00e9m da m\u00fasica ao consolidar investimentos expressivos em projetos socioambientais e inclus\u00e3o.<\/h2>\n<p>O festival, que teve in\u00edcio nesta sexta-feira (4) na Cidade do Rock, no Rio de Janeiro, reafirma seu prop\u00f3sito de integrar entretenimento e impacto social. Desde a cria\u00e7\u00e3o do projeto Por Um Mundo Melhor em 2001, o evento tem sido um canal para promover transforma\u00e7\u00f5es em diversas esferas da sociedade.<\/p>\n<p>Conforme informa\u00e7\u00e3o divulgada pela Empresa Brasil de Comunica\u00e7\u00e3o, a organiza\u00e7\u00e3o do festival contabiliza um investimento total de R$ 118 milh\u00f5es em iniciativas socioambientais. O alcance dessas a\u00e7\u00f5es soma mais de 200 institui\u00e7\u00f5es apoiadas e beneficia diretamente mais de 1 milh\u00e3o de pessoas ao longo das \u00faltimas d\u00e9cadas.<\/p>\n<h3>Foco no combate \u00e0 fome e parcerias estrat\u00e9gicas<\/h3>\n<p>A parceria com a A\u00e7\u00e3o da Cidadania \u00e9 um dos pilares do evento, completando 25 anos de atua\u00e7\u00e3o conjunta. Nesta edi\u00e7\u00e3o, o objetivo \u00e9 alcan\u00e7ar a marca de 2 milh\u00f5es de pratos de comida. Para monitorar essa meta, o festival instalou o Prat\u00f4metro, um painel no gramado da Cidade do Rock que exibe em tempo real o volume de doa\u00e7\u00f5es recebidas pelo p\u00fablico.<\/p>\n<p>De acordo com Roberta Medina, vice-presidente executiva da Rock World, a estrat\u00e9gia de atua\u00e7\u00e3o \u00e9 dividida em escalas temporais. O combate \u00e0 fome \u00e9 tratado como uma prioridade de curto prazo. J\u00e1 no m\u00e9dio prazo, o festival mant\u00e9m o apoio \u00e0 organiza\u00e7\u00e3o Gerando Falc\u00f5es, focada no projeto Favela 3D, que busca promover dignidade e reduzir os \u00edndices de pobreza em comunidades selecionadas.<\/p>\n<h3>Compromisso ambiental e mudan\u00e7as clim\u00e1ticas<\/h3>\n<p>No horizonte de longo prazo, o Rock in Rio mant\u00e9m seu foco na pauta ambiental. A preocupa\u00e7\u00e3o com as mudan\u00e7as clim\u00e1ticas impulsionou o desenvolvimento de projetos como o Amaz\u00f4nia Live, voltado para a conscientiza\u00e7\u00e3o ecol\u00f3gica e a preserva\u00e7\u00e3o da Floresta Amaz\u00f4nica. A gest\u00e3o interna do evento tamb\u00e9m busca minimizar impactos, controlando o consumo de energia, o tratamento de \u00e1gua e a correta gest\u00e3o de res\u00edduos.<\/p>\n<h3>Acessibilidade e combate \u00e0 viol\u00eancia<\/h3>\n<p>A edi\u00e7\u00e3o de 2026 traz avan\u00e7os significativos na inclus\u00e3o. A inten\u00e7\u00e3o, segundo a organiza\u00e7\u00e3o, \u00e9 que a diversidade dentro do festival cres\u00e7a a cada ano, proporcionando um ambiente mais acolhedor para todos os participantes.<\/p>\n<p>Al\u00e9m da acessibilidade, o evento introduziu o Espa\u00e7o Plural e o Espa\u00e7o Delas. Essas \u00e1reas possuem o objetivo de promover a conscientiza\u00e7\u00e3o e o enfrentamento \u00e0 viol\u00eancia de g\u00eanero. Com essas medidas, o festival refor\u00e7a que valores como respeito, cuidado e pertencimento s\u00e3o parte fundamental da experi\u00eancia oferecida aos visitantes na Cidade do Rock.<\/p>\n<h3>Perguntas Frequentes<\/h3>\n<p><b>Qual o valor total investido pelo Rock in Rio em projetos socioambientais?<\/b><br \/>Segundo a organiza\u00e7\u00e3o, o festival soma R$ 118 milh\u00f5es investidos em projetos socioambientais ao longo de sua hist\u00f3ria.<\/p>\n<p><b>Quantas institui\u00e7\u00f5es j\u00e1 foram apoiadas pelo festival?<\/b><br \/>O evento j\u00e1 prestou apoio a mais de 200 institui\u00e7\u00f5es, beneficiando mais de 1 milh\u00e3o de pessoas diretamente.<\/p>\n<p><b>Como funciona a parceria com a A\u00e7\u00e3o da Cidadania?<\/b><br \/>A parceria, que dura 25 anos, foca no combate \u00e0 fome. Nesta edi\u00e7\u00e3o, o p\u00fablico pode fazer doa\u00e7\u00f5es em um espa\u00e7o exclusivo e acompanhar o avan\u00e7o das metas atrav\u00e9s do Prat\u00f4metro.<\/p>\n<p>O que \u00e9 o projeto Favela 3D?\u00c9 uma iniciativa desenvolvida pela organiza\u00e7\u00e3o Gerando Falc\u00f5es, apoiada pelo festival, que visa transformar Favela de pequena escala para melhorar a qualidade de vida dos moradores.<\/p>\n<p>Quais medidas de inclus\u00e3o foram adotadas nesta edi\u00e7\u00e3o?O festival ampliou Espa\u00e7o para pessoas com defici\u00eancia, incluiu uma sala de sensibiliza\u00e7\u00e3o sensorial para neurodivergentes e criou \u00e1reas espec\u00edficas para o debate sobre viol\u00eancia de g\u00eanero e conex\u00e3o feminina.<\/p>","protected":false},"excerpt":{"rendered":"<p>Com 41 anos de trajet\u00f3ria, o Rock in Rio amplia seu papel para al\u00e9m da m\u00fasica ao consolidar investimentos expressivos em projetos socioambientais e inclus\u00e3o. O festival, que teve in\u00edcio nesta sexta-feira (4) na Cidade do Rock, no Rio de Janeiro, reafirma seu prop\u00f3sito de integrar entretenimento e impacto social. Desde a cria\u00e7\u00e3o do projeto [&hellip;]<\/p>\n","protected":false},"author":1,"featured_media":171013,"comment_status":"","ping_status":"","sticky":false,"template":"","format":"standard","meta":{"googlesitekit_rrm_CAow2JLhCw:productID":"","_gspb_post_css":"","maa_idioma":"","maa_pais":"","footnotes":""},"categories":[4],"tags":[],"class_list":["post-171012","post","type-post","status-publish","format-standard","has-post-thumbnail","hentry","category-brasil"],"blocksy_meta":[],"yoast_head":"<!-- This site is optimized with the Yoast SEO Premium plugin v27.6 (Yoast SEO v27.6) - https:\/\/yoast.com\/product\/yoast-seo-premium-wordpress\/ -->\n<title>Rock in Rio mant\u00e9m compromisso com projetos socioambientais e investe R$ 118 milh\u00f5es em causas sociais - Ubirat\u00e3 Online Not\u00edcias - A realidade ao seu alcance!<\/title>\n<meta name=\"description\" content=\"Com 41 anos de trajet\u00f3ria, o Rock in Rio amplia seu papel para al\u00e9m da m\u00fasica ao consolidar investimentos expressivos em projetos socioambientais e\" \/>\n<meta name=\"robots\" content=\"index, follow, max-snippet:-1, max-image-preview:large, max-video-preview:-1\" \/>\n<link rel=\"canonical\" href=\"https:\/\/ubirataonline.com.br\/en\/rock-in-rio-mantem-compromisso-com-projetos-socioambientais-e-investe-r-118-milhoes-em-causas-sociais\/\" \/>\n<meta property=\"og:locale\" content=\"en_US\" \/>\n<meta property=\"og:type\" content=\"article\" \/>\n<meta property=\"og:title\" content=\"Rock in Rio mant\u00e9m compromisso com projetos socioambientais e investe R$ 118 milh\u00f5es em causas sociais\" \/>\n<meta property=\"og:description\" content=\"Com 41 anos de trajet\u00f3ria, o Rock in Rio amplia seu papel para al\u00e9m da m\u00fasica ao consolidar investimentos expressivos em projetos socioambientais e\" \/>\n<meta property=\"og:url\" content=\"https:\/\/ubirataonline.com.br\/en\/rock-in-rio-mantem-compromisso-com-projetos-socioambientais-e-investe-r-118-milhoes-em-causas-sociais\/\" \/>\n<meta property=\"og:site_name\" content=\"Ubirat\u00e3 Online Not\u00edcias - A realidade ao seu alcance!\" \/>\n<meta property=\"article:publisher\" content=\"https:\/\/www.facebook.com\/portalubirataonline\" \/>\n<meta property=\"article:author\" content=\"https:\/\/www.facebook.com\/portalubirataonline\" \/>\n<meta property=\"article:published_time\" content=\"2026-09-05T14:30:13+00:00\" \/>\n<meta property=\"og:image\" content=\"https:\/\/ubirataonline.com.br\/wp-content\/uploads\/2026\/05\/logo2026.webp\" \/>\n\t<meta property=\"og:image:width\" content=\"1531\" \/>\n\t<meta property=\"og:image:height\" content=\"418\" \/>\n\t<meta property=\"og:image:type\" content=\"image\/webp\" \/>\n<meta name=\"author\" content=\"REDA\u00c7\u00c3O: UBIRAT\u00c3 ONLINE - F\u00c1BIO AUGUSTO CELESTINO\" \/>\n<meta name=\"twitter:card\" content=\"summary_large_image\" \/>\n<meta name=\"twitter:creator\" content=\"@x.com\/ubirataonline\" \/>\n<meta name=\"twitter:site\" content=\"@ubirataonline\" \/>\n<meta name=\"twitter:label1\" content=\"Written by\" \/>\n\t<meta name=\"twitter:data1\" content=\"REDA\u00c7\u00c3O: UBIRAT\u00c3 ONLINE - F\u00c1BIO AUGUSTO CELESTINO\" \/>\n\t<meta name=\"twitter:label2\" content=\"Est. reading time\" \/>\n\t<meta name=\"twitter:data2\" content=\"3 minutes\" \/>\n<script type=\"application\/ld+json\" class=\"yoast-schema-graph\">{\"@context\":\"https:\\\/\\\/schema.org\",\"@graph\":[{\"@type\":\"NewsArticle\",\"@id\":\"https:\\\/\\\/ubirataonline.com.br\\\/rock-in-rio-mantem-compromisso-com-projetos-socioambientais-e-investe-r-118-milhoes-em-causas-sociais\\\/#article\",\"isPartOf\":{\"@id\":\"https:\\\/\\\/ubirataonline.com.br\\\/rock-in-rio-mantem-compromisso-com-projetos-socioambientais-e-investe-r-118-milhoes-em-causas-sociais\\\/\"},\"author\":{\"name\":\"REDA\u00c7\u00c3O: UBIRAT\u00c3 ONLINE - F\u00c1BIO AUGUSTO CELESTINO\",\"@id\":\"https:\\\/\\\/ubirataonline.com.br\\\/#\\\/schema\\\/person\\\/372f87bbd3fdd79b8556b84c98d0bc1c\"},\"headline\":\"Rock in Rio mant\u00e9m compromisso com projetos socioambientais e investe R$ 118 milh\u00f5es em causas sociais\",\"datePublished\":\"2026-09-05T14:30:13+00:00\",\"mainEntityOfPage\":{\"@id\":\"https:\\\/\\\/ubirataonline.com.br\\\/rock-in-rio-mantem-compromisso-com-projetos-socioambientais-e-investe-r-118-milhoes-em-causas-sociais\\\/\"},\"wordCount\":664,\"publisher\":{\"@id\":\"https:\\\/\\\/ubirataonline.com.br\\\/#organization\"},\"image\":{\"@id\":\"https:\\\/\\\/ubirataonline.com.br\\\/rock-in-rio-mantem-compromisso-com-projetos-socioambientais-e-investe-r-118-milhoes-em-causas-sociais\\\/#primaryimage\"},\"thumbnailUrl\":\"https:\\\/\\\/ubirataonline.com.br\\\/wp-content\\\/uploads\\\/2026\\\/09\\\/maaimg-post-171012-20260905-143037.webp\",\"articleSection\":[\"Brasil\"],\"inLanguage\":\"en-US\",\"copyrightYear\":\"2026\",\"copyrightHolder\":{\"@id\":\"https:\\\/\\\/ubirataonline.com.br\\\/en\\\/#organization\"}},{\"@type\":\"WebPage\",\"@id\":\"https:\\\/\\\/ubirataonline.com.br\\\/rock-in-rio-mantem-compromisso-com-projetos-socioambientais-e-investe-r-118-milhoes-em-causas-sociais\\\/\",\"url\":\"https:\\\/\\\/ubirataonline.com.br\\\/rock-in-rio-mantem-compromisso-com-projetos-socioambientais-e-investe-r-118-milhoes-em-causas-sociais\\\/\",\"name\":\"Rock in Rio mant\u00e9m compromisso com projetos socioambientais e investe R$ 118 milh\u00f5es em causas sociais - Ubirat\u00e3 Online Not\u00edcias - A realidade ao seu alcance!\",\"isPartOf\":{\"@id\":\"https:\\\/\\\/ubirataonline.com.br\\\/#website\"},\"primaryImageOfPage\":{\"@id\":\"https:\\\/\\\/ubirataonline.com.br\\\/rock-in-rio-mantem-compromisso-com-projetos-socioambientais-e-investe-r-118-milhoes-em-causas-sociais\\\/#primaryimage\"},\"image\":{\"@id\":\"https:\\\/\\\/ubirataonline.com.br\\\/rock-in-rio-mantem-compromisso-com-projetos-socioambientais-e-investe-r-118-milhoes-em-causas-sociais\\\/#primaryimage\"},\"thumbnailUrl\":\"https:\\\/\\\/ubirataonline.com.br\\\/wp-content\\\/uploads\\\/2026\\\/09\\\/maaimg-post-171012-20260905-143037.webp\",\"datePublished\":\"2026-09-05T14:30:13+00:00\",\"description\":\"Com 41 anos de trajet\u00f3ria, o Rock in Rio amplia seu papel para al\u00e9m da m\u00fasica ao consolidar investimentos expressivos em projetos socioambientais e\",\"breadcrumb\":{\"@id\":\"https:\\\/\\\/ubirataonline.com.br\\\/rock-in-rio-mantem-compromisso-com-projetos-socioambientais-e-investe-r-118-milhoes-em-causas-sociais\\\/#breadcrumb\"},\"inLanguage\":\"en-US\",\"potentialAction\":[{\"@type\":\"ReadAction\",\"target\":[\"https:\\\/\\\/ubirataonline.com.br\\\/rock-in-rio-mantem-compromisso-com-projetos-socioambientais-e-investe-r-118-milhoes-em-causas-sociais\\\/\"]}]},{\"@type\":\"ImageObject\",\"inLanguage\":\"en-US\",\"@id\":\"https:\\\/\\\/ubirataonline.com.br\\\/rock-in-rio-mantem-compromisso-com-projetos-socioambientais-e-investe-r-118-milhoes-em-causas-sociais\\\/#primaryimage\",\"url\":\"https:\\\/\\\/ubirataonline.com.br\\\/wp-content\\\/uploads\\\/2026\\\/09\\\/maaimg-post-171012-20260905-143037.webp\",\"contentUrl\":\"https:\\\/\\\/ubirataonline.com.br\\\/wp-content\\\/uploads\\\/2026\\\/09\\\/maaimg-post-171012-20260905-143037.webp\",\"width\":1536,\"height\":1024,\"caption\":\"Imagem ilustrativa Gerada por IA\"},{\"@type\":\"BreadcrumbList\",\"@id\":\"https:\\\/\\\/ubirataonline.com.br\\\/rock-in-rio-mantem-compromisso-com-projetos-socioambientais-e-investe-r-118-milhoes-em-causas-sociais\\\/#breadcrumb\",\"itemListElement\":[{\"@type\":\"ListItem\",\"position\":1,\"name\":\"In\u00edcio\",\"item\":\"https:\\\/\\\/ubirataonline.com.br\\\/\"},{\"@type\":\"ListItem\",\"position\":2,\"name\":\"Rock in Rio mant\u00e9m compromisso com projetos socioambientais e investe R$ 118 milh\u00f5es em causas sociais\"}]},{\"@type\":\"WebSite\",\"@id\":\"https:\\\/\\\/ubirataonline.com.br\\\/#website\",\"url\":\"https:\\\/\\\/ubirataonline.com.br\\\/\",\"name\":\"Ubirat\u00e3 Online Not\u00edcias\",\"description\":\"Not\u00edcias de Ubirat\u00e3, regi\u00e3o, Brasil e mundo, com informa\u00e7\u00e3o atualizada e compromisso com o leitor.\",\"publisher\":{\"@id\":\"https:\\\/\\\/ubirataonline.com.br\\\/#organization\"},\"alternateName\":\"Ubirat\u00e3 Online\",\"potentialAction\":[{\"@type\":\"SearchAction\",\"target\":{\"@type\":\"EntryPoint\",\"urlTemplate\":\"https:\\\/\\\/ubirataonline.com.br\\\/?s={search_term_string}\"},\"query-input\":{\"@type\":\"PropertyValueSpecification\",\"valueRequired\":true,\"valueName\":\"search_term_string\"}}],\"inLanguage\":\"en-US\"},{\"@type\":[\"Organization\",\"Place\"],\"@id\":\"https:\\\/\\\/ubirataonline.com.br\\\/#organization\",\"name\":\"Ubirat\u00e3 Online Not\u00edcias\",\"alternateName\":\"Ubirat\u00e3 Online\",\"url\":\"https:\\\/\\\/ubirataonline.com.br\\\/\",\"logo\":{\"@id\":\"https:\\\/\\\/ubirataonline.com.br\\\/rock-in-rio-mantem-compromisso-com-projetos-socioambientais-e-investe-r-118-milhoes-em-causas-sociais\\\/#local-main-organization-logo\"},\"image\":{\"@id\":\"https:\\\/\\\/ubirataonline.com.br\\\/rock-in-rio-mantem-compromisso-com-projetos-socioambientais-e-investe-r-118-milhoes-em-causas-sociais\\\/#local-main-organization-logo\"},\"sameAs\":[\"https:\\\/\\\/www.facebook.com\\\/portalubirataonline\",\"https:\\\/\\\/x.com\\\/ubirataonline\",\"https:\\\/\\\/mastodon.social\\\/@ubirataonline\",\"https:\\\/\\\/www.facebook.com\\\/groups\\\/311144672285604\",\"https:\\\/\\\/www.facebook.com\\\/UBTAOnline\",\"https:\\\/\\\/www.instagram.com\\\/portalubirataonline\\\/\",\"https:\\\/\\\/twitter.com\\\/ubirataonline\"],\"description\":\"Somos um portal de not\u00edcias independente, criado em 5 de janeiro de 2009, com o objetivo de informar, conectar e valorizar a nossa comunidade de Ubirat\u00e3 e toda aregi\u00e3o. Com conte\u00fado atualizado, confi\u00e1vel e relevante, o Ubirat\u00e3 Online \u00e9 o seu espa\u00e7o para ficar por dentro dos principais acontecimentos locais, regionais, Brasil, Mundo e de interesse geral. Nosso compromisso \u00e9 com a verdade, a transpar\u00eancia e o respeito ao leitor.\",\"legalName\":\"UBIRATA ONLINE NOT\u00cdCIAS\",\"foundingDate\":\"2009-01-05\",\"numberOfEmployees\":{\"@type\":\"QuantitativeValue\",\"minValue\":\"1\",\"maxValue\":\"10\"},\"publishingPrinciples\":\"https:\\\/\\\/ubirataonline.com.br\\\/faq\\\/\",\"address\":{\"@id\":\"https:\\\/\\\/ubirataonline.com.br\\\/rock-in-rio-mantem-compromisso-com-projetos-socioambientais-e-investe-r-118-milhoes-em-causas-sociais\\\/#local-main-place-address\"},\"geo\":{\"@type\":\"GeoCoordinates\",\"latitude\":\"-24.5361401\",\"longitude\":\"-52.9921776\"},\"telephone\":[\"+5544998308235\"],\"contactPoint\":{\"@type\":\"ContactPoint\",\"email\":\"contato@ubirataonline.com.br\"},\"openingHoursSpecification\":{\"@type\":\"OpeningHoursSpecification\",\"dayOfWeek\":[\"Monday\",\"Tuesday\",\"Wednesday\",\"Thursday\",\"Friday\",\"Saturday\",\"Sunday\"],\"opens\":\"00:00\",\"closes\":\"23:59\"},\"email\":\"contato@ubirataonline.com.br\",\"vatID\":\"47.621.418\\\/0001-80\"},{\"@type\":\"Person\",\"@id\":\"https:\\\/\\\/ubirataonline.com.br\\\/#\\\/schema\\\/person\\\/372f87bbd3fdd79b8556b84c98d0bc1c\",\"name\":\"REDA\u00c7\u00c3O: UBIRAT\u00c3 ONLINE - F\u00c1BIO AUGUSTO CELESTINO\",\"pronouns\":\"Ele\",\"description\":\"Desde 2003 trabalhando com not\u00edcias.\",\"sameAs\":[\"http:\\\/\\\/ubirataoline.com.br\",\"https:\\\/\\\/www.facebook.com\\\/portalubirataonline\",\"https:\\\/\\\/www.instagram.com\\\/ubirataonline_oficial\",\"https:\\\/\\\/x.com\\\/x.com\\\/ubirataonline\"],\"honorificPrefix\":\"Mr.\",\"honorificSuffix\":\"MD\",\"birthDate\":\"1980-06-16\",\"gender\":\"masculino\",\"award\":[\"V\u00e1rios pr\u00eamios de melhor portal da cidade\"],\"jobTitle\":\"Diretor\",\"url\":\"https:\\\/\\\/ubirataonline.com.br\\\/en\\\/author\\\/ubirataonline\\\/\"},{\"@type\":\"PostalAddress\",\"@id\":\"https:\\\/\\\/ubirataonline.com.br\\\/rock-in-rio-mantem-compromisso-com-projetos-socioambientais-e-investe-r-118-milhoes-em-causas-sociais\\\/#local-main-place-address\",\"streetAddress\":\"Rua dos Coqueiros, 104 - Bairro Boa Vista, Rua dos Coqueiros, 104 Bairro Boa Vista\",\"addressLocality\":\"UBIRATA\",\"postalCode\":\"85440-000\",\"addressRegion\":\"PR\",\"addressCountry\":\"BR\"},{\"@type\":\"ImageObject\",\"inLanguage\":\"en-US\",\"@id\":\"https:\\\/\\\/ubirataonline.com.br\\\/rock-in-rio-mantem-compromisso-com-projetos-socioambientais-e-investe-r-118-milhoes-em-causas-sociais\\\/#local-main-organization-logo\",\"url\":\"https:\\\/\\\/ubirataonline.com.br\\\/wp-content\\\/uploads\\\/2026\\\/06\\\/logoubirataonline-1.webp\",\"contentUrl\":\"https:\\\/\\\/ubirataonline.com.br\\\/wp-content\\\/uploads\\\/2026\\\/06\\\/logoubirataonline-1.webp\",\"width\":500,\"height\":500,\"caption\":\"Ubirat\u00e3 Online Not\u00edcias\"}]}<\/script>\n<meta name=\"geo.placename\" content=\"UBIRATA\" \/>\n<meta name=\"geo.position\" content=\"-24.5361401;-52.9921776\" \/>\n<meta name=\"geo.region\" content=\"Brazil\" \/>\n<!-- \/ Yoast SEO Premium plugin. -->","yoast_head_json":{"title":"Rock in Rio mant\u00e9m compromisso com projetos socioambientais e investe R$ 118 milh\u00f5es em causas sociais - Ubirat\u00e3 Online Not\u00edcias - A realidade ao seu alcance!","description":"Com 41 anos de trajet\u00f3ria, o Rock in Rio amplia seu papel para al\u00e9m da m\u00fasica ao consolidar investimentos expressivos em projetos socioambientais e","robots":{"index":"index","follow":"follow","max-snippet":"max-snippet:-1","max-image-preview":"max-image-preview:large","max-video-preview":"max-video-preview:-1"},"canonical":"https:\/\/ubirataonline.com.br\/en\/rock-in-rio-mantem-compromisso-com-projetos-socioambientais-e-investe-r-118-milhoes-em-causas-sociais\/","og_locale":"en_US","og_type":"article","og_title":"Rock in Rio mant\u00e9m compromisso com projetos socioambientais e investe R$ 118 milh\u00f5es em causas sociais","og_description":"Com 41 anos de trajet\u00f3ria, o Rock in Rio amplia seu papel para al\u00e9m da m\u00fasica ao consolidar investimentos expressivos em projetos socioambientais e","og_url":"https:\/\/ubirataonline.com.br\/en\/rock-in-rio-mantem-compromisso-com-projetos-socioambientais-e-investe-r-118-milhoes-em-causas-sociais\/","og_site_name":"Ubirat\u00e3 Online Not\u00edcias - A realidade ao seu alcance!","article_publisher":"https:\/\/www.facebook.com\/portalubirataonline","article_author":"https:\/\/www.facebook.com\/portalubirataonline","article_published_time":"2026-09-05T14:30:13+00:00","og_image":[{"width":1531,"height":418,"url":"https:\/\/ubirataonline.com.br\/wp-content\/uploads\/2026\/05\/logo2026.webp","type":"image\/webp"}],"author":"REDA\u00c7\u00c3O: UBIRAT\u00c3 ONLINE - F\u00c1BIO AUGUSTO CELESTINO","twitter_card":"summary_large_image","twitter_creator":"@x.com\/ubirataonline","twitter_site":"@ubirataonline","twitter_misc":{"Written by":"REDA\u00c7\u00c3O: UBIRAT\u00c3 ONLINE - F\u00c1BIO AUGUSTO CELESTINO","Est. reading time":"3 minutes"},"schema":{"@context":"https:\/\/schema.org","@graph":[{"@type":"NewsArticle","@id":"https:\/\/ubirataonline.com.br\/rock-in-rio-mantem-compromisso-com-projetos-socioambientais-e-investe-r-118-milhoes-em-causas-sociais\/#article","isPartOf":{"@id":"https:\/\/ubirataonline.com.br\/rock-in-rio-mantem-compromisso-com-projetos-socioambientais-e-investe-r-118-milhoes-em-causas-sociais\/"},"author":{"name":"REDA\u00c7\u00c3O: UBIRAT\u00c3 ONLINE - F\u00c1BIO AUGUSTO CELESTINO","@id":"https:\/\/ubirataonline.com.br\/#\/schema\/person\/372f87bbd3fdd79b8556b84c98d0bc1c"},"headline":"Rock in Rio mant\u00e9m compromisso com projetos socioambientais e investe R$ 118 milh\u00f5es em causas sociais","datePublished":"2026-09-05T14:30:13+00:00","mainEntityOfPage":{"@id":"https:\/\/ubirataonline.com.br\/rock-in-rio-mantem-compromisso-com-projetos-socioambientais-e-investe-r-118-milhoes-em-causas-sociais\/"},"wordCount":664,"publisher":{"@id":"https:\/\/ubirataonline.com.br\/#organization"},"image":{"@id":"https:\/\/ubirataonline.com.br\/rock-in-rio-mantem-compromisso-com-projetos-socioambientais-e-investe-r-118-milhoes-em-causas-sociais\/#primaryimage"},"thumbnailUrl":"https:\/\/ubirataonline.com.br\/wp-content\/uploads\/2026\/09\/maaimg-post-171012-20260905-143037.webp","articleSection":["Brasil"],"inLanguage":"en-US","copyrightYear":"2026","copyrightHolder":{"@id":"https:\/\/ubirataonline.com.br\/en\/#organization"}},{"@type":"WebPage","@id":"https:\/\/ubirataonline.com.br\/rock-in-rio-mantem-compromisso-com-projetos-socioambientais-e-investe-r-118-milhoes-em-causas-sociais\/","url":"https:\/\/ubirataonline.com.br\/rock-in-rio-mantem-compromisso-com-projetos-socioambientais-e-investe-r-118-milhoes-em-causas-sociais\/","name":"Rock in Rio mant\u00e9m compromisso com projetos socioambientais e investe R$ 118 milh\u00f5es em causas sociais - Ubirat\u00e3 Online Not\u00edcias - A realidade ao seu alcance!","isPartOf":{"@id":"https:\/\/ubirataonline.com.br\/#website"},"primaryImageOfPage":{"@id":"https:\/\/ubirataonline.com.br\/rock-in-rio-mantem-compromisso-com-projetos-socioambientais-e-investe-r-118-milhoes-em-causas-sociais\/#primaryimage"},"image":{"@id":"https:\/\/ubirataonline.com.br\/rock-in-rio-mantem-compromisso-com-projetos-socioambientais-e-investe-r-118-milhoes-em-causas-sociais\/#primaryimage"},"thumbnailUrl":"https:\/\/ubirataonline.com.br\/wp-content\/uploads\/2026\/09\/maaimg-post-171012-20260905-143037.webp","datePublished":"2026-09-05T14:30:13+00:00","description":"Com 41 anos de trajet\u00f3ria, o Rock in Rio amplia seu papel para al\u00e9m da m\u00fasica ao consolidar investimentos expressivos em projetos socioambientais e","breadcrumb":{"@id":"https:\/\/ubirataonline.com.br\/rock-in-rio-mantem-compromisso-com-projetos-socioambientais-e-investe-r-118-milhoes-em-causas-sociais\/#breadcrumb"},"inLanguage":"en-US","potentialAction":[{"@type":"ReadAction","target":["https:\/\/ubirataonline.com.br\/rock-in-rio-mantem-compromisso-com-projetos-socioambientais-e-investe-r-118-milhoes-em-causas-sociais\/"]}]},{"@type":"ImageObject","inLanguage":"en-US","@id":"https:\/\/ubirataonline.com.br\/rock-in-rio-mantem-compromisso-com-projetos-socioambientais-e-investe-r-118-milhoes-em-causas-sociais\/#primaryimage","url":"https:\/\/ubirataonline.com.br\/wp-content\/uploads\/2026\/09\/maaimg-post-171012-20260905-143037.webp","contentUrl":"https:\/\/ubirataonline.com.br\/wp-content\/uploads\/2026\/09\/maaimg-post-171012-20260905-143037.webp","width":1536,"height":1024,"caption":"Imagem ilustrativa Gerada por IA"},{"@type":"BreadcrumbList","@id":"https:\/\/ubirataonline.com.br\/rock-in-rio-mantem-compromisso-com-projetos-socioambientais-e-investe-r-118-milhoes-em-causas-sociais\/#breadcrumb","itemListElement":[{"@type":"ListItem","position":1,"name":"In\u00edcio","item":"https:\/\/ubirataonline.com.br\/"},{"@type":"ListItem","position":2,"name":"Rock in Rio mant\u00e9m compromisso com projetos socioambientais e investe R$ 118 milh\u00f5es em causas sociais"}]},{"@type":"WebSite","@id":"https:\/\/ubirataonline.com.br\/#website","url":"https:\/\/ubirataonline.com.br\/","name":"Ubirat\u00e3 Online Not\u00edcias","description":"Not\u00edcias de Ubirat\u00e3, regi\u00e3o, Brasil e mundo, com informa\u00e7\u00e3o atualizada e compromisso com o leitor.","publisher":{"@id":"https:\/\/ubirataonline.com.br\/#organization"},"alternateName":"Ubirat\u00e3 Online","potentialAction":[{"@type":"SearchAction","target":{"@type":"EntryPoint","urlTemplate":"https:\/\/ubirataonline.com.br\/?s={search_term_string}"},"query-input":{"@type":"PropertyValueSpecification","valueRequired":true,"valueName":"search_term_string"}}],"inLanguage":"en-US"},{"@type":["Organization","Place"],"@id":"https:\/\/ubirataonline.com.br\/#organization","name":"Ubirat\u00e3 Online Not\u00edcias","alternateName":"Ubirat\u00e3 Online","url":"https:\/\/ubirataonline.com.br\/","logo":{"@id":"https:\/\/ubirataonline.com.br\/rock-in-rio-mantem-compromisso-com-projetos-socioambientais-e-investe-r-118-milhoes-em-causas-sociais\/#local-main-organization-logo"},"image":{"@id":"https:\/\/ubirataonline.com.br\/rock-in-rio-mantem-compromisso-com-projetos-socioambientais-e-investe-r-118-milhoes-em-causas-sociais\/#local-main-organization-logo"},"sameAs":["https:\/\/www.facebook.com\/portalubirataonline","https:\/\/x.com\/ubirataonline","https:\/\/mastodon.social\/@ubirataonline","https:\/\/www.facebook.com\/groups\/311144672285604","https:\/\/www.facebook.com\/UBTAOnline","https:\/\/www.instagram.com\/portalubirataonline\/","https:\/\/twitter.com\/ubirataonline"],"description":"Somos um portal de not\u00edcias independente, criado em 5 de janeiro de 2009, com o objetivo de informar, conectar e valorizar a nossa comunidade de Ubirat\u00e3 e toda aregi\u00e3o. Com conte\u00fado atualizado, confi\u00e1vel e relevante, o Ubirat\u00e3 Online \u00e9 o seu espa\u00e7o para ficar por dentro dos principais acontecimentos locais, regionais, Brasil, Mundo e de interesse geral. Nosso compromisso \u00e9 com a verdade, a transpar\u00eancia e o respeito ao leitor.","legalName":"UBIRATA ONLINE NOT\u00cdCIAS","foundingDate":"2009-01-05","numberOfEmployees":{"@type":"QuantitativeValue","minValue":"1","maxValue":"10"},"publishingPrinciples":"https:\/\/ubirataonline.com.br\/faq\/","address":{"@id":"https:\/\/ubirataonline.com.br\/rock-in-rio-mantem-compromisso-com-projetos-socioambientais-e-investe-r-118-milhoes-em-causas-sociais\/#local-main-place-address"},"geo":{"@type":"GeoCoordinates","latitude":"-24.5361401","longitude":"-52.9921776"},"telephone":["+5544998308235"],"contactPoint":{"@type":"ContactPoint","email":"contato@ubirataonline.com.br"},"openingHoursSpecification":{"@type":"OpeningHoursSpecification","dayOfWeek":["Monday","Tuesday","Wednesday","Thursday","Friday","Saturday","Sunday"],"opens":"00:00","closes":"23:59"},"email":"contato@ubirataonline.com.br","vatID":"47.621.418\/0001-80"},{"@type":"Person","@id":"https:\/\/ubirataonline.com.br\/#\/schema\/person\/372f87bbd3fdd79b8556b84c98d0bc1c","name":"REDA\u00c7\u00c3O: UBIRAT\u00c3 ONLINE - F\u00c1BIO AUGUSTO CELESTINO","pronouns":"Ele","description":"Desde 2003 trabalhando com not\u00edcias.","sameAs":["http:\/\/ubirataoline.com.br","https:\/\/www.facebook.com\/portalubirataonline","https:\/\/www.instagram.com\/ubirataonline_oficial","https:\/\/x.com\/x.com\/ubirataonline"],"honorificPrefix":"Mr.","honorificSuffix":"MD","birthDate":"1980-06-16","gender":"masculino","award":["V\u00e1rios pr\u00eamios de melhor portal da cidade"],"jobTitle":"Diretor","url":"https:\/\/ubirataonline.com.br\/en\/author\/ubirataonline\/"},{"@type":"PostalAddress","@id":"https:\/\/ubirataonline.com.br\/rock-in-rio-mantem-compromisso-com-projetos-socioambientais-e-investe-r-118-milhoes-em-causas-sociais\/#local-main-place-address","streetAddress":"Rua dos Coqueiros, 104 - Bairro Boa Vista, Rua dos Coqueiros, 104 Bairro Boa Vista","addressLocality":"UBIRATA","postalCode":"85440-000","addressRegion":"PR","addressCountry":"BR"},{"@type":"ImageObject","inLanguage":"en-US","@id":"https:\/\/ubirataonline.com.br\/rock-in-rio-mantem-compromisso-com-projetos-socioambientais-e-investe-r-118-milhoes-em-causas-sociais\/#local-main-organization-logo","url":"https:\/\/ubirataonline.com.br\/wp-content\/uploads\/2026\/06\/logoubirataonline-1.webp","contentUrl":"https:\/\/ubirataonline.com.br\/wp-content\/uploads\/2026\/06\/logoubirataonline-1.webp","width":500,"height":500,"caption":"Ubirat\u00e3 Online Not\u00edcias"}]},"geo.placename":"UBIRATA","geo.position":{"lat":"-24.5361401","long":"-52.9921776"},"geo.region":"Brazil"},"_links":{"self":[{"href":"https:\/\/ubirataonline.com.br\/en\/wp-json\/wp\/v2\/posts\/171012","targetHints":{"allow":["GET"]}}],"collection":[{"href":"https:\/\/ubirataonline.com.br\/en\/wp-json\/wp\/v2\/posts"}],"about":[{"href":"https:\/\/ubirataonline.com.br\/en\/wp-json\/wp\/v2\/types\/post"}],"author":[{"embeddable":true,"href":"https:\/\/ubirataonline.com.br\/en\/wp-json\/wp\/v2\/users\/1"}],"replies":[{"embeddable":true,"href":"https:\/\/ubirataonline.com.br\/en\/wp-json\/wp\/v2\/comments?post=171012"}],"version-history":[{"count":0,"href":"https:\/\/ubirataonline.com.br\/en\/wp-json\/wp\/v2\/posts\/171012\/revisions"}],"wp:featuredmedia":[{"embeddable":true,"href":"https:\/\/ubirataonline.com.br\/en\/wp-json\/wp\/v2\/media\/171013"}],"wp:attachment":[{"href":"https:\/\/ubirataonline.com.br\/en\/wp-json\/wp\/v2\/media?parent=171012"}],"wp:term":[{"taxonomy":"category","embeddable":true,"href":"https:\/\/ubirataonline.com.br\/en\/wp-json\/wp\/v2\/categories?post=171012"},{"taxonomy":"post_tag","embeddable":true,"href":"https:\/\/ubirataonline.com.br\/en\/wp-json\/wp\/v2\/tags?post=171012"}],"curies":[{"name":"wp","href":"https:\/\/api.w.org\/{rel}","templated":true}]}}