{"id":171017,"date":"2026-09-05T11:56:07","date_gmt":"2026-09-05T14:56:07","guid":{"rendered":"https:\/\/ubirataonline.com.br\/relatorio-da-pf-aponta-divisao-interna-sobre-lulinha-e-recomenda-apuracao-na-corregedoria\/"},"modified":"2026-09-05T11:56:07","modified_gmt":"2026-09-05T14:56:07","slug":"relatorio-da-pf-aponta-divisao-interna-sobre-lulinha-e-recomenda-apuracao-na-corregedoria","status":"publish","type":"post","link":"https:\/\/ubirataonline.com.br\/en\/relatorio-da-pf-aponta-divisao-interna-sobre-lulinha-e-recomenda-apuracao-na-corregedoria\/","title":{"rendered":"Relat\u00f3rio da PF aponta divis\u00e3o interna sobre Lulinha e recomenda apura\u00e7\u00e3o na Corregedoria"},"content":{"rendered":"<h2>Documento da unidade Cinq qualifica men\u00e7\u00f5es a Lulinha como \u201cfr\u00e1geis\u201d, diz ser \u201csem valor probat\u00f3rio\u201d e sugere identificar quem batizou a fase &#8216;Elli&#8217;.<\/h2>\n<p>Um relat\u00f3rio de intelig\u00eancia da Pol\u00edcia Federal produzido por uma unidade ligada \u00e0 Coordena\u00e7\u00e3o de Inqu\u00e9ritos nos Tribunais Superiores (Cinq) exp\u00f5e divis\u00f5es internas sobre as apura\u00e7\u00f5es que citam F\u00e1bio Lu\u00eds Lula da Silva, o Lulinha. O documento foi divulgado pelo ministro do Supremo Tribunal Federal Alexandre de Moraes, segundo a Ag\u00eancia Estado em publica\u00e7\u00e3o no CGN.<\/p>\n<p>O pr\u00f3prio relat\u00f3rio se descreve como <strong>&#8220;sem valor probat\u00f3rio&#8221;<\/strong> e afirma n\u00e3o poder ser usado para imputar acusa\u00e7\u00f5es. Em v\u00e1rios trechos, classifica a confiabilidade das informa\u00e7\u00f5es como &#8220;baixa ou moderada&#8221;, por depender majoritariamente de relatos verbais.<\/p>\n<h3>Conte\u00fado e limita\u00e7\u00f5es apontadas<\/h3>\n<p>Segundo a Ag\u00eancia Estado, o relat\u00f3rio descreve como &quot;fr\u00e1geis&quot; os elementos que mencionaram Lulinha na investiga\u00e7\u00e3o sobre supostos desvios no INSS. O documento foi inicialmente enviado apenas ao diretor-geral Andrei Rodrigues e traz cr\u00edticas \u00e0 produ\u00e7\u00e3o de Relat\u00f3rio que compilavam men\u00e7\u00f5es a Lulinha, \u00e0s viagens dele com a lobista Roberta Luchsinger e ao empres\u00e1rio Ant\u00f4nio Camilo Antunes, conhecido como Careca do INSS.<\/p>\n<p>O texto registra que, \u00e0 \u00e9poca analisada, Lulinha n\u00e3o era formalmente investigado e que a exist\u00eancia do relat\u00f3rio nos autos teria provocado &#8220;risco reputacional&#8221; por tornar p\u00fablicas refer\u00eancias a uma pessoa n\u00e3o enquadrada como investigada.<\/p>\n<h3>Nome da fase &#8216;Elli&#8217; e recomenda\u00e7\u00e3o \u00e0 Corregedoria<\/h3>\n<p>O relat\u00f3rio relata que a fase da Opera\u00e7\u00e3o Sem Desconto que incluiu buscas contra Roberta Luchsinger foi internamente batizada de &#8220;Opera\u00e7\u00e3o Elli&#8221;, pronunciada como a letra L, o que, segundo a an\u00e1lise, faria refer\u00eancia \u00e0 letra inicial de Lula. A avalia\u00e7\u00e3o aponta que denomina\u00e7\u00f5es que codificam pessoa n\u00e3o investigada constituem risco em programas de integridade por sugerirem objetivo diverso do declarado, comprometerem a apar\u00eancia de imparcialidade e produzirem dano reputacional se tornadas p\u00fablicas.<\/p>\n<p>Como desfecho, o relat\u00f3rio recomenda identificar documentalmente quem atribuiu o nome, quando e com que registro; verificar norma interna sobre nomenclatura de fases; e, se confirmada a codifica\u00e7\u00e3o de pessoa n\u00e3o investigada, remeter o caso \u00e0 Corregedoria da Pol\u00edcia Federal, conforme a Ag\u00eancia Estado.<\/p>\n<h3>Troca de coordena\u00e7\u00e3o, tens\u00f5es e desdobramentos<\/h3>\n<p>O material tra\u00e7a ainda um panorama de atritos iniciados ap\u00f3s a transfer\u00eancia da coordena\u00e7\u00e3o da Opera\u00e7\u00e3o Sem Desconto, em maio, da Coordenadoria de Repress\u00e3o a Crimes Fazend\u00e1rio (Cgfaz) para a Coordenadoria de Repress\u00e3o \u00e0 Corrup\u00e7\u00e3o, Crimes Financeiros e Lavagem de Dinheiro (Cgrc). O relat\u00f3rio registra que a mudan\u00e7a reduziu a autonomia funcional dos delegados e gerou &quot;tens\u00f5es funcionais crescentes&quot; entre equipes, com novos coordenadores submetendo medidas a um &quot;crivo jur\u00eddico e investigativo&quot;.<\/p>\n<p>Embora o relat\u00f3rio tenha classificado como fr\u00e1gil o v\u00ednculo inicial entre Lulinha e os fatos apurados, a Ag\u00eancia Estado registra que, em fase posterior, informa\u00e7\u00f5es extra\u00eddas do celular de Roberta Luchsinger levaram a PF a identificar que ela teria intermediado neg\u00f3cios de empres\u00e1rios com o governo federal. A pr\u00f3pria Pol\u00edcia Federal, segundo o relat\u00f3rio, pediu abertura de tr\u00eas inqu\u00e9ritos para apurar suspeitas de tr\u00e1fico de influ\u00eancia e apontou ind\u00edcios de uma sociedade oculta entre Roberta e Lulinha, al\u00e9m de suspeitas de que ela teria bancado despesas dele.<\/p>","protected":false},"excerpt":{"rendered":"<p>Documento da unidade Cinq qualifica men\u00e7\u00f5es a Lulinha como \u201cfr\u00e1geis\u201d, diz ser \u201csem valor probat\u00f3rio\u201d e sugere identificar quem batizou a fase &#8216;Elli&#8217;. Um relat\u00f3rio de intelig\u00eancia da Pol\u00edcia Federal produzido por uma unidade ligada \u00e0 Coordena\u00e7\u00e3o de Inqu\u00e9ritos nos Tribunais Superiores (Cinq) exp\u00f5e divis\u00f5es internas sobre as apura\u00e7\u00f5es que citam F\u00e1bio Lu\u00eds Lula da [&hellip;]<\/p>\n","protected":false},"author":1,"featured_media":171018,"comment_status":"","ping_status":"","sticky":false,"template":"","format":"standard","meta":{"googlesitekit_rrm_CAow2JLhCw:productID":"","_gspb_post_css":"","maa_idioma":"","maa_pais":"","footnotes":""},"categories":[4],"tags":[],"class_list":["post-171017","post","type-post","status-publish","format-standard","has-post-thumbnail","hentry","category-brasil"],"blocksy_meta":[],"yoast_head":"<!-- This site is optimized with the Yoast SEO Premium plugin v27.6 (Yoast SEO v27.6) - https:\/\/yoast.com\/product\/yoast-seo-premium-wordpress\/ -->\n<title>Relat\u00f3rio da PF aponta divis\u00e3o interna sobre Lulinha e recomenda apura\u00e7\u00e3o na Corregedoria - Ubirat\u00e3 Online Not\u00edcias - A realidade ao seu alcance!<\/title>\n<meta name=\"description\" content=\"Documento da unidade Cinq qualifica men\u00e7\u00f5es a Lulinha como \u201cfr\u00e1geis\u201d, diz ser \u201csem valor probat\u00f3rio\u201d e sugere identificar quem batizou a fase &#039;Elli&#039;. Um\" \/>\n<meta name=\"robots\" content=\"index, follow, max-snippet:-1, max-image-preview:large, max-video-preview:-1\" \/>\n<link rel=\"canonical\" href=\"https:\/\/ubirataonline.com.br\/en\/relatorio-da-pf-aponta-divisao-interna-sobre-lulinha-e-recomenda-apuracao-na-corregedoria\/\" \/>\n<meta property=\"og:locale\" content=\"en_US\" \/>\n<meta property=\"og:type\" content=\"article\" \/>\n<meta property=\"og:title\" content=\"Relat\u00f3rio da PF aponta divis\u00e3o interna sobre Lulinha e recomenda apura\u00e7\u00e3o na Corregedoria\" \/>\n<meta property=\"og:description\" content=\"Documento da unidade Cinq qualifica men\u00e7\u00f5es a Lulinha como \u201cfr\u00e1geis\u201d, diz ser \u201csem valor probat\u00f3rio\u201d e sugere identificar quem batizou a fase &#039;Elli&#039;. Um\" \/>\n<meta property=\"og:url\" content=\"https:\/\/ubirataonline.com.br\/en\/relatorio-da-pf-aponta-divisao-interna-sobre-lulinha-e-recomenda-apuracao-na-corregedoria\/\" \/>\n<meta property=\"og:site_name\" content=\"Ubirat\u00e3 Online Not\u00edcias - A realidade ao seu alcance!\" \/>\n<meta property=\"article:publisher\" content=\"https:\/\/www.facebook.com\/portalubirataonline\" \/>\n<meta property=\"article:author\" content=\"https:\/\/www.facebook.com\/portalubirataonline\" \/>\n<meta property=\"article:published_time\" content=\"2026-09-05T14:56:07+00:00\" \/>\n<meta property=\"og:image\" content=\"https:\/\/ubirataonline.com.br\/wp-content\/uploads\/2026\/05\/logo2026.webp\" \/>\n\t<meta property=\"og:image:width\" content=\"1531\" \/>\n\t<meta property=\"og:image:height\" content=\"418\" \/>\n\t<meta property=\"og:image:type\" content=\"image\/webp\" \/>\n<meta name=\"author\" content=\"REDA\u00c7\u00c3O: UBIRAT\u00c3 ONLINE - F\u00c1BIO AUGUSTO CELESTINO\" \/>\n<meta name=\"twitter:card\" content=\"summary_large_image\" \/>\n<meta name=\"twitter:creator\" content=\"@x.com\/ubirataonline\" \/>\n<meta name=\"twitter:site\" content=\"@ubirataonline\" \/>\n<meta name=\"twitter:label1\" content=\"Written by\" \/>\n\t<meta name=\"twitter:data1\" content=\"REDA\u00c7\u00c3O: UBIRAT\u00c3 ONLINE - F\u00c1BIO AUGUSTO CELESTINO\" \/>\n\t<meta name=\"twitter:label2\" content=\"Est. reading time\" \/>\n\t<meta name=\"twitter:data2\" content=\"3 minutes\" \/>\n<script type=\"application\/ld+json\" class=\"yoast-schema-graph\">{\"@context\":\"https:\\\/\\\/schema.org\",\"@graph\":[{\"@type\":\"NewsArticle\",\"@id\":\"https:\\\/\\\/ubirataonline.com.br\\\/relatorio-da-pf-aponta-divisao-interna-sobre-lulinha-e-recomenda-apuracao-na-corregedoria\\\/#article\",\"isPartOf\":{\"@id\":\"https:\\\/\\\/ubirataonline.com.br\\\/relatorio-da-pf-aponta-divisao-interna-sobre-lulinha-e-recomenda-apuracao-na-corregedoria\\\/\"},\"author\":{\"name\":\"REDA\u00c7\u00c3O: UBIRAT\u00c3 ONLINE - F\u00c1BIO AUGUSTO CELESTINO\",\"@id\":\"https:\\\/\\\/ubirataonline.com.br\\\/#\\\/schema\\\/person\\\/372f87bbd3fdd79b8556b84c98d0bc1c\"},\"headline\":\"Relat\u00f3rio da PF aponta divis\u00e3o interna sobre Lulinha e recomenda apura\u00e7\u00e3o na Corregedoria\",\"datePublished\":\"2026-09-05T14:56:07+00:00\",\"mainEntityOfPage\":{\"@id\":\"https:\\\/\\\/ubirataonline.com.br\\\/relatorio-da-pf-aponta-divisao-interna-sobre-lulinha-e-recomenda-apuracao-na-corregedoria\\\/\"},\"wordCount\":609,\"publisher\":{\"@id\":\"https:\\\/\\\/ubirataonline.com.br\\\/#organization\"},\"image\":{\"@id\":\"https:\\\/\\\/ubirataonline.com.br\\\/relatorio-da-pf-aponta-divisao-interna-sobre-lulinha-e-recomenda-apuracao-na-corregedoria\\\/#primaryimage\"},\"thumbnailUrl\":\"https:\\\/\\\/ubirataonline.com.br\\\/wp-content\\\/uploads\\\/2026\\\/09\\\/maaimg-post-171017-20260905-145632.webp\",\"articleSection\":[\"Brasil\"],\"inLanguage\":\"en-US\",\"copyrightYear\":\"2026\",\"copyrightHolder\":{\"@id\":\"https:\\\/\\\/ubirataonline.com.br\\\/en\\\/#organization\"}},{\"@type\":\"WebPage\",\"@id\":\"https:\\\/\\\/ubirataonline.com.br\\\/relatorio-da-pf-aponta-divisao-interna-sobre-lulinha-e-recomenda-apuracao-na-corregedoria\\\/\",\"url\":\"https:\\\/\\\/ubirataonline.com.br\\\/relatorio-da-pf-aponta-divisao-interna-sobre-lulinha-e-recomenda-apuracao-na-corregedoria\\\/\",\"name\":\"Relat\u00f3rio da PF aponta divis\u00e3o interna sobre Lulinha e recomenda apura\u00e7\u00e3o na Corregedoria - Ubirat\u00e3 Online Not\u00edcias - A realidade ao seu alcance!\",\"isPartOf\":{\"@id\":\"https:\\\/\\\/ubirataonline.com.br\\\/#website\"},\"primaryImageOfPage\":{\"@id\":\"https:\\\/\\\/ubirataonline.com.br\\\/relatorio-da-pf-aponta-divisao-interna-sobre-lulinha-e-recomenda-apuracao-na-corregedoria\\\/#primaryimage\"},\"image\":{\"@id\":\"https:\\\/\\\/ubirataonline.com.br\\\/relatorio-da-pf-aponta-divisao-interna-sobre-lulinha-e-recomenda-apuracao-na-corregedoria\\\/#primaryimage\"},\"thumbnailUrl\":\"https:\\\/\\\/ubirataonline.com.br\\\/wp-content\\\/uploads\\\/2026\\\/09\\\/maaimg-post-171017-20260905-145632.webp\",\"datePublished\":\"2026-09-05T14:56:07+00:00\",\"description\":\"Documento da unidade Cinq qualifica men\u00e7\u00f5es a Lulinha como \u201cfr\u00e1geis\u201d, diz ser \u201csem valor probat\u00f3rio\u201d e sugere identificar quem batizou a fase 'Elli'. Um\",\"breadcrumb\":{\"@id\":\"https:\\\/\\\/ubirataonline.com.br\\\/relatorio-da-pf-aponta-divisao-interna-sobre-lulinha-e-recomenda-apuracao-na-corregedoria\\\/#breadcrumb\"},\"inLanguage\":\"en-US\",\"potentialAction\":[{\"@type\":\"ReadAction\",\"target\":[\"https:\\\/\\\/ubirataonline.com.br\\\/relatorio-da-pf-aponta-divisao-interna-sobre-lulinha-e-recomenda-apuracao-na-corregedoria\\\/\"]}]},{\"@type\":\"ImageObject\",\"inLanguage\":\"en-US\",\"@id\":\"https:\\\/\\\/ubirataonline.com.br\\\/relatorio-da-pf-aponta-divisao-interna-sobre-lulinha-e-recomenda-apuracao-na-corregedoria\\\/#primaryimage\",\"url\":\"https:\\\/\\\/ubirataonline.com.br\\\/wp-content\\\/uploads\\\/2026\\\/09\\\/maaimg-post-171017-20260905-145632.webp\",\"contentUrl\":\"https:\\\/\\\/ubirataonline.com.br\\\/wp-content\\\/uploads\\\/2026\\\/09\\\/maaimg-post-171017-20260905-145632.webp\",\"width\":1536,\"height\":1024,\"caption\":\"Imagem ilustrativa Gerada por IA\"},{\"@type\":\"BreadcrumbList\",\"@id\":\"https:\\\/\\\/ubirataonline.com.br\\\/relatorio-da-pf-aponta-divisao-interna-sobre-lulinha-e-recomenda-apuracao-na-corregedoria\\\/#breadcrumb\",\"itemListElement\":[{\"@type\":\"ListItem\",\"position\":1,\"name\":\"In\u00edcio\",\"item\":\"https:\\\/\\\/ubirataonline.com.br\\\/\"},{\"@type\":\"ListItem\",\"position\":2,\"name\":\"Relat\u00f3rio da PF aponta divis\u00e3o interna sobre Lulinha e recomenda apura\u00e7\u00e3o na Corregedoria\"}]},{\"@type\":\"WebSite\",\"@id\":\"https:\\\/\\\/ubirataonline.com.br\\\/#website\",\"url\":\"https:\\\/\\\/ubirataonline.com.br\\\/\",\"name\":\"Ubirat\u00e3 Online Not\u00edcias\",\"description\":\"Not\u00edcias de Ubirat\u00e3, regi\u00e3o, Brasil e mundo, com informa\u00e7\u00e3o atualizada e compromisso com o leitor.\",\"publisher\":{\"@id\":\"https:\\\/\\\/ubirataonline.com.br\\\/#organization\"},\"alternateName\":\"Ubirat\u00e3 Online\",\"potentialAction\":[{\"@type\":\"SearchAction\",\"target\":{\"@type\":\"EntryPoint\",\"urlTemplate\":\"https:\\\/\\\/ubirataonline.com.br\\\/?s={search_term_string}\"},\"query-input\":{\"@type\":\"PropertyValueSpecification\",\"valueRequired\":true,\"valueName\":\"search_term_string\"}}],\"inLanguage\":\"en-US\"},{\"@type\":[\"Organization\",\"Place\"],\"@id\":\"https:\\\/\\\/ubirataonline.com.br\\\/#organization\",\"name\":\"Ubirat\u00e3 Online Not\u00edcias\",\"alternateName\":\"Ubirat\u00e3 Online\",\"url\":\"https:\\\/\\\/ubirataonline.com.br\\\/\",\"logo\":{\"@id\":\"https:\\\/\\\/ubirataonline.com.br\\\/relatorio-da-pf-aponta-divisao-interna-sobre-lulinha-e-recomenda-apuracao-na-corregedoria\\\/#local-main-organization-logo\"},\"image\":{\"@id\":\"https:\\\/\\\/ubirataonline.com.br\\\/relatorio-da-pf-aponta-divisao-interna-sobre-lulinha-e-recomenda-apuracao-na-corregedoria\\\/#local-main-organization-logo\"},\"sameAs\":[\"https:\\\/\\\/www.facebook.com\\\/portalubirataonline\",\"https:\\\/\\\/x.com\\\/ubirataonline\",\"https:\\\/\\\/mastodon.social\\\/@ubirataonline\",\"https:\\\/\\\/www.facebook.com\\\/groups\\\/311144672285604\",\"https:\\\/\\\/www.facebook.com\\\/UBTAOnline\",\"https:\\\/\\\/www.instagram.com\\\/portalubirataonline\\\/\",\"https:\\\/\\\/twitter.com\\\/ubirataonline\"],\"description\":\"Somos um portal de not\u00edcias independente, criado em 5 de janeiro de 2009, com o objetivo de informar, conectar e valorizar a nossa comunidade de Ubirat\u00e3 e toda aregi\u00e3o. Com conte\u00fado atualizado, confi\u00e1vel e relevante, o Ubirat\u00e3 Online \u00e9 o seu espa\u00e7o para ficar por dentro dos principais acontecimentos locais, regionais, Brasil, Mundo e de interesse geral. Nosso compromisso \u00e9 com a verdade, a transpar\u00eancia e o respeito ao leitor.\",\"legalName\":\"UBIRATA ONLINE NOT\u00cdCIAS\",\"foundingDate\":\"2009-01-05\",\"numberOfEmployees\":{\"@type\":\"QuantitativeValue\",\"minValue\":\"1\",\"maxValue\":\"10\"},\"publishingPrinciples\":\"https:\\\/\\\/ubirataonline.com.br\\\/faq\\\/\",\"address\":{\"@id\":\"https:\\\/\\\/ubirataonline.com.br\\\/relatorio-da-pf-aponta-divisao-interna-sobre-lulinha-e-recomenda-apuracao-na-corregedoria\\\/#local-main-place-address\"},\"geo\":{\"@type\":\"GeoCoordinates\",\"latitude\":\"-24.5361401\",\"longitude\":\"-52.9921776\"},\"telephone\":[\"+5544998308235\"],\"contactPoint\":{\"@type\":\"ContactPoint\",\"email\":\"contato@ubirataonline.com.br\"},\"openingHoursSpecification\":{\"@type\":\"OpeningHoursSpecification\",\"dayOfWeek\":[\"Monday\",\"Tuesday\",\"Wednesday\",\"Thursday\",\"Friday\",\"Saturday\",\"Sunday\"],\"opens\":\"00:00\",\"closes\":\"23:59\"},\"email\":\"contato@ubirataonline.com.br\",\"vatID\":\"47.621.418\\\/0001-80\"},{\"@type\":\"Person\",\"@id\":\"https:\\\/\\\/ubirataonline.com.br\\\/#\\\/schema\\\/person\\\/372f87bbd3fdd79b8556b84c98d0bc1c\",\"name\":\"REDA\u00c7\u00c3O: UBIRAT\u00c3 ONLINE - F\u00c1BIO AUGUSTO CELESTINO\",\"pronouns\":\"Ele\",\"description\":\"Desde 2003 trabalhando com not\u00edcias.\",\"sameAs\":[\"http:\\\/\\\/ubirataoline.com.br\",\"https:\\\/\\\/www.facebook.com\\\/portalubirataonline\",\"https:\\\/\\\/www.instagram.com\\\/ubirataonline_oficial\",\"https:\\\/\\\/x.com\\\/x.com\\\/ubirataonline\"],\"honorificPrefix\":\"Mr.\",\"honorificSuffix\":\"MD\",\"birthDate\":\"1980-06-16\",\"gender\":\"masculino\",\"award\":[\"V\u00e1rios pr\u00eamios de melhor portal da cidade\"],\"jobTitle\":\"Diretor\",\"url\":\"https:\\\/\\\/ubirataonline.com.br\\\/en\\\/author\\\/ubirataonline\\\/\"},{\"@type\":\"PostalAddress\",\"@id\":\"https:\\\/\\\/ubirataonline.com.br\\\/relatorio-da-pf-aponta-divisao-interna-sobre-lulinha-e-recomenda-apuracao-na-corregedoria\\\/#local-main-place-address\",\"streetAddress\":\"Rua dos Coqueiros, 104 - Bairro Boa Vista, Rua dos Coqueiros, 104 Bairro Boa Vista\",\"addressLocality\":\"UBIRATA\",\"postalCode\":\"85440-000\",\"addressRegion\":\"PR\",\"addressCountry\":\"BR\"},{\"@type\":\"ImageObject\",\"inLanguage\":\"en-US\",\"@id\":\"https:\\\/\\\/ubirataonline.com.br\\\/relatorio-da-pf-aponta-divisao-interna-sobre-lulinha-e-recomenda-apuracao-na-corregedoria\\\/#local-main-organization-logo\",\"url\":\"https:\\\/\\\/ubirataonline.com.br\\\/wp-content\\\/uploads\\\/2026\\\/06\\\/logoubirataonline-1.webp\",\"contentUrl\":\"https:\\\/\\\/ubirataonline.com.br\\\/wp-content\\\/uploads\\\/2026\\\/06\\\/logoubirataonline-1.webp\",\"width\":500,\"height\":500,\"caption\":\"Ubirat\u00e3 Online Not\u00edcias\"}]}<\/script>\n<meta name=\"geo.placename\" content=\"UBIRATA\" \/>\n<meta name=\"geo.position\" content=\"-24.5361401;-52.9921776\" \/>\n<meta name=\"geo.region\" content=\"Brazil\" \/>\n<!-- \/ Yoast SEO Premium plugin. -->","yoast_head_json":{"title":"Relat\u00f3rio da PF aponta divis\u00e3o interna sobre Lulinha e recomenda apura\u00e7\u00e3o na Corregedoria - Ubirat\u00e3 Online Not\u00edcias - A realidade ao seu alcance!","description":"Documento da unidade Cinq qualifica men\u00e7\u00f5es a Lulinha como \u201cfr\u00e1geis\u201d, diz ser \u201csem valor probat\u00f3rio\u201d e sugere identificar quem batizou a fase 'Elli'. Um","robots":{"index":"index","follow":"follow","max-snippet":"max-snippet:-1","max-image-preview":"max-image-preview:large","max-video-preview":"max-video-preview:-1"},"canonical":"https:\/\/ubirataonline.com.br\/en\/relatorio-da-pf-aponta-divisao-interna-sobre-lulinha-e-recomenda-apuracao-na-corregedoria\/","og_locale":"en_US","og_type":"article","og_title":"Relat\u00f3rio da PF aponta divis\u00e3o interna sobre Lulinha e recomenda apura\u00e7\u00e3o na Corregedoria","og_description":"Documento da unidade Cinq qualifica men\u00e7\u00f5es a Lulinha como \u201cfr\u00e1geis\u201d, diz ser \u201csem valor probat\u00f3rio\u201d e sugere identificar quem batizou a fase 'Elli'. Um","og_url":"https:\/\/ubirataonline.com.br\/en\/relatorio-da-pf-aponta-divisao-interna-sobre-lulinha-e-recomenda-apuracao-na-corregedoria\/","og_site_name":"Ubirat\u00e3 Online Not\u00edcias - A realidade ao seu alcance!","article_publisher":"https:\/\/www.facebook.com\/portalubirataonline","article_author":"https:\/\/www.facebook.com\/portalubirataonline","article_published_time":"2026-09-05T14:56:07+00:00","og_image":[{"width":1531,"height":418,"url":"https:\/\/ubirataonline.com.br\/wp-content\/uploads\/2026\/05\/logo2026.webp","type":"image\/webp"}],"author":"REDA\u00c7\u00c3O: UBIRAT\u00c3 ONLINE - F\u00c1BIO AUGUSTO CELESTINO","twitter_card":"summary_large_image","twitter_creator":"@x.com\/ubirataonline","twitter_site":"@ubirataonline","twitter_misc":{"Written by":"REDA\u00c7\u00c3O: UBIRAT\u00c3 ONLINE - F\u00c1BIO AUGUSTO CELESTINO","Est. reading time":"3 minutes"},"schema":{"@context":"https:\/\/schema.org","@graph":[{"@type":"NewsArticle","@id":"https:\/\/ubirataonline.com.br\/relatorio-da-pf-aponta-divisao-interna-sobre-lulinha-e-recomenda-apuracao-na-corregedoria\/#article","isPartOf":{"@id":"https:\/\/ubirataonline.com.br\/relatorio-da-pf-aponta-divisao-interna-sobre-lulinha-e-recomenda-apuracao-na-corregedoria\/"},"author":{"name":"REDA\u00c7\u00c3O: UBIRAT\u00c3 ONLINE - F\u00c1BIO AUGUSTO CELESTINO","@id":"https:\/\/ubirataonline.com.br\/#\/schema\/person\/372f87bbd3fdd79b8556b84c98d0bc1c"},"headline":"Relat\u00f3rio da PF aponta divis\u00e3o interna sobre Lulinha e recomenda apura\u00e7\u00e3o na Corregedoria","datePublished":"2026-09-05T14:56:07+00:00","mainEntityOfPage":{"@id":"https:\/\/ubirataonline.com.br\/relatorio-da-pf-aponta-divisao-interna-sobre-lulinha-e-recomenda-apuracao-na-corregedoria\/"},"wordCount":609,"publisher":{"@id":"https:\/\/ubirataonline.com.br\/#organization"},"image":{"@id":"https:\/\/ubirataonline.com.br\/relatorio-da-pf-aponta-divisao-interna-sobre-lulinha-e-recomenda-apuracao-na-corregedoria\/#primaryimage"},"thumbnailUrl":"https:\/\/ubirataonline.com.br\/wp-content\/uploads\/2026\/09\/maaimg-post-171017-20260905-145632.webp","articleSection":["Brasil"],"inLanguage":"en-US","copyrightYear":"2026","copyrightHolder":{"@id":"https:\/\/ubirataonline.com.br\/en\/#organization"}},{"@type":"WebPage","@id":"https:\/\/ubirataonline.com.br\/relatorio-da-pf-aponta-divisao-interna-sobre-lulinha-e-recomenda-apuracao-na-corregedoria\/","url":"https:\/\/ubirataonline.com.br\/relatorio-da-pf-aponta-divisao-interna-sobre-lulinha-e-recomenda-apuracao-na-corregedoria\/","name":"Relat\u00f3rio da PF aponta divis\u00e3o interna sobre Lulinha e recomenda apura\u00e7\u00e3o na Corregedoria - Ubirat\u00e3 Online Not\u00edcias - A realidade ao seu alcance!","isPartOf":{"@id":"https:\/\/ubirataonline.com.br\/#website"},"primaryImageOfPage":{"@id":"https:\/\/ubirataonline.com.br\/relatorio-da-pf-aponta-divisao-interna-sobre-lulinha-e-recomenda-apuracao-na-corregedoria\/#primaryimage"},"image":{"@id":"https:\/\/ubirataonline.com.br\/relatorio-da-pf-aponta-divisao-interna-sobre-lulinha-e-recomenda-apuracao-na-corregedoria\/#primaryimage"},"thumbnailUrl":"https:\/\/ubirataonline.com.br\/wp-content\/uploads\/2026\/09\/maaimg-post-171017-20260905-145632.webp","datePublished":"2026-09-05T14:56:07+00:00","description":"Documento da unidade Cinq qualifica men\u00e7\u00f5es a Lulinha como \u201cfr\u00e1geis\u201d, diz ser \u201csem valor probat\u00f3rio\u201d e sugere identificar quem batizou a fase 'Elli'. Um","breadcrumb":{"@id":"https:\/\/ubirataonline.com.br\/relatorio-da-pf-aponta-divisao-interna-sobre-lulinha-e-recomenda-apuracao-na-corregedoria\/#breadcrumb"},"inLanguage":"en-US","potentialAction":[{"@type":"ReadAction","target":["https:\/\/ubirataonline.com.br\/relatorio-da-pf-aponta-divisao-interna-sobre-lulinha-e-recomenda-apuracao-na-corregedoria\/"]}]},{"@type":"ImageObject","inLanguage":"en-US","@id":"https:\/\/ubirataonline.com.br\/relatorio-da-pf-aponta-divisao-interna-sobre-lulinha-e-recomenda-apuracao-na-corregedoria\/#primaryimage","url":"https:\/\/ubirataonline.com.br\/wp-content\/uploads\/2026\/09\/maaimg-post-171017-20260905-145632.webp","contentUrl":"https:\/\/ubirataonline.com.br\/wp-content\/uploads\/2026\/09\/maaimg-post-171017-20260905-145632.webp","width":1536,"height":1024,"caption":"Imagem ilustrativa Gerada por IA"},{"@type":"BreadcrumbList","@id":"https:\/\/ubirataonline.com.br\/relatorio-da-pf-aponta-divisao-interna-sobre-lulinha-e-recomenda-apuracao-na-corregedoria\/#breadcrumb","itemListElement":[{"@type":"ListItem","position":1,"name":"In\u00edcio","item":"https:\/\/ubirataonline.com.br\/"},{"@type":"ListItem","position":2,"name":"Relat\u00f3rio da PF aponta divis\u00e3o interna sobre Lulinha e recomenda apura\u00e7\u00e3o na Corregedoria"}]},{"@type":"WebSite","@id":"https:\/\/ubirataonline.com.br\/#website","url":"https:\/\/ubirataonline.com.br\/","name":"Ubirat\u00e3 Online Not\u00edcias","description":"Not\u00edcias de Ubirat\u00e3, regi\u00e3o, Brasil e mundo, com informa\u00e7\u00e3o atualizada e compromisso com o leitor.","publisher":{"@id":"https:\/\/ubirataonline.com.br\/#organization"},"alternateName":"Ubirat\u00e3 Online","potentialAction":[{"@type":"SearchAction","target":{"@type":"EntryPoint","urlTemplate":"https:\/\/ubirataonline.com.br\/?s={search_term_string}"},"query-input":{"@type":"PropertyValueSpecification","valueRequired":true,"valueName":"search_term_string"}}],"inLanguage":"en-US"},{"@type":["Organization","Place"],"@id":"https:\/\/ubirataonline.com.br\/#organization","name":"Ubirat\u00e3 Online Not\u00edcias","alternateName":"Ubirat\u00e3 Online","url":"https:\/\/ubirataonline.com.br\/","logo":{"@id":"https:\/\/ubirataonline.com.br\/relatorio-da-pf-aponta-divisao-interna-sobre-lulinha-e-recomenda-apuracao-na-corregedoria\/#local-main-organization-logo"},"image":{"@id":"https:\/\/ubirataonline.com.br\/relatorio-da-pf-aponta-divisao-interna-sobre-lulinha-e-recomenda-apuracao-na-corregedoria\/#local-main-organization-logo"},"sameAs":["https:\/\/www.facebook.com\/portalubirataonline","https:\/\/x.com\/ubirataonline","https:\/\/mastodon.social\/@ubirataonline","https:\/\/www.facebook.com\/groups\/311144672285604","https:\/\/www.facebook.com\/UBTAOnline","https:\/\/www.instagram.com\/portalubirataonline\/","https:\/\/twitter.com\/ubirataonline"],"description":"Somos um portal de not\u00edcias independente, criado em 5 de janeiro de 2009, com o objetivo de informar, conectar e valorizar a nossa comunidade de Ubirat\u00e3 e toda aregi\u00e3o. Com conte\u00fado atualizado, confi\u00e1vel e relevante, o Ubirat\u00e3 Online \u00e9 o seu espa\u00e7o para ficar por dentro dos principais acontecimentos locais, regionais, Brasil, Mundo e de interesse geral. Nosso compromisso \u00e9 com a verdade, a transpar\u00eancia e o respeito ao leitor.","legalName":"UBIRATA ONLINE NOT\u00cdCIAS","foundingDate":"2009-01-05","numberOfEmployees":{"@type":"QuantitativeValue","minValue":"1","maxValue":"10"},"publishingPrinciples":"https:\/\/ubirataonline.com.br\/faq\/","address":{"@id":"https:\/\/ubirataonline.com.br\/relatorio-da-pf-aponta-divisao-interna-sobre-lulinha-e-recomenda-apuracao-na-corregedoria\/#local-main-place-address"},"geo":{"@type":"GeoCoordinates","latitude":"-24.5361401","longitude":"-52.9921776"},"telephone":["+5544998308235"],"contactPoint":{"@type":"ContactPoint","email":"contato@ubirataonline.com.br"},"openingHoursSpecification":{"@type":"OpeningHoursSpecification","dayOfWeek":["Monday","Tuesday","Wednesday","Thursday","Friday","Saturday","Sunday"],"opens":"00:00","closes":"23:59"},"email":"contato@ubirataonline.com.br","vatID":"47.621.418\/0001-80"},{"@type":"Person","@id":"https:\/\/ubirataonline.com.br\/#\/schema\/person\/372f87bbd3fdd79b8556b84c98d0bc1c","name":"REDA\u00c7\u00c3O: UBIRAT\u00c3 ONLINE - F\u00c1BIO AUGUSTO CELESTINO","pronouns":"Ele","description":"Desde 2003 trabalhando com not\u00edcias.","sameAs":["http:\/\/ubirataoline.com.br","https:\/\/www.facebook.com\/portalubirataonline","https:\/\/www.instagram.com\/ubirataonline_oficial","https:\/\/x.com\/x.com\/ubirataonline"],"honorificPrefix":"Mr.","honorificSuffix":"MD","birthDate":"1980-06-16","gender":"masculino","award":["V\u00e1rios pr\u00eamios de melhor portal da cidade"],"jobTitle":"Diretor","url":"https:\/\/ubirataonline.com.br\/en\/author\/ubirataonline\/"},{"@type":"PostalAddress","@id":"https:\/\/ubirataonline.com.br\/relatorio-da-pf-aponta-divisao-interna-sobre-lulinha-e-recomenda-apuracao-na-corregedoria\/#local-main-place-address","streetAddress":"Rua dos Coqueiros, 104 - Bairro Boa Vista, Rua dos Coqueiros, 104 Bairro Boa Vista","addressLocality":"UBIRATA","postalCode":"85440-000","addressRegion":"PR","addressCountry":"BR"},{"@type":"ImageObject","inLanguage":"en-US","@id":"https:\/\/ubirataonline.com.br\/relatorio-da-pf-aponta-divisao-interna-sobre-lulinha-e-recomenda-apuracao-na-corregedoria\/#local-main-organization-logo","url":"https:\/\/ubirataonline.com.br\/wp-content\/uploads\/2026\/06\/logoubirataonline-1.webp","contentUrl":"https:\/\/ubirataonline.com.br\/wp-content\/uploads\/2026\/06\/logoubirataonline-1.webp","width":500,"height":500,"caption":"Ubirat\u00e3 Online Not\u00edcias"}]},"geo.placename":"UBIRATA","geo.position":{"lat":"-24.5361401","long":"-52.9921776"},"geo.region":"Brazil"},"_links":{"self":[{"href":"https:\/\/ubirataonline.com.br\/en\/wp-json\/wp\/v2\/posts\/171017","targetHints":{"allow":["GET"]}}],"collection":[{"href":"https:\/\/ubirataonline.com.br\/en\/wp-json\/wp\/v2\/posts"}],"about":[{"href":"https:\/\/ubirataonline.com.br\/en\/wp-json\/wp\/v2\/types\/post"}],"author":[{"embeddable":true,"href":"https:\/\/ubirataonline.com.br\/en\/wp-json\/wp\/v2\/users\/1"}],"replies":[{"embeddable":true,"href":"https:\/\/ubirataonline.com.br\/en\/wp-json\/wp\/v2\/comments?post=171017"}],"version-history":[{"count":0,"href":"https:\/\/ubirataonline.com.br\/en\/wp-json\/wp\/v2\/posts\/171017\/revisions"}],"wp:featuredmedia":[{"embeddable":true,"href":"https:\/\/ubirataonline.com.br\/en\/wp-json\/wp\/v2\/media\/171018"}],"wp:attachment":[{"href":"https:\/\/ubirataonline.com.br\/en\/wp-json\/wp\/v2\/media?parent=171017"}],"wp:term":[{"taxonomy":"category","embeddable":true,"href":"https:\/\/ubirataonline.com.br\/en\/wp-json\/wp\/v2\/categories?post=171017"},{"taxonomy":"post_tag","embeddable":true,"href":"https:\/\/ubirataonline.com.br\/en\/wp-json\/wp\/v2\/tags?post=171017"}],"curies":[{"name":"wp","href":"https:\/\/api.w.org\/{rel}","templated":true}]}}