{"id":171022,"date":"2026-09-05T12:30:48","date_gmt":"2026-09-05T15:30:48","guid":{"rendered":"https:\/\/ubirataonline.com.br\/feriadao-com-chuva-e-frio-veja-a-previsao-do-tempo-para-o-dia-da-independencia-em-diversas-regioes-do-brasil\/"},"modified":"2026-09-05T12:30:48","modified_gmt":"2026-09-05T15:30:48","slug":"feriadao-com-chuva-e-frio-veja-a-previsao-do-tempo-para-o-dia-da-independencia-em-diversas-regioes-do-brasil","status":"publish","type":"post","link":"https:\/\/ubirataonline.com.br\/en\/feriadao-com-chuva-e-frio-veja-a-previsao-do-tempo-para-o-dia-da-independencia-em-diversas-regioes-do-brasil\/","title":{"rendered":"Feriad\u00e3o com chuva e frio: veja a previs\u00e3o do tempo para o Dia da Independ\u00eancia em diversas regi\u00f5es do Brasil"},"content":{"rendered":"<h2>Uma frente fria deve trazer instabilidade, chuvas e queda acentuada nas temperaturas para grande parte do Brasil durante o Feriad\u00e3o da Independ\u00eancia<\/h2>\n<p>O fim de semana que antecede o Feriad\u00e3o do Dia da Independ\u00eancia ser\u00e1 marcado pela possibilidade de chuva e trovoadas em diversas regi\u00f5es. Segundo o Instituto Nacional de Meteorologia (Inmet), a instabilidade deve atingir desde o oeste e sul da Regi\u00e3o Norte, passando por todo o Centro-Oeste e grande parte do Sudeste.<\/p>\n<p>A mudan\u00e7a no padr\u00e3o clim\u00e1tico \u00e9 resultado da passagem de uma <b>forte frente fria<\/b>, que causar\u00e1 uma queda acentuada das temperaturas, estendendo-se do extremo sul do Brasil at\u00e9 o sul da Amaz\u00f4nia. Em \u00e1reas espec\u00edficas, as autoridades meteorol\u00f3gicas n\u00e3o descartam a ocorr\u00eancia de tempestades isoladas.<\/p>\n<h3>Instabilidade no Centro-Oeste e Sudeste<\/h3>\n<p>No Centro-Oeste, o s\u00e1bado ser\u00e1 de chuvas e trovoadas em Mato Grosso, Mato Grosso do Sul e Goi\u00e1s, com o Distrito Federal registrando muitas nuvens e pancadas de chuva. No domingo, a instabilidade se intensifica, com forte queda de temperatura em Mato Grosso do Sul, onde a m\u00e1xima n\u00e3o deve ultrapassar os 19\u00b0C em Campo Grande.<\/p>\n<h3>Frio intenso e geada no Sul<\/h3>\n<p>O Sul do Brasil ter\u00e1 um comportamento clim\u00e1tico diferenciado devido a um sistema de alta press\u00e3o que acompanha a massa de ar frio. Enquanto o tempo se estabiliza, as temperaturas despencam. A previs\u00e3o para o domingo inclui possibilidade de <b>geada<\/b> no sul e sudoeste do Paran\u00e1, meio-oeste e serras de Santa Catarina e centro-sul do Rio Grande do Sul.<\/p>\n<p>As capitais da regi\u00e3o Sul enfrentar\u00e3o um Feriad\u00e3o gelado. Em Curitiba e Porto Alegre, a temperatura m\u00ednima pode chegar a 6\u00b0C no domingo. O Inmet mant\u00e9m avisos de perigo potencial para decl\u00ednio de temperatura em toda a regi\u00e3o sulina durante o per\u00edodo.<\/p>\n<h3>Calor e chuvas nas regi\u00f5es Norte e Nordeste<\/h3>\n<p>Diferente do restante do pa\u00eds, as regi\u00f5es Norte e Nordeste continuam registrando altas temperaturas. No Norte, \u00e1reas como Manaus e Boa Vista podem atingir m\u00e1ximas de at\u00e9 37\u00b0C. Apesar do calor, h\u00e1 previs\u00e3o de chuvas e trovoadas em estados como Acre, Rond\u00f4nia e partes do Amazonas e Par\u00e1.<\/p>\n<p>No Nordeste, o clima ser\u00e1 de sol entre muitas nuvens na maior parte do tempo, com chuvas isoladas em pontos espec\u00edficos do litoral e interior. O calor ser\u00e1 intenso, com as capitais nordestinas registrando temperaturas acima dos 30\u00b0C, sendo Teresina um dos pontos mais quentes, com m\u00e1xima prevista de 39\u00b0C.<\/p>\n<h3>Perguntas frequentes sobre o Feriad\u00e3o<\/h3>\n<p>Vai chover no Feriad\u00e3o em todo o Brasil? N\u00e3o, a instabilidade \u00e9 maior no Centro-Oeste, Sudeste e partes do Norte. No Sul, o tempo deve ficar firme, por\u00e9m muito frio.<\/p>\n<p><b>Onde h\u00e1 previs\u00e3o de geada?<\/b> A geada \u00e9 esperada para o domingo no sul e sudoeste do Paran\u00e1, serras de Santa Catarina e centro-sul do Rio Grande do Sul.<\/p>\n<p><b>Quais estados est\u00e3o sob aviso de tempestade?<\/b> Diversas \u00e1reas, incluindo Mato Grosso do Sul, partes de Goi\u00e1s, S\u00e3o Paulo, Rio de Janeiro e Minas Gerais, possuem avisos de perigo potencial para tempestades.<\/p>\n<p><b>Como ficar\u00e1 a temperatura no Norte?<\/b> O calor continua intenso na regi\u00e3o Amaz\u00f4nica, com m\u00e1ximas que podem atingir 37\u00b0C em capitais como Manaus e Boa Vista.<\/p>\n<p><b>O frio vai chegar ao Sudeste?<\/b> Sim, a frente fria causar\u00e1 queda nas temperaturas no domingo, especialmente em S\u00e3o Paulo e no Rio de Janeiro, com m\u00ednimas podendo chegar a 10\u00b0C e 16\u00b0C, respectivamente.<\/p>","protected":false},"excerpt":{"rendered":"<p>Uma frente fria deve trazer instabilidade, chuvas e queda acentuada nas temperaturas para grande parte do Brasil durante o Feriad\u00e3o da Independ\u00eancia O fim de semana que antecede o Feriad\u00e3o do Dia da Independ\u00eancia ser\u00e1 marcado pela possibilidade de chuva e trovoadas em diversas regi\u00f5es. Segundo o Instituto Nacional de Meteorologia (Inmet), a instabilidade deve [&hellip;]<\/p>\n","protected":false},"author":1,"featured_media":171023,"comment_status":"","ping_status":"","sticky":false,"template":"","format":"standard","meta":{"googlesitekit_rrm_CAow2JLhCw:productID":"","_gspb_post_css":"","maa_idioma":"","maa_pais":"","footnotes":""},"categories":[43088],"tags":[],"class_list":["post-171022","post","type-post","status-publish","format-standard","has-post-thumbnail","hentry","category-parana"],"blocksy_meta":[],"yoast_head":"<!-- This site is optimized with the Yoast SEO Premium plugin v27.6 (Yoast SEO v27.6) - https:\/\/yoast.com\/product\/yoast-seo-premium-wordpress\/ -->\n<title>Feriad\u00e3o com chuva e frio: veja a previs\u00e3o do tempo para o Dia da Independ\u00eancia em diversas regi\u00f5es do Brasil - Ubirat\u00e3 Online Not\u00edcias - A realidade ao seu alcance!<\/title>\n<meta name=\"description\" content=\"Uma frente fria deve trazer instabilidade, chuvas e queda acentuada nas temperaturas para grande parte do Brasil durante o Feriad\u00e3o da Independ\u00eancia O fim\" \/>\n<meta name=\"robots\" content=\"index, follow, max-snippet:-1, max-image-preview:large, max-video-preview:-1\" \/>\n<link rel=\"canonical\" href=\"https:\/\/ubirataonline.com.br\/en\/feriadao-com-chuva-e-frio-veja-a-previsao-do-tempo-para-o-dia-da-independencia-em-diversas-regioes-do-brasil\/\" \/>\n<meta property=\"og:locale\" content=\"en_US\" \/>\n<meta property=\"og:type\" content=\"article\" \/>\n<meta property=\"og:title\" content=\"Feriad\u00e3o com chuva e frio: veja a previs\u00e3o do tempo para o Dia da Independ\u00eancia em diversas regi\u00f5es do Brasil\" \/>\n<meta property=\"og:description\" content=\"Uma frente fria deve trazer instabilidade, chuvas e queda acentuada nas temperaturas para grande parte do Brasil durante o Feriad\u00e3o da Independ\u00eancia O fim\" \/>\n<meta property=\"og:url\" content=\"https:\/\/ubirataonline.com.br\/en\/feriadao-com-chuva-e-frio-veja-a-previsao-do-tempo-para-o-dia-da-independencia-em-diversas-regioes-do-brasil\/\" \/>\n<meta property=\"og:site_name\" content=\"Ubirat\u00e3 Online Not\u00edcias - A realidade ao seu alcance!\" \/>\n<meta property=\"article:publisher\" content=\"https:\/\/www.facebook.com\/portalubirataonline\" \/>\n<meta property=\"article:author\" content=\"https:\/\/www.facebook.com\/portalubirataonline\" \/>\n<meta property=\"article:published_time\" content=\"2026-09-05T15:30:48+00:00\" \/>\n<meta property=\"og:image\" content=\"https:\/\/ubirataonline.com.br\/wp-content\/uploads\/2026\/05\/logo2026.webp\" \/>\n\t<meta property=\"og:image:width\" content=\"1531\" \/>\n\t<meta property=\"og:image:height\" content=\"418\" \/>\n\t<meta property=\"og:image:type\" content=\"image\/webp\" \/>\n<meta name=\"author\" content=\"REDA\u00c7\u00c3O: UBIRAT\u00c3 ONLINE - F\u00c1BIO AUGUSTO CELESTINO\" \/>\n<meta name=\"twitter:card\" content=\"summary_large_image\" \/>\n<meta name=\"twitter:creator\" content=\"@x.com\/ubirataonline\" \/>\n<meta name=\"twitter:site\" content=\"@ubirataonline\" \/>\n<meta name=\"twitter:label1\" content=\"Written by\" \/>\n\t<meta name=\"twitter:data1\" content=\"REDA\u00c7\u00c3O: UBIRAT\u00c3 ONLINE - F\u00c1BIO AUGUSTO CELESTINO\" \/>\n\t<meta name=\"twitter:label2\" content=\"Est. reading time\" \/>\n\t<meta name=\"twitter:data2\" content=\"3 minutes\" \/>\n<script type=\"application\/ld+json\" class=\"yoast-schema-graph\">{\"@context\":\"https:\\\/\\\/schema.org\",\"@graph\":[{\"@type\":\"NewsArticle\",\"@id\":\"https:\\\/\\\/ubirataonline.com.br\\\/feriadao-com-chuva-e-frio-veja-a-previsao-do-tempo-para-o-dia-da-independencia-em-diversas-regioes-do-brasil\\\/#article\",\"isPartOf\":{\"@id\":\"https:\\\/\\\/ubirataonline.com.br\\\/feriadao-com-chuva-e-frio-veja-a-previsao-do-tempo-para-o-dia-da-independencia-em-diversas-regioes-do-brasil\\\/\"},\"author\":{\"name\":\"REDA\u00c7\u00c3O: UBIRAT\u00c3 ONLINE - F\u00c1BIO AUGUSTO CELESTINO\",\"@id\":\"https:\\\/\\\/ubirataonline.com.br\\\/#\\\/schema\\\/person\\\/372f87bbd3fdd79b8556b84c98d0bc1c\"},\"headline\":\"Feriad\u00e3o com chuva e frio: veja a previs\u00e3o do tempo para o Dia da Independ\u00eancia em diversas regi\u00f5es do Brasil\",\"datePublished\":\"2026-09-05T15:30:48+00:00\",\"mainEntityOfPage\":{\"@id\":\"https:\\\/\\\/ubirataonline.com.br\\\/feriadao-com-chuva-e-frio-veja-a-previsao-do-tempo-para-o-dia-da-independencia-em-diversas-regioes-do-brasil\\\/\"},\"wordCount\":620,\"publisher\":{\"@id\":\"https:\\\/\\\/ubirataonline.com.br\\\/#organization\"},\"image\":{\"@id\":\"https:\\\/\\\/ubirataonline.com.br\\\/feriadao-com-chuva-e-frio-veja-a-previsao-do-tempo-para-o-dia-da-independencia-em-diversas-regioes-do-brasil\\\/#primaryimage\"},\"thumbnailUrl\":\"https:\\\/\\\/ubirataonline.com.br\\\/wp-content\\\/uploads\\\/2026\\\/09\\\/maaimg-post-171022-20260905-153105.webp\",\"articleSection\":[\"Paran\u00e1\"],\"inLanguage\":\"en-US\",\"copyrightYear\":\"2026\",\"copyrightHolder\":{\"@id\":\"https:\\\/\\\/ubirataonline.com.br\\\/en\\\/#organization\"}},{\"@type\":\"WebPage\",\"@id\":\"https:\\\/\\\/ubirataonline.com.br\\\/feriadao-com-chuva-e-frio-veja-a-previsao-do-tempo-para-o-dia-da-independencia-em-diversas-regioes-do-brasil\\\/\",\"url\":\"https:\\\/\\\/ubirataonline.com.br\\\/feriadao-com-chuva-e-frio-veja-a-previsao-do-tempo-para-o-dia-da-independencia-em-diversas-regioes-do-brasil\\\/\",\"name\":\"Feriad\u00e3o com chuva e frio: veja a previs\u00e3o do tempo para o Dia da Independ\u00eancia em diversas regi\u00f5es do Brasil - Ubirat\u00e3 Online Not\u00edcias - A realidade ao seu alcance!\",\"isPartOf\":{\"@id\":\"https:\\\/\\\/ubirataonline.com.br\\\/#website\"},\"primaryImageOfPage\":{\"@id\":\"https:\\\/\\\/ubirataonline.com.br\\\/feriadao-com-chuva-e-frio-veja-a-previsao-do-tempo-para-o-dia-da-independencia-em-diversas-regioes-do-brasil\\\/#primaryimage\"},\"image\":{\"@id\":\"https:\\\/\\\/ubirataonline.com.br\\\/feriadao-com-chuva-e-frio-veja-a-previsao-do-tempo-para-o-dia-da-independencia-em-diversas-regioes-do-brasil\\\/#primaryimage\"},\"thumbnailUrl\":\"https:\\\/\\\/ubirataonline.com.br\\\/wp-content\\\/uploads\\\/2026\\\/09\\\/maaimg-post-171022-20260905-153105.webp\",\"datePublished\":\"2026-09-05T15:30:48+00:00\",\"description\":\"Uma frente fria deve trazer instabilidade, chuvas e queda acentuada nas temperaturas para grande parte do Brasil durante o Feriad\u00e3o da Independ\u00eancia O fim\",\"breadcrumb\":{\"@id\":\"https:\\\/\\\/ubirataonline.com.br\\\/feriadao-com-chuva-e-frio-veja-a-previsao-do-tempo-para-o-dia-da-independencia-em-diversas-regioes-do-brasil\\\/#breadcrumb\"},\"inLanguage\":\"en-US\",\"potentialAction\":[{\"@type\":\"ReadAction\",\"target\":[\"https:\\\/\\\/ubirataonline.com.br\\\/feriadao-com-chuva-e-frio-veja-a-previsao-do-tempo-para-o-dia-da-independencia-em-diversas-regioes-do-brasil\\\/\"]}]},{\"@type\":\"ImageObject\",\"inLanguage\":\"en-US\",\"@id\":\"https:\\\/\\\/ubirataonline.com.br\\\/feriadao-com-chuva-e-frio-veja-a-previsao-do-tempo-para-o-dia-da-independencia-em-diversas-regioes-do-brasil\\\/#primaryimage\",\"url\":\"https:\\\/\\\/ubirataonline.com.br\\\/wp-content\\\/uploads\\\/2026\\\/09\\\/maaimg-post-171022-20260905-153105.webp\",\"contentUrl\":\"https:\\\/\\\/ubirataonline.com.br\\\/wp-content\\\/uploads\\\/2026\\\/09\\\/maaimg-post-171022-20260905-153105.webp\",\"width\":1536,\"height\":1024,\"caption\":\"Imagem ilustrativa Gerada por IA\"},{\"@type\":\"BreadcrumbList\",\"@id\":\"https:\\\/\\\/ubirataonline.com.br\\\/feriadao-com-chuva-e-frio-veja-a-previsao-do-tempo-para-o-dia-da-independencia-em-diversas-regioes-do-brasil\\\/#breadcrumb\",\"itemListElement\":[{\"@type\":\"ListItem\",\"position\":1,\"name\":\"In\u00edcio\",\"item\":\"https:\\\/\\\/ubirataonline.com.br\\\/\"},{\"@type\":\"ListItem\",\"position\":2,\"name\":\"Feriad\u00e3o com chuva e frio: veja a previs\u00e3o do tempo para o Dia da Independ\u00eancia em diversas regi\u00f5es do Brasil\"}]},{\"@type\":\"WebSite\",\"@id\":\"https:\\\/\\\/ubirataonline.com.br\\\/#website\",\"url\":\"https:\\\/\\\/ubirataonline.com.br\\\/\",\"name\":\"Ubirat\u00e3 Online Not\u00edcias\",\"description\":\"Not\u00edcias de Ubirat\u00e3, regi\u00e3o, Brasil e mundo, com informa\u00e7\u00e3o atualizada e compromisso com o leitor.\",\"publisher\":{\"@id\":\"https:\\\/\\\/ubirataonline.com.br\\\/#organization\"},\"alternateName\":\"Ubirat\u00e3 Online\",\"potentialAction\":[{\"@type\":\"SearchAction\",\"target\":{\"@type\":\"EntryPoint\",\"urlTemplate\":\"https:\\\/\\\/ubirataonline.com.br\\\/?s={search_term_string}\"},\"query-input\":{\"@type\":\"PropertyValueSpecification\",\"valueRequired\":true,\"valueName\":\"search_term_string\"}}],\"inLanguage\":\"en-US\"},{\"@type\":[\"Organization\",\"Place\"],\"@id\":\"https:\\\/\\\/ubirataonline.com.br\\\/#organization\",\"name\":\"Ubirat\u00e3 Online Not\u00edcias\",\"alternateName\":\"Ubirat\u00e3 Online\",\"url\":\"https:\\\/\\\/ubirataonline.com.br\\\/\",\"logo\":{\"@id\":\"https:\\\/\\\/ubirataonline.com.br\\\/feriadao-com-chuva-e-frio-veja-a-previsao-do-tempo-para-o-dia-da-independencia-em-diversas-regioes-do-brasil\\\/#local-main-organization-logo\"},\"image\":{\"@id\":\"https:\\\/\\\/ubirataonline.com.br\\\/feriadao-com-chuva-e-frio-veja-a-previsao-do-tempo-para-o-dia-da-independencia-em-diversas-regioes-do-brasil\\\/#local-main-organization-logo\"},\"sameAs\":[\"https:\\\/\\\/www.facebook.com\\\/portalubirataonline\",\"https:\\\/\\\/x.com\\\/ubirataonline\",\"https:\\\/\\\/mastodon.social\\\/@ubirataonline\",\"https:\\\/\\\/www.facebook.com\\\/groups\\\/311144672285604\",\"https:\\\/\\\/www.facebook.com\\\/UBTAOnline\",\"https:\\\/\\\/www.instagram.com\\\/portalubirataonline\\\/\",\"https:\\\/\\\/twitter.com\\\/ubirataonline\"],\"description\":\"Somos um portal de not\u00edcias independente, criado em 5 de janeiro de 2009, com o objetivo de informar, conectar e valorizar a nossa comunidade de Ubirat\u00e3 e toda aregi\u00e3o. Com conte\u00fado atualizado, confi\u00e1vel e relevante, o Ubirat\u00e3 Online \u00e9 o seu espa\u00e7o para ficar por dentro dos principais acontecimentos locais, regionais, Brasil, Mundo e de interesse geral. Nosso compromisso \u00e9 com a verdade, a transpar\u00eancia e o respeito ao leitor.\",\"legalName\":\"UBIRATA ONLINE NOT\u00cdCIAS\",\"foundingDate\":\"2009-01-05\",\"numberOfEmployees\":{\"@type\":\"QuantitativeValue\",\"minValue\":\"1\",\"maxValue\":\"10\"},\"publishingPrinciples\":\"https:\\\/\\\/ubirataonline.com.br\\\/faq\\\/\",\"address\":{\"@id\":\"https:\\\/\\\/ubirataonline.com.br\\\/feriadao-com-chuva-e-frio-veja-a-previsao-do-tempo-para-o-dia-da-independencia-em-diversas-regioes-do-brasil\\\/#local-main-place-address\"},\"geo\":{\"@type\":\"GeoCoordinates\",\"latitude\":\"-24.5361401\",\"longitude\":\"-52.9921776\"},\"telephone\":[\"+5544998308235\"],\"contactPoint\":{\"@type\":\"ContactPoint\",\"email\":\"contato@ubirataonline.com.br\"},\"openingHoursSpecification\":{\"@type\":\"OpeningHoursSpecification\",\"dayOfWeek\":[\"Monday\",\"Tuesday\",\"Wednesday\",\"Thursday\",\"Friday\",\"Saturday\",\"Sunday\"],\"opens\":\"00:00\",\"closes\":\"23:59\"},\"email\":\"contato@ubirataonline.com.br\",\"vatID\":\"47.621.418\\\/0001-80\"},{\"@type\":\"Person\",\"@id\":\"https:\\\/\\\/ubirataonline.com.br\\\/#\\\/schema\\\/person\\\/372f87bbd3fdd79b8556b84c98d0bc1c\",\"name\":\"REDA\u00c7\u00c3O: UBIRAT\u00c3 ONLINE - F\u00c1BIO AUGUSTO CELESTINO\",\"pronouns\":\"Ele\",\"description\":\"Desde 2003 trabalhando com not\u00edcias.\",\"sameAs\":[\"http:\\\/\\\/ubirataoline.com.br\",\"https:\\\/\\\/www.facebook.com\\\/portalubirataonline\",\"https:\\\/\\\/www.instagram.com\\\/ubirataonline_oficial\",\"https:\\\/\\\/x.com\\\/x.com\\\/ubirataonline\"],\"honorificPrefix\":\"Mr.\",\"honorificSuffix\":\"MD\",\"birthDate\":\"1980-06-16\",\"gender\":\"masculino\",\"award\":[\"V\u00e1rios pr\u00eamios de melhor portal da cidade\"],\"jobTitle\":\"Diretor\",\"url\":\"https:\\\/\\\/ubirataonline.com.br\\\/en\\\/author\\\/ubirataonline\\\/\"},{\"@type\":\"PostalAddress\",\"@id\":\"https:\\\/\\\/ubirataonline.com.br\\\/feriadao-com-chuva-e-frio-veja-a-previsao-do-tempo-para-o-dia-da-independencia-em-diversas-regioes-do-brasil\\\/#local-main-place-address\",\"streetAddress\":\"Rua dos Coqueiros, 104 - Bairro Boa Vista, Rua dos Coqueiros, 104 Bairro Boa Vista\",\"addressLocality\":\"UBIRATA\",\"postalCode\":\"85440-000\",\"addressRegion\":\"PR\",\"addressCountry\":\"BR\"},{\"@type\":\"ImageObject\",\"inLanguage\":\"en-US\",\"@id\":\"https:\\\/\\\/ubirataonline.com.br\\\/feriadao-com-chuva-e-frio-veja-a-previsao-do-tempo-para-o-dia-da-independencia-em-diversas-regioes-do-brasil\\\/#local-main-organization-logo\",\"url\":\"https:\\\/\\\/ubirataonline.com.br\\\/wp-content\\\/uploads\\\/2026\\\/06\\\/logoubirataonline-1.webp\",\"contentUrl\":\"https:\\\/\\\/ubirataonline.com.br\\\/wp-content\\\/uploads\\\/2026\\\/06\\\/logoubirataonline-1.webp\",\"width\":500,\"height\":500,\"caption\":\"Ubirat\u00e3 Online Not\u00edcias\"}]}<\/script>\n<meta name=\"geo.placename\" content=\"UBIRATA\" \/>\n<meta name=\"geo.position\" content=\"-24.5361401;-52.9921776\" \/>\n<meta name=\"geo.region\" content=\"Brazil\" \/>\n<!-- \/ Yoast SEO Premium plugin. -->","yoast_head_json":{"title":"Feriad\u00e3o com chuva e frio: veja a previs\u00e3o do tempo para o Dia da Independ\u00eancia em diversas regi\u00f5es do Brasil - Ubirat\u00e3 Online Not\u00edcias - A realidade ao seu alcance!","description":"Uma frente fria deve trazer instabilidade, chuvas e queda acentuada nas temperaturas para grande parte do Brasil durante o Feriad\u00e3o da Independ\u00eancia O fim","robots":{"index":"index","follow":"follow","max-snippet":"max-snippet:-1","max-image-preview":"max-image-preview:large","max-video-preview":"max-video-preview:-1"},"canonical":"https:\/\/ubirataonline.com.br\/en\/feriadao-com-chuva-e-frio-veja-a-previsao-do-tempo-para-o-dia-da-independencia-em-diversas-regioes-do-brasil\/","og_locale":"en_US","og_type":"article","og_title":"Feriad\u00e3o com chuva e frio: veja a previs\u00e3o do tempo para o Dia da Independ\u00eancia em diversas regi\u00f5es do Brasil","og_description":"Uma frente fria deve trazer instabilidade, chuvas e queda acentuada nas temperaturas para grande parte do Brasil durante o Feriad\u00e3o da Independ\u00eancia O fim","og_url":"https:\/\/ubirataonline.com.br\/en\/feriadao-com-chuva-e-frio-veja-a-previsao-do-tempo-para-o-dia-da-independencia-em-diversas-regioes-do-brasil\/","og_site_name":"Ubirat\u00e3 Online Not\u00edcias - A realidade ao seu alcance!","article_publisher":"https:\/\/www.facebook.com\/portalubirataonline","article_author":"https:\/\/www.facebook.com\/portalubirataonline","article_published_time":"2026-09-05T15:30:48+00:00","og_image":[{"width":1531,"height":418,"url":"https:\/\/ubirataonline.com.br\/wp-content\/uploads\/2026\/05\/logo2026.webp","type":"image\/webp"}],"author":"REDA\u00c7\u00c3O: UBIRAT\u00c3 ONLINE - F\u00c1BIO AUGUSTO CELESTINO","twitter_card":"summary_large_image","twitter_creator":"@x.com\/ubirataonline","twitter_site":"@ubirataonline","twitter_misc":{"Written by":"REDA\u00c7\u00c3O: UBIRAT\u00c3 ONLINE - F\u00c1BIO AUGUSTO CELESTINO","Est. reading time":"3 minutes"},"schema":{"@context":"https:\/\/schema.org","@graph":[{"@type":"NewsArticle","@id":"https:\/\/ubirataonline.com.br\/feriadao-com-chuva-e-frio-veja-a-previsao-do-tempo-para-o-dia-da-independencia-em-diversas-regioes-do-brasil\/#article","isPartOf":{"@id":"https:\/\/ubirataonline.com.br\/feriadao-com-chuva-e-frio-veja-a-previsao-do-tempo-para-o-dia-da-independencia-em-diversas-regioes-do-brasil\/"},"author":{"name":"REDA\u00c7\u00c3O: UBIRAT\u00c3 ONLINE - F\u00c1BIO AUGUSTO CELESTINO","@id":"https:\/\/ubirataonline.com.br\/#\/schema\/person\/372f87bbd3fdd79b8556b84c98d0bc1c"},"headline":"Feriad\u00e3o com chuva e frio: veja a previs\u00e3o do tempo para o Dia da Independ\u00eancia em diversas regi\u00f5es do Brasil","datePublished":"2026-09-05T15:30:48+00:00","mainEntityOfPage":{"@id":"https:\/\/ubirataonline.com.br\/feriadao-com-chuva-e-frio-veja-a-previsao-do-tempo-para-o-dia-da-independencia-em-diversas-regioes-do-brasil\/"},"wordCount":620,"publisher":{"@id":"https:\/\/ubirataonline.com.br\/#organization"},"image":{"@id":"https:\/\/ubirataonline.com.br\/feriadao-com-chuva-e-frio-veja-a-previsao-do-tempo-para-o-dia-da-independencia-em-diversas-regioes-do-brasil\/#primaryimage"},"thumbnailUrl":"https:\/\/ubirataonline.com.br\/wp-content\/uploads\/2026\/09\/maaimg-post-171022-20260905-153105.webp","articleSection":["Paran\u00e1"],"inLanguage":"en-US","copyrightYear":"2026","copyrightHolder":{"@id":"https:\/\/ubirataonline.com.br\/en\/#organization"}},{"@type":"WebPage","@id":"https:\/\/ubirataonline.com.br\/feriadao-com-chuva-e-frio-veja-a-previsao-do-tempo-para-o-dia-da-independencia-em-diversas-regioes-do-brasil\/","url":"https:\/\/ubirataonline.com.br\/feriadao-com-chuva-e-frio-veja-a-previsao-do-tempo-para-o-dia-da-independencia-em-diversas-regioes-do-brasil\/","name":"Feriad\u00e3o com chuva e frio: veja a previs\u00e3o do tempo para o Dia da Independ\u00eancia em diversas regi\u00f5es do Brasil - Ubirat\u00e3 Online Not\u00edcias - A realidade ao seu alcance!","isPartOf":{"@id":"https:\/\/ubirataonline.com.br\/#website"},"primaryImageOfPage":{"@id":"https:\/\/ubirataonline.com.br\/feriadao-com-chuva-e-frio-veja-a-previsao-do-tempo-para-o-dia-da-independencia-em-diversas-regioes-do-brasil\/#primaryimage"},"image":{"@id":"https:\/\/ubirataonline.com.br\/feriadao-com-chuva-e-frio-veja-a-previsao-do-tempo-para-o-dia-da-independencia-em-diversas-regioes-do-brasil\/#primaryimage"},"thumbnailUrl":"https:\/\/ubirataonline.com.br\/wp-content\/uploads\/2026\/09\/maaimg-post-171022-20260905-153105.webp","datePublished":"2026-09-05T15:30:48+00:00","description":"Uma frente fria deve trazer instabilidade, chuvas e queda acentuada nas temperaturas para grande parte do Brasil durante o Feriad\u00e3o da Independ\u00eancia O fim","breadcrumb":{"@id":"https:\/\/ubirataonline.com.br\/feriadao-com-chuva-e-frio-veja-a-previsao-do-tempo-para-o-dia-da-independencia-em-diversas-regioes-do-brasil\/#breadcrumb"},"inLanguage":"en-US","potentialAction":[{"@type":"ReadAction","target":["https:\/\/ubirataonline.com.br\/feriadao-com-chuva-e-frio-veja-a-previsao-do-tempo-para-o-dia-da-independencia-em-diversas-regioes-do-brasil\/"]}]},{"@type":"ImageObject","inLanguage":"en-US","@id":"https:\/\/ubirataonline.com.br\/feriadao-com-chuva-e-frio-veja-a-previsao-do-tempo-para-o-dia-da-independencia-em-diversas-regioes-do-brasil\/#primaryimage","url":"https:\/\/ubirataonline.com.br\/wp-content\/uploads\/2026\/09\/maaimg-post-171022-20260905-153105.webp","contentUrl":"https:\/\/ubirataonline.com.br\/wp-content\/uploads\/2026\/09\/maaimg-post-171022-20260905-153105.webp","width":1536,"height":1024,"caption":"Imagem ilustrativa Gerada por IA"},{"@type":"BreadcrumbList","@id":"https:\/\/ubirataonline.com.br\/feriadao-com-chuva-e-frio-veja-a-previsao-do-tempo-para-o-dia-da-independencia-em-diversas-regioes-do-brasil\/#breadcrumb","itemListElement":[{"@type":"ListItem","position":1,"name":"In\u00edcio","item":"https:\/\/ubirataonline.com.br\/"},{"@type":"ListItem","position":2,"name":"Feriad\u00e3o com chuva e frio: veja a previs\u00e3o do tempo para o Dia da Independ\u00eancia em diversas regi\u00f5es do Brasil"}]},{"@type":"WebSite","@id":"https:\/\/ubirataonline.com.br\/#website","url":"https:\/\/ubirataonline.com.br\/","name":"Ubirat\u00e3 Online Not\u00edcias","description":"Not\u00edcias de Ubirat\u00e3, regi\u00e3o, Brasil e mundo, com informa\u00e7\u00e3o atualizada e compromisso com o leitor.","publisher":{"@id":"https:\/\/ubirataonline.com.br\/#organization"},"alternateName":"Ubirat\u00e3 Online","potentialAction":[{"@type":"SearchAction","target":{"@type":"EntryPoint","urlTemplate":"https:\/\/ubirataonline.com.br\/?s={search_term_string}"},"query-input":{"@type":"PropertyValueSpecification","valueRequired":true,"valueName":"search_term_string"}}],"inLanguage":"en-US"},{"@type":["Organization","Place"],"@id":"https:\/\/ubirataonline.com.br\/#organization","name":"Ubirat\u00e3 Online Not\u00edcias","alternateName":"Ubirat\u00e3 Online","url":"https:\/\/ubirataonline.com.br\/","logo":{"@id":"https:\/\/ubirataonline.com.br\/feriadao-com-chuva-e-frio-veja-a-previsao-do-tempo-para-o-dia-da-independencia-em-diversas-regioes-do-brasil\/#local-main-organization-logo"},"image":{"@id":"https:\/\/ubirataonline.com.br\/feriadao-com-chuva-e-frio-veja-a-previsao-do-tempo-para-o-dia-da-independencia-em-diversas-regioes-do-brasil\/#local-main-organization-logo"},"sameAs":["https:\/\/www.facebook.com\/portalubirataonline","https:\/\/x.com\/ubirataonline","https:\/\/mastodon.social\/@ubirataonline","https:\/\/www.facebook.com\/groups\/311144672285604","https:\/\/www.facebook.com\/UBTAOnline","https:\/\/www.instagram.com\/portalubirataonline\/","https:\/\/twitter.com\/ubirataonline"],"description":"Somos um portal de not\u00edcias independente, criado em 5 de janeiro de 2009, com o objetivo de informar, conectar e valorizar a nossa comunidade de Ubirat\u00e3 e toda aregi\u00e3o. Com conte\u00fado atualizado, confi\u00e1vel e relevante, o Ubirat\u00e3 Online \u00e9 o seu espa\u00e7o para ficar por dentro dos principais acontecimentos locais, regionais, Brasil, Mundo e de interesse geral. Nosso compromisso \u00e9 com a verdade, a transpar\u00eancia e o respeito ao leitor.","legalName":"UBIRATA ONLINE NOT\u00cdCIAS","foundingDate":"2009-01-05","numberOfEmployees":{"@type":"QuantitativeValue","minValue":"1","maxValue":"10"},"publishingPrinciples":"https:\/\/ubirataonline.com.br\/faq\/","address":{"@id":"https:\/\/ubirataonline.com.br\/feriadao-com-chuva-e-frio-veja-a-previsao-do-tempo-para-o-dia-da-independencia-em-diversas-regioes-do-brasil\/#local-main-place-address"},"geo":{"@type":"GeoCoordinates","latitude":"-24.5361401","longitude":"-52.9921776"},"telephone":["+5544998308235"],"contactPoint":{"@type":"ContactPoint","email":"contato@ubirataonline.com.br"},"openingHoursSpecification":{"@type":"OpeningHoursSpecification","dayOfWeek":["Monday","Tuesday","Wednesday","Thursday","Friday","Saturday","Sunday"],"opens":"00:00","closes":"23:59"},"email":"contato@ubirataonline.com.br","vatID":"47.621.418\/0001-80"},{"@type":"Person","@id":"https:\/\/ubirataonline.com.br\/#\/schema\/person\/372f87bbd3fdd79b8556b84c98d0bc1c","name":"REDA\u00c7\u00c3O: UBIRAT\u00c3 ONLINE - F\u00c1BIO AUGUSTO CELESTINO","pronouns":"Ele","description":"Desde 2003 trabalhando com not\u00edcias.","sameAs":["http:\/\/ubirataoline.com.br","https:\/\/www.facebook.com\/portalubirataonline","https:\/\/www.instagram.com\/ubirataonline_oficial","https:\/\/x.com\/x.com\/ubirataonline"],"honorificPrefix":"Mr.","honorificSuffix":"MD","birthDate":"1980-06-16","gender":"masculino","award":["V\u00e1rios pr\u00eamios de melhor portal da cidade"],"jobTitle":"Diretor","url":"https:\/\/ubirataonline.com.br\/en\/author\/ubirataonline\/"},{"@type":"PostalAddress","@id":"https:\/\/ubirataonline.com.br\/feriadao-com-chuva-e-frio-veja-a-previsao-do-tempo-para-o-dia-da-independencia-em-diversas-regioes-do-brasil\/#local-main-place-address","streetAddress":"Rua dos Coqueiros, 104 - Bairro Boa Vista, Rua dos Coqueiros, 104 Bairro Boa Vista","addressLocality":"UBIRATA","postalCode":"85440-000","addressRegion":"PR","addressCountry":"BR"},{"@type":"ImageObject","inLanguage":"en-US","@id":"https:\/\/ubirataonline.com.br\/feriadao-com-chuva-e-frio-veja-a-previsao-do-tempo-para-o-dia-da-independencia-em-diversas-regioes-do-brasil\/#local-main-organization-logo","url":"https:\/\/ubirataonline.com.br\/wp-content\/uploads\/2026\/06\/logoubirataonline-1.webp","contentUrl":"https:\/\/ubirataonline.com.br\/wp-content\/uploads\/2026\/06\/logoubirataonline-1.webp","width":500,"height":500,"caption":"Ubirat\u00e3 Online Not\u00edcias"}]},"geo.placename":"UBIRATA","geo.position":{"lat":"-24.5361401","long":"-52.9921776"},"geo.region":"Brazil"},"_links":{"self":[{"href":"https:\/\/ubirataonline.com.br\/en\/wp-json\/wp\/v2\/posts\/171022","targetHints":{"allow":["GET"]}}],"collection":[{"href":"https:\/\/ubirataonline.com.br\/en\/wp-json\/wp\/v2\/posts"}],"about":[{"href":"https:\/\/ubirataonline.com.br\/en\/wp-json\/wp\/v2\/types\/post"}],"author":[{"embeddable":true,"href":"https:\/\/ubirataonline.com.br\/en\/wp-json\/wp\/v2\/users\/1"}],"replies":[{"embeddable":true,"href":"https:\/\/ubirataonline.com.br\/en\/wp-json\/wp\/v2\/comments?post=171022"}],"version-history":[{"count":0,"href":"https:\/\/ubirataonline.com.br\/en\/wp-json\/wp\/v2\/posts\/171022\/revisions"}],"wp:featuredmedia":[{"embeddable":true,"href":"https:\/\/ubirataonline.com.br\/en\/wp-json\/wp\/v2\/media\/171023"}],"wp:attachment":[{"href":"https:\/\/ubirataonline.com.br\/en\/wp-json\/wp\/v2\/media?parent=171022"}],"wp:term":[{"taxonomy":"category","embeddable":true,"href":"https:\/\/ubirataonline.com.br\/en\/wp-json\/wp\/v2\/categories?post=171022"},{"taxonomy":"post_tag","embeddable":true,"href":"https:\/\/ubirataonline.com.br\/en\/wp-json\/wp\/v2\/tags?post=171022"}],"curies":[{"name":"wp","href":"https:\/\/api.w.org\/{rel}","templated":true}]}}