{"id":171045,"date":"2026-09-05T13:19:20","date_gmt":"2026-09-05T16:19:20","guid":{"rendered":"https:\/\/ubirataonline.com.br\/projeto-de-lei-que-define-regras-para-reciclagem-de-baterias-de-carros-eletricos-avanca-no-congresso-nacional\/"},"modified":"2026-09-05T13:19:20","modified_gmt":"2026-09-05T16:19:20","slug":"projeto-de-lei-que-define-regras-para-reciclagem-de-baterias-de-carros-eletricos-avanca-no-congresso-nacional","status":"publish","type":"post","link":"https:\/\/ubirataonline.com.br\/en\/projeto-de-lei-que-define-regras-para-reciclagem-de-baterias-de-carros-eletricos-avanca-no-congresso-nacional\/","title":{"rendered":"Projeto de lei que define regras para reciclagem de baterias de carros el\u00e9tricos avan\u00e7a no Congresso Nacional"},"content":{"rendered":"<h2>A nova legisla\u00e7\u00e3o busca criar um marco regulat\u00f3rio para o descarte e o reuso eficiente de baterias de carros el\u00e9tricos no Brasil, visando maior sustentabilidade<\/h2>\n<p>O cen\u00e1rio da mobilidade sustent\u00e1vel no Brasil acaba de dar um passo importante em dire\u00e7\u00e3o \u00e0 organiza\u00e7\u00e3o do setor. A <b>Comiss\u00e3o de Meio Ambiente do Senado (CMA)<\/b> aprovou, na \u00faltima ter\u00e7a-feira (1\u00ba), um projeto de lei que disciplina o destino final de componentes essenciais dos ve\u00edculos eletrificados.<\/p>\n<p>A medida foca especificamente no ciclo de vida das <b>baterias de carros el\u00e9tricos<\/b>, um dos itens mais complexos e valiosos de toda a cadeia produtiva automotiva moderna. A decis\u00e3o foi confirmada pelo Senado Federal, que agora encaminha a mat\u00e9ria para an\u00e1lise na C\u00e2mara dos Deputados.<\/p>\n<p>Conforme informa\u00e7\u00e3o divulgada pelo <b>Senado Federal<\/b>, o projeto de lei (PL 2.132\/2025) pretende estabelecer crit\u00e9rios claros para o reaproveitamento desses materiais, garantindo que o crescimento da frota eletrificada no pa\u00eds ocorra com responsabilidade ambiental.<\/p>\n<h3>O que prop\u00f5e o PL 2.132\/2025<\/h3>\n<p>O texto legislativo aprovado pela CMA busca preencher uma lacuna normativa sobre a gest\u00e3o de res\u00edduos perigosos e valiosos.<\/p>\n<p>O projeto visa incentivar que empresas criem sistemas de log\u00edstica reversa e tecnologia para o <b>reaproveitamento das baterias<\/b>. Isso evita que componentes qu\u00edmicos de alta toxicidade sejam descartados de forma incorreta no meio ambiente, poluindo solos e len\u00e7\u00f3is fre\u00e1ticos.<\/p>\n<h3>Por que a reciclagem \u00e9 fundamental<\/h3>\n<p>As baterias s\u00e3o compostas por metais raros e elementos qu\u00edmicos que possuem alto valor de mercado. A <b>reciclagem de baterias de carros el\u00e9tricos<\/b> permite que l\u00edtio, cobalto e n\u00edquel sejam extra\u00eddos e reutilizados na fabrica\u00e7\u00e3o de novas unidades, reduzindo a necessidade de minera\u00e7\u00e3o.<\/p>\n<p>Al\u00e9m da economia circular, o processo de reciclagem ajuda a reduzir o custo final dos ve\u00edculos. Ao reaproveitar materiais, a ind\u00fastria diminui a depend\u00eancia de insumos importados, tornando o mercado de <b>carros el\u00e9tricos<\/b> mais competitivo e acess\u00edvel para o consumidor brasileiro.<\/p>\n<h3>Pr\u00f3ximos passos na C\u00e2mara dos Deputados<\/h3>\n<p>Ap\u00f3s a aprova\u00e7\u00e3o na Comiss\u00e3o de Meio Ambiente do Senado, o PL 2.132\/2025 segue agora para tramita\u00e7\u00e3o na C\u00e2mara dos Deputados. L\u00e1, o projeto passar\u00e1 por novas comiss\u00f5es tem\u00e1ticas antes de ser votado em plen\u00e1rio pelos parlamentares.<\/p>\n<p>Especialistas do setor automotivo acompanham o processo de perto, j\u00e1 que a regula\u00e7\u00e3o trar\u00e1 seguran\u00e7a jur\u00eddica para que montadoras e empresas de reciclagem possam investir em infraestrutura voltada para o <b>reaproveitamento de baterias<\/b> em larga escala.<\/p>\n<h3>Perguntas Frequentes (FAQ)<\/h3>\n<p><b>1. O que o projeto de lei define sobre as baterias?<\/b><br \/>O PL 2.132\/2025 estabelece regras e diretrizes para o correto reaproveitamento e reciclagem de baterias de carros el\u00e9tricos ap\u00f3s o uso.<\/p>\n<p><b>2. Qual a import\u00e2ncia dessa medida para o meio ambiente?<\/b><br \/>A medida evita o descarte inadequado de materiais t\u00f3xicos e promove a economia circular ao recuperar metais preciosos das baterias.<\/p>\n<p><b>3. O projeto j\u00e1 est\u00e1 em vigor?<\/b><br \/>N\u00e3o. Ele foi aprovado na Comiss\u00e3o de Meio Ambiente do Senado e agora segue para an\u00e1lise na C\u00e2mara dos Deputados.<\/p>\n<p><b>4. Por que reciclar baterias \u00e9 economicamente vantajoso?<\/b><br \/>A reciclagem permite recuperar metais como l\u00edtio e n\u00edquel, diminuindo a necessidade de minera\u00e7\u00e3o e reduzindo custos de produ\u00e7\u00e3o de novos ve\u00edculos.<\/p>\n<p><b>5. Quem \u00e9 o respons\u00e1vel pela reciclagem segundo o projeto?<\/b><br \/>O texto busca definir responsabilidades para que o ciclo de vida das baterias de carros el\u00e9tricos seja gerido de forma sustent\u00e1vel pelos envolvidos na cadeia produtiva.<\/p>","protected":false},"excerpt":{"rendered":"<p>A nova legisla\u00e7\u00e3o busca criar um marco regulat\u00f3rio para o descarte e o reuso eficiente de baterias de carros el\u00e9tricos no Brasil, visando maior sustentabilidade O cen\u00e1rio da mobilidade sustent\u00e1vel no Brasil acaba de dar um passo importante em dire\u00e7\u00e3o \u00e0 organiza\u00e7\u00e3o do setor. A Comiss\u00e3o de Meio Ambiente do Senado (CMA) aprovou, na \u00faltima [&hellip;]<\/p>\n","protected":false},"author":1,"featured_media":171046,"comment_status":"","ping_status":"","sticky":false,"template":"","format":"standard","meta":{"googlesitekit_rrm_CAow2JLhCw:productID":"","_gspb_post_css":"","maa_idioma":"","maa_pais":"","footnotes":""},"categories":[4],"tags":[],"class_list":["post-171045","post","type-post","status-publish","format-standard","has-post-thumbnail","hentry","category-brasil"],"blocksy_meta":[],"yoast_head":"<!-- This site is optimized with the Yoast SEO Premium plugin v27.6 (Yoast SEO v27.6) - https:\/\/yoast.com\/product\/yoast-seo-premium-wordpress\/ -->\n<title>Projeto de lei que define regras para reciclagem de baterias de carros el\u00e9tricos avan\u00e7a no Congresso Nacional - Ubirat\u00e3 Online Not\u00edcias - A realidade ao seu alcance!<\/title>\n<meta name=\"description\" content=\"A nova legisla\u00e7\u00e3o busca criar um marco regulat\u00f3rio para o descarte e o reuso eficiente de baterias de carros el\u00e9tricos no Brasil, visando maior\" \/>\n<meta name=\"robots\" content=\"index, follow, max-snippet:-1, max-image-preview:large, max-video-preview:-1\" \/>\n<link rel=\"canonical\" href=\"https:\/\/ubirataonline.com.br\/en\/projeto-de-lei-que-define-regras-para-reciclagem-de-baterias-de-carros-eletricos-avanca-no-congresso-nacional\/\" \/>\n<meta property=\"og:locale\" content=\"en_US\" \/>\n<meta property=\"og:type\" content=\"article\" \/>\n<meta property=\"og:title\" content=\"Projeto de lei que define regras para reciclagem de baterias de carros el\u00e9tricos avan\u00e7a no Congresso Nacional\" \/>\n<meta property=\"og:description\" content=\"A nova legisla\u00e7\u00e3o busca criar um marco regulat\u00f3rio para o descarte e o reuso eficiente de baterias de carros el\u00e9tricos no Brasil, visando maior\" \/>\n<meta property=\"og:url\" content=\"https:\/\/ubirataonline.com.br\/en\/projeto-de-lei-que-define-regras-para-reciclagem-de-baterias-de-carros-eletricos-avanca-no-congresso-nacional\/\" \/>\n<meta property=\"og:site_name\" content=\"Ubirat\u00e3 Online Not\u00edcias - A realidade ao seu alcance!\" \/>\n<meta property=\"article:publisher\" content=\"https:\/\/www.facebook.com\/portalubirataonline\" \/>\n<meta property=\"article:author\" content=\"https:\/\/www.facebook.com\/portalubirataonline\" \/>\n<meta property=\"article:published_time\" content=\"2026-09-05T16:19:20+00:00\" \/>\n<meta property=\"og:image\" content=\"https:\/\/ubirataonline.com.br\/wp-content\/uploads\/2026\/05\/logo2026.webp\" \/>\n\t<meta property=\"og:image:width\" content=\"1531\" \/>\n\t<meta property=\"og:image:height\" content=\"418\" \/>\n\t<meta property=\"og:image:type\" content=\"image\/webp\" \/>\n<meta name=\"author\" content=\"REDA\u00c7\u00c3O: UBIRAT\u00c3 ONLINE - F\u00c1BIO AUGUSTO CELESTINO\" \/>\n<meta name=\"twitter:card\" content=\"summary_large_image\" \/>\n<meta name=\"twitter:creator\" content=\"@x.com\/ubirataonline\" \/>\n<meta name=\"twitter:site\" content=\"@ubirataonline\" \/>\n<meta name=\"twitter:label1\" content=\"Written by\" \/>\n\t<meta name=\"twitter:data1\" content=\"REDA\u00c7\u00c3O: UBIRAT\u00c3 ONLINE - F\u00c1BIO AUGUSTO CELESTINO\" \/>\n\t<meta name=\"twitter:label2\" content=\"Est. reading time\" \/>\n\t<meta name=\"twitter:data2\" content=\"3 minutes\" \/>\n<script type=\"application\/ld+json\" class=\"yoast-schema-graph\">{\"@context\":\"https:\\\/\\\/schema.org\",\"@graph\":[{\"@type\":\"NewsArticle\",\"@id\":\"https:\\\/\\\/ubirataonline.com.br\\\/projeto-de-lei-que-define-regras-para-reciclagem-de-baterias-de-carros-eletricos-avanca-no-congresso-nacional\\\/#article\",\"isPartOf\":{\"@id\":\"https:\\\/\\\/ubirataonline.com.br\\\/projeto-de-lei-que-define-regras-para-reciclagem-de-baterias-de-carros-eletricos-avanca-no-congresso-nacional\\\/\"},\"author\":{\"name\":\"REDA\u00c7\u00c3O: UBIRAT\u00c3 ONLINE - F\u00c1BIO AUGUSTO CELESTINO\",\"@id\":\"https:\\\/\\\/ubirataonline.com.br\\\/#\\\/schema\\\/person\\\/372f87bbd3fdd79b8556b84c98d0bc1c\"},\"headline\":\"Projeto de lei que define regras para reciclagem de baterias de carros el\u00e9tricos avan\u00e7a no Congresso Nacional\",\"datePublished\":\"2026-09-05T16:19:20+00:00\",\"mainEntityOfPage\":{\"@id\":\"https:\\\/\\\/ubirataonline.com.br\\\/projeto-de-lei-que-define-regras-para-reciclagem-de-baterias-de-carros-eletricos-avanca-no-congresso-nacional\\\/\"},\"wordCount\":615,\"publisher\":{\"@id\":\"https:\\\/\\\/ubirataonline.com.br\\\/#organization\"},\"image\":{\"@id\":\"https:\\\/\\\/ubirataonline.com.br\\\/projeto-de-lei-que-define-regras-para-reciclagem-de-baterias-de-carros-eletricos-avanca-no-congresso-nacional\\\/#primaryimage\"},\"thumbnailUrl\":\"https:\\\/\\\/ubirataonline.com.br\\\/wp-content\\\/uploads\\\/2026\\\/09\\\/maaimg-post-171045-20260905-161940.webp\",\"articleSection\":[\"Brasil\"],\"inLanguage\":\"en-US\",\"copyrightYear\":\"2026\",\"copyrightHolder\":{\"@id\":\"https:\\\/\\\/ubirataonline.com.br\\\/en\\\/#organization\"}},{\"@type\":\"WebPage\",\"@id\":\"https:\\\/\\\/ubirataonline.com.br\\\/projeto-de-lei-que-define-regras-para-reciclagem-de-baterias-de-carros-eletricos-avanca-no-congresso-nacional\\\/\",\"url\":\"https:\\\/\\\/ubirataonline.com.br\\\/projeto-de-lei-que-define-regras-para-reciclagem-de-baterias-de-carros-eletricos-avanca-no-congresso-nacional\\\/\",\"name\":\"Projeto de lei que define regras para reciclagem de baterias de carros el\u00e9tricos avan\u00e7a no Congresso Nacional - Ubirat\u00e3 Online Not\u00edcias - A realidade ao seu alcance!\",\"isPartOf\":{\"@id\":\"https:\\\/\\\/ubirataonline.com.br\\\/#website\"},\"primaryImageOfPage\":{\"@id\":\"https:\\\/\\\/ubirataonline.com.br\\\/projeto-de-lei-que-define-regras-para-reciclagem-de-baterias-de-carros-eletricos-avanca-no-congresso-nacional\\\/#primaryimage\"},\"image\":{\"@id\":\"https:\\\/\\\/ubirataonline.com.br\\\/projeto-de-lei-que-define-regras-para-reciclagem-de-baterias-de-carros-eletricos-avanca-no-congresso-nacional\\\/#primaryimage\"},\"thumbnailUrl\":\"https:\\\/\\\/ubirataonline.com.br\\\/wp-content\\\/uploads\\\/2026\\\/09\\\/maaimg-post-171045-20260905-161940.webp\",\"datePublished\":\"2026-09-05T16:19:20+00:00\",\"description\":\"A nova legisla\u00e7\u00e3o busca criar um marco regulat\u00f3rio para o descarte e o reuso eficiente de baterias de carros el\u00e9tricos no Brasil, visando maior\",\"breadcrumb\":{\"@id\":\"https:\\\/\\\/ubirataonline.com.br\\\/projeto-de-lei-que-define-regras-para-reciclagem-de-baterias-de-carros-eletricos-avanca-no-congresso-nacional\\\/#breadcrumb\"},\"inLanguage\":\"en-US\",\"potentialAction\":[{\"@type\":\"ReadAction\",\"target\":[\"https:\\\/\\\/ubirataonline.com.br\\\/projeto-de-lei-que-define-regras-para-reciclagem-de-baterias-de-carros-eletricos-avanca-no-congresso-nacional\\\/\"]}]},{\"@type\":\"ImageObject\",\"inLanguage\":\"en-US\",\"@id\":\"https:\\\/\\\/ubirataonline.com.br\\\/projeto-de-lei-que-define-regras-para-reciclagem-de-baterias-de-carros-eletricos-avanca-no-congresso-nacional\\\/#primaryimage\",\"url\":\"https:\\\/\\\/ubirataonline.com.br\\\/wp-content\\\/uploads\\\/2026\\\/09\\\/maaimg-post-171045-20260905-161940.webp\",\"contentUrl\":\"https:\\\/\\\/ubirataonline.com.br\\\/wp-content\\\/uploads\\\/2026\\\/09\\\/maaimg-post-171045-20260905-161940.webp\",\"width\":1536,\"height\":1024,\"caption\":\"Imagem ilustrativa Gerada por IA\"},{\"@type\":\"BreadcrumbList\",\"@id\":\"https:\\\/\\\/ubirataonline.com.br\\\/projeto-de-lei-que-define-regras-para-reciclagem-de-baterias-de-carros-eletricos-avanca-no-congresso-nacional\\\/#breadcrumb\",\"itemListElement\":[{\"@type\":\"ListItem\",\"position\":1,\"name\":\"In\u00edcio\",\"item\":\"https:\\\/\\\/ubirataonline.com.br\\\/\"},{\"@type\":\"ListItem\",\"position\":2,\"name\":\"Projeto de lei que define regras para reciclagem de baterias de carros el\u00e9tricos avan\u00e7a no Congresso Nacional\"}]},{\"@type\":\"WebSite\",\"@id\":\"https:\\\/\\\/ubirataonline.com.br\\\/#website\",\"url\":\"https:\\\/\\\/ubirataonline.com.br\\\/\",\"name\":\"Ubirat\u00e3 Online Not\u00edcias\",\"description\":\"Not\u00edcias de Ubirat\u00e3, regi\u00e3o, Brasil e mundo, com informa\u00e7\u00e3o atualizada e compromisso com o leitor.\",\"publisher\":{\"@id\":\"https:\\\/\\\/ubirataonline.com.br\\\/#organization\"},\"alternateName\":\"Ubirat\u00e3 Online\",\"potentialAction\":[{\"@type\":\"SearchAction\",\"target\":{\"@type\":\"EntryPoint\",\"urlTemplate\":\"https:\\\/\\\/ubirataonline.com.br\\\/?s={search_term_string}\"},\"query-input\":{\"@type\":\"PropertyValueSpecification\",\"valueRequired\":true,\"valueName\":\"search_term_string\"}}],\"inLanguage\":\"en-US\"},{\"@type\":[\"Organization\",\"Place\"],\"@id\":\"https:\\\/\\\/ubirataonline.com.br\\\/#organization\",\"name\":\"Ubirat\u00e3 Online Not\u00edcias\",\"alternateName\":\"Ubirat\u00e3 Online\",\"url\":\"https:\\\/\\\/ubirataonline.com.br\\\/\",\"logo\":{\"@id\":\"https:\\\/\\\/ubirataonline.com.br\\\/projeto-de-lei-que-define-regras-para-reciclagem-de-baterias-de-carros-eletricos-avanca-no-congresso-nacional\\\/#local-main-organization-logo\"},\"image\":{\"@id\":\"https:\\\/\\\/ubirataonline.com.br\\\/projeto-de-lei-que-define-regras-para-reciclagem-de-baterias-de-carros-eletricos-avanca-no-congresso-nacional\\\/#local-main-organization-logo\"},\"sameAs\":[\"https:\\\/\\\/www.facebook.com\\\/portalubirataonline\",\"https:\\\/\\\/x.com\\\/ubirataonline\",\"https:\\\/\\\/mastodon.social\\\/@ubirataonline\",\"https:\\\/\\\/www.facebook.com\\\/groups\\\/311144672285604\",\"https:\\\/\\\/www.facebook.com\\\/UBTAOnline\",\"https:\\\/\\\/www.instagram.com\\\/portalubirataonline\\\/\",\"https:\\\/\\\/twitter.com\\\/ubirataonline\"],\"description\":\"Somos um portal de not\u00edcias independente, criado em 5 de janeiro de 2009, com o objetivo de informar, conectar e valorizar a nossa comunidade de Ubirat\u00e3 e toda aregi\u00e3o. Com conte\u00fado atualizado, confi\u00e1vel e relevante, o Ubirat\u00e3 Online \u00e9 o seu espa\u00e7o para ficar por dentro dos principais acontecimentos locais, regionais, Brasil, Mundo e de interesse geral. Nosso compromisso \u00e9 com a verdade, a transpar\u00eancia e o respeito ao leitor.\",\"legalName\":\"UBIRATA ONLINE NOT\u00cdCIAS\",\"foundingDate\":\"2009-01-05\",\"numberOfEmployees\":{\"@type\":\"QuantitativeValue\",\"minValue\":\"1\",\"maxValue\":\"10\"},\"publishingPrinciples\":\"https:\\\/\\\/ubirataonline.com.br\\\/faq\\\/\",\"address\":{\"@id\":\"https:\\\/\\\/ubirataonline.com.br\\\/projeto-de-lei-que-define-regras-para-reciclagem-de-baterias-de-carros-eletricos-avanca-no-congresso-nacional\\\/#local-main-place-address\"},\"geo\":{\"@type\":\"GeoCoordinates\",\"latitude\":\"-24.5361401\",\"longitude\":\"-52.9921776\"},\"telephone\":[\"+5544998308235\"],\"contactPoint\":{\"@type\":\"ContactPoint\",\"email\":\"contato@ubirataonline.com.br\"},\"openingHoursSpecification\":{\"@type\":\"OpeningHoursSpecification\",\"dayOfWeek\":[\"Monday\",\"Tuesday\",\"Wednesday\",\"Thursday\",\"Friday\",\"Saturday\",\"Sunday\"],\"opens\":\"00:00\",\"closes\":\"23:59\"},\"email\":\"contato@ubirataonline.com.br\",\"vatID\":\"47.621.418\\\/0001-80\"},{\"@type\":\"Person\",\"@id\":\"https:\\\/\\\/ubirataonline.com.br\\\/#\\\/schema\\\/person\\\/372f87bbd3fdd79b8556b84c98d0bc1c\",\"name\":\"REDA\u00c7\u00c3O: UBIRAT\u00c3 ONLINE - F\u00c1BIO AUGUSTO CELESTINO\",\"pronouns\":\"Ele\",\"description\":\"Desde 2003 trabalhando com not\u00edcias.\",\"sameAs\":[\"http:\\\/\\\/ubirataoline.com.br\",\"https:\\\/\\\/www.facebook.com\\\/portalubirataonline\",\"https:\\\/\\\/www.instagram.com\\\/ubirataonline_oficial\",\"https:\\\/\\\/x.com\\\/x.com\\\/ubirataonline\"],\"honorificPrefix\":\"Mr.\",\"honorificSuffix\":\"MD\",\"birthDate\":\"1980-06-16\",\"gender\":\"masculino\",\"award\":[\"V\u00e1rios pr\u00eamios de melhor portal da cidade\"],\"jobTitle\":\"Diretor\",\"url\":\"https:\\\/\\\/ubirataonline.com.br\\\/en\\\/author\\\/ubirataonline\\\/\"},{\"@type\":\"PostalAddress\",\"@id\":\"https:\\\/\\\/ubirataonline.com.br\\\/projeto-de-lei-que-define-regras-para-reciclagem-de-baterias-de-carros-eletricos-avanca-no-congresso-nacional\\\/#local-main-place-address\",\"streetAddress\":\"Rua dos Coqueiros, 104 - Bairro Boa Vista, Rua dos Coqueiros, 104 Bairro Boa Vista\",\"addressLocality\":\"UBIRATA\",\"postalCode\":\"85440-000\",\"addressRegion\":\"PR\",\"addressCountry\":\"BR\"},{\"@type\":\"ImageObject\",\"inLanguage\":\"en-US\",\"@id\":\"https:\\\/\\\/ubirataonline.com.br\\\/projeto-de-lei-que-define-regras-para-reciclagem-de-baterias-de-carros-eletricos-avanca-no-congresso-nacional\\\/#local-main-organization-logo\",\"url\":\"https:\\\/\\\/ubirataonline.com.br\\\/wp-content\\\/uploads\\\/2026\\\/06\\\/logoubirataonline-1.webp\",\"contentUrl\":\"https:\\\/\\\/ubirataonline.com.br\\\/wp-content\\\/uploads\\\/2026\\\/06\\\/logoubirataonline-1.webp\",\"width\":500,\"height\":500,\"caption\":\"Ubirat\u00e3 Online Not\u00edcias\"}]}<\/script>\n<meta name=\"geo.placename\" content=\"UBIRATA\" \/>\n<meta name=\"geo.position\" content=\"-24.5361401;-52.9921776\" \/>\n<meta name=\"geo.region\" content=\"Brazil\" \/>\n<!-- \/ Yoast SEO Premium plugin. -->","yoast_head_json":{"title":"Projeto de lei que define regras para reciclagem de baterias de carros el\u00e9tricos avan\u00e7a no Congresso Nacional - Ubirat\u00e3 Online Not\u00edcias - A realidade ao seu alcance!","description":"A nova legisla\u00e7\u00e3o busca criar um marco regulat\u00f3rio para o descarte e o reuso eficiente de baterias de carros el\u00e9tricos no Brasil, visando maior","robots":{"index":"index","follow":"follow","max-snippet":"max-snippet:-1","max-image-preview":"max-image-preview:large","max-video-preview":"max-video-preview:-1"},"canonical":"https:\/\/ubirataonline.com.br\/en\/projeto-de-lei-que-define-regras-para-reciclagem-de-baterias-de-carros-eletricos-avanca-no-congresso-nacional\/","og_locale":"en_US","og_type":"article","og_title":"Projeto de lei que define regras para reciclagem de baterias de carros el\u00e9tricos avan\u00e7a no Congresso Nacional","og_description":"A nova legisla\u00e7\u00e3o busca criar um marco regulat\u00f3rio para o descarte e o reuso eficiente de baterias de carros el\u00e9tricos no Brasil, visando maior","og_url":"https:\/\/ubirataonline.com.br\/en\/projeto-de-lei-que-define-regras-para-reciclagem-de-baterias-de-carros-eletricos-avanca-no-congresso-nacional\/","og_site_name":"Ubirat\u00e3 Online Not\u00edcias - A realidade ao seu alcance!","article_publisher":"https:\/\/www.facebook.com\/portalubirataonline","article_author":"https:\/\/www.facebook.com\/portalubirataonline","article_published_time":"2026-09-05T16:19:20+00:00","og_image":[{"width":1531,"height":418,"url":"https:\/\/ubirataonline.com.br\/wp-content\/uploads\/2026\/05\/logo2026.webp","type":"image\/webp"}],"author":"REDA\u00c7\u00c3O: UBIRAT\u00c3 ONLINE - F\u00c1BIO AUGUSTO CELESTINO","twitter_card":"summary_large_image","twitter_creator":"@x.com\/ubirataonline","twitter_site":"@ubirataonline","twitter_misc":{"Written by":"REDA\u00c7\u00c3O: UBIRAT\u00c3 ONLINE - F\u00c1BIO AUGUSTO CELESTINO","Est. reading time":"3 minutes"},"schema":{"@context":"https:\/\/schema.org","@graph":[{"@type":"NewsArticle","@id":"https:\/\/ubirataonline.com.br\/projeto-de-lei-que-define-regras-para-reciclagem-de-baterias-de-carros-eletricos-avanca-no-congresso-nacional\/#article","isPartOf":{"@id":"https:\/\/ubirataonline.com.br\/projeto-de-lei-que-define-regras-para-reciclagem-de-baterias-de-carros-eletricos-avanca-no-congresso-nacional\/"},"author":{"name":"REDA\u00c7\u00c3O: UBIRAT\u00c3 ONLINE - F\u00c1BIO AUGUSTO CELESTINO","@id":"https:\/\/ubirataonline.com.br\/#\/schema\/person\/372f87bbd3fdd79b8556b84c98d0bc1c"},"headline":"Projeto de lei que define regras para reciclagem de baterias de carros el\u00e9tricos avan\u00e7a no Congresso Nacional","datePublished":"2026-09-05T16:19:20+00:00","mainEntityOfPage":{"@id":"https:\/\/ubirataonline.com.br\/projeto-de-lei-que-define-regras-para-reciclagem-de-baterias-de-carros-eletricos-avanca-no-congresso-nacional\/"},"wordCount":615,"publisher":{"@id":"https:\/\/ubirataonline.com.br\/#organization"},"image":{"@id":"https:\/\/ubirataonline.com.br\/projeto-de-lei-que-define-regras-para-reciclagem-de-baterias-de-carros-eletricos-avanca-no-congresso-nacional\/#primaryimage"},"thumbnailUrl":"https:\/\/ubirataonline.com.br\/wp-content\/uploads\/2026\/09\/maaimg-post-171045-20260905-161940.webp","articleSection":["Brasil"],"inLanguage":"en-US","copyrightYear":"2026","copyrightHolder":{"@id":"https:\/\/ubirataonline.com.br\/en\/#organization"}},{"@type":"WebPage","@id":"https:\/\/ubirataonline.com.br\/projeto-de-lei-que-define-regras-para-reciclagem-de-baterias-de-carros-eletricos-avanca-no-congresso-nacional\/","url":"https:\/\/ubirataonline.com.br\/projeto-de-lei-que-define-regras-para-reciclagem-de-baterias-de-carros-eletricos-avanca-no-congresso-nacional\/","name":"Projeto de lei que define regras para reciclagem de baterias de carros el\u00e9tricos avan\u00e7a no Congresso Nacional - Ubirat\u00e3 Online Not\u00edcias - A realidade ao seu alcance!","isPartOf":{"@id":"https:\/\/ubirataonline.com.br\/#website"},"primaryImageOfPage":{"@id":"https:\/\/ubirataonline.com.br\/projeto-de-lei-que-define-regras-para-reciclagem-de-baterias-de-carros-eletricos-avanca-no-congresso-nacional\/#primaryimage"},"image":{"@id":"https:\/\/ubirataonline.com.br\/projeto-de-lei-que-define-regras-para-reciclagem-de-baterias-de-carros-eletricos-avanca-no-congresso-nacional\/#primaryimage"},"thumbnailUrl":"https:\/\/ubirataonline.com.br\/wp-content\/uploads\/2026\/09\/maaimg-post-171045-20260905-161940.webp","datePublished":"2026-09-05T16:19:20+00:00","description":"A nova legisla\u00e7\u00e3o busca criar um marco regulat\u00f3rio para o descarte e o reuso eficiente de baterias de carros el\u00e9tricos no Brasil, visando maior","breadcrumb":{"@id":"https:\/\/ubirataonline.com.br\/projeto-de-lei-que-define-regras-para-reciclagem-de-baterias-de-carros-eletricos-avanca-no-congresso-nacional\/#breadcrumb"},"inLanguage":"en-US","potentialAction":[{"@type":"ReadAction","target":["https:\/\/ubirataonline.com.br\/projeto-de-lei-que-define-regras-para-reciclagem-de-baterias-de-carros-eletricos-avanca-no-congresso-nacional\/"]}]},{"@type":"ImageObject","inLanguage":"en-US","@id":"https:\/\/ubirataonline.com.br\/projeto-de-lei-que-define-regras-para-reciclagem-de-baterias-de-carros-eletricos-avanca-no-congresso-nacional\/#primaryimage","url":"https:\/\/ubirataonline.com.br\/wp-content\/uploads\/2026\/09\/maaimg-post-171045-20260905-161940.webp","contentUrl":"https:\/\/ubirataonline.com.br\/wp-content\/uploads\/2026\/09\/maaimg-post-171045-20260905-161940.webp","width":1536,"height":1024,"caption":"Imagem ilustrativa Gerada por IA"},{"@type":"BreadcrumbList","@id":"https:\/\/ubirataonline.com.br\/projeto-de-lei-que-define-regras-para-reciclagem-de-baterias-de-carros-eletricos-avanca-no-congresso-nacional\/#breadcrumb","itemListElement":[{"@type":"ListItem","position":1,"name":"In\u00edcio","item":"https:\/\/ubirataonline.com.br\/"},{"@type":"ListItem","position":2,"name":"Projeto de lei que define regras para reciclagem de baterias de carros el\u00e9tricos avan\u00e7a no Congresso Nacional"}]},{"@type":"WebSite","@id":"https:\/\/ubirataonline.com.br\/#website","url":"https:\/\/ubirataonline.com.br\/","name":"Ubirat\u00e3 Online Not\u00edcias","description":"Not\u00edcias de Ubirat\u00e3, regi\u00e3o, Brasil e mundo, com informa\u00e7\u00e3o atualizada e compromisso com o leitor.","publisher":{"@id":"https:\/\/ubirataonline.com.br\/#organization"},"alternateName":"Ubirat\u00e3 Online","potentialAction":[{"@type":"SearchAction","target":{"@type":"EntryPoint","urlTemplate":"https:\/\/ubirataonline.com.br\/?s={search_term_string}"},"query-input":{"@type":"PropertyValueSpecification","valueRequired":true,"valueName":"search_term_string"}}],"inLanguage":"en-US"},{"@type":["Organization","Place"],"@id":"https:\/\/ubirataonline.com.br\/#organization","name":"Ubirat\u00e3 Online Not\u00edcias","alternateName":"Ubirat\u00e3 Online","url":"https:\/\/ubirataonline.com.br\/","logo":{"@id":"https:\/\/ubirataonline.com.br\/projeto-de-lei-que-define-regras-para-reciclagem-de-baterias-de-carros-eletricos-avanca-no-congresso-nacional\/#local-main-organization-logo"},"image":{"@id":"https:\/\/ubirataonline.com.br\/projeto-de-lei-que-define-regras-para-reciclagem-de-baterias-de-carros-eletricos-avanca-no-congresso-nacional\/#local-main-organization-logo"},"sameAs":["https:\/\/www.facebook.com\/portalubirataonline","https:\/\/x.com\/ubirataonline","https:\/\/mastodon.social\/@ubirataonline","https:\/\/www.facebook.com\/groups\/311144672285604","https:\/\/www.facebook.com\/UBTAOnline","https:\/\/www.instagram.com\/portalubirataonline\/","https:\/\/twitter.com\/ubirataonline"],"description":"Somos um portal de not\u00edcias independente, criado em 5 de janeiro de 2009, com o objetivo de informar, conectar e valorizar a nossa comunidade de Ubirat\u00e3 e toda aregi\u00e3o. Com conte\u00fado atualizado, confi\u00e1vel e relevante, o Ubirat\u00e3 Online \u00e9 o seu espa\u00e7o para ficar por dentro dos principais acontecimentos locais, regionais, Brasil, Mundo e de interesse geral. Nosso compromisso \u00e9 com a verdade, a transpar\u00eancia e o respeito ao leitor.","legalName":"UBIRATA ONLINE NOT\u00cdCIAS","foundingDate":"2009-01-05","numberOfEmployees":{"@type":"QuantitativeValue","minValue":"1","maxValue":"10"},"publishingPrinciples":"https:\/\/ubirataonline.com.br\/faq\/","address":{"@id":"https:\/\/ubirataonline.com.br\/projeto-de-lei-que-define-regras-para-reciclagem-de-baterias-de-carros-eletricos-avanca-no-congresso-nacional\/#local-main-place-address"},"geo":{"@type":"GeoCoordinates","latitude":"-24.5361401","longitude":"-52.9921776"},"telephone":["+5544998308235"],"contactPoint":{"@type":"ContactPoint","email":"contato@ubirataonline.com.br"},"openingHoursSpecification":{"@type":"OpeningHoursSpecification","dayOfWeek":["Monday","Tuesday","Wednesday","Thursday","Friday","Saturday","Sunday"],"opens":"00:00","closes":"23:59"},"email":"contato@ubirataonline.com.br","vatID":"47.621.418\/0001-80"},{"@type":"Person","@id":"https:\/\/ubirataonline.com.br\/#\/schema\/person\/372f87bbd3fdd79b8556b84c98d0bc1c","name":"REDA\u00c7\u00c3O: UBIRAT\u00c3 ONLINE - F\u00c1BIO AUGUSTO CELESTINO","pronouns":"Ele","description":"Desde 2003 trabalhando com not\u00edcias.","sameAs":["http:\/\/ubirataoline.com.br","https:\/\/www.facebook.com\/portalubirataonline","https:\/\/www.instagram.com\/ubirataonline_oficial","https:\/\/x.com\/x.com\/ubirataonline"],"honorificPrefix":"Mr.","honorificSuffix":"MD","birthDate":"1980-06-16","gender":"masculino","award":["V\u00e1rios pr\u00eamios de melhor portal da cidade"],"jobTitle":"Diretor","url":"https:\/\/ubirataonline.com.br\/en\/author\/ubirataonline\/"},{"@type":"PostalAddress","@id":"https:\/\/ubirataonline.com.br\/projeto-de-lei-que-define-regras-para-reciclagem-de-baterias-de-carros-eletricos-avanca-no-congresso-nacional\/#local-main-place-address","streetAddress":"Rua dos Coqueiros, 104 - Bairro Boa Vista, Rua dos Coqueiros, 104 Bairro Boa Vista","addressLocality":"UBIRATA","postalCode":"85440-000","addressRegion":"PR","addressCountry":"BR"},{"@type":"ImageObject","inLanguage":"en-US","@id":"https:\/\/ubirataonline.com.br\/projeto-de-lei-que-define-regras-para-reciclagem-de-baterias-de-carros-eletricos-avanca-no-congresso-nacional\/#local-main-organization-logo","url":"https:\/\/ubirataonline.com.br\/wp-content\/uploads\/2026\/06\/logoubirataonline-1.webp","contentUrl":"https:\/\/ubirataonline.com.br\/wp-content\/uploads\/2026\/06\/logoubirataonline-1.webp","width":500,"height":500,"caption":"Ubirat\u00e3 Online Not\u00edcias"}]},"geo.placename":"UBIRATA","geo.position":{"lat":"-24.5361401","long":"-52.9921776"},"geo.region":"Brazil"},"_links":{"self":[{"href":"https:\/\/ubirataonline.com.br\/en\/wp-json\/wp\/v2\/posts\/171045","targetHints":{"allow":["GET"]}}],"collection":[{"href":"https:\/\/ubirataonline.com.br\/en\/wp-json\/wp\/v2\/posts"}],"about":[{"href":"https:\/\/ubirataonline.com.br\/en\/wp-json\/wp\/v2\/types\/post"}],"author":[{"embeddable":true,"href":"https:\/\/ubirataonline.com.br\/en\/wp-json\/wp\/v2\/users\/1"}],"replies":[{"embeddable":true,"href":"https:\/\/ubirataonline.com.br\/en\/wp-json\/wp\/v2\/comments?post=171045"}],"version-history":[{"count":0,"href":"https:\/\/ubirataonline.com.br\/en\/wp-json\/wp\/v2\/posts\/171045\/revisions"}],"wp:featuredmedia":[{"embeddable":true,"href":"https:\/\/ubirataonline.com.br\/en\/wp-json\/wp\/v2\/media\/171046"}],"wp:attachment":[{"href":"https:\/\/ubirataonline.com.br\/en\/wp-json\/wp\/v2\/media?parent=171045"}],"wp:term":[{"taxonomy":"category","embeddable":true,"href":"https:\/\/ubirataonline.com.br\/en\/wp-json\/wp\/v2\/categories?post=171045"},{"taxonomy":"post_tag","embeddable":true,"href":"https:\/\/ubirataonline.com.br\/en\/wp-json\/wp\/v2\/tags?post=171045"}],"curies":[{"name":"wp","href":"https:\/\/api.w.org\/{rel}","templated":true}]}}