{"id":171049,"date":"2026-09-05T13:32:04","date_gmt":"2026-09-05T16:32:04","guid":{"rendered":"https:\/\/ubirataonline.com.br\/parana-tera-temporais-no-sabado-e-feriado-de-7-de-setembro-com-manhas-geladas\/"},"modified":"2026-09-05T13:32:04","modified_gmt":"2026-09-05T16:32:04","slug":"parana-tera-temporais-no-sabado-e-feriado-de-7-de-setembro-com-manhas-geladas","status":"publish","type":"post","link":"https:\/\/ubirataonline.com.br\/en\/parana-tera-temporais-no-sabado-e-feriado-de-7-de-setembro-com-manhas-geladas\/","title":{"rendered":"Paran\u00e1 ter\u00e1 temporais no s\u00e1bado e feriado de 7 de setembro com manh\u00e3s geladas"},"content":{"rendered":"<h2>Chuva pode vir com temporais no s\u00e1bado; massa de ar frio derruba m\u00ednimas para cerca de 7\u00b0C no feriado de 7 de setembro<\/h2>\n<p>O Paran\u00e1 ter\u00e1 chuva neste s\u00e1bado (5) com possibilidade de temporais localmente intensos, seguida por queda acentuada das temperaturas a partir de domingo (6). No feriado de 7 de setembro, uma massa de ar frio deve deixar as manh\u00e3s geladas em v\u00e1rias \u00e1reas do estado.<\/p>\n<p>As previs\u00f5es e avisos foram divulgados por Simepar e pelo Instituto Nacional de Meteorologia (Inmet).<\/p>\n<h3>O que dizem Simepar e meteorologista<\/h3>\n<p>Segundo o Simepar, a presen\u00e7a de uma frente fria sobre o oceano e de um sistema de baixa press\u00e3o no continente mant\u00e9m os \u00edndices de instabilidade elevados, com chuva ao longo do dia em v\u00e1rias regi\u00f5es paranaenses, afirmou a meteorologista Ra\u00edssa Pimentel.<\/p>\n<p>O Boletim de Gest\u00e3o de Riscos, elaborado pelo Simepar em parceria com a Defesa Civil Estadual, aponta que os acumulados de chuva podem superar 60 mil\u00edmetros na faixa Central do estado, nos Campos Gerais e no Leste.<\/p>\n<h3>Aviso do Inmet<\/h3>\n<p>O Inmet emitiu aviso amarelo para todas as regi\u00f5es do Paran\u00e1. O instituto prev\u00ea:<\/p>\n<ul>\n<li>chuva de 20 a 30 mm por hora ou at\u00e9 50 mm por dia;<\/li>\n<li>ventos de 40 a 60 km\/h;<\/li>\n<li>possibilidade de granizo;<\/li>\n<li>baixo risco de corte de energia, danos em planta\u00e7\u00f5es, queda de galhos e alagamentos.<\/li>\n<\/ul>\n<h3>Como fica o fim de semana<\/h3>\n<p>No s\u00e1bado (5) o tempo ser\u00e1 inst\u00e1vel em v\u00e1rias regi\u00f5es, com possibilidade de tempestades principalmente no Norte e nos Campos Gerais. As temperaturas n\u00e3o devem variar muito ao longo do dia; no Leste as m\u00e1ximas ficam abaixo dos 20\u00b0C.<\/p>\n<p>No domingo (6) a chuva perde for\u00e7a e passa a se concentrar principalmente na faixa Norte, com tend\u00eancia de afastamento gradual. A maior parte do Paran\u00e1 ter\u00e1 tempo est\u00e1vel e sem previs\u00e3o de chuva, exceto o Litoral e a Regi\u00e3o Metropolitana de Curitiba (RMC), onde a nebulosidade permanece e pode ocorrer chuva fraca e ocasional.<\/p>\n<p>No Litoral, os ventos devem ficar mais fortes e persistentes, com possibilidade de agita\u00e7\u00e3o mar\u00edtima.<\/p>\n<h3>Feriado frio<\/h3>\n<p>No feriado de 7 de setembro (segunda-feira) o destaque ser\u00e1 o frio. O Simepar informa que as m\u00ednimas podem ficar pr\u00f3ximas de 7\u00b0C em cidades do Sudoeste, Centro-Sul, Campos Gerais e na Regi\u00e3o Metropolitana de Curitiba. Em Curitiba, a m\u00e1xima \u00e0 tarde n\u00e3o deve passar dos at\u00e9 15\u00b0C.<\/p>","protected":false},"excerpt":{"rendered":"<p>Chuva pode vir com temporais no s\u00e1bado; massa de ar frio derruba m\u00ednimas para cerca de 7\u00b0C no feriado de 7 de setembro O Paran\u00e1 ter\u00e1 chuva neste s\u00e1bado (5) com possibilidade de temporais localmente intensos, seguida por queda acentuada das temperaturas a partir de domingo (6). No feriado de 7 de setembro, uma massa [&hellip;]<\/p>\n","protected":false},"author":1,"featured_media":171050,"comment_status":"","ping_status":"","sticky":false,"template":"","format":"standard","meta":{"googlesitekit_rrm_CAow2JLhCw:productID":"","_gspb_post_css":"","maa_idioma":"","maa_pais":"","footnotes":""},"categories":[43088],"tags":[],"class_list":["post-171049","post","type-post","status-publish","format-standard","has-post-thumbnail","hentry","category-parana"],"blocksy_meta":[],"yoast_head":"<!-- This site is optimized with the Yoast SEO Premium plugin v27.6 (Yoast SEO v27.6) - https:\/\/yoast.com\/product\/yoast-seo-premium-wordpress\/ -->\n<title>Paran\u00e1 ter\u00e1 temporais no s\u00e1bado e feriado de 7 de setembro com manh\u00e3s geladas - Ubirat\u00e3 Online Not\u00edcias - A realidade ao seu alcance!<\/title>\n<meta name=\"description\" content=\"Chuva pode vir com temporais no s\u00e1bado; massa de ar frio derruba m\u00ednimas para cerca de 7\u00b0C no feriado de 7 de setembroO Paran\u00e1 ter\u00e1 chuva neste s\u00e1bado (5)\" \/>\n<meta name=\"robots\" content=\"index, follow, max-snippet:-1, max-image-preview:large, max-video-preview:-1\" \/>\n<link rel=\"canonical\" href=\"https:\/\/ubirataonline.com.br\/en\/parana-tera-temporais-no-sabado-e-feriado-de-7-de-setembro-com-manhas-geladas\/\" \/>\n<meta property=\"og:locale\" content=\"en_US\" \/>\n<meta property=\"og:type\" content=\"article\" \/>\n<meta property=\"og:title\" content=\"Paran\u00e1 ter\u00e1 temporais no s\u00e1bado e feriado de 7 de setembro com manh\u00e3s geladas\" \/>\n<meta property=\"og:description\" content=\"Chuva pode vir com temporais no s\u00e1bado; massa de ar frio derruba m\u00ednimas para cerca de 7\u00b0C no feriado de 7 de setembroO Paran\u00e1 ter\u00e1 chuva neste s\u00e1bado (5)\" \/>\n<meta property=\"og:url\" content=\"https:\/\/ubirataonline.com.br\/en\/parana-tera-temporais-no-sabado-e-feriado-de-7-de-setembro-com-manhas-geladas\/\" \/>\n<meta property=\"og:site_name\" content=\"Ubirat\u00e3 Online Not\u00edcias - A realidade ao seu alcance!\" \/>\n<meta property=\"article:publisher\" content=\"https:\/\/www.facebook.com\/portalubirataonline\" \/>\n<meta property=\"article:author\" content=\"https:\/\/www.facebook.com\/portalubirataonline\" \/>\n<meta property=\"article:published_time\" content=\"2026-09-05T16:32:04+00:00\" \/>\n<meta property=\"og:image\" content=\"https:\/\/ubirataonline.com.br\/wp-content\/uploads\/2026\/05\/logo2026.webp\" \/>\n\t<meta property=\"og:image:width\" content=\"1531\" \/>\n\t<meta property=\"og:image:height\" content=\"418\" \/>\n\t<meta property=\"og:image:type\" content=\"image\/webp\" \/>\n<meta name=\"author\" content=\"REDA\u00c7\u00c3O: UBIRAT\u00c3 ONLINE - F\u00c1BIO AUGUSTO CELESTINO\" \/>\n<meta name=\"twitter:card\" content=\"summary_large_image\" \/>\n<meta name=\"twitter:creator\" content=\"@x.com\/ubirataonline\" \/>\n<meta name=\"twitter:site\" content=\"@ubirataonline\" \/>\n<meta name=\"twitter:label1\" content=\"Written by\" \/>\n\t<meta name=\"twitter:data1\" content=\"REDA\u00c7\u00c3O: UBIRAT\u00c3 ONLINE - F\u00c1BIO AUGUSTO CELESTINO\" \/>\n\t<meta name=\"twitter:label2\" content=\"Est. reading time\" \/>\n\t<meta name=\"twitter:data2\" content=\"2 minutes\" \/>\n<script type=\"application\/ld+json\" class=\"yoast-schema-graph\">{\"@context\":\"https:\\\/\\\/schema.org\",\"@graph\":[{\"@type\":\"NewsArticle\",\"@id\":\"https:\\\/\\\/ubirataonline.com.br\\\/parana-tera-temporais-no-sabado-e-feriado-de-7-de-setembro-com-manhas-geladas\\\/#article\",\"isPartOf\":{\"@id\":\"https:\\\/\\\/ubirataonline.com.br\\\/parana-tera-temporais-no-sabado-e-feriado-de-7-de-setembro-com-manhas-geladas\\\/\"},\"author\":{\"name\":\"REDA\u00c7\u00c3O: UBIRAT\u00c3 ONLINE - F\u00c1BIO AUGUSTO CELESTINO\",\"@id\":\"https:\\\/\\\/ubirataonline.com.br\\\/#\\\/schema\\\/person\\\/372f87bbd3fdd79b8556b84c98d0bc1c\"},\"headline\":\"Paran\u00e1 ter\u00e1 temporais no s\u00e1bado e feriado de 7 de setembro com manh\u00e3s geladas\",\"datePublished\":\"2026-09-05T16:32:04+00:00\",\"mainEntityOfPage\":{\"@id\":\"https:\\\/\\\/ubirataonline.com.br\\\/parana-tera-temporais-no-sabado-e-feriado-de-7-de-setembro-com-manhas-geladas\\\/\"},\"wordCount\":423,\"publisher\":{\"@id\":\"https:\\\/\\\/ubirataonline.com.br\\\/#organization\"},\"image\":{\"@id\":\"https:\\\/\\\/ubirataonline.com.br\\\/parana-tera-temporais-no-sabado-e-feriado-de-7-de-setembro-com-manhas-geladas\\\/#primaryimage\"},\"thumbnailUrl\":\"https:\\\/\\\/ubirataonline.com.br\\\/wp-content\\\/uploads\\\/2026\\\/09\\\/maaimg-post-171049-20260905-163222.webp\",\"articleSection\":[\"Paran\u00e1\"],\"inLanguage\":\"en-US\",\"copyrightYear\":\"2026\",\"copyrightHolder\":{\"@id\":\"https:\\\/\\\/ubirataonline.com.br\\\/en\\\/#organization\"}},{\"@type\":\"WebPage\",\"@id\":\"https:\\\/\\\/ubirataonline.com.br\\\/parana-tera-temporais-no-sabado-e-feriado-de-7-de-setembro-com-manhas-geladas\\\/\",\"url\":\"https:\\\/\\\/ubirataonline.com.br\\\/parana-tera-temporais-no-sabado-e-feriado-de-7-de-setembro-com-manhas-geladas\\\/\",\"name\":\"Paran\u00e1 ter\u00e1 temporais no s\u00e1bado e feriado de 7 de setembro com manh\u00e3s geladas - Ubirat\u00e3 Online Not\u00edcias - A realidade ao seu alcance!\",\"isPartOf\":{\"@id\":\"https:\\\/\\\/ubirataonline.com.br\\\/#website\"},\"primaryImageOfPage\":{\"@id\":\"https:\\\/\\\/ubirataonline.com.br\\\/parana-tera-temporais-no-sabado-e-feriado-de-7-de-setembro-com-manhas-geladas\\\/#primaryimage\"},\"image\":{\"@id\":\"https:\\\/\\\/ubirataonline.com.br\\\/parana-tera-temporais-no-sabado-e-feriado-de-7-de-setembro-com-manhas-geladas\\\/#primaryimage\"},\"thumbnailUrl\":\"https:\\\/\\\/ubirataonline.com.br\\\/wp-content\\\/uploads\\\/2026\\\/09\\\/maaimg-post-171049-20260905-163222.webp\",\"datePublished\":\"2026-09-05T16:32:04+00:00\",\"description\":\"Chuva pode vir com temporais no s\u00e1bado; massa de ar frio derruba m\u00ednimas para cerca de 7\u00b0C no feriado de 7 de setembroO Paran\u00e1 ter\u00e1 chuva neste s\u00e1bado (5)\",\"breadcrumb\":{\"@id\":\"https:\\\/\\\/ubirataonline.com.br\\\/parana-tera-temporais-no-sabado-e-feriado-de-7-de-setembro-com-manhas-geladas\\\/#breadcrumb\"},\"inLanguage\":\"en-US\",\"potentialAction\":[{\"@type\":\"ReadAction\",\"target\":[\"https:\\\/\\\/ubirataonline.com.br\\\/parana-tera-temporais-no-sabado-e-feriado-de-7-de-setembro-com-manhas-geladas\\\/\"]}]},{\"@type\":\"ImageObject\",\"inLanguage\":\"en-US\",\"@id\":\"https:\\\/\\\/ubirataonline.com.br\\\/parana-tera-temporais-no-sabado-e-feriado-de-7-de-setembro-com-manhas-geladas\\\/#primaryimage\",\"url\":\"https:\\\/\\\/ubirataonline.com.br\\\/wp-content\\\/uploads\\\/2026\\\/09\\\/maaimg-post-171049-20260905-163222.webp\",\"contentUrl\":\"https:\\\/\\\/ubirataonline.com.br\\\/wp-content\\\/uploads\\\/2026\\\/09\\\/maaimg-post-171049-20260905-163222.webp\",\"width\":1536,\"height\":1024,\"caption\":\"Imagem ilustrativa Gerada por IA\"},{\"@type\":\"BreadcrumbList\",\"@id\":\"https:\\\/\\\/ubirataonline.com.br\\\/parana-tera-temporais-no-sabado-e-feriado-de-7-de-setembro-com-manhas-geladas\\\/#breadcrumb\",\"itemListElement\":[{\"@type\":\"ListItem\",\"position\":1,\"name\":\"In\u00edcio\",\"item\":\"https:\\\/\\\/ubirataonline.com.br\\\/\"},{\"@type\":\"ListItem\",\"position\":2,\"name\":\"Paran\u00e1 ter\u00e1 temporais no s\u00e1bado e feriado de 7 de setembro com manh\u00e3s geladas\"}]},{\"@type\":\"WebSite\",\"@id\":\"https:\\\/\\\/ubirataonline.com.br\\\/#website\",\"url\":\"https:\\\/\\\/ubirataonline.com.br\\\/\",\"name\":\"Ubirat\u00e3 Online Not\u00edcias\",\"description\":\"Not\u00edcias de Ubirat\u00e3, regi\u00e3o, Brasil e mundo, com informa\u00e7\u00e3o atualizada e compromisso com o leitor.\",\"publisher\":{\"@id\":\"https:\\\/\\\/ubirataonline.com.br\\\/#organization\"},\"alternateName\":\"Ubirat\u00e3 Online\",\"potentialAction\":[{\"@type\":\"SearchAction\",\"target\":{\"@type\":\"EntryPoint\",\"urlTemplate\":\"https:\\\/\\\/ubirataonline.com.br\\\/?s={search_term_string}\"},\"query-input\":{\"@type\":\"PropertyValueSpecification\",\"valueRequired\":true,\"valueName\":\"search_term_string\"}}],\"inLanguage\":\"en-US\"},{\"@type\":[\"Organization\",\"Place\"],\"@id\":\"https:\\\/\\\/ubirataonline.com.br\\\/#organization\",\"name\":\"Ubirat\u00e3 Online Not\u00edcias\",\"alternateName\":\"Ubirat\u00e3 Online\",\"url\":\"https:\\\/\\\/ubirataonline.com.br\\\/\",\"logo\":{\"@id\":\"https:\\\/\\\/ubirataonline.com.br\\\/parana-tera-temporais-no-sabado-e-feriado-de-7-de-setembro-com-manhas-geladas\\\/#local-main-organization-logo\"},\"image\":{\"@id\":\"https:\\\/\\\/ubirataonline.com.br\\\/parana-tera-temporais-no-sabado-e-feriado-de-7-de-setembro-com-manhas-geladas\\\/#local-main-organization-logo\"},\"sameAs\":[\"https:\\\/\\\/www.facebook.com\\\/portalubirataonline\",\"https:\\\/\\\/x.com\\\/ubirataonline\",\"https:\\\/\\\/mastodon.social\\\/@ubirataonline\",\"https:\\\/\\\/www.facebook.com\\\/groups\\\/311144672285604\",\"https:\\\/\\\/www.facebook.com\\\/UBTAOnline\",\"https:\\\/\\\/www.instagram.com\\\/portalubirataonline\\\/\",\"https:\\\/\\\/twitter.com\\\/ubirataonline\"],\"description\":\"Somos um portal de not\u00edcias independente, criado em 5 de janeiro de 2009, com o objetivo de informar, conectar e valorizar a nossa comunidade de Ubirat\u00e3 e toda aregi\u00e3o. Com conte\u00fado atualizado, confi\u00e1vel e relevante, o Ubirat\u00e3 Online \u00e9 o seu espa\u00e7o para ficar por dentro dos principais acontecimentos locais, regionais, Brasil, Mundo e de interesse geral. Nosso compromisso \u00e9 com a verdade, a transpar\u00eancia e o respeito ao leitor.\",\"legalName\":\"UBIRATA ONLINE NOT\u00cdCIAS\",\"foundingDate\":\"2009-01-05\",\"numberOfEmployees\":{\"@type\":\"QuantitativeValue\",\"minValue\":\"1\",\"maxValue\":\"10\"},\"publishingPrinciples\":\"https:\\\/\\\/ubirataonline.com.br\\\/faq\\\/\",\"address\":{\"@id\":\"https:\\\/\\\/ubirataonline.com.br\\\/parana-tera-temporais-no-sabado-e-feriado-de-7-de-setembro-com-manhas-geladas\\\/#local-main-place-address\"},\"geo\":{\"@type\":\"GeoCoordinates\",\"latitude\":\"-24.5361401\",\"longitude\":\"-52.9921776\"},\"telephone\":[\"+5544998308235\"],\"contactPoint\":{\"@type\":\"ContactPoint\",\"email\":\"contato@ubirataonline.com.br\"},\"openingHoursSpecification\":{\"@type\":\"OpeningHoursSpecification\",\"dayOfWeek\":[\"Monday\",\"Tuesday\",\"Wednesday\",\"Thursday\",\"Friday\",\"Saturday\",\"Sunday\"],\"opens\":\"00:00\",\"closes\":\"23:59\"},\"email\":\"contato@ubirataonline.com.br\",\"vatID\":\"47.621.418\\\/0001-80\"},{\"@type\":\"Person\",\"@id\":\"https:\\\/\\\/ubirataonline.com.br\\\/#\\\/schema\\\/person\\\/372f87bbd3fdd79b8556b84c98d0bc1c\",\"name\":\"REDA\u00c7\u00c3O: UBIRAT\u00c3 ONLINE - F\u00c1BIO AUGUSTO CELESTINO\",\"pronouns\":\"Ele\",\"description\":\"Desde 2003 trabalhando com not\u00edcias.\",\"sameAs\":[\"http:\\\/\\\/ubirataoline.com.br\",\"https:\\\/\\\/www.facebook.com\\\/portalubirataonline\",\"https:\\\/\\\/www.instagram.com\\\/ubirataonline_oficial\",\"https:\\\/\\\/x.com\\\/x.com\\\/ubirataonline\"],\"honorificPrefix\":\"Mr.\",\"honorificSuffix\":\"MD\",\"birthDate\":\"1980-06-16\",\"gender\":\"masculino\",\"award\":[\"V\u00e1rios pr\u00eamios de melhor portal da cidade\"],\"jobTitle\":\"Diretor\",\"url\":\"https:\\\/\\\/ubirataonline.com.br\\\/en\\\/author\\\/ubirataonline\\\/\"},{\"@type\":\"PostalAddress\",\"@id\":\"https:\\\/\\\/ubirataonline.com.br\\\/parana-tera-temporais-no-sabado-e-feriado-de-7-de-setembro-com-manhas-geladas\\\/#local-main-place-address\",\"streetAddress\":\"Rua dos Coqueiros, 104 - Bairro Boa Vista, Rua dos Coqueiros, 104 Bairro Boa Vista\",\"addressLocality\":\"UBIRATA\",\"postalCode\":\"85440-000\",\"addressRegion\":\"PR\",\"addressCountry\":\"BR\"},{\"@type\":\"ImageObject\",\"inLanguage\":\"en-US\",\"@id\":\"https:\\\/\\\/ubirataonline.com.br\\\/parana-tera-temporais-no-sabado-e-feriado-de-7-de-setembro-com-manhas-geladas\\\/#local-main-organization-logo\",\"url\":\"https:\\\/\\\/ubirataonline.com.br\\\/wp-content\\\/uploads\\\/2026\\\/06\\\/logoubirataonline-1.webp\",\"contentUrl\":\"https:\\\/\\\/ubirataonline.com.br\\\/wp-content\\\/uploads\\\/2026\\\/06\\\/logoubirataonline-1.webp\",\"width\":500,\"height\":500,\"caption\":\"Ubirat\u00e3 Online Not\u00edcias\"}]}<\/script>\n<meta name=\"geo.placename\" content=\"UBIRATA\" \/>\n<meta name=\"geo.position\" content=\"-24.5361401;-52.9921776\" \/>\n<meta name=\"geo.region\" content=\"Brazil\" \/>\n<!-- \/ Yoast SEO Premium plugin. -->","yoast_head_json":{"title":"Paran\u00e1 ter\u00e1 temporais no s\u00e1bado e feriado de 7 de setembro com manh\u00e3s geladas - Ubirat\u00e3 Online Not\u00edcias - A realidade ao seu alcance!","description":"Chuva pode vir com temporais no s\u00e1bado; massa de ar frio derruba m\u00ednimas para cerca de 7\u00b0C no feriado de 7 de setembroO Paran\u00e1 ter\u00e1 chuva neste s\u00e1bado (5)","robots":{"index":"index","follow":"follow","max-snippet":"max-snippet:-1","max-image-preview":"max-image-preview:large","max-video-preview":"max-video-preview:-1"},"canonical":"https:\/\/ubirataonline.com.br\/en\/parana-tera-temporais-no-sabado-e-feriado-de-7-de-setembro-com-manhas-geladas\/","og_locale":"en_US","og_type":"article","og_title":"Paran\u00e1 ter\u00e1 temporais no s\u00e1bado e feriado de 7 de setembro com manh\u00e3s geladas","og_description":"Chuva pode vir com temporais no s\u00e1bado; massa de ar frio derruba m\u00ednimas para cerca de 7\u00b0C no feriado de 7 de setembroO Paran\u00e1 ter\u00e1 chuva neste s\u00e1bado (5)","og_url":"https:\/\/ubirataonline.com.br\/en\/parana-tera-temporais-no-sabado-e-feriado-de-7-de-setembro-com-manhas-geladas\/","og_site_name":"Ubirat\u00e3 Online Not\u00edcias - A realidade ao seu alcance!","article_publisher":"https:\/\/www.facebook.com\/portalubirataonline","article_author":"https:\/\/www.facebook.com\/portalubirataonline","article_published_time":"2026-09-05T16:32:04+00:00","og_image":[{"width":1531,"height":418,"url":"https:\/\/ubirataonline.com.br\/wp-content\/uploads\/2026\/05\/logo2026.webp","type":"image\/webp"}],"author":"REDA\u00c7\u00c3O: UBIRAT\u00c3 ONLINE - F\u00c1BIO AUGUSTO CELESTINO","twitter_card":"summary_large_image","twitter_creator":"@x.com\/ubirataonline","twitter_site":"@ubirataonline","twitter_misc":{"Written by":"REDA\u00c7\u00c3O: UBIRAT\u00c3 ONLINE - F\u00c1BIO AUGUSTO CELESTINO","Est. reading time":"2 minutes"},"schema":{"@context":"https:\/\/schema.org","@graph":[{"@type":"NewsArticle","@id":"https:\/\/ubirataonline.com.br\/parana-tera-temporais-no-sabado-e-feriado-de-7-de-setembro-com-manhas-geladas\/#article","isPartOf":{"@id":"https:\/\/ubirataonline.com.br\/parana-tera-temporais-no-sabado-e-feriado-de-7-de-setembro-com-manhas-geladas\/"},"author":{"name":"REDA\u00c7\u00c3O: UBIRAT\u00c3 ONLINE - F\u00c1BIO AUGUSTO CELESTINO","@id":"https:\/\/ubirataonline.com.br\/#\/schema\/person\/372f87bbd3fdd79b8556b84c98d0bc1c"},"headline":"Paran\u00e1 ter\u00e1 temporais no s\u00e1bado e feriado de 7 de setembro com manh\u00e3s geladas","datePublished":"2026-09-05T16:32:04+00:00","mainEntityOfPage":{"@id":"https:\/\/ubirataonline.com.br\/parana-tera-temporais-no-sabado-e-feriado-de-7-de-setembro-com-manhas-geladas\/"},"wordCount":423,"publisher":{"@id":"https:\/\/ubirataonline.com.br\/#organization"},"image":{"@id":"https:\/\/ubirataonline.com.br\/parana-tera-temporais-no-sabado-e-feriado-de-7-de-setembro-com-manhas-geladas\/#primaryimage"},"thumbnailUrl":"https:\/\/ubirataonline.com.br\/wp-content\/uploads\/2026\/09\/maaimg-post-171049-20260905-163222.webp","articleSection":["Paran\u00e1"],"inLanguage":"en-US","copyrightYear":"2026","copyrightHolder":{"@id":"https:\/\/ubirataonline.com.br\/en\/#organization"}},{"@type":"WebPage","@id":"https:\/\/ubirataonline.com.br\/parana-tera-temporais-no-sabado-e-feriado-de-7-de-setembro-com-manhas-geladas\/","url":"https:\/\/ubirataonline.com.br\/parana-tera-temporais-no-sabado-e-feriado-de-7-de-setembro-com-manhas-geladas\/","name":"Paran\u00e1 ter\u00e1 temporais no s\u00e1bado e feriado de 7 de setembro com manh\u00e3s geladas - Ubirat\u00e3 Online Not\u00edcias - A realidade ao seu alcance!","isPartOf":{"@id":"https:\/\/ubirataonline.com.br\/#website"},"primaryImageOfPage":{"@id":"https:\/\/ubirataonline.com.br\/parana-tera-temporais-no-sabado-e-feriado-de-7-de-setembro-com-manhas-geladas\/#primaryimage"},"image":{"@id":"https:\/\/ubirataonline.com.br\/parana-tera-temporais-no-sabado-e-feriado-de-7-de-setembro-com-manhas-geladas\/#primaryimage"},"thumbnailUrl":"https:\/\/ubirataonline.com.br\/wp-content\/uploads\/2026\/09\/maaimg-post-171049-20260905-163222.webp","datePublished":"2026-09-05T16:32:04+00:00","description":"Chuva pode vir com temporais no s\u00e1bado; massa de ar frio derruba m\u00ednimas para cerca de 7\u00b0C no feriado de 7 de setembroO Paran\u00e1 ter\u00e1 chuva neste s\u00e1bado (5)","breadcrumb":{"@id":"https:\/\/ubirataonline.com.br\/parana-tera-temporais-no-sabado-e-feriado-de-7-de-setembro-com-manhas-geladas\/#breadcrumb"},"inLanguage":"en-US","potentialAction":[{"@type":"ReadAction","target":["https:\/\/ubirataonline.com.br\/parana-tera-temporais-no-sabado-e-feriado-de-7-de-setembro-com-manhas-geladas\/"]}]},{"@type":"ImageObject","inLanguage":"en-US","@id":"https:\/\/ubirataonline.com.br\/parana-tera-temporais-no-sabado-e-feriado-de-7-de-setembro-com-manhas-geladas\/#primaryimage","url":"https:\/\/ubirataonline.com.br\/wp-content\/uploads\/2026\/09\/maaimg-post-171049-20260905-163222.webp","contentUrl":"https:\/\/ubirataonline.com.br\/wp-content\/uploads\/2026\/09\/maaimg-post-171049-20260905-163222.webp","width":1536,"height":1024,"caption":"Imagem ilustrativa Gerada por IA"},{"@type":"BreadcrumbList","@id":"https:\/\/ubirataonline.com.br\/parana-tera-temporais-no-sabado-e-feriado-de-7-de-setembro-com-manhas-geladas\/#breadcrumb","itemListElement":[{"@type":"ListItem","position":1,"name":"In\u00edcio","item":"https:\/\/ubirataonline.com.br\/"},{"@type":"ListItem","position":2,"name":"Paran\u00e1 ter\u00e1 temporais no s\u00e1bado e feriado de 7 de setembro com manh\u00e3s geladas"}]},{"@type":"WebSite","@id":"https:\/\/ubirataonline.com.br\/#website","url":"https:\/\/ubirataonline.com.br\/","name":"Ubirat\u00e3 Online Not\u00edcias","description":"Not\u00edcias de Ubirat\u00e3, regi\u00e3o, Brasil e mundo, com informa\u00e7\u00e3o atualizada e compromisso com o leitor.","publisher":{"@id":"https:\/\/ubirataonline.com.br\/#organization"},"alternateName":"Ubirat\u00e3 Online","potentialAction":[{"@type":"SearchAction","target":{"@type":"EntryPoint","urlTemplate":"https:\/\/ubirataonline.com.br\/?s={search_term_string}"},"query-input":{"@type":"PropertyValueSpecification","valueRequired":true,"valueName":"search_term_string"}}],"inLanguage":"en-US"},{"@type":["Organization","Place"],"@id":"https:\/\/ubirataonline.com.br\/#organization","name":"Ubirat\u00e3 Online Not\u00edcias","alternateName":"Ubirat\u00e3 Online","url":"https:\/\/ubirataonline.com.br\/","logo":{"@id":"https:\/\/ubirataonline.com.br\/parana-tera-temporais-no-sabado-e-feriado-de-7-de-setembro-com-manhas-geladas\/#local-main-organization-logo"},"image":{"@id":"https:\/\/ubirataonline.com.br\/parana-tera-temporais-no-sabado-e-feriado-de-7-de-setembro-com-manhas-geladas\/#local-main-organization-logo"},"sameAs":["https:\/\/www.facebook.com\/portalubirataonline","https:\/\/x.com\/ubirataonline","https:\/\/mastodon.social\/@ubirataonline","https:\/\/www.facebook.com\/groups\/311144672285604","https:\/\/www.facebook.com\/UBTAOnline","https:\/\/www.instagram.com\/portalubirataonline\/","https:\/\/twitter.com\/ubirataonline"],"description":"Somos um portal de not\u00edcias independente, criado em 5 de janeiro de 2009, com o objetivo de informar, conectar e valorizar a nossa comunidade de Ubirat\u00e3 e toda aregi\u00e3o. Com conte\u00fado atualizado, confi\u00e1vel e relevante, o Ubirat\u00e3 Online \u00e9 o seu espa\u00e7o para ficar por dentro dos principais acontecimentos locais, regionais, Brasil, Mundo e de interesse geral. Nosso compromisso \u00e9 com a verdade, a transpar\u00eancia e o respeito ao leitor.","legalName":"UBIRATA ONLINE NOT\u00cdCIAS","foundingDate":"2009-01-05","numberOfEmployees":{"@type":"QuantitativeValue","minValue":"1","maxValue":"10"},"publishingPrinciples":"https:\/\/ubirataonline.com.br\/faq\/","address":{"@id":"https:\/\/ubirataonline.com.br\/parana-tera-temporais-no-sabado-e-feriado-de-7-de-setembro-com-manhas-geladas\/#local-main-place-address"},"geo":{"@type":"GeoCoordinates","latitude":"-24.5361401","longitude":"-52.9921776"},"telephone":["+5544998308235"],"contactPoint":{"@type":"ContactPoint","email":"contato@ubirataonline.com.br"},"openingHoursSpecification":{"@type":"OpeningHoursSpecification","dayOfWeek":["Monday","Tuesday","Wednesday","Thursday","Friday","Saturday","Sunday"],"opens":"00:00","closes":"23:59"},"email":"contato@ubirataonline.com.br","vatID":"47.621.418\/0001-80"},{"@type":"Person","@id":"https:\/\/ubirataonline.com.br\/#\/schema\/person\/372f87bbd3fdd79b8556b84c98d0bc1c","name":"REDA\u00c7\u00c3O: UBIRAT\u00c3 ONLINE - F\u00c1BIO AUGUSTO CELESTINO","pronouns":"Ele","description":"Desde 2003 trabalhando com not\u00edcias.","sameAs":["http:\/\/ubirataoline.com.br","https:\/\/www.facebook.com\/portalubirataonline","https:\/\/www.instagram.com\/ubirataonline_oficial","https:\/\/x.com\/x.com\/ubirataonline"],"honorificPrefix":"Mr.","honorificSuffix":"MD","birthDate":"1980-06-16","gender":"masculino","award":["V\u00e1rios pr\u00eamios de melhor portal da cidade"],"jobTitle":"Diretor","url":"https:\/\/ubirataonline.com.br\/en\/author\/ubirataonline\/"},{"@type":"PostalAddress","@id":"https:\/\/ubirataonline.com.br\/parana-tera-temporais-no-sabado-e-feriado-de-7-de-setembro-com-manhas-geladas\/#local-main-place-address","streetAddress":"Rua dos Coqueiros, 104 - Bairro Boa Vista, Rua dos Coqueiros, 104 Bairro Boa Vista","addressLocality":"UBIRATA","postalCode":"85440-000","addressRegion":"PR","addressCountry":"BR"},{"@type":"ImageObject","inLanguage":"en-US","@id":"https:\/\/ubirataonline.com.br\/parana-tera-temporais-no-sabado-e-feriado-de-7-de-setembro-com-manhas-geladas\/#local-main-organization-logo","url":"https:\/\/ubirataonline.com.br\/wp-content\/uploads\/2026\/06\/logoubirataonline-1.webp","contentUrl":"https:\/\/ubirataonline.com.br\/wp-content\/uploads\/2026\/06\/logoubirataonline-1.webp","width":500,"height":500,"caption":"Ubirat\u00e3 Online Not\u00edcias"}]},"geo.placename":"UBIRATA","geo.position":{"lat":"-24.5361401","long":"-52.9921776"},"geo.region":"Brazil"},"_links":{"self":[{"href":"https:\/\/ubirataonline.com.br\/en\/wp-json\/wp\/v2\/posts\/171049","targetHints":{"allow":["GET"]}}],"collection":[{"href":"https:\/\/ubirataonline.com.br\/en\/wp-json\/wp\/v2\/posts"}],"about":[{"href":"https:\/\/ubirataonline.com.br\/en\/wp-json\/wp\/v2\/types\/post"}],"author":[{"embeddable":true,"href":"https:\/\/ubirataonline.com.br\/en\/wp-json\/wp\/v2\/users\/1"}],"replies":[{"embeddable":true,"href":"https:\/\/ubirataonline.com.br\/en\/wp-json\/wp\/v2\/comments?post=171049"}],"version-history":[{"count":0,"href":"https:\/\/ubirataonline.com.br\/en\/wp-json\/wp\/v2\/posts\/171049\/revisions"}],"wp:featuredmedia":[{"embeddable":true,"href":"https:\/\/ubirataonline.com.br\/en\/wp-json\/wp\/v2\/media\/171050"}],"wp:attachment":[{"href":"https:\/\/ubirataonline.com.br\/en\/wp-json\/wp\/v2\/media?parent=171049"}],"wp:term":[{"taxonomy":"category","embeddable":true,"href":"https:\/\/ubirataonline.com.br\/en\/wp-json\/wp\/v2\/categories?post=171049"},{"taxonomy":"post_tag","embeddable":true,"href":"https:\/\/ubirataonline.com.br\/en\/wp-json\/wp\/v2\/tags?post=171049"}],"curies":[{"name":"wp","href":"https:\/\/api.w.org\/{rel}","templated":true}]}}