{"id":171058,"date":"2026-09-05T14:46:34","date_gmt":"2026-09-05T17:46:34","guid":{"rendered":"https:\/\/ubirataonline.com.br\/escalacao-do-fluminense-hercules-e-jemmes-sao-baixas-confirmadas-para-o-classico-contra-o-vasco-no-brasileirao\/"},"modified":"2026-09-05T14:46:34","modified_gmt":"2026-09-05T17:46:34","slug":"escalacao-do-fluminense-hercules-e-jemmes-sao-baixas-confirmadas-para-o-classico-contra-o-vasco-no-brasileirao","status":"publish","type":"post","link":"https:\/\/ubirataonline.com.br\/en\/escalacao-do-fluminense-hercules-e-jemmes-sao-baixas-confirmadas-para-o-classico-contra-o-vasco-no-brasileirao\/","title":{"rendered":"Escala\u00e7\u00e3o do Fluminense: H\u00e9rcules e Jemmes s\u00e3o baixas confirmadas para o cl\u00e1ssico contra o Vasco no Brasileir\u00e3o"},"content":{"rendered":"<h2>Fluminense enfrenta desfalques importantes de H\u00e9rcules e Jemmes para o cl\u00e1ssico decisivo contra o Vasco pela 26\u00aa rodada do Campeonato Brasileiro<\/h2>\n<p>O <b>Fluminense<\/b> ter\u00e1 mudan\u00e7as for\u00e7adas para o cl\u00e1ssico contra o <b>Vasco<\/b>, que acontece neste s\u00e1bado, \u00e0s 21h, no <b>Maracan\u00e3<\/b>. Conforme informa\u00e7\u00e3o divulgada pelo <b>ge<\/b>, o volante <b>H\u00e9rcules<\/b> e o zagueiro <b>Jemmes<\/b> est\u00e3o fora da partida devido a problemas f\u00edsicos.<\/p>\n<p>A aus\u00eancia dos dois atletas representa as \u00fanicas baixas confirmadas na escala\u00e7\u00e3o do t\u00e9cnico <b>Marc\u00e3o<\/b> para este compromisso importante do <b>Brasileir\u00e3o<\/b>. A equipe busca manter o foco na tabela de classifica\u00e7\u00e3o para garantir seus objetivos na temporada.<\/p>\n<p>Por outro lado, o torcedor tricolor recebe uma not\u00edcia positiva para o setor defensivo. O experiente zagueiro <b>Thiago Silva<\/b> est\u00e1 de volta ao time titular, ap\u00f3s ter sido poupado pelo comando t\u00e9cnico no jogo anterior.<\/p>\n<h3>Planejamento da comiss\u00e3o t\u00e9cnica<\/h3>\n<p>Mesmo com a proximidade dos jogos decisivos da <b>Libertadores<\/b>, o planejamento da comiss\u00e3o t\u00e9cnica do <b>Fluminense<\/b> \u00e9 manter a for\u00e7a m\u00e1xima. O fato de os pr\u00f3ximos compromissos ocorrerem no Maracan\u00e3 traz confian\u00e7a ao grupo.<\/p>\n<p>A comiss\u00e3o entende que, com a semana livre para treinamentos, n\u00e3o existe a necessidade de poupar jogadores importantes neste momento da temporada de 2026. A meta \u00e9 seguir pontuando no campeonato nacional.<\/p>\n<h3>Situa\u00e7\u00e3o na tabela e prov\u00e1vel escala\u00e7\u00e3o<\/h3>\n<p>Atualmente, o Fluminense ocupa a Quarto posi\u00e7\u00e3o na tabela do Campeonato Brasileiro, somando 42 pontos. O clube precisa da vit\u00f3ria para se distanciar de advers\u00e1rios como Cruzeiro e Bahia, que pressionam logo atr\u00e1s.<\/p>\n<p>A prov\u00e1vel escala\u00e7\u00e3o tricolor para o cl\u00e1ssico conta com: <b>F\u00e1bio<\/b>, <b>Guga<\/b>, <b>Ign\u00e1cio<\/b>, <b>Thiago Silva<\/b> e <b>Ren\u00ea<\/b>, <b>Martinelli<\/b>, <b>Nonato<\/b> e <b>Ganso<\/b>, <b>Canobbio<\/b>, <b>Soteldo<\/b> e <b>Hulk<\/b>.<\/p>\n<h3>Perguntas Frequentes (FAQ)<\/h3>\n<p><b>1. Por que H\u00e9rcules e Jemmes n\u00e3o jogam o cl\u00e1ssico?<\/b><br \/>Ambos est\u00e3o fora da partida devido a problemas f\u00edsicos, conforme reportado pelo ge.<\/p>\n<p><b>2. Thiago Silva vai jogar contra o Vasco?<\/b><br \/>Sim, o zagueiro est\u00e1 confirmado no retorno ao time titular ap\u00f3s ser poupado na rodada anterior.<\/p>\n<p><b>3. Qual a situa\u00e7\u00e3o do Fluminense no Brasileir\u00e3o?<\/b><br \/>O time \u00e9 o quarto colocado, com 42 pontos, e busca a vit\u00f3ria para consolidar a vaga direta na Libertadores.<\/p>\n<p><b>4. O Fluminense vai poupar jogadores para a Libertadores?<\/b><br \/>N\u00e3o. A comiss\u00e3o t\u00e9cnica planeja utilizar a equipe titular, visto que os pr\u00f3ximos jogos tamb\u00e9m ocorrem no Maracan\u00e3.<\/p>\n<p><b>5. Onde e quando ser\u00e1 o cl\u00e1ssico?<\/b><br \/>O jogo acontece neste s\u00e1bado, \u00e0s 21h (de Bras\u00edlia), no est\u00e1dio do Maracan\u00e3.<\/p>","protected":false},"excerpt":{"rendered":"<p>Fluminense enfrenta desfalques importantes de H\u00e9rcules e Jemmes para o cl\u00e1ssico decisivo contra o Vasco pela 26\u00aa rodada do Campeonato Brasileiro O Fluminense ter\u00e1 mudan\u00e7as for\u00e7adas para o cl\u00e1ssico contra o Vasco, que acontece neste s\u00e1bado, \u00e0s 21h, no Maracan\u00e3. Conforme informa\u00e7\u00e3o divulgada pelo ge, o volante H\u00e9rcules e o zagueiro Jemmes est\u00e3o fora da [&hellip;]<\/p>\n","protected":false},"author":1,"featured_media":171059,"comment_status":"","ping_status":"","sticky":false,"template":"","format":"standard","meta":{"googlesitekit_rrm_CAow2JLhCw:productID":"","_gspb_post_css":"","maa_idioma":"","maa_pais":"","footnotes":""},"categories":[40744],"tags":[],"class_list":["post-171058","post","type-post","status-publish","format-standard","has-post-thumbnail","hentry","category-esportes"],"blocksy_meta":[],"yoast_head":"<!-- This site is optimized with the Yoast SEO Premium plugin v27.6 (Yoast SEO v27.6) - https:\/\/yoast.com\/product\/yoast-seo-premium-wordpress\/ -->\n<title>Escala\u00e7\u00e3o do Fluminense: H\u00e9rcules e Jemmes s\u00e3o baixas confirmadas para o cl\u00e1ssico contra o Vasco no Brasileir\u00e3o - Ubirat\u00e3 Online Not\u00edcias - A realidade ao seu alcance!<\/title>\n<meta name=\"description\" content=\"Fluminense enfrenta desfalques importantes de H\u00e9rcules e Jemmes para o cl\u00e1ssico decisivo contra o Vasco pela 26\u00aa rodada do Campeonato Brasileiro O\" \/>\n<meta name=\"robots\" content=\"index, follow, max-snippet:-1, max-image-preview:large, max-video-preview:-1\" \/>\n<link rel=\"canonical\" href=\"https:\/\/ubirataonline.com.br\/en\/escalacao-do-fluminense-hercules-e-jemmes-sao-baixas-confirmadas-para-o-classico-contra-o-vasco-no-brasileirao\/\" \/>\n<meta property=\"og:locale\" content=\"en_US\" \/>\n<meta property=\"og:type\" content=\"article\" \/>\n<meta property=\"og:title\" content=\"Escala\u00e7\u00e3o do Fluminense: H\u00e9rcules e Jemmes s\u00e3o baixas confirmadas para o cl\u00e1ssico contra o Vasco no Brasileir\u00e3o\" \/>\n<meta property=\"og:description\" content=\"Fluminense enfrenta desfalques importantes de H\u00e9rcules e Jemmes para o cl\u00e1ssico decisivo contra o Vasco pela 26\u00aa rodada do Campeonato Brasileiro O\" \/>\n<meta property=\"og:url\" content=\"https:\/\/ubirataonline.com.br\/en\/escalacao-do-fluminense-hercules-e-jemmes-sao-baixas-confirmadas-para-o-classico-contra-o-vasco-no-brasileirao\/\" \/>\n<meta property=\"og:site_name\" content=\"Ubirat\u00e3 Online Not\u00edcias - A realidade ao seu alcance!\" \/>\n<meta property=\"article:publisher\" content=\"https:\/\/www.facebook.com\/portalubirataonline\" \/>\n<meta property=\"article:author\" content=\"https:\/\/www.facebook.com\/portalubirataonline\" \/>\n<meta property=\"article:published_time\" content=\"2026-09-05T17:46:34+00:00\" \/>\n<meta property=\"og:image\" content=\"https:\/\/ubirataonline.com.br\/wp-content\/uploads\/2026\/05\/logo2026.webp\" \/>\n\t<meta property=\"og:image:width\" content=\"1531\" \/>\n\t<meta property=\"og:image:height\" content=\"418\" \/>\n\t<meta property=\"og:image:type\" content=\"image\/webp\" \/>\n<meta name=\"author\" content=\"REDA\u00c7\u00c3O: UBIRAT\u00c3 ONLINE - F\u00c1BIO AUGUSTO CELESTINO\" \/>\n<meta name=\"twitter:card\" content=\"summary_large_image\" \/>\n<meta name=\"twitter:creator\" content=\"@x.com\/ubirataonline\" \/>\n<meta name=\"twitter:site\" content=\"@ubirataonline\" \/>\n<meta name=\"twitter:label1\" content=\"Written by\" \/>\n\t<meta name=\"twitter:data1\" content=\"REDA\u00c7\u00c3O: UBIRAT\u00c3 ONLINE - F\u00c1BIO AUGUSTO CELESTINO\" \/>\n\t<meta name=\"twitter:label2\" content=\"Est. reading time\" \/>\n\t<meta name=\"twitter:data2\" content=\"2 minutes\" \/>\n<script type=\"application\/ld+json\" class=\"yoast-schema-graph\">{\"@context\":\"https:\\\/\\\/schema.org\",\"@graph\":[{\"@type\":\"NewsArticle\",\"@id\":\"https:\\\/\\\/ubirataonline.com.br\\\/escalacao-do-fluminense-hercules-e-jemmes-sao-baixas-confirmadas-para-o-classico-contra-o-vasco-no-brasileirao\\\/#article\",\"isPartOf\":{\"@id\":\"https:\\\/\\\/ubirataonline.com.br\\\/escalacao-do-fluminense-hercules-e-jemmes-sao-baixas-confirmadas-para-o-classico-contra-o-vasco-no-brasileirao\\\/\"},\"author\":{\"name\":\"REDA\u00c7\u00c3O: UBIRAT\u00c3 ONLINE - F\u00c1BIO AUGUSTO CELESTINO\",\"@id\":\"https:\\\/\\\/ubirataonline.com.br\\\/#\\\/schema\\\/person\\\/372f87bbd3fdd79b8556b84c98d0bc1c\"},\"headline\":\"Escala\u00e7\u00e3o do Fluminense: H\u00e9rcules e Jemmes s\u00e3o baixas confirmadas para o cl\u00e1ssico contra o Vasco no Brasileir\u00e3o\",\"datePublished\":\"2026-09-05T17:46:34+00:00\",\"mainEntityOfPage\":{\"@id\":\"https:\\\/\\\/ubirataonline.com.br\\\/escalacao-do-fluminense-hercules-e-jemmes-sao-baixas-confirmadas-para-o-classico-contra-o-vasco-no-brasileirao\\\/\"},\"wordCount\":459,\"publisher\":{\"@id\":\"https:\\\/\\\/ubirataonline.com.br\\\/#organization\"},\"image\":{\"@id\":\"https:\\\/\\\/ubirataonline.com.br\\\/escalacao-do-fluminense-hercules-e-jemmes-sao-baixas-confirmadas-para-o-classico-contra-o-vasco-no-brasileirao\\\/#primaryimage\"},\"thumbnailUrl\":\"https:\\\/\\\/ubirataonline.com.br\\\/wp-content\\\/uploads\\\/2026\\\/09\\\/maaimg-post-171058-20260905-174653.webp\",\"articleSection\":[\"Esportes\"],\"inLanguage\":\"en-US\",\"copyrightYear\":\"2026\",\"copyrightHolder\":{\"@id\":\"https:\\\/\\\/ubirataonline.com.br\\\/en\\\/#organization\"}},{\"@type\":\"WebPage\",\"@id\":\"https:\\\/\\\/ubirataonline.com.br\\\/escalacao-do-fluminense-hercules-e-jemmes-sao-baixas-confirmadas-para-o-classico-contra-o-vasco-no-brasileirao\\\/\",\"url\":\"https:\\\/\\\/ubirataonline.com.br\\\/escalacao-do-fluminense-hercules-e-jemmes-sao-baixas-confirmadas-para-o-classico-contra-o-vasco-no-brasileirao\\\/\",\"name\":\"Escala\u00e7\u00e3o do Fluminense: H\u00e9rcules e Jemmes s\u00e3o baixas confirmadas para o cl\u00e1ssico contra o Vasco no Brasileir\u00e3o - Ubirat\u00e3 Online Not\u00edcias - A realidade ao seu alcance!\",\"isPartOf\":{\"@id\":\"https:\\\/\\\/ubirataonline.com.br\\\/#website\"},\"primaryImageOfPage\":{\"@id\":\"https:\\\/\\\/ubirataonline.com.br\\\/escalacao-do-fluminense-hercules-e-jemmes-sao-baixas-confirmadas-para-o-classico-contra-o-vasco-no-brasileirao\\\/#primaryimage\"},\"image\":{\"@id\":\"https:\\\/\\\/ubirataonline.com.br\\\/escalacao-do-fluminense-hercules-e-jemmes-sao-baixas-confirmadas-para-o-classico-contra-o-vasco-no-brasileirao\\\/#primaryimage\"},\"thumbnailUrl\":\"https:\\\/\\\/ubirataonline.com.br\\\/wp-content\\\/uploads\\\/2026\\\/09\\\/maaimg-post-171058-20260905-174653.webp\",\"datePublished\":\"2026-09-05T17:46:34+00:00\",\"description\":\"Fluminense enfrenta desfalques importantes de H\u00e9rcules e Jemmes para o cl\u00e1ssico decisivo contra o Vasco pela 26\u00aa rodada do Campeonato Brasileiro O\",\"breadcrumb\":{\"@id\":\"https:\\\/\\\/ubirataonline.com.br\\\/escalacao-do-fluminense-hercules-e-jemmes-sao-baixas-confirmadas-para-o-classico-contra-o-vasco-no-brasileirao\\\/#breadcrumb\"},\"inLanguage\":\"en-US\",\"potentialAction\":[{\"@type\":\"ReadAction\",\"target\":[\"https:\\\/\\\/ubirataonline.com.br\\\/escalacao-do-fluminense-hercules-e-jemmes-sao-baixas-confirmadas-para-o-classico-contra-o-vasco-no-brasileirao\\\/\"]}]},{\"@type\":\"ImageObject\",\"inLanguage\":\"en-US\",\"@id\":\"https:\\\/\\\/ubirataonline.com.br\\\/escalacao-do-fluminense-hercules-e-jemmes-sao-baixas-confirmadas-para-o-classico-contra-o-vasco-no-brasileirao\\\/#primaryimage\",\"url\":\"https:\\\/\\\/ubirataonline.com.br\\\/wp-content\\\/uploads\\\/2026\\\/09\\\/maaimg-post-171058-20260905-174653.webp\",\"contentUrl\":\"https:\\\/\\\/ubirataonline.com.br\\\/wp-content\\\/uploads\\\/2026\\\/09\\\/maaimg-post-171058-20260905-174653.webp\",\"width\":1536,\"height\":1024,\"caption\":\"Imagem ilustrativa Gerada por IA\"},{\"@type\":\"BreadcrumbList\",\"@id\":\"https:\\\/\\\/ubirataonline.com.br\\\/escalacao-do-fluminense-hercules-e-jemmes-sao-baixas-confirmadas-para-o-classico-contra-o-vasco-no-brasileirao\\\/#breadcrumb\",\"itemListElement\":[{\"@type\":\"ListItem\",\"position\":1,\"name\":\"In\u00edcio\",\"item\":\"https:\\\/\\\/ubirataonline.com.br\\\/\"},{\"@type\":\"ListItem\",\"position\":2,\"name\":\"Escala\u00e7\u00e3o do Fluminense: H\u00e9rcules e Jemmes s\u00e3o baixas confirmadas para o cl\u00e1ssico contra o Vasco no Brasileir\u00e3o\"}]},{\"@type\":\"WebSite\",\"@id\":\"https:\\\/\\\/ubirataonline.com.br\\\/#website\",\"url\":\"https:\\\/\\\/ubirataonline.com.br\\\/\",\"name\":\"Ubirat\u00e3 Online Not\u00edcias\",\"description\":\"Not\u00edcias de Ubirat\u00e3, regi\u00e3o, Brasil e mundo, com informa\u00e7\u00e3o atualizada e compromisso com o leitor.\",\"publisher\":{\"@id\":\"https:\\\/\\\/ubirataonline.com.br\\\/#organization\"},\"alternateName\":\"Ubirat\u00e3 Online\",\"potentialAction\":[{\"@type\":\"SearchAction\",\"target\":{\"@type\":\"EntryPoint\",\"urlTemplate\":\"https:\\\/\\\/ubirataonline.com.br\\\/?s={search_term_string}\"},\"query-input\":{\"@type\":\"PropertyValueSpecification\",\"valueRequired\":true,\"valueName\":\"search_term_string\"}}],\"inLanguage\":\"en-US\"},{\"@type\":[\"Organization\",\"Place\"],\"@id\":\"https:\\\/\\\/ubirataonline.com.br\\\/#organization\",\"name\":\"Ubirat\u00e3 Online Not\u00edcias\",\"alternateName\":\"Ubirat\u00e3 Online\",\"url\":\"https:\\\/\\\/ubirataonline.com.br\\\/\",\"logo\":{\"@id\":\"https:\\\/\\\/ubirataonline.com.br\\\/escalacao-do-fluminense-hercules-e-jemmes-sao-baixas-confirmadas-para-o-classico-contra-o-vasco-no-brasileirao\\\/#local-main-organization-logo\"},\"image\":{\"@id\":\"https:\\\/\\\/ubirataonline.com.br\\\/escalacao-do-fluminense-hercules-e-jemmes-sao-baixas-confirmadas-para-o-classico-contra-o-vasco-no-brasileirao\\\/#local-main-organization-logo\"},\"sameAs\":[\"https:\\\/\\\/www.facebook.com\\\/portalubirataonline\",\"https:\\\/\\\/x.com\\\/ubirataonline\",\"https:\\\/\\\/mastodon.social\\\/@ubirataonline\",\"https:\\\/\\\/www.facebook.com\\\/groups\\\/311144672285604\",\"https:\\\/\\\/www.facebook.com\\\/UBTAOnline\",\"https:\\\/\\\/www.instagram.com\\\/portalubirataonline\\\/\",\"https:\\\/\\\/twitter.com\\\/ubirataonline\"],\"description\":\"Somos um portal de not\u00edcias independente, criado em 5 de janeiro de 2009, com o objetivo de informar, conectar e valorizar a nossa comunidade de Ubirat\u00e3 e toda aregi\u00e3o. Com conte\u00fado atualizado, confi\u00e1vel e relevante, o Ubirat\u00e3 Online \u00e9 o seu espa\u00e7o para ficar por dentro dos principais acontecimentos locais, regionais, Brasil, Mundo e de interesse geral. Nosso compromisso \u00e9 com a verdade, a transpar\u00eancia e o respeito ao leitor.\",\"legalName\":\"UBIRATA ONLINE NOT\u00cdCIAS\",\"foundingDate\":\"2009-01-05\",\"numberOfEmployees\":{\"@type\":\"QuantitativeValue\",\"minValue\":\"1\",\"maxValue\":\"10\"},\"publishingPrinciples\":\"https:\\\/\\\/ubirataonline.com.br\\\/faq\\\/\",\"address\":{\"@id\":\"https:\\\/\\\/ubirataonline.com.br\\\/escalacao-do-fluminense-hercules-e-jemmes-sao-baixas-confirmadas-para-o-classico-contra-o-vasco-no-brasileirao\\\/#local-main-place-address\"},\"geo\":{\"@type\":\"GeoCoordinates\",\"latitude\":\"-24.5361401\",\"longitude\":\"-52.9921776\"},\"telephone\":[\"+5544998308235\"],\"contactPoint\":{\"@type\":\"ContactPoint\",\"email\":\"contato@ubirataonline.com.br\"},\"openingHoursSpecification\":{\"@type\":\"OpeningHoursSpecification\",\"dayOfWeek\":[\"Monday\",\"Tuesday\",\"Wednesday\",\"Thursday\",\"Friday\",\"Saturday\",\"Sunday\"],\"opens\":\"00:00\",\"closes\":\"23:59\"},\"email\":\"contato@ubirataonline.com.br\",\"vatID\":\"47.621.418\\\/0001-80\"},{\"@type\":\"Person\",\"@id\":\"https:\\\/\\\/ubirataonline.com.br\\\/#\\\/schema\\\/person\\\/372f87bbd3fdd79b8556b84c98d0bc1c\",\"name\":\"REDA\u00c7\u00c3O: UBIRAT\u00c3 ONLINE - F\u00c1BIO AUGUSTO CELESTINO\",\"pronouns\":\"Ele\",\"description\":\"Desde 2003 trabalhando com not\u00edcias.\",\"sameAs\":[\"http:\\\/\\\/ubirataoline.com.br\",\"https:\\\/\\\/www.facebook.com\\\/portalubirataonline\",\"https:\\\/\\\/www.instagram.com\\\/ubirataonline_oficial\",\"https:\\\/\\\/x.com\\\/x.com\\\/ubirataonline\"],\"honorificPrefix\":\"Mr.\",\"honorificSuffix\":\"MD\",\"birthDate\":\"1980-06-16\",\"gender\":\"masculino\",\"award\":[\"V\u00e1rios pr\u00eamios de melhor portal da cidade\"],\"jobTitle\":\"Diretor\",\"url\":\"https:\\\/\\\/ubirataonline.com.br\\\/en\\\/author\\\/ubirataonline\\\/\"},{\"@type\":\"PostalAddress\",\"@id\":\"https:\\\/\\\/ubirataonline.com.br\\\/escalacao-do-fluminense-hercules-e-jemmes-sao-baixas-confirmadas-para-o-classico-contra-o-vasco-no-brasileirao\\\/#local-main-place-address\",\"streetAddress\":\"Rua dos Coqueiros, 104 - Bairro Boa Vista, Rua dos Coqueiros, 104 Bairro Boa Vista\",\"addressLocality\":\"UBIRATA\",\"postalCode\":\"85440-000\",\"addressRegion\":\"PR\",\"addressCountry\":\"BR\"},{\"@type\":\"ImageObject\",\"inLanguage\":\"en-US\",\"@id\":\"https:\\\/\\\/ubirataonline.com.br\\\/escalacao-do-fluminense-hercules-e-jemmes-sao-baixas-confirmadas-para-o-classico-contra-o-vasco-no-brasileirao\\\/#local-main-organization-logo\",\"url\":\"https:\\\/\\\/ubirataonline.com.br\\\/wp-content\\\/uploads\\\/2026\\\/06\\\/logoubirataonline-1.webp\",\"contentUrl\":\"https:\\\/\\\/ubirataonline.com.br\\\/wp-content\\\/uploads\\\/2026\\\/06\\\/logoubirataonline-1.webp\",\"width\":500,\"height\":500,\"caption\":\"Ubirat\u00e3 Online Not\u00edcias\"}]}<\/script>\n<meta name=\"geo.placename\" content=\"UBIRATA\" \/>\n<meta name=\"geo.position\" content=\"-24.5361401;-52.9921776\" \/>\n<meta name=\"geo.region\" content=\"Brazil\" \/>\n<!-- \/ Yoast SEO Premium plugin. -->","yoast_head_json":{"title":"Escala\u00e7\u00e3o do Fluminense: H\u00e9rcules e Jemmes s\u00e3o baixas confirmadas para o cl\u00e1ssico contra o Vasco no Brasileir\u00e3o - Ubirat\u00e3 Online Not\u00edcias - A realidade ao seu alcance!","description":"Fluminense enfrenta desfalques importantes de H\u00e9rcules e Jemmes para o cl\u00e1ssico decisivo contra o Vasco pela 26\u00aa rodada do Campeonato Brasileiro O","robots":{"index":"index","follow":"follow","max-snippet":"max-snippet:-1","max-image-preview":"max-image-preview:large","max-video-preview":"max-video-preview:-1"},"canonical":"https:\/\/ubirataonline.com.br\/en\/escalacao-do-fluminense-hercules-e-jemmes-sao-baixas-confirmadas-para-o-classico-contra-o-vasco-no-brasileirao\/","og_locale":"en_US","og_type":"article","og_title":"Escala\u00e7\u00e3o do Fluminense: H\u00e9rcules e Jemmes s\u00e3o baixas confirmadas para o cl\u00e1ssico contra o Vasco no Brasileir\u00e3o","og_description":"Fluminense enfrenta desfalques importantes de H\u00e9rcules e Jemmes para o cl\u00e1ssico decisivo contra o Vasco pela 26\u00aa rodada do Campeonato Brasileiro O","og_url":"https:\/\/ubirataonline.com.br\/en\/escalacao-do-fluminense-hercules-e-jemmes-sao-baixas-confirmadas-para-o-classico-contra-o-vasco-no-brasileirao\/","og_site_name":"Ubirat\u00e3 Online Not\u00edcias - A realidade ao seu alcance!","article_publisher":"https:\/\/www.facebook.com\/portalubirataonline","article_author":"https:\/\/www.facebook.com\/portalubirataonline","article_published_time":"2026-09-05T17:46:34+00:00","og_image":[{"width":1531,"height":418,"url":"https:\/\/ubirataonline.com.br\/wp-content\/uploads\/2026\/05\/logo2026.webp","type":"image\/webp"}],"author":"REDA\u00c7\u00c3O: UBIRAT\u00c3 ONLINE - F\u00c1BIO AUGUSTO CELESTINO","twitter_card":"summary_large_image","twitter_creator":"@x.com\/ubirataonline","twitter_site":"@ubirataonline","twitter_misc":{"Written by":"REDA\u00c7\u00c3O: UBIRAT\u00c3 ONLINE - F\u00c1BIO AUGUSTO CELESTINO","Est. reading time":"2 minutes"},"schema":{"@context":"https:\/\/schema.org","@graph":[{"@type":"NewsArticle","@id":"https:\/\/ubirataonline.com.br\/escalacao-do-fluminense-hercules-e-jemmes-sao-baixas-confirmadas-para-o-classico-contra-o-vasco-no-brasileirao\/#article","isPartOf":{"@id":"https:\/\/ubirataonline.com.br\/escalacao-do-fluminense-hercules-e-jemmes-sao-baixas-confirmadas-para-o-classico-contra-o-vasco-no-brasileirao\/"},"author":{"name":"REDA\u00c7\u00c3O: UBIRAT\u00c3 ONLINE - F\u00c1BIO AUGUSTO CELESTINO","@id":"https:\/\/ubirataonline.com.br\/#\/schema\/person\/372f87bbd3fdd79b8556b84c98d0bc1c"},"headline":"Escala\u00e7\u00e3o do Fluminense: H\u00e9rcules e Jemmes s\u00e3o baixas confirmadas para o cl\u00e1ssico contra o Vasco no Brasileir\u00e3o","datePublished":"2026-09-05T17:46:34+00:00","mainEntityOfPage":{"@id":"https:\/\/ubirataonline.com.br\/escalacao-do-fluminense-hercules-e-jemmes-sao-baixas-confirmadas-para-o-classico-contra-o-vasco-no-brasileirao\/"},"wordCount":459,"publisher":{"@id":"https:\/\/ubirataonline.com.br\/#organization"},"image":{"@id":"https:\/\/ubirataonline.com.br\/escalacao-do-fluminense-hercules-e-jemmes-sao-baixas-confirmadas-para-o-classico-contra-o-vasco-no-brasileirao\/#primaryimage"},"thumbnailUrl":"https:\/\/ubirataonline.com.br\/wp-content\/uploads\/2026\/09\/maaimg-post-171058-20260905-174653.webp","articleSection":["Esportes"],"inLanguage":"en-US","copyrightYear":"2026","copyrightHolder":{"@id":"https:\/\/ubirataonline.com.br\/en\/#organization"}},{"@type":"WebPage","@id":"https:\/\/ubirataonline.com.br\/escalacao-do-fluminense-hercules-e-jemmes-sao-baixas-confirmadas-para-o-classico-contra-o-vasco-no-brasileirao\/","url":"https:\/\/ubirataonline.com.br\/escalacao-do-fluminense-hercules-e-jemmes-sao-baixas-confirmadas-para-o-classico-contra-o-vasco-no-brasileirao\/","name":"Escala\u00e7\u00e3o do Fluminense: H\u00e9rcules e Jemmes s\u00e3o baixas confirmadas para o cl\u00e1ssico contra o Vasco no Brasileir\u00e3o - Ubirat\u00e3 Online Not\u00edcias - A realidade ao seu alcance!","isPartOf":{"@id":"https:\/\/ubirataonline.com.br\/#website"},"primaryImageOfPage":{"@id":"https:\/\/ubirataonline.com.br\/escalacao-do-fluminense-hercules-e-jemmes-sao-baixas-confirmadas-para-o-classico-contra-o-vasco-no-brasileirao\/#primaryimage"},"image":{"@id":"https:\/\/ubirataonline.com.br\/escalacao-do-fluminense-hercules-e-jemmes-sao-baixas-confirmadas-para-o-classico-contra-o-vasco-no-brasileirao\/#primaryimage"},"thumbnailUrl":"https:\/\/ubirataonline.com.br\/wp-content\/uploads\/2026\/09\/maaimg-post-171058-20260905-174653.webp","datePublished":"2026-09-05T17:46:34+00:00","description":"Fluminense enfrenta desfalques importantes de H\u00e9rcules e Jemmes para o cl\u00e1ssico decisivo contra o Vasco pela 26\u00aa rodada do Campeonato Brasileiro O","breadcrumb":{"@id":"https:\/\/ubirataonline.com.br\/escalacao-do-fluminense-hercules-e-jemmes-sao-baixas-confirmadas-para-o-classico-contra-o-vasco-no-brasileirao\/#breadcrumb"},"inLanguage":"en-US","potentialAction":[{"@type":"ReadAction","target":["https:\/\/ubirataonline.com.br\/escalacao-do-fluminense-hercules-e-jemmes-sao-baixas-confirmadas-para-o-classico-contra-o-vasco-no-brasileirao\/"]}]},{"@type":"ImageObject","inLanguage":"en-US","@id":"https:\/\/ubirataonline.com.br\/escalacao-do-fluminense-hercules-e-jemmes-sao-baixas-confirmadas-para-o-classico-contra-o-vasco-no-brasileirao\/#primaryimage","url":"https:\/\/ubirataonline.com.br\/wp-content\/uploads\/2026\/09\/maaimg-post-171058-20260905-174653.webp","contentUrl":"https:\/\/ubirataonline.com.br\/wp-content\/uploads\/2026\/09\/maaimg-post-171058-20260905-174653.webp","width":1536,"height":1024,"caption":"Imagem ilustrativa Gerada por IA"},{"@type":"BreadcrumbList","@id":"https:\/\/ubirataonline.com.br\/escalacao-do-fluminense-hercules-e-jemmes-sao-baixas-confirmadas-para-o-classico-contra-o-vasco-no-brasileirao\/#breadcrumb","itemListElement":[{"@type":"ListItem","position":1,"name":"In\u00edcio","item":"https:\/\/ubirataonline.com.br\/"},{"@type":"ListItem","position":2,"name":"Escala\u00e7\u00e3o do Fluminense: H\u00e9rcules e Jemmes s\u00e3o baixas confirmadas para o cl\u00e1ssico contra o Vasco no Brasileir\u00e3o"}]},{"@type":"WebSite","@id":"https:\/\/ubirataonline.com.br\/#website","url":"https:\/\/ubirataonline.com.br\/","name":"Ubirat\u00e3 Online Not\u00edcias","description":"Not\u00edcias de Ubirat\u00e3, regi\u00e3o, Brasil e mundo, com informa\u00e7\u00e3o atualizada e compromisso com o leitor.","publisher":{"@id":"https:\/\/ubirataonline.com.br\/#organization"},"alternateName":"Ubirat\u00e3 Online","potentialAction":[{"@type":"SearchAction","target":{"@type":"EntryPoint","urlTemplate":"https:\/\/ubirataonline.com.br\/?s={search_term_string}"},"query-input":{"@type":"PropertyValueSpecification","valueRequired":true,"valueName":"search_term_string"}}],"inLanguage":"en-US"},{"@type":["Organization","Place"],"@id":"https:\/\/ubirataonline.com.br\/#organization","name":"Ubirat\u00e3 Online Not\u00edcias","alternateName":"Ubirat\u00e3 Online","url":"https:\/\/ubirataonline.com.br\/","logo":{"@id":"https:\/\/ubirataonline.com.br\/escalacao-do-fluminense-hercules-e-jemmes-sao-baixas-confirmadas-para-o-classico-contra-o-vasco-no-brasileirao\/#local-main-organization-logo"},"image":{"@id":"https:\/\/ubirataonline.com.br\/escalacao-do-fluminense-hercules-e-jemmes-sao-baixas-confirmadas-para-o-classico-contra-o-vasco-no-brasileirao\/#local-main-organization-logo"},"sameAs":["https:\/\/www.facebook.com\/portalubirataonline","https:\/\/x.com\/ubirataonline","https:\/\/mastodon.social\/@ubirataonline","https:\/\/www.facebook.com\/groups\/311144672285604","https:\/\/www.facebook.com\/UBTAOnline","https:\/\/www.instagram.com\/portalubirataonline\/","https:\/\/twitter.com\/ubirataonline"],"description":"Somos um portal de not\u00edcias independente, criado em 5 de janeiro de 2009, com o objetivo de informar, conectar e valorizar a nossa comunidade de Ubirat\u00e3 e toda aregi\u00e3o. Com conte\u00fado atualizado, confi\u00e1vel e relevante, o Ubirat\u00e3 Online \u00e9 o seu espa\u00e7o para ficar por dentro dos principais acontecimentos locais, regionais, Brasil, Mundo e de interesse geral. Nosso compromisso \u00e9 com a verdade, a transpar\u00eancia e o respeito ao leitor.","legalName":"UBIRATA ONLINE NOT\u00cdCIAS","foundingDate":"2009-01-05","numberOfEmployees":{"@type":"QuantitativeValue","minValue":"1","maxValue":"10"},"publishingPrinciples":"https:\/\/ubirataonline.com.br\/faq\/","address":{"@id":"https:\/\/ubirataonline.com.br\/escalacao-do-fluminense-hercules-e-jemmes-sao-baixas-confirmadas-para-o-classico-contra-o-vasco-no-brasileirao\/#local-main-place-address"},"geo":{"@type":"GeoCoordinates","latitude":"-24.5361401","longitude":"-52.9921776"},"telephone":["+5544998308235"],"contactPoint":{"@type":"ContactPoint","email":"contato@ubirataonline.com.br"},"openingHoursSpecification":{"@type":"OpeningHoursSpecification","dayOfWeek":["Monday","Tuesday","Wednesday","Thursday","Friday","Saturday","Sunday"],"opens":"00:00","closes":"23:59"},"email":"contato@ubirataonline.com.br","vatID":"47.621.418\/0001-80"},{"@type":"Person","@id":"https:\/\/ubirataonline.com.br\/#\/schema\/person\/372f87bbd3fdd79b8556b84c98d0bc1c","name":"REDA\u00c7\u00c3O: UBIRAT\u00c3 ONLINE - F\u00c1BIO AUGUSTO CELESTINO","pronouns":"Ele","description":"Desde 2003 trabalhando com not\u00edcias.","sameAs":["http:\/\/ubirataoline.com.br","https:\/\/www.facebook.com\/portalubirataonline","https:\/\/www.instagram.com\/ubirataonline_oficial","https:\/\/x.com\/x.com\/ubirataonline"],"honorificPrefix":"Mr.","honorificSuffix":"MD","birthDate":"1980-06-16","gender":"masculino","award":["V\u00e1rios pr\u00eamios de melhor portal da cidade"],"jobTitle":"Diretor","url":"https:\/\/ubirataonline.com.br\/en\/author\/ubirataonline\/"},{"@type":"PostalAddress","@id":"https:\/\/ubirataonline.com.br\/escalacao-do-fluminense-hercules-e-jemmes-sao-baixas-confirmadas-para-o-classico-contra-o-vasco-no-brasileirao\/#local-main-place-address","streetAddress":"Rua dos Coqueiros, 104 - Bairro Boa Vista, Rua dos Coqueiros, 104 Bairro Boa Vista","addressLocality":"UBIRATA","postalCode":"85440-000","addressRegion":"PR","addressCountry":"BR"},{"@type":"ImageObject","inLanguage":"en-US","@id":"https:\/\/ubirataonline.com.br\/escalacao-do-fluminense-hercules-e-jemmes-sao-baixas-confirmadas-para-o-classico-contra-o-vasco-no-brasileirao\/#local-main-organization-logo","url":"https:\/\/ubirataonline.com.br\/wp-content\/uploads\/2026\/06\/logoubirataonline-1.webp","contentUrl":"https:\/\/ubirataonline.com.br\/wp-content\/uploads\/2026\/06\/logoubirataonline-1.webp","width":500,"height":500,"caption":"Ubirat\u00e3 Online Not\u00edcias"}]},"geo.placename":"UBIRATA","geo.position":{"lat":"-24.5361401","long":"-52.9921776"},"geo.region":"Brazil"},"_links":{"self":[{"href":"https:\/\/ubirataonline.com.br\/en\/wp-json\/wp\/v2\/posts\/171058","targetHints":{"allow":["GET"]}}],"collection":[{"href":"https:\/\/ubirataonline.com.br\/en\/wp-json\/wp\/v2\/posts"}],"about":[{"href":"https:\/\/ubirataonline.com.br\/en\/wp-json\/wp\/v2\/types\/post"}],"author":[{"embeddable":true,"href":"https:\/\/ubirataonline.com.br\/en\/wp-json\/wp\/v2\/users\/1"}],"replies":[{"embeddable":true,"href":"https:\/\/ubirataonline.com.br\/en\/wp-json\/wp\/v2\/comments?post=171058"}],"version-history":[{"count":0,"href":"https:\/\/ubirataonline.com.br\/en\/wp-json\/wp\/v2\/posts\/171058\/revisions"}],"wp:featuredmedia":[{"embeddable":true,"href":"https:\/\/ubirataonline.com.br\/en\/wp-json\/wp\/v2\/media\/171059"}],"wp:attachment":[{"href":"https:\/\/ubirataonline.com.br\/en\/wp-json\/wp\/v2\/media?parent=171058"}],"wp:term":[{"taxonomy":"category","embeddable":true,"href":"https:\/\/ubirataonline.com.br\/en\/wp-json\/wp\/v2\/categories?post=171058"},{"taxonomy":"post_tag","embeddable":true,"href":"https:\/\/ubirataonline.com.br\/en\/wp-json\/wp\/v2\/tags?post=171058"}],"curies":[{"name":"wp","href":"https:\/\/api.w.org\/{rel}","templated":true}]}}