{"id":171079,"date":"2026-09-05T15:46:02","date_gmt":"2026-09-05T18:46:02","guid":{"rendered":"https:\/\/ubirataonline.com.br\/projeto-de-lei-na-comissao-de-seguranca-publica-propoe-aumento-severo-na-pena-para-crimes-contra-policiais-e-agentes-da-justica\/"},"modified":"2026-09-05T15:46:02","modified_gmt":"2026-09-05T18:46:02","slug":"projeto-de-lei-na-comissao-de-seguranca-publica-propoe-aumento-severo-na-pena-para-crimes-contra-policiais-e-agentes-da-justica","status":"publish","type":"post","link":"https:\/\/ubirataonline.com.br\/en\/projeto-de-lei-na-comissao-de-seguranca-publica-propoe-aumento-severo-na-pena-para-crimes-contra-policiais-e-agentes-da-justica\/","title":{"rendered":"Projeto de lei na Comiss\u00e3o de Seguran\u00e7a P\u00fablica prop\u00f5e aumento severo na pena para crimes contra policiais e agentes da Justi\u00e7a"},"content":{"rendered":"<h2>A Comiss\u00e3o de Seguran\u00e7a P\u00fablica do Senado Federal aprovou um projeto de lei que prev\u00ea o endurecimento das penas para crimes cometidos contra agentes de seguran\u00e7a e membros da Justi\u00e7a.<\/h2>\n<p>O avan\u00e7o da medida busca oferecer maior prote\u00e7\u00e3o aos profissionais que atuam na linha de frente da seguran\u00e7a p\u00fablica e do sistema judici\u00e1rio brasileiro. A iniciativa foca em casos de homic\u00eddio e les\u00e3o corporal.<\/p>\n<p>Conforme informa\u00e7\u00e3o divulgada pelo <b>Senado Federal<\/b>, o projeto de lei PL 5.744\/2023 foi aprovado pela comiss\u00e3o tem\u00e1tica e agora segue seu curso dentro do rito legislativo da casa.<\/p>\n<h3>Alcance da nova legisla\u00e7\u00e3o<\/h3>\n<p>A medida n\u00e3o abrange apenas os policiais. A prote\u00e7\u00e3o estendida pela proposta inclui tamb\u00e9m membros do sistema de Justi\u00e7a e Seguran\u00e7a privados. O requisito fundamental para a aplica\u00e7\u00e3o da pena agravada \u00e9 que o crime ocorra enquanto o profissional estiver no exerc\u00edcio de suas fun\u00e7\u00f5es.<\/p>\n<h3>Foco em les\u00f5es corporais<\/h3>\n<p>Al\u00e9m dos casos de homic\u00eddio, o projeto de lei aprovado pela comiss\u00e3o tamb\u00e9m prev\u00ea o endurecimento das puni\u00e7\u00f5es para crimes de <b>les\u00e3o corporal<\/b>. O objetivo \u00e9 desestimular agress\u00f5es f\u00edsicas contra esses trabalhadores durante o desempenho de suas atividades profissionais di\u00e1rias.<\/p>\n<h3>Pr\u00f3ximos passos do PL 5.744\/2023<\/h3>\n<p>Ap\u00f3s a aprova\u00e7\u00e3o na Comiss\u00e3o de Seguran\u00e7a P\u00fablica, o projeto continua sua tramita\u00e7\u00e3o no Senado Federal.<\/p>\n<h3>Perguntas Frequentes<\/h3>\n<p>Qual \u00e9 o objetivo principal do PL 5.744\/2023? O projeto visa aumentar as penas para homic\u00eddios e les\u00f5es corporais contra agentes de seguran\u00e7a, Seguran\u00e7a privados e membros da Justi\u00e7a.<\/p>\n<p><b>Qual a pena m\u00e1xima prevista para homic\u00eddio nesses casos?<\/b> Segundo a proposta, a pena m\u00e1xima pode chegar a 40 anos de pris\u00e3o para quem cometer assassinato contra esses profissionais.<\/p>\n<p><b>O projeto protege apenas policiais?<\/b> N\u00e3o, a proposta abrange tamb\u00e9m membros do sistema de Justi\u00e7a e profissionais da seguran\u00e7a privada em exerc\u00edcio de suas fun\u00e7\u00f5es.<\/p>\n<p><b>A medida j\u00e1 est\u00e1 valendo?<\/b> N\u00e3o, o projeto foi aprovado na Comiss\u00e3o de Seguran\u00e7a P\u00fablica e ainda precisa cumprir os tr\u00e2mites legislativos necess\u00e1rios no Senado.<\/p>\n<p><b>Quais crimes s\u00e3o agravados pela proposta?<\/b> A medida foca especificamente em crimes de homic\u00eddio e de les\u00e3o corporal cometidos contra os profissionais listados no texto.<\/p>","protected":false},"excerpt":{"rendered":"<p>A Comiss\u00e3o de Seguran\u00e7a P\u00fablica do Senado Federal aprovou um projeto de lei que prev\u00ea o endurecimento das penas para crimes cometidos contra agentes de seguran\u00e7a e membros da Justi\u00e7a. O avan\u00e7o da medida busca oferecer maior prote\u00e7\u00e3o aos profissionais que atuam na linha de frente da seguran\u00e7a p\u00fablica e do sistema judici\u00e1rio brasileiro. A [&hellip;]<\/p>\n","protected":false},"author":1,"featured_media":171080,"comment_status":"","ping_status":"","sticky":false,"template":"","format":"standard","meta":{"googlesitekit_rrm_CAow2JLhCw:productID":"","_gspb_post_css":"","maa_idioma":"","maa_pais":"","footnotes":""},"categories":[4],"tags":[],"class_list":["post-171079","post","type-post","status-publish","format-standard","has-post-thumbnail","hentry","category-brasil"],"blocksy_meta":[],"yoast_head":"<!-- This site is optimized with the Yoast SEO Premium plugin v27.6 (Yoast SEO v27.6) - https:\/\/yoast.com\/product\/yoast-seo-premium-wordpress\/ -->\n<title>Projeto de lei na Comiss\u00e3o de Seguran\u00e7a P\u00fablica prop\u00f5e aumento severo na pena para crimes contra policiais e agentes da Justi\u00e7a - Ubirat\u00e3 Online Not\u00edcias - A realidade ao seu alcance!<\/title>\n<meta name=\"description\" content=\"A Comiss\u00e3o de Seguran\u00e7a P\u00fablica do Senado Federal aprovou um projeto de lei que prev\u00ea o endurecimento das penas para crimes cometidos contra agentes de\" \/>\n<meta name=\"robots\" content=\"index, follow, max-snippet:-1, max-image-preview:large, max-video-preview:-1\" \/>\n<link rel=\"canonical\" href=\"https:\/\/ubirataonline.com.br\/en\/projeto-de-lei-na-comissao-de-seguranca-publica-propoe-aumento-severo-na-pena-para-crimes-contra-policiais-e-agentes-da-justica\/\" \/>\n<meta property=\"og:locale\" content=\"en_US\" \/>\n<meta property=\"og:type\" content=\"article\" \/>\n<meta property=\"og:title\" content=\"Projeto de lei na Comiss\u00e3o de Seguran\u00e7a P\u00fablica prop\u00f5e aumento severo na pena para crimes contra policiais e agentes da Justi\u00e7a\" \/>\n<meta property=\"og:description\" content=\"A Comiss\u00e3o de Seguran\u00e7a P\u00fablica do Senado Federal aprovou um projeto de lei que prev\u00ea o endurecimento das penas para crimes cometidos contra agentes de\" \/>\n<meta property=\"og:url\" content=\"https:\/\/ubirataonline.com.br\/en\/projeto-de-lei-na-comissao-de-seguranca-publica-propoe-aumento-severo-na-pena-para-crimes-contra-policiais-e-agentes-da-justica\/\" \/>\n<meta property=\"og:site_name\" content=\"Ubirat\u00e3 Online Not\u00edcias - A realidade ao seu alcance!\" \/>\n<meta property=\"article:publisher\" content=\"https:\/\/www.facebook.com\/portalubirataonline\" \/>\n<meta property=\"article:author\" content=\"https:\/\/www.facebook.com\/portalubirataonline\" \/>\n<meta property=\"article:published_time\" content=\"2026-09-05T18:46:02+00:00\" \/>\n<meta property=\"og:image\" content=\"https:\/\/ubirataonline.com.br\/wp-content\/uploads\/2026\/05\/logo2026.webp\" \/>\n\t<meta property=\"og:image:width\" content=\"1531\" \/>\n\t<meta property=\"og:image:height\" content=\"418\" \/>\n\t<meta property=\"og:image:type\" content=\"image\/webp\" \/>\n<meta name=\"author\" content=\"REDA\u00c7\u00c3O: UBIRAT\u00c3 ONLINE - F\u00c1BIO AUGUSTO CELESTINO\" \/>\n<meta name=\"twitter:card\" content=\"summary_large_image\" \/>\n<meta name=\"twitter:creator\" content=\"@x.com\/ubirataonline\" \/>\n<meta name=\"twitter:site\" content=\"@ubirataonline\" \/>\n<meta name=\"twitter:label1\" content=\"Written by\" \/>\n\t<meta name=\"twitter:data1\" content=\"REDA\u00c7\u00c3O: UBIRAT\u00c3 ONLINE - F\u00c1BIO AUGUSTO CELESTINO\" \/>\n\t<meta name=\"twitter:label2\" content=\"Est. reading time\" \/>\n\t<meta name=\"twitter:data2\" content=\"2 minutes\" \/>\n<script type=\"application\/ld+json\" class=\"yoast-schema-graph\">{\"@context\":\"https:\\\/\\\/schema.org\",\"@graph\":[{\"@type\":\"NewsArticle\",\"@id\":\"https:\\\/\\\/ubirataonline.com.br\\\/projeto-de-lei-na-comissao-de-seguranca-publica-propoe-aumento-severo-na-pena-para-crimes-contra-policiais-e-agentes-da-justica\\\/#article\",\"isPartOf\":{\"@id\":\"https:\\\/\\\/ubirataonline.com.br\\\/projeto-de-lei-na-comissao-de-seguranca-publica-propoe-aumento-severo-na-pena-para-crimes-contra-policiais-e-agentes-da-justica\\\/\"},\"author\":{\"name\":\"REDA\u00c7\u00c3O: UBIRAT\u00c3 ONLINE - F\u00c1BIO AUGUSTO CELESTINO\",\"@id\":\"https:\\\/\\\/ubirataonline.com.br\\\/#\\\/schema\\\/person\\\/372f87bbd3fdd79b8556b84c98d0bc1c\"},\"headline\":\"Projeto de lei na Comiss\u00e3o de Seguran\u00e7a P\u00fablica prop\u00f5e aumento severo na pena para crimes contra policiais e agentes da Justi\u00e7a\",\"datePublished\":\"2026-09-05T18:46:02+00:00\",\"mainEntityOfPage\":{\"@id\":\"https:\\\/\\\/ubirataonline.com.br\\\/projeto-de-lei-na-comissao-de-seguranca-publica-propoe-aumento-severo-na-pena-para-crimes-contra-policiais-e-agentes-da-justica\\\/\"},\"wordCount\":425,\"publisher\":{\"@id\":\"https:\\\/\\\/ubirataonline.com.br\\\/#organization\"},\"image\":{\"@id\":\"https:\\\/\\\/ubirataonline.com.br\\\/projeto-de-lei-na-comissao-de-seguranca-publica-propoe-aumento-severo-na-pena-para-crimes-contra-policiais-e-agentes-da-justica\\\/#primaryimage\"},\"thumbnailUrl\":\"https:\\\/\\\/ubirataonline.com.br\\\/wp-content\\\/uploads\\\/2026\\\/09\\\/maaimg-post-171079-20260905-184619.webp\",\"articleSection\":[\"Brasil\"],\"inLanguage\":\"en-US\",\"copyrightYear\":\"2026\",\"copyrightHolder\":{\"@id\":\"https:\\\/\\\/ubirataonline.com.br\\\/en\\\/#organization\"}},{\"@type\":\"WebPage\",\"@id\":\"https:\\\/\\\/ubirataonline.com.br\\\/projeto-de-lei-na-comissao-de-seguranca-publica-propoe-aumento-severo-na-pena-para-crimes-contra-policiais-e-agentes-da-justica\\\/\",\"url\":\"https:\\\/\\\/ubirataonline.com.br\\\/projeto-de-lei-na-comissao-de-seguranca-publica-propoe-aumento-severo-na-pena-para-crimes-contra-policiais-e-agentes-da-justica\\\/\",\"name\":\"Projeto de lei na Comiss\u00e3o de Seguran\u00e7a P\u00fablica prop\u00f5e aumento severo na pena para crimes contra policiais e agentes da Justi\u00e7a - Ubirat\u00e3 Online Not\u00edcias - A realidade ao seu alcance!\",\"isPartOf\":{\"@id\":\"https:\\\/\\\/ubirataonline.com.br\\\/#website\"},\"primaryImageOfPage\":{\"@id\":\"https:\\\/\\\/ubirataonline.com.br\\\/projeto-de-lei-na-comissao-de-seguranca-publica-propoe-aumento-severo-na-pena-para-crimes-contra-policiais-e-agentes-da-justica\\\/#primaryimage\"},\"image\":{\"@id\":\"https:\\\/\\\/ubirataonline.com.br\\\/projeto-de-lei-na-comissao-de-seguranca-publica-propoe-aumento-severo-na-pena-para-crimes-contra-policiais-e-agentes-da-justica\\\/#primaryimage\"},\"thumbnailUrl\":\"https:\\\/\\\/ubirataonline.com.br\\\/wp-content\\\/uploads\\\/2026\\\/09\\\/maaimg-post-171079-20260905-184619.webp\",\"datePublished\":\"2026-09-05T18:46:02+00:00\",\"description\":\"A Comiss\u00e3o de Seguran\u00e7a P\u00fablica do Senado Federal aprovou um projeto de lei que prev\u00ea o endurecimento das penas para crimes cometidos contra agentes de\",\"breadcrumb\":{\"@id\":\"https:\\\/\\\/ubirataonline.com.br\\\/projeto-de-lei-na-comissao-de-seguranca-publica-propoe-aumento-severo-na-pena-para-crimes-contra-policiais-e-agentes-da-justica\\\/#breadcrumb\"},\"inLanguage\":\"en-US\",\"potentialAction\":[{\"@type\":\"ReadAction\",\"target\":[\"https:\\\/\\\/ubirataonline.com.br\\\/projeto-de-lei-na-comissao-de-seguranca-publica-propoe-aumento-severo-na-pena-para-crimes-contra-policiais-e-agentes-da-justica\\\/\"]}]},{\"@type\":\"ImageObject\",\"inLanguage\":\"en-US\",\"@id\":\"https:\\\/\\\/ubirataonline.com.br\\\/projeto-de-lei-na-comissao-de-seguranca-publica-propoe-aumento-severo-na-pena-para-crimes-contra-policiais-e-agentes-da-justica\\\/#primaryimage\",\"url\":\"https:\\\/\\\/ubirataonline.com.br\\\/wp-content\\\/uploads\\\/2026\\\/09\\\/maaimg-post-171079-20260905-184619.webp\",\"contentUrl\":\"https:\\\/\\\/ubirataonline.com.br\\\/wp-content\\\/uploads\\\/2026\\\/09\\\/maaimg-post-171079-20260905-184619.webp\",\"width\":1536,\"height\":1024,\"caption\":\"Imagem ilustrativa Gerada por IA\"},{\"@type\":\"BreadcrumbList\",\"@id\":\"https:\\\/\\\/ubirataonline.com.br\\\/projeto-de-lei-na-comissao-de-seguranca-publica-propoe-aumento-severo-na-pena-para-crimes-contra-policiais-e-agentes-da-justica\\\/#breadcrumb\",\"itemListElement\":[{\"@type\":\"ListItem\",\"position\":1,\"name\":\"In\u00edcio\",\"item\":\"https:\\\/\\\/ubirataonline.com.br\\\/\"},{\"@type\":\"ListItem\",\"position\":2,\"name\":\"Projeto de lei na Comiss\u00e3o de Seguran\u00e7a P\u00fablica prop\u00f5e aumento severo na pena para crimes contra policiais e agentes da Justi\u00e7a\"}]},{\"@type\":\"WebSite\",\"@id\":\"https:\\\/\\\/ubirataonline.com.br\\\/#website\",\"url\":\"https:\\\/\\\/ubirataonline.com.br\\\/\",\"name\":\"Ubirat\u00e3 Online Not\u00edcias\",\"description\":\"Not\u00edcias de Ubirat\u00e3, regi\u00e3o, Brasil e mundo, com informa\u00e7\u00e3o atualizada e compromisso com o leitor.\",\"publisher\":{\"@id\":\"https:\\\/\\\/ubirataonline.com.br\\\/#organization\"},\"alternateName\":\"Ubirat\u00e3 Online\",\"potentialAction\":[{\"@type\":\"SearchAction\",\"target\":{\"@type\":\"EntryPoint\",\"urlTemplate\":\"https:\\\/\\\/ubirataonline.com.br\\\/?s={search_term_string}\"},\"query-input\":{\"@type\":\"PropertyValueSpecification\",\"valueRequired\":true,\"valueName\":\"search_term_string\"}}],\"inLanguage\":\"en-US\"},{\"@type\":[\"Organization\",\"Place\"],\"@id\":\"https:\\\/\\\/ubirataonline.com.br\\\/#organization\",\"name\":\"Ubirat\u00e3 Online Not\u00edcias\",\"alternateName\":\"Ubirat\u00e3 Online\",\"url\":\"https:\\\/\\\/ubirataonline.com.br\\\/\",\"logo\":{\"@id\":\"https:\\\/\\\/ubirataonline.com.br\\\/projeto-de-lei-na-comissao-de-seguranca-publica-propoe-aumento-severo-na-pena-para-crimes-contra-policiais-e-agentes-da-justica\\\/#local-main-organization-logo\"},\"image\":{\"@id\":\"https:\\\/\\\/ubirataonline.com.br\\\/projeto-de-lei-na-comissao-de-seguranca-publica-propoe-aumento-severo-na-pena-para-crimes-contra-policiais-e-agentes-da-justica\\\/#local-main-organization-logo\"},\"sameAs\":[\"https:\\\/\\\/www.facebook.com\\\/portalubirataonline\",\"https:\\\/\\\/x.com\\\/ubirataonline\",\"https:\\\/\\\/mastodon.social\\\/@ubirataonline\",\"https:\\\/\\\/www.facebook.com\\\/groups\\\/311144672285604\",\"https:\\\/\\\/www.facebook.com\\\/UBTAOnline\",\"https:\\\/\\\/www.instagram.com\\\/portalubirataonline\\\/\",\"https:\\\/\\\/twitter.com\\\/ubirataonline\"],\"description\":\"Somos um portal de not\u00edcias independente, criado em 5 de janeiro de 2009, com o objetivo de informar, conectar e valorizar a nossa comunidade de Ubirat\u00e3 e toda aregi\u00e3o. Com conte\u00fado atualizado, confi\u00e1vel e relevante, o Ubirat\u00e3 Online \u00e9 o seu espa\u00e7o para ficar por dentro dos principais acontecimentos locais, regionais, Brasil, Mundo e de interesse geral. Nosso compromisso \u00e9 com a verdade, a transpar\u00eancia e o respeito ao leitor.\",\"legalName\":\"UBIRATA ONLINE NOT\u00cdCIAS\",\"foundingDate\":\"2009-01-05\",\"numberOfEmployees\":{\"@type\":\"QuantitativeValue\",\"minValue\":\"1\",\"maxValue\":\"10\"},\"publishingPrinciples\":\"https:\\\/\\\/ubirataonline.com.br\\\/faq\\\/\",\"address\":{\"@id\":\"https:\\\/\\\/ubirataonline.com.br\\\/projeto-de-lei-na-comissao-de-seguranca-publica-propoe-aumento-severo-na-pena-para-crimes-contra-policiais-e-agentes-da-justica\\\/#local-main-place-address\"},\"geo\":{\"@type\":\"GeoCoordinates\",\"latitude\":\"-24.5361401\",\"longitude\":\"-52.9921776\"},\"telephone\":[\"+5544998308235\"],\"contactPoint\":{\"@type\":\"ContactPoint\",\"email\":\"contato@ubirataonline.com.br\"},\"openingHoursSpecification\":{\"@type\":\"OpeningHoursSpecification\",\"dayOfWeek\":[\"Monday\",\"Tuesday\",\"Wednesday\",\"Thursday\",\"Friday\",\"Saturday\",\"Sunday\"],\"opens\":\"00:00\",\"closes\":\"23:59\"},\"email\":\"contato@ubirataonline.com.br\",\"vatID\":\"47.621.418\\\/0001-80\"},{\"@type\":\"Person\",\"@id\":\"https:\\\/\\\/ubirataonline.com.br\\\/#\\\/schema\\\/person\\\/372f87bbd3fdd79b8556b84c98d0bc1c\",\"name\":\"REDA\u00c7\u00c3O: UBIRAT\u00c3 ONLINE - F\u00c1BIO AUGUSTO CELESTINO\",\"pronouns\":\"Ele\",\"description\":\"Desde 2003 trabalhando com not\u00edcias.\",\"sameAs\":[\"http:\\\/\\\/ubirataoline.com.br\",\"https:\\\/\\\/www.facebook.com\\\/portalubirataonline\",\"https:\\\/\\\/www.instagram.com\\\/ubirataonline_oficial\",\"https:\\\/\\\/x.com\\\/x.com\\\/ubirataonline\"],\"honorificPrefix\":\"Mr.\",\"honorificSuffix\":\"MD\",\"birthDate\":\"1980-06-16\",\"gender\":\"masculino\",\"award\":[\"V\u00e1rios pr\u00eamios de melhor portal da cidade\"],\"jobTitle\":\"Diretor\",\"url\":\"https:\\\/\\\/ubirataonline.com.br\\\/en\\\/author\\\/ubirataonline\\\/\"},{\"@type\":\"PostalAddress\",\"@id\":\"https:\\\/\\\/ubirataonline.com.br\\\/projeto-de-lei-na-comissao-de-seguranca-publica-propoe-aumento-severo-na-pena-para-crimes-contra-policiais-e-agentes-da-justica\\\/#local-main-place-address\",\"streetAddress\":\"Rua dos Coqueiros, 104 - Bairro Boa Vista, Rua dos Coqueiros, 104 Bairro Boa Vista\",\"addressLocality\":\"UBIRATA\",\"postalCode\":\"85440-000\",\"addressRegion\":\"PR\",\"addressCountry\":\"BR\"},{\"@type\":\"ImageObject\",\"inLanguage\":\"en-US\",\"@id\":\"https:\\\/\\\/ubirataonline.com.br\\\/projeto-de-lei-na-comissao-de-seguranca-publica-propoe-aumento-severo-na-pena-para-crimes-contra-policiais-e-agentes-da-justica\\\/#local-main-organization-logo\",\"url\":\"https:\\\/\\\/ubirataonline.com.br\\\/wp-content\\\/uploads\\\/2026\\\/06\\\/logoubirataonline-1.webp\",\"contentUrl\":\"https:\\\/\\\/ubirataonline.com.br\\\/wp-content\\\/uploads\\\/2026\\\/06\\\/logoubirataonline-1.webp\",\"width\":500,\"height\":500,\"caption\":\"Ubirat\u00e3 Online Not\u00edcias\"}]}<\/script>\n<meta name=\"geo.placename\" content=\"UBIRATA\" \/>\n<meta name=\"geo.position\" content=\"-24.5361401;-52.9921776\" \/>\n<meta name=\"geo.region\" content=\"Brazil\" \/>\n<!-- \/ Yoast SEO Premium plugin. -->","yoast_head_json":{"title":"Projeto de lei na Comiss\u00e3o de Seguran\u00e7a P\u00fablica prop\u00f5e aumento severo na pena para crimes contra policiais e agentes da Justi\u00e7a - Ubirat\u00e3 Online Not\u00edcias - A realidade ao seu alcance!","description":"A Comiss\u00e3o de Seguran\u00e7a P\u00fablica do Senado Federal aprovou um projeto de lei que prev\u00ea o endurecimento das penas para crimes cometidos contra agentes de","robots":{"index":"index","follow":"follow","max-snippet":"max-snippet:-1","max-image-preview":"max-image-preview:large","max-video-preview":"max-video-preview:-1"},"canonical":"https:\/\/ubirataonline.com.br\/en\/projeto-de-lei-na-comissao-de-seguranca-publica-propoe-aumento-severo-na-pena-para-crimes-contra-policiais-e-agentes-da-justica\/","og_locale":"en_US","og_type":"article","og_title":"Projeto de lei na Comiss\u00e3o de Seguran\u00e7a P\u00fablica prop\u00f5e aumento severo na pena para crimes contra policiais e agentes da Justi\u00e7a","og_description":"A Comiss\u00e3o de Seguran\u00e7a P\u00fablica do Senado Federal aprovou um projeto de lei que prev\u00ea o endurecimento das penas para crimes cometidos contra agentes de","og_url":"https:\/\/ubirataonline.com.br\/en\/projeto-de-lei-na-comissao-de-seguranca-publica-propoe-aumento-severo-na-pena-para-crimes-contra-policiais-e-agentes-da-justica\/","og_site_name":"Ubirat\u00e3 Online Not\u00edcias - A realidade ao seu alcance!","article_publisher":"https:\/\/www.facebook.com\/portalubirataonline","article_author":"https:\/\/www.facebook.com\/portalubirataonline","article_published_time":"2026-09-05T18:46:02+00:00","og_image":[{"width":1531,"height":418,"url":"https:\/\/ubirataonline.com.br\/wp-content\/uploads\/2026\/05\/logo2026.webp","type":"image\/webp"}],"author":"REDA\u00c7\u00c3O: UBIRAT\u00c3 ONLINE - F\u00c1BIO AUGUSTO CELESTINO","twitter_card":"summary_large_image","twitter_creator":"@x.com\/ubirataonline","twitter_site":"@ubirataonline","twitter_misc":{"Written by":"REDA\u00c7\u00c3O: UBIRAT\u00c3 ONLINE - F\u00c1BIO AUGUSTO CELESTINO","Est. reading time":"2 minutes"},"schema":{"@context":"https:\/\/schema.org","@graph":[{"@type":"NewsArticle","@id":"https:\/\/ubirataonline.com.br\/projeto-de-lei-na-comissao-de-seguranca-publica-propoe-aumento-severo-na-pena-para-crimes-contra-policiais-e-agentes-da-justica\/#article","isPartOf":{"@id":"https:\/\/ubirataonline.com.br\/projeto-de-lei-na-comissao-de-seguranca-publica-propoe-aumento-severo-na-pena-para-crimes-contra-policiais-e-agentes-da-justica\/"},"author":{"name":"REDA\u00c7\u00c3O: UBIRAT\u00c3 ONLINE - F\u00c1BIO AUGUSTO CELESTINO","@id":"https:\/\/ubirataonline.com.br\/#\/schema\/person\/372f87bbd3fdd79b8556b84c98d0bc1c"},"headline":"Projeto de lei na Comiss\u00e3o de Seguran\u00e7a P\u00fablica prop\u00f5e aumento severo na pena para crimes contra policiais e agentes da Justi\u00e7a","datePublished":"2026-09-05T18:46:02+00:00","mainEntityOfPage":{"@id":"https:\/\/ubirataonline.com.br\/projeto-de-lei-na-comissao-de-seguranca-publica-propoe-aumento-severo-na-pena-para-crimes-contra-policiais-e-agentes-da-justica\/"},"wordCount":425,"publisher":{"@id":"https:\/\/ubirataonline.com.br\/#organization"},"image":{"@id":"https:\/\/ubirataonline.com.br\/projeto-de-lei-na-comissao-de-seguranca-publica-propoe-aumento-severo-na-pena-para-crimes-contra-policiais-e-agentes-da-justica\/#primaryimage"},"thumbnailUrl":"https:\/\/ubirataonline.com.br\/wp-content\/uploads\/2026\/09\/maaimg-post-171079-20260905-184619.webp","articleSection":["Brasil"],"inLanguage":"en-US","copyrightYear":"2026","copyrightHolder":{"@id":"https:\/\/ubirataonline.com.br\/en\/#organization"}},{"@type":"WebPage","@id":"https:\/\/ubirataonline.com.br\/projeto-de-lei-na-comissao-de-seguranca-publica-propoe-aumento-severo-na-pena-para-crimes-contra-policiais-e-agentes-da-justica\/","url":"https:\/\/ubirataonline.com.br\/projeto-de-lei-na-comissao-de-seguranca-publica-propoe-aumento-severo-na-pena-para-crimes-contra-policiais-e-agentes-da-justica\/","name":"Projeto de lei na Comiss\u00e3o de Seguran\u00e7a P\u00fablica prop\u00f5e aumento severo na pena para crimes contra policiais e agentes da Justi\u00e7a - Ubirat\u00e3 Online Not\u00edcias - A realidade ao seu alcance!","isPartOf":{"@id":"https:\/\/ubirataonline.com.br\/#website"},"primaryImageOfPage":{"@id":"https:\/\/ubirataonline.com.br\/projeto-de-lei-na-comissao-de-seguranca-publica-propoe-aumento-severo-na-pena-para-crimes-contra-policiais-e-agentes-da-justica\/#primaryimage"},"image":{"@id":"https:\/\/ubirataonline.com.br\/projeto-de-lei-na-comissao-de-seguranca-publica-propoe-aumento-severo-na-pena-para-crimes-contra-policiais-e-agentes-da-justica\/#primaryimage"},"thumbnailUrl":"https:\/\/ubirataonline.com.br\/wp-content\/uploads\/2026\/09\/maaimg-post-171079-20260905-184619.webp","datePublished":"2026-09-05T18:46:02+00:00","description":"A Comiss\u00e3o de Seguran\u00e7a P\u00fablica do Senado Federal aprovou um projeto de lei que prev\u00ea o endurecimento das penas para crimes cometidos contra agentes de","breadcrumb":{"@id":"https:\/\/ubirataonline.com.br\/projeto-de-lei-na-comissao-de-seguranca-publica-propoe-aumento-severo-na-pena-para-crimes-contra-policiais-e-agentes-da-justica\/#breadcrumb"},"inLanguage":"en-US","potentialAction":[{"@type":"ReadAction","target":["https:\/\/ubirataonline.com.br\/projeto-de-lei-na-comissao-de-seguranca-publica-propoe-aumento-severo-na-pena-para-crimes-contra-policiais-e-agentes-da-justica\/"]}]},{"@type":"ImageObject","inLanguage":"en-US","@id":"https:\/\/ubirataonline.com.br\/projeto-de-lei-na-comissao-de-seguranca-publica-propoe-aumento-severo-na-pena-para-crimes-contra-policiais-e-agentes-da-justica\/#primaryimage","url":"https:\/\/ubirataonline.com.br\/wp-content\/uploads\/2026\/09\/maaimg-post-171079-20260905-184619.webp","contentUrl":"https:\/\/ubirataonline.com.br\/wp-content\/uploads\/2026\/09\/maaimg-post-171079-20260905-184619.webp","width":1536,"height":1024,"caption":"Imagem ilustrativa Gerada por IA"},{"@type":"BreadcrumbList","@id":"https:\/\/ubirataonline.com.br\/projeto-de-lei-na-comissao-de-seguranca-publica-propoe-aumento-severo-na-pena-para-crimes-contra-policiais-e-agentes-da-justica\/#breadcrumb","itemListElement":[{"@type":"ListItem","position":1,"name":"In\u00edcio","item":"https:\/\/ubirataonline.com.br\/"},{"@type":"ListItem","position":2,"name":"Projeto de lei na Comiss\u00e3o de Seguran\u00e7a P\u00fablica prop\u00f5e aumento severo na pena para crimes contra policiais e agentes da Justi\u00e7a"}]},{"@type":"WebSite","@id":"https:\/\/ubirataonline.com.br\/#website","url":"https:\/\/ubirataonline.com.br\/","name":"Ubirat\u00e3 Online Not\u00edcias","description":"Not\u00edcias de Ubirat\u00e3, regi\u00e3o, Brasil e mundo, com informa\u00e7\u00e3o atualizada e compromisso com o leitor.","publisher":{"@id":"https:\/\/ubirataonline.com.br\/#organization"},"alternateName":"Ubirat\u00e3 Online","potentialAction":[{"@type":"SearchAction","target":{"@type":"EntryPoint","urlTemplate":"https:\/\/ubirataonline.com.br\/?s={search_term_string}"},"query-input":{"@type":"PropertyValueSpecification","valueRequired":true,"valueName":"search_term_string"}}],"inLanguage":"en-US"},{"@type":["Organization","Place"],"@id":"https:\/\/ubirataonline.com.br\/#organization","name":"Ubirat\u00e3 Online Not\u00edcias","alternateName":"Ubirat\u00e3 Online","url":"https:\/\/ubirataonline.com.br\/","logo":{"@id":"https:\/\/ubirataonline.com.br\/projeto-de-lei-na-comissao-de-seguranca-publica-propoe-aumento-severo-na-pena-para-crimes-contra-policiais-e-agentes-da-justica\/#local-main-organization-logo"},"image":{"@id":"https:\/\/ubirataonline.com.br\/projeto-de-lei-na-comissao-de-seguranca-publica-propoe-aumento-severo-na-pena-para-crimes-contra-policiais-e-agentes-da-justica\/#local-main-organization-logo"},"sameAs":["https:\/\/www.facebook.com\/portalubirataonline","https:\/\/x.com\/ubirataonline","https:\/\/mastodon.social\/@ubirataonline","https:\/\/www.facebook.com\/groups\/311144672285604","https:\/\/www.facebook.com\/UBTAOnline","https:\/\/www.instagram.com\/portalubirataonline\/","https:\/\/twitter.com\/ubirataonline"],"description":"Somos um portal de not\u00edcias independente, criado em 5 de janeiro de 2009, com o objetivo de informar, conectar e valorizar a nossa comunidade de Ubirat\u00e3 e toda aregi\u00e3o. Com conte\u00fado atualizado, confi\u00e1vel e relevante, o Ubirat\u00e3 Online \u00e9 o seu espa\u00e7o para ficar por dentro dos principais acontecimentos locais, regionais, Brasil, Mundo e de interesse geral. Nosso compromisso \u00e9 com a verdade, a transpar\u00eancia e o respeito ao leitor.","legalName":"UBIRATA ONLINE NOT\u00cdCIAS","foundingDate":"2009-01-05","numberOfEmployees":{"@type":"QuantitativeValue","minValue":"1","maxValue":"10"},"publishingPrinciples":"https:\/\/ubirataonline.com.br\/faq\/","address":{"@id":"https:\/\/ubirataonline.com.br\/projeto-de-lei-na-comissao-de-seguranca-publica-propoe-aumento-severo-na-pena-para-crimes-contra-policiais-e-agentes-da-justica\/#local-main-place-address"},"geo":{"@type":"GeoCoordinates","latitude":"-24.5361401","longitude":"-52.9921776"},"telephone":["+5544998308235"],"contactPoint":{"@type":"ContactPoint","email":"contato@ubirataonline.com.br"},"openingHoursSpecification":{"@type":"OpeningHoursSpecification","dayOfWeek":["Monday","Tuesday","Wednesday","Thursday","Friday","Saturday","Sunday"],"opens":"00:00","closes":"23:59"},"email":"contato@ubirataonline.com.br","vatID":"47.621.418\/0001-80"},{"@type":"Person","@id":"https:\/\/ubirataonline.com.br\/#\/schema\/person\/372f87bbd3fdd79b8556b84c98d0bc1c","name":"REDA\u00c7\u00c3O: UBIRAT\u00c3 ONLINE - F\u00c1BIO AUGUSTO CELESTINO","pronouns":"Ele","description":"Desde 2003 trabalhando com not\u00edcias.","sameAs":["http:\/\/ubirataoline.com.br","https:\/\/www.facebook.com\/portalubirataonline","https:\/\/www.instagram.com\/ubirataonline_oficial","https:\/\/x.com\/x.com\/ubirataonline"],"honorificPrefix":"Mr.","honorificSuffix":"MD","birthDate":"1980-06-16","gender":"masculino","award":["V\u00e1rios pr\u00eamios de melhor portal da cidade"],"jobTitle":"Diretor","url":"https:\/\/ubirataonline.com.br\/en\/author\/ubirataonline\/"},{"@type":"PostalAddress","@id":"https:\/\/ubirataonline.com.br\/projeto-de-lei-na-comissao-de-seguranca-publica-propoe-aumento-severo-na-pena-para-crimes-contra-policiais-e-agentes-da-justica\/#local-main-place-address","streetAddress":"Rua dos Coqueiros, 104 - Bairro Boa Vista, Rua dos Coqueiros, 104 Bairro Boa Vista","addressLocality":"UBIRATA","postalCode":"85440-000","addressRegion":"PR","addressCountry":"BR"},{"@type":"ImageObject","inLanguage":"en-US","@id":"https:\/\/ubirataonline.com.br\/projeto-de-lei-na-comissao-de-seguranca-publica-propoe-aumento-severo-na-pena-para-crimes-contra-policiais-e-agentes-da-justica\/#local-main-organization-logo","url":"https:\/\/ubirataonline.com.br\/wp-content\/uploads\/2026\/06\/logoubirataonline-1.webp","contentUrl":"https:\/\/ubirataonline.com.br\/wp-content\/uploads\/2026\/06\/logoubirataonline-1.webp","width":500,"height":500,"caption":"Ubirat\u00e3 Online Not\u00edcias"}]},"geo.placename":"UBIRATA","geo.position":{"lat":"-24.5361401","long":"-52.9921776"},"geo.region":"Brazil"},"_links":{"self":[{"href":"https:\/\/ubirataonline.com.br\/en\/wp-json\/wp\/v2\/posts\/171079","targetHints":{"allow":["GET"]}}],"collection":[{"href":"https:\/\/ubirataonline.com.br\/en\/wp-json\/wp\/v2\/posts"}],"about":[{"href":"https:\/\/ubirataonline.com.br\/en\/wp-json\/wp\/v2\/types\/post"}],"author":[{"embeddable":true,"href":"https:\/\/ubirataonline.com.br\/en\/wp-json\/wp\/v2\/users\/1"}],"replies":[{"embeddable":true,"href":"https:\/\/ubirataonline.com.br\/en\/wp-json\/wp\/v2\/comments?post=171079"}],"version-history":[{"count":0,"href":"https:\/\/ubirataonline.com.br\/en\/wp-json\/wp\/v2\/posts\/171079\/revisions"}],"wp:featuredmedia":[{"embeddable":true,"href":"https:\/\/ubirataonline.com.br\/en\/wp-json\/wp\/v2\/media\/171080"}],"wp:attachment":[{"href":"https:\/\/ubirataonline.com.br\/en\/wp-json\/wp\/v2\/media?parent=171079"}],"wp:term":[{"taxonomy":"category","embeddable":true,"href":"https:\/\/ubirataonline.com.br\/en\/wp-json\/wp\/v2\/categories?post=171079"},{"taxonomy":"post_tag","embeddable":true,"href":"https:\/\/ubirataonline.com.br\/en\/wp-json\/wp\/v2\/tags?post=171079"}],"curies":[{"name":"wp","href":"https:\/\/api.w.org\/{rel}","templated":true}]}}