{"id":171101,"date":"2026-09-05T17:32:21","date_gmt":"2026-09-05T20:32:21","guid":{"rendered":"https:\/\/ubirataonline.com.br\/gaeco-de-foz-do-iguacu-deflagra-a-operacao-portal-do-crime-contra-18-investigados-por-diversos-crimes-e-por-integrarem-faccao-criminosa\/"},"modified":"2026-09-05T17:32:23","modified_gmt":"2026-09-05T20:32:23","slug":"gaeco-de-foz-do-iguacu-deflagra-a-operacao-portal-do-crime-contra-18-investigados-por-diversos-crimes-e-por-integrarem-faccao-criminosa","status":"publish","type":"post","link":"https:\/\/ubirataonline.com.br\/en\/gaeco-de-foz-do-iguacu-deflagra-a-operacao-portal-do-crime-contra-18-investigados-por-diversos-crimes-e-por-integrarem-faccao-criminosa\/","title":{"rendered":"Gaeco de Foz do Igua\u00e7u deflagra a Opera\u00e7\u00e3o Portal do Crime contra 18 investigados por diversos crimes e por integrarem fac\u00e7\u00e3o criminosa"},"content":{"rendered":"<p><\/p>\n<div>\n<p>O N\u00facleo de Foz do Igua\u00e7u do Grupo de Atua\u00e7\u00e3o Especial de Combate ao Crime Organizado (Gaeco), do Minist\u00e9rio P\u00fablico do Paran\u00e1, deflagrou na manh\u00e3 desta quarta-feira, 2 de setembro, a Opera\u00e7\u00e3o Portal do Crime, que investiga o envolvimento de 18 pessoas na pr\u00e1tica de diversos crimes e na participa\u00e7\u00e3o ativa na fac\u00e7\u00e3o criminosa Primeiro Comando da Capital (PCC). O cumprimento das medidas contou com o apoio de equipes t\u00e1ticas da Pol\u00edcia Militar e da Guarda Municipal de Foz do Igua\u00e7u, al\u00e9m de agentes do setor de Opera\u00e7\u00f5es Especiais do Departamento Penitenci\u00e1rio do Paran\u00e1.<\/p>\n<p class=\"text-align-center\"><strong><a href=\"https:\/\/drive.google.com\/drive\/folders\/1SLLjBpeLpuzjdJ1T-ZgqD7ccpj9_-fUB?usp=drive_link\" target=\"_blank\">Acesse imagens do cumprimento das medidas<\/a><\/strong><\/p>\n<p class=\"text-align-center\"><strong><a href=\"https:\/\/apps.mppr.mp.br\/audios\/play\/b052fb1db878cd5358fc29e479cf0055\" target=\"_blank\">\u00c1udio do Promotor de Justi\u00e7a Tiago Lisboa Mendon\u00e7a<\/a><\/strong><\/p>\n<p>Foram cumpridos 17 mandados de pris\u00e3o preventiva \u2013 um dos alvos j\u00e1 estava preso \u2013 e 18 mandados de busca e apreens\u00e3o em endere\u00e7os ligados aos investigados nas cidades de Foz do Igua\u00e7u, Ipor\u00e3, Pato Branco e Maring\u00e1. Parte das medidas foi autorizada pelo Ju\u00edzo das Garantias da 3\u00aa Vara Criminal de Foz do Igua\u00e7u, enquanto outra parcela foi autorizada pelo Tribunal de Justi\u00e7a do Paran\u00e1.<\/p>\n<p>As medidas tiveram por objetivo a cust\u00f3dia cautelar dos investigados, bem como a apreens\u00e3o de aparelhos celulares, equipamentos eletr\u00f4nicos, valores em esp\u00e9cie, bens e documentos relacionados \u00e0s atividades il\u00edcitas atribu\u00eddas \u00e0 fac\u00e7\u00e3o criminosa.<\/p>\n<p>As dilig\u00eancias resultaram na apreens\u00e3o de quantidades ainda n\u00e3o contabilizadas de maconha, coca\u00edna e ecstasy, al\u00e9m de balan\u00e7a de precis\u00e3o, m\u00e1quinas de cart\u00e3o de cr\u00e9dito, valores em esp\u00e9cie, armas e muni\u00e7\u00f5es. Na opera\u00e7\u00e3o, duas pessoas foram presas em flagrante.<\/p>\n<p><strong>Sigilo<\/strong> \u2013 As investiga\u00e7\u00f5es tiveram in\u00edcio em abril deste ano para apurar a pr\u00e1tica dos crimes de integra\u00e7\u00e3o de organiza\u00e7\u00e3o criminosa, tr\u00e1fico de drogas e de armas, associa\u00e7\u00e3o para o tr\u00e1fico e corrup\u00e7\u00e3o de menores. O trabalho vem sendo conduzido pelo N\u00facleo Regional do Gaeco de Foz do Igua\u00e7u sob sigilo, motivo pelo qual n\u00e3o ser\u00e3o fornecidos detalhes adicionais sobre o caso.<\/p>\n<p>O N\u00facleo Regional do Gaeco de Foz do Igua\u00e7u recebe informa\u00e7\u00f5es e den\u00fancias pelo telefone (45) 3308-1344 e pelo e-mail <a href=\"https:\/\/mppr.mp.br\/cdn-cgi\/l\/email-protection\" class=\"__cf_email__\" data-cfemail=\"c4a3a5a1a7abeaa2abbe84a9b4b4b6eaa9b4eaa6b6\">[email\u00a0protected]<\/a>.<br \/><em>Informa\u00e7\u00f5es para a imprensa:<br \/>Assessoria de Comunica\u00e7\u00e3o<br \/><a href=\"https:\/\/mppr.mp.br\/cdn-cgi\/l\/email-protection\" class=\"__cf_email__\" data-cfemail=\"a8cbc7c5ddc6c1cbc9cbc9c7e8c5d8d8da86c5d886cada\">[email\u00a0protected]<\/a><br \/>(41) 3250-4226<\/em><\/p>\n<\/div>\n<p><a href=\"https:\/\/ubirataonline.com.br\/noticias\/\" target=\"_blank\" rel=\"noopener noreferrer\">Mais Not\u00edcias<\/a><\/p>\n<p><a href=\"https:\/\/ubirataonline.com.br\" target=\"_blank\" rel=\"noopener noreferrer\">Home Page &#8211; In\u00edcio<\/a><\/p>\n<p><a href=\"https:\/\/mppr.mp.br\/Noticia\/Gaeco-de-Foz-do-Iguacu-deflagra-Operacao-Portal-do-Crime-contra-18-investigados-por\">Source link <\/a><br \/>\nSee more: <a href=\"https:\/\/theglobaltrack.com\/\" target=\"_blank\" rel=\"noopener noreferrer\">The Global Track<\/a><\/p>\n<p><a href=\"https:\/\/corinthiames.com.br\/\" target=\"_blank\" rel=\"noopener noreferrer\">Corinthia Mes<\/a><\/p>\n","protected":false},"excerpt":{"rendered":"<p>O N\u00facleo de Foz do Igua\u00e7u do Grupo de Atua\u00e7\u00e3o Especial de Combate ao Crime Organizado (Gaeco), do Minist\u00e9rio P\u00fablico do Paran\u00e1, deflagrou na manh\u00e3 desta quarta-feira, 2 de setembro, a Opera\u00e7\u00e3o Portal do Crime, que investiga o envolvimento de 18 pessoas na pr\u00e1tica de diversos crimes e na participa\u00e7\u00e3o ativa na fac\u00e7\u00e3o criminosa Primeiro [&hellip;]<\/p>\n","protected":false},"author":1,"featured_media":171102,"comment_status":"closed","ping_status":"","sticky":false,"template":"","format":"standard","meta":{"googlesitekit_rrm_CAow2JLhCw:productID":"","_gspb_post_css":"","maa_idioma":"","maa_pais":"","footnotes":""},"categories":[4],"tags":[3180,1826,3748,5339,3616,3747,5457,3456,1698,5791,5427,1699,3449,3211,10883],"class_list":["post-171101","post","type-post","status-publish","format-standard","has-post-thumbnail","hentry","category-brasil","tag-contra","tag-crime","tag-crimes","tag-criminosa","tag-deflagra","tag-diversos","tag-faccao","tag-foz","tag-gaeco","tag-iguacu","tag-integrarem","tag-investigados","tag-operacao","tag-por","tag-portal"],"blocksy_meta":[],"yoast_head":"<!-- This site is optimized with the Yoast SEO Premium plugin v27.6 (Yoast SEO v27.6) - https:\/\/yoast.com\/product\/yoast-seo-premium-wordpress\/ -->\n<title>Gaeco de Foz do Igua\u00e7u deflagra a Opera\u00e7\u00e3o Portal do Crime contra 18 investigados por diversos crimes e por integrarem fac\u00e7\u00e3o criminosa - Ubirat\u00e3 Online Not\u00edcias - A realidade ao seu alcance!<\/title>\n<meta name=\"description\" content=\"O N\u00facleo de Foz do Igua\u00e7u do Grupo de Atua\u00e7\u00e3o Especial de Combate ao Crime Organizado (Gaeco), do Minist\u00e9rio P\u00fablico do Paran\u00e1, deflagrou na manh\u00e3 desta quarta-feira, 2 de setembro, a Opera\u00e7\u00e3o Portal do Crime, que investiga o envolvimento de 18\" \/>\n<meta name=\"robots\" content=\"index, follow, max-snippet:-1, max-image-preview:large, max-video-preview:-1\" \/>\n<link rel=\"canonical\" href=\"https:\/\/ubirataonline.com.br\/en\/gaeco-de-foz-do-iguacu-deflagra-a-operacao-portal-do-crime-contra-18-investigados-por-diversos-crimes-e-por-integrarem-faccao-criminosa\/\" \/>\n<meta property=\"og:locale\" content=\"en_US\" \/>\n<meta property=\"og:type\" content=\"article\" \/>\n<meta property=\"og:title\" content=\"Gaeco de Foz do Igua\u00e7u deflagra a Opera\u00e7\u00e3o Portal do Crime contra 18 investigados por diversos crimes e por integrarem fac\u00e7\u00e3o criminosa\" \/>\n<meta property=\"og:description\" content=\"O N\u00facleo de Foz do Igua\u00e7u do Grupo de Atua\u00e7\u00e3o Especial de Combate ao Crime Organizado (Gaeco), do Minist\u00e9rio P\u00fablico do Paran\u00e1, deflagrou na manh\u00e3 desta quarta-feira, 2 de setembro, a Opera\u00e7\u00e3o Portal do Crime, que investiga o envolvimento de 18\" \/>\n<meta property=\"og:url\" content=\"https:\/\/ubirataonline.com.br\/en\/gaeco-de-foz-do-iguacu-deflagra-a-operacao-portal-do-crime-contra-18-investigados-por-diversos-crimes-e-por-integrarem-faccao-criminosa\/\" \/>\n<meta property=\"og:site_name\" content=\"Ubirat\u00e3 Online Not\u00edcias - A realidade ao seu alcance!\" \/>\n<meta property=\"article:publisher\" content=\"https:\/\/www.facebook.com\/portalubirataonline\" \/>\n<meta property=\"article:author\" content=\"https:\/\/www.facebook.com\/portalubirataonline\" \/>\n<meta property=\"article:published_time\" content=\"2026-09-05T20:32:21+00:00\" \/>\n<meta property=\"article:modified_time\" content=\"2026-09-05T20:32:23+00:00\" \/>\n<meta property=\"og:image\" content=\"https:\/\/ubirataonline.com.br\/wp-content\/uploads\/2026\/09\/Gaeco-de-Foz-do-Iguacu-deflagra-a-Operacao-Portal-do.png\" \/>\n\t<meta property=\"og:image:width\" content=\"240\" \/>\n\t<meta property=\"og:image:height\" content=\"240\" \/>\n\t<meta property=\"og:image:type\" content=\"image\/png\" \/>\n<meta name=\"author\" content=\"REDA\u00c7\u00c3O: UBIRAT\u00c3 ONLINE - F\u00c1BIO AUGUSTO CELESTINO\" \/>\n<meta name=\"twitter:card\" content=\"summary_large_image\" \/>\n<meta name=\"twitter:creator\" content=\"@x.com\/ubirataonline\" \/>\n<meta name=\"twitter:site\" content=\"@ubirataonline\" \/>\n<meta name=\"twitter:label1\" content=\"Written by\" \/>\n\t<meta name=\"twitter:data1\" content=\"REDA\u00c7\u00c3O: UBIRAT\u00c3 ONLINE - F\u00c1BIO AUGUSTO CELESTINO\" \/>\n\t<meta name=\"twitter:label2\" content=\"Est. reading time\" \/>\n\t<meta name=\"twitter:data2\" content=\"2 minutes\" \/>\n<script type=\"application\/ld+json\" class=\"yoast-schema-graph\">{\"@context\":\"https:\\\/\\\/schema.org\",\"@graph\":[{\"@type\":\"NewsArticle\",\"@id\":\"https:\\\/\\\/ubirataonline.com.br\\\/gaeco-de-foz-do-iguacu-deflagra-a-operacao-portal-do-crime-contra-18-investigados-por-diversos-crimes-e-por-integrarem-faccao-criminosa\\\/#article\",\"isPartOf\":{\"@id\":\"https:\\\/\\\/ubirataonline.com.br\\\/gaeco-de-foz-do-iguacu-deflagra-a-operacao-portal-do-crime-contra-18-investigados-por-diversos-crimes-e-por-integrarem-faccao-criminosa\\\/\"},\"author\":{\"name\":\"REDA\u00c7\u00c3O: UBIRAT\u00c3 ONLINE - F\u00c1BIO AUGUSTO CELESTINO\",\"@id\":\"https:\\\/\\\/ubirataonline.com.br\\\/#\\\/schema\\\/person\\\/372f87bbd3fdd79b8556b84c98d0bc1c\"},\"headline\":\"Gaeco de Foz do Igua\u00e7u deflagra a Opera\u00e7\u00e3o Portal do Crime contra 18 investigados por diversos crimes e por integrarem fac\u00e7\u00e3o criminosa\",\"datePublished\":\"2026-09-05T20:32:21+00:00\",\"dateModified\":\"2026-09-05T20:32:23+00:00\",\"mainEntityOfPage\":{\"@id\":\"https:\\\/\\\/ubirataonline.com.br\\\/gaeco-de-foz-do-iguacu-deflagra-a-operacao-portal-do-crime-contra-18-investigados-por-diversos-crimes-e-por-integrarem-faccao-criminosa\\\/\"},\"wordCount\":434,\"publisher\":{\"@id\":\"https:\\\/\\\/ubirataonline.com.br\\\/#organization\"},\"image\":{\"@id\":\"https:\\\/\\\/ubirataonline.com.br\\\/gaeco-de-foz-do-iguacu-deflagra-a-operacao-portal-do-crime-contra-18-investigados-por-diversos-crimes-e-por-integrarem-faccao-criminosa\\\/#primaryimage\"},\"thumbnailUrl\":\"https:\\\/\\\/ubirataonline.com.br\\\/wp-content\\\/uploads\\\/2026\\\/09\\\/Gaeco-de-Foz-do-Iguacu-deflagra-a-Operacao-Portal-do.png\",\"keywords\":[\"contra\",\"Crime\",\"crimes\",\"criminosa\",\"deflagra\",\"diversos\",\"fac\u00e7\u00e3o\",\"Foz\",\"Gaeco\",\"Igua\u00e7u\",\"integrarem\",\"Investigados\",\"Opera\u00e7\u00e3o\",\"por\",\"portal\"],\"articleSection\":[\"Brasil\"],\"inLanguage\":\"en-US\",\"copyrightYear\":\"2026\",\"copyrightHolder\":{\"@id\":\"https:\\\/\\\/ubirataonline.com.br\\\/en\\\/#organization\"}},{\"@type\":\"WebPage\",\"@id\":\"https:\\\/\\\/ubirataonline.com.br\\\/gaeco-de-foz-do-iguacu-deflagra-a-operacao-portal-do-crime-contra-18-investigados-por-diversos-crimes-e-por-integrarem-faccao-criminosa\\\/\",\"url\":\"https:\\\/\\\/ubirataonline.com.br\\\/gaeco-de-foz-do-iguacu-deflagra-a-operacao-portal-do-crime-contra-18-investigados-por-diversos-crimes-e-por-integrarem-faccao-criminosa\\\/\",\"name\":\"Gaeco de Foz do Igua\u00e7u deflagra a Opera\u00e7\u00e3o Portal do Crime contra 18 investigados por diversos crimes e por integrarem fac\u00e7\u00e3o criminosa - Ubirat\u00e3 Online Not\u00edcias - A realidade ao seu alcance!\",\"isPartOf\":{\"@id\":\"https:\\\/\\\/ubirataonline.com.br\\\/#website\"},\"primaryImageOfPage\":{\"@id\":\"https:\\\/\\\/ubirataonline.com.br\\\/gaeco-de-foz-do-iguacu-deflagra-a-operacao-portal-do-crime-contra-18-investigados-por-diversos-crimes-e-por-integrarem-faccao-criminosa\\\/#primaryimage\"},\"image\":{\"@id\":\"https:\\\/\\\/ubirataonline.com.br\\\/gaeco-de-foz-do-iguacu-deflagra-a-operacao-portal-do-crime-contra-18-investigados-por-diversos-crimes-e-por-integrarem-faccao-criminosa\\\/#primaryimage\"},\"thumbnailUrl\":\"https:\\\/\\\/ubirataonline.com.br\\\/wp-content\\\/uploads\\\/2026\\\/09\\\/Gaeco-de-Foz-do-Iguacu-deflagra-a-Operacao-Portal-do.png\",\"datePublished\":\"2026-09-05T20:32:21+00:00\",\"dateModified\":\"2026-09-05T20:32:23+00:00\",\"description\":\"O N\u00facleo de Foz do Igua\u00e7u do Grupo de Atua\u00e7\u00e3o Especial de Combate ao Crime Organizado (Gaeco), do Minist\u00e9rio P\u00fablico do Paran\u00e1, deflagrou na manh\u00e3 desta quarta-feira, 2 de setembro, a Opera\u00e7\u00e3o Portal do Crime, que investiga o envolvimento de 18\",\"breadcrumb\":{\"@id\":\"https:\\\/\\\/ubirataonline.com.br\\\/gaeco-de-foz-do-iguacu-deflagra-a-operacao-portal-do-crime-contra-18-investigados-por-diversos-crimes-e-por-integrarem-faccao-criminosa\\\/#breadcrumb\"},\"inLanguage\":\"en-US\",\"potentialAction\":[{\"@type\":\"ReadAction\",\"target\":[\"https:\\\/\\\/ubirataonline.com.br\\\/gaeco-de-foz-do-iguacu-deflagra-a-operacao-portal-do-crime-contra-18-investigados-por-diversos-crimes-e-por-integrarem-faccao-criminosa\\\/\"]}]},{\"@type\":\"ImageObject\",\"inLanguage\":\"en-US\",\"@id\":\"https:\\\/\\\/ubirataonline.com.br\\\/gaeco-de-foz-do-iguacu-deflagra-a-operacao-portal-do-crime-contra-18-investigados-por-diversos-crimes-e-por-integrarem-faccao-criminosa\\\/#primaryimage\",\"url\":\"https:\\\/\\\/ubirataonline.com.br\\\/wp-content\\\/uploads\\\/2026\\\/09\\\/Gaeco-de-Foz-do-Iguacu-deflagra-a-Operacao-Portal-do.png\",\"contentUrl\":\"https:\\\/\\\/ubirataonline.com.br\\\/wp-content\\\/uploads\\\/2026\\\/09\\\/Gaeco-de-Foz-do-Iguacu-deflagra-a-Operacao-Portal-do.png\",\"width\":240,\"height\":240,\"caption\":\"Gaeco de Foz do Igua\u00e7u deflagra a Opera\u00e7\u00e3o Portal do Crime contra 18 investigados por diversos crimes e por integrarem fac\u00e7\u00e3o criminosa\"},{\"@type\":\"BreadcrumbList\",\"@id\":\"https:\\\/\\\/ubirataonline.com.br\\\/gaeco-de-foz-do-iguacu-deflagra-a-operacao-portal-do-crime-contra-18-investigados-por-diversos-crimes-e-por-integrarem-faccao-criminosa\\\/#breadcrumb\",\"itemListElement\":[{\"@type\":\"ListItem\",\"position\":1,\"name\":\"In\u00edcio\",\"item\":\"https:\\\/\\\/ubirataonline.com.br\\\/\"},{\"@type\":\"ListItem\",\"position\":2,\"name\":\"Gaeco de Foz do Igua\u00e7u deflagra a Opera\u00e7\u00e3o Portal do Crime contra 18 investigados por diversos crimes e por integrarem fac\u00e7\u00e3o criminosa\"}]},{\"@type\":\"WebSite\",\"@id\":\"https:\\\/\\\/ubirataonline.com.br\\\/#website\",\"url\":\"https:\\\/\\\/ubirataonline.com.br\\\/\",\"name\":\"Ubirat\u00e3 Online Not\u00edcias\",\"description\":\"Not\u00edcias de Ubirat\u00e3, regi\u00e3o, Brasil e mundo, com informa\u00e7\u00e3o atualizada e compromisso com o leitor.\",\"publisher\":{\"@id\":\"https:\\\/\\\/ubirataonline.com.br\\\/#organization\"},\"alternateName\":\"Ubirat\u00e3 Online\",\"potentialAction\":[{\"@type\":\"SearchAction\",\"target\":{\"@type\":\"EntryPoint\",\"urlTemplate\":\"https:\\\/\\\/ubirataonline.com.br\\\/?s={search_term_string}\"},\"query-input\":{\"@type\":\"PropertyValueSpecification\",\"valueRequired\":true,\"valueName\":\"search_term_string\"}}],\"inLanguage\":\"en-US\"},{\"@type\":[\"Organization\",\"Place\"],\"@id\":\"https:\\\/\\\/ubirataonline.com.br\\\/#organization\",\"name\":\"Ubirat\u00e3 Online Not\u00edcias\",\"alternateName\":\"Ubirat\u00e3 Online\",\"url\":\"https:\\\/\\\/ubirataonline.com.br\\\/\",\"logo\":{\"@id\":\"https:\\\/\\\/ubirataonline.com.br\\\/gaeco-de-foz-do-iguacu-deflagra-a-operacao-portal-do-crime-contra-18-investigados-por-diversos-crimes-e-por-integrarem-faccao-criminosa\\\/#local-main-organization-logo\"},\"image\":{\"@id\":\"https:\\\/\\\/ubirataonline.com.br\\\/gaeco-de-foz-do-iguacu-deflagra-a-operacao-portal-do-crime-contra-18-investigados-por-diversos-crimes-e-por-integrarem-faccao-criminosa\\\/#local-main-organization-logo\"},\"sameAs\":[\"https:\\\/\\\/www.facebook.com\\\/portalubirataonline\",\"https:\\\/\\\/x.com\\\/ubirataonline\",\"https:\\\/\\\/mastodon.social\\\/@ubirataonline\",\"https:\\\/\\\/www.facebook.com\\\/groups\\\/311144672285604\",\"https:\\\/\\\/www.facebook.com\\\/UBTAOnline\",\"https:\\\/\\\/www.instagram.com\\\/portalubirataonline\\\/\",\"https:\\\/\\\/twitter.com\\\/ubirataonline\"],\"description\":\"Somos um portal de not\u00edcias independente, criado em 5 de janeiro de 2009, com o objetivo de informar, conectar e valorizar a nossa comunidade de Ubirat\u00e3 e toda aregi\u00e3o. Com conte\u00fado atualizado, confi\u00e1vel e relevante, o Ubirat\u00e3 Online \u00e9 o seu espa\u00e7o para ficar por dentro dos principais acontecimentos locais, regionais, Brasil, Mundo e de interesse geral. Nosso compromisso \u00e9 com a verdade, a transpar\u00eancia e o respeito ao leitor.\",\"legalName\":\"UBIRATA ONLINE NOT\u00cdCIAS\",\"foundingDate\":\"2009-01-05\",\"numberOfEmployees\":{\"@type\":\"QuantitativeValue\",\"minValue\":\"1\",\"maxValue\":\"10\"},\"publishingPrinciples\":\"https:\\\/\\\/ubirataonline.com.br\\\/faq\\\/\",\"address\":{\"@id\":\"https:\\\/\\\/ubirataonline.com.br\\\/gaeco-de-foz-do-iguacu-deflagra-a-operacao-portal-do-crime-contra-18-investigados-por-diversos-crimes-e-por-integrarem-faccao-criminosa\\\/#local-main-place-address\"},\"geo\":{\"@type\":\"GeoCoordinates\",\"latitude\":\"-24.5361401\",\"longitude\":\"-52.9921776\"},\"telephone\":[\"+5544998308235\"],\"contactPoint\":{\"@type\":\"ContactPoint\",\"email\":\"contato@ubirataonline.com.br\"},\"openingHoursSpecification\":{\"@type\":\"OpeningHoursSpecification\",\"dayOfWeek\":[\"Monday\",\"Tuesday\",\"Wednesday\",\"Thursday\",\"Friday\",\"Saturday\",\"Sunday\"],\"opens\":\"00:00\",\"closes\":\"23:59\"},\"email\":\"contato@ubirataonline.com.br\",\"vatID\":\"47.621.418\\\/0001-80\"},{\"@type\":\"Person\",\"@id\":\"https:\\\/\\\/ubirataonline.com.br\\\/#\\\/schema\\\/person\\\/372f87bbd3fdd79b8556b84c98d0bc1c\",\"name\":\"REDA\u00c7\u00c3O: UBIRAT\u00c3 ONLINE - F\u00c1BIO AUGUSTO CELESTINO\",\"pronouns\":\"Ele\",\"description\":\"Desde 2003 trabalhando com not\u00edcias.\",\"sameAs\":[\"http:\\\/\\\/ubirataoline.com.br\",\"https:\\\/\\\/www.facebook.com\\\/portalubirataonline\",\"https:\\\/\\\/www.instagram.com\\\/ubirataonline_oficial\",\"https:\\\/\\\/x.com\\\/x.com\\\/ubirataonline\"],\"honorificPrefix\":\"Mr.\",\"honorificSuffix\":\"MD\",\"birthDate\":\"1980-06-16\",\"gender\":\"masculino\",\"award\":[\"V\u00e1rios pr\u00eamios de melhor portal da cidade\"],\"jobTitle\":\"Diretor\",\"url\":\"https:\\\/\\\/ubirataonline.com.br\\\/en\\\/author\\\/ubirataonline\\\/\"},{\"@type\":\"PostalAddress\",\"@id\":\"https:\\\/\\\/ubirataonline.com.br\\\/gaeco-de-foz-do-iguacu-deflagra-a-operacao-portal-do-crime-contra-18-investigados-por-diversos-crimes-e-por-integrarem-faccao-criminosa\\\/#local-main-place-address\",\"streetAddress\":\"Rua dos Coqueiros, 104 - Bairro Boa Vista, Rua dos Coqueiros, 104 Bairro Boa Vista\",\"addressLocality\":\"UBIRATA\",\"postalCode\":\"85440-000\",\"addressRegion\":\"PR\",\"addressCountry\":\"BR\"},{\"@type\":\"ImageObject\",\"inLanguage\":\"en-US\",\"@id\":\"https:\\\/\\\/ubirataonline.com.br\\\/gaeco-de-foz-do-iguacu-deflagra-a-operacao-portal-do-crime-contra-18-investigados-por-diversos-crimes-e-por-integrarem-faccao-criminosa\\\/#local-main-organization-logo\",\"url\":\"https:\\\/\\\/ubirataonline.com.br\\\/wp-content\\\/uploads\\\/2026\\\/06\\\/logoubirataonline-1.webp\",\"contentUrl\":\"https:\\\/\\\/ubirataonline.com.br\\\/wp-content\\\/uploads\\\/2026\\\/06\\\/logoubirataonline-1.webp\",\"width\":500,\"height\":500,\"caption\":\"Ubirat\u00e3 Online Not\u00edcias\"}]}<\/script>\n<meta name=\"geo.placename\" content=\"UBIRATA\" \/>\n<meta name=\"geo.position\" content=\"-24.5361401;-52.9921776\" \/>\n<meta name=\"geo.region\" content=\"Brazil\" \/>\n<!-- \/ Yoast SEO Premium plugin. -->","yoast_head_json":{"title":"Gaeco de Foz do Igua\u00e7u deflagra a Opera\u00e7\u00e3o Portal do Crime contra 18 investigados por diversos crimes e por integrarem fac\u00e7\u00e3o criminosa - Ubirat\u00e3 Online Not\u00edcias - A realidade ao seu alcance!","description":"O N\u00facleo de Foz do Igua\u00e7u do Grupo de Atua\u00e7\u00e3o Especial de Combate ao Crime Organizado (Gaeco), do Minist\u00e9rio P\u00fablico do Paran\u00e1, deflagrou na manh\u00e3 desta quarta-feira, 2 de setembro, a Opera\u00e7\u00e3o Portal do Crime, que investiga o envolvimento de 18","robots":{"index":"index","follow":"follow","max-snippet":"max-snippet:-1","max-image-preview":"max-image-preview:large","max-video-preview":"max-video-preview:-1"},"canonical":"https:\/\/ubirataonline.com.br\/en\/gaeco-de-foz-do-iguacu-deflagra-a-operacao-portal-do-crime-contra-18-investigados-por-diversos-crimes-e-por-integrarem-faccao-criminosa\/","og_locale":"en_US","og_type":"article","og_title":"Gaeco de Foz do Igua\u00e7u deflagra a Opera\u00e7\u00e3o Portal do Crime contra 18 investigados por diversos crimes e por integrarem fac\u00e7\u00e3o criminosa","og_description":"O N\u00facleo de Foz do Igua\u00e7u do Grupo de Atua\u00e7\u00e3o Especial de Combate ao Crime Organizado (Gaeco), do Minist\u00e9rio P\u00fablico do Paran\u00e1, deflagrou na manh\u00e3 desta quarta-feira, 2 de setembro, a Opera\u00e7\u00e3o Portal do Crime, que investiga o envolvimento de 18","og_url":"https:\/\/ubirataonline.com.br\/en\/gaeco-de-foz-do-iguacu-deflagra-a-operacao-portal-do-crime-contra-18-investigados-por-diversos-crimes-e-por-integrarem-faccao-criminosa\/","og_site_name":"Ubirat\u00e3 Online Not\u00edcias - A realidade ao seu alcance!","article_publisher":"https:\/\/www.facebook.com\/portalubirataonline","article_author":"https:\/\/www.facebook.com\/portalubirataonline","article_published_time":"2026-09-05T20:32:21+00:00","article_modified_time":"2026-09-05T20:32:23+00:00","og_image":[{"width":240,"height":240,"url":"https:\/\/ubirataonline.com.br\/wp-content\/uploads\/2026\/09\/Gaeco-de-Foz-do-Iguacu-deflagra-a-Operacao-Portal-do.png","type":"image\/png"}],"author":"REDA\u00c7\u00c3O: UBIRAT\u00c3 ONLINE - F\u00c1BIO AUGUSTO CELESTINO","twitter_card":"summary_large_image","twitter_creator":"@x.com\/ubirataonline","twitter_site":"@ubirataonline","twitter_misc":{"Written by":"REDA\u00c7\u00c3O: UBIRAT\u00c3 ONLINE - F\u00c1BIO AUGUSTO CELESTINO","Est. reading time":"2 minutes"},"schema":{"@context":"https:\/\/schema.org","@graph":[{"@type":"NewsArticle","@id":"https:\/\/ubirataonline.com.br\/gaeco-de-foz-do-iguacu-deflagra-a-operacao-portal-do-crime-contra-18-investigados-por-diversos-crimes-e-por-integrarem-faccao-criminosa\/#article","isPartOf":{"@id":"https:\/\/ubirataonline.com.br\/gaeco-de-foz-do-iguacu-deflagra-a-operacao-portal-do-crime-contra-18-investigados-por-diversos-crimes-e-por-integrarem-faccao-criminosa\/"},"author":{"name":"REDA\u00c7\u00c3O: UBIRAT\u00c3 ONLINE - F\u00c1BIO AUGUSTO CELESTINO","@id":"https:\/\/ubirataonline.com.br\/#\/schema\/person\/372f87bbd3fdd79b8556b84c98d0bc1c"},"headline":"Gaeco de Foz do Igua\u00e7u deflagra a Opera\u00e7\u00e3o Portal do Crime contra 18 investigados por diversos crimes e por integrarem fac\u00e7\u00e3o criminosa","datePublished":"2026-09-05T20:32:21+00:00","dateModified":"2026-09-05T20:32:23+00:00","mainEntityOfPage":{"@id":"https:\/\/ubirataonline.com.br\/gaeco-de-foz-do-iguacu-deflagra-a-operacao-portal-do-crime-contra-18-investigados-por-diversos-crimes-e-por-integrarem-faccao-criminosa\/"},"wordCount":434,"publisher":{"@id":"https:\/\/ubirataonline.com.br\/#organization"},"image":{"@id":"https:\/\/ubirataonline.com.br\/gaeco-de-foz-do-iguacu-deflagra-a-operacao-portal-do-crime-contra-18-investigados-por-diversos-crimes-e-por-integrarem-faccao-criminosa\/#primaryimage"},"thumbnailUrl":"https:\/\/ubirataonline.com.br\/wp-content\/uploads\/2026\/09\/Gaeco-de-Foz-do-Iguacu-deflagra-a-Operacao-Portal-do.png","keywords":["contra","Crime","crimes","criminosa","deflagra","diversos","fac\u00e7\u00e3o","Foz","Gaeco","Igua\u00e7u","integrarem","Investigados","Opera\u00e7\u00e3o","por","portal"],"articleSection":["Brasil"],"inLanguage":"en-US","copyrightYear":"2026","copyrightHolder":{"@id":"https:\/\/ubirataonline.com.br\/en\/#organization"}},{"@type":"WebPage","@id":"https:\/\/ubirataonline.com.br\/gaeco-de-foz-do-iguacu-deflagra-a-operacao-portal-do-crime-contra-18-investigados-por-diversos-crimes-e-por-integrarem-faccao-criminosa\/","url":"https:\/\/ubirataonline.com.br\/gaeco-de-foz-do-iguacu-deflagra-a-operacao-portal-do-crime-contra-18-investigados-por-diversos-crimes-e-por-integrarem-faccao-criminosa\/","name":"Gaeco de Foz do Igua\u00e7u deflagra a Opera\u00e7\u00e3o Portal do Crime contra 18 investigados por diversos crimes e por integrarem fac\u00e7\u00e3o criminosa - Ubirat\u00e3 Online Not\u00edcias - A realidade ao seu alcance!","isPartOf":{"@id":"https:\/\/ubirataonline.com.br\/#website"},"primaryImageOfPage":{"@id":"https:\/\/ubirataonline.com.br\/gaeco-de-foz-do-iguacu-deflagra-a-operacao-portal-do-crime-contra-18-investigados-por-diversos-crimes-e-por-integrarem-faccao-criminosa\/#primaryimage"},"image":{"@id":"https:\/\/ubirataonline.com.br\/gaeco-de-foz-do-iguacu-deflagra-a-operacao-portal-do-crime-contra-18-investigados-por-diversos-crimes-e-por-integrarem-faccao-criminosa\/#primaryimage"},"thumbnailUrl":"https:\/\/ubirataonline.com.br\/wp-content\/uploads\/2026\/09\/Gaeco-de-Foz-do-Iguacu-deflagra-a-Operacao-Portal-do.png","datePublished":"2026-09-05T20:32:21+00:00","dateModified":"2026-09-05T20:32:23+00:00","description":"O N\u00facleo de Foz do Igua\u00e7u do Grupo de Atua\u00e7\u00e3o Especial de Combate ao Crime Organizado (Gaeco), do Minist\u00e9rio P\u00fablico do Paran\u00e1, deflagrou na manh\u00e3 desta quarta-feira, 2 de setembro, a Opera\u00e7\u00e3o Portal do Crime, que investiga o envolvimento de 18","breadcrumb":{"@id":"https:\/\/ubirataonline.com.br\/gaeco-de-foz-do-iguacu-deflagra-a-operacao-portal-do-crime-contra-18-investigados-por-diversos-crimes-e-por-integrarem-faccao-criminosa\/#breadcrumb"},"inLanguage":"en-US","potentialAction":[{"@type":"ReadAction","target":["https:\/\/ubirataonline.com.br\/gaeco-de-foz-do-iguacu-deflagra-a-operacao-portal-do-crime-contra-18-investigados-por-diversos-crimes-e-por-integrarem-faccao-criminosa\/"]}]},{"@type":"ImageObject","inLanguage":"en-US","@id":"https:\/\/ubirataonline.com.br\/gaeco-de-foz-do-iguacu-deflagra-a-operacao-portal-do-crime-contra-18-investigados-por-diversos-crimes-e-por-integrarem-faccao-criminosa\/#primaryimage","url":"https:\/\/ubirataonline.com.br\/wp-content\/uploads\/2026\/09\/Gaeco-de-Foz-do-Iguacu-deflagra-a-Operacao-Portal-do.png","contentUrl":"https:\/\/ubirataonline.com.br\/wp-content\/uploads\/2026\/09\/Gaeco-de-Foz-do-Iguacu-deflagra-a-Operacao-Portal-do.png","width":240,"height":240,"caption":"Gaeco de Foz do Igua\u00e7u deflagra a Opera\u00e7\u00e3o Portal do Crime contra 18 investigados por diversos crimes e por integrarem fac\u00e7\u00e3o criminosa"},{"@type":"BreadcrumbList","@id":"https:\/\/ubirataonline.com.br\/gaeco-de-foz-do-iguacu-deflagra-a-operacao-portal-do-crime-contra-18-investigados-por-diversos-crimes-e-por-integrarem-faccao-criminosa\/#breadcrumb","itemListElement":[{"@type":"ListItem","position":1,"name":"In\u00edcio","item":"https:\/\/ubirataonline.com.br\/"},{"@type":"ListItem","position":2,"name":"Gaeco de Foz do Igua\u00e7u deflagra a Opera\u00e7\u00e3o Portal do Crime contra 18 investigados por diversos crimes e por integrarem fac\u00e7\u00e3o criminosa"}]},{"@type":"WebSite","@id":"https:\/\/ubirataonline.com.br\/#website","url":"https:\/\/ubirataonline.com.br\/","name":"Ubirat\u00e3 Online Not\u00edcias","description":"Not\u00edcias de Ubirat\u00e3, regi\u00e3o, Brasil e mundo, com informa\u00e7\u00e3o atualizada e compromisso com o leitor.","publisher":{"@id":"https:\/\/ubirataonline.com.br\/#organization"},"alternateName":"Ubirat\u00e3 Online","potentialAction":[{"@type":"SearchAction","target":{"@type":"EntryPoint","urlTemplate":"https:\/\/ubirataonline.com.br\/?s={search_term_string}"},"query-input":{"@type":"PropertyValueSpecification","valueRequired":true,"valueName":"search_term_string"}}],"inLanguage":"en-US"},{"@type":["Organization","Place"],"@id":"https:\/\/ubirataonline.com.br\/#organization","name":"Ubirat\u00e3 Online Not\u00edcias","alternateName":"Ubirat\u00e3 Online","url":"https:\/\/ubirataonline.com.br\/","logo":{"@id":"https:\/\/ubirataonline.com.br\/gaeco-de-foz-do-iguacu-deflagra-a-operacao-portal-do-crime-contra-18-investigados-por-diversos-crimes-e-por-integrarem-faccao-criminosa\/#local-main-organization-logo"},"image":{"@id":"https:\/\/ubirataonline.com.br\/gaeco-de-foz-do-iguacu-deflagra-a-operacao-portal-do-crime-contra-18-investigados-por-diversos-crimes-e-por-integrarem-faccao-criminosa\/#local-main-organization-logo"},"sameAs":["https:\/\/www.facebook.com\/portalubirataonline","https:\/\/x.com\/ubirataonline","https:\/\/mastodon.social\/@ubirataonline","https:\/\/www.facebook.com\/groups\/311144672285604","https:\/\/www.facebook.com\/UBTAOnline","https:\/\/www.instagram.com\/portalubirataonline\/","https:\/\/twitter.com\/ubirataonline"],"description":"Somos um portal de not\u00edcias independente, criado em 5 de janeiro de 2009, com o objetivo de informar, conectar e valorizar a nossa comunidade de Ubirat\u00e3 e toda aregi\u00e3o. Com conte\u00fado atualizado, confi\u00e1vel e relevante, o Ubirat\u00e3 Online \u00e9 o seu espa\u00e7o para ficar por dentro dos principais acontecimentos locais, regionais, Brasil, Mundo e de interesse geral. Nosso compromisso \u00e9 com a verdade, a transpar\u00eancia e o respeito ao leitor.","legalName":"UBIRATA ONLINE NOT\u00cdCIAS","foundingDate":"2009-01-05","numberOfEmployees":{"@type":"QuantitativeValue","minValue":"1","maxValue":"10"},"publishingPrinciples":"https:\/\/ubirataonline.com.br\/faq\/","address":{"@id":"https:\/\/ubirataonline.com.br\/gaeco-de-foz-do-iguacu-deflagra-a-operacao-portal-do-crime-contra-18-investigados-por-diversos-crimes-e-por-integrarem-faccao-criminosa\/#local-main-place-address"},"geo":{"@type":"GeoCoordinates","latitude":"-24.5361401","longitude":"-52.9921776"},"telephone":["+5544998308235"],"contactPoint":{"@type":"ContactPoint","email":"contato@ubirataonline.com.br"},"openingHoursSpecification":{"@type":"OpeningHoursSpecification","dayOfWeek":["Monday","Tuesday","Wednesday","Thursday","Friday","Saturday","Sunday"],"opens":"00:00","closes":"23:59"},"email":"contato@ubirataonline.com.br","vatID":"47.621.418\/0001-80"},{"@type":"Person","@id":"https:\/\/ubirataonline.com.br\/#\/schema\/person\/372f87bbd3fdd79b8556b84c98d0bc1c","name":"REDA\u00c7\u00c3O: UBIRAT\u00c3 ONLINE - F\u00c1BIO AUGUSTO CELESTINO","pronouns":"Ele","description":"Desde 2003 trabalhando com not\u00edcias.","sameAs":["http:\/\/ubirataoline.com.br","https:\/\/www.facebook.com\/portalubirataonline","https:\/\/www.instagram.com\/ubirataonline_oficial","https:\/\/x.com\/x.com\/ubirataonline"],"honorificPrefix":"Mr.","honorificSuffix":"MD","birthDate":"1980-06-16","gender":"masculino","award":["V\u00e1rios pr\u00eamios de melhor portal da cidade"],"jobTitle":"Diretor","url":"https:\/\/ubirataonline.com.br\/en\/author\/ubirataonline\/"},{"@type":"PostalAddress","@id":"https:\/\/ubirataonline.com.br\/gaeco-de-foz-do-iguacu-deflagra-a-operacao-portal-do-crime-contra-18-investigados-por-diversos-crimes-e-por-integrarem-faccao-criminosa\/#local-main-place-address","streetAddress":"Rua dos Coqueiros, 104 - Bairro Boa Vista, Rua dos Coqueiros, 104 Bairro Boa Vista","addressLocality":"UBIRATA","postalCode":"85440-000","addressRegion":"PR","addressCountry":"BR"},{"@type":"ImageObject","inLanguage":"en-US","@id":"https:\/\/ubirataonline.com.br\/gaeco-de-foz-do-iguacu-deflagra-a-operacao-portal-do-crime-contra-18-investigados-por-diversos-crimes-e-por-integrarem-faccao-criminosa\/#local-main-organization-logo","url":"https:\/\/ubirataonline.com.br\/wp-content\/uploads\/2026\/06\/logoubirataonline-1.webp","contentUrl":"https:\/\/ubirataonline.com.br\/wp-content\/uploads\/2026\/06\/logoubirataonline-1.webp","width":500,"height":500,"caption":"Ubirat\u00e3 Online Not\u00edcias"}]},"geo.placename":"UBIRATA","geo.position":{"lat":"-24.5361401","long":"-52.9921776"},"geo.region":"Brazil"},"_links":{"self":[{"href":"https:\/\/ubirataonline.com.br\/en\/wp-json\/wp\/v2\/posts\/171101","targetHints":{"allow":["GET"]}}],"collection":[{"href":"https:\/\/ubirataonline.com.br\/en\/wp-json\/wp\/v2\/posts"}],"about":[{"href":"https:\/\/ubirataonline.com.br\/en\/wp-json\/wp\/v2\/types\/post"}],"author":[{"embeddable":true,"href":"https:\/\/ubirataonline.com.br\/en\/wp-json\/wp\/v2\/users\/1"}],"replies":[{"embeddable":true,"href":"https:\/\/ubirataonline.com.br\/en\/wp-json\/wp\/v2\/comments?post=171101"}],"version-history":[{"count":1,"href":"https:\/\/ubirataonline.com.br\/en\/wp-json\/wp\/v2\/posts\/171101\/revisions"}],"predecessor-version":[{"id":171103,"href":"https:\/\/ubirataonline.com.br\/en\/wp-json\/wp\/v2\/posts\/171101\/revisions\/171103"}],"wp:featuredmedia":[{"embeddable":true,"href":"https:\/\/ubirataonline.com.br\/en\/wp-json\/wp\/v2\/media\/171102"}],"wp:attachment":[{"href":"https:\/\/ubirataonline.com.br\/en\/wp-json\/wp\/v2\/media?parent=171101"}],"wp:term":[{"taxonomy":"category","embeddable":true,"href":"https:\/\/ubirataonline.com.br\/en\/wp-json\/wp\/v2\/categories?post=171101"},{"taxonomy":"post_tag","embeddable":true,"href":"https:\/\/ubirataonline.com.br\/en\/wp-json\/wp\/v2\/tags?post=171101"}],"curies":[{"name":"wp","href":"https:\/\/api.w.org\/{rel}","templated":true}]}}