{"id":171125,"date":"2026-09-05T18:02:45","date_gmt":"2026-09-05T21:02:45","guid":{"rendered":"https:\/\/ubirataonline.com.br\/goleiro-ex-corinthians-caique-franca-negocia-ida-para-o-ceara-na-reta-final-da-temporada-2026\/"},"modified":"2026-09-05T18:02:45","modified_gmt":"2026-09-05T21:02:45","slug":"goleiro-ex-corinthians-caique-franca-negocia-ida-para-o-ceara-na-reta-final-da-temporada-2026","status":"publish","type":"post","link":"https:\/\/ubirataonline.com.br\/en\/goleiro-ex-corinthians-caique-franca-negocia-ida-para-o-ceara-na-reta-final-da-temporada-2026\/","title":{"rendered":"Goleiro ex-Corinthians Ca\u00edque Fran\u00e7a negocia ida para o Cear\u00e1 na reta final da temporada 2026"},"content":{"rendered":"<h2>O goleiro Ca\u00edque Fran\u00e7a, com passagens pelo Corinthians, encaminha acerto para defender o Cear\u00e1 na sequ\u00eancia decisiva da temporada 2026<\/h2>\n<p>O mercado da bola segue movimentado e, conforme informa\u00e7\u00e3o divulgada pelo <b>ge<\/b>, o goleiro <b>Ca\u00edque Fran\u00e7a<\/b> est\u00e1 muito pr\u00f3ximo de se tornar o novo refor\u00e7o do <b>Cear\u00e1<\/b>. O atleta, que atualmente pertence ao <b>Guarani<\/b>, negocia um contrato de empr\u00e9stimo v\u00e1lido at\u00e9 o final deste ano.<\/p>\n<p>A expectativa \u00e9 que o jogador se apresente ao clube cearense logo no in\u00edcio da pr\u00f3xima semana. O objetivo \u00e9 que ele realize todos os <b>exames m\u00e9dicos<\/b> e tenha sua documenta\u00e7\u00e3o regularizada antes do encerramento da janela de transfer\u00eancias, marcado para a pr\u00f3xima sexta-feira, dia 11 de setembro.<\/p>\n<p>A negocia\u00e7\u00e3o, que foi inicialmente Revelado pelo jornalista Lucas Rossafa e confirmada pelo ge, surge em um momento em que o Guarani busca reduzir custos operacionais. Como a equipe campineira foi eliminada precocemente da S\u00e9rie C do Campeonato Brasileiro, a diretoria passou a buscar alternativas para aliviar a folha salarial.<\/p>\n<h3>Carreira e trajet\u00f3ria no futebol<\/h3>\n<p>Revelado nas categorias de base do <b>Corinthians<\/b>, Ca\u00edque Fran\u00e7a construiu uma trajet\u00f3ria vitoriosa no clube paulista, onde conquistou o <b>Campeonato Brasileiro de 2017<\/b> e tr\u00eas t\u00edtulos do <b>Campeonato Paulista<\/b>, nos anos de 2017, 2018 e 2019. Apesar das ta\u00e7as, o goleiro teve poucas oportunidades como titular devido \u00e0 concorr\u00eancia com o \u00eddolo C\u00e1ssio.<\/p>\n<p>Ap\u00f3s sua sa\u00edda do Tim\u00e3o, o arqueiro passou por equipes como Oeste e Ponte Preta, sendo protagonista na conquista da S\u00e9rie A2 do Paulista em 2023. Posteriormente, defendeu o <b>Sport<\/b> entre 2024 e 2025, participando da campanha de acesso \u00e0 elite do futebol nacional, antes de retornar ao futebol campineiro para vestir a camisa do Guarani.<\/p>\n<h3>Desempenho recente no Guarani<\/h3>\n<p>Durante a atual temporada de 2026, Ca\u00edque Fran\u00e7a foi pe\u00e7a fundamental na meta do <b>Guarani<\/b>, acumulando <b>27 partidas<\/b> disputadas entre o Paulist\u00e3o, a Copa do Brasil e a S\u00e9rie C do Brasileiro. O atleta chegou a utilizar suas redes sociais nesta semana para rebater cr\u00edticas sobre sua postura diante dos atrasos salariais no clube.<\/p>\n<p>Com a sa\u00edda do goleiro, o Guarani busca ajustar suas finan\u00e7as ap\u00f3s um ano dif\u00edcil. Do outro lado, o <b>Cear\u00e1<\/b> aposta na experi\u00eancia do jogador de 31 anos para refor\u00e7ar seu sistema defensivo nesta reta final de temporada, buscando estabilidade e seguran\u00e7a para seus objetivos no restante do ano esportivo.<\/p>\n<h3>Perguntas Frequentes (FAQ)<\/h3>\n<p><b>1. Por que Ca\u00edque Fran\u00e7a est\u00e1 saindo do Guarani?<\/b><br \/>O Guarani busca reduzir custos ap\u00f3s a elimina\u00e7\u00e3o na S\u00e9rie C, e o empr\u00e9stimo do goleiro ajuda a aliviar a folha salarial do clube, que enfrenta atrasos nos pagamentos.<\/p>\n<p><b>2. At\u00e9 quando vai o contrato de empr\u00e9stimo com o Cear\u00e1?<\/b><br \/>A negocia\u00e7\u00e3o prev\u00ea que o goleiro defenda o Cear\u00e1 at\u00e9 o final da temporada de 2026.<\/p>\n<p><b>3. Quando o goleiro deve ser regularizado?<\/b><br \/>A expectativa \u00e9 que o jogador se apresente no in\u00edcio da pr\u00f3xima semana para exames m\u00e9dicos, visando o fechamento da janela de transfer\u00eancias em 11 de setembro.<\/p>\n<p>4. Quais t\u00edtulos Ca\u00edque Fran\u00e7a conquistou no Corinthians?Ele conquistou o Campeonato Brasileiro de 2017 e os Campeonatos Paulista de 2017, 2018 e 2019.<\/p>\n<p><b>5. Quantos jogos ele fez pelo Guarani em 2026?<\/b><br \/>O goleiro disputou 27 partidas oficiais pelo clube campineiro antes de iniciar as negocia\u00e7\u00f5es para a transfer\u00eancia.<\/p>","protected":false},"excerpt":{"rendered":"<p>O goleiro Ca\u00edque Fran\u00e7a, com passagens pelo Corinthians, encaminha acerto para defender o Cear\u00e1 na sequ\u00eancia decisiva da temporada 2026 O mercado da bola segue movimentado e, conforme informa\u00e7\u00e3o divulgada pelo ge, o goleiro Ca\u00edque Fran\u00e7a est\u00e1 muito pr\u00f3ximo de se tornar o novo refor\u00e7o do Cear\u00e1. O atleta, que atualmente pertence ao Guarani, negocia [&hellip;]<\/p>\n","protected":false},"author":1,"featured_media":171126,"comment_status":"","ping_status":"","sticky":false,"template":"","format":"standard","meta":{"googlesitekit_rrm_CAow2JLhCw:productID":"","_gspb_post_css":"","maa_idioma":"","maa_pais":"","footnotes":""},"categories":[40744],"tags":[],"class_list":["post-171125","post","type-post","status-publish","format-standard","has-post-thumbnail","hentry","category-esportes"],"blocksy_meta":[],"yoast_head":"<!-- This site is optimized with the Yoast SEO Premium plugin v27.6 (Yoast SEO v27.6) - https:\/\/yoast.com\/product\/yoast-seo-premium-wordpress\/ -->\n<title>Goleiro ex-Corinthians Ca\u00edque Fran\u00e7a negocia ida para o Cear\u00e1 na reta final da temporada 2026 - Ubirat\u00e3 Online Not\u00edcias - A realidade ao seu alcance!<\/title>\n<meta name=\"description\" content=\"O goleiro Ca\u00edque Fran\u00e7a, com passagens pelo Corinthians, encaminha acerto para defender o Cear\u00e1 na sequ\u00eancia decisiva da temporada 2026 O mercado da bola\" \/>\n<meta name=\"robots\" content=\"index, follow, max-snippet:-1, max-image-preview:large, max-video-preview:-1\" \/>\n<link rel=\"canonical\" href=\"https:\/\/ubirataonline.com.br\/en\/goleiro-ex-corinthians-caique-franca-negocia-ida-para-o-ceara-na-reta-final-da-temporada-2026\/\" \/>\n<meta property=\"og:locale\" content=\"en_US\" \/>\n<meta property=\"og:type\" content=\"article\" \/>\n<meta property=\"og:title\" content=\"Goleiro ex-Corinthians Ca\u00edque Fran\u00e7a negocia ida para o Cear\u00e1 na reta final da temporada 2026\" \/>\n<meta property=\"og:description\" content=\"O goleiro Ca\u00edque Fran\u00e7a, com passagens pelo Corinthians, encaminha acerto para defender o Cear\u00e1 na sequ\u00eancia decisiva da temporada 2026 O mercado da bola\" \/>\n<meta property=\"og:url\" content=\"https:\/\/ubirataonline.com.br\/en\/goleiro-ex-corinthians-caique-franca-negocia-ida-para-o-ceara-na-reta-final-da-temporada-2026\/\" \/>\n<meta property=\"og:site_name\" content=\"Ubirat\u00e3 Online Not\u00edcias - A realidade ao seu alcance!\" \/>\n<meta property=\"article:publisher\" content=\"https:\/\/www.facebook.com\/portalubirataonline\" \/>\n<meta property=\"article:author\" content=\"https:\/\/www.facebook.com\/portalubirataonline\" \/>\n<meta property=\"article:published_time\" content=\"2026-09-05T21:02:45+00:00\" \/>\n<meta property=\"og:image\" content=\"https:\/\/ubirataonline.com.br\/wp-content\/uploads\/2026\/05\/logo2026.webp\" \/>\n\t<meta property=\"og:image:width\" content=\"1531\" \/>\n\t<meta property=\"og:image:height\" content=\"418\" \/>\n\t<meta property=\"og:image:type\" content=\"image\/webp\" \/>\n<meta name=\"author\" content=\"REDA\u00c7\u00c3O: UBIRAT\u00c3 ONLINE - F\u00c1BIO AUGUSTO CELESTINO\" \/>\n<meta name=\"twitter:card\" content=\"summary_large_image\" \/>\n<meta name=\"twitter:creator\" content=\"@x.com\/ubirataonline\" \/>\n<meta name=\"twitter:site\" content=\"@ubirataonline\" \/>\n<meta name=\"twitter:label1\" content=\"Written by\" \/>\n\t<meta name=\"twitter:data1\" content=\"REDA\u00c7\u00c3O: UBIRAT\u00c3 ONLINE - F\u00c1BIO AUGUSTO CELESTINO\" \/>\n\t<meta name=\"twitter:label2\" content=\"Est. reading time\" \/>\n\t<meta name=\"twitter:data2\" content=\"3 minutes\" \/>\n<script type=\"application\/ld+json\" class=\"yoast-schema-graph\">{\"@context\":\"https:\\\/\\\/schema.org\",\"@graph\":[{\"@type\":\"NewsArticle\",\"@id\":\"https:\\\/\\\/ubirataonline.com.br\\\/goleiro-ex-corinthians-caique-franca-negocia-ida-para-o-ceara-na-reta-final-da-temporada-2026\\\/#article\",\"isPartOf\":{\"@id\":\"https:\\\/\\\/ubirataonline.com.br\\\/goleiro-ex-corinthians-caique-franca-negocia-ida-para-o-ceara-na-reta-final-da-temporada-2026\\\/\"},\"author\":{\"name\":\"REDA\u00c7\u00c3O: UBIRAT\u00c3 ONLINE - F\u00c1BIO AUGUSTO CELESTINO\",\"@id\":\"https:\\\/\\\/ubirataonline.com.br\\\/#\\\/schema\\\/person\\\/372f87bbd3fdd79b8556b84c98d0bc1c\"},\"headline\":\"Goleiro ex-Corinthians Ca\u00edque Fran\u00e7a negocia ida para o Cear\u00e1 na reta final da temporada 2026\",\"datePublished\":\"2026-09-05T21:02:45+00:00\",\"mainEntityOfPage\":{\"@id\":\"https:\\\/\\\/ubirataonline.com.br\\\/goleiro-ex-corinthians-caique-franca-negocia-ida-para-o-ceara-na-reta-final-da-temporada-2026\\\/\"},\"wordCount\":584,\"publisher\":{\"@id\":\"https:\\\/\\\/ubirataonline.com.br\\\/#organization\"},\"image\":{\"@id\":\"https:\\\/\\\/ubirataonline.com.br\\\/goleiro-ex-corinthians-caique-franca-negocia-ida-para-o-ceara-na-reta-final-da-temporada-2026\\\/#primaryimage\"},\"thumbnailUrl\":\"https:\\\/\\\/ubirataonline.com.br\\\/wp-content\\\/uploads\\\/2026\\\/09\\\/maaimg-post-171125-20260905-210300.webp\",\"articleSection\":[\"Esportes\"],\"inLanguage\":\"en-US\",\"copyrightYear\":\"2026\",\"copyrightHolder\":{\"@id\":\"https:\\\/\\\/ubirataonline.com.br\\\/en\\\/#organization\"}},{\"@type\":\"WebPage\",\"@id\":\"https:\\\/\\\/ubirataonline.com.br\\\/goleiro-ex-corinthians-caique-franca-negocia-ida-para-o-ceara-na-reta-final-da-temporada-2026\\\/\",\"url\":\"https:\\\/\\\/ubirataonline.com.br\\\/goleiro-ex-corinthians-caique-franca-negocia-ida-para-o-ceara-na-reta-final-da-temporada-2026\\\/\",\"name\":\"Goleiro ex-Corinthians Ca\u00edque Fran\u00e7a negocia ida para o Cear\u00e1 na reta final da temporada 2026 - Ubirat\u00e3 Online Not\u00edcias - A realidade ao seu alcance!\",\"isPartOf\":{\"@id\":\"https:\\\/\\\/ubirataonline.com.br\\\/#website\"},\"primaryImageOfPage\":{\"@id\":\"https:\\\/\\\/ubirataonline.com.br\\\/goleiro-ex-corinthians-caique-franca-negocia-ida-para-o-ceara-na-reta-final-da-temporada-2026\\\/#primaryimage\"},\"image\":{\"@id\":\"https:\\\/\\\/ubirataonline.com.br\\\/goleiro-ex-corinthians-caique-franca-negocia-ida-para-o-ceara-na-reta-final-da-temporada-2026\\\/#primaryimage\"},\"thumbnailUrl\":\"https:\\\/\\\/ubirataonline.com.br\\\/wp-content\\\/uploads\\\/2026\\\/09\\\/maaimg-post-171125-20260905-210300.webp\",\"datePublished\":\"2026-09-05T21:02:45+00:00\",\"description\":\"O goleiro Ca\u00edque Fran\u00e7a, com passagens pelo Corinthians, encaminha acerto para defender o Cear\u00e1 na sequ\u00eancia decisiva da temporada 2026 O mercado da bola\",\"breadcrumb\":{\"@id\":\"https:\\\/\\\/ubirataonline.com.br\\\/goleiro-ex-corinthians-caique-franca-negocia-ida-para-o-ceara-na-reta-final-da-temporada-2026\\\/#breadcrumb\"},\"inLanguage\":\"en-US\",\"potentialAction\":[{\"@type\":\"ReadAction\",\"target\":[\"https:\\\/\\\/ubirataonline.com.br\\\/goleiro-ex-corinthians-caique-franca-negocia-ida-para-o-ceara-na-reta-final-da-temporada-2026\\\/\"]}]},{\"@type\":\"ImageObject\",\"inLanguage\":\"en-US\",\"@id\":\"https:\\\/\\\/ubirataonline.com.br\\\/goleiro-ex-corinthians-caique-franca-negocia-ida-para-o-ceara-na-reta-final-da-temporada-2026\\\/#primaryimage\",\"url\":\"https:\\\/\\\/ubirataonline.com.br\\\/wp-content\\\/uploads\\\/2026\\\/09\\\/maaimg-post-171125-20260905-210300.webp\",\"contentUrl\":\"https:\\\/\\\/ubirataonline.com.br\\\/wp-content\\\/uploads\\\/2026\\\/09\\\/maaimg-post-171125-20260905-210300.webp\",\"width\":1536,\"height\":1024,\"caption\":\"Imagem ilustrativa Gerada por IA\"},{\"@type\":\"BreadcrumbList\",\"@id\":\"https:\\\/\\\/ubirataonline.com.br\\\/goleiro-ex-corinthians-caique-franca-negocia-ida-para-o-ceara-na-reta-final-da-temporada-2026\\\/#breadcrumb\",\"itemListElement\":[{\"@type\":\"ListItem\",\"position\":1,\"name\":\"In\u00edcio\",\"item\":\"https:\\\/\\\/ubirataonline.com.br\\\/\"},{\"@type\":\"ListItem\",\"position\":2,\"name\":\"Goleiro ex-Corinthians Ca\u00edque Fran\u00e7a negocia ida para o Cear\u00e1 na reta final da temporada 2026\"}]},{\"@type\":\"WebSite\",\"@id\":\"https:\\\/\\\/ubirataonline.com.br\\\/#website\",\"url\":\"https:\\\/\\\/ubirataonline.com.br\\\/\",\"name\":\"Ubirat\u00e3 Online Not\u00edcias\",\"description\":\"Not\u00edcias de Ubirat\u00e3, regi\u00e3o, Brasil e mundo, com informa\u00e7\u00e3o atualizada e compromisso com o leitor.\",\"publisher\":{\"@id\":\"https:\\\/\\\/ubirataonline.com.br\\\/#organization\"},\"alternateName\":\"Ubirat\u00e3 Online\",\"potentialAction\":[{\"@type\":\"SearchAction\",\"target\":{\"@type\":\"EntryPoint\",\"urlTemplate\":\"https:\\\/\\\/ubirataonline.com.br\\\/?s={search_term_string}\"},\"query-input\":{\"@type\":\"PropertyValueSpecification\",\"valueRequired\":true,\"valueName\":\"search_term_string\"}}],\"inLanguage\":\"en-US\"},{\"@type\":[\"Organization\",\"Place\"],\"@id\":\"https:\\\/\\\/ubirataonline.com.br\\\/#organization\",\"name\":\"Ubirat\u00e3 Online Not\u00edcias\",\"alternateName\":\"Ubirat\u00e3 Online\",\"url\":\"https:\\\/\\\/ubirataonline.com.br\\\/\",\"logo\":{\"@id\":\"https:\\\/\\\/ubirataonline.com.br\\\/goleiro-ex-corinthians-caique-franca-negocia-ida-para-o-ceara-na-reta-final-da-temporada-2026\\\/#local-main-organization-logo\"},\"image\":{\"@id\":\"https:\\\/\\\/ubirataonline.com.br\\\/goleiro-ex-corinthians-caique-franca-negocia-ida-para-o-ceara-na-reta-final-da-temporada-2026\\\/#local-main-organization-logo\"},\"sameAs\":[\"https:\\\/\\\/www.facebook.com\\\/portalubirataonline\",\"https:\\\/\\\/x.com\\\/ubirataonline\",\"https:\\\/\\\/mastodon.social\\\/@ubirataonline\",\"https:\\\/\\\/www.facebook.com\\\/groups\\\/311144672285604\",\"https:\\\/\\\/www.facebook.com\\\/UBTAOnline\",\"https:\\\/\\\/www.instagram.com\\\/portalubirataonline\\\/\",\"https:\\\/\\\/twitter.com\\\/ubirataonline\"],\"description\":\"Somos um portal de not\u00edcias independente, criado em 5 de janeiro de 2009, com o objetivo de informar, conectar e valorizar a nossa comunidade de Ubirat\u00e3 e toda aregi\u00e3o. Com conte\u00fado atualizado, confi\u00e1vel e relevante, o Ubirat\u00e3 Online \u00e9 o seu espa\u00e7o para ficar por dentro dos principais acontecimentos locais, regionais, Brasil, Mundo e de interesse geral. Nosso compromisso \u00e9 com a verdade, a transpar\u00eancia e o respeito ao leitor.\",\"legalName\":\"UBIRATA ONLINE NOT\u00cdCIAS\",\"foundingDate\":\"2009-01-05\",\"numberOfEmployees\":{\"@type\":\"QuantitativeValue\",\"minValue\":\"1\",\"maxValue\":\"10\"},\"publishingPrinciples\":\"https:\\\/\\\/ubirataonline.com.br\\\/faq\\\/\",\"address\":{\"@id\":\"https:\\\/\\\/ubirataonline.com.br\\\/goleiro-ex-corinthians-caique-franca-negocia-ida-para-o-ceara-na-reta-final-da-temporada-2026\\\/#local-main-place-address\"},\"geo\":{\"@type\":\"GeoCoordinates\",\"latitude\":\"-24.5361401\",\"longitude\":\"-52.9921776\"},\"telephone\":[\"+5544998308235\"],\"contactPoint\":{\"@type\":\"ContactPoint\",\"email\":\"contato@ubirataonline.com.br\"},\"openingHoursSpecification\":{\"@type\":\"OpeningHoursSpecification\",\"dayOfWeek\":[\"Monday\",\"Tuesday\",\"Wednesday\",\"Thursday\",\"Friday\",\"Saturday\",\"Sunday\"],\"opens\":\"00:00\",\"closes\":\"23:59\"},\"email\":\"contato@ubirataonline.com.br\",\"vatID\":\"47.621.418\\\/0001-80\"},{\"@type\":\"Person\",\"@id\":\"https:\\\/\\\/ubirataonline.com.br\\\/#\\\/schema\\\/person\\\/372f87bbd3fdd79b8556b84c98d0bc1c\",\"name\":\"REDA\u00c7\u00c3O: UBIRAT\u00c3 ONLINE - F\u00c1BIO AUGUSTO CELESTINO\",\"pronouns\":\"Ele\",\"description\":\"Desde 2003 trabalhando com not\u00edcias.\",\"sameAs\":[\"http:\\\/\\\/ubirataoline.com.br\",\"https:\\\/\\\/www.facebook.com\\\/portalubirataonline\",\"https:\\\/\\\/www.instagram.com\\\/ubirataonline_oficial\",\"https:\\\/\\\/x.com\\\/x.com\\\/ubirataonline\"],\"honorificPrefix\":\"Mr.\",\"honorificSuffix\":\"MD\",\"birthDate\":\"1980-06-16\",\"gender\":\"masculino\",\"award\":[\"V\u00e1rios pr\u00eamios de melhor portal da cidade\"],\"jobTitle\":\"Diretor\",\"url\":\"https:\\\/\\\/ubirataonline.com.br\\\/en\\\/author\\\/ubirataonline\\\/\"},{\"@type\":\"PostalAddress\",\"@id\":\"https:\\\/\\\/ubirataonline.com.br\\\/goleiro-ex-corinthians-caique-franca-negocia-ida-para-o-ceara-na-reta-final-da-temporada-2026\\\/#local-main-place-address\",\"streetAddress\":\"Rua dos Coqueiros, 104 - Bairro Boa Vista, Rua dos Coqueiros, 104 Bairro Boa Vista\",\"addressLocality\":\"UBIRATA\",\"postalCode\":\"85440-000\",\"addressRegion\":\"PR\",\"addressCountry\":\"BR\"},{\"@type\":\"ImageObject\",\"inLanguage\":\"en-US\",\"@id\":\"https:\\\/\\\/ubirataonline.com.br\\\/goleiro-ex-corinthians-caique-franca-negocia-ida-para-o-ceara-na-reta-final-da-temporada-2026\\\/#local-main-organization-logo\",\"url\":\"https:\\\/\\\/ubirataonline.com.br\\\/wp-content\\\/uploads\\\/2026\\\/06\\\/logoubirataonline-1.webp\",\"contentUrl\":\"https:\\\/\\\/ubirataonline.com.br\\\/wp-content\\\/uploads\\\/2026\\\/06\\\/logoubirataonline-1.webp\",\"width\":500,\"height\":500,\"caption\":\"Ubirat\u00e3 Online Not\u00edcias\"}]}<\/script>\n<meta name=\"geo.placename\" content=\"UBIRATA\" \/>\n<meta name=\"geo.position\" content=\"-24.5361401;-52.9921776\" \/>\n<meta name=\"geo.region\" content=\"Brazil\" \/>\n<!-- \/ Yoast SEO Premium plugin. -->","yoast_head_json":{"title":"Goleiro ex-Corinthians Ca\u00edque Fran\u00e7a negocia ida para o Cear\u00e1 na reta final da temporada 2026 - Ubirat\u00e3 Online Not\u00edcias - A realidade ao seu alcance!","description":"O goleiro Ca\u00edque Fran\u00e7a, com passagens pelo Corinthians, encaminha acerto para defender o Cear\u00e1 na sequ\u00eancia decisiva da temporada 2026 O mercado da bola","robots":{"index":"index","follow":"follow","max-snippet":"max-snippet:-1","max-image-preview":"max-image-preview:large","max-video-preview":"max-video-preview:-1"},"canonical":"https:\/\/ubirataonline.com.br\/en\/goleiro-ex-corinthians-caique-franca-negocia-ida-para-o-ceara-na-reta-final-da-temporada-2026\/","og_locale":"en_US","og_type":"article","og_title":"Goleiro ex-Corinthians Ca\u00edque Fran\u00e7a negocia ida para o Cear\u00e1 na reta final da temporada 2026","og_description":"O goleiro Ca\u00edque Fran\u00e7a, com passagens pelo Corinthians, encaminha acerto para defender o Cear\u00e1 na sequ\u00eancia decisiva da temporada 2026 O mercado da bola","og_url":"https:\/\/ubirataonline.com.br\/en\/goleiro-ex-corinthians-caique-franca-negocia-ida-para-o-ceara-na-reta-final-da-temporada-2026\/","og_site_name":"Ubirat\u00e3 Online Not\u00edcias - A realidade ao seu alcance!","article_publisher":"https:\/\/www.facebook.com\/portalubirataonline","article_author":"https:\/\/www.facebook.com\/portalubirataonline","article_published_time":"2026-09-05T21:02:45+00:00","og_image":[{"width":1531,"height":418,"url":"https:\/\/ubirataonline.com.br\/wp-content\/uploads\/2026\/05\/logo2026.webp","type":"image\/webp"}],"author":"REDA\u00c7\u00c3O: UBIRAT\u00c3 ONLINE - F\u00c1BIO AUGUSTO CELESTINO","twitter_card":"summary_large_image","twitter_creator":"@x.com\/ubirataonline","twitter_site":"@ubirataonline","twitter_misc":{"Written by":"REDA\u00c7\u00c3O: UBIRAT\u00c3 ONLINE - F\u00c1BIO AUGUSTO CELESTINO","Est. reading time":"3 minutes"},"schema":{"@context":"https:\/\/schema.org","@graph":[{"@type":"NewsArticle","@id":"https:\/\/ubirataonline.com.br\/goleiro-ex-corinthians-caique-franca-negocia-ida-para-o-ceara-na-reta-final-da-temporada-2026\/#article","isPartOf":{"@id":"https:\/\/ubirataonline.com.br\/goleiro-ex-corinthians-caique-franca-negocia-ida-para-o-ceara-na-reta-final-da-temporada-2026\/"},"author":{"name":"REDA\u00c7\u00c3O: UBIRAT\u00c3 ONLINE - F\u00c1BIO AUGUSTO CELESTINO","@id":"https:\/\/ubirataonline.com.br\/#\/schema\/person\/372f87bbd3fdd79b8556b84c98d0bc1c"},"headline":"Goleiro ex-Corinthians Ca\u00edque Fran\u00e7a negocia ida para o Cear\u00e1 na reta final da temporada 2026","datePublished":"2026-09-05T21:02:45+00:00","mainEntityOfPage":{"@id":"https:\/\/ubirataonline.com.br\/goleiro-ex-corinthians-caique-franca-negocia-ida-para-o-ceara-na-reta-final-da-temporada-2026\/"},"wordCount":584,"publisher":{"@id":"https:\/\/ubirataonline.com.br\/#organization"},"image":{"@id":"https:\/\/ubirataonline.com.br\/goleiro-ex-corinthians-caique-franca-negocia-ida-para-o-ceara-na-reta-final-da-temporada-2026\/#primaryimage"},"thumbnailUrl":"https:\/\/ubirataonline.com.br\/wp-content\/uploads\/2026\/09\/maaimg-post-171125-20260905-210300.webp","articleSection":["Esportes"],"inLanguage":"en-US","copyrightYear":"2026","copyrightHolder":{"@id":"https:\/\/ubirataonline.com.br\/en\/#organization"}},{"@type":"WebPage","@id":"https:\/\/ubirataonline.com.br\/goleiro-ex-corinthians-caique-franca-negocia-ida-para-o-ceara-na-reta-final-da-temporada-2026\/","url":"https:\/\/ubirataonline.com.br\/goleiro-ex-corinthians-caique-franca-negocia-ida-para-o-ceara-na-reta-final-da-temporada-2026\/","name":"Goleiro ex-Corinthians Ca\u00edque Fran\u00e7a negocia ida para o Cear\u00e1 na reta final da temporada 2026 - Ubirat\u00e3 Online Not\u00edcias - A realidade ao seu alcance!","isPartOf":{"@id":"https:\/\/ubirataonline.com.br\/#website"},"primaryImageOfPage":{"@id":"https:\/\/ubirataonline.com.br\/goleiro-ex-corinthians-caique-franca-negocia-ida-para-o-ceara-na-reta-final-da-temporada-2026\/#primaryimage"},"image":{"@id":"https:\/\/ubirataonline.com.br\/goleiro-ex-corinthians-caique-franca-negocia-ida-para-o-ceara-na-reta-final-da-temporada-2026\/#primaryimage"},"thumbnailUrl":"https:\/\/ubirataonline.com.br\/wp-content\/uploads\/2026\/09\/maaimg-post-171125-20260905-210300.webp","datePublished":"2026-09-05T21:02:45+00:00","description":"O goleiro Ca\u00edque Fran\u00e7a, com passagens pelo Corinthians, encaminha acerto para defender o Cear\u00e1 na sequ\u00eancia decisiva da temporada 2026 O mercado da bola","breadcrumb":{"@id":"https:\/\/ubirataonline.com.br\/goleiro-ex-corinthians-caique-franca-negocia-ida-para-o-ceara-na-reta-final-da-temporada-2026\/#breadcrumb"},"inLanguage":"en-US","potentialAction":[{"@type":"ReadAction","target":["https:\/\/ubirataonline.com.br\/goleiro-ex-corinthians-caique-franca-negocia-ida-para-o-ceara-na-reta-final-da-temporada-2026\/"]}]},{"@type":"ImageObject","inLanguage":"en-US","@id":"https:\/\/ubirataonline.com.br\/goleiro-ex-corinthians-caique-franca-negocia-ida-para-o-ceara-na-reta-final-da-temporada-2026\/#primaryimage","url":"https:\/\/ubirataonline.com.br\/wp-content\/uploads\/2026\/09\/maaimg-post-171125-20260905-210300.webp","contentUrl":"https:\/\/ubirataonline.com.br\/wp-content\/uploads\/2026\/09\/maaimg-post-171125-20260905-210300.webp","width":1536,"height":1024,"caption":"Imagem ilustrativa Gerada por IA"},{"@type":"BreadcrumbList","@id":"https:\/\/ubirataonline.com.br\/goleiro-ex-corinthians-caique-franca-negocia-ida-para-o-ceara-na-reta-final-da-temporada-2026\/#breadcrumb","itemListElement":[{"@type":"ListItem","position":1,"name":"In\u00edcio","item":"https:\/\/ubirataonline.com.br\/"},{"@type":"ListItem","position":2,"name":"Goleiro ex-Corinthians Ca\u00edque Fran\u00e7a negocia ida para o Cear\u00e1 na reta final da temporada 2026"}]},{"@type":"WebSite","@id":"https:\/\/ubirataonline.com.br\/#website","url":"https:\/\/ubirataonline.com.br\/","name":"Ubirat\u00e3 Online Not\u00edcias","description":"Not\u00edcias de Ubirat\u00e3, regi\u00e3o, Brasil e mundo, com informa\u00e7\u00e3o atualizada e compromisso com o leitor.","publisher":{"@id":"https:\/\/ubirataonline.com.br\/#organization"},"alternateName":"Ubirat\u00e3 Online","potentialAction":[{"@type":"SearchAction","target":{"@type":"EntryPoint","urlTemplate":"https:\/\/ubirataonline.com.br\/?s={search_term_string}"},"query-input":{"@type":"PropertyValueSpecification","valueRequired":true,"valueName":"search_term_string"}}],"inLanguage":"en-US"},{"@type":["Organization","Place"],"@id":"https:\/\/ubirataonline.com.br\/#organization","name":"Ubirat\u00e3 Online Not\u00edcias","alternateName":"Ubirat\u00e3 Online","url":"https:\/\/ubirataonline.com.br\/","logo":{"@id":"https:\/\/ubirataonline.com.br\/goleiro-ex-corinthians-caique-franca-negocia-ida-para-o-ceara-na-reta-final-da-temporada-2026\/#local-main-organization-logo"},"image":{"@id":"https:\/\/ubirataonline.com.br\/goleiro-ex-corinthians-caique-franca-negocia-ida-para-o-ceara-na-reta-final-da-temporada-2026\/#local-main-organization-logo"},"sameAs":["https:\/\/www.facebook.com\/portalubirataonline","https:\/\/x.com\/ubirataonline","https:\/\/mastodon.social\/@ubirataonline","https:\/\/www.facebook.com\/groups\/311144672285604","https:\/\/www.facebook.com\/UBTAOnline","https:\/\/www.instagram.com\/portalubirataonline\/","https:\/\/twitter.com\/ubirataonline"],"description":"Somos um portal de not\u00edcias independente, criado em 5 de janeiro de 2009, com o objetivo de informar, conectar e valorizar a nossa comunidade de Ubirat\u00e3 e toda aregi\u00e3o. Com conte\u00fado atualizado, confi\u00e1vel e relevante, o Ubirat\u00e3 Online \u00e9 o seu espa\u00e7o para ficar por dentro dos principais acontecimentos locais, regionais, Brasil, Mundo e de interesse geral. Nosso compromisso \u00e9 com a verdade, a transpar\u00eancia e o respeito ao leitor.","legalName":"UBIRATA ONLINE NOT\u00cdCIAS","foundingDate":"2009-01-05","numberOfEmployees":{"@type":"QuantitativeValue","minValue":"1","maxValue":"10"},"publishingPrinciples":"https:\/\/ubirataonline.com.br\/faq\/","address":{"@id":"https:\/\/ubirataonline.com.br\/goleiro-ex-corinthians-caique-franca-negocia-ida-para-o-ceara-na-reta-final-da-temporada-2026\/#local-main-place-address"},"geo":{"@type":"GeoCoordinates","latitude":"-24.5361401","longitude":"-52.9921776"},"telephone":["+5544998308235"],"contactPoint":{"@type":"ContactPoint","email":"contato@ubirataonline.com.br"},"openingHoursSpecification":{"@type":"OpeningHoursSpecification","dayOfWeek":["Monday","Tuesday","Wednesday","Thursday","Friday","Saturday","Sunday"],"opens":"00:00","closes":"23:59"},"email":"contato@ubirataonline.com.br","vatID":"47.621.418\/0001-80"},{"@type":"Person","@id":"https:\/\/ubirataonline.com.br\/#\/schema\/person\/372f87bbd3fdd79b8556b84c98d0bc1c","name":"REDA\u00c7\u00c3O: UBIRAT\u00c3 ONLINE - F\u00c1BIO AUGUSTO CELESTINO","pronouns":"Ele","description":"Desde 2003 trabalhando com not\u00edcias.","sameAs":["http:\/\/ubirataoline.com.br","https:\/\/www.facebook.com\/portalubirataonline","https:\/\/www.instagram.com\/ubirataonline_oficial","https:\/\/x.com\/x.com\/ubirataonline"],"honorificPrefix":"Mr.","honorificSuffix":"MD","birthDate":"1980-06-16","gender":"masculino","award":["V\u00e1rios pr\u00eamios de melhor portal da cidade"],"jobTitle":"Diretor","url":"https:\/\/ubirataonline.com.br\/en\/author\/ubirataonline\/"},{"@type":"PostalAddress","@id":"https:\/\/ubirataonline.com.br\/goleiro-ex-corinthians-caique-franca-negocia-ida-para-o-ceara-na-reta-final-da-temporada-2026\/#local-main-place-address","streetAddress":"Rua dos Coqueiros, 104 - Bairro Boa Vista, Rua dos Coqueiros, 104 Bairro Boa Vista","addressLocality":"UBIRATA","postalCode":"85440-000","addressRegion":"PR","addressCountry":"BR"},{"@type":"ImageObject","inLanguage":"en-US","@id":"https:\/\/ubirataonline.com.br\/goleiro-ex-corinthians-caique-franca-negocia-ida-para-o-ceara-na-reta-final-da-temporada-2026\/#local-main-organization-logo","url":"https:\/\/ubirataonline.com.br\/wp-content\/uploads\/2026\/06\/logoubirataonline-1.webp","contentUrl":"https:\/\/ubirataonline.com.br\/wp-content\/uploads\/2026\/06\/logoubirataonline-1.webp","width":500,"height":500,"caption":"Ubirat\u00e3 Online Not\u00edcias"}]},"geo.placename":"UBIRATA","geo.position":{"lat":"-24.5361401","long":"-52.9921776"},"geo.region":"Brazil"},"_links":{"self":[{"href":"https:\/\/ubirataonline.com.br\/en\/wp-json\/wp\/v2\/posts\/171125","targetHints":{"allow":["GET"]}}],"collection":[{"href":"https:\/\/ubirataonline.com.br\/en\/wp-json\/wp\/v2\/posts"}],"about":[{"href":"https:\/\/ubirataonline.com.br\/en\/wp-json\/wp\/v2\/types\/post"}],"author":[{"embeddable":true,"href":"https:\/\/ubirataonline.com.br\/en\/wp-json\/wp\/v2\/users\/1"}],"replies":[{"embeddable":true,"href":"https:\/\/ubirataonline.com.br\/en\/wp-json\/wp\/v2\/comments?post=171125"}],"version-history":[{"count":0,"href":"https:\/\/ubirataonline.com.br\/en\/wp-json\/wp\/v2\/posts\/171125\/revisions"}],"wp:featuredmedia":[{"embeddable":true,"href":"https:\/\/ubirataonline.com.br\/en\/wp-json\/wp\/v2\/media\/171126"}],"wp:attachment":[{"href":"https:\/\/ubirataonline.com.br\/en\/wp-json\/wp\/v2\/media?parent=171125"}],"wp:term":[{"taxonomy":"category","embeddable":true,"href":"https:\/\/ubirataonline.com.br\/en\/wp-json\/wp\/v2\/categories?post=171125"},{"taxonomy":"post_tag","embeddable":true,"href":"https:\/\/ubirataonline.com.br\/en\/wp-json\/wp\/v2\/tags?post=171125"}],"curies":[{"name":"wp","href":"https:\/\/api.w.org\/{rel}","templated":true}]}}