{"id":171127,"date":"2026-09-05T18:47:42","date_gmt":"2026-09-05T21:47:42","guid":{"rendered":"https:\/\/ubirataonline.com.br\/serie-de-quedas-de-motociclista-em-linha-ferrea-de-curitiba-e-flagrada-por-cameras-de-seguranca\/"},"modified":"2026-09-05T18:47:42","modified_gmt":"2026-09-05T21:47:42","slug":"serie-de-quedas-de-motociclista-em-linha-ferrea-de-curitiba-e-flagrada-por-cameras-de-seguranca","status":"publish","type":"post","link":"https:\/\/ubirataonline.com.br\/en\/serie-de-quedas-de-motociclista-em-linha-ferrea-de-curitiba-e-flagrada-por-cameras-de-seguranca\/","title":{"rendered":"S\u00e9rie de quedas de Motociclista em linha f\u00e9rrea de Curitiba \u00e9 flagrada por c\u00e2meras de seguran\u00e7a"},"content":{"rendered":"<h2>Imagens de monitoramento revelam perigo constante para Motociclista em cruzamento de linha f\u00e9rrea na capital paranaense<\/h2>\n<p>Uma sequ\u00eancia de acidentes envolvendo Motociclista foi registrada em uma passagem de linha f\u00e9rrea localizada no cruzamento da Avenida Anita Garibaldi com a Rua Fl\u00e1vio Dallegrave, na divisa entre os bairros S\u00e3o Louren\u00e7o e Barreirinha, em Curitiba. O caso, que ganhou repercuss\u00e3o ap\u00f3s a divulga\u00e7\u00e3o de grava\u00e7\u00f5es de c\u00e2meras de seguran\u00e7a, coloca em evid\u00eancia as condi\u00e7\u00f5es do trecho.<\/p>\n<p>As imagens captadas pelo sistema de monitoramento mostram ao menos cinco quedas ocorridas em um curto intervalo de tempo. O primeiro registro aconteceu na \u00faltima segunda-feira, dia 31, enquanto outros quatro acidentes foram flagrados pelos equipamentos na sexta-feira, dia 4, conforme informa\u00e7\u00e3o divulgada pelo portal Banda B.<\/p>\n<p>Nos v\u00eddeos, \u00e9 poss\u00edvel observar os condutores trafegando normalmente pela via at\u00e9 perderem o controle das motocicletas ao cruzarem os trilhos. Em diversos momentos, outros motoristas e Motociclista que transitavam pelo local pararam para prestar socorro imediato \u00e0s v\u00edtimas ap\u00f3s as quedas.<\/p>\n<h3>Poss\u00edveis causas para a s\u00e9rie de acidentes<\/h3>\n<p>Al\u00e9m da presen\u00e7a de res\u00edduos oleosos, as autoridades e moradores n\u00e3o descartam a possibilidade de existirem outros fatores que contribuem para os tombos. Entre eles, est\u00e3o a presen\u00e7a de res\u00edduos sobre os trilhos, al\u00e9m de potenciais <b>irregularidades na via<\/b>, como buracos ou desn\u00edveis acentuados na passagem ferrovi\u00e1ria.<\/p>\n<h3>Medidas e posicionamento sobre a seguran\u00e7a<\/h3>\n<p>At\u00e9 o momento, n\u00e3o foram divulgadas informa\u00e7\u00f5es oficiais sobre o estado de sa\u00fade ou poss\u00edveis ferimentos sofridos pelos Motociclista envolvidos nos acidentes. O cen\u00e1rio gerou um alerta na comunidade local sobre a necessidade de manuten\u00e7\u00e3o preventiva e fiscaliza\u00e7\u00e3o mais rigorosa no cruzamento.<\/p>\n<p>O portal Banda B, que acompanhou o caso, informou que entrou em contato com a <b>Rumo<\/b>, empresa respons\u00e1vel pela opera\u00e7\u00e3o da linha f\u00e9rrea no trecho, para verificar se a companhia tem conhecimento das ocorr\u00eancias recentes e quais medidas ser\u00e3o adotadas para garantir a seguran\u00e7a dos condutores.<\/p>\n<h3>FAQ &#8211; Perguntas e Respostas<\/h3>\n<p>Onde ocorreram as quedas de Motociclista?Os acidentes foram registrados no cruzamento da Avenida Anita Garibaldi com a Rua Fl\u00e1vio Dallegrave, entre os bairros S\u00e3o Louren\u00e7o e Barreirinha, em Curitiba.<\/p>\n<p>Quantos acidentes foram flagrados pelas c\u00e2meras?As imagens mostram ao menos cinco quedas de Motociclista, sendo uma registrada na segunda-feira e quatro registradas na sexta-feira.<\/p>\n<p><b>Qual \u00e9 a causa suspeita para os tombos?<\/b><br \/>A suspeita principal \u00e9 de um derramamento de \u00f3leo, mas tamb\u00e9m se investiga a presen\u00e7a de res\u00edduos nos trilhos ou falhas estruturais como buracos e desn\u00edveis.<\/p>\n<p><b>Houve feridos graves nas ocorr\u00eancias?<\/b><br \/>At\u00e9 o momento, n\u00e3o h\u00e1 informa\u00e7\u00f5es detalhadas sobre poss\u00edveis ferimentos sofridos pelas v\u00edtimas dos acidentes.<\/p>\n<p><b>A empresa respons\u00e1vel pela linha f\u00e9rrea se manifestou?<\/b><br \/>O portal Banda B buscou a Rumo para esclarecimentos, mas at\u00e9 o encerramento da apura\u00e7\u00e3o, n\u00e3o houve retorno sobre provid\u00eancias espec\u00edficas.<\/p>","protected":false},"excerpt":{"rendered":"<p>Imagens de monitoramento revelam perigo constante para Motociclista em cruzamento de linha f\u00e9rrea na capital paranaense Uma sequ\u00eancia de acidentes envolvendo Motociclista foi registrada em uma passagem de linha f\u00e9rrea localizada no cruzamento da Avenida Anita Garibaldi com a Rua Fl\u00e1vio Dallegrave, na divisa entre os bairros S\u00e3o Louren\u00e7o e Barreirinha, em Curitiba. O caso, [&hellip;]<\/p>\n","protected":false},"author":1,"featured_media":171128,"comment_status":"","ping_status":"","sticky":false,"template":"","format":"standard","meta":{"googlesitekit_rrm_CAow2JLhCw:productID":"","_gspb_post_css":"","maa_idioma":"","maa_pais":"","footnotes":""},"categories":[43088],"tags":[],"class_list":["post-171127","post","type-post","status-publish","format-standard","has-post-thumbnail","hentry","category-parana"],"blocksy_meta":[],"yoast_head":"<!-- This site is optimized with the Yoast SEO Premium plugin v27.6 (Yoast SEO v27.6) - https:\/\/yoast.com\/product\/yoast-seo-premium-wordpress\/ -->\n<title>S\u00e9rie de quedas de Motociclista em linha f\u00e9rrea de Curitiba \u00e9 flagrada por c\u00e2meras de seguran\u00e7a - Ubirat\u00e3 Online Not\u00edcias - A realidade ao seu alcance!<\/title>\n<meta name=\"description\" content=\"Imagens de monitoramento revelam perigo constante para Motociclista em cruzamento de linha f\u00e9rrea na capital paranaenseUma sequ\u00eancia de acidentes\" \/>\n<meta name=\"robots\" content=\"index, follow, max-snippet:-1, max-image-preview:large, max-video-preview:-1\" \/>\n<link rel=\"canonical\" href=\"https:\/\/ubirataonline.com.br\/en\/serie-de-quedas-de-motociclista-em-linha-ferrea-de-curitiba-e-flagrada-por-cameras-de-seguranca\/\" \/>\n<meta property=\"og:locale\" content=\"en_US\" \/>\n<meta property=\"og:type\" content=\"article\" \/>\n<meta property=\"og:title\" content=\"S\u00e9rie de quedas de Motociclista em linha f\u00e9rrea de Curitiba \u00e9 flagrada por c\u00e2meras de seguran\u00e7a\" \/>\n<meta property=\"og:description\" content=\"Imagens de monitoramento revelam perigo constante para Motociclista em cruzamento de linha f\u00e9rrea na capital paranaenseUma sequ\u00eancia de acidentes\" \/>\n<meta property=\"og:url\" content=\"https:\/\/ubirataonline.com.br\/en\/serie-de-quedas-de-motociclista-em-linha-ferrea-de-curitiba-e-flagrada-por-cameras-de-seguranca\/\" \/>\n<meta property=\"og:site_name\" content=\"Ubirat\u00e3 Online Not\u00edcias - A realidade ao seu alcance!\" \/>\n<meta property=\"article:publisher\" content=\"https:\/\/www.facebook.com\/portalubirataonline\" \/>\n<meta property=\"article:author\" content=\"https:\/\/www.facebook.com\/portalubirataonline\" \/>\n<meta property=\"article:published_time\" content=\"2026-09-05T21:47:42+00:00\" \/>\n<meta property=\"og:image\" content=\"https:\/\/ubirataonline.com.br\/wp-content\/uploads\/2026\/05\/logo2026.webp\" \/>\n\t<meta property=\"og:image:width\" content=\"1531\" \/>\n\t<meta property=\"og:image:height\" content=\"418\" \/>\n\t<meta property=\"og:image:type\" content=\"image\/webp\" \/>\n<meta name=\"author\" content=\"REDA\u00c7\u00c3O: UBIRAT\u00c3 ONLINE - F\u00c1BIO AUGUSTO CELESTINO\" \/>\n<meta name=\"twitter:card\" content=\"summary_large_image\" \/>\n<meta name=\"twitter:creator\" content=\"@x.com\/ubirataonline\" \/>\n<meta name=\"twitter:site\" content=\"@ubirataonline\" \/>\n<meta name=\"twitter:label1\" content=\"Written by\" \/>\n\t<meta name=\"twitter:data1\" content=\"REDA\u00c7\u00c3O: UBIRAT\u00c3 ONLINE - F\u00c1BIO AUGUSTO CELESTINO\" \/>\n\t<meta name=\"twitter:label2\" content=\"Est. reading time\" \/>\n\t<meta name=\"twitter:data2\" content=\"3 minutes\" \/>\n<script type=\"application\/ld+json\" class=\"yoast-schema-graph\">{\"@context\":\"https:\\\/\\\/schema.org\",\"@graph\":[{\"@type\":\"NewsArticle\",\"@id\":\"https:\\\/\\\/ubirataonline.com.br\\\/serie-de-quedas-de-motociclista-em-linha-ferrea-de-curitiba-e-flagrada-por-cameras-de-seguranca\\\/#article\",\"isPartOf\":{\"@id\":\"https:\\\/\\\/ubirataonline.com.br\\\/serie-de-quedas-de-motociclista-em-linha-ferrea-de-curitiba-e-flagrada-por-cameras-de-seguranca\\\/\"},\"author\":{\"name\":\"REDA\u00c7\u00c3O: UBIRAT\u00c3 ONLINE - F\u00c1BIO AUGUSTO CELESTINO\",\"@id\":\"https:\\\/\\\/ubirataonline.com.br\\\/#\\\/schema\\\/person\\\/372f87bbd3fdd79b8556b84c98d0bc1c\"},\"headline\":\"S\u00e9rie de quedas de Motociclista em linha f\u00e9rrea de Curitiba \u00e9 flagrada por c\u00e2meras de seguran\u00e7a\",\"datePublished\":\"2026-09-05T21:47:42+00:00\",\"mainEntityOfPage\":{\"@id\":\"https:\\\/\\\/ubirataonline.com.br\\\/serie-de-quedas-de-motociclista-em-linha-ferrea-de-curitiba-e-flagrada-por-cameras-de-seguranca\\\/\"},\"wordCount\":532,\"publisher\":{\"@id\":\"https:\\\/\\\/ubirataonline.com.br\\\/#organization\"},\"image\":{\"@id\":\"https:\\\/\\\/ubirataonline.com.br\\\/serie-de-quedas-de-motociclista-em-linha-ferrea-de-curitiba-e-flagrada-por-cameras-de-seguranca\\\/#primaryimage\"},\"thumbnailUrl\":\"https:\\\/\\\/ubirataonline.com.br\\\/wp-content\\\/uploads\\\/2026\\\/09\\\/maaimg-post-171127-20260905-214800.webp\",\"articleSection\":[\"Paran\u00e1\"],\"inLanguage\":\"en-US\",\"copyrightYear\":\"2026\",\"copyrightHolder\":{\"@id\":\"https:\\\/\\\/ubirataonline.com.br\\\/en\\\/#organization\"}},{\"@type\":\"WebPage\",\"@id\":\"https:\\\/\\\/ubirataonline.com.br\\\/serie-de-quedas-de-motociclista-em-linha-ferrea-de-curitiba-e-flagrada-por-cameras-de-seguranca\\\/\",\"url\":\"https:\\\/\\\/ubirataonline.com.br\\\/serie-de-quedas-de-motociclista-em-linha-ferrea-de-curitiba-e-flagrada-por-cameras-de-seguranca\\\/\",\"name\":\"S\u00e9rie de quedas de Motociclista em linha f\u00e9rrea de Curitiba \u00e9 flagrada por c\u00e2meras de seguran\u00e7a - Ubirat\u00e3 Online Not\u00edcias - A realidade ao seu alcance!\",\"isPartOf\":{\"@id\":\"https:\\\/\\\/ubirataonline.com.br\\\/#website\"},\"primaryImageOfPage\":{\"@id\":\"https:\\\/\\\/ubirataonline.com.br\\\/serie-de-quedas-de-motociclista-em-linha-ferrea-de-curitiba-e-flagrada-por-cameras-de-seguranca\\\/#primaryimage\"},\"image\":{\"@id\":\"https:\\\/\\\/ubirataonline.com.br\\\/serie-de-quedas-de-motociclista-em-linha-ferrea-de-curitiba-e-flagrada-por-cameras-de-seguranca\\\/#primaryimage\"},\"thumbnailUrl\":\"https:\\\/\\\/ubirataonline.com.br\\\/wp-content\\\/uploads\\\/2026\\\/09\\\/maaimg-post-171127-20260905-214800.webp\",\"datePublished\":\"2026-09-05T21:47:42+00:00\",\"description\":\"Imagens de monitoramento revelam perigo constante para Motociclista em cruzamento de linha f\u00e9rrea na capital paranaenseUma sequ\u00eancia de acidentes\",\"breadcrumb\":{\"@id\":\"https:\\\/\\\/ubirataonline.com.br\\\/serie-de-quedas-de-motociclista-em-linha-ferrea-de-curitiba-e-flagrada-por-cameras-de-seguranca\\\/#breadcrumb\"},\"inLanguage\":\"en-US\",\"potentialAction\":[{\"@type\":\"ReadAction\",\"target\":[\"https:\\\/\\\/ubirataonline.com.br\\\/serie-de-quedas-de-motociclista-em-linha-ferrea-de-curitiba-e-flagrada-por-cameras-de-seguranca\\\/\"]}]},{\"@type\":\"ImageObject\",\"inLanguage\":\"en-US\",\"@id\":\"https:\\\/\\\/ubirataonline.com.br\\\/serie-de-quedas-de-motociclista-em-linha-ferrea-de-curitiba-e-flagrada-por-cameras-de-seguranca\\\/#primaryimage\",\"url\":\"https:\\\/\\\/ubirataonline.com.br\\\/wp-content\\\/uploads\\\/2026\\\/09\\\/maaimg-post-171127-20260905-214800.webp\",\"contentUrl\":\"https:\\\/\\\/ubirataonline.com.br\\\/wp-content\\\/uploads\\\/2026\\\/09\\\/maaimg-post-171127-20260905-214800.webp\",\"width\":1536,\"height\":1024,\"caption\":\"Imagem ilustrativa Gerada por IA\"},{\"@type\":\"BreadcrumbList\",\"@id\":\"https:\\\/\\\/ubirataonline.com.br\\\/serie-de-quedas-de-motociclista-em-linha-ferrea-de-curitiba-e-flagrada-por-cameras-de-seguranca\\\/#breadcrumb\",\"itemListElement\":[{\"@type\":\"ListItem\",\"position\":1,\"name\":\"In\u00edcio\",\"item\":\"https:\\\/\\\/ubirataonline.com.br\\\/\"},{\"@type\":\"ListItem\",\"position\":2,\"name\":\"S\u00e9rie de quedas de Motociclista em linha f\u00e9rrea de Curitiba \u00e9 flagrada por c\u00e2meras de seguran\u00e7a\"}]},{\"@type\":\"WebSite\",\"@id\":\"https:\\\/\\\/ubirataonline.com.br\\\/#website\",\"url\":\"https:\\\/\\\/ubirataonline.com.br\\\/\",\"name\":\"Ubirat\u00e3 Online Not\u00edcias\",\"description\":\"Not\u00edcias de Ubirat\u00e3, regi\u00e3o, Brasil e mundo, com informa\u00e7\u00e3o atualizada e compromisso com o leitor.\",\"publisher\":{\"@id\":\"https:\\\/\\\/ubirataonline.com.br\\\/#organization\"},\"alternateName\":\"Ubirat\u00e3 Online\",\"potentialAction\":[{\"@type\":\"SearchAction\",\"target\":{\"@type\":\"EntryPoint\",\"urlTemplate\":\"https:\\\/\\\/ubirataonline.com.br\\\/?s={search_term_string}\"},\"query-input\":{\"@type\":\"PropertyValueSpecification\",\"valueRequired\":true,\"valueName\":\"search_term_string\"}}],\"inLanguage\":\"en-US\"},{\"@type\":[\"Organization\",\"Place\"],\"@id\":\"https:\\\/\\\/ubirataonline.com.br\\\/#organization\",\"name\":\"Ubirat\u00e3 Online Not\u00edcias\",\"alternateName\":\"Ubirat\u00e3 Online\",\"url\":\"https:\\\/\\\/ubirataonline.com.br\\\/\",\"logo\":{\"@id\":\"https:\\\/\\\/ubirataonline.com.br\\\/serie-de-quedas-de-motociclista-em-linha-ferrea-de-curitiba-e-flagrada-por-cameras-de-seguranca\\\/#local-main-organization-logo\"},\"image\":{\"@id\":\"https:\\\/\\\/ubirataonline.com.br\\\/serie-de-quedas-de-motociclista-em-linha-ferrea-de-curitiba-e-flagrada-por-cameras-de-seguranca\\\/#local-main-organization-logo\"},\"sameAs\":[\"https:\\\/\\\/www.facebook.com\\\/portalubirataonline\",\"https:\\\/\\\/x.com\\\/ubirataonline\",\"https:\\\/\\\/mastodon.social\\\/@ubirataonline\",\"https:\\\/\\\/www.facebook.com\\\/groups\\\/311144672285604\",\"https:\\\/\\\/www.facebook.com\\\/UBTAOnline\",\"https:\\\/\\\/www.instagram.com\\\/portalubirataonline\\\/\",\"https:\\\/\\\/twitter.com\\\/ubirataonline\"],\"description\":\"Somos um portal de not\u00edcias independente, criado em 5 de janeiro de 2009, com o objetivo de informar, conectar e valorizar a nossa comunidade de Ubirat\u00e3 e toda aregi\u00e3o. Com conte\u00fado atualizado, confi\u00e1vel e relevante, o Ubirat\u00e3 Online \u00e9 o seu espa\u00e7o para ficar por dentro dos principais acontecimentos locais, regionais, Brasil, Mundo e de interesse geral. Nosso compromisso \u00e9 com a verdade, a transpar\u00eancia e o respeito ao leitor.\",\"legalName\":\"UBIRATA ONLINE NOT\u00cdCIAS\",\"foundingDate\":\"2009-01-05\",\"numberOfEmployees\":{\"@type\":\"QuantitativeValue\",\"minValue\":\"1\",\"maxValue\":\"10\"},\"publishingPrinciples\":\"https:\\\/\\\/ubirataonline.com.br\\\/faq\\\/\",\"address\":{\"@id\":\"https:\\\/\\\/ubirataonline.com.br\\\/serie-de-quedas-de-motociclista-em-linha-ferrea-de-curitiba-e-flagrada-por-cameras-de-seguranca\\\/#local-main-place-address\"},\"geo\":{\"@type\":\"GeoCoordinates\",\"latitude\":\"-24.5361401\",\"longitude\":\"-52.9921776\"},\"telephone\":[\"+5544998308235\"],\"contactPoint\":{\"@type\":\"ContactPoint\",\"email\":\"contato@ubirataonline.com.br\"},\"openingHoursSpecification\":{\"@type\":\"OpeningHoursSpecification\",\"dayOfWeek\":[\"Monday\",\"Tuesday\",\"Wednesday\",\"Thursday\",\"Friday\",\"Saturday\",\"Sunday\"],\"opens\":\"00:00\",\"closes\":\"23:59\"},\"email\":\"contato@ubirataonline.com.br\",\"vatID\":\"47.621.418\\\/0001-80\"},{\"@type\":\"Person\",\"@id\":\"https:\\\/\\\/ubirataonline.com.br\\\/#\\\/schema\\\/person\\\/372f87bbd3fdd79b8556b84c98d0bc1c\",\"name\":\"REDA\u00c7\u00c3O: UBIRAT\u00c3 ONLINE - F\u00c1BIO AUGUSTO CELESTINO\",\"pronouns\":\"Ele\",\"description\":\"Desde 2003 trabalhando com not\u00edcias.\",\"sameAs\":[\"http:\\\/\\\/ubirataoline.com.br\",\"https:\\\/\\\/www.facebook.com\\\/portalubirataonline\",\"https:\\\/\\\/www.instagram.com\\\/ubirataonline_oficial\",\"https:\\\/\\\/x.com\\\/x.com\\\/ubirataonline\"],\"honorificPrefix\":\"Mr.\",\"honorificSuffix\":\"MD\",\"birthDate\":\"1980-06-16\",\"gender\":\"masculino\",\"award\":[\"V\u00e1rios pr\u00eamios de melhor portal da cidade\"],\"jobTitle\":\"Diretor\",\"url\":\"https:\\\/\\\/ubirataonline.com.br\\\/en\\\/author\\\/ubirataonline\\\/\"},{\"@type\":\"PostalAddress\",\"@id\":\"https:\\\/\\\/ubirataonline.com.br\\\/serie-de-quedas-de-motociclista-em-linha-ferrea-de-curitiba-e-flagrada-por-cameras-de-seguranca\\\/#local-main-place-address\",\"streetAddress\":\"Rua dos Coqueiros, 104 - Bairro Boa Vista, Rua dos Coqueiros, 104 Bairro Boa Vista\",\"addressLocality\":\"UBIRATA\",\"postalCode\":\"85440-000\",\"addressRegion\":\"PR\",\"addressCountry\":\"BR\"},{\"@type\":\"ImageObject\",\"inLanguage\":\"en-US\",\"@id\":\"https:\\\/\\\/ubirataonline.com.br\\\/serie-de-quedas-de-motociclista-em-linha-ferrea-de-curitiba-e-flagrada-por-cameras-de-seguranca\\\/#local-main-organization-logo\",\"url\":\"https:\\\/\\\/ubirataonline.com.br\\\/wp-content\\\/uploads\\\/2026\\\/06\\\/logoubirataonline-1.webp\",\"contentUrl\":\"https:\\\/\\\/ubirataonline.com.br\\\/wp-content\\\/uploads\\\/2026\\\/06\\\/logoubirataonline-1.webp\",\"width\":500,\"height\":500,\"caption\":\"Ubirat\u00e3 Online Not\u00edcias\"}]}<\/script>\n<meta name=\"geo.placename\" content=\"UBIRATA\" \/>\n<meta name=\"geo.position\" content=\"-24.5361401;-52.9921776\" \/>\n<meta name=\"geo.region\" content=\"Brazil\" \/>\n<!-- \/ Yoast SEO Premium plugin. -->","yoast_head_json":{"title":"S\u00e9rie de quedas de Motociclista em linha f\u00e9rrea de Curitiba \u00e9 flagrada por c\u00e2meras de seguran\u00e7a - Ubirat\u00e3 Online Not\u00edcias - A realidade ao seu alcance!","description":"Imagens de monitoramento revelam perigo constante para Motociclista em cruzamento de linha f\u00e9rrea na capital paranaenseUma sequ\u00eancia de acidentes","robots":{"index":"index","follow":"follow","max-snippet":"max-snippet:-1","max-image-preview":"max-image-preview:large","max-video-preview":"max-video-preview:-1"},"canonical":"https:\/\/ubirataonline.com.br\/en\/serie-de-quedas-de-motociclista-em-linha-ferrea-de-curitiba-e-flagrada-por-cameras-de-seguranca\/","og_locale":"en_US","og_type":"article","og_title":"S\u00e9rie de quedas de Motociclista em linha f\u00e9rrea de Curitiba \u00e9 flagrada por c\u00e2meras de seguran\u00e7a","og_description":"Imagens de monitoramento revelam perigo constante para Motociclista em cruzamento de linha f\u00e9rrea na capital paranaenseUma sequ\u00eancia de acidentes","og_url":"https:\/\/ubirataonline.com.br\/en\/serie-de-quedas-de-motociclista-em-linha-ferrea-de-curitiba-e-flagrada-por-cameras-de-seguranca\/","og_site_name":"Ubirat\u00e3 Online Not\u00edcias - A realidade ao seu alcance!","article_publisher":"https:\/\/www.facebook.com\/portalubirataonline","article_author":"https:\/\/www.facebook.com\/portalubirataonline","article_published_time":"2026-09-05T21:47:42+00:00","og_image":[{"width":1531,"height":418,"url":"https:\/\/ubirataonline.com.br\/wp-content\/uploads\/2026\/05\/logo2026.webp","type":"image\/webp"}],"author":"REDA\u00c7\u00c3O: UBIRAT\u00c3 ONLINE - F\u00c1BIO AUGUSTO CELESTINO","twitter_card":"summary_large_image","twitter_creator":"@x.com\/ubirataonline","twitter_site":"@ubirataonline","twitter_misc":{"Written by":"REDA\u00c7\u00c3O: UBIRAT\u00c3 ONLINE - F\u00c1BIO AUGUSTO CELESTINO","Est. reading time":"3 minutes"},"schema":{"@context":"https:\/\/schema.org","@graph":[{"@type":"NewsArticle","@id":"https:\/\/ubirataonline.com.br\/serie-de-quedas-de-motociclista-em-linha-ferrea-de-curitiba-e-flagrada-por-cameras-de-seguranca\/#article","isPartOf":{"@id":"https:\/\/ubirataonline.com.br\/serie-de-quedas-de-motociclista-em-linha-ferrea-de-curitiba-e-flagrada-por-cameras-de-seguranca\/"},"author":{"name":"REDA\u00c7\u00c3O: UBIRAT\u00c3 ONLINE - F\u00c1BIO AUGUSTO CELESTINO","@id":"https:\/\/ubirataonline.com.br\/#\/schema\/person\/372f87bbd3fdd79b8556b84c98d0bc1c"},"headline":"S\u00e9rie de quedas de Motociclista em linha f\u00e9rrea de Curitiba \u00e9 flagrada por c\u00e2meras de seguran\u00e7a","datePublished":"2026-09-05T21:47:42+00:00","mainEntityOfPage":{"@id":"https:\/\/ubirataonline.com.br\/serie-de-quedas-de-motociclista-em-linha-ferrea-de-curitiba-e-flagrada-por-cameras-de-seguranca\/"},"wordCount":532,"publisher":{"@id":"https:\/\/ubirataonline.com.br\/#organization"},"image":{"@id":"https:\/\/ubirataonline.com.br\/serie-de-quedas-de-motociclista-em-linha-ferrea-de-curitiba-e-flagrada-por-cameras-de-seguranca\/#primaryimage"},"thumbnailUrl":"https:\/\/ubirataonline.com.br\/wp-content\/uploads\/2026\/09\/maaimg-post-171127-20260905-214800.webp","articleSection":["Paran\u00e1"],"inLanguage":"en-US","copyrightYear":"2026","copyrightHolder":{"@id":"https:\/\/ubirataonline.com.br\/en\/#organization"}},{"@type":"WebPage","@id":"https:\/\/ubirataonline.com.br\/serie-de-quedas-de-motociclista-em-linha-ferrea-de-curitiba-e-flagrada-por-cameras-de-seguranca\/","url":"https:\/\/ubirataonline.com.br\/serie-de-quedas-de-motociclista-em-linha-ferrea-de-curitiba-e-flagrada-por-cameras-de-seguranca\/","name":"S\u00e9rie de quedas de Motociclista em linha f\u00e9rrea de Curitiba \u00e9 flagrada por c\u00e2meras de seguran\u00e7a - Ubirat\u00e3 Online Not\u00edcias - A realidade ao seu alcance!","isPartOf":{"@id":"https:\/\/ubirataonline.com.br\/#website"},"primaryImageOfPage":{"@id":"https:\/\/ubirataonline.com.br\/serie-de-quedas-de-motociclista-em-linha-ferrea-de-curitiba-e-flagrada-por-cameras-de-seguranca\/#primaryimage"},"image":{"@id":"https:\/\/ubirataonline.com.br\/serie-de-quedas-de-motociclista-em-linha-ferrea-de-curitiba-e-flagrada-por-cameras-de-seguranca\/#primaryimage"},"thumbnailUrl":"https:\/\/ubirataonline.com.br\/wp-content\/uploads\/2026\/09\/maaimg-post-171127-20260905-214800.webp","datePublished":"2026-09-05T21:47:42+00:00","description":"Imagens de monitoramento revelam perigo constante para Motociclista em cruzamento de linha f\u00e9rrea na capital paranaenseUma sequ\u00eancia de acidentes","breadcrumb":{"@id":"https:\/\/ubirataonline.com.br\/serie-de-quedas-de-motociclista-em-linha-ferrea-de-curitiba-e-flagrada-por-cameras-de-seguranca\/#breadcrumb"},"inLanguage":"en-US","potentialAction":[{"@type":"ReadAction","target":["https:\/\/ubirataonline.com.br\/serie-de-quedas-de-motociclista-em-linha-ferrea-de-curitiba-e-flagrada-por-cameras-de-seguranca\/"]}]},{"@type":"ImageObject","inLanguage":"en-US","@id":"https:\/\/ubirataonline.com.br\/serie-de-quedas-de-motociclista-em-linha-ferrea-de-curitiba-e-flagrada-por-cameras-de-seguranca\/#primaryimage","url":"https:\/\/ubirataonline.com.br\/wp-content\/uploads\/2026\/09\/maaimg-post-171127-20260905-214800.webp","contentUrl":"https:\/\/ubirataonline.com.br\/wp-content\/uploads\/2026\/09\/maaimg-post-171127-20260905-214800.webp","width":1536,"height":1024,"caption":"Imagem ilustrativa Gerada por IA"},{"@type":"BreadcrumbList","@id":"https:\/\/ubirataonline.com.br\/serie-de-quedas-de-motociclista-em-linha-ferrea-de-curitiba-e-flagrada-por-cameras-de-seguranca\/#breadcrumb","itemListElement":[{"@type":"ListItem","position":1,"name":"In\u00edcio","item":"https:\/\/ubirataonline.com.br\/"},{"@type":"ListItem","position":2,"name":"S\u00e9rie de quedas de Motociclista em linha f\u00e9rrea de Curitiba \u00e9 flagrada por c\u00e2meras de seguran\u00e7a"}]},{"@type":"WebSite","@id":"https:\/\/ubirataonline.com.br\/#website","url":"https:\/\/ubirataonline.com.br\/","name":"Ubirat\u00e3 Online Not\u00edcias","description":"Not\u00edcias de Ubirat\u00e3, regi\u00e3o, Brasil e mundo, com informa\u00e7\u00e3o atualizada e compromisso com o leitor.","publisher":{"@id":"https:\/\/ubirataonline.com.br\/#organization"},"alternateName":"Ubirat\u00e3 Online","potentialAction":[{"@type":"SearchAction","target":{"@type":"EntryPoint","urlTemplate":"https:\/\/ubirataonline.com.br\/?s={search_term_string}"},"query-input":{"@type":"PropertyValueSpecification","valueRequired":true,"valueName":"search_term_string"}}],"inLanguage":"en-US"},{"@type":["Organization","Place"],"@id":"https:\/\/ubirataonline.com.br\/#organization","name":"Ubirat\u00e3 Online Not\u00edcias","alternateName":"Ubirat\u00e3 Online","url":"https:\/\/ubirataonline.com.br\/","logo":{"@id":"https:\/\/ubirataonline.com.br\/serie-de-quedas-de-motociclista-em-linha-ferrea-de-curitiba-e-flagrada-por-cameras-de-seguranca\/#local-main-organization-logo"},"image":{"@id":"https:\/\/ubirataonline.com.br\/serie-de-quedas-de-motociclista-em-linha-ferrea-de-curitiba-e-flagrada-por-cameras-de-seguranca\/#local-main-organization-logo"},"sameAs":["https:\/\/www.facebook.com\/portalubirataonline","https:\/\/x.com\/ubirataonline","https:\/\/mastodon.social\/@ubirataonline","https:\/\/www.facebook.com\/groups\/311144672285604","https:\/\/www.facebook.com\/UBTAOnline","https:\/\/www.instagram.com\/portalubirataonline\/","https:\/\/twitter.com\/ubirataonline"],"description":"Somos um portal de not\u00edcias independente, criado em 5 de janeiro de 2009, com o objetivo de informar, conectar e valorizar a nossa comunidade de Ubirat\u00e3 e toda aregi\u00e3o. Com conte\u00fado atualizado, confi\u00e1vel e relevante, o Ubirat\u00e3 Online \u00e9 o seu espa\u00e7o para ficar por dentro dos principais acontecimentos locais, regionais, Brasil, Mundo e de interesse geral. Nosso compromisso \u00e9 com a verdade, a transpar\u00eancia e o respeito ao leitor.","legalName":"UBIRATA ONLINE NOT\u00cdCIAS","foundingDate":"2009-01-05","numberOfEmployees":{"@type":"QuantitativeValue","minValue":"1","maxValue":"10"},"publishingPrinciples":"https:\/\/ubirataonline.com.br\/faq\/","address":{"@id":"https:\/\/ubirataonline.com.br\/serie-de-quedas-de-motociclista-em-linha-ferrea-de-curitiba-e-flagrada-por-cameras-de-seguranca\/#local-main-place-address"},"geo":{"@type":"GeoCoordinates","latitude":"-24.5361401","longitude":"-52.9921776"},"telephone":["+5544998308235"],"contactPoint":{"@type":"ContactPoint","email":"contato@ubirataonline.com.br"},"openingHoursSpecification":{"@type":"OpeningHoursSpecification","dayOfWeek":["Monday","Tuesday","Wednesday","Thursday","Friday","Saturday","Sunday"],"opens":"00:00","closes":"23:59"},"email":"contato@ubirataonline.com.br","vatID":"47.621.418\/0001-80"},{"@type":"Person","@id":"https:\/\/ubirataonline.com.br\/#\/schema\/person\/372f87bbd3fdd79b8556b84c98d0bc1c","name":"REDA\u00c7\u00c3O: UBIRAT\u00c3 ONLINE - F\u00c1BIO AUGUSTO CELESTINO","pronouns":"Ele","description":"Desde 2003 trabalhando com not\u00edcias.","sameAs":["http:\/\/ubirataoline.com.br","https:\/\/www.facebook.com\/portalubirataonline","https:\/\/www.instagram.com\/ubirataonline_oficial","https:\/\/x.com\/x.com\/ubirataonline"],"honorificPrefix":"Mr.","honorificSuffix":"MD","birthDate":"1980-06-16","gender":"masculino","award":["V\u00e1rios pr\u00eamios de melhor portal da cidade"],"jobTitle":"Diretor","url":"https:\/\/ubirataonline.com.br\/en\/author\/ubirataonline\/"},{"@type":"PostalAddress","@id":"https:\/\/ubirataonline.com.br\/serie-de-quedas-de-motociclista-em-linha-ferrea-de-curitiba-e-flagrada-por-cameras-de-seguranca\/#local-main-place-address","streetAddress":"Rua dos Coqueiros, 104 - Bairro Boa Vista, Rua dos Coqueiros, 104 Bairro Boa Vista","addressLocality":"UBIRATA","postalCode":"85440-000","addressRegion":"PR","addressCountry":"BR"},{"@type":"ImageObject","inLanguage":"en-US","@id":"https:\/\/ubirataonline.com.br\/serie-de-quedas-de-motociclista-em-linha-ferrea-de-curitiba-e-flagrada-por-cameras-de-seguranca\/#local-main-organization-logo","url":"https:\/\/ubirataonline.com.br\/wp-content\/uploads\/2026\/06\/logoubirataonline-1.webp","contentUrl":"https:\/\/ubirataonline.com.br\/wp-content\/uploads\/2026\/06\/logoubirataonline-1.webp","width":500,"height":500,"caption":"Ubirat\u00e3 Online Not\u00edcias"}]},"geo.placename":"UBIRATA","geo.position":{"lat":"-24.5361401","long":"-52.9921776"},"geo.region":"Brazil"},"_links":{"self":[{"href":"https:\/\/ubirataonline.com.br\/en\/wp-json\/wp\/v2\/posts\/171127","targetHints":{"allow":["GET"]}}],"collection":[{"href":"https:\/\/ubirataonline.com.br\/en\/wp-json\/wp\/v2\/posts"}],"about":[{"href":"https:\/\/ubirataonline.com.br\/en\/wp-json\/wp\/v2\/types\/post"}],"author":[{"embeddable":true,"href":"https:\/\/ubirataonline.com.br\/en\/wp-json\/wp\/v2\/users\/1"}],"replies":[{"embeddable":true,"href":"https:\/\/ubirataonline.com.br\/en\/wp-json\/wp\/v2\/comments?post=171127"}],"version-history":[{"count":0,"href":"https:\/\/ubirataonline.com.br\/en\/wp-json\/wp\/v2\/posts\/171127\/revisions"}],"wp:featuredmedia":[{"embeddable":true,"href":"https:\/\/ubirataonline.com.br\/en\/wp-json\/wp\/v2\/media\/171128"}],"wp:attachment":[{"href":"https:\/\/ubirataonline.com.br\/en\/wp-json\/wp\/v2\/media?parent=171127"}],"wp:term":[{"taxonomy":"category","embeddable":true,"href":"https:\/\/ubirataonline.com.br\/en\/wp-json\/wp\/v2\/categories?post=171127"},{"taxonomy":"post_tag","embeddable":true,"href":"https:\/\/ubirataonline.com.br\/en\/wp-json\/wp\/v2\/tags?post=171127"}],"curies":[{"name":"wp","href":"https:\/\/api.w.org\/{rel}","templated":true}]}}