{"id":171130,"date":"2026-09-05T18:54:55","date_gmt":"2026-09-05T21:54:55","guid":{"rendered":"https:\/\/ubirataonline.com.br\/brasil-conquista-o-topo-do-podio-no-paratriatlo-e-no-parabadminton-internacional\/"},"modified":"2026-09-05T18:54:55","modified_gmt":"2026-09-05T21:54:55","slug":"brasil-conquista-o-topo-do-podio-no-paratriatlo-e-no-parabadminton-internacional","status":"publish","type":"post","link":"https:\/\/ubirataonline.com.br\/en\/brasil-conquista-o-topo-do-podio-no-paratriatlo-e-no-parabadminton-internacional\/","title":{"rendered":"Brasil conquista o topo do p\u00f3dio no paratriatlo e no parabadminton internacional"},"content":{"rendered":"<h2>O esporte paral\u00edmpico do Brasil celebrou neste s\u00e1bado, dia 5 de setembro, grandes conquistas internacionais com medalhas de ouro no paratriatlo e no parabadminton.<\/h2>\n<p>A atleta <b>Erica Rodrigues<\/b> foi o grande destaque na etapa de Alhandra, em Portugal, pela <b>Copa do Mundo de paratriatlo<\/b>. Ela venceu a prova feminina da classe PTS5, destinada a atletas com defici\u00eancias f\u00edsico-motoras leves que competem em p\u00e9.<\/p>\n<p>Simultaneamente, do outro lado do mundo, o brasileiro <b>Vitor Tavares<\/b> conquistou o lugar mais alto do p\u00f3dio no Torneio Internacional da China de <b>parabadminton<\/b>, na classe SH6, voltada para atletas com baixa estatura.<\/p>\n<p>As informa\u00e7\u00f5es sobre essas conquistas foram divulgadas pela Empresa Brasil de Comunica\u00e7\u00e3o, que detalhou os desempenhos dos brasileiros nas competi\u00e7\u00f5es realizadas neste final de semana.<\/p>\n<h3>Dom\u00ednio brasileiro no paratriatlo em Portugal<\/h3>\n<p>Erica Rodrigues completou o percurso do paratriatlo com o tempo de 1h07min31s. Ela superou a espanhola Maria Fuentes Artigot, que ficou com a prata, por uma margem de mais de tr\u00eas minutos, enquanto a portuguesa Ana Duarte completou o p\u00f3dio.<\/p>\n<p>O Brasil tamb\u00e9m teve outros representantes premiados no evento. Na disputa masculina da classe PTS5, o goiano <b>Ruiter Silva<\/b> conquistou a medalha de prata, finalizando a prova em 59min07s, ficando a apenas 31 segundos do ouro.<\/p>\n<p>J\u00e1 na classe PTWC, para cadeirantes, o paulista <b>Lucas Rodrigues<\/b> garantiu a medalha de bronze, encerrando a participa\u00e7\u00e3o brasileira com um saldo positivo em terras portuguesas.<\/p>\n<h3>Vitor Tavares brilha no parabadminton na China<\/h3>\n<p>No parabadminton, Vitor Tavares demonstrou toda a sua t\u00e9cnica ao vencer o chin\u00eas Lin Naili de virada. O brasileiro, que j\u00e1 havia sido medalhista de bronze nos Jogos Paral\u00edmpico de Paris 2024, triunfou por 2 sets a 1.<\/p>\n<p>As parciais da partida foram de 19\/21, 21\/18 e 21\/16. Este resultado marca mais uma etapa importante na carreira do atleta, que segue como uma das principais refer\u00eancias da modalidade no cen\u00e1rio mundial.<\/p>\n<p>O torneio na China tamb\u00e9m contou com a presen\u00e7a de <b>Kauana Beckenkamp<\/b>, que assegurou o bronze na sexta-feira (4), na classe SL3, ap\u00f3s uma disputa acirrada nas semifinais contra a chinesa Faifei Gu.<\/p>\n<h3>Crescimento das modalidades paral\u00edmpicas<\/h3>\n<p>O Brasil continua investindo forte no setor. Vale lembrar que o pa\u00eds ser\u00e1 a sede do Campeonato Mundial de parabadminton em 2028, que ocorrer\u00e1 em S\u00e3o Paulo, no Centro de Treinamento Paral\u00edmpico.<\/p>\n<p>Al\u00e9m disso, o final de semana tamb\u00e9m foi marcado por medalha no Campeonato Mundial de Paraciclismo de Estrada, nos Estados Unidos. A paulista <b>J\u00e9ssica Messali<\/b> conquistou o bronze na prova de contrarrel\u00f3gio da classe WH3.<\/p>\n<h3>Perguntas Frequentes<\/h3>\n<p><b>Quem foram os medalhistas de ouro no final de semana?<\/b> Erica Rodrigues, no paratriatlo em Portugal, e Vitor Tavares, no parabadminton na China.<\/p>\n<p><b>Qual foi o tempo de prova de Erica Rodrigues?<\/b> A atleta completou a prova em 1h07min31s, garantindo a primeira coloca\u00e7\u00e3o na classe PTS5.<\/p>\n<p><b>Como foi a final de Vitor Tavares no parabadminton?<\/b> Ele venceu o chin\u00eas Lin Naili de virada, por 2 sets a 1, com parciais de 19\/21, 21\/18 e 21\/16.<\/p>\n<p><b>O Brasil sediar\u00e1 algum evento importante de parabadminton?<\/b> Sim, o Brasil ser\u00e1 sede do Campeonato Mundial de parabadminton em 2028, em S\u00e3o Paulo.<\/p>\n<p><b>Houve outras medalhas brasileiras al\u00e9m do ouro?<\/b> Sim, Ruiter Silva (prata) e Lucas Rodrigues (bronze) no paratriatlo, al\u00e9m de Kauana Beckenkamp (bronze) no parabadminton e J\u00e9ssica Messali (bronze) no paraciclismo.<\/p>","protected":false},"excerpt":{"rendered":"<p>O esporte paral\u00edmpico do Brasil celebrou neste s\u00e1bado, dia 5 de setembro, grandes conquistas internacionais com medalhas de ouro no paratriatlo e no parabadminton. A atleta Erica Rodrigues foi o grande destaque na etapa de Alhandra, em Portugal, pela Copa do Mundo de paratriatlo. Ela venceu a prova feminina da classe PTS5, destinada a atletas [&hellip;]<\/p>\n","protected":false},"author":1,"featured_media":171131,"comment_status":"","ping_status":"","sticky":false,"template":"","format":"standard","meta":{"googlesitekit_rrm_CAow2JLhCw:productID":"","_gspb_post_css":"","maa_idioma":"","maa_pais":"","footnotes":""},"categories":[4],"tags":[],"class_list":["post-171130","post","type-post","status-publish","format-standard","has-post-thumbnail","hentry","category-brasil"],"blocksy_meta":[],"yoast_head":"<!-- This site is optimized with the Yoast SEO Premium plugin v27.6 (Yoast SEO v27.6) - https:\/\/yoast.com\/product\/yoast-seo-premium-wordpress\/ -->\n<title>Brasil conquista o topo do p\u00f3dio no paratriatlo e no parabadminton internacional - Ubirat\u00e3 Online Not\u00edcias - A realidade ao seu alcance!<\/title>\n<meta name=\"description\" content=\"O esporte paral\u00edmpico do Brasil celebrou neste s\u00e1bado, dia 5 de setembro, grandes conquistas internacionais com medalhas de ouro no paratriatlo e no\" \/>\n<meta name=\"robots\" content=\"index, follow, max-snippet:-1, max-image-preview:large, max-video-preview:-1\" \/>\n<link rel=\"canonical\" href=\"https:\/\/ubirataonline.com.br\/en\/brasil-conquista-o-topo-do-podio-no-paratriatlo-e-no-parabadminton-internacional\/\" \/>\n<meta property=\"og:locale\" content=\"en_US\" \/>\n<meta property=\"og:type\" content=\"article\" \/>\n<meta property=\"og:title\" content=\"Brasil conquista o topo do p\u00f3dio no paratriatlo e no parabadminton internacional\" \/>\n<meta property=\"og:description\" content=\"O esporte paral\u00edmpico do Brasil celebrou neste s\u00e1bado, dia 5 de setembro, grandes conquistas internacionais com medalhas de ouro no paratriatlo e no\" \/>\n<meta property=\"og:url\" content=\"https:\/\/ubirataonline.com.br\/en\/brasil-conquista-o-topo-do-podio-no-paratriatlo-e-no-parabadminton-internacional\/\" \/>\n<meta property=\"og:site_name\" content=\"Ubirat\u00e3 Online Not\u00edcias - A realidade ao seu alcance!\" \/>\n<meta property=\"article:publisher\" content=\"https:\/\/www.facebook.com\/portalubirataonline\" \/>\n<meta property=\"article:author\" content=\"https:\/\/www.facebook.com\/portalubirataonline\" \/>\n<meta property=\"article:published_time\" content=\"2026-09-05T21:54:55+00:00\" \/>\n<meta property=\"og:image\" content=\"https:\/\/ubirataonline.com.br\/wp-content\/uploads\/2026\/05\/logo2026.webp\" \/>\n\t<meta property=\"og:image:width\" content=\"1531\" \/>\n\t<meta property=\"og:image:height\" content=\"418\" \/>\n\t<meta property=\"og:image:type\" content=\"image\/webp\" \/>\n<meta name=\"author\" content=\"REDA\u00c7\u00c3O: UBIRAT\u00c3 ONLINE - F\u00c1BIO AUGUSTO CELESTINO\" \/>\n<meta name=\"twitter:card\" content=\"summary_large_image\" \/>\n<meta name=\"twitter:creator\" content=\"@x.com\/ubirataonline\" \/>\n<meta name=\"twitter:site\" content=\"@ubirataonline\" \/>\n<meta name=\"twitter:label1\" content=\"Written by\" \/>\n\t<meta name=\"twitter:data1\" content=\"REDA\u00c7\u00c3O: UBIRAT\u00c3 ONLINE - F\u00c1BIO AUGUSTO CELESTINO\" \/>\n\t<meta name=\"twitter:label2\" content=\"Est. reading time\" \/>\n\t<meta name=\"twitter:data2\" content=\"3 minutes\" \/>\n<script type=\"application\/ld+json\" class=\"yoast-schema-graph\">{\"@context\":\"https:\\\/\\\/schema.org\",\"@graph\":[{\"@type\":\"NewsArticle\",\"@id\":\"https:\\\/\\\/ubirataonline.com.br\\\/brasil-conquista-o-topo-do-podio-no-paratriatlo-e-no-parabadminton-internacional\\\/#article\",\"isPartOf\":{\"@id\":\"https:\\\/\\\/ubirataonline.com.br\\\/brasil-conquista-o-topo-do-podio-no-paratriatlo-e-no-parabadminton-internacional\\\/\"},\"author\":{\"name\":\"REDA\u00c7\u00c3O: UBIRAT\u00c3 ONLINE - F\u00c1BIO AUGUSTO CELESTINO\",\"@id\":\"https:\\\/\\\/ubirataonline.com.br\\\/#\\\/schema\\\/person\\\/372f87bbd3fdd79b8556b84c98d0bc1c\"},\"headline\":\"Brasil conquista o topo do p\u00f3dio no paratriatlo e no parabadminton internacional\",\"datePublished\":\"2026-09-05T21:54:55+00:00\",\"mainEntityOfPage\":{\"@id\":\"https:\\\/\\\/ubirataonline.com.br\\\/brasil-conquista-o-topo-do-podio-no-paratriatlo-e-no-parabadminton-internacional\\\/\"},\"wordCount\":578,\"publisher\":{\"@id\":\"https:\\\/\\\/ubirataonline.com.br\\\/#organization\"},\"image\":{\"@id\":\"https:\\\/\\\/ubirataonline.com.br\\\/brasil-conquista-o-topo-do-podio-no-paratriatlo-e-no-parabadminton-internacional\\\/#primaryimage\"},\"thumbnailUrl\":\"https:\\\/\\\/ubirataonline.com.br\\\/wp-content\\\/uploads\\\/2026\\\/09\\\/maaimg-post-171130-20260905-215512.webp\",\"articleSection\":[\"Brasil\"],\"inLanguage\":\"en-US\",\"copyrightYear\":\"2026\",\"copyrightHolder\":{\"@id\":\"https:\\\/\\\/ubirataonline.com.br\\\/en\\\/#organization\"}},{\"@type\":\"WebPage\",\"@id\":\"https:\\\/\\\/ubirataonline.com.br\\\/brasil-conquista-o-topo-do-podio-no-paratriatlo-e-no-parabadminton-internacional\\\/\",\"url\":\"https:\\\/\\\/ubirataonline.com.br\\\/brasil-conquista-o-topo-do-podio-no-paratriatlo-e-no-parabadminton-internacional\\\/\",\"name\":\"Brasil conquista o topo do p\u00f3dio no paratriatlo e no parabadminton internacional - Ubirat\u00e3 Online Not\u00edcias - A realidade ao seu alcance!\",\"isPartOf\":{\"@id\":\"https:\\\/\\\/ubirataonline.com.br\\\/#website\"},\"primaryImageOfPage\":{\"@id\":\"https:\\\/\\\/ubirataonline.com.br\\\/brasil-conquista-o-topo-do-podio-no-paratriatlo-e-no-parabadminton-internacional\\\/#primaryimage\"},\"image\":{\"@id\":\"https:\\\/\\\/ubirataonline.com.br\\\/brasil-conquista-o-topo-do-podio-no-paratriatlo-e-no-parabadminton-internacional\\\/#primaryimage\"},\"thumbnailUrl\":\"https:\\\/\\\/ubirataonline.com.br\\\/wp-content\\\/uploads\\\/2026\\\/09\\\/maaimg-post-171130-20260905-215512.webp\",\"datePublished\":\"2026-09-05T21:54:55+00:00\",\"description\":\"O esporte paral\u00edmpico do Brasil celebrou neste s\u00e1bado, dia 5 de setembro, grandes conquistas internacionais com medalhas de ouro no paratriatlo e no\",\"breadcrumb\":{\"@id\":\"https:\\\/\\\/ubirataonline.com.br\\\/brasil-conquista-o-topo-do-podio-no-paratriatlo-e-no-parabadminton-internacional\\\/#breadcrumb\"},\"inLanguage\":\"en-US\",\"potentialAction\":[{\"@type\":\"ReadAction\",\"target\":[\"https:\\\/\\\/ubirataonline.com.br\\\/brasil-conquista-o-topo-do-podio-no-paratriatlo-e-no-parabadminton-internacional\\\/\"]}]},{\"@type\":\"ImageObject\",\"inLanguage\":\"en-US\",\"@id\":\"https:\\\/\\\/ubirataonline.com.br\\\/brasil-conquista-o-topo-do-podio-no-paratriatlo-e-no-parabadminton-internacional\\\/#primaryimage\",\"url\":\"https:\\\/\\\/ubirataonline.com.br\\\/wp-content\\\/uploads\\\/2026\\\/09\\\/maaimg-post-171130-20260905-215512.webp\",\"contentUrl\":\"https:\\\/\\\/ubirataonline.com.br\\\/wp-content\\\/uploads\\\/2026\\\/09\\\/maaimg-post-171130-20260905-215512.webp\",\"width\":1536,\"height\":1024,\"caption\":\"Imagem ilustrativa Gerada por IA\"},{\"@type\":\"BreadcrumbList\",\"@id\":\"https:\\\/\\\/ubirataonline.com.br\\\/brasil-conquista-o-topo-do-podio-no-paratriatlo-e-no-parabadminton-internacional\\\/#breadcrumb\",\"itemListElement\":[{\"@type\":\"ListItem\",\"position\":1,\"name\":\"In\u00edcio\",\"item\":\"https:\\\/\\\/ubirataonline.com.br\\\/\"},{\"@type\":\"ListItem\",\"position\":2,\"name\":\"Brasil conquista o topo do p\u00f3dio no paratriatlo e no parabadminton internacional\"}]},{\"@type\":\"WebSite\",\"@id\":\"https:\\\/\\\/ubirataonline.com.br\\\/#website\",\"url\":\"https:\\\/\\\/ubirataonline.com.br\\\/\",\"name\":\"Ubirat\u00e3 Online Not\u00edcias\",\"description\":\"Not\u00edcias de Ubirat\u00e3, regi\u00e3o, Brasil e mundo, com informa\u00e7\u00e3o atualizada e compromisso com o leitor.\",\"publisher\":{\"@id\":\"https:\\\/\\\/ubirataonline.com.br\\\/#organization\"},\"alternateName\":\"Ubirat\u00e3 Online\",\"potentialAction\":[{\"@type\":\"SearchAction\",\"target\":{\"@type\":\"EntryPoint\",\"urlTemplate\":\"https:\\\/\\\/ubirataonline.com.br\\\/?s={search_term_string}\"},\"query-input\":{\"@type\":\"PropertyValueSpecification\",\"valueRequired\":true,\"valueName\":\"search_term_string\"}}],\"inLanguage\":\"en-US\"},{\"@type\":[\"Organization\",\"Place\"],\"@id\":\"https:\\\/\\\/ubirataonline.com.br\\\/#organization\",\"name\":\"Ubirat\u00e3 Online Not\u00edcias\",\"alternateName\":\"Ubirat\u00e3 Online\",\"url\":\"https:\\\/\\\/ubirataonline.com.br\\\/\",\"logo\":{\"@id\":\"https:\\\/\\\/ubirataonline.com.br\\\/brasil-conquista-o-topo-do-podio-no-paratriatlo-e-no-parabadminton-internacional\\\/#local-main-organization-logo\"},\"image\":{\"@id\":\"https:\\\/\\\/ubirataonline.com.br\\\/brasil-conquista-o-topo-do-podio-no-paratriatlo-e-no-parabadminton-internacional\\\/#local-main-organization-logo\"},\"sameAs\":[\"https:\\\/\\\/www.facebook.com\\\/portalubirataonline\",\"https:\\\/\\\/x.com\\\/ubirataonline\",\"https:\\\/\\\/mastodon.social\\\/@ubirataonline\",\"https:\\\/\\\/www.facebook.com\\\/groups\\\/311144672285604\",\"https:\\\/\\\/www.facebook.com\\\/UBTAOnline\",\"https:\\\/\\\/www.instagram.com\\\/portalubirataonline\\\/\",\"https:\\\/\\\/twitter.com\\\/ubirataonline\"],\"description\":\"Somos um portal de not\u00edcias independente, criado em 5 de janeiro de 2009, com o objetivo de informar, conectar e valorizar a nossa comunidade de Ubirat\u00e3 e toda aregi\u00e3o. Com conte\u00fado atualizado, confi\u00e1vel e relevante, o Ubirat\u00e3 Online \u00e9 o seu espa\u00e7o para ficar por dentro dos principais acontecimentos locais, regionais, Brasil, Mundo e de interesse geral. Nosso compromisso \u00e9 com a verdade, a transpar\u00eancia e o respeito ao leitor.\",\"legalName\":\"UBIRATA ONLINE NOT\u00cdCIAS\",\"foundingDate\":\"2009-01-05\",\"numberOfEmployees\":{\"@type\":\"QuantitativeValue\",\"minValue\":\"1\",\"maxValue\":\"10\"},\"publishingPrinciples\":\"https:\\\/\\\/ubirataonline.com.br\\\/faq\\\/\",\"address\":{\"@id\":\"https:\\\/\\\/ubirataonline.com.br\\\/brasil-conquista-o-topo-do-podio-no-paratriatlo-e-no-parabadminton-internacional\\\/#local-main-place-address\"},\"geo\":{\"@type\":\"GeoCoordinates\",\"latitude\":\"-24.5361401\",\"longitude\":\"-52.9921776\"},\"telephone\":[\"+5544998308235\"],\"contactPoint\":{\"@type\":\"ContactPoint\",\"email\":\"contato@ubirataonline.com.br\"},\"openingHoursSpecification\":{\"@type\":\"OpeningHoursSpecification\",\"dayOfWeek\":[\"Monday\",\"Tuesday\",\"Wednesday\",\"Thursday\",\"Friday\",\"Saturday\",\"Sunday\"],\"opens\":\"00:00\",\"closes\":\"23:59\"},\"email\":\"contato@ubirataonline.com.br\",\"vatID\":\"47.621.418\\\/0001-80\"},{\"@type\":\"Person\",\"@id\":\"https:\\\/\\\/ubirataonline.com.br\\\/#\\\/schema\\\/person\\\/372f87bbd3fdd79b8556b84c98d0bc1c\",\"name\":\"REDA\u00c7\u00c3O: UBIRAT\u00c3 ONLINE - F\u00c1BIO AUGUSTO CELESTINO\",\"pronouns\":\"Ele\",\"description\":\"Desde 2003 trabalhando com not\u00edcias.\",\"sameAs\":[\"http:\\\/\\\/ubirataoline.com.br\",\"https:\\\/\\\/www.facebook.com\\\/portalubirataonline\",\"https:\\\/\\\/www.instagram.com\\\/ubirataonline_oficial\",\"https:\\\/\\\/x.com\\\/x.com\\\/ubirataonline\"],\"honorificPrefix\":\"Mr.\",\"honorificSuffix\":\"MD\",\"birthDate\":\"1980-06-16\",\"gender\":\"masculino\",\"award\":[\"V\u00e1rios pr\u00eamios de melhor portal da cidade\"],\"jobTitle\":\"Diretor\",\"url\":\"https:\\\/\\\/ubirataonline.com.br\\\/en\\\/author\\\/ubirataonline\\\/\"},{\"@type\":\"PostalAddress\",\"@id\":\"https:\\\/\\\/ubirataonline.com.br\\\/brasil-conquista-o-topo-do-podio-no-paratriatlo-e-no-parabadminton-internacional\\\/#local-main-place-address\",\"streetAddress\":\"Rua dos Coqueiros, 104 - Bairro Boa Vista, Rua dos Coqueiros, 104 Bairro Boa Vista\",\"addressLocality\":\"UBIRATA\",\"postalCode\":\"85440-000\",\"addressRegion\":\"PR\",\"addressCountry\":\"BR\"},{\"@type\":\"ImageObject\",\"inLanguage\":\"en-US\",\"@id\":\"https:\\\/\\\/ubirataonline.com.br\\\/brasil-conquista-o-topo-do-podio-no-paratriatlo-e-no-parabadminton-internacional\\\/#local-main-organization-logo\",\"url\":\"https:\\\/\\\/ubirataonline.com.br\\\/wp-content\\\/uploads\\\/2026\\\/06\\\/logoubirataonline-1.webp\",\"contentUrl\":\"https:\\\/\\\/ubirataonline.com.br\\\/wp-content\\\/uploads\\\/2026\\\/06\\\/logoubirataonline-1.webp\",\"width\":500,\"height\":500,\"caption\":\"Ubirat\u00e3 Online Not\u00edcias\"}]}<\/script>\n<meta name=\"geo.placename\" content=\"UBIRATA\" \/>\n<meta name=\"geo.position\" content=\"-24.5361401;-52.9921776\" \/>\n<meta name=\"geo.region\" content=\"Brazil\" \/>\n<!-- \/ Yoast SEO Premium plugin. -->","yoast_head_json":{"title":"Brasil conquista o topo do p\u00f3dio no paratriatlo e no parabadminton internacional - Ubirat\u00e3 Online Not\u00edcias - A realidade ao seu alcance!","description":"O esporte paral\u00edmpico do Brasil celebrou neste s\u00e1bado, dia 5 de setembro, grandes conquistas internacionais com medalhas de ouro no paratriatlo e no","robots":{"index":"index","follow":"follow","max-snippet":"max-snippet:-1","max-image-preview":"max-image-preview:large","max-video-preview":"max-video-preview:-1"},"canonical":"https:\/\/ubirataonline.com.br\/en\/brasil-conquista-o-topo-do-podio-no-paratriatlo-e-no-parabadminton-internacional\/","og_locale":"en_US","og_type":"article","og_title":"Brasil conquista o topo do p\u00f3dio no paratriatlo e no parabadminton internacional","og_description":"O esporte paral\u00edmpico do Brasil celebrou neste s\u00e1bado, dia 5 de setembro, grandes conquistas internacionais com medalhas de ouro no paratriatlo e no","og_url":"https:\/\/ubirataonline.com.br\/en\/brasil-conquista-o-topo-do-podio-no-paratriatlo-e-no-parabadminton-internacional\/","og_site_name":"Ubirat\u00e3 Online Not\u00edcias - A realidade ao seu alcance!","article_publisher":"https:\/\/www.facebook.com\/portalubirataonline","article_author":"https:\/\/www.facebook.com\/portalubirataonline","article_published_time":"2026-09-05T21:54:55+00:00","og_image":[{"width":1531,"height":418,"url":"https:\/\/ubirataonline.com.br\/wp-content\/uploads\/2026\/05\/logo2026.webp","type":"image\/webp"}],"author":"REDA\u00c7\u00c3O: UBIRAT\u00c3 ONLINE - F\u00c1BIO AUGUSTO CELESTINO","twitter_card":"summary_large_image","twitter_creator":"@x.com\/ubirataonline","twitter_site":"@ubirataonline","twitter_misc":{"Written by":"REDA\u00c7\u00c3O: UBIRAT\u00c3 ONLINE - F\u00c1BIO AUGUSTO CELESTINO","Est. reading time":"3 minutes"},"schema":{"@context":"https:\/\/schema.org","@graph":[{"@type":"NewsArticle","@id":"https:\/\/ubirataonline.com.br\/brasil-conquista-o-topo-do-podio-no-paratriatlo-e-no-parabadminton-internacional\/#article","isPartOf":{"@id":"https:\/\/ubirataonline.com.br\/brasil-conquista-o-topo-do-podio-no-paratriatlo-e-no-parabadminton-internacional\/"},"author":{"name":"REDA\u00c7\u00c3O: UBIRAT\u00c3 ONLINE - F\u00c1BIO AUGUSTO CELESTINO","@id":"https:\/\/ubirataonline.com.br\/#\/schema\/person\/372f87bbd3fdd79b8556b84c98d0bc1c"},"headline":"Brasil conquista o topo do p\u00f3dio no paratriatlo e no parabadminton internacional","datePublished":"2026-09-05T21:54:55+00:00","mainEntityOfPage":{"@id":"https:\/\/ubirataonline.com.br\/brasil-conquista-o-topo-do-podio-no-paratriatlo-e-no-parabadminton-internacional\/"},"wordCount":578,"publisher":{"@id":"https:\/\/ubirataonline.com.br\/#organization"},"image":{"@id":"https:\/\/ubirataonline.com.br\/brasil-conquista-o-topo-do-podio-no-paratriatlo-e-no-parabadminton-internacional\/#primaryimage"},"thumbnailUrl":"https:\/\/ubirataonline.com.br\/wp-content\/uploads\/2026\/09\/maaimg-post-171130-20260905-215512.webp","articleSection":["Brasil"],"inLanguage":"en-US","copyrightYear":"2026","copyrightHolder":{"@id":"https:\/\/ubirataonline.com.br\/en\/#organization"}},{"@type":"WebPage","@id":"https:\/\/ubirataonline.com.br\/brasil-conquista-o-topo-do-podio-no-paratriatlo-e-no-parabadminton-internacional\/","url":"https:\/\/ubirataonline.com.br\/brasil-conquista-o-topo-do-podio-no-paratriatlo-e-no-parabadminton-internacional\/","name":"Brasil conquista o topo do p\u00f3dio no paratriatlo e no parabadminton internacional - Ubirat\u00e3 Online Not\u00edcias - A realidade ao seu alcance!","isPartOf":{"@id":"https:\/\/ubirataonline.com.br\/#website"},"primaryImageOfPage":{"@id":"https:\/\/ubirataonline.com.br\/brasil-conquista-o-topo-do-podio-no-paratriatlo-e-no-parabadminton-internacional\/#primaryimage"},"image":{"@id":"https:\/\/ubirataonline.com.br\/brasil-conquista-o-topo-do-podio-no-paratriatlo-e-no-parabadminton-internacional\/#primaryimage"},"thumbnailUrl":"https:\/\/ubirataonline.com.br\/wp-content\/uploads\/2026\/09\/maaimg-post-171130-20260905-215512.webp","datePublished":"2026-09-05T21:54:55+00:00","description":"O esporte paral\u00edmpico do Brasil celebrou neste s\u00e1bado, dia 5 de setembro, grandes conquistas internacionais com medalhas de ouro no paratriatlo e no","breadcrumb":{"@id":"https:\/\/ubirataonline.com.br\/brasil-conquista-o-topo-do-podio-no-paratriatlo-e-no-parabadminton-internacional\/#breadcrumb"},"inLanguage":"en-US","potentialAction":[{"@type":"ReadAction","target":["https:\/\/ubirataonline.com.br\/brasil-conquista-o-topo-do-podio-no-paratriatlo-e-no-parabadminton-internacional\/"]}]},{"@type":"ImageObject","inLanguage":"en-US","@id":"https:\/\/ubirataonline.com.br\/brasil-conquista-o-topo-do-podio-no-paratriatlo-e-no-parabadminton-internacional\/#primaryimage","url":"https:\/\/ubirataonline.com.br\/wp-content\/uploads\/2026\/09\/maaimg-post-171130-20260905-215512.webp","contentUrl":"https:\/\/ubirataonline.com.br\/wp-content\/uploads\/2026\/09\/maaimg-post-171130-20260905-215512.webp","width":1536,"height":1024,"caption":"Imagem ilustrativa Gerada por IA"},{"@type":"BreadcrumbList","@id":"https:\/\/ubirataonline.com.br\/brasil-conquista-o-topo-do-podio-no-paratriatlo-e-no-parabadminton-internacional\/#breadcrumb","itemListElement":[{"@type":"ListItem","position":1,"name":"In\u00edcio","item":"https:\/\/ubirataonline.com.br\/"},{"@type":"ListItem","position":2,"name":"Brasil conquista o topo do p\u00f3dio no paratriatlo e no parabadminton internacional"}]},{"@type":"WebSite","@id":"https:\/\/ubirataonline.com.br\/#website","url":"https:\/\/ubirataonline.com.br\/","name":"Ubirat\u00e3 Online Not\u00edcias","description":"Not\u00edcias de Ubirat\u00e3, regi\u00e3o, Brasil e mundo, com informa\u00e7\u00e3o atualizada e compromisso com o leitor.","publisher":{"@id":"https:\/\/ubirataonline.com.br\/#organization"},"alternateName":"Ubirat\u00e3 Online","potentialAction":[{"@type":"SearchAction","target":{"@type":"EntryPoint","urlTemplate":"https:\/\/ubirataonline.com.br\/?s={search_term_string}"},"query-input":{"@type":"PropertyValueSpecification","valueRequired":true,"valueName":"search_term_string"}}],"inLanguage":"en-US"},{"@type":["Organization","Place"],"@id":"https:\/\/ubirataonline.com.br\/#organization","name":"Ubirat\u00e3 Online Not\u00edcias","alternateName":"Ubirat\u00e3 Online","url":"https:\/\/ubirataonline.com.br\/","logo":{"@id":"https:\/\/ubirataonline.com.br\/brasil-conquista-o-topo-do-podio-no-paratriatlo-e-no-parabadminton-internacional\/#local-main-organization-logo"},"image":{"@id":"https:\/\/ubirataonline.com.br\/brasil-conquista-o-topo-do-podio-no-paratriatlo-e-no-parabadminton-internacional\/#local-main-organization-logo"},"sameAs":["https:\/\/www.facebook.com\/portalubirataonline","https:\/\/x.com\/ubirataonline","https:\/\/mastodon.social\/@ubirataonline","https:\/\/www.facebook.com\/groups\/311144672285604","https:\/\/www.facebook.com\/UBTAOnline","https:\/\/www.instagram.com\/portalubirataonline\/","https:\/\/twitter.com\/ubirataonline"],"description":"Somos um portal de not\u00edcias independente, criado em 5 de janeiro de 2009, com o objetivo de informar, conectar e valorizar a nossa comunidade de Ubirat\u00e3 e toda aregi\u00e3o. Com conte\u00fado atualizado, confi\u00e1vel e relevante, o Ubirat\u00e3 Online \u00e9 o seu espa\u00e7o para ficar por dentro dos principais acontecimentos locais, regionais, Brasil, Mundo e de interesse geral. Nosso compromisso \u00e9 com a verdade, a transpar\u00eancia e o respeito ao leitor.","legalName":"UBIRATA ONLINE NOT\u00cdCIAS","foundingDate":"2009-01-05","numberOfEmployees":{"@type":"QuantitativeValue","minValue":"1","maxValue":"10"},"publishingPrinciples":"https:\/\/ubirataonline.com.br\/faq\/","address":{"@id":"https:\/\/ubirataonline.com.br\/brasil-conquista-o-topo-do-podio-no-paratriatlo-e-no-parabadminton-internacional\/#local-main-place-address"},"geo":{"@type":"GeoCoordinates","latitude":"-24.5361401","longitude":"-52.9921776"},"telephone":["+5544998308235"],"contactPoint":{"@type":"ContactPoint","email":"contato@ubirataonline.com.br"},"openingHoursSpecification":{"@type":"OpeningHoursSpecification","dayOfWeek":["Monday","Tuesday","Wednesday","Thursday","Friday","Saturday","Sunday"],"opens":"00:00","closes":"23:59"},"email":"contato@ubirataonline.com.br","vatID":"47.621.418\/0001-80"},{"@type":"Person","@id":"https:\/\/ubirataonline.com.br\/#\/schema\/person\/372f87bbd3fdd79b8556b84c98d0bc1c","name":"REDA\u00c7\u00c3O: UBIRAT\u00c3 ONLINE - F\u00c1BIO AUGUSTO CELESTINO","pronouns":"Ele","description":"Desde 2003 trabalhando com not\u00edcias.","sameAs":["http:\/\/ubirataoline.com.br","https:\/\/www.facebook.com\/portalubirataonline","https:\/\/www.instagram.com\/ubirataonline_oficial","https:\/\/x.com\/x.com\/ubirataonline"],"honorificPrefix":"Mr.","honorificSuffix":"MD","birthDate":"1980-06-16","gender":"masculino","award":["V\u00e1rios pr\u00eamios de melhor portal da cidade"],"jobTitle":"Diretor","url":"https:\/\/ubirataonline.com.br\/en\/author\/ubirataonline\/"},{"@type":"PostalAddress","@id":"https:\/\/ubirataonline.com.br\/brasil-conquista-o-topo-do-podio-no-paratriatlo-e-no-parabadminton-internacional\/#local-main-place-address","streetAddress":"Rua dos Coqueiros, 104 - Bairro Boa Vista, Rua dos Coqueiros, 104 Bairro Boa Vista","addressLocality":"UBIRATA","postalCode":"85440-000","addressRegion":"PR","addressCountry":"BR"},{"@type":"ImageObject","inLanguage":"en-US","@id":"https:\/\/ubirataonline.com.br\/brasil-conquista-o-topo-do-podio-no-paratriatlo-e-no-parabadminton-internacional\/#local-main-organization-logo","url":"https:\/\/ubirataonline.com.br\/wp-content\/uploads\/2026\/06\/logoubirataonline-1.webp","contentUrl":"https:\/\/ubirataonline.com.br\/wp-content\/uploads\/2026\/06\/logoubirataonline-1.webp","width":500,"height":500,"caption":"Ubirat\u00e3 Online Not\u00edcias"}]},"geo.placename":"UBIRATA","geo.position":{"lat":"-24.5361401","long":"-52.9921776"},"geo.region":"Brazil"},"_links":{"self":[{"href":"https:\/\/ubirataonline.com.br\/en\/wp-json\/wp\/v2\/posts\/171130","targetHints":{"allow":["GET"]}}],"collection":[{"href":"https:\/\/ubirataonline.com.br\/en\/wp-json\/wp\/v2\/posts"}],"about":[{"href":"https:\/\/ubirataonline.com.br\/en\/wp-json\/wp\/v2\/types\/post"}],"author":[{"embeddable":true,"href":"https:\/\/ubirataonline.com.br\/en\/wp-json\/wp\/v2\/users\/1"}],"replies":[{"embeddable":true,"href":"https:\/\/ubirataonline.com.br\/en\/wp-json\/wp\/v2\/comments?post=171130"}],"version-history":[{"count":0,"href":"https:\/\/ubirataonline.com.br\/en\/wp-json\/wp\/v2\/posts\/171130\/revisions"}],"wp:featuredmedia":[{"embeddable":true,"href":"https:\/\/ubirataonline.com.br\/en\/wp-json\/wp\/v2\/media\/171131"}],"wp:attachment":[{"href":"https:\/\/ubirataonline.com.br\/en\/wp-json\/wp\/v2\/media?parent=171130"}],"wp:term":[{"taxonomy":"category","embeddable":true,"href":"https:\/\/ubirataonline.com.br\/en\/wp-json\/wp\/v2\/categories?post=171130"},{"taxonomy":"post_tag","embeddable":true,"href":"https:\/\/ubirataonline.com.br\/en\/wp-json\/wp\/v2\/tags?post=171130"}],"curies":[{"name":"wp","href":"https:\/\/api.w.org\/{rel}","templated":true}]}}