{"id":171142,"date":"2026-09-05T19:55:22","date_gmt":"2026-09-05T22:55:22","guid":{"rendered":"https:\/\/ubirataonline.com.br\/mppr-realiza-nesta-sexta-feira-4-de-setembro-atendimento-descentralizado-no-distrito-de-bugre-em-balsa-nova-na-regiao-metropolitana-de-curitiba\/"},"modified":"2026-09-05T19:55:23","modified_gmt":"2026-09-05T22:55:23","slug":"mppr-realiza-nesta-sexta-feira-4-de-setembro-atendimento-descentralizado-no-distrito-de-bugre-em-balsa-nova-na-regiao-metropolitana-de-curitiba","status":"publish","type":"post","link":"https:\/\/ubirataonline.com.br\/en\/mppr-realiza-nesta-sexta-feira-4-de-setembro-atendimento-descentralizado-no-distrito-de-bugre-em-balsa-nova-na-regiao-metropolitana-de-curitiba\/","title":{"rendered":"MPPR realiza nesta sexta-feira, 4 de setembro, atendimento descentralizado no distrito de Bugre, em Balsa Nova, na Regi\u00e3o Metropolitana de Curitiba"},"content":{"rendered":"<p><\/p>\n<div>\n<p>O Minist\u00e9rio P\u00fablico do Paran\u00e1 realizar\u00e1 nesta sexta-feira, 4 de setembro, atendimento descentralizado no distrito do Bugre, localidade rural com aproximadamente 5 mil habitantes, situada no munic\u00edpio de Balsa Nova, na Regi\u00e3o Metropolitana de Curitiba. A iniciativa, promovida pela 3\u00aa Promotoria de Justi\u00e7a de Campo Largo, objetiva ampliar o acesso da popula\u00e7\u00e3o aos servi\u00e7os da institui\u00e7\u00e3o.<\/p>\n<p class=\"text-align-center\"><a href=\"https:\/\/apps.mppr.mp.br\/audios\/play\/9f3eb8d1506a40a6df7649f11c7b452d\" target=\"_blank\"><strong>\u00c1udio do Promotor de Justi\u00e7a Rodrigo Baptista Braziliano<\/strong><\/a><\/p>\n<p>Na data, ser\u00e3o prestadas orienta\u00e7\u00f5es jur\u00eddicas e recebidas demandas da comunidade sobre temas relacionados \u00e0 atua\u00e7\u00e3o do Minist\u00e9rio P\u00fablico, como quest\u00f5es ligadas a servi\u00e7os p\u00fablicos de sa\u00fade e de educa\u00e7\u00e3o, problemas com saneamento b\u00e1sico, direito de fam\u00edlia, inf\u00e2ncia e juventude, idoso, viol\u00eancia dom\u00e9stica e demandas na \u00e1rea criminal, entre outras.<\/p>\n<p><strong>Atendimento<\/strong> \u2013 Al\u00e9m do servi\u00e7o descentralizado, as Promotorias de Justi\u00e7a de Campo Largo mant\u00eam atendimento permanente \u00e0 popula\u00e7\u00e3o na sede da institui\u00e7\u00e3o (Rua Dom Pedro II, 736, Centro de Campo Largo), ou de forma virtual pelos e-mails: <a href=\"https:\/\/mppr.mp.br\/cdn-cgi\/l\/email-protection\" class=\"__cf_email__\" data-cfemail=\"2043414d504f4c4152474f0e1150524f4d604d5050520e4d500e4252\">[email\u00a0protected]<\/a>, <a href=\"https:\/\/mppr.mp.br\/cdn-cgi\/l\/email-protection\" class=\"__cf_email__\" data-cfemail=\"e281838f928d8e8390858dccd092908d8fa28f929290cc8f92cc8090\">[email\u00a0protected]<\/a>, <a href=\"https:\/\/mppr.mp.br\/cdn-cgi\/l\/email-protection\" class=\"__cf_email__\" data-cfemail=\"bad9dbd7cad5d6dbc8ddd59489cac8d5d7fad7cacac894d7ca94d8c8\">[email\u00a0protected]<\/a> e <a href=\"https:\/\/mppr.mp.br\/cdn-cgi\/l\/email-protection\" class=\"__cf_email__\" data-cfemail=\"0d6e6c607d62616c7f6a6223397d7f62604d607d7d7f23607d236f7f\">[email\u00a0protected]<\/a>.<\/p>\n<p><strong>SERVI\u00c7O<\/strong><br \/><strong>Atendimento do MPPR no distrito de Bugre, em Balsa Nova<\/strong><br \/><strong>Data<\/strong>: 4\/9\/2026, das 13 \u00e0s 17 horas<br \/><strong>Local<\/strong>: Centro de Refer\u00eancia Especializado de Assist\u00eancia Social (Creas) de Bugre (Rua Ant\u00f4nio Gequelin, 35, Bugre, Balsa Nova)<\/p>\n<p><em>Informa\u00e7\u00f5es para a imprensa:<br \/>Assessoria de Comunica\u00e7\u00e3o<br \/><a href=\"https:\/\/mppr.mp.br\/cdn-cgi\/l\/email-protection\" class=\"__cf_email__\" data-cfemail=\"05666a68706b6c666466646a45687575772b68752b6777\">[email\u00a0protected]<\/a><br \/>(41) 3250-4264<\/em><\/p>\n<\/div>\n<p><a href=\"https:\/\/ubirataonline.com.br\/noticias\/\" target=\"_blank\" rel=\"noopener noreferrer\">Mais Not\u00edcias<\/a><\/p>\n<p><a href=\"https:\/\/ubirataonline.com.br\" target=\"_blank\" rel=\"noopener noreferrer\">Home Page &#8211; In\u00edcio<\/a><\/p>\n<p><a href=\"https:\/\/mppr.mp.br\/Noticia\/MPPR-realiza-nesta-sexta-feira-4-de-setembro-atendimento-descentralizado-no-distrito-de\">Source link <\/a><br \/>\nSee more: <a href=\"https:\/\/theglobaltrack.com\/\" target=\"_blank\" rel=\"noopener noreferrer\">The Global Track<\/a><\/p>\n<p><a href=\"https:\/\/corinthiames.com.br\/\" target=\"_blank\" rel=\"noopener noreferrer\">Corinthia Mes<\/a><\/p>\n","protected":false},"excerpt":{"rendered":"<p>O Minist\u00e9rio P\u00fablico do Paran\u00e1 realizar\u00e1 nesta sexta-feira, 4 de setembro, atendimento descentralizado no distrito do Bugre, localidade rural com aproximadamente 5 mil habitantes, situada no munic\u00edpio de Balsa Nova, na Regi\u00e3o Metropolitana de Curitiba. A iniciativa, promovida pela 3\u00aa Promotoria de Justi\u00e7a de Campo Largo, objetiva ampliar o acesso da popula\u00e7\u00e3o aos servi\u00e7os da [&hellip;]<\/p>\n","protected":false},"author":1,"featured_media":171143,"comment_status":"closed","ping_status":"","sticky":false,"template":"","format":"standard","meta":{"googlesitekit_rrm_CAow2JLhCw:productID":"","_gspb_post_css":"","maa_idioma":"","maa_pais":"","footnotes":""},"categories":[4],"tags":[4265,23815,44786,151,6121,7987,15404,1632,3599,3679,4234,6267,5572,4438],"class_list":["post-171142","post","type-post","status-publish","format-standard","has-post-thumbnail","hentry","category-brasil","tag-atendimento","tag-balsa","tag-bugre","tag-curitiba","tag-descentralizado","tag-distrito","tag-metropolitana","tag-mppr","tag-nesta","tag-nova","tag-realiza","tag-regiao","tag-setembro","tag-sextafeira"],"blocksy_meta":[],"yoast_head":"<!-- This site is optimized with the Yoast SEO Premium plugin v27.6 (Yoast SEO v27.6) - https:\/\/yoast.com\/product\/yoast-seo-premium-wordpress\/ -->\n<title>MPPR realiza nesta sexta-feira, 4 de setembro, atendimento descentralizado no distrito de Bugre, em Balsa Nova, na Regi\u00e3o Metropolitana de Curitiba - Ubirat\u00e3 Online Not\u00edcias - A realidade ao seu alcance!<\/title>\n<meta name=\"description\" content=\"O Minist\u00e9rio P\u00fablico do Paran\u00e1 realizar\u00e1 nesta sexta-feira, 4 de setembro, atendimento descentralizado no distrito do Bugre, localidade rural com aproximadamente 5 mil habitantes, situada no munic\u00edpio de Balsa Nova, na Regi\u00e3o Metropolitana de Curiti\" \/>\n<meta name=\"robots\" content=\"index, follow, max-snippet:-1, max-image-preview:large, max-video-preview:-1\" \/>\n<link rel=\"canonical\" href=\"https:\/\/ubirataonline.com.br\/en\/mppr-realiza-nesta-sexta-feira-4-de-setembro-atendimento-descentralizado-no-distrito-de-bugre-em-balsa-nova-na-regiao-metropolitana-de-curitiba\/\" \/>\n<meta property=\"og:locale\" content=\"en_US\" \/>\n<meta property=\"og:type\" content=\"article\" \/>\n<meta property=\"og:title\" content=\"MPPR realiza nesta sexta-feira, 4 de setembro, atendimento descentralizado no distrito de Bugre, em Balsa Nova, na Regi\u00e3o Metropolitana de Curitiba\" \/>\n<meta property=\"og:description\" content=\"O Minist\u00e9rio P\u00fablico do Paran\u00e1 realizar\u00e1 nesta sexta-feira, 4 de setembro, atendimento descentralizado no distrito do Bugre, localidade rural com aproximadamente 5 mil habitantes, situada no munic\u00edpio de Balsa Nova, na Regi\u00e3o Metropolitana de Curiti\" \/>\n<meta property=\"og:url\" content=\"https:\/\/ubirataonline.com.br\/en\/mppr-realiza-nesta-sexta-feira-4-de-setembro-atendimento-descentralizado-no-distrito-de-bugre-em-balsa-nova-na-regiao-metropolitana-de-curitiba\/\" \/>\n<meta property=\"og:site_name\" content=\"Ubirat\u00e3 Online Not\u00edcias - A realidade ao seu alcance!\" \/>\n<meta property=\"article:publisher\" content=\"https:\/\/www.facebook.com\/portalubirataonline\" \/>\n<meta property=\"article:author\" content=\"https:\/\/www.facebook.com\/portalubirataonline\" \/>\n<meta property=\"article:published_time\" content=\"2026-09-05T22:55:22+00:00\" \/>\n<meta property=\"article:modified_time\" content=\"2026-09-05T22:55:23+00:00\" \/>\n<meta property=\"og:image\" content=\"https:\/\/ubirataonline.com.br\/wp-content\/uploads\/2026\/09\/MPPR-realiza-nesta-sexta-feira-4-de-setembro-atendimento-descentralizado-no.png\" \/>\n\t<meta property=\"og:image:width\" content=\"240\" \/>\n\t<meta property=\"og:image:height\" content=\"240\" \/>\n\t<meta property=\"og:image:type\" content=\"image\/png\" \/>\n<meta name=\"author\" content=\"REDA\u00c7\u00c3O: UBIRAT\u00c3 ONLINE - F\u00c1BIO AUGUSTO CELESTINO\" \/>\n<meta name=\"twitter:card\" content=\"summary_large_image\" \/>\n<meta name=\"twitter:creator\" content=\"@x.com\/ubirataonline\" \/>\n<meta name=\"twitter:site\" content=\"@ubirataonline\" \/>\n<meta name=\"twitter:label1\" content=\"Written by\" \/>\n\t<meta name=\"twitter:data1\" content=\"REDA\u00c7\u00c3O: UBIRAT\u00c3 ONLINE - F\u00c1BIO AUGUSTO CELESTINO\" \/>\n\t<meta name=\"twitter:label2\" content=\"Est. reading time\" \/>\n\t<meta name=\"twitter:data2\" content=\"1 minute\" \/>\n<script type=\"application\/ld+json\" class=\"yoast-schema-graph\">{\"@context\":\"https:\\\/\\\/schema.org\",\"@graph\":[{\"@type\":\"NewsArticle\",\"@id\":\"https:\\\/\\\/ubirataonline.com.br\\\/mppr-realiza-nesta-sexta-feira-4-de-setembro-atendimento-descentralizado-no-distrito-de-bugre-em-balsa-nova-na-regiao-metropolitana-de-curitiba\\\/#article\",\"isPartOf\":{\"@id\":\"https:\\\/\\\/ubirataonline.com.br\\\/mppr-realiza-nesta-sexta-feira-4-de-setembro-atendimento-descentralizado-no-distrito-de-bugre-em-balsa-nova-na-regiao-metropolitana-de-curitiba\\\/\"},\"author\":{\"name\":\"REDA\u00c7\u00c3O: UBIRAT\u00c3 ONLINE - F\u00c1BIO AUGUSTO CELESTINO\",\"@id\":\"https:\\\/\\\/ubirataonline.com.br\\\/#\\\/schema\\\/person\\\/372f87bbd3fdd79b8556b84c98d0bc1c\"},\"headline\":\"MPPR realiza nesta sexta-feira, 4 de setembro, atendimento descentralizado no distrito de Bugre, em Balsa Nova, na Regi\u00e3o Metropolitana de Curitiba\",\"datePublished\":\"2026-09-05T22:55:22+00:00\",\"dateModified\":\"2026-09-05T22:55:23+00:00\",\"mainEntityOfPage\":{\"@id\":\"https:\\\/\\\/ubirataonline.com.br\\\/mppr-realiza-nesta-sexta-feira-4-de-setembro-atendimento-descentralizado-no-distrito-de-bugre-em-balsa-nova-na-regiao-metropolitana-de-curitiba\\\/\"},\"wordCount\":270,\"publisher\":{\"@id\":\"https:\\\/\\\/ubirataonline.com.br\\\/#organization\"},\"image\":{\"@id\":\"https:\\\/\\\/ubirataonline.com.br\\\/mppr-realiza-nesta-sexta-feira-4-de-setembro-atendimento-descentralizado-no-distrito-de-bugre-em-balsa-nova-na-regiao-metropolitana-de-curitiba\\\/#primaryimage\"},\"thumbnailUrl\":\"https:\\\/\\\/ubirataonline.com.br\\\/wp-content\\\/uploads\\\/2026\\\/09\\\/MPPR-realiza-nesta-sexta-feira-4-de-setembro-atendimento-descentralizado-no.png\",\"keywords\":[\"atendimento\",\"Balsa\",\"Bugre\",\"Curitiba\",\"descentralizado\",\"Distrito\",\"metropolitana\",\"MPPR\",\"nesta\",\"Nova\",\"realiza\",\"regi\u00e3o\",\"Setembro\",\"sextafeira\"],\"articleSection\":[\"Brasil\"],\"inLanguage\":\"en-US\",\"copyrightYear\":\"2026\",\"copyrightHolder\":{\"@id\":\"https:\\\/\\\/ubirataonline.com.br\\\/en\\\/#organization\"}},{\"@type\":\"WebPage\",\"@id\":\"https:\\\/\\\/ubirataonline.com.br\\\/mppr-realiza-nesta-sexta-feira-4-de-setembro-atendimento-descentralizado-no-distrito-de-bugre-em-balsa-nova-na-regiao-metropolitana-de-curitiba\\\/\",\"url\":\"https:\\\/\\\/ubirataonline.com.br\\\/mppr-realiza-nesta-sexta-feira-4-de-setembro-atendimento-descentralizado-no-distrito-de-bugre-em-balsa-nova-na-regiao-metropolitana-de-curitiba\\\/\",\"name\":\"MPPR realiza nesta sexta-feira, 4 de setembro, atendimento descentralizado no distrito de Bugre, em Balsa Nova, na Regi\u00e3o Metropolitana de Curitiba - Ubirat\u00e3 Online Not\u00edcias - A realidade ao seu alcance!\",\"isPartOf\":{\"@id\":\"https:\\\/\\\/ubirataonline.com.br\\\/#website\"},\"primaryImageOfPage\":{\"@id\":\"https:\\\/\\\/ubirataonline.com.br\\\/mppr-realiza-nesta-sexta-feira-4-de-setembro-atendimento-descentralizado-no-distrito-de-bugre-em-balsa-nova-na-regiao-metropolitana-de-curitiba\\\/#primaryimage\"},\"image\":{\"@id\":\"https:\\\/\\\/ubirataonline.com.br\\\/mppr-realiza-nesta-sexta-feira-4-de-setembro-atendimento-descentralizado-no-distrito-de-bugre-em-balsa-nova-na-regiao-metropolitana-de-curitiba\\\/#primaryimage\"},\"thumbnailUrl\":\"https:\\\/\\\/ubirataonline.com.br\\\/wp-content\\\/uploads\\\/2026\\\/09\\\/MPPR-realiza-nesta-sexta-feira-4-de-setembro-atendimento-descentralizado-no.png\",\"datePublished\":\"2026-09-05T22:55:22+00:00\",\"dateModified\":\"2026-09-05T22:55:23+00:00\",\"description\":\"O Minist\u00e9rio P\u00fablico do Paran\u00e1 realizar\u00e1 nesta sexta-feira, 4 de setembro, atendimento descentralizado no distrito do Bugre, localidade rural com aproximadamente 5 mil habitantes, situada no munic\u00edpio de Balsa Nova, na Regi\u00e3o Metropolitana de Curiti\",\"breadcrumb\":{\"@id\":\"https:\\\/\\\/ubirataonline.com.br\\\/mppr-realiza-nesta-sexta-feira-4-de-setembro-atendimento-descentralizado-no-distrito-de-bugre-em-balsa-nova-na-regiao-metropolitana-de-curitiba\\\/#breadcrumb\"},\"inLanguage\":\"en-US\",\"potentialAction\":[{\"@type\":\"ReadAction\",\"target\":[\"https:\\\/\\\/ubirataonline.com.br\\\/mppr-realiza-nesta-sexta-feira-4-de-setembro-atendimento-descentralizado-no-distrito-de-bugre-em-balsa-nova-na-regiao-metropolitana-de-curitiba\\\/\"]}]},{\"@type\":\"ImageObject\",\"inLanguage\":\"en-US\",\"@id\":\"https:\\\/\\\/ubirataonline.com.br\\\/mppr-realiza-nesta-sexta-feira-4-de-setembro-atendimento-descentralizado-no-distrito-de-bugre-em-balsa-nova-na-regiao-metropolitana-de-curitiba\\\/#primaryimage\",\"url\":\"https:\\\/\\\/ubirataonline.com.br\\\/wp-content\\\/uploads\\\/2026\\\/09\\\/MPPR-realiza-nesta-sexta-feira-4-de-setembro-atendimento-descentralizado-no.png\",\"contentUrl\":\"https:\\\/\\\/ubirataonline.com.br\\\/wp-content\\\/uploads\\\/2026\\\/09\\\/MPPR-realiza-nesta-sexta-feira-4-de-setembro-atendimento-descentralizado-no.png\",\"width\":240,\"height\":240,\"caption\":\"MPPR realiza nesta sexta-feira, 4 de setembro, atendimento descentralizado no distrito de Bugre, em Balsa Nova, na Regi\u00e3o Metropolitana de Curitiba\"},{\"@type\":\"BreadcrumbList\",\"@id\":\"https:\\\/\\\/ubirataonline.com.br\\\/mppr-realiza-nesta-sexta-feira-4-de-setembro-atendimento-descentralizado-no-distrito-de-bugre-em-balsa-nova-na-regiao-metropolitana-de-curitiba\\\/#breadcrumb\",\"itemListElement\":[{\"@type\":\"ListItem\",\"position\":1,\"name\":\"In\u00edcio\",\"item\":\"https:\\\/\\\/ubirataonline.com.br\\\/\"},{\"@type\":\"ListItem\",\"position\":2,\"name\":\"MPPR realiza nesta sexta-feira, 4 de setembro, atendimento descentralizado no distrito de Bugre, em Balsa Nova, na Regi\u00e3o Metropolitana de Curitiba\"}]},{\"@type\":\"WebSite\",\"@id\":\"https:\\\/\\\/ubirataonline.com.br\\\/#website\",\"url\":\"https:\\\/\\\/ubirataonline.com.br\\\/\",\"name\":\"Ubirat\u00e3 Online Not\u00edcias\",\"description\":\"Not\u00edcias de Ubirat\u00e3, regi\u00e3o, Brasil e mundo, com informa\u00e7\u00e3o atualizada e compromisso com o leitor.\",\"publisher\":{\"@id\":\"https:\\\/\\\/ubirataonline.com.br\\\/#organization\"},\"alternateName\":\"Ubirat\u00e3 Online\",\"potentialAction\":[{\"@type\":\"SearchAction\",\"target\":{\"@type\":\"EntryPoint\",\"urlTemplate\":\"https:\\\/\\\/ubirataonline.com.br\\\/?s={search_term_string}\"},\"query-input\":{\"@type\":\"PropertyValueSpecification\",\"valueRequired\":true,\"valueName\":\"search_term_string\"}}],\"inLanguage\":\"en-US\"},{\"@type\":[\"Organization\",\"Place\"],\"@id\":\"https:\\\/\\\/ubirataonline.com.br\\\/#organization\",\"name\":\"Ubirat\u00e3 Online Not\u00edcias\",\"alternateName\":\"Ubirat\u00e3 Online\",\"url\":\"https:\\\/\\\/ubirataonline.com.br\\\/\",\"logo\":{\"@id\":\"https:\\\/\\\/ubirataonline.com.br\\\/mppr-realiza-nesta-sexta-feira-4-de-setembro-atendimento-descentralizado-no-distrito-de-bugre-em-balsa-nova-na-regiao-metropolitana-de-curitiba\\\/#local-main-organization-logo\"},\"image\":{\"@id\":\"https:\\\/\\\/ubirataonline.com.br\\\/mppr-realiza-nesta-sexta-feira-4-de-setembro-atendimento-descentralizado-no-distrito-de-bugre-em-balsa-nova-na-regiao-metropolitana-de-curitiba\\\/#local-main-organization-logo\"},\"sameAs\":[\"https:\\\/\\\/www.facebook.com\\\/portalubirataonline\",\"https:\\\/\\\/x.com\\\/ubirataonline\",\"https:\\\/\\\/mastodon.social\\\/@ubirataonline\",\"https:\\\/\\\/www.facebook.com\\\/groups\\\/311144672285604\",\"https:\\\/\\\/www.facebook.com\\\/UBTAOnline\",\"https:\\\/\\\/www.instagram.com\\\/portalubirataonline\\\/\",\"https:\\\/\\\/twitter.com\\\/ubirataonline\"],\"description\":\"Somos um portal de not\u00edcias independente, criado em 5 de janeiro de 2009, com o objetivo de informar, conectar e valorizar a nossa comunidade de Ubirat\u00e3 e toda aregi\u00e3o. Com conte\u00fado atualizado, confi\u00e1vel e relevante, o Ubirat\u00e3 Online \u00e9 o seu espa\u00e7o para ficar por dentro dos principais acontecimentos locais, regionais, Brasil, Mundo e de interesse geral. Nosso compromisso \u00e9 com a verdade, a transpar\u00eancia e o respeito ao leitor.\",\"legalName\":\"UBIRATA ONLINE NOT\u00cdCIAS\",\"foundingDate\":\"2009-01-05\",\"numberOfEmployees\":{\"@type\":\"QuantitativeValue\",\"minValue\":\"1\",\"maxValue\":\"10\"},\"publishingPrinciples\":\"https:\\\/\\\/ubirataonline.com.br\\\/faq\\\/\",\"address\":{\"@id\":\"https:\\\/\\\/ubirataonline.com.br\\\/mppr-realiza-nesta-sexta-feira-4-de-setembro-atendimento-descentralizado-no-distrito-de-bugre-em-balsa-nova-na-regiao-metropolitana-de-curitiba\\\/#local-main-place-address\"},\"geo\":{\"@type\":\"GeoCoordinates\",\"latitude\":\"-24.5361401\",\"longitude\":\"-52.9921776\"},\"telephone\":[\"+5544998308235\"],\"contactPoint\":{\"@type\":\"ContactPoint\",\"email\":\"contato@ubirataonline.com.br\"},\"openingHoursSpecification\":{\"@type\":\"OpeningHoursSpecification\",\"dayOfWeek\":[\"Monday\",\"Tuesday\",\"Wednesday\",\"Thursday\",\"Friday\",\"Saturday\",\"Sunday\"],\"opens\":\"00:00\",\"closes\":\"23:59\"},\"email\":\"contato@ubirataonline.com.br\",\"vatID\":\"47.621.418\\\/0001-80\"},{\"@type\":\"Person\",\"@id\":\"https:\\\/\\\/ubirataonline.com.br\\\/#\\\/schema\\\/person\\\/372f87bbd3fdd79b8556b84c98d0bc1c\",\"name\":\"REDA\u00c7\u00c3O: UBIRAT\u00c3 ONLINE - F\u00c1BIO AUGUSTO CELESTINO\",\"pronouns\":\"Ele\",\"description\":\"Desde 2003 trabalhando com not\u00edcias.\",\"sameAs\":[\"http:\\\/\\\/ubirataoline.com.br\",\"https:\\\/\\\/www.facebook.com\\\/portalubirataonline\",\"https:\\\/\\\/www.instagram.com\\\/ubirataonline_oficial\",\"https:\\\/\\\/x.com\\\/x.com\\\/ubirataonline\"],\"honorificPrefix\":\"Mr.\",\"honorificSuffix\":\"MD\",\"birthDate\":\"1980-06-16\",\"gender\":\"masculino\",\"award\":[\"V\u00e1rios pr\u00eamios de melhor portal da cidade\"],\"jobTitle\":\"Diretor\",\"url\":\"https:\\\/\\\/ubirataonline.com.br\\\/en\\\/author\\\/ubirataonline\\\/\"},{\"@type\":\"PostalAddress\",\"@id\":\"https:\\\/\\\/ubirataonline.com.br\\\/mppr-realiza-nesta-sexta-feira-4-de-setembro-atendimento-descentralizado-no-distrito-de-bugre-em-balsa-nova-na-regiao-metropolitana-de-curitiba\\\/#local-main-place-address\",\"streetAddress\":\"Rua dos Coqueiros, 104 - Bairro Boa Vista, Rua dos Coqueiros, 104 Bairro Boa Vista\",\"addressLocality\":\"UBIRATA\",\"postalCode\":\"85440-000\",\"addressRegion\":\"PR\",\"addressCountry\":\"BR\"},{\"@type\":\"ImageObject\",\"inLanguage\":\"en-US\",\"@id\":\"https:\\\/\\\/ubirataonline.com.br\\\/mppr-realiza-nesta-sexta-feira-4-de-setembro-atendimento-descentralizado-no-distrito-de-bugre-em-balsa-nova-na-regiao-metropolitana-de-curitiba\\\/#local-main-organization-logo\",\"url\":\"https:\\\/\\\/ubirataonline.com.br\\\/wp-content\\\/uploads\\\/2026\\\/06\\\/logoubirataonline-1.webp\",\"contentUrl\":\"https:\\\/\\\/ubirataonline.com.br\\\/wp-content\\\/uploads\\\/2026\\\/06\\\/logoubirataonline-1.webp\",\"width\":500,\"height\":500,\"caption\":\"Ubirat\u00e3 Online Not\u00edcias\"}]}<\/script>\n<meta name=\"geo.placename\" content=\"UBIRATA\" \/>\n<meta name=\"geo.position\" content=\"-24.5361401;-52.9921776\" \/>\n<meta name=\"geo.region\" content=\"Brazil\" \/>\n<!-- \/ Yoast SEO Premium plugin. -->","yoast_head_json":{"title":"MPPR realiza nesta sexta-feira, 4 de setembro, atendimento descentralizado no distrito de Bugre, em Balsa Nova, na Regi\u00e3o Metropolitana de Curitiba - Ubirat\u00e3 Online Not\u00edcias - A realidade ao seu alcance!","description":"O Minist\u00e9rio P\u00fablico do Paran\u00e1 realizar\u00e1 nesta sexta-feira, 4 de setembro, atendimento descentralizado no distrito do Bugre, localidade rural com aproximadamente 5 mil habitantes, situada no munic\u00edpio de Balsa Nova, na Regi\u00e3o Metropolitana de Curiti","robots":{"index":"index","follow":"follow","max-snippet":"max-snippet:-1","max-image-preview":"max-image-preview:large","max-video-preview":"max-video-preview:-1"},"canonical":"https:\/\/ubirataonline.com.br\/en\/mppr-realiza-nesta-sexta-feira-4-de-setembro-atendimento-descentralizado-no-distrito-de-bugre-em-balsa-nova-na-regiao-metropolitana-de-curitiba\/","og_locale":"en_US","og_type":"article","og_title":"MPPR realiza nesta sexta-feira, 4 de setembro, atendimento descentralizado no distrito de Bugre, em Balsa Nova, na Regi\u00e3o Metropolitana de Curitiba","og_description":"O Minist\u00e9rio P\u00fablico do Paran\u00e1 realizar\u00e1 nesta sexta-feira, 4 de setembro, atendimento descentralizado no distrito do Bugre, localidade rural com aproximadamente 5 mil habitantes, situada no munic\u00edpio de Balsa Nova, na Regi\u00e3o Metropolitana de Curiti","og_url":"https:\/\/ubirataonline.com.br\/en\/mppr-realiza-nesta-sexta-feira-4-de-setembro-atendimento-descentralizado-no-distrito-de-bugre-em-balsa-nova-na-regiao-metropolitana-de-curitiba\/","og_site_name":"Ubirat\u00e3 Online Not\u00edcias - A realidade ao seu alcance!","article_publisher":"https:\/\/www.facebook.com\/portalubirataonline","article_author":"https:\/\/www.facebook.com\/portalubirataonline","article_published_time":"2026-09-05T22:55:22+00:00","article_modified_time":"2026-09-05T22:55:23+00:00","og_image":[{"width":240,"height":240,"url":"https:\/\/ubirataonline.com.br\/wp-content\/uploads\/2026\/09\/MPPR-realiza-nesta-sexta-feira-4-de-setembro-atendimento-descentralizado-no.png","type":"image\/png"}],"author":"REDA\u00c7\u00c3O: UBIRAT\u00c3 ONLINE - F\u00c1BIO AUGUSTO CELESTINO","twitter_card":"summary_large_image","twitter_creator":"@x.com\/ubirataonline","twitter_site":"@ubirataonline","twitter_misc":{"Written by":"REDA\u00c7\u00c3O: UBIRAT\u00c3 ONLINE - F\u00c1BIO AUGUSTO CELESTINO","Est. reading time":"1 minute"},"schema":{"@context":"https:\/\/schema.org","@graph":[{"@type":"NewsArticle","@id":"https:\/\/ubirataonline.com.br\/mppr-realiza-nesta-sexta-feira-4-de-setembro-atendimento-descentralizado-no-distrito-de-bugre-em-balsa-nova-na-regiao-metropolitana-de-curitiba\/#article","isPartOf":{"@id":"https:\/\/ubirataonline.com.br\/mppr-realiza-nesta-sexta-feira-4-de-setembro-atendimento-descentralizado-no-distrito-de-bugre-em-balsa-nova-na-regiao-metropolitana-de-curitiba\/"},"author":{"name":"REDA\u00c7\u00c3O: UBIRAT\u00c3 ONLINE - F\u00c1BIO AUGUSTO CELESTINO","@id":"https:\/\/ubirataonline.com.br\/#\/schema\/person\/372f87bbd3fdd79b8556b84c98d0bc1c"},"headline":"MPPR realiza nesta sexta-feira, 4 de setembro, atendimento descentralizado no distrito de Bugre, em Balsa Nova, na Regi\u00e3o Metropolitana de Curitiba","datePublished":"2026-09-05T22:55:22+00:00","dateModified":"2026-09-05T22:55:23+00:00","mainEntityOfPage":{"@id":"https:\/\/ubirataonline.com.br\/mppr-realiza-nesta-sexta-feira-4-de-setembro-atendimento-descentralizado-no-distrito-de-bugre-em-balsa-nova-na-regiao-metropolitana-de-curitiba\/"},"wordCount":270,"publisher":{"@id":"https:\/\/ubirataonline.com.br\/#organization"},"image":{"@id":"https:\/\/ubirataonline.com.br\/mppr-realiza-nesta-sexta-feira-4-de-setembro-atendimento-descentralizado-no-distrito-de-bugre-em-balsa-nova-na-regiao-metropolitana-de-curitiba\/#primaryimage"},"thumbnailUrl":"https:\/\/ubirataonline.com.br\/wp-content\/uploads\/2026\/09\/MPPR-realiza-nesta-sexta-feira-4-de-setembro-atendimento-descentralizado-no.png","keywords":["atendimento","Balsa","Bugre","Curitiba","descentralizado","Distrito","metropolitana","MPPR","nesta","Nova","realiza","regi\u00e3o","Setembro","sextafeira"],"articleSection":["Brasil"],"inLanguage":"en-US","copyrightYear":"2026","copyrightHolder":{"@id":"https:\/\/ubirataonline.com.br\/en\/#organization"}},{"@type":"WebPage","@id":"https:\/\/ubirataonline.com.br\/mppr-realiza-nesta-sexta-feira-4-de-setembro-atendimento-descentralizado-no-distrito-de-bugre-em-balsa-nova-na-regiao-metropolitana-de-curitiba\/","url":"https:\/\/ubirataonline.com.br\/mppr-realiza-nesta-sexta-feira-4-de-setembro-atendimento-descentralizado-no-distrito-de-bugre-em-balsa-nova-na-regiao-metropolitana-de-curitiba\/","name":"MPPR realiza nesta sexta-feira, 4 de setembro, atendimento descentralizado no distrito de Bugre, em Balsa Nova, na Regi\u00e3o Metropolitana de Curitiba - Ubirat\u00e3 Online Not\u00edcias - A realidade ao seu alcance!","isPartOf":{"@id":"https:\/\/ubirataonline.com.br\/#website"},"primaryImageOfPage":{"@id":"https:\/\/ubirataonline.com.br\/mppr-realiza-nesta-sexta-feira-4-de-setembro-atendimento-descentralizado-no-distrito-de-bugre-em-balsa-nova-na-regiao-metropolitana-de-curitiba\/#primaryimage"},"image":{"@id":"https:\/\/ubirataonline.com.br\/mppr-realiza-nesta-sexta-feira-4-de-setembro-atendimento-descentralizado-no-distrito-de-bugre-em-balsa-nova-na-regiao-metropolitana-de-curitiba\/#primaryimage"},"thumbnailUrl":"https:\/\/ubirataonline.com.br\/wp-content\/uploads\/2026\/09\/MPPR-realiza-nesta-sexta-feira-4-de-setembro-atendimento-descentralizado-no.png","datePublished":"2026-09-05T22:55:22+00:00","dateModified":"2026-09-05T22:55:23+00:00","description":"O Minist\u00e9rio P\u00fablico do Paran\u00e1 realizar\u00e1 nesta sexta-feira, 4 de setembro, atendimento descentralizado no distrito do Bugre, localidade rural com aproximadamente 5 mil habitantes, situada no munic\u00edpio de Balsa Nova, na Regi\u00e3o Metropolitana de Curiti","breadcrumb":{"@id":"https:\/\/ubirataonline.com.br\/mppr-realiza-nesta-sexta-feira-4-de-setembro-atendimento-descentralizado-no-distrito-de-bugre-em-balsa-nova-na-regiao-metropolitana-de-curitiba\/#breadcrumb"},"inLanguage":"en-US","potentialAction":[{"@type":"ReadAction","target":["https:\/\/ubirataonline.com.br\/mppr-realiza-nesta-sexta-feira-4-de-setembro-atendimento-descentralizado-no-distrito-de-bugre-em-balsa-nova-na-regiao-metropolitana-de-curitiba\/"]}]},{"@type":"ImageObject","inLanguage":"en-US","@id":"https:\/\/ubirataonline.com.br\/mppr-realiza-nesta-sexta-feira-4-de-setembro-atendimento-descentralizado-no-distrito-de-bugre-em-balsa-nova-na-regiao-metropolitana-de-curitiba\/#primaryimage","url":"https:\/\/ubirataonline.com.br\/wp-content\/uploads\/2026\/09\/MPPR-realiza-nesta-sexta-feira-4-de-setembro-atendimento-descentralizado-no.png","contentUrl":"https:\/\/ubirataonline.com.br\/wp-content\/uploads\/2026\/09\/MPPR-realiza-nesta-sexta-feira-4-de-setembro-atendimento-descentralizado-no.png","width":240,"height":240,"caption":"MPPR realiza nesta sexta-feira, 4 de setembro, atendimento descentralizado no distrito de Bugre, em Balsa Nova, na Regi\u00e3o Metropolitana de Curitiba"},{"@type":"BreadcrumbList","@id":"https:\/\/ubirataonline.com.br\/mppr-realiza-nesta-sexta-feira-4-de-setembro-atendimento-descentralizado-no-distrito-de-bugre-em-balsa-nova-na-regiao-metropolitana-de-curitiba\/#breadcrumb","itemListElement":[{"@type":"ListItem","position":1,"name":"In\u00edcio","item":"https:\/\/ubirataonline.com.br\/"},{"@type":"ListItem","position":2,"name":"MPPR realiza nesta sexta-feira, 4 de setembro, atendimento descentralizado no distrito de Bugre, em Balsa Nova, na Regi\u00e3o Metropolitana de Curitiba"}]},{"@type":"WebSite","@id":"https:\/\/ubirataonline.com.br\/#website","url":"https:\/\/ubirataonline.com.br\/","name":"Ubirat\u00e3 Online Not\u00edcias","description":"Not\u00edcias de Ubirat\u00e3, regi\u00e3o, Brasil e mundo, com informa\u00e7\u00e3o atualizada e compromisso com o leitor.","publisher":{"@id":"https:\/\/ubirataonline.com.br\/#organization"},"alternateName":"Ubirat\u00e3 Online","potentialAction":[{"@type":"SearchAction","target":{"@type":"EntryPoint","urlTemplate":"https:\/\/ubirataonline.com.br\/?s={search_term_string}"},"query-input":{"@type":"PropertyValueSpecification","valueRequired":true,"valueName":"search_term_string"}}],"inLanguage":"en-US"},{"@type":["Organization","Place"],"@id":"https:\/\/ubirataonline.com.br\/#organization","name":"Ubirat\u00e3 Online Not\u00edcias","alternateName":"Ubirat\u00e3 Online","url":"https:\/\/ubirataonline.com.br\/","logo":{"@id":"https:\/\/ubirataonline.com.br\/mppr-realiza-nesta-sexta-feira-4-de-setembro-atendimento-descentralizado-no-distrito-de-bugre-em-balsa-nova-na-regiao-metropolitana-de-curitiba\/#local-main-organization-logo"},"image":{"@id":"https:\/\/ubirataonline.com.br\/mppr-realiza-nesta-sexta-feira-4-de-setembro-atendimento-descentralizado-no-distrito-de-bugre-em-balsa-nova-na-regiao-metropolitana-de-curitiba\/#local-main-organization-logo"},"sameAs":["https:\/\/www.facebook.com\/portalubirataonline","https:\/\/x.com\/ubirataonline","https:\/\/mastodon.social\/@ubirataonline","https:\/\/www.facebook.com\/groups\/311144672285604","https:\/\/www.facebook.com\/UBTAOnline","https:\/\/www.instagram.com\/portalubirataonline\/","https:\/\/twitter.com\/ubirataonline"],"description":"Somos um portal de not\u00edcias independente, criado em 5 de janeiro de 2009, com o objetivo de informar, conectar e valorizar a nossa comunidade de Ubirat\u00e3 e toda aregi\u00e3o. Com conte\u00fado atualizado, confi\u00e1vel e relevante, o Ubirat\u00e3 Online \u00e9 o seu espa\u00e7o para ficar por dentro dos principais acontecimentos locais, regionais, Brasil, Mundo e de interesse geral. Nosso compromisso \u00e9 com a verdade, a transpar\u00eancia e o respeito ao leitor.","legalName":"UBIRATA ONLINE NOT\u00cdCIAS","foundingDate":"2009-01-05","numberOfEmployees":{"@type":"QuantitativeValue","minValue":"1","maxValue":"10"},"publishingPrinciples":"https:\/\/ubirataonline.com.br\/faq\/","address":{"@id":"https:\/\/ubirataonline.com.br\/mppr-realiza-nesta-sexta-feira-4-de-setembro-atendimento-descentralizado-no-distrito-de-bugre-em-balsa-nova-na-regiao-metropolitana-de-curitiba\/#local-main-place-address"},"geo":{"@type":"GeoCoordinates","latitude":"-24.5361401","longitude":"-52.9921776"},"telephone":["+5544998308235"],"contactPoint":{"@type":"ContactPoint","email":"contato@ubirataonline.com.br"},"openingHoursSpecification":{"@type":"OpeningHoursSpecification","dayOfWeek":["Monday","Tuesday","Wednesday","Thursday","Friday","Saturday","Sunday"],"opens":"00:00","closes":"23:59"},"email":"contato@ubirataonline.com.br","vatID":"47.621.418\/0001-80"},{"@type":"Person","@id":"https:\/\/ubirataonline.com.br\/#\/schema\/person\/372f87bbd3fdd79b8556b84c98d0bc1c","name":"REDA\u00c7\u00c3O: UBIRAT\u00c3 ONLINE - F\u00c1BIO AUGUSTO CELESTINO","pronouns":"Ele","description":"Desde 2003 trabalhando com not\u00edcias.","sameAs":["http:\/\/ubirataoline.com.br","https:\/\/www.facebook.com\/portalubirataonline","https:\/\/www.instagram.com\/ubirataonline_oficial","https:\/\/x.com\/x.com\/ubirataonline"],"honorificPrefix":"Mr.","honorificSuffix":"MD","birthDate":"1980-06-16","gender":"masculino","award":["V\u00e1rios pr\u00eamios de melhor portal da cidade"],"jobTitle":"Diretor","url":"https:\/\/ubirataonline.com.br\/en\/author\/ubirataonline\/"},{"@type":"PostalAddress","@id":"https:\/\/ubirataonline.com.br\/mppr-realiza-nesta-sexta-feira-4-de-setembro-atendimento-descentralizado-no-distrito-de-bugre-em-balsa-nova-na-regiao-metropolitana-de-curitiba\/#local-main-place-address","streetAddress":"Rua dos Coqueiros, 104 - Bairro Boa Vista, Rua dos Coqueiros, 104 Bairro Boa Vista","addressLocality":"UBIRATA","postalCode":"85440-000","addressRegion":"PR","addressCountry":"BR"},{"@type":"ImageObject","inLanguage":"en-US","@id":"https:\/\/ubirataonline.com.br\/mppr-realiza-nesta-sexta-feira-4-de-setembro-atendimento-descentralizado-no-distrito-de-bugre-em-balsa-nova-na-regiao-metropolitana-de-curitiba\/#local-main-organization-logo","url":"https:\/\/ubirataonline.com.br\/wp-content\/uploads\/2026\/06\/logoubirataonline-1.webp","contentUrl":"https:\/\/ubirataonline.com.br\/wp-content\/uploads\/2026\/06\/logoubirataonline-1.webp","width":500,"height":500,"caption":"Ubirat\u00e3 Online Not\u00edcias"}]},"geo.placename":"UBIRATA","geo.position":{"lat":"-24.5361401","long":"-52.9921776"},"geo.region":"Brazil"},"_links":{"self":[{"href":"https:\/\/ubirataonline.com.br\/en\/wp-json\/wp\/v2\/posts\/171142","targetHints":{"allow":["GET"]}}],"collection":[{"href":"https:\/\/ubirataonline.com.br\/en\/wp-json\/wp\/v2\/posts"}],"about":[{"href":"https:\/\/ubirataonline.com.br\/en\/wp-json\/wp\/v2\/types\/post"}],"author":[{"embeddable":true,"href":"https:\/\/ubirataonline.com.br\/en\/wp-json\/wp\/v2\/users\/1"}],"replies":[{"embeddable":true,"href":"https:\/\/ubirataonline.com.br\/en\/wp-json\/wp\/v2\/comments?post=171142"}],"version-history":[{"count":1,"href":"https:\/\/ubirataonline.com.br\/en\/wp-json\/wp\/v2\/posts\/171142\/revisions"}],"predecessor-version":[{"id":171144,"href":"https:\/\/ubirataonline.com.br\/en\/wp-json\/wp\/v2\/posts\/171142\/revisions\/171144"}],"wp:featuredmedia":[{"embeddable":true,"href":"https:\/\/ubirataonline.com.br\/en\/wp-json\/wp\/v2\/media\/171143"}],"wp:attachment":[{"href":"https:\/\/ubirataonline.com.br\/en\/wp-json\/wp\/v2\/media?parent=171142"}],"wp:term":[{"taxonomy":"category","embeddable":true,"href":"https:\/\/ubirataonline.com.br\/en\/wp-json\/wp\/v2\/categories?post=171142"},{"taxonomy":"post_tag","embeddable":true,"href":"https:\/\/ubirataonline.com.br\/en\/wp-json\/wp\/v2\/tags?post=171142"}],"curies":[{"name":"wp","href":"https:\/\/api.w.org\/{rel}","templated":true}]}}