{"id":171171,"date":"2026-09-05T20:46:20","date_gmt":"2026-09-05T23:46:20","guid":{"rendered":"https:\/\/ubirataonline.com.br\/novo-campus-da-ufscar-em-sao-jose-do-rio-preto-tera-bacharelados-interdisciplinares-e-foco-em-inovacao-e-tecnologia\/"},"modified":"2026-09-05T20:46:20","modified_gmt":"2026-09-05T23:46:20","slug":"novo-campus-da-ufscar-em-sao-jose-do-rio-preto-tera-bacharelados-interdisciplinares-e-foco-em-inovacao-e-tecnologia","status":"publish","type":"post","link":"https:\/\/ubirataonline.com.br\/en\/novo-campus-da-ufscar-em-sao-jose-do-rio-preto-tera-bacharelados-interdisciplinares-e-foco-em-inovacao-e-tecnologia\/","title":{"rendered":"Novo campus da UFSCar em S\u00e3o Jos\u00e9 do Rio Preto ter\u00e1 bacharelados interdisciplinares e foco em inova\u00e7\u00e3o e tecnologia"},"content":{"rendered":"<h2>A Universidade Federal de S\u00e3o Carlos (UFSCar) prepara a inaugura\u00e7\u00e3o de seu novo campus em S\u00e3o Jos\u00e9 do Rio Preto, trazendo uma proposta de ensino moderna baseada em bacharelados interdisciplinares.<\/h2>\n<p>A expans\u00e3o da <b>UFSCar<\/b> em S\u00e3o Jos\u00e9 do Rio Preto, no interior de S\u00e3o Paulo, marca um novo cap\u00edtulo para a institui\u00e7\u00e3o. O projeto ocupa um edif\u00edcio que antes funcionava como f\u00e1brica, contando com uma \u00e1rea de 11 mil metros quadrados estruturada em dois pavimentos.<\/p>\n<p>Atualmente, cerca de 90 estudantes j\u00e1 iniciaram suas atividades acad\u00eamicas em um espa\u00e7o provis\u00f3rio disponibilizado pelo <b>Instituto Federal de S\u00e3o Paulo (IFSP)<\/b>, enquanto as obras de reforma para a sede definitiva seguem em planejamento.<\/p>\n<p>Conforme informa\u00e7\u00e3o divulgada pela <b>Empresa Brasil de Comunica\u00e7\u00e3o (EBC)<\/b>, a estrutura est\u00e1 sendo preparada para receber a comunidade acad\u00eamica com foco em um modelo de ensino flex\u00edvel e voltado para o desenvolvimento regional.<\/p>\n<h3>Modelo de ensino interdisciplinar<\/h3>\n<p>O grande diferencial do novo campus ser\u00e1 a implementa\u00e7\u00e3o de <b>bacharelados interdisciplinares<\/b>. Nesse formato, os alunos ingressam na universidade para cursar o primeiro ciclo de forma\u00e7\u00e3o geral e, somente ap\u00f3s essa etapa, optam por uma habilita\u00e7\u00e3o espec\u00edfica.<\/p>\n<p>Para este in\u00edcio, foram autorizados tr\u00eas cursos principais: o <b>Bacharelado Interdisciplinar em Ci\u00eancia, Tecnologia e Inova\u00e7\u00e3o<\/b>, com 260 vagas anuais, o <b>Bacharelado Interdisciplinar em Ci\u00eancias e Humanidades<\/b>, com 150 vagas, e o <b>Bacharelado Interdisciplinar em Artes<\/b>, tamb\u00e9m com 150 vagas.<\/p>\n<h3>Expans\u00e3o de \u00e1reas e infraestrutura<\/h3>\n<p>A grade curricular futura prev\u00ea a oferta de diversas \u00e1reas estrat\u00e9gicas para o mercado, incluindo <b>Artes C\u00eanicas<\/b>, <b>Produ\u00e7\u00e3o Cultural<\/b> e <b>Arquitetura e Urbanismo<\/b>, esta \u00faltima com \u00eanfase em habita\u00e7\u00e3o social. Tamb\u00e9m est\u00e3o previstas forma\u00e7\u00f5es em <b>Servi\u00e7o Social<\/b>, <b>Intelig\u00eancia Artificial<\/b>, <b>Ci\u00eancia de Dados<\/b> e <b>Engenharia de Manufatura e Design<\/b>.<\/p>\n<h3>Hist\u00f3rico e impacto regional<\/h3>\n<p>A <b>UFSCar<\/b>, criada em 1968, consolidou-se como a primeira institui\u00e7\u00e3o federal de ensino superior instalada no interior paulista. A escolha de S\u00e3o Jos\u00e9 do Rio Preto \u00e9 estrat\u00e9gica, visto que o munic\u00edpio \u00e9 polo de uma regi\u00e3o metropolitana com 96 cidades e cerca de 1,6 milh\u00e3o de habitantes.<\/p>\n<p>O presidente Luiz In\u00e1cio Lula da Silva e o ministro da Educa\u00e7\u00e3o, Leonardo Barchini, visitaram as futuras instala\u00e7\u00f5es no \u00faltimo s\u00e1bado (5), refor\u00e7ando o compromisso com a expans\u00e3o do ensino superior p\u00fablico na regi\u00e3o.<\/p>\n<h3>Perguntas Frequentes<\/h3>\n<p><b>Como funciona o bacharelado interdisciplinar na UFSCar?<\/b><br \/>O aluno cursa um primeiro ciclo de forma\u00e7\u00e3o geral e, posteriormente, escolhe uma habilita\u00e7\u00e3o espec\u00edfica para concluir seu bacharelado.<\/p>\n<p><b>Onde os alunos est\u00e3o estudando atualmente?<\/b><br \/>Os estudantes est\u00e3o em um espa\u00e7o provis\u00f3rio cedido pelo Instituto Federal de S\u00e3o Paulo (IFSP) enquanto as obras na sede definitiva ocorrem.<\/p>\n<p><b>Quais cursos j\u00e1 foram autorizados?<\/b><br \/>Foram autorizados os bacharelados em Ci\u00eancia, Tecnologia e Inova\u00e7\u00e3o, Ci\u00eancias e Humanidades, e Artes.<\/p>\n<p><b>Quando ser\u00e3o nomeados os novos professores?<\/b><br \/>A nomea\u00e7\u00e3o dos aprovados no concurso p\u00fablico para as 18 vagas abertas est\u00e1 prevista para janeiro de 2027.<\/p>\n<p><b>Qual a import\u00e2ncia de S\u00e3o Jos\u00e9 do Rio Preto para a UFSCar?<\/b><br \/>A cidade \u00e9 o centro de uma regi\u00e3o metropolitana com cerca de 1,6 milh\u00e3o de habitantes, sendo um ponto estrat\u00e9gico para descentralizar o ensino superior federal em S\u00e3o Paulo.<\/p>","protected":false},"excerpt":{"rendered":"<p>A Universidade Federal de S\u00e3o Carlos (UFSCar) prepara a inaugura\u00e7\u00e3o de seu novo campus em S\u00e3o Jos\u00e9 do Rio Preto, trazendo uma proposta de ensino moderna baseada em bacharelados interdisciplinares. A expans\u00e3o da UFSCar em S\u00e3o Jos\u00e9 do Rio Preto, no interior de S\u00e3o Paulo, marca um novo cap\u00edtulo para a institui\u00e7\u00e3o. O projeto ocupa [&hellip;]<\/p>\n","protected":false},"author":1,"featured_media":171172,"comment_status":"","ping_status":"","sticky":false,"template":"","format":"standard","meta":{"googlesitekit_rrm_CAow2JLhCw:productID":"","_gspb_post_css":"","maa_idioma":"","maa_pais":"","footnotes":""},"categories":[4],"tags":[],"class_list":["post-171171","post","type-post","status-publish","format-standard","has-post-thumbnail","hentry","category-brasil"],"blocksy_meta":[],"yoast_head":"<!-- This site is optimized with the Yoast SEO Premium plugin v27.6 (Yoast SEO v27.6) - https:\/\/yoast.com\/product\/yoast-seo-premium-wordpress\/ -->\n<title>Novo campus da UFSCar em S\u00e3o Jos\u00e9 do Rio Preto ter\u00e1 bacharelados interdisciplinares e foco em inova\u00e7\u00e3o e tecnologia - Ubirat\u00e3 Online Not\u00edcias - A realidade ao seu alcance!<\/title>\n<meta name=\"description\" content=\"A Universidade Federal de S\u00e3o Carlos (UFSCar) prepara a inaugura\u00e7\u00e3o de seu novo campus em S\u00e3o Jos\u00e9 do Rio Preto, trazendo uma proposta de ensino moderna\" \/>\n<meta name=\"robots\" content=\"index, follow, max-snippet:-1, max-image-preview:large, max-video-preview:-1\" \/>\n<link rel=\"canonical\" href=\"https:\/\/ubirataonline.com.br\/en\/novo-campus-da-ufscar-em-sao-jose-do-rio-preto-tera-bacharelados-interdisciplinares-e-foco-em-inovacao-e-tecnologia\/\" \/>\n<meta property=\"og:locale\" content=\"en_US\" \/>\n<meta property=\"og:type\" content=\"article\" \/>\n<meta property=\"og:title\" content=\"Novo campus da UFSCar em S\u00e3o Jos\u00e9 do Rio Preto ter\u00e1 bacharelados interdisciplinares e foco em inova\u00e7\u00e3o e tecnologia\" \/>\n<meta property=\"og:description\" content=\"A Universidade Federal de S\u00e3o Carlos (UFSCar) prepara a inaugura\u00e7\u00e3o de seu novo campus em S\u00e3o Jos\u00e9 do Rio Preto, trazendo uma proposta de ensino moderna\" \/>\n<meta property=\"og:url\" content=\"https:\/\/ubirataonline.com.br\/en\/novo-campus-da-ufscar-em-sao-jose-do-rio-preto-tera-bacharelados-interdisciplinares-e-foco-em-inovacao-e-tecnologia\/\" \/>\n<meta property=\"og:site_name\" content=\"Ubirat\u00e3 Online Not\u00edcias - A realidade ao seu alcance!\" \/>\n<meta property=\"article:publisher\" content=\"https:\/\/www.facebook.com\/portalubirataonline\" \/>\n<meta property=\"article:author\" content=\"https:\/\/www.facebook.com\/portalubirataonline\" \/>\n<meta property=\"article:published_time\" content=\"2026-09-05T23:46:20+00:00\" \/>\n<meta property=\"og:image\" content=\"https:\/\/ubirataonline.com.br\/wp-content\/uploads\/2026\/05\/logo2026.webp\" \/>\n\t<meta property=\"og:image:width\" content=\"1531\" \/>\n\t<meta property=\"og:image:height\" content=\"418\" \/>\n\t<meta property=\"og:image:type\" content=\"image\/webp\" \/>\n<meta name=\"author\" content=\"REDA\u00c7\u00c3O: UBIRAT\u00c3 ONLINE - F\u00c1BIO AUGUSTO CELESTINO\" \/>\n<meta name=\"twitter:card\" content=\"summary_large_image\" \/>\n<meta name=\"twitter:creator\" content=\"@x.com\/ubirataonline\" \/>\n<meta name=\"twitter:site\" content=\"@ubirataonline\" \/>\n<meta name=\"twitter:label1\" content=\"Written by\" \/>\n\t<meta name=\"twitter:data1\" content=\"REDA\u00c7\u00c3O: UBIRAT\u00c3 ONLINE - F\u00c1BIO AUGUSTO CELESTINO\" \/>\n\t<meta name=\"twitter:label2\" content=\"Est. reading time\" \/>\n\t<meta name=\"twitter:data2\" content=\"3 minutes\" \/>\n<script type=\"application\/ld+json\" class=\"yoast-schema-graph\">{\"@context\":\"https:\\\/\\\/schema.org\",\"@graph\":[{\"@type\":\"NewsArticle\",\"@id\":\"https:\\\/\\\/ubirataonline.com.br\\\/novo-campus-da-ufscar-em-sao-jose-do-rio-preto-tera-bacharelados-interdisciplinares-e-foco-em-inovacao-e-tecnologia\\\/#article\",\"isPartOf\":{\"@id\":\"https:\\\/\\\/ubirataonline.com.br\\\/novo-campus-da-ufscar-em-sao-jose-do-rio-preto-tera-bacharelados-interdisciplinares-e-foco-em-inovacao-e-tecnologia\\\/\"},\"author\":{\"name\":\"REDA\u00c7\u00c3O: UBIRAT\u00c3 ONLINE - F\u00c1BIO AUGUSTO CELESTINO\",\"@id\":\"https:\\\/\\\/ubirataonline.com.br\\\/#\\\/schema\\\/person\\\/372f87bbd3fdd79b8556b84c98d0bc1c\"},\"headline\":\"Novo campus da UFSCar em S\u00e3o Jos\u00e9 do Rio Preto ter\u00e1 bacharelados interdisciplinares e foco em inova\u00e7\u00e3o e tecnologia\",\"datePublished\":\"2026-09-05T23:46:20+00:00\",\"mainEntityOfPage\":{\"@id\":\"https:\\\/\\\/ubirataonline.com.br\\\/novo-campus-da-ufscar-em-sao-jose-do-rio-preto-tera-bacharelados-interdisciplinares-e-foco-em-inovacao-e-tecnologia\\\/\"},\"wordCount\":583,\"publisher\":{\"@id\":\"https:\\\/\\\/ubirataonline.com.br\\\/#organization\"},\"image\":{\"@id\":\"https:\\\/\\\/ubirataonline.com.br\\\/novo-campus-da-ufscar-em-sao-jose-do-rio-preto-tera-bacharelados-interdisciplinares-e-foco-em-inovacao-e-tecnologia\\\/#primaryimage\"},\"thumbnailUrl\":\"https:\\\/\\\/ubirataonline.com.br\\\/wp-content\\\/uploads\\\/2026\\\/09\\\/maaimg-post-171171-20260905-234636.webp\",\"articleSection\":[\"Brasil\"],\"inLanguage\":\"en-US\",\"copyrightYear\":\"2026\",\"copyrightHolder\":{\"@id\":\"https:\\\/\\\/ubirataonline.com.br\\\/en\\\/#organization\"}},{\"@type\":\"WebPage\",\"@id\":\"https:\\\/\\\/ubirataonline.com.br\\\/novo-campus-da-ufscar-em-sao-jose-do-rio-preto-tera-bacharelados-interdisciplinares-e-foco-em-inovacao-e-tecnologia\\\/\",\"url\":\"https:\\\/\\\/ubirataonline.com.br\\\/novo-campus-da-ufscar-em-sao-jose-do-rio-preto-tera-bacharelados-interdisciplinares-e-foco-em-inovacao-e-tecnologia\\\/\",\"name\":\"Novo campus da UFSCar em S\u00e3o Jos\u00e9 do Rio Preto ter\u00e1 bacharelados interdisciplinares e foco em inova\u00e7\u00e3o e tecnologia - Ubirat\u00e3 Online Not\u00edcias - A realidade ao seu alcance!\",\"isPartOf\":{\"@id\":\"https:\\\/\\\/ubirataonline.com.br\\\/#website\"},\"primaryImageOfPage\":{\"@id\":\"https:\\\/\\\/ubirataonline.com.br\\\/novo-campus-da-ufscar-em-sao-jose-do-rio-preto-tera-bacharelados-interdisciplinares-e-foco-em-inovacao-e-tecnologia\\\/#primaryimage\"},\"image\":{\"@id\":\"https:\\\/\\\/ubirataonline.com.br\\\/novo-campus-da-ufscar-em-sao-jose-do-rio-preto-tera-bacharelados-interdisciplinares-e-foco-em-inovacao-e-tecnologia\\\/#primaryimage\"},\"thumbnailUrl\":\"https:\\\/\\\/ubirataonline.com.br\\\/wp-content\\\/uploads\\\/2026\\\/09\\\/maaimg-post-171171-20260905-234636.webp\",\"datePublished\":\"2026-09-05T23:46:20+00:00\",\"description\":\"A Universidade Federal de S\u00e3o Carlos (UFSCar) prepara a inaugura\u00e7\u00e3o de seu novo campus em S\u00e3o Jos\u00e9 do Rio Preto, trazendo uma proposta de ensino moderna\",\"breadcrumb\":{\"@id\":\"https:\\\/\\\/ubirataonline.com.br\\\/novo-campus-da-ufscar-em-sao-jose-do-rio-preto-tera-bacharelados-interdisciplinares-e-foco-em-inovacao-e-tecnologia\\\/#breadcrumb\"},\"inLanguage\":\"en-US\",\"potentialAction\":[{\"@type\":\"ReadAction\",\"target\":[\"https:\\\/\\\/ubirataonline.com.br\\\/novo-campus-da-ufscar-em-sao-jose-do-rio-preto-tera-bacharelados-interdisciplinares-e-foco-em-inovacao-e-tecnologia\\\/\"]}]},{\"@type\":\"ImageObject\",\"inLanguage\":\"en-US\",\"@id\":\"https:\\\/\\\/ubirataonline.com.br\\\/novo-campus-da-ufscar-em-sao-jose-do-rio-preto-tera-bacharelados-interdisciplinares-e-foco-em-inovacao-e-tecnologia\\\/#primaryimage\",\"url\":\"https:\\\/\\\/ubirataonline.com.br\\\/wp-content\\\/uploads\\\/2026\\\/09\\\/maaimg-post-171171-20260905-234636.webp\",\"contentUrl\":\"https:\\\/\\\/ubirataonline.com.br\\\/wp-content\\\/uploads\\\/2026\\\/09\\\/maaimg-post-171171-20260905-234636.webp\",\"width\":1536,\"height\":1024,\"caption\":\"Imagem ilustrativa Gerada por IA\"},{\"@type\":\"BreadcrumbList\",\"@id\":\"https:\\\/\\\/ubirataonline.com.br\\\/novo-campus-da-ufscar-em-sao-jose-do-rio-preto-tera-bacharelados-interdisciplinares-e-foco-em-inovacao-e-tecnologia\\\/#breadcrumb\",\"itemListElement\":[{\"@type\":\"ListItem\",\"position\":1,\"name\":\"In\u00edcio\",\"item\":\"https:\\\/\\\/ubirataonline.com.br\\\/\"},{\"@type\":\"ListItem\",\"position\":2,\"name\":\"Novo campus da UFSCar em S\u00e3o Jos\u00e9 do Rio Preto ter\u00e1 bacharelados interdisciplinares e foco em inova\u00e7\u00e3o e tecnologia\"}]},{\"@type\":\"WebSite\",\"@id\":\"https:\\\/\\\/ubirataonline.com.br\\\/#website\",\"url\":\"https:\\\/\\\/ubirataonline.com.br\\\/\",\"name\":\"Ubirat\u00e3 Online Not\u00edcias\",\"description\":\"Not\u00edcias de Ubirat\u00e3, regi\u00e3o, Brasil e mundo, com informa\u00e7\u00e3o atualizada e compromisso com o leitor.\",\"publisher\":{\"@id\":\"https:\\\/\\\/ubirataonline.com.br\\\/#organization\"},\"alternateName\":\"Ubirat\u00e3 Online\",\"potentialAction\":[{\"@type\":\"SearchAction\",\"target\":{\"@type\":\"EntryPoint\",\"urlTemplate\":\"https:\\\/\\\/ubirataonline.com.br\\\/?s={search_term_string}\"},\"query-input\":{\"@type\":\"PropertyValueSpecification\",\"valueRequired\":true,\"valueName\":\"search_term_string\"}}],\"inLanguage\":\"en-US\"},{\"@type\":[\"Organization\",\"Place\"],\"@id\":\"https:\\\/\\\/ubirataonline.com.br\\\/#organization\",\"name\":\"Ubirat\u00e3 Online Not\u00edcias\",\"alternateName\":\"Ubirat\u00e3 Online\",\"url\":\"https:\\\/\\\/ubirataonline.com.br\\\/\",\"logo\":{\"@id\":\"https:\\\/\\\/ubirataonline.com.br\\\/novo-campus-da-ufscar-em-sao-jose-do-rio-preto-tera-bacharelados-interdisciplinares-e-foco-em-inovacao-e-tecnologia\\\/#local-main-organization-logo\"},\"image\":{\"@id\":\"https:\\\/\\\/ubirataonline.com.br\\\/novo-campus-da-ufscar-em-sao-jose-do-rio-preto-tera-bacharelados-interdisciplinares-e-foco-em-inovacao-e-tecnologia\\\/#local-main-organization-logo\"},\"sameAs\":[\"https:\\\/\\\/www.facebook.com\\\/portalubirataonline\",\"https:\\\/\\\/x.com\\\/ubirataonline\",\"https:\\\/\\\/mastodon.social\\\/@ubirataonline\",\"https:\\\/\\\/www.facebook.com\\\/groups\\\/311144672285604\",\"https:\\\/\\\/www.facebook.com\\\/UBTAOnline\",\"https:\\\/\\\/www.instagram.com\\\/portalubirataonline\\\/\",\"https:\\\/\\\/twitter.com\\\/ubirataonline\"],\"description\":\"Somos um portal de not\u00edcias independente, criado em 5 de janeiro de 2009, com o objetivo de informar, conectar e valorizar a nossa comunidade de Ubirat\u00e3 e toda aregi\u00e3o. Com conte\u00fado atualizado, confi\u00e1vel e relevante, o Ubirat\u00e3 Online \u00e9 o seu espa\u00e7o para ficar por dentro dos principais acontecimentos locais, regionais, Brasil, Mundo e de interesse geral. Nosso compromisso \u00e9 com a verdade, a transpar\u00eancia e o respeito ao leitor.\",\"legalName\":\"UBIRATA ONLINE NOT\u00cdCIAS\",\"foundingDate\":\"2009-01-05\",\"numberOfEmployees\":{\"@type\":\"QuantitativeValue\",\"minValue\":\"1\",\"maxValue\":\"10\"},\"publishingPrinciples\":\"https:\\\/\\\/ubirataonline.com.br\\\/faq\\\/\",\"address\":{\"@id\":\"https:\\\/\\\/ubirataonline.com.br\\\/novo-campus-da-ufscar-em-sao-jose-do-rio-preto-tera-bacharelados-interdisciplinares-e-foco-em-inovacao-e-tecnologia\\\/#local-main-place-address\"},\"geo\":{\"@type\":\"GeoCoordinates\",\"latitude\":\"-24.5361401\",\"longitude\":\"-52.9921776\"},\"telephone\":[\"+5544998308235\"],\"contactPoint\":{\"@type\":\"ContactPoint\",\"email\":\"contato@ubirataonline.com.br\"},\"openingHoursSpecification\":{\"@type\":\"OpeningHoursSpecification\",\"dayOfWeek\":[\"Monday\",\"Tuesday\",\"Wednesday\",\"Thursday\",\"Friday\",\"Saturday\",\"Sunday\"],\"opens\":\"00:00\",\"closes\":\"23:59\"},\"email\":\"contato@ubirataonline.com.br\",\"vatID\":\"47.621.418\\\/0001-80\"},{\"@type\":\"Person\",\"@id\":\"https:\\\/\\\/ubirataonline.com.br\\\/#\\\/schema\\\/person\\\/372f87bbd3fdd79b8556b84c98d0bc1c\",\"name\":\"REDA\u00c7\u00c3O: UBIRAT\u00c3 ONLINE - F\u00c1BIO AUGUSTO CELESTINO\",\"pronouns\":\"Ele\",\"description\":\"Desde 2003 trabalhando com not\u00edcias.\",\"sameAs\":[\"http:\\\/\\\/ubirataoline.com.br\",\"https:\\\/\\\/www.facebook.com\\\/portalubirataonline\",\"https:\\\/\\\/www.instagram.com\\\/ubirataonline_oficial\",\"https:\\\/\\\/x.com\\\/x.com\\\/ubirataonline\"],\"honorificPrefix\":\"Mr.\",\"honorificSuffix\":\"MD\",\"birthDate\":\"1980-06-16\",\"gender\":\"masculino\",\"award\":[\"V\u00e1rios pr\u00eamios de melhor portal da cidade\"],\"jobTitle\":\"Diretor\",\"url\":\"https:\\\/\\\/ubirataonline.com.br\\\/en\\\/author\\\/ubirataonline\\\/\"},{\"@type\":\"PostalAddress\",\"@id\":\"https:\\\/\\\/ubirataonline.com.br\\\/novo-campus-da-ufscar-em-sao-jose-do-rio-preto-tera-bacharelados-interdisciplinares-e-foco-em-inovacao-e-tecnologia\\\/#local-main-place-address\",\"streetAddress\":\"Rua dos Coqueiros, 104 - Bairro Boa Vista, Rua dos Coqueiros, 104 Bairro Boa Vista\",\"addressLocality\":\"UBIRATA\",\"postalCode\":\"85440-000\",\"addressRegion\":\"PR\",\"addressCountry\":\"BR\"},{\"@type\":\"ImageObject\",\"inLanguage\":\"en-US\",\"@id\":\"https:\\\/\\\/ubirataonline.com.br\\\/novo-campus-da-ufscar-em-sao-jose-do-rio-preto-tera-bacharelados-interdisciplinares-e-foco-em-inovacao-e-tecnologia\\\/#local-main-organization-logo\",\"url\":\"https:\\\/\\\/ubirataonline.com.br\\\/wp-content\\\/uploads\\\/2026\\\/06\\\/logoubirataonline-1.webp\",\"contentUrl\":\"https:\\\/\\\/ubirataonline.com.br\\\/wp-content\\\/uploads\\\/2026\\\/06\\\/logoubirataonline-1.webp\",\"width\":500,\"height\":500,\"caption\":\"Ubirat\u00e3 Online Not\u00edcias\"}]}<\/script>\n<meta name=\"geo.placename\" content=\"UBIRATA\" \/>\n<meta name=\"geo.position\" content=\"-24.5361401;-52.9921776\" \/>\n<meta name=\"geo.region\" content=\"Brazil\" \/>\n<!-- \/ Yoast SEO Premium plugin. -->","yoast_head_json":{"title":"Novo campus da UFSCar em S\u00e3o Jos\u00e9 do Rio Preto ter\u00e1 bacharelados interdisciplinares e foco em inova\u00e7\u00e3o e tecnologia - Ubirat\u00e3 Online Not\u00edcias - A realidade ao seu alcance!","description":"A Universidade Federal de S\u00e3o Carlos (UFSCar) prepara a inaugura\u00e7\u00e3o de seu novo campus em S\u00e3o Jos\u00e9 do Rio Preto, trazendo uma proposta de ensino moderna","robots":{"index":"index","follow":"follow","max-snippet":"max-snippet:-1","max-image-preview":"max-image-preview:large","max-video-preview":"max-video-preview:-1"},"canonical":"https:\/\/ubirataonline.com.br\/en\/novo-campus-da-ufscar-em-sao-jose-do-rio-preto-tera-bacharelados-interdisciplinares-e-foco-em-inovacao-e-tecnologia\/","og_locale":"en_US","og_type":"article","og_title":"Novo campus da UFSCar em S\u00e3o Jos\u00e9 do Rio Preto ter\u00e1 bacharelados interdisciplinares e foco em inova\u00e7\u00e3o e tecnologia","og_description":"A Universidade Federal de S\u00e3o Carlos (UFSCar) prepara a inaugura\u00e7\u00e3o de seu novo campus em S\u00e3o Jos\u00e9 do Rio Preto, trazendo uma proposta de ensino moderna","og_url":"https:\/\/ubirataonline.com.br\/en\/novo-campus-da-ufscar-em-sao-jose-do-rio-preto-tera-bacharelados-interdisciplinares-e-foco-em-inovacao-e-tecnologia\/","og_site_name":"Ubirat\u00e3 Online Not\u00edcias - A realidade ao seu alcance!","article_publisher":"https:\/\/www.facebook.com\/portalubirataonline","article_author":"https:\/\/www.facebook.com\/portalubirataonline","article_published_time":"2026-09-05T23:46:20+00:00","og_image":[{"width":1531,"height":418,"url":"https:\/\/ubirataonline.com.br\/wp-content\/uploads\/2026\/05\/logo2026.webp","type":"image\/webp"}],"author":"REDA\u00c7\u00c3O: UBIRAT\u00c3 ONLINE - F\u00c1BIO AUGUSTO CELESTINO","twitter_card":"summary_large_image","twitter_creator":"@x.com\/ubirataonline","twitter_site":"@ubirataonline","twitter_misc":{"Written by":"REDA\u00c7\u00c3O: UBIRAT\u00c3 ONLINE - F\u00c1BIO AUGUSTO CELESTINO","Est. reading time":"3 minutes"},"schema":{"@context":"https:\/\/schema.org","@graph":[{"@type":"NewsArticle","@id":"https:\/\/ubirataonline.com.br\/novo-campus-da-ufscar-em-sao-jose-do-rio-preto-tera-bacharelados-interdisciplinares-e-foco-em-inovacao-e-tecnologia\/#article","isPartOf":{"@id":"https:\/\/ubirataonline.com.br\/novo-campus-da-ufscar-em-sao-jose-do-rio-preto-tera-bacharelados-interdisciplinares-e-foco-em-inovacao-e-tecnologia\/"},"author":{"name":"REDA\u00c7\u00c3O: UBIRAT\u00c3 ONLINE - F\u00c1BIO AUGUSTO CELESTINO","@id":"https:\/\/ubirataonline.com.br\/#\/schema\/person\/372f87bbd3fdd79b8556b84c98d0bc1c"},"headline":"Novo campus da UFSCar em S\u00e3o Jos\u00e9 do Rio Preto ter\u00e1 bacharelados interdisciplinares e foco em inova\u00e7\u00e3o e tecnologia","datePublished":"2026-09-05T23:46:20+00:00","mainEntityOfPage":{"@id":"https:\/\/ubirataonline.com.br\/novo-campus-da-ufscar-em-sao-jose-do-rio-preto-tera-bacharelados-interdisciplinares-e-foco-em-inovacao-e-tecnologia\/"},"wordCount":583,"publisher":{"@id":"https:\/\/ubirataonline.com.br\/#organization"},"image":{"@id":"https:\/\/ubirataonline.com.br\/novo-campus-da-ufscar-em-sao-jose-do-rio-preto-tera-bacharelados-interdisciplinares-e-foco-em-inovacao-e-tecnologia\/#primaryimage"},"thumbnailUrl":"https:\/\/ubirataonline.com.br\/wp-content\/uploads\/2026\/09\/maaimg-post-171171-20260905-234636.webp","articleSection":["Brasil"],"inLanguage":"en-US","copyrightYear":"2026","copyrightHolder":{"@id":"https:\/\/ubirataonline.com.br\/en\/#organization"}},{"@type":"WebPage","@id":"https:\/\/ubirataonline.com.br\/novo-campus-da-ufscar-em-sao-jose-do-rio-preto-tera-bacharelados-interdisciplinares-e-foco-em-inovacao-e-tecnologia\/","url":"https:\/\/ubirataonline.com.br\/novo-campus-da-ufscar-em-sao-jose-do-rio-preto-tera-bacharelados-interdisciplinares-e-foco-em-inovacao-e-tecnologia\/","name":"Novo campus da UFSCar em S\u00e3o Jos\u00e9 do Rio Preto ter\u00e1 bacharelados interdisciplinares e foco em inova\u00e7\u00e3o e tecnologia - Ubirat\u00e3 Online Not\u00edcias - A realidade ao seu alcance!","isPartOf":{"@id":"https:\/\/ubirataonline.com.br\/#website"},"primaryImageOfPage":{"@id":"https:\/\/ubirataonline.com.br\/novo-campus-da-ufscar-em-sao-jose-do-rio-preto-tera-bacharelados-interdisciplinares-e-foco-em-inovacao-e-tecnologia\/#primaryimage"},"image":{"@id":"https:\/\/ubirataonline.com.br\/novo-campus-da-ufscar-em-sao-jose-do-rio-preto-tera-bacharelados-interdisciplinares-e-foco-em-inovacao-e-tecnologia\/#primaryimage"},"thumbnailUrl":"https:\/\/ubirataonline.com.br\/wp-content\/uploads\/2026\/09\/maaimg-post-171171-20260905-234636.webp","datePublished":"2026-09-05T23:46:20+00:00","description":"A Universidade Federal de S\u00e3o Carlos (UFSCar) prepara a inaugura\u00e7\u00e3o de seu novo campus em S\u00e3o Jos\u00e9 do Rio Preto, trazendo uma proposta de ensino moderna","breadcrumb":{"@id":"https:\/\/ubirataonline.com.br\/novo-campus-da-ufscar-em-sao-jose-do-rio-preto-tera-bacharelados-interdisciplinares-e-foco-em-inovacao-e-tecnologia\/#breadcrumb"},"inLanguage":"en-US","potentialAction":[{"@type":"ReadAction","target":["https:\/\/ubirataonline.com.br\/novo-campus-da-ufscar-em-sao-jose-do-rio-preto-tera-bacharelados-interdisciplinares-e-foco-em-inovacao-e-tecnologia\/"]}]},{"@type":"ImageObject","inLanguage":"en-US","@id":"https:\/\/ubirataonline.com.br\/novo-campus-da-ufscar-em-sao-jose-do-rio-preto-tera-bacharelados-interdisciplinares-e-foco-em-inovacao-e-tecnologia\/#primaryimage","url":"https:\/\/ubirataonline.com.br\/wp-content\/uploads\/2026\/09\/maaimg-post-171171-20260905-234636.webp","contentUrl":"https:\/\/ubirataonline.com.br\/wp-content\/uploads\/2026\/09\/maaimg-post-171171-20260905-234636.webp","width":1536,"height":1024,"caption":"Imagem ilustrativa Gerada por IA"},{"@type":"BreadcrumbList","@id":"https:\/\/ubirataonline.com.br\/novo-campus-da-ufscar-em-sao-jose-do-rio-preto-tera-bacharelados-interdisciplinares-e-foco-em-inovacao-e-tecnologia\/#breadcrumb","itemListElement":[{"@type":"ListItem","position":1,"name":"In\u00edcio","item":"https:\/\/ubirataonline.com.br\/"},{"@type":"ListItem","position":2,"name":"Novo campus da UFSCar em S\u00e3o Jos\u00e9 do Rio Preto ter\u00e1 bacharelados interdisciplinares e foco em inova\u00e7\u00e3o e tecnologia"}]},{"@type":"WebSite","@id":"https:\/\/ubirataonline.com.br\/#website","url":"https:\/\/ubirataonline.com.br\/","name":"Ubirat\u00e3 Online Not\u00edcias","description":"Not\u00edcias de Ubirat\u00e3, regi\u00e3o, Brasil e mundo, com informa\u00e7\u00e3o atualizada e compromisso com o leitor.","publisher":{"@id":"https:\/\/ubirataonline.com.br\/#organization"},"alternateName":"Ubirat\u00e3 Online","potentialAction":[{"@type":"SearchAction","target":{"@type":"EntryPoint","urlTemplate":"https:\/\/ubirataonline.com.br\/?s={search_term_string}"},"query-input":{"@type":"PropertyValueSpecification","valueRequired":true,"valueName":"search_term_string"}}],"inLanguage":"en-US"},{"@type":["Organization","Place"],"@id":"https:\/\/ubirataonline.com.br\/#organization","name":"Ubirat\u00e3 Online Not\u00edcias","alternateName":"Ubirat\u00e3 Online","url":"https:\/\/ubirataonline.com.br\/","logo":{"@id":"https:\/\/ubirataonline.com.br\/novo-campus-da-ufscar-em-sao-jose-do-rio-preto-tera-bacharelados-interdisciplinares-e-foco-em-inovacao-e-tecnologia\/#local-main-organization-logo"},"image":{"@id":"https:\/\/ubirataonline.com.br\/novo-campus-da-ufscar-em-sao-jose-do-rio-preto-tera-bacharelados-interdisciplinares-e-foco-em-inovacao-e-tecnologia\/#local-main-organization-logo"},"sameAs":["https:\/\/www.facebook.com\/portalubirataonline","https:\/\/x.com\/ubirataonline","https:\/\/mastodon.social\/@ubirataonline","https:\/\/www.facebook.com\/groups\/311144672285604","https:\/\/www.facebook.com\/UBTAOnline","https:\/\/www.instagram.com\/portalubirataonline\/","https:\/\/twitter.com\/ubirataonline"],"description":"Somos um portal de not\u00edcias independente, criado em 5 de janeiro de 2009, com o objetivo de informar, conectar e valorizar a nossa comunidade de Ubirat\u00e3 e toda aregi\u00e3o. Com conte\u00fado atualizado, confi\u00e1vel e relevante, o Ubirat\u00e3 Online \u00e9 o seu espa\u00e7o para ficar por dentro dos principais acontecimentos locais, regionais, Brasil, Mundo e de interesse geral. Nosso compromisso \u00e9 com a verdade, a transpar\u00eancia e o respeito ao leitor.","legalName":"UBIRATA ONLINE NOT\u00cdCIAS","foundingDate":"2009-01-05","numberOfEmployees":{"@type":"QuantitativeValue","minValue":"1","maxValue":"10"},"publishingPrinciples":"https:\/\/ubirataonline.com.br\/faq\/","address":{"@id":"https:\/\/ubirataonline.com.br\/novo-campus-da-ufscar-em-sao-jose-do-rio-preto-tera-bacharelados-interdisciplinares-e-foco-em-inovacao-e-tecnologia\/#local-main-place-address"},"geo":{"@type":"GeoCoordinates","latitude":"-24.5361401","longitude":"-52.9921776"},"telephone":["+5544998308235"],"contactPoint":{"@type":"ContactPoint","email":"contato@ubirataonline.com.br"},"openingHoursSpecification":{"@type":"OpeningHoursSpecification","dayOfWeek":["Monday","Tuesday","Wednesday","Thursday","Friday","Saturday","Sunday"],"opens":"00:00","closes":"23:59"},"email":"contato@ubirataonline.com.br","vatID":"47.621.418\/0001-80"},{"@type":"Person","@id":"https:\/\/ubirataonline.com.br\/#\/schema\/person\/372f87bbd3fdd79b8556b84c98d0bc1c","name":"REDA\u00c7\u00c3O: UBIRAT\u00c3 ONLINE - F\u00c1BIO AUGUSTO CELESTINO","pronouns":"Ele","description":"Desde 2003 trabalhando com not\u00edcias.","sameAs":["http:\/\/ubirataoline.com.br","https:\/\/www.facebook.com\/portalubirataonline","https:\/\/www.instagram.com\/ubirataonline_oficial","https:\/\/x.com\/x.com\/ubirataonline"],"honorificPrefix":"Mr.","honorificSuffix":"MD","birthDate":"1980-06-16","gender":"masculino","award":["V\u00e1rios pr\u00eamios de melhor portal da cidade"],"jobTitle":"Diretor","url":"https:\/\/ubirataonline.com.br\/en\/author\/ubirataonline\/"},{"@type":"PostalAddress","@id":"https:\/\/ubirataonline.com.br\/novo-campus-da-ufscar-em-sao-jose-do-rio-preto-tera-bacharelados-interdisciplinares-e-foco-em-inovacao-e-tecnologia\/#local-main-place-address","streetAddress":"Rua dos Coqueiros, 104 - Bairro Boa Vista, Rua dos Coqueiros, 104 Bairro Boa Vista","addressLocality":"UBIRATA","postalCode":"85440-000","addressRegion":"PR","addressCountry":"BR"},{"@type":"ImageObject","inLanguage":"en-US","@id":"https:\/\/ubirataonline.com.br\/novo-campus-da-ufscar-em-sao-jose-do-rio-preto-tera-bacharelados-interdisciplinares-e-foco-em-inovacao-e-tecnologia\/#local-main-organization-logo","url":"https:\/\/ubirataonline.com.br\/wp-content\/uploads\/2026\/06\/logoubirataonline-1.webp","contentUrl":"https:\/\/ubirataonline.com.br\/wp-content\/uploads\/2026\/06\/logoubirataonline-1.webp","width":500,"height":500,"caption":"Ubirat\u00e3 Online Not\u00edcias"}]},"geo.placename":"UBIRATA","geo.position":{"lat":"-24.5361401","long":"-52.9921776"},"geo.region":"Brazil"},"_links":{"self":[{"href":"https:\/\/ubirataonline.com.br\/en\/wp-json\/wp\/v2\/posts\/171171","targetHints":{"allow":["GET"]}}],"collection":[{"href":"https:\/\/ubirataonline.com.br\/en\/wp-json\/wp\/v2\/posts"}],"about":[{"href":"https:\/\/ubirataonline.com.br\/en\/wp-json\/wp\/v2\/types\/post"}],"author":[{"embeddable":true,"href":"https:\/\/ubirataonline.com.br\/en\/wp-json\/wp\/v2\/users\/1"}],"replies":[{"embeddable":true,"href":"https:\/\/ubirataonline.com.br\/en\/wp-json\/wp\/v2\/comments?post=171171"}],"version-history":[{"count":0,"href":"https:\/\/ubirataonline.com.br\/en\/wp-json\/wp\/v2\/posts\/171171\/revisions"}],"wp:featuredmedia":[{"embeddable":true,"href":"https:\/\/ubirataonline.com.br\/en\/wp-json\/wp\/v2\/media\/171172"}],"wp:attachment":[{"href":"https:\/\/ubirataonline.com.br\/en\/wp-json\/wp\/v2\/media?parent=171171"}],"wp:term":[{"taxonomy":"category","embeddable":true,"href":"https:\/\/ubirataonline.com.br\/en\/wp-json\/wp\/v2\/categories?post=171171"},{"taxonomy":"post_tag","embeddable":true,"href":"https:\/\/ubirataonline.com.br\/en\/wp-json\/wp\/v2\/tags?post=171171"}],"curies":[{"name":"wp","href":"https:\/\/api.w.org\/{rel}","templated":true}]}}