{"id":171177,"date":"2026-09-05T21:35:15","date_gmt":"2026-09-06T00:35:15","guid":{"rendered":"https:\/\/ubirataonline.com.br\/dallagnol-expoe-sigilo-fiscal-de-cristiano-zanin-em-registro-de-candidatura-e-ministro-do-stf-pede-responsabilizacao-criminal\/"},"modified":"2026-09-05T21:35:15","modified_gmt":"2026-09-06T00:35:15","slug":"dallagnol-expoe-sigilo-fiscal-de-cristiano-zanin-em-registro-de-candidatura-e-ministro-do-stf-pede-responsabilizacao-criminal","status":"publish","type":"post","link":"https:\/\/ubirataonline.com.br\/en\/dallagnol-expoe-sigilo-fiscal-de-cristiano-zanin-em-registro-de-candidatura-e-ministro-do-stf-pede-responsabilizacao-criminal\/","title":{"rendered":"Dallagnol exp\u00f5e sigilo fiscal de Cristiano Zanin em registro de candidatura e ministro do STF pede responsabiliza\u00e7\u00e3o criminal"},"content":{"rendered":"<h2>O ministro do STF, Cristiano Zanin, exige provid\u00eancias das autoridades judiciais ap\u00f3s ter seus dados fiscais e banc\u00e1rios expostos pela defesa de Deltan Dallagnol.<\/h2>\n<p>O cen\u00e1rio jur\u00eddico nacional foi movimentado neste s\u00e1bado, dia 5 de setembro de 2026, ap\u00f3s o ministro <b>Cristiano Zanin<\/b>, do Supremo Tribunal Federal (STF), formalizar um pedido de responsabiliza\u00e7\u00e3o contra os respons\u00e1veis pela exposi\u00e7\u00e3o de seus dados pessoais. A controv\u00e9rsia surgiu durante o processo de registro de candidatura ao Senado do ex-procurador da Rep\u00fablica <b>Deltan Dallagnol<\/b> (Novo).<\/p>\n<p>Conforme informa\u00e7\u00e3o divulgada pela Ag\u00eancia Brasil, o of\u00edcio foi enviado ao Tribunal Regional Eleitoral do Paran\u00e1 (TRE-PE), especificamente ao desembargador Luciano Carrasco Falavinha Souza. O ministro solicita que os envolvidos sejam responsabilizados, inclusive no \u00e2mbito criminal, pela divulga\u00e7\u00e3o de informa\u00e7\u00f5es que deveriam estar sob sigilo judicial.<\/p>\n<p>O caso coloca em xeque a privacidade de figuras p\u00fablicas e reacende debates sobre o uso de documentos obtidos em processos anteriores. Abaixo, detalhamos como essa situa\u00e7\u00e3o se desenrolou e quais s\u00e3o os argumentos apresentados pelas partes envolvidas neste embate jur\u00eddico.<\/p>\n<h3>Origem dos documentos expostos<\/h3>\n<p>Os dados fiscais e banc\u00e1rios em quest\u00e3o remontam ao ano de 2019, per\u00edodo em que <b>Deltan Dallagnol<\/b> chefiava a for\u00e7a-tarefa da Lava Jato no Paran\u00e1. Naquela \u00e9poca, <b>Cristiano Zanin<\/b> atuava como advogado do atual presidente Luiz In\u00e1cio Lula da Silva. Os documentos foram obtidos ap\u00f3s uma ordem de quebra de sigilo assinada pelo ent\u00e3o juiz Marcelo Bretas, do Rio de Janeiro, sob a justificativa de investigar supostos desvios de verbas do Sistema S.<\/p>\n<h3>Defesa de Dallagnol alega transpar\u00eancia<\/h3>\n<p>Em nota oficial, a defesa de <b>Deltan Dallagnol<\/b> afirmou que os dados faziam parte de reclama\u00e7\u00f5es abertas pelo pr\u00f3prio Zanin contra o ex-procurador no Conselho Nacional do Minist\u00e9rio P\u00fablico (CNMP). Os advogados sustentam que o material foi apresentado de forma integral para demonstrar a regularidade da candidatura e que n\u00e3o houve inten\u00e7\u00e3o de expor dados privados, mas sim de garantir o exerc\u00edcio do direito pol\u00edtico de elegibilidade.<\/p>\n<h3>Anula\u00e7\u00e3o das quebras de sigilo<\/h3>\n<p>Vale ressaltar que, historicamente, as quebras de sigilo que atingiram <b>Cristiano Zanin<\/b> e sua esposa, a advogada Valeska Teixeira Zanin Martins, foram posteriormente anuladas pela Justi\u00e7a Federal por falta de provas das acusa\u00e7\u00f5es originais. Da mesma forma, as representa\u00e7\u00f5es administrativas contra <b>Deltan Dallagnol<\/b> no CNMP foram arquivadas sem a aplica\u00e7\u00e3o de puni\u00e7\u00f5es, sendo consideradas insubsistentes pela defesa do ex-procurador.<\/p>\n<h3>Medidas imediatas do TRE-PE<\/h3>\n<p>Ap\u00f3s a repercuss\u00e3o negativa da exposi\u00e7\u00e3o dos dados, a relatora do registro de candidatura de <b>Deltan Dallagnol<\/b>, a desembargadora Vanessa Jamus Marchi, determinou a imposi\u00e7\u00e3o de novo sigilo sobre a documenta\u00e7\u00e3o anexada. O ministro <b>Cristiano Zanin<\/b> tamb\u00e9m notificou formalmente as presid\u00eancias do STF e do Tribunal Superior Eleitoral (TSE) para que tomem ci\u00eancia das irregularidades apontadas.<\/p>\n<h3>Perguntas Frequentes (FAQ)<\/h3>\n<p><b>1. Por que os dados de Cristiano Zanin foram expostos?<\/b><br \/>Os dados foram anexados pela defesa de Deltan Dallagnol ao processo de registro de sua candidatura ao Senado, sob a justificativa de provar sua elegibilidade e rebater impugna\u00e7\u00f5es.<\/p>\n<p>2. O que o ministro Cristiano Zanin solicitou ao TRE-PE?O ministro pediu a responsabiliza\u00e7\u00e3o dos envolvidos na exposi\u00e7\u00e3o de seus dados, incluindo poss\u00edveis san\u00e7\u00f5es na esfera criminal, al\u00e9m de notificar o STF e o TSE.<\/p>\n<p><b>3. Como a defesa de Dallagnol justifica a exposi\u00e7\u00e3o?<\/b><br \/>A defesa alega que os documentos faziam parte de reclama\u00e7\u00f5es no CNMP e foram apresentados para demonstrar que as acusa\u00e7\u00f5es passadas contra o ex-procurador n\u00e3o tinham fundamento.<\/p>\n<p><b>4. As quebras de sigilo de 2019 eram v\u00e1lidas?<\/b><br \/>N\u00e3o. A Justi\u00e7a Federal anulou as quebras de sigilo fiscal e banc\u00e1rio contra Zanin e sua esposa por entender que n\u00e3o havia provas das acusa\u00e7\u00f5es de desvios de verbas.<\/p>\n<p>5. O que aconteceu com os documentos ap\u00f3s a den\u00fancia?A desembargadora Vanessa Jamus Marchi, relatora do caso no TRE-PE, imp\u00f4s um novo sigilo sobre os documentos ap\u00f3s a revela\u00e7\u00e3o da exposi\u00e7\u00e3o dos dados pelo ministro.<\/p>","protected":false},"excerpt":{"rendered":"<p>O ministro do STF, Cristiano Zanin, exige provid\u00eancias das autoridades judiciais ap\u00f3s ter seus dados fiscais e banc\u00e1rios expostos pela defesa de Deltan Dallagnol. O cen\u00e1rio jur\u00eddico nacional foi movimentado neste s\u00e1bado, dia 5 de setembro de 2026, ap\u00f3s o ministro Cristiano Zanin, do Supremo Tribunal Federal (STF), formalizar um pedido de responsabiliza\u00e7\u00e3o contra os [&hellip;]<\/p>\n","protected":false},"author":1,"featured_media":171178,"comment_status":"","ping_status":"","sticky":false,"template":"","format":"standard","meta":{"googlesitekit_rrm_CAow2JLhCw:productID":"","_gspb_post_css":"","maa_idioma":"","maa_pais":"","footnotes":""},"categories":[4],"tags":[],"class_list":["post-171177","post","type-post","status-publish","format-standard","has-post-thumbnail","hentry","category-brasil"],"blocksy_meta":[],"yoast_head":"<!-- This site is optimized with the Yoast SEO Premium plugin v27.6 (Yoast SEO v27.6) - https:\/\/yoast.com\/product\/yoast-seo-premium-wordpress\/ -->\n<title>Dallagnol exp\u00f5e sigilo fiscal de Cristiano Zanin em registro de candidatura e ministro do STF pede responsabiliza\u00e7\u00e3o criminal - Ubirat\u00e3 Online Not\u00edcias - A realidade ao seu alcance!<\/title>\n<meta name=\"description\" content=\"O ministro do STF, Cristiano Zanin, exige provid\u00eancias das autoridades judiciais ap\u00f3s ter seus dados fiscais e banc\u00e1rios expostos pela defesa de Deltan\" \/>\n<meta name=\"robots\" content=\"index, follow, max-snippet:-1, max-image-preview:large, max-video-preview:-1\" \/>\n<link rel=\"canonical\" href=\"https:\/\/ubirataonline.com.br\/en\/dallagnol-expoe-sigilo-fiscal-de-cristiano-zanin-em-registro-de-candidatura-e-ministro-do-stf-pede-responsabilizacao-criminal\/\" \/>\n<meta property=\"og:locale\" content=\"en_US\" \/>\n<meta property=\"og:type\" content=\"article\" \/>\n<meta property=\"og:title\" content=\"Dallagnol exp\u00f5e sigilo fiscal de Cristiano Zanin em registro de candidatura e ministro do STF pede responsabiliza\u00e7\u00e3o criminal\" \/>\n<meta property=\"og:description\" content=\"O ministro do STF, Cristiano Zanin, exige provid\u00eancias das autoridades judiciais ap\u00f3s ter seus dados fiscais e banc\u00e1rios expostos pela defesa de Deltan\" \/>\n<meta property=\"og:url\" content=\"https:\/\/ubirataonline.com.br\/en\/dallagnol-expoe-sigilo-fiscal-de-cristiano-zanin-em-registro-de-candidatura-e-ministro-do-stf-pede-responsabilizacao-criminal\/\" \/>\n<meta property=\"og:site_name\" content=\"Ubirat\u00e3 Online Not\u00edcias - A realidade ao seu alcance!\" \/>\n<meta property=\"article:publisher\" content=\"https:\/\/www.facebook.com\/portalubirataonline\" \/>\n<meta property=\"article:author\" content=\"https:\/\/www.facebook.com\/portalubirataonline\" \/>\n<meta property=\"article:published_time\" content=\"2026-09-06T00:35:15+00:00\" \/>\n<meta property=\"og:image\" content=\"https:\/\/ubirataonline.com.br\/wp-content\/uploads\/2026\/05\/logo2026.webp\" \/>\n\t<meta property=\"og:image:width\" content=\"1531\" \/>\n\t<meta property=\"og:image:height\" content=\"418\" \/>\n\t<meta property=\"og:image:type\" content=\"image\/webp\" \/>\n<meta name=\"author\" content=\"REDA\u00c7\u00c3O: UBIRAT\u00c3 ONLINE - F\u00c1BIO AUGUSTO CELESTINO\" \/>\n<meta name=\"twitter:card\" content=\"summary_large_image\" \/>\n<meta name=\"twitter:creator\" content=\"@x.com\/ubirataonline\" \/>\n<meta name=\"twitter:site\" content=\"@ubirataonline\" \/>\n<meta name=\"twitter:label1\" content=\"Written by\" \/>\n\t<meta name=\"twitter:data1\" content=\"REDA\u00c7\u00c3O: UBIRAT\u00c3 ONLINE - F\u00c1BIO AUGUSTO CELESTINO\" \/>\n\t<meta name=\"twitter:label2\" content=\"Est. reading time\" \/>\n\t<meta name=\"twitter:data2\" content=\"3 minutes\" \/>\n<script type=\"application\/ld+json\" class=\"yoast-schema-graph\">{\"@context\":\"https:\\\/\\\/schema.org\",\"@graph\":[{\"@type\":\"NewsArticle\",\"@id\":\"https:\\\/\\\/ubirataonline.com.br\\\/dallagnol-expoe-sigilo-fiscal-de-cristiano-zanin-em-registro-de-candidatura-e-ministro-do-stf-pede-responsabilizacao-criminal\\\/#article\",\"isPartOf\":{\"@id\":\"https:\\\/\\\/ubirataonline.com.br\\\/dallagnol-expoe-sigilo-fiscal-de-cristiano-zanin-em-registro-de-candidatura-e-ministro-do-stf-pede-responsabilizacao-criminal\\\/\"},\"author\":{\"name\":\"REDA\u00c7\u00c3O: UBIRAT\u00c3 ONLINE - F\u00c1BIO AUGUSTO CELESTINO\",\"@id\":\"https:\\\/\\\/ubirataonline.com.br\\\/#\\\/schema\\\/person\\\/372f87bbd3fdd79b8556b84c98d0bc1c\"},\"headline\":\"Dallagnol exp\u00f5e sigilo fiscal de Cristiano Zanin em registro de candidatura e ministro do STF pede responsabiliza\u00e7\u00e3o criminal\",\"datePublished\":\"2026-09-06T00:35:15+00:00\",\"mainEntityOfPage\":{\"@id\":\"https:\\\/\\\/ubirataonline.com.br\\\/dallagnol-expoe-sigilo-fiscal-de-cristiano-zanin-em-registro-de-candidatura-e-ministro-do-stf-pede-responsabilizacao-criminal\\\/\"},\"wordCount\":712,\"publisher\":{\"@id\":\"https:\\\/\\\/ubirataonline.com.br\\\/#organization\"},\"image\":{\"@id\":\"https:\\\/\\\/ubirataonline.com.br\\\/dallagnol-expoe-sigilo-fiscal-de-cristiano-zanin-em-registro-de-candidatura-e-ministro-do-stf-pede-responsabilizacao-criminal\\\/#primaryimage\"},\"thumbnailUrl\":\"https:\\\/\\\/ubirataonline.com.br\\\/wp-content\\\/uploads\\\/2026\\\/09\\\/maaimg-post-171177-20260906-003531.webp\",\"articleSection\":[\"Brasil\"],\"inLanguage\":\"en-US\",\"copyrightYear\":\"2026\",\"copyrightHolder\":{\"@id\":\"https:\\\/\\\/ubirataonline.com.br\\\/en\\\/#organization\"}},{\"@type\":\"WebPage\",\"@id\":\"https:\\\/\\\/ubirataonline.com.br\\\/dallagnol-expoe-sigilo-fiscal-de-cristiano-zanin-em-registro-de-candidatura-e-ministro-do-stf-pede-responsabilizacao-criminal\\\/\",\"url\":\"https:\\\/\\\/ubirataonline.com.br\\\/dallagnol-expoe-sigilo-fiscal-de-cristiano-zanin-em-registro-de-candidatura-e-ministro-do-stf-pede-responsabilizacao-criminal\\\/\",\"name\":\"Dallagnol exp\u00f5e sigilo fiscal de Cristiano Zanin em registro de candidatura e ministro do STF pede responsabiliza\u00e7\u00e3o criminal - Ubirat\u00e3 Online Not\u00edcias - A realidade ao seu alcance!\",\"isPartOf\":{\"@id\":\"https:\\\/\\\/ubirataonline.com.br\\\/#website\"},\"primaryImageOfPage\":{\"@id\":\"https:\\\/\\\/ubirataonline.com.br\\\/dallagnol-expoe-sigilo-fiscal-de-cristiano-zanin-em-registro-de-candidatura-e-ministro-do-stf-pede-responsabilizacao-criminal\\\/#primaryimage\"},\"image\":{\"@id\":\"https:\\\/\\\/ubirataonline.com.br\\\/dallagnol-expoe-sigilo-fiscal-de-cristiano-zanin-em-registro-de-candidatura-e-ministro-do-stf-pede-responsabilizacao-criminal\\\/#primaryimage\"},\"thumbnailUrl\":\"https:\\\/\\\/ubirataonline.com.br\\\/wp-content\\\/uploads\\\/2026\\\/09\\\/maaimg-post-171177-20260906-003531.webp\",\"datePublished\":\"2026-09-06T00:35:15+00:00\",\"description\":\"O ministro do STF, Cristiano Zanin, exige provid\u00eancias das autoridades judiciais ap\u00f3s ter seus dados fiscais e banc\u00e1rios expostos pela defesa de Deltan\",\"breadcrumb\":{\"@id\":\"https:\\\/\\\/ubirataonline.com.br\\\/dallagnol-expoe-sigilo-fiscal-de-cristiano-zanin-em-registro-de-candidatura-e-ministro-do-stf-pede-responsabilizacao-criminal\\\/#breadcrumb\"},\"inLanguage\":\"en-US\",\"potentialAction\":[{\"@type\":\"ReadAction\",\"target\":[\"https:\\\/\\\/ubirataonline.com.br\\\/dallagnol-expoe-sigilo-fiscal-de-cristiano-zanin-em-registro-de-candidatura-e-ministro-do-stf-pede-responsabilizacao-criminal\\\/\"]}]},{\"@type\":\"ImageObject\",\"inLanguage\":\"en-US\",\"@id\":\"https:\\\/\\\/ubirataonline.com.br\\\/dallagnol-expoe-sigilo-fiscal-de-cristiano-zanin-em-registro-de-candidatura-e-ministro-do-stf-pede-responsabilizacao-criminal\\\/#primaryimage\",\"url\":\"https:\\\/\\\/ubirataonline.com.br\\\/wp-content\\\/uploads\\\/2026\\\/09\\\/maaimg-post-171177-20260906-003531.webp\",\"contentUrl\":\"https:\\\/\\\/ubirataonline.com.br\\\/wp-content\\\/uploads\\\/2026\\\/09\\\/maaimg-post-171177-20260906-003531.webp\",\"width\":1536,\"height\":1024,\"caption\":\"Imagem ilustrativa Gerada por IA\"},{\"@type\":\"BreadcrumbList\",\"@id\":\"https:\\\/\\\/ubirataonline.com.br\\\/dallagnol-expoe-sigilo-fiscal-de-cristiano-zanin-em-registro-de-candidatura-e-ministro-do-stf-pede-responsabilizacao-criminal\\\/#breadcrumb\",\"itemListElement\":[{\"@type\":\"ListItem\",\"position\":1,\"name\":\"In\u00edcio\",\"item\":\"https:\\\/\\\/ubirataonline.com.br\\\/\"},{\"@type\":\"ListItem\",\"position\":2,\"name\":\"Dallagnol exp\u00f5e sigilo fiscal de Cristiano Zanin em registro de candidatura e ministro do STF pede responsabiliza\u00e7\u00e3o criminal\"}]},{\"@type\":\"WebSite\",\"@id\":\"https:\\\/\\\/ubirataonline.com.br\\\/#website\",\"url\":\"https:\\\/\\\/ubirataonline.com.br\\\/\",\"name\":\"Ubirat\u00e3 Online Not\u00edcias\",\"description\":\"Not\u00edcias de Ubirat\u00e3, regi\u00e3o, Brasil e mundo, com informa\u00e7\u00e3o atualizada e compromisso com o leitor.\",\"publisher\":{\"@id\":\"https:\\\/\\\/ubirataonline.com.br\\\/#organization\"},\"alternateName\":\"Ubirat\u00e3 Online\",\"potentialAction\":[{\"@type\":\"SearchAction\",\"target\":{\"@type\":\"EntryPoint\",\"urlTemplate\":\"https:\\\/\\\/ubirataonline.com.br\\\/?s={search_term_string}\"},\"query-input\":{\"@type\":\"PropertyValueSpecification\",\"valueRequired\":true,\"valueName\":\"search_term_string\"}}],\"inLanguage\":\"en-US\"},{\"@type\":[\"Organization\",\"Place\"],\"@id\":\"https:\\\/\\\/ubirataonline.com.br\\\/#organization\",\"name\":\"Ubirat\u00e3 Online Not\u00edcias\",\"alternateName\":\"Ubirat\u00e3 Online\",\"url\":\"https:\\\/\\\/ubirataonline.com.br\\\/\",\"logo\":{\"@id\":\"https:\\\/\\\/ubirataonline.com.br\\\/dallagnol-expoe-sigilo-fiscal-de-cristiano-zanin-em-registro-de-candidatura-e-ministro-do-stf-pede-responsabilizacao-criminal\\\/#local-main-organization-logo\"},\"image\":{\"@id\":\"https:\\\/\\\/ubirataonline.com.br\\\/dallagnol-expoe-sigilo-fiscal-de-cristiano-zanin-em-registro-de-candidatura-e-ministro-do-stf-pede-responsabilizacao-criminal\\\/#local-main-organization-logo\"},\"sameAs\":[\"https:\\\/\\\/www.facebook.com\\\/portalubirataonline\",\"https:\\\/\\\/x.com\\\/ubirataonline\",\"https:\\\/\\\/mastodon.social\\\/@ubirataonline\",\"https:\\\/\\\/www.facebook.com\\\/groups\\\/311144672285604\",\"https:\\\/\\\/www.facebook.com\\\/UBTAOnline\",\"https:\\\/\\\/www.instagram.com\\\/portalubirataonline\\\/\",\"https:\\\/\\\/twitter.com\\\/ubirataonline\"],\"description\":\"Somos um portal de not\u00edcias independente, criado em 5 de janeiro de 2009, com o objetivo de informar, conectar e valorizar a nossa comunidade de Ubirat\u00e3 e toda aregi\u00e3o. Com conte\u00fado atualizado, confi\u00e1vel e relevante, o Ubirat\u00e3 Online \u00e9 o seu espa\u00e7o para ficar por dentro dos principais acontecimentos locais, regionais, Brasil, Mundo e de interesse geral. Nosso compromisso \u00e9 com a verdade, a transpar\u00eancia e o respeito ao leitor.\",\"legalName\":\"UBIRATA ONLINE NOT\u00cdCIAS\",\"foundingDate\":\"2009-01-05\",\"numberOfEmployees\":{\"@type\":\"QuantitativeValue\",\"minValue\":\"1\",\"maxValue\":\"10\"},\"publishingPrinciples\":\"https:\\\/\\\/ubirataonline.com.br\\\/faq\\\/\",\"address\":{\"@id\":\"https:\\\/\\\/ubirataonline.com.br\\\/dallagnol-expoe-sigilo-fiscal-de-cristiano-zanin-em-registro-de-candidatura-e-ministro-do-stf-pede-responsabilizacao-criminal\\\/#local-main-place-address\"},\"geo\":{\"@type\":\"GeoCoordinates\",\"latitude\":\"-24.5361401\",\"longitude\":\"-52.9921776\"},\"telephone\":[\"+5544998308235\"],\"contactPoint\":{\"@type\":\"ContactPoint\",\"email\":\"contato@ubirataonline.com.br\"},\"openingHoursSpecification\":{\"@type\":\"OpeningHoursSpecification\",\"dayOfWeek\":[\"Monday\",\"Tuesday\",\"Wednesday\",\"Thursday\",\"Friday\",\"Saturday\",\"Sunday\"],\"opens\":\"00:00\",\"closes\":\"23:59\"},\"email\":\"contato@ubirataonline.com.br\",\"vatID\":\"47.621.418\\\/0001-80\"},{\"@type\":\"Person\",\"@id\":\"https:\\\/\\\/ubirataonline.com.br\\\/#\\\/schema\\\/person\\\/372f87bbd3fdd79b8556b84c98d0bc1c\",\"name\":\"REDA\u00c7\u00c3O: UBIRAT\u00c3 ONLINE - F\u00c1BIO AUGUSTO CELESTINO\",\"pronouns\":\"Ele\",\"description\":\"Desde 2003 trabalhando com not\u00edcias.\",\"sameAs\":[\"http:\\\/\\\/ubirataoline.com.br\",\"https:\\\/\\\/www.facebook.com\\\/portalubirataonline\",\"https:\\\/\\\/www.instagram.com\\\/ubirataonline_oficial\",\"https:\\\/\\\/x.com\\\/x.com\\\/ubirataonline\"],\"honorificPrefix\":\"Mr.\",\"honorificSuffix\":\"MD\",\"birthDate\":\"1980-06-16\",\"gender\":\"masculino\",\"award\":[\"V\u00e1rios pr\u00eamios de melhor portal da cidade\"],\"jobTitle\":\"Diretor\",\"url\":\"https:\\\/\\\/ubirataonline.com.br\\\/en\\\/author\\\/ubirataonline\\\/\"},{\"@type\":\"PostalAddress\",\"@id\":\"https:\\\/\\\/ubirataonline.com.br\\\/dallagnol-expoe-sigilo-fiscal-de-cristiano-zanin-em-registro-de-candidatura-e-ministro-do-stf-pede-responsabilizacao-criminal\\\/#local-main-place-address\",\"streetAddress\":\"Rua dos Coqueiros, 104 - Bairro Boa Vista, Rua dos Coqueiros, 104 Bairro Boa Vista\",\"addressLocality\":\"UBIRATA\",\"postalCode\":\"85440-000\",\"addressRegion\":\"PR\",\"addressCountry\":\"BR\"},{\"@type\":\"ImageObject\",\"inLanguage\":\"en-US\",\"@id\":\"https:\\\/\\\/ubirataonline.com.br\\\/dallagnol-expoe-sigilo-fiscal-de-cristiano-zanin-em-registro-de-candidatura-e-ministro-do-stf-pede-responsabilizacao-criminal\\\/#local-main-organization-logo\",\"url\":\"https:\\\/\\\/ubirataonline.com.br\\\/wp-content\\\/uploads\\\/2026\\\/06\\\/logoubirataonline-1.webp\",\"contentUrl\":\"https:\\\/\\\/ubirataonline.com.br\\\/wp-content\\\/uploads\\\/2026\\\/06\\\/logoubirataonline-1.webp\",\"width\":500,\"height\":500,\"caption\":\"Ubirat\u00e3 Online Not\u00edcias\"}]}<\/script>\n<meta name=\"geo.placename\" content=\"UBIRATA\" \/>\n<meta name=\"geo.position\" content=\"-24.5361401;-52.9921776\" \/>\n<meta name=\"geo.region\" content=\"Brazil\" \/>\n<!-- \/ Yoast SEO Premium plugin. -->","yoast_head_json":{"title":"Dallagnol exp\u00f5e sigilo fiscal de Cristiano Zanin em registro de candidatura e ministro do STF pede responsabiliza\u00e7\u00e3o criminal - Ubirat\u00e3 Online Not\u00edcias - A realidade ao seu alcance!","description":"O ministro do STF, Cristiano Zanin, exige provid\u00eancias das autoridades judiciais ap\u00f3s ter seus dados fiscais e banc\u00e1rios expostos pela defesa de Deltan","robots":{"index":"index","follow":"follow","max-snippet":"max-snippet:-1","max-image-preview":"max-image-preview:large","max-video-preview":"max-video-preview:-1"},"canonical":"https:\/\/ubirataonline.com.br\/en\/dallagnol-expoe-sigilo-fiscal-de-cristiano-zanin-em-registro-de-candidatura-e-ministro-do-stf-pede-responsabilizacao-criminal\/","og_locale":"en_US","og_type":"article","og_title":"Dallagnol exp\u00f5e sigilo fiscal de Cristiano Zanin em registro de candidatura e ministro do STF pede responsabiliza\u00e7\u00e3o criminal","og_description":"O ministro do STF, Cristiano Zanin, exige provid\u00eancias das autoridades judiciais ap\u00f3s ter seus dados fiscais e banc\u00e1rios expostos pela defesa de Deltan","og_url":"https:\/\/ubirataonline.com.br\/en\/dallagnol-expoe-sigilo-fiscal-de-cristiano-zanin-em-registro-de-candidatura-e-ministro-do-stf-pede-responsabilizacao-criminal\/","og_site_name":"Ubirat\u00e3 Online Not\u00edcias - A realidade ao seu alcance!","article_publisher":"https:\/\/www.facebook.com\/portalubirataonline","article_author":"https:\/\/www.facebook.com\/portalubirataonline","article_published_time":"2026-09-06T00:35:15+00:00","og_image":[{"width":1531,"height":418,"url":"https:\/\/ubirataonline.com.br\/wp-content\/uploads\/2026\/05\/logo2026.webp","type":"image\/webp"}],"author":"REDA\u00c7\u00c3O: UBIRAT\u00c3 ONLINE - F\u00c1BIO AUGUSTO CELESTINO","twitter_card":"summary_large_image","twitter_creator":"@x.com\/ubirataonline","twitter_site":"@ubirataonline","twitter_misc":{"Written by":"REDA\u00c7\u00c3O: UBIRAT\u00c3 ONLINE - F\u00c1BIO AUGUSTO CELESTINO","Est. reading time":"3 minutes"},"schema":{"@context":"https:\/\/schema.org","@graph":[{"@type":"NewsArticle","@id":"https:\/\/ubirataonline.com.br\/dallagnol-expoe-sigilo-fiscal-de-cristiano-zanin-em-registro-de-candidatura-e-ministro-do-stf-pede-responsabilizacao-criminal\/#article","isPartOf":{"@id":"https:\/\/ubirataonline.com.br\/dallagnol-expoe-sigilo-fiscal-de-cristiano-zanin-em-registro-de-candidatura-e-ministro-do-stf-pede-responsabilizacao-criminal\/"},"author":{"name":"REDA\u00c7\u00c3O: UBIRAT\u00c3 ONLINE - F\u00c1BIO AUGUSTO CELESTINO","@id":"https:\/\/ubirataonline.com.br\/#\/schema\/person\/372f87bbd3fdd79b8556b84c98d0bc1c"},"headline":"Dallagnol exp\u00f5e sigilo fiscal de Cristiano Zanin em registro de candidatura e ministro do STF pede responsabiliza\u00e7\u00e3o criminal","datePublished":"2026-09-06T00:35:15+00:00","mainEntityOfPage":{"@id":"https:\/\/ubirataonline.com.br\/dallagnol-expoe-sigilo-fiscal-de-cristiano-zanin-em-registro-de-candidatura-e-ministro-do-stf-pede-responsabilizacao-criminal\/"},"wordCount":712,"publisher":{"@id":"https:\/\/ubirataonline.com.br\/#organization"},"image":{"@id":"https:\/\/ubirataonline.com.br\/dallagnol-expoe-sigilo-fiscal-de-cristiano-zanin-em-registro-de-candidatura-e-ministro-do-stf-pede-responsabilizacao-criminal\/#primaryimage"},"thumbnailUrl":"https:\/\/ubirataonline.com.br\/wp-content\/uploads\/2026\/09\/maaimg-post-171177-20260906-003531.webp","articleSection":["Brasil"],"inLanguage":"en-US","copyrightYear":"2026","copyrightHolder":{"@id":"https:\/\/ubirataonline.com.br\/en\/#organization"}},{"@type":"WebPage","@id":"https:\/\/ubirataonline.com.br\/dallagnol-expoe-sigilo-fiscal-de-cristiano-zanin-em-registro-de-candidatura-e-ministro-do-stf-pede-responsabilizacao-criminal\/","url":"https:\/\/ubirataonline.com.br\/dallagnol-expoe-sigilo-fiscal-de-cristiano-zanin-em-registro-de-candidatura-e-ministro-do-stf-pede-responsabilizacao-criminal\/","name":"Dallagnol exp\u00f5e sigilo fiscal de Cristiano Zanin em registro de candidatura e ministro do STF pede responsabiliza\u00e7\u00e3o criminal - Ubirat\u00e3 Online Not\u00edcias - A realidade ao seu alcance!","isPartOf":{"@id":"https:\/\/ubirataonline.com.br\/#website"},"primaryImageOfPage":{"@id":"https:\/\/ubirataonline.com.br\/dallagnol-expoe-sigilo-fiscal-de-cristiano-zanin-em-registro-de-candidatura-e-ministro-do-stf-pede-responsabilizacao-criminal\/#primaryimage"},"image":{"@id":"https:\/\/ubirataonline.com.br\/dallagnol-expoe-sigilo-fiscal-de-cristiano-zanin-em-registro-de-candidatura-e-ministro-do-stf-pede-responsabilizacao-criminal\/#primaryimage"},"thumbnailUrl":"https:\/\/ubirataonline.com.br\/wp-content\/uploads\/2026\/09\/maaimg-post-171177-20260906-003531.webp","datePublished":"2026-09-06T00:35:15+00:00","description":"O ministro do STF, Cristiano Zanin, exige provid\u00eancias das autoridades judiciais ap\u00f3s ter seus dados fiscais e banc\u00e1rios expostos pela defesa de Deltan","breadcrumb":{"@id":"https:\/\/ubirataonline.com.br\/dallagnol-expoe-sigilo-fiscal-de-cristiano-zanin-em-registro-de-candidatura-e-ministro-do-stf-pede-responsabilizacao-criminal\/#breadcrumb"},"inLanguage":"en-US","potentialAction":[{"@type":"ReadAction","target":["https:\/\/ubirataonline.com.br\/dallagnol-expoe-sigilo-fiscal-de-cristiano-zanin-em-registro-de-candidatura-e-ministro-do-stf-pede-responsabilizacao-criminal\/"]}]},{"@type":"ImageObject","inLanguage":"en-US","@id":"https:\/\/ubirataonline.com.br\/dallagnol-expoe-sigilo-fiscal-de-cristiano-zanin-em-registro-de-candidatura-e-ministro-do-stf-pede-responsabilizacao-criminal\/#primaryimage","url":"https:\/\/ubirataonline.com.br\/wp-content\/uploads\/2026\/09\/maaimg-post-171177-20260906-003531.webp","contentUrl":"https:\/\/ubirataonline.com.br\/wp-content\/uploads\/2026\/09\/maaimg-post-171177-20260906-003531.webp","width":1536,"height":1024,"caption":"Imagem ilustrativa Gerada por IA"},{"@type":"BreadcrumbList","@id":"https:\/\/ubirataonline.com.br\/dallagnol-expoe-sigilo-fiscal-de-cristiano-zanin-em-registro-de-candidatura-e-ministro-do-stf-pede-responsabilizacao-criminal\/#breadcrumb","itemListElement":[{"@type":"ListItem","position":1,"name":"In\u00edcio","item":"https:\/\/ubirataonline.com.br\/"},{"@type":"ListItem","position":2,"name":"Dallagnol exp\u00f5e sigilo fiscal de Cristiano Zanin em registro de candidatura e ministro do STF pede responsabiliza\u00e7\u00e3o criminal"}]},{"@type":"WebSite","@id":"https:\/\/ubirataonline.com.br\/#website","url":"https:\/\/ubirataonline.com.br\/","name":"Ubirat\u00e3 Online Not\u00edcias","description":"Not\u00edcias de Ubirat\u00e3, regi\u00e3o, Brasil e mundo, com informa\u00e7\u00e3o atualizada e compromisso com o leitor.","publisher":{"@id":"https:\/\/ubirataonline.com.br\/#organization"},"alternateName":"Ubirat\u00e3 Online","potentialAction":[{"@type":"SearchAction","target":{"@type":"EntryPoint","urlTemplate":"https:\/\/ubirataonline.com.br\/?s={search_term_string}"},"query-input":{"@type":"PropertyValueSpecification","valueRequired":true,"valueName":"search_term_string"}}],"inLanguage":"en-US"},{"@type":["Organization","Place"],"@id":"https:\/\/ubirataonline.com.br\/#organization","name":"Ubirat\u00e3 Online Not\u00edcias","alternateName":"Ubirat\u00e3 Online","url":"https:\/\/ubirataonline.com.br\/","logo":{"@id":"https:\/\/ubirataonline.com.br\/dallagnol-expoe-sigilo-fiscal-de-cristiano-zanin-em-registro-de-candidatura-e-ministro-do-stf-pede-responsabilizacao-criminal\/#local-main-organization-logo"},"image":{"@id":"https:\/\/ubirataonline.com.br\/dallagnol-expoe-sigilo-fiscal-de-cristiano-zanin-em-registro-de-candidatura-e-ministro-do-stf-pede-responsabilizacao-criminal\/#local-main-organization-logo"},"sameAs":["https:\/\/www.facebook.com\/portalubirataonline","https:\/\/x.com\/ubirataonline","https:\/\/mastodon.social\/@ubirataonline","https:\/\/www.facebook.com\/groups\/311144672285604","https:\/\/www.facebook.com\/UBTAOnline","https:\/\/www.instagram.com\/portalubirataonline\/","https:\/\/twitter.com\/ubirataonline"],"description":"Somos um portal de not\u00edcias independente, criado em 5 de janeiro de 2009, com o objetivo de informar, conectar e valorizar a nossa comunidade de Ubirat\u00e3 e toda aregi\u00e3o. Com conte\u00fado atualizado, confi\u00e1vel e relevante, o Ubirat\u00e3 Online \u00e9 o seu espa\u00e7o para ficar por dentro dos principais acontecimentos locais, regionais, Brasil, Mundo e de interesse geral. Nosso compromisso \u00e9 com a verdade, a transpar\u00eancia e o respeito ao leitor.","legalName":"UBIRATA ONLINE NOT\u00cdCIAS","foundingDate":"2009-01-05","numberOfEmployees":{"@type":"QuantitativeValue","minValue":"1","maxValue":"10"},"publishingPrinciples":"https:\/\/ubirataonline.com.br\/faq\/","address":{"@id":"https:\/\/ubirataonline.com.br\/dallagnol-expoe-sigilo-fiscal-de-cristiano-zanin-em-registro-de-candidatura-e-ministro-do-stf-pede-responsabilizacao-criminal\/#local-main-place-address"},"geo":{"@type":"GeoCoordinates","latitude":"-24.5361401","longitude":"-52.9921776"},"telephone":["+5544998308235"],"contactPoint":{"@type":"ContactPoint","email":"contato@ubirataonline.com.br"},"openingHoursSpecification":{"@type":"OpeningHoursSpecification","dayOfWeek":["Monday","Tuesday","Wednesday","Thursday","Friday","Saturday","Sunday"],"opens":"00:00","closes":"23:59"},"email":"contato@ubirataonline.com.br","vatID":"47.621.418\/0001-80"},{"@type":"Person","@id":"https:\/\/ubirataonline.com.br\/#\/schema\/person\/372f87bbd3fdd79b8556b84c98d0bc1c","name":"REDA\u00c7\u00c3O: UBIRAT\u00c3 ONLINE - F\u00c1BIO AUGUSTO CELESTINO","pronouns":"Ele","description":"Desde 2003 trabalhando com not\u00edcias.","sameAs":["http:\/\/ubirataoline.com.br","https:\/\/www.facebook.com\/portalubirataonline","https:\/\/www.instagram.com\/ubirataonline_oficial","https:\/\/x.com\/x.com\/ubirataonline"],"honorificPrefix":"Mr.","honorificSuffix":"MD","birthDate":"1980-06-16","gender":"masculino","award":["V\u00e1rios pr\u00eamios de melhor portal da cidade"],"jobTitle":"Diretor","url":"https:\/\/ubirataonline.com.br\/en\/author\/ubirataonline\/"},{"@type":"PostalAddress","@id":"https:\/\/ubirataonline.com.br\/dallagnol-expoe-sigilo-fiscal-de-cristiano-zanin-em-registro-de-candidatura-e-ministro-do-stf-pede-responsabilizacao-criminal\/#local-main-place-address","streetAddress":"Rua dos Coqueiros, 104 - Bairro Boa Vista, Rua dos Coqueiros, 104 Bairro Boa Vista","addressLocality":"UBIRATA","postalCode":"85440-000","addressRegion":"PR","addressCountry":"BR"},{"@type":"ImageObject","inLanguage":"en-US","@id":"https:\/\/ubirataonline.com.br\/dallagnol-expoe-sigilo-fiscal-de-cristiano-zanin-em-registro-de-candidatura-e-ministro-do-stf-pede-responsabilizacao-criminal\/#local-main-organization-logo","url":"https:\/\/ubirataonline.com.br\/wp-content\/uploads\/2026\/06\/logoubirataonline-1.webp","contentUrl":"https:\/\/ubirataonline.com.br\/wp-content\/uploads\/2026\/06\/logoubirataonline-1.webp","width":500,"height":500,"caption":"Ubirat\u00e3 Online Not\u00edcias"}]},"geo.placename":"UBIRATA","geo.position":{"lat":"-24.5361401","long":"-52.9921776"},"geo.region":"Brazil"},"_links":{"self":[{"href":"https:\/\/ubirataonline.com.br\/en\/wp-json\/wp\/v2\/posts\/171177","targetHints":{"allow":["GET"]}}],"collection":[{"href":"https:\/\/ubirataonline.com.br\/en\/wp-json\/wp\/v2\/posts"}],"about":[{"href":"https:\/\/ubirataonline.com.br\/en\/wp-json\/wp\/v2\/types\/post"}],"author":[{"embeddable":true,"href":"https:\/\/ubirataonline.com.br\/en\/wp-json\/wp\/v2\/users\/1"}],"replies":[{"embeddable":true,"href":"https:\/\/ubirataonline.com.br\/en\/wp-json\/wp\/v2\/comments?post=171177"}],"version-history":[{"count":0,"href":"https:\/\/ubirataonline.com.br\/en\/wp-json\/wp\/v2\/posts\/171177\/revisions"}],"wp:featuredmedia":[{"embeddable":true,"href":"https:\/\/ubirataonline.com.br\/en\/wp-json\/wp\/v2\/media\/171178"}],"wp:attachment":[{"href":"https:\/\/ubirataonline.com.br\/en\/wp-json\/wp\/v2\/media?parent=171177"}],"wp:term":[{"taxonomy":"category","embeddable":true,"href":"https:\/\/ubirataonline.com.br\/en\/wp-json\/wp\/v2\/categories?post=171177"},{"taxonomy":"post_tag","embeddable":true,"href":"https:\/\/ubirataonline.com.br\/en\/wp-json\/wp\/v2\/tags?post=171177"}],"curies":[{"name":"wp","href":"https:\/\/api.w.org\/{rel}","templated":true}]}}