{"id":171217,"date":"2026-09-06T00:37:52","date_gmt":"2026-09-06T03:37:52","guid":{"rendered":"https:\/\/ubirataonline.com.br\/em-campo-largo-mppr-denuncia-por-homicidio-qualificado-motorista-que-invadiu-contramao-bateu-em-motocicleta-e-causou-a-morte-do-condutor\/"},"modified":"2026-09-06T00:37:53","modified_gmt":"2026-09-06T03:37:53","slug":"em-campo-largo-mppr-denuncia-por-homicidio-qualificado-motorista-que-invadiu-contramao-bateu-em-motocicleta-e-causou-a-morte-do-condutor","status":"publish","type":"post","link":"https:\/\/ubirataonline.com.br\/en\/em-campo-largo-mppr-denuncia-por-homicidio-qualificado-motorista-que-invadiu-contramao-bateu-em-motocicleta-e-causou-a-morte-do-condutor\/","title":{"rendered":"Em Campo Largo, MPPR denuncia por homic\u00eddio qualificado motorista que invadiu contram\u00e3o, bateu em motocicleta e causou a morte do condutor"},"content":{"rendered":"<p><\/p>\n<div>\n<p>O Minist\u00e9rio P\u00fablico do Paran\u00e1, por meio da 2\u00aa Promotoria de Justi\u00e7a de Campo Largo, na Regi\u00e3o Metropolitana de Curitiba, ofereceu den\u00fancia criminal nesta segunda-feira, 31 de agosto, contra uma mulher de 44 anos pelo crime de homic\u00eddio qualificado. Segundo a den\u00fancia, ela conduzia um ve\u00edculo pela contram\u00e3o quando colidiu com uma motocicleta, causando a morte do condutor.<\/p>\n<p class=\"text-align-center\"><a href=\"https:\/\/apps.mppr.mp.br\/audios\/play\/761beef15f1664a34592b9c30567ff14\" target=\"_blank\"><strong>\u00c1udio do Promotor de Justi\u00e7a Eduardo Labruna Dahia<\/strong><\/a><\/p>\n<p>O fato ocorreu na noite de 4 de agosto deste ano, por volta das 22h10, na Rodovia BR-277, na localidade de Itaqui de Cima. Conforme as investiga\u00e7\u00f5es, a denunciada invadiu a pista de sentido contr\u00e1rio e atingiu a motocicleta conduzida pela v\u00edtima, um homem de 43 anos, que morreu em decorr\u00eancia da colis\u00e3o.<\/p>\n<p><strong>Qualificadoras<\/strong> \u2013 Na den\u00fancia, o Minist\u00e9rio P\u00fablico sustenta que o homic\u00eddio foi cometido de forma a resultar em perigo comum, uma vez que a condu\u00e7\u00e3o do ve\u00edculo na contram\u00e3o exp\u00f4s a risco n\u00e3o apenas a v\u00edtima, mas tamb\u00e9m os demais usu\u00e1rios da rodovia, que poderiam ser atingidos por uma eventual colis\u00e3o.<\/p>\n<p>A Promotoria tamb\u00e9m aponta que o crime foi cometido mediante recurso que dificultou a defesa da v\u00edtima. O MPPR cita que a circula\u00e7\u00e3o de um ve\u00edculo na contram\u00e3o representou uma situa\u00e7\u00e3o inesperada para os demais motoristas, surpreendendo a v\u00edtima e reduzindo a possibilidade de qualquer rea\u00e7\u00e3o capaz de evitar a colis\u00e3o.<\/p>\n<p>Al\u00e9m da condena\u00e7\u00e3o \u00e0s penas previstas em lei, o MPPR requer que a denunciada seja condenada ao pagamento de R$ 50 mil a t\u00edtulo de indeniza\u00e7\u00e3o aos familiares da v\u00edtima pelos danos decorrentes do crime.<\/p>\n<p>Processo: 0010134-79.2026.8.16.0026<\/p>\n<p><em>Informa\u00e7\u00f5es para a imprensa:<br \/>Assessoria de Comunica\u00e7\u00e3o<br \/><a href=\"https:\/\/mppr.mp.br\/cdn-cgi\/l\/email-protection\" class=\"__cf_email__\" data-cfemail=\"1d7e72706873747e7c7e7c725d706d6d6f33706d337f6f\">[email\u00a0protected]<\/a><br \/>(41) 3250-4226<\/em><\/p>\n<\/div>\n<p><a href=\"https:\/\/ubirataonline.com.br\/noticias\/\" target=\"_blank\" rel=\"noopener noreferrer\">Mais Not\u00edcias<\/a><\/p>\n<p><a href=\"https:\/\/ubirataonline.com.br\" target=\"_blank\" rel=\"noopener noreferrer\">Home Page &#8211; In\u00edcio<\/a><\/p>\n<p><a href=\"https:\/\/mppr.mp.br\/Noticia\/Em-Campo-Largo-MPPR-denuncia-por-homicidio-qualificado-motorista-que-invadiu-contramao\">Source link <\/a><br \/>\nSee more: <a href=\"https:\/\/theglobaltrack.com\/\" target=\"_blank\" rel=\"noopener noreferrer\">The Global Track<\/a><\/p>\n<p><a href=\"https:\/\/corinthiames.com.br\/\" target=\"_blank\" rel=\"noopener noreferrer\">Corinthia Mes<\/a><\/p>\n","protected":false},"excerpt":{"rendered":"<p>O Minist\u00e9rio P\u00fablico do Paran\u00e1, por meio da 2\u00aa Promotoria de Justi\u00e7a de Campo Largo, na Regi\u00e3o Metropolitana de Curitiba, ofereceu den\u00fancia criminal nesta segunda-feira, 31 de agosto, contra uma mulher de 44 anos pelo crime de homic\u00eddio qualificado. Segundo a den\u00fancia, ela conduzia um ve\u00edculo pela contram\u00e3o quando colidiu com uma motocicleta, causando a [&hellip;]<\/p>\n","protected":false},"author":1,"featured_media":171218,"comment_status":"closed","ping_status":"","sticky":false,"template":"","format":"standard","meta":{"googlesitekit_rrm_CAow2JLhCw:productID":"","_gspb_post_css":"","maa_idioma":"","maa_pais":"","footnotes":""},"categories":[4],"tags":[43588,3507,6281,20821,24158,233,2683,36788,12100,199,10874,3579,1632,3211,10930],"class_list":["post-171217","post","type-post","status-publish","format-standard","has-post-thumbnail","hentry","category-brasil","tag-bateu","tag-campo","tag-causou","tag-condutor","tag-contramao","tag-denuncia","tag-homicidio","tag-invadiu","tag-largo","tag-morte","tag-motocicleta","tag-motorista","tag-mppr","tag-por","tag-qualificado"],"blocksy_meta":[],"yoast_head":"<!-- This site is optimized with the Yoast SEO Premium plugin v27.6 (Yoast SEO v27.6) - https:\/\/yoast.com\/product\/yoast-seo-premium-wordpress\/ -->\n<title>Em Campo Largo, MPPR denuncia por homic\u00eddio qualificado motorista que invadiu contram\u00e3o, bateu em motocicleta e causou a morte do condutor - Ubirat\u00e3 Online Not\u00edcias - A realidade ao seu alcance!<\/title>\n<meta name=\"description\" content=\"O Minist\u00e9rio P\u00fablico do Paran\u00e1, por meio da 2\u00aa Promotoria de Justi\u00e7a de Campo Largo, na Regi\u00e3o Metropolitana de Curitiba, ofereceu den\u00fancia criminal nesta segunda-feira, 31 de agosto, contra uma mulher de 44 anos pelo crime de homic\u00eddio qualificad\" \/>\n<meta name=\"robots\" content=\"index, follow, max-snippet:-1, max-image-preview:large, max-video-preview:-1\" \/>\n<link rel=\"canonical\" href=\"https:\/\/ubirataonline.com.br\/en\/em-campo-largo-mppr-denuncia-por-homicidio-qualificado-motorista-que-invadiu-contramao-bateu-em-motocicleta-e-causou-a-morte-do-condutor\/\" \/>\n<meta property=\"og:locale\" content=\"en_US\" \/>\n<meta property=\"og:type\" content=\"article\" \/>\n<meta property=\"og:title\" content=\"Em Campo Largo, MPPR denuncia por homic\u00eddio qualificado motorista que invadiu contram\u00e3o, bateu em motocicleta e causou a morte do condutor\" \/>\n<meta property=\"og:description\" content=\"O Minist\u00e9rio P\u00fablico do Paran\u00e1, por meio da 2\u00aa Promotoria de Justi\u00e7a de Campo Largo, na Regi\u00e3o Metropolitana de Curitiba, ofereceu den\u00fancia criminal nesta segunda-feira, 31 de agosto, contra uma mulher de 44 anos pelo crime de homic\u00eddio qualificad\" \/>\n<meta property=\"og:url\" content=\"https:\/\/ubirataonline.com.br\/en\/em-campo-largo-mppr-denuncia-por-homicidio-qualificado-motorista-que-invadiu-contramao-bateu-em-motocicleta-e-causou-a-morte-do-condutor\/\" \/>\n<meta property=\"og:site_name\" content=\"Ubirat\u00e3 Online Not\u00edcias - A realidade ao seu alcance!\" \/>\n<meta property=\"article:publisher\" content=\"https:\/\/www.facebook.com\/portalubirataonline\" \/>\n<meta property=\"article:author\" content=\"https:\/\/www.facebook.com\/portalubirataonline\" \/>\n<meta property=\"article:published_time\" content=\"2026-09-06T03:37:52+00:00\" \/>\n<meta property=\"article:modified_time\" content=\"2026-09-06T03:37:53+00:00\" \/>\n<meta property=\"og:image\" content=\"https:\/\/ubirataonline.com.br\/wp-content\/uploads\/2026\/09\/Em-Campo-Largo-MPPR-denuncia-por-homicidio-qualificado-motorista-que.png\" \/>\n\t<meta property=\"og:image:width\" content=\"240\" \/>\n\t<meta property=\"og:image:height\" content=\"240\" \/>\n\t<meta property=\"og:image:type\" content=\"image\/png\" \/>\n<meta name=\"author\" content=\"REDA\u00c7\u00c3O: UBIRAT\u00c3 ONLINE - F\u00c1BIO AUGUSTO CELESTINO\" \/>\n<meta name=\"twitter:card\" content=\"summary_large_image\" \/>\n<meta name=\"twitter:creator\" content=\"@x.com\/ubirataonline\" \/>\n<meta name=\"twitter:site\" content=\"@ubirataonline\" \/>\n<meta name=\"twitter:label1\" content=\"Written by\" \/>\n\t<meta name=\"twitter:data1\" content=\"REDA\u00c7\u00c3O: UBIRAT\u00c3 ONLINE - F\u00c1BIO AUGUSTO CELESTINO\" \/>\n\t<meta name=\"twitter:label2\" content=\"Est. reading time\" \/>\n\t<meta name=\"twitter:data2\" content=\"2 minutes\" \/>\n<script type=\"application\/ld+json\" class=\"yoast-schema-graph\">{\"@context\":\"https:\\\/\\\/schema.org\",\"@graph\":[{\"@type\":\"NewsArticle\",\"@id\":\"https:\\\/\\\/ubirataonline.com.br\\\/em-campo-largo-mppr-denuncia-por-homicidio-qualificado-motorista-que-invadiu-contramao-bateu-em-motocicleta-e-causou-a-morte-do-condutor\\\/#article\",\"isPartOf\":{\"@id\":\"https:\\\/\\\/ubirataonline.com.br\\\/em-campo-largo-mppr-denuncia-por-homicidio-qualificado-motorista-que-invadiu-contramao-bateu-em-motocicleta-e-causou-a-morte-do-condutor\\\/\"},\"author\":{\"name\":\"REDA\u00c7\u00c3O: UBIRAT\u00c3 ONLINE - F\u00c1BIO AUGUSTO CELESTINO\",\"@id\":\"https:\\\/\\\/ubirataonline.com.br\\\/#\\\/schema\\\/person\\\/372f87bbd3fdd79b8556b84c98d0bc1c\"},\"headline\":\"Em Campo Largo, MPPR denuncia por homic\u00eddio qualificado motorista que invadiu contram\u00e3o, bateu em motocicleta e causou a morte do condutor\",\"datePublished\":\"2026-09-06T03:37:52+00:00\",\"dateModified\":\"2026-09-06T03:37:53+00:00\",\"mainEntityOfPage\":{\"@id\":\"https:\\\/\\\/ubirataonline.com.br\\\/em-campo-largo-mppr-denuncia-por-homicidio-qualificado-motorista-que-invadiu-contramao-bateu-em-motocicleta-e-causou-a-morte-do-condutor\\\/\"},\"wordCount\":345,\"publisher\":{\"@id\":\"https:\\\/\\\/ubirataonline.com.br\\\/#organization\"},\"image\":{\"@id\":\"https:\\\/\\\/ubirataonline.com.br\\\/em-campo-largo-mppr-denuncia-por-homicidio-qualificado-motorista-que-invadiu-contramao-bateu-em-motocicleta-e-causou-a-morte-do-condutor\\\/#primaryimage\"},\"thumbnailUrl\":\"https:\\\/\\\/ubirataonline.com.br\\\/wp-content\\\/uploads\\\/2026\\\/09\\\/Em-Campo-Largo-MPPR-denuncia-por-homicidio-qualificado-motorista-que.png\",\"keywords\":[\"bateu\",\"campo\",\"causou\",\"Condutor\",\"contram\u00e3o\",\"Den\u00fancia\",\"Homic\u00eddio\",\"invadiu\",\"Largo\",\"Morte\",\"motocicleta\",\"Motorista\",\"MPPR\",\"por\",\"qualificado\"],\"articleSection\":[\"Brasil\"],\"inLanguage\":\"en-US\",\"copyrightYear\":\"2026\",\"copyrightHolder\":{\"@id\":\"https:\\\/\\\/ubirataonline.com.br\\\/en\\\/#organization\"}},{\"@type\":\"WebPage\",\"@id\":\"https:\\\/\\\/ubirataonline.com.br\\\/em-campo-largo-mppr-denuncia-por-homicidio-qualificado-motorista-que-invadiu-contramao-bateu-em-motocicleta-e-causou-a-morte-do-condutor\\\/\",\"url\":\"https:\\\/\\\/ubirataonline.com.br\\\/em-campo-largo-mppr-denuncia-por-homicidio-qualificado-motorista-que-invadiu-contramao-bateu-em-motocicleta-e-causou-a-morte-do-condutor\\\/\",\"name\":\"Em Campo Largo, MPPR denuncia por homic\u00eddio qualificado motorista que invadiu contram\u00e3o, bateu em motocicleta e causou a morte do condutor - Ubirat\u00e3 Online Not\u00edcias - A realidade ao seu alcance!\",\"isPartOf\":{\"@id\":\"https:\\\/\\\/ubirataonline.com.br\\\/#website\"},\"primaryImageOfPage\":{\"@id\":\"https:\\\/\\\/ubirataonline.com.br\\\/em-campo-largo-mppr-denuncia-por-homicidio-qualificado-motorista-que-invadiu-contramao-bateu-em-motocicleta-e-causou-a-morte-do-condutor\\\/#primaryimage\"},\"image\":{\"@id\":\"https:\\\/\\\/ubirataonline.com.br\\\/em-campo-largo-mppr-denuncia-por-homicidio-qualificado-motorista-que-invadiu-contramao-bateu-em-motocicleta-e-causou-a-morte-do-condutor\\\/#primaryimage\"},\"thumbnailUrl\":\"https:\\\/\\\/ubirataonline.com.br\\\/wp-content\\\/uploads\\\/2026\\\/09\\\/Em-Campo-Largo-MPPR-denuncia-por-homicidio-qualificado-motorista-que.png\",\"datePublished\":\"2026-09-06T03:37:52+00:00\",\"dateModified\":\"2026-09-06T03:37:53+00:00\",\"description\":\"O Minist\u00e9rio P\u00fablico do Paran\u00e1, por meio da 2\u00aa Promotoria de Justi\u00e7a de Campo Largo, na Regi\u00e3o Metropolitana de Curitiba, ofereceu den\u00fancia criminal nesta segunda-feira, 31 de agosto, contra uma mulher de 44 anos pelo crime de homic\u00eddio qualificad\",\"breadcrumb\":{\"@id\":\"https:\\\/\\\/ubirataonline.com.br\\\/em-campo-largo-mppr-denuncia-por-homicidio-qualificado-motorista-que-invadiu-contramao-bateu-em-motocicleta-e-causou-a-morte-do-condutor\\\/#breadcrumb\"},\"inLanguage\":\"en-US\",\"potentialAction\":[{\"@type\":\"ReadAction\",\"target\":[\"https:\\\/\\\/ubirataonline.com.br\\\/em-campo-largo-mppr-denuncia-por-homicidio-qualificado-motorista-que-invadiu-contramao-bateu-em-motocicleta-e-causou-a-morte-do-condutor\\\/\"]}]},{\"@type\":\"ImageObject\",\"inLanguage\":\"en-US\",\"@id\":\"https:\\\/\\\/ubirataonline.com.br\\\/em-campo-largo-mppr-denuncia-por-homicidio-qualificado-motorista-que-invadiu-contramao-bateu-em-motocicleta-e-causou-a-morte-do-condutor\\\/#primaryimage\",\"url\":\"https:\\\/\\\/ubirataonline.com.br\\\/wp-content\\\/uploads\\\/2026\\\/09\\\/Em-Campo-Largo-MPPR-denuncia-por-homicidio-qualificado-motorista-que.png\",\"contentUrl\":\"https:\\\/\\\/ubirataonline.com.br\\\/wp-content\\\/uploads\\\/2026\\\/09\\\/Em-Campo-Largo-MPPR-denuncia-por-homicidio-qualificado-motorista-que.png\",\"width\":240,\"height\":240,\"caption\":\"Em Campo Largo, MPPR denuncia por homic\u00eddio qualificado motorista que invadiu contram\u00e3o, bateu em motocicleta e causou a morte do condutor\"},{\"@type\":\"BreadcrumbList\",\"@id\":\"https:\\\/\\\/ubirataonline.com.br\\\/em-campo-largo-mppr-denuncia-por-homicidio-qualificado-motorista-que-invadiu-contramao-bateu-em-motocicleta-e-causou-a-morte-do-condutor\\\/#breadcrumb\",\"itemListElement\":[{\"@type\":\"ListItem\",\"position\":1,\"name\":\"In\u00edcio\",\"item\":\"https:\\\/\\\/ubirataonline.com.br\\\/\"},{\"@type\":\"ListItem\",\"position\":2,\"name\":\"Em Campo Largo, MPPR denuncia por homic\u00eddio qualificado motorista que invadiu contram\u00e3o, bateu em motocicleta e causou a morte do condutor\"}]},{\"@type\":\"WebSite\",\"@id\":\"https:\\\/\\\/ubirataonline.com.br\\\/#website\",\"url\":\"https:\\\/\\\/ubirataonline.com.br\\\/\",\"name\":\"Ubirat\u00e3 Online Not\u00edcias\",\"description\":\"Not\u00edcias de Ubirat\u00e3, regi\u00e3o, Brasil e mundo, com informa\u00e7\u00e3o atualizada e compromisso com o leitor.\",\"publisher\":{\"@id\":\"https:\\\/\\\/ubirataonline.com.br\\\/#organization\"},\"alternateName\":\"Ubirat\u00e3 Online\",\"potentialAction\":[{\"@type\":\"SearchAction\",\"target\":{\"@type\":\"EntryPoint\",\"urlTemplate\":\"https:\\\/\\\/ubirataonline.com.br\\\/?s={search_term_string}\"},\"query-input\":{\"@type\":\"PropertyValueSpecification\",\"valueRequired\":true,\"valueName\":\"search_term_string\"}}],\"inLanguage\":\"en-US\"},{\"@type\":[\"Organization\",\"Place\"],\"@id\":\"https:\\\/\\\/ubirataonline.com.br\\\/#organization\",\"name\":\"Ubirat\u00e3 Online Not\u00edcias\",\"alternateName\":\"Ubirat\u00e3 Online\",\"url\":\"https:\\\/\\\/ubirataonline.com.br\\\/\",\"logo\":{\"@id\":\"https:\\\/\\\/ubirataonline.com.br\\\/em-campo-largo-mppr-denuncia-por-homicidio-qualificado-motorista-que-invadiu-contramao-bateu-em-motocicleta-e-causou-a-morte-do-condutor\\\/#local-main-organization-logo\"},\"image\":{\"@id\":\"https:\\\/\\\/ubirataonline.com.br\\\/em-campo-largo-mppr-denuncia-por-homicidio-qualificado-motorista-que-invadiu-contramao-bateu-em-motocicleta-e-causou-a-morte-do-condutor\\\/#local-main-organization-logo\"},\"sameAs\":[\"https:\\\/\\\/www.facebook.com\\\/portalubirataonline\",\"https:\\\/\\\/x.com\\\/ubirataonline\",\"https:\\\/\\\/mastodon.social\\\/@ubirataonline\",\"https:\\\/\\\/www.facebook.com\\\/groups\\\/311144672285604\",\"https:\\\/\\\/www.facebook.com\\\/UBTAOnline\",\"https:\\\/\\\/www.instagram.com\\\/portalubirataonline\\\/\",\"https:\\\/\\\/twitter.com\\\/ubirataonline\"],\"description\":\"Somos um portal de not\u00edcias independente, criado em 5 de janeiro de 2009, com o objetivo de informar, conectar e valorizar a nossa comunidade de Ubirat\u00e3 e toda aregi\u00e3o. Com conte\u00fado atualizado, confi\u00e1vel e relevante, o Ubirat\u00e3 Online \u00e9 o seu espa\u00e7o para ficar por dentro dos principais acontecimentos locais, regionais, Brasil, Mundo e de interesse geral. Nosso compromisso \u00e9 com a verdade, a transpar\u00eancia e o respeito ao leitor.\",\"legalName\":\"UBIRATA ONLINE NOT\u00cdCIAS\",\"foundingDate\":\"2009-01-05\",\"numberOfEmployees\":{\"@type\":\"QuantitativeValue\",\"minValue\":\"1\",\"maxValue\":\"10\"},\"publishingPrinciples\":\"https:\\\/\\\/ubirataonline.com.br\\\/faq\\\/\",\"address\":{\"@id\":\"https:\\\/\\\/ubirataonline.com.br\\\/em-campo-largo-mppr-denuncia-por-homicidio-qualificado-motorista-que-invadiu-contramao-bateu-em-motocicleta-e-causou-a-morte-do-condutor\\\/#local-main-place-address\"},\"geo\":{\"@type\":\"GeoCoordinates\",\"latitude\":\"-24.5361401\",\"longitude\":\"-52.9921776\"},\"telephone\":[\"+5544998308235\"],\"contactPoint\":{\"@type\":\"ContactPoint\",\"email\":\"contato@ubirataonline.com.br\"},\"openingHoursSpecification\":{\"@type\":\"OpeningHoursSpecification\",\"dayOfWeek\":[\"Monday\",\"Tuesday\",\"Wednesday\",\"Thursday\",\"Friday\",\"Saturday\",\"Sunday\"],\"opens\":\"00:00\",\"closes\":\"23:59\"},\"email\":\"contato@ubirataonline.com.br\",\"vatID\":\"47.621.418\\\/0001-80\"},{\"@type\":\"Person\",\"@id\":\"https:\\\/\\\/ubirataonline.com.br\\\/#\\\/schema\\\/person\\\/372f87bbd3fdd79b8556b84c98d0bc1c\",\"name\":\"REDA\u00c7\u00c3O: UBIRAT\u00c3 ONLINE - F\u00c1BIO AUGUSTO CELESTINO\",\"pronouns\":\"Ele\",\"description\":\"Desde 2003 trabalhando com not\u00edcias.\",\"sameAs\":[\"http:\\\/\\\/ubirataoline.com.br\",\"https:\\\/\\\/www.facebook.com\\\/portalubirataonline\",\"https:\\\/\\\/www.instagram.com\\\/ubirataonline_oficial\",\"https:\\\/\\\/x.com\\\/x.com\\\/ubirataonline\"],\"honorificPrefix\":\"Mr.\",\"honorificSuffix\":\"MD\",\"birthDate\":\"1980-06-16\",\"gender\":\"masculino\",\"award\":[\"V\u00e1rios pr\u00eamios de melhor portal da cidade\"],\"jobTitle\":\"Diretor\",\"url\":\"https:\\\/\\\/ubirataonline.com.br\\\/en\\\/author\\\/ubirataonline\\\/\"},{\"@type\":\"PostalAddress\",\"@id\":\"https:\\\/\\\/ubirataonline.com.br\\\/em-campo-largo-mppr-denuncia-por-homicidio-qualificado-motorista-que-invadiu-contramao-bateu-em-motocicleta-e-causou-a-morte-do-condutor\\\/#local-main-place-address\",\"streetAddress\":\"Rua dos Coqueiros, 104 - Bairro Boa Vista, Rua dos Coqueiros, 104 Bairro Boa Vista\",\"addressLocality\":\"UBIRATA\",\"postalCode\":\"85440-000\",\"addressRegion\":\"PR\",\"addressCountry\":\"BR\"},{\"@type\":\"ImageObject\",\"inLanguage\":\"en-US\",\"@id\":\"https:\\\/\\\/ubirataonline.com.br\\\/em-campo-largo-mppr-denuncia-por-homicidio-qualificado-motorista-que-invadiu-contramao-bateu-em-motocicleta-e-causou-a-morte-do-condutor\\\/#local-main-organization-logo\",\"url\":\"https:\\\/\\\/ubirataonline.com.br\\\/wp-content\\\/uploads\\\/2026\\\/06\\\/logoubirataonline-1.webp\",\"contentUrl\":\"https:\\\/\\\/ubirataonline.com.br\\\/wp-content\\\/uploads\\\/2026\\\/06\\\/logoubirataonline-1.webp\",\"width\":500,\"height\":500,\"caption\":\"Ubirat\u00e3 Online Not\u00edcias\"}]}<\/script>\n<meta name=\"geo.placename\" content=\"UBIRATA\" \/>\n<meta name=\"geo.position\" content=\"-24.5361401;-52.9921776\" \/>\n<meta name=\"geo.region\" content=\"Brazil\" \/>\n<!-- \/ Yoast SEO Premium plugin. -->","yoast_head_json":{"title":"Em Campo Largo, MPPR denuncia por homic\u00eddio qualificado motorista que invadiu contram\u00e3o, bateu em motocicleta e causou a morte do condutor - Ubirat\u00e3 Online Not\u00edcias - A realidade ao seu alcance!","description":"O Minist\u00e9rio P\u00fablico do Paran\u00e1, por meio da 2\u00aa Promotoria de Justi\u00e7a de Campo Largo, na Regi\u00e3o Metropolitana de Curitiba, ofereceu den\u00fancia criminal nesta segunda-feira, 31 de agosto, contra uma mulher de 44 anos pelo crime de homic\u00eddio qualificad","robots":{"index":"index","follow":"follow","max-snippet":"max-snippet:-1","max-image-preview":"max-image-preview:large","max-video-preview":"max-video-preview:-1"},"canonical":"https:\/\/ubirataonline.com.br\/en\/em-campo-largo-mppr-denuncia-por-homicidio-qualificado-motorista-que-invadiu-contramao-bateu-em-motocicleta-e-causou-a-morte-do-condutor\/","og_locale":"en_US","og_type":"article","og_title":"Em Campo Largo, MPPR denuncia por homic\u00eddio qualificado motorista que invadiu contram\u00e3o, bateu em motocicleta e causou a morte do condutor","og_description":"O Minist\u00e9rio P\u00fablico do Paran\u00e1, por meio da 2\u00aa Promotoria de Justi\u00e7a de Campo Largo, na Regi\u00e3o Metropolitana de Curitiba, ofereceu den\u00fancia criminal nesta segunda-feira, 31 de agosto, contra uma mulher de 44 anos pelo crime de homic\u00eddio qualificad","og_url":"https:\/\/ubirataonline.com.br\/en\/em-campo-largo-mppr-denuncia-por-homicidio-qualificado-motorista-que-invadiu-contramao-bateu-em-motocicleta-e-causou-a-morte-do-condutor\/","og_site_name":"Ubirat\u00e3 Online Not\u00edcias - A realidade ao seu alcance!","article_publisher":"https:\/\/www.facebook.com\/portalubirataonline","article_author":"https:\/\/www.facebook.com\/portalubirataonline","article_published_time":"2026-09-06T03:37:52+00:00","article_modified_time":"2026-09-06T03:37:53+00:00","og_image":[{"width":240,"height":240,"url":"https:\/\/ubirataonline.com.br\/wp-content\/uploads\/2026\/09\/Em-Campo-Largo-MPPR-denuncia-por-homicidio-qualificado-motorista-que.png","type":"image\/png"}],"author":"REDA\u00c7\u00c3O: UBIRAT\u00c3 ONLINE - F\u00c1BIO AUGUSTO CELESTINO","twitter_card":"summary_large_image","twitter_creator":"@x.com\/ubirataonline","twitter_site":"@ubirataonline","twitter_misc":{"Written by":"REDA\u00c7\u00c3O: UBIRAT\u00c3 ONLINE - F\u00c1BIO AUGUSTO CELESTINO","Est. reading time":"2 minutes"},"schema":{"@context":"https:\/\/schema.org","@graph":[{"@type":"NewsArticle","@id":"https:\/\/ubirataonline.com.br\/em-campo-largo-mppr-denuncia-por-homicidio-qualificado-motorista-que-invadiu-contramao-bateu-em-motocicleta-e-causou-a-morte-do-condutor\/#article","isPartOf":{"@id":"https:\/\/ubirataonline.com.br\/em-campo-largo-mppr-denuncia-por-homicidio-qualificado-motorista-que-invadiu-contramao-bateu-em-motocicleta-e-causou-a-morte-do-condutor\/"},"author":{"name":"REDA\u00c7\u00c3O: UBIRAT\u00c3 ONLINE - F\u00c1BIO AUGUSTO CELESTINO","@id":"https:\/\/ubirataonline.com.br\/#\/schema\/person\/372f87bbd3fdd79b8556b84c98d0bc1c"},"headline":"Em Campo Largo, MPPR denuncia por homic\u00eddio qualificado motorista que invadiu contram\u00e3o, bateu em motocicleta e causou a morte do condutor","datePublished":"2026-09-06T03:37:52+00:00","dateModified":"2026-09-06T03:37:53+00:00","mainEntityOfPage":{"@id":"https:\/\/ubirataonline.com.br\/em-campo-largo-mppr-denuncia-por-homicidio-qualificado-motorista-que-invadiu-contramao-bateu-em-motocicleta-e-causou-a-morte-do-condutor\/"},"wordCount":345,"publisher":{"@id":"https:\/\/ubirataonline.com.br\/#organization"},"image":{"@id":"https:\/\/ubirataonline.com.br\/em-campo-largo-mppr-denuncia-por-homicidio-qualificado-motorista-que-invadiu-contramao-bateu-em-motocicleta-e-causou-a-morte-do-condutor\/#primaryimage"},"thumbnailUrl":"https:\/\/ubirataonline.com.br\/wp-content\/uploads\/2026\/09\/Em-Campo-Largo-MPPR-denuncia-por-homicidio-qualificado-motorista-que.png","keywords":["bateu","campo","causou","Condutor","contram\u00e3o","Den\u00fancia","Homic\u00eddio","invadiu","Largo","Morte","motocicleta","Motorista","MPPR","por","qualificado"],"articleSection":["Brasil"],"inLanguage":"en-US","copyrightYear":"2026","copyrightHolder":{"@id":"https:\/\/ubirataonline.com.br\/en\/#organization"}},{"@type":"WebPage","@id":"https:\/\/ubirataonline.com.br\/em-campo-largo-mppr-denuncia-por-homicidio-qualificado-motorista-que-invadiu-contramao-bateu-em-motocicleta-e-causou-a-morte-do-condutor\/","url":"https:\/\/ubirataonline.com.br\/em-campo-largo-mppr-denuncia-por-homicidio-qualificado-motorista-que-invadiu-contramao-bateu-em-motocicleta-e-causou-a-morte-do-condutor\/","name":"Em Campo Largo, MPPR denuncia por homic\u00eddio qualificado motorista que invadiu contram\u00e3o, bateu em motocicleta e causou a morte do condutor - Ubirat\u00e3 Online Not\u00edcias - A realidade ao seu alcance!","isPartOf":{"@id":"https:\/\/ubirataonline.com.br\/#website"},"primaryImageOfPage":{"@id":"https:\/\/ubirataonline.com.br\/em-campo-largo-mppr-denuncia-por-homicidio-qualificado-motorista-que-invadiu-contramao-bateu-em-motocicleta-e-causou-a-morte-do-condutor\/#primaryimage"},"image":{"@id":"https:\/\/ubirataonline.com.br\/em-campo-largo-mppr-denuncia-por-homicidio-qualificado-motorista-que-invadiu-contramao-bateu-em-motocicleta-e-causou-a-morte-do-condutor\/#primaryimage"},"thumbnailUrl":"https:\/\/ubirataonline.com.br\/wp-content\/uploads\/2026\/09\/Em-Campo-Largo-MPPR-denuncia-por-homicidio-qualificado-motorista-que.png","datePublished":"2026-09-06T03:37:52+00:00","dateModified":"2026-09-06T03:37:53+00:00","description":"O Minist\u00e9rio P\u00fablico do Paran\u00e1, por meio da 2\u00aa Promotoria de Justi\u00e7a de Campo Largo, na Regi\u00e3o Metropolitana de Curitiba, ofereceu den\u00fancia criminal nesta segunda-feira, 31 de agosto, contra uma mulher de 44 anos pelo crime de homic\u00eddio qualificad","breadcrumb":{"@id":"https:\/\/ubirataonline.com.br\/em-campo-largo-mppr-denuncia-por-homicidio-qualificado-motorista-que-invadiu-contramao-bateu-em-motocicleta-e-causou-a-morte-do-condutor\/#breadcrumb"},"inLanguage":"en-US","potentialAction":[{"@type":"ReadAction","target":["https:\/\/ubirataonline.com.br\/em-campo-largo-mppr-denuncia-por-homicidio-qualificado-motorista-que-invadiu-contramao-bateu-em-motocicleta-e-causou-a-morte-do-condutor\/"]}]},{"@type":"ImageObject","inLanguage":"en-US","@id":"https:\/\/ubirataonline.com.br\/em-campo-largo-mppr-denuncia-por-homicidio-qualificado-motorista-que-invadiu-contramao-bateu-em-motocicleta-e-causou-a-morte-do-condutor\/#primaryimage","url":"https:\/\/ubirataonline.com.br\/wp-content\/uploads\/2026\/09\/Em-Campo-Largo-MPPR-denuncia-por-homicidio-qualificado-motorista-que.png","contentUrl":"https:\/\/ubirataonline.com.br\/wp-content\/uploads\/2026\/09\/Em-Campo-Largo-MPPR-denuncia-por-homicidio-qualificado-motorista-que.png","width":240,"height":240,"caption":"Em Campo Largo, MPPR denuncia por homic\u00eddio qualificado motorista que invadiu contram\u00e3o, bateu em motocicleta e causou a morte do condutor"},{"@type":"BreadcrumbList","@id":"https:\/\/ubirataonline.com.br\/em-campo-largo-mppr-denuncia-por-homicidio-qualificado-motorista-que-invadiu-contramao-bateu-em-motocicleta-e-causou-a-morte-do-condutor\/#breadcrumb","itemListElement":[{"@type":"ListItem","position":1,"name":"In\u00edcio","item":"https:\/\/ubirataonline.com.br\/"},{"@type":"ListItem","position":2,"name":"Em Campo Largo, MPPR denuncia por homic\u00eddio qualificado motorista que invadiu contram\u00e3o, bateu em motocicleta e causou a morte do condutor"}]},{"@type":"WebSite","@id":"https:\/\/ubirataonline.com.br\/#website","url":"https:\/\/ubirataonline.com.br\/","name":"Ubirat\u00e3 Online Not\u00edcias","description":"Not\u00edcias de Ubirat\u00e3, regi\u00e3o, Brasil e mundo, com informa\u00e7\u00e3o atualizada e compromisso com o leitor.","publisher":{"@id":"https:\/\/ubirataonline.com.br\/#organization"},"alternateName":"Ubirat\u00e3 Online","potentialAction":[{"@type":"SearchAction","target":{"@type":"EntryPoint","urlTemplate":"https:\/\/ubirataonline.com.br\/?s={search_term_string}"},"query-input":{"@type":"PropertyValueSpecification","valueRequired":true,"valueName":"search_term_string"}}],"inLanguage":"en-US"},{"@type":["Organization","Place"],"@id":"https:\/\/ubirataonline.com.br\/#organization","name":"Ubirat\u00e3 Online Not\u00edcias","alternateName":"Ubirat\u00e3 Online","url":"https:\/\/ubirataonline.com.br\/","logo":{"@id":"https:\/\/ubirataonline.com.br\/em-campo-largo-mppr-denuncia-por-homicidio-qualificado-motorista-que-invadiu-contramao-bateu-em-motocicleta-e-causou-a-morte-do-condutor\/#local-main-organization-logo"},"image":{"@id":"https:\/\/ubirataonline.com.br\/em-campo-largo-mppr-denuncia-por-homicidio-qualificado-motorista-que-invadiu-contramao-bateu-em-motocicleta-e-causou-a-morte-do-condutor\/#local-main-organization-logo"},"sameAs":["https:\/\/www.facebook.com\/portalubirataonline","https:\/\/x.com\/ubirataonline","https:\/\/mastodon.social\/@ubirataonline","https:\/\/www.facebook.com\/groups\/311144672285604","https:\/\/www.facebook.com\/UBTAOnline","https:\/\/www.instagram.com\/portalubirataonline\/","https:\/\/twitter.com\/ubirataonline"],"description":"Somos um portal de not\u00edcias independente, criado em 5 de janeiro de 2009, com o objetivo de informar, conectar e valorizar a nossa comunidade de Ubirat\u00e3 e toda aregi\u00e3o. Com conte\u00fado atualizado, confi\u00e1vel e relevante, o Ubirat\u00e3 Online \u00e9 o seu espa\u00e7o para ficar por dentro dos principais acontecimentos locais, regionais, Brasil, Mundo e de interesse geral. Nosso compromisso \u00e9 com a verdade, a transpar\u00eancia e o respeito ao leitor.","legalName":"UBIRATA ONLINE NOT\u00cdCIAS","foundingDate":"2009-01-05","numberOfEmployees":{"@type":"QuantitativeValue","minValue":"1","maxValue":"10"},"publishingPrinciples":"https:\/\/ubirataonline.com.br\/faq\/","address":{"@id":"https:\/\/ubirataonline.com.br\/em-campo-largo-mppr-denuncia-por-homicidio-qualificado-motorista-que-invadiu-contramao-bateu-em-motocicleta-e-causou-a-morte-do-condutor\/#local-main-place-address"},"geo":{"@type":"GeoCoordinates","latitude":"-24.5361401","longitude":"-52.9921776"},"telephone":["+5544998308235"],"contactPoint":{"@type":"ContactPoint","email":"contato@ubirataonline.com.br"},"openingHoursSpecification":{"@type":"OpeningHoursSpecification","dayOfWeek":["Monday","Tuesday","Wednesday","Thursday","Friday","Saturday","Sunday"],"opens":"00:00","closes":"23:59"},"email":"contato@ubirataonline.com.br","vatID":"47.621.418\/0001-80"},{"@type":"Person","@id":"https:\/\/ubirataonline.com.br\/#\/schema\/person\/372f87bbd3fdd79b8556b84c98d0bc1c","name":"REDA\u00c7\u00c3O: UBIRAT\u00c3 ONLINE - F\u00c1BIO AUGUSTO CELESTINO","pronouns":"Ele","description":"Desde 2003 trabalhando com not\u00edcias.","sameAs":["http:\/\/ubirataoline.com.br","https:\/\/www.facebook.com\/portalubirataonline","https:\/\/www.instagram.com\/ubirataonline_oficial","https:\/\/x.com\/x.com\/ubirataonline"],"honorificPrefix":"Mr.","honorificSuffix":"MD","birthDate":"1980-06-16","gender":"masculino","award":["V\u00e1rios pr\u00eamios de melhor portal da cidade"],"jobTitle":"Diretor","url":"https:\/\/ubirataonline.com.br\/en\/author\/ubirataonline\/"},{"@type":"PostalAddress","@id":"https:\/\/ubirataonline.com.br\/em-campo-largo-mppr-denuncia-por-homicidio-qualificado-motorista-que-invadiu-contramao-bateu-em-motocicleta-e-causou-a-morte-do-condutor\/#local-main-place-address","streetAddress":"Rua dos Coqueiros, 104 - Bairro Boa Vista, Rua dos Coqueiros, 104 Bairro Boa Vista","addressLocality":"UBIRATA","postalCode":"85440-000","addressRegion":"PR","addressCountry":"BR"},{"@type":"ImageObject","inLanguage":"en-US","@id":"https:\/\/ubirataonline.com.br\/em-campo-largo-mppr-denuncia-por-homicidio-qualificado-motorista-que-invadiu-contramao-bateu-em-motocicleta-e-causou-a-morte-do-condutor\/#local-main-organization-logo","url":"https:\/\/ubirataonline.com.br\/wp-content\/uploads\/2026\/06\/logoubirataonline-1.webp","contentUrl":"https:\/\/ubirataonline.com.br\/wp-content\/uploads\/2026\/06\/logoubirataonline-1.webp","width":500,"height":500,"caption":"Ubirat\u00e3 Online Not\u00edcias"}]},"geo.placename":"UBIRATA","geo.position":{"lat":"-24.5361401","long":"-52.9921776"},"geo.region":"Brazil"},"_links":{"self":[{"href":"https:\/\/ubirataonline.com.br\/en\/wp-json\/wp\/v2\/posts\/171217","targetHints":{"allow":["GET"]}}],"collection":[{"href":"https:\/\/ubirataonline.com.br\/en\/wp-json\/wp\/v2\/posts"}],"about":[{"href":"https:\/\/ubirataonline.com.br\/en\/wp-json\/wp\/v2\/types\/post"}],"author":[{"embeddable":true,"href":"https:\/\/ubirataonline.com.br\/en\/wp-json\/wp\/v2\/users\/1"}],"replies":[{"embeddable":true,"href":"https:\/\/ubirataonline.com.br\/en\/wp-json\/wp\/v2\/comments?post=171217"}],"version-history":[{"count":1,"href":"https:\/\/ubirataonline.com.br\/en\/wp-json\/wp\/v2\/posts\/171217\/revisions"}],"predecessor-version":[{"id":171219,"href":"https:\/\/ubirataonline.com.br\/en\/wp-json\/wp\/v2\/posts\/171217\/revisions\/171219"}],"wp:featuredmedia":[{"embeddable":true,"href":"https:\/\/ubirataonline.com.br\/en\/wp-json\/wp\/v2\/media\/171218"}],"wp:attachment":[{"href":"https:\/\/ubirataonline.com.br\/en\/wp-json\/wp\/v2\/media?parent=171217"}],"wp:term":[{"taxonomy":"category","embeddable":true,"href":"https:\/\/ubirataonline.com.br\/en\/wp-json\/wp\/v2\/categories?post=171217"},{"taxonomy":"post_tag","embeddable":true,"href":"https:\/\/ubirataonline.com.br\/en\/wp-json\/wp\/v2\/tags?post=171217"}],"curies":[{"name":"wp","href":"https:\/\/api.w.org\/{rel}","templated":true}]}}