{"id":171347,"date":"2026-09-06T11:27:44","date_gmt":"2026-09-06T14:27:44","guid":{"rendered":"https:\/\/ubirataonline.com.br\/rapha-brilha-em-retorno-triunfal-ao-volei-profissional-e-ajuda-cruzeiro-a-superar-montes-claros-no-mineiro\/"},"modified":"2026-09-06T11:27:44","modified_gmt":"2026-09-06T14:27:44","slug":"rapha-brilha-em-retorno-triunfal-ao-volei-profissional-e-ajuda-cruzeiro-a-superar-montes-claros-no-mineiro","status":"publish","type":"post","link":"https:\/\/ubirataonline.com.br\/en\/rapha-brilha-em-retorno-triunfal-ao-volei-profissional-e-ajuda-cruzeiro-a-superar-montes-claros-no-mineiro\/","title":{"rendered":"Rapha brilha em retorno triunfal ao v\u00f4lei profissional e ajuda Cruzeiro a superar Montes Claros no Mineiro"},"content":{"rendered":"<h2>O retorno do veterano Rapha marcou a estreia vitoriosa do Cruzeiro no Campeonato Mineiro de V\u00f4lei masculino de 2026, com uma virada de 3 sets a 2 sobre o Montes Claros.<\/h2>\n<p>O <b>Cruzeiro<\/b>, que busca manter sua hegemonia no cen\u00e1rio estadual ap\u00f3s conquistar as \u00faltimas 16 edi\u00e7\u00f5es do torneio, iniciou sua trajet\u00f3ria na temporada de 2026 com um desafio intenso em casa. A partida foi realizada no Gin\u00e1sio do Riacho, em Contagem.<\/p>\n<p>O grande destaque do confronto foi a volta do levantador <b>Rapha<\/b> \u00e0s quadras. Aos 47 anos, o atleta aceitou o convite do clube para integrar o elenco temporariamente durante o <b>Campeonato Mineiro<\/b>, suprindo as aus\u00eancias de Matheus Bras\u00edlia, convocado para a Sele\u00e7\u00e3o Brasileira, e de Gustavo, que se recupera de les\u00e3o.<\/p>\n<p>Conforme informa\u00e7\u00e3o divulgada pelo <b>ge<\/b>, o duelo contra o Montes Claros exigiu supera\u00e7\u00e3o da equipe celeste desde o in\u00edcio. Os visitantes impuseram seu ritmo na primeira parcial, mas o time comandado por Filipe Ferraz conseguiu organizar o jogo e buscar a virada.<\/p>\n<h3>O desenrolar da partida no Gin\u00e1sio do Riacho<\/h3>\n<p>O confronto foi marcado por um grande equil\u00edbrio t\u00e9cnico, com parciais de 21&#215;25, 25&#215;22, 25&#215;23, 20&#215;25 e 15&#215;10. Ap\u00f3s o Montes Claros abrir vantagem, o <b>Cruzeiro<\/b> reagiu, virou a partida para 2 a 1, viu o advers\u00e1rio empatar no quarto set e, por fim, garantiu a vit\u00f3ria no <b>tie-break<\/b>.<\/p>\n<p>A rota\u00e7\u00e3o do elenco realizada pelo t\u00e9cnico Filipe Ferraz foi um dos fatores determinantes para que a equipe conseguisse manter a intensidade necess\u00e1ria para superar a resist\u00eancia do Montes Claros, especialmente em um momento de reconstru\u00e7\u00e3o t\u00e1tica com o retorno de pe\u00e7as importantes.<\/p>\n<h3>As palavras de Rapha sobre o retorno<\/h3>\n<p>Ap\u00f3s tr\u00eas anos afastado das quadras, <b>Rapha<\/b> expressou a emo\u00e7\u00e3o de vestir novamente a camisa de um dos maiores clubes do mundo. O jogador destacou que o desafio foi f\u00edsico, mas que a motiva\u00e7\u00e3o superou as dificuldades iniciais ap\u00f3s o longo per\u00edodo de inatividade.<\/p>\n<p>Em entrevista ap\u00f3s o jogo, o levantador declarou: <b>\u00c9 o sonho de todo jogador do mundo jogar no Cruzeiro, um dos maiores times do planeta. Depois de tr\u00eas anos parado, foi um desafio ainda maior. Confesso que estou com algumas dores, mas \u00e9 lindo ver o trabalho no clube. \u00c9 um prazer, e espero poder dar o meu m\u00e1ximo e contribuir para um time t\u00e3o vitorioso.<\/b><\/p>\n<h3>Sequ\u00eancia do Campeonato Mineiro<\/h3>\n<p>A competi\u00e7\u00e3o segue agora com a segunda rodada e os pr\u00f3ximos jogos da abertura. O calend\u00e1rio prev\u00ea o duelo entre JF V\u00f4lei e Praia Clube para a pr\u00f3xima ter\u00e7a-feira, \u00e0s 20h. J\u00e1 o encontro entre Minas e Monte Carmelo est\u00e1 programado para o dia 23 de setembro.<\/p>\n<p>O <b>Cruzeiro<\/b> segue sua prepara\u00e7\u00e3o visando a manuten\u00e7\u00e3o do t\u00edtulo, enquanto a torcida aguarda para ver como a equipe se comportar\u00e1 com a presen\u00e7a pontual de <b>Rapha<\/b>, que trouxe experi\u00eancia e lideran\u00e7a para este in\u00edcio de temporada.<\/p>\n<h3>Perguntas Frequentes (FAQ)<\/h3>\n<p><b>1. Qual foi o placar da estreia do Cruzeiro no Mineiro?<\/b><br \/>O Cruzeiro venceu o Montes Claros por 3 sets a 2, com parciais de 21&#215;25, 25&#215;22, 25&#215;23, 20&#215;25 e 15&#215;10.<\/p>\n<p><b>2. Por que Rapha voltou a jogar profissionalmente?<\/b><br \/>Rapha foi contratado pelo Cruzeiro especificamente para o Campeonato Mineiro para suprir as aus\u00eancias de Matheus Bras\u00edlia, que est\u00e1 com a Sele\u00e7\u00e3o Brasileira, e de Gustavo, que se encontra lesionado.<\/p>\n<p><b>3. H\u00e1 quanto tempo Rapha estava afastado das quadras?<\/b><br \/>O levantador estava afastado do v\u00f4lei profissional h\u00e1 tr\u00eas anos antes de retornar para este desafio no time mineiro.<\/p>\n<p><b>4. Quem \u00e9 o t\u00e9cnico do Cruzeiro?<\/b><br \/>A equipe celeste \u00e9 comandada pelo t\u00e9cnico Filipe Ferraz, que promoveu rod\u00edzio de jogadores durante a partida de estreia.<\/p>\n<p><b>5. Quando ser\u00e3o os pr\u00f3ximos jogos do Mineiro de V\u00f4lei?<\/b><br \/>O pr\u00f3ximo jogo ocorre na ter\u00e7a-feira, entre JF V\u00f4lei e Praia Clube, \u00e0s 20h. O duelo entre Minas e Monte Carmelo est\u00e1 marcado para o dia 23 de setembro.<\/p>","protected":false},"excerpt":{"rendered":"<p>O retorno do veterano Rapha marcou a estreia vitoriosa do Cruzeiro no Campeonato Mineiro de V\u00f4lei masculino de 2026, com uma virada de 3 sets a 2 sobre o Montes Claros. O Cruzeiro, que busca manter sua hegemonia no cen\u00e1rio estadual ap\u00f3s conquistar as \u00faltimas 16 edi\u00e7\u00f5es do torneio, iniciou sua trajet\u00f3ria na temporada de [&hellip;]<\/p>\n","protected":false},"author":1,"featured_media":171348,"comment_status":"","ping_status":"","sticky":false,"template":"","format":"standard","meta":{"googlesitekit_rrm_CAow2JLhCw:productID":"","_gspb_post_css":"","maa_idioma":"","maa_pais":"","footnotes":""},"categories":[40744],"tags":[],"class_list":["post-171347","post","type-post","status-publish","format-standard","has-post-thumbnail","hentry","category-esportes"],"blocksy_meta":[],"yoast_head":"<!-- This site is optimized with the Yoast SEO Premium plugin v27.6 (Yoast SEO v27.6) - https:\/\/yoast.com\/product\/yoast-seo-premium-wordpress\/ -->\n<title>Rapha brilha em retorno triunfal ao v\u00f4lei profissional e ajuda Cruzeiro a superar Montes Claros no Mineiro - Ubirat\u00e3 Online Not\u00edcias - A realidade ao seu alcance!<\/title>\n<meta name=\"description\" content=\"O retorno do veterano Rapha marcou a estreia vitoriosa do Cruzeiro no Campeonato Mineiro de V\u00f4lei masculino de 2026, com uma virada de 3 sets a 2 sobre o\" \/>\n<meta name=\"robots\" content=\"index, follow, max-snippet:-1, max-image-preview:large, max-video-preview:-1\" \/>\n<link rel=\"canonical\" href=\"https:\/\/ubirataonline.com.br\/en\/rapha-brilha-em-retorno-triunfal-ao-volei-profissional-e-ajuda-cruzeiro-a-superar-montes-claros-no-mineiro\/\" \/>\n<meta property=\"og:locale\" content=\"en_US\" \/>\n<meta property=\"og:type\" content=\"article\" \/>\n<meta property=\"og:title\" content=\"Rapha brilha em retorno triunfal ao v\u00f4lei profissional e ajuda Cruzeiro a superar Montes Claros no Mineiro\" \/>\n<meta property=\"og:description\" content=\"O retorno do veterano Rapha marcou a estreia vitoriosa do Cruzeiro no Campeonato Mineiro de V\u00f4lei masculino de 2026, com uma virada de 3 sets a 2 sobre o\" \/>\n<meta property=\"og:url\" content=\"https:\/\/ubirataonline.com.br\/en\/rapha-brilha-em-retorno-triunfal-ao-volei-profissional-e-ajuda-cruzeiro-a-superar-montes-claros-no-mineiro\/\" \/>\n<meta property=\"og:site_name\" content=\"Ubirat\u00e3 Online Not\u00edcias - A realidade ao seu alcance!\" \/>\n<meta property=\"article:publisher\" content=\"https:\/\/www.facebook.com\/portalubirataonline\" \/>\n<meta property=\"article:author\" content=\"https:\/\/www.facebook.com\/portalubirataonline\" \/>\n<meta property=\"article:published_time\" content=\"2026-09-06T14:27:44+00:00\" \/>\n<meta property=\"og:image\" content=\"https:\/\/ubirataonline.com.br\/wp-content\/uploads\/2026\/05\/logo2026.webp\" \/>\n\t<meta property=\"og:image:width\" content=\"1531\" \/>\n\t<meta property=\"og:image:height\" content=\"418\" \/>\n\t<meta property=\"og:image:type\" content=\"image\/webp\" \/>\n<meta name=\"author\" content=\"REDA\u00c7\u00c3O: UBIRAT\u00c3 ONLINE - F\u00c1BIO AUGUSTO CELESTINO\" \/>\n<meta name=\"twitter:card\" content=\"summary_large_image\" \/>\n<meta name=\"twitter:creator\" content=\"@x.com\/ubirataonline\" \/>\n<meta name=\"twitter:site\" content=\"@ubirataonline\" \/>\n<meta name=\"twitter:label1\" content=\"Written by\" \/>\n\t<meta name=\"twitter:data1\" content=\"REDA\u00c7\u00c3O: UBIRAT\u00c3 ONLINE - F\u00c1BIO AUGUSTO CELESTINO\" \/>\n\t<meta name=\"twitter:label2\" content=\"Est. reading time\" \/>\n\t<meta name=\"twitter:data2\" content=\"3 minutes\" \/>\n<script type=\"application\/ld+json\" class=\"yoast-schema-graph\">{\"@context\":\"https:\\\/\\\/schema.org\",\"@graph\":[{\"@type\":\"NewsArticle\",\"@id\":\"https:\\\/\\\/ubirataonline.com.br\\\/rapha-brilha-em-retorno-triunfal-ao-volei-profissional-e-ajuda-cruzeiro-a-superar-montes-claros-no-mineiro\\\/#article\",\"isPartOf\":{\"@id\":\"https:\\\/\\\/ubirataonline.com.br\\\/rapha-brilha-em-retorno-triunfal-ao-volei-profissional-e-ajuda-cruzeiro-a-superar-montes-claros-no-mineiro\\\/\"},\"author\":{\"name\":\"REDA\u00c7\u00c3O: UBIRAT\u00c3 ONLINE - F\u00c1BIO AUGUSTO CELESTINO\",\"@id\":\"https:\\\/\\\/ubirataonline.com.br\\\/#\\\/schema\\\/person\\\/372f87bbd3fdd79b8556b84c98d0bc1c\"},\"headline\":\"Rapha brilha em retorno triunfal ao v\u00f4lei profissional e ajuda Cruzeiro a superar Montes Claros no Mineiro\",\"datePublished\":\"2026-09-06T14:27:44+00:00\",\"mainEntityOfPage\":{\"@id\":\"https:\\\/\\\/ubirataonline.com.br\\\/rapha-brilha-em-retorno-triunfal-ao-volei-profissional-e-ajuda-cruzeiro-a-superar-montes-claros-no-mineiro\\\/\"},\"wordCount\":696,\"publisher\":{\"@id\":\"https:\\\/\\\/ubirataonline.com.br\\\/#organization\"},\"image\":{\"@id\":\"https:\\\/\\\/ubirataonline.com.br\\\/rapha-brilha-em-retorno-triunfal-ao-volei-profissional-e-ajuda-cruzeiro-a-superar-montes-claros-no-mineiro\\\/#primaryimage\"},\"thumbnailUrl\":\"https:\\\/\\\/ubirataonline.com.br\\\/wp-content\\\/uploads\\\/2026\\\/09\\\/maaimg-post-171347-20260906-142800.webp\",\"articleSection\":[\"Esportes\"],\"inLanguage\":\"en-US\",\"copyrightYear\":\"2026\",\"copyrightHolder\":{\"@id\":\"https:\\\/\\\/ubirataonline.com.br\\\/en\\\/#organization\"}},{\"@type\":\"WebPage\",\"@id\":\"https:\\\/\\\/ubirataonline.com.br\\\/rapha-brilha-em-retorno-triunfal-ao-volei-profissional-e-ajuda-cruzeiro-a-superar-montes-claros-no-mineiro\\\/\",\"url\":\"https:\\\/\\\/ubirataonline.com.br\\\/rapha-brilha-em-retorno-triunfal-ao-volei-profissional-e-ajuda-cruzeiro-a-superar-montes-claros-no-mineiro\\\/\",\"name\":\"Rapha brilha em retorno triunfal ao v\u00f4lei profissional e ajuda Cruzeiro a superar Montes Claros no Mineiro - Ubirat\u00e3 Online Not\u00edcias - A realidade ao seu alcance!\",\"isPartOf\":{\"@id\":\"https:\\\/\\\/ubirataonline.com.br\\\/#website\"},\"primaryImageOfPage\":{\"@id\":\"https:\\\/\\\/ubirataonline.com.br\\\/rapha-brilha-em-retorno-triunfal-ao-volei-profissional-e-ajuda-cruzeiro-a-superar-montes-claros-no-mineiro\\\/#primaryimage\"},\"image\":{\"@id\":\"https:\\\/\\\/ubirataonline.com.br\\\/rapha-brilha-em-retorno-triunfal-ao-volei-profissional-e-ajuda-cruzeiro-a-superar-montes-claros-no-mineiro\\\/#primaryimage\"},\"thumbnailUrl\":\"https:\\\/\\\/ubirataonline.com.br\\\/wp-content\\\/uploads\\\/2026\\\/09\\\/maaimg-post-171347-20260906-142800.webp\",\"datePublished\":\"2026-09-06T14:27:44+00:00\",\"description\":\"O retorno do veterano Rapha marcou a estreia vitoriosa do Cruzeiro no Campeonato Mineiro de V\u00f4lei masculino de 2026, com uma virada de 3 sets a 2 sobre o\",\"breadcrumb\":{\"@id\":\"https:\\\/\\\/ubirataonline.com.br\\\/rapha-brilha-em-retorno-triunfal-ao-volei-profissional-e-ajuda-cruzeiro-a-superar-montes-claros-no-mineiro\\\/#breadcrumb\"},\"inLanguage\":\"en-US\",\"potentialAction\":[{\"@type\":\"ReadAction\",\"target\":[\"https:\\\/\\\/ubirataonline.com.br\\\/rapha-brilha-em-retorno-triunfal-ao-volei-profissional-e-ajuda-cruzeiro-a-superar-montes-claros-no-mineiro\\\/\"]}]},{\"@type\":\"ImageObject\",\"inLanguage\":\"en-US\",\"@id\":\"https:\\\/\\\/ubirataonline.com.br\\\/rapha-brilha-em-retorno-triunfal-ao-volei-profissional-e-ajuda-cruzeiro-a-superar-montes-claros-no-mineiro\\\/#primaryimage\",\"url\":\"https:\\\/\\\/ubirataonline.com.br\\\/wp-content\\\/uploads\\\/2026\\\/09\\\/maaimg-post-171347-20260906-142800.webp\",\"contentUrl\":\"https:\\\/\\\/ubirataonline.com.br\\\/wp-content\\\/uploads\\\/2026\\\/09\\\/maaimg-post-171347-20260906-142800.webp\",\"width\":1536,\"height\":1024,\"caption\":\"Imagem ilustrativa Gerada por IA\"},{\"@type\":\"BreadcrumbList\",\"@id\":\"https:\\\/\\\/ubirataonline.com.br\\\/rapha-brilha-em-retorno-triunfal-ao-volei-profissional-e-ajuda-cruzeiro-a-superar-montes-claros-no-mineiro\\\/#breadcrumb\",\"itemListElement\":[{\"@type\":\"ListItem\",\"position\":1,\"name\":\"In\u00edcio\",\"item\":\"https:\\\/\\\/ubirataonline.com.br\\\/\"},{\"@type\":\"ListItem\",\"position\":2,\"name\":\"Rapha brilha em retorno triunfal ao v\u00f4lei profissional e ajuda Cruzeiro a superar Montes Claros no Mineiro\"}]},{\"@type\":\"WebSite\",\"@id\":\"https:\\\/\\\/ubirataonline.com.br\\\/#website\",\"url\":\"https:\\\/\\\/ubirataonline.com.br\\\/\",\"name\":\"Ubirat\u00e3 Online Not\u00edcias\",\"description\":\"Not\u00edcias de Ubirat\u00e3, regi\u00e3o, Brasil e mundo, com informa\u00e7\u00e3o atualizada e compromisso com o leitor.\",\"publisher\":{\"@id\":\"https:\\\/\\\/ubirataonline.com.br\\\/#organization\"},\"alternateName\":\"Ubirat\u00e3 Online\",\"potentialAction\":[{\"@type\":\"SearchAction\",\"target\":{\"@type\":\"EntryPoint\",\"urlTemplate\":\"https:\\\/\\\/ubirataonline.com.br\\\/?s={search_term_string}\"},\"query-input\":{\"@type\":\"PropertyValueSpecification\",\"valueRequired\":true,\"valueName\":\"search_term_string\"}}],\"inLanguage\":\"en-US\"},{\"@type\":[\"Organization\",\"Place\"],\"@id\":\"https:\\\/\\\/ubirataonline.com.br\\\/#organization\",\"name\":\"Ubirat\u00e3 Online Not\u00edcias\",\"alternateName\":\"Ubirat\u00e3 Online\",\"url\":\"https:\\\/\\\/ubirataonline.com.br\\\/\",\"logo\":{\"@id\":\"https:\\\/\\\/ubirataonline.com.br\\\/rapha-brilha-em-retorno-triunfal-ao-volei-profissional-e-ajuda-cruzeiro-a-superar-montes-claros-no-mineiro\\\/#local-main-organization-logo\"},\"image\":{\"@id\":\"https:\\\/\\\/ubirataonline.com.br\\\/rapha-brilha-em-retorno-triunfal-ao-volei-profissional-e-ajuda-cruzeiro-a-superar-montes-claros-no-mineiro\\\/#local-main-organization-logo\"},\"sameAs\":[\"https:\\\/\\\/www.facebook.com\\\/portalubirataonline\",\"https:\\\/\\\/x.com\\\/ubirataonline\",\"https:\\\/\\\/mastodon.social\\\/@ubirataonline\",\"https:\\\/\\\/www.facebook.com\\\/groups\\\/311144672285604\",\"https:\\\/\\\/www.facebook.com\\\/UBTAOnline\",\"https:\\\/\\\/www.instagram.com\\\/portalubirataonline\\\/\",\"https:\\\/\\\/twitter.com\\\/ubirataonline\"],\"description\":\"Somos um portal de not\u00edcias independente, criado em 5 de janeiro de 2009, com o objetivo de informar, conectar e valorizar a nossa comunidade de Ubirat\u00e3 e toda aregi\u00e3o. Com conte\u00fado atualizado, confi\u00e1vel e relevante, o Ubirat\u00e3 Online \u00e9 o seu espa\u00e7o para ficar por dentro dos principais acontecimentos locais, regionais, Brasil, Mundo e de interesse geral. Nosso compromisso \u00e9 com a verdade, a transpar\u00eancia e o respeito ao leitor.\",\"legalName\":\"UBIRATA ONLINE NOT\u00cdCIAS\",\"foundingDate\":\"2009-01-05\",\"numberOfEmployees\":{\"@type\":\"QuantitativeValue\",\"minValue\":\"1\",\"maxValue\":\"10\"},\"publishingPrinciples\":\"https:\\\/\\\/ubirataonline.com.br\\\/faq\\\/\",\"address\":{\"@id\":\"https:\\\/\\\/ubirataonline.com.br\\\/rapha-brilha-em-retorno-triunfal-ao-volei-profissional-e-ajuda-cruzeiro-a-superar-montes-claros-no-mineiro\\\/#local-main-place-address\"},\"geo\":{\"@type\":\"GeoCoordinates\",\"latitude\":\"-24.5361401\",\"longitude\":\"-52.9921776\"},\"telephone\":[\"+5544998308235\"],\"contactPoint\":{\"@type\":\"ContactPoint\",\"email\":\"contato@ubirataonline.com.br\"},\"openingHoursSpecification\":{\"@type\":\"OpeningHoursSpecification\",\"dayOfWeek\":[\"Monday\",\"Tuesday\",\"Wednesday\",\"Thursday\",\"Friday\",\"Saturday\",\"Sunday\"],\"opens\":\"00:00\",\"closes\":\"23:59\"},\"email\":\"contato@ubirataonline.com.br\",\"vatID\":\"47.621.418\\\/0001-80\"},{\"@type\":\"Person\",\"@id\":\"https:\\\/\\\/ubirataonline.com.br\\\/#\\\/schema\\\/person\\\/372f87bbd3fdd79b8556b84c98d0bc1c\",\"name\":\"REDA\u00c7\u00c3O: UBIRAT\u00c3 ONLINE - F\u00c1BIO AUGUSTO CELESTINO\",\"pronouns\":\"Ele\",\"description\":\"Desde 2003 trabalhando com not\u00edcias.\",\"sameAs\":[\"http:\\\/\\\/ubirataoline.com.br\",\"https:\\\/\\\/www.facebook.com\\\/portalubirataonline\",\"https:\\\/\\\/www.instagram.com\\\/ubirataonline_oficial\",\"https:\\\/\\\/x.com\\\/x.com\\\/ubirataonline\"],\"honorificPrefix\":\"Mr.\",\"honorificSuffix\":\"MD\",\"birthDate\":\"1980-06-16\",\"gender\":\"masculino\",\"award\":[\"V\u00e1rios pr\u00eamios de melhor portal da cidade\"],\"jobTitle\":\"Diretor\",\"url\":\"https:\\\/\\\/ubirataonline.com.br\\\/en\\\/author\\\/ubirataonline\\\/\"},{\"@type\":\"PostalAddress\",\"@id\":\"https:\\\/\\\/ubirataonline.com.br\\\/rapha-brilha-em-retorno-triunfal-ao-volei-profissional-e-ajuda-cruzeiro-a-superar-montes-claros-no-mineiro\\\/#local-main-place-address\",\"streetAddress\":\"Rua dos Coqueiros, 104 - Bairro Boa Vista, Rua dos Coqueiros, 104 Bairro Boa Vista\",\"addressLocality\":\"UBIRATA\",\"postalCode\":\"85440-000\",\"addressRegion\":\"PR\",\"addressCountry\":\"BR\"},{\"@type\":\"ImageObject\",\"inLanguage\":\"en-US\",\"@id\":\"https:\\\/\\\/ubirataonline.com.br\\\/rapha-brilha-em-retorno-triunfal-ao-volei-profissional-e-ajuda-cruzeiro-a-superar-montes-claros-no-mineiro\\\/#local-main-organization-logo\",\"url\":\"https:\\\/\\\/ubirataonline.com.br\\\/wp-content\\\/uploads\\\/2026\\\/06\\\/logoubirataonline-1.webp\",\"contentUrl\":\"https:\\\/\\\/ubirataonline.com.br\\\/wp-content\\\/uploads\\\/2026\\\/06\\\/logoubirataonline-1.webp\",\"width\":500,\"height\":500,\"caption\":\"Ubirat\u00e3 Online Not\u00edcias\"}]}<\/script>\n<meta name=\"geo.placename\" content=\"UBIRATA\" \/>\n<meta name=\"geo.position\" content=\"-24.5361401;-52.9921776\" \/>\n<meta name=\"geo.region\" content=\"Brazil\" \/>\n<!-- \/ Yoast SEO Premium plugin. -->","yoast_head_json":{"title":"Rapha brilha em retorno triunfal ao v\u00f4lei profissional e ajuda Cruzeiro a superar Montes Claros no Mineiro - Ubirat\u00e3 Online Not\u00edcias - A realidade ao seu alcance!","description":"O retorno do veterano Rapha marcou a estreia vitoriosa do Cruzeiro no Campeonato Mineiro de V\u00f4lei masculino de 2026, com uma virada de 3 sets a 2 sobre o","robots":{"index":"index","follow":"follow","max-snippet":"max-snippet:-1","max-image-preview":"max-image-preview:large","max-video-preview":"max-video-preview:-1"},"canonical":"https:\/\/ubirataonline.com.br\/en\/rapha-brilha-em-retorno-triunfal-ao-volei-profissional-e-ajuda-cruzeiro-a-superar-montes-claros-no-mineiro\/","og_locale":"en_US","og_type":"article","og_title":"Rapha brilha em retorno triunfal ao v\u00f4lei profissional e ajuda Cruzeiro a superar Montes Claros no Mineiro","og_description":"O retorno do veterano Rapha marcou a estreia vitoriosa do Cruzeiro no Campeonato Mineiro de V\u00f4lei masculino de 2026, com uma virada de 3 sets a 2 sobre o","og_url":"https:\/\/ubirataonline.com.br\/en\/rapha-brilha-em-retorno-triunfal-ao-volei-profissional-e-ajuda-cruzeiro-a-superar-montes-claros-no-mineiro\/","og_site_name":"Ubirat\u00e3 Online Not\u00edcias - A realidade ao seu alcance!","article_publisher":"https:\/\/www.facebook.com\/portalubirataonline","article_author":"https:\/\/www.facebook.com\/portalubirataonline","article_published_time":"2026-09-06T14:27:44+00:00","og_image":[{"width":1531,"height":418,"url":"https:\/\/ubirataonline.com.br\/wp-content\/uploads\/2026\/05\/logo2026.webp","type":"image\/webp"}],"author":"REDA\u00c7\u00c3O: UBIRAT\u00c3 ONLINE - F\u00c1BIO AUGUSTO CELESTINO","twitter_card":"summary_large_image","twitter_creator":"@x.com\/ubirataonline","twitter_site":"@ubirataonline","twitter_misc":{"Written by":"REDA\u00c7\u00c3O: UBIRAT\u00c3 ONLINE - F\u00c1BIO AUGUSTO CELESTINO","Est. reading time":"3 minutes"},"schema":{"@context":"https:\/\/schema.org","@graph":[{"@type":"NewsArticle","@id":"https:\/\/ubirataonline.com.br\/rapha-brilha-em-retorno-triunfal-ao-volei-profissional-e-ajuda-cruzeiro-a-superar-montes-claros-no-mineiro\/#article","isPartOf":{"@id":"https:\/\/ubirataonline.com.br\/rapha-brilha-em-retorno-triunfal-ao-volei-profissional-e-ajuda-cruzeiro-a-superar-montes-claros-no-mineiro\/"},"author":{"name":"REDA\u00c7\u00c3O: UBIRAT\u00c3 ONLINE - F\u00c1BIO AUGUSTO CELESTINO","@id":"https:\/\/ubirataonline.com.br\/#\/schema\/person\/372f87bbd3fdd79b8556b84c98d0bc1c"},"headline":"Rapha brilha em retorno triunfal ao v\u00f4lei profissional e ajuda Cruzeiro a superar Montes Claros no Mineiro","datePublished":"2026-09-06T14:27:44+00:00","mainEntityOfPage":{"@id":"https:\/\/ubirataonline.com.br\/rapha-brilha-em-retorno-triunfal-ao-volei-profissional-e-ajuda-cruzeiro-a-superar-montes-claros-no-mineiro\/"},"wordCount":696,"publisher":{"@id":"https:\/\/ubirataonline.com.br\/#organization"},"image":{"@id":"https:\/\/ubirataonline.com.br\/rapha-brilha-em-retorno-triunfal-ao-volei-profissional-e-ajuda-cruzeiro-a-superar-montes-claros-no-mineiro\/#primaryimage"},"thumbnailUrl":"https:\/\/ubirataonline.com.br\/wp-content\/uploads\/2026\/09\/maaimg-post-171347-20260906-142800.webp","articleSection":["Esportes"],"inLanguage":"en-US","copyrightYear":"2026","copyrightHolder":{"@id":"https:\/\/ubirataonline.com.br\/en\/#organization"}},{"@type":"WebPage","@id":"https:\/\/ubirataonline.com.br\/rapha-brilha-em-retorno-triunfal-ao-volei-profissional-e-ajuda-cruzeiro-a-superar-montes-claros-no-mineiro\/","url":"https:\/\/ubirataonline.com.br\/rapha-brilha-em-retorno-triunfal-ao-volei-profissional-e-ajuda-cruzeiro-a-superar-montes-claros-no-mineiro\/","name":"Rapha brilha em retorno triunfal ao v\u00f4lei profissional e ajuda Cruzeiro a superar Montes Claros no Mineiro - Ubirat\u00e3 Online Not\u00edcias - A realidade ao seu alcance!","isPartOf":{"@id":"https:\/\/ubirataonline.com.br\/#website"},"primaryImageOfPage":{"@id":"https:\/\/ubirataonline.com.br\/rapha-brilha-em-retorno-triunfal-ao-volei-profissional-e-ajuda-cruzeiro-a-superar-montes-claros-no-mineiro\/#primaryimage"},"image":{"@id":"https:\/\/ubirataonline.com.br\/rapha-brilha-em-retorno-triunfal-ao-volei-profissional-e-ajuda-cruzeiro-a-superar-montes-claros-no-mineiro\/#primaryimage"},"thumbnailUrl":"https:\/\/ubirataonline.com.br\/wp-content\/uploads\/2026\/09\/maaimg-post-171347-20260906-142800.webp","datePublished":"2026-09-06T14:27:44+00:00","description":"O retorno do veterano Rapha marcou a estreia vitoriosa do Cruzeiro no Campeonato Mineiro de V\u00f4lei masculino de 2026, com uma virada de 3 sets a 2 sobre o","breadcrumb":{"@id":"https:\/\/ubirataonline.com.br\/rapha-brilha-em-retorno-triunfal-ao-volei-profissional-e-ajuda-cruzeiro-a-superar-montes-claros-no-mineiro\/#breadcrumb"},"inLanguage":"en-US","potentialAction":[{"@type":"ReadAction","target":["https:\/\/ubirataonline.com.br\/rapha-brilha-em-retorno-triunfal-ao-volei-profissional-e-ajuda-cruzeiro-a-superar-montes-claros-no-mineiro\/"]}]},{"@type":"ImageObject","inLanguage":"en-US","@id":"https:\/\/ubirataonline.com.br\/rapha-brilha-em-retorno-triunfal-ao-volei-profissional-e-ajuda-cruzeiro-a-superar-montes-claros-no-mineiro\/#primaryimage","url":"https:\/\/ubirataonline.com.br\/wp-content\/uploads\/2026\/09\/maaimg-post-171347-20260906-142800.webp","contentUrl":"https:\/\/ubirataonline.com.br\/wp-content\/uploads\/2026\/09\/maaimg-post-171347-20260906-142800.webp","width":1536,"height":1024,"caption":"Imagem ilustrativa Gerada por IA"},{"@type":"BreadcrumbList","@id":"https:\/\/ubirataonline.com.br\/rapha-brilha-em-retorno-triunfal-ao-volei-profissional-e-ajuda-cruzeiro-a-superar-montes-claros-no-mineiro\/#breadcrumb","itemListElement":[{"@type":"ListItem","position":1,"name":"In\u00edcio","item":"https:\/\/ubirataonline.com.br\/"},{"@type":"ListItem","position":2,"name":"Rapha brilha em retorno triunfal ao v\u00f4lei profissional e ajuda Cruzeiro a superar Montes Claros no Mineiro"}]},{"@type":"WebSite","@id":"https:\/\/ubirataonline.com.br\/#website","url":"https:\/\/ubirataonline.com.br\/","name":"Ubirat\u00e3 Online Not\u00edcias","description":"Not\u00edcias de Ubirat\u00e3, regi\u00e3o, Brasil e mundo, com informa\u00e7\u00e3o atualizada e compromisso com o leitor.","publisher":{"@id":"https:\/\/ubirataonline.com.br\/#organization"},"alternateName":"Ubirat\u00e3 Online","potentialAction":[{"@type":"SearchAction","target":{"@type":"EntryPoint","urlTemplate":"https:\/\/ubirataonline.com.br\/?s={search_term_string}"},"query-input":{"@type":"PropertyValueSpecification","valueRequired":true,"valueName":"search_term_string"}}],"inLanguage":"en-US"},{"@type":["Organization","Place"],"@id":"https:\/\/ubirataonline.com.br\/#organization","name":"Ubirat\u00e3 Online Not\u00edcias","alternateName":"Ubirat\u00e3 Online","url":"https:\/\/ubirataonline.com.br\/","logo":{"@id":"https:\/\/ubirataonline.com.br\/rapha-brilha-em-retorno-triunfal-ao-volei-profissional-e-ajuda-cruzeiro-a-superar-montes-claros-no-mineiro\/#local-main-organization-logo"},"image":{"@id":"https:\/\/ubirataonline.com.br\/rapha-brilha-em-retorno-triunfal-ao-volei-profissional-e-ajuda-cruzeiro-a-superar-montes-claros-no-mineiro\/#local-main-organization-logo"},"sameAs":["https:\/\/www.facebook.com\/portalubirataonline","https:\/\/x.com\/ubirataonline","https:\/\/mastodon.social\/@ubirataonline","https:\/\/www.facebook.com\/groups\/311144672285604","https:\/\/www.facebook.com\/UBTAOnline","https:\/\/www.instagram.com\/portalubirataonline\/","https:\/\/twitter.com\/ubirataonline"],"description":"Somos um portal de not\u00edcias independente, criado em 5 de janeiro de 2009, com o objetivo de informar, conectar e valorizar a nossa comunidade de Ubirat\u00e3 e toda aregi\u00e3o. Com conte\u00fado atualizado, confi\u00e1vel e relevante, o Ubirat\u00e3 Online \u00e9 o seu espa\u00e7o para ficar por dentro dos principais acontecimentos locais, regionais, Brasil, Mundo e de interesse geral. Nosso compromisso \u00e9 com a verdade, a transpar\u00eancia e o respeito ao leitor.","legalName":"UBIRATA ONLINE NOT\u00cdCIAS","foundingDate":"2009-01-05","numberOfEmployees":{"@type":"QuantitativeValue","minValue":"1","maxValue":"10"},"publishingPrinciples":"https:\/\/ubirataonline.com.br\/faq\/","address":{"@id":"https:\/\/ubirataonline.com.br\/rapha-brilha-em-retorno-triunfal-ao-volei-profissional-e-ajuda-cruzeiro-a-superar-montes-claros-no-mineiro\/#local-main-place-address"},"geo":{"@type":"GeoCoordinates","latitude":"-24.5361401","longitude":"-52.9921776"},"telephone":["+5544998308235"],"contactPoint":{"@type":"ContactPoint","email":"contato@ubirataonline.com.br"},"openingHoursSpecification":{"@type":"OpeningHoursSpecification","dayOfWeek":["Monday","Tuesday","Wednesday","Thursday","Friday","Saturday","Sunday"],"opens":"00:00","closes":"23:59"},"email":"contato@ubirataonline.com.br","vatID":"47.621.418\/0001-80"},{"@type":"Person","@id":"https:\/\/ubirataonline.com.br\/#\/schema\/person\/372f87bbd3fdd79b8556b84c98d0bc1c","name":"REDA\u00c7\u00c3O: UBIRAT\u00c3 ONLINE - F\u00c1BIO AUGUSTO CELESTINO","pronouns":"Ele","description":"Desde 2003 trabalhando com not\u00edcias.","sameAs":["http:\/\/ubirataoline.com.br","https:\/\/www.facebook.com\/portalubirataonline","https:\/\/www.instagram.com\/ubirataonline_oficial","https:\/\/x.com\/x.com\/ubirataonline"],"honorificPrefix":"Mr.","honorificSuffix":"MD","birthDate":"1980-06-16","gender":"masculino","award":["V\u00e1rios pr\u00eamios de melhor portal da cidade"],"jobTitle":"Diretor","url":"https:\/\/ubirataonline.com.br\/en\/author\/ubirataonline\/"},{"@type":"PostalAddress","@id":"https:\/\/ubirataonline.com.br\/rapha-brilha-em-retorno-triunfal-ao-volei-profissional-e-ajuda-cruzeiro-a-superar-montes-claros-no-mineiro\/#local-main-place-address","streetAddress":"Rua dos Coqueiros, 104 - Bairro Boa Vista, Rua dos Coqueiros, 104 Bairro Boa Vista","addressLocality":"UBIRATA","postalCode":"85440-000","addressRegion":"PR","addressCountry":"BR"},{"@type":"ImageObject","inLanguage":"en-US","@id":"https:\/\/ubirataonline.com.br\/rapha-brilha-em-retorno-triunfal-ao-volei-profissional-e-ajuda-cruzeiro-a-superar-montes-claros-no-mineiro\/#local-main-organization-logo","url":"https:\/\/ubirataonline.com.br\/wp-content\/uploads\/2026\/06\/logoubirataonline-1.webp","contentUrl":"https:\/\/ubirataonline.com.br\/wp-content\/uploads\/2026\/06\/logoubirataonline-1.webp","width":500,"height":500,"caption":"Ubirat\u00e3 Online Not\u00edcias"}]},"geo.placename":"UBIRATA","geo.position":{"lat":"-24.5361401","long":"-52.9921776"},"geo.region":"Brazil"},"_links":{"self":[{"href":"https:\/\/ubirataonline.com.br\/en\/wp-json\/wp\/v2\/posts\/171347","targetHints":{"allow":["GET"]}}],"collection":[{"href":"https:\/\/ubirataonline.com.br\/en\/wp-json\/wp\/v2\/posts"}],"about":[{"href":"https:\/\/ubirataonline.com.br\/en\/wp-json\/wp\/v2\/types\/post"}],"author":[{"embeddable":true,"href":"https:\/\/ubirataonline.com.br\/en\/wp-json\/wp\/v2\/users\/1"}],"replies":[{"embeddable":true,"href":"https:\/\/ubirataonline.com.br\/en\/wp-json\/wp\/v2\/comments?post=171347"}],"version-history":[{"count":0,"href":"https:\/\/ubirataonline.com.br\/en\/wp-json\/wp\/v2\/posts\/171347\/revisions"}],"wp:featuredmedia":[{"embeddable":true,"href":"https:\/\/ubirataonline.com.br\/en\/wp-json\/wp\/v2\/media\/171348"}],"wp:attachment":[{"href":"https:\/\/ubirataonline.com.br\/en\/wp-json\/wp\/v2\/media?parent=171347"}],"wp:term":[{"taxonomy":"category","embeddable":true,"href":"https:\/\/ubirataonline.com.br\/en\/wp-json\/wp\/v2\/categories?post=171347"},{"taxonomy":"post_tag","embeddable":true,"href":"https:\/\/ubirataonline.com.br\/en\/wp-json\/wp\/v2\/tags?post=171347"}],"curies":[{"name":"wp","href":"https:\/\/api.w.org\/{rel}","templated":true}]}}