{"id":171352,"date":"2026-09-06T11:56:45","date_gmt":"2026-09-06T14:56:45","guid":{"rendered":"https:\/\/ubirataonline.com.br\/como-acompanhar-o-desfile-de-7-de-setembro-em-brasilia-horarios-acesso-e-seguranca\/"},"modified":"2026-09-06T11:56:45","modified_gmt":"2026-09-06T14:56:45","slug":"como-acompanhar-o-desfile-de-7-de-setembro-em-brasilia-horarios-acesso-e-seguranca","status":"publish","type":"post","link":"https:\/\/ubirataonline.com.br\/en\/como-acompanhar-o-desfile-de-7-de-setembro-em-brasilia-horarios-acesso-e-seguranca\/","title":{"rendered":"Como acompanhar o Desfile de 7 de Setembro em Bras\u00edlia: hor\u00e1rios, acesso e seguran\u00e7a"},"content":{"rendered":"<h2>Arquibancadas abrem \u00e0s 6h; desfile das 9h \u00e0s 11h com cerca de 30 mil pessoas previstas; veja orienta\u00e7\u00f5es de tr\u00e2nsito, transporte e itens proibidos, segundo o CGN<\/h2>\n<p>Segundo o CGN, o tradicional desfile de 7 de Setembro na Esplanada dos Minist\u00e9rios ter\u00e1 refor\u00e7o de tropas especializadas e equipes de emerg\u00eancia em toda a regi\u00e3o central de Bras\u00edlia.<\/p>\n<p>O evento tem in\u00edcio previsto para as 9h, com encerramento por volta das 11h, e a expectativa \u00e9 de p\u00fablico de aproximadamente 30 mil pessoas. As arquibancadas ser\u00e3o abertas \u00e0s 6h.<\/p>\n<h3>Hor\u00e1rios e p\u00fablico<\/h3>\n<p>O desfile come\u00e7a \u00e0s 9h e deve terminar por volta das 11h. As arquibancadas abrem \u00e0s 6h. Quando a capacidade das arquibancadas for atingida, o p\u00fablico ser\u00e1 orientado a permanecer nas \u00e1reas externas destinadas aos espectadores, que ter\u00e3o tendas e pontos de hidrata\u00e7\u00e3o nos lados Norte e Sul da Esplanada, segundo o CGN.<\/p>\n<h3>Acesso, seguran\u00e7a e normas de revista<\/h3>\n<p>O acesso ao espa\u00e7o do desfile ocorrer\u00e1 por cinco pontos de entrada, com linhas de revistas Pessoas realizadas por policiais militares. As entradas para a Esplanada incluem a via S1 (lateral da Catedral) e as escadarias dos minist\u00e9rios \u2014 as duas primeiras no lado Sul (blocos A e C) e as duas primeiras do Norte (blocos J e M), conforme o CGN.<\/p>\n<p>Pessoas com defici\u00eancia ter\u00e3o acesso pelo t\u00fanel do Bloco J, que possui rampa de liga\u00e7\u00e3o com o espa\u00e7o reservado entre o Minist\u00e9rios e a Via N1.<\/p>\n<p>Entre os itens proibidos est\u00e3o:<\/p>\n<ul>\n<li>fogos de artif\u00edcio e sprays\/aeross\u00f3is;<\/li>\n<li>armas de fogo, inclusive de brinquedo, e objetos pontiagudos;<\/li>\n<li>apontadores a laser e m\u00e1scaras de qualquer tipo (exceto de prote\u00e7\u00e3o facial);<\/li>\n<li>hastes de bandeiras e outros materiais que coloquem em risco a seguran\u00e7a.<\/li>\n<\/ul>\n<p>Bolsas e mochilas dever\u00e3o ter at\u00e9 100 cent\u00edmetros na soma das dimens\u00f5es (altura, largura e profundidade). Capacetes de Motociclistas n\u00e3o poder\u00e3o entrar na \u00e1rea do desfile; a orienta\u00e7\u00e3o \u00e9 que os motociclistas providenciem previamente uma forma segura de mant\u00ea-los junto ao ve\u00edculo. Apenas drones autorizados poder\u00e3o acessar o espa\u00e7o a\u00e9reo. Animais, em geral, n\u00e3o s\u00e3o permitidos, exceto c\u00e3es-guia.<\/p>\n<h3>Tr\u00e2nsito e transporte p\u00fablico<\/h3>\n<p>O Metr\u00f4 DF operar\u00e1 em escala de feriado, das 5h30 \u00e0s 19h. Os \u00f4nibus seguir\u00e3o o esquema do programa Vai de Gra\u00e7a, com gratuidade no Distrito Federal, e 134 \u00f4nibus extras refor\u00e7ar\u00e3o a frota em dire\u00e7\u00e3o ao centro. As viagens extras ser\u00e3o acionadas conforme demanda, a partir das 6h no sentido Plano Piloto e a partir das 13h para o retorno.<\/p>\n<p>Para transporte por aplicativo, o desembarque \u00e9 na plataforma superior da Rodovi\u00e1ria do Plano Piloto; para t\u00e1xis, o ponto \u00e9 o estacionamento do Sesi Lab, ao lado da rodovi\u00e1ria. Quem for de ve\u00edculo particular pode tentar usar, conforme disponibilidade, os estacionamentos dos anexos dos minist\u00e9rios nos lados sul e norte e o estacionamento do SESI Lab \u2014 as vagas n\u00e3o s\u00e3o reservadas.<\/p>\n<h3>Servi\u00e7os no local e recomenda\u00e7\u00f5es<\/h3>\n<p>Ser\u00e1 montada a &#8220;Cidade Policial&#8221; ao lado do Museu da Rep\u00fablica, com comando m\u00f3vel das corpora\u00e7\u00f5es e uso de imagens de drones e c\u00e2meras para apoiar o policiamento. Na Cidade Policial ser\u00e1 poss\u00edvel registrar ocorr\u00eancias e bloquear celulares por meio do programa Fora da Rede, informou o CGN.<\/p>\n<p>Ao lado da Cidade Policial haver\u00e1 \u00e1rea para acolhimento de pessoas perdidas; em caso de crian\u00e7a, adolescente, Pessoas idosa ou outro indiv\u00edduo desorientado, a orienta\u00e7\u00e3o \u00e9 procurar uma Equipes uniformizada ou dirigir-se ao ponto de acolhimento.<\/p>\n<p>Devido ao calor esperado, o CGN recomenda refor\u00e7o na hidrata\u00e7\u00e3o e uso de roupas leves, protetor solar, bon\u00e9s ou chap\u00e9us. Haver\u00e1 pontos de hidrata\u00e7\u00e3o nas \u00e1reas externas da Esplanada.<\/p>","protected":false},"excerpt":{"rendered":"<p>Arquibancadas abrem \u00e0s 6h; desfile das 9h \u00e0s 11h com cerca de 30 mil pessoas previstas; veja orienta\u00e7\u00f5es de tr\u00e2nsito, transporte e itens proibidos, segundo o CGN Segundo o CGN, o tradicional desfile de 7 de Setembro na Esplanada dos Minist\u00e9rios ter\u00e1 refor\u00e7o de tropas especializadas e equipes de emerg\u00eancia em toda a regi\u00e3o central [&hellip;]<\/p>\n","protected":false},"author":1,"featured_media":171353,"comment_status":"","ping_status":"","sticky":false,"template":"","format":"standard","meta":{"googlesitekit_rrm_CAow2JLhCw:productID":"","_gspb_post_css":"","maa_idioma":"","maa_pais":"","footnotes":""},"categories":[4],"tags":[],"class_list":["post-171352","post","type-post","status-publish","format-standard","has-post-thumbnail","hentry","category-brasil"],"blocksy_meta":[],"yoast_head":"<!-- This site is optimized with the Yoast SEO Premium plugin v27.6 (Yoast SEO v27.6) - https:\/\/yoast.com\/product\/yoast-seo-premium-wordpress\/ -->\n<title>Como acompanhar o Desfile de 7 de Setembro em Bras\u00edlia: hor\u00e1rios, acesso e seguran\u00e7a - Ubirat\u00e3 Online Not\u00edcias - A realidade ao seu alcance!<\/title>\n<meta name=\"description\" content=\"Arquibancadas abrem \u00e0s 6h; desfile das 9h \u00e0s 11h com cerca de 30 mil pessoas previstas; veja orienta\u00e7\u00f5es de tr\u00e2nsito, transporte e itens proibidos,\" \/>\n<meta name=\"robots\" content=\"index, follow, max-snippet:-1, max-image-preview:large, max-video-preview:-1\" \/>\n<link rel=\"canonical\" href=\"https:\/\/ubirataonline.com.br\/en\/como-acompanhar-o-desfile-de-7-de-setembro-em-brasilia-horarios-acesso-e-seguranca\/\" \/>\n<meta property=\"og:locale\" content=\"en_US\" \/>\n<meta property=\"og:type\" content=\"article\" \/>\n<meta property=\"og:title\" content=\"Como acompanhar o Desfile de 7 de Setembro em Bras\u00edlia: hor\u00e1rios, acesso e seguran\u00e7a\" \/>\n<meta property=\"og:description\" content=\"Arquibancadas abrem \u00e0s 6h; desfile das 9h \u00e0s 11h com cerca de 30 mil pessoas previstas; veja orienta\u00e7\u00f5es de tr\u00e2nsito, transporte e itens proibidos,\" \/>\n<meta property=\"og:url\" content=\"https:\/\/ubirataonline.com.br\/en\/como-acompanhar-o-desfile-de-7-de-setembro-em-brasilia-horarios-acesso-e-seguranca\/\" \/>\n<meta property=\"og:site_name\" content=\"Ubirat\u00e3 Online Not\u00edcias - A realidade ao seu alcance!\" \/>\n<meta property=\"article:publisher\" content=\"https:\/\/www.facebook.com\/portalubirataonline\" \/>\n<meta property=\"article:author\" content=\"https:\/\/www.facebook.com\/portalubirataonline\" \/>\n<meta property=\"article:published_time\" content=\"2026-09-06T14:56:45+00:00\" \/>\n<meta property=\"og:image\" content=\"https:\/\/ubirataonline.com.br\/wp-content\/uploads\/2026\/05\/logo2026.webp\" \/>\n\t<meta property=\"og:image:width\" content=\"1531\" \/>\n\t<meta property=\"og:image:height\" content=\"418\" \/>\n\t<meta property=\"og:image:type\" content=\"image\/webp\" \/>\n<meta name=\"author\" content=\"REDA\u00c7\u00c3O: UBIRAT\u00c3 ONLINE - F\u00c1BIO AUGUSTO CELESTINO\" \/>\n<meta name=\"twitter:card\" content=\"summary_large_image\" \/>\n<meta name=\"twitter:creator\" content=\"@x.com\/ubirataonline\" \/>\n<meta name=\"twitter:site\" content=\"@ubirataonline\" \/>\n<meta name=\"twitter:label1\" content=\"Written by\" \/>\n\t<meta name=\"twitter:data1\" content=\"REDA\u00c7\u00c3O: UBIRAT\u00c3 ONLINE - F\u00c1BIO AUGUSTO CELESTINO\" \/>\n\t<meta name=\"twitter:label2\" content=\"Est. reading time\" \/>\n\t<meta name=\"twitter:data2\" content=\"3 minutes\" \/>\n<script type=\"application\/ld+json\" class=\"yoast-schema-graph\">{\"@context\":\"https:\\\/\\\/schema.org\",\"@graph\":[{\"@type\":\"NewsArticle\",\"@id\":\"https:\\\/\\\/ubirataonline.com.br\\\/como-acompanhar-o-desfile-de-7-de-setembro-em-brasilia-horarios-acesso-e-seguranca\\\/#article\",\"isPartOf\":{\"@id\":\"https:\\\/\\\/ubirataonline.com.br\\\/como-acompanhar-o-desfile-de-7-de-setembro-em-brasilia-horarios-acesso-e-seguranca\\\/\"},\"author\":{\"name\":\"REDA\u00c7\u00c3O: UBIRAT\u00c3 ONLINE - F\u00c1BIO AUGUSTO CELESTINO\",\"@id\":\"https:\\\/\\\/ubirataonline.com.br\\\/#\\\/schema\\\/person\\\/372f87bbd3fdd79b8556b84c98d0bc1c\"},\"headline\":\"Como acompanhar o Desfile de 7 de Setembro em Bras\u00edlia: hor\u00e1rios, acesso e seguran\u00e7a\",\"datePublished\":\"2026-09-06T14:56:45+00:00\",\"mainEntityOfPage\":{\"@id\":\"https:\\\/\\\/ubirataonline.com.br\\\/como-acompanhar-o-desfile-de-7-de-setembro-em-brasilia-horarios-acesso-e-seguranca\\\/\"},\"wordCount\":665,\"publisher\":{\"@id\":\"https:\\\/\\\/ubirataonline.com.br\\\/#organization\"},\"image\":{\"@id\":\"https:\\\/\\\/ubirataonline.com.br\\\/como-acompanhar-o-desfile-de-7-de-setembro-em-brasilia-horarios-acesso-e-seguranca\\\/#primaryimage\"},\"thumbnailUrl\":\"https:\\\/\\\/ubirataonline.com.br\\\/wp-content\\\/uploads\\\/2026\\\/09\\\/maaimg-post-171352-20260906-145712.webp\",\"articleSection\":[\"Brasil\"],\"inLanguage\":\"en-US\",\"copyrightYear\":\"2026\",\"copyrightHolder\":{\"@id\":\"https:\\\/\\\/ubirataonline.com.br\\\/en\\\/#organization\"}},{\"@type\":\"WebPage\",\"@id\":\"https:\\\/\\\/ubirataonline.com.br\\\/como-acompanhar-o-desfile-de-7-de-setembro-em-brasilia-horarios-acesso-e-seguranca\\\/\",\"url\":\"https:\\\/\\\/ubirataonline.com.br\\\/como-acompanhar-o-desfile-de-7-de-setembro-em-brasilia-horarios-acesso-e-seguranca\\\/\",\"name\":\"Como acompanhar o Desfile de 7 de Setembro em Bras\u00edlia: hor\u00e1rios, acesso e seguran\u00e7a - Ubirat\u00e3 Online Not\u00edcias - A realidade ao seu alcance!\",\"isPartOf\":{\"@id\":\"https:\\\/\\\/ubirataonline.com.br\\\/#website\"},\"primaryImageOfPage\":{\"@id\":\"https:\\\/\\\/ubirataonline.com.br\\\/como-acompanhar-o-desfile-de-7-de-setembro-em-brasilia-horarios-acesso-e-seguranca\\\/#primaryimage\"},\"image\":{\"@id\":\"https:\\\/\\\/ubirataonline.com.br\\\/como-acompanhar-o-desfile-de-7-de-setembro-em-brasilia-horarios-acesso-e-seguranca\\\/#primaryimage\"},\"thumbnailUrl\":\"https:\\\/\\\/ubirataonline.com.br\\\/wp-content\\\/uploads\\\/2026\\\/09\\\/maaimg-post-171352-20260906-145712.webp\",\"datePublished\":\"2026-09-06T14:56:45+00:00\",\"description\":\"Arquibancadas abrem \u00e0s 6h; desfile das 9h \u00e0s 11h com cerca de 30 mil pessoas previstas; veja orienta\u00e7\u00f5es de tr\u00e2nsito, transporte e itens proibidos,\",\"breadcrumb\":{\"@id\":\"https:\\\/\\\/ubirataonline.com.br\\\/como-acompanhar-o-desfile-de-7-de-setembro-em-brasilia-horarios-acesso-e-seguranca\\\/#breadcrumb\"},\"inLanguage\":\"en-US\",\"potentialAction\":[{\"@type\":\"ReadAction\",\"target\":[\"https:\\\/\\\/ubirataonline.com.br\\\/como-acompanhar-o-desfile-de-7-de-setembro-em-brasilia-horarios-acesso-e-seguranca\\\/\"]}]},{\"@type\":\"ImageObject\",\"inLanguage\":\"en-US\",\"@id\":\"https:\\\/\\\/ubirataonline.com.br\\\/como-acompanhar-o-desfile-de-7-de-setembro-em-brasilia-horarios-acesso-e-seguranca\\\/#primaryimage\",\"url\":\"https:\\\/\\\/ubirataonline.com.br\\\/wp-content\\\/uploads\\\/2026\\\/09\\\/maaimg-post-171352-20260906-145712.webp\",\"contentUrl\":\"https:\\\/\\\/ubirataonline.com.br\\\/wp-content\\\/uploads\\\/2026\\\/09\\\/maaimg-post-171352-20260906-145712.webp\",\"width\":1536,\"height\":1024,\"caption\":\"Imagem ilustrativa Gerada por IA\"},{\"@type\":\"BreadcrumbList\",\"@id\":\"https:\\\/\\\/ubirataonline.com.br\\\/como-acompanhar-o-desfile-de-7-de-setembro-em-brasilia-horarios-acesso-e-seguranca\\\/#breadcrumb\",\"itemListElement\":[{\"@type\":\"ListItem\",\"position\":1,\"name\":\"In\u00edcio\",\"item\":\"https:\\\/\\\/ubirataonline.com.br\\\/\"},{\"@type\":\"ListItem\",\"position\":2,\"name\":\"Como acompanhar o Desfile de 7 de Setembro em Bras\u00edlia: hor\u00e1rios, acesso e seguran\u00e7a\"}]},{\"@type\":\"WebSite\",\"@id\":\"https:\\\/\\\/ubirataonline.com.br\\\/#website\",\"url\":\"https:\\\/\\\/ubirataonline.com.br\\\/\",\"name\":\"Ubirat\u00e3 Online Not\u00edcias\",\"description\":\"Not\u00edcias de Ubirat\u00e3, regi\u00e3o, Brasil e mundo, com informa\u00e7\u00e3o atualizada e compromisso com o leitor.\",\"publisher\":{\"@id\":\"https:\\\/\\\/ubirataonline.com.br\\\/#organization\"},\"alternateName\":\"Ubirat\u00e3 Online\",\"potentialAction\":[{\"@type\":\"SearchAction\",\"target\":{\"@type\":\"EntryPoint\",\"urlTemplate\":\"https:\\\/\\\/ubirataonline.com.br\\\/?s={search_term_string}\"},\"query-input\":{\"@type\":\"PropertyValueSpecification\",\"valueRequired\":true,\"valueName\":\"search_term_string\"}}],\"inLanguage\":\"en-US\"},{\"@type\":[\"Organization\",\"Place\"],\"@id\":\"https:\\\/\\\/ubirataonline.com.br\\\/#organization\",\"name\":\"Ubirat\u00e3 Online Not\u00edcias\",\"alternateName\":\"Ubirat\u00e3 Online\",\"url\":\"https:\\\/\\\/ubirataonline.com.br\\\/\",\"logo\":{\"@id\":\"https:\\\/\\\/ubirataonline.com.br\\\/como-acompanhar-o-desfile-de-7-de-setembro-em-brasilia-horarios-acesso-e-seguranca\\\/#local-main-organization-logo\"},\"image\":{\"@id\":\"https:\\\/\\\/ubirataonline.com.br\\\/como-acompanhar-o-desfile-de-7-de-setembro-em-brasilia-horarios-acesso-e-seguranca\\\/#local-main-organization-logo\"},\"sameAs\":[\"https:\\\/\\\/www.facebook.com\\\/portalubirataonline\",\"https:\\\/\\\/x.com\\\/ubirataonline\",\"https:\\\/\\\/mastodon.social\\\/@ubirataonline\",\"https:\\\/\\\/www.facebook.com\\\/groups\\\/311144672285604\",\"https:\\\/\\\/www.facebook.com\\\/UBTAOnline\",\"https:\\\/\\\/www.instagram.com\\\/portalubirataonline\\\/\",\"https:\\\/\\\/twitter.com\\\/ubirataonline\"],\"description\":\"Somos um portal de not\u00edcias independente, criado em 5 de janeiro de 2009, com o objetivo de informar, conectar e valorizar a nossa comunidade de Ubirat\u00e3 e toda aregi\u00e3o. Com conte\u00fado atualizado, confi\u00e1vel e relevante, o Ubirat\u00e3 Online \u00e9 o seu espa\u00e7o para ficar por dentro dos principais acontecimentos locais, regionais, Brasil, Mundo e de interesse geral. Nosso compromisso \u00e9 com a verdade, a transpar\u00eancia e o respeito ao leitor.\",\"legalName\":\"UBIRATA ONLINE NOT\u00cdCIAS\",\"foundingDate\":\"2009-01-05\",\"numberOfEmployees\":{\"@type\":\"QuantitativeValue\",\"minValue\":\"1\",\"maxValue\":\"10\"},\"publishingPrinciples\":\"https:\\\/\\\/ubirataonline.com.br\\\/faq\\\/\",\"address\":{\"@id\":\"https:\\\/\\\/ubirataonline.com.br\\\/como-acompanhar-o-desfile-de-7-de-setembro-em-brasilia-horarios-acesso-e-seguranca\\\/#local-main-place-address\"},\"geo\":{\"@type\":\"GeoCoordinates\",\"latitude\":\"-24.5361401\",\"longitude\":\"-52.9921776\"},\"telephone\":[\"+5544998308235\"],\"contactPoint\":{\"@type\":\"ContactPoint\",\"email\":\"contato@ubirataonline.com.br\"},\"openingHoursSpecification\":{\"@type\":\"OpeningHoursSpecification\",\"dayOfWeek\":[\"Monday\",\"Tuesday\",\"Wednesday\",\"Thursday\",\"Friday\",\"Saturday\",\"Sunday\"],\"opens\":\"00:00\",\"closes\":\"23:59\"},\"email\":\"contato@ubirataonline.com.br\",\"vatID\":\"47.621.418\\\/0001-80\"},{\"@type\":\"Person\",\"@id\":\"https:\\\/\\\/ubirataonline.com.br\\\/#\\\/schema\\\/person\\\/372f87bbd3fdd79b8556b84c98d0bc1c\",\"name\":\"REDA\u00c7\u00c3O: UBIRAT\u00c3 ONLINE - F\u00c1BIO AUGUSTO CELESTINO\",\"pronouns\":\"Ele\",\"description\":\"Desde 2003 trabalhando com not\u00edcias.\",\"sameAs\":[\"http:\\\/\\\/ubirataoline.com.br\",\"https:\\\/\\\/www.facebook.com\\\/portalubirataonline\",\"https:\\\/\\\/www.instagram.com\\\/ubirataonline_oficial\",\"https:\\\/\\\/x.com\\\/x.com\\\/ubirataonline\"],\"honorificPrefix\":\"Mr.\",\"honorificSuffix\":\"MD\",\"birthDate\":\"1980-06-16\",\"gender\":\"masculino\",\"award\":[\"V\u00e1rios pr\u00eamios de melhor portal da cidade\"],\"jobTitle\":\"Diretor\",\"url\":\"https:\\\/\\\/ubirataonline.com.br\\\/en\\\/author\\\/ubirataonline\\\/\"},{\"@type\":\"PostalAddress\",\"@id\":\"https:\\\/\\\/ubirataonline.com.br\\\/como-acompanhar-o-desfile-de-7-de-setembro-em-brasilia-horarios-acesso-e-seguranca\\\/#local-main-place-address\",\"streetAddress\":\"Rua dos Coqueiros, 104 - Bairro Boa Vista, Rua dos Coqueiros, 104 Bairro Boa Vista\",\"addressLocality\":\"UBIRATA\",\"postalCode\":\"85440-000\",\"addressRegion\":\"PR\",\"addressCountry\":\"BR\"},{\"@type\":\"ImageObject\",\"inLanguage\":\"en-US\",\"@id\":\"https:\\\/\\\/ubirataonline.com.br\\\/como-acompanhar-o-desfile-de-7-de-setembro-em-brasilia-horarios-acesso-e-seguranca\\\/#local-main-organization-logo\",\"url\":\"https:\\\/\\\/ubirataonline.com.br\\\/wp-content\\\/uploads\\\/2026\\\/06\\\/logoubirataonline-1.webp\",\"contentUrl\":\"https:\\\/\\\/ubirataonline.com.br\\\/wp-content\\\/uploads\\\/2026\\\/06\\\/logoubirataonline-1.webp\",\"width\":500,\"height\":500,\"caption\":\"Ubirat\u00e3 Online Not\u00edcias\"}]}<\/script>\n<meta name=\"geo.placename\" content=\"UBIRATA\" \/>\n<meta name=\"geo.position\" content=\"-24.5361401;-52.9921776\" \/>\n<meta name=\"geo.region\" content=\"Brazil\" \/>\n<!-- \/ Yoast SEO Premium plugin. -->","yoast_head_json":{"title":"Como acompanhar o Desfile de 7 de Setembro em Bras\u00edlia: hor\u00e1rios, acesso e seguran\u00e7a - Ubirat\u00e3 Online Not\u00edcias - A realidade ao seu alcance!","description":"Arquibancadas abrem \u00e0s 6h; desfile das 9h \u00e0s 11h com cerca de 30 mil pessoas previstas; veja orienta\u00e7\u00f5es de tr\u00e2nsito, transporte e itens proibidos,","robots":{"index":"index","follow":"follow","max-snippet":"max-snippet:-1","max-image-preview":"max-image-preview:large","max-video-preview":"max-video-preview:-1"},"canonical":"https:\/\/ubirataonline.com.br\/en\/como-acompanhar-o-desfile-de-7-de-setembro-em-brasilia-horarios-acesso-e-seguranca\/","og_locale":"en_US","og_type":"article","og_title":"Como acompanhar o Desfile de 7 de Setembro em Bras\u00edlia: hor\u00e1rios, acesso e seguran\u00e7a","og_description":"Arquibancadas abrem \u00e0s 6h; desfile das 9h \u00e0s 11h com cerca de 30 mil pessoas previstas; veja orienta\u00e7\u00f5es de tr\u00e2nsito, transporte e itens proibidos,","og_url":"https:\/\/ubirataonline.com.br\/en\/como-acompanhar-o-desfile-de-7-de-setembro-em-brasilia-horarios-acesso-e-seguranca\/","og_site_name":"Ubirat\u00e3 Online Not\u00edcias - A realidade ao seu alcance!","article_publisher":"https:\/\/www.facebook.com\/portalubirataonline","article_author":"https:\/\/www.facebook.com\/portalubirataonline","article_published_time":"2026-09-06T14:56:45+00:00","og_image":[{"width":1531,"height":418,"url":"https:\/\/ubirataonline.com.br\/wp-content\/uploads\/2026\/05\/logo2026.webp","type":"image\/webp"}],"author":"REDA\u00c7\u00c3O: UBIRAT\u00c3 ONLINE - F\u00c1BIO AUGUSTO CELESTINO","twitter_card":"summary_large_image","twitter_creator":"@x.com\/ubirataonline","twitter_site":"@ubirataonline","twitter_misc":{"Written by":"REDA\u00c7\u00c3O: UBIRAT\u00c3 ONLINE - F\u00c1BIO AUGUSTO CELESTINO","Est. reading time":"3 minutes"},"schema":{"@context":"https:\/\/schema.org","@graph":[{"@type":"NewsArticle","@id":"https:\/\/ubirataonline.com.br\/como-acompanhar-o-desfile-de-7-de-setembro-em-brasilia-horarios-acesso-e-seguranca\/#article","isPartOf":{"@id":"https:\/\/ubirataonline.com.br\/como-acompanhar-o-desfile-de-7-de-setembro-em-brasilia-horarios-acesso-e-seguranca\/"},"author":{"name":"REDA\u00c7\u00c3O: UBIRAT\u00c3 ONLINE - F\u00c1BIO AUGUSTO CELESTINO","@id":"https:\/\/ubirataonline.com.br\/#\/schema\/person\/372f87bbd3fdd79b8556b84c98d0bc1c"},"headline":"Como acompanhar o Desfile de 7 de Setembro em Bras\u00edlia: hor\u00e1rios, acesso e seguran\u00e7a","datePublished":"2026-09-06T14:56:45+00:00","mainEntityOfPage":{"@id":"https:\/\/ubirataonline.com.br\/como-acompanhar-o-desfile-de-7-de-setembro-em-brasilia-horarios-acesso-e-seguranca\/"},"wordCount":665,"publisher":{"@id":"https:\/\/ubirataonline.com.br\/#organization"},"image":{"@id":"https:\/\/ubirataonline.com.br\/como-acompanhar-o-desfile-de-7-de-setembro-em-brasilia-horarios-acesso-e-seguranca\/#primaryimage"},"thumbnailUrl":"https:\/\/ubirataonline.com.br\/wp-content\/uploads\/2026\/09\/maaimg-post-171352-20260906-145712.webp","articleSection":["Brasil"],"inLanguage":"en-US","copyrightYear":"2026","copyrightHolder":{"@id":"https:\/\/ubirataonline.com.br\/en\/#organization"}},{"@type":"WebPage","@id":"https:\/\/ubirataonline.com.br\/como-acompanhar-o-desfile-de-7-de-setembro-em-brasilia-horarios-acesso-e-seguranca\/","url":"https:\/\/ubirataonline.com.br\/como-acompanhar-o-desfile-de-7-de-setembro-em-brasilia-horarios-acesso-e-seguranca\/","name":"Como acompanhar o Desfile de 7 de Setembro em Bras\u00edlia: hor\u00e1rios, acesso e seguran\u00e7a - Ubirat\u00e3 Online Not\u00edcias - A realidade ao seu alcance!","isPartOf":{"@id":"https:\/\/ubirataonline.com.br\/#website"},"primaryImageOfPage":{"@id":"https:\/\/ubirataonline.com.br\/como-acompanhar-o-desfile-de-7-de-setembro-em-brasilia-horarios-acesso-e-seguranca\/#primaryimage"},"image":{"@id":"https:\/\/ubirataonline.com.br\/como-acompanhar-o-desfile-de-7-de-setembro-em-brasilia-horarios-acesso-e-seguranca\/#primaryimage"},"thumbnailUrl":"https:\/\/ubirataonline.com.br\/wp-content\/uploads\/2026\/09\/maaimg-post-171352-20260906-145712.webp","datePublished":"2026-09-06T14:56:45+00:00","description":"Arquibancadas abrem \u00e0s 6h; desfile das 9h \u00e0s 11h com cerca de 30 mil pessoas previstas; veja orienta\u00e7\u00f5es de tr\u00e2nsito, transporte e itens proibidos,","breadcrumb":{"@id":"https:\/\/ubirataonline.com.br\/como-acompanhar-o-desfile-de-7-de-setembro-em-brasilia-horarios-acesso-e-seguranca\/#breadcrumb"},"inLanguage":"en-US","potentialAction":[{"@type":"ReadAction","target":["https:\/\/ubirataonline.com.br\/como-acompanhar-o-desfile-de-7-de-setembro-em-brasilia-horarios-acesso-e-seguranca\/"]}]},{"@type":"ImageObject","inLanguage":"en-US","@id":"https:\/\/ubirataonline.com.br\/como-acompanhar-o-desfile-de-7-de-setembro-em-brasilia-horarios-acesso-e-seguranca\/#primaryimage","url":"https:\/\/ubirataonline.com.br\/wp-content\/uploads\/2026\/09\/maaimg-post-171352-20260906-145712.webp","contentUrl":"https:\/\/ubirataonline.com.br\/wp-content\/uploads\/2026\/09\/maaimg-post-171352-20260906-145712.webp","width":1536,"height":1024,"caption":"Imagem ilustrativa Gerada por IA"},{"@type":"BreadcrumbList","@id":"https:\/\/ubirataonline.com.br\/como-acompanhar-o-desfile-de-7-de-setembro-em-brasilia-horarios-acesso-e-seguranca\/#breadcrumb","itemListElement":[{"@type":"ListItem","position":1,"name":"In\u00edcio","item":"https:\/\/ubirataonline.com.br\/"},{"@type":"ListItem","position":2,"name":"Como acompanhar o Desfile de 7 de Setembro em Bras\u00edlia: hor\u00e1rios, acesso e seguran\u00e7a"}]},{"@type":"WebSite","@id":"https:\/\/ubirataonline.com.br\/#website","url":"https:\/\/ubirataonline.com.br\/","name":"Ubirat\u00e3 Online Not\u00edcias","description":"Not\u00edcias de Ubirat\u00e3, regi\u00e3o, Brasil e mundo, com informa\u00e7\u00e3o atualizada e compromisso com o leitor.","publisher":{"@id":"https:\/\/ubirataonline.com.br\/#organization"},"alternateName":"Ubirat\u00e3 Online","potentialAction":[{"@type":"SearchAction","target":{"@type":"EntryPoint","urlTemplate":"https:\/\/ubirataonline.com.br\/?s={search_term_string}"},"query-input":{"@type":"PropertyValueSpecification","valueRequired":true,"valueName":"search_term_string"}}],"inLanguage":"en-US"},{"@type":["Organization","Place"],"@id":"https:\/\/ubirataonline.com.br\/#organization","name":"Ubirat\u00e3 Online Not\u00edcias","alternateName":"Ubirat\u00e3 Online","url":"https:\/\/ubirataonline.com.br\/","logo":{"@id":"https:\/\/ubirataonline.com.br\/como-acompanhar-o-desfile-de-7-de-setembro-em-brasilia-horarios-acesso-e-seguranca\/#local-main-organization-logo"},"image":{"@id":"https:\/\/ubirataonline.com.br\/como-acompanhar-o-desfile-de-7-de-setembro-em-brasilia-horarios-acesso-e-seguranca\/#local-main-organization-logo"},"sameAs":["https:\/\/www.facebook.com\/portalubirataonline","https:\/\/x.com\/ubirataonline","https:\/\/mastodon.social\/@ubirataonline","https:\/\/www.facebook.com\/groups\/311144672285604","https:\/\/www.facebook.com\/UBTAOnline","https:\/\/www.instagram.com\/portalubirataonline\/","https:\/\/twitter.com\/ubirataonline"],"description":"Somos um portal de not\u00edcias independente, criado em 5 de janeiro de 2009, com o objetivo de informar, conectar e valorizar a nossa comunidade de Ubirat\u00e3 e toda aregi\u00e3o. Com conte\u00fado atualizado, confi\u00e1vel e relevante, o Ubirat\u00e3 Online \u00e9 o seu espa\u00e7o para ficar por dentro dos principais acontecimentos locais, regionais, Brasil, Mundo e de interesse geral. Nosso compromisso \u00e9 com a verdade, a transpar\u00eancia e o respeito ao leitor.","legalName":"UBIRATA ONLINE NOT\u00cdCIAS","foundingDate":"2009-01-05","numberOfEmployees":{"@type":"QuantitativeValue","minValue":"1","maxValue":"10"},"publishingPrinciples":"https:\/\/ubirataonline.com.br\/faq\/","address":{"@id":"https:\/\/ubirataonline.com.br\/como-acompanhar-o-desfile-de-7-de-setembro-em-brasilia-horarios-acesso-e-seguranca\/#local-main-place-address"},"geo":{"@type":"GeoCoordinates","latitude":"-24.5361401","longitude":"-52.9921776"},"telephone":["+5544998308235"],"contactPoint":{"@type":"ContactPoint","email":"contato@ubirataonline.com.br"},"openingHoursSpecification":{"@type":"OpeningHoursSpecification","dayOfWeek":["Monday","Tuesday","Wednesday","Thursday","Friday","Saturday","Sunday"],"opens":"00:00","closes":"23:59"},"email":"contato@ubirataonline.com.br","vatID":"47.621.418\/0001-80"},{"@type":"Person","@id":"https:\/\/ubirataonline.com.br\/#\/schema\/person\/372f87bbd3fdd79b8556b84c98d0bc1c","name":"REDA\u00c7\u00c3O: UBIRAT\u00c3 ONLINE - F\u00c1BIO AUGUSTO CELESTINO","pronouns":"Ele","description":"Desde 2003 trabalhando com not\u00edcias.","sameAs":["http:\/\/ubirataoline.com.br","https:\/\/www.facebook.com\/portalubirataonline","https:\/\/www.instagram.com\/ubirataonline_oficial","https:\/\/x.com\/x.com\/ubirataonline"],"honorificPrefix":"Mr.","honorificSuffix":"MD","birthDate":"1980-06-16","gender":"masculino","award":["V\u00e1rios pr\u00eamios de melhor portal da cidade"],"jobTitle":"Diretor","url":"https:\/\/ubirataonline.com.br\/en\/author\/ubirataonline\/"},{"@type":"PostalAddress","@id":"https:\/\/ubirataonline.com.br\/como-acompanhar-o-desfile-de-7-de-setembro-em-brasilia-horarios-acesso-e-seguranca\/#local-main-place-address","streetAddress":"Rua dos Coqueiros, 104 - Bairro Boa Vista, Rua dos Coqueiros, 104 Bairro Boa Vista","addressLocality":"UBIRATA","postalCode":"85440-000","addressRegion":"PR","addressCountry":"BR"},{"@type":"ImageObject","inLanguage":"en-US","@id":"https:\/\/ubirataonline.com.br\/como-acompanhar-o-desfile-de-7-de-setembro-em-brasilia-horarios-acesso-e-seguranca\/#local-main-organization-logo","url":"https:\/\/ubirataonline.com.br\/wp-content\/uploads\/2026\/06\/logoubirataonline-1.webp","contentUrl":"https:\/\/ubirataonline.com.br\/wp-content\/uploads\/2026\/06\/logoubirataonline-1.webp","width":500,"height":500,"caption":"Ubirat\u00e3 Online Not\u00edcias"}]},"geo.placename":"UBIRATA","geo.position":{"lat":"-24.5361401","long":"-52.9921776"},"geo.region":"Brazil"},"_links":{"self":[{"href":"https:\/\/ubirataonline.com.br\/en\/wp-json\/wp\/v2\/posts\/171352","targetHints":{"allow":["GET"]}}],"collection":[{"href":"https:\/\/ubirataonline.com.br\/en\/wp-json\/wp\/v2\/posts"}],"about":[{"href":"https:\/\/ubirataonline.com.br\/en\/wp-json\/wp\/v2\/types\/post"}],"author":[{"embeddable":true,"href":"https:\/\/ubirataonline.com.br\/en\/wp-json\/wp\/v2\/users\/1"}],"replies":[{"embeddable":true,"href":"https:\/\/ubirataonline.com.br\/en\/wp-json\/wp\/v2\/comments?post=171352"}],"version-history":[{"count":0,"href":"https:\/\/ubirataonline.com.br\/en\/wp-json\/wp\/v2\/posts\/171352\/revisions"}],"wp:featuredmedia":[{"embeddable":true,"href":"https:\/\/ubirataonline.com.br\/en\/wp-json\/wp\/v2\/media\/171353"}],"wp:attachment":[{"href":"https:\/\/ubirataonline.com.br\/en\/wp-json\/wp\/v2\/media?parent=171352"}],"wp:term":[{"taxonomy":"category","embeddable":true,"href":"https:\/\/ubirataonline.com.br\/en\/wp-json\/wp\/v2\/categories?post=171352"},{"taxonomy":"post_tag","embeddable":true,"href":"https:\/\/ubirataonline.com.br\/en\/wp-json\/wp\/v2\/tags?post=171352"}],"curies":[{"name":"wp","href":"https:\/\/api.w.org\/{rel}","templated":true}]}}