{"id":171366,"date":"2026-09-06T13:24:14","date_gmt":"2026-09-06T16:24:14","guid":{"rendered":"https:\/\/ubirataonline.com.br\/roda-de-choro-estreia-nova-temporada-na-radio-mec-com-tributo-exclusivo-ao-iconico-album-vibracoes-de-jacob-do-bandolim\/"},"modified":"2026-09-06T13:24:14","modified_gmt":"2026-09-06T16:24:14","slug":"roda-de-choro-estreia-nova-temporada-na-radio-mec-com-tributo-exclusivo-ao-iconico-album-vibracoes-de-jacob-do-bandolim","status":"publish","type":"post","link":"https:\/\/ubirataonline.com.br\/en\/roda-de-choro-estreia-nova-temporada-na-radio-mec-com-tributo-exclusivo-ao-iconico-album-vibracoes-de-jacob-do-bandolim\/","title":{"rendered":"Roda de Choro estreia nova temporada na R\u00e1dio MEC com tributo exclusivo ao ic\u00f4nico \u00e1lbum Vibra\u00e7\u00f5es de Jacob do Bandolim"},"content":{"rendered":"<h2>A R\u00e1dio MEC inicia uma nova temporada do programa Roda de Choro com uma homenagem especial ao \u00e1lbum Vibra\u00e7\u00f5es, considerado uma obra-prima de Jacob do Bandolim.<\/h2>\n<p>A <b>R\u00e1dio MEC<\/b> estreou neste domingo, dia 6 de setembro de 2026, uma nova temporada do programa <b>Roda de Choro<\/b>. A atra\u00e7\u00e3o, que \u00e9 refer\u00eancia na valoriza\u00e7\u00e3o da m\u00fasica brasileira, dedica seu epis\u00f3dio de abertura a um tributo ao disco <b>Vibra\u00e7\u00f5es<\/b>, lan\u00e7ado originalmente em 1967 por <b>Jacob do Bandolim<\/b> e o lend\u00e1rio conjunto <b>\u00c9poca de Ouro<\/b>.<\/p>\n<p>O programa busca resgatar \u00e1lbuns que se tornaram pilares do g\u00eanero, oferecendo ao p\u00fablico uma mistura entre sele\u00e7\u00f5es musicais minuciosas e entrevistas hist\u00f3ricas. Segundo informa\u00e7\u00f5es divulgadas pela <b>Empresa Brasil de Comunica\u00e7\u00e3o (EBC)<\/b>, a nova fase do projeto tamb\u00e9m ser\u00e1 transmitida pela <b>R\u00e1dio Nacional<\/b>, ampliando o alcance dessa celebra\u00e7\u00e3o cultural.<\/p>\n<h3>O legado de Jacob do Bandolim e o \u00c9poca de Ouro<\/h3>\n<p>Durante o programa, o p\u00fablico ter\u00e1 acesso a um registro raro, uma entrevista concedida por <b>Jacob do Bandolim<\/b> ao <b>Museu da Imagem e do Som<\/b>. Nela, o artista compartilha detalhes sobre o processo de grava\u00e7\u00e3o de <b>Vibra\u00e7\u00f5es<\/b> e a forma\u00e7\u00e3o original do grupo <b>\u00c9poca de Ouro<\/b>, que se tornou um \u00edcone da m\u00fasica instrumental brasileira.<\/p>\n<p>O repert\u00f3rio apresentado no programa inclui faixas como <b>Receita de Samba<\/b>, <b>Ing\u00eanuo<\/b>, <b>P\u00e9rolas<\/b> e <b>Lamentos<\/b>, al\u00e9m de composi\u00e7\u00f5es de mestres como <b>Ernesto Nazareth<\/b> e <b>Pixinguinha<\/b>. A sele\u00e7\u00e3o reflete a diversidade e a sofistica\u00e7\u00e3o que definem o choro, um estilo que mant\u00e9m sua relev\u00e2ncia e originalidade tanto no cen\u00e1rio nacional quanto no internacional.<\/p>\n<h3>Programa\u00e7\u00e3o e onde ouvir<\/h3>\n<p>Para quem deseja acompanhar a s\u00e9rie, o <b>Roda de Choro<\/b> vai ao ar na <b>R\u00e1dio MEC<\/b> todos os domingos, \u00e0s 20h. Al\u00e9m disso, a produ\u00e7\u00e3o conta com uma janela de exibi\u00e7\u00e3o na <b>R\u00e1dio Nacional<\/b>, que acontece \u00e0s sextas-feiras, a partir das 22h. A atra\u00e7\u00e3o \u00e9 produzida com grava\u00e7\u00f5es ao vivo no est\u00fadio, trazendo sempre o contato direto com m\u00fasicos e estudiosos do g\u00eanero.<\/p>\n<p>Ao longo desta temporada in\u00e9dita, o p\u00fablico poder\u00e1 conferir homenagens a outros \u00e1lbuns emblem\u00e1ticos, como as obras de <b>Paulo Moura<\/b> e <b>Os Batutas<\/b>, al\u00e9m de homenagens a <b>Altamiro Carrilho<\/b> e <b>K-Ximbinho<\/b>. O programa se consolida como um espa\u00e7o de preserva\u00e7\u00e3o da mem\u00f3ria musical brasileira, conectando cl\u00e1ssicos e novos talentos do choro.<\/p>\n<h3>Perguntas frequentes sobre o programa<\/h3>\n<p><b>Qual o tema da estreia da nova temporada do Roda de Choro?<\/b> A estreia \u00e9 dedicada ao \u00e1lbum Vibra\u00e7\u00f5es, de Jacob do Bandolim e o conjunto \u00c9poca de Ouro, lan\u00e7ado em 1967.<\/p>\n<p><b>Quais emissoras transmitem o programa?<\/b> O programa \u00e9 transmitido pela R\u00e1dio MEC aos domingos, \u00e0s 20h, e pela R\u00e1dio Nacional \u00e0s sextas-feiras, \u00e0s 22h.<\/p>\n<p><b>O que \u00e9 poss\u00edvel ouvir durante o programa?<\/b> Al\u00e9m das faixas dos discos homenageados, o p\u00fablico acompanha entrevistas com instrumentistas, pesquisadores e registros hist\u00f3ricos, como a fala de Jacob do Bandolim ao Museu da Imagem e do Som.<\/p>\n<p><b>Quais outros artistas ser\u00e3o homenageados nesta temporada?<\/b> A temporada prev\u00ea tributos a \u00e1lbuns de Pixinguinha, Paulo Moura, Os Batutas, Altamiro Carrilho e K-Ximbinho.<\/p>\n<p><b>Como o programa \u00e9 produzido?<\/b> A atra\u00e7\u00e3o \u00e9 feita com grava\u00e7\u00f5es de grupos, m\u00fasicos e compositores, com sele\u00e7\u00f5es musicais e entrevistas realizadas ao vivo no est\u00fadio.<\/p>","protected":false},"excerpt":{"rendered":"<p>A R\u00e1dio MEC inicia uma nova temporada do programa Roda de Choro com uma homenagem especial ao \u00e1lbum Vibra\u00e7\u00f5es, considerado uma obra-prima de Jacob do Bandolim. A R\u00e1dio MEC estreou neste domingo, dia 6 de setembro de 2026, uma nova temporada do programa Roda de Choro. A atra\u00e7\u00e3o, que \u00e9 refer\u00eancia na valoriza\u00e7\u00e3o da m\u00fasica [&hellip;]<\/p>\n","protected":false},"author":1,"featured_media":171367,"comment_status":"","ping_status":"","sticky":false,"template":"","format":"standard","meta":{"googlesitekit_rrm_CAow2JLhCw:productID":"","_gspb_post_css":"","maa_idioma":"","maa_pais":"","footnotes":""},"categories":[4],"tags":[],"class_list":["post-171366","post","type-post","status-publish","format-standard","has-post-thumbnail","hentry","category-brasil"],"blocksy_meta":[],"yoast_head":"<!-- This site is optimized with the Yoast SEO Premium plugin v27.6 (Yoast SEO v27.6) - https:\/\/yoast.com\/product\/yoast-seo-premium-wordpress\/ -->\n<title>Roda de Choro estreia nova temporada na R\u00e1dio MEC com tributo exclusivo ao ic\u00f4nico \u00e1lbum Vibra\u00e7\u00f5es de Jacob do Bandolim - Ubirat\u00e3 Online Not\u00edcias - A realidade ao seu alcance!<\/title>\n<meta name=\"description\" content=\"A R\u00e1dio MEC inicia uma nova temporada do programa Roda de Choro com uma homenagem especial ao \u00e1lbum Vibra\u00e7\u00f5es, considerado uma obra-prima de Jacob do\" \/>\n<meta name=\"robots\" content=\"index, follow, max-snippet:-1, max-image-preview:large, max-video-preview:-1\" \/>\n<link rel=\"canonical\" href=\"https:\/\/ubirataonline.com.br\/en\/roda-de-choro-estreia-nova-temporada-na-radio-mec-com-tributo-exclusivo-ao-iconico-album-vibracoes-de-jacob-do-bandolim\/\" \/>\n<meta property=\"og:locale\" content=\"en_US\" \/>\n<meta property=\"og:type\" content=\"article\" \/>\n<meta property=\"og:title\" content=\"Roda de Choro estreia nova temporada na R\u00e1dio MEC com tributo exclusivo ao ic\u00f4nico \u00e1lbum Vibra\u00e7\u00f5es de Jacob do Bandolim\" \/>\n<meta property=\"og:description\" content=\"A R\u00e1dio MEC inicia uma nova temporada do programa Roda de Choro com uma homenagem especial ao \u00e1lbum Vibra\u00e7\u00f5es, considerado uma obra-prima de Jacob do\" \/>\n<meta property=\"og:url\" content=\"https:\/\/ubirataonline.com.br\/en\/roda-de-choro-estreia-nova-temporada-na-radio-mec-com-tributo-exclusivo-ao-iconico-album-vibracoes-de-jacob-do-bandolim\/\" \/>\n<meta property=\"og:site_name\" content=\"Ubirat\u00e3 Online Not\u00edcias - A realidade ao seu alcance!\" \/>\n<meta property=\"article:publisher\" content=\"https:\/\/www.facebook.com\/portalubirataonline\" \/>\n<meta property=\"article:author\" content=\"https:\/\/www.facebook.com\/portalubirataonline\" \/>\n<meta property=\"article:published_time\" content=\"2026-09-06T16:24:14+00:00\" \/>\n<meta property=\"og:image\" content=\"https:\/\/ubirataonline.com.br\/wp-content\/uploads\/2026\/05\/logo2026.webp\" \/>\n\t<meta property=\"og:image:width\" content=\"1531\" \/>\n\t<meta property=\"og:image:height\" content=\"418\" \/>\n\t<meta property=\"og:image:type\" content=\"image\/webp\" \/>\n<meta name=\"author\" content=\"REDA\u00c7\u00c3O: UBIRAT\u00c3 ONLINE - F\u00c1BIO AUGUSTO CELESTINO\" \/>\n<meta name=\"twitter:card\" content=\"summary_large_image\" \/>\n<meta name=\"twitter:creator\" content=\"@x.com\/ubirataonline\" \/>\n<meta name=\"twitter:site\" content=\"@ubirataonline\" \/>\n<meta name=\"twitter:label1\" content=\"Written by\" \/>\n\t<meta name=\"twitter:data1\" content=\"REDA\u00c7\u00c3O: UBIRAT\u00c3 ONLINE - F\u00c1BIO AUGUSTO CELESTINO\" \/>\n\t<meta name=\"twitter:label2\" content=\"Est. reading time\" \/>\n\t<meta name=\"twitter:data2\" content=\"3 minutes\" \/>\n<script type=\"application\/ld+json\" class=\"yoast-schema-graph\">{\"@context\":\"https:\\\/\\\/schema.org\",\"@graph\":[{\"@type\":\"NewsArticle\",\"@id\":\"https:\\\/\\\/ubirataonline.com.br\\\/roda-de-choro-estreia-nova-temporada-na-radio-mec-com-tributo-exclusivo-ao-iconico-album-vibracoes-de-jacob-do-bandolim\\\/#article\",\"isPartOf\":{\"@id\":\"https:\\\/\\\/ubirataonline.com.br\\\/roda-de-choro-estreia-nova-temporada-na-radio-mec-com-tributo-exclusivo-ao-iconico-album-vibracoes-de-jacob-do-bandolim\\\/\"},\"author\":{\"name\":\"REDA\u00c7\u00c3O: UBIRAT\u00c3 ONLINE - F\u00c1BIO AUGUSTO CELESTINO\",\"@id\":\"https:\\\/\\\/ubirataonline.com.br\\\/#\\\/schema\\\/person\\\/372f87bbd3fdd79b8556b84c98d0bc1c\"},\"headline\":\"Roda de Choro estreia nova temporada na R\u00e1dio MEC com tributo exclusivo ao ic\u00f4nico \u00e1lbum Vibra\u00e7\u00f5es de Jacob do Bandolim\",\"datePublished\":\"2026-09-06T16:24:14+00:00\",\"mainEntityOfPage\":{\"@id\":\"https:\\\/\\\/ubirataonline.com.br\\\/roda-de-choro-estreia-nova-temporada-na-radio-mec-com-tributo-exclusivo-ao-iconico-album-vibracoes-de-jacob-do-bandolim\\\/\"},\"wordCount\":596,\"publisher\":{\"@id\":\"https:\\\/\\\/ubirataonline.com.br\\\/#organization\"},\"image\":{\"@id\":\"https:\\\/\\\/ubirataonline.com.br\\\/roda-de-choro-estreia-nova-temporada-na-radio-mec-com-tributo-exclusivo-ao-iconico-album-vibracoes-de-jacob-do-bandolim\\\/#primaryimage\"},\"thumbnailUrl\":\"https:\\\/\\\/ubirataonline.com.br\\\/wp-content\\\/uploads\\\/2026\\\/09\\\/maaimg-post-171366-20260906-162430.webp\",\"articleSection\":[\"Brasil\"],\"inLanguage\":\"en-US\",\"copyrightYear\":\"2026\",\"copyrightHolder\":{\"@id\":\"https:\\\/\\\/ubirataonline.com.br\\\/en\\\/#organization\"}},{\"@type\":\"WebPage\",\"@id\":\"https:\\\/\\\/ubirataonline.com.br\\\/roda-de-choro-estreia-nova-temporada-na-radio-mec-com-tributo-exclusivo-ao-iconico-album-vibracoes-de-jacob-do-bandolim\\\/\",\"url\":\"https:\\\/\\\/ubirataonline.com.br\\\/roda-de-choro-estreia-nova-temporada-na-radio-mec-com-tributo-exclusivo-ao-iconico-album-vibracoes-de-jacob-do-bandolim\\\/\",\"name\":\"Roda de Choro estreia nova temporada na R\u00e1dio MEC com tributo exclusivo ao ic\u00f4nico \u00e1lbum Vibra\u00e7\u00f5es de Jacob do Bandolim - Ubirat\u00e3 Online Not\u00edcias - A realidade ao seu alcance!\",\"isPartOf\":{\"@id\":\"https:\\\/\\\/ubirataonline.com.br\\\/#website\"},\"primaryImageOfPage\":{\"@id\":\"https:\\\/\\\/ubirataonline.com.br\\\/roda-de-choro-estreia-nova-temporada-na-radio-mec-com-tributo-exclusivo-ao-iconico-album-vibracoes-de-jacob-do-bandolim\\\/#primaryimage\"},\"image\":{\"@id\":\"https:\\\/\\\/ubirataonline.com.br\\\/roda-de-choro-estreia-nova-temporada-na-radio-mec-com-tributo-exclusivo-ao-iconico-album-vibracoes-de-jacob-do-bandolim\\\/#primaryimage\"},\"thumbnailUrl\":\"https:\\\/\\\/ubirataonline.com.br\\\/wp-content\\\/uploads\\\/2026\\\/09\\\/maaimg-post-171366-20260906-162430.webp\",\"datePublished\":\"2026-09-06T16:24:14+00:00\",\"description\":\"A R\u00e1dio MEC inicia uma nova temporada do programa Roda de Choro com uma homenagem especial ao \u00e1lbum Vibra\u00e7\u00f5es, considerado uma obra-prima de Jacob do\",\"breadcrumb\":{\"@id\":\"https:\\\/\\\/ubirataonline.com.br\\\/roda-de-choro-estreia-nova-temporada-na-radio-mec-com-tributo-exclusivo-ao-iconico-album-vibracoes-de-jacob-do-bandolim\\\/#breadcrumb\"},\"inLanguage\":\"en-US\",\"potentialAction\":[{\"@type\":\"ReadAction\",\"target\":[\"https:\\\/\\\/ubirataonline.com.br\\\/roda-de-choro-estreia-nova-temporada-na-radio-mec-com-tributo-exclusivo-ao-iconico-album-vibracoes-de-jacob-do-bandolim\\\/\"]}]},{\"@type\":\"ImageObject\",\"inLanguage\":\"en-US\",\"@id\":\"https:\\\/\\\/ubirataonline.com.br\\\/roda-de-choro-estreia-nova-temporada-na-radio-mec-com-tributo-exclusivo-ao-iconico-album-vibracoes-de-jacob-do-bandolim\\\/#primaryimage\",\"url\":\"https:\\\/\\\/ubirataonline.com.br\\\/wp-content\\\/uploads\\\/2026\\\/09\\\/maaimg-post-171366-20260906-162430.webp\",\"contentUrl\":\"https:\\\/\\\/ubirataonline.com.br\\\/wp-content\\\/uploads\\\/2026\\\/09\\\/maaimg-post-171366-20260906-162430.webp\",\"width\":1536,\"height\":1024,\"caption\":\"Imagem ilustrativa Gerada por IA\"},{\"@type\":\"BreadcrumbList\",\"@id\":\"https:\\\/\\\/ubirataonline.com.br\\\/roda-de-choro-estreia-nova-temporada-na-radio-mec-com-tributo-exclusivo-ao-iconico-album-vibracoes-de-jacob-do-bandolim\\\/#breadcrumb\",\"itemListElement\":[{\"@type\":\"ListItem\",\"position\":1,\"name\":\"In\u00edcio\",\"item\":\"https:\\\/\\\/ubirataonline.com.br\\\/\"},{\"@type\":\"ListItem\",\"position\":2,\"name\":\"Roda de Choro estreia nova temporada na R\u00e1dio MEC com tributo exclusivo ao ic\u00f4nico \u00e1lbum Vibra\u00e7\u00f5es de Jacob do Bandolim\"}]},{\"@type\":\"WebSite\",\"@id\":\"https:\\\/\\\/ubirataonline.com.br\\\/#website\",\"url\":\"https:\\\/\\\/ubirataonline.com.br\\\/\",\"name\":\"Ubirat\u00e3 Online Not\u00edcias\",\"description\":\"Not\u00edcias de Ubirat\u00e3, regi\u00e3o, Brasil e mundo, com informa\u00e7\u00e3o atualizada e compromisso com o leitor.\",\"publisher\":{\"@id\":\"https:\\\/\\\/ubirataonline.com.br\\\/#organization\"},\"alternateName\":\"Ubirat\u00e3 Online\",\"potentialAction\":[{\"@type\":\"SearchAction\",\"target\":{\"@type\":\"EntryPoint\",\"urlTemplate\":\"https:\\\/\\\/ubirataonline.com.br\\\/?s={search_term_string}\"},\"query-input\":{\"@type\":\"PropertyValueSpecification\",\"valueRequired\":true,\"valueName\":\"search_term_string\"}}],\"inLanguage\":\"en-US\"},{\"@type\":[\"Organization\",\"Place\"],\"@id\":\"https:\\\/\\\/ubirataonline.com.br\\\/#organization\",\"name\":\"Ubirat\u00e3 Online Not\u00edcias\",\"alternateName\":\"Ubirat\u00e3 Online\",\"url\":\"https:\\\/\\\/ubirataonline.com.br\\\/\",\"logo\":{\"@id\":\"https:\\\/\\\/ubirataonline.com.br\\\/roda-de-choro-estreia-nova-temporada-na-radio-mec-com-tributo-exclusivo-ao-iconico-album-vibracoes-de-jacob-do-bandolim\\\/#local-main-organization-logo\"},\"image\":{\"@id\":\"https:\\\/\\\/ubirataonline.com.br\\\/roda-de-choro-estreia-nova-temporada-na-radio-mec-com-tributo-exclusivo-ao-iconico-album-vibracoes-de-jacob-do-bandolim\\\/#local-main-organization-logo\"},\"sameAs\":[\"https:\\\/\\\/www.facebook.com\\\/portalubirataonline\",\"https:\\\/\\\/x.com\\\/ubirataonline\",\"https:\\\/\\\/mastodon.social\\\/@ubirataonline\",\"https:\\\/\\\/www.facebook.com\\\/groups\\\/311144672285604\",\"https:\\\/\\\/www.facebook.com\\\/UBTAOnline\",\"https:\\\/\\\/www.instagram.com\\\/portalubirataonline\\\/\",\"https:\\\/\\\/twitter.com\\\/ubirataonline\"],\"description\":\"Somos um portal de not\u00edcias independente, criado em 5 de janeiro de 2009, com o objetivo de informar, conectar e valorizar a nossa comunidade de Ubirat\u00e3 e toda aregi\u00e3o. Com conte\u00fado atualizado, confi\u00e1vel e relevante, o Ubirat\u00e3 Online \u00e9 o seu espa\u00e7o para ficar por dentro dos principais acontecimentos locais, regionais, Brasil, Mundo e de interesse geral. Nosso compromisso \u00e9 com a verdade, a transpar\u00eancia e o respeito ao leitor.\",\"legalName\":\"UBIRATA ONLINE NOT\u00cdCIAS\",\"foundingDate\":\"2009-01-05\",\"numberOfEmployees\":{\"@type\":\"QuantitativeValue\",\"minValue\":\"1\",\"maxValue\":\"10\"},\"publishingPrinciples\":\"https:\\\/\\\/ubirataonline.com.br\\\/faq\\\/\",\"address\":{\"@id\":\"https:\\\/\\\/ubirataonline.com.br\\\/roda-de-choro-estreia-nova-temporada-na-radio-mec-com-tributo-exclusivo-ao-iconico-album-vibracoes-de-jacob-do-bandolim\\\/#local-main-place-address\"},\"geo\":{\"@type\":\"GeoCoordinates\",\"latitude\":\"-24.5361401\",\"longitude\":\"-52.9921776\"},\"telephone\":[\"+5544998308235\"],\"contactPoint\":{\"@type\":\"ContactPoint\",\"email\":\"contato@ubirataonline.com.br\"},\"openingHoursSpecification\":{\"@type\":\"OpeningHoursSpecification\",\"dayOfWeek\":[\"Monday\",\"Tuesday\",\"Wednesday\",\"Thursday\",\"Friday\",\"Saturday\",\"Sunday\"],\"opens\":\"00:00\",\"closes\":\"23:59\"},\"email\":\"contato@ubirataonline.com.br\",\"vatID\":\"47.621.418\\\/0001-80\"},{\"@type\":\"Person\",\"@id\":\"https:\\\/\\\/ubirataonline.com.br\\\/#\\\/schema\\\/person\\\/372f87bbd3fdd79b8556b84c98d0bc1c\",\"name\":\"REDA\u00c7\u00c3O: UBIRAT\u00c3 ONLINE - F\u00c1BIO AUGUSTO CELESTINO\",\"pronouns\":\"Ele\",\"description\":\"Desde 2003 trabalhando com not\u00edcias.\",\"sameAs\":[\"http:\\\/\\\/ubirataoline.com.br\",\"https:\\\/\\\/www.facebook.com\\\/portalubirataonline\",\"https:\\\/\\\/www.instagram.com\\\/ubirataonline_oficial\",\"https:\\\/\\\/x.com\\\/x.com\\\/ubirataonline\"],\"honorificPrefix\":\"Mr.\",\"honorificSuffix\":\"MD\",\"birthDate\":\"1980-06-16\",\"gender\":\"masculino\",\"award\":[\"V\u00e1rios pr\u00eamios de melhor portal da cidade\"],\"jobTitle\":\"Diretor\",\"url\":\"https:\\\/\\\/ubirataonline.com.br\\\/en\\\/author\\\/ubirataonline\\\/\"},{\"@type\":\"PostalAddress\",\"@id\":\"https:\\\/\\\/ubirataonline.com.br\\\/roda-de-choro-estreia-nova-temporada-na-radio-mec-com-tributo-exclusivo-ao-iconico-album-vibracoes-de-jacob-do-bandolim\\\/#local-main-place-address\",\"streetAddress\":\"Rua dos Coqueiros, 104 - Bairro Boa Vista, Rua dos Coqueiros, 104 Bairro Boa Vista\",\"addressLocality\":\"UBIRATA\",\"postalCode\":\"85440-000\",\"addressRegion\":\"PR\",\"addressCountry\":\"BR\"},{\"@type\":\"ImageObject\",\"inLanguage\":\"en-US\",\"@id\":\"https:\\\/\\\/ubirataonline.com.br\\\/roda-de-choro-estreia-nova-temporada-na-radio-mec-com-tributo-exclusivo-ao-iconico-album-vibracoes-de-jacob-do-bandolim\\\/#local-main-organization-logo\",\"url\":\"https:\\\/\\\/ubirataonline.com.br\\\/wp-content\\\/uploads\\\/2026\\\/06\\\/logoubirataonline-1.webp\",\"contentUrl\":\"https:\\\/\\\/ubirataonline.com.br\\\/wp-content\\\/uploads\\\/2026\\\/06\\\/logoubirataonline-1.webp\",\"width\":500,\"height\":500,\"caption\":\"Ubirat\u00e3 Online Not\u00edcias\"}]}<\/script>\n<meta name=\"geo.placename\" content=\"UBIRATA\" \/>\n<meta name=\"geo.position\" content=\"-24.5361401;-52.9921776\" \/>\n<meta name=\"geo.region\" content=\"Brazil\" \/>\n<!-- \/ Yoast SEO Premium plugin. -->","yoast_head_json":{"title":"Roda de Choro estreia nova temporada na R\u00e1dio MEC com tributo exclusivo ao ic\u00f4nico \u00e1lbum Vibra\u00e7\u00f5es de Jacob do Bandolim - Ubirat\u00e3 Online Not\u00edcias - A realidade ao seu alcance!","description":"A R\u00e1dio MEC inicia uma nova temporada do programa Roda de Choro com uma homenagem especial ao \u00e1lbum Vibra\u00e7\u00f5es, considerado uma obra-prima de Jacob do","robots":{"index":"index","follow":"follow","max-snippet":"max-snippet:-1","max-image-preview":"max-image-preview:large","max-video-preview":"max-video-preview:-1"},"canonical":"https:\/\/ubirataonline.com.br\/en\/roda-de-choro-estreia-nova-temporada-na-radio-mec-com-tributo-exclusivo-ao-iconico-album-vibracoes-de-jacob-do-bandolim\/","og_locale":"en_US","og_type":"article","og_title":"Roda de Choro estreia nova temporada na R\u00e1dio MEC com tributo exclusivo ao ic\u00f4nico \u00e1lbum Vibra\u00e7\u00f5es de Jacob do Bandolim","og_description":"A R\u00e1dio MEC inicia uma nova temporada do programa Roda de Choro com uma homenagem especial ao \u00e1lbum Vibra\u00e7\u00f5es, considerado uma obra-prima de Jacob do","og_url":"https:\/\/ubirataonline.com.br\/en\/roda-de-choro-estreia-nova-temporada-na-radio-mec-com-tributo-exclusivo-ao-iconico-album-vibracoes-de-jacob-do-bandolim\/","og_site_name":"Ubirat\u00e3 Online Not\u00edcias - A realidade ao seu alcance!","article_publisher":"https:\/\/www.facebook.com\/portalubirataonline","article_author":"https:\/\/www.facebook.com\/portalubirataonline","article_published_time":"2026-09-06T16:24:14+00:00","og_image":[{"width":1531,"height":418,"url":"https:\/\/ubirataonline.com.br\/wp-content\/uploads\/2026\/05\/logo2026.webp","type":"image\/webp"}],"author":"REDA\u00c7\u00c3O: UBIRAT\u00c3 ONLINE - F\u00c1BIO AUGUSTO CELESTINO","twitter_card":"summary_large_image","twitter_creator":"@x.com\/ubirataonline","twitter_site":"@ubirataonline","twitter_misc":{"Written by":"REDA\u00c7\u00c3O: UBIRAT\u00c3 ONLINE - F\u00c1BIO AUGUSTO CELESTINO","Est. reading time":"3 minutes"},"schema":{"@context":"https:\/\/schema.org","@graph":[{"@type":"NewsArticle","@id":"https:\/\/ubirataonline.com.br\/roda-de-choro-estreia-nova-temporada-na-radio-mec-com-tributo-exclusivo-ao-iconico-album-vibracoes-de-jacob-do-bandolim\/#article","isPartOf":{"@id":"https:\/\/ubirataonline.com.br\/roda-de-choro-estreia-nova-temporada-na-radio-mec-com-tributo-exclusivo-ao-iconico-album-vibracoes-de-jacob-do-bandolim\/"},"author":{"name":"REDA\u00c7\u00c3O: UBIRAT\u00c3 ONLINE - F\u00c1BIO AUGUSTO CELESTINO","@id":"https:\/\/ubirataonline.com.br\/#\/schema\/person\/372f87bbd3fdd79b8556b84c98d0bc1c"},"headline":"Roda de Choro estreia nova temporada na R\u00e1dio MEC com tributo exclusivo ao ic\u00f4nico \u00e1lbum Vibra\u00e7\u00f5es de Jacob do Bandolim","datePublished":"2026-09-06T16:24:14+00:00","mainEntityOfPage":{"@id":"https:\/\/ubirataonline.com.br\/roda-de-choro-estreia-nova-temporada-na-radio-mec-com-tributo-exclusivo-ao-iconico-album-vibracoes-de-jacob-do-bandolim\/"},"wordCount":596,"publisher":{"@id":"https:\/\/ubirataonline.com.br\/#organization"},"image":{"@id":"https:\/\/ubirataonline.com.br\/roda-de-choro-estreia-nova-temporada-na-radio-mec-com-tributo-exclusivo-ao-iconico-album-vibracoes-de-jacob-do-bandolim\/#primaryimage"},"thumbnailUrl":"https:\/\/ubirataonline.com.br\/wp-content\/uploads\/2026\/09\/maaimg-post-171366-20260906-162430.webp","articleSection":["Brasil"],"inLanguage":"en-US","copyrightYear":"2026","copyrightHolder":{"@id":"https:\/\/ubirataonline.com.br\/en\/#organization"}},{"@type":"WebPage","@id":"https:\/\/ubirataonline.com.br\/roda-de-choro-estreia-nova-temporada-na-radio-mec-com-tributo-exclusivo-ao-iconico-album-vibracoes-de-jacob-do-bandolim\/","url":"https:\/\/ubirataonline.com.br\/roda-de-choro-estreia-nova-temporada-na-radio-mec-com-tributo-exclusivo-ao-iconico-album-vibracoes-de-jacob-do-bandolim\/","name":"Roda de Choro estreia nova temporada na R\u00e1dio MEC com tributo exclusivo ao ic\u00f4nico \u00e1lbum Vibra\u00e7\u00f5es de Jacob do Bandolim - Ubirat\u00e3 Online Not\u00edcias - A realidade ao seu alcance!","isPartOf":{"@id":"https:\/\/ubirataonline.com.br\/#website"},"primaryImageOfPage":{"@id":"https:\/\/ubirataonline.com.br\/roda-de-choro-estreia-nova-temporada-na-radio-mec-com-tributo-exclusivo-ao-iconico-album-vibracoes-de-jacob-do-bandolim\/#primaryimage"},"image":{"@id":"https:\/\/ubirataonline.com.br\/roda-de-choro-estreia-nova-temporada-na-radio-mec-com-tributo-exclusivo-ao-iconico-album-vibracoes-de-jacob-do-bandolim\/#primaryimage"},"thumbnailUrl":"https:\/\/ubirataonline.com.br\/wp-content\/uploads\/2026\/09\/maaimg-post-171366-20260906-162430.webp","datePublished":"2026-09-06T16:24:14+00:00","description":"A R\u00e1dio MEC inicia uma nova temporada do programa Roda de Choro com uma homenagem especial ao \u00e1lbum Vibra\u00e7\u00f5es, considerado uma obra-prima de Jacob do","breadcrumb":{"@id":"https:\/\/ubirataonline.com.br\/roda-de-choro-estreia-nova-temporada-na-radio-mec-com-tributo-exclusivo-ao-iconico-album-vibracoes-de-jacob-do-bandolim\/#breadcrumb"},"inLanguage":"en-US","potentialAction":[{"@type":"ReadAction","target":["https:\/\/ubirataonline.com.br\/roda-de-choro-estreia-nova-temporada-na-radio-mec-com-tributo-exclusivo-ao-iconico-album-vibracoes-de-jacob-do-bandolim\/"]}]},{"@type":"ImageObject","inLanguage":"en-US","@id":"https:\/\/ubirataonline.com.br\/roda-de-choro-estreia-nova-temporada-na-radio-mec-com-tributo-exclusivo-ao-iconico-album-vibracoes-de-jacob-do-bandolim\/#primaryimage","url":"https:\/\/ubirataonline.com.br\/wp-content\/uploads\/2026\/09\/maaimg-post-171366-20260906-162430.webp","contentUrl":"https:\/\/ubirataonline.com.br\/wp-content\/uploads\/2026\/09\/maaimg-post-171366-20260906-162430.webp","width":1536,"height":1024,"caption":"Imagem ilustrativa Gerada por IA"},{"@type":"BreadcrumbList","@id":"https:\/\/ubirataonline.com.br\/roda-de-choro-estreia-nova-temporada-na-radio-mec-com-tributo-exclusivo-ao-iconico-album-vibracoes-de-jacob-do-bandolim\/#breadcrumb","itemListElement":[{"@type":"ListItem","position":1,"name":"In\u00edcio","item":"https:\/\/ubirataonline.com.br\/"},{"@type":"ListItem","position":2,"name":"Roda de Choro estreia nova temporada na R\u00e1dio MEC com tributo exclusivo ao ic\u00f4nico \u00e1lbum Vibra\u00e7\u00f5es de Jacob do Bandolim"}]},{"@type":"WebSite","@id":"https:\/\/ubirataonline.com.br\/#website","url":"https:\/\/ubirataonline.com.br\/","name":"Ubirat\u00e3 Online Not\u00edcias","description":"Not\u00edcias de Ubirat\u00e3, regi\u00e3o, Brasil e mundo, com informa\u00e7\u00e3o atualizada e compromisso com o leitor.","publisher":{"@id":"https:\/\/ubirataonline.com.br\/#organization"},"alternateName":"Ubirat\u00e3 Online","potentialAction":[{"@type":"SearchAction","target":{"@type":"EntryPoint","urlTemplate":"https:\/\/ubirataonline.com.br\/?s={search_term_string}"},"query-input":{"@type":"PropertyValueSpecification","valueRequired":true,"valueName":"search_term_string"}}],"inLanguage":"en-US"},{"@type":["Organization","Place"],"@id":"https:\/\/ubirataonline.com.br\/#organization","name":"Ubirat\u00e3 Online Not\u00edcias","alternateName":"Ubirat\u00e3 Online","url":"https:\/\/ubirataonline.com.br\/","logo":{"@id":"https:\/\/ubirataonline.com.br\/roda-de-choro-estreia-nova-temporada-na-radio-mec-com-tributo-exclusivo-ao-iconico-album-vibracoes-de-jacob-do-bandolim\/#local-main-organization-logo"},"image":{"@id":"https:\/\/ubirataonline.com.br\/roda-de-choro-estreia-nova-temporada-na-radio-mec-com-tributo-exclusivo-ao-iconico-album-vibracoes-de-jacob-do-bandolim\/#local-main-organization-logo"},"sameAs":["https:\/\/www.facebook.com\/portalubirataonline","https:\/\/x.com\/ubirataonline","https:\/\/mastodon.social\/@ubirataonline","https:\/\/www.facebook.com\/groups\/311144672285604","https:\/\/www.facebook.com\/UBTAOnline","https:\/\/www.instagram.com\/portalubirataonline\/","https:\/\/twitter.com\/ubirataonline"],"description":"Somos um portal de not\u00edcias independente, criado em 5 de janeiro de 2009, com o objetivo de informar, conectar e valorizar a nossa comunidade de Ubirat\u00e3 e toda aregi\u00e3o. Com conte\u00fado atualizado, confi\u00e1vel e relevante, o Ubirat\u00e3 Online \u00e9 o seu espa\u00e7o para ficar por dentro dos principais acontecimentos locais, regionais, Brasil, Mundo e de interesse geral. Nosso compromisso \u00e9 com a verdade, a transpar\u00eancia e o respeito ao leitor.","legalName":"UBIRATA ONLINE NOT\u00cdCIAS","foundingDate":"2009-01-05","numberOfEmployees":{"@type":"QuantitativeValue","minValue":"1","maxValue":"10"},"publishingPrinciples":"https:\/\/ubirataonline.com.br\/faq\/","address":{"@id":"https:\/\/ubirataonline.com.br\/roda-de-choro-estreia-nova-temporada-na-radio-mec-com-tributo-exclusivo-ao-iconico-album-vibracoes-de-jacob-do-bandolim\/#local-main-place-address"},"geo":{"@type":"GeoCoordinates","latitude":"-24.5361401","longitude":"-52.9921776"},"telephone":["+5544998308235"],"contactPoint":{"@type":"ContactPoint","email":"contato@ubirataonline.com.br"},"openingHoursSpecification":{"@type":"OpeningHoursSpecification","dayOfWeek":["Monday","Tuesday","Wednesday","Thursday","Friday","Saturday","Sunday"],"opens":"00:00","closes":"23:59"},"email":"contato@ubirataonline.com.br","vatID":"47.621.418\/0001-80"},{"@type":"Person","@id":"https:\/\/ubirataonline.com.br\/#\/schema\/person\/372f87bbd3fdd79b8556b84c98d0bc1c","name":"REDA\u00c7\u00c3O: UBIRAT\u00c3 ONLINE - F\u00c1BIO AUGUSTO CELESTINO","pronouns":"Ele","description":"Desde 2003 trabalhando com not\u00edcias.","sameAs":["http:\/\/ubirataoline.com.br","https:\/\/www.facebook.com\/portalubirataonline","https:\/\/www.instagram.com\/ubirataonline_oficial","https:\/\/x.com\/x.com\/ubirataonline"],"honorificPrefix":"Mr.","honorificSuffix":"MD","birthDate":"1980-06-16","gender":"masculino","award":["V\u00e1rios pr\u00eamios de melhor portal da cidade"],"jobTitle":"Diretor","url":"https:\/\/ubirataonline.com.br\/en\/author\/ubirataonline\/"},{"@type":"PostalAddress","@id":"https:\/\/ubirataonline.com.br\/roda-de-choro-estreia-nova-temporada-na-radio-mec-com-tributo-exclusivo-ao-iconico-album-vibracoes-de-jacob-do-bandolim\/#local-main-place-address","streetAddress":"Rua dos Coqueiros, 104 - Bairro Boa Vista, Rua dos Coqueiros, 104 Bairro Boa Vista","addressLocality":"UBIRATA","postalCode":"85440-000","addressRegion":"PR","addressCountry":"BR"},{"@type":"ImageObject","inLanguage":"en-US","@id":"https:\/\/ubirataonline.com.br\/roda-de-choro-estreia-nova-temporada-na-radio-mec-com-tributo-exclusivo-ao-iconico-album-vibracoes-de-jacob-do-bandolim\/#local-main-organization-logo","url":"https:\/\/ubirataonline.com.br\/wp-content\/uploads\/2026\/06\/logoubirataonline-1.webp","contentUrl":"https:\/\/ubirataonline.com.br\/wp-content\/uploads\/2026\/06\/logoubirataonline-1.webp","width":500,"height":500,"caption":"Ubirat\u00e3 Online Not\u00edcias"}]},"geo.placename":"UBIRATA","geo.position":{"lat":"-24.5361401","long":"-52.9921776"},"geo.region":"Brazil"},"_links":{"self":[{"href":"https:\/\/ubirataonline.com.br\/en\/wp-json\/wp\/v2\/posts\/171366","targetHints":{"allow":["GET"]}}],"collection":[{"href":"https:\/\/ubirataonline.com.br\/en\/wp-json\/wp\/v2\/posts"}],"about":[{"href":"https:\/\/ubirataonline.com.br\/en\/wp-json\/wp\/v2\/types\/post"}],"author":[{"embeddable":true,"href":"https:\/\/ubirataonline.com.br\/en\/wp-json\/wp\/v2\/users\/1"}],"replies":[{"embeddable":true,"href":"https:\/\/ubirataonline.com.br\/en\/wp-json\/wp\/v2\/comments?post=171366"}],"version-history":[{"count":0,"href":"https:\/\/ubirataonline.com.br\/en\/wp-json\/wp\/v2\/posts\/171366\/revisions"}],"wp:featuredmedia":[{"embeddable":true,"href":"https:\/\/ubirataonline.com.br\/en\/wp-json\/wp\/v2\/media\/171367"}],"wp:attachment":[{"href":"https:\/\/ubirataonline.com.br\/en\/wp-json\/wp\/v2\/media?parent=171366"}],"wp:term":[{"taxonomy":"category","embeddable":true,"href":"https:\/\/ubirataonline.com.br\/en\/wp-json\/wp\/v2\/categories?post=171366"},{"taxonomy":"post_tag","embeddable":true,"href":"https:\/\/ubirataonline.com.br\/en\/wp-json\/wp\/v2\/tags?post=171366"}],"curies":[{"name":"wp","href":"https:\/\/api.w.org\/{rel}","templated":true}]}}