{"id":171400,"date":"2026-09-06T15:39:46","date_gmt":"2026-09-06T18:39:46","guid":{"rendered":"https:\/\/ubirataonline.com.br\/parana-sob-alerta-amarelo-do-inmet-queda-de-temperatura-e-minimas-previstas-entre-3c-e-5c\/"},"modified":"2026-09-06T15:39:46","modified_gmt":"2026-09-06T18:39:46","slug":"parana-sob-alerta-amarelo-do-inmet-queda-de-temperatura-e-minimas-previstas-entre-3c-e-5c","status":"publish","type":"post","link":"https:\/\/ubirataonline.com.br\/en\/parana-sob-alerta-amarelo-do-inmet-queda-de-temperatura-e-minimas-previstas-entre-3c-e-5c\/","title":{"rendered":"Paran\u00e1 sob alerta amarelo do Inmet: queda de temperatura e m\u00ednimas previstas entre 3\u00b0C e 5\u00b0C"},"content":{"rendered":"<h2>Alerta vale de 6 ao meio-dia de 7 de setembro; Inmet estima queda de 3\u00b0C a 5\u00b0C. Simepar aponta m\u00ednimas de 1,9\u00b0C no Sul e tardes frias na RMC.<\/h2>\n<p>O Instituto Nacional de Meteorologia (Inmet) emitiu um <b>alerta amarelo<\/b> para queda de temperatura no Paran\u00e1, v\u00e1lido desde domingo (6) at\u00e9 as 12h de segunda-feira (7), data do feriado de Independ\u00eancia do Brasil.<\/p>\n<p>Segundo o Inmet, as temperaturas devem cair entre 3\u00b0C e 5\u00b0C, condi\u00e7\u00e3o que pode Representa leve risco \u00e0 sa\u00fade, conforme a classifica\u00e7\u00e3o do pr\u00f3prio \u00f3rg\u00e3o.<\/p>\n<h3>Como ficou o domingo e onde fez mais frio<\/h3>\n<p>O Sistema de Tecnologia e Monitoramento Ambiental do Paran\u00e1 (Simpear) registrou clima inst\u00e1vel no domingo, com chuvas isoladas na metade norte do estado e nos Campos Gerais.<\/p>\n<p>O frio se destacou no Sul do estado: segundo o Simepar, General Carneiro teve 1,9\u00b0C e Palmas 2,3\u00b0C nas primeiras horas da manh\u00e3 \u2014 as menores m\u00ednimas registradas at\u00e9 o momento.<\/p>\n<h3>Previs\u00e3o para o feriado (7 de setembro)<\/h3>\n<p>De acordo com o Simepar, a segunda-feira ser\u00e1 marcada por frio em v\u00e1rias regi\u00f5es. As m\u00ednimas devem ficar pr\u00f3ximas de 5\u00b0C em cidades do Sudoeste, Centro-Sul, Campos Gerais e na Regi\u00e3o Metropolitana de Curitiba (RMC). No Norte do estado, os valores previstos ficam em torno de 10\u00b0C.<\/p>\n<p>Na RMC, o frio deve persistir durante a tarde, com m\u00e1ximas estimadas abaixo de 15\u00b0C. No Litoral, as m\u00e1ximas previstas ficam abaixo de 20\u00b0C.<\/p>\n<h3>Classifica\u00e7\u00e3o dos Alerta do Inmet<\/h3>\n<ul>\n<li>Alerta amarelo: situa\u00e7\u00e3o Meteorologia potencialmente perigosa; requer cuidado na pr\u00e1tica de atividades sujeitas a riscos.<\/li>\n<li><strong>Alerta laranja<\/strong>: situa\u00e7\u00e3o perigosa; orienta\u00e7\u00e3o para manter vigil\u00e2ncia e seguir conselhos das autoridades.<\/li>\n<li><strong>Alerta vermelho<\/strong>: grande perigo por fen\u00f4menos de intensidade excepcional, com probabilidade de danos e acidentes; demanda aten\u00e7\u00e3o e prepara\u00e7\u00e3o para medidas de emerg\u00eancia.<\/li>\n<\/ul>\n<p>Fonte: G1, com informa\u00e7\u00f5es do Instituto Nacional de Meteorologia (Inmet), do Simpear e do Simepar.<\/p>","protected":false},"excerpt":{"rendered":"<p>Alerta vale de 6 ao meio-dia de 7 de setembro; Inmet estima queda de 3\u00b0C a 5\u00b0C. Simepar aponta m\u00ednimas de 1,9\u00b0C no Sul e tardes frias na RMC. O Instituto Nacional de Meteorologia (Inmet) emitiu um alerta amarelo para queda de temperatura no Paran\u00e1, v\u00e1lido desde domingo (6) at\u00e9 as 12h de segunda-feira (7), [&hellip;]<\/p>\n","protected":false},"author":1,"featured_media":171401,"comment_status":"","ping_status":"","sticky":false,"template":"","format":"standard","meta":{"googlesitekit_rrm_CAow2JLhCw:productID":"","_gspb_post_css":"","maa_idioma":"","maa_pais":"","footnotes":""},"categories":[43088],"tags":[],"class_list":["post-171400","post","type-post","status-publish","format-standard","has-post-thumbnail","hentry","category-parana"],"blocksy_meta":[],"yoast_head":"<!-- This site is optimized with the Yoast SEO Premium plugin v27.6 (Yoast SEO v27.6) - https:\/\/yoast.com\/product\/yoast-seo-premium-wordpress\/ -->\n<title>Paran\u00e1 sob alerta amarelo do Inmet: queda de temperatura e m\u00ednimas previstas entre 3\u00b0C e 5\u00b0C - Ubirat\u00e3 Online Not\u00edcias - A realidade ao seu alcance!<\/title>\n<meta name=\"description\" content=\"Alerta vale de 6 ao meio-dia de 7 de setembro; Inmet estima queda de 3\u00b0C a 5\u00b0C. Simepar aponta m\u00ednimas de 1,9\u00b0C no Sul e tardes frias na RMC.O Instituto\" \/>\n<meta name=\"robots\" content=\"index, follow, max-snippet:-1, max-image-preview:large, max-video-preview:-1\" \/>\n<link rel=\"canonical\" href=\"https:\/\/ubirataonline.com.br\/en\/parana-sob-alerta-amarelo-do-inmet-queda-de-temperatura-e-minimas-previstas-entre-3c-e-5c\/\" \/>\n<meta property=\"og:locale\" content=\"en_US\" \/>\n<meta property=\"og:type\" content=\"article\" \/>\n<meta property=\"og:title\" content=\"Paran\u00e1 sob alerta amarelo do Inmet: queda de temperatura e m\u00ednimas previstas entre 3\u00b0C e 5\u00b0C\" \/>\n<meta property=\"og:description\" content=\"Alerta vale de 6 ao meio-dia de 7 de setembro; Inmet estima queda de 3\u00b0C a 5\u00b0C. Simepar aponta m\u00ednimas de 1,9\u00b0C no Sul e tardes frias na RMC.O Instituto\" \/>\n<meta property=\"og:url\" content=\"https:\/\/ubirataonline.com.br\/en\/parana-sob-alerta-amarelo-do-inmet-queda-de-temperatura-e-minimas-previstas-entre-3c-e-5c\/\" \/>\n<meta property=\"og:site_name\" content=\"Ubirat\u00e3 Online Not\u00edcias - A realidade ao seu alcance!\" \/>\n<meta property=\"article:publisher\" content=\"https:\/\/www.facebook.com\/portalubirataonline\" \/>\n<meta property=\"article:author\" content=\"https:\/\/www.facebook.com\/portalubirataonline\" \/>\n<meta property=\"article:published_time\" content=\"2026-09-06T18:39:46+00:00\" \/>\n<meta property=\"og:image\" content=\"https:\/\/ubirataonline.com.br\/wp-content\/uploads\/2026\/05\/logo2026.webp\" \/>\n\t<meta property=\"og:image:width\" content=\"1531\" \/>\n\t<meta property=\"og:image:height\" content=\"418\" \/>\n\t<meta property=\"og:image:type\" content=\"image\/webp\" \/>\n<meta name=\"author\" content=\"REDA\u00c7\u00c3O: UBIRAT\u00c3 ONLINE - F\u00c1BIO AUGUSTO CELESTINO\" \/>\n<meta name=\"twitter:card\" content=\"summary_large_image\" \/>\n<meta name=\"twitter:creator\" content=\"@x.com\/ubirataonline\" \/>\n<meta name=\"twitter:site\" content=\"@ubirataonline\" \/>\n<meta name=\"twitter:label1\" content=\"Written by\" \/>\n\t<meta name=\"twitter:data1\" content=\"REDA\u00c7\u00c3O: UBIRAT\u00c3 ONLINE - F\u00c1BIO AUGUSTO CELESTINO\" \/>\n\t<meta name=\"twitter:label2\" content=\"Est. reading time\" \/>\n\t<meta name=\"twitter:data2\" content=\"2 minutes\" \/>\n<script type=\"application\/ld+json\" class=\"yoast-schema-graph\">{\"@context\":\"https:\\\/\\\/schema.org\",\"@graph\":[{\"@type\":\"NewsArticle\",\"@id\":\"https:\\\/\\\/ubirataonline.com.br\\\/parana-sob-alerta-amarelo-do-inmet-queda-de-temperatura-e-minimas-previstas-entre-3c-e-5c\\\/#article\",\"isPartOf\":{\"@id\":\"https:\\\/\\\/ubirataonline.com.br\\\/parana-sob-alerta-amarelo-do-inmet-queda-de-temperatura-e-minimas-previstas-entre-3c-e-5c\\\/\"},\"author\":{\"name\":\"REDA\u00c7\u00c3O: UBIRAT\u00c3 ONLINE - F\u00c1BIO AUGUSTO CELESTINO\",\"@id\":\"https:\\\/\\\/ubirataonline.com.br\\\/#\\\/schema\\\/person\\\/372f87bbd3fdd79b8556b84c98d0bc1c\"},\"headline\":\"Paran\u00e1 sob alerta amarelo do Inmet: queda de temperatura e m\u00ednimas previstas entre 3\u00b0C e 5\u00b0C\",\"datePublished\":\"2026-09-06T18:39:46+00:00\",\"mainEntityOfPage\":{\"@id\":\"https:\\\/\\\/ubirataonline.com.br\\\/parana-sob-alerta-amarelo-do-inmet-queda-de-temperatura-e-minimas-previstas-entre-3c-e-5c\\\/\"},\"wordCount\":342,\"publisher\":{\"@id\":\"https:\\\/\\\/ubirataonline.com.br\\\/#organization\"},\"image\":{\"@id\":\"https:\\\/\\\/ubirataonline.com.br\\\/parana-sob-alerta-amarelo-do-inmet-queda-de-temperatura-e-minimas-previstas-entre-3c-e-5c\\\/#primaryimage\"},\"thumbnailUrl\":\"https:\\\/\\\/ubirataonline.com.br\\\/wp-content\\\/uploads\\\/2026\\\/09\\\/maaimg-post-171400-20260906-184004.webp\",\"articleSection\":[\"Paran\u00e1\"],\"inLanguage\":\"en-US\",\"copyrightYear\":\"2026\",\"copyrightHolder\":{\"@id\":\"https:\\\/\\\/ubirataonline.com.br\\\/en\\\/#organization\"}},{\"@type\":\"WebPage\",\"@id\":\"https:\\\/\\\/ubirataonline.com.br\\\/parana-sob-alerta-amarelo-do-inmet-queda-de-temperatura-e-minimas-previstas-entre-3c-e-5c\\\/\",\"url\":\"https:\\\/\\\/ubirataonline.com.br\\\/parana-sob-alerta-amarelo-do-inmet-queda-de-temperatura-e-minimas-previstas-entre-3c-e-5c\\\/\",\"name\":\"Paran\u00e1 sob alerta amarelo do Inmet: queda de temperatura e m\u00ednimas previstas entre 3\u00b0C e 5\u00b0C - Ubirat\u00e3 Online Not\u00edcias - A realidade ao seu alcance!\",\"isPartOf\":{\"@id\":\"https:\\\/\\\/ubirataonline.com.br\\\/#website\"},\"primaryImageOfPage\":{\"@id\":\"https:\\\/\\\/ubirataonline.com.br\\\/parana-sob-alerta-amarelo-do-inmet-queda-de-temperatura-e-minimas-previstas-entre-3c-e-5c\\\/#primaryimage\"},\"image\":{\"@id\":\"https:\\\/\\\/ubirataonline.com.br\\\/parana-sob-alerta-amarelo-do-inmet-queda-de-temperatura-e-minimas-previstas-entre-3c-e-5c\\\/#primaryimage\"},\"thumbnailUrl\":\"https:\\\/\\\/ubirataonline.com.br\\\/wp-content\\\/uploads\\\/2026\\\/09\\\/maaimg-post-171400-20260906-184004.webp\",\"datePublished\":\"2026-09-06T18:39:46+00:00\",\"description\":\"Alerta vale de 6 ao meio-dia de 7 de setembro; Inmet estima queda de 3\u00b0C a 5\u00b0C. Simepar aponta m\u00ednimas de 1,9\u00b0C no Sul e tardes frias na RMC.O Instituto\",\"breadcrumb\":{\"@id\":\"https:\\\/\\\/ubirataonline.com.br\\\/parana-sob-alerta-amarelo-do-inmet-queda-de-temperatura-e-minimas-previstas-entre-3c-e-5c\\\/#breadcrumb\"},\"inLanguage\":\"en-US\",\"potentialAction\":[{\"@type\":\"ReadAction\",\"target\":[\"https:\\\/\\\/ubirataonline.com.br\\\/parana-sob-alerta-amarelo-do-inmet-queda-de-temperatura-e-minimas-previstas-entre-3c-e-5c\\\/\"]}]},{\"@type\":\"ImageObject\",\"inLanguage\":\"en-US\",\"@id\":\"https:\\\/\\\/ubirataonline.com.br\\\/parana-sob-alerta-amarelo-do-inmet-queda-de-temperatura-e-minimas-previstas-entre-3c-e-5c\\\/#primaryimage\",\"url\":\"https:\\\/\\\/ubirataonline.com.br\\\/wp-content\\\/uploads\\\/2026\\\/09\\\/maaimg-post-171400-20260906-184004.webp\",\"contentUrl\":\"https:\\\/\\\/ubirataonline.com.br\\\/wp-content\\\/uploads\\\/2026\\\/09\\\/maaimg-post-171400-20260906-184004.webp\",\"width\":1536,\"height\":1024,\"caption\":\"Imagem ilustrativa Gerada por IA\"},{\"@type\":\"BreadcrumbList\",\"@id\":\"https:\\\/\\\/ubirataonline.com.br\\\/parana-sob-alerta-amarelo-do-inmet-queda-de-temperatura-e-minimas-previstas-entre-3c-e-5c\\\/#breadcrumb\",\"itemListElement\":[{\"@type\":\"ListItem\",\"position\":1,\"name\":\"In\u00edcio\",\"item\":\"https:\\\/\\\/ubirataonline.com.br\\\/\"},{\"@type\":\"ListItem\",\"position\":2,\"name\":\"Paran\u00e1 sob alerta amarelo do Inmet: queda de temperatura e m\u00ednimas previstas entre 3\u00b0C e 5\u00b0C\"}]},{\"@type\":\"WebSite\",\"@id\":\"https:\\\/\\\/ubirataonline.com.br\\\/#website\",\"url\":\"https:\\\/\\\/ubirataonline.com.br\\\/\",\"name\":\"Ubirat\u00e3 Online Not\u00edcias\",\"description\":\"Not\u00edcias de Ubirat\u00e3, regi\u00e3o, Brasil e mundo, com informa\u00e7\u00e3o atualizada e compromisso com o leitor.\",\"publisher\":{\"@id\":\"https:\\\/\\\/ubirataonline.com.br\\\/#organization\"},\"alternateName\":\"Ubirat\u00e3 Online\",\"potentialAction\":[{\"@type\":\"SearchAction\",\"target\":{\"@type\":\"EntryPoint\",\"urlTemplate\":\"https:\\\/\\\/ubirataonline.com.br\\\/?s={search_term_string}\"},\"query-input\":{\"@type\":\"PropertyValueSpecification\",\"valueRequired\":true,\"valueName\":\"search_term_string\"}}],\"inLanguage\":\"en-US\"},{\"@type\":[\"Organization\",\"Place\"],\"@id\":\"https:\\\/\\\/ubirataonline.com.br\\\/#organization\",\"name\":\"Ubirat\u00e3 Online Not\u00edcias\",\"alternateName\":\"Ubirat\u00e3 Online\",\"url\":\"https:\\\/\\\/ubirataonline.com.br\\\/\",\"logo\":{\"@id\":\"https:\\\/\\\/ubirataonline.com.br\\\/parana-sob-alerta-amarelo-do-inmet-queda-de-temperatura-e-minimas-previstas-entre-3c-e-5c\\\/#local-main-organization-logo\"},\"image\":{\"@id\":\"https:\\\/\\\/ubirataonline.com.br\\\/parana-sob-alerta-amarelo-do-inmet-queda-de-temperatura-e-minimas-previstas-entre-3c-e-5c\\\/#local-main-organization-logo\"},\"sameAs\":[\"https:\\\/\\\/www.facebook.com\\\/portalubirataonline\",\"https:\\\/\\\/x.com\\\/ubirataonline\",\"https:\\\/\\\/mastodon.social\\\/@ubirataonline\",\"https:\\\/\\\/www.facebook.com\\\/groups\\\/311144672285604\",\"https:\\\/\\\/www.facebook.com\\\/UBTAOnline\",\"https:\\\/\\\/www.instagram.com\\\/portalubirataonline\\\/\",\"https:\\\/\\\/twitter.com\\\/ubirataonline\"],\"description\":\"Somos um portal de not\u00edcias independente, criado em 5 de janeiro de 2009, com o objetivo de informar, conectar e valorizar a nossa comunidade de Ubirat\u00e3 e toda aregi\u00e3o. Com conte\u00fado atualizado, confi\u00e1vel e relevante, o Ubirat\u00e3 Online \u00e9 o seu espa\u00e7o para ficar por dentro dos principais acontecimentos locais, regionais, Brasil, Mundo e de interesse geral. Nosso compromisso \u00e9 com a verdade, a transpar\u00eancia e o respeito ao leitor.\",\"legalName\":\"UBIRATA ONLINE NOT\u00cdCIAS\",\"foundingDate\":\"2009-01-05\",\"numberOfEmployees\":{\"@type\":\"QuantitativeValue\",\"minValue\":\"1\",\"maxValue\":\"10\"},\"publishingPrinciples\":\"https:\\\/\\\/ubirataonline.com.br\\\/faq\\\/\",\"address\":{\"@id\":\"https:\\\/\\\/ubirataonline.com.br\\\/parana-sob-alerta-amarelo-do-inmet-queda-de-temperatura-e-minimas-previstas-entre-3c-e-5c\\\/#local-main-place-address\"},\"geo\":{\"@type\":\"GeoCoordinates\",\"latitude\":\"-24.5361401\",\"longitude\":\"-52.9921776\"},\"telephone\":[\"+5544998308235\"],\"contactPoint\":{\"@type\":\"ContactPoint\",\"email\":\"contato@ubirataonline.com.br\"},\"openingHoursSpecification\":{\"@type\":\"OpeningHoursSpecification\",\"dayOfWeek\":[\"Monday\",\"Tuesday\",\"Wednesday\",\"Thursday\",\"Friday\",\"Saturday\",\"Sunday\"],\"opens\":\"00:00\",\"closes\":\"23:59\"},\"email\":\"contato@ubirataonline.com.br\",\"vatID\":\"47.621.418\\\/0001-80\"},{\"@type\":\"Person\",\"@id\":\"https:\\\/\\\/ubirataonline.com.br\\\/#\\\/schema\\\/person\\\/372f87bbd3fdd79b8556b84c98d0bc1c\",\"name\":\"REDA\u00c7\u00c3O: UBIRAT\u00c3 ONLINE - F\u00c1BIO AUGUSTO CELESTINO\",\"pronouns\":\"Ele\",\"description\":\"Desde 2003 trabalhando com not\u00edcias.\",\"sameAs\":[\"http:\\\/\\\/ubirataoline.com.br\",\"https:\\\/\\\/www.facebook.com\\\/portalubirataonline\",\"https:\\\/\\\/www.instagram.com\\\/ubirataonline_oficial\",\"https:\\\/\\\/x.com\\\/x.com\\\/ubirataonline\"],\"honorificPrefix\":\"Mr.\",\"honorificSuffix\":\"MD\",\"birthDate\":\"1980-06-16\",\"gender\":\"masculino\",\"award\":[\"V\u00e1rios pr\u00eamios de melhor portal da cidade\"],\"jobTitle\":\"Diretor\",\"url\":\"https:\\\/\\\/ubirataonline.com.br\\\/en\\\/author\\\/ubirataonline\\\/\"},{\"@type\":\"PostalAddress\",\"@id\":\"https:\\\/\\\/ubirataonline.com.br\\\/parana-sob-alerta-amarelo-do-inmet-queda-de-temperatura-e-minimas-previstas-entre-3c-e-5c\\\/#local-main-place-address\",\"streetAddress\":\"Rua dos Coqueiros, 104 - Bairro Boa Vista, Rua dos Coqueiros, 104 Bairro Boa Vista\",\"addressLocality\":\"UBIRATA\",\"postalCode\":\"85440-000\",\"addressRegion\":\"PR\",\"addressCountry\":\"BR\"},{\"@type\":\"ImageObject\",\"inLanguage\":\"en-US\",\"@id\":\"https:\\\/\\\/ubirataonline.com.br\\\/parana-sob-alerta-amarelo-do-inmet-queda-de-temperatura-e-minimas-previstas-entre-3c-e-5c\\\/#local-main-organization-logo\",\"url\":\"https:\\\/\\\/ubirataonline.com.br\\\/wp-content\\\/uploads\\\/2026\\\/06\\\/logoubirataonline-1.webp\",\"contentUrl\":\"https:\\\/\\\/ubirataonline.com.br\\\/wp-content\\\/uploads\\\/2026\\\/06\\\/logoubirataonline-1.webp\",\"width\":500,\"height\":500,\"caption\":\"Ubirat\u00e3 Online Not\u00edcias\"}]}<\/script>\n<meta name=\"geo.placename\" content=\"UBIRATA\" \/>\n<meta name=\"geo.position\" content=\"-24.5361401;-52.9921776\" \/>\n<meta name=\"geo.region\" content=\"Brazil\" \/>\n<!-- \/ Yoast SEO Premium plugin. -->","yoast_head_json":{"title":"Paran\u00e1 sob alerta amarelo do Inmet: queda de temperatura e m\u00ednimas previstas entre 3\u00b0C e 5\u00b0C - Ubirat\u00e3 Online Not\u00edcias - A realidade ao seu alcance!","description":"Alerta vale de 6 ao meio-dia de 7 de setembro; Inmet estima queda de 3\u00b0C a 5\u00b0C. Simepar aponta m\u00ednimas de 1,9\u00b0C no Sul e tardes frias na RMC.O Instituto","robots":{"index":"index","follow":"follow","max-snippet":"max-snippet:-1","max-image-preview":"max-image-preview:large","max-video-preview":"max-video-preview:-1"},"canonical":"https:\/\/ubirataonline.com.br\/en\/parana-sob-alerta-amarelo-do-inmet-queda-de-temperatura-e-minimas-previstas-entre-3c-e-5c\/","og_locale":"en_US","og_type":"article","og_title":"Paran\u00e1 sob alerta amarelo do Inmet: queda de temperatura e m\u00ednimas previstas entre 3\u00b0C e 5\u00b0C","og_description":"Alerta vale de 6 ao meio-dia de 7 de setembro; Inmet estima queda de 3\u00b0C a 5\u00b0C. Simepar aponta m\u00ednimas de 1,9\u00b0C no Sul e tardes frias na RMC.O Instituto","og_url":"https:\/\/ubirataonline.com.br\/en\/parana-sob-alerta-amarelo-do-inmet-queda-de-temperatura-e-minimas-previstas-entre-3c-e-5c\/","og_site_name":"Ubirat\u00e3 Online Not\u00edcias - A realidade ao seu alcance!","article_publisher":"https:\/\/www.facebook.com\/portalubirataonline","article_author":"https:\/\/www.facebook.com\/portalubirataonline","article_published_time":"2026-09-06T18:39:46+00:00","og_image":[{"width":1531,"height":418,"url":"https:\/\/ubirataonline.com.br\/wp-content\/uploads\/2026\/05\/logo2026.webp","type":"image\/webp"}],"author":"REDA\u00c7\u00c3O: UBIRAT\u00c3 ONLINE - F\u00c1BIO AUGUSTO CELESTINO","twitter_card":"summary_large_image","twitter_creator":"@x.com\/ubirataonline","twitter_site":"@ubirataonline","twitter_misc":{"Written by":"REDA\u00c7\u00c3O: UBIRAT\u00c3 ONLINE - F\u00c1BIO AUGUSTO CELESTINO","Est. reading time":"2 minutes"},"schema":{"@context":"https:\/\/schema.org","@graph":[{"@type":"NewsArticle","@id":"https:\/\/ubirataonline.com.br\/parana-sob-alerta-amarelo-do-inmet-queda-de-temperatura-e-minimas-previstas-entre-3c-e-5c\/#article","isPartOf":{"@id":"https:\/\/ubirataonline.com.br\/parana-sob-alerta-amarelo-do-inmet-queda-de-temperatura-e-minimas-previstas-entre-3c-e-5c\/"},"author":{"name":"REDA\u00c7\u00c3O: UBIRAT\u00c3 ONLINE - F\u00c1BIO AUGUSTO CELESTINO","@id":"https:\/\/ubirataonline.com.br\/#\/schema\/person\/372f87bbd3fdd79b8556b84c98d0bc1c"},"headline":"Paran\u00e1 sob alerta amarelo do Inmet: queda de temperatura e m\u00ednimas previstas entre 3\u00b0C e 5\u00b0C","datePublished":"2026-09-06T18:39:46+00:00","mainEntityOfPage":{"@id":"https:\/\/ubirataonline.com.br\/parana-sob-alerta-amarelo-do-inmet-queda-de-temperatura-e-minimas-previstas-entre-3c-e-5c\/"},"wordCount":342,"publisher":{"@id":"https:\/\/ubirataonline.com.br\/#organization"},"image":{"@id":"https:\/\/ubirataonline.com.br\/parana-sob-alerta-amarelo-do-inmet-queda-de-temperatura-e-minimas-previstas-entre-3c-e-5c\/#primaryimage"},"thumbnailUrl":"https:\/\/ubirataonline.com.br\/wp-content\/uploads\/2026\/09\/maaimg-post-171400-20260906-184004.webp","articleSection":["Paran\u00e1"],"inLanguage":"en-US","copyrightYear":"2026","copyrightHolder":{"@id":"https:\/\/ubirataonline.com.br\/en\/#organization"}},{"@type":"WebPage","@id":"https:\/\/ubirataonline.com.br\/parana-sob-alerta-amarelo-do-inmet-queda-de-temperatura-e-minimas-previstas-entre-3c-e-5c\/","url":"https:\/\/ubirataonline.com.br\/parana-sob-alerta-amarelo-do-inmet-queda-de-temperatura-e-minimas-previstas-entre-3c-e-5c\/","name":"Paran\u00e1 sob alerta amarelo do Inmet: queda de temperatura e m\u00ednimas previstas entre 3\u00b0C e 5\u00b0C - Ubirat\u00e3 Online Not\u00edcias - A realidade ao seu alcance!","isPartOf":{"@id":"https:\/\/ubirataonline.com.br\/#website"},"primaryImageOfPage":{"@id":"https:\/\/ubirataonline.com.br\/parana-sob-alerta-amarelo-do-inmet-queda-de-temperatura-e-minimas-previstas-entre-3c-e-5c\/#primaryimage"},"image":{"@id":"https:\/\/ubirataonline.com.br\/parana-sob-alerta-amarelo-do-inmet-queda-de-temperatura-e-minimas-previstas-entre-3c-e-5c\/#primaryimage"},"thumbnailUrl":"https:\/\/ubirataonline.com.br\/wp-content\/uploads\/2026\/09\/maaimg-post-171400-20260906-184004.webp","datePublished":"2026-09-06T18:39:46+00:00","description":"Alerta vale de 6 ao meio-dia de 7 de setembro; Inmet estima queda de 3\u00b0C a 5\u00b0C. Simepar aponta m\u00ednimas de 1,9\u00b0C no Sul e tardes frias na RMC.O Instituto","breadcrumb":{"@id":"https:\/\/ubirataonline.com.br\/parana-sob-alerta-amarelo-do-inmet-queda-de-temperatura-e-minimas-previstas-entre-3c-e-5c\/#breadcrumb"},"inLanguage":"en-US","potentialAction":[{"@type":"ReadAction","target":["https:\/\/ubirataonline.com.br\/parana-sob-alerta-amarelo-do-inmet-queda-de-temperatura-e-minimas-previstas-entre-3c-e-5c\/"]}]},{"@type":"ImageObject","inLanguage":"en-US","@id":"https:\/\/ubirataonline.com.br\/parana-sob-alerta-amarelo-do-inmet-queda-de-temperatura-e-minimas-previstas-entre-3c-e-5c\/#primaryimage","url":"https:\/\/ubirataonline.com.br\/wp-content\/uploads\/2026\/09\/maaimg-post-171400-20260906-184004.webp","contentUrl":"https:\/\/ubirataonline.com.br\/wp-content\/uploads\/2026\/09\/maaimg-post-171400-20260906-184004.webp","width":1536,"height":1024,"caption":"Imagem ilustrativa Gerada por IA"},{"@type":"BreadcrumbList","@id":"https:\/\/ubirataonline.com.br\/parana-sob-alerta-amarelo-do-inmet-queda-de-temperatura-e-minimas-previstas-entre-3c-e-5c\/#breadcrumb","itemListElement":[{"@type":"ListItem","position":1,"name":"In\u00edcio","item":"https:\/\/ubirataonline.com.br\/"},{"@type":"ListItem","position":2,"name":"Paran\u00e1 sob alerta amarelo do Inmet: queda de temperatura e m\u00ednimas previstas entre 3\u00b0C e 5\u00b0C"}]},{"@type":"WebSite","@id":"https:\/\/ubirataonline.com.br\/#website","url":"https:\/\/ubirataonline.com.br\/","name":"Ubirat\u00e3 Online Not\u00edcias","description":"Not\u00edcias de Ubirat\u00e3, regi\u00e3o, Brasil e mundo, com informa\u00e7\u00e3o atualizada e compromisso com o leitor.","publisher":{"@id":"https:\/\/ubirataonline.com.br\/#organization"},"alternateName":"Ubirat\u00e3 Online","potentialAction":[{"@type":"SearchAction","target":{"@type":"EntryPoint","urlTemplate":"https:\/\/ubirataonline.com.br\/?s={search_term_string}"},"query-input":{"@type":"PropertyValueSpecification","valueRequired":true,"valueName":"search_term_string"}}],"inLanguage":"en-US"},{"@type":["Organization","Place"],"@id":"https:\/\/ubirataonline.com.br\/#organization","name":"Ubirat\u00e3 Online Not\u00edcias","alternateName":"Ubirat\u00e3 Online","url":"https:\/\/ubirataonline.com.br\/","logo":{"@id":"https:\/\/ubirataonline.com.br\/parana-sob-alerta-amarelo-do-inmet-queda-de-temperatura-e-minimas-previstas-entre-3c-e-5c\/#local-main-organization-logo"},"image":{"@id":"https:\/\/ubirataonline.com.br\/parana-sob-alerta-amarelo-do-inmet-queda-de-temperatura-e-minimas-previstas-entre-3c-e-5c\/#local-main-organization-logo"},"sameAs":["https:\/\/www.facebook.com\/portalubirataonline","https:\/\/x.com\/ubirataonline","https:\/\/mastodon.social\/@ubirataonline","https:\/\/www.facebook.com\/groups\/311144672285604","https:\/\/www.facebook.com\/UBTAOnline","https:\/\/www.instagram.com\/portalubirataonline\/","https:\/\/twitter.com\/ubirataonline"],"description":"Somos um portal de not\u00edcias independente, criado em 5 de janeiro de 2009, com o objetivo de informar, conectar e valorizar a nossa comunidade de Ubirat\u00e3 e toda aregi\u00e3o. Com conte\u00fado atualizado, confi\u00e1vel e relevante, o Ubirat\u00e3 Online \u00e9 o seu espa\u00e7o para ficar por dentro dos principais acontecimentos locais, regionais, Brasil, Mundo e de interesse geral. Nosso compromisso \u00e9 com a verdade, a transpar\u00eancia e o respeito ao leitor.","legalName":"UBIRATA ONLINE NOT\u00cdCIAS","foundingDate":"2009-01-05","numberOfEmployees":{"@type":"QuantitativeValue","minValue":"1","maxValue":"10"},"publishingPrinciples":"https:\/\/ubirataonline.com.br\/faq\/","address":{"@id":"https:\/\/ubirataonline.com.br\/parana-sob-alerta-amarelo-do-inmet-queda-de-temperatura-e-minimas-previstas-entre-3c-e-5c\/#local-main-place-address"},"geo":{"@type":"GeoCoordinates","latitude":"-24.5361401","longitude":"-52.9921776"},"telephone":["+5544998308235"],"contactPoint":{"@type":"ContactPoint","email":"contato@ubirataonline.com.br"},"openingHoursSpecification":{"@type":"OpeningHoursSpecification","dayOfWeek":["Monday","Tuesday","Wednesday","Thursday","Friday","Saturday","Sunday"],"opens":"00:00","closes":"23:59"},"email":"contato@ubirataonline.com.br","vatID":"47.621.418\/0001-80"},{"@type":"Person","@id":"https:\/\/ubirataonline.com.br\/#\/schema\/person\/372f87bbd3fdd79b8556b84c98d0bc1c","name":"REDA\u00c7\u00c3O: UBIRAT\u00c3 ONLINE - F\u00c1BIO AUGUSTO CELESTINO","pronouns":"Ele","description":"Desde 2003 trabalhando com not\u00edcias.","sameAs":["http:\/\/ubirataoline.com.br","https:\/\/www.facebook.com\/portalubirataonline","https:\/\/www.instagram.com\/ubirataonline_oficial","https:\/\/x.com\/x.com\/ubirataonline"],"honorificPrefix":"Mr.","honorificSuffix":"MD","birthDate":"1980-06-16","gender":"masculino","award":["V\u00e1rios pr\u00eamios de melhor portal da cidade"],"jobTitle":"Diretor","url":"https:\/\/ubirataonline.com.br\/en\/author\/ubirataonline\/"},{"@type":"PostalAddress","@id":"https:\/\/ubirataonline.com.br\/parana-sob-alerta-amarelo-do-inmet-queda-de-temperatura-e-minimas-previstas-entre-3c-e-5c\/#local-main-place-address","streetAddress":"Rua dos Coqueiros, 104 - Bairro Boa Vista, Rua dos Coqueiros, 104 Bairro Boa Vista","addressLocality":"UBIRATA","postalCode":"85440-000","addressRegion":"PR","addressCountry":"BR"},{"@type":"ImageObject","inLanguage":"en-US","@id":"https:\/\/ubirataonline.com.br\/parana-sob-alerta-amarelo-do-inmet-queda-de-temperatura-e-minimas-previstas-entre-3c-e-5c\/#local-main-organization-logo","url":"https:\/\/ubirataonline.com.br\/wp-content\/uploads\/2026\/06\/logoubirataonline-1.webp","contentUrl":"https:\/\/ubirataonline.com.br\/wp-content\/uploads\/2026\/06\/logoubirataonline-1.webp","width":500,"height":500,"caption":"Ubirat\u00e3 Online Not\u00edcias"}]},"geo.placename":"UBIRATA","geo.position":{"lat":"-24.5361401","long":"-52.9921776"},"geo.region":"Brazil"},"_links":{"self":[{"href":"https:\/\/ubirataonline.com.br\/en\/wp-json\/wp\/v2\/posts\/171400","targetHints":{"allow":["GET"]}}],"collection":[{"href":"https:\/\/ubirataonline.com.br\/en\/wp-json\/wp\/v2\/posts"}],"about":[{"href":"https:\/\/ubirataonline.com.br\/en\/wp-json\/wp\/v2\/types\/post"}],"author":[{"embeddable":true,"href":"https:\/\/ubirataonline.com.br\/en\/wp-json\/wp\/v2\/users\/1"}],"replies":[{"embeddable":true,"href":"https:\/\/ubirataonline.com.br\/en\/wp-json\/wp\/v2\/comments?post=171400"}],"version-history":[{"count":0,"href":"https:\/\/ubirataonline.com.br\/en\/wp-json\/wp\/v2\/posts\/171400\/revisions"}],"wp:featuredmedia":[{"embeddable":true,"href":"https:\/\/ubirataonline.com.br\/en\/wp-json\/wp\/v2\/media\/171401"}],"wp:attachment":[{"href":"https:\/\/ubirataonline.com.br\/en\/wp-json\/wp\/v2\/media?parent=171400"}],"wp:term":[{"taxonomy":"category","embeddable":true,"href":"https:\/\/ubirataonline.com.br\/en\/wp-json\/wp\/v2\/categories?post=171400"},{"taxonomy":"post_tag","embeddable":true,"href":"https:\/\/ubirataonline.com.br\/en\/wp-json\/wp\/v2\/tags?post=171400"}],"curies":[{"name":"wp","href":"https:\/\/api.w.org\/{rel}","templated":true}]}}