{"id":171404,"date":"2026-09-06T15:58:14","date_gmt":"2026-09-06T18:58:14","guid":{"rendered":"https:\/\/ubirataonline.com.br\/molhos-vulpi-e-dumts-sao-retirados-do-mercado-apos-presenca-de-gluten-nao-declarado-em-embalagens\/"},"modified":"2026-09-06T15:58:14","modified_gmt":"2026-09-06T18:58:14","slug":"molhos-vulpi-e-dumts-sao-retirados-do-mercado-apos-presenca-de-gluten-nao-declarado-em-embalagens","status":"publish","type":"post","link":"https:\/\/ubirataonline.com.br\/en\/molhos-vulpi-e-dumts-sao-retirados-do-mercado-apos-presenca-de-gluten-nao-declarado-em-embalagens\/","title":{"rendered":"Molhos Vulpi e Dumt\u2019s s\u00e3o retirados do mercado ap\u00f3s presen\u00e7a de gl\u00faten n\u00e3o declarado em embalagens"},"content":{"rendered":"<h2>Autoridades Sanit\u00e1ria da Espanha ordenaram o recolhimento imediato de molhos das marcas Vulpi e Dumt\u2019s devido \u00e0 presen\u00e7a de gl\u00faten n\u00e3o mencionado nos r\u00f3tulos, colocando em risco consumidores com restri\u00e7\u00f5es alimentares.<\/h2>\n<p>A Ag\u00eancia Espanhola de Seguran\u00e7a Alimentar e Nutri\u00e7\u00e3o, conhecida como Aesan, emitiu um alerta Sanit\u00e1ria ap\u00f3s identificar que diversos lotes de molhos continham o ingrediente, mesmo sendo comercializados como produtos aptos para cel\u00edacos. A medida visa proteger a sa\u00fade de pessoas com sensibilidade ao gl\u00faten ou doen\u00e7a cel\u00edaca, conforme informa\u00e7\u00e3o divulgada pelo portal Banda B.<\/p>\n<p>Os produtos afetados foram fabricados e vendidos majoritariamente na Espanha, com foco inicial de distribui\u00e7\u00e3o identificado nas regi\u00f5es de Madri e Andaluzia. Contudo, a ag\u00eancia n\u00e3o descarta a possibilidade de que lotes contaminados tenham circulado por outras \u00e1reas do territ\u00f3rio Espanhola.<\/p>\n<p>Para garantir a seguran\u00e7a dos consumidores, a Aesan detalhou quais itens devem ser evitados. O recolhimento abrange tr\u00eas produtos espec\u00edficos, que apresentam falhas na rotulagem sobre a composi\u00e7\u00e3o real dos ingredientes.<\/p>\n<h3>Itens inclu\u00eddos no alerta de recolhimento<\/h3>\n<p>Os produtos retirados do mercado incluem o <b>molho barbecue Vulpi<\/b>, comercializado em garrafas de 600g com validade at\u00e9 janeiro de 2027 e c\u00f3digo de barras 8437023947814. Tamb\u00e9m faz parte da lista o <b>molho chimichurri Vulpi<\/b>, em embalagens de 210g, com vencimento em setembro de 2026 e c\u00f3digo 8437023947906.<\/p>\n<p>Al\u00e9m da marca Vulpi, o <b>molho barbecue Dumt\u2019s<\/b>, com 225g por unidade e validade at\u00e9 mar\u00e7o de 2027, sob o c\u00f3digo 8437023947029, tamb\u00e9m foi inclu\u00eddo no comunicado oficial. A Federa\u00e7\u00e3o das Associa\u00e7\u00f5es de Cel\u00edacos da Espanha j\u00e1 notificou seus associados sobre o perigo.<\/p>\n<h3>Orienta\u00e7\u00f5es para quem adquiriu os produtos<\/h3>\n<p>A recomenda\u00e7\u00e3o principal \u00e9 que pessoas com doen\u00e7a cel\u00edaca ou intoler\u00e2ncia ao gl\u00faten interrompam o consumo imediatamente. Caso o produto j\u00e1 tenha sido ingerido e o consumidor apresente desconforto ou rea\u00e7\u00f5es incomuns, a orienta\u00e7\u00e3o t\u00e9cnica \u00e9 buscar avalia\u00e7\u00e3o m\u00e9dica o quanto antes.<\/p>\n<p>Para a popula\u00e7\u00e3o geral, a Aesan esclarece que n\u00e3o h\u00e1 riscos associados ao consumo desses itens. A ag\u00eancia aproveitou a situa\u00e7\u00e3o para refor\u00e7ar que, pela legisla\u00e7\u00e3o europeia, o termo sem gl\u00faten apenas pode ser utilizado em alimentos com at\u00e9 20 miligramas por quilo.<\/p>\n<h3>Diferen\u00e7as na fiscaliza\u00e7\u00e3o brasileira<\/h3>\n<p>No Brasil, a regula\u00e7\u00e3o sobre o tema segue a Lei 10.674\/2003, que torna obrigat\u00f3ria a informa\u00e7\u00e3o sobre a presen\u00e7a de gl\u00faten nos alimentos. A fiscaliza\u00e7\u00e3o \u00e9 exercida pela Anvisa em conjunto com Vigil\u00e2ncia locais, que inspecionam produtos j\u00e1 em circula\u00e7\u00e3o.<\/p>\n<p>Diferente do padr\u00e3o europeu, a lei brasileira n\u00e3o estabelece um limite quantitativo em miligramas por quilo para classificar um produto, focando na declara\u00e7\u00e3o expl\u00edcita da presen\u00e7a do ingrediente. A responsabilidade pela rotulagem correta \u00e9 das empresas fabricantes.<\/p>\n<h3>FAQ: Perguntas frequentes<\/h3>\n<p><b>Quais marcas foram afetadas pelo alerta de gl\u00faten?<\/b> As marcas Vulpi e Dumt\u2019s tiveram molhos retirados do mercado por conterem gl\u00faten n\u00e3o declarado no r\u00f3tulo.<\/p>\n<p><b>Os produtos oferecem risco para todas as pessoas?<\/b> N\u00e3o, o risco \u00e9 restrito a cel\u00edacos ou pessoas com sensibilidade ao gl\u00faten. Para o restante da popula\u00e7\u00e3o, n\u00e3o h\u00e1 perigo identificado.<\/p>\n<p><b>O que devo fazer se j\u00e1 consumi um dos molhos?<\/b> A recomenda\u00e7\u00e3o \u00e9 monitorar a sa\u00fade e procurar um m\u00e9dico caso sinta qualquer desconforto ou rea\u00e7\u00e3o at\u00edpica.<\/p>\n<p><b>Qual o limite de gl\u00faten permitido na Europa?<\/b> A legisla\u00e7\u00e3o europeia permite o uso do termo sem gl\u00faten apenas para produtos que contenham at\u00e9 20 miligramas de gl\u00faten por quilo.<\/p>\n<p><b>Como funciona a fiscaliza\u00e7\u00e3o no Brasil?<\/b> O Brasil exige a declara\u00e7\u00e3o de presen\u00e7a de gl\u00faten, mas a fiscaliza\u00e7\u00e3o ocorre via inspe\u00e7\u00f5es da Anvisa e \u00f3rg\u00e3os locais ap\u00f3s o produto j\u00e1 estar dispon\u00edvel para venda.<\/p>","protected":false},"excerpt":{"rendered":"<p>Autoridades Sanit\u00e1ria da Espanha ordenaram o recolhimento imediato de molhos das marcas Vulpi e Dumt\u2019s devido \u00e0 presen\u00e7a de gl\u00faten n\u00e3o mencionado nos r\u00f3tulos, colocando em risco consumidores com restri\u00e7\u00f5es alimentares. A Ag\u00eancia Espanhola de Seguran\u00e7a Alimentar e Nutri\u00e7\u00e3o, conhecida como Aesan, emitiu um alerta Sanit\u00e1ria ap\u00f3s identificar que diversos lotes de molhos continham o [&hellip;]<\/p>\n","protected":false},"author":1,"featured_media":171405,"comment_status":"","ping_status":"","sticky":false,"template":"","format":"standard","meta":{"googlesitekit_rrm_CAow2JLhCw:productID":"","_gspb_post_css":"","maa_idioma":"","maa_pais":"","footnotes":""},"categories":[4],"tags":[],"class_list":["post-171404","post","type-post","status-publish","format-standard","has-post-thumbnail","hentry","category-brasil"],"blocksy_meta":[],"yoast_head":"<!-- This site is optimized with the Yoast SEO Premium plugin v27.6 (Yoast SEO v27.6) - https:\/\/yoast.com\/product\/yoast-seo-premium-wordpress\/ -->\n<title>Molhos Vulpi e Dumt\u2019s s\u00e3o retirados do mercado ap\u00f3s presen\u00e7a de gl\u00faten n\u00e3o declarado em embalagens - Ubirat\u00e3 Online Not\u00edcias - A realidade ao seu alcance!<\/title>\n<meta name=\"description\" content=\"Autoridades Sanit\u00e1ria da Espanha ordenaram o recolhimento imediato de molhos das marcas Vulpi e Dumt\u2019s devido \u00e0 presen\u00e7a de gl\u00faten n\u00e3o mencionado nos\" \/>\n<meta name=\"robots\" content=\"index, follow, max-snippet:-1, max-image-preview:large, max-video-preview:-1\" \/>\n<link rel=\"canonical\" href=\"https:\/\/ubirataonline.com.br\/en\/molhos-vulpi-e-dumts-sao-retirados-do-mercado-apos-presenca-de-gluten-nao-declarado-em-embalagens\/\" \/>\n<meta property=\"og:locale\" content=\"en_US\" \/>\n<meta property=\"og:type\" content=\"article\" \/>\n<meta property=\"og:title\" content=\"Molhos Vulpi e Dumt\u2019s s\u00e3o retirados do mercado ap\u00f3s presen\u00e7a de gl\u00faten n\u00e3o declarado em embalagens\" \/>\n<meta property=\"og:description\" content=\"Autoridades Sanit\u00e1ria da Espanha ordenaram o recolhimento imediato de molhos das marcas Vulpi e Dumt\u2019s devido \u00e0 presen\u00e7a de gl\u00faten n\u00e3o mencionado nos\" \/>\n<meta property=\"og:url\" content=\"https:\/\/ubirataonline.com.br\/en\/molhos-vulpi-e-dumts-sao-retirados-do-mercado-apos-presenca-de-gluten-nao-declarado-em-embalagens\/\" \/>\n<meta property=\"og:site_name\" content=\"Ubirat\u00e3 Online Not\u00edcias - A realidade ao seu alcance!\" \/>\n<meta property=\"article:publisher\" content=\"https:\/\/www.facebook.com\/portalubirataonline\" \/>\n<meta property=\"article:author\" content=\"https:\/\/www.facebook.com\/portalubirataonline\" \/>\n<meta property=\"article:published_time\" content=\"2026-09-06T18:58:14+00:00\" \/>\n<meta property=\"og:image\" content=\"https:\/\/ubirataonline.com.br\/wp-content\/uploads\/2026\/05\/logo2026.webp\" \/>\n\t<meta property=\"og:image:width\" content=\"1531\" \/>\n\t<meta property=\"og:image:height\" content=\"418\" \/>\n\t<meta property=\"og:image:type\" content=\"image\/webp\" \/>\n<meta name=\"author\" content=\"REDA\u00c7\u00c3O: UBIRAT\u00c3 ONLINE - F\u00c1BIO AUGUSTO CELESTINO\" \/>\n<meta name=\"twitter:card\" content=\"summary_large_image\" \/>\n<meta name=\"twitter:creator\" content=\"@x.com\/ubirataonline\" \/>\n<meta name=\"twitter:site\" content=\"@ubirataonline\" \/>\n<meta name=\"twitter:label1\" content=\"Written by\" \/>\n\t<meta name=\"twitter:data1\" content=\"REDA\u00c7\u00c3O: UBIRAT\u00c3 ONLINE - F\u00c1BIO AUGUSTO CELESTINO\" \/>\n\t<meta name=\"twitter:label2\" content=\"Est. reading time\" \/>\n\t<meta name=\"twitter:data2\" content=\"3 minutes\" \/>\n<script type=\"application\/ld+json\" class=\"yoast-schema-graph\">{\"@context\":\"https:\\\/\\\/schema.org\",\"@graph\":[{\"@type\":\"NewsArticle\",\"@id\":\"https:\\\/\\\/ubirataonline.com.br\\\/molhos-vulpi-e-dumts-sao-retirados-do-mercado-apos-presenca-de-gluten-nao-declarado-em-embalagens\\\/#article\",\"isPartOf\":{\"@id\":\"https:\\\/\\\/ubirataonline.com.br\\\/molhos-vulpi-e-dumts-sao-retirados-do-mercado-apos-presenca-de-gluten-nao-declarado-em-embalagens\\\/\"},\"author\":{\"name\":\"REDA\u00c7\u00c3O: UBIRAT\u00c3 ONLINE - F\u00c1BIO AUGUSTO CELESTINO\",\"@id\":\"https:\\\/\\\/ubirataonline.com.br\\\/#\\\/schema\\\/person\\\/372f87bbd3fdd79b8556b84c98d0bc1c\"},\"headline\":\"Molhos Vulpi e Dumt\u2019s s\u00e3o retirados do mercado ap\u00f3s presen\u00e7a de gl\u00faten n\u00e3o declarado em embalagens\",\"datePublished\":\"2026-09-06T18:58:14+00:00\",\"mainEntityOfPage\":{\"@id\":\"https:\\\/\\\/ubirataonline.com.br\\\/molhos-vulpi-e-dumts-sao-retirados-do-mercado-apos-presenca-de-gluten-nao-declarado-em-embalagens\\\/\"},\"wordCount\":683,\"publisher\":{\"@id\":\"https:\\\/\\\/ubirataonline.com.br\\\/#organization\"},\"image\":{\"@id\":\"https:\\\/\\\/ubirataonline.com.br\\\/molhos-vulpi-e-dumts-sao-retirados-do-mercado-apos-presenca-de-gluten-nao-declarado-em-embalagens\\\/#primaryimage\"},\"thumbnailUrl\":\"https:\\\/\\\/ubirataonline.com.br\\\/wp-content\\\/uploads\\\/2026\\\/09\\\/maaimg-post-171404-20260906-185832.webp\",\"articleSection\":[\"Brasil\"],\"inLanguage\":\"en-US\",\"copyrightYear\":\"2026\",\"copyrightHolder\":{\"@id\":\"https:\\\/\\\/ubirataonline.com.br\\\/en\\\/#organization\"}},{\"@type\":\"WebPage\",\"@id\":\"https:\\\/\\\/ubirataonline.com.br\\\/molhos-vulpi-e-dumts-sao-retirados-do-mercado-apos-presenca-de-gluten-nao-declarado-em-embalagens\\\/\",\"url\":\"https:\\\/\\\/ubirataonline.com.br\\\/molhos-vulpi-e-dumts-sao-retirados-do-mercado-apos-presenca-de-gluten-nao-declarado-em-embalagens\\\/\",\"name\":\"Molhos Vulpi e Dumt\u2019s s\u00e3o retirados do mercado ap\u00f3s presen\u00e7a de gl\u00faten n\u00e3o declarado em embalagens - Ubirat\u00e3 Online Not\u00edcias - A realidade ao seu alcance!\",\"isPartOf\":{\"@id\":\"https:\\\/\\\/ubirataonline.com.br\\\/#website\"},\"primaryImageOfPage\":{\"@id\":\"https:\\\/\\\/ubirataonline.com.br\\\/molhos-vulpi-e-dumts-sao-retirados-do-mercado-apos-presenca-de-gluten-nao-declarado-em-embalagens\\\/#primaryimage\"},\"image\":{\"@id\":\"https:\\\/\\\/ubirataonline.com.br\\\/molhos-vulpi-e-dumts-sao-retirados-do-mercado-apos-presenca-de-gluten-nao-declarado-em-embalagens\\\/#primaryimage\"},\"thumbnailUrl\":\"https:\\\/\\\/ubirataonline.com.br\\\/wp-content\\\/uploads\\\/2026\\\/09\\\/maaimg-post-171404-20260906-185832.webp\",\"datePublished\":\"2026-09-06T18:58:14+00:00\",\"description\":\"Autoridades Sanit\u00e1ria da Espanha ordenaram o recolhimento imediato de molhos das marcas Vulpi e Dumt\u2019s devido \u00e0 presen\u00e7a de gl\u00faten n\u00e3o mencionado nos\",\"breadcrumb\":{\"@id\":\"https:\\\/\\\/ubirataonline.com.br\\\/molhos-vulpi-e-dumts-sao-retirados-do-mercado-apos-presenca-de-gluten-nao-declarado-em-embalagens\\\/#breadcrumb\"},\"inLanguage\":\"en-US\",\"potentialAction\":[{\"@type\":\"ReadAction\",\"target\":[\"https:\\\/\\\/ubirataonline.com.br\\\/molhos-vulpi-e-dumts-sao-retirados-do-mercado-apos-presenca-de-gluten-nao-declarado-em-embalagens\\\/\"]}]},{\"@type\":\"ImageObject\",\"inLanguage\":\"en-US\",\"@id\":\"https:\\\/\\\/ubirataonline.com.br\\\/molhos-vulpi-e-dumts-sao-retirados-do-mercado-apos-presenca-de-gluten-nao-declarado-em-embalagens\\\/#primaryimage\",\"url\":\"https:\\\/\\\/ubirataonline.com.br\\\/wp-content\\\/uploads\\\/2026\\\/09\\\/maaimg-post-171404-20260906-185832.webp\",\"contentUrl\":\"https:\\\/\\\/ubirataonline.com.br\\\/wp-content\\\/uploads\\\/2026\\\/09\\\/maaimg-post-171404-20260906-185832.webp\",\"width\":1536,\"height\":1024,\"caption\":\"Imagem ilustrativa Gerada por IA\"},{\"@type\":\"BreadcrumbList\",\"@id\":\"https:\\\/\\\/ubirataonline.com.br\\\/molhos-vulpi-e-dumts-sao-retirados-do-mercado-apos-presenca-de-gluten-nao-declarado-em-embalagens\\\/#breadcrumb\",\"itemListElement\":[{\"@type\":\"ListItem\",\"position\":1,\"name\":\"In\u00edcio\",\"item\":\"https:\\\/\\\/ubirataonline.com.br\\\/\"},{\"@type\":\"ListItem\",\"position\":2,\"name\":\"Molhos Vulpi e Dumt\u2019s s\u00e3o retirados do mercado ap\u00f3s presen\u00e7a de gl\u00faten n\u00e3o declarado em embalagens\"}]},{\"@type\":\"WebSite\",\"@id\":\"https:\\\/\\\/ubirataonline.com.br\\\/#website\",\"url\":\"https:\\\/\\\/ubirataonline.com.br\\\/\",\"name\":\"Ubirat\u00e3 Online Not\u00edcias\",\"description\":\"Not\u00edcias de Ubirat\u00e3, regi\u00e3o, Brasil e mundo, com informa\u00e7\u00e3o atualizada e compromisso com o leitor.\",\"publisher\":{\"@id\":\"https:\\\/\\\/ubirataonline.com.br\\\/#organization\"},\"alternateName\":\"Ubirat\u00e3 Online\",\"potentialAction\":[{\"@type\":\"SearchAction\",\"target\":{\"@type\":\"EntryPoint\",\"urlTemplate\":\"https:\\\/\\\/ubirataonline.com.br\\\/?s={search_term_string}\"},\"query-input\":{\"@type\":\"PropertyValueSpecification\",\"valueRequired\":true,\"valueName\":\"search_term_string\"}}],\"inLanguage\":\"en-US\"},{\"@type\":[\"Organization\",\"Place\"],\"@id\":\"https:\\\/\\\/ubirataonline.com.br\\\/#organization\",\"name\":\"Ubirat\u00e3 Online Not\u00edcias\",\"alternateName\":\"Ubirat\u00e3 Online\",\"url\":\"https:\\\/\\\/ubirataonline.com.br\\\/\",\"logo\":{\"@id\":\"https:\\\/\\\/ubirataonline.com.br\\\/molhos-vulpi-e-dumts-sao-retirados-do-mercado-apos-presenca-de-gluten-nao-declarado-em-embalagens\\\/#local-main-organization-logo\"},\"image\":{\"@id\":\"https:\\\/\\\/ubirataonline.com.br\\\/molhos-vulpi-e-dumts-sao-retirados-do-mercado-apos-presenca-de-gluten-nao-declarado-em-embalagens\\\/#local-main-organization-logo\"},\"sameAs\":[\"https:\\\/\\\/www.facebook.com\\\/portalubirataonline\",\"https:\\\/\\\/x.com\\\/ubirataonline\",\"https:\\\/\\\/mastodon.social\\\/@ubirataonline\",\"https:\\\/\\\/www.facebook.com\\\/groups\\\/311144672285604\",\"https:\\\/\\\/www.facebook.com\\\/UBTAOnline\",\"https:\\\/\\\/www.instagram.com\\\/portalubirataonline\\\/\",\"https:\\\/\\\/twitter.com\\\/ubirataonline\"],\"description\":\"Somos um portal de not\u00edcias independente, criado em 5 de janeiro de 2009, com o objetivo de informar, conectar e valorizar a nossa comunidade de Ubirat\u00e3 e toda aregi\u00e3o. Com conte\u00fado atualizado, confi\u00e1vel e relevante, o Ubirat\u00e3 Online \u00e9 o seu espa\u00e7o para ficar por dentro dos principais acontecimentos locais, regionais, Brasil, Mundo e de interesse geral. Nosso compromisso \u00e9 com a verdade, a transpar\u00eancia e o respeito ao leitor.\",\"legalName\":\"UBIRATA ONLINE NOT\u00cdCIAS\",\"foundingDate\":\"2009-01-05\",\"numberOfEmployees\":{\"@type\":\"QuantitativeValue\",\"minValue\":\"1\",\"maxValue\":\"10\"},\"publishingPrinciples\":\"https:\\\/\\\/ubirataonline.com.br\\\/faq\\\/\",\"address\":{\"@id\":\"https:\\\/\\\/ubirataonline.com.br\\\/molhos-vulpi-e-dumts-sao-retirados-do-mercado-apos-presenca-de-gluten-nao-declarado-em-embalagens\\\/#local-main-place-address\"},\"geo\":{\"@type\":\"GeoCoordinates\",\"latitude\":\"-24.5361401\",\"longitude\":\"-52.9921776\"},\"telephone\":[\"+5544998308235\"],\"contactPoint\":{\"@type\":\"ContactPoint\",\"email\":\"contato@ubirataonline.com.br\"},\"openingHoursSpecification\":{\"@type\":\"OpeningHoursSpecification\",\"dayOfWeek\":[\"Monday\",\"Tuesday\",\"Wednesday\",\"Thursday\",\"Friday\",\"Saturday\",\"Sunday\"],\"opens\":\"00:00\",\"closes\":\"23:59\"},\"email\":\"contato@ubirataonline.com.br\",\"vatID\":\"47.621.418\\\/0001-80\"},{\"@type\":\"Person\",\"@id\":\"https:\\\/\\\/ubirataonline.com.br\\\/#\\\/schema\\\/person\\\/372f87bbd3fdd79b8556b84c98d0bc1c\",\"name\":\"REDA\u00c7\u00c3O: UBIRAT\u00c3 ONLINE - F\u00c1BIO AUGUSTO CELESTINO\",\"pronouns\":\"Ele\",\"description\":\"Desde 2003 trabalhando com not\u00edcias.\",\"sameAs\":[\"http:\\\/\\\/ubirataoline.com.br\",\"https:\\\/\\\/www.facebook.com\\\/portalubirataonline\",\"https:\\\/\\\/www.instagram.com\\\/ubirataonline_oficial\",\"https:\\\/\\\/x.com\\\/x.com\\\/ubirataonline\"],\"honorificPrefix\":\"Mr.\",\"honorificSuffix\":\"MD\",\"birthDate\":\"1980-06-16\",\"gender\":\"masculino\",\"award\":[\"V\u00e1rios pr\u00eamios de melhor portal da cidade\"],\"jobTitle\":\"Diretor\",\"url\":\"https:\\\/\\\/ubirataonline.com.br\\\/en\\\/author\\\/ubirataonline\\\/\"},{\"@type\":\"PostalAddress\",\"@id\":\"https:\\\/\\\/ubirataonline.com.br\\\/molhos-vulpi-e-dumts-sao-retirados-do-mercado-apos-presenca-de-gluten-nao-declarado-em-embalagens\\\/#local-main-place-address\",\"streetAddress\":\"Rua dos Coqueiros, 104 - Bairro Boa Vista, Rua dos Coqueiros, 104 Bairro Boa Vista\",\"addressLocality\":\"UBIRATA\",\"postalCode\":\"85440-000\",\"addressRegion\":\"PR\",\"addressCountry\":\"BR\"},{\"@type\":\"ImageObject\",\"inLanguage\":\"en-US\",\"@id\":\"https:\\\/\\\/ubirataonline.com.br\\\/molhos-vulpi-e-dumts-sao-retirados-do-mercado-apos-presenca-de-gluten-nao-declarado-em-embalagens\\\/#local-main-organization-logo\",\"url\":\"https:\\\/\\\/ubirataonline.com.br\\\/wp-content\\\/uploads\\\/2026\\\/06\\\/logoubirataonline-1.webp\",\"contentUrl\":\"https:\\\/\\\/ubirataonline.com.br\\\/wp-content\\\/uploads\\\/2026\\\/06\\\/logoubirataonline-1.webp\",\"width\":500,\"height\":500,\"caption\":\"Ubirat\u00e3 Online Not\u00edcias\"}]}<\/script>\n<meta name=\"geo.placename\" content=\"UBIRATA\" \/>\n<meta name=\"geo.position\" content=\"-24.5361401;-52.9921776\" \/>\n<meta name=\"geo.region\" content=\"Brazil\" \/>\n<!-- \/ Yoast SEO Premium plugin. -->","yoast_head_json":{"title":"Molhos Vulpi e Dumt\u2019s s\u00e3o retirados do mercado ap\u00f3s presen\u00e7a de gl\u00faten n\u00e3o declarado em embalagens - Ubirat\u00e3 Online Not\u00edcias - A realidade ao seu alcance!","description":"Autoridades Sanit\u00e1ria da Espanha ordenaram o recolhimento imediato de molhos das marcas Vulpi e Dumt\u2019s devido \u00e0 presen\u00e7a de gl\u00faten n\u00e3o mencionado nos","robots":{"index":"index","follow":"follow","max-snippet":"max-snippet:-1","max-image-preview":"max-image-preview:large","max-video-preview":"max-video-preview:-1"},"canonical":"https:\/\/ubirataonline.com.br\/en\/molhos-vulpi-e-dumts-sao-retirados-do-mercado-apos-presenca-de-gluten-nao-declarado-em-embalagens\/","og_locale":"en_US","og_type":"article","og_title":"Molhos Vulpi e Dumt\u2019s s\u00e3o retirados do mercado ap\u00f3s presen\u00e7a de gl\u00faten n\u00e3o declarado em embalagens","og_description":"Autoridades Sanit\u00e1ria da Espanha ordenaram o recolhimento imediato de molhos das marcas Vulpi e Dumt\u2019s devido \u00e0 presen\u00e7a de gl\u00faten n\u00e3o mencionado nos","og_url":"https:\/\/ubirataonline.com.br\/en\/molhos-vulpi-e-dumts-sao-retirados-do-mercado-apos-presenca-de-gluten-nao-declarado-em-embalagens\/","og_site_name":"Ubirat\u00e3 Online Not\u00edcias - A realidade ao seu alcance!","article_publisher":"https:\/\/www.facebook.com\/portalubirataonline","article_author":"https:\/\/www.facebook.com\/portalubirataonline","article_published_time":"2026-09-06T18:58:14+00:00","og_image":[{"width":1531,"height":418,"url":"https:\/\/ubirataonline.com.br\/wp-content\/uploads\/2026\/05\/logo2026.webp","type":"image\/webp"}],"author":"REDA\u00c7\u00c3O: UBIRAT\u00c3 ONLINE - F\u00c1BIO AUGUSTO CELESTINO","twitter_card":"summary_large_image","twitter_creator":"@x.com\/ubirataonline","twitter_site":"@ubirataonline","twitter_misc":{"Written by":"REDA\u00c7\u00c3O: UBIRAT\u00c3 ONLINE - F\u00c1BIO AUGUSTO CELESTINO","Est. reading time":"3 minutes"},"schema":{"@context":"https:\/\/schema.org","@graph":[{"@type":"NewsArticle","@id":"https:\/\/ubirataonline.com.br\/molhos-vulpi-e-dumts-sao-retirados-do-mercado-apos-presenca-de-gluten-nao-declarado-em-embalagens\/#article","isPartOf":{"@id":"https:\/\/ubirataonline.com.br\/molhos-vulpi-e-dumts-sao-retirados-do-mercado-apos-presenca-de-gluten-nao-declarado-em-embalagens\/"},"author":{"name":"REDA\u00c7\u00c3O: UBIRAT\u00c3 ONLINE - F\u00c1BIO AUGUSTO CELESTINO","@id":"https:\/\/ubirataonline.com.br\/#\/schema\/person\/372f87bbd3fdd79b8556b84c98d0bc1c"},"headline":"Molhos Vulpi e Dumt\u2019s s\u00e3o retirados do mercado ap\u00f3s presen\u00e7a de gl\u00faten n\u00e3o declarado em embalagens","datePublished":"2026-09-06T18:58:14+00:00","mainEntityOfPage":{"@id":"https:\/\/ubirataonline.com.br\/molhos-vulpi-e-dumts-sao-retirados-do-mercado-apos-presenca-de-gluten-nao-declarado-em-embalagens\/"},"wordCount":683,"publisher":{"@id":"https:\/\/ubirataonline.com.br\/#organization"},"image":{"@id":"https:\/\/ubirataonline.com.br\/molhos-vulpi-e-dumts-sao-retirados-do-mercado-apos-presenca-de-gluten-nao-declarado-em-embalagens\/#primaryimage"},"thumbnailUrl":"https:\/\/ubirataonline.com.br\/wp-content\/uploads\/2026\/09\/maaimg-post-171404-20260906-185832.webp","articleSection":["Brasil"],"inLanguage":"en-US","copyrightYear":"2026","copyrightHolder":{"@id":"https:\/\/ubirataonline.com.br\/en\/#organization"}},{"@type":"WebPage","@id":"https:\/\/ubirataonline.com.br\/molhos-vulpi-e-dumts-sao-retirados-do-mercado-apos-presenca-de-gluten-nao-declarado-em-embalagens\/","url":"https:\/\/ubirataonline.com.br\/molhos-vulpi-e-dumts-sao-retirados-do-mercado-apos-presenca-de-gluten-nao-declarado-em-embalagens\/","name":"Molhos Vulpi e Dumt\u2019s s\u00e3o retirados do mercado ap\u00f3s presen\u00e7a de gl\u00faten n\u00e3o declarado em embalagens - Ubirat\u00e3 Online Not\u00edcias - A realidade ao seu alcance!","isPartOf":{"@id":"https:\/\/ubirataonline.com.br\/#website"},"primaryImageOfPage":{"@id":"https:\/\/ubirataonline.com.br\/molhos-vulpi-e-dumts-sao-retirados-do-mercado-apos-presenca-de-gluten-nao-declarado-em-embalagens\/#primaryimage"},"image":{"@id":"https:\/\/ubirataonline.com.br\/molhos-vulpi-e-dumts-sao-retirados-do-mercado-apos-presenca-de-gluten-nao-declarado-em-embalagens\/#primaryimage"},"thumbnailUrl":"https:\/\/ubirataonline.com.br\/wp-content\/uploads\/2026\/09\/maaimg-post-171404-20260906-185832.webp","datePublished":"2026-09-06T18:58:14+00:00","description":"Autoridades Sanit\u00e1ria da Espanha ordenaram o recolhimento imediato de molhos das marcas Vulpi e Dumt\u2019s devido \u00e0 presen\u00e7a de gl\u00faten n\u00e3o mencionado nos","breadcrumb":{"@id":"https:\/\/ubirataonline.com.br\/molhos-vulpi-e-dumts-sao-retirados-do-mercado-apos-presenca-de-gluten-nao-declarado-em-embalagens\/#breadcrumb"},"inLanguage":"en-US","potentialAction":[{"@type":"ReadAction","target":["https:\/\/ubirataonline.com.br\/molhos-vulpi-e-dumts-sao-retirados-do-mercado-apos-presenca-de-gluten-nao-declarado-em-embalagens\/"]}]},{"@type":"ImageObject","inLanguage":"en-US","@id":"https:\/\/ubirataonline.com.br\/molhos-vulpi-e-dumts-sao-retirados-do-mercado-apos-presenca-de-gluten-nao-declarado-em-embalagens\/#primaryimage","url":"https:\/\/ubirataonline.com.br\/wp-content\/uploads\/2026\/09\/maaimg-post-171404-20260906-185832.webp","contentUrl":"https:\/\/ubirataonline.com.br\/wp-content\/uploads\/2026\/09\/maaimg-post-171404-20260906-185832.webp","width":1536,"height":1024,"caption":"Imagem ilustrativa Gerada por IA"},{"@type":"BreadcrumbList","@id":"https:\/\/ubirataonline.com.br\/molhos-vulpi-e-dumts-sao-retirados-do-mercado-apos-presenca-de-gluten-nao-declarado-em-embalagens\/#breadcrumb","itemListElement":[{"@type":"ListItem","position":1,"name":"In\u00edcio","item":"https:\/\/ubirataonline.com.br\/"},{"@type":"ListItem","position":2,"name":"Molhos Vulpi e Dumt\u2019s s\u00e3o retirados do mercado ap\u00f3s presen\u00e7a de gl\u00faten n\u00e3o declarado em embalagens"}]},{"@type":"WebSite","@id":"https:\/\/ubirataonline.com.br\/#website","url":"https:\/\/ubirataonline.com.br\/","name":"Ubirat\u00e3 Online Not\u00edcias","description":"Not\u00edcias de Ubirat\u00e3, regi\u00e3o, Brasil e mundo, com informa\u00e7\u00e3o atualizada e compromisso com o leitor.","publisher":{"@id":"https:\/\/ubirataonline.com.br\/#organization"},"alternateName":"Ubirat\u00e3 Online","potentialAction":[{"@type":"SearchAction","target":{"@type":"EntryPoint","urlTemplate":"https:\/\/ubirataonline.com.br\/?s={search_term_string}"},"query-input":{"@type":"PropertyValueSpecification","valueRequired":true,"valueName":"search_term_string"}}],"inLanguage":"en-US"},{"@type":["Organization","Place"],"@id":"https:\/\/ubirataonline.com.br\/#organization","name":"Ubirat\u00e3 Online Not\u00edcias","alternateName":"Ubirat\u00e3 Online","url":"https:\/\/ubirataonline.com.br\/","logo":{"@id":"https:\/\/ubirataonline.com.br\/molhos-vulpi-e-dumts-sao-retirados-do-mercado-apos-presenca-de-gluten-nao-declarado-em-embalagens\/#local-main-organization-logo"},"image":{"@id":"https:\/\/ubirataonline.com.br\/molhos-vulpi-e-dumts-sao-retirados-do-mercado-apos-presenca-de-gluten-nao-declarado-em-embalagens\/#local-main-organization-logo"},"sameAs":["https:\/\/www.facebook.com\/portalubirataonline","https:\/\/x.com\/ubirataonline","https:\/\/mastodon.social\/@ubirataonline","https:\/\/www.facebook.com\/groups\/311144672285604","https:\/\/www.facebook.com\/UBTAOnline","https:\/\/www.instagram.com\/portalubirataonline\/","https:\/\/twitter.com\/ubirataonline"],"description":"Somos um portal de not\u00edcias independente, criado em 5 de janeiro de 2009, com o objetivo de informar, conectar e valorizar a nossa comunidade de Ubirat\u00e3 e toda aregi\u00e3o. Com conte\u00fado atualizado, confi\u00e1vel e relevante, o Ubirat\u00e3 Online \u00e9 o seu espa\u00e7o para ficar por dentro dos principais acontecimentos locais, regionais, Brasil, Mundo e de interesse geral. Nosso compromisso \u00e9 com a verdade, a transpar\u00eancia e o respeito ao leitor.","legalName":"UBIRATA ONLINE NOT\u00cdCIAS","foundingDate":"2009-01-05","numberOfEmployees":{"@type":"QuantitativeValue","minValue":"1","maxValue":"10"},"publishingPrinciples":"https:\/\/ubirataonline.com.br\/faq\/","address":{"@id":"https:\/\/ubirataonline.com.br\/molhos-vulpi-e-dumts-sao-retirados-do-mercado-apos-presenca-de-gluten-nao-declarado-em-embalagens\/#local-main-place-address"},"geo":{"@type":"GeoCoordinates","latitude":"-24.5361401","longitude":"-52.9921776"},"telephone":["+5544998308235"],"contactPoint":{"@type":"ContactPoint","email":"contato@ubirataonline.com.br"},"openingHoursSpecification":{"@type":"OpeningHoursSpecification","dayOfWeek":["Monday","Tuesday","Wednesday","Thursday","Friday","Saturday","Sunday"],"opens":"00:00","closes":"23:59"},"email":"contato@ubirataonline.com.br","vatID":"47.621.418\/0001-80"},{"@type":"Person","@id":"https:\/\/ubirataonline.com.br\/#\/schema\/person\/372f87bbd3fdd79b8556b84c98d0bc1c","name":"REDA\u00c7\u00c3O: UBIRAT\u00c3 ONLINE - F\u00c1BIO AUGUSTO CELESTINO","pronouns":"Ele","description":"Desde 2003 trabalhando com not\u00edcias.","sameAs":["http:\/\/ubirataoline.com.br","https:\/\/www.facebook.com\/portalubirataonline","https:\/\/www.instagram.com\/ubirataonline_oficial","https:\/\/x.com\/x.com\/ubirataonline"],"honorificPrefix":"Mr.","honorificSuffix":"MD","birthDate":"1980-06-16","gender":"masculino","award":["V\u00e1rios pr\u00eamios de melhor portal da cidade"],"jobTitle":"Diretor","url":"https:\/\/ubirataonline.com.br\/en\/author\/ubirataonline\/"},{"@type":"PostalAddress","@id":"https:\/\/ubirataonline.com.br\/molhos-vulpi-e-dumts-sao-retirados-do-mercado-apos-presenca-de-gluten-nao-declarado-em-embalagens\/#local-main-place-address","streetAddress":"Rua dos Coqueiros, 104 - Bairro Boa Vista, Rua dos Coqueiros, 104 Bairro Boa Vista","addressLocality":"UBIRATA","postalCode":"85440-000","addressRegion":"PR","addressCountry":"BR"},{"@type":"ImageObject","inLanguage":"en-US","@id":"https:\/\/ubirataonline.com.br\/molhos-vulpi-e-dumts-sao-retirados-do-mercado-apos-presenca-de-gluten-nao-declarado-em-embalagens\/#local-main-organization-logo","url":"https:\/\/ubirataonline.com.br\/wp-content\/uploads\/2026\/06\/logoubirataonline-1.webp","contentUrl":"https:\/\/ubirataonline.com.br\/wp-content\/uploads\/2026\/06\/logoubirataonline-1.webp","width":500,"height":500,"caption":"Ubirat\u00e3 Online Not\u00edcias"}]},"geo.placename":"UBIRATA","geo.position":{"lat":"-24.5361401","long":"-52.9921776"},"geo.region":"Brazil"},"_links":{"self":[{"href":"https:\/\/ubirataonline.com.br\/en\/wp-json\/wp\/v2\/posts\/171404","targetHints":{"allow":["GET"]}}],"collection":[{"href":"https:\/\/ubirataonline.com.br\/en\/wp-json\/wp\/v2\/posts"}],"about":[{"href":"https:\/\/ubirataonline.com.br\/en\/wp-json\/wp\/v2\/types\/post"}],"author":[{"embeddable":true,"href":"https:\/\/ubirataonline.com.br\/en\/wp-json\/wp\/v2\/users\/1"}],"replies":[{"embeddable":true,"href":"https:\/\/ubirataonline.com.br\/en\/wp-json\/wp\/v2\/comments?post=171404"}],"version-history":[{"count":0,"href":"https:\/\/ubirataonline.com.br\/en\/wp-json\/wp\/v2\/posts\/171404\/revisions"}],"wp:featuredmedia":[{"embeddable":true,"href":"https:\/\/ubirataonline.com.br\/en\/wp-json\/wp\/v2\/media\/171405"}],"wp:attachment":[{"href":"https:\/\/ubirataonline.com.br\/en\/wp-json\/wp\/v2\/media?parent=171404"}],"wp:term":[{"taxonomy":"category","embeddable":true,"href":"https:\/\/ubirataonline.com.br\/en\/wp-json\/wp\/v2\/categories?post=171404"},{"taxonomy":"post_tag","embeddable":true,"href":"https:\/\/ubirataonline.com.br\/en\/wp-json\/wp\/v2\/tags?post=171404"}],"curies":[{"name":"wp","href":"https:\/\/api.w.org\/{rel}","templated":true}]}}